{"id":10309,"date":"2011-02-09T08:21:12","date_gmt":"2011-02-09T07:21:12","guid":{"rendered":"http:\/\/www.mondgras.de\/sari02\/?p=10309"},"modified":"2011-02-08T09:21:52","modified_gmt":"2011-02-08T08:21:52","slug":"ich-gestehe-ich-bin-ein-obstsuchti","status":"publish","type":"post","link":"https:\/\/www.heldenhaushalt.de\/sari02\/index.php\/2011\/02\/09\/ich-gestehe-ich-bin-ein-obstsuchti\/","title":{"rendered":"Ich gestehe: Ich bin ein Obstsuchti!"},"content":{"rendered":"<p><img loading=\"lazy\" decoding=\"async\" class=\"alignnone size-full wp-image-10310\" title=\"obstsuchti\" src=\"http:\/\/www.heldenhaushalt.de\/sari02\/wp-content\/uploads\/2011\/02\/obstsuchti.jpg\" alt=\"\" width=\"505\" height=\"312\" srcset=\"https:\/\/www.heldenhaushalt.de\/sari02\/wp-content\/uploads\/2011\/02\/obstsuchti.jpg 505w, https:\/\/www.heldenhaushalt.de\/sari02\/wp-content\/uploads\/2011\/02\/obstsuchti-300x185.jpg 300w\" sizes=\"auto, (max-width: 505px) 100vw, 505px\" \/><\/p>\n<p>Aktuell&#8230;nein, eigentlich seit Anfang letzten Jahres, wo ich so erfolgreich abnahm, wurde Obst f&#252;r mich zu einem Highlight des Tages. Irgendetwas musste ich jeden Tag in der Form zu mir nehmen. Und sei es nur ein Apfel. Am Liebsten aber die wildesten Kombinationen als Obstsalat. Da habe ich mich letzten Sommer richtig sch&#246;n ausgetobt. Man kann Obst so herrlich miteinander kombinieren. Apfel und Orange, seeeeeehr lecker ^^ ! Oder Banane und Kiwi, Erdbeer und Kirsche&#8230;ich finde sowieso, dass Kiwi irgendwie immer passt, weil es nochmal durch das Saure dem Obstalat das gewisse Etwas gibt. Als das mit der Schwangerschaft losging, da habe ich massenweise &#196;pfel gegessen, weil mir der frische Saft immer kurzzeitig &#252;ber die &#220;belkeit hinweg geholfen hat, bis ich sie auf einmal nicht mehr in mir behalten habe. Dann mied ich Obst eine ganze Weile, aber seit ein paar Monaten, seit Beginn der Mandarinen- Zeit um genau zu sein, hat das Obst mich zur&#252;ck *loving* . Jeden Tag! Ich mag ehrlich nicht mehr ohne. Aktuell findet Ihr jeden Tag auf meinem Teller mindestens zwei Orangen <em>*yamyam*<\/em> und ich freu mich schon wieder total auf die Erbeer- und Kirschzeit!<\/p>\n<p>Manchmal bef&#252;rchte ich ja, dass Minimum als Orange auf die Welt kommen wird oder so. <strong>Ja, ich gestehe:<\/strong> Ich bin ein Obstsuchti! Aber es gibt Schlimmeres, oder? ^^<\/p>\n","protected":false},"excerpt":{"rendered":"<p>Aktuell&#8230;nein, eigentlich seit Anfang letzten Jahres, wo ich so erfolgreich abnahm, wurde Obst f&#252;r mich zu einem Highlight des Tages. Irgendetwas musste ich jeden Tag in der Form zu mir nehmen. Und sei es nur ein Apfel. Am Liebsten aber die wildesten Kombinationen als Obstsalat. Da habe ich mich letzten Sommer richtig sch&#246;n ausgetobt. Man kann Obst so herrlich miteinander kombinieren. Apfel und Orange, seeeeeehr lecker ^^ ! Oder Banane und Kiwi, Erdbeer und Kirsche&#8230;ich finde sowieso, dass Kiwi irgendwie immer passt, weil es nochmal durch das Saure dem Obstalat das gewisse Etwas gibt. Als das mit der Schwangerschaft losging, da habe ich massenweise &#196;pfel gegessen, weil mir der frische Saft immer kurzzeitig &#252;ber die &#220;belkeit hinweg geholfen hat, bis ich sie auf einmal nicht mehr in mir behalten habe. Dann mied ich Obst eine ganze Weile, aber seit ein paar Monaten, seit Beginn der Mandarinen- Zeit um genau zu sein, hat das Obst mich zur&#252;ck *loving* . Jeden Tag! Ich mag ehrlich nicht mehr ohne. Aktuell findet Ihr jeden Tag auf meinem Teller mindestens zwei Orangen *yamyam* und ich freu mich schon wieder total auf die Erbeer- und Kirschzeit! Manchmal bef&#252;rchte ich ja, dass Minimum als Orange auf die Welt kommen wird oder so. Ja, ich gestehe: Ich bin ein Obstsuchti! Aber es gibt Schlimmeres, oder? ^^<\/p>\n","protected":false},"author":1,"featured_media":0,"comment_status":"open","ping_status":"open","sticky":false,"template":"","format":"standard","meta":{"ngg_post_thumbnail":0,"footnotes":""},"categories":[323],"tags":[45,247,245,246],"class_list":["post-10309","post","type-post","status-publish","format-standard","hentry","category-alltag","tag-alltag","tag-essen","tag-lecker","tag-obst"],"yoast_head":"<!-- This site is optimized with the Yoast SEO plugin v27.5 - https:\/\/yoast.com\/product\/yoast-seo-wordpress\/ -->\n<title>Ich gestehe: Ich bin ein Obstsuchti! - Heldenhaushalt<\/title>\n<meta name=\"description\" content=\"Auch Helden erleben den t\u00e4glichen Wahnsinn, den ein Alltag mit sich bringt und Frau Mondgras sitzt mittendrin. Berlinerin, Mutter, Ehefrau, Kreativling und auf der st\u00e4ndigen Suche nach Gl\u00fcck... Hier wird gen\u00e4ht, gebacken, gebastelt und auch mal \u00fcber den Alltag gemault.\" \/>\n<meta name=\"robots\" content=\"index, follow, max-snippet:-1, max-image-preview:large, max-video-preview:-1\" \/>\n<link rel=\"canonical\" href=\"https:\/\/www.heldenhaushalt.de\/sari02\/index.php\/2011\/02\/09\/ich-gestehe-ich-bin-ein-obstsuchti\/\" \/>\n<meta property=\"og:locale\" content=\"de_DE\" \/>\n<meta property=\"og:type\" content=\"article\" \/>\n<meta property=\"og:title\" content=\"Ich gestehe: Ich bin ein Obstsuchti! - Heldenhaushalt\" \/>\n<meta property=\"og:description\" content=\"Auch Helden erleben den t\u00e4glichen Wahnsinn, den ein Alltag mit sich bringt und Frau Mondgras sitzt mittendrin. Berlinerin, Mutter, Ehefrau, Kreativling und auf der st\u00e4ndigen Suche nach Gl\u00fcck... Hier wird gen\u00e4ht, gebacken, gebastelt und auch mal \u00fcber den Alltag gemault.\" \/>\n<meta property=\"og:url\" content=\"https:\/\/www.heldenhaushalt.de\/sari02\/index.php\/2011\/02\/09\/ich-gestehe-ich-bin-ein-obstsuchti\/\" \/>\n<meta property=\"og:site_name\" content=\"Heldenhaushalt\" \/>\n<meta property=\"article:published_time\" content=\"2011-02-09T07:21:12+00:00\" \/>\n<meta property=\"og:image\" content=\"http:\/\/www.heldenhaushalt.de\/sari02\/wp-content\/uploads\/2011\/02\/obstsuchti.jpg\" \/>\n<meta name=\"author\" content=\"Sari\" \/>\n<meta name=\"twitter:card\" content=\"summary_large_image\" \/>\n<meta name=\"twitter:creator\" content=\"@Heldenhaushalt\" \/>\n<meta name=\"twitter:site\" content=\"@Heldenhaushalt\" \/>\n<meta name=\"twitter:label1\" content=\"Verfasst von\" \/>\n\t<meta name=\"twitter:data1\" content=\"Sari\" \/>\n\t<meta name=\"twitter:label2\" content=\"Gesch\u00e4tzte Lesezeit\" \/>\n\t<meta name=\"twitter:data2\" content=\"1\u00a0Minute\" \/>\n<script type=\"application\/ld+json\" class=\"yoast-schema-graph\">{\"@context\":\"https:\\\/\\\/schema.org\",\"@graph\":[{\"@type\":\"Article\",\"@id\":\"https:\\\/\\\/www.heldenhaushalt.de\\\/sari02\\\/index.php\\\/2011\\\/02\\\/09\\\/ich-gestehe-ich-bin-ein-obstsuchti\\\/#article\",\"isPartOf\":{\"@id\":\"https:\\\/\\\/www.heldenhaushalt.de\\\/sari02\\\/index.php\\\/2011\\\/02\\\/09\\\/ich-gestehe-ich-bin-ein-obstsuchti\\\/\"},\"author\":{\"name\":\"Sari\",\"@id\":\"https:\\\/\\\/www.heldenhaushalt.de\\\/sari02\\\/#\\\/schema\\\/person\\\/a1cc69f42a01f412eb62c151353814f6\"},\"headline\":\"Ich gestehe: Ich bin ein Obstsuchti!\",\"datePublished\":\"2011-02-09T07:21:12+00:00\",\"mainEntityOfPage\":{\"@id\":\"https:\\\/\\\/www.heldenhaushalt.de\\\/sari02\\\/index.php\\\/2011\\\/02\\\/09\\\/ich-gestehe-ich-bin-ein-obstsuchti\\\/\"},\"wordCount\":226,\"commentCount\":16,\"publisher\":{\"@id\":\"https:\\\/\\\/www.heldenhaushalt.de\\\/sari02\\\/#\\\/schema\\\/person\\\/a1cc69f42a01f412eb62c151353814f6\"},\"image\":{\"@id\":\"https:\\\/\\\/www.heldenhaushalt.de\\\/sari02\\\/index.php\\\/2011\\\/02\\\/09\\\/ich-gestehe-ich-bin-ein-obstsuchti\\\/#primaryimage\"},\"thumbnailUrl\":\"http:\\\/\\\/www.heldenhaushalt.de\\\/sari02\\\/wp-content\\\/uploads\\\/2011\\\/02\\\/obstsuchti.jpg\",\"keywords\":[\"Allt\u00e4glich\",\"Essen\",\"Lecker\",\"Obst\"],\"articleSection\":[\"Alltagschaos\"],\"inLanguage\":\"de\",\"potentialAction\":[{\"@type\":\"CommentAction\",\"name\":\"Comment\",\"target\":[\"https:\\\/\\\/www.heldenhaushalt.de\\\/sari02\\\/index.php\\\/2011\\\/02\\\/09\\\/ich-gestehe-ich-bin-ein-obstsuchti\\\/#respond\"]}]},{\"@type\":\"WebPage\",\"@id\":\"https:\\\/\\\/www.heldenhaushalt.de\\\/sari02\\\/index.php\\\/2011\\\/02\\\/09\\\/ich-gestehe-ich-bin-ein-obstsuchti\\\/\",\"url\":\"https:\\\/\\\/www.heldenhaushalt.de\\\/sari02\\\/index.php\\\/2011\\\/02\\\/09\\\/ich-gestehe-ich-bin-ein-obstsuchti\\\/\",\"name\":\"Ich gestehe: Ich bin ein Obstsuchti! - Heldenhaushalt\",\"isPartOf\":{\"@id\":\"https:\\\/\\\/www.heldenhaushalt.de\\\/sari02\\\/#website\"},\"primaryImageOfPage\":{\"@id\":\"https:\\\/\\\/www.heldenhaushalt.de\\\/sari02\\\/index.php\\\/2011\\\/02\\\/09\\\/ich-gestehe-ich-bin-ein-obstsuchti\\\/#primaryimage\"},\"image\":{\"@id\":\"https:\\\/\\\/www.heldenhaushalt.de\\\/sari02\\\/index.php\\\/2011\\\/02\\\/09\\\/ich-gestehe-ich-bin-ein-obstsuchti\\\/#primaryimage\"},\"thumbnailUrl\":\"http:\\\/\\\/www.heldenhaushalt.de\\\/sari02\\\/wp-content\\\/uploads\\\/2011\\\/02\\\/obstsuchti.jpg\",\"datePublished\":\"2011-02-09T07:21:12+00:00\",\"description\":\"Auch Helden erleben den t\u00e4glichen Wahnsinn, den ein Alltag mit sich bringt und Frau Mondgras sitzt mittendrin. Berlinerin, Mutter, Ehefrau, Kreativling und auf der st\u00e4ndigen Suche nach Gl\u00fcck... Hier wird gen\u00e4ht, gebacken, gebastelt und auch mal \u00fcber den Alltag gemault.\",\"breadcrumb\":{\"@id\":\"https:\\\/\\\/www.heldenhaushalt.de\\\/sari02\\\/index.php\\\/2011\\\/02\\\/09\\\/ich-gestehe-ich-bin-ein-obstsuchti\\\/#breadcrumb\"},\"inLanguage\":\"de\",\"potentialAction\":[{\"@type\":\"ReadAction\",\"target\":[\"https:\\\/\\\/www.heldenhaushalt.de\\\/sari02\\\/index.php\\\/2011\\\/02\\\/09\\\/ich-gestehe-ich-bin-ein-obstsuchti\\\/\"]}]},{\"@type\":\"ImageObject\",\"inLanguage\":\"de\",\"@id\":\"https:\\\/\\\/www.heldenhaushalt.de\\\/sari02\\\/index.php\\\/2011\\\/02\\\/09\\\/ich-gestehe-ich-bin-ein-obstsuchti\\\/#primaryimage\",\"url\":\"https:\\\/\\\/www.heldenhaushalt.de\\\/sari02\\\/wp-content\\\/uploads\\\/2011\\\/02\\\/obstsuchti.jpg\",\"contentUrl\":\"https:\\\/\\\/www.heldenhaushalt.de\\\/sari02\\\/wp-content\\\/uploads\\\/2011\\\/02\\\/obstsuchti.jpg\",\"width\":505,\"height\":312},{\"@type\":\"BreadcrumbList\",\"@id\":\"https:\\\/\\\/www.heldenhaushalt.de\\\/sari02\\\/index.php\\\/2011\\\/02\\\/09\\\/ich-gestehe-ich-bin-ein-obstsuchti\\\/#breadcrumb\",\"itemListElement\":[{\"@type\":\"ListItem\",\"position\":1,\"name\":\"Startseite\",\"item\":\"https:\\\/\\\/www.heldenhaushalt.de\\\/sari02\\\/\"},{\"@type\":\"ListItem\",\"position\":2,\"name\":\"Ich gestehe: Ich bin ein Obstsuchti!\"}]},{\"@type\":\"WebSite\",\"@id\":\"https:\\\/\\\/www.heldenhaushalt.de\\\/sari02\\\/#website\",\"url\":\"https:\\\/\\\/www.heldenhaushalt.de\\\/sari02\\\/\",\"name\":\"Heldenhaushalt\",\"description\":\"Wer es ordentlich haben will, der muss vorher anrufen\",\"publisher\":{\"@id\":\"https:\\\/\\\/www.heldenhaushalt.de\\\/sari02\\\/#\\\/schema\\\/person\\\/a1cc69f42a01f412eb62c151353814f6\"},\"potentialAction\":[{\"@type\":\"SearchAction\",\"target\":{\"@type\":\"EntryPoint\",\"urlTemplate\":\"https:\\\/\\\/www.heldenhaushalt.de\\\/sari02\\\/?s={search_term_string}\"},\"query-input\":{\"@type\":\"PropertyValueSpecification\",\"valueRequired\":true,\"valueName\":\"search_term_string\"}}],\"inLanguage\":\"de\"},{\"@type\":[\"Person\",\"Organization\"],\"@id\":\"https:\\\/\\\/www.heldenhaushalt.de\\\/sari02\\\/#\\\/schema\\\/person\\\/a1cc69f42a01f412eb62c151353814f6\",\"name\":\"Sari\",\"image\":{\"@type\":\"ImageObject\",\"inLanguage\":\"de\",\"@id\":\"https:\\\/\\\/www.heldenhaushalt.de\\\/sari02\\\/wp-content\\\/uploads\\\/2019\\\/02\\\/sari-april2018.png\",\"url\":\"https:\\\/\\\/www.heldenhaushalt.de\\\/sari02\\\/wp-content\\\/uploads\\\/2019\\\/02\\\/sari-april2018.png\",\"contentUrl\":\"https:\\\/\\\/www.heldenhaushalt.de\\\/sari02\\\/wp-content\\\/uploads\\\/2019\\\/02\\\/sari-april2018.png\",\"width\":500,\"height\":500,\"caption\":\"Sari\"},\"logo\":{\"@id\":\"https:\\\/\\\/www.heldenhaushalt.de\\\/sari02\\\/wp-content\\\/uploads\\\/2019\\\/02\\\/sari-april2018.png\"},\"description\":\"Frau Mondgras \u2013 Das bin ich, Sari. Gerne auch als Sari Mondgras bekannt und im Internet zu finden. 2-Fach-Mutter, Heldenehefrau, Kreativling, Harmonies\u00fcchtig und st\u00e4ndig auf der Suche nach Gl\u00fcck. Ich komme aus Berlin, bin hier aufgewachsen und lebe hier seit ich denken kann.\",\"sameAs\":[\"https:\\\/\\\/www.instagram.com\\\/heldenhaushalt\\\/\"],\"url\":\"https:\\\/\\\/www.heldenhaushalt.de\\\/sari02\\\/index.php\\\/author\\\/admin\\\/\"}]}<\/script>\n<!-- \/ Yoast SEO plugin. -->","yoast_head_json":{"title":"Ich gestehe: Ich bin ein Obstsuchti! - Heldenhaushalt","description":"Auch Helden erleben den t\u00e4glichen Wahnsinn, den ein Alltag mit sich bringt und Frau Mondgras sitzt mittendrin. Berlinerin, Mutter, Ehefrau, Kreativling und auf der st\u00e4ndigen Suche nach Gl\u00fcck... Hier wird gen\u00e4ht, gebacken, gebastelt und auch mal \u00fcber den Alltag gemault.","robots":{"index":"index","follow":"follow","max-snippet":"max-snippet:-1","max-image-preview":"max-image-preview:large","max-video-preview":"max-video-preview:-1"},"canonical":"https:\/\/www.heldenhaushalt.de\/sari02\/index.php\/2011\/02\/09\/ich-gestehe-ich-bin-ein-obstsuchti\/","og_locale":"de_DE","og_type":"article","og_title":"Ich gestehe: Ich bin ein Obstsuchti! - Heldenhaushalt","og_description":"Auch Helden erleben den t\u00e4glichen Wahnsinn, den ein Alltag mit sich bringt und Frau Mondgras sitzt mittendrin. Berlinerin, Mutter, Ehefrau, Kreativling und auf der st\u00e4ndigen Suche nach Gl\u00fcck... Hier wird gen\u00e4ht, gebacken, gebastelt und auch mal \u00fcber den Alltag gemault.","og_url":"https:\/\/www.heldenhaushalt.de\/sari02\/index.php\/2011\/02\/09\/ich-gestehe-ich-bin-ein-obstsuchti\/","og_site_name":"Heldenhaushalt","article_published_time":"2011-02-09T07:21:12+00:00","og_image":[{"url":"http:\/\/www.heldenhaushalt.de\/sari02\/wp-content\/uploads\/2011\/02\/obstsuchti.jpg","type":"","width":"","height":""}],"author":"Sari","twitter_card":"summary_large_image","twitter_creator":"@Heldenhaushalt","twitter_site":"@Heldenhaushalt","twitter_misc":{"Verfasst von":"Sari","Gesch\u00e4tzte Lesezeit":"1\u00a0Minute"},"schema":{"@context":"https:\/\/schema.org","@graph":[{"@type":"Article","@id":"https:\/\/www.heldenhaushalt.de\/sari02\/index.php\/2011\/02\/09\/ich-gestehe-ich-bin-ein-obstsuchti\/#article","isPartOf":{"@id":"https:\/\/www.heldenhaushalt.de\/sari02\/index.php\/2011\/02\/09\/ich-gestehe-ich-bin-ein-obstsuchti\/"},"author":{"name":"Sari","@id":"https:\/\/www.heldenhaushalt.de\/sari02\/#\/schema\/person\/a1cc69f42a01f412eb62c151353814f6"},"headline":"Ich gestehe: Ich bin ein Obstsuchti!","datePublished":"2011-02-09T07:21:12+00:00","mainEntityOfPage":{"@id":"https:\/\/www.heldenhaushalt.de\/sari02\/index.php\/2011\/02\/09\/ich-gestehe-ich-bin-ein-obstsuchti\/"},"wordCount":226,"commentCount":16,"publisher":{"@id":"https:\/\/www.heldenhaushalt.de\/sari02\/#\/schema\/person\/a1cc69f42a01f412eb62c151353814f6"},"image":{"@id":"https:\/\/www.heldenhaushalt.de\/sari02\/index.php\/2011\/02\/09\/ich-gestehe-ich-bin-ein-obstsuchti\/#primaryimage"},"thumbnailUrl":"http:\/\/www.heldenhaushalt.de\/sari02\/wp-content\/uploads\/2011\/02\/obstsuchti.jpg","keywords":["Allt\u00e4glich","Essen","Lecker","Obst"],"articleSection":["Alltagschaos"],"inLanguage":"de","potentialAction":[{"@type":"CommentAction","name":"Comment","target":["https:\/\/www.heldenhaushalt.de\/sari02\/index.php\/2011\/02\/09\/ich-gestehe-ich-bin-ein-obstsuchti\/#respond"]}]},{"@type":"WebPage","@id":"https:\/\/www.heldenhaushalt.de\/sari02\/index.php\/2011\/02\/09\/ich-gestehe-ich-bin-ein-obstsuchti\/","url":"https:\/\/www.heldenhaushalt.de\/sari02\/index.php\/2011\/02\/09\/ich-gestehe-ich-bin-ein-obstsuchti\/","name":"Ich gestehe: Ich bin ein Obstsuchti! - Heldenhaushalt","isPartOf":{"@id":"https:\/\/www.heldenhaushalt.de\/sari02\/#website"},"primaryImageOfPage":{"@id":"https:\/\/www.heldenhaushalt.de\/sari02\/index.php\/2011\/02\/09\/ich-gestehe-ich-bin-ein-obstsuchti\/#primaryimage"},"image":{"@id":"https:\/\/www.heldenhaushalt.de\/sari02\/index.php\/2011\/02\/09\/ich-gestehe-ich-bin-ein-obstsuchti\/#primaryimage"},"thumbnailUrl":"http:\/\/www.heldenhaushalt.de\/sari02\/wp-content\/uploads\/2011\/02\/obstsuchti.jpg","datePublished":"2011-02-09T07:21:12+00:00","description":"Auch Helden erleben den t\u00e4glichen Wahnsinn, den ein Alltag mit sich bringt und Frau Mondgras sitzt mittendrin. Berlinerin, Mutter, Ehefrau, Kreativling und auf der st\u00e4ndigen Suche nach Gl\u00fcck... Hier wird gen\u00e4ht, gebacken, gebastelt und auch mal \u00fcber den Alltag gemault.","breadcrumb":{"@id":"https:\/\/www.heldenhaushalt.de\/sari02\/index.php\/2011\/02\/09\/ich-gestehe-ich-bin-ein-obstsuchti\/#breadcrumb"},"inLanguage":"de","potentialAction":[{"@type":"ReadAction","target":["https:\/\/www.heldenhaushalt.de\/sari02\/index.php\/2011\/02\/09\/ich-gestehe-ich-bin-ein-obstsuchti\/"]}]},{"@type":"ImageObject","inLanguage":"de","@id":"https:\/\/www.heldenhaushalt.de\/sari02\/index.php\/2011\/02\/09\/ich-gestehe-ich-bin-ein-obstsuchti\/#primaryimage","url":"https:\/\/www.heldenhaushalt.de\/sari02\/wp-content\/uploads\/2011\/02\/obstsuchti.jpg","contentUrl":"https:\/\/www.heldenhaushalt.de\/sari02\/wp-content\/uploads\/2011\/02\/obstsuchti.jpg","width":505,"height":312},{"@type":"BreadcrumbList","@id":"https:\/\/www.heldenhaushalt.de\/sari02\/index.php\/2011\/02\/09\/ich-gestehe-ich-bin-ein-obstsuchti\/#breadcrumb","itemListElement":[{"@type":"ListItem","position":1,"name":"Startseite","item":"https:\/\/www.heldenhaushalt.de\/sari02\/"},{"@type":"ListItem","position":2,"name":"Ich gestehe: Ich bin ein Obstsuchti!"}]},{"@type":"WebSite","@id":"https:\/\/www.heldenhaushalt.de\/sari02\/#website","url":"https:\/\/www.heldenhaushalt.de\/sari02\/","name":"Heldenhaushalt","description":"Wer es ordentlich haben will, der muss vorher anrufen","publisher":{"@id":"https:\/\/www.heldenhaushalt.de\/sari02\/#\/schema\/person\/a1cc69f42a01f412eb62c151353814f6"},"potentialAction":[{"@type":"SearchAction","target":{"@type":"EntryPoint","urlTemplate":"https:\/\/www.heldenhaushalt.de\/sari02\/?s={search_term_string}"},"query-input":{"@type":"PropertyValueSpecification","valueRequired":true,"valueName":"search_term_string"}}],"inLanguage":"de"},{"@type":["Person","Organization"],"@id":"https:\/\/www.heldenhaushalt.de\/sari02\/#\/schema\/person\/a1cc69f42a01f412eb62c151353814f6","name":"Sari","image":{"@type":"ImageObject","inLanguage":"de","@id":"https:\/\/www.heldenhaushalt.de\/sari02\/wp-content\/uploads\/2019\/02\/sari-april2018.png","url":"https:\/\/www.heldenhaushalt.de\/sari02\/wp-content\/uploads\/2019\/02\/sari-april2018.png","contentUrl":"https:\/\/www.heldenhaushalt.de\/sari02\/wp-content\/uploads\/2019\/02\/sari-april2018.png","width":500,"height":500,"caption":"Sari"},"logo":{"@id":"https:\/\/www.heldenhaushalt.de\/sari02\/wp-content\/uploads\/2019\/02\/sari-april2018.png"},"description":"Frau Mondgras \u2013 Das bin ich, Sari. Gerne auch als Sari Mondgras bekannt und im Internet zu finden. 2-Fach-Mutter, Heldenehefrau, Kreativling, Harmonies\u00fcchtig und st\u00e4ndig auf der Suche nach Gl\u00fcck. Ich komme aus Berlin, bin hier aufgewachsen und lebe hier seit ich denken kann.","sameAs":["https:\/\/www.instagram.com\/heldenhaushalt\/"],"url":"https:\/\/www.heldenhaushalt.de\/sari02\/index.php\/author\/admin\/"}]}},"views":12246,"_links":{"self":[{"href":"https:\/\/www.heldenhaushalt.de\/sari02\/index.php\/wp-json\/wp\/v2\/posts\/10309","targetHints":{"allow":["GET"]}}],"collection":[{"href":"https:\/\/www.heldenhaushalt.de\/sari02\/index.php\/wp-json\/wp\/v2\/posts"}],"about":[{"href":"https:\/\/www.heldenhaushalt.de\/sari02\/index.php\/wp-json\/wp\/v2\/types\/post"}],"author":[{"embeddable":true,"href":"https:\/\/www.heldenhaushalt.de\/sari02\/index.php\/wp-json\/wp\/v2\/users\/1"}],"replies":[{"embeddable":true,"href":"https:\/\/www.heldenhaushalt.de\/sari02\/index.php\/wp-json\/wp\/v2\/comments?post=10309"}],"version-history":[{"count":3,"href":"https:\/\/www.heldenhaushalt.de\/sari02\/index.php\/wp-json\/wp\/v2\/posts\/10309\/revisions"}],"predecessor-version":[{"id":10345,"href":"https:\/\/www.heldenhaushalt.de\/sari02\/index.php\/wp-json\/wp\/v2\/posts\/10309\/revisions\/10345"}],"wp:attachment":[{"href":"https:\/\/www.heldenhaushalt.de\/sari02\/index.php\/wp-json\/wp\/v2\/media?parent=10309"}],"wp:term":[{"taxonomy":"category","embeddable":true,"href":"https:\/\/www.heldenhaushalt.de\/sari02\/index.php\/wp-json\/wp\/v2\/categories?post=10309"},{"taxonomy":"post_tag","embeddable":true,"href":"https:\/\/www.heldenhaushalt.de\/sari02\/index.php\/wp-json\/wp\/v2\/tags?post=10309"}],"curies":[{"name":"wp","href":"https:\/\/api.w.org\/{rel}","templated":true}]}}