{"id":10318,"date":"2011-02-06T15:19:20","date_gmt":"2011-02-06T14:19:20","guid":{"rendered":"http:\/\/www.mondgras.de\/sari02\/?p=10318"},"modified":"2011-02-06T14:20:38","modified_gmt":"2011-02-06T13:20:38","slug":"hikari-und-die-welt-der-farben-01","status":"publish","type":"post","link":"https:\/\/www.heldenhaushalt.de\/sari02\/index.php\/2011\/02\/06\/hikari-und-die-welt-der-farben-01\/","title":{"rendered":"Hikari und die Welt der Farben [#01]"},"content":{"rendered":"<p><strong>Vielleicht zu Anfang ein paar einleitende Worte: <\/strong>Wie Ihr wisst, habe ich mir letztes Jahr via Dshini eine Pinky-Street gew&#252;nscht und Dank Euch auch <a href=\"http:\/\/www.heldenhaushalt.de\/sari02\/index.php\/2010\/11\/19\/eine-kleine-fotografin\/\">bekommen<\/a>. Der Plan war, mit der kleinen eine eigene kleine Fotoserie zu starten, ich wusste nur nie so recht, wo ich sie unterbringen sollte. Eine Zeit lang stand sie sogar f&#252;r das diesj&#228;hrige Projekt 52 zur Diskussion, weil sie so sch&#246;n handlich ist und gut in die Tasche passt. Aber entschieden habe ich mich ja dann, wie Ihr wisst, doch f&#252;r Pauline. Aber was sollte nun mit der Pinky passieren. Als ich neulich etwas Wolle nachkaufte, da kam mir die Idee, als ich auf die Regale voller verschiedener Wollkn&#228;ule schaute. Ein Projekt ganz ohne Zwang und Zeitdruck, bei dem ich Hikari, so hei&#223;t sie nun <em>(bedeutet &#252;brigens Licht)<\/em>, mit mir herumtrage und spontan einsetzen kann. <em>Ein Farbprojekt<\/em>. Keine neue Idee, aber ich finde, Farben kann man nie genug zeigen ^^ . Und so m&#246;chte ich immer ganz spontan die Farben um uns herum einfangen und Hikari mit in die Fotos einarbeiten. Zu finden hier auf Mondgras.de nun also in Zukunft unter der &#220;berschrift <strong><em>&#8220;Hikari und die Welt der Farben&#8221;<\/em><\/strong>. Ich hoffe, Ihr m&#246;gt die Idee und werdet Freude an den Entdeckungen haben, die Hikari und ich in Zukunft machen werden&#8230;Unregelm&#228;&#223;igkeit ist jetzt schon garantiert *drop* .<\/p>\n<p><strong>Und den Anfang macht das folgende Foto anl&#228;sslich der Ideenfindung:<\/strong><\/p>\n<p><a href=\"http:\/\/www.ipernity.com\/doc\/skroschel\/9978941\"><img loading=\"lazy\" decoding=\"async\" src=\"\/u1.ipernity.com\/17\/89\/41\/9978941.8fc465e0.500.jpg\" border=\"0\" alt=\"Hikari und die Welt der Farben [#01]\" width=\"505\" height=\"505\" \/><\/a><\/p>\n","protected":false},"excerpt":{"rendered":"<p>Vielleicht zu Anfang ein paar einleitende Worte: Wie Ihr wisst, habe ich mir letztes Jahr via Dshini eine Pinky-Street gew&#252;nscht und Dank Euch auch bekommen. Der Plan war, mit der kleinen eine eigene kleine Fotoserie zu starten, ich wusste nur nie so recht, wo ich sie unterbringen sollte. Eine Zeit lang stand sie sogar f&#252;r das diesj&#228;hrige Projekt 52 zur Diskussion, weil sie so sch&#246;n handlich ist und gut in die Tasche passt. Aber entschieden habe ich mich ja dann, wie Ihr wisst, doch f&#252;r Pauline. Aber was sollte nun mit der Pinky passieren. Als ich neulich etwas Wolle nachkaufte, da kam mir die Idee, als ich auf die Regale voller verschiedener Wollkn&#228;ule schaute. Ein Projekt ganz ohne Zwang und Zeitdruck, bei dem ich Hikari, so hei&#223;t sie nun (bedeutet &#252;brigens Licht), mit mir herumtrage und spontan einsetzen kann. Ein Farbprojekt. Keine neue Idee, aber ich finde, Farben kann man nie genug zeigen ^^ . Und so m&#246;chte ich immer ganz spontan die Farben um uns herum einfangen und Hikari mit in die Fotos einarbeiten. Zu finden hier auf Mondgras.de nun also in Zukunft unter der &#220;berschrift &#8220;Hikari und die Welt der Farben&#8221;. Ich hoffe, Ihr m&#246;gt die Idee und werdet Freude an den Entdeckungen haben, die Hikari und ich in Zukunft machen werden&#8230;Unregelm&#228;&#223;igkeit ist jetzt schon garantiert *drop* . Und den Anfang macht das folgende Foto anl&#228;sslich der Ideenfindung:<\/p>\n","protected":false},"author":1,"featured_media":0,"comment_status":"open","ping_status":"open","sticky":false,"template":"","format":"standard","meta":{"ngg_post_thumbnail":0,"footnotes":""},"categories":[106],"tags":[],"class_list":["post-10318","post","type-post","status-publish","format-standard","hentry","category-fotografie"],"yoast_head":"<!-- This site is optimized with the Yoast SEO plugin v27.4 - https:\/\/yoast.com\/product\/yoast-seo-wordpress\/ -->\n<title>Hikari und die Welt der Farben [#01] - Heldenhaushalt<\/title>\n<meta name=\"description\" content=\"Auch Helden erleben den t\u00e4glichen Wahnsinn, den ein Alltag mit sich bringt und Frau Mondgras sitzt mittendrin. Berlinerin, Mutter, Ehefrau, Kreativling und auf der st\u00e4ndigen Suche nach Gl\u00fcck... Hier wird gen\u00e4ht, gebacken, gebastelt und auch mal \u00fcber den Alltag gemault.\" \/>\n<meta name=\"robots\" content=\"index, follow, max-snippet:-1, max-image-preview:large, max-video-preview:-1\" \/>\n<link rel=\"canonical\" href=\"https:\/\/www.heldenhaushalt.de\/sari02\/index.php\/2011\/02\/06\/hikari-und-die-welt-der-farben-01\/\" \/>\n<meta property=\"og:locale\" content=\"de_DE\" \/>\n<meta property=\"og:type\" content=\"article\" \/>\n<meta property=\"og:title\" content=\"Hikari und die Welt der Farben [#01] - Heldenhaushalt\" \/>\n<meta property=\"og:description\" content=\"Auch Helden erleben den t\u00e4glichen Wahnsinn, den ein Alltag mit sich bringt und Frau Mondgras sitzt mittendrin. Berlinerin, Mutter, Ehefrau, Kreativling und auf der st\u00e4ndigen Suche nach Gl\u00fcck... Hier wird gen\u00e4ht, gebacken, gebastelt und auch mal \u00fcber den Alltag gemault.\" \/>\n<meta property=\"og:url\" content=\"https:\/\/www.heldenhaushalt.de\/sari02\/index.php\/2011\/02\/06\/hikari-und-die-welt-der-farben-01\/\" \/>\n<meta property=\"og:site_name\" content=\"Heldenhaushalt\" \/>\n<meta property=\"article:published_time\" content=\"2011-02-06T14:19:20+00:00\" \/>\n<meta property=\"og:image\" content=\"https:\/\/www.heldenhaushalt.de\/u1.ipernity.com\/17\/89\/41\/9978941.8fc465e0.500.jpg\" \/>\n<meta name=\"author\" content=\"Sari\" \/>\n<meta name=\"twitter:card\" content=\"summary_large_image\" \/>\n<meta name=\"twitter:creator\" content=\"@Heldenhaushalt\" \/>\n<meta name=\"twitter:site\" content=\"@Heldenhaushalt\" \/>\n<meta name=\"twitter:label1\" content=\"Verfasst von\" \/>\n\t<meta name=\"twitter:data1\" content=\"Sari\" \/>\n\t<meta name=\"twitter:label2\" content=\"Gesch\u00e4tzte Lesezeit\" \/>\n\t<meta name=\"twitter:data2\" content=\"1\u00a0Minute\" \/>\n<script type=\"application\/ld+json\" class=\"yoast-schema-graph\">{\"@context\":\"https:\\\/\\\/schema.org\",\"@graph\":[{\"@type\":\"Article\",\"@id\":\"https:\\\/\\\/www.heldenhaushalt.de\\\/sari02\\\/index.php\\\/2011\\\/02\\\/06\\\/hikari-und-die-welt-der-farben-01\\\/#article\",\"isPartOf\":{\"@id\":\"https:\\\/\\\/www.heldenhaushalt.de\\\/sari02\\\/index.php\\\/2011\\\/02\\\/06\\\/hikari-und-die-welt-der-farben-01\\\/\"},\"author\":{\"name\":\"Sari\",\"@id\":\"https:\\\/\\\/www.heldenhaushalt.de\\\/sari02\\\/#\\\/schema\\\/person\\\/a1cc69f42a01f412eb62c151353814f6\"},\"headline\":\"Hikari und die Welt der Farben [#01]\",\"datePublished\":\"2011-02-06T14:19:20+00:00\",\"mainEntityOfPage\":{\"@id\":\"https:\\\/\\\/www.heldenhaushalt.de\\\/sari02\\\/index.php\\\/2011\\\/02\\\/06\\\/hikari-und-die-welt-der-farben-01\\\/\"},\"wordCount\":245,\"commentCount\":7,\"publisher\":{\"@id\":\"https:\\\/\\\/www.heldenhaushalt.de\\\/sari02\\\/#\\\/schema\\\/person\\\/a1cc69f42a01f412eb62c151353814f6\"},\"articleSection\":[\"Fotografie\"],\"inLanguage\":\"de\",\"potentialAction\":[{\"@type\":\"CommentAction\",\"name\":\"Comment\",\"target\":[\"https:\\\/\\\/www.heldenhaushalt.de\\\/sari02\\\/index.php\\\/2011\\\/02\\\/06\\\/hikari-und-die-welt-der-farben-01\\\/#respond\"]}]},{\"@type\":\"WebPage\",\"@id\":\"https:\\\/\\\/www.heldenhaushalt.de\\\/sari02\\\/index.php\\\/2011\\\/02\\\/06\\\/hikari-und-die-welt-der-farben-01\\\/\",\"url\":\"https:\\\/\\\/www.heldenhaushalt.de\\\/sari02\\\/index.php\\\/2011\\\/02\\\/06\\\/hikari-und-die-welt-der-farben-01\\\/\",\"name\":\"Hikari und die Welt der Farben [#01] - Heldenhaushalt\",\"isPartOf\":{\"@id\":\"https:\\\/\\\/www.heldenhaushalt.de\\\/sari02\\\/#website\"},\"datePublished\":\"2011-02-06T14:19:20+00:00\",\"description\":\"Auch Helden erleben den t\u00e4glichen Wahnsinn, den ein Alltag mit sich bringt und Frau Mondgras sitzt mittendrin. Berlinerin, Mutter, Ehefrau, Kreativling und auf der st\u00e4ndigen Suche nach Gl\u00fcck... Hier wird gen\u00e4ht, gebacken, gebastelt und auch mal \u00fcber den Alltag gemault.\",\"breadcrumb\":{\"@id\":\"https:\\\/\\\/www.heldenhaushalt.de\\\/sari02\\\/index.php\\\/2011\\\/02\\\/06\\\/hikari-und-die-welt-der-farben-01\\\/#breadcrumb\"},\"inLanguage\":\"de\",\"potentialAction\":[{\"@type\":\"ReadAction\",\"target\":[\"https:\\\/\\\/www.heldenhaushalt.de\\\/sari02\\\/index.php\\\/2011\\\/02\\\/06\\\/hikari-und-die-welt-der-farben-01\\\/\"]}]},{\"@type\":\"BreadcrumbList\",\"@id\":\"https:\\\/\\\/www.heldenhaushalt.de\\\/sari02\\\/index.php\\\/2011\\\/02\\\/06\\\/hikari-und-die-welt-der-farben-01\\\/#breadcrumb\",\"itemListElement\":[{\"@type\":\"ListItem\",\"position\":1,\"name\":\"Startseite\",\"item\":\"https:\\\/\\\/www.heldenhaushalt.de\\\/sari02\\\/\"},{\"@type\":\"ListItem\",\"position\":2,\"name\":\"Hikari und die Welt der Farben [#01]\"}]},{\"@type\":\"WebSite\",\"@id\":\"https:\\\/\\\/www.heldenhaushalt.de\\\/sari02\\\/#website\",\"url\":\"https:\\\/\\\/www.heldenhaushalt.de\\\/sari02\\\/\",\"name\":\"Heldenhaushalt\",\"description\":\"Wer es ordentlich haben will, der muss vorher anrufen\",\"publisher\":{\"@id\":\"https:\\\/\\\/www.heldenhaushalt.de\\\/sari02\\\/#\\\/schema\\\/person\\\/a1cc69f42a01f412eb62c151353814f6\"},\"potentialAction\":[{\"@type\":\"SearchAction\",\"target\":{\"@type\":\"EntryPoint\",\"urlTemplate\":\"https:\\\/\\\/www.heldenhaushalt.de\\\/sari02\\\/?s={search_term_string}\"},\"query-input\":{\"@type\":\"PropertyValueSpecification\",\"valueRequired\":true,\"valueName\":\"search_term_string\"}}],\"inLanguage\":\"de\"},{\"@type\":[\"Person\",\"Organization\"],\"@id\":\"https:\\\/\\\/www.heldenhaushalt.de\\\/sari02\\\/#\\\/schema\\\/person\\\/a1cc69f42a01f412eb62c151353814f6\",\"name\":\"Sari\",\"image\":{\"@type\":\"ImageObject\",\"inLanguage\":\"de\",\"@id\":\"https:\\\/\\\/www.heldenhaushalt.de\\\/sari02\\\/wp-content\\\/uploads\\\/2019\\\/02\\\/sari-april2018.png\",\"url\":\"https:\\\/\\\/www.heldenhaushalt.de\\\/sari02\\\/wp-content\\\/uploads\\\/2019\\\/02\\\/sari-april2018.png\",\"contentUrl\":\"https:\\\/\\\/www.heldenhaushalt.de\\\/sari02\\\/wp-content\\\/uploads\\\/2019\\\/02\\\/sari-april2018.png\",\"width\":500,\"height\":500,\"caption\":\"Sari\"},\"logo\":{\"@id\":\"https:\\\/\\\/www.heldenhaushalt.de\\\/sari02\\\/wp-content\\\/uploads\\\/2019\\\/02\\\/sari-april2018.png\"},\"description\":\"Frau Mondgras \u2013 Das bin ich, Sari. Gerne auch als Sari Mondgras bekannt und im Internet zu finden. 2-Fach-Mutter, Heldenehefrau, Kreativling, Harmonies\u00fcchtig und st\u00e4ndig auf der Suche nach Gl\u00fcck. Ich komme aus Berlin, bin hier aufgewachsen und lebe hier seit ich denken kann.\",\"sameAs\":[\"https:\\\/\\\/www.instagram.com\\\/heldenhaushalt\\\/\"],\"url\":\"https:\\\/\\\/www.heldenhaushalt.de\\\/sari02\\\/index.php\\\/author\\\/admin\\\/\"}]}<\/script>\n<!-- \/ Yoast SEO plugin. -->","yoast_head_json":{"title":"Hikari und die Welt der Farben [#01] - Heldenhaushalt","description":"Auch Helden erleben den t\u00e4glichen Wahnsinn, den ein Alltag mit sich bringt und Frau Mondgras sitzt mittendrin. Berlinerin, Mutter, Ehefrau, Kreativling und auf der st\u00e4ndigen Suche nach Gl\u00fcck... Hier wird gen\u00e4ht, gebacken, gebastelt und auch mal \u00fcber den Alltag gemault.","robots":{"index":"index","follow":"follow","max-snippet":"max-snippet:-1","max-image-preview":"max-image-preview:large","max-video-preview":"max-video-preview:-1"},"canonical":"https:\/\/www.heldenhaushalt.de\/sari02\/index.php\/2011\/02\/06\/hikari-und-die-welt-der-farben-01\/","og_locale":"de_DE","og_type":"article","og_title":"Hikari und die Welt der Farben [#01] - Heldenhaushalt","og_description":"Auch Helden erleben den t\u00e4glichen Wahnsinn, den ein Alltag mit sich bringt und Frau Mondgras sitzt mittendrin. Berlinerin, Mutter, Ehefrau, Kreativling und auf der st\u00e4ndigen Suche nach Gl\u00fcck... Hier wird gen\u00e4ht, gebacken, gebastelt und auch mal \u00fcber den Alltag gemault.","og_url":"https:\/\/www.heldenhaushalt.de\/sari02\/index.php\/2011\/02\/06\/hikari-und-die-welt-der-farben-01\/","og_site_name":"Heldenhaushalt","article_published_time":"2011-02-06T14:19:20+00:00","og_image":[{"url":"https:\/\/www.heldenhaushalt.de\/u1.ipernity.com\/17\/89\/41\/9978941.8fc465e0.500.jpg","type":"","width":"","height":""}],"author":"Sari","twitter_card":"summary_large_image","twitter_creator":"@Heldenhaushalt","twitter_site":"@Heldenhaushalt","twitter_misc":{"Verfasst von":"Sari","Gesch\u00e4tzte Lesezeit":"1\u00a0Minute"},"schema":{"@context":"https:\/\/schema.org","@graph":[{"@type":"Article","@id":"https:\/\/www.heldenhaushalt.de\/sari02\/index.php\/2011\/02\/06\/hikari-und-die-welt-der-farben-01\/#article","isPartOf":{"@id":"https:\/\/www.heldenhaushalt.de\/sari02\/index.php\/2011\/02\/06\/hikari-und-die-welt-der-farben-01\/"},"author":{"name":"Sari","@id":"https:\/\/www.heldenhaushalt.de\/sari02\/#\/schema\/person\/a1cc69f42a01f412eb62c151353814f6"},"headline":"Hikari und die Welt der Farben [#01]","datePublished":"2011-02-06T14:19:20+00:00","mainEntityOfPage":{"@id":"https:\/\/www.heldenhaushalt.de\/sari02\/index.php\/2011\/02\/06\/hikari-und-die-welt-der-farben-01\/"},"wordCount":245,"commentCount":7,"publisher":{"@id":"https:\/\/www.heldenhaushalt.de\/sari02\/#\/schema\/person\/a1cc69f42a01f412eb62c151353814f6"},"articleSection":["Fotografie"],"inLanguage":"de","potentialAction":[{"@type":"CommentAction","name":"Comment","target":["https:\/\/www.heldenhaushalt.de\/sari02\/index.php\/2011\/02\/06\/hikari-und-die-welt-der-farben-01\/#respond"]}]},{"@type":"WebPage","@id":"https:\/\/www.heldenhaushalt.de\/sari02\/index.php\/2011\/02\/06\/hikari-und-die-welt-der-farben-01\/","url":"https:\/\/www.heldenhaushalt.de\/sari02\/index.php\/2011\/02\/06\/hikari-und-die-welt-der-farben-01\/","name":"Hikari und die Welt der Farben [#01] - Heldenhaushalt","isPartOf":{"@id":"https:\/\/www.heldenhaushalt.de\/sari02\/#website"},"datePublished":"2011-02-06T14:19:20+00:00","description":"Auch Helden erleben den t\u00e4glichen Wahnsinn, den ein Alltag mit sich bringt und Frau Mondgras sitzt mittendrin. Berlinerin, Mutter, Ehefrau, Kreativling und auf der st\u00e4ndigen Suche nach Gl\u00fcck... Hier wird gen\u00e4ht, gebacken, gebastelt und auch mal \u00fcber den Alltag gemault.","breadcrumb":{"@id":"https:\/\/www.heldenhaushalt.de\/sari02\/index.php\/2011\/02\/06\/hikari-und-die-welt-der-farben-01\/#breadcrumb"},"inLanguage":"de","potentialAction":[{"@type":"ReadAction","target":["https:\/\/www.heldenhaushalt.de\/sari02\/index.php\/2011\/02\/06\/hikari-und-die-welt-der-farben-01\/"]}]},{"@type":"BreadcrumbList","@id":"https:\/\/www.heldenhaushalt.de\/sari02\/index.php\/2011\/02\/06\/hikari-und-die-welt-der-farben-01\/#breadcrumb","itemListElement":[{"@type":"ListItem","position":1,"name":"Startseite","item":"https:\/\/www.heldenhaushalt.de\/sari02\/"},{"@type":"ListItem","position":2,"name":"Hikari und die Welt der Farben [#01]"}]},{"@type":"WebSite","@id":"https:\/\/www.heldenhaushalt.de\/sari02\/#website","url":"https:\/\/www.heldenhaushalt.de\/sari02\/","name":"Heldenhaushalt","description":"Wer es ordentlich haben will, der muss vorher anrufen","publisher":{"@id":"https:\/\/www.heldenhaushalt.de\/sari02\/#\/schema\/person\/a1cc69f42a01f412eb62c151353814f6"},"potentialAction":[{"@type":"SearchAction","target":{"@type":"EntryPoint","urlTemplate":"https:\/\/www.heldenhaushalt.de\/sari02\/?s={search_term_string}"},"query-input":{"@type":"PropertyValueSpecification","valueRequired":true,"valueName":"search_term_string"}}],"inLanguage":"de"},{"@type":["Person","Organization"],"@id":"https:\/\/www.heldenhaushalt.de\/sari02\/#\/schema\/person\/a1cc69f42a01f412eb62c151353814f6","name":"Sari","image":{"@type":"ImageObject","inLanguage":"de","@id":"https:\/\/www.heldenhaushalt.de\/sari02\/wp-content\/uploads\/2019\/02\/sari-april2018.png","url":"https:\/\/www.heldenhaushalt.de\/sari02\/wp-content\/uploads\/2019\/02\/sari-april2018.png","contentUrl":"https:\/\/www.heldenhaushalt.de\/sari02\/wp-content\/uploads\/2019\/02\/sari-april2018.png","width":500,"height":500,"caption":"Sari"},"logo":{"@id":"https:\/\/www.heldenhaushalt.de\/sari02\/wp-content\/uploads\/2019\/02\/sari-april2018.png"},"description":"Frau Mondgras \u2013 Das bin ich, Sari. Gerne auch als Sari Mondgras bekannt und im Internet zu finden. 2-Fach-Mutter, Heldenehefrau, Kreativling, Harmonies\u00fcchtig und st\u00e4ndig auf der Suche nach Gl\u00fcck. Ich komme aus Berlin, bin hier aufgewachsen und lebe hier seit ich denken kann.","sameAs":["https:\/\/www.instagram.com\/heldenhaushalt\/"],"url":"https:\/\/www.heldenhaushalt.de\/sari02\/index.php\/author\/admin\/"}]}},"views":5612,"_links":{"self":[{"href":"https:\/\/www.heldenhaushalt.de\/sari02\/index.php\/wp-json\/wp\/v2\/posts\/10318","targetHints":{"allow":["GET"]}}],"collection":[{"href":"https:\/\/www.heldenhaushalt.de\/sari02\/index.php\/wp-json\/wp\/v2\/posts"}],"about":[{"href":"https:\/\/www.heldenhaushalt.de\/sari02\/index.php\/wp-json\/wp\/v2\/types\/post"}],"author":[{"embeddable":true,"href":"https:\/\/www.heldenhaushalt.de\/sari02\/index.php\/wp-json\/wp\/v2\/users\/1"}],"replies":[{"embeddable":true,"href":"https:\/\/www.heldenhaushalt.de\/sari02\/index.php\/wp-json\/wp\/v2\/comments?post=10318"}],"version-history":[{"count":3,"href":"https:\/\/www.heldenhaushalt.de\/sari02\/index.php\/wp-json\/wp\/v2\/posts\/10318\/revisions"}],"predecessor-version":[{"id":10321,"href":"https:\/\/www.heldenhaushalt.de\/sari02\/index.php\/wp-json\/wp\/v2\/posts\/10318\/revisions\/10321"}],"wp:attachment":[{"href":"https:\/\/www.heldenhaushalt.de\/sari02\/index.php\/wp-json\/wp\/v2\/media?parent=10318"}],"wp:term":[{"taxonomy":"category","embeddable":true,"href":"https:\/\/www.heldenhaushalt.de\/sari02\/index.php\/wp-json\/wp\/v2\/categories?post=10318"},{"taxonomy":"post_tag","embeddable":true,"href":"https:\/\/www.heldenhaushalt.de\/sari02\/index.php\/wp-json\/wp\/v2\/tags?post=10318"}],"curies":[{"name":"wp","href":"https:\/\/api.w.org\/{rel}","templated":true}]}}