{"id":13524,"date":"2012-02-17T08:00:53","date_gmt":"2012-02-17T07:00:53","guid":{"rendered":"http:\/\/www.mondgras.de\/sari02\/?p=13524"},"modified":"2012-02-17T07:15:15","modified_gmt":"2012-02-17T06:15:15","slug":"12-in-2012-die-kamera-und-ich-02","status":"publish","type":"post","link":"https:\/\/www.heldenhaushalt.de\/sari02\/index.php\/2012\/02\/17\/12-in-2012-die-kamera-und-ich-02\/","title":{"rendered":"12 in 2012: Die Kamera und ich #02"},"content":{"rendered":"<p><img loading=\"lazy\" decoding=\"async\" src=\"http:\/\/www.heldenhaushalt.de\/sari02\/wp-content\/uploads\/2012\/01\/header-foto.jpg\" alt=\"\" width=\"506\" height=\"158\" \/><\/p>\n<p>Neue Aufgabe! Nachdem wir uns also letztens mit der<a href=\"http:\/\/www.heldenhaushalt.de\/sari02\/index.php\/2012\/02\/04\/12-in-2012-die-kamera-und-ich-01\/\"> Automatik-Einstellung <\/a>meiner Kamera besch&#228;ftigt haben, ging es dieses Mal um den <strong>Zoom<\/strong>. Bei der Kamera war damals ein Standartobjektiv dabei, dass eine recht kleinen, aber praktischen Zoom hat. Auch diesen habe ich eher selten benutzt, zumindest nicht bewusst, sondern eher unbewusst. Dieses Mal also mit voller Absicht. Wir sind dazu eine Runde um den See spazieren gegangen und ich habe mir einfach mal ein paar Motive ausgesucht und sie zwei Mal fotografiert. Einmal ohne Zoom und dann nochmal mit und dabei die Kamera aber nicht einen Zentimeter vom Fleck bewegt, so dass die Kamera quasi den Ausschnitt entschieden hat. Im Folgenden seht Ihr nun mehrere Motive nebeneinander. Die Liebe liegt im Detail&#8230;oder so :) Hat in jedem Fall Spa&#223; gemacht mal so an die Sache heran zu gehen.<\/p>\n<p><a href=\"http:\/\/www.ipernity.com\/doc\/skroschel\/12151176\"><img loading=\"lazy\" decoding=\"async\" title=\"zoom01\" src=\"http:\/\/u1.ipernity.com\/21\/11\/76\/12151176.256af64a.500.jpg\" alt=\"zoom01\" width=\"505\" height=\"255\" \/><\/a><\/p>\n<p><a href=\"http:\/\/www.ipernity.com\/doc\/skroschel\/12151257\"><img loading=\"lazy\" decoding=\"async\" title=\"zoom02\" src=\"http:\/\/u1.ipernity.com\/21\/12\/57\/12151257.e6500641.500.jpg\" alt=\"zoom02\" width=\"505\" height=\"255\" \/><\/a><\/p>\n<p><a href=\"http:\/\/www.ipernity.com\/doc\/skroschel\/12151258\"><img loading=\"lazy\" decoding=\"async\" title=\"zoom03\" src=\"http:\/\/u1.ipernity.com\/21\/12\/58\/12151258.c8b611e1.500.jpg\" alt=\"zoom03\" width=\"505\" height=\"254\" \/><\/a><\/p>\n<p><a href=\"http:\/\/www.ipernity.com\/doc\/skroschel\/12151261\"><img loading=\"lazy\" decoding=\"async\" title=\"zoom04\" src=\"http:\/\/u1.ipernity.com\/21\/12\/61\/12151261.21ed0ad1.500.jpg\" alt=\"zoom04\" width=\"505\" height=\"255\" \/><\/a><\/p>\n<p><a href=\"http:\/\/www.ipernity.com\/doc\/skroschel\/12151263\"><img loading=\"lazy\" decoding=\"async\" title=\"zoom05\" src=\"http:\/\/u1.ipernity.com\/21\/12\/63\/12151263.2d2ccec0.500.jpg\" alt=\"zoom05\" width=\"505\" height=\"255\" \/><\/a><\/p>\n<p><a href=\"http:\/\/www.ipernity.com\/doc\/skroschel\/12151264\"><img loading=\"lazy\" decoding=\"async\" title=\"zoom06\" src=\"http:\/\/u1.ipernity.com\/21\/12\/64\/12151264.51e7894e.500.jpg\" alt=\"zoom06\" width=\"505\" height=\"256\" \/><\/a><\/p>\n","protected":false},"excerpt":{"rendered":"<p>Neue Aufgabe! Nachdem wir uns also letztens mit der Automatik-Einstellung meiner Kamera besch&#228;ftigt haben, ging es dieses Mal um den Zoom. Bei der Kamera war damals ein Standartobjektiv dabei, dass eine recht kleinen, aber praktischen Zoom hat. Auch diesen habe ich eher selten benutzt, zumindest nicht bewusst, sondern eher unbewusst. Dieses Mal also mit voller Absicht. Wir sind dazu eine Runde um den See spazieren gegangen und ich habe mir einfach mal ein paar Motive ausgesucht und sie zwei Mal fotografiert. Einmal ohne Zoom und dann nochmal mit und dabei die Kamera aber nicht einen Zentimeter vom Fleck bewegt, so dass die Kamera quasi den Ausschnitt entschieden hat. Im Folgenden seht Ihr nun mehrere Motive nebeneinander. Die Liebe liegt im Detail&#8230;oder so :) Hat in jedem Fall Spa&#223; gemacht mal so an die Sache heran zu gehen.<\/p>\n","protected":false},"author":1,"featured_media":0,"comment_status":"open","ping_status":"open","sticky":false,"template":"","format":"standard","meta":{"ngg_post_thumbnail":0,"footnotes":""},"categories":[106],"tags":[],"class_list":["post-13524","post","type-post","status-publish","format-standard","hentry","category-fotografie"],"yoast_head":"<!-- This site is optimized with the Yoast SEO plugin v27.5 - https:\/\/yoast.com\/product\/yoast-seo-wordpress\/ -->\n<title>12 in 2012: Die Kamera und ich #02 - Heldenhaushalt<\/title>\n<meta name=\"description\" content=\"Auch Helden erleben den t\u00e4glichen Wahnsinn, den ein Alltag mit sich bringt und Frau Mondgras sitzt mittendrin. Berlinerin, Mutter, Ehefrau, Kreativling und auf der st\u00e4ndigen Suche nach Gl\u00fcck... Hier wird gen\u00e4ht, gebacken, gebastelt und auch mal \u00fcber den Alltag gemault.\" \/>\n<meta name=\"robots\" content=\"index, follow, max-snippet:-1, max-image-preview:large, max-video-preview:-1\" \/>\n<link rel=\"canonical\" href=\"https:\/\/www.heldenhaushalt.de\/sari02\/index.php\/2012\/02\/17\/12-in-2012-die-kamera-und-ich-02\/\" \/>\n<meta property=\"og:locale\" content=\"de_DE\" \/>\n<meta property=\"og:type\" content=\"article\" \/>\n<meta property=\"og:title\" content=\"12 in 2012: Die Kamera und ich #02 - Heldenhaushalt\" \/>\n<meta property=\"og:description\" content=\"Auch Helden erleben den t\u00e4glichen Wahnsinn, den ein Alltag mit sich bringt und Frau Mondgras sitzt mittendrin. Berlinerin, Mutter, Ehefrau, Kreativling und auf der st\u00e4ndigen Suche nach Gl\u00fcck... Hier wird gen\u00e4ht, gebacken, gebastelt und auch mal \u00fcber den Alltag gemault.\" \/>\n<meta property=\"og:url\" content=\"https:\/\/www.heldenhaushalt.de\/sari02\/index.php\/2012\/02\/17\/12-in-2012-die-kamera-und-ich-02\/\" \/>\n<meta property=\"og:site_name\" content=\"Heldenhaushalt\" \/>\n<meta property=\"article:published_time\" content=\"2012-02-17T07:00:53+00:00\" \/>\n<meta property=\"og:image\" content=\"http:\/\/www.heldenhaushalt.de\/sari02\/wp-content\/uploads\/2012\/01\/header-foto.jpg\" \/>\n<meta name=\"author\" content=\"Sari\" \/>\n<meta name=\"twitter:card\" content=\"summary_large_image\" \/>\n<meta name=\"twitter:creator\" content=\"@Heldenhaushalt\" \/>\n<meta name=\"twitter:site\" content=\"@Heldenhaushalt\" \/>\n<meta name=\"twitter:label1\" content=\"Verfasst von\" \/>\n\t<meta name=\"twitter:data1\" content=\"Sari\" \/>\n\t<meta name=\"twitter:label2\" content=\"Gesch\u00e4tzte Lesezeit\" \/>\n\t<meta name=\"twitter:data2\" content=\"1\u00a0Minute\" \/>\n<script type=\"application\/ld+json\" class=\"yoast-schema-graph\">{\"@context\":\"https:\\\/\\\/schema.org\",\"@graph\":[{\"@type\":\"Article\",\"@id\":\"https:\\\/\\\/www.heldenhaushalt.de\\\/sari02\\\/index.php\\\/2012\\\/02\\\/17\\\/12-in-2012-die-kamera-und-ich-02\\\/#article\",\"isPartOf\":{\"@id\":\"https:\\\/\\\/www.heldenhaushalt.de\\\/sari02\\\/index.php\\\/2012\\\/02\\\/17\\\/12-in-2012-die-kamera-und-ich-02\\\/\"},\"author\":{\"name\":\"Sari\",\"@id\":\"https:\\\/\\\/www.heldenhaushalt.de\\\/sari02\\\/#\\\/schema\\\/person\\\/a1cc69f42a01f412eb62c151353814f6\"},\"headline\":\"12 in 2012: Die Kamera und ich #02\",\"datePublished\":\"2012-02-17T07:00:53+00:00\",\"mainEntityOfPage\":{\"@id\":\"https:\\\/\\\/www.heldenhaushalt.de\\\/sari02\\\/index.php\\\/2012\\\/02\\\/17\\\/12-in-2012-die-kamera-und-ich-02\\\/\"},\"wordCount\":143,\"commentCount\":12,\"publisher\":{\"@id\":\"https:\\\/\\\/www.heldenhaushalt.de\\\/sari02\\\/#\\\/schema\\\/person\\\/a1cc69f42a01f412eb62c151353814f6\"},\"image\":{\"@id\":\"https:\\\/\\\/www.heldenhaushalt.de\\\/sari02\\\/index.php\\\/2012\\\/02\\\/17\\\/12-in-2012-die-kamera-und-ich-02\\\/#primaryimage\"},\"thumbnailUrl\":\"http:\\\/\\\/www.heldenhaushalt.de\\\/sari02\\\/wp-content\\\/uploads\\\/2012\\\/01\\\/header-foto.jpg\",\"articleSection\":[\"Fotografie\"],\"inLanguage\":\"de\",\"potentialAction\":[{\"@type\":\"CommentAction\",\"name\":\"Comment\",\"target\":[\"https:\\\/\\\/www.heldenhaushalt.de\\\/sari02\\\/index.php\\\/2012\\\/02\\\/17\\\/12-in-2012-die-kamera-und-ich-02\\\/#respond\"]}]},{\"@type\":\"WebPage\",\"@id\":\"https:\\\/\\\/www.heldenhaushalt.de\\\/sari02\\\/index.php\\\/2012\\\/02\\\/17\\\/12-in-2012-die-kamera-und-ich-02\\\/\",\"url\":\"https:\\\/\\\/www.heldenhaushalt.de\\\/sari02\\\/index.php\\\/2012\\\/02\\\/17\\\/12-in-2012-die-kamera-und-ich-02\\\/\",\"name\":\"12 in 2012: Die Kamera und ich #02 - Heldenhaushalt\",\"isPartOf\":{\"@id\":\"https:\\\/\\\/www.heldenhaushalt.de\\\/sari02\\\/#website\"},\"primaryImageOfPage\":{\"@id\":\"https:\\\/\\\/www.heldenhaushalt.de\\\/sari02\\\/index.php\\\/2012\\\/02\\\/17\\\/12-in-2012-die-kamera-und-ich-02\\\/#primaryimage\"},\"image\":{\"@id\":\"https:\\\/\\\/www.heldenhaushalt.de\\\/sari02\\\/index.php\\\/2012\\\/02\\\/17\\\/12-in-2012-die-kamera-und-ich-02\\\/#primaryimage\"},\"thumbnailUrl\":\"http:\\\/\\\/www.heldenhaushalt.de\\\/sari02\\\/wp-content\\\/uploads\\\/2012\\\/01\\\/header-foto.jpg\",\"datePublished\":\"2012-02-17T07:00:53+00:00\",\"description\":\"Auch Helden erleben den t\u00e4glichen Wahnsinn, den ein Alltag mit sich bringt und Frau Mondgras sitzt mittendrin. Berlinerin, Mutter, Ehefrau, Kreativling und auf der st\u00e4ndigen Suche nach Gl\u00fcck... Hier wird gen\u00e4ht, gebacken, gebastelt und auch mal \u00fcber den Alltag gemault.\",\"breadcrumb\":{\"@id\":\"https:\\\/\\\/www.heldenhaushalt.de\\\/sari02\\\/index.php\\\/2012\\\/02\\\/17\\\/12-in-2012-die-kamera-und-ich-02\\\/#breadcrumb\"},\"inLanguage\":\"de\",\"potentialAction\":[{\"@type\":\"ReadAction\",\"target\":[\"https:\\\/\\\/www.heldenhaushalt.de\\\/sari02\\\/index.php\\\/2012\\\/02\\\/17\\\/12-in-2012-die-kamera-und-ich-02\\\/\"]}]},{\"@type\":\"ImageObject\",\"inLanguage\":\"de\",\"@id\":\"https:\\\/\\\/www.heldenhaushalt.de\\\/sari02\\\/index.php\\\/2012\\\/02\\\/17\\\/12-in-2012-die-kamera-und-ich-02\\\/#primaryimage\",\"url\":\"https:\\\/\\\/www.heldenhaushalt.de\\\/sari02\\\/wp-content\\\/uploads\\\/2012\\\/01\\\/header-foto.jpg\",\"contentUrl\":\"https:\\\/\\\/www.heldenhaushalt.de\\\/sari02\\\/wp-content\\\/uploads\\\/2012\\\/01\\\/header-foto.jpg\",\"width\":1000,\"height\":313},{\"@type\":\"BreadcrumbList\",\"@id\":\"https:\\\/\\\/www.heldenhaushalt.de\\\/sari02\\\/index.php\\\/2012\\\/02\\\/17\\\/12-in-2012-die-kamera-und-ich-02\\\/#breadcrumb\",\"itemListElement\":[{\"@type\":\"ListItem\",\"position\":1,\"name\":\"Startseite\",\"item\":\"https:\\\/\\\/www.heldenhaushalt.de\\\/sari02\\\/\"},{\"@type\":\"ListItem\",\"position\":2,\"name\":\"12 in 2012: Die Kamera und ich #02\"}]},{\"@type\":\"WebSite\",\"@id\":\"https:\\\/\\\/www.heldenhaushalt.de\\\/sari02\\\/#website\",\"url\":\"https:\\\/\\\/www.heldenhaushalt.de\\\/sari02\\\/\",\"name\":\"Heldenhaushalt\",\"description\":\"Wer es ordentlich haben will, der muss vorher anrufen\",\"publisher\":{\"@id\":\"https:\\\/\\\/www.heldenhaushalt.de\\\/sari02\\\/#\\\/schema\\\/person\\\/a1cc69f42a01f412eb62c151353814f6\"},\"potentialAction\":[{\"@type\":\"SearchAction\",\"target\":{\"@type\":\"EntryPoint\",\"urlTemplate\":\"https:\\\/\\\/www.heldenhaushalt.de\\\/sari02\\\/?s={search_term_string}\"},\"query-input\":{\"@type\":\"PropertyValueSpecification\",\"valueRequired\":true,\"valueName\":\"search_term_string\"}}],\"inLanguage\":\"de\"},{\"@type\":[\"Person\",\"Organization\"],\"@id\":\"https:\\\/\\\/www.heldenhaushalt.de\\\/sari02\\\/#\\\/schema\\\/person\\\/a1cc69f42a01f412eb62c151353814f6\",\"name\":\"Sari\",\"image\":{\"@type\":\"ImageObject\",\"inLanguage\":\"de\",\"@id\":\"https:\\\/\\\/www.heldenhaushalt.de\\\/sari02\\\/wp-content\\\/uploads\\\/2019\\\/02\\\/sari-april2018.png\",\"url\":\"https:\\\/\\\/www.heldenhaushalt.de\\\/sari02\\\/wp-content\\\/uploads\\\/2019\\\/02\\\/sari-april2018.png\",\"contentUrl\":\"https:\\\/\\\/www.heldenhaushalt.de\\\/sari02\\\/wp-content\\\/uploads\\\/2019\\\/02\\\/sari-april2018.png\",\"width\":500,\"height\":500,\"caption\":\"Sari\"},\"logo\":{\"@id\":\"https:\\\/\\\/www.heldenhaushalt.de\\\/sari02\\\/wp-content\\\/uploads\\\/2019\\\/02\\\/sari-april2018.png\"},\"description\":\"Frau Mondgras \u2013 Das bin ich, Sari. Gerne auch als Sari Mondgras bekannt und im Internet zu finden. 2-Fach-Mutter, Heldenehefrau, Kreativling, Harmonies\u00fcchtig und st\u00e4ndig auf der Suche nach Gl\u00fcck. Ich komme aus Berlin, bin hier aufgewachsen und lebe hier seit ich denken kann.\",\"sameAs\":[\"https:\\\/\\\/www.instagram.com\\\/heldenhaushalt\\\/\"],\"url\":\"https:\\\/\\\/www.heldenhaushalt.de\\\/sari02\\\/index.php\\\/author\\\/admin\\\/\"}]}<\/script>\n<!-- \/ Yoast SEO plugin. -->","yoast_head_json":{"title":"12 in 2012: Die Kamera und ich #02 - Heldenhaushalt","description":"Auch Helden erleben den t\u00e4glichen Wahnsinn, den ein Alltag mit sich bringt und Frau Mondgras sitzt mittendrin. Berlinerin, Mutter, Ehefrau, Kreativling und auf der st\u00e4ndigen Suche nach Gl\u00fcck... Hier wird gen\u00e4ht, gebacken, gebastelt und auch mal \u00fcber den Alltag gemault.","robots":{"index":"index","follow":"follow","max-snippet":"max-snippet:-1","max-image-preview":"max-image-preview:large","max-video-preview":"max-video-preview:-1"},"canonical":"https:\/\/www.heldenhaushalt.de\/sari02\/index.php\/2012\/02\/17\/12-in-2012-die-kamera-und-ich-02\/","og_locale":"de_DE","og_type":"article","og_title":"12 in 2012: Die Kamera und ich #02 - Heldenhaushalt","og_description":"Auch Helden erleben den t\u00e4glichen Wahnsinn, den ein Alltag mit sich bringt und Frau Mondgras sitzt mittendrin. Berlinerin, Mutter, Ehefrau, Kreativling und auf der st\u00e4ndigen Suche nach Gl\u00fcck... Hier wird gen\u00e4ht, gebacken, gebastelt und auch mal \u00fcber den Alltag gemault.","og_url":"https:\/\/www.heldenhaushalt.de\/sari02\/index.php\/2012\/02\/17\/12-in-2012-die-kamera-und-ich-02\/","og_site_name":"Heldenhaushalt","article_published_time":"2012-02-17T07:00:53+00:00","og_image":[{"url":"http:\/\/www.heldenhaushalt.de\/sari02\/wp-content\/uploads\/2012\/01\/header-foto.jpg","type":"","width":"","height":""}],"author":"Sari","twitter_card":"summary_large_image","twitter_creator":"@Heldenhaushalt","twitter_site":"@Heldenhaushalt","twitter_misc":{"Verfasst von":"Sari","Gesch\u00e4tzte Lesezeit":"1\u00a0Minute"},"schema":{"@context":"https:\/\/schema.org","@graph":[{"@type":"Article","@id":"https:\/\/www.heldenhaushalt.de\/sari02\/index.php\/2012\/02\/17\/12-in-2012-die-kamera-und-ich-02\/#article","isPartOf":{"@id":"https:\/\/www.heldenhaushalt.de\/sari02\/index.php\/2012\/02\/17\/12-in-2012-die-kamera-und-ich-02\/"},"author":{"name":"Sari","@id":"https:\/\/www.heldenhaushalt.de\/sari02\/#\/schema\/person\/a1cc69f42a01f412eb62c151353814f6"},"headline":"12 in 2012: Die Kamera und ich #02","datePublished":"2012-02-17T07:00:53+00:00","mainEntityOfPage":{"@id":"https:\/\/www.heldenhaushalt.de\/sari02\/index.php\/2012\/02\/17\/12-in-2012-die-kamera-und-ich-02\/"},"wordCount":143,"commentCount":12,"publisher":{"@id":"https:\/\/www.heldenhaushalt.de\/sari02\/#\/schema\/person\/a1cc69f42a01f412eb62c151353814f6"},"image":{"@id":"https:\/\/www.heldenhaushalt.de\/sari02\/index.php\/2012\/02\/17\/12-in-2012-die-kamera-und-ich-02\/#primaryimage"},"thumbnailUrl":"http:\/\/www.heldenhaushalt.de\/sari02\/wp-content\/uploads\/2012\/01\/header-foto.jpg","articleSection":["Fotografie"],"inLanguage":"de","potentialAction":[{"@type":"CommentAction","name":"Comment","target":["https:\/\/www.heldenhaushalt.de\/sari02\/index.php\/2012\/02\/17\/12-in-2012-die-kamera-und-ich-02\/#respond"]}]},{"@type":"WebPage","@id":"https:\/\/www.heldenhaushalt.de\/sari02\/index.php\/2012\/02\/17\/12-in-2012-die-kamera-und-ich-02\/","url":"https:\/\/www.heldenhaushalt.de\/sari02\/index.php\/2012\/02\/17\/12-in-2012-die-kamera-und-ich-02\/","name":"12 in 2012: Die Kamera und ich #02 - Heldenhaushalt","isPartOf":{"@id":"https:\/\/www.heldenhaushalt.de\/sari02\/#website"},"primaryImageOfPage":{"@id":"https:\/\/www.heldenhaushalt.de\/sari02\/index.php\/2012\/02\/17\/12-in-2012-die-kamera-und-ich-02\/#primaryimage"},"image":{"@id":"https:\/\/www.heldenhaushalt.de\/sari02\/index.php\/2012\/02\/17\/12-in-2012-die-kamera-und-ich-02\/#primaryimage"},"thumbnailUrl":"http:\/\/www.heldenhaushalt.de\/sari02\/wp-content\/uploads\/2012\/01\/header-foto.jpg","datePublished":"2012-02-17T07:00:53+00:00","description":"Auch Helden erleben den t\u00e4glichen Wahnsinn, den ein Alltag mit sich bringt und Frau Mondgras sitzt mittendrin. Berlinerin, Mutter, Ehefrau, Kreativling und auf der st\u00e4ndigen Suche nach Gl\u00fcck... Hier wird gen\u00e4ht, gebacken, gebastelt und auch mal \u00fcber den Alltag gemault.","breadcrumb":{"@id":"https:\/\/www.heldenhaushalt.de\/sari02\/index.php\/2012\/02\/17\/12-in-2012-die-kamera-und-ich-02\/#breadcrumb"},"inLanguage":"de","potentialAction":[{"@type":"ReadAction","target":["https:\/\/www.heldenhaushalt.de\/sari02\/index.php\/2012\/02\/17\/12-in-2012-die-kamera-und-ich-02\/"]}]},{"@type":"ImageObject","inLanguage":"de","@id":"https:\/\/www.heldenhaushalt.de\/sari02\/index.php\/2012\/02\/17\/12-in-2012-die-kamera-und-ich-02\/#primaryimage","url":"https:\/\/www.heldenhaushalt.de\/sari02\/wp-content\/uploads\/2012\/01\/header-foto.jpg","contentUrl":"https:\/\/www.heldenhaushalt.de\/sari02\/wp-content\/uploads\/2012\/01\/header-foto.jpg","width":1000,"height":313},{"@type":"BreadcrumbList","@id":"https:\/\/www.heldenhaushalt.de\/sari02\/index.php\/2012\/02\/17\/12-in-2012-die-kamera-und-ich-02\/#breadcrumb","itemListElement":[{"@type":"ListItem","position":1,"name":"Startseite","item":"https:\/\/www.heldenhaushalt.de\/sari02\/"},{"@type":"ListItem","position":2,"name":"12 in 2012: Die Kamera und ich #02"}]},{"@type":"WebSite","@id":"https:\/\/www.heldenhaushalt.de\/sari02\/#website","url":"https:\/\/www.heldenhaushalt.de\/sari02\/","name":"Heldenhaushalt","description":"Wer es ordentlich haben will, der muss vorher anrufen","publisher":{"@id":"https:\/\/www.heldenhaushalt.de\/sari02\/#\/schema\/person\/a1cc69f42a01f412eb62c151353814f6"},"potentialAction":[{"@type":"SearchAction","target":{"@type":"EntryPoint","urlTemplate":"https:\/\/www.heldenhaushalt.de\/sari02\/?s={search_term_string}"},"query-input":{"@type":"PropertyValueSpecification","valueRequired":true,"valueName":"search_term_string"}}],"inLanguage":"de"},{"@type":["Person","Organization"],"@id":"https:\/\/www.heldenhaushalt.de\/sari02\/#\/schema\/person\/a1cc69f42a01f412eb62c151353814f6","name":"Sari","image":{"@type":"ImageObject","inLanguage":"de","@id":"https:\/\/www.heldenhaushalt.de\/sari02\/wp-content\/uploads\/2019\/02\/sari-april2018.png","url":"https:\/\/www.heldenhaushalt.de\/sari02\/wp-content\/uploads\/2019\/02\/sari-april2018.png","contentUrl":"https:\/\/www.heldenhaushalt.de\/sari02\/wp-content\/uploads\/2019\/02\/sari-april2018.png","width":500,"height":500,"caption":"Sari"},"logo":{"@id":"https:\/\/www.heldenhaushalt.de\/sari02\/wp-content\/uploads\/2019\/02\/sari-april2018.png"},"description":"Frau Mondgras \u2013 Das bin ich, Sari. Gerne auch als Sari Mondgras bekannt und im Internet zu finden. 2-Fach-Mutter, Heldenehefrau, Kreativling, Harmonies\u00fcchtig und st\u00e4ndig auf der Suche nach Gl\u00fcck. Ich komme aus Berlin, bin hier aufgewachsen und lebe hier seit ich denken kann.","sameAs":["https:\/\/www.instagram.com\/heldenhaushalt\/"],"url":"https:\/\/www.heldenhaushalt.de\/sari02\/index.php\/author\/admin\/"}]}},"views":6405,"_links":{"self":[{"href":"https:\/\/www.heldenhaushalt.de\/sari02\/index.php\/wp-json\/wp\/v2\/posts\/13524","targetHints":{"allow":["GET"]}}],"collection":[{"href":"https:\/\/www.heldenhaushalt.de\/sari02\/index.php\/wp-json\/wp\/v2\/posts"}],"about":[{"href":"https:\/\/www.heldenhaushalt.de\/sari02\/index.php\/wp-json\/wp\/v2\/types\/post"}],"author":[{"embeddable":true,"href":"https:\/\/www.heldenhaushalt.de\/sari02\/index.php\/wp-json\/wp\/v2\/users\/1"}],"replies":[{"embeddable":true,"href":"https:\/\/www.heldenhaushalt.de\/sari02\/index.php\/wp-json\/wp\/v2\/comments?post=13524"}],"version-history":[{"count":2,"href":"https:\/\/www.heldenhaushalt.de\/sari02\/index.php\/wp-json\/wp\/v2\/posts\/13524\/revisions"}],"predecessor-version":[{"id":13688,"href":"https:\/\/www.heldenhaushalt.de\/sari02\/index.php\/wp-json\/wp\/v2\/posts\/13524\/revisions\/13688"}],"wp:attachment":[{"href":"https:\/\/www.heldenhaushalt.de\/sari02\/index.php\/wp-json\/wp\/v2\/media?parent=13524"}],"wp:term":[{"taxonomy":"category","embeddable":true,"href":"https:\/\/www.heldenhaushalt.de\/sari02\/index.php\/wp-json\/wp\/v2\/categories?post=13524"},{"taxonomy":"post_tag","embeddable":true,"href":"https:\/\/www.heldenhaushalt.de\/sari02\/index.php\/wp-json\/wp\/v2\/tags?post=13524"}],"curies":[{"name":"wp","href":"https:\/\/api.w.org\/{rel}","templated":true}]}}