{"id":15703,"date":"2012-08-24T15:18:43","date_gmt":"2012-08-24T13:18:43","guid":{"rendered":"http:\/\/www.mondgras.de\/sari02\/?p=15703"},"modified":"2012-08-24T14:20:47","modified_gmt":"2012-08-24T12:20:47","slug":"in-den-herbst-mit-ernstings-family","status":"publish","type":"post","link":"https:\/\/www.heldenhaushalt.de\/sari02\/index.php\/2012\/08\/24\/in-den-herbst-mit-ernstings-family\/","title":{"rendered":"In den Herbst mit Ernstings Family"},"content":{"rendered":"<p>Es ist mal wieder soweit. Zeit f&#252;r neue Trends, neue Farben, aber vor allem &#8211; Zeit f&#252;r w&#228;rmere Sachen, so bef&#252;rchte ich. In jedem Fall gab es mal wieder ein ganz wunderbares Paket von <a href=\"http:\/\/www.ernstings-family.de\/\" target=\"_blank\">Ernstings Family<\/a>, wo ich inzwischen &#252;brigens nicht mehr nurnoch Deko kaufe, sondern mehr und mehr auch an Klamotten f&#252;r mich finde&#8230;<\/p>\n<p><img loading=\"lazy\" decoding=\"async\" class=\"alignnone size-full wp-image-15704\" title=\"ernsting-herbst01\" src=\"http:\/\/www.heldenhaushalt.de\/sari02\/wp-content\/uploads\/2012\/08\/ernsting-herbst01.jpg\" alt=\"\" width=\"505\" height=\"418\" srcset=\"https:\/\/www.heldenhaushalt.de\/sari02\/wp-content\/uploads\/2012\/08\/ernsting-herbst01.jpg 505w, https:\/\/www.heldenhaushalt.de\/sari02\/wp-content\/uploads\/2012\/08\/ernsting-herbst01-300x248.jpg 300w\" sizes=\"auto, (max-width: 505px) 100vw, 505px\" \/><\/p>\n<p>Die Trendfarben diesen Herbst treffen in jedem Fall total meinen Geschmack. Das geht von Altrosa, &#252;ber Braun bis hin zu sch&#246;nen Petrol-Nuancen. Ich bin im Himmel, ehrlich. Dieses Mal gab es das Paket dann auch in Gr&#246;&#223;e 36 f&#252;r mich. Genau richtig, denn die Sachen passen alle durchweg perfekt! Und das war im Paket drin: Eine<a href=\"http:\/\/www.ernstings-family.de\/mode\/Gina-Damen-Hose,,,,231971,681215,,1.html\" target=\"_blank\"> petrol farbene Hose<\/a> mit passendem Langarmshirt, eine <a href=\"http:\/\/www.ernstings-family.de\/mode\/Gina-Damen-Strickjacke,,,,232485,679913,,1.html\" target=\"_blank\">Bl&#252;mchen-Print-Strickjacke<\/a>, eine Art<a href=\"http:\/\/www.ernstings-family.de\/mode\/Gina-Damen-Strickjacke,,,,232485,663641,,1.html\" target=\"_blank\"> hellgrauer Bolero<\/a>, ein <a href=\"http:\/\/www.ernstings-family.de\/mode\/Gina-Benotti-Damen-Guertel,,,,277956,665302,,1.html\" target=\"_blank\">brauner G&#252;rtel<\/a>, ein gebl&#252;mtes<a href=\"http:\/\/www.ernstings-family.de\/mode\/Gina-Damen-Millefleurs-Kleid,,,,231970,681239,,1.html\" target=\"_blank\"> Kleidchen im Knitterloock<\/a>, ein gro&#223;es Halstuch, <a href=\"http:\/\/www.ernstings-family.de\/mode\/Gina-Benotti-Damen-Kniestruempfe,,,,232488,681279,,1.html\" target=\"_blank\">graue Kniestr&#252;mpfe<\/a>, eine <a href=\"http:\/\/www.ernstings-family.de\/mode\/Gina-Damen-Kette,,,,232490,681277,,1.html\" target=\"_blank\">Kette<\/a> und eine wundersch&#246;ne, fuchsbraune <a href=\"http:\/\/www.ernstings-family.de\/mode\/Gina-Benotti-Damen-Tasche,,,,277956,665472,,1.html\" target=\"_blank\">Umh&#228;ngetasche<\/a>&#8230; alles absolut mein Geschmack!<\/p>\n<p><img loading=\"lazy\" decoding=\"async\" class=\"alignnone size-full wp-image-15705\" title=\"ernsting-herbst02\" src=\"http:\/\/www.heldenhaushalt.de\/sari02\/wp-content\/uploads\/2012\/08\/ernsting-herbst02.jpg\" alt=\"\" width=\"505\" height=\"418\" srcset=\"https:\/\/www.heldenhaushalt.de\/sari02\/wp-content\/uploads\/2012\/08\/ernsting-herbst02.jpg 505w, https:\/\/www.heldenhaushalt.de\/sari02\/wp-content\/uploads\/2012\/08\/ernsting-herbst02-300x248.jpg 300w\" sizes=\"auto, (max-width: 505px) 100vw, 505px\" \/><\/p>\n<p>Mein Lieblingsteil dieses Mal ist &#252;brigens das Kleid, das als dicker Knoten zu mir kam. An ihm hing eine kleine Anleitung, wie man den Knitterlook erhalten kann, wenn man das m&#246;chte. Sprich, eine Anleitung f&#252;r den Knoten *lach* Im ersten Moment habe ich gedacht, dass das ein Rundschal w&#228;re oder so <em>(der Mann &#252;brigens auch *drop* )<\/em>. Ich vermute aber stark, dass nicht nur das Kleid, welches es mir vom ersten Moment an angetan hatte, zu einem Lieblingsteil diesen Herbst wird, ich glaube fast, dass alle diesen Status erhalten werden. Ich bin in die Farben wirklich mehr als verliebt und wenn ich so in den <a href=\"http:\/\/www.ernstings-family.de\/kat\/damenmode-gina.html\" target=\"_blank\">Shop von Ernstings<\/a> schaue, dann gibt es da noch einiges mehr, das mich kuschelig durch den Herbst bringen k&#246;nnte. Wenn nicht sogar durch den Winter :) .<\/p>\n<p><img loading=\"lazy\" decoding=\"async\" class=\"alignnone size-full wp-image-15706\" title=\"ernsting-herbst03\" src=\"http:\/\/www.heldenhaushalt.de\/sari02\/wp-content\/uploads\/2012\/08\/ernsting-herbst03.jpg\" alt=\"\" width=\"505\" height=\"451\" srcset=\"https:\/\/www.heldenhaushalt.de\/sari02\/wp-content\/uploads\/2012\/08\/ernsting-herbst03.jpg 505w, https:\/\/www.heldenhaushalt.de\/sari02\/wp-content\/uploads\/2012\/08\/ernsting-herbst03-300x268.jpg 300w\" sizes=\"auto, (max-width: 505px) 100vw, 505px\" \/><\/p>\n","protected":false},"excerpt":{"rendered":"<p>Es ist mal wieder soweit. Zeit f&#252;r neue Trends, neue Farben, aber vor allem &#8211; Zeit f&#252;r w&#228;rmere Sachen, so bef&#252;rchte ich. In jedem Fall gab es mal wieder ein ganz wunderbares Paket von Ernstings Family, wo ich inzwischen &#252;brigens nicht mehr nurnoch Deko kaufe, sondern mehr und mehr auch an Klamotten f&#252;r mich finde&#8230; Die Trendfarben diesen Herbst treffen in jedem Fall total meinen Geschmack. Das geht von Altrosa, &#252;ber Braun bis hin zu sch&#246;nen Petrol-Nuancen. Ich bin im Himmel, ehrlich. Dieses Mal gab es das Paket dann auch in Gr&#246;&#223;e 36 f&#252;r mich. Genau richtig, denn die Sachen passen alle durchweg perfekt! Und das war im Paket drin: Eine petrol farbene Hose mit passendem Langarmshirt, eine Bl&#252;mchen-Print-Strickjacke, eine Art hellgrauer Bolero, ein brauner G&#252;rtel, ein gebl&#252;mtes Kleidchen im Knitterloock, ein gro&#223;es Halstuch, graue Kniestr&#252;mpfe, eine Kette und eine wundersch&#246;ne, fuchsbraune Umh&#228;ngetasche&#8230; alles absolut mein Geschmack! Mein Lieblingsteil dieses Mal ist &#252;brigens das Kleid, das als dicker Knoten zu mir kam. An ihm hing eine kleine Anleitung, wie man den Knitterlook erhalten kann, wenn man das m&#246;chte. Sprich, eine Anleitung f&#252;r den Knoten *lach* Im ersten Moment habe ich gedacht, dass das ein Rundschal w&#228;re oder so (der Mann &#252;brigens auch *drop* ). Ich vermute aber stark, dass nicht nur das Kleid, welches es mir vom ersten Moment an angetan hatte, zu einem Lieblingsteil diesen Herbst wird, ich glaube fast, dass alle diesen Status erhalten werden. Ich bin in die Farben wirklich mehr als verliebt und wenn ich so in den Shop von Ernstings schaue, dann gibt es da noch einiges mehr, das mich kuschelig durch den Herbst bringen k&#246;nnte. Wenn nicht sogar durch den Winter :) .<\/p>\n","protected":false},"author":1,"featured_media":0,"comment_status":"open","ping_status":"open","sticky":false,"template":"","format":"standard","meta":{"ngg_post_thumbnail":0,"footnotes":""},"categories":[53],"tags":[],"class_list":["post-15703","post","type-post","status-publish","format-standard","hentry","category-empfehlungen"],"yoast_head":"<!-- This site is optimized with the Yoast SEO plugin v27.5 - https:\/\/yoast.com\/product\/yoast-seo-wordpress\/ -->\n<title>In den Herbst mit Ernstings Family - Heldenhaushalt<\/title>\n<meta name=\"description\" content=\"Auch Helden erleben den t\u00e4glichen Wahnsinn, den ein Alltag mit sich bringt und Frau Mondgras sitzt mittendrin. Berlinerin, Mutter, Ehefrau, Kreativling und auf der st\u00e4ndigen Suche nach Gl\u00fcck... Hier wird gen\u00e4ht, gebacken, gebastelt und auch mal \u00fcber den Alltag gemault.\" \/>\n<meta name=\"robots\" content=\"index, follow, max-snippet:-1, max-image-preview:large, max-video-preview:-1\" \/>\n<link rel=\"canonical\" href=\"https:\/\/www.heldenhaushalt.de\/sari02\/index.php\/2012\/08\/24\/in-den-herbst-mit-ernstings-family\/\" \/>\n<meta property=\"og:locale\" content=\"de_DE\" \/>\n<meta property=\"og:type\" content=\"article\" \/>\n<meta property=\"og:title\" content=\"In den Herbst mit Ernstings Family - Heldenhaushalt\" \/>\n<meta property=\"og:description\" content=\"Auch Helden erleben den t\u00e4glichen Wahnsinn, den ein Alltag mit sich bringt und Frau Mondgras sitzt mittendrin. Berlinerin, Mutter, Ehefrau, Kreativling und auf der st\u00e4ndigen Suche nach Gl\u00fcck... Hier wird gen\u00e4ht, gebacken, gebastelt und auch mal \u00fcber den Alltag gemault.\" \/>\n<meta property=\"og:url\" content=\"https:\/\/www.heldenhaushalt.de\/sari02\/index.php\/2012\/08\/24\/in-den-herbst-mit-ernstings-family\/\" \/>\n<meta property=\"og:site_name\" content=\"Heldenhaushalt\" \/>\n<meta property=\"article:published_time\" content=\"2012-08-24T13:18:43+00:00\" \/>\n<meta property=\"og:image\" content=\"http:\/\/www.heldenhaushalt.de\/sari02\/wp-content\/uploads\/2012\/08\/ernsting-herbst01.jpg\" \/>\n<meta name=\"author\" content=\"Sari\" \/>\n<meta name=\"twitter:card\" content=\"summary_large_image\" \/>\n<meta name=\"twitter:creator\" content=\"@Heldenhaushalt\" \/>\n<meta name=\"twitter:site\" content=\"@Heldenhaushalt\" \/>\n<meta name=\"twitter:label1\" content=\"Verfasst von\" \/>\n\t<meta name=\"twitter:data1\" content=\"Sari\" \/>\n\t<meta name=\"twitter:label2\" content=\"Gesch\u00e4tzte Lesezeit\" \/>\n\t<meta name=\"twitter:data2\" content=\"1\u00a0Minute\" \/>\n<script type=\"application\/ld+json\" class=\"yoast-schema-graph\">{\"@context\":\"https:\\\/\\\/schema.org\",\"@graph\":[{\"@type\":\"Article\",\"@id\":\"https:\\\/\\\/www.heldenhaushalt.de\\\/sari02\\\/index.php\\\/2012\\\/08\\\/24\\\/in-den-herbst-mit-ernstings-family\\\/#article\",\"isPartOf\":{\"@id\":\"https:\\\/\\\/www.heldenhaushalt.de\\\/sari02\\\/index.php\\\/2012\\\/08\\\/24\\\/in-den-herbst-mit-ernstings-family\\\/\"},\"author\":{\"name\":\"Sari\",\"@id\":\"https:\\\/\\\/www.heldenhaushalt.de\\\/sari02\\\/#\\\/schema\\\/person\\\/a1cc69f42a01f412eb62c151353814f6\"},\"headline\":\"In den Herbst mit Ernstings Family\",\"datePublished\":\"2012-08-24T13:18:43+00:00\",\"mainEntityOfPage\":{\"@id\":\"https:\\\/\\\/www.heldenhaushalt.de\\\/sari02\\\/index.php\\\/2012\\\/08\\\/24\\\/in-den-herbst-mit-ernstings-family\\\/\"},\"wordCount\":300,\"commentCount\":9,\"publisher\":{\"@id\":\"https:\\\/\\\/www.heldenhaushalt.de\\\/sari02\\\/#\\\/schema\\\/person\\\/a1cc69f42a01f412eb62c151353814f6\"},\"image\":{\"@id\":\"https:\\\/\\\/www.heldenhaushalt.de\\\/sari02\\\/index.php\\\/2012\\\/08\\\/24\\\/in-den-herbst-mit-ernstings-family\\\/#primaryimage\"},\"thumbnailUrl\":\"http:\\\/\\\/www.heldenhaushalt.de\\\/sari02\\\/wp-content\\\/uploads\\\/2012\\\/08\\\/ernsting-herbst01.jpg\",\"articleSection\":[\"Empfehlungen\"],\"inLanguage\":\"de\",\"potentialAction\":[{\"@type\":\"CommentAction\",\"name\":\"Comment\",\"target\":[\"https:\\\/\\\/www.heldenhaushalt.de\\\/sari02\\\/index.php\\\/2012\\\/08\\\/24\\\/in-den-herbst-mit-ernstings-family\\\/#respond\"]}]},{\"@type\":\"WebPage\",\"@id\":\"https:\\\/\\\/www.heldenhaushalt.de\\\/sari02\\\/index.php\\\/2012\\\/08\\\/24\\\/in-den-herbst-mit-ernstings-family\\\/\",\"url\":\"https:\\\/\\\/www.heldenhaushalt.de\\\/sari02\\\/index.php\\\/2012\\\/08\\\/24\\\/in-den-herbst-mit-ernstings-family\\\/\",\"name\":\"In den Herbst mit Ernstings Family - Heldenhaushalt\",\"isPartOf\":{\"@id\":\"https:\\\/\\\/www.heldenhaushalt.de\\\/sari02\\\/#website\"},\"primaryImageOfPage\":{\"@id\":\"https:\\\/\\\/www.heldenhaushalt.de\\\/sari02\\\/index.php\\\/2012\\\/08\\\/24\\\/in-den-herbst-mit-ernstings-family\\\/#primaryimage\"},\"image\":{\"@id\":\"https:\\\/\\\/www.heldenhaushalt.de\\\/sari02\\\/index.php\\\/2012\\\/08\\\/24\\\/in-den-herbst-mit-ernstings-family\\\/#primaryimage\"},\"thumbnailUrl\":\"http:\\\/\\\/www.heldenhaushalt.de\\\/sari02\\\/wp-content\\\/uploads\\\/2012\\\/08\\\/ernsting-herbst01.jpg\",\"datePublished\":\"2012-08-24T13:18:43+00:00\",\"description\":\"Auch Helden erleben den t\u00e4glichen Wahnsinn, den ein Alltag mit sich bringt und Frau Mondgras sitzt mittendrin. Berlinerin, Mutter, Ehefrau, Kreativling und auf der st\u00e4ndigen Suche nach Gl\u00fcck... Hier wird gen\u00e4ht, gebacken, gebastelt und auch mal \u00fcber den Alltag gemault.\",\"breadcrumb\":{\"@id\":\"https:\\\/\\\/www.heldenhaushalt.de\\\/sari02\\\/index.php\\\/2012\\\/08\\\/24\\\/in-den-herbst-mit-ernstings-family\\\/#breadcrumb\"},\"inLanguage\":\"de\",\"potentialAction\":[{\"@type\":\"ReadAction\",\"target\":[\"https:\\\/\\\/www.heldenhaushalt.de\\\/sari02\\\/index.php\\\/2012\\\/08\\\/24\\\/in-den-herbst-mit-ernstings-family\\\/\"]}]},{\"@type\":\"ImageObject\",\"inLanguage\":\"de\",\"@id\":\"https:\\\/\\\/www.heldenhaushalt.de\\\/sari02\\\/index.php\\\/2012\\\/08\\\/24\\\/in-den-herbst-mit-ernstings-family\\\/#primaryimage\",\"url\":\"https:\\\/\\\/www.heldenhaushalt.de\\\/sari02\\\/wp-content\\\/uploads\\\/2012\\\/08\\\/ernsting-herbst01.jpg\",\"contentUrl\":\"https:\\\/\\\/www.heldenhaushalt.de\\\/sari02\\\/wp-content\\\/uploads\\\/2012\\\/08\\\/ernsting-herbst01.jpg\",\"width\":505,\"height\":418},{\"@type\":\"BreadcrumbList\",\"@id\":\"https:\\\/\\\/www.heldenhaushalt.de\\\/sari02\\\/index.php\\\/2012\\\/08\\\/24\\\/in-den-herbst-mit-ernstings-family\\\/#breadcrumb\",\"itemListElement\":[{\"@type\":\"ListItem\",\"position\":1,\"name\":\"Startseite\",\"item\":\"https:\\\/\\\/www.heldenhaushalt.de\\\/sari02\\\/\"},{\"@type\":\"ListItem\",\"position\":2,\"name\":\"In den Herbst mit Ernstings Family\"}]},{\"@type\":\"WebSite\",\"@id\":\"https:\\\/\\\/www.heldenhaushalt.de\\\/sari02\\\/#website\",\"url\":\"https:\\\/\\\/www.heldenhaushalt.de\\\/sari02\\\/\",\"name\":\"Heldenhaushalt\",\"description\":\"Wer es ordentlich haben will, der muss vorher anrufen\",\"publisher\":{\"@id\":\"https:\\\/\\\/www.heldenhaushalt.de\\\/sari02\\\/#\\\/schema\\\/person\\\/a1cc69f42a01f412eb62c151353814f6\"},\"potentialAction\":[{\"@type\":\"SearchAction\",\"target\":{\"@type\":\"EntryPoint\",\"urlTemplate\":\"https:\\\/\\\/www.heldenhaushalt.de\\\/sari02\\\/?s={search_term_string}\"},\"query-input\":{\"@type\":\"PropertyValueSpecification\",\"valueRequired\":true,\"valueName\":\"search_term_string\"}}],\"inLanguage\":\"de\"},{\"@type\":[\"Person\",\"Organization\"],\"@id\":\"https:\\\/\\\/www.heldenhaushalt.de\\\/sari02\\\/#\\\/schema\\\/person\\\/a1cc69f42a01f412eb62c151353814f6\",\"name\":\"Sari\",\"image\":{\"@type\":\"ImageObject\",\"inLanguage\":\"de\",\"@id\":\"https:\\\/\\\/www.heldenhaushalt.de\\\/sari02\\\/wp-content\\\/uploads\\\/2019\\\/02\\\/sari-april2018.png\",\"url\":\"https:\\\/\\\/www.heldenhaushalt.de\\\/sari02\\\/wp-content\\\/uploads\\\/2019\\\/02\\\/sari-april2018.png\",\"contentUrl\":\"https:\\\/\\\/www.heldenhaushalt.de\\\/sari02\\\/wp-content\\\/uploads\\\/2019\\\/02\\\/sari-april2018.png\",\"width\":500,\"height\":500,\"caption\":\"Sari\"},\"logo\":{\"@id\":\"https:\\\/\\\/www.heldenhaushalt.de\\\/sari02\\\/wp-content\\\/uploads\\\/2019\\\/02\\\/sari-april2018.png\"},\"description\":\"Frau Mondgras \u2013 Das bin ich, Sari. Gerne auch als Sari Mondgras bekannt und im Internet zu finden. 2-Fach-Mutter, Heldenehefrau, Kreativling, Harmonies\u00fcchtig und st\u00e4ndig auf der Suche nach Gl\u00fcck. Ich komme aus Berlin, bin hier aufgewachsen und lebe hier seit ich denken kann.\",\"sameAs\":[\"https:\\\/\\\/www.instagram.com\\\/heldenhaushalt\\\/\"],\"url\":\"https:\\\/\\\/www.heldenhaushalt.de\\\/sari02\\\/index.php\\\/author\\\/admin\\\/\"}]}<\/script>\n<!-- \/ Yoast SEO plugin. -->","yoast_head_json":{"title":"In den Herbst mit Ernstings Family - Heldenhaushalt","description":"Auch Helden erleben den t\u00e4glichen Wahnsinn, den ein Alltag mit sich bringt und Frau Mondgras sitzt mittendrin. Berlinerin, Mutter, Ehefrau, Kreativling und auf der st\u00e4ndigen Suche nach Gl\u00fcck... Hier wird gen\u00e4ht, gebacken, gebastelt und auch mal \u00fcber den Alltag gemault.","robots":{"index":"index","follow":"follow","max-snippet":"max-snippet:-1","max-image-preview":"max-image-preview:large","max-video-preview":"max-video-preview:-1"},"canonical":"https:\/\/www.heldenhaushalt.de\/sari02\/index.php\/2012\/08\/24\/in-den-herbst-mit-ernstings-family\/","og_locale":"de_DE","og_type":"article","og_title":"In den Herbst mit Ernstings Family - Heldenhaushalt","og_description":"Auch Helden erleben den t\u00e4glichen Wahnsinn, den ein Alltag mit sich bringt und Frau Mondgras sitzt mittendrin. Berlinerin, Mutter, Ehefrau, Kreativling und auf der st\u00e4ndigen Suche nach Gl\u00fcck... Hier wird gen\u00e4ht, gebacken, gebastelt und auch mal \u00fcber den Alltag gemault.","og_url":"https:\/\/www.heldenhaushalt.de\/sari02\/index.php\/2012\/08\/24\/in-den-herbst-mit-ernstings-family\/","og_site_name":"Heldenhaushalt","article_published_time":"2012-08-24T13:18:43+00:00","og_image":[{"url":"http:\/\/www.heldenhaushalt.de\/sari02\/wp-content\/uploads\/2012\/08\/ernsting-herbst01.jpg","type":"","width":"","height":""}],"author":"Sari","twitter_card":"summary_large_image","twitter_creator":"@Heldenhaushalt","twitter_site":"@Heldenhaushalt","twitter_misc":{"Verfasst von":"Sari","Gesch\u00e4tzte Lesezeit":"1\u00a0Minute"},"schema":{"@context":"https:\/\/schema.org","@graph":[{"@type":"Article","@id":"https:\/\/www.heldenhaushalt.de\/sari02\/index.php\/2012\/08\/24\/in-den-herbst-mit-ernstings-family\/#article","isPartOf":{"@id":"https:\/\/www.heldenhaushalt.de\/sari02\/index.php\/2012\/08\/24\/in-den-herbst-mit-ernstings-family\/"},"author":{"name":"Sari","@id":"https:\/\/www.heldenhaushalt.de\/sari02\/#\/schema\/person\/a1cc69f42a01f412eb62c151353814f6"},"headline":"In den Herbst mit Ernstings Family","datePublished":"2012-08-24T13:18:43+00:00","mainEntityOfPage":{"@id":"https:\/\/www.heldenhaushalt.de\/sari02\/index.php\/2012\/08\/24\/in-den-herbst-mit-ernstings-family\/"},"wordCount":300,"commentCount":9,"publisher":{"@id":"https:\/\/www.heldenhaushalt.de\/sari02\/#\/schema\/person\/a1cc69f42a01f412eb62c151353814f6"},"image":{"@id":"https:\/\/www.heldenhaushalt.de\/sari02\/index.php\/2012\/08\/24\/in-den-herbst-mit-ernstings-family\/#primaryimage"},"thumbnailUrl":"http:\/\/www.heldenhaushalt.de\/sari02\/wp-content\/uploads\/2012\/08\/ernsting-herbst01.jpg","articleSection":["Empfehlungen"],"inLanguage":"de","potentialAction":[{"@type":"CommentAction","name":"Comment","target":["https:\/\/www.heldenhaushalt.de\/sari02\/index.php\/2012\/08\/24\/in-den-herbst-mit-ernstings-family\/#respond"]}]},{"@type":"WebPage","@id":"https:\/\/www.heldenhaushalt.de\/sari02\/index.php\/2012\/08\/24\/in-den-herbst-mit-ernstings-family\/","url":"https:\/\/www.heldenhaushalt.de\/sari02\/index.php\/2012\/08\/24\/in-den-herbst-mit-ernstings-family\/","name":"In den Herbst mit Ernstings Family - Heldenhaushalt","isPartOf":{"@id":"https:\/\/www.heldenhaushalt.de\/sari02\/#website"},"primaryImageOfPage":{"@id":"https:\/\/www.heldenhaushalt.de\/sari02\/index.php\/2012\/08\/24\/in-den-herbst-mit-ernstings-family\/#primaryimage"},"image":{"@id":"https:\/\/www.heldenhaushalt.de\/sari02\/index.php\/2012\/08\/24\/in-den-herbst-mit-ernstings-family\/#primaryimage"},"thumbnailUrl":"http:\/\/www.heldenhaushalt.de\/sari02\/wp-content\/uploads\/2012\/08\/ernsting-herbst01.jpg","datePublished":"2012-08-24T13:18:43+00:00","description":"Auch Helden erleben den t\u00e4glichen Wahnsinn, den ein Alltag mit sich bringt und Frau Mondgras sitzt mittendrin. Berlinerin, Mutter, Ehefrau, Kreativling und auf der st\u00e4ndigen Suche nach Gl\u00fcck... Hier wird gen\u00e4ht, gebacken, gebastelt und auch mal \u00fcber den Alltag gemault.","breadcrumb":{"@id":"https:\/\/www.heldenhaushalt.de\/sari02\/index.php\/2012\/08\/24\/in-den-herbst-mit-ernstings-family\/#breadcrumb"},"inLanguage":"de","potentialAction":[{"@type":"ReadAction","target":["https:\/\/www.heldenhaushalt.de\/sari02\/index.php\/2012\/08\/24\/in-den-herbst-mit-ernstings-family\/"]}]},{"@type":"ImageObject","inLanguage":"de","@id":"https:\/\/www.heldenhaushalt.de\/sari02\/index.php\/2012\/08\/24\/in-den-herbst-mit-ernstings-family\/#primaryimage","url":"https:\/\/www.heldenhaushalt.de\/sari02\/wp-content\/uploads\/2012\/08\/ernsting-herbst01.jpg","contentUrl":"https:\/\/www.heldenhaushalt.de\/sari02\/wp-content\/uploads\/2012\/08\/ernsting-herbst01.jpg","width":505,"height":418},{"@type":"BreadcrumbList","@id":"https:\/\/www.heldenhaushalt.de\/sari02\/index.php\/2012\/08\/24\/in-den-herbst-mit-ernstings-family\/#breadcrumb","itemListElement":[{"@type":"ListItem","position":1,"name":"Startseite","item":"https:\/\/www.heldenhaushalt.de\/sari02\/"},{"@type":"ListItem","position":2,"name":"In den Herbst mit Ernstings Family"}]},{"@type":"WebSite","@id":"https:\/\/www.heldenhaushalt.de\/sari02\/#website","url":"https:\/\/www.heldenhaushalt.de\/sari02\/","name":"Heldenhaushalt","description":"Wer es ordentlich haben will, der muss vorher anrufen","publisher":{"@id":"https:\/\/www.heldenhaushalt.de\/sari02\/#\/schema\/person\/a1cc69f42a01f412eb62c151353814f6"},"potentialAction":[{"@type":"SearchAction","target":{"@type":"EntryPoint","urlTemplate":"https:\/\/www.heldenhaushalt.de\/sari02\/?s={search_term_string}"},"query-input":{"@type":"PropertyValueSpecification","valueRequired":true,"valueName":"search_term_string"}}],"inLanguage":"de"},{"@type":["Person","Organization"],"@id":"https:\/\/www.heldenhaushalt.de\/sari02\/#\/schema\/person\/a1cc69f42a01f412eb62c151353814f6","name":"Sari","image":{"@type":"ImageObject","inLanguage":"de","@id":"https:\/\/www.heldenhaushalt.de\/sari02\/wp-content\/uploads\/2019\/02\/sari-april2018.png","url":"https:\/\/www.heldenhaushalt.de\/sari02\/wp-content\/uploads\/2019\/02\/sari-april2018.png","contentUrl":"https:\/\/www.heldenhaushalt.de\/sari02\/wp-content\/uploads\/2019\/02\/sari-april2018.png","width":500,"height":500,"caption":"Sari"},"logo":{"@id":"https:\/\/www.heldenhaushalt.de\/sari02\/wp-content\/uploads\/2019\/02\/sari-april2018.png"},"description":"Frau Mondgras \u2013 Das bin ich, Sari. Gerne auch als Sari Mondgras bekannt und im Internet zu finden. 2-Fach-Mutter, Heldenehefrau, Kreativling, Harmonies\u00fcchtig und st\u00e4ndig auf der Suche nach Gl\u00fcck. Ich komme aus Berlin, bin hier aufgewachsen und lebe hier seit ich denken kann.","sameAs":["https:\/\/www.instagram.com\/heldenhaushalt\/"],"url":"https:\/\/www.heldenhaushalt.de\/sari02\/index.php\/author\/admin\/"}]}},"views":8781,"_links":{"self":[{"href":"https:\/\/www.heldenhaushalt.de\/sari02\/index.php\/wp-json\/wp\/v2\/posts\/15703","targetHints":{"allow":["GET"]}}],"collection":[{"href":"https:\/\/www.heldenhaushalt.de\/sari02\/index.php\/wp-json\/wp\/v2\/posts"}],"about":[{"href":"https:\/\/www.heldenhaushalt.de\/sari02\/index.php\/wp-json\/wp\/v2\/types\/post"}],"author":[{"embeddable":true,"href":"https:\/\/www.heldenhaushalt.de\/sari02\/index.php\/wp-json\/wp\/v2\/users\/1"}],"replies":[{"embeddable":true,"href":"https:\/\/www.heldenhaushalt.de\/sari02\/index.php\/wp-json\/wp\/v2\/comments?post=15703"}],"version-history":[{"count":2,"href":"https:\/\/www.heldenhaushalt.de\/sari02\/index.php\/wp-json\/wp\/v2\/posts\/15703\/revisions"}],"predecessor-version":[{"id":15709,"href":"https:\/\/www.heldenhaushalt.de\/sari02\/index.php\/wp-json\/wp\/v2\/posts\/15703\/revisions\/15709"}],"wp:attachment":[{"href":"https:\/\/www.heldenhaushalt.de\/sari02\/index.php\/wp-json\/wp\/v2\/media?parent=15703"}],"wp:term":[{"taxonomy":"category","embeddable":true,"href":"https:\/\/www.heldenhaushalt.de\/sari02\/index.php\/wp-json\/wp\/v2\/categories?post=15703"},{"taxonomy":"post_tag","embeddable":true,"href":"https:\/\/www.heldenhaushalt.de\/sari02\/index.php\/wp-json\/wp\/v2\/tags?post=15703"}],"curies":[{"name":"wp","href":"https:\/\/api.w.org\/{rel}","templated":true}]}}