{"id":18279,"date":"2013-03-11T07:35:11","date_gmt":"2013-03-11T06:35:11","guid":{"rendered":"http:\/\/www.mondgras.de\/sari02\/?p=18279"},"modified":"2013-03-11T06:47:51","modified_gmt":"2013-03-11T05:47:51","slug":"mein-fruhling-mit-ernstings-family-2013","status":"publish","type":"post","link":"https:\/\/www.heldenhaushalt.de\/sari02\/index.php\/2013\/03\/11\/mein-fruhling-mit-ernstings-family-2013\/","title":{"rendered":"Mein Fr&#252;hling mit Ernstings Family 2013"},"content":{"rendered":"<p>Bereits letztes Jahr wurde ich von<a href=\"http:\/\/www.ernstings-family.de\" target=\"_blank\"> Ernstings Family<\/a> mit einem schicken neuen Fr&#252;hling\/Sommer Outfit bedacht und auch in diesem Jahr erreichte mich wieder eine Wundert&#252;te voller Mode. Dieses Mal befanden sich ausschlie&#223;lich Teile der Gina-Collection darin und ich muss zugeben, ich wurde damit echt auf die Farb-Probe gestellt, denn wie Ihr ja inzwischen wisst, geh&#246;re ich ja eher zu den Dunkeltr&#228;gerinnen und taste mich so langsam aber sicher an andere, durchaus auch farbenfrohere Sachen heran. Hier gab es nun aber den Sprung ins kalte Wasser&#8230;<\/p>\n<p><a href=\"http:\/\/www.heldenhaushalt.de\/sari02\/wp-content\/uploads\/2013\/03\/ernstings01.jpg\"><img loading=\"lazy\" decoding=\"async\" class=\"alignnone size-full wp-image-18281\" alt=\"ernstings01\" src=\"http:\/\/www.heldenhaushalt.de\/sari02\/wp-content\/uploads\/2013\/03\/ernstings01.jpg\" width=\"505\" height=\"505\" srcset=\"https:\/\/www.heldenhaushalt.de\/sari02\/wp-content\/uploads\/2013\/03\/ernstings01.jpg 505w, https:\/\/www.heldenhaushalt.de\/sari02\/wp-content\/uploads\/2013\/03\/ernstings01-150x150.jpg 150w, https:\/\/www.heldenhaushalt.de\/sari02\/wp-content\/uploads\/2013\/03\/ernstings01-300x300.jpg 300w, https:\/\/www.heldenhaushalt.de\/sari02\/wp-content\/uploads\/2013\/03\/ernstings01-373x373.jpg 373w\" sizes=\"auto, (max-width: 505px) 100vw, 505px\" \/><\/a><\/p>\n<p>Pastell- und Neonfarben, soweit das Auge reicht. Ich liebe inzwischen Pastellt&#246;ne ja sehr, vor allem als Deko- und K&#252;chenutensilien in den eigenen vier W&#228;nden. Mich selber, so finde ich, kleidet so Helles ja eher weniger, weil ich von Natur aus sehr hell bin und das schnell mal wie eine Wasserleiche wirken kann. Das h&#228;lt mich nat&#252;rlich nicht davon ab, trotzdem alles einmal durchzuprobieren. Von Vorteil ist, zumindest in meinem Fall, dass durch die schwarzen Haare f&#252;r ein Kontrast gesorgt ist, der alles schon wieder in einem ganz neuen Licht erscheinen l&#228;sst. Ein<a href=\"http:\/\/www.ernstings-family.de\/mode\/Gina-Damen-T-Shirt,,,,231968,745786,,1.html\" target=\"_blank\"> wei&#223;es T-Shirt <\/a>mit Schmetterlingen drauf, die im Gesamtbild einen Totenkopf ergeben, kombiniert mit einem hellen Halstuch und einer seeeeehr hellblauen Caprihose&#8230;doch, ja, ich denke, das kann ich durchaus tragen. Die Hose finde ich sogar richtig toll. Stelle sie mir als Kontrast zu schwarzen Oberteilen hammerm&#228;&#223;ig vor&#8230; doch ja&#8230;ich bin &#252;berzeugt.<\/p>\n<p><img loading=\"lazy\" decoding=\"async\" class=\"alignnone size-full wp-image-18282\" alt=\"ernstings02\" src=\"http:\/\/www.heldenhaushalt.de\/sari02\/wp-content\/uploads\/2013\/03\/ernstings02.jpg\" width=\"505\" height=\"253\" srcset=\"https:\/\/www.heldenhaushalt.de\/sari02\/wp-content\/uploads\/2013\/03\/ernstings02.jpg 505w, https:\/\/www.heldenhaushalt.de\/sari02\/wp-content\/uploads\/2013\/03\/ernstings02-300x150.jpg 300w\" sizes=\"auto, (max-width: 505px) 100vw, 505px\" \/><\/p>\n<p>Etwas &#252;berrascht hat mich dann<a href=\"http:\/\/www.ernstings-family.de\/mode\/Gina-Damen-Blazer,,,,229542,745376,,1.html\" target=\"_blank\"> die Strickjacke<\/a>, die so gar nicht zum Stil der anderen Sachen aus meiner Sicht passen will, weil sie irgendwie auch von meiner Oma sein k&#246;nnte. Mein Stil, definitiv und auch meine Farben, aber halt so total anders als der Rest aus der T&#252;te. Ich stelle sie mir aber toll zu schwarzen Sommerkleidchen vor. Au&#223;erdem fand ich in der T&#252;te noch ein t&#252;rkises Top und einen hellen<a href=\"http:\/\/www.ernstings-family.de\/mode\/Gina-Damen-Strickpullover,,,,232485,738784,,1.html\" target=\"_blank\"> Kuschelpulli<\/a>, der mit farbigen F&#228;den durchzogen und hingen l&#228;nger als vorne ist, sowie einen Rundschal mit enormen Ausma&#223;en *lach* Aber das Highlight war wohl definitiv<a href=\"https:\/\/www.ernstings-family.de\/mode\/Gina-Benotti-Damen-Lacktasche,,,,320943,720949,,3.html\" target=\"_blank\"> die Tasche<\/a> dieses Mal *lach* Pinker als Pink, NEONPINK!! Ich glaube, ich werde sie lieben *lach* .<\/p>\n<p><img loading=\"lazy\" decoding=\"async\" class=\"alignnone size-full wp-image-18280\" alt=\"ernsting03\" src=\"http:\/\/www.heldenhaushalt.de\/sari02\/wp-content\/uploads\/2013\/03\/ernsting03.jpg\" width=\"505\" height=\"253\" srcset=\"https:\/\/www.heldenhaushalt.de\/sari02\/wp-content\/uploads\/2013\/03\/ernsting03.jpg 505w, https:\/\/www.heldenhaushalt.de\/sari02\/wp-content\/uploads\/2013\/03\/ernsting03-300x150.jpg 300w\" sizes=\"auto, (max-width: 505px) 100vw, 505px\" \/><\/p>\n<p>Ihr seht also, der Sommer wird kontrastreich und bunt, gleichzeitig aber auch sanft pastellig! Ein Dank an Ernstings mal wieder f&#252;r diese tolle Gelegenheit mich in neue Gefilde zu wagen. Bis jetzt hat jede Ernstings-Modesaison bei mir daf&#252;r gesorgt, dass ich etwas Neues gewagt habe und so ist es auch dieses Mal! Jetzt muss nur noch endlich der Fr&#252;hling kommen&#8230;<\/p>\n","protected":false},"excerpt":{"rendered":"<p>Bereits letztes Jahr wurde ich von Ernstings Family mit einem schicken neuen Fr&#252;hling\/Sommer Outfit bedacht und auch in diesem Jahr erreichte mich wieder eine Wundert&#252;te voller Mode. Dieses Mal befanden sich ausschlie&#223;lich Teile der Gina-Collection darin und ich muss zugeben, ich wurde damit echt auf die Farb-Probe gestellt, denn wie Ihr ja inzwischen wisst, geh&#246;re ich ja eher zu den Dunkeltr&#228;gerinnen und taste mich so langsam aber sicher an andere, durchaus auch farbenfrohere Sachen heran. Hier gab es nun aber den Sprung ins kalte Wasser&#8230; Pastell- und Neonfarben, soweit das Auge reicht. Ich liebe inzwischen Pastellt&#246;ne ja sehr, vor allem als Deko- und K&#252;chenutensilien in den eigenen vier W&#228;nden. Mich selber, so finde ich, kleidet so Helles ja eher weniger, weil ich von Natur aus sehr hell bin und das schnell mal wie eine Wasserleiche wirken kann. Das h&#228;lt mich nat&#252;rlich nicht davon ab, trotzdem alles einmal durchzuprobieren. Von Vorteil ist, zumindest in meinem Fall, dass durch die schwarzen Haare f&#252;r ein Kontrast gesorgt ist, der alles schon wieder in einem ganz neuen Licht erscheinen l&#228;sst. Ein wei&#223;es T-Shirt mit Schmetterlingen drauf, die im Gesamtbild einen Totenkopf ergeben, kombiniert mit einem hellen Halstuch und einer seeeeehr hellblauen Caprihose&#8230;doch, ja, ich denke, das kann ich durchaus tragen. Die Hose finde ich sogar richtig toll. Stelle sie mir als Kontrast zu schwarzen Oberteilen hammerm&#228;&#223;ig vor&#8230; doch ja&#8230;ich bin &#252;berzeugt. Etwas &#252;berrascht hat mich dann die Strickjacke, die so gar nicht zum Stil der anderen Sachen aus meiner Sicht passen will, weil sie irgendwie auch von meiner Oma sein k&#246;nnte. Mein Stil, definitiv und auch meine Farben, aber halt so total anders als der Rest aus der T&#252;te. Ich stelle sie mir aber toll zu schwarzen Sommerkleidchen vor. Au&#223;erdem fand ich in der T&#252;te noch ein t&#252;rkises Top und einen hellen Kuschelpulli, der mit farbigen F&#228;den durchzogen und hingen l&#228;nger als vorne ist, sowie einen Rundschal mit enormen Ausma&#223;en *lach* Aber das Highlight war wohl definitiv die Tasche dieses Mal *lach* Pinker als Pink, NEONPINK!! Ich glaube, ich werde sie lieben *lach* . Ihr seht also, der Sommer wird kontrastreich und bunt, gleichzeitig aber auch sanft pastellig! Ein Dank an Ernstings mal wieder f&#252;r diese tolle Gelegenheit mich in neue Gefilde zu wagen. Bis jetzt hat jede Ernstings-Modesaison bei mir daf&#252;r gesorgt, dass ich etwas Neues gewagt habe und so ist es auch dieses Mal! Jetzt muss nur noch endlich der Fr&#252;hling kommen&#8230;<\/p>\n","protected":false},"author":1,"featured_media":0,"comment_status":"open","ping_status":"open","sticky":false,"template":"","format":"standard","meta":{"ngg_post_thumbnail":0,"footnotes":""},"categories":[53],"tags":[],"class_list":["post-18279","post","type-post","status-publish","format-standard","hentry","category-empfehlungen"],"yoast_head":"<!-- This site is optimized with the Yoast SEO plugin v27.4 - https:\/\/yoast.com\/product\/yoast-seo-wordpress\/ -->\n<title>Mein Fr\u00fchling mit Ernstings Family 2013 - Heldenhaushalt<\/title>\n<meta name=\"description\" content=\"Auch Helden erleben den t\u00e4glichen Wahnsinn, den ein Alltag mit sich bringt und Frau Mondgras sitzt mittendrin. Berlinerin, Mutter, Ehefrau, Kreativling und auf der st\u00e4ndigen Suche nach Gl\u00fcck... Hier wird gen\u00e4ht, gebacken, gebastelt und auch mal \u00fcber den Alltag gemault.\" \/>\n<meta name=\"robots\" content=\"index, follow, max-snippet:-1, max-image-preview:large, max-video-preview:-1\" \/>\n<link rel=\"canonical\" href=\"https:\/\/www.heldenhaushalt.de\/sari02\/index.php\/2013\/03\/11\/mein-fruhling-mit-ernstings-family-2013\/\" \/>\n<meta property=\"og:locale\" content=\"de_DE\" \/>\n<meta property=\"og:type\" content=\"article\" \/>\n<meta property=\"og:title\" content=\"Mein Fr\u00fchling mit Ernstings Family 2013 - Heldenhaushalt\" \/>\n<meta property=\"og:description\" content=\"Auch Helden erleben den t\u00e4glichen Wahnsinn, den ein Alltag mit sich bringt und Frau Mondgras sitzt mittendrin. Berlinerin, Mutter, Ehefrau, Kreativling und auf der st\u00e4ndigen Suche nach Gl\u00fcck... Hier wird gen\u00e4ht, gebacken, gebastelt und auch mal \u00fcber den Alltag gemault.\" \/>\n<meta property=\"og:url\" content=\"https:\/\/www.heldenhaushalt.de\/sari02\/index.php\/2013\/03\/11\/mein-fruhling-mit-ernstings-family-2013\/\" \/>\n<meta property=\"og:site_name\" content=\"Heldenhaushalt\" \/>\n<meta property=\"article:published_time\" content=\"2013-03-11T06:35:11+00:00\" \/>\n<meta property=\"og:image\" content=\"http:\/\/www.heldenhaushalt.de\/sari02\/wp-content\/uploads\/2013\/03\/ernstings01.jpg\" \/>\n<meta name=\"author\" content=\"Sari\" \/>\n<meta name=\"twitter:card\" content=\"summary_large_image\" \/>\n<meta name=\"twitter:creator\" content=\"@Heldenhaushalt\" \/>\n<meta name=\"twitter:site\" content=\"@Heldenhaushalt\" \/>\n<meta name=\"twitter:label1\" content=\"Verfasst von\" \/>\n\t<meta name=\"twitter:data1\" content=\"Sari\" \/>\n\t<meta name=\"twitter:label2\" content=\"Gesch\u00e4tzte Lesezeit\" \/>\n\t<meta name=\"twitter:data2\" content=\"2\u00a0Minuten\" \/>\n<script type=\"application\/ld+json\" class=\"yoast-schema-graph\">{\"@context\":\"https:\\\/\\\/schema.org\",\"@graph\":[{\"@type\":\"Article\",\"@id\":\"https:\\\/\\\/www.heldenhaushalt.de\\\/sari02\\\/index.php\\\/2013\\\/03\\\/11\\\/mein-fruhling-mit-ernstings-family-2013\\\/#article\",\"isPartOf\":{\"@id\":\"https:\\\/\\\/www.heldenhaushalt.de\\\/sari02\\\/index.php\\\/2013\\\/03\\\/11\\\/mein-fruhling-mit-ernstings-family-2013\\\/\"},\"author\":{\"name\":\"Sari\",\"@id\":\"https:\\\/\\\/www.heldenhaushalt.de\\\/sari02\\\/#\\\/schema\\\/person\\\/a1cc69f42a01f412eb62c151353814f6\"},\"headline\":\"Mein Fr&#252;hling mit Ernstings Family 2013\",\"datePublished\":\"2013-03-11T06:35:11+00:00\",\"mainEntityOfPage\":{\"@id\":\"https:\\\/\\\/www.heldenhaushalt.de\\\/sari02\\\/index.php\\\/2013\\\/03\\\/11\\\/mein-fruhling-mit-ernstings-family-2013\\\/\"},\"wordCount\":433,\"commentCount\":10,\"publisher\":{\"@id\":\"https:\\\/\\\/www.heldenhaushalt.de\\\/sari02\\\/#\\\/schema\\\/person\\\/a1cc69f42a01f412eb62c151353814f6\"},\"image\":{\"@id\":\"https:\\\/\\\/www.heldenhaushalt.de\\\/sari02\\\/index.php\\\/2013\\\/03\\\/11\\\/mein-fruhling-mit-ernstings-family-2013\\\/#primaryimage\"},\"thumbnailUrl\":\"http:\\\/\\\/www.heldenhaushalt.de\\\/sari02\\\/wp-content\\\/uploads\\\/2013\\\/03\\\/ernstings01.jpg\",\"articleSection\":[\"Empfehlungen\"],\"inLanguage\":\"de\",\"potentialAction\":[{\"@type\":\"CommentAction\",\"name\":\"Comment\",\"target\":[\"https:\\\/\\\/www.heldenhaushalt.de\\\/sari02\\\/index.php\\\/2013\\\/03\\\/11\\\/mein-fruhling-mit-ernstings-family-2013\\\/#respond\"]}]},{\"@type\":\"WebPage\",\"@id\":\"https:\\\/\\\/www.heldenhaushalt.de\\\/sari02\\\/index.php\\\/2013\\\/03\\\/11\\\/mein-fruhling-mit-ernstings-family-2013\\\/\",\"url\":\"https:\\\/\\\/www.heldenhaushalt.de\\\/sari02\\\/index.php\\\/2013\\\/03\\\/11\\\/mein-fruhling-mit-ernstings-family-2013\\\/\",\"name\":\"Mein Fr\u00fchling mit Ernstings Family 2013 - Heldenhaushalt\",\"isPartOf\":{\"@id\":\"https:\\\/\\\/www.heldenhaushalt.de\\\/sari02\\\/#website\"},\"primaryImageOfPage\":{\"@id\":\"https:\\\/\\\/www.heldenhaushalt.de\\\/sari02\\\/index.php\\\/2013\\\/03\\\/11\\\/mein-fruhling-mit-ernstings-family-2013\\\/#primaryimage\"},\"image\":{\"@id\":\"https:\\\/\\\/www.heldenhaushalt.de\\\/sari02\\\/index.php\\\/2013\\\/03\\\/11\\\/mein-fruhling-mit-ernstings-family-2013\\\/#primaryimage\"},\"thumbnailUrl\":\"http:\\\/\\\/www.heldenhaushalt.de\\\/sari02\\\/wp-content\\\/uploads\\\/2013\\\/03\\\/ernstings01.jpg\",\"datePublished\":\"2013-03-11T06:35:11+00:00\",\"description\":\"Auch Helden erleben den t\u00e4glichen Wahnsinn, den ein Alltag mit sich bringt und Frau Mondgras sitzt mittendrin. Berlinerin, Mutter, Ehefrau, Kreativling und auf der st\u00e4ndigen Suche nach Gl\u00fcck... Hier wird gen\u00e4ht, gebacken, gebastelt und auch mal \u00fcber den Alltag gemault.\",\"breadcrumb\":{\"@id\":\"https:\\\/\\\/www.heldenhaushalt.de\\\/sari02\\\/index.php\\\/2013\\\/03\\\/11\\\/mein-fruhling-mit-ernstings-family-2013\\\/#breadcrumb\"},\"inLanguage\":\"de\",\"potentialAction\":[{\"@type\":\"ReadAction\",\"target\":[\"https:\\\/\\\/www.heldenhaushalt.de\\\/sari02\\\/index.php\\\/2013\\\/03\\\/11\\\/mein-fruhling-mit-ernstings-family-2013\\\/\"]}]},{\"@type\":\"ImageObject\",\"inLanguage\":\"de\",\"@id\":\"https:\\\/\\\/www.heldenhaushalt.de\\\/sari02\\\/index.php\\\/2013\\\/03\\\/11\\\/mein-fruhling-mit-ernstings-family-2013\\\/#primaryimage\",\"url\":\"http:\\\/\\\/www.heldenhaushalt.de\\\/sari02\\\/wp-content\\\/uploads\\\/2013\\\/03\\\/ernstings01.jpg\",\"contentUrl\":\"http:\\\/\\\/www.heldenhaushalt.de\\\/sari02\\\/wp-content\\\/uploads\\\/2013\\\/03\\\/ernstings01.jpg\"},{\"@type\":\"BreadcrumbList\",\"@id\":\"https:\\\/\\\/www.heldenhaushalt.de\\\/sari02\\\/index.php\\\/2013\\\/03\\\/11\\\/mein-fruhling-mit-ernstings-family-2013\\\/#breadcrumb\",\"itemListElement\":[{\"@type\":\"ListItem\",\"position\":1,\"name\":\"Startseite\",\"item\":\"https:\\\/\\\/www.heldenhaushalt.de\\\/sari02\\\/\"},{\"@type\":\"ListItem\",\"position\":2,\"name\":\"Mein Fr&#252;hling mit Ernstings Family 2013\"}]},{\"@type\":\"WebSite\",\"@id\":\"https:\\\/\\\/www.heldenhaushalt.de\\\/sari02\\\/#website\",\"url\":\"https:\\\/\\\/www.heldenhaushalt.de\\\/sari02\\\/\",\"name\":\"Heldenhaushalt\",\"description\":\"Wer es ordentlich haben will, der muss vorher anrufen\",\"publisher\":{\"@id\":\"https:\\\/\\\/www.heldenhaushalt.de\\\/sari02\\\/#\\\/schema\\\/person\\\/a1cc69f42a01f412eb62c151353814f6\"},\"potentialAction\":[{\"@type\":\"SearchAction\",\"target\":{\"@type\":\"EntryPoint\",\"urlTemplate\":\"https:\\\/\\\/www.heldenhaushalt.de\\\/sari02\\\/?s={search_term_string}\"},\"query-input\":{\"@type\":\"PropertyValueSpecification\",\"valueRequired\":true,\"valueName\":\"search_term_string\"}}],\"inLanguage\":\"de\"},{\"@type\":[\"Person\",\"Organization\"],\"@id\":\"https:\\\/\\\/www.heldenhaushalt.de\\\/sari02\\\/#\\\/schema\\\/person\\\/a1cc69f42a01f412eb62c151353814f6\",\"name\":\"Sari\",\"image\":{\"@type\":\"ImageObject\",\"inLanguage\":\"de\",\"@id\":\"https:\\\/\\\/www.heldenhaushalt.de\\\/sari02\\\/wp-content\\\/uploads\\\/2019\\\/02\\\/sari-april2018.png\",\"url\":\"https:\\\/\\\/www.heldenhaushalt.de\\\/sari02\\\/wp-content\\\/uploads\\\/2019\\\/02\\\/sari-april2018.png\",\"contentUrl\":\"https:\\\/\\\/www.heldenhaushalt.de\\\/sari02\\\/wp-content\\\/uploads\\\/2019\\\/02\\\/sari-april2018.png\",\"width\":500,\"height\":500,\"caption\":\"Sari\"},\"logo\":{\"@id\":\"https:\\\/\\\/www.heldenhaushalt.de\\\/sari02\\\/wp-content\\\/uploads\\\/2019\\\/02\\\/sari-april2018.png\"},\"description\":\"Frau Mondgras \u2013 Das bin ich, Sari. Gerne auch als Sari Mondgras bekannt und im Internet zu finden. 2-Fach-Mutter, Heldenehefrau, Kreativling, Harmonies\u00fcchtig und st\u00e4ndig auf der Suche nach Gl\u00fcck. Ich komme aus Berlin, bin hier aufgewachsen und lebe hier seit ich denken kann.\",\"sameAs\":[\"https:\\\/\\\/www.instagram.com\\\/heldenhaushalt\\\/\"],\"url\":\"https:\\\/\\\/www.heldenhaushalt.de\\\/sari02\\\/index.php\\\/author\\\/admin\\\/\"}]}<\/script>\n<!-- \/ Yoast SEO plugin. -->","yoast_head_json":{"title":"Mein Fr\u00fchling mit Ernstings Family 2013 - Heldenhaushalt","description":"Auch Helden erleben den t\u00e4glichen Wahnsinn, den ein Alltag mit sich bringt und Frau Mondgras sitzt mittendrin. Berlinerin, Mutter, Ehefrau, Kreativling und auf der st\u00e4ndigen Suche nach Gl\u00fcck... Hier wird gen\u00e4ht, gebacken, gebastelt und auch mal \u00fcber den Alltag gemault.","robots":{"index":"index","follow":"follow","max-snippet":"max-snippet:-1","max-image-preview":"max-image-preview:large","max-video-preview":"max-video-preview:-1"},"canonical":"https:\/\/www.heldenhaushalt.de\/sari02\/index.php\/2013\/03\/11\/mein-fruhling-mit-ernstings-family-2013\/","og_locale":"de_DE","og_type":"article","og_title":"Mein Fr\u00fchling mit Ernstings Family 2013 - Heldenhaushalt","og_description":"Auch Helden erleben den t\u00e4glichen Wahnsinn, den ein Alltag mit sich bringt und Frau Mondgras sitzt mittendrin. Berlinerin, Mutter, Ehefrau, Kreativling und auf der st\u00e4ndigen Suche nach Gl\u00fcck... Hier wird gen\u00e4ht, gebacken, gebastelt und auch mal \u00fcber den Alltag gemault.","og_url":"https:\/\/www.heldenhaushalt.de\/sari02\/index.php\/2013\/03\/11\/mein-fruhling-mit-ernstings-family-2013\/","og_site_name":"Heldenhaushalt","article_published_time":"2013-03-11T06:35:11+00:00","og_image":[{"url":"http:\/\/www.heldenhaushalt.de\/sari02\/wp-content\/uploads\/2013\/03\/ernstings01.jpg","type":"","width":"","height":""}],"author":"Sari","twitter_card":"summary_large_image","twitter_creator":"@Heldenhaushalt","twitter_site":"@Heldenhaushalt","twitter_misc":{"Verfasst von":"Sari","Gesch\u00e4tzte Lesezeit":"2\u00a0Minuten"},"schema":{"@context":"https:\/\/schema.org","@graph":[{"@type":"Article","@id":"https:\/\/www.heldenhaushalt.de\/sari02\/index.php\/2013\/03\/11\/mein-fruhling-mit-ernstings-family-2013\/#article","isPartOf":{"@id":"https:\/\/www.heldenhaushalt.de\/sari02\/index.php\/2013\/03\/11\/mein-fruhling-mit-ernstings-family-2013\/"},"author":{"name":"Sari","@id":"https:\/\/www.heldenhaushalt.de\/sari02\/#\/schema\/person\/a1cc69f42a01f412eb62c151353814f6"},"headline":"Mein Fr&#252;hling mit Ernstings Family 2013","datePublished":"2013-03-11T06:35:11+00:00","mainEntityOfPage":{"@id":"https:\/\/www.heldenhaushalt.de\/sari02\/index.php\/2013\/03\/11\/mein-fruhling-mit-ernstings-family-2013\/"},"wordCount":433,"commentCount":10,"publisher":{"@id":"https:\/\/www.heldenhaushalt.de\/sari02\/#\/schema\/person\/a1cc69f42a01f412eb62c151353814f6"},"image":{"@id":"https:\/\/www.heldenhaushalt.de\/sari02\/index.php\/2013\/03\/11\/mein-fruhling-mit-ernstings-family-2013\/#primaryimage"},"thumbnailUrl":"http:\/\/www.heldenhaushalt.de\/sari02\/wp-content\/uploads\/2013\/03\/ernstings01.jpg","articleSection":["Empfehlungen"],"inLanguage":"de","potentialAction":[{"@type":"CommentAction","name":"Comment","target":["https:\/\/www.heldenhaushalt.de\/sari02\/index.php\/2013\/03\/11\/mein-fruhling-mit-ernstings-family-2013\/#respond"]}]},{"@type":"WebPage","@id":"https:\/\/www.heldenhaushalt.de\/sari02\/index.php\/2013\/03\/11\/mein-fruhling-mit-ernstings-family-2013\/","url":"https:\/\/www.heldenhaushalt.de\/sari02\/index.php\/2013\/03\/11\/mein-fruhling-mit-ernstings-family-2013\/","name":"Mein Fr\u00fchling mit Ernstings Family 2013 - Heldenhaushalt","isPartOf":{"@id":"https:\/\/www.heldenhaushalt.de\/sari02\/#website"},"primaryImageOfPage":{"@id":"https:\/\/www.heldenhaushalt.de\/sari02\/index.php\/2013\/03\/11\/mein-fruhling-mit-ernstings-family-2013\/#primaryimage"},"image":{"@id":"https:\/\/www.heldenhaushalt.de\/sari02\/index.php\/2013\/03\/11\/mein-fruhling-mit-ernstings-family-2013\/#primaryimage"},"thumbnailUrl":"http:\/\/www.heldenhaushalt.de\/sari02\/wp-content\/uploads\/2013\/03\/ernstings01.jpg","datePublished":"2013-03-11T06:35:11+00:00","description":"Auch Helden erleben den t\u00e4glichen Wahnsinn, den ein Alltag mit sich bringt und Frau Mondgras sitzt mittendrin. Berlinerin, Mutter, Ehefrau, Kreativling und auf der st\u00e4ndigen Suche nach Gl\u00fcck... Hier wird gen\u00e4ht, gebacken, gebastelt und auch mal \u00fcber den Alltag gemault.","breadcrumb":{"@id":"https:\/\/www.heldenhaushalt.de\/sari02\/index.php\/2013\/03\/11\/mein-fruhling-mit-ernstings-family-2013\/#breadcrumb"},"inLanguage":"de","potentialAction":[{"@type":"ReadAction","target":["https:\/\/www.heldenhaushalt.de\/sari02\/index.php\/2013\/03\/11\/mein-fruhling-mit-ernstings-family-2013\/"]}]},{"@type":"ImageObject","inLanguage":"de","@id":"https:\/\/www.heldenhaushalt.de\/sari02\/index.php\/2013\/03\/11\/mein-fruhling-mit-ernstings-family-2013\/#primaryimage","url":"http:\/\/www.heldenhaushalt.de\/sari02\/wp-content\/uploads\/2013\/03\/ernstings01.jpg","contentUrl":"http:\/\/www.heldenhaushalt.de\/sari02\/wp-content\/uploads\/2013\/03\/ernstings01.jpg"},{"@type":"BreadcrumbList","@id":"https:\/\/www.heldenhaushalt.de\/sari02\/index.php\/2013\/03\/11\/mein-fruhling-mit-ernstings-family-2013\/#breadcrumb","itemListElement":[{"@type":"ListItem","position":1,"name":"Startseite","item":"https:\/\/www.heldenhaushalt.de\/sari02\/"},{"@type":"ListItem","position":2,"name":"Mein Fr&#252;hling mit Ernstings Family 2013"}]},{"@type":"WebSite","@id":"https:\/\/www.heldenhaushalt.de\/sari02\/#website","url":"https:\/\/www.heldenhaushalt.de\/sari02\/","name":"Heldenhaushalt","description":"Wer es ordentlich haben will, der muss vorher anrufen","publisher":{"@id":"https:\/\/www.heldenhaushalt.de\/sari02\/#\/schema\/person\/a1cc69f42a01f412eb62c151353814f6"},"potentialAction":[{"@type":"SearchAction","target":{"@type":"EntryPoint","urlTemplate":"https:\/\/www.heldenhaushalt.de\/sari02\/?s={search_term_string}"},"query-input":{"@type":"PropertyValueSpecification","valueRequired":true,"valueName":"search_term_string"}}],"inLanguage":"de"},{"@type":["Person","Organization"],"@id":"https:\/\/www.heldenhaushalt.de\/sari02\/#\/schema\/person\/a1cc69f42a01f412eb62c151353814f6","name":"Sari","image":{"@type":"ImageObject","inLanguage":"de","@id":"https:\/\/www.heldenhaushalt.de\/sari02\/wp-content\/uploads\/2019\/02\/sari-april2018.png","url":"https:\/\/www.heldenhaushalt.de\/sari02\/wp-content\/uploads\/2019\/02\/sari-april2018.png","contentUrl":"https:\/\/www.heldenhaushalt.de\/sari02\/wp-content\/uploads\/2019\/02\/sari-april2018.png","width":500,"height":500,"caption":"Sari"},"logo":{"@id":"https:\/\/www.heldenhaushalt.de\/sari02\/wp-content\/uploads\/2019\/02\/sari-april2018.png"},"description":"Frau Mondgras \u2013 Das bin ich, Sari. Gerne auch als Sari Mondgras bekannt und im Internet zu finden. 2-Fach-Mutter, Heldenehefrau, Kreativling, Harmonies\u00fcchtig und st\u00e4ndig auf der Suche nach Gl\u00fcck. Ich komme aus Berlin, bin hier aufgewachsen und lebe hier seit ich denken kann.","sameAs":["https:\/\/www.instagram.com\/heldenhaushalt\/"],"url":"https:\/\/www.heldenhaushalt.de\/sari02\/index.php\/author\/admin\/"}]}},"views":7322,"_links":{"self":[{"href":"https:\/\/www.heldenhaushalt.de\/sari02\/index.php\/wp-json\/wp\/v2\/posts\/18279","targetHints":{"allow":["GET"]}}],"collection":[{"href":"https:\/\/www.heldenhaushalt.de\/sari02\/index.php\/wp-json\/wp\/v2\/posts"}],"about":[{"href":"https:\/\/www.heldenhaushalt.de\/sari02\/index.php\/wp-json\/wp\/v2\/types\/post"}],"author":[{"embeddable":true,"href":"https:\/\/www.heldenhaushalt.de\/sari02\/index.php\/wp-json\/wp\/v2\/users\/1"}],"replies":[{"embeddable":true,"href":"https:\/\/www.heldenhaushalt.de\/sari02\/index.php\/wp-json\/wp\/v2\/comments?post=18279"}],"version-history":[{"count":5,"href":"https:\/\/www.heldenhaushalt.de\/sari02\/index.php\/wp-json\/wp\/v2\/posts\/18279\/revisions"}],"predecessor-version":[{"id":18303,"href":"https:\/\/www.heldenhaushalt.de\/sari02\/index.php\/wp-json\/wp\/v2\/posts\/18279\/revisions\/18303"}],"wp:attachment":[{"href":"https:\/\/www.heldenhaushalt.de\/sari02\/index.php\/wp-json\/wp\/v2\/media?parent=18279"}],"wp:term":[{"taxonomy":"category","embeddable":true,"href":"https:\/\/www.heldenhaushalt.de\/sari02\/index.php\/wp-json\/wp\/v2\/categories?post=18279"},{"taxonomy":"post_tag","embeddable":true,"href":"https:\/\/www.heldenhaushalt.de\/sari02\/index.php\/wp-json\/wp\/v2\/tags?post=18279"}],"curies":[{"name":"wp","href":"https:\/\/api.w.org\/{rel}","templated":true}]}}