{"id":20026,"date":"2013-08-06T07:58:00","date_gmt":"2013-08-06T05:58:00","guid":{"rendered":"http:\/\/www.mondgras.de\/sari02\/?p=20026"},"modified":"2013-08-06T07:42:04","modified_gmt":"2013-08-06T05:42:04","slug":"miniheldsche-abendlektre","status":"publish","type":"post","link":"https:\/\/www.heldenhaushalt.de\/sari02\/index.php\/2013\/08\/06\/miniheldsche-abendlektre\/","title":{"rendered":"Miniheld&#8217;sche Abendlekt&#252;re&#8230;"},"content":{"rendered":"<p>Vor einiger Zeit haben wir ja den abendlichen Rhytmus des Minihelden etwas ver&#228;ndert, da er mit Albtr&#228;umen anfing, oft nachts wach wurde und insgesamt einen sehr unruhigen Schlaf hatte. Wir gingen dazu &#252;ber jeden Abend knapp 1 Stunde, bevor er schlafen sollte, mit ihm Geschichten zu lesen, &#252;ber den Tag und Erlebtes zu sprechen, ein bisschen zu kuscheln und ruhige Musik zu h&#246;ren, um ihm dann am Ende noch etwas Zeit zum Einschlafen alleine in seinem Zimmer zu geben&#8230;<\/p>\n<p>Anf&#228;nglich kam er ja immer wieder weinend raus, wollte, dass wir bei ihm am Bett blieben, aber dann geschah es pl&#246;tzlich, dass er abends, nach dem kleinen Abendsnack, aufsprang mit den Worten &#8220;Und jetzt Bett&#8221; und Richtung Kinderzimmer verschwand, wo ich ihn dann mit der Nachtwindel und seinem Lieblingsbuch vorfand&#8230;<\/p>\n<p>Ich wei&#223; noch, als ich damals schwanger war, da standen wir im Buchladen und ich entdeckte das Buch von &#8220;<a href=\"http:\/\/www.amazon.de\/gp\/product\/3473323713\/ref=as_li_tf_tl?ie=UTF8&amp;camp=2514&amp;creative=9386&amp;creativeASIN=3473323713&amp;link_code=as3&amp;tag=mondgrasde-21\" target=\"_blank\">Piggeldy und Frederick<\/a>&#8221; mit 10 kurzen Geschichten, die nicht l&#228;nger als 5 Minuten dauerten. Nostalgie pur, immerhin gibt es <a href=\"http:\/\/de.wikipedia.org\/wiki\/Piggeldy_und_Frederick\" target=\"_blank\">die Zwei<\/a> schon seit &#252;ber 30 Jahren und wer hat nicht abends das Sandm&#228;nnchen geschaut und somit auch schon die eine oder andere Folge mit den 2 Schweinen gesehen. Eigentlich sind sie ja ziemlich nervig. Der eine total in der &#8220;<em>Warum<\/em>&#8220;- Phase, w&#228;hrend der andere die Weisheit scheinbar mit L&#246;ffeln zu sich genommen hat&#8230; aber dennoch. Ich f&#252;hlte mich so sehr an meine eigene Kindheit erinnert und mit einem Baby im Bauch, da ist man manchmal so unbedacht&#8230; Na jedenfalls, das Ende vom Lied war, dass ich das Buch kaufte&#8230;<\/p>\n<p>Ich h&#228;tte mir damals niemals tr&#228;umen lassen, dass ausgerechnet dieses Buch nun zum Muss f&#252;r den Minihelden geworden ist und er mir teilweise schon selber die Geschichten inzwischen vorliest, wenn wir abends am Bett sitzen. Es war wirklich nur eine Frage der Zeit, bis der Held und ich beschlossen, dass wir mal nach weiteren B&#252;chern von den Beiden Ausschau halten mussten und ja, <a href=\"http:\/\/www.amazon.de\/gp\/product\/347344572X\/ref=as_li_tf_tl?ie=UTF8&amp;camp=2514&amp;creative=9386&amp;creativeASIN=347344572X&amp;link_code=as3&amp;tag=mondgrasde-21\" target=\"_blank\">wir wurden f&#252;ndig<\/a>&#8230;<\/p>\n<p><img loading=\"lazy\" decoding=\"async\" class=\"alignnone size-full wp-image-20027\" alt=\"lieblingsbuch\" src=\"http:\/\/www.heldenhaushalt.de\/sari02\/wp-content\/uploads\/2013\/07\/lieblingsbuch.jpg\" width=\"505\" height=\"353\" srcset=\"https:\/\/www.heldenhaushalt.de\/sari02\/wp-content\/uploads\/2013\/07\/lieblingsbuch.jpg 505w, https:\/\/www.heldenhaushalt.de\/sari02\/wp-content\/uploads\/2013\/07\/lieblingsbuch-300x210.jpg 300w\" sizes=\"auto, (max-width: 505px) 100vw, 505px\" \/><\/p>\n<p>Ich wei&#223; nicht, ob ich Euch erz&#228;hlen muss, wie gro&#223; die Freude des Minihelden war, als wir die Versandverpackung &#246;ffneten und ihn ein neues Buch anl&#228;chelte. Sofort vorlesen sollten wir, aber nein, jeden Abend gibt es nur eine Geschichte. Ich bin so gl&#252;cklich dar&#252;ber, dass der Kleine die Liebe f&#252;r das Vorlesen entdeckt hat und eigentlich schon alles mitsprechen kann. Ich hatte auch solche B&#252;cher, die ich quasi auswendig konnte. Bei meiner Schwester war es zum Beispiel der &#8220;Regenbogenfisch&#8221; und ich konnte\u00a0 ein Buch &#252;ber einen K&#246;nig, der gerne wie ein Vogel fliegen wollte in und auswendig&#8230;<\/p>\n<p>Ich finde es spannend, wie sich alles immer und immer wiederholt. Wie ist das bei Euch? Gab es in Eurer Kindheit auch ein Buch, das Ihr auswendig konntet, obwohl ihr noch nicht lesen konntet.<\/p>\n","protected":false},"excerpt":{"rendered":"<p>Vor einiger Zeit haben wir ja den abendlichen Rhytmus des Minihelden etwas ver&#228;ndert, da er mit Albtr&#228;umen anfing, oft nachts wach wurde und insgesamt einen sehr unruhigen Schlaf hatte. Wir gingen dazu &#252;ber jeden Abend knapp 1 Stunde, bevor er schlafen sollte, mit ihm Geschichten zu lesen, &#252;ber den Tag und Erlebtes zu sprechen, ein bisschen zu kuscheln und ruhige Musik zu h&#246;ren, um ihm dann am Ende noch etwas Zeit zum Einschlafen alleine in seinem Zimmer zu geben&#8230; Anf&#228;nglich kam er ja immer wieder weinend raus, wollte, dass wir bei ihm am Bett blieben, aber dann geschah es pl&#246;tzlich, dass er abends, nach dem kleinen Abendsnack, aufsprang mit den Worten &#8220;Und jetzt Bett&#8221; und Richtung Kinderzimmer verschwand, wo ich ihn dann mit der Nachtwindel und seinem Lieblingsbuch vorfand&#8230; Ich wei&#223; noch, als ich damals schwanger war, da standen wir im Buchladen und ich entdeckte das Buch von &#8220;Piggeldy und Frederick&#8221; mit 10 kurzen Geschichten, die nicht l&#228;nger als 5 Minuten dauerten. Nostalgie pur, immerhin gibt es die Zwei schon seit &#252;ber 30 Jahren und wer hat nicht abends das Sandm&#228;nnchen geschaut und somit auch schon die eine oder andere Folge mit den 2 Schweinen gesehen. Eigentlich sind sie ja ziemlich nervig. Der eine total in der &#8220;Warum&#8220;- Phase, w&#228;hrend der andere die Weisheit scheinbar mit L&#246;ffeln zu sich genommen hat&#8230; aber dennoch. Ich f&#252;hlte mich so sehr an meine eigene Kindheit erinnert und mit einem Baby im Bauch, da ist man manchmal so unbedacht&#8230; Na jedenfalls, das Ende vom Lied war, dass ich das Buch kaufte&#8230; Ich h&#228;tte mir damals niemals tr&#228;umen lassen, dass ausgerechnet dieses Buch nun zum Muss f&#252;r den Minihelden geworden ist und er mir teilweise schon selber die Geschichten inzwischen vorliest, wenn wir abends am Bett sitzen. Es war wirklich nur eine Frage der Zeit, bis der Held und ich beschlossen, dass wir mal nach weiteren B&#252;chern von den Beiden Ausschau halten mussten und ja, wir wurden f&#252;ndig&#8230; Ich wei&#223; nicht, ob ich Euch erz&#228;hlen muss, wie gro&#223; die Freude des Minihelden war, als wir die Versandverpackung &#246;ffneten und ihn ein neues Buch anl&#228;chelte. Sofort vorlesen sollten wir, aber nein, jeden Abend gibt es nur eine Geschichte. Ich bin so gl&#252;cklich dar&#252;ber, dass der Kleine die Liebe f&#252;r das Vorlesen entdeckt hat und eigentlich schon alles mitsprechen kann. Ich hatte auch solche B&#252;cher, die ich quasi auswendig konnte. Bei meiner Schwester war es zum Beispiel der &#8220;Regenbogenfisch&#8221; und ich konnte\u00a0 ein Buch &#252;ber einen K&#246;nig, der gerne wie ein Vogel fliegen wollte in und auswendig&#8230; Ich finde es spannend, wie sich alles immer und immer wiederholt. Wie ist das bei Euch? Gab es in Eurer Kindheit auch ein Buch, das Ihr auswendig konntet, obwohl ihr noch nicht lesen konntet.<\/p>\n","protected":false},"author":1,"featured_media":0,"comment_status":"open","ping_status":"open","sticky":false,"template":"","format":"standard","meta":{"ngg_post_thumbnail":0,"footnotes":""},"categories":[53,321],"tags":[],"class_list":["post-20026","post","type-post","status-publish","format-standard","hentry","category-empfehlungen","category-minimum"],"yoast_head":"<!-- This site is optimized with the Yoast SEO plugin v27.5 - https:\/\/yoast.com\/product\/yoast-seo-wordpress\/ -->\n<title>Miniheld&#8217;sche Abendlekt&#252;re&#8230; - Heldenhaushalt<\/title>\n<meta name=\"description\" content=\"Auch Helden erleben den t\u00e4glichen Wahnsinn, den ein Alltag mit sich bringt und Frau Mondgras sitzt mittendrin. Berlinerin, Mutter, Ehefrau, Kreativling und auf der st\u00e4ndigen Suche nach Gl\u00fcck... Hier wird gen\u00e4ht, gebacken, gebastelt und auch mal \u00fcber den Alltag gemault.\" \/>\n<meta name=\"robots\" content=\"index, follow, max-snippet:-1, max-image-preview:large, max-video-preview:-1\" \/>\n<link rel=\"canonical\" href=\"https:\/\/www.heldenhaushalt.de\/sari02\/index.php\/2013\/08\/06\/miniheldsche-abendlektre\/\" \/>\n<meta property=\"og:locale\" content=\"de_DE\" \/>\n<meta property=\"og:type\" content=\"article\" \/>\n<meta property=\"og:title\" content=\"Miniheld&#8217;sche Abendlekt&#252;re&#8230; - Heldenhaushalt\" \/>\n<meta property=\"og:description\" content=\"Auch Helden erleben den t\u00e4glichen Wahnsinn, den ein Alltag mit sich bringt und Frau Mondgras sitzt mittendrin. Berlinerin, Mutter, Ehefrau, Kreativling und auf der st\u00e4ndigen Suche nach Gl\u00fcck... Hier wird gen\u00e4ht, gebacken, gebastelt und auch mal \u00fcber den Alltag gemault.\" \/>\n<meta property=\"og:url\" content=\"https:\/\/www.heldenhaushalt.de\/sari02\/index.php\/2013\/08\/06\/miniheldsche-abendlektre\/\" \/>\n<meta property=\"og:site_name\" content=\"Heldenhaushalt\" \/>\n<meta property=\"article:published_time\" content=\"2013-08-06T05:58:00+00:00\" \/>\n<meta property=\"og:image\" content=\"http:\/\/www.heldenhaushalt.de\/sari02\/wp-content\/uploads\/2013\/07\/lieblingsbuch.jpg\" \/>\n<meta name=\"author\" content=\"Sari\" \/>\n<meta name=\"twitter:card\" content=\"summary_large_image\" \/>\n<meta name=\"twitter:creator\" content=\"@Heldenhaushalt\" \/>\n<meta name=\"twitter:site\" content=\"@Heldenhaushalt\" \/>\n<meta name=\"twitter:label1\" content=\"Verfasst von\" \/>\n\t<meta name=\"twitter:data1\" content=\"Sari\" \/>\n\t<meta name=\"twitter:label2\" content=\"Gesch\u00e4tzte Lesezeit\" \/>\n\t<meta name=\"twitter:data2\" content=\"2\u00a0Minuten\" \/>\n<script type=\"application\/ld+json\" class=\"yoast-schema-graph\">{\"@context\":\"https:\\\/\\\/schema.org\",\"@graph\":[{\"@type\":\"Article\",\"@id\":\"https:\\\/\\\/www.heldenhaushalt.de\\\/sari02\\\/index.php\\\/2013\\\/08\\\/06\\\/miniheldsche-abendlektre\\\/#article\",\"isPartOf\":{\"@id\":\"https:\\\/\\\/www.heldenhaushalt.de\\\/sari02\\\/index.php\\\/2013\\\/08\\\/06\\\/miniheldsche-abendlektre\\\/\"},\"author\":{\"name\":\"Sari\",\"@id\":\"https:\\\/\\\/www.heldenhaushalt.de\\\/sari02\\\/#\\\/schema\\\/person\\\/a1cc69f42a01f412eb62c151353814f6\"},\"headline\":\"Miniheld&#8217;sche Abendlekt&#252;re&#8230;\",\"datePublished\":\"2013-08-06T05:58:00+00:00\",\"mainEntityOfPage\":{\"@id\":\"https:\\\/\\\/www.heldenhaushalt.de\\\/sari02\\\/index.php\\\/2013\\\/08\\\/06\\\/miniheldsche-abendlektre\\\/\"},\"wordCount\":476,\"commentCount\":9,\"publisher\":{\"@id\":\"https:\\\/\\\/www.heldenhaushalt.de\\\/sari02\\\/#\\\/schema\\\/person\\\/a1cc69f42a01f412eb62c151353814f6\"},\"image\":{\"@id\":\"https:\\\/\\\/www.heldenhaushalt.de\\\/sari02\\\/index.php\\\/2013\\\/08\\\/06\\\/miniheldsche-abendlektre\\\/#primaryimage\"},\"thumbnailUrl\":\"http:\\\/\\\/www.heldenhaushalt.de\\\/sari02\\\/wp-content\\\/uploads\\\/2013\\\/07\\\/lieblingsbuch.jpg\",\"articleSection\":[\"Empfehlungen\",\"Heldenkinder\"],\"inLanguage\":\"de\",\"potentialAction\":[{\"@type\":\"CommentAction\",\"name\":\"Comment\",\"target\":[\"https:\\\/\\\/www.heldenhaushalt.de\\\/sari02\\\/index.php\\\/2013\\\/08\\\/06\\\/miniheldsche-abendlektre\\\/#respond\"]}]},{\"@type\":\"WebPage\",\"@id\":\"https:\\\/\\\/www.heldenhaushalt.de\\\/sari02\\\/index.php\\\/2013\\\/08\\\/06\\\/miniheldsche-abendlektre\\\/\",\"url\":\"https:\\\/\\\/www.heldenhaushalt.de\\\/sari02\\\/index.php\\\/2013\\\/08\\\/06\\\/miniheldsche-abendlektre\\\/\",\"name\":\"Miniheld&#8217;sche Abendlekt&#252;re&#8230; - Heldenhaushalt\",\"isPartOf\":{\"@id\":\"https:\\\/\\\/www.heldenhaushalt.de\\\/sari02\\\/#website\"},\"primaryImageOfPage\":{\"@id\":\"https:\\\/\\\/www.heldenhaushalt.de\\\/sari02\\\/index.php\\\/2013\\\/08\\\/06\\\/miniheldsche-abendlektre\\\/#primaryimage\"},\"image\":{\"@id\":\"https:\\\/\\\/www.heldenhaushalt.de\\\/sari02\\\/index.php\\\/2013\\\/08\\\/06\\\/miniheldsche-abendlektre\\\/#primaryimage\"},\"thumbnailUrl\":\"http:\\\/\\\/www.heldenhaushalt.de\\\/sari02\\\/wp-content\\\/uploads\\\/2013\\\/07\\\/lieblingsbuch.jpg\",\"datePublished\":\"2013-08-06T05:58:00+00:00\",\"description\":\"Auch Helden erleben den t\u00e4glichen Wahnsinn, den ein Alltag mit sich bringt und Frau Mondgras sitzt mittendrin. Berlinerin, Mutter, Ehefrau, Kreativling und auf der st\u00e4ndigen Suche nach Gl\u00fcck... Hier wird gen\u00e4ht, gebacken, gebastelt und auch mal \u00fcber den Alltag gemault.\",\"breadcrumb\":{\"@id\":\"https:\\\/\\\/www.heldenhaushalt.de\\\/sari02\\\/index.php\\\/2013\\\/08\\\/06\\\/miniheldsche-abendlektre\\\/#breadcrumb\"},\"inLanguage\":\"de\",\"potentialAction\":[{\"@type\":\"ReadAction\",\"target\":[\"https:\\\/\\\/www.heldenhaushalt.de\\\/sari02\\\/index.php\\\/2013\\\/08\\\/06\\\/miniheldsche-abendlektre\\\/\"]}]},{\"@type\":\"ImageObject\",\"inLanguage\":\"de\",\"@id\":\"https:\\\/\\\/www.heldenhaushalt.de\\\/sari02\\\/index.php\\\/2013\\\/08\\\/06\\\/miniheldsche-abendlektre\\\/#primaryimage\",\"url\":\"https:\\\/\\\/www.heldenhaushalt.de\\\/sari02\\\/wp-content\\\/uploads\\\/2013\\\/07\\\/lieblingsbuch.jpg\",\"contentUrl\":\"https:\\\/\\\/www.heldenhaushalt.de\\\/sari02\\\/wp-content\\\/uploads\\\/2013\\\/07\\\/lieblingsbuch.jpg\",\"width\":505,\"height\":353},{\"@type\":\"BreadcrumbList\",\"@id\":\"https:\\\/\\\/www.heldenhaushalt.de\\\/sari02\\\/index.php\\\/2013\\\/08\\\/06\\\/miniheldsche-abendlektre\\\/#breadcrumb\",\"itemListElement\":[{\"@type\":\"ListItem\",\"position\":1,\"name\":\"Startseite\",\"item\":\"https:\\\/\\\/www.heldenhaushalt.de\\\/sari02\\\/\"},{\"@type\":\"ListItem\",\"position\":2,\"name\":\"Miniheld&#8217;sche Abendlekt&#252;re&#8230;\"}]},{\"@type\":\"WebSite\",\"@id\":\"https:\\\/\\\/www.heldenhaushalt.de\\\/sari02\\\/#website\",\"url\":\"https:\\\/\\\/www.heldenhaushalt.de\\\/sari02\\\/\",\"name\":\"Heldenhaushalt\",\"description\":\"Wer es ordentlich haben will, der muss vorher anrufen\",\"publisher\":{\"@id\":\"https:\\\/\\\/www.heldenhaushalt.de\\\/sari02\\\/#\\\/schema\\\/person\\\/a1cc69f42a01f412eb62c151353814f6\"},\"potentialAction\":[{\"@type\":\"SearchAction\",\"target\":{\"@type\":\"EntryPoint\",\"urlTemplate\":\"https:\\\/\\\/www.heldenhaushalt.de\\\/sari02\\\/?s={search_term_string}\"},\"query-input\":{\"@type\":\"PropertyValueSpecification\",\"valueRequired\":true,\"valueName\":\"search_term_string\"}}],\"inLanguage\":\"de\"},{\"@type\":[\"Person\",\"Organization\"],\"@id\":\"https:\\\/\\\/www.heldenhaushalt.de\\\/sari02\\\/#\\\/schema\\\/person\\\/a1cc69f42a01f412eb62c151353814f6\",\"name\":\"Sari\",\"image\":{\"@type\":\"ImageObject\",\"inLanguage\":\"de\",\"@id\":\"https:\\\/\\\/www.heldenhaushalt.de\\\/sari02\\\/wp-content\\\/uploads\\\/2019\\\/02\\\/sari-april2018.png\",\"url\":\"https:\\\/\\\/www.heldenhaushalt.de\\\/sari02\\\/wp-content\\\/uploads\\\/2019\\\/02\\\/sari-april2018.png\",\"contentUrl\":\"https:\\\/\\\/www.heldenhaushalt.de\\\/sari02\\\/wp-content\\\/uploads\\\/2019\\\/02\\\/sari-april2018.png\",\"width\":500,\"height\":500,\"caption\":\"Sari\"},\"logo\":{\"@id\":\"https:\\\/\\\/www.heldenhaushalt.de\\\/sari02\\\/wp-content\\\/uploads\\\/2019\\\/02\\\/sari-april2018.png\"},\"description\":\"Frau Mondgras \u2013 Das bin ich, Sari. Gerne auch als Sari Mondgras bekannt und im Internet zu finden. 2-Fach-Mutter, Heldenehefrau, Kreativling, Harmonies\u00fcchtig und st\u00e4ndig auf der Suche nach Gl\u00fcck. Ich komme aus Berlin, bin hier aufgewachsen und lebe hier seit ich denken kann.\",\"sameAs\":[\"https:\\\/\\\/www.instagram.com\\\/heldenhaushalt\\\/\"],\"url\":\"https:\\\/\\\/www.heldenhaushalt.de\\\/sari02\\\/index.php\\\/author\\\/admin\\\/\"}]}<\/script>\n<!-- \/ Yoast SEO plugin. -->","yoast_head_json":{"title":"Miniheld&#8217;sche Abendlekt&#252;re&#8230; - Heldenhaushalt","description":"Auch Helden erleben den t\u00e4glichen Wahnsinn, den ein Alltag mit sich bringt und Frau Mondgras sitzt mittendrin. Berlinerin, Mutter, Ehefrau, Kreativling und auf der st\u00e4ndigen Suche nach Gl\u00fcck... Hier wird gen\u00e4ht, gebacken, gebastelt und auch mal \u00fcber den Alltag gemault.","robots":{"index":"index","follow":"follow","max-snippet":"max-snippet:-1","max-image-preview":"max-image-preview:large","max-video-preview":"max-video-preview:-1"},"canonical":"https:\/\/www.heldenhaushalt.de\/sari02\/index.php\/2013\/08\/06\/miniheldsche-abendlektre\/","og_locale":"de_DE","og_type":"article","og_title":"Miniheld&#8217;sche Abendlekt&#252;re&#8230; - Heldenhaushalt","og_description":"Auch Helden erleben den t\u00e4glichen Wahnsinn, den ein Alltag mit sich bringt und Frau Mondgras sitzt mittendrin. Berlinerin, Mutter, Ehefrau, Kreativling und auf der st\u00e4ndigen Suche nach Gl\u00fcck... Hier wird gen\u00e4ht, gebacken, gebastelt und auch mal \u00fcber den Alltag gemault.","og_url":"https:\/\/www.heldenhaushalt.de\/sari02\/index.php\/2013\/08\/06\/miniheldsche-abendlektre\/","og_site_name":"Heldenhaushalt","article_published_time":"2013-08-06T05:58:00+00:00","og_image":[{"url":"http:\/\/www.heldenhaushalt.de\/sari02\/wp-content\/uploads\/2013\/07\/lieblingsbuch.jpg","type":"","width":"","height":""}],"author":"Sari","twitter_card":"summary_large_image","twitter_creator":"@Heldenhaushalt","twitter_site":"@Heldenhaushalt","twitter_misc":{"Verfasst von":"Sari","Gesch\u00e4tzte Lesezeit":"2\u00a0Minuten"},"schema":{"@context":"https:\/\/schema.org","@graph":[{"@type":"Article","@id":"https:\/\/www.heldenhaushalt.de\/sari02\/index.php\/2013\/08\/06\/miniheldsche-abendlektre\/#article","isPartOf":{"@id":"https:\/\/www.heldenhaushalt.de\/sari02\/index.php\/2013\/08\/06\/miniheldsche-abendlektre\/"},"author":{"name":"Sari","@id":"https:\/\/www.heldenhaushalt.de\/sari02\/#\/schema\/person\/a1cc69f42a01f412eb62c151353814f6"},"headline":"Miniheld&#8217;sche Abendlekt&#252;re&#8230;","datePublished":"2013-08-06T05:58:00+00:00","mainEntityOfPage":{"@id":"https:\/\/www.heldenhaushalt.de\/sari02\/index.php\/2013\/08\/06\/miniheldsche-abendlektre\/"},"wordCount":476,"commentCount":9,"publisher":{"@id":"https:\/\/www.heldenhaushalt.de\/sari02\/#\/schema\/person\/a1cc69f42a01f412eb62c151353814f6"},"image":{"@id":"https:\/\/www.heldenhaushalt.de\/sari02\/index.php\/2013\/08\/06\/miniheldsche-abendlektre\/#primaryimage"},"thumbnailUrl":"http:\/\/www.heldenhaushalt.de\/sari02\/wp-content\/uploads\/2013\/07\/lieblingsbuch.jpg","articleSection":["Empfehlungen","Heldenkinder"],"inLanguage":"de","potentialAction":[{"@type":"CommentAction","name":"Comment","target":["https:\/\/www.heldenhaushalt.de\/sari02\/index.php\/2013\/08\/06\/miniheldsche-abendlektre\/#respond"]}]},{"@type":"WebPage","@id":"https:\/\/www.heldenhaushalt.de\/sari02\/index.php\/2013\/08\/06\/miniheldsche-abendlektre\/","url":"https:\/\/www.heldenhaushalt.de\/sari02\/index.php\/2013\/08\/06\/miniheldsche-abendlektre\/","name":"Miniheld&#8217;sche Abendlekt&#252;re&#8230; - Heldenhaushalt","isPartOf":{"@id":"https:\/\/www.heldenhaushalt.de\/sari02\/#website"},"primaryImageOfPage":{"@id":"https:\/\/www.heldenhaushalt.de\/sari02\/index.php\/2013\/08\/06\/miniheldsche-abendlektre\/#primaryimage"},"image":{"@id":"https:\/\/www.heldenhaushalt.de\/sari02\/index.php\/2013\/08\/06\/miniheldsche-abendlektre\/#primaryimage"},"thumbnailUrl":"http:\/\/www.heldenhaushalt.de\/sari02\/wp-content\/uploads\/2013\/07\/lieblingsbuch.jpg","datePublished":"2013-08-06T05:58:00+00:00","description":"Auch Helden erleben den t\u00e4glichen Wahnsinn, den ein Alltag mit sich bringt und Frau Mondgras sitzt mittendrin. Berlinerin, Mutter, Ehefrau, Kreativling und auf der st\u00e4ndigen Suche nach Gl\u00fcck... Hier wird gen\u00e4ht, gebacken, gebastelt und auch mal \u00fcber den Alltag gemault.","breadcrumb":{"@id":"https:\/\/www.heldenhaushalt.de\/sari02\/index.php\/2013\/08\/06\/miniheldsche-abendlektre\/#breadcrumb"},"inLanguage":"de","potentialAction":[{"@type":"ReadAction","target":["https:\/\/www.heldenhaushalt.de\/sari02\/index.php\/2013\/08\/06\/miniheldsche-abendlektre\/"]}]},{"@type":"ImageObject","inLanguage":"de","@id":"https:\/\/www.heldenhaushalt.de\/sari02\/index.php\/2013\/08\/06\/miniheldsche-abendlektre\/#primaryimage","url":"https:\/\/www.heldenhaushalt.de\/sari02\/wp-content\/uploads\/2013\/07\/lieblingsbuch.jpg","contentUrl":"https:\/\/www.heldenhaushalt.de\/sari02\/wp-content\/uploads\/2013\/07\/lieblingsbuch.jpg","width":505,"height":353},{"@type":"BreadcrumbList","@id":"https:\/\/www.heldenhaushalt.de\/sari02\/index.php\/2013\/08\/06\/miniheldsche-abendlektre\/#breadcrumb","itemListElement":[{"@type":"ListItem","position":1,"name":"Startseite","item":"https:\/\/www.heldenhaushalt.de\/sari02\/"},{"@type":"ListItem","position":2,"name":"Miniheld&#8217;sche Abendlekt&#252;re&#8230;"}]},{"@type":"WebSite","@id":"https:\/\/www.heldenhaushalt.de\/sari02\/#website","url":"https:\/\/www.heldenhaushalt.de\/sari02\/","name":"Heldenhaushalt","description":"Wer es ordentlich haben will, der muss vorher anrufen","publisher":{"@id":"https:\/\/www.heldenhaushalt.de\/sari02\/#\/schema\/person\/a1cc69f42a01f412eb62c151353814f6"},"potentialAction":[{"@type":"SearchAction","target":{"@type":"EntryPoint","urlTemplate":"https:\/\/www.heldenhaushalt.de\/sari02\/?s={search_term_string}"},"query-input":{"@type":"PropertyValueSpecification","valueRequired":true,"valueName":"search_term_string"}}],"inLanguage":"de"},{"@type":["Person","Organization"],"@id":"https:\/\/www.heldenhaushalt.de\/sari02\/#\/schema\/person\/a1cc69f42a01f412eb62c151353814f6","name":"Sari","image":{"@type":"ImageObject","inLanguage":"de","@id":"https:\/\/www.heldenhaushalt.de\/sari02\/wp-content\/uploads\/2019\/02\/sari-april2018.png","url":"https:\/\/www.heldenhaushalt.de\/sari02\/wp-content\/uploads\/2019\/02\/sari-april2018.png","contentUrl":"https:\/\/www.heldenhaushalt.de\/sari02\/wp-content\/uploads\/2019\/02\/sari-april2018.png","width":500,"height":500,"caption":"Sari"},"logo":{"@id":"https:\/\/www.heldenhaushalt.de\/sari02\/wp-content\/uploads\/2019\/02\/sari-april2018.png"},"description":"Frau Mondgras \u2013 Das bin ich, Sari. Gerne auch als Sari Mondgras bekannt und im Internet zu finden. 2-Fach-Mutter, Heldenehefrau, Kreativling, Harmonies\u00fcchtig und st\u00e4ndig auf der Suche nach Gl\u00fcck. Ich komme aus Berlin, bin hier aufgewachsen und lebe hier seit ich denken kann.","sameAs":["https:\/\/www.instagram.com\/heldenhaushalt\/"],"url":"https:\/\/www.heldenhaushalt.de\/sari02\/index.php\/author\/admin\/"}]}},"views":5738,"_links":{"self":[{"href":"https:\/\/www.heldenhaushalt.de\/sari02\/index.php\/wp-json\/wp\/v2\/posts\/20026","targetHints":{"allow":["GET"]}}],"collection":[{"href":"https:\/\/www.heldenhaushalt.de\/sari02\/index.php\/wp-json\/wp\/v2\/posts"}],"about":[{"href":"https:\/\/www.heldenhaushalt.de\/sari02\/index.php\/wp-json\/wp\/v2\/types\/post"}],"author":[{"embeddable":true,"href":"https:\/\/www.heldenhaushalt.de\/sari02\/index.php\/wp-json\/wp\/v2\/users\/1"}],"replies":[{"embeddable":true,"href":"https:\/\/www.heldenhaushalt.de\/sari02\/index.php\/wp-json\/wp\/v2\/comments?post=20026"}],"version-history":[{"count":3,"href":"https:\/\/www.heldenhaushalt.de\/sari02\/index.php\/wp-json\/wp\/v2\/posts\/20026\/revisions"}],"predecessor-version":[{"id":20134,"href":"https:\/\/www.heldenhaushalt.de\/sari02\/index.php\/wp-json\/wp\/v2\/posts\/20026\/revisions\/20134"}],"wp:attachment":[{"href":"https:\/\/www.heldenhaushalt.de\/sari02\/index.php\/wp-json\/wp\/v2\/media?parent=20026"}],"wp:term":[{"taxonomy":"category","embeddable":true,"href":"https:\/\/www.heldenhaushalt.de\/sari02\/index.php\/wp-json\/wp\/v2\/categories?post=20026"},{"taxonomy":"post_tag","embeddable":true,"href":"https:\/\/www.heldenhaushalt.de\/sari02\/index.php\/wp-json\/wp\/v2\/tags?post=20026"}],"curies":[{"name":"wp","href":"https:\/\/api.w.org\/{rel}","templated":true}]}}