{"id":20136,"date":"2013-08-15T15:00:00","date_gmt":"2013-08-15T13:00:00","guid":{"rendered":"http:\/\/www.mondgras.de\/sari02\/?p=20136"},"modified":"2013-08-15T07:27:31","modified_gmt":"2013-08-15T05:27:31","slug":"mittagsschlaf-ade","status":"publish","type":"post","link":"https:\/\/www.heldenhaushalt.de\/sari02\/index.php\/2013\/08\/15\/mittagsschlaf-ade\/","title":{"rendered":"Mittagsschlaf, ad\u00e9?"},"content":{"rendered":"<p><img loading=\"lazy\" decoding=\"async\" class=\"alignnone size-full wp-image-20138\" alt=\"mittagsschlaf-ade\" src=\"http:\/\/www.heldenhaushalt.de\/sari02\/wp-content\/uploads\/2013\/08\/mittagsschlaf-ade.jpg\" width=\"505\" height=\"235\" srcset=\"https:\/\/www.heldenhaushalt.de\/sari02\/wp-content\/uploads\/2013\/08\/mittagsschlaf-ade.jpg 505w, https:\/\/www.heldenhaushalt.de\/sari02\/wp-content\/uploads\/2013\/08\/mittagsschlaf-ade-300x140.jpg 300w\" sizes=\"auto, (max-width: 505px) 100vw, 505px\" \/><\/p>\n<p>Hachja&#8230; ich habe es hier und da sicher schon leidend mal erw&#228;hnt&#8230; ich bef&#252;rchte, die Zeit des Mittagsschlafes neigt sich dem Ende zu. Mir war ja klar, dass es irgendwann soweit sein w&#252;rde, aber so bald? Ich wei&#223; noch, was f&#252;r eine Erleichterung sich bei mir einstellte, als sich pl&#246;tzlich zeigte, dass man das Kind ganz unkompliziert zu einer bestimmten Zeit jeden Tag hinlegen konnte. Dadurch, dass der Miniheld ja immer mal wieder im Tragetuch, auf der Krabbeldecke oder meinem Arm einschlief, bin ich anfangs nie auf die Idee gekommen, ihne einfach mal zu bestimmten Zeiten hinzulegen. Als ich dann das erste Mal meine Weihnachtschallenge startete, da dachte ich: Warum nicht, versuch es doch einfach mal und booomm! Auf einmal hatte ich jeden Tag 2 Stunden Zeit, um mich in aller Ruhe um alle angestrebten Projekte zu k&#252;mmern. Damals war der Miniheld, glaube ich, so ca. 5 oder 6 Monate alt. Der Alltag war mit einem Schlag einfacher zu bew&#228;ltigen, wieder war eine H&#252;rde geschafft und es gab einfach f&#252;r uns alle geregeltere Zeiten&#8230;<\/p>\n<p>Da denkt man erstmal nicht dar&#252;ber nach, dass damit ja dann auch irgendwann Schluss sein k&#246;nnte, oder? Nun ja.. es scheint aber so zu sein. Ich wei&#223; nicht, ob man es aktuell vielleicht noch der Mittagshitze zuschreiben kann oder nicht, aber im Schnitt macht der Miniheld alle 2-3 Tage nur noch einen Mittagsschlaf, im Groben also 2-3 Mal in der Woche. In den Spielgruppen sagte man mir immer, dass der Ausgleich dann abends kommt, da die Kinder fr&#252;her m&#252;de werden und dementsprechend fr&#252;her ins Bett gehen&#8230;oder morgens l&#228;nger schlafen. Was soll ich Euch dazu sagen? Der Miniheld l&#228;sst sich halt nicht pauschalisieren und bleibt ganz frech morgens und abends standhaft bei seinen Zeiten. Woher nimmt er nur immer die Energie. Ich merke jedenfalls, dass ich daduch nat&#252;rlich wieder ein bisschen ins Routieren komme, weil ich meinen Alltag dadurch <em>(mal wieder)<\/em> umstrukturieren muss.<\/p>\n<p>Es ist allerdings nicht ganz so dramatisch, wie es sich jetzt vielleicht anh&#246;rt, denn zwei Dinge sind anders, als fr&#252;her: <strong>01<\/strong>. Er\u00a0 ja inzwischen viel selbst&#228;ndiger als fr&#252;her, kann mir bei Vielem zur Hand gehen und auch mal Aufgaben alleine &#252;bernehmen. Man steht nicht st&#228;ndig da und hat Angst, dass sich das Kind verletzt, nur weil man mal nicht ununterbrochen ein Auge darauf hat. Und <strong>02.<\/strong> kann der Miniheld ganz toll auch mal alleine spielen. Er kocht mit und f&#252;r seine Kuscheltiere, unterh&#228;lt sich mit ihnen und k&#252;mmert sich liebevoll um sie, baut T&#252;rme und spielt mit Papas altem Kinderwerkzeug herum, so dass ich dann auch ruhig mal nebenbei was Eigenes machen kann.<\/p>\n<p>Dennoch ist es seltsam sich so langsam aber sicher von so einer wichtigen Phase eines Kindes zu verabschieden&#8230; Wie ging es Euch damit so?<\/p>\n","protected":false},"excerpt":{"rendered":"<p>Hachja&#8230; ich habe es hier und da sicher schon leidend mal erw&#228;hnt&#8230; ich bef&#252;rchte, die Zeit des Mittagsschlafes neigt sich dem Ende zu. Mir war ja klar, dass es irgendwann soweit sein w&#252;rde, aber so bald? Ich wei&#223; noch, was f&#252;r eine Erleichterung sich bei mir einstellte, als sich pl&#246;tzlich zeigte, dass man das Kind ganz unkompliziert zu einer bestimmten Zeit jeden Tag hinlegen konnte. Dadurch, dass der Miniheld ja immer mal wieder im Tragetuch, auf der Krabbeldecke oder meinem Arm einschlief, bin ich anfangs nie auf die Idee gekommen, ihne einfach mal zu bestimmten Zeiten hinzulegen. Als ich dann das erste Mal meine Weihnachtschallenge startete, da dachte ich: Warum nicht, versuch es doch einfach mal und booomm! Auf einmal hatte ich jeden Tag 2 Stunden Zeit, um mich in aller Ruhe um alle angestrebten Projekte zu k&#252;mmern. Damals war der Miniheld, glaube ich, so ca. 5 oder 6 Monate alt. Der Alltag war mit einem Schlag einfacher zu bew&#228;ltigen, wieder war eine H&#252;rde geschafft und es gab einfach f&#252;r uns alle geregeltere Zeiten&#8230; Da denkt man erstmal nicht dar&#252;ber nach, dass damit ja dann auch irgendwann Schluss sein k&#246;nnte, oder? Nun ja.. es scheint aber so zu sein. Ich wei&#223; nicht, ob man es aktuell vielleicht noch der Mittagshitze zuschreiben kann oder nicht, aber im Schnitt macht der Miniheld alle 2-3 Tage nur noch einen Mittagsschlaf, im Groben also 2-3 Mal in der Woche. In den Spielgruppen sagte man mir immer, dass der Ausgleich dann abends kommt, da die Kinder fr&#252;her m&#252;de werden und dementsprechend fr&#252;her ins Bett gehen&#8230;oder morgens l&#228;nger schlafen. Was soll ich Euch dazu sagen? Der Miniheld l&#228;sst sich halt nicht pauschalisieren und bleibt ganz frech morgens und abends standhaft bei seinen Zeiten. Woher nimmt er nur immer die Energie. Ich merke jedenfalls, dass ich daduch nat&#252;rlich wieder ein bisschen ins Routieren komme, weil ich meinen Alltag dadurch (mal wieder) umstrukturieren muss. Es ist allerdings nicht ganz so dramatisch, wie es sich jetzt vielleicht anh&#246;rt, denn zwei Dinge sind anders, als fr&#252;her: 01. Er\u00a0 ja inzwischen viel selbst&#228;ndiger als fr&#252;her, kann mir bei Vielem zur Hand gehen und auch mal Aufgaben alleine &#252;bernehmen. Man steht nicht st&#228;ndig da und hat Angst, dass sich das Kind verletzt, nur weil man mal nicht ununterbrochen ein Auge darauf hat. Und 02. kann der Miniheld ganz toll auch mal alleine spielen. Er kocht mit und f&#252;r seine Kuscheltiere, unterh&#228;lt sich mit ihnen und k&#252;mmert sich liebevoll um sie, baut T&#252;rme und spielt mit Papas altem Kinderwerkzeug herum, so dass ich dann auch ruhig mal nebenbei was Eigenes machen kann. Dennoch ist es seltsam sich so langsam aber sicher von so einer wichtigen Phase eines Kindes zu verabschieden&#8230; Wie ging es Euch damit so?<\/p>\n","protected":false},"author":1,"featured_media":0,"comment_status":"open","ping_status":"open","sticky":false,"template":"","format":"standard","meta":{"ngg_post_thumbnail":0,"footnotes":""},"categories":[321],"tags":[],"class_list":["post-20136","post","type-post","status-publish","format-standard","hentry","category-minimum"],"yoast_head":"<!-- This site is optimized with the Yoast SEO plugin v27.5 - https:\/\/yoast.com\/product\/yoast-seo-wordpress\/ -->\n<title>Mittagsschlaf, ad\u00e9? - Heldenhaushalt<\/title>\n<meta name=\"description\" content=\"Auch Helden erleben den t\u00e4glichen Wahnsinn, den ein Alltag mit sich bringt und Frau Mondgras sitzt mittendrin. Berlinerin, Mutter, Ehefrau, Kreativling und auf der st\u00e4ndigen Suche nach Gl\u00fcck... Hier wird gen\u00e4ht, gebacken, gebastelt und auch mal \u00fcber den Alltag gemault.\" \/>\n<meta name=\"robots\" content=\"index, follow, max-snippet:-1, max-image-preview:large, max-video-preview:-1\" \/>\n<link rel=\"canonical\" href=\"https:\/\/www.heldenhaushalt.de\/sari02\/index.php\/2013\/08\/15\/mittagsschlaf-ade\/\" \/>\n<meta property=\"og:locale\" content=\"de_DE\" \/>\n<meta property=\"og:type\" content=\"article\" \/>\n<meta property=\"og:title\" content=\"Mittagsschlaf, ad\u00e9? - Heldenhaushalt\" \/>\n<meta property=\"og:description\" content=\"Auch Helden erleben den t\u00e4glichen Wahnsinn, den ein Alltag mit sich bringt und Frau Mondgras sitzt mittendrin. Berlinerin, Mutter, Ehefrau, Kreativling und auf der st\u00e4ndigen Suche nach Gl\u00fcck... Hier wird gen\u00e4ht, gebacken, gebastelt und auch mal \u00fcber den Alltag gemault.\" \/>\n<meta property=\"og:url\" content=\"https:\/\/www.heldenhaushalt.de\/sari02\/index.php\/2013\/08\/15\/mittagsschlaf-ade\/\" \/>\n<meta property=\"og:site_name\" content=\"Heldenhaushalt\" \/>\n<meta property=\"article:published_time\" content=\"2013-08-15T13:00:00+00:00\" \/>\n<meta property=\"og:image\" content=\"http:\/\/www.heldenhaushalt.de\/sari02\/wp-content\/uploads\/2013\/08\/mittagsschlaf-ade.jpg\" \/>\n<meta name=\"author\" content=\"Sari\" \/>\n<meta name=\"twitter:card\" content=\"summary_large_image\" \/>\n<meta name=\"twitter:creator\" content=\"@Heldenhaushalt\" \/>\n<meta name=\"twitter:site\" content=\"@Heldenhaushalt\" \/>\n<meta name=\"twitter:label1\" content=\"Verfasst von\" \/>\n\t<meta name=\"twitter:data1\" content=\"Sari\" \/>\n\t<meta name=\"twitter:label2\" content=\"Gesch\u00e4tzte Lesezeit\" \/>\n\t<meta name=\"twitter:data2\" content=\"2\u00a0Minuten\" \/>\n<script type=\"application\/ld+json\" class=\"yoast-schema-graph\">{\"@context\":\"https:\\\/\\\/schema.org\",\"@graph\":[{\"@type\":\"Article\",\"@id\":\"https:\\\/\\\/www.heldenhaushalt.de\\\/sari02\\\/index.php\\\/2013\\\/08\\\/15\\\/mittagsschlaf-ade\\\/#article\",\"isPartOf\":{\"@id\":\"https:\\\/\\\/www.heldenhaushalt.de\\\/sari02\\\/index.php\\\/2013\\\/08\\\/15\\\/mittagsschlaf-ade\\\/\"},\"author\":{\"name\":\"Sari\",\"@id\":\"https:\\\/\\\/www.heldenhaushalt.de\\\/sari02\\\/#\\\/schema\\\/person\\\/a1cc69f42a01f412eb62c151353814f6\"},\"headline\":\"Mittagsschlaf, ad\u00e9?\",\"datePublished\":\"2013-08-15T13:00:00+00:00\",\"mainEntityOfPage\":{\"@id\":\"https:\\\/\\\/www.heldenhaushalt.de\\\/sari02\\\/index.php\\\/2013\\\/08\\\/15\\\/mittagsschlaf-ade\\\/\"},\"wordCount\":477,\"commentCount\":5,\"publisher\":{\"@id\":\"https:\\\/\\\/www.heldenhaushalt.de\\\/sari02\\\/#\\\/schema\\\/person\\\/a1cc69f42a01f412eb62c151353814f6\"},\"image\":{\"@id\":\"https:\\\/\\\/www.heldenhaushalt.de\\\/sari02\\\/index.php\\\/2013\\\/08\\\/15\\\/mittagsschlaf-ade\\\/#primaryimage\"},\"thumbnailUrl\":\"http:\\\/\\\/www.heldenhaushalt.de\\\/sari02\\\/wp-content\\\/uploads\\\/2013\\\/08\\\/mittagsschlaf-ade.jpg\",\"articleSection\":[\"Heldenkinder\"],\"inLanguage\":\"de\",\"potentialAction\":[{\"@type\":\"CommentAction\",\"name\":\"Comment\",\"target\":[\"https:\\\/\\\/www.heldenhaushalt.de\\\/sari02\\\/index.php\\\/2013\\\/08\\\/15\\\/mittagsschlaf-ade\\\/#respond\"]}]},{\"@type\":\"WebPage\",\"@id\":\"https:\\\/\\\/www.heldenhaushalt.de\\\/sari02\\\/index.php\\\/2013\\\/08\\\/15\\\/mittagsschlaf-ade\\\/\",\"url\":\"https:\\\/\\\/www.heldenhaushalt.de\\\/sari02\\\/index.php\\\/2013\\\/08\\\/15\\\/mittagsschlaf-ade\\\/\",\"name\":\"Mittagsschlaf, ad\u00e9? - Heldenhaushalt\",\"isPartOf\":{\"@id\":\"https:\\\/\\\/www.heldenhaushalt.de\\\/sari02\\\/#website\"},\"primaryImageOfPage\":{\"@id\":\"https:\\\/\\\/www.heldenhaushalt.de\\\/sari02\\\/index.php\\\/2013\\\/08\\\/15\\\/mittagsschlaf-ade\\\/#primaryimage\"},\"image\":{\"@id\":\"https:\\\/\\\/www.heldenhaushalt.de\\\/sari02\\\/index.php\\\/2013\\\/08\\\/15\\\/mittagsschlaf-ade\\\/#primaryimage\"},\"thumbnailUrl\":\"http:\\\/\\\/www.heldenhaushalt.de\\\/sari02\\\/wp-content\\\/uploads\\\/2013\\\/08\\\/mittagsschlaf-ade.jpg\",\"datePublished\":\"2013-08-15T13:00:00+00:00\",\"description\":\"Auch Helden erleben den t\u00e4glichen Wahnsinn, den ein Alltag mit sich bringt und Frau Mondgras sitzt mittendrin. Berlinerin, Mutter, Ehefrau, Kreativling und auf der st\u00e4ndigen Suche nach Gl\u00fcck... Hier wird gen\u00e4ht, gebacken, gebastelt und auch mal \u00fcber den Alltag gemault.\",\"breadcrumb\":{\"@id\":\"https:\\\/\\\/www.heldenhaushalt.de\\\/sari02\\\/index.php\\\/2013\\\/08\\\/15\\\/mittagsschlaf-ade\\\/#breadcrumb\"},\"inLanguage\":\"de\",\"potentialAction\":[{\"@type\":\"ReadAction\",\"target\":[\"https:\\\/\\\/www.heldenhaushalt.de\\\/sari02\\\/index.php\\\/2013\\\/08\\\/15\\\/mittagsschlaf-ade\\\/\"]}]},{\"@type\":\"ImageObject\",\"inLanguage\":\"de\",\"@id\":\"https:\\\/\\\/www.heldenhaushalt.de\\\/sari02\\\/index.php\\\/2013\\\/08\\\/15\\\/mittagsschlaf-ade\\\/#primaryimage\",\"url\":\"https:\\\/\\\/www.heldenhaushalt.de\\\/sari02\\\/wp-content\\\/uploads\\\/2013\\\/08\\\/mittagsschlaf-ade.jpg\",\"contentUrl\":\"https:\\\/\\\/www.heldenhaushalt.de\\\/sari02\\\/wp-content\\\/uploads\\\/2013\\\/08\\\/mittagsschlaf-ade.jpg\",\"width\":505,\"height\":235},{\"@type\":\"BreadcrumbList\",\"@id\":\"https:\\\/\\\/www.heldenhaushalt.de\\\/sari02\\\/index.php\\\/2013\\\/08\\\/15\\\/mittagsschlaf-ade\\\/#breadcrumb\",\"itemListElement\":[{\"@type\":\"ListItem\",\"position\":1,\"name\":\"Startseite\",\"item\":\"https:\\\/\\\/www.heldenhaushalt.de\\\/sari02\\\/\"},{\"@type\":\"ListItem\",\"position\":2,\"name\":\"Mittagsschlaf, ad\u00e9?\"}]},{\"@type\":\"WebSite\",\"@id\":\"https:\\\/\\\/www.heldenhaushalt.de\\\/sari02\\\/#website\",\"url\":\"https:\\\/\\\/www.heldenhaushalt.de\\\/sari02\\\/\",\"name\":\"Heldenhaushalt\",\"description\":\"Wer es ordentlich haben will, der muss vorher anrufen\",\"publisher\":{\"@id\":\"https:\\\/\\\/www.heldenhaushalt.de\\\/sari02\\\/#\\\/schema\\\/person\\\/a1cc69f42a01f412eb62c151353814f6\"},\"potentialAction\":[{\"@type\":\"SearchAction\",\"target\":{\"@type\":\"EntryPoint\",\"urlTemplate\":\"https:\\\/\\\/www.heldenhaushalt.de\\\/sari02\\\/?s={search_term_string}\"},\"query-input\":{\"@type\":\"PropertyValueSpecification\",\"valueRequired\":true,\"valueName\":\"search_term_string\"}}],\"inLanguage\":\"de\"},{\"@type\":[\"Person\",\"Organization\"],\"@id\":\"https:\\\/\\\/www.heldenhaushalt.de\\\/sari02\\\/#\\\/schema\\\/person\\\/a1cc69f42a01f412eb62c151353814f6\",\"name\":\"Sari\",\"image\":{\"@type\":\"ImageObject\",\"inLanguage\":\"de\",\"@id\":\"https:\\\/\\\/www.heldenhaushalt.de\\\/sari02\\\/wp-content\\\/uploads\\\/2019\\\/02\\\/sari-april2018.png\",\"url\":\"https:\\\/\\\/www.heldenhaushalt.de\\\/sari02\\\/wp-content\\\/uploads\\\/2019\\\/02\\\/sari-april2018.png\",\"contentUrl\":\"https:\\\/\\\/www.heldenhaushalt.de\\\/sari02\\\/wp-content\\\/uploads\\\/2019\\\/02\\\/sari-april2018.png\",\"width\":500,\"height\":500,\"caption\":\"Sari\"},\"logo\":{\"@id\":\"https:\\\/\\\/www.heldenhaushalt.de\\\/sari02\\\/wp-content\\\/uploads\\\/2019\\\/02\\\/sari-april2018.png\"},\"description\":\"Frau Mondgras \u2013 Das bin ich, Sari. Gerne auch als Sari Mondgras bekannt und im Internet zu finden. 2-Fach-Mutter, Heldenehefrau, Kreativling, Harmonies\u00fcchtig und st\u00e4ndig auf der Suche nach Gl\u00fcck. Ich komme aus Berlin, bin hier aufgewachsen und lebe hier seit ich denken kann.\",\"sameAs\":[\"https:\\\/\\\/www.instagram.com\\\/heldenhaushalt\\\/\"],\"url\":\"https:\\\/\\\/www.heldenhaushalt.de\\\/sari02\\\/index.php\\\/author\\\/admin\\\/\"}]}<\/script>\n<!-- \/ Yoast SEO plugin. -->","yoast_head_json":{"title":"Mittagsschlaf, ad\u00e9? - Heldenhaushalt","description":"Auch Helden erleben den t\u00e4glichen Wahnsinn, den ein Alltag mit sich bringt und Frau Mondgras sitzt mittendrin. Berlinerin, Mutter, Ehefrau, Kreativling und auf der st\u00e4ndigen Suche nach Gl\u00fcck... Hier wird gen\u00e4ht, gebacken, gebastelt und auch mal \u00fcber den Alltag gemault.","robots":{"index":"index","follow":"follow","max-snippet":"max-snippet:-1","max-image-preview":"max-image-preview:large","max-video-preview":"max-video-preview:-1"},"canonical":"https:\/\/www.heldenhaushalt.de\/sari02\/index.php\/2013\/08\/15\/mittagsschlaf-ade\/","og_locale":"de_DE","og_type":"article","og_title":"Mittagsschlaf, ad\u00e9? - Heldenhaushalt","og_description":"Auch Helden erleben den t\u00e4glichen Wahnsinn, den ein Alltag mit sich bringt und Frau Mondgras sitzt mittendrin. Berlinerin, Mutter, Ehefrau, Kreativling und auf der st\u00e4ndigen Suche nach Gl\u00fcck... Hier wird gen\u00e4ht, gebacken, gebastelt und auch mal \u00fcber den Alltag gemault.","og_url":"https:\/\/www.heldenhaushalt.de\/sari02\/index.php\/2013\/08\/15\/mittagsschlaf-ade\/","og_site_name":"Heldenhaushalt","article_published_time":"2013-08-15T13:00:00+00:00","og_image":[{"url":"http:\/\/www.heldenhaushalt.de\/sari02\/wp-content\/uploads\/2013\/08\/mittagsschlaf-ade.jpg","type":"","width":"","height":""}],"author":"Sari","twitter_card":"summary_large_image","twitter_creator":"@Heldenhaushalt","twitter_site":"@Heldenhaushalt","twitter_misc":{"Verfasst von":"Sari","Gesch\u00e4tzte Lesezeit":"2\u00a0Minuten"},"schema":{"@context":"https:\/\/schema.org","@graph":[{"@type":"Article","@id":"https:\/\/www.heldenhaushalt.de\/sari02\/index.php\/2013\/08\/15\/mittagsschlaf-ade\/#article","isPartOf":{"@id":"https:\/\/www.heldenhaushalt.de\/sari02\/index.php\/2013\/08\/15\/mittagsschlaf-ade\/"},"author":{"name":"Sari","@id":"https:\/\/www.heldenhaushalt.de\/sari02\/#\/schema\/person\/a1cc69f42a01f412eb62c151353814f6"},"headline":"Mittagsschlaf, ad\u00e9?","datePublished":"2013-08-15T13:00:00+00:00","mainEntityOfPage":{"@id":"https:\/\/www.heldenhaushalt.de\/sari02\/index.php\/2013\/08\/15\/mittagsschlaf-ade\/"},"wordCount":477,"commentCount":5,"publisher":{"@id":"https:\/\/www.heldenhaushalt.de\/sari02\/#\/schema\/person\/a1cc69f42a01f412eb62c151353814f6"},"image":{"@id":"https:\/\/www.heldenhaushalt.de\/sari02\/index.php\/2013\/08\/15\/mittagsschlaf-ade\/#primaryimage"},"thumbnailUrl":"http:\/\/www.heldenhaushalt.de\/sari02\/wp-content\/uploads\/2013\/08\/mittagsschlaf-ade.jpg","articleSection":["Heldenkinder"],"inLanguage":"de","potentialAction":[{"@type":"CommentAction","name":"Comment","target":["https:\/\/www.heldenhaushalt.de\/sari02\/index.php\/2013\/08\/15\/mittagsschlaf-ade\/#respond"]}]},{"@type":"WebPage","@id":"https:\/\/www.heldenhaushalt.de\/sari02\/index.php\/2013\/08\/15\/mittagsschlaf-ade\/","url":"https:\/\/www.heldenhaushalt.de\/sari02\/index.php\/2013\/08\/15\/mittagsschlaf-ade\/","name":"Mittagsschlaf, ad\u00e9? - Heldenhaushalt","isPartOf":{"@id":"https:\/\/www.heldenhaushalt.de\/sari02\/#website"},"primaryImageOfPage":{"@id":"https:\/\/www.heldenhaushalt.de\/sari02\/index.php\/2013\/08\/15\/mittagsschlaf-ade\/#primaryimage"},"image":{"@id":"https:\/\/www.heldenhaushalt.de\/sari02\/index.php\/2013\/08\/15\/mittagsschlaf-ade\/#primaryimage"},"thumbnailUrl":"http:\/\/www.heldenhaushalt.de\/sari02\/wp-content\/uploads\/2013\/08\/mittagsschlaf-ade.jpg","datePublished":"2013-08-15T13:00:00+00:00","description":"Auch Helden erleben den t\u00e4glichen Wahnsinn, den ein Alltag mit sich bringt und Frau Mondgras sitzt mittendrin. Berlinerin, Mutter, Ehefrau, Kreativling und auf der st\u00e4ndigen Suche nach Gl\u00fcck... Hier wird gen\u00e4ht, gebacken, gebastelt und auch mal \u00fcber den Alltag gemault.","breadcrumb":{"@id":"https:\/\/www.heldenhaushalt.de\/sari02\/index.php\/2013\/08\/15\/mittagsschlaf-ade\/#breadcrumb"},"inLanguage":"de","potentialAction":[{"@type":"ReadAction","target":["https:\/\/www.heldenhaushalt.de\/sari02\/index.php\/2013\/08\/15\/mittagsschlaf-ade\/"]}]},{"@type":"ImageObject","inLanguage":"de","@id":"https:\/\/www.heldenhaushalt.de\/sari02\/index.php\/2013\/08\/15\/mittagsschlaf-ade\/#primaryimage","url":"https:\/\/www.heldenhaushalt.de\/sari02\/wp-content\/uploads\/2013\/08\/mittagsschlaf-ade.jpg","contentUrl":"https:\/\/www.heldenhaushalt.de\/sari02\/wp-content\/uploads\/2013\/08\/mittagsschlaf-ade.jpg","width":505,"height":235},{"@type":"BreadcrumbList","@id":"https:\/\/www.heldenhaushalt.de\/sari02\/index.php\/2013\/08\/15\/mittagsschlaf-ade\/#breadcrumb","itemListElement":[{"@type":"ListItem","position":1,"name":"Startseite","item":"https:\/\/www.heldenhaushalt.de\/sari02\/"},{"@type":"ListItem","position":2,"name":"Mittagsschlaf, ad\u00e9?"}]},{"@type":"WebSite","@id":"https:\/\/www.heldenhaushalt.de\/sari02\/#website","url":"https:\/\/www.heldenhaushalt.de\/sari02\/","name":"Heldenhaushalt","description":"Wer es ordentlich haben will, der muss vorher anrufen","publisher":{"@id":"https:\/\/www.heldenhaushalt.de\/sari02\/#\/schema\/person\/a1cc69f42a01f412eb62c151353814f6"},"potentialAction":[{"@type":"SearchAction","target":{"@type":"EntryPoint","urlTemplate":"https:\/\/www.heldenhaushalt.de\/sari02\/?s={search_term_string}"},"query-input":{"@type":"PropertyValueSpecification","valueRequired":true,"valueName":"search_term_string"}}],"inLanguage":"de"},{"@type":["Person","Organization"],"@id":"https:\/\/www.heldenhaushalt.de\/sari02\/#\/schema\/person\/a1cc69f42a01f412eb62c151353814f6","name":"Sari","image":{"@type":"ImageObject","inLanguage":"de","@id":"https:\/\/www.heldenhaushalt.de\/sari02\/wp-content\/uploads\/2019\/02\/sari-april2018.png","url":"https:\/\/www.heldenhaushalt.de\/sari02\/wp-content\/uploads\/2019\/02\/sari-april2018.png","contentUrl":"https:\/\/www.heldenhaushalt.de\/sari02\/wp-content\/uploads\/2019\/02\/sari-april2018.png","width":500,"height":500,"caption":"Sari"},"logo":{"@id":"https:\/\/www.heldenhaushalt.de\/sari02\/wp-content\/uploads\/2019\/02\/sari-april2018.png"},"description":"Frau Mondgras \u2013 Das bin ich, Sari. Gerne auch als Sari Mondgras bekannt und im Internet zu finden. 2-Fach-Mutter, Heldenehefrau, Kreativling, Harmonies\u00fcchtig und st\u00e4ndig auf der Suche nach Gl\u00fcck. Ich komme aus Berlin, bin hier aufgewachsen und lebe hier seit ich denken kann.","sameAs":["https:\/\/www.instagram.com\/heldenhaushalt\/"],"url":"https:\/\/www.heldenhaushalt.de\/sari02\/index.php\/author\/admin\/"}]}},"views":5153,"_links":{"self":[{"href":"https:\/\/www.heldenhaushalt.de\/sari02\/index.php\/wp-json\/wp\/v2\/posts\/20136","targetHints":{"allow":["GET"]}}],"collection":[{"href":"https:\/\/www.heldenhaushalt.de\/sari02\/index.php\/wp-json\/wp\/v2\/posts"}],"about":[{"href":"https:\/\/www.heldenhaushalt.de\/sari02\/index.php\/wp-json\/wp\/v2\/types\/post"}],"author":[{"embeddable":true,"href":"https:\/\/www.heldenhaushalt.de\/sari02\/index.php\/wp-json\/wp\/v2\/users\/1"}],"replies":[{"embeddable":true,"href":"https:\/\/www.heldenhaushalt.de\/sari02\/index.php\/wp-json\/wp\/v2\/comments?post=20136"}],"version-history":[{"count":2,"href":"https:\/\/www.heldenhaushalt.de\/sari02\/index.php\/wp-json\/wp\/v2\/posts\/20136\/revisions"}],"predecessor-version":[{"id":20139,"href":"https:\/\/www.heldenhaushalt.de\/sari02\/index.php\/wp-json\/wp\/v2\/posts\/20136\/revisions\/20139"}],"wp:attachment":[{"href":"https:\/\/www.heldenhaushalt.de\/sari02\/index.php\/wp-json\/wp\/v2\/media?parent=20136"}],"wp:term":[{"taxonomy":"category","embeddable":true,"href":"https:\/\/www.heldenhaushalt.de\/sari02\/index.php\/wp-json\/wp\/v2\/categories?post=20136"},{"taxonomy":"post_tag","embeddable":true,"href":"https:\/\/www.heldenhaushalt.de\/sari02\/index.php\/wp-json\/wp\/v2\/tags?post=20136"}],"curies":[{"name":"wp","href":"https:\/\/api.w.org\/{rel}","templated":true}]}}