{"id":20309,"date":"2013-08-29T11:11:00","date_gmt":"2013-08-29T09:11:00","guid":{"rendered":"http:\/\/www.mondgras.de\/sari02\/?p=20309"},"modified":"2013-08-22T08:03:23","modified_gmt":"2013-08-22T06:03:23","slug":"jade-im-august-trkis","status":"publish","type":"post","link":"https:\/\/www.heldenhaushalt.de\/sari02\/index.php\/2013\/08\/29\/jade-im-august-trkis\/","title":{"rendered":"JaDe im August &#8211; T&#252;rkis"},"content":{"rendered":"<p><a title=\"jade13-08-01 by Sarah Kroschel, on Flickr\" href=\"http:\/\/www.flickr.com\/photos\/skroschel\/9544499823\/\"><img loading=\"lazy\" decoding=\"async\" alt=\"jade13-08-01\" src=\"\/farm3.staticflickr.com\/2853\/9544499823_e4d6545ec0.jpg\" width=\"505\" height=\"336\" \/><\/a><\/p>\n<p>Nachdem wir ja nun schon <a href=\"http:\/\/www.heldenhaushalt.de\/sari02\/index.php\/2013\/06\/27\/jade-im-juni-grun\/\" target=\"_blank\">Gr&#252;n<\/a> und <a href=\"http:\/\/www.heldenhaushalt.de\/sari02\/index.php\/2013\/01\/31\/jade-im-januar-blau\/\" target=\"_blank\"><em>Blau<\/em><\/a> thematisch bearbeitet haben, ist es ganz sch&#246;n schwer sich mit der Farbe<em><strong> &#8220;T&#252;rkis&#8221;<\/strong><\/em> zu besch&#228;ftigen. Nach einer kurzen Sichtung meiner vorhandenen Farben, kam das, was ihr oben auf dem Foto sehen k&#246;nnt heraus. 4 Stifte, mehr nicht. Damit l&#228;sst sich irgendwie nicht so viel Anfangen, oder? Daraufhin habe ich mir mal <a href=\"http:\/\/www.ledshift.com\/Graphics\/FarbenTuerkis.jpg\" target=\"_blank\">eine Farbtabelle<\/a> herausgesucht, die mir zeigt, welche M&#246;glichkeiten mir da so zur Verf&#252;gung stehen bzw. was f&#252;r einen Spielraum ich da habe. Und siehe da, ein bisschen was war dann doch noch m&#246;glich&#8230;<\/p>\n<p><a title=\"jade13-08-02 by Sarah Kroschel, on Flickr\" href=\"http:\/\/www.flickr.com\/photos\/skroschel\/9544497919\/\"><img loading=\"lazy\" decoding=\"async\" alt=\"jade13-08-02\" src=\"\/farm4.staticflickr.com\/3775\/9544497919_ef235937d1.jpg\" width=\"505\" height=\"333\" \/><\/a><\/p>\n<p>Der Unterschied dieses Mal ist &#8211; na, seht Ihr es?\u00a0 Richtig, ich habe nach Ewigkeiten die Buntstifte mal wieder hervorgeholt. Ich wollte einfach nicht schon wieder einen vollkommen wei&#223;en Hintergrund haben und habe mich deshalb mal ein wenig ausgetobt und rumgespielt. Ich mag die &#220;bergange eigentlich ganz gerne :) Und? Wie findet Ihr es? Mal sehen, was <a href=\"http:\/\/www.princessattitude.de\" target=\"_blank\"><strong>Maru<\/strong><\/a> dann f&#252;r den September zaubert&#8230;<\/p>\n<blockquote><p><em>Mehr &#252;ber das Projekt <strong>\u201cJaDe \u2013 2013\u2033<\/strong> erfahrt Ihr <a href=\"http:\/\/www.heldenhaushalt.de\/sari02\/index.php\/2013\/01\/31\/jade-im-januar-blau\/\" target=\"_blank\">im ersten Beitrag<\/a>.<\/em><\/p><\/blockquote>\n","protected":false},"excerpt":{"rendered":"<p>Nachdem wir ja nun schon Gr&#252;n und Blau thematisch bearbeitet haben, ist es ganz sch&#246;n schwer sich mit der Farbe &#8220;T&#252;rkis&#8221; zu besch&#228;ftigen. Nach einer kurzen Sichtung meiner vorhandenen Farben, kam das, was ihr oben auf dem Foto sehen k&#246;nnt heraus. 4 Stifte, mehr nicht. Damit l&#228;sst sich irgendwie nicht so viel Anfangen, oder? Daraufhin habe ich mir mal eine Farbtabelle herausgesucht, die mir zeigt, welche M&#246;glichkeiten mir da so zur Verf&#252;gung stehen bzw. was f&#252;r einen Spielraum ich da habe. Und siehe da, ein bisschen was war dann doch noch m&#246;glich&#8230; Der Unterschied dieses Mal ist &#8211; na, seht Ihr es?\u00a0 Richtig, ich habe nach Ewigkeiten die Buntstifte mal wieder hervorgeholt. Ich wollte einfach nicht schon wieder einen vollkommen wei&#223;en Hintergrund haben und habe mich deshalb mal ein wenig ausgetobt und rumgespielt. Ich mag die &#220;bergange eigentlich ganz gerne :) Und? Wie findet Ihr es? Mal sehen, was Maru dann f&#252;r den September zaubert&#8230; Mehr &#252;ber das Projekt \u201cJaDe \u2013 2013\u2033 erfahrt Ihr im ersten Beitrag.<\/p>\n","protected":false},"author":1,"featured_media":0,"comment_status":"open","ping_status":"open","sticky":false,"template":"","format":"standard","meta":{"ngg_post_thumbnail":0,"footnotes":""},"categories":[49,325],"tags":[],"class_list":["post-20309","post","type-post","status-publish","format-standard","hentry","category-blogspaehre","category-kreativ"],"yoast_head":"<!-- This site is optimized with the Yoast SEO plugin v27.5 - https:\/\/yoast.com\/product\/yoast-seo-wordpress\/ -->\n<title>JaDe im August &#8211; T&#252;rkis - Heldenhaushalt<\/title>\n<meta name=\"description\" content=\"Auch Helden erleben den t\u00e4glichen Wahnsinn, den ein Alltag mit sich bringt und Frau Mondgras sitzt mittendrin. Berlinerin, Mutter, Ehefrau, Kreativling und auf der st\u00e4ndigen Suche nach Gl\u00fcck... Hier wird gen\u00e4ht, gebacken, gebastelt und auch mal \u00fcber den Alltag gemault.\" \/>\n<meta name=\"robots\" content=\"index, follow, max-snippet:-1, max-image-preview:large, max-video-preview:-1\" \/>\n<link rel=\"canonical\" href=\"https:\/\/www.heldenhaushalt.de\/sari02\/index.php\/2013\/08\/29\/jade-im-august-trkis\/\" \/>\n<meta property=\"og:locale\" content=\"de_DE\" \/>\n<meta property=\"og:type\" content=\"article\" \/>\n<meta property=\"og:title\" content=\"JaDe im August &#8211; T&#252;rkis - Heldenhaushalt\" \/>\n<meta property=\"og:description\" content=\"Auch Helden erleben den t\u00e4glichen Wahnsinn, den ein Alltag mit sich bringt und Frau Mondgras sitzt mittendrin. Berlinerin, Mutter, Ehefrau, Kreativling und auf der st\u00e4ndigen Suche nach Gl\u00fcck... Hier wird gen\u00e4ht, gebacken, gebastelt und auch mal \u00fcber den Alltag gemault.\" \/>\n<meta property=\"og:url\" content=\"https:\/\/www.heldenhaushalt.de\/sari02\/index.php\/2013\/08\/29\/jade-im-august-trkis\/\" \/>\n<meta property=\"og:site_name\" content=\"Heldenhaushalt\" \/>\n<meta property=\"article:published_time\" content=\"2013-08-29T09:11:00+00:00\" \/>\n<meta property=\"og:image\" content=\"https:\/\/www.heldenhaushalt.de\/farm3.staticflickr.com\/2853\/9544499823_e4d6545ec0.jpg\" \/>\n<meta name=\"author\" content=\"Sari\" \/>\n<meta name=\"twitter:card\" content=\"summary_large_image\" \/>\n<meta name=\"twitter:creator\" content=\"@Heldenhaushalt\" \/>\n<meta name=\"twitter:site\" content=\"@Heldenhaushalt\" \/>\n<meta name=\"twitter:label1\" content=\"Verfasst von\" \/>\n\t<meta name=\"twitter:data1\" content=\"Sari\" \/>\n\t<meta name=\"twitter:label2\" content=\"Gesch\u00e4tzte Lesezeit\" \/>\n\t<meta name=\"twitter:data2\" content=\"1\u00a0Minute\" \/>\n<script type=\"application\/ld+json\" class=\"yoast-schema-graph\">{\"@context\":\"https:\\\/\\\/schema.org\",\"@graph\":[{\"@type\":\"Article\",\"@id\":\"https:\\\/\\\/www.heldenhaushalt.de\\\/sari02\\\/index.php\\\/2013\\\/08\\\/29\\\/jade-im-august-trkis\\\/#article\",\"isPartOf\":{\"@id\":\"https:\\\/\\\/www.heldenhaushalt.de\\\/sari02\\\/index.php\\\/2013\\\/08\\\/29\\\/jade-im-august-trkis\\\/\"},\"author\":{\"name\":\"Sari\",\"@id\":\"https:\\\/\\\/www.heldenhaushalt.de\\\/sari02\\\/#\\\/schema\\\/person\\\/a1cc69f42a01f412eb62c151353814f6\"},\"headline\":\"JaDe im August &#8211; T&#252;rkis\",\"datePublished\":\"2013-08-29T09:11:00+00:00\",\"mainEntityOfPage\":{\"@id\":\"https:\\\/\\\/www.heldenhaushalt.de\\\/sari02\\\/index.php\\\/2013\\\/08\\\/29\\\/jade-im-august-trkis\\\/\"},\"wordCount\":180,\"commentCount\":2,\"publisher\":{\"@id\":\"https:\\\/\\\/www.heldenhaushalt.de\\\/sari02\\\/#\\\/schema\\\/person\\\/a1cc69f42a01f412eb62c151353814f6\"},\"articleSection\":[\"Blogsph\u00e4re\",\"Zeichnen ist toll\"],\"inLanguage\":\"de\",\"potentialAction\":[{\"@type\":\"CommentAction\",\"name\":\"Comment\",\"target\":[\"https:\\\/\\\/www.heldenhaushalt.de\\\/sari02\\\/index.php\\\/2013\\\/08\\\/29\\\/jade-im-august-trkis\\\/#respond\"]}]},{\"@type\":\"WebPage\",\"@id\":\"https:\\\/\\\/www.heldenhaushalt.de\\\/sari02\\\/index.php\\\/2013\\\/08\\\/29\\\/jade-im-august-trkis\\\/\",\"url\":\"https:\\\/\\\/www.heldenhaushalt.de\\\/sari02\\\/index.php\\\/2013\\\/08\\\/29\\\/jade-im-august-trkis\\\/\",\"name\":\"JaDe im August &#8211; T&#252;rkis - Heldenhaushalt\",\"isPartOf\":{\"@id\":\"https:\\\/\\\/www.heldenhaushalt.de\\\/sari02\\\/#website\"},\"datePublished\":\"2013-08-29T09:11:00+00:00\",\"description\":\"Auch Helden erleben den t\u00e4glichen Wahnsinn, den ein Alltag mit sich bringt und Frau Mondgras sitzt mittendrin. Berlinerin, Mutter, Ehefrau, Kreativling und auf der st\u00e4ndigen Suche nach Gl\u00fcck... Hier wird gen\u00e4ht, gebacken, gebastelt und auch mal \u00fcber den Alltag gemault.\",\"breadcrumb\":{\"@id\":\"https:\\\/\\\/www.heldenhaushalt.de\\\/sari02\\\/index.php\\\/2013\\\/08\\\/29\\\/jade-im-august-trkis\\\/#breadcrumb\"},\"inLanguage\":\"de\",\"potentialAction\":[{\"@type\":\"ReadAction\",\"target\":[\"https:\\\/\\\/www.heldenhaushalt.de\\\/sari02\\\/index.php\\\/2013\\\/08\\\/29\\\/jade-im-august-trkis\\\/\"]}]},{\"@type\":\"BreadcrumbList\",\"@id\":\"https:\\\/\\\/www.heldenhaushalt.de\\\/sari02\\\/index.php\\\/2013\\\/08\\\/29\\\/jade-im-august-trkis\\\/#breadcrumb\",\"itemListElement\":[{\"@type\":\"ListItem\",\"position\":1,\"name\":\"Startseite\",\"item\":\"https:\\\/\\\/www.heldenhaushalt.de\\\/sari02\\\/\"},{\"@type\":\"ListItem\",\"position\":2,\"name\":\"JaDe im August &#8211; T&#252;rkis\"}]},{\"@type\":\"WebSite\",\"@id\":\"https:\\\/\\\/www.heldenhaushalt.de\\\/sari02\\\/#website\",\"url\":\"https:\\\/\\\/www.heldenhaushalt.de\\\/sari02\\\/\",\"name\":\"Heldenhaushalt\",\"description\":\"Wer es ordentlich haben will, der muss vorher anrufen\",\"publisher\":{\"@id\":\"https:\\\/\\\/www.heldenhaushalt.de\\\/sari02\\\/#\\\/schema\\\/person\\\/a1cc69f42a01f412eb62c151353814f6\"},\"potentialAction\":[{\"@type\":\"SearchAction\",\"target\":{\"@type\":\"EntryPoint\",\"urlTemplate\":\"https:\\\/\\\/www.heldenhaushalt.de\\\/sari02\\\/?s={search_term_string}\"},\"query-input\":{\"@type\":\"PropertyValueSpecification\",\"valueRequired\":true,\"valueName\":\"search_term_string\"}}],\"inLanguage\":\"de\"},{\"@type\":[\"Person\",\"Organization\"],\"@id\":\"https:\\\/\\\/www.heldenhaushalt.de\\\/sari02\\\/#\\\/schema\\\/person\\\/a1cc69f42a01f412eb62c151353814f6\",\"name\":\"Sari\",\"image\":{\"@type\":\"ImageObject\",\"inLanguage\":\"de\",\"@id\":\"https:\\\/\\\/www.heldenhaushalt.de\\\/sari02\\\/wp-content\\\/uploads\\\/2019\\\/02\\\/sari-april2018.png\",\"url\":\"https:\\\/\\\/www.heldenhaushalt.de\\\/sari02\\\/wp-content\\\/uploads\\\/2019\\\/02\\\/sari-april2018.png\",\"contentUrl\":\"https:\\\/\\\/www.heldenhaushalt.de\\\/sari02\\\/wp-content\\\/uploads\\\/2019\\\/02\\\/sari-april2018.png\",\"width\":500,\"height\":500,\"caption\":\"Sari\"},\"logo\":{\"@id\":\"https:\\\/\\\/www.heldenhaushalt.de\\\/sari02\\\/wp-content\\\/uploads\\\/2019\\\/02\\\/sari-april2018.png\"},\"description\":\"Frau Mondgras \u2013 Das bin ich, Sari. Gerne auch als Sari Mondgras bekannt und im Internet zu finden. 2-Fach-Mutter, Heldenehefrau, Kreativling, Harmonies\u00fcchtig und st\u00e4ndig auf der Suche nach Gl\u00fcck. Ich komme aus Berlin, bin hier aufgewachsen und lebe hier seit ich denken kann.\",\"sameAs\":[\"https:\\\/\\\/www.instagram.com\\\/heldenhaushalt\\\/\"],\"url\":\"https:\\\/\\\/www.heldenhaushalt.de\\\/sari02\\\/index.php\\\/author\\\/admin\\\/\"}]}<\/script>\n<!-- \/ Yoast SEO plugin. -->","yoast_head_json":{"title":"JaDe im August &#8211; T&#252;rkis - Heldenhaushalt","description":"Auch Helden erleben den t\u00e4glichen Wahnsinn, den ein Alltag mit sich bringt und Frau Mondgras sitzt mittendrin. Berlinerin, Mutter, Ehefrau, Kreativling und auf der st\u00e4ndigen Suche nach Gl\u00fcck... Hier wird gen\u00e4ht, gebacken, gebastelt und auch mal \u00fcber den Alltag gemault.","robots":{"index":"index","follow":"follow","max-snippet":"max-snippet:-1","max-image-preview":"max-image-preview:large","max-video-preview":"max-video-preview:-1"},"canonical":"https:\/\/www.heldenhaushalt.de\/sari02\/index.php\/2013\/08\/29\/jade-im-august-trkis\/","og_locale":"de_DE","og_type":"article","og_title":"JaDe im August &#8211; T&#252;rkis - Heldenhaushalt","og_description":"Auch Helden erleben den t\u00e4glichen Wahnsinn, den ein Alltag mit sich bringt und Frau Mondgras sitzt mittendrin. Berlinerin, Mutter, Ehefrau, Kreativling und auf der st\u00e4ndigen Suche nach Gl\u00fcck... Hier wird gen\u00e4ht, gebacken, gebastelt und auch mal \u00fcber den Alltag gemault.","og_url":"https:\/\/www.heldenhaushalt.de\/sari02\/index.php\/2013\/08\/29\/jade-im-august-trkis\/","og_site_name":"Heldenhaushalt","article_published_time":"2013-08-29T09:11:00+00:00","og_image":[{"url":"https:\/\/www.heldenhaushalt.de\/farm3.staticflickr.com\/2853\/9544499823_e4d6545ec0.jpg","type":"","width":"","height":""}],"author":"Sari","twitter_card":"summary_large_image","twitter_creator":"@Heldenhaushalt","twitter_site":"@Heldenhaushalt","twitter_misc":{"Verfasst von":"Sari","Gesch\u00e4tzte Lesezeit":"1\u00a0Minute"},"schema":{"@context":"https:\/\/schema.org","@graph":[{"@type":"Article","@id":"https:\/\/www.heldenhaushalt.de\/sari02\/index.php\/2013\/08\/29\/jade-im-august-trkis\/#article","isPartOf":{"@id":"https:\/\/www.heldenhaushalt.de\/sari02\/index.php\/2013\/08\/29\/jade-im-august-trkis\/"},"author":{"name":"Sari","@id":"https:\/\/www.heldenhaushalt.de\/sari02\/#\/schema\/person\/a1cc69f42a01f412eb62c151353814f6"},"headline":"JaDe im August &#8211; T&#252;rkis","datePublished":"2013-08-29T09:11:00+00:00","mainEntityOfPage":{"@id":"https:\/\/www.heldenhaushalt.de\/sari02\/index.php\/2013\/08\/29\/jade-im-august-trkis\/"},"wordCount":180,"commentCount":2,"publisher":{"@id":"https:\/\/www.heldenhaushalt.de\/sari02\/#\/schema\/person\/a1cc69f42a01f412eb62c151353814f6"},"articleSection":["Blogsph\u00e4re","Zeichnen ist toll"],"inLanguage":"de","potentialAction":[{"@type":"CommentAction","name":"Comment","target":["https:\/\/www.heldenhaushalt.de\/sari02\/index.php\/2013\/08\/29\/jade-im-august-trkis\/#respond"]}]},{"@type":"WebPage","@id":"https:\/\/www.heldenhaushalt.de\/sari02\/index.php\/2013\/08\/29\/jade-im-august-trkis\/","url":"https:\/\/www.heldenhaushalt.de\/sari02\/index.php\/2013\/08\/29\/jade-im-august-trkis\/","name":"JaDe im August &#8211; T&#252;rkis - Heldenhaushalt","isPartOf":{"@id":"https:\/\/www.heldenhaushalt.de\/sari02\/#website"},"datePublished":"2013-08-29T09:11:00+00:00","description":"Auch Helden erleben den t\u00e4glichen Wahnsinn, den ein Alltag mit sich bringt und Frau Mondgras sitzt mittendrin. Berlinerin, Mutter, Ehefrau, Kreativling und auf der st\u00e4ndigen Suche nach Gl\u00fcck... Hier wird gen\u00e4ht, gebacken, gebastelt und auch mal \u00fcber den Alltag gemault.","breadcrumb":{"@id":"https:\/\/www.heldenhaushalt.de\/sari02\/index.php\/2013\/08\/29\/jade-im-august-trkis\/#breadcrumb"},"inLanguage":"de","potentialAction":[{"@type":"ReadAction","target":["https:\/\/www.heldenhaushalt.de\/sari02\/index.php\/2013\/08\/29\/jade-im-august-trkis\/"]}]},{"@type":"BreadcrumbList","@id":"https:\/\/www.heldenhaushalt.de\/sari02\/index.php\/2013\/08\/29\/jade-im-august-trkis\/#breadcrumb","itemListElement":[{"@type":"ListItem","position":1,"name":"Startseite","item":"https:\/\/www.heldenhaushalt.de\/sari02\/"},{"@type":"ListItem","position":2,"name":"JaDe im August &#8211; T&#252;rkis"}]},{"@type":"WebSite","@id":"https:\/\/www.heldenhaushalt.de\/sari02\/#website","url":"https:\/\/www.heldenhaushalt.de\/sari02\/","name":"Heldenhaushalt","description":"Wer es ordentlich haben will, der muss vorher anrufen","publisher":{"@id":"https:\/\/www.heldenhaushalt.de\/sari02\/#\/schema\/person\/a1cc69f42a01f412eb62c151353814f6"},"potentialAction":[{"@type":"SearchAction","target":{"@type":"EntryPoint","urlTemplate":"https:\/\/www.heldenhaushalt.de\/sari02\/?s={search_term_string}"},"query-input":{"@type":"PropertyValueSpecification","valueRequired":true,"valueName":"search_term_string"}}],"inLanguage":"de"},{"@type":["Person","Organization"],"@id":"https:\/\/www.heldenhaushalt.de\/sari02\/#\/schema\/person\/a1cc69f42a01f412eb62c151353814f6","name":"Sari","image":{"@type":"ImageObject","inLanguage":"de","@id":"https:\/\/www.heldenhaushalt.de\/sari02\/wp-content\/uploads\/2019\/02\/sari-april2018.png","url":"https:\/\/www.heldenhaushalt.de\/sari02\/wp-content\/uploads\/2019\/02\/sari-april2018.png","contentUrl":"https:\/\/www.heldenhaushalt.de\/sari02\/wp-content\/uploads\/2019\/02\/sari-april2018.png","width":500,"height":500,"caption":"Sari"},"logo":{"@id":"https:\/\/www.heldenhaushalt.de\/sari02\/wp-content\/uploads\/2019\/02\/sari-april2018.png"},"description":"Frau Mondgras \u2013 Das bin ich, Sari. Gerne auch als Sari Mondgras bekannt und im Internet zu finden. 2-Fach-Mutter, Heldenehefrau, Kreativling, Harmonies\u00fcchtig und st\u00e4ndig auf der Suche nach Gl\u00fcck. Ich komme aus Berlin, bin hier aufgewachsen und lebe hier seit ich denken kann.","sameAs":["https:\/\/www.instagram.com\/heldenhaushalt\/"],"url":"https:\/\/www.heldenhaushalt.de\/sari02\/index.php\/author\/admin\/"}]}},"views":5815,"_links":{"self":[{"href":"https:\/\/www.heldenhaushalt.de\/sari02\/index.php\/wp-json\/wp\/v2\/posts\/20309","targetHints":{"allow":["GET"]}}],"collection":[{"href":"https:\/\/www.heldenhaushalt.de\/sari02\/index.php\/wp-json\/wp\/v2\/posts"}],"about":[{"href":"https:\/\/www.heldenhaushalt.de\/sari02\/index.php\/wp-json\/wp\/v2\/types\/post"}],"author":[{"embeddable":true,"href":"https:\/\/www.heldenhaushalt.de\/sari02\/index.php\/wp-json\/wp\/v2\/users\/1"}],"replies":[{"embeddable":true,"href":"https:\/\/www.heldenhaushalt.de\/sari02\/index.php\/wp-json\/wp\/v2\/comments?post=20309"}],"version-history":[{"count":3,"href":"https:\/\/www.heldenhaushalt.de\/sari02\/index.php\/wp-json\/wp\/v2\/posts\/20309\/revisions"}],"predecessor-version":[{"id":20318,"href":"https:\/\/www.heldenhaushalt.de\/sari02\/index.php\/wp-json\/wp\/v2\/posts\/20309\/revisions\/20318"}],"wp:attachment":[{"href":"https:\/\/www.heldenhaushalt.de\/sari02\/index.php\/wp-json\/wp\/v2\/media?parent=20309"}],"wp:term":[{"taxonomy":"category","embeddable":true,"href":"https:\/\/www.heldenhaushalt.de\/sari02\/index.php\/wp-json\/wp\/v2\/categories?post=20309"},{"taxonomy":"post_tag","embeddable":true,"href":"https:\/\/www.heldenhaushalt.de\/sari02\/index.php\/wp-json\/wp\/v2\/tags?post=20309"}],"curies":[{"name":"wp","href":"https:\/\/api.w.org\/{rel}","templated":true}]}}