{"id":20342,"date":"2013-08-26T14:10:44","date_gmt":"2013-08-26T12:10:44","guid":{"rendered":"http:\/\/www.mondgras.de\/sari02\/?p=20342"},"modified":"2013-08-23T08:11:13","modified_gmt":"2013-08-23T06:11:13","slug":"herbstkinder-sew-along","status":"publish","type":"post","link":"https:\/\/www.heldenhaushalt.de\/sari02\/index.php\/2013\/08\/26\/herbstkinder-sew-along\/","title":{"rendered":"Herbstkinder sew-along?!"},"content":{"rendered":"<p><img loading=\"lazy\" decoding=\"async\" class=\"alignnone size-full wp-image-20343\" alt=\"HerbstkindSewAlong\" src=\"http:\/\/www.heldenhaushalt.de\/sari02\/wp-content\/uploads\/2013\/08\/HerbstkindSewAlong.jpg\" width=\"222\" height=\"219\" align=\"left\" \/>Ich habe sie schon oft gesehen in der Blogsph&#228;re &#8211; Aktionen, bei denen man sich gemeinsam einem N&#228;hprojekt widmet, immer mal wieder seine Fortschritte zeigt und so ein reger Ausstausch und viel Inspiration statt findet. Durch Zufall bin ich nun auf das<a href=\"http:\/\/nemada.blogspot.de\/2013\/08\/machst-du-auch-mit-herbstkinder-sew.html#comment-form\" target=\"_blank\"><strong> Herbstkinder Sew-Along bei Nemada<\/strong><\/a> aufmerksam geworden und dachte mir\u00a0 &#8211; Klar, das probierst Du jetzt auch!<\/p>\n<p>Schwerpunktm&#228;&#223;ig geht es darum, dass man hier gemeinsam bzw. jeder f&#252;r sich eine <strong>Herbstjacke f&#252;r ein Kind<\/strong> n&#228;ht.<\/p>\n<p>Das finde ich deshalb so spannend, weil so eine richtige Herbstjacke ja doch etwas aufw&#228;ndiger ist und man ja auch mit ganz anderen Materialien als sonst arbeiten muss. Festere vor allem.<\/p>\n<p>Das hei&#223;t f&#252;r mich jetzt, dass ich mal in meinen Zeitungen st&#246;bern gehen muss, was ich gerne n&#228;hen m&#246;chte und gut, dass der Stoffmarkt vor der T&#252;re steht, so dass ich da doch gleich mal nach einem sch&#246;nen Stoff schauen kann *lach* Wenn ich das jetzt richtig gesehen hahe, habe ich einen Monat Zeit f&#252;r die Fertigstellung. Das sollte doch schaffbar sein, oder?<\/p>\n<p>Wie sieht es aus? K&#246;nnt Ihr mir schon mal sch&#246;ne Schnittmuster empfehlen oder habt Tipps f&#252;r mich, was f&#252;r Stoffe f&#252;r &#220;bergangs- bzw. Herbstjacken geeignet w&#228;ren?<\/p>\n<p>Ansonsten, wer sich auch gerne versuchen m&#246;chte,<a href=\"http:\/\/nemada.blogspot.de\/2013\/08\/machst-du-auch-mit-herbstkinder-sew.html#comment-form\" target=\"_blank\"> hier gibt es alle Infos und die M&#246;glichkeit zur Anmeldung<\/a>!<\/p>\n","protected":false},"excerpt":{"rendered":"<p>Ich habe sie schon oft gesehen in der Blogsph&#228;re &#8211; Aktionen, bei denen man sich gemeinsam einem N&#228;hprojekt widmet, immer mal wieder seine Fortschritte zeigt und so ein reger Ausstausch und viel Inspiration statt findet. Durch Zufall bin ich nun auf das Herbstkinder Sew-Along bei Nemada aufmerksam geworden und dachte mir\u00a0 &#8211; Klar, das probierst Du jetzt auch! Schwerpunktm&#228;&#223;ig geht es darum, dass man hier gemeinsam bzw. jeder f&#252;r sich eine Herbstjacke f&#252;r ein Kind n&#228;ht. Das finde ich deshalb so spannend, weil so eine richtige Herbstjacke ja doch etwas aufw&#228;ndiger ist und man ja auch mit ganz anderen Materialien als sonst arbeiten muss. Festere vor allem. Das hei&#223;t f&#252;r mich jetzt, dass ich mal in meinen Zeitungen st&#246;bern gehen muss, was ich gerne n&#228;hen m&#246;chte und gut, dass der Stoffmarkt vor der T&#252;re steht, so dass ich da doch gleich mal nach einem sch&#246;nen Stoff schauen kann *lach* Wenn ich das jetzt richtig gesehen hahe, habe ich einen Monat Zeit f&#252;r die Fertigstellung. Das sollte doch schaffbar sein, oder? Wie sieht es aus? K&#246;nnt Ihr mir schon mal sch&#246;ne Schnittmuster empfehlen oder habt Tipps f&#252;r mich, was f&#252;r Stoffe f&#252;r &#220;bergangs- bzw. Herbstjacken geeignet w&#228;ren? Ansonsten, wer sich auch gerne versuchen m&#246;chte, hier gibt es alle Infos und die M&#246;glichkeit zur Anmeldung!<\/p>\n","protected":false},"author":1,"featured_media":0,"comment_status":"open","ping_status":"open","sticky":false,"template":"","format":"standard","meta":{"ngg_post_thumbnail":0,"footnotes":""},"categories":[224,49],"tags":[],"class_list":["post-20342","post","type-post","status-publish","format-standard","hentry","category-handarbeiten","category-blogspaehre"],"yoast_head":"<!-- This site is optimized with the Yoast SEO plugin v27.5 - https:\/\/yoast.com\/product\/yoast-seo-wordpress\/ -->\n<title>Herbstkinder sew-along?! - Heldenhaushalt<\/title>\n<meta name=\"description\" content=\"Auch Helden erleben den t\u00e4glichen Wahnsinn, den ein Alltag mit sich bringt und Frau Mondgras sitzt mittendrin. Berlinerin, Mutter, Ehefrau, Kreativling und auf der st\u00e4ndigen Suche nach Gl\u00fcck... Hier wird gen\u00e4ht, gebacken, gebastelt und auch mal \u00fcber den Alltag gemault.\" \/>\n<meta name=\"robots\" content=\"index, follow, max-snippet:-1, max-image-preview:large, max-video-preview:-1\" \/>\n<link rel=\"canonical\" href=\"https:\/\/www.heldenhaushalt.de\/sari02\/index.php\/2013\/08\/26\/herbstkinder-sew-along\/\" \/>\n<meta property=\"og:locale\" content=\"de_DE\" \/>\n<meta property=\"og:type\" content=\"article\" \/>\n<meta property=\"og:title\" content=\"Herbstkinder sew-along?! - Heldenhaushalt\" \/>\n<meta property=\"og:description\" content=\"Auch Helden erleben den t\u00e4glichen Wahnsinn, den ein Alltag mit sich bringt und Frau Mondgras sitzt mittendrin. Berlinerin, Mutter, Ehefrau, Kreativling und auf der st\u00e4ndigen Suche nach Gl\u00fcck... Hier wird gen\u00e4ht, gebacken, gebastelt und auch mal \u00fcber den Alltag gemault.\" \/>\n<meta property=\"og:url\" content=\"https:\/\/www.heldenhaushalt.de\/sari02\/index.php\/2013\/08\/26\/herbstkinder-sew-along\/\" \/>\n<meta property=\"og:site_name\" content=\"Heldenhaushalt\" \/>\n<meta property=\"article:published_time\" content=\"2013-08-26T12:10:44+00:00\" \/>\n<meta property=\"og:image\" content=\"http:\/\/www.heldenhaushalt.de\/sari02\/wp-content\/uploads\/2013\/08\/HerbstkindSewAlong.jpg\" \/>\n<meta name=\"author\" content=\"Sari\" \/>\n<meta name=\"twitter:card\" content=\"summary_large_image\" \/>\n<meta name=\"twitter:creator\" content=\"@Heldenhaushalt\" \/>\n<meta name=\"twitter:site\" content=\"@Heldenhaushalt\" \/>\n<meta name=\"twitter:label1\" content=\"Verfasst von\" \/>\n\t<meta name=\"twitter:data1\" content=\"Sari\" \/>\n\t<meta name=\"twitter:label2\" content=\"Gesch\u00e4tzte Lesezeit\" \/>\n\t<meta name=\"twitter:data2\" content=\"1\u00a0Minute\" \/>\n<script type=\"application\/ld+json\" class=\"yoast-schema-graph\">{\"@context\":\"https:\\\/\\\/schema.org\",\"@graph\":[{\"@type\":\"Article\",\"@id\":\"https:\\\/\\\/www.heldenhaushalt.de\\\/sari02\\\/index.php\\\/2013\\\/08\\\/26\\\/herbstkinder-sew-along\\\/#article\",\"isPartOf\":{\"@id\":\"https:\\\/\\\/www.heldenhaushalt.de\\\/sari02\\\/index.php\\\/2013\\\/08\\\/26\\\/herbstkinder-sew-along\\\/\"},\"author\":{\"name\":\"Sari\",\"@id\":\"https:\\\/\\\/www.heldenhaushalt.de\\\/sari02\\\/#\\\/schema\\\/person\\\/a1cc69f42a01f412eb62c151353814f6\"},\"headline\":\"Herbstkinder sew-along?!\",\"datePublished\":\"2013-08-26T12:10:44+00:00\",\"mainEntityOfPage\":{\"@id\":\"https:\\\/\\\/www.heldenhaushalt.de\\\/sari02\\\/index.php\\\/2013\\\/08\\\/26\\\/herbstkinder-sew-along\\\/\"},\"wordCount\":238,\"commentCount\":3,\"publisher\":{\"@id\":\"https:\\\/\\\/www.heldenhaushalt.de\\\/sari02\\\/#\\\/schema\\\/person\\\/a1cc69f42a01f412eb62c151353814f6\"},\"image\":{\"@id\":\"https:\\\/\\\/www.heldenhaushalt.de\\\/sari02\\\/index.php\\\/2013\\\/08\\\/26\\\/herbstkinder-sew-along\\\/#primaryimage\"},\"thumbnailUrl\":\"http:\\\/\\\/www.heldenhaushalt.de\\\/sari02\\\/wp-content\\\/uploads\\\/2013\\\/08\\\/HerbstkindSewAlong.jpg\",\"articleSection\":[\"Aus Wolle &amp; Stoff\",\"Blogsph\u00e4re\"],\"inLanguage\":\"de\",\"potentialAction\":[{\"@type\":\"CommentAction\",\"name\":\"Comment\",\"target\":[\"https:\\\/\\\/www.heldenhaushalt.de\\\/sari02\\\/index.php\\\/2013\\\/08\\\/26\\\/herbstkinder-sew-along\\\/#respond\"]}]},{\"@type\":\"WebPage\",\"@id\":\"https:\\\/\\\/www.heldenhaushalt.de\\\/sari02\\\/index.php\\\/2013\\\/08\\\/26\\\/herbstkinder-sew-along\\\/\",\"url\":\"https:\\\/\\\/www.heldenhaushalt.de\\\/sari02\\\/index.php\\\/2013\\\/08\\\/26\\\/herbstkinder-sew-along\\\/\",\"name\":\"Herbstkinder sew-along?! - Heldenhaushalt\",\"isPartOf\":{\"@id\":\"https:\\\/\\\/www.heldenhaushalt.de\\\/sari02\\\/#website\"},\"primaryImageOfPage\":{\"@id\":\"https:\\\/\\\/www.heldenhaushalt.de\\\/sari02\\\/index.php\\\/2013\\\/08\\\/26\\\/herbstkinder-sew-along\\\/#primaryimage\"},\"image\":{\"@id\":\"https:\\\/\\\/www.heldenhaushalt.de\\\/sari02\\\/index.php\\\/2013\\\/08\\\/26\\\/herbstkinder-sew-along\\\/#primaryimage\"},\"thumbnailUrl\":\"http:\\\/\\\/www.heldenhaushalt.de\\\/sari02\\\/wp-content\\\/uploads\\\/2013\\\/08\\\/HerbstkindSewAlong.jpg\",\"datePublished\":\"2013-08-26T12:10:44+00:00\",\"description\":\"Auch Helden erleben den t\u00e4glichen Wahnsinn, den ein Alltag mit sich bringt und Frau Mondgras sitzt mittendrin. Berlinerin, Mutter, Ehefrau, Kreativling und auf der st\u00e4ndigen Suche nach Gl\u00fcck... Hier wird gen\u00e4ht, gebacken, gebastelt und auch mal \u00fcber den Alltag gemault.\",\"breadcrumb\":{\"@id\":\"https:\\\/\\\/www.heldenhaushalt.de\\\/sari02\\\/index.php\\\/2013\\\/08\\\/26\\\/herbstkinder-sew-along\\\/#breadcrumb\"},\"inLanguage\":\"de\",\"potentialAction\":[{\"@type\":\"ReadAction\",\"target\":[\"https:\\\/\\\/www.heldenhaushalt.de\\\/sari02\\\/index.php\\\/2013\\\/08\\\/26\\\/herbstkinder-sew-along\\\/\"]}]},{\"@type\":\"ImageObject\",\"inLanguage\":\"de\",\"@id\":\"https:\\\/\\\/www.heldenhaushalt.de\\\/sari02\\\/index.php\\\/2013\\\/08\\\/26\\\/herbstkinder-sew-along\\\/#primaryimage\",\"url\":\"https:\\\/\\\/www.heldenhaushalt.de\\\/sari02\\\/wp-content\\\/uploads\\\/2013\\\/08\\\/HerbstkindSewAlong.jpg\",\"contentUrl\":\"https:\\\/\\\/www.heldenhaushalt.de\\\/sari02\\\/wp-content\\\/uploads\\\/2013\\\/08\\\/HerbstkindSewAlong.jpg\",\"width\":222,\"height\":219},{\"@type\":\"BreadcrumbList\",\"@id\":\"https:\\\/\\\/www.heldenhaushalt.de\\\/sari02\\\/index.php\\\/2013\\\/08\\\/26\\\/herbstkinder-sew-along\\\/#breadcrumb\",\"itemListElement\":[{\"@type\":\"ListItem\",\"position\":1,\"name\":\"Startseite\",\"item\":\"https:\\\/\\\/www.heldenhaushalt.de\\\/sari02\\\/\"},{\"@type\":\"ListItem\",\"position\":2,\"name\":\"Herbstkinder sew-along?!\"}]},{\"@type\":\"WebSite\",\"@id\":\"https:\\\/\\\/www.heldenhaushalt.de\\\/sari02\\\/#website\",\"url\":\"https:\\\/\\\/www.heldenhaushalt.de\\\/sari02\\\/\",\"name\":\"Heldenhaushalt\",\"description\":\"Wer es ordentlich haben will, der muss vorher anrufen\",\"publisher\":{\"@id\":\"https:\\\/\\\/www.heldenhaushalt.de\\\/sari02\\\/#\\\/schema\\\/person\\\/a1cc69f42a01f412eb62c151353814f6\"},\"potentialAction\":[{\"@type\":\"SearchAction\",\"target\":{\"@type\":\"EntryPoint\",\"urlTemplate\":\"https:\\\/\\\/www.heldenhaushalt.de\\\/sari02\\\/?s={search_term_string}\"},\"query-input\":{\"@type\":\"PropertyValueSpecification\",\"valueRequired\":true,\"valueName\":\"search_term_string\"}}],\"inLanguage\":\"de\"},{\"@type\":[\"Person\",\"Organization\"],\"@id\":\"https:\\\/\\\/www.heldenhaushalt.de\\\/sari02\\\/#\\\/schema\\\/person\\\/a1cc69f42a01f412eb62c151353814f6\",\"name\":\"Sari\",\"image\":{\"@type\":\"ImageObject\",\"inLanguage\":\"de\",\"@id\":\"https:\\\/\\\/www.heldenhaushalt.de\\\/sari02\\\/wp-content\\\/uploads\\\/2019\\\/02\\\/sari-april2018.png\",\"url\":\"https:\\\/\\\/www.heldenhaushalt.de\\\/sari02\\\/wp-content\\\/uploads\\\/2019\\\/02\\\/sari-april2018.png\",\"contentUrl\":\"https:\\\/\\\/www.heldenhaushalt.de\\\/sari02\\\/wp-content\\\/uploads\\\/2019\\\/02\\\/sari-april2018.png\",\"width\":500,\"height\":500,\"caption\":\"Sari\"},\"logo\":{\"@id\":\"https:\\\/\\\/www.heldenhaushalt.de\\\/sari02\\\/wp-content\\\/uploads\\\/2019\\\/02\\\/sari-april2018.png\"},\"description\":\"Frau Mondgras \u2013 Das bin ich, Sari. Gerne auch als Sari Mondgras bekannt und im Internet zu finden. 2-Fach-Mutter, Heldenehefrau, Kreativling, Harmonies\u00fcchtig und st\u00e4ndig auf der Suche nach Gl\u00fcck. Ich komme aus Berlin, bin hier aufgewachsen und lebe hier seit ich denken kann.\",\"sameAs\":[\"https:\\\/\\\/www.instagram.com\\\/heldenhaushalt\\\/\"],\"url\":\"https:\\\/\\\/www.heldenhaushalt.de\\\/sari02\\\/index.php\\\/author\\\/admin\\\/\"}]}<\/script>\n<!-- \/ Yoast SEO plugin. -->","yoast_head_json":{"title":"Herbstkinder sew-along?! - Heldenhaushalt","description":"Auch Helden erleben den t\u00e4glichen Wahnsinn, den ein Alltag mit sich bringt und Frau Mondgras sitzt mittendrin. Berlinerin, Mutter, Ehefrau, Kreativling und auf der st\u00e4ndigen Suche nach Gl\u00fcck... Hier wird gen\u00e4ht, gebacken, gebastelt und auch mal \u00fcber den Alltag gemault.","robots":{"index":"index","follow":"follow","max-snippet":"max-snippet:-1","max-image-preview":"max-image-preview:large","max-video-preview":"max-video-preview:-1"},"canonical":"https:\/\/www.heldenhaushalt.de\/sari02\/index.php\/2013\/08\/26\/herbstkinder-sew-along\/","og_locale":"de_DE","og_type":"article","og_title":"Herbstkinder sew-along?! - Heldenhaushalt","og_description":"Auch Helden erleben den t\u00e4glichen Wahnsinn, den ein Alltag mit sich bringt und Frau Mondgras sitzt mittendrin. Berlinerin, Mutter, Ehefrau, Kreativling und auf der st\u00e4ndigen Suche nach Gl\u00fcck... Hier wird gen\u00e4ht, gebacken, gebastelt und auch mal \u00fcber den Alltag gemault.","og_url":"https:\/\/www.heldenhaushalt.de\/sari02\/index.php\/2013\/08\/26\/herbstkinder-sew-along\/","og_site_name":"Heldenhaushalt","article_published_time":"2013-08-26T12:10:44+00:00","og_image":[{"url":"http:\/\/www.heldenhaushalt.de\/sari02\/wp-content\/uploads\/2013\/08\/HerbstkindSewAlong.jpg","type":"","width":"","height":""}],"author":"Sari","twitter_card":"summary_large_image","twitter_creator":"@Heldenhaushalt","twitter_site":"@Heldenhaushalt","twitter_misc":{"Verfasst von":"Sari","Gesch\u00e4tzte Lesezeit":"1\u00a0Minute"},"schema":{"@context":"https:\/\/schema.org","@graph":[{"@type":"Article","@id":"https:\/\/www.heldenhaushalt.de\/sari02\/index.php\/2013\/08\/26\/herbstkinder-sew-along\/#article","isPartOf":{"@id":"https:\/\/www.heldenhaushalt.de\/sari02\/index.php\/2013\/08\/26\/herbstkinder-sew-along\/"},"author":{"name":"Sari","@id":"https:\/\/www.heldenhaushalt.de\/sari02\/#\/schema\/person\/a1cc69f42a01f412eb62c151353814f6"},"headline":"Herbstkinder sew-along?!","datePublished":"2013-08-26T12:10:44+00:00","mainEntityOfPage":{"@id":"https:\/\/www.heldenhaushalt.de\/sari02\/index.php\/2013\/08\/26\/herbstkinder-sew-along\/"},"wordCount":238,"commentCount":3,"publisher":{"@id":"https:\/\/www.heldenhaushalt.de\/sari02\/#\/schema\/person\/a1cc69f42a01f412eb62c151353814f6"},"image":{"@id":"https:\/\/www.heldenhaushalt.de\/sari02\/index.php\/2013\/08\/26\/herbstkinder-sew-along\/#primaryimage"},"thumbnailUrl":"http:\/\/www.heldenhaushalt.de\/sari02\/wp-content\/uploads\/2013\/08\/HerbstkindSewAlong.jpg","articleSection":["Aus Wolle &amp; Stoff","Blogsph\u00e4re"],"inLanguage":"de","potentialAction":[{"@type":"CommentAction","name":"Comment","target":["https:\/\/www.heldenhaushalt.de\/sari02\/index.php\/2013\/08\/26\/herbstkinder-sew-along\/#respond"]}]},{"@type":"WebPage","@id":"https:\/\/www.heldenhaushalt.de\/sari02\/index.php\/2013\/08\/26\/herbstkinder-sew-along\/","url":"https:\/\/www.heldenhaushalt.de\/sari02\/index.php\/2013\/08\/26\/herbstkinder-sew-along\/","name":"Herbstkinder sew-along?! - Heldenhaushalt","isPartOf":{"@id":"https:\/\/www.heldenhaushalt.de\/sari02\/#website"},"primaryImageOfPage":{"@id":"https:\/\/www.heldenhaushalt.de\/sari02\/index.php\/2013\/08\/26\/herbstkinder-sew-along\/#primaryimage"},"image":{"@id":"https:\/\/www.heldenhaushalt.de\/sari02\/index.php\/2013\/08\/26\/herbstkinder-sew-along\/#primaryimage"},"thumbnailUrl":"http:\/\/www.heldenhaushalt.de\/sari02\/wp-content\/uploads\/2013\/08\/HerbstkindSewAlong.jpg","datePublished":"2013-08-26T12:10:44+00:00","description":"Auch Helden erleben den t\u00e4glichen Wahnsinn, den ein Alltag mit sich bringt und Frau Mondgras sitzt mittendrin. Berlinerin, Mutter, Ehefrau, Kreativling und auf der st\u00e4ndigen Suche nach Gl\u00fcck... Hier wird gen\u00e4ht, gebacken, gebastelt und auch mal \u00fcber den Alltag gemault.","breadcrumb":{"@id":"https:\/\/www.heldenhaushalt.de\/sari02\/index.php\/2013\/08\/26\/herbstkinder-sew-along\/#breadcrumb"},"inLanguage":"de","potentialAction":[{"@type":"ReadAction","target":["https:\/\/www.heldenhaushalt.de\/sari02\/index.php\/2013\/08\/26\/herbstkinder-sew-along\/"]}]},{"@type":"ImageObject","inLanguage":"de","@id":"https:\/\/www.heldenhaushalt.de\/sari02\/index.php\/2013\/08\/26\/herbstkinder-sew-along\/#primaryimage","url":"https:\/\/www.heldenhaushalt.de\/sari02\/wp-content\/uploads\/2013\/08\/HerbstkindSewAlong.jpg","contentUrl":"https:\/\/www.heldenhaushalt.de\/sari02\/wp-content\/uploads\/2013\/08\/HerbstkindSewAlong.jpg","width":222,"height":219},{"@type":"BreadcrumbList","@id":"https:\/\/www.heldenhaushalt.de\/sari02\/index.php\/2013\/08\/26\/herbstkinder-sew-along\/#breadcrumb","itemListElement":[{"@type":"ListItem","position":1,"name":"Startseite","item":"https:\/\/www.heldenhaushalt.de\/sari02\/"},{"@type":"ListItem","position":2,"name":"Herbstkinder sew-along?!"}]},{"@type":"WebSite","@id":"https:\/\/www.heldenhaushalt.de\/sari02\/#website","url":"https:\/\/www.heldenhaushalt.de\/sari02\/","name":"Heldenhaushalt","description":"Wer es ordentlich haben will, der muss vorher anrufen","publisher":{"@id":"https:\/\/www.heldenhaushalt.de\/sari02\/#\/schema\/person\/a1cc69f42a01f412eb62c151353814f6"},"potentialAction":[{"@type":"SearchAction","target":{"@type":"EntryPoint","urlTemplate":"https:\/\/www.heldenhaushalt.de\/sari02\/?s={search_term_string}"},"query-input":{"@type":"PropertyValueSpecification","valueRequired":true,"valueName":"search_term_string"}}],"inLanguage":"de"},{"@type":["Person","Organization"],"@id":"https:\/\/www.heldenhaushalt.de\/sari02\/#\/schema\/person\/a1cc69f42a01f412eb62c151353814f6","name":"Sari","image":{"@type":"ImageObject","inLanguage":"de","@id":"https:\/\/www.heldenhaushalt.de\/sari02\/wp-content\/uploads\/2019\/02\/sari-april2018.png","url":"https:\/\/www.heldenhaushalt.de\/sari02\/wp-content\/uploads\/2019\/02\/sari-april2018.png","contentUrl":"https:\/\/www.heldenhaushalt.de\/sari02\/wp-content\/uploads\/2019\/02\/sari-april2018.png","width":500,"height":500,"caption":"Sari"},"logo":{"@id":"https:\/\/www.heldenhaushalt.de\/sari02\/wp-content\/uploads\/2019\/02\/sari-april2018.png"},"description":"Frau Mondgras \u2013 Das bin ich, Sari. Gerne auch als Sari Mondgras bekannt und im Internet zu finden. 2-Fach-Mutter, Heldenehefrau, Kreativling, Harmonies\u00fcchtig und st\u00e4ndig auf der Suche nach Gl\u00fcck. Ich komme aus Berlin, bin hier aufgewachsen und lebe hier seit ich denken kann.","sameAs":["https:\/\/www.instagram.com\/heldenhaushalt\/"],"url":"https:\/\/www.heldenhaushalt.de\/sari02\/index.php\/author\/admin\/"}]}},"views":4816,"_links":{"self":[{"href":"https:\/\/www.heldenhaushalt.de\/sari02\/index.php\/wp-json\/wp\/v2\/posts\/20342","targetHints":{"allow":["GET"]}}],"collection":[{"href":"https:\/\/www.heldenhaushalt.de\/sari02\/index.php\/wp-json\/wp\/v2\/posts"}],"about":[{"href":"https:\/\/www.heldenhaushalt.de\/sari02\/index.php\/wp-json\/wp\/v2\/types\/post"}],"author":[{"embeddable":true,"href":"https:\/\/www.heldenhaushalt.de\/sari02\/index.php\/wp-json\/wp\/v2\/users\/1"}],"replies":[{"embeddable":true,"href":"https:\/\/www.heldenhaushalt.de\/sari02\/index.php\/wp-json\/wp\/v2\/comments?post=20342"}],"version-history":[{"count":3,"href":"https:\/\/www.heldenhaushalt.de\/sari02\/index.php\/wp-json\/wp\/v2\/posts\/20342\/revisions"}],"predecessor-version":[{"id":20346,"href":"https:\/\/www.heldenhaushalt.de\/sari02\/index.php\/wp-json\/wp\/v2\/posts\/20342\/revisions\/20346"}],"wp:attachment":[{"href":"https:\/\/www.heldenhaushalt.de\/sari02\/index.php\/wp-json\/wp\/v2\/media?parent=20342"}],"wp:term":[{"taxonomy":"category","embeddable":true,"href":"https:\/\/www.heldenhaushalt.de\/sari02\/index.php\/wp-json\/wp\/v2\/categories?post=20342"},{"taxonomy":"post_tag","embeddable":true,"href":"https:\/\/www.heldenhaushalt.de\/sari02\/index.php\/wp-json\/wp\/v2\/tags?post=20342"}],"curies":[{"name":"wp","href":"https:\/\/api.w.org\/{rel}","templated":true}]}}