{"id":22994,"date":"2014-06-09T10:00:00","date_gmt":"2014-06-09T08:00:00","guid":{"rendered":"http:\/\/www.mondgras.de\/sari02\/?p=22994"},"modified":"2014-06-09T14:55:05","modified_gmt":"2014-06-09T12:55:05","slug":"ich-wage-es-mal-nahtaktivs-sommerwichteln","status":"publish","type":"post","link":"https:\/\/www.heldenhaushalt.de\/sari02\/index.php\/2014\/06\/09\/ich-wage-es-mal-nahtaktivs-sommerwichteln\/","title":{"rendered":"Ich wage es mal: Nahtaktivs Sommerwichteln"},"content":{"rendered":"<p><img loading=\"lazy\" decoding=\"async\" class=\"size-full wp-image-22995 alignright\" src=\"http:\/\/www.heldenhaushalt.de\/sari02\/wp-content\/uploads\/2014\/06\/Sommerwichtelbutton.png\" alt=\"Sommerwichtelbutton\" width=\"150\" height=\"143\" srcset=\"https:\/\/www.heldenhaushalt.de\/sari02\/wp-content\/uploads\/2014\/06\/Sommerwichtelbutton.png 150w, https:\/\/www.heldenhaushalt.de\/sari02\/wp-content\/uploads\/2014\/06\/Sommerwichtelbutton-63x60.png 63w\" sizes=\"auto, (max-width: 150px) 100vw, 150px\" \/>Neulich erreichte mich eine E-Mail&#8230;ein<a href=\"http:\/\/nahtaktiv.blogspot.de\/2014\/06\/sommerwichteln.html\" target=\"_blank\"><strong> Sommerwichteln f&#252;r N&#228;hbegeisterte<\/strong><\/a> und ob ich nicht gerne dabei w&#228;re. Ich freue mich ja immer, wenn ich gezielt gefragt werde, denn es gibt mir das Gef&#252;hl, dass man mich gerne unter den Teilnehmern sehen w&#252;rde und das hat doch irgendwie etwas motivierendes, oder *cherry* ? Hei&#223;t nicht, dass ich unter solchen Umst&#228;nden auch immer ja sage, aber in dem Fall hat es mich einfach gereizt. Wer mich kennt, der wei&#223;, dass ich ein Fan von<em><strong> &#8220;Geben und Nehmen&#8221;<\/strong><\/em> bin und gerne anderen eine kleine Freude mache *loveit* .<\/p>\n<p>Normaler Weise habe ich bisher immer nur zur Weihnachtszeit an Wichtelaktionen teilgenommen und bisher habe ich es tats&#228;chlich auch nur ein einziges Mal so richtig bereut, weil ich eine gef&#252;hlte Kiste Werbegeschenke und Ramsch bekommen hatte, aber sonst bin ich sogar eher immer richtig gehend &#252;berh&#228;uft oder &#252;berrascht worden, so dass ich mich dadurch immer wieder gerne auf dieses Abenteuer einlasse. Nur dass es dieses Mal halt im Sommer statt findet. Mal was anderes und ab und zu muss man halt auch mal was anderes ausprobieren und wagen, nicht wahr?<\/p>\n<p>Veranstaltet wird das Ganze von <a href=\"http:\/\/nahtaktiv.blogspot.de\/\" target=\"_blank\"><strong>Frau Nahtaktiv<\/strong> <\/a>und l&#228;uft<strong> bis zum 19. Juli<\/strong>, also endet es <strong>zwei Tage vor meinem Geburtstag.<\/strong> Da k&#246;nnte man glatt dar&#252;ber nachdenken, ob ich mit dem Auspacken dann nicht gleich bis zu diesem Warte. <strong>Doppelte &#220;berraschung<\/strong> quasi *lach* . Schwerpunkt dieser Wichtelaktion ist, wie man sich schon denken kann, das N&#228;hen. Man n&#228;ht eine Kleinigkeit und f&#252;llt das Paket vielleicht noch mit dem einen oder anderen n&#252;tzlichen Gegenstand, so dass der Wichtel sp&#228;ter ein sch&#246;nes, geschn&#252;rtes Handarbeits-&#220;berraschungsp&#228;ckchen erh&#228;lt. Irgendwie spannend, da es einige M&#246;glichkeiten offen h&#228;lt. Ich bin jedenfalls schon sehr gespannt, wie die Aktion so l&#228;uft.<\/p>\n<p>Mehr Infos erfahrt Ihr<a href=\"http:\/\/nahtaktiv.blogspot.de\/2014\/06\/sommerwichteln.html\" target=\"_blank\"> hier<\/a> und wer alles so dabei ist. Ein bisschen st&#246;bern kann man ja mal, ich werde jedenfalls berichten und freue mich schon sehr&#8230;<\/p>\n<p><strong>Und? Habt Ihr schon des &#214;fteren an Wichtelaktionen teilgenommen? Wie lief es? Was war es f&#252;r eine Aktion? Macht Ihr das regelm&#228;&#223;ig? Erz&#228;hlt doch mal von Euren Erfahrungen.<\/strong><\/p>\n","protected":false},"excerpt":{"rendered":"<p>Neulich erreichte mich eine E-Mail&#8230;ein Sommerwichteln f&#252;r N&#228;hbegeisterte und ob ich nicht gerne dabei w&#228;re. Ich freue mich ja immer, wenn ich gezielt gefragt werde, denn es gibt mir das Gef&#252;hl, dass man mich gerne unter den Teilnehmern sehen w&#252;rde und das hat doch irgendwie etwas motivierendes, oder *cherry* ? Hei&#223;t nicht, dass ich unter solchen Umst&#228;nden auch immer ja sage, aber in dem Fall hat es mich einfach gereizt. Wer mich kennt, der wei&#223;, dass ich ein Fan von &#8220;Geben und Nehmen&#8221; bin und gerne anderen eine kleine Freude mache *loveit* . Normaler Weise habe ich bisher immer nur zur Weihnachtszeit an Wichtelaktionen teilgenommen und bisher habe ich es tats&#228;chlich auch nur ein einziges Mal so richtig bereut, weil ich eine gef&#252;hlte Kiste Werbegeschenke und Ramsch bekommen hatte, aber sonst bin ich sogar eher immer richtig gehend &#252;berh&#228;uft oder &#252;berrascht worden, so dass ich mich dadurch immer wieder gerne auf dieses Abenteuer einlasse. Nur dass es dieses Mal halt im Sommer statt findet. Mal was anderes und ab und zu muss man halt auch mal was anderes ausprobieren und wagen, nicht wahr? Veranstaltet wird das Ganze von Frau Nahtaktiv und l&#228;uft bis zum 19. Juli, also endet es zwei Tage vor meinem Geburtstag. Da k&#246;nnte man glatt dar&#252;ber nachdenken, ob ich mit dem Auspacken dann nicht gleich bis zu diesem Warte. Doppelte &#220;berraschung quasi *lach* . Schwerpunkt dieser Wichtelaktion ist, wie man sich schon denken kann, das N&#228;hen. Man n&#228;ht eine Kleinigkeit und f&#252;llt das Paket vielleicht noch mit dem einen oder anderen n&#252;tzlichen Gegenstand, so dass der Wichtel sp&#228;ter ein sch&#246;nes, geschn&#252;rtes Handarbeits-&#220;berraschungsp&#228;ckchen erh&#228;lt. Irgendwie spannend, da es einige M&#246;glichkeiten offen h&#228;lt. Ich bin jedenfalls schon sehr gespannt, wie die Aktion so l&#228;uft. Mehr Infos erfahrt Ihr hier und wer alles so dabei ist. Ein bisschen st&#246;bern kann man ja mal, ich werde jedenfalls berichten und freue mich schon sehr&#8230; Und? Habt Ihr schon des &#214;fteren an Wichtelaktionen teilgenommen? Wie lief es? Was war es f&#252;r eine Aktion? Macht Ihr das regelm&#228;&#223;ig? Erz&#228;hlt doch mal von Euren Erfahrungen.<\/p>\n","protected":false},"author":1,"featured_media":0,"comment_status":"open","ping_status":"open","sticky":false,"template":"","format":"standard","meta":{"ngg_post_thumbnail":0,"footnotes":""},"categories":[224,49],"tags":[],"class_list":["post-22994","post","type-post","status-publish","format-standard","hentry","category-handarbeiten","category-blogspaehre"],"yoast_head":"<!-- This site is optimized with the Yoast SEO plugin v27.5 - https:\/\/yoast.com\/product\/yoast-seo-wordpress\/ -->\n<title>Ich wage es mal: Nahtaktivs Sommerwichteln - Heldenhaushalt<\/title>\n<meta name=\"description\" content=\"Auch Helden erleben den t\u00e4glichen Wahnsinn, den ein Alltag mit sich bringt und Frau Mondgras sitzt mittendrin. Berlinerin, Mutter, Ehefrau, Kreativling und auf der st\u00e4ndigen Suche nach Gl\u00fcck... Hier wird gen\u00e4ht, gebacken, gebastelt und auch mal \u00fcber den Alltag gemault.\" \/>\n<meta name=\"robots\" content=\"index, follow, max-snippet:-1, max-image-preview:large, max-video-preview:-1\" \/>\n<link rel=\"canonical\" href=\"https:\/\/www.heldenhaushalt.de\/sari02\/index.php\/2014\/06\/09\/ich-wage-es-mal-nahtaktivs-sommerwichteln\/\" \/>\n<meta property=\"og:locale\" content=\"de_DE\" \/>\n<meta property=\"og:type\" content=\"article\" \/>\n<meta property=\"og:title\" content=\"Ich wage es mal: Nahtaktivs Sommerwichteln - Heldenhaushalt\" \/>\n<meta property=\"og:description\" content=\"Auch Helden erleben den t\u00e4glichen Wahnsinn, den ein Alltag mit sich bringt und Frau Mondgras sitzt mittendrin. Berlinerin, Mutter, Ehefrau, Kreativling und auf der st\u00e4ndigen Suche nach Gl\u00fcck... Hier wird gen\u00e4ht, gebacken, gebastelt und auch mal \u00fcber den Alltag gemault.\" \/>\n<meta property=\"og:url\" content=\"https:\/\/www.heldenhaushalt.de\/sari02\/index.php\/2014\/06\/09\/ich-wage-es-mal-nahtaktivs-sommerwichteln\/\" \/>\n<meta property=\"og:site_name\" content=\"Heldenhaushalt\" \/>\n<meta property=\"article:published_time\" content=\"2014-06-09T08:00:00+00:00\" \/>\n<meta property=\"article:modified_time\" content=\"2014-06-09T12:55:05+00:00\" \/>\n<meta property=\"og:image\" content=\"http:\/\/www.heldenhaushalt.de\/sari02\/wp-content\/uploads\/2014\/06\/Sommerwichtelbutton.png\" \/>\n<meta name=\"author\" content=\"Sari\" \/>\n<meta name=\"twitter:card\" content=\"summary_large_image\" \/>\n<meta name=\"twitter:creator\" content=\"@Heldenhaushalt\" \/>\n<meta name=\"twitter:site\" content=\"@Heldenhaushalt\" \/>\n<meta name=\"twitter:label1\" content=\"Verfasst von\" \/>\n\t<meta name=\"twitter:data1\" content=\"Sari\" \/>\n\t<meta name=\"twitter:label2\" content=\"Gesch\u00e4tzte Lesezeit\" \/>\n\t<meta name=\"twitter:data2\" content=\"2\u00a0Minuten\" \/>\n<script type=\"application\/ld+json\" class=\"yoast-schema-graph\">{\"@context\":\"https:\\\/\\\/schema.org\",\"@graph\":[{\"@type\":\"Article\",\"@id\":\"https:\\\/\\\/www.heldenhaushalt.de\\\/sari02\\\/index.php\\\/2014\\\/06\\\/09\\\/ich-wage-es-mal-nahtaktivs-sommerwichteln\\\/#article\",\"isPartOf\":{\"@id\":\"https:\\\/\\\/www.heldenhaushalt.de\\\/sari02\\\/index.php\\\/2014\\\/06\\\/09\\\/ich-wage-es-mal-nahtaktivs-sommerwichteln\\\/\"},\"author\":{\"name\":\"Sari\",\"@id\":\"https:\\\/\\\/www.heldenhaushalt.de\\\/sari02\\\/#\\\/schema\\\/person\\\/a1cc69f42a01f412eb62c151353814f6\"},\"headline\":\"Ich wage es mal: Nahtaktivs Sommerwichteln\",\"datePublished\":\"2014-06-09T08:00:00+00:00\",\"dateModified\":\"2014-06-09T12:55:05+00:00\",\"mainEntityOfPage\":{\"@id\":\"https:\\\/\\\/www.heldenhaushalt.de\\\/sari02\\\/index.php\\\/2014\\\/06\\\/09\\\/ich-wage-es-mal-nahtaktivs-sommerwichteln\\\/\"},\"wordCount\":373,\"commentCount\":0,\"publisher\":{\"@id\":\"https:\\\/\\\/www.heldenhaushalt.de\\\/sari02\\\/#\\\/schema\\\/person\\\/a1cc69f42a01f412eb62c151353814f6\"},\"image\":{\"@id\":\"https:\\\/\\\/www.heldenhaushalt.de\\\/sari02\\\/index.php\\\/2014\\\/06\\\/09\\\/ich-wage-es-mal-nahtaktivs-sommerwichteln\\\/#primaryimage\"},\"thumbnailUrl\":\"http:\\\/\\\/www.heldenhaushalt.de\\\/sari02\\\/wp-content\\\/uploads\\\/2014\\\/06\\\/Sommerwichtelbutton.png\",\"articleSection\":[\"Aus Wolle &amp; Stoff\",\"Blogsph\u00e4re\"],\"inLanguage\":\"de\",\"potentialAction\":[{\"@type\":\"CommentAction\",\"name\":\"Comment\",\"target\":[\"https:\\\/\\\/www.heldenhaushalt.de\\\/sari02\\\/index.php\\\/2014\\\/06\\\/09\\\/ich-wage-es-mal-nahtaktivs-sommerwichteln\\\/#respond\"]}]},{\"@type\":\"WebPage\",\"@id\":\"https:\\\/\\\/www.heldenhaushalt.de\\\/sari02\\\/index.php\\\/2014\\\/06\\\/09\\\/ich-wage-es-mal-nahtaktivs-sommerwichteln\\\/\",\"url\":\"https:\\\/\\\/www.heldenhaushalt.de\\\/sari02\\\/index.php\\\/2014\\\/06\\\/09\\\/ich-wage-es-mal-nahtaktivs-sommerwichteln\\\/\",\"name\":\"Ich wage es mal: Nahtaktivs Sommerwichteln - Heldenhaushalt\",\"isPartOf\":{\"@id\":\"https:\\\/\\\/www.heldenhaushalt.de\\\/sari02\\\/#website\"},\"primaryImageOfPage\":{\"@id\":\"https:\\\/\\\/www.heldenhaushalt.de\\\/sari02\\\/index.php\\\/2014\\\/06\\\/09\\\/ich-wage-es-mal-nahtaktivs-sommerwichteln\\\/#primaryimage\"},\"image\":{\"@id\":\"https:\\\/\\\/www.heldenhaushalt.de\\\/sari02\\\/index.php\\\/2014\\\/06\\\/09\\\/ich-wage-es-mal-nahtaktivs-sommerwichteln\\\/#primaryimage\"},\"thumbnailUrl\":\"http:\\\/\\\/www.heldenhaushalt.de\\\/sari02\\\/wp-content\\\/uploads\\\/2014\\\/06\\\/Sommerwichtelbutton.png\",\"datePublished\":\"2014-06-09T08:00:00+00:00\",\"dateModified\":\"2014-06-09T12:55:05+00:00\",\"description\":\"Auch Helden erleben den t\u00e4glichen Wahnsinn, den ein Alltag mit sich bringt und Frau Mondgras sitzt mittendrin. Berlinerin, Mutter, Ehefrau, Kreativling und auf der st\u00e4ndigen Suche nach Gl\u00fcck... Hier wird gen\u00e4ht, gebacken, gebastelt und auch mal \u00fcber den Alltag gemault.\",\"breadcrumb\":{\"@id\":\"https:\\\/\\\/www.heldenhaushalt.de\\\/sari02\\\/index.php\\\/2014\\\/06\\\/09\\\/ich-wage-es-mal-nahtaktivs-sommerwichteln\\\/#breadcrumb\"},\"inLanguage\":\"de\",\"potentialAction\":[{\"@type\":\"ReadAction\",\"target\":[\"https:\\\/\\\/www.heldenhaushalt.de\\\/sari02\\\/index.php\\\/2014\\\/06\\\/09\\\/ich-wage-es-mal-nahtaktivs-sommerwichteln\\\/\"]}]},{\"@type\":\"ImageObject\",\"inLanguage\":\"de\",\"@id\":\"https:\\\/\\\/www.heldenhaushalt.de\\\/sari02\\\/index.php\\\/2014\\\/06\\\/09\\\/ich-wage-es-mal-nahtaktivs-sommerwichteln\\\/#primaryimage\",\"url\":\"https:\\\/\\\/www.heldenhaushalt.de\\\/sari02\\\/wp-content\\\/uploads\\\/2014\\\/06\\\/Sommerwichtelbutton.png\",\"contentUrl\":\"https:\\\/\\\/www.heldenhaushalt.de\\\/sari02\\\/wp-content\\\/uploads\\\/2014\\\/06\\\/Sommerwichtelbutton.png\",\"width\":150,\"height\":143},{\"@type\":\"BreadcrumbList\",\"@id\":\"https:\\\/\\\/www.heldenhaushalt.de\\\/sari02\\\/index.php\\\/2014\\\/06\\\/09\\\/ich-wage-es-mal-nahtaktivs-sommerwichteln\\\/#breadcrumb\",\"itemListElement\":[{\"@type\":\"ListItem\",\"position\":1,\"name\":\"Startseite\",\"item\":\"https:\\\/\\\/www.heldenhaushalt.de\\\/sari02\\\/\"},{\"@type\":\"ListItem\",\"position\":2,\"name\":\"Ich wage es mal: Nahtaktivs Sommerwichteln\"}]},{\"@type\":\"WebSite\",\"@id\":\"https:\\\/\\\/www.heldenhaushalt.de\\\/sari02\\\/#website\",\"url\":\"https:\\\/\\\/www.heldenhaushalt.de\\\/sari02\\\/\",\"name\":\"Heldenhaushalt\",\"description\":\"Wer es ordentlich haben will, der muss vorher anrufen\",\"publisher\":{\"@id\":\"https:\\\/\\\/www.heldenhaushalt.de\\\/sari02\\\/#\\\/schema\\\/person\\\/a1cc69f42a01f412eb62c151353814f6\"},\"potentialAction\":[{\"@type\":\"SearchAction\",\"target\":{\"@type\":\"EntryPoint\",\"urlTemplate\":\"https:\\\/\\\/www.heldenhaushalt.de\\\/sari02\\\/?s={search_term_string}\"},\"query-input\":{\"@type\":\"PropertyValueSpecification\",\"valueRequired\":true,\"valueName\":\"search_term_string\"}}],\"inLanguage\":\"de\"},{\"@type\":[\"Person\",\"Organization\"],\"@id\":\"https:\\\/\\\/www.heldenhaushalt.de\\\/sari02\\\/#\\\/schema\\\/person\\\/a1cc69f42a01f412eb62c151353814f6\",\"name\":\"Sari\",\"image\":{\"@type\":\"ImageObject\",\"inLanguage\":\"de\",\"@id\":\"https:\\\/\\\/www.heldenhaushalt.de\\\/sari02\\\/wp-content\\\/uploads\\\/2019\\\/02\\\/sari-april2018.png\",\"url\":\"https:\\\/\\\/www.heldenhaushalt.de\\\/sari02\\\/wp-content\\\/uploads\\\/2019\\\/02\\\/sari-april2018.png\",\"contentUrl\":\"https:\\\/\\\/www.heldenhaushalt.de\\\/sari02\\\/wp-content\\\/uploads\\\/2019\\\/02\\\/sari-april2018.png\",\"width\":500,\"height\":500,\"caption\":\"Sari\"},\"logo\":{\"@id\":\"https:\\\/\\\/www.heldenhaushalt.de\\\/sari02\\\/wp-content\\\/uploads\\\/2019\\\/02\\\/sari-april2018.png\"},\"description\":\"Frau Mondgras \u2013 Das bin ich, Sari. Gerne auch als Sari Mondgras bekannt und im Internet zu finden. 2-Fach-Mutter, Heldenehefrau, Kreativling, Harmonies\u00fcchtig und st\u00e4ndig auf der Suche nach Gl\u00fcck. Ich komme aus Berlin, bin hier aufgewachsen und lebe hier seit ich denken kann.\",\"sameAs\":[\"https:\\\/\\\/www.instagram.com\\\/heldenhaushalt\\\/\"],\"url\":\"https:\\\/\\\/www.heldenhaushalt.de\\\/sari02\\\/index.php\\\/author\\\/admin\\\/\"}]}<\/script>\n<!-- \/ Yoast SEO plugin. -->","yoast_head_json":{"title":"Ich wage es mal: Nahtaktivs Sommerwichteln - Heldenhaushalt","description":"Auch Helden erleben den t\u00e4glichen Wahnsinn, den ein Alltag mit sich bringt und Frau Mondgras sitzt mittendrin. Berlinerin, Mutter, Ehefrau, Kreativling und auf der st\u00e4ndigen Suche nach Gl\u00fcck... Hier wird gen\u00e4ht, gebacken, gebastelt und auch mal \u00fcber den Alltag gemault.","robots":{"index":"index","follow":"follow","max-snippet":"max-snippet:-1","max-image-preview":"max-image-preview:large","max-video-preview":"max-video-preview:-1"},"canonical":"https:\/\/www.heldenhaushalt.de\/sari02\/index.php\/2014\/06\/09\/ich-wage-es-mal-nahtaktivs-sommerwichteln\/","og_locale":"de_DE","og_type":"article","og_title":"Ich wage es mal: Nahtaktivs Sommerwichteln - Heldenhaushalt","og_description":"Auch Helden erleben den t\u00e4glichen Wahnsinn, den ein Alltag mit sich bringt und Frau Mondgras sitzt mittendrin. Berlinerin, Mutter, Ehefrau, Kreativling und auf der st\u00e4ndigen Suche nach Gl\u00fcck... Hier wird gen\u00e4ht, gebacken, gebastelt und auch mal \u00fcber den Alltag gemault.","og_url":"https:\/\/www.heldenhaushalt.de\/sari02\/index.php\/2014\/06\/09\/ich-wage-es-mal-nahtaktivs-sommerwichteln\/","og_site_name":"Heldenhaushalt","article_published_time":"2014-06-09T08:00:00+00:00","article_modified_time":"2014-06-09T12:55:05+00:00","og_image":[{"url":"http:\/\/www.heldenhaushalt.de\/sari02\/wp-content\/uploads\/2014\/06\/Sommerwichtelbutton.png","type":"","width":"","height":""}],"author":"Sari","twitter_card":"summary_large_image","twitter_creator":"@Heldenhaushalt","twitter_site":"@Heldenhaushalt","twitter_misc":{"Verfasst von":"Sari","Gesch\u00e4tzte Lesezeit":"2\u00a0Minuten"},"schema":{"@context":"https:\/\/schema.org","@graph":[{"@type":"Article","@id":"https:\/\/www.heldenhaushalt.de\/sari02\/index.php\/2014\/06\/09\/ich-wage-es-mal-nahtaktivs-sommerwichteln\/#article","isPartOf":{"@id":"https:\/\/www.heldenhaushalt.de\/sari02\/index.php\/2014\/06\/09\/ich-wage-es-mal-nahtaktivs-sommerwichteln\/"},"author":{"name":"Sari","@id":"https:\/\/www.heldenhaushalt.de\/sari02\/#\/schema\/person\/a1cc69f42a01f412eb62c151353814f6"},"headline":"Ich wage es mal: Nahtaktivs Sommerwichteln","datePublished":"2014-06-09T08:00:00+00:00","dateModified":"2014-06-09T12:55:05+00:00","mainEntityOfPage":{"@id":"https:\/\/www.heldenhaushalt.de\/sari02\/index.php\/2014\/06\/09\/ich-wage-es-mal-nahtaktivs-sommerwichteln\/"},"wordCount":373,"commentCount":0,"publisher":{"@id":"https:\/\/www.heldenhaushalt.de\/sari02\/#\/schema\/person\/a1cc69f42a01f412eb62c151353814f6"},"image":{"@id":"https:\/\/www.heldenhaushalt.de\/sari02\/index.php\/2014\/06\/09\/ich-wage-es-mal-nahtaktivs-sommerwichteln\/#primaryimage"},"thumbnailUrl":"http:\/\/www.heldenhaushalt.de\/sari02\/wp-content\/uploads\/2014\/06\/Sommerwichtelbutton.png","articleSection":["Aus Wolle &amp; Stoff","Blogsph\u00e4re"],"inLanguage":"de","potentialAction":[{"@type":"CommentAction","name":"Comment","target":["https:\/\/www.heldenhaushalt.de\/sari02\/index.php\/2014\/06\/09\/ich-wage-es-mal-nahtaktivs-sommerwichteln\/#respond"]}]},{"@type":"WebPage","@id":"https:\/\/www.heldenhaushalt.de\/sari02\/index.php\/2014\/06\/09\/ich-wage-es-mal-nahtaktivs-sommerwichteln\/","url":"https:\/\/www.heldenhaushalt.de\/sari02\/index.php\/2014\/06\/09\/ich-wage-es-mal-nahtaktivs-sommerwichteln\/","name":"Ich wage es mal: Nahtaktivs Sommerwichteln - Heldenhaushalt","isPartOf":{"@id":"https:\/\/www.heldenhaushalt.de\/sari02\/#website"},"primaryImageOfPage":{"@id":"https:\/\/www.heldenhaushalt.de\/sari02\/index.php\/2014\/06\/09\/ich-wage-es-mal-nahtaktivs-sommerwichteln\/#primaryimage"},"image":{"@id":"https:\/\/www.heldenhaushalt.de\/sari02\/index.php\/2014\/06\/09\/ich-wage-es-mal-nahtaktivs-sommerwichteln\/#primaryimage"},"thumbnailUrl":"http:\/\/www.heldenhaushalt.de\/sari02\/wp-content\/uploads\/2014\/06\/Sommerwichtelbutton.png","datePublished":"2014-06-09T08:00:00+00:00","dateModified":"2014-06-09T12:55:05+00:00","description":"Auch Helden erleben den t\u00e4glichen Wahnsinn, den ein Alltag mit sich bringt und Frau Mondgras sitzt mittendrin. Berlinerin, Mutter, Ehefrau, Kreativling und auf der st\u00e4ndigen Suche nach Gl\u00fcck... Hier wird gen\u00e4ht, gebacken, gebastelt und auch mal \u00fcber den Alltag gemault.","breadcrumb":{"@id":"https:\/\/www.heldenhaushalt.de\/sari02\/index.php\/2014\/06\/09\/ich-wage-es-mal-nahtaktivs-sommerwichteln\/#breadcrumb"},"inLanguage":"de","potentialAction":[{"@type":"ReadAction","target":["https:\/\/www.heldenhaushalt.de\/sari02\/index.php\/2014\/06\/09\/ich-wage-es-mal-nahtaktivs-sommerwichteln\/"]}]},{"@type":"ImageObject","inLanguage":"de","@id":"https:\/\/www.heldenhaushalt.de\/sari02\/index.php\/2014\/06\/09\/ich-wage-es-mal-nahtaktivs-sommerwichteln\/#primaryimage","url":"https:\/\/www.heldenhaushalt.de\/sari02\/wp-content\/uploads\/2014\/06\/Sommerwichtelbutton.png","contentUrl":"https:\/\/www.heldenhaushalt.de\/sari02\/wp-content\/uploads\/2014\/06\/Sommerwichtelbutton.png","width":150,"height":143},{"@type":"BreadcrumbList","@id":"https:\/\/www.heldenhaushalt.de\/sari02\/index.php\/2014\/06\/09\/ich-wage-es-mal-nahtaktivs-sommerwichteln\/#breadcrumb","itemListElement":[{"@type":"ListItem","position":1,"name":"Startseite","item":"https:\/\/www.heldenhaushalt.de\/sari02\/"},{"@type":"ListItem","position":2,"name":"Ich wage es mal: Nahtaktivs Sommerwichteln"}]},{"@type":"WebSite","@id":"https:\/\/www.heldenhaushalt.de\/sari02\/#website","url":"https:\/\/www.heldenhaushalt.de\/sari02\/","name":"Heldenhaushalt","description":"Wer es ordentlich haben will, der muss vorher anrufen","publisher":{"@id":"https:\/\/www.heldenhaushalt.de\/sari02\/#\/schema\/person\/a1cc69f42a01f412eb62c151353814f6"},"potentialAction":[{"@type":"SearchAction","target":{"@type":"EntryPoint","urlTemplate":"https:\/\/www.heldenhaushalt.de\/sari02\/?s={search_term_string}"},"query-input":{"@type":"PropertyValueSpecification","valueRequired":true,"valueName":"search_term_string"}}],"inLanguage":"de"},{"@type":["Person","Organization"],"@id":"https:\/\/www.heldenhaushalt.de\/sari02\/#\/schema\/person\/a1cc69f42a01f412eb62c151353814f6","name":"Sari","image":{"@type":"ImageObject","inLanguage":"de","@id":"https:\/\/www.heldenhaushalt.de\/sari02\/wp-content\/uploads\/2019\/02\/sari-april2018.png","url":"https:\/\/www.heldenhaushalt.de\/sari02\/wp-content\/uploads\/2019\/02\/sari-april2018.png","contentUrl":"https:\/\/www.heldenhaushalt.de\/sari02\/wp-content\/uploads\/2019\/02\/sari-april2018.png","width":500,"height":500,"caption":"Sari"},"logo":{"@id":"https:\/\/www.heldenhaushalt.de\/sari02\/wp-content\/uploads\/2019\/02\/sari-april2018.png"},"description":"Frau Mondgras \u2013 Das bin ich, Sari. Gerne auch als Sari Mondgras bekannt und im Internet zu finden. 2-Fach-Mutter, Heldenehefrau, Kreativling, Harmonies\u00fcchtig und st\u00e4ndig auf der Suche nach Gl\u00fcck. Ich komme aus Berlin, bin hier aufgewachsen und lebe hier seit ich denken kann.","sameAs":["https:\/\/www.instagram.com\/heldenhaushalt\/"],"url":"https:\/\/www.heldenhaushalt.de\/sari02\/index.php\/author\/admin\/"}]}},"views":3470,"_links":{"self":[{"href":"https:\/\/www.heldenhaushalt.de\/sari02\/index.php\/wp-json\/wp\/v2\/posts\/22994","targetHints":{"allow":["GET"]}}],"collection":[{"href":"https:\/\/www.heldenhaushalt.de\/sari02\/index.php\/wp-json\/wp\/v2\/posts"}],"about":[{"href":"https:\/\/www.heldenhaushalt.de\/sari02\/index.php\/wp-json\/wp\/v2\/types\/post"}],"author":[{"embeddable":true,"href":"https:\/\/www.heldenhaushalt.de\/sari02\/index.php\/wp-json\/wp\/v2\/users\/1"}],"replies":[{"embeddable":true,"href":"https:\/\/www.heldenhaushalt.de\/sari02\/index.php\/wp-json\/wp\/v2\/comments?post=22994"}],"version-history":[{"count":2,"href":"https:\/\/www.heldenhaushalt.de\/sari02\/index.php\/wp-json\/wp\/v2\/posts\/22994\/revisions"}],"predecessor-version":[{"id":22997,"href":"https:\/\/www.heldenhaushalt.de\/sari02\/index.php\/wp-json\/wp\/v2\/posts\/22994\/revisions\/22997"}],"wp:attachment":[{"href":"https:\/\/www.heldenhaushalt.de\/sari02\/index.php\/wp-json\/wp\/v2\/media?parent=22994"}],"wp:term":[{"taxonomy":"category","embeddable":true,"href":"https:\/\/www.heldenhaushalt.de\/sari02\/index.php\/wp-json\/wp\/v2\/categories?post=22994"},{"taxonomy":"post_tag","embeddable":true,"href":"https:\/\/www.heldenhaushalt.de\/sari02\/index.php\/wp-json\/wp\/v2\/tags?post=22994"}],"curies":[{"name":"wp","href":"https:\/\/api.w.org\/{rel}","templated":true}]}}