{"id":23753,"date":"2014-09-19T09:30:00","date_gmt":"2014-09-19T07:30:00","guid":{"rendered":"http:\/\/www.mondgras.de\/sari02\/?p=23753"},"modified":"2014-09-19T09:16:22","modified_gmt":"2014-09-19T07:16:22","slug":"herbstkinder-der-letzte-feinschliff","status":"publish","type":"post","link":"https:\/\/www.heldenhaushalt.de\/sari02\/index.php\/2014\/09\/19\/herbstkinder-der-letzte-feinschliff\/","title":{"rendered":"[Herbstkinder] Der letzte Feinschliff"},"content":{"rendered":"<p><img loading=\"lazy\" decoding=\"async\" class=\" wp-image-23726 alignright\" src=\"http:\/\/www.heldenhaushalt.de\/sari02\/wp-content\/uploads\/2014\/08\/HerbstkindSewAlong2o14_1.jpg\" alt=\"HerbstkindSewAlong2o14_1\" width=\"183\" height=\"181\" \/>Hachja Ihr Lieben, nun also zum Feinschliff beim <a href=\"http:\/\/nemada.blogspot.de\/2014\/08\/herbskind-2o14-sew-along-machst-du-mit.html\" target=\"_blank\"><strong>Herbstkinder<\/strong><\/a>-SewAlong. Das ist echt immer so eine Sache, vor allem, wenn man mit dem Zwischenergebnis eigentlich sehr zufrieden ist.<\/p>\n<p>Ich bin echt unsicher in manchen Sachen, vor allem habe ich ewig gegr&#252;belt, ob ich nicht doch an der Unterseite ein B&#252;ndchen anbringen m&#246;chte, weil sie etwas&#8230;hm&#8230;lang runter h&#228;ngt. Hachja, Entscheidungen&#8230;Entscheidungen&#8230;<\/p>\n<p>Nun gut, letztendlich standen ja zwei Dinge schon mal fest, die noch gemacht werden mussten: 01. <strong>Der Reisverschluss<\/strong> und 02. wollte der Miniheld unbedingt den <strong>Fussballer-Aufb&#252;gler<\/strong> drauf haben, den ich bei einer Michas-Bestellung mit drin hatte. Die Sachen konnte ich dann auch schon mal umsetzen!<\/p>\n<p><img loading=\"lazy\" decoding=\"async\" class=\"alignnone size-full wp-image-23896\" src=\"http:\/\/www.heldenhaushalt.de\/sari02\/wp-content\/uploads\/2014\/09\/herbstkinder04.jpg\" alt=\"herbstkinder04\" width=\"505\" height=\"250\" srcset=\"https:\/\/www.heldenhaushalt.de\/sari02\/wp-content\/uploads\/2014\/09\/herbstkinder04.jpg 505w, https:\/\/www.heldenhaushalt.de\/sari02\/wp-content\/uploads\/2014\/09\/herbstkinder04-300x148.jpg 300w\" sizes=\"auto, (max-width: 505px) 100vw, 505px\" \/><\/p>\n<p>Auch die <strong>&#196;rmelb&#252;ndchen<\/strong> sind nun richtig dran und nach einer ersten Anprobe und einem Gespr&#228;ch mit der <a href=\"http:\/\/tragling-berlin.de\/\" target=\"_blank\">N&#228;hfreundin<\/a> gelangten wir zu dem Entschluss<strong> kein B&#252;ndchen<\/strong> unten ran zu machen. Dadurch, dass die Jacke innen wie aussen aus Sweat ist, f&#228;llt sie insgesamt recht schwer und zus&#228;tzliches B&#252;ndchen h&#228;tte den Fall der Jacke beeinflusst UND diese zudem noch schwerer gemacht. Der Miniheld ist ja nun kein Zwerg mehr und freut sich auch &#252;ber etwas mehr Bewegungsfreiheit. Nun alles noch einmal <strong>absteppen<\/strong> und wir sind fertig&#8230;<\/p>\n<p>Wie es bei den anderen Damen aussieht, das k&#246;nnt Ihr wie immer bei <a href=\"http:\/\/nemada.blogspot.de\/2014\/09\/herbskind-2o14-sew-along-4.html\" target=\"_blank\">Nemada<\/a> nachschauen. Ich gehe in jedem Fall heute noch st&#246;bern. Da sind schon echt tolle Sachen dazwischen. <strong>Das gro&#223;e Finale mit Tragebildern kommt dann beim n&#228;chsten Mal<\/strong> ^^ &#8230;<\/p>\n","protected":false},"excerpt":{"rendered":"<p>Hachja Ihr Lieben, nun also zum Feinschliff beim Herbstkinder-SewAlong. Das ist echt immer so eine Sache, vor allem, wenn man mit dem Zwischenergebnis eigentlich sehr zufrieden ist. Ich bin echt unsicher in manchen Sachen, vor allem habe ich ewig gegr&#252;belt, ob ich nicht doch an der Unterseite ein B&#252;ndchen anbringen m&#246;chte, weil sie etwas&#8230;hm&#8230;lang runter h&#228;ngt. Hachja, Entscheidungen&#8230;Entscheidungen&#8230; Nun gut, letztendlich standen ja zwei Dinge schon mal fest, die noch gemacht werden mussten: 01. Der Reisverschluss und 02. wollte der Miniheld unbedingt den Fussballer-Aufb&#252;gler drauf haben, den ich bei einer Michas-Bestellung mit drin hatte. Die Sachen konnte ich dann auch schon mal umsetzen! Auch die &#196;rmelb&#252;ndchen sind nun richtig dran und nach einer ersten Anprobe und einem Gespr&#228;ch mit der N&#228;hfreundin gelangten wir zu dem Entschluss kein B&#252;ndchen unten ran zu machen. Dadurch, dass die Jacke innen wie aussen aus Sweat ist, f&#228;llt sie insgesamt recht schwer und zus&#228;tzliches B&#252;ndchen h&#228;tte den Fall der Jacke beeinflusst UND diese zudem noch schwerer gemacht. Der Miniheld ist ja nun kein Zwerg mehr und freut sich auch &#252;ber etwas mehr Bewegungsfreiheit. Nun alles noch einmal absteppen und wir sind fertig&#8230; Wie es bei den anderen Damen aussieht, das k&#246;nnt Ihr wie immer bei Nemada nachschauen. Ich gehe in jedem Fall heute noch st&#246;bern. Da sind schon echt tolle Sachen dazwischen. Das gro&#223;e Finale mit Tragebildern kommt dann beim n&#228;chsten Mal ^^ &#8230;<\/p>\n","protected":false},"author":1,"featured_media":0,"comment_status":"open","ping_status":"open","sticky":false,"template":"","format":"standard","meta":{"ngg_post_thumbnail":0,"footnotes":""},"categories":[224,49],"tags":[],"class_list":["post-23753","post","type-post","status-publish","format-standard","hentry","category-handarbeiten","category-blogspaehre"],"yoast_head":"<!-- This site is optimized with the Yoast SEO plugin v27.5 - https:\/\/yoast.com\/product\/yoast-seo-wordpress\/ -->\n<title>[Herbstkinder] Der letzte Feinschliff - Heldenhaushalt<\/title>\n<meta name=\"description\" content=\"Auch Helden erleben den t\u00e4glichen Wahnsinn, den ein Alltag mit sich bringt und Frau Mondgras sitzt mittendrin. Berlinerin, Mutter, Ehefrau, Kreativling und auf der st\u00e4ndigen Suche nach Gl\u00fcck... Hier wird gen\u00e4ht, gebacken, gebastelt und auch mal \u00fcber den Alltag gemault.\" \/>\n<meta name=\"robots\" content=\"index, follow, max-snippet:-1, max-image-preview:large, max-video-preview:-1\" \/>\n<link rel=\"canonical\" href=\"https:\/\/www.heldenhaushalt.de\/sari02\/index.php\/2014\/09\/19\/herbstkinder-der-letzte-feinschliff\/\" \/>\n<meta property=\"og:locale\" content=\"de_DE\" \/>\n<meta property=\"og:type\" content=\"article\" \/>\n<meta property=\"og:title\" content=\"[Herbstkinder] Der letzte Feinschliff - Heldenhaushalt\" \/>\n<meta property=\"og:description\" content=\"Auch Helden erleben den t\u00e4glichen Wahnsinn, den ein Alltag mit sich bringt und Frau Mondgras sitzt mittendrin. Berlinerin, Mutter, Ehefrau, Kreativling und auf der st\u00e4ndigen Suche nach Gl\u00fcck... Hier wird gen\u00e4ht, gebacken, gebastelt und auch mal \u00fcber den Alltag gemault.\" \/>\n<meta property=\"og:url\" content=\"https:\/\/www.heldenhaushalt.de\/sari02\/index.php\/2014\/09\/19\/herbstkinder-der-letzte-feinschliff\/\" \/>\n<meta property=\"og:site_name\" content=\"Heldenhaushalt\" \/>\n<meta property=\"article:published_time\" content=\"2014-09-19T07:30:00+00:00\" \/>\n<meta property=\"og:image\" content=\"http:\/\/www.heldenhaushalt.de\/sari02\/wp-content\/uploads\/2014\/08\/HerbstkindSewAlong2o14_1.jpg\" \/>\n<meta name=\"author\" content=\"Sari\" \/>\n<meta name=\"twitter:card\" content=\"summary_large_image\" \/>\n<meta name=\"twitter:creator\" content=\"@Heldenhaushalt\" \/>\n<meta name=\"twitter:site\" content=\"@Heldenhaushalt\" \/>\n<meta name=\"twitter:label1\" content=\"Verfasst von\" \/>\n\t<meta name=\"twitter:data1\" content=\"Sari\" \/>\n\t<meta name=\"twitter:label2\" content=\"Gesch\u00e4tzte Lesezeit\" \/>\n\t<meta name=\"twitter:data2\" content=\"1\u00a0Minute\" \/>\n<script type=\"application\/ld+json\" class=\"yoast-schema-graph\">{\"@context\":\"https:\\\/\\\/schema.org\",\"@graph\":[{\"@type\":\"Article\",\"@id\":\"https:\\\/\\\/www.heldenhaushalt.de\\\/sari02\\\/index.php\\\/2014\\\/09\\\/19\\\/herbstkinder-der-letzte-feinschliff\\\/#article\",\"isPartOf\":{\"@id\":\"https:\\\/\\\/www.heldenhaushalt.de\\\/sari02\\\/index.php\\\/2014\\\/09\\\/19\\\/herbstkinder-der-letzte-feinschliff\\\/\"},\"author\":{\"name\":\"Sari\",\"@id\":\"https:\\\/\\\/www.heldenhaushalt.de\\\/sari02\\\/#\\\/schema\\\/person\\\/a1cc69f42a01f412eb62c151353814f6\"},\"headline\":\"[Herbstkinder] Der letzte Feinschliff\",\"datePublished\":\"2014-09-19T07:30:00+00:00\",\"mainEntityOfPage\":{\"@id\":\"https:\\\/\\\/www.heldenhaushalt.de\\\/sari02\\\/index.php\\\/2014\\\/09\\\/19\\\/herbstkinder-der-letzte-feinschliff\\\/\"},\"wordCount\":250,\"commentCount\":3,\"publisher\":{\"@id\":\"https:\\\/\\\/www.heldenhaushalt.de\\\/sari02\\\/#\\\/schema\\\/person\\\/a1cc69f42a01f412eb62c151353814f6\"},\"image\":{\"@id\":\"https:\\\/\\\/www.heldenhaushalt.de\\\/sari02\\\/index.php\\\/2014\\\/09\\\/19\\\/herbstkinder-der-letzte-feinschliff\\\/#primaryimage\"},\"thumbnailUrl\":\"http:\\\/\\\/www.heldenhaushalt.de\\\/sari02\\\/wp-content\\\/uploads\\\/2014\\\/08\\\/HerbstkindSewAlong2o14_1.jpg\",\"articleSection\":[\"Aus Wolle &amp; Stoff\",\"Blogsph\u00e4re\"],\"inLanguage\":\"de\",\"potentialAction\":[{\"@type\":\"CommentAction\",\"name\":\"Comment\",\"target\":[\"https:\\\/\\\/www.heldenhaushalt.de\\\/sari02\\\/index.php\\\/2014\\\/09\\\/19\\\/herbstkinder-der-letzte-feinschliff\\\/#respond\"]}]},{\"@type\":\"WebPage\",\"@id\":\"https:\\\/\\\/www.heldenhaushalt.de\\\/sari02\\\/index.php\\\/2014\\\/09\\\/19\\\/herbstkinder-der-letzte-feinschliff\\\/\",\"url\":\"https:\\\/\\\/www.heldenhaushalt.de\\\/sari02\\\/index.php\\\/2014\\\/09\\\/19\\\/herbstkinder-der-letzte-feinschliff\\\/\",\"name\":\"[Herbstkinder] Der letzte Feinschliff - Heldenhaushalt\",\"isPartOf\":{\"@id\":\"https:\\\/\\\/www.heldenhaushalt.de\\\/sari02\\\/#website\"},\"primaryImageOfPage\":{\"@id\":\"https:\\\/\\\/www.heldenhaushalt.de\\\/sari02\\\/index.php\\\/2014\\\/09\\\/19\\\/herbstkinder-der-letzte-feinschliff\\\/#primaryimage\"},\"image\":{\"@id\":\"https:\\\/\\\/www.heldenhaushalt.de\\\/sari02\\\/index.php\\\/2014\\\/09\\\/19\\\/herbstkinder-der-letzte-feinschliff\\\/#primaryimage\"},\"thumbnailUrl\":\"http:\\\/\\\/www.heldenhaushalt.de\\\/sari02\\\/wp-content\\\/uploads\\\/2014\\\/08\\\/HerbstkindSewAlong2o14_1.jpg\",\"datePublished\":\"2014-09-19T07:30:00+00:00\",\"description\":\"Auch Helden erleben den t\u00e4glichen Wahnsinn, den ein Alltag mit sich bringt und Frau Mondgras sitzt mittendrin. Berlinerin, Mutter, Ehefrau, Kreativling und auf der st\u00e4ndigen Suche nach Gl\u00fcck... Hier wird gen\u00e4ht, gebacken, gebastelt und auch mal \u00fcber den Alltag gemault.\",\"breadcrumb\":{\"@id\":\"https:\\\/\\\/www.heldenhaushalt.de\\\/sari02\\\/index.php\\\/2014\\\/09\\\/19\\\/herbstkinder-der-letzte-feinschliff\\\/#breadcrumb\"},\"inLanguage\":\"de\",\"potentialAction\":[{\"@type\":\"ReadAction\",\"target\":[\"https:\\\/\\\/www.heldenhaushalt.de\\\/sari02\\\/index.php\\\/2014\\\/09\\\/19\\\/herbstkinder-der-letzte-feinschliff\\\/\"]}]},{\"@type\":\"ImageObject\",\"inLanguage\":\"de\",\"@id\":\"https:\\\/\\\/www.heldenhaushalt.de\\\/sari02\\\/index.php\\\/2014\\\/09\\\/19\\\/herbstkinder-der-letzte-feinschliff\\\/#primaryimage\",\"url\":\"https:\\\/\\\/www.heldenhaushalt.de\\\/sari02\\\/wp-content\\\/uploads\\\/2014\\\/08\\\/HerbstkindSewAlong2o14_1.jpg\",\"contentUrl\":\"https:\\\/\\\/www.heldenhaushalt.de\\\/sari02\\\/wp-content\\\/uploads\\\/2014\\\/08\\\/HerbstkindSewAlong2o14_1.jpg\",\"width\":280,\"height\":276},{\"@type\":\"BreadcrumbList\",\"@id\":\"https:\\\/\\\/www.heldenhaushalt.de\\\/sari02\\\/index.php\\\/2014\\\/09\\\/19\\\/herbstkinder-der-letzte-feinschliff\\\/#breadcrumb\",\"itemListElement\":[{\"@type\":\"ListItem\",\"position\":1,\"name\":\"Startseite\",\"item\":\"https:\\\/\\\/www.heldenhaushalt.de\\\/sari02\\\/\"},{\"@type\":\"ListItem\",\"position\":2,\"name\":\"[Herbstkinder] Der letzte Feinschliff\"}]},{\"@type\":\"WebSite\",\"@id\":\"https:\\\/\\\/www.heldenhaushalt.de\\\/sari02\\\/#website\",\"url\":\"https:\\\/\\\/www.heldenhaushalt.de\\\/sari02\\\/\",\"name\":\"Heldenhaushalt\",\"description\":\"Wer es ordentlich haben will, der muss vorher anrufen\",\"publisher\":{\"@id\":\"https:\\\/\\\/www.heldenhaushalt.de\\\/sari02\\\/#\\\/schema\\\/person\\\/a1cc69f42a01f412eb62c151353814f6\"},\"potentialAction\":[{\"@type\":\"SearchAction\",\"target\":{\"@type\":\"EntryPoint\",\"urlTemplate\":\"https:\\\/\\\/www.heldenhaushalt.de\\\/sari02\\\/?s={search_term_string}\"},\"query-input\":{\"@type\":\"PropertyValueSpecification\",\"valueRequired\":true,\"valueName\":\"search_term_string\"}}],\"inLanguage\":\"de\"},{\"@type\":[\"Person\",\"Organization\"],\"@id\":\"https:\\\/\\\/www.heldenhaushalt.de\\\/sari02\\\/#\\\/schema\\\/person\\\/a1cc69f42a01f412eb62c151353814f6\",\"name\":\"Sari\",\"image\":{\"@type\":\"ImageObject\",\"inLanguage\":\"de\",\"@id\":\"https:\\\/\\\/www.heldenhaushalt.de\\\/sari02\\\/wp-content\\\/uploads\\\/2019\\\/02\\\/sari-april2018.png\",\"url\":\"https:\\\/\\\/www.heldenhaushalt.de\\\/sari02\\\/wp-content\\\/uploads\\\/2019\\\/02\\\/sari-april2018.png\",\"contentUrl\":\"https:\\\/\\\/www.heldenhaushalt.de\\\/sari02\\\/wp-content\\\/uploads\\\/2019\\\/02\\\/sari-april2018.png\",\"width\":500,\"height\":500,\"caption\":\"Sari\"},\"logo\":{\"@id\":\"https:\\\/\\\/www.heldenhaushalt.de\\\/sari02\\\/wp-content\\\/uploads\\\/2019\\\/02\\\/sari-april2018.png\"},\"description\":\"Frau Mondgras \u2013 Das bin ich, Sari. Gerne auch als Sari Mondgras bekannt und im Internet zu finden. 2-Fach-Mutter, Heldenehefrau, Kreativling, Harmonies\u00fcchtig und st\u00e4ndig auf der Suche nach Gl\u00fcck. Ich komme aus Berlin, bin hier aufgewachsen und lebe hier seit ich denken kann.\",\"sameAs\":[\"https:\\\/\\\/www.instagram.com\\\/heldenhaushalt\\\/\"],\"url\":\"https:\\\/\\\/www.heldenhaushalt.de\\\/sari02\\\/index.php\\\/author\\\/admin\\\/\"}]}<\/script>\n<!-- \/ Yoast SEO plugin. -->","yoast_head_json":{"title":"[Herbstkinder] Der letzte Feinschliff - Heldenhaushalt","description":"Auch Helden erleben den t\u00e4glichen Wahnsinn, den ein Alltag mit sich bringt und Frau Mondgras sitzt mittendrin. Berlinerin, Mutter, Ehefrau, Kreativling und auf der st\u00e4ndigen Suche nach Gl\u00fcck... Hier wird gen\u00e4ht, gebacken, gebastelt und auch mal \u00fcber den Alltag gemault.","robots":{"index":"index","follow":"follow","max-snippet":"max-snippet:-1","max-image-preview":"max-image-preview:large","max-video-preview":"max-video-preview:-1"},"canonical":"https:\/\/www.heldenhaushalt.de\/sari02\/index.php\/2014\/09\/19\/herbstkinder-der-letzte-feinschliff\/","og_locale":"de_DE","og_type":"article","og_title":"[Herbstkinder] Der letzte Feinschliff - Heldenhaushalt","og_description":"Auch Helden erleben den t\u00e4glichen Wahnsinn, den ein Alltag mit sich bringt und Frau Mondgras sitzt mittendrin. Berlinerin, Mutter, Ehefrau, Kreativling und auf der st\u00e4ndigen Suche nach Gl\u00fcck... Hier wird gen\u00e4ht, gebacken, gebastelt und auch mal \u00fcber den Alltag gemault.","og_url":"https:\/\/www.heldenhaushalt.de\/sari02\/index.php\/2014\/09\/19\/herbstkinder-der-letzte-feinschliff\/","og_site_name":"Heldenhaushalt","article_published_time":"2014-09-19T07:30:00+00:00","og_image":[{"url":"http:\/\/www.heldenhaushalt.de\/sari02\/wp-content\/uploads\/2014\/08\/HerbstkindSewAlong2o14_1.jpg","type":"","width":"","height":""}],"author":"Sari","twitter_card":"summary_large_image","twitter_creator":"@Heldenhaushalt","twitter_site":"@Heldenhaushalt","twitter_misc":{"Verfasst von":"Sari","Gesch\u00e4tzte Lesezeit":"1\u00a0Minute"},"schema":{"@context":"https:\/\/schema.org","@graph":[{"@type":"Article","@id":"https:\/\/www.heldenhaushalt.de\/sari02\/index.php\/2014\/09\/19\/herbstkinder-der-letzte-feinschliff\/#article","isPartOf":{"@id":"https:\/\/www.heldenhaushalt.de\/sari02\/index.php\/2014\/09\/19\/herbstkinder-der-letzte-feinschliff\/"},"author":{"name":"Sari","@id":"https:\/\/www.heldenhaushalt.de\/sari02\/#\/schema\/person\/a1cc69f42a01f412eb62c151353814f6"},"headline":"[Herbstkinder] Der letzte Feinschliff","datePublished":"2014-09-19T07:30:00+00:00","mainEntityOfPage":{"@id":"https:\/\/www.heldenhaushalt.de\/sari02\/index.php\/2014\/09\/19\/herbstkinder-der-letzte-feinschliff\/"},"wordCount":250,"commentCount":3,"publisher":{"@id":"https:\/\/www.heldenhaushalt.de\/sari02\/#\/schema\/person\/a1cc69f42a01f412eb62c151353814f6"},"image":{"@id":"https:\/\/www.heldenhaushalt.de\/sari02\/index.php\/2014\/09\/19\/herbstkinder-der-letzte-feinschliff\/#primaryimage"},"thumbnailUrl":"http:\/\/www.heldenhaushalt.de\/sari02\/wp-content\/uploads\/2014\/08\/HerbstkindSewAlong2o14_1.jpg","articleSection":["Aus Wolle &amp; Stoff","Blogsph\u00e4re"],"inLanguage":"de","potentialAction":[{"@type":"CommentAction","name":"Comment","target":["https:\/\/www.heldenhaushalt.de\/sari02\/index.php\/2014\/09\/19\/herbstkinder-der-letzte-feinschliff\/#respond"]}]},{"@type":"WebPage","@id":"https:\/\/www.heldenhaushalt.de\/sari02\/index.php\/2014\/09\/19\/herbstkinder-der-letzte-feinschliff\/","url":"https:\/\/www.heldenhaushalt.de\/sari02\/index.php\/2014\/09\/19\/herbstkinder-der-letzte-feinschliff\/","name":"[Herbstkinder] Der letzte Feinschliff - Heldenhaushalt","isPartOf":{"@id":"https:\/\/www.heldenhaushalt.de\/sari02\/#website"},"primaryImageOfPage":{"@id":"https:\/\/www.heldenhaushalt.de\/sari02\/index.php\/2014\/09\/19\/herbstkinder-der-letzte-feinschliff\/#primaryimage"},"image":{"@id":"https:\/\/www.heldenhaushalt.de\/sari02\/index.php\/2014\/09\/19\/herbstkinder-der-letzte-feinschliff\/#primaryimage"},"thumbnailUrl":"http:\/\/www.heldenhaushalt.de\/sari02\/wp-content\/uploads\/2014\/08\/HerbstkindSewAlong2o14_1.jpg","datePublished":"2014-09-19T07:30:00+00:00","description":"Auch Helden erleben den t\u00e4glichen Wahnsinn, den ein Alltag mit sich bringt und Frau Mondgras sitzt mittendrin. Berlinerin, Mutter, Ehefrau, Kreativling und auf der st\u00e4ndigen Suche nach Gl\u00fcck... Hier wird gen\u00e4ht, gebacken, gebastelt und auch mal \u00fcber den Alltag gemault.","breadcrumb":{"@id":"https:\/\/www.heldenhaushalt.de\/sari02\/index.php\/2014\/09\/19\/herbstkinder-der-letzte-feinschliff\/#breadcrumb"},"inLanguage":"de","potentialAction":[{"@type":"ReadAction","target":["https:\/\/www.heldenhaushalt.de\/sari02\/index.php\/2014\/09\/19\/herbstkinder-der-letzte-feinschliff\/"]}]},{"@type":"ImageObject","inLanguage":"de","@id":"https:\/\/www.heldenhaushalt.de\/sari02\/index.php\/2014\/09\/19\/herbstkinder-der-letzte-feinschliff\/#primaryimage","url":"https:\/\/www.heldenhaushalt.de\/sari02\/wp-content\/uploads\/2014\/08\/HerbstkindSewAlong2o14_1.jpg","contentUrl":"https:\/\/www.heldenhaushalt.de\/sari02\/wp-content\/uploads\/2014\/08\/HerbstkindSewAlong2o14_1.jpg","width":280,"height":276},{"@type":"BreadcrumbList","@id":"https:\/\/www.heldenhaushalt.de\/sari02\/index.php\/2014\/09\/19\/herbstkinder-der-letzte-feinschliff\/#breadcrumb","itemListElement":[{"@type":"ListItem","position":1,"name":"Startseite","item":"https:\/\/www.heldenhaushalt.de\/sari02\/"},{"@type":"ListItem","position":2,"name":"[Herbstkinder] Der letzte Feinschliff"}]},{"@type":"WebSite","@id":"https:\/\/www.heldenhaushalt.de\/sari02\/#website","url":"https:\/\/www.heldenhaushalt.de\/sari02\/","name":"Heldenhaushalt","description":"Wer es ordentlich haben will, der muss vorher anrufen","publisher":{"@id":"https:\/\/www.heldenhaushalt.de\/sari02\/#\/schema\/person\/a1cc69f42a01f412eb62c151353814f6"},"potentialAction":[{"@type":"SearchAction","target":{"@type":"EntryPoint","urlTemplate":"https:\/\/www.heldenhaushalt.de\/sari02\/?s={search_term_string}"},"query-input":{"@type":"PropertyValueSpecification","valueRequired":true,"valueName":"search_term_string"}}],"inLanguage":"de"},{"@type":["Person","Organization"],"@id":"https:\/\/www.heldenhaushalt.de\/sari02\/#\/schema\/person\/a1cc69f42a01f412eb62c151353814f6","name":"Sari","image":{"@type":"ImageObject","inLanguage":"de","@id":"https:\/\/www.heldenhaushalt.de\/sari02\/wp-content\/uploads\/2019\/02\/sari-april2018.png","url":"https:\/\/www.heldenhaushalt.de\/sari02\/wp-content\/uploads\/2019\/02\/sari-april2018.png","contentUrl":"https:\/\/www.heldenhaushalt.de\/sari02\/wp-content\/uploads\/2019\/02\/sari-april2018.png","width":500,"height":500,"caption":"Sari"},"logo":{"@id":"https:\/\/www.heldenhaushalt.de\/sari02\/wp-content\/uploads\/2019\/02\/sari-april2018.png"},"description":"Frau Mondgras \u2013 Das bin ich, Sari. Gerne auch als Sari Mondgras bekannt und im Internet zu finden. 2-Fach-Mutter, Heldenehefrau, Kreativling, Harmonies\u00fcchtig und st\u00e4ndig auf der Suche nach Gl\u00fcck. Ich komme aus Berlin, bin hier aufgewachsen und lebe hier seit ich denken kann.","sameAs":["https:\/\/www.instagram.com\/heldenhaushalt\/"],"url":"https:\/\/www.heldenhaushalt.de\/sari02\/index.php\/author\/admin\/"}]}},"views":3600,"_links":{"self":[{"href":"https:\/\/www.heldenhaushalt.de\/sari02\/index.php\/wp-json\/wp\/v2\/posts\/23753","targetHints":{"allow":["GET"]}}],"collection":[{"href":"https:\/\/www.heldenhaushalt.de\/sari02\/index.php\/wp-json\/wp\/v2\/posts"}],"about":[{"href":"https:\/\/www.heldenhaushalt.de\/sari02\/index.php\/wp-json\/wp\/v2\/types\/post"}],"author":[{"embeddable":true,"href":"https:\/\/www.heldenhaushalt.de\/sari02\/index.php\/wp-json\/wp\/v2\/users\/1"}],"replies":[{"embeddable":true,"href":"https:\/\/www.heldenhaushalt.de\/sari02\/index.php\/wp-json\/wp\/v2\/comments?post=23753"}],"version-history":[{"count":4,"href":"https:\/\/www.heldenhaushalt.de\/sari02\/index.php\/wp-json\/wp\/v2\/posts\/23753\/revisions"}],"predecessor-version":[{"id":24004,"href":"https:\/\/www.heldenhaushalt.de\/sari02\/index.php\/wp-json\/wp\/v2\/posts\/23753\/revisions\/24004"}],"wp:attachment":[{"href":"https:\/\/www.heldenhaushalt.de\/sari02\/index.php\/wp-json\/wp\/v2\/media?parent=23753"}],"wp:term":[{"taxonomy":"category","embeddable":true,"href":"https:\/\/www.heldenhaushalt.de\/sari02\/index.php\/wp-json\/wp\/v2\/categories?post=23753"},{"taxonomy":"post_tag","embeddable":true,"href":"https:\/\/www.heldenhaushalt.de\/sari02\/index.php\/wp-json\/wp\/v2\/tags?post=23753"}],"curies":[{"name":"wp","href":"https:\/\/api.w.org\/{rel}","templated":true}]}}