{"id":23828,"date":"2014-09-05T10:00:00","date_gmt":"2014-09-05T08:00:00","guid":{"rendered":"http:\/\/www.mondgras.de\/sari02\/?p=23828"},"modified":"2014-09-04T18:51:27","modified_gmt":"2014-09-04T16:51:27","slug":"der-tag-auf-den-ich-mich-gefreut-habe","status":"publish","type":"post","link":"https:\/\/www.heldenhaushalt.de\/sari02\/index.php\/2014\/09\/05\/der-tag-auf-den-ich-mich-gefreut-habe\/","title":{"rendered":"Der Tag, auf den ich mich gefreut habe&#8230;"},"content":{"rendered":"<p>Da ist er endlich! Seit klar war, dass wir ein Kind bekommen w&#252;rden, gab es so bestimmte Dinge, auf die ich mich schon wahnsinnig gefreut habe. Das erste Mal gemeinsam Malen, basteln und Wunschzettel schreiben. Solche Dinge halt. Dinge, die ich als Kind unglaublich gerne gemacht habe und die ich gerne auch an den Minihelden weitergeben wollte. Es ist zwar seltsam, wenn man noch ein hilfloses Baby im Arm h&#228;lt und schon an die ersten Malversuche denkt, aber es hatte was von Weihnachten *hachjaaaa* &#8230;<\/p>\n<p>Einer von diesen vielen Vorfreudemomenten war dieser Tag, an dem ich mein Kind aus dem Kindergarten abholen w&#252;rde und es mir etwas zeigt, was es dort gebastelt hat. Nicht mit mir am K&#252;chentisch, sondern zusammen mit anderen Kindern. Ich wei&#223; nicht, wie es anderen bei so etwas geht, aber ich finde sowas unglaublich Besonders. Ich kann mich noch gut an diese Zeiten erinnern, wo man mit den Kindern am Tisch sa&#223; und gemeinsam etwas Neues entstehen lie&#223;, dabei erz&#228;hlten die Kinder dann meist ganz viel und man sah das leuchten in ihren Augen, wenn sie sahen, dass da wirklich etwas entstand, was sie gebastelt hatten. Vielleicht mit ein bisschen Hilfe, aber es war ihres.<\/p>\n<p>Und da war er, dieser Tag, auf den ich mich so gefreut hatte. Der Tag, an dem im Fach MEINES Sohnes etwas Gebasteltes lag. Eine Origami-Kamera. &#8220;Eine f&#252;r die Kita und eine, um sie mit nach Hause zu nehmen&#8221;, erkl&#228;rte mir der Miniheld ganz stolz und zeigte auf eine weitere Kamera, die er sogar bemalt hatte, an einer Schnur &#252;ber meinem Kopf. Man konnte erkennen, dass da ein Blitz und eine Linse aufgemalt waren&#8230; Muah bin ich geplatzt vor Stolz *lach* . Und zu Hause wurde dieser Stolz gleich weitergetragen und jeder musste die tolle Kamera bewundern. Herrlich *kiss*\u00a0 *loveit*<\/p>\n<p><img loading=\"lazy\" decoding=\"async\" class=\"alignnone size-full wp-image-23829\" src=\"http:\/\/www.heldenhaushalt.de\/sari02\/wp-content\/uploads\/2014\/09\/kila-kamera.jpg\" alt=\"kila-kamera\" width=\"505\" height=\"244\" srcset=\"https:\/\/www.heldenhaushalt.de\/sari02\/wp-content\/uploads\/2014\/09\/kila-kamera.jpg 505w, https:\/\/www.heldenhaushalt.de\/sari02\/wp-content\/uploads\/2014\/09\/kila-kamera-300x145.jpg 300w\" sizes=\"auto, (max-width: 505px) 100vw, 505px\" \/><\/p>\n<p>Ich bin gespannt, was da sonst noch alles kommen wird! Vorfreude ist doch die sch&#246;nste Freude ^^ .<\/p>\n","protected":false},"excerpt":{"rendered":"<p>Da ist er endlich! Seit klar war, dass wir ein Kind bekommen w&#252;rden, gab es so bestimmte Dinge, auf die ich mich schon wahnsinnig gefreut habe. Das erste Mal gemeinsam Malen, basteln und Wunschzettel schreiben. Solche Dinge halt. Dinge, die ich als Kind unglaublich gerne gemacht habe und die ich gerne auch an den Minihelden weitergeben wollte. Es ist zwar seltsam, wenn man noch ein hilfloses Baby im Arm h&#228;lt und schon an die ersten Malversuche denkt, aber es hatte was von Weihnachten *hachjaaaa* &#8230; Einer von diesen vielen Vorfreudemomenten war dieser Tag, an dem ich mein Kind aus dem Kindergarten abholen w&#252;rde und es mir etwas zeigt, was es dort gebastelt hat. Nicht mit mir am K&#252;chentisch, sondern zusammen mit anderen Kindern. Ich wei&#223; nicht, wie es anderen bei so etwas geht, aber ich finde sowas unglaublich Besonders. Ich kann mich noch gut an diese Zeiten erinnern, wo man mit den Kindern am Tisch sa&#223; und gemeinsam etwas Neues entstehen lie&#223;, dabei erz&#228;hlten die Kinder dann meist ganz viel und man sah das leuchten in ihren Augen, wenn sie sahen, dass da wirklich etwas entstand, was sie gebastelt hatten. Vielleicht mit ein bisschen Hilfe, aber es war ihres. Und da war er, dieser Tag, auf den ich mich so gefreut hatte. Der Tag, an dem im Fach MEINES Sohnes etwas Gebasteltes lag. Eine Origami-Kamera. &#8220;Eine f&#252;r die Kita und eine, um sie mit nach Hause zu nehmen&#8221;, erkl&#228;rte mir der Miniheld ganz stolz und zeigte auf eine weitere Kamera, die er sogar bemalt hatte, an einer Schnur &#252;ber meinem Kopf. Man konnte erkennen, dass da ein Blitz und eine Linse aufgemalt waren&#8230; Muah bin ich geplatzt vor Stolz *lach* . Und zu Hause wurde dieser Stolz gleich weitergetragen und jeder musste die tolle Kamera bewundern. Herrlich *kiss*\u00a0 *loveit* Ich bin gespannt, was da sonst noch alles kommen wird! Vorfreude ist doch die sch&#246;nste Freude ^^ .<\/p>\n","protected":false},"author":1,"featured_media":0,"comment_status":"open","ping_status":"open","sticky":false,"template":"","format":"standard","meta":{"ngg_post_thumbnail":0,"footnotes":""},"categories":[321],"tags":[],"class_list":["post-23828","post","type-post","status-publish","format-standard","hentry","category-minimum"],"yoast_head":"<!-- This site is optimized with the Yoast SEO plugin v27.5 - https:\/\/yoast.com\/product\/yoast-seo-wordpress\/ -->\n<title>Der Tag, auf den ich mich gefreut habe&#8230; - Heldenhaushalt<\/title>\n<meta name=\"description\" content=\"Auch Helden erleben den t\u00e4glichen Wahnsinn, den ein Alltag mit sich bringt und Frau Mondgras sitzt mittendrin. Berlinerin, Mutter, Ehefrau, Kreativling und auf der st\u00e4ndigen Suche nach Gl\u00fcck... Hier wird gen\u00e4ht, gebacken, gebastelt und auch mal \u00fcber den Alltag gemault.\" \/>\n<meta name=\"robots\" content=\"index, follow, max-snippet:-1, max-image-preview:large, max-video-preview:-1\" \/>\n<link rel=\"canonical\" href=\"https:\/\/www.heldenhaushalt.de\/sari02\/index.php\/2014\/09\/05\/der-tag-auf-den-ich-mich-gefreut-habe\/\" \/>\n<meta property=\"og:locale\" content=\"de_DE\" \/>\n<meta property=\"og:type\" content=\"article\" \/>\n<meta property=\"og:title\" content=\"Der Tag, auf den ich mich gefreut habe&#8230; - Heldenhaushalt\" \/>\n<meta property=\"og:description\" content=\"Auch Helden erleben den t\u00e4glichen Wahnsinn, den ein Alltag mit sich bringt und Frau Mondgras sitzt mittendrin. Berlinerin, Mutter, Ehefrau, Kreativling und auf der st\u00e4ndigen Suche nach Gl\u00fcck... Hier wird gen\u00e4ht, gebacken, gebastelt und auch mal \u00fcber den Alltag gemault.\" \/>\n<meta property=\"og:url\" content=\"https:\/\/www.heldenhaushalt.de\/sari02\/index.php\/2014\/09\/05\/der-tag-auf-den-ich-mich-gefreut-habe\/\" \/>\n<meta property=\"og:site_name\" content=\"Heldenhaushalt\" \/>\n<meta property=\"article:published_time\" content=\"2014-09-05T08:00:00+00:00\" \/>\n<meta property=\"og:image\" content=\"http:\/\/www.heldenhaushalt.de\/sari02\/wp-content\/uploads\/2014\/09\/kila-kamera.jpg\" \/>\n<meta name=\"author\" content=\"Sari\" \/>\n<meta name=\"twitter:card\" content=\"summary_large_image\" \/>\n<meta name=\"twitter:creator\" content=\"@Heldenhaushalt\" \/>\n<meta name=\"twitter:site\" content=\"@Heldenhaushalt\" \/>\n<meta name=\"twitter:label1\" content=\"Verfasst von\" \/>\n\t<meta name=\"twitter:data1\" content=\"Sari\" \/>\n\t<meta name=\"twitter:label2\" content=\"Gesch\u00e4tzte Lesezeit\" \/>\n\t<meta name=\"twitter:data2\" content=\"2\u00a0Minuten\" \/>\n<script type=\"application\/ld+json\" class=\"yoast-schema-graph\">{\"@context\":\"https:\\\/\\\/schema.org\",\"@graph\":[{\"@type\":\"Article\",\"@id\":\"https:\\\/\\\/www.heldenhaushalt.de\\\/sari02\\\/index.php\\\/2014\\\/09\\\/05\\\/der-tag-auf-den-ich-mich-gefreut-habe\\\/#article\",\"isPartOf\":{\"@id\":\"https:\\\/\\\/www.heldenhaushalt.de\\\/sari02\\\/index.php\\\/2014\\\/09\\\/05\\\/der-tag-auf-den-ich-mich-gefreut-habe\\\/\"},\"author\":{\"name\":\"Sari\",\"@id\":\"https:\\\/\\\/www.heldenhaushalt.de\\\/sari02\\\/#\\\/schema\\\/person\\\/a1cc69f42a01f412eb62c151353814f6\"},\"headline\":\"Der Tag, auf den ich mich gefreut habe&#8230;\",\"datePublished\":\"2014-09-05T08:00:00+00:00\",\"mainEntityOfPage\":{\"@id\":\"https:\\\/\\\/www.heldenhaushalt.de\\\/sari02\\\/index.php\\\/2014\\\/09\\\/05\\\/der-tag-auf-den-ich-mich-gefreut-habe\\\/\"},\"wordCount\":329,\"commentCount\":6,\"publisher\":{\"@id\":\"https:\\\/\\\/www.heldenhaushalt.de\\\/sari02\\\/#\\\/schema\\\/person\\\/a1cc69f42a01f412eb62c151353814f6\"},\"image\":{\"@id\":\"https:\\\/\\\/www.heldenhaushalt.de\\\/sari02\\\/index.php\\\/2014\\\/09\\\/05\\\/der-tag-auf-den-ich-mich-gefreut-habe\\\/#primaryimage\"},\"thumbnailUrl\":\"http:\\\/\\\/www.heldenhaushalt.de\\\/sari02\\\/wp-content\\\/uploads\\\/2014\\\/09\\\/kila-kamera.jpg\",\"articleSection\":[\"Heldenkinder\"],\"inLanguage\":\"de\",\"potentialAction\":[{\"@type\":\"CommentAction\",\"name\":\"Comment\",\"target\":[\"https:\\\/\\\/www.heldenhaushalt.de\\\/sari02\\\/index.php\\\/2014\\\/09\\\/05\\\/der-tag-auf-den-ich-mich-gefreut-habe\\\/#respond\"]}]},{\"@type\":\"WebPage\",\"@id\":\"https:\\\/\\\/www.heldenhaushalt.de\\\/sari02\\\/index.php\\\/2014\\\/09\\\/05\\\/der-tag-auf-den-ich-mich-gefreut-habe\\\/\",\"url\":\"https:\\\/\\\/www.heldenhaushalt.de\\\/sari02\\\/index.php\\\/2014\\\/09\\\/05\\\/der-tag-auf-den-ich-mich-gefreut-habe\\\/\",\"name\":\"Der Tag, auf den ich mich gefreut habe&#8230; - Heldenhaushalt\",\"isPartOf\":{\"@id\":\"https:\\\/\\\/www.heldenhaushalt.de\\\/sari02\\\/#website\"},\"primaryImageOfPage\":{\"@id\":\"https:\\\/\\\/www.heldenhaushalt.de\\\/sari02\\\/index.php\\\/2014\\\/09\\\/05\\\/der-tag-auf-den-ich-mich-gefreut-habe\\\/#primaryimage\"},\"image\":{\"@id\":\"https:\\\/\\\/www.heldenhaushalt.de\\\/sari02\\\/index.php\\\/2014\\\/09\\\/05\\\/der-tag-auf-den-ich-mich-gefreut-habe\\\/#primaryimage\"},\"thumbnailUrl\":\"http:\\\/\\\/www.heldenhaushalt.de\\\/sari02\\\/wp-content\\\/uploads\\\/2014\\\/09\\\/kila-kamera.jpg\",\"datePublished\":\"2014-09-05T08:00:00+00:00\",\"description\":\"Auch Helden erleben den t\u00e4glichen Wahnsinn, den ein Alltag mit sich bringt und Frau Mondgras sitzt mittendrin. Berlinerin, Mutter, Ehefrau, Kreativling und auf der st\u00e4ndigen Suche nach Gl\u00fcck... Hier wird gen\u00e4ht, gebacken, gebastelt und auch mal \u00fcber den Alltag gemault.\",\"breadcrumb\":{\"@id\":\"https:\\\/\\\/www.heldenhaushalt.de\\\/sari02\\\/index.php\\\/2014\\\/09\\\/05\\\/der-tag-auf-den-ich-mich-gefreut-habe\\\/#breadcrumb\"},\"inLanguage\":\"de\",\"potentialAction\":[{\"@type\":\"ReadAction\",\"target\":[\"https:\\\/\\\/www.heldenhaushalt.de\\\/sari02\\\/index.php\\\/2014\\\/09\\\/05\\\/der-tag-auf-den-ich-mich-gefreut-habe\\\/\"]}]},{\"@type\":\"ImageObject\",\"inLanguage\":\"de\",\"@id\":\"https:\\\/\\\/www.heldenhaushalt.de\\\/sari02\\\/index.php\\\/2014\\\/09\\\/05\\\/der-tag-auf-den-ich-mich-gefreut-habe\\\/#primaryimage\",\"url\":\"https:\\\/\\\/www.heldenhaushalt.de\\\/sari02\\\/wp-content\\\/uploads\\\/2014\\\/09\\\/kila-kamera.jpg\",\"contentUrl\":\"https:\\\/\\\/www.heldenhaushalt.de\\\/sari02\\\/wp-content\\\/uploads\\\/2014\\\/09\\\/kila-kamera.jpg\",\"width\":505,\"height\":244},{\"@type\":\"BreadcrumbList\",\"@id\":\"https:\\\/\\\/www.heldenhaushalt.de\\\/sari02\\\/index.php\\\/2014\\\/09\\\/05\\\/der-tag-auf-den-ich-mich-gefreut-habe\\\/#breadcrumb\",\"itemListElement\":[{\"@type\":\"ListItem\",\"position\":1,\"name\":\"Startseite\",\"item\":\"https:\\\/\\\/www.heldenhaushalt.de\\\/sari02\\\/\"},{\"@type\":\"ListItem\",\"position\":2,\"name\":\"Der Tag, auf den ich mich gefreut habe&#8230;\"}]},{\"@type\":\"WebSite\",\"@id\":\"https:\\\/\\\/www.heldenhaushalt.de\\\/sari02\\\/#website\",\"url\":\"https:\\\/\\\/www.heldenhaushalt.de\\\/sari02\\\/\",\"name\":\"Heldenhaushalt\",\"description\":\"Wer es ordentlich haben will, der muss vorher anrufen\",\"publisher\":{\"@id\":\"https:\\\/\\\/www.heldenhaushalt.de\\\/sari02\\\/#\\\/schema\\\/person\\\/a1cc69f42a01f412eb62c151353814f6\"},\"potentialAction\":[{\"@type\":\"SearchAction\",\"target\":{\"@type\":\"EntryPoint\",\"urlTemplate\":\"https:\\\/\\\/www.heldenhaushalt.de\\\/sari02\\\/?s={search_term_string}\"},\"query-input\":{\"@type\":\"PropertyValueSpecification\",\"valueRequired\":true,\"valueName\":\"search_term_string\"}}],\"inLanguage\":\"de\"},{\"@type\":[\"Person\",\"Organization\"],\"@id\":\"https:\\\/\\\/www.heldenhaushalt.de\\\/sari02\\\/#\\\/schema\\\/person\\\/a1cc69f42a01f412eb62c151353814f6\",\"name\":\"Sari\",\"image\":{\"@type\":\"ImageObject\",\"inLanguage\":\"de\",\"@id\":\"https:\\\/\\\/www.heldenhaushalt.de\\\/sari02\\\/wp-content\\\/uploads\\\/2019\\\/02\\\/sari-april2018.png\",\"url\":\"https:\\\/\\\/www.heldenhaushalt.de\\\/sari02\\\/wp-content\\\/uploads\\\/2019\\\/02\\\/sari-april2018.png\",\"contentUrl\":\"https:\\\/\\\/www.heldenhaushalt.de\\\/sari02\\\/wp-content\\\/uploads\\\/2019\\\/02\\\/sari-april2018.png\",\"width\":500,\"height\":500,\"caption\":\"Sari\"},\"logo\":{\"@id\":\"https:\\\/\\\/www.heldenhaushalt.de\\\/sari02\\\/wp-content\\\/uploads\\\/2019\\\/02\\\/sari-april2018.png\"},\"description\":\"Frau Mondgras \u2013 Das bin ich, Sari. Gerne auch als Sari Mondgras bekannt und im Internet zu finden. 2-Fach-Mutter, Heldenehefrau, Kreativling, Harmonies\u00fcchtig und st\u00e4ndig auf der Suche nach Gl\u00fcck. Ich komme aus Berlin, bin hier aufgewachsen und lebe hier seit ich denken kann.\",\"sameAs\":[\"https:\\\/\\\/www.instagram.com\\\/heldenhaushalt\\\/\"],\"url\":\"https:\\\/\\\/www.heldenhaushalt.de\\\/sari02\\\/index.php\\\/author\\\/admin\\\/\"}]}<\/script>\n<!-- \/ Yoast SEO plugin. -->","yoast_head_json":{"title":"Der Tag, auf den ich mich gefreut habe&#8230; - Heldenhaushalt","description":"Auch Helden erleben den t\u00e4glichen Wahnsinn, den ein Alltag mit sich bringt und Frau Mondgras sitzt mittendrin. Berlinerin, Mutter, Ehefrau, Kreativling und auf der st\u00e4ndigen Suche nach Gl\u00fcck... Hier wird gen\u00e4ht, gebacken, gebastelt und auch mal \u00fcber den Alltag gemault.","robots":{"index":"index","follow":"follow","max-snippet":"max-snippet:-1","max-image-preview":"max-image-preview:large","max-video-preview":"max-video-preview:-1"},"canonical":"https:\/\/www.heldenhaushalt.de\/sari02\/index.php\/2014\/09\/05\/der-tag-auf-den-ich-mich-gefreut-habe\/","og_locale":"de_DE","og_type":"article","og_title":"Der Tag, auf den ich mich gefreut habe&#8230; - Heldenhaushalt","og_description":"Auch Helden erleben den t\u00e4glichen Wahnsinn, den ein Alltag mit sich bringt und Frau Mondgras sitzt mittendrin. Berlinerin, Mutter, Ehefrau, Kreativling und auf der st\u00e4ndigen Suche nach Gl\u00fcck... Hier wird gen\u00e4ht, gebacken, gebastelt und auch mal \u00fcber den Alltag gemault.","og_url":"https:\/\/www.heldenhaushalt.de\/sari02\/index.php\/2014\/09\/05\/der-tag-auf-den-ich-mich-gefreut-habe\/","og_site_name":"Heldenhaushalt","article_published_time":"2014-09-05T08:00:00+00:00","og_image":[{"url":"http:\/\/www.heldenhaushalt.de\/sari02\/wp-content\/uploads\/2014\/09\/kila-kamera.jpg","type":"","width":"","height":""}],"author":"Sari","twitter_card":"summary_large_image","twitter_creator":"@Heldenhaushalt","twitter_site":"@Heldenhaushalt","twitter_misc":{"Verfasst von":"Sari","Gesch\u00e4tzte Lesezeit":"2\u00a0Minuten"},"schema":{"@context":"https:\/\/schema.org","@graph":[{"@type":"Article","@id":"https:\/\/www.heldenhaushalt.de\/sari02\/index.php\/2014\/09\/05\/der-tag-auf-den-ich-mich-gefreut-habe\/#article","isPartOf":{"@id":"https:\/\/www.heldenhaushalt.de\/sari02\/index.php\/2014\/09\/05\/der-tag-auf-den-ich-mich-gefreut-habe\/"},"author":{"name":"Sari","@id":"https:\/\/www.heldenhaushalt.de\/sari02\/#\/schema\/person\/a1cc69f42a01f412eb62c151353814f6"},"headline":"Der Tag, auf den ich mich gefreut habe&#8230;","datePublished":"2014-09-05T08:00:00+00:00","mainEntityOfPage":{"@id":"https:\/\/www.heldenhaushalt.de\/sari02\/index.php\/2014\/09\/05\/der-tag-auf-den-ich-mich-gefreut-habe\/"},"wordCount":329,"commentCount":6,"publisher":{"@id":"https:\/\/www.heldenhaushalt.de\/sari02\/#\/schema\/person\/a1cc69f42a01f412eb62c151353814f6"},"image":{"@id":"https:\/\/www.heldenhaushalt.de\/sari02\/index.php\/2014\/09\/05\/der-tag-auf-den-ich-mich-gefreut-habe\/#primaryimage"},"thumbnailUrl":"http:\/\/www.heldenhaushalt.de\/sari02\/wp-content\/uploads\/2014\/09\/kila-kamera.jpg","articleSection":["Heldenkinder"],"inLanguage":"de","potentialAction":[{"@type":"CommentAction","name":"Comment","target":["https:\/\/www.heldenhaushalt.de\/sari02\/index.php\/2014\/09\/05\/der-tag-auf-den-ich-mich-gefreut-habe\/#respond"]}]},{"@type":"WebPage","@id":"https:\/\/www.heldenhaushalt.de\/sari02\/index.php\/2014\/09\/05\/der-tag-auf-den-ich-mich-gefreut-habe\/","url":"https:\/\/www.heldenhaushalt.de\/sari02\/index.php\/2014\/09\/05\/der-tag-auf-den-ich-mich-gefreut-habe\/","name":"Der Tag, auf den ich mich gefreut habe&#8230; - Heldenhaushalt","isPartOf":{"@id":"https:\/\/www.heldenhaushalt.de\/sari02\/#website"},"primaryImageOfPage":{"@id":"https:\/\/www.heldenhaushalt.de\/sari02\/index.php\/2014\/09\/05\/der-tag-auf-den-ich-mich-gefreut-habe\/#primaryimage"},"image":{"@id":"https:\/\/www.heldenhaushalt.de\/sari02\/index.php\/2014\/09\/05\/der-tag-auf-den-ich-mich-gefreut-habe\/#primaryimage"},"thumbnailUrl":"http:\/\/www.heldenhaushalt.de\/sari02\/wp-content\/uploads\/2014\/09\/kila-kamera.jpg","datePublished":"2014-09-05T08:00:00+00:00","description":"Auch Helden erleben den t\u00e4glichen Wahnsinn, den ein Alltag mit sich bringt und Frau Mondgras sitzt mittendrin. Berlinerin, Mutter, Ehefrau, Kreativling und auf der st\u00e4ndigen Suche nach Gl\u00fcck... Hier wird gen\u00e4ht, gebacken, gebastelt und auch mal \u00fcber den Alltag gemault.","breadcrumb":{"@id":"https:\/\/www.heldenhaushalt.de\/sari02\/index.php\/2014\/09\/05\/der-tag-auf-den-ich-mich-gefreut-habe\/#breadcrumb"},"inLanguage":"de","potentialAction":[{"@type":"ReadAction","target":["https:\/\/www.heldenhaushalt.de\/sari02\/index.php\/2014\/09\/05\/der-tag-auf-den-ich-mich-gefreut-habe\/"]}]},{"@type":"ImageObject","inLanguage":"de","@id":"https:\/\/www.heldenhaushalt.de\/sari02\/index.php\/2014\/09\/05\/der-tag-auf-den-ich-mich-gefreut-habe\/#primaryimage","url":"https:\/\/www.heldenhaushalt.de\/sari02\/wp-content\/uploads\/2014\/09\/kila-kamera.jpg","contentUrl":"https:\/\/www.heldenhaushalt.de\/sari02\/wp-content\/uploads\/2014\/09\/kila-kamera.jpg","width":505,"height":244},{"@type":"BreadcrumbList","@id":"https:\/\/www.heldenhaushalt.de\/sari02\/index.php\/2014\/09\/05\/der-tag-auf-den-ich-mich-gefreut-habe\/#breadcrumb","itemListElement":[{"@type":"ListItem","position":1,"name":"Startseite","item":"https:\/\/www.heldenhaushalt.de\/sari02\/"},{"@type":"ListItem","position":2,"name":"Der Tag, auf den ich mich gefreut habe&#8230;"}]},{"@type":"WebSite","@id":"https:\/\/www.heldenhaushalt.de\/sari02\/#website","url":"https:\/\/www.heldenhaushalt.de\/sari02\/","name":"Heldenhaushalt","description":"Wer es ordentlich haben will, der muss vorher anrufen","publisher":{"@id":"https:\/\/www.heldenhaushalt.de\/sari02\/#\/schema\/person\/a1cc69f42a01f412eb62c151353814f6"},"potentialAction":[{"@type":"SearchAction","target":{"@type":"EntryPoint","urlTemplate":"https:\/\/www.heldenhaushalt.de\/sari02\/?s={search_term_string}"},"query-input":{"@type":"PropertyValueSpecification","valueRequired":true,"valueName":"search_term_string"}}],"inLanguage":"de"},{"@type":["Person","Organization"],"@id":"https:\/\/www.heldenhaushalt.de\/sari02\/#\/schema\/person\/a1cc69f42a01f412eb62c151353814f6","name":"Sari","image":{"@type":"ImageObject","inLanguage":"de","@id":"https:\/\/www.heldenhaushalt.de\/sari02\/wp-content\/uploads\/2019\/02\/sari-april2018.png","url":"https:\/\/www.heldenhaushalt.de\/sari02\/wp-content\/uploads\/2019\/02\/sari-april2018.png","contentUrl":"https:\/\/www.heldenhaushalt.de\/sari02\/wp-content\/uploads\/2019\/02\/sari-april2018.png","width":500,"height":500,"caption":"Sari"},"logo":{"@id":"https:\/\/www.heldenhaushalt.de\/sari02\/wp-content\/uploads\/2019\/02\/sari-april2018.png"},"description":"Frau Mondgras \u2013 Das bin ich, Sari. Gerne auch als Sari Mondgras bekannt und im Internet zu finden. 2-Fach-Mutter, Heldenehefrau, Kreativling, Harmonies\u00fcchtig und st\u00e4ndig auf der Suche nach Gl\u00fcck. Ich komme aus Berlin, bin hier aufgewachsen und lebe hier seit ich denken kann.","sameAs":["https:\/\/www.instagram.com\/heldenhaushalt\/"],"url":"https:\/\/www.heldenhaushalt.de\/sari02\/index.php\/author\/admin\/"}]}},"views":3577,"_links":{"self":[{"href":"https:\/\/www.heldenhaushalt.de\/sari02\/index.php\/wp-json\/wp\/v2\/posts\/23828","targetHints":{"allow":["GET"]}}],"collection":[{"href":"https:\/\/www.heldenhaushalt.de\/sari02\/index.php\/wp-json\/wp\/v2\/posts"}],"about":[{"href":"https:\/\/www.heldenhaushalt.de\/sari02\/index.php\/wp-json\/wp\/v2\/types\/post"}],"author":[{"embeddable":true,"href":"https:\/\/www.heldenhaushalt.de\/sari02\/index.php\/wp-json\/wp\/v2\/users\/1"}],"replies":[{"embeddable":true,"href":"https:\/\/www.heldenhaushalt.de\/sari02\/index.php\/wp-json\/wp\/v2\/comments?post=23828"}],"version-history":[{"count":2,"href":"https:\/\/www.heldenhaushalt.de\/sari02\/index.php\/wp-json\/wp\/v2\/posts\/23828\/revisions"}],"predecessor-version":[{"id":23870,"href":"https:\/\/www.heldenhaushalt.de\/sari02\/index.php\/wp-json\/wp\/v2\/posts\/23828\/revisions\/23870"}],"wp:attachment":[{"href":"https:\/\/www.heldenhaushalt.de\/sari02\/index.php\/wp-json\/wp\/v2\/media?parent=23828"}],"wp:term":[{"taxonomy":"category","embeddable":true,"href":"https:\/\/www.heldenhaushalt.de\/sari02\/index.php\/wp-json\/wp\/v2\/categories?post=23828"},{"taxonomy":"post_tag","embeddable":true,"href":"https:\/\/www.heldenhaushalt.de\/sari02\/index.php\/wp-json\/wp\/v2\/tags?post=23828"}],"curies":[{"name":"wp","href":"https:\/\/api.w.org\/{rel}","templated":true}]}}