{"id":24134,"date":"2014-10-13T11:00:43","date_gmt":"2014-10-13T09:00:43","guid":{"rendered":"http:\/\/www.mondgras.de\/sari02\/?p=24134"},"modified":"2014-10-13T10:56:39","modified_gmt":"2014-10-13T08:56:39","slug":"der-herbst-der-herbst-der-herbst","status":"publish","type":"post","link":"https:\/\/www.heldenhaushalt.de\/sari02\/index.php\/2014\/10\/13\/der-herbst-der-herbst-der-herbst\/","title":{"rendered":"Der Herbst, der Herbst, der Herbst&#8230;"},"content":{"rendered":"<p>&#8230;ist da&#8230;er bringt uns &#8230;&#246;&#246;&#246;hm&#8230;neue Klamotten f&#252;r das Kind&#8230;hai hussasaaaa!! Macht die Pullis dunkler, f&#228;llt auch Regen runter&#8230;Hai Hai Hussassa, der Herbst ist daaa *lach* &#8230; ja, ich bin nicht so dolle bei sowas, Ihr merkt es schon. Aber wie im letzten Jahr auch schon hat ja nun deutlich die Herbstproduktion f&#252;r den Minihelden begonnen und da wollte ich Euch mal wieder zeigen, was da so entstanden ist. Wir waren n&#228;mlich fleissig und nachdem ich ja nun schon so viele Pullis dank der Proben&#228;herlebnisse f&#252;r den Minihelden gen&#228;ht habe, fiel mir irgendwann auf, dass er auch d&#252;nnere Langarmshirts braucht, da er beim Spielen in der Kita sonst doch recht schnell schwitzt mit den dicken Pullis und das Wetter ja teilweise auch eher uneinig ist, ob es nun richtig kalt oder eher lau sein m&#246;chte.<\/p>\n<p>Also dachte ich,versuche ich mich doch mal am<a href=\"http:\/\/www.mamahoch2.de\/2014\/07\/autumn-rockers-raglan-pullover.html\" target=\"_blank\"> Freebook von MamaHoch2<\/a>. An sich ein wirklich sch&#246;ner und einfacher Raglanschnitt, einfach zu verstehen und umzusetzen. Vorsorglich hatte ich die 110 gen&#228;ht, aber irgendwie sitzt sie wie eine 98 beim Minihelden, ist etwas kurz und die &#196;rmel sehr schmal. Ich wei&#223; ehrlich nicht, ob es jetzt an mir, dem Minihelden oder tats&#228;chlich den Schnitt lag, denn immerhin wurde er schon so oft mit Begeisterung gen&#228;jt. Wer wei&#223;, wo da jetzt der Wurm drin war&#8230; Weil ich den Stoff aber so sehr liebe, habe ich spontan unten das B&#252;ndchen wieder abgeschnitten und einen breiten Stoffbalken angen&#228;ht, so dass das Shirt nun eine angenehme L&#228;nge hat und bei den &#196;rmeln&#8230;nun ja..der Miniheld mag es eh gerne umgekrempelt, das geht also noch. Aber etwas traurig war ich am Anfang schon&#8230;der sch&#246;ne Stoff. Erfreulicher Weise lie&#223; es sich retten ^^.<\/p>\n<p><img loading=\"lazy\" decoding=\"async\" class=\"alignnone size-full wp-image-24140\" src=\"http:\/\/www.heldenhaushalt.de\/sari02\/wp-content\/uploads\/2014\/10\/autumrocker01.jpg\" alt=\"autumrocker01\" width=\"505\" height=\"261\" srcset=\"https:\/\/www.heldenhaushalt.de\/sari02\/wp-content\/uploads\/2014\/10\/autumrocker01.jpg 505w, https:\/\/www.heldenhaushalt.de\/sari02\/wp-content\/uploads\/2014\/10\/autumrocker01-300x155.jpg 300w\" sizes=\"auto, (max-width: 505px) 100vw, 505px\" \/><\/p>\n<p>Und dann griff ich seit einer Ewigkeit mal wieder nach meinen <strong>Ottobre-Zeitungen<\/strong> und suchte zwei Schnitte f&#252;r den Minihelden raus: Einmal f&#252;r ein <strong>Langarmshirt<\/strong> und einmal f&#252;r eine <strong>Trainingshose<\/strong> mit Hosentaschen, die nach unten hin etwas schmaler geschnitten ist. Beides wurde mit gro&#223;er Begeisterung bisher getragen, wobei er in das Shirt glatt doch noch reinwachsen muss. Erstaunlich, wie unterschiedlich so eine 110 bei einem Shirt ausfallen kann. Beim obrigen Shirt doch sehr klein und hier fast noch viel zu gro&#223;.<\/p>\n<p><img loading=\"lazy\" decoding=\"async\" class=\"alignnone size-full wp-image-24141\" src=\"http:\/\/www.heldenhaushalt.de\/sari02\/wp-content\/uploads\/2014\/10\/herbstkombi01.jpg\" alt=\"herbstkombi01\" width=\"505\" height=\"426\" srcset=\"https:\/\/www.heldenhaushalt.de\/sari02\/wp-content\/uploads\/2014\/10\/herbstkombi01.jpg 505w, https:\/\/www.heldenhaushalt.de\/sari02\/wp-content\/uploads\/2014\/10\/herbstkombi01-300x253.jpg 300w\" sizes=\"auto, (max-width: 505px) 100vw, 505px\" \/><\/p>\n<p>So oder so, alle drei Sachen zieht er sehr gerne an und somit war die Arbeit nicht umsonst ^^ . Und da lohnt es sich das Ganze r&#252;ber zum<a href=\"http:\/\/kiddikram.blogspot.de\/2014\/09\/kiddikram-oktober.html\" target=\"_blank\"> Kiddi-Kram<\/a> und <a href=\"http:\/\/made4boys.blogspot.de\/2014\/10\/made4boys-oktober-2014.html\" target=\"_blank\">Made4Boys<\/a> zu schicken, oder?<\/p>\n","protected":false},"excerpt":{"rendered":"<p>&#8230;ist da&#8230;er bringt uns &#8230;&#246;&#246;&#246;hm&#8230;neue Klamotten f&#252;r das Kind&#8230;hai hussasaaaa!! Macht die Pullis dunkler, f&#228;llt auch Regen runter&#8230;Hai Hai Hussassa, der Herbst ist daaa *lach* &#8230; ja, ich bin nicht so dolle bei sowas, Ihr merkt es schon. Aber wie im letzten Jahr auch schon hat ja nun deutlich die Herbstproduktion f&#252;r den Minihelden begonnen und da wollte ich Euch mal wieder zeigen, was da so entstanden ist. Wir waren n&#228;mlich fleissig und nachdem ich ja nun schon so viele Pullis dank der Proben&#228;herlebnisse f&#252;r den Minihelden gen&#228;ht habe, fiel mir irgendwann auf, dass er auch d&#252;nnere Langarmshirts braucht, da er beim Spielen in der Kita sonst doch recht schnell schwitzt mit den dicken Pullis und das Wetter ja teilweise auch eher uneinig ist, ob es nun richtig kalt oder eher lau sein m&#246;chte. Also dachte ich,versuche ich mich doch mal am Freebook von MamaHoch2. An sich ein wirklich sch&#246;ner und einfacher Raglanschnitt, einfach zu verstehen und umzusetzen. Vorsorglich hatte ich die 110 gen&#228;ht, aber irgendwie sitzt sie wie eine 98 beim Minihelden, ist etwas kurz und die &#196;rmel sehr schmal. Ich wei&#223; ehrlich nicht, ob es jetzt an mir, dem Minihelden oder tats&#228;chlich den Schnitt lag, denn immerhin wurde er schon so oft mit Begeisterung gen&#228;jt. Wer wei&#223;, wo da jetzt der Wurm drin war&#8230; Weil ich den Stoff aber so sehr liebe, habe ich spontan unten das B&#252;ndchen wieder abgeschnitten und einen breiten Stoffbalken angen&#228;ht, so dass das Shirt nun eine angenehme L&#228;nge hat und bei den &#196;rmeln&#8230;nun ja..der Miniheld mag es eh gerne umgekrempelt, das geht also noch. Aber etwas traurig war ich am Anfang schon&#8230;der sch&#246;ne Stoff. Erfreulicher Weise lie&#223; es sich retten ^^. Und dann griff ich seit einer Ewigkeit mal wieder nach meinen Ottobre-Zeitungen und suchte zwei Schnitte f&#252;r den Minihelden raus: Einmal f&#252;r ein Langarmshirt und einmal f&#252;r eine Trainingshose mit Hosentaschen, die nach unten hin etwas schmaler geschnitten ist. Beides wurde mit gro&#223;er Begeisterung bisher getragen, wobei er in das Shirt glatt doch noch reinwachsen muss. Erstaunlich, wie unterschiedlich so eine 110 bei einem Shirt ausfallen kann. Beim obrigen Shirt doch sehr klein und hier fast noch viel zu gro&#223;. So oder so, alle drei Sachen zieht er sehr gerne an und somit war die Arbeit nicht umsonst ^^ . Und da lohnt es sich das Ganze r&#252;ber zum Kiddi-Kram und Made4Boys zu schicken, oder?<\/p>\n","protected":false},"author":1,"featured_media":0,"comment_status":"open","ping_status":"open","sticky":false,"template":"","format":"standard","meta":{"ngg_post_thumbnail":0,"footnotes":""},"categories":[224,321],"tags":[],"class_list":["post-24134","post","type-post","status-publish","format-standard","hentry","category-handarbeiten","category-minimum"],"yoast_head":"<!-- This site is optimized with the Yoast SEO plugin v27.5 - https:\/\/yoast.com\/product\/yoast-seo-wordpress\/ -->\n<title>Der Herbst, der Herbst, der Herbst... - Heldenhaushalt<\/title>\n<meta name=\"description\" content=\"Auch Helden erleben den t\u00e4glichen Wahnsinn, den ein Alltag mit sich bringt und Frau Mondgras sitzt mittendrin. Berlinerin, Mutter, Ehefrau, Kreativling und auf der st\u00e4ndigen Suche nach Gl\u00fcck... Hier wird gen\u00e4ht, gebacken, gebastelt und auch mal \u00fcber den Alltag gemault.\" \/>\n<meta name=\"robots\" content=\"index, follow, max-snippet:-1, max-image-preview:large, max-video-preview:-1\" \/>\n<link rel=\"canonical\" href=\"https:\/\/www.heldenhaushalt.de\/sari02\/index.php\/2014\/10\/13\/der-herbst-der-herbst-der-herbst\/\" \/>\n<meta property=\"og:locale\" content=\"de_DE\" \/>\n<meta property=\"og:type\" content=\"article\" \/>\n<meta property=\"og:title\" content=\"Der Herbst, der Herbst, der Herbst... - Heldenhaushalt\" \/>\n<meta property=\"og:description\" content=\"Auch Helden erleben den t\u00e4glichen Wahnsinn, den ein Alltag mit sich bringt und Frau Mondgras sitzt mittendrin. Berlinerin, Mutter, Ehefrau, Kreativling und auf der st\u00e4ndigen Suche nach Gl\u00fcck... Hier wird gen\u00e4ht, gebacken, gebastelt und auch mal \u00fcber den Alltag gemault.\" \/>\n<meta property=\"og:url\" content=\"https:\/\/www.heldenhaushalt.de\/sari02\/index.php\/2014\/10\/13\/der-herbst-der-herbst-der-herbst\/\" \/>\n<meta property=\"og:site_name\" content=\"Heldenhaushalt\" \/>\n<meta property=\"article:published_time\" content=\"2014-10-13T09:00:43+00:00\" \/>\n<meta property=\"og:image\" content=\"http:\/\/www.heldenhaushalt.de\/sari02\/wp-content\/uploads\/2014\/10\/autumrocker01.jpg\" \/>\n<meta name=\"author\" content=\"Sari\" \/>\n<meta name=\"twitter:card\" content=\"summary_large_image\" \/>\n<meta name=\"twitter:creator\" content=\"@Heldenhaushalt\" \/>\n<meta name=\"twitter:site\" content=\"@Heldenhaushalt\" \/>\n<meta name=\"twitter:label1\" content=\"Verfasst von\" \/>\n\t<meta name=\"twitter:data1\" content=\"Sari\" \/>\n\t<meta name=\"twitter:label2\" content=\"Gesch\u00e4tzte Lesezeit\" \/>\n\t<meta name=\"twitter:data2\" content=\"2\u00a0Minuten\" \/>\n<script type=\"application\/ld+json\" class=\"yoast-schema-graph\">{\"@context\":\"https:\\\/\\\/schema.org\",\"@graph\":[{\"@type\":\"Article\",\"@id\":\"https:\\\/\\\/www.heldenhaushalt.de\\\/sari02\\\/index.php\\\/2014\\\/10\\\/13\\\/der-herbst-der-herbst-der-herbst\\\/#article\",\"isPartOf\":{\"@id\":\"https:\\\/\\\/www.heldenhaushalt.de\\\/sari02\\\/index.php\\\/2014\\\/10\\\/13\\\/der-herbst-der-herbst-der-herbst\\\/\"},\"author\":{\"name\":\"Sari\",\"@id\":\"https:\\\/\\\/www.heldenhaushalt.de\\\/sari02\\\/#\\\/schema\\\/person\\\/a1cc69f42a01f412eb62c151353814f6\"},\"headline\":\"Der Herbst, der Herbst, der Herbst&#8230;\",\"datePublished\":\"2014-10-13T09:00:43+00:00\",\"mainEntityOfPage\":{\"@id\":\"https:\\\/\\\/www.heldenhaushalt.de\\\/sari02\\\/index.php\\\/2014\\\/10\\\/13\\\/der-herbst-der-herbst-der-herbst\\\/\"},\"wordCount\":423,\"commentCount\":2,\"publisher\":{\"@id\":\"https:\\\/\\\/www.heldenhaushalt.de\\\/sari02\\\/#\\\/schema\\\/person\\\/a1cc69f42a01f412eb62c151353814f6\"},\"image\":{\"@id\":\"https:\\\/\\\/www.heldenhaushalt.de\\\/sari02\\\/index.php\\\/2014\\\/10\\\/13\\\/der-herbst-der-herbst-der-herbst\\\/#primaryimage\"},\"thumbnailUrl\":\"http:\\\/\\\/www.heldenhaushalt.de\\\/sari02\\\/wp-content\\\/uploads\\\/2014\\\/10\\\/autumrocker01.jpg\",\"articleSection\":[\"Aus Wolle &amp; Stoff\",\"Heldenkinder\"],\"inLanguage\":\"de\",\"potentialAction\":[{\"@type\":\"CommentAction\",\"name\":\"Comment\",\"target\":[\"https:\\\/\\\/www.heldenhaushalt.de\\\/sari02\\\/index.php\\\/2014\\\/10\\\/13\\\/der-herbst-der-herbst-der-herbst\\\/#respond\"]}]},{\"@type\":\"WebPage\",\"@id\":\"https:\\\/\\\/www.heldenhaushalt.de\\\/sari02\\\/index.php\\\/2014\\\/10\\\/13\\\/der-herbst-der-herbst-der-herbst\\\/\",\"url\":\"https:\\\/\\\/www.heldenhaushalt.de\\\/sari02\\\/index.php\\\/2014\\\/10\\\/13\\\/der-herbst-der-herbst-der-herbst\\\/\",\"name\":\"Der Herbst, der Herbst, der Herbst... - Heldenhaushalt\",\"isPartOf\":{\"@id\":\"https:\\\/\\\/www.heldenhaushalt.de\\\/sari02\\\/#website\"},\"primaryImageOfPage\":{\"@id\":\"https:\\\/\\\/www.heldenhaushalt.de\\\/sari02\\\/index.php\\\/2014\\\/10\\\/13\\\/der-herbst-der-herbst-der-herbst\\\/#primaryimage\"},\"image\":{\"@id\":\"https:\\\/\\\/www.heldenhaushalt.de\\\/sari02\\\/index.php\\\/2014\\\/10\\\/13\\\/der-herbst-der-herbst-der-herbst\\\/#primaryimage\"},\"thumbnailUrl\":\"http:\\\/\\\/www.heldenhaushalt.de\\\/sari02\\\/wp-content\\\/uploads\\\/2014\\\/10\\\/autumrocker01.jpg\",\"datePublished\":\"2014-10-13T09:00:43+00:00\",\"description\":\"Auch Helden erleben den t\u00e4glichen Wahnsinn, den ein Alltag mit sich bringt und Frau Mondgras sitzt mittendrin. Berlinerin, Mutter, Ehefrau, Kreativling und auf der st\u00e4ndigen Suche nach Gl\u00fcck... Hier wird gen\u00e4ht, gebacken, gebastelt und auch mal \u00fcber den Alltag gemault.\",\"breadcrumb\":{\"@id\":\"https:\\\/\\\/www.heldenhaushalt.de\\\/sari02\\\/index.php\\\/2014\\\/10\\\/13\\\/der-herbst-der-herbst-der-herbst\\\/#breadcrumb\"},\"inLanguage\":\"de\",\"potentialAction\":[{\"@type\":\"ReadAction\",\"target\":[\"https:\\\/\\\/www.heldenhaushalt.de\\\/sari02\\\/index.php\\\/2014\\\/10\\\/13\\\/der-herbst-der-herbst-der-herbst\\\/\"]}]},{\"@type\":\"ImageObject\",\"inLanguage\":\"de\",\"@id\":\"https:\\\/\\\/www.heldenhaushalt.de\\\/sari02\\\/index.php\\\/2014\\\/10\\\/13\\\/der-herbst-der-herbst-der-herbst\\\/#primaryimage\",\"url\":\"https:\\\/\\\/www.heldenhaushalt.de\\\/sari02\\\/wp-content\\\/uploads\\\/2014\\\/10\\\/autumrocker01.jpg\",\"contentUrl\":\"https:\\\/\\\/www.heldenhaushalt.de\\\/sari02\\\/wp-content\\\/uploads\\\/2014\\\/10\\\/autumrocker01.jpg\",\"width\":505,\"height\":261},{\"@type\":\"BreadcrumbList\",\"@id\":\"https:\\\/\\\/www.heldenhaushalt.de\\\/sari02\\\/index.php\\\/2014\\\/10\\\/13\\\/der-herbst-der-herbst-der-herbst\\\/#breadcrumb\",\"itemListElement\":[{\"@type\":\"ListItem\",\"position\":1,\"name\":\"Startseite\",\"item\":\"https:\\\/\\\/www.heldenhaushalt.de\\\/sari02\\\/\"},{\"@type\":\"ListItem\",\"position\":2,\"name\":\"Der Herbst, der Herbst, der Herbst&#8230;\"}]},{\"@type\":\"WebSite\",\"@id\":\"https:\\\/\\\/www.heldenhaushalt.de\\\/sari02\\\/#website\",\"url\":\"https:\\\/\\\/www.heldenhaushalt.de\\\/sari02\\\/\",\"name\":\"Heldenhaushalt\",\"description\":\"Wer es ordentlich haben will, der muss vorher anrufen\",\"publisher\":{\"@id\":\"https:\\\/\\\/www.heldenhaushalt.de\\\/sari02\\\/#\\\/schema\\\/person\\\/a1cc69f42a01f412eb62c151353814f6\"},\"potentialAction\":[{\"@type\":\"SearchAction\",\"target\":{\"@type\":\"EntryPoint\",\"urlTemplate\":\"https:\\\/\\\/www.heldenhaushalt.de\\\/sari02\\\/?s={search_term_string}\"},\"query-input\":{\"@type\":\"PropertyValueSpecification\",\"valueRequired\":true,\"valueName\":\"search_term_string\"}}],\"inLanguage\":\"de\"},{\"@type\":[\"Person\",\"Organization\"],\"@id\":\"https:\\\/\\\/www.heldenhaushalt.de\\\/sari02\\\/#\\\/schema\\\/person\\\/a1cc69f42a01f412eb62c151353814f6\",\"name\":\"Sari\",\"image\":{\"@type\":\"ImageObject\",\"inLanguage\":\"de\",\"@id\":\"https:\\\/\\\/www.heldenhaushalt.de\\\/sari02\\\/wp-content\\\/uploads\\\/2019\\\/02\\\/sari-april2018.png\",\"url\":\"https:\\\/\\\/www.heldenhaushalt.de\\\/sari02\\\/wp-content\\\/uploads\\\/2019\\\/02\\\/sari-april2018.png\",\"contentUrl\":\"https:\\\/\\\/www.heldenhaushalt.de\\\/sari02\\\/wp-content\\\/uploads\\\/2019\\\/02\\\/sari-april2018.png\",\"width\":500,\"height\":500,\"caption\":\"Sari\"},\"logo\":{\"@id\":\"https:\\\/\\\/www.heldenhaushalt.de\\\/sari02\\\/wp-content\\\/uploads\\\/2019\\\/02\\\/sari-april2018.png\"},\"description\":\"Frau Mondgras \u2013 Das bin ich, Sari. Gerne auch als Sari Mondgras bekannt und im Internet zu finden. 2-Fach-Mutter, Heldenehefrau, Kreativling, Harmonies\u00fcchtig und st\u00e4ndig auf der Suche nach Gl\u00fcck. Ich komme aus Berlin, bin hier aufgewachsen und lebe hier seit ich denken kann.\",\"sameAs\":[\"https:\\\/\\\/www.instagram.com\\\/heldenhaushalt\\\/\"],\"url\":\"https:\\\/\\\/www.heldenhaushalt.de\\\/sari02\\\/index.php\\\/author\\\/admin\\\/\"}]}<\/script>\n<!-- \/ Yoast SEO plugin. -->","yoast_head_json":{"title":"Der Herbst, der Herbst, der Herbst... - Heldenhaushalt","description":"Auch Helden erleben den t\u00e4glichen Wahnsinn, den ein Alltag mit sich bringt und Frau Mondgras sitzt mittendrin. Berlinerin, Mutter, Ehefrau, Kreativling und auf der st\u00e4ndigen Suche nach Gl\u00fcck... Hier wird gen\u00e4ht, gebacken, gebastelt und auch mal \u00fcber den Alltag gemault.","robots":{"index":"index","follow":"follow","max-snippet":"max-snippet:-1","max-image-preview":"max-image-preview:large","max-video-preview":"max-video-preview:-1"},"canonical":"https:\/\/www.heldenhaushalt.de\/sari02\/index.php\/2014\/10\/13\/der-herbst-der-herbst-der-herbst\/","og_locale":"de_DE","og_type":"article","og_title":"Der Herbst, der Herbst, der Herbst... - Heldenhaushalt","og_description":"Auch Helden erleben den t\u00e4glichen Wahnsinn, den ein Alltag mit sich bringt und Frau Mondgras sitzt mittendrin. Berlinerin, Mutter, Ehefrau, Kreativling und auf der st\u00e4ndigen Suche nach Gl\u00fcck... Hier wird gen\u00e4ht, gebacken, gebastelt und auch mal \u00fcber den Alltag gemault.","og_url":"https:\/\/www.heldenhaushalt.de\/sari02\/index.php\/2014\/10\/13\/der-herbst-der-herbst-der-herbst\/","og_site_name":"Heldenhaushalt","article_published_time":"2014-10-13T09:00:43+00:00","og_image":[{"url":"http:\/\/www.heldenhaushalt.de\/sari02\/wp-content\/uploads\/2014\/10\/autumrocker01.jpg","type":"","width":"","height":""}],"author":"Sari","twitter_card":"summary_large_image","twitter_creator":"@Heldenhaushalt","twitter_site":"@Heldenhaushalt","twitter_misc":{"Verfasst von":"Sari","Gesch\u00e4tzte Lesezeit":"2\u00a0Minuten"},"schema":{"@context":"https:\/\/schema.org","@graph":[{"@type":"Article","@id":"https:\/\/www.heldenhaushalt.de\/sari02\/index.php\/2014\/10\/13\/der-herbst-der-herbst-der-herbst\/#article","isPartOf":{"@id":"https:\/\/www.heldenhaushalt.de\/sari02\/index.php\/2014\/10\/13\/der-herbst-der-herbst-der-herbst\/"},"author":{"name":"Sari","@id":"https:\/\/www.heldenhaushalt.de\/sari02\/#\/schema\/person\/a1cc69f42a01f412eb62c151353814f6"},"headline":"Der Herbst, der Herbst, der Herbst&#8230;","datePublished":"2014-10-13T09:00:43+00:00","mainEntityOfPage":{"@id":"https:\/\/www.heldenhaushalt.de\/sari02\/index.php\/2014\/10\/13\/der-herbst-der-herbst-der-herbst\/"},"wordCount":423,"commentCount":2,"publisher":{"@id":"https:\/\/www.heldenhaushalt.de\/sari02\/#\/schema\/person\/a1cc69f42a01f412eb62c151353814f6"},"image":{"@id":"https:\/\/www.heldenhaushalt.de\/sari02\/index.php\/2014\/10\/13\/der-herbst-der-herbst-der-herbst\/#primaryimage"},"thumbnailUrl":"http:\/\/www.heldenhaushalt.de\/sari02\/wp-content\/uploads\/2014\/10\/autumrocker01.jpg","articleSection":["Aus Wolle &amp; Stoff","Heldenkinder"],"inLanguage":"de","potentialAction":[{"@type":"CommentAction","name":"Comment","target":["https:\/\/www.heldenhaushalt.de\/sari02\/index.php\/2014\/10\/13\/der-herbst-der-herbst-der-herbst\/#respond"]}]},{"@type":"WebPage","@id":"https:\/\/www.heldenhaushalt.de\/sari02\/index.php\/2014\/10\/13\/der-herbst-der-herbst-der-herbst\/","url":"https:\/\/www.heldenhaushalt.de\/sari02\/index.php\/2014\/10\/13\/der-herbst-der-herbst-der-herbst\/","name":"Der Herbst, der Herbst, der Herbst... - Heldenhaushalt","isPartOf":{"@id":"https:\/\/www.heldenhaushalt.de\/sari02\/#website"},"primaryImageOfPage":{"@id":"https:\/\/www.heldenhaushalt.de\/sari02\/index.php\/2014\/10\/13\/der-herbst-der-herbst-der-herbst\/#primaryimage"},"image":{"@id":"https:\/\/www.heldenhaushalt.de\/sari02\/index.php\/2014\/10\/13\/der-herbst-der-herbst-der-herbst\/#primaryimage"},"thumbnailUrl":"http:\/\/www.heldenhaushalt.de\/sari02\/wp-content\/uploads\/2014\/10\/autumrocker01.jpg","datePublished":"2014-10-13T09:00:43+00:00","description":"Auch Helden erleben den t\u00e4glichen Wahnsinn, den ein Alltag mit sich bringt und Frau Mondgras sitzt mittendrin. Berlinerin, Mutter, Ehefrau, Kreativling und auf der st\u00e4ndigen Suche nach Gl\u00fcck... Hier wird gen\u00e4ht, gebacken, gebastelt und auch mal \u00fcber den Alltag gemault.","breadcrumb":{"@id":"https:\/\/www.heldenhaushalt.de\/sari02\/index.php\/2014\/10\/13\/der-herbst-der-herbst-der-herbst\/#breadcrumb"},"inLanguage":"de","potentialAction":[{"@type":"ReadAction","target":["https:\/\/www.heldenhaushalt.de\/sari02\/index.php\/2014\/10\/13\/der-herbst-der-herbst-der-herbst\/"]}]},{"@type":"ImageObject","inLanguage":"de","@id":"https:\/\/www.heldenhaushalt.de\/sari02\/index.php\/2014\/10\/13\/der-herbst-der-herbst-der-herbst\/#primaryimage","url":"https:\/\/www.heldenhaushalt.de\/sari02\/wp-content\/uploads\/2014\/10\/autumrocker01.jpg","contentUrl":"https:\/\/www.heldenhaushalt.de\/sari02\/wp-content\/uploads\/2014\/10\/autumrocker01.jpg","width":505,"height":261},{"@type":"BreadcrumbList","@id":"https:\/\/www.heldenhaushalt.de\/sari02\/index.php\/2014\/10\/13\/der-herbst-der-herbst-der-herbst\/#breadcrumb","itemListElement":[{"@type":"ListItem","position":1,"name":"Startseite","item":"https:\/\/www.heldenhaushalt.de\/sari02\/"},{"@type":"ListItem","position":2,"name":"Der Herbst, der Herbst, der Herbst&#8230;"}]},{"@type":"WebSite","@id":"https:\/\/www.heldenhaushalt.de\/sari02\/#website","url":"https:\/\/www.heldenhaushalt.de\/sari02\/","name":"Heldenhaushalt","description":"Wer es ordentlich haben will, der muss vorher anrufen","publisher":{"@id":"https:\/\/www.heldenhaushalt.de\/sari02\/#\/schema\/person\/a1cc69f42a01f412eb62c151353814f6"},"potentialAction":[{"@type":"SearchAction","target":{"@type":"EntryPoint","urlTemplate":"https:\/\/www.heldenhaushalt.de\/sari02\/?s={search_term_string}"},"query-input":{"@type":"PropertyValueSpecification","valueRequired":true,"valueName":"search_term_string"}}],"inLanguage":"de"},{"@type":["Person","Organization"],"@id":"https:\/\/www.heldenhaushalt.de\/sari02\/#\/schema\/person\/a1cc69f42a01f412eb62c151353814f6","name":"Sari","image":{"@type":"ImageObject","inLanguage":"de","@id":"https:\/\/www.heldenhaushalt.de\/sari02\/wp-content\/uploads\/2019\/02\/sari-april2018.png","url":"https:\/\/www.heldenhaushalt.de\/sari02\/wp-content\/uploads\/2019\/02\/sari-april2018.png","contentUrl":"https:\/\/www.heldenhaushalt.de\/sari02\/wp-content\/uploads\/2019\/02\/sari-april2018.png","width":500,"height":500,"caption":"Sari"},"logo":{"@id":"https:\/\/www.heldenhaushalt.de\/sari02\/wp-content\/uploads\/2019\/02\/sari-april2018.png"},"description":"Frau Mondgras \u2013 Das bin ich, Sari. Gerne auch als Sari Mondgras bekannt und im Internet zu finden. 2-Fach-Mutter, Heldenehefrau, Kreativling, Harmonies\u00fcchtig und st\u00e4ndig auf der Suche nach Gl\u00fcck. Ich komme aus Berlin, bin hier aufgewachsen und lebe hier seit ich denken kann.","sameAs":["https:\/\/www.instagram.com\/heldenhaushalt\/"],"url":"https:\/\/www.heldenhaushalt.de\/sari02\/index.php\/author\/admin\/"}]}},"views":3970,"_links":{"self":[{"href":"https:\/\/www.heldenhaushalt.de\/sari02\/index.php\/wp-json\/wp\/v2\/posts\/24134","targetHints":{"allow":["GET"]}}],"collection":[{"href":"https:\/\/www.heldenhaushalt.de\/sari02\/index.php\/wp-json\/wp\/v2\/posts"}],"about":[{"href":"https:\/\/www.heldenhaushalt.de\/sari02\/index.php\/wp-json\/wp\/v2\/types\/post"}],"author":[{"embeddable":true,"href":"https:\/\/www.heldenhaushalt.de\/sari02\/index.php\/wp-json\/wp\/v2\/users\/1"}],"replies":[{"embeddable":true,"href":"https:\/\/www.heldenhaushalt.de\/sari02\/index.php\/wp-json\/wp\/v2\/comments?post=24134"}],"version-history":[{"count":3,"href":"https:\/\/www.heldenhaushalt.de\/sari02\/index.php\/wp-json\/wp\/v2\/posts\/24134\/revisions"}],"predecessor-version":[{"id":24162,"href":"https:\/\/www.heldenhaushalt.de\/sari02\/index.php\/wp-json\/wp\/v2\/posts\/24134\/revisions\/24162"}],"wp:attachment":[{"href":"https:\/\/www.heldenhaushalt.de\/sari02\/index.php\/wp-json\/wp\/v2\/media?parent=24134"}],"wp:term":[{"taxonomy":"category","embeddable":true,"href":"https:\/\/www.heldenhaushalt.de\/sari02\/index.php\/wp-json\/wp\/v2\/categories?post=24134"},{"taxonomy":"post_tag","embeddable":true,"href":"https:\/\/www.heldenhaushalt.de\/sari02\/index.php\/wp-json\/wp\/v2\/tags?post=24134"}],"curies":[{"name":"wp","href":"https:\/\/api.w.org\/{rel}","templated":true}]}}