{"id":24506,"date":"2014-12-03T07:00:00","date_gmt":"2014-12-03T06:00:00","guid":{"rendered":"http:\/\/www.mondgras.de\/sari02\/?p=24506"},"modified":"2014-12-03T09:53:18","modified_gmt":"2014-12-03T08:53:18","slug":"winterharte-haare","status":"publish","type":"post","link":"https:\/\/www.heldenhaushalt.de\/sari02\/index.php\/2014\/12\/03\/winterharte-haare\/","title":{"rendered":"Winterharte Haare?"},"content":{"rendered":"<p><img loading=\"lazy\" decoding=\"async\" class=\"size-full wp-image-24561 alignright\" src=\"http:\/\/www.heldenhaushalt.de\/sari02\/wp-content\/uploads\/2014\/12\/IMG_1460-e1416996268586.jpg\" alt=\"IMG_1460\" width=\"200\" height=\"236\" \/>Wie Ihr wisst, war<a href=\"http:\/\/www.heldenhaushalt.de\/sari02\/index.php\/2013\/01\/24\/12-in-2013-ich-hab-die-haare-schon\/\" target=\"_blank\"> letztes Jahr ein gro&#223;es Anliegen<\/a> meinerseits, dass ich meine von der Geburt des Minihelden ziemlich gesch&#228;digten Haare irgendwie wieder retten und ges&#252;nder werden lassen wollte. Es gab so einiges, was ich probiert habe &#8211; nicht zuletzt dank Eurer zahlreichen Tipps &#8211; und ich kann durchaus behaupten, dass sich einige dauerhafte Erfolge gezeigt haben. Sie m&#252;ssen nicht mehr st&#228;ndig gewaschen werden, die Locken sind wieder nat&#252;rlicher geworden und erinnern an die aus meiner Kindheit, sie sind ganz nett gewachsen, auch wenn ich das Gef&#252;hl habe, dass sie eine bestimmte L&#228;nge irgendwie nicht &#252;berschreiten wollen<em> (scheint zumindest so)<\/em> und ich habe auch das Gef&#252;hl, dass sie wieder dicker geworden sind.<\/p>\n<p>Der Winter ist nat&#252;rlich immer eine harte Probe f&#252;r die Haare. K&#228;lte, nasses Klima, das viele M&#252;tzentragen&#8230; ich merke schon, dass die Haare ganz sch&#246;n beansprucht werden und da ich gerne m&#246;chte, dass meine Haare weiterhin sich so gut entwickeln, habe ich mich mal wieder auf die Suche nach sch&#246;nen Tipps f&#252;r die kalte Jahreszeit gemacht.<\/p>\n<p>Eines meiner Hauptprobleme ist, dass meine Kopfhaut ganz empfindlich durch das viele M&#252;tzentragen geworden ist. Wir sind ja in meiner Familie gro&#223;e Fans von Weleda, vielleicht kennt Ihr die Marke ja. Und zwar sind wir damals durch meinen Vater darauf gekommen, der w&#228;hrend seines Krankenhausaufenthaltes oft diese Produkte nutzen durfte und schwer begeistert davon war, wie toll die waren. Sie wurden dann auch f&#252;r zu Hause gekauft und viel benutzt, aber inzwischen g&#246;nnen wir sie uns selten, da sie schon was Besonderes sind. Nun habe ich<a href=\"https:\/\/www.nu3.de\/\" target=\"_blank\"> gesehen<\/a>, dass Weleda sogar<a href=\"https:\/\/www.nu3.de\/weleda-haarpflege-set-bei-strapazierter-kopfhaut-240-ml.html\" target=\"_blank\"> etwas f&#252;r strapazierte Kopfhaut <\/a>hat. Allgemein scheinen Weizenkeimprodukte da sehr gut zu sein. Habt Ihr da Erfahrungen? Auch das Hafer-Pflegeset scheint <a href=\"https:\/\/www.nu3.de\/weleda-hafer-haarpflege-set-fuer-trockenes-und-strapaziertes-haar-540-ml.html\" target=\"_blank\">interessant <\/a>zu sein.<\/p>\n<p>Obwohl ich ja die Vorstellung echt witzig finde sich Hafer und Weizen in die Haare zu schmieren *lach* Hat schon bald etwas von M&#252;slo ^^ .<\/p>\n<p>Vielleicht kennt Ihr da auch wieder das ein oder andere Hausmittelchen f&#252;r mich? Wie sind Eure Erfahrungen da? Bisher konntet ihr mir in Punkto Haare ja immer wirklich gut helfen. Was sind Eure Wintertips f&#252;r mich? Ich bin da inzwischen ziemlich experiemtierfreudig geworden ;) .<\/p>\n","protected":false},"excerpt":{"rendered":"<p>Wie Ihr wisst, war letztes Jahr ein gro&#223;es Anliegen meinerseits, dass ich meine von der Geburt des Minihelden ziemlich gesch&#228;digten Haare irgendwie wieder retten und ges&#252;nder werden lassen wollte. Es gab so einiges, was ich probiert habe &#8211; nicht zuletzt dank Eurer zahlreichen Tipps &#8211; und ich kann durchaus behaupten, dass sich einige dauerhafte Erfolge gezeigt haben. Sie m&#252;ssen nicht mehr st&#228;ndig gewaschen werden, die Locken sind wieder nat&#252;rlicher geworden und erinnern an die aus meiner Kindheit, sie sind ganz nett gewachsen, auch wenn ich das Gef&#252;hl habe, dass sie eine bestimmte L&#228;nge irgendwie nicht &#252;berschreiten wollen (scheint zumindest so) und ich habe auch das Gef&#252;hl, dass sie wieder dicker geworden sind. Der Winter ist nat&#252;rlich immer eine harte Probe f&#252;r die Haare. K&#228;lte, nasses Klima, das viele M&#252;tzentragen&#8230; ich merke schon, dass die Haare ganz sch&#246;n beansprucht werden und da ich gerne m&#246;chte, dass meine Haare weiterhin sich so gut entwickeln, habe ich mich mal wieder auf die Suche nach sch&#246;nen Tipps f&#252;r die kalte Jahreszeit gemacht. Eines meiner Hauptprobleme ist, dass meine Kopfhaut ganz empfindlich durch das viele M&#252;tzentragen geworden ist. Wir sind ja in meiner Familie gro&#223;e Fans von Weleda, vielleicht kennt Ihr die Marke ja. Und zwar sind wir damals durch meinen Vater darauf gekommen, der w&#228;hrend seines Krankenhausaufenthaltes oft diese Produkte nutzen durfte und schwer begeistert davon war, wie toll die waren. Sie wurden dann auch f&#252;r zu Hause gekauft und viel benutzt, aber inzwischen g&#246;nnen wir sie uns selten, da sie schon was Besonderes sind. Nun habe ich gesehen, dass Weleda sogar etwas f&#252;r strapazierte Kopfhaut hat. Allgemein scheinen Weizenkeimprodukte da sehr gut zu sein. Habt Ihr da Erfahrungen? Auch das Hafer-Pflegeset scheint interessant zu sein. Obwohl ich ja die Vorstellung echt witzig finde sich Hafer und Weizen in die Haare zu schmieren *lach* Hat schon bald etwas von M&#252;slo ^^ . Vielleicht kennt Ihr da auch wieder das ein oder andere Hausmittelchen f&#252;r mich? Wie sind Eure Erfahrungen da? Bisher konntet ihr mir in Punkto Haare ja immer wirklich gut helfen. Was sind Eure Wintertips f&#252;r mich? Ich bin da inzwischen ziemlich experiemtierfreudig geworden ;) .<\/p>\n","protected":false},"author":1,"featured_media":0,"comment_status":"open","ping_status":"open","sticky":false,"template":"","format":"standard","meta":{"ngg_post_thumbnail":0,"footnotes":""},"categories":[323],"tags":[],"class_list":["post-24506","post","type-post","status-publish","format-standard","hentry","category-alltag"],"yoast_head":"<!-- This site is optimized with the Yoast SEO plugin v27.5 - https:\/\/yoast.com\/product\/yoast-seo-wordpress\/ -->\n<title>Winterharte Haare? - Heldenhaushalt<\/title>\n<meta name=\"description\" content=\"Auch Helden erleben den t\u00e4glichen Wahnsinn, den ein Alltag mit sich bringt und Frau Mondgras sitzt mittendrin. Berlinerin, Mutter, Ehefrau, Kreativling und auf der st\u00e4ndigen Suche nach Gl\u00fcck... Hier wird gen\u00e4ht, gebacken, gebastelt und auch mal \u00fcber den Alltag gemault.\" \/>\n<meta name=\"robots\" content=\"index, follow, max-snippet:-1, max-image-preview:large, max-video-preview:-1\" \/>\n<link rel=\"canonical\" href=\"https:\/\/www.heldenhaushalt.de\/sari02\/index.php\/2014\/12\/03\/winterharte-haare\/\" \/>\n<meta property=\"og:locale\" content=\"de_DE\" \/>\n<meta property=\"og:type\" content=\"article\" \/>\n<meta property=\"og:title\" content=\"Winterharte Haare? - Heldenhaushalt\" \/>\n<meta property=\"og:description\" content=\"Auch Helden erleben den t\u00e4glichen Wahnsinn, den ein Alltag mit sich bringt und Frau Mondgras sitzt mittendrin. Berlinerin, Mutter, Ehefrau, Kreativling und auf der st\u00e4ndigen Suche nach Gl\u00fcck... Hier wird gen\u00e4ht, gebacken, gebastelt und auch mal \u00fcber den Alltag gemault.\" \/>\n<meta property=\"og:url\" content=\"https:\/\/www.heldenhaushalt.de\/sari02\/index.php\/2014\/12\/03\/winterharte-haare\/\" \/>\n<meta property=\"og:site_name\" content=\"Heldenhaushalt\" \/>\n<meta property=\"article:published_time\" content=\"2014-12-03T06:00:00+00:00\" \/>\n<meta property=\"article:modified_time\" content=\"2014-12-03T08:53:18+00:00\" \/>\n<meta property=\"og:image\" content=\"http:\/\/www.heldenhaushalt.de\/sari02\/wp-content\/uploads\/2014\/12\/IMG_1460-e1416996268586.jpg\" \/>\n<meta name=\"author\" content=\"Sari\" \/>\n<meta name=\"twitter:card\" content=\"summary_large_image\" \/>\n<meta name=\"twitter:creator\" content=\"@Heldenhaushalt\" \/>\n<meta name=\"twitter:site\" content=\"@Heldenhaushalt\" \/>\n<meta name=\"twitter:label1\" content=\"Verfasst von\" \/>\n\t<meta name=\"twitter:data1\" content=\"Sari\" \/>\n\t<meta name=\"twitter:label2\" content=\"Gesch\u00e4tzte Lesezeit\" \/>\n\t<meta name=\"twitter:data2\" content=\"2\u00a0Minuten\" \/>\n<script type=\"application\/ld+json\" class=\"yoast-schema-graph\">{\"@context\":\"https:\\\/\\\/schema.org\",\"@graph\":[{\"@type\":\"Article\",\"@id\":\"https:\\\/\\\/www.heldenhaushalt.de\\\/sari02\\\/index.php\\\/2014\\\/12\\\/03\\\/winterharte-haare\\\/#article\",\"isPartOf\":{\"@id\":\"https:\\\/\\\/www.heldenhaushalt.de\\\/sari02\\\/index.php\\\/2014\\\/12\\\/03\\\/winterharte-haare\\\/\"},\"author\":{\"name\":\"Sari\",\"@id\":\"https:\\\/\\\/www.heldenhaushalt.de\\\/sari02\\\/#\\\/schema\\\/person\\\/a1cc69f42a01f412eb62c151353814f6\"},\"headline\":\"Winterharte Haare?\",\"datePublished\":\"2014-12-03T06:00:00+00:00\",\"dateModified\":\"2014-12-03T08:53:18+00:00\",\"mainEntityOfPage\":{\"@id\":\"https:\\\/\\\/www.heldenhaushalt.de\\\/sari02\\\/index.php\\\/2014\\\/12\\\/03\\\/winterharte-haare\\\/\"},\"wordCount\":377,\"commentCount\":6,\"publisher\":{\"@id\":\"https:\\\/\\\/www.heldenhaushalt.de\\\/sari02\\\/#\\\/schema\\\/person\\\/a1cc69f42a01f412eb62c151353814f6\"},\"image\":{\"@id\":\"https:\\\/\\\/www.heldenhaushalt.de\\\/sari02\\\/index.php\\\/2014\\\/12\\\/03\\\/winterharte-haare\\\/#primaryimage\"},\"thumbnailUrl\":\"http:\\\/\\\/www.heldenhaushalt.de\\\/sari02\\\/wp-content\\\/uploads\\\/2014\\\/12\\\/IMG_1460-e1416996268586.jpg\",\"articleSection\":[\"Alltagschaos\"],\"inLanguage\":\"de\",\"potentialAction\":[{\"@type\":\"CommentAction\",\"name\":\"Comment\",\"target\":[\"https:\\\/\\\/www.heldenhaushalt.de\\\/sari02\\\/index.php\\\/2014\\\/12\\\/03\\\/winterharte-haare\\\/#respond\"]}]},{\"@type\":\"WebPage\",\"@id\":\"https:\\\/\\\/www.heldenhaushalt.de\\\/sari02\\\/index.php\\\/2014\\\/12\\\/03\\\/winterharte-haare\\\/\",\"url\":\"https:\\\/\\\/www.heldenhaushalt.de\\\/sari02\\\/index.php\\\/2014\\\/12\\\/03\\\/winterharte-haare\\\/\",\"name\":\"Winterharte Haare? - Heldenhaushalt\",\"isPartOf\":{\"@id\":\"https:\\\/\\\/www.heldenhaushalt.de\\\/sari02\\\/#website\"},\"primaryImageOfPage\":{\"@id\":\"https:\\\/\\\/www.heldenhaushalt.de\\\/sari02\\\/index.php\\\/2014\\\/12\\\/03\\\/winterharte-haare\\\/#primaryimage\"},\"image\":{\"@id\":\"https:\\\/\\\/www.heldenhaushalt.de\\\/sari02\\\/index.php\\\/2014\\\/12\\\/03\\\/winterharte-haare\\\/#primaryimage\"},\"thumbnailUrl\":\"http:\\\/\\\/www.heldenhaushalt.de\\\/sari02\\\/wp-content\\\/uploads\\\/2014\\\/12\\\/IMG_1460-e1416996268586.jpg\",\"datePublished\":\"2014-12-03T06:00:00+00:00\",\"dateModified\":\"2014-12-03T08:53:18+00:00\",\"description\":\"Auch Helden erleben den t\u00e4glichen Wahnsinn, den ein Alltag mit sich bringt und Frau Mondgras sitzt mittendrin. Berlinerin, Mutter, Ehefrau, Kreativling und auf der st\u00e4ndigen Suche nach Gl\u00fcck... Hier wird gen\u00e4ht, gebacken, gebastelt und auch mal \u00fcber den Alltag gemault.\",\"breadcrumb\":{\"@id\":\"https:\\\/\\\/www.heldenhaushalt.de\\\/sari02\\\/index.php\\\/2014\\\/12\\\/03\\\/winterharte-haare\\\/#breadcrumb\"},\"inLanguage\":\"de\",\"potentialAction\":[{\"@type\":\"ReadAction\",\"target\":[\"https:\\\/\\\/www.heldenhaushalt.de\\\/sari02\\\/index.php\\\/2014\\\/12\\\/03\\\/winterharte-haare\\\/\"]}]},{\"@type\":\"ImageObject\",\"inLanguage\":\"de\",\"@id\":\"https:\\\/\\\/www.heldenhaushalt.de\\\/sari02\\\/index.php\\\/2014\\\/12\\\/03\\\/winterharte-haare\\\/#primaryimage\",\"url\":\"https:\\\/\\\/www.heldenhaushalt.de\\\/sari02\\\/wp-content\\\/uploads\\\/2014\\\/12\\\/IMG_1460-e1416996268586.jpg\",\"contentUrl\":\"https:\\\/\\\/www.heldenhaushalt.de\\\/sari02\\\/wp-content\\\/uploads\\\/2014\\\/12\\\/IMG_1460-e1416996268586.jpg\",\"width\":200,\"height\":236},{\"@type\":\"BreadcrumbList\",\"@id\":\"https:\\\/\\\/www.heldenhaushalt.de\\\/sari02\\\/index.php\\\/2014\\\/12\\\/03\\\/winterharte-haare\\\/#breadcrumb\",\"itemListElement\":[{\"@type\":\"ListItem\",\"position\":1,\"name\":\"Startseite\",\"item\":\"https:\\\/\\\/www.heldenhaushalt.de\\\/sari02\\\/\"},{\"@type\":\"ListItem\",\"position\":2,\"name\":\"Winterharte Haare?\"}]},{\"@type\":\"WebSite\",\"@id\":\"https:\\\/\\\/www.heldenhaushalt.de\\\/sari02\\\/#website\",\"url\":\"https:\\\/\\\/www.heldenhaushalt.de\\\/sari02\\\/\",\"name\":\"Heldenhaushalt\",\"description\":\"Wer es ordentlich haben will, der muss vorher anrufen\",\"publisher\":{\"@id\":\"https:\\\/\\\/www.heldenhaushalt.de\\\/sari02\\\/#\\\/schema\\\/person\\\/a1cc69f42a01f412eb62c151353814f6\"},\"potentialAction\":[{\"@type\":\"SearchAction\",\"target\":{\"@type\":\"EntryPoint\",\"urlTemplate\":\"https:\\\/\\\/www.heldenhaushalt.de\\\/sari02\\\/?s={search_term_string}\"},\"query-input\":{\"@type\":\"PropertyValueSpecification\",\"valueRequired\":true,\"valueName\":\"search_term_string\"}}],\"inLanguage\":\"de\"},{\"@type\":[\"Person\",\"Organization\"],\"@id\":\"https:\\\/\\\/www.heldenhaushalt.de\\\/sari02\\\/#\\\/schema\\\/person\\\/a1cc69f42a01f412eb62c151353814f6\",\"name\":\"Sari\",\"image\":{\"@type\":\"ImageObject\",\"inLanguage\":\"de\",\"@id\":\"https:\\\/\\\/www.heldenhaushalt.de\\\/sari02\\\/wp-content\\\/uploads\\\/2019\\\/02\\\/sari-april2018.png\",\"url\":\"https:\\\/\\\/www.heldenhaushalt.de\\\/sari02\\\/wp-content\\\/uploads\\\/2019\\\/02\\\/sari-april2018.png\",\"contentUrl\":\"https:\\\/\\\/www.heldenhaushalt.de\\\/sari02\\\/wp-content\\\/uploads\\\/2019\\\/02\\\/sari-april2018.png\",\"width\":500,\"height\":500,\"caption\":\"Sari\"},\"logo\":{\"@id\":\"https:\\\/\\\/www.heldenhaushalt.de\\\/sari02\\\/wp-content\\\/uploads\\\/2019\\\/02\\\/sari-april2018.png\"},\"description\":\"Frau Mondgras \u2013 Das bin ich, Sari. Gerne auch als Sari Mondgras bekannt und im Internet zu finden. 2-Fach-Mutter, Heldenehefrau, Kreativling, Harmonies\u00fcchtig und st\u00e4ndig auf der Suche nach Gl\u00fcck. Ich komme aus Berlin, bin hier aufgewachsen und lebe hier seit ich denken kann.\",\"sameAs\":[\"https:\\\/\\\/www.instagram.com\\\/heldenhaushalt\\\/\"],\"url\":\"https:\\\/\\\/www.heldenhaushalt.de\\\/sari02\\\/index.php\\\/author\\\/admin\\\/\"}]}<\/script>\n<!-- \/ Yoast SEO plugin. -->","yoast_head_json":{"title":"Winterharte Haare? - Heldenhaushalt","description":"Auch Helden erleben den t\u00e4glichen Wahnsinn, den ein Alltag mit sich bringt und Frau Mondgras sitzt mittendrin. Berlinerin, Mutter, Ehefrau, Kreativling und auf der st\u00e4ndigen Suche nach Gl\u00fcck... Hier wird gen\u00e4ht, gebacken, gebastelt und auch mal \u00fcber den Alltag gemault.","robots":{"index":"index","follow":"follow","max-snippet":"max-snippet:-1","max-image-preview":"max-image-preview:large","max-video-preview":"max-video-preview:-1"},"canonical":"https:\/\/www.heldenhaushalt.de\/sari02\/index.php\/2014\/12\/03\/winterharte-haare\/","og_locale":"de_DE","og_type":"article","og_title":"Winterharte Haare? - Heldenhaushalt","og_description":"Auch Helden erleben den t\u00e4glichen Wahnsinn, den ein Alltag mit sich bringt und Frau Mondgras sitzt mittendrin. Berlinerin, Mutter, Ehefrau, Kreativling und auf der st\u00e4ndigen Suche nach Gl\u00fcck... Hier wird gen\u00e4ht, gebacken, gebastelt und auch mal \u00fcber den Alltag gemault.","og_url":"https:\/\/www.heldenhaushalt.de\/sari02\/index.php\/2014\/12\/03\/winterharte-haare\/","og_site_name":"Heldenhaushalt","article_published_time":"2014-12-03T06:00:00+00:00","article_modified_time":"2014-12-03T08:53:18+00:00","og_image":[{"url":"http:\/\/www.heldenhaushalt.de\/sari02\/wp-content\/uploads\/2014\/12\/IMG_1460-e1416996268586.jpg","type":"","width":"","height":""}],"author":"Sari","twitter_card":"summary_large_image","twitter_creator":"@Heldenhaushalt","twitter_site":"@Heldenhaushalt","twitter_misc":{"Verfasst von":"Sari","Gesch\u00e4tzte Lesezeit":"2\u00a0Minuten"},"schema":{"@context":"https:\/\/schema.org","@graph":[{"@type":"Article","@id":"https:\/\/www.heldenhaushalt.de\/sari02\/index.php\/2014\/12\/03\/winterharte-haare\/#article","isPartOf":{"@id":"https:\/\/www.heldenhaushalt.de\/sari02\/index.php\/2014\/12\/03\/winterharte-haare\/"},"author":{"name":"Sari","@id":"https:\/\/www.heldenhaushalt.de\/sari02\/#\/schema\/person\/a1cc69f42a01f412eb62c151353814f6"},"headline":"Winterharte Haare?","datePublished":"2014-12-03T06:00:00+00:00","dateModified":"2014-12-03T08:53:18+00:00","mainEntityOfPage":{"@id":"https:\/\/www.heldenhaushalt.de\/sari02\/index.php\/2014\/12\/03\/winterharte-haare\/"},"wordCount":377,"commentCount":6,"publisher":{"@id":"https:\/\/www.heldenhaushalt.de\/sari02\/#\/schema\/person\/a1cc69f42a01f412eb62c151353814f6"},"image":{"@id":"https:\/\/www.heldenhaushalt.de\/sari02\/index.php\/2014\/12\/03\/winterharte-haare\/#primaryimage"},"thumbnailUrl":"http:\/\/www.heldenhaushalt.de\/sari02\/wp-content\/uploads\/2014\/12\/IMG_1460-e1416996268586.jpg","articleSection":["Alltagschaos"],"inLanguage":"de","potentialAction":[{"@type":"CommentAction","name":"Comment","target":["https:\/\/www.heldenhaushalt.de\/sari02\/index.php\/2014\/12\/03\/winterharte-haare\/#respond"]}]},{"@type":"WebPage","@id":"https:\/\/www.heldenhaushalt.de\/sari02\/index.php\/2014\/12\/03\/winterharte-haare\/","url":"https:\/\/www.heldenhaushalt.de\/sari02\/index.php\/2014\/12\/03\/winterharte-haare\/","name":"Winterharte Haare? - Heldenhaushalt","isPartOf":{"@id":"https:\/\/www.heldenhaushalt.de\/sari02\/#website"},"primaryImageOfPage":{"@id":"https:\/\/www.heldenhaushalt.de\/sari02\/index.php\/2014\/12\/03\/winterharte-haare\/#primaryimage"},"image":{"@id":"https:\/\/www.heldenhaushalt.de\/sari02\/index.php\/2014\/12\/03\/winterharte-haare\/#primaryimage"},"thumbnailUrl":"http:\/\/www.heldenhaushalt.de\/sari02\/wp-content\/uploads\/2014\/12\/IMG_1460-e1416996268586.jpg","datePublished":"2014-12-03T06:00:00+00:00","dateModified":"2014-12-03T08:53:18+00:00","description":"Auch Helden erleben den t\u00e4glichen Wahnsinn, den ein Alltag mit sich bringt und Frau Mondgras sitzt mittendrin. Berlinerin, Mutter, Ehefrau, Kreativling und auf der st\u00e4ndigen Suche nach Gl\u00fcck... Hier wird gen\u00e4ht, gebacken, gebastelt und auch mal \u00fcber den Alltag gemault.","breadcrumb":{"@id":"https:\/\/www.heldenhaushalt.de\/sari02\/index.php\/2014\/12\/03\/winterharte-haare\/#breadcrumb"},"inLanguage":"de","potentialAction":[{"@type":"ReadAction","target":["https:\/\/www.heldenhaushalt.de\/sari02\/index.php\/2014\/12\/03\/winterharte-haare\/"]}]},{"@type":"ImageObject","inLanguage":"de","@id":"https:\/\/www.heldenhaushalt.de\/sari02\/index.php\/2014\/12\/03\/winterharte-haare\/#primaryimage","url":"https:\/\/www.heldenhaushalt.de\/sari02\/wp-content\/uploads\/2014\/12\/IMG_1460-e1416996268586.jpg","contentUrl":"https:\/\/www.heldenhaushalt.de\/sari02\/wp-content\/uploads\/2014\/12\/IMG_1460-e1416996268586.jpg","width":200,"height":236},{"@type":"BreadcrumbList","@id":"https:\/\/www.heldenhaushalt.de\/sari02\/index.php\/2014\/12\/03\/winterharte-haare\/#breadcrumb","itemListElement":[{"@type":"ListItem","position":1,"name":"Startseite","item":"https:\/\/www.heldenhaushalt.de\/sari02\/"},{"@type":"ListItem","position":2,"name":"Winterharte Haare?"}]},{"@type":"WebSite","@id":"https:\/\/www.heldenhaushalt.de\/sari02\/#website","url":"https:\/\/www.heldenhaushalt.de\/sari02\/","name":"Heldenhaushalt","description":"Wer es ordentlich haben will, der muss vorher anrufen","publisher":{"@id":"https:\/\/www.heldenhaushalt.de\/sari02\/#\/schema\/person\/a1cc69f42a01f412eb62c151353814f6"},"potentialAction":[{"@type":"SearchAction","target":{"@type":"EntryPoint","urlTemplate":"https:\/\/www.heldenhaushalt.de\/sari02\/?s={search_term_string}"},"query-input":{"@type":"PropertyValueSpecification","valueRequired":true,"valueName":"search_term_string"}}],"inLanguage":"de"},{"@type":["Person","Organization"],"@id":"https:\/\/www.heldenhaushalt.de\/sari02\/#\/schema\/person\/a1cc69f42a01f412eb62c151353814f6","name":"Sari","image":{"@type":"ImageObject","inLanguage":"de","@id":"https:\/\/www.heldenhaushalt.de\/sari02\/wp-content\/uploads\/2019\/02\/sari-april2018.png","url":"https:\/\/www.heldenhaushalt.de\/sari02\/wp-content\/uploads\/2019\/02\/sari-april2018.png","contentUrl":"https:\/\/www.heldenhaushalt.de\/sari02\/wp-content\/uploads\/2019\/02\/sari-april2018.png","width":500,"height":500,"caption":"Sari"},"logo":{"@id":"https:\/\/www.heldenhaushalt.de\/sari02\/wp-content\/uploads\/2019\/02\/sari-april2018.png"},"description":"Frau Mondgras \u2013 Das bin ich, Sari. Gerne auch als Sari Mondgras bekannt und im Internet zu finden. 2-Fach-Mutter, Heldenehefrau, Kreativling, Harmonies\u00fcchtig und st\u00e4ndig auf der Suche nach Gl\u00fcck. Ich komme aus Berlin, bin hier aufgewachsen und lebe hier seit ich denken kann.","sameAs":["https:\/\/www.instagram.com\/heldenhaushalt\/"],"url":"https:\/\/www.heldenhaushalt.de\/sari02\/index.php\/author\/admin\/"}]}},"views":9659,"_links":{"self":[{"href":"https:\/\/www.heldenhaushalt.de\/sari02\/index.php\/wp-json\/wp\/v2\/posts\/24506","targetHints":{"allow":["GET"]}}],"collection":[{"href":"https:\/\/www.heldenhaushalt.de\/sari02\/index.php\/wp-json\/wp\/v2\/posts"}],"about":[{"href":"https:\/\/www.heldenhaushalt.de\/sari02\/index.php\/wp-json\/wp\/v2\/types\/post"}],"author":[{"embeddable":true,"href":"https:\/\/www.heldenhaushalt.de\/sari02\/index.php\/wp-json\/wp\/v2\/users\/1"}],"replies":[{"embeddable":true,"href":"https:\/\/www.heldenhaushalt.de\/sari02\/index.php\/wp-json\/wp\/v2\/comments?post=24506"}],"version-history":[{"count":4,"href":"https:\/\/www.heldenhaushalt.de\/sari02\/index.php\/wp-json\/wp\/v2\/posts\/24506\/revisions"}],"predecessor-version":[{"id":24614,"href":"https:\/\/www.heldenhaushalt.de\/sari02\/index.php\/wp-json\/wp\/v2\/posts\/24506\/revisions\/24614"}],"wp:attachment":[{"href":"https:\/\/www.heldenhaushalt.de\/sari02\/index.php\/wp-json\/wp\/v2\/media?parent=24506"}],"wp:term":[{"taxonomy":"category","embeddable":true,"href":"https:\/\/www.heldenhaushalt.de\/sari02\/index.php\/wp-json\/wp\/v2\/categories?post=24506"},{"taxonomy":"post_tag","embeddable":true,"href":"https:\/\/www.heldenhaushalt.de\/sari02\/index.php\/wp-json\/wp\/v2\/tags?post=24506"}],"curies":[{"name":"wp","href":"https:\/\/api.w.org\/{rel}","templated":true}]}}