{"id":25582,"date":"2015-03-25T10:00:00","date_gmt":"2015-03-25T09:00:00","guid":{"rendered":"http:\/\/www.mondgras.de\/sari02\/?p=25582"},"modified":"2015-03-25T09:06:24","modified_gmt":"2015-03-25T08:06:24","slug":"1-jahr-das-laedchen-und-wir-waren-da","status":"publish","type":"post","link":"https:\/\/www.heldenhaushalt.de\/sari02\/index.php\/2015\/03\/25\/1-jahr-das-laedchen-und-wir-waren-da\/","title":{"rendered":"1 Jahr das &#8220;L&#228;dchen&#8221; und wir waren da&#8230;"},"content":{"rendered":"<p><img loading=\"lazy\" decoding=\"async\" class=\"alignnone size-full wp-image-25591\" src=\"http:\/\/www.heldenhaushalt.de\/sari02\/wp-content\/uploads\/2015\/03\/sopjubi05.jpg\" alt=\"sopjubi05\" width=\"505\" height=\"379\" srcset=\"https:\/\/www.heldenhaushalt.de\/sari02\/wp-content\/uploads\/2015\/03\/sopjubi05.jpg 505w, https:\/\/www.heldenhaushalt.de\/sari02\/wp-content\/uploads\/2015\/03\/sopjubi05-300x225.jpg 300w\" sizes=\"auto, (max-width: 505px) 100vw, 505px\" \/><\/p>\n<p>Manche Menschen kennt man irgendwie schon ewig. So f&#252;hlt es sich zumindest manchmal an. Menschen, die man nie gesehen oder getroffen, gar gesprochen hat und dennoch spricht man davon sich zu kennen. Es ist so ziemlich genau ein Jahr her, dass meine Schwester und ich aufgebrauchen sind, um Janine zu ihrer Ladener&#246;ffnung zu besuchen. Janine ist die Betreiberin des Shoppes <a href=\"http:\/\/www.shades-of-pink.de\/\" target=\"_blank\"><em><strong>&#8220;Shades of Pink<\/strong><\/em><\/a>&#8221; und ich meine, den meisten von Euch m&#252;sste das irgendwie ein Begriff sein, nicht zuletzt, weil sie schon zwei Mal gro&#223;z&#252;gig ein Gewinnspiel hier gesponsort hat. Janine und ich, wir sind so ein Fall von <em>&#8220;Wir kennen uns schon ewig&#8221;<\/em>. 9 Jahre oder so sind es inzwischen und tats&#228;chlich, obwohl aus der gleichen Stadt kommend, haben wir uns<a href=\"http:\/\/www.heldenhaushalt.de\/sari02\/index.php\/2014\/03\/25\/shades-of-pink-und-wie-ich-schminken-lernte\/\" target=\"_blank\"> letztes Jahr bei ihrer Ladener&#246;ffnung <\/a>das allererste Mal gesehen und gesprochen. Es war mehr als nur klar, dass ich dieses Jahr zu ihrer Jubil&#228;umsfeier wieder dabei sein w&#252;rde. Und wenn ich das nur mache, um die Tradition aufrecht zu erhalten *lach* Wie sagte sie selber: Sie muss schon alleine deswegen regelm&#228;&#223;ig so etwas machen, weil sie irgendwie nur zu solchen Anl&#228;ssen bestimmte Menschen trifft und da z&#228;hle ich dazu.<\/p>\n<p><img loading=\"lazy\" decoding=\"async\" class=\"alignnone size-full wp-image-25587\" src=\"http:\/\/www.heldenhaushalt.de\/sari02\/wp-content\/uploads\/2015\/03\/sopjubi01.jpg\" alt=\"sopjubi01\" width=\"505\" height=\"581\" srcset=\"https:\/\/www.heldenhaushalt.de\/sari02\/wp-content\/uploads\/2015\/03\/sopjubi01.jpg 505w, https:\/\/www.heldenhaushalt.de\/sari02\/wp-content\/uploads\/2015\/03\/sopjubi01-261x300.jpg 261w\" sizes=\"auto, (max-width: 505px) 100vw, 505px\" \/><\/p>\n<p>Auch meine Schwester wollte eigentlich wieder mit, war aber aus gesundheitlichen Gr&#252;nden leider verhindert, so dass ich meine beiden Helden mit im Schlepptau hatte&#8230; die Armen *lach* Nehme ich sie doch tats&#228;chlich zu einem Ort mit, wo sich alles vor allem um Make Up dreht. Aber Janine hat sich gut um ihre G&#228;ste gek&#252;mmert und sie mit Getr&#228;nken, Essen und lieber Aufmerksamkeit bedacht.<\/p>\n<p><img loading=\"lazy\" decoding=\"async\" class=\"alignnone size-full wp-image-25588\" src=\"http:\/\/www.heldenhaushalt.de\/sari02\/wp-content\/uploads\/2015\/03\/sopjubi02.jpg\" alt=\"sopjubi02\" width=\"505\" height=\"376\" srcset=\"https:\/\/www.heldenhaushalt.de\/sari02\/wp-content\/uploads\/2015\/03\/sopjubi02.jpg 505w, https:\/\/www.heldenhaushalt.de\/sari02\/wp-content\/uploads\/2015\/03\/sopjubi02-300x223.jpg 300w\" sizes=\"auto, (max-width: 505px) 100vw, 505px\" \/><\/p>\n<p><img loading=\"lazy\" decoding=\"async\" class=\"alignnone size-full wp-image-25589\" src=\"http:\/\/www.heldenhaushalt.de\/sari02\/wp-content\/uploads\/2015\/03\/sopjubi03.jpg\" alt=\"sopjubi03\" width=\"505\" height=\"379\" srcset=\"https:\/\/www.heldenhaushalt.de\/sari02\/wp-content\/uploads\/2015\/03\/sopjubi03.jpg 505w, https:\/\/www.heldenhaushalt.de\/sari02\/wp-content\/uploads\/2015\/03\/sopjubi03-300x225.jpg 300w\" sizes=\"auto, (max-width: 505px) 100vw, 505px\" \/><\/p>\n<p>Bewaffnet mit einer Einkaufsliste meiner Schwester st&#246;berte ich mich dann auch wieder durch das Sortiment, als total Unwissende *lach* Ich und Make Up&#8230;wir wiederrum kennen uns wirklich wenig. Ein bisschen Puder hier, etwas Kajal da und fertig ist Saris Morgenroutine. Wenn man dann mit einem Zettel durch die Gegend rennt, auf der Sachen wie Bronzer und Blink Stift stehen usw&#8230;. nun ja ^^ Es wird auf Aussenstehende sicher lustig gewirkt haben, wie ich da vor bunten Tiegelchen stand und das Fragezeichen regelrecht &#252;ber meinem Kopf prankte *drop*.<\/p>\n<p><img loading=\"lazy\" decoding=\"async\" class=\"alignnone size-full wp-image-25590\" src=\"http:\/\/www.heldenhaushalt.de\/sari02\/wp-content\/uploads\/2015\/03\/sopjubi04.jpg\" alt=\"sopjubi04\" width=\"505\" height=\"379\" srcset=\"https:\/\/www.heldenhaushalt.de\/sari02\/wp-content\/uploads\/2015\/03\/sopjubi04.jpg 505w, https:\/\/www.heldenhaushalt.de\/sari02\/wp-content\/uploads\/2015\/03\/sopjubi04-300x225.jpg 300w\" sizes=\"auto, (max-width: 505px) 100vw, 505px\" \/><\/p>\n<p><img loading=\"lazy\" decoding=\"async\" class=\"alignnone size-full wp-image-25592\" src=\"http:\/\/www.heldenhaushalt.de\/sari02\/wp-content\/uploads\/2015\/03\/sopjubi06.jpg\" alt=\"sopjubi06\" width=\"505\" height=\"359\" srcset=\"https:\/\/www.heldenhaushalt.de\/sari02\/wp-content\/uploads\/2015\/03\/sopjubi06.jpg 505w, https:\/\/www.heldenhaushalt.de\/sari02\/wp-content\/uploads\/2015\/03\/sopjubi06-300x213.jpg 300w\" sizes=\"auto, (max-width: 505px) 100vw, 505px\" \/><\/p>\n<p>Aber auch hier bekam ich schnell Hilfe, mir wurde von Janine der Zettel aus der Hand genommen und binnen weniger Minuten hatte ich alles, was Schwesti wollte, in einem K&#246;rpchen zusammen&#8230;und eine Stunde sp&#228;ter, zum Leidwesen des Mannes, auch noch deutlich mehr f&#252;r mich&#8230;<\/p>\n<p><img loading=\"lazy\" decoding=\"async\" class=\"alignnone size-full wp-image-25593\" src=\"http:\/\/www.heldenhaushalt.de\/sari02\/wp-content\/uploads\/2015\/03\/sopjubi07.jpg\" alt=\"sopjubi07\" width=\"505\" height=\"394\" srcset=\"https:\/\/www.heldenhaushalt.de\/sari02\/wp-content\/uploads\/2015\/03\/sopjubi07.jpg 505w, https:\/\/www.heldenhaushalt.de\/sari02\/wp-content\/uploads\/2015\/03\/sopjubi07-300x234.jpg 300w\" sizes=\"auto, (max-width: 505px) 100vw, 505px\" \/><\/p>\n<p>Insgesamt war es ein wirklich sch&#246;ner Nachmittag bei Janine, es freut mich sehr, dass ich auch dieses Jahr wieder dabei sein durfte und hoffe, dass wir uns sp&#228;testens n&#228;chstes Jahr zur gleichen Zeit am gleichen Ort wiedersehen *lach* &#8230;<\/p>\n<p><img loading=\"lazy\" decoding=\"async\" class=\"alignnone size-full wp-image-24841\" src=\"http:\/\/www.heldenhaushalt.de\/sari02\/wp-content\/uploads\/2015\/01\/sari-unter.jpg\" alt=\"sari-unter\" width=\"130\" height=\"59\" \/><\/p>\n","protected":false},"excerpt":{"rendered":"<p>Manche Menschen kennt man irgendwie schon ewig. So f&#252;hlt es sich zumindest manchmal an. Menschen, die man nie gesehen oder getroffen, gar gesprochen hat und dennoch spricht man davon sich zu kennen. Es ist so ziemlich genau ein Jahr her, dass meine Schwester und ich aufgebrauchen sind, um Janine zu ihrer Ladener&#246;ffnung zu besuchen. Janine ist die Betreiberin des Shoppes &#8220;Shades of Pink&#8221; und ich meine, den meisten von Euch m&#252;sste das irgendwie ein Begriff sein, nicht zuletzt, weil sie schon zwei Mal gro&#223;z&#252;gig ein Gewinnspiel hier gesponsort hat. Janine und ich, wir sind so ein Fall von &#8220;Wir kennen uns schon ewig&#8221;. 9 Jahre oder so sind es inzwischen und tats&#228;chlich, obwohl aus der gleichen Stadt kommend, haben wir uns letztes Jahr bei ihrer Ladener&#246;ffnung das allererste Mal gesehen und gesprochen. Es war mehr als nur klar, dass ich dieses Jahr zu ihrer Jubil&#228;umsfeier wieder dabei sein w&#252;rde. Und wenn ich das nur mache, um die Tradition aufrecht zu erhalten *lach* Wie sagte sie selber: Sie muss schon alleine deswegen regelm&#228;&#223;ig so etwas machen, weil sie irgendwie nur zu solchen Anl&#228;ssen bestimmte Menschen trifft und da z&#228;hle ich dazu. Auch meine Schwester wollte eigentlich wieder mit, war aber aus gesundheitlichen Gr&#252;nden leider verhindert, so dass ich meine beiden Helden mit im Schlepptau hatte&#8230; die Armen *lach* Nehme ich sie doch tats&#228;chlich zu einem Ort mit, wo sich alles vor allem um Make Up dreht. Aber Janine hat sich gut um ihre G&#228;ste gek&#252;mmert und sie mit Getr&#228;nken, Essen und lieber Aufmerksamkeit bedacht. Bewaffnet mit einer Einkaufsliste meiner Schwester st&#246;berte ich mich dann auch wieder durch das Sortiment, als total Unwissende *lach* Ich und Make Up&#8230;wir wiederrum kennen uns wirklich wenig. Ein bisschen Puder hier, etwas Kajal da und fertig ist Saris Morgenroutine. Wenn man dann mit einem Zettel durch die Gegend rennt, auf der Sachen wie Bronzer und Blink Stift stehen usw&#8230;. nun ja ^^ Es wird auf Aussenstehende sicher lustig gewirkt haben, wie ich da vor bunten Tiegelchen stand und das Fragezeichen regelrecht &#252;ber meinem Kopf prankte *drop*. Aber auch hier bekam ich schnell Hilfe, mir wurde von Janine der Zettel aus der Hand genommen und binnen weniger Minuten hatte ich alles, was Schwesti wollte, in einem K&#246;rpchen zusammen&#8230;und eine Stunde sp&#228;ter, zum Leidwesen des Mannes, auch noch deutlich mehr f&#252;r mich&#8230; Insgesamt war es ein wirklich sch&#246;ner Nachmittag bei Janine, es freut mich sehr, dass ich auch dieses Jahr wieder dabei sein durfte und hoffe, dass wir uns sp&#228;testens n&#228;chstes Jahr zur gleichen Zeit am gleichen Ort wiedersehen *lach* &#8230;<\/p>\n","protected":false},"author":1,"featured_media":0,"comment_status":"open","ping_status":"open","sticky":false,"template":"","format":"standard","meta":{"ngg_post_thumbnail":0,"footnotes":""},"categories":[46,49],"tags":[],"class_list":["post-25582","post","type-post","status-publish","format-standard","hentry","category-feiertage","category-blogspaehre"],"yoast_head":"<!-- This site is optimized with the Yoast SEO plugin v27.5 - https:\/\/yoast.com\/product\/yoast-seo-wordpress\/ -->\n<title>1 Jahr das &quot;L\u00e4dchen&quot; und wir waren da... - Heldenhaushalt<\/title>\n<meta name=\"description\" content=\"Auch Helden erleben den t\u00e4glichen Wahnsinn, den ein Alltag mit sich bringt und Frau Mondgras sitzt mittendrin. Berlinerin, Mutter, Ehefrau, Kreativling und auf der st\u00e4ndigen Suche nach Gl\u00fcck... Hier wird gen\u00e4ht, gebacken, gebastelt und auch mal \u00fcber den Alltag gemault.\" \/>\n<meta name=\"robots\" content=\"index, follow, max-snippet:-1, max-image-preview:large, max-video-preview:-1\" \/>\n<link rel=\"canonical\" href=\"https:\/\/www.heldenhaushalt.de\/sari02\/index.php\/2015\/03\/25\/1-jahr-das-laedchen-und-wir-waren-da\/\" \/>\n<meta property=\"og:locale\" content=\"de_DE\" \/>\n<meta property=\"og:type\" content=\"article\" \/>\n<meta property=\"og:title\" content=\"1 Jahr das &quot;L\u00e4dchen&quot; und wir waren da... - Heldenhaushalt\" \/>\n<meta property=\"og:description\" content=\"Auch Helden erleben den t\u00e4glichen Wahnsinn, den ein Alltag mit sich bringt und Frau Mondgras sitzt mittendrin. Berlinerin, Mutter, Ehefrau, Kreativling und auf der st\u00e4ndigen Suche nach Gl\u00fcck... Hier wird gen\u00e4ht, gebacken, gebastelt und auch mal \u00fcber den Alltag gemault.\" \/>\n<meta property=\"og:url\" content=\"https:\/\/www.heldenhaushalt.de\/sari02\/index.php\/2015\/03\/25\/1-jahr-das-laedchen-und-wir-waren-da\/\" \/>\n<meta property=\"og:site_name\" content=\"Heldenhaushalt\" \/>\n<meta property=\"article:published_time\" content=\"2015-03-25T09:00:00+00:00\" \/>\n<meta property=\"og:image\" content=\"http:\/\/www.heldenhaushalt.de\/sari02\/wp-content\/uploads\/2015\/03\/sopjubi05.jpg\" \/>\n<meta name=\"author\" content=\"Sari\" \/>\n<meta name=\"twitter:card\" content=\"summary_large_image\" \/>\n<meta name=\"twitter:creator\" content=\"@Heldenhaushalt\" \/>\n<meta name=\"twitter:site\" content=\"@Heldenhaushalt\" \/>\n<meta name=\"twitter:label1\" content=\"Verfasst von\" \/>\n\t<meta name=\"twitter:data1\" content=\"Sari\" \/>\n\t<meta name=\"twitter:label2\" content=\"Gesch\u00e4tzte Lesezeit\" \/>\n\t<meta name=\"twitter:data2\" content=\"2\u00a0Minuten\" \/>\n<script type=\"application\/ld+json\" class=\"yoast-schema-graph\">{\"@context\":\"https:\\\/\\\/schema.org\",\"@graph\":[{\"@type\":\"Article\",\"@id\":\"https:\\\/\\\/www.heldenhaushalt.de\\\/sari02\\\/index.php\\\/2015\\\/03\\\/25\\\/1-jahr-das-laedchen-und-wir-waren-da\\\/#article\",\"isPartOf\":{\"@id\":\"https:\\\/\\\/www.heldenhaushalt.de\\\/sari02\\\/index.php\\\/2015\\\/03\\\/25\\\/1-jahr-das-laedchen-und-wir-waren-da\\\/\"},\"author\":{\"name\":\"Sari\",\"@id\":\"https:\\\/\\\/www.heldenhaushalt.de\\\/sari02\\\/#\\\/schema\\\/person\\\/a1cc69f42a01f412eb62c151353814f6\"},\"headline\":\"1 Jahr das &#8220;L&#228;dchen&#8221; und wir waren da&#8230;\",\"datePublished\":\"2015-03-25T09:00:00+00:00\",\"mainEntityOfPage\":{\"@id\":\"https:\\\/\\\/www.heldenhaushalt.de\\\/sari02\\\/index.php\\\/2015\\\/03\\\/25\\\/1-jahr-das-laedchen-und-wir-waren-da\\\/\"},\"wordCount\":454,\"commentCount\":6,\"publisher\":{\"@id\":\"https:\\\/\\\/www.heldenhaushalt.de\\\/sari02\\\/#\\\/schema\\\/person\\\/a1cc69f42a01f412eb62c151353814f6\"},\"image\":{\"@id\":\"https:\\\/\\\/www.heldenhaushalt.de\\\/sari02\\\/index.php\\\/2015\\\/03\\\/25\\\/1-jahr-das-laedchen-und-wir-waren-da\\\/#primaryimage\"},\"thumbnailUrl\":\"http:\\\/\\\/www.heldenhaushalt.de\\\/sari02\\\/wp-content\\\/uploads\\\/2015\\\/03\\\/sopjubi05.jpg\",\"articleSection\":[\"Besondere Anl\u00e4sse\",\"Blogsph\u00e4re\"],\"inLanguage\":\"de\",\"potentialAction\":[{\"@type\":\"CommentAction\",\"name\":\"Comment\",\"target\":[\"https:\\\/\\\/www.heldenhaushalt.de\\\/sari02\\\/index.php\\\/2015\\\/03\\\/25\\\/1-jahr-das-laedchen-und-wir-waren-da\\\/#respond\"]}]},{\"@type\":\"WebPage\",\"@id\":\"https:\\\/\\\/www.heldenhaushalt.de\\\/sari02\\\/index.php\\\/2015\\\/03\\\/25\\\/1-jahr-das-laedchen-und-wir-waren-da\\\/\",\"url\":\"https:\\\/\\\/www.heldenhaushalt.de\\\/sari02\\\/index.php\\\/2015\\\/03\\\/25\\\/1-jahr-das-laedchen-und-wir-waren-da\\\/\",\"name\":\"1 Jahr das \\\"L\u00e4dchen\\\" und wir waren da... - Heldenhaushalt\",\"isPartOf\":{\"@id\":\"https:\\\/\\\/www.heldenhaushalt.de\\\/sari02\\\/#website\"},\"primaryImageOfPage\":{\"@id\":\"https:\\\/\\\/www.heldenhaushalt.de\\\/sari02\\\/index.php\\\/2015\\\/03\\\/25\\\/1-jahr-das-laedchen-und-wir-waren-da\\\/#primaryimage\"},\"image\":{\"@id\":\"https:\\\/\\\/www.heldenhaushalt.de\\\/sari02\\\/index.php\\\/2015\\\/03\\\/25\\\/1-jahr-das-laedchen-und-wir-waren-da\\\/#primaryimage\"},\"thumbnailUrl\":\"http:\\\/\\\/www.heldenhaushalt.de\\\/sari02\\\/wp-content\\\/uploads\\\/2015\\\/03\\\/sopjubi05.jpg\",\"datePublished\":\"2015-03-25T09:00:00+00:00\",\"description\":\"Auch Helden erleben den t\u00e4glichen Wahnsinn, den ein Alltag mit sich bringt und Frau Mondgras sitzt mittendrin. Berlinerin, Mutter, Ehefrau, Kreativling und auf der st\u00e4ndigen Suche nach Gl\u00fcck... Hier wird gen\u00e4ht, gebacken, gebastelt und auch mal \u00fcber den Alltag gemault.\",\"breadcrumb\":{\"@id\":\"https:\\\/\\\/www.heldenhaushalt.de\\\/sari02\\\/index.php\\\/2015\\\/03\\\/25\\\/1-jahr-das-laedchen-und-wir-waren-da\\\/#breadcrumb\"},\"inLanguage\":\"de\",\"potentialAction\":[{\"@type\":\"ReadAction\",\"target\":[\"https:\\\/\\\/www.heldenhaushalt.de\\\/sari02\\\/index.php\\\/2015\\\/03\\\/25\\\/1-jahr-das-laedchen-und-wir-waren-da\\\/\"]}]},{\"@type\":\"ImageObject\",\"inLanguage\":\"de\",\"@id\":\"https:\\\/\\\/www.heldenhaushalt.de\\\/sari02\\\/index.php\\\/2015\\\/03\\\/25\\\/1-jahr-das-laedchen-und-wir-waren-da\\\/#primaryimage\",\"url\":\"https:\\\/\\\/www.heldenhaushalt.de\\\/sari02\\\/wp-content\\\/uploads\\\/2015\\\/03\\\/sopjubi05.jpg\",\"contentUrl\":\"https:\\\/\\\/www.heldenhaushalt.de\\\/sari02\\\/wp-content\\\/uploads\\\/2015\\\/03\\\/sopjubi05.jpg\",\"width\":505,\"height\":379},{\"@type\":\"BreadcrumbList\",\"@id\":\"https:\\\/\\\/www.heldenhaushalt.de\\\/sari02\\\/index.php\\\/2015\\\/03\\\/25\\\/1-jahr-das-laedchen-und-wir-waren-da\\\/#breadcrumb\",\"itemListElement\":[{\"@type\":\"ListItem\",\"position\":1,\"name\":\"Startseite\",\"item\":\"https:\\\/\\\/www.heldenhaushalt.de\\\/sari02\\\/\"},{\"@type\":\"ListItem\",\"position\":2,\"name\":\"1 Jahr das &#8220;L&#228;dchen&#8221; und wir waren da&#8230;\"}]},{\"@type\":\"WebSite\",\"@id\":\"https:\\\/\\\/www.heldenhaushalt.de\\\/sari02\\\/#website\",\"url\":\"https:\\\/\\\/www.heldenhaushalt.de\\\/sari02\\\/\",\"name\":\"Heldenhaushalt\",\"description\":\"Wer es ordentlich haben will, der muss vorher anrufen\",\"publisher\":{\"@id\":\"https:\\\/\\\/www.heldenhaushalt.de\\\/sari02\\\/#\\\/schema\\\/person\\\/a1cc69f42a01f412eb62c151353814f6\"},\"potentialAction\":[{\"@type\":\"SearchAction\",\"target\":{\"@type\":\"EntryPoint\",\"urlTemplate\":\"https:\\\/\\\/www.heldenhaushalt.de\\\/sari02\\\/?s={search_term_string}\"},\"query-input\":{\"@type\":\"PropertyValueSpecification\",\"valueRequired\":true,\"valueName\":\"search_term_string\"}}],\"inLanguage\":\"de\"},{\"@type\":[\"Person\",\"Organization\"],\"@id\":\"https:\\\/\\\/www.heldenhaushalt.de\\\/sari02\\\/#\\\/schema\\\/person\\\/a1cc69f42a01f412eb62c151353814f6\",\"name\":\"Sari\",\"image\":{\"@type\":\"ImageObject\",\"inLanguage\":\"de\",\"@id\":\"https:\\\/\\\/www.heldenhaushalt.de\\\/sari02\\\/wp-content\\\/uploads\\\/2019\\\/02\\\/sari-april2018.png\",\"url\":\"https:\\\/\\\/www.heldenhaushalt.de\\\/sari02\\\/wp-content\\\/uploads\\\/2019\\\/02\\\/sari-april2018.png\",\"contentUrl\":\"https:\\\/\\\/www.heldenhaushalt.de\\\/sari02\\\/wp-content\\\/uploads\\\/2019\\\/02\\\/sari-april2018.png\",\"width\":500,\"height\":500,\"caption\":\"Sari\"},\"logo\":{\"@id\":\"https:\\\/\\\/www.heldenhaushalt.de\\\/sari02\\\/wp-content\\\/uploads\\\/2019\\\/02\\\/sari-april2018.png\"},\"description\":\"Frau Mondgras \u2013 Das bin ich, Sari. Gerne auch als Sari Mondgras bekannt und im Internet zu finden. 2-Fach-Mutter, Heldenehefrau, Kreativling, Harmonies\u00fcchtig und st\u00e4ndig auf der Suche nach Gl\u00fcck. Ich komme aus Berlin, bin hier aufgewachsen und lebe hier seit ich denken kann.\",\"sameAs\":[\"https:\\\/\\\/www.instagram.com\\\/heldenhaushalt\\\/\"],\"url\":\"https:\\\/\\\/www.heldenhaushalt.de\\\/sari02\\\/index.php\\\/author\\\/admin\\\/\"}]}<\/script>\n<!-- \/ Yoast SEO plugin. -->","yoast_head_json":{"title":"1 Jahr das \"L\u00e4dchen\" und wir waren da... - Heldenhaushalt","description":"Auch Helden erleben den t\u00e4glichen Wahnsinn, den ein Alltag mit sich bringt und Frau Mondgras sitzt mittendrin. Berlinerin, Mutter, Ehefrau, Kreativling und auf der st\u00e4ndigen Suche nach Gl\u00fcck... Hier wird gen\u00e4ht, gebacken, gebastelt und auch mal \u00fcber den Alltag gemault.","robots":{"index":"index","follow":"follow","max-snippet":"max-snippet:-1","max-image-preview":"max-image-preview:large","max-video-preview":"max-video-preview:-1"},"canonical":"https:\/\/www.heldenhaushalt.de\/sari02\/index.php\/2015\/03\/25\/1-jahr-das-laedchen-und-wir-waren-da\/","og_locale":"de_DE","og_type":"article","og_title":"1 Jahr das \"L\u00e4dchen\" und wir waren da... - Heldenhaushalt","og_description":"Auch Helden erleben den t\u00e4glichen Wahnsinn, den ein Alltag mit sich bringt und Frau Mondgras sitzt mittendrin. Berlinerin, Mutter, Ehefrau, Kreativling und auf der st\u00e4ndigen Suche nach Gl\u00fcck... Hier wird gen\u00e4ht, gebacken, gebastelt und auch mal \u00fcber den Alltag gemault.","og_url":"https:\/\/www.heldenhaushalt.de\/sari02\/index.php\/2015\/03\/25\/1-jahr-das-laedchen-und-wir-waren-da\/","og_site_name":"Heldenhaushalt","article_published_time":"2015-03-25T09:00:00+00:00","og_image":[{"url":"http:\/\/www.heldenhaushalt.de\/sari02\/wp-content\/uploads\/2015\/03\/sopjubi05.jpg","type":"","width":"","height":""}],"author":"Sari","twitter_card":"summary_large_image","twitter_creator":"@Heldenhaushalt","twitter_site":"@Heldenhaushalt","twitter_misc":{"Verfasst von":"Sari","Gesch\u00e4tzte Lesezeit":"2\u00a0Minuten"},"schema":{"@context":"https:\/\/schema.org","@graph":[{"@type":"Article","@id":"https:\/\/www.heldenhaushalt.de\/sari02\/index.php\/2015\/03\/25\/1-jahr-das-laedchen-und-wir-waren-da\/#article","isPartOf":{"@id":"https:\/\/www.heldenhaushalt.de\/sari02\/index.php\/2015\/03\/25\/1-jahr-das-laedchen-und-wir-waren-da\/"},"author":{"name":"Sari","@id":"https:\/\/www.heldenhaushalt.de\/sari02\/#\/schema\/person\/a1cc69f42a01f412eb62c151353814f6"},"headline":"1 Jahr das &#8220;L&#228;dchen&#8221; und wir waren da&#8230;","datePublished":"2015-03-25T09:00:00+00:00","mainEntityOfPage":{"@id":"https:\/\/www.heldenhaushalt.de\/sari02\/index.php\/2015\/03\/25\/1-jahr-das-laedchen-und-wir-waren-da\/"},"wordCount":454,"commentCount":6,"publisher":{"@id":"https:\/\/www.heldenhaushalt.de\/sari02\/#\/schema\/person\/a1cc69f42a01f412eb62c151353814f6"},"image":{"@id":"https:\/\/www.heldenhaushalt.de\/sari02\/index.php\/2015\/03\/25\/1-jahr-das-laedchen-und-wir-waren-da\/#primaryimage"},"thumbnailUrl":"http:\/\/www.heldenhaushalt.de\/sari02\/wp-content\/uploads\/2015\/03\/sopjubi05.jpg","articleSection":["Besondere Anl\u00e4sse","Blogsph\u00e4re"],"inLanguage":"de","potentialAction":[{"@type":"CommentAction","name":"Comment","target":["https:\/\/www.heldenhaushalt.de\/sari02\/index.php\/2015\/03\/25\/1-jahr-das-laedchen-und-wir-waren-da\/#respond"]}]},{"@type":"WebPage","@id":"https:\/\/www.heldenhaushalt.de\/sari02\/index.php\/2015\/03\/25\/1-jahr-das-laedchen-und-wir-waren-da\/","url":"https:\/\/www.heldenhaushalt.de\/sari02\/index.php\/2015\/03\/25\/1-jahr-das-laedchen-und-wir-waren-da\/","name":"1 Jahr das \"L\u00e4dchen\" und wir waren da... - Heldenhaushalt","isPartOf":{"@id":"https:\/\/www.heldenhaushalt.de\/sari02\/#website"},"primaryImageOfPage":{"@id":"https:\/\/www.heldenhaushalt.de\/sari02\/index.php\/2015\/03\/25\/1-jahr-das-laedchen-und-wir-waren-da\/#primaryimage"},"image":{"@id":"https:\/\/www.heldenhaushalt.de\/sari02\/index.php\/2015\/03\/25\/1-jahr-das-laedchen-und-wir-waren-da\/#primaryimage"},"thumbnailUrl":"http:\/\/www.heldenhaushalt.de\/sari02\/wp-content\/uploads\/2015\/03\/sopjubi05.jpg","datePublished":"2015-03-25T09:00:00+00:00","description":"Auch Helden erleben den t\u00e4glichen Wahnsinn, den ein Alltag mit sich bringt und Frau Mondgras sitzt mittendrin. Berlinerin, Mutter, Ehefrau, Kreativling und auf der st\u00e4ndigen Suche nach Gl\u00fcck... Hier wird gen\u00e4ht, gebacken, gebastelt und auch mal \u00fcber den Alltag gemault.","breadcrumb":{"@id":"https:\/\/www.heldenhaushalt.de\/sari02\/index.php\/2015\/03\/25\/1-jahr-das-laedchen-und-wir-waren-da\/#breadcrumb"},"inLanguage":"de","potentialAction":[{"@type":"ReadAction","target":["https:\/\/www.heldenhaushalt.de\/sari02\/index.php\/2015\/03\/25\/1-jahr-das-laedchen-und-wir-waren-da\/"]}]},{"@type":"ImageObject","inLanguage":"de","@id":"https:\/\/www.heldenhaushalt.de\/sari02\/index.php\/2015\/03\/25\/1-jahr-das-laedchen-und-wir-waren-da\/#primaryimage","url":"https:\/\/www.heldenhaushalt.de\/sari02\/wp-content\/uploads\/2015\/03\/sopjubi05.jpg","contentUrl":"https:\/\/www.heldenhaushalt.de\/sari02\/wp-content\/uploads\/2015\/03\/sopjubi05.jpg","width":505,"height":379},{"@type":"BreadcrumbList","@id":"https:\/\/www.heldenhaushalt.de\/sari02\/index.php\/2015\/03\/25\/1-jahr-das-laedchen-und-wir-waren-da\/#breadcrumb","itemListElement":[{"@type":"ListItem","position":1,"name":"Startseite","item":"https:\/\/www.heldenhaushalt.de\/sari02\/"},{"@type":"ListItem","position":2,"name":"1 Jahr das &#8220;L&#228;dchen&#8221; und wir waren da&#8230;"}]},{"@type":"WebSite","@id":"https:\/\/www.heldenhaushalt.de\/sari02\/#website","url":"https:\/\/www.heldenhaushalt.de\/sari02\/","name":"Heldenhaushalt","description":"Wer es ordentlich haben will, der muss vorher anrufen","publisher":{"@id":"https:\/\/www.heldenhaushalt.de\/sari02\/#\/schema\/person\/a1cc69f42a01f412eb62c151353814f6"},"potentialAction":[{"@type":"SearchAction","target":{"@type":"EntryPoint","urlTemplate":"https:\/\/www.heldenhaushalt.de\/sari02\/?s={search_term_string}"},"query-input":{"@type":"PropertyValueSpecification","valueRequired":true,"valueName":"search_term_string"}}],"inLanguage":"de"},{"@type":["Person","Organization"],"@id":"https:\/\/www.heldenhaushalt.de\/sari02\/#\/schema\/person\/a1cc69f42a01f412eb62c151353814f6","name":"Sari","image":{"@type":"ImageObject","inLanguage":"de","@id":"https:\/\/www.heldenhaushalt.de\/sari02\/wp-content\/uploads\/2019\/02\/sari-april2018.png","url":"https:\/\/www.heldenhaushalt.de\/sari02\/wp-content\/uploads\/2019\/02\/sari-april2018.png","contentUrl":"https:\/\/www.heldenhaushalt.de\/sari02\/wp-content\/uploads\/2019\/02\/sari-april2018.png","width":500,"height":500,"caption":"Sari"},"logo":{"@id":"https:\/\/www.heldenhaushalt.de\/sari02\/wp-content\/uploads\/2019\/02\/sari-april2018.png"},"description":"Frau Mondgras \u2013 Das bin ich, Sari. Gerne auch als Sari Mondgras bekannt und im Internet zu finden. 2-Fach-Mutter, Heldenehefrau, Kreativling, Harmonies\u00fcchtig und st\u00e4ndig auf der Suche nach Gl\u00fcck. Ich komme aus Berlin, bin hier aufgewachsen und lebe hier seit ich denken kann.","sameAs":["https:\/\/www.instagram.com\/heldenhaushalt\/"],"url":"https:\/\/www.heldenhaushalt.de\/sari02\/index.php\/author\/admin\/"}]}},"views":4689,"_links":{"self":[{"href":"https:\/\/www.heldenhaushalt.de\/sari02\/index.php\/wp-json\/wp\/v2\/posts\/25582","targetHints":{"allow":["GET"]}}],"collection":[{"href":"https:\/\/www.heldenhaushalt.de\/sari02\/index.php\/wp-json\/wp\/v2\/posts"}],"about":[{"href":"https:\/\/www.heldenhaushalt.de\/sari02\/index.php\/wp-json\/wp\/v2\/types\/post"}],"author":[{"embeddable":true,"href":"https:\/\/www.heldenhaushalt.de\/sari02\/index.php\/wp-json\/wp\/v2\/users\/1"}],"replies":[{"embeddable":true,"href":"https:\/\/www.heldenhaushalt.de\/sari02\/index.php\/wp-json\/wp\/v2\/comments?post=25582"}],"version-history":[{"count":1,"href":"https:\/\/www.heldenhaushalt.de\/sari02\/index.php\/wp-json\/wp\/v2\/posts\/25582\/revisions"}],"predecessor-version":[{"id":25594,"href":"https:\/\/www.heldenhaushalt.de\/sari02\/index.php\/wp-json\/wp\/v2\/posts\/25582\/revisions\/25594"}],"wp:attachment":[{"href":"https:\/\/www.heldenhaushalt.de\/sari02\/index.php\/wp-json\/wp\/v2\/media?parent=25582"}],"wp:term":[{"taxonomy":"category","embeddable":true,"href":"https:\/\/www.heldenhaushalt.de\/sari02\/index.php\/wp-json\/wp\/v2\/categories?post=25582"},{"taxonomy":"post_tag","embeddable":true,"href":"https:\/\/www.heldenhaushalt.de\/sari02\/index.php\/wp-json\/wp\/v2\/tags?post=25582"}],"curies":[{"name":"wp","href":"https:\/\/api.w.org\/{rel}","templated":true}]}}