{"id":26220,"date":"2015-06-27T10:00:00","date_gmt":"2015-06-27T08:00:00","guid":{"rendered":"http:\/\/www.mondgras.de\/sari02\/?p=26220"},"modified":"2015-06-27T14:45:23","modified_gmt":"2015-06-27T12:45:23","slug":"16-0-oder-auch-willkommen-im-5-monat","status":"publish","type":"post","link":"https:\/\/www.heldenhaushalt.de\/sari02\/index.php\/2015\/06\/27\/16-0-oder-auch-willkommen-im-5-monat\/","title":{"rendered":"16 + 0 oder auch: Willkommen im 5. Monat"},"content":{"rendered":"<figure id=\"attachment_26376\" aria-describedby=\"caption-attachment-26376\" style=\"width: 169px\" class=\"wp-caption alignright\"><img loading=\"lazy\" decoding=\"async\" class=\"  wp-image-26376\" src=\"http:\/\/www.heldenhaushalt.de\/sari02\/wp-content\/uploads\/2015\/06\/4monatebelly.jpg\" alt=\"4monatebelly\" width=\"169\" height=\"168\" srcset=\"https:\/\/www.heldenhaushalt.de\/sari02\/wp-content\/uploads\/2015\/06\/4monatebelly.jpg 632w, https:\/\/www.heldenhaushalt.de\/sari02\/wp-content\/uploads\/2015\/06\/4monatebelly-150x150.jpg 150w, https:\/\/www.heldenhaushalt.de\/sari02\/wp-content\/uploads\/2015\/06\/4monatebelly-300x298.jpg 300w, https:\/\/www.heldenhaushalt.de\/sari02\/wp-content\/uploads\/2015\/06\/4monatebelly-373x373.jpg 373w\" sizes=\"auto, (max-width: 169px) 100vw, 169px\" \/><figcaption id=\"caption-attachment-26376\" class=\"wp-caption-text\">Blick von Oben &#8211; Noch sind die F&#252;&#223;e zu sehen<\/figcaption><\/figure>\n<p>16 Wochen schwanger. Manchmal sitze ich da und versuche mich daran zu erinnern, wie es beim Minihelden damals war. Die &#220;belkeit verlief schon mal etwas anders. Sie war zwar nicht minder intensiv, aber irgendwie anders auf den Tag verteilt und wurde eher ab der Mittagsszeit st&#228;rker und zum Abend hin teilweise unertr&#228;glich, dass ich doch tats&#228;chlich dann und wann zur Toilette rannte und mein Gl&#252;ck versuchte. Beim Minihelden war mir den ganzen Tag lang konstant gleicherma&#223;en schlecht. Au&#223;erdem endete die &#220;belkeit damals auch erst mit der 16. Woche, beim Heldenkind jetzt lie&#223; es schon etwas fr&#252;her nach. Wie gn&#228;dig. Wobei es dann und wann noch so Tage gibt, an denen mir etwas mulmig ist. Daf&#252;r scheine ich beim Heldenkind intensiver mit Kopfschmerzen zu tun zu haben. Da stellt man sich die Frage, was ist nerviger&#8230; aber im Grunde kann ich nicht klagen. Ich f&#252;hle mich wieder relativ fit und nur alle paar Tage mal etwas eingeschr&#228;nkt.<\/p>\n<p>Vielmehr befindet man sich nun in der Phase, wo man auf die erleichternden Hinweise wartet, die einem deutlich zeigen, dass alles gut ist. Man sagt ja immer, dass die &#220;belkeit zum Beispiel eines w&#228;re, aber wenn diese dann nachl&#228;sst und man nur mit einem etwas runderem Bauch und sonst nichts als Zeichen f&#252;r Schwangerschaft zur&#252;ckbleibt, dann ist man &#8211; oder zumindest ich &#8211; st&#228;ndig am Gr&#252;beln und das war definitiv auch beim Minihelden damals schon so. Ab und an ist da ein kleines, sehr kurzes rollendes Gef&#252;hl im unteren Bauchbereich, das ich nicht selten einer kleinen Babyluftrolle zuordne, aber es ist nicht eindeutig genug, um mir die Unsicherheit zu nehmen. Ich w&#252;nsche mir Signale, kleine Hand- oder Fu&#223;zeichen, die mir sagen<em> &#8220;Hey Mami, ich bin da und es geht mir gut!&#8221;<\/em>. Dieser Zeit fiebere ich aktuell entgegen und jetzt, wo ich so ganz ohne da sitze, ist es nat&#252;rlich auch der n&#228;chste Arzttermin, auf den ich warte, um mehr zu erfahren.Gut, dass mir das Warten etwas von <a href=\"http:\/\/www.heldenhaushalt.de\/sari02\/index.php\/2015\/06\/19\/von-menschen-ueberraschungen-und-unendlichem-glueck\/\" target=\"_blank\">Marus Schwangerschaftskalender<\/a> vers&#252;&#223;t wird, wo ich heute &#252;brigens endlich wieder ein kleines P&#228;ckchen &#246;ffnen durfte:<\/p>\n<figure id=\"attachment_26377\" aria-describedby=\"caption-attachment-26377\" style=\"width: 505px\" class=\"wp-caption alignnone\"><img loading=\"lazy\" decoding=\"async\" class=\"wp-image-26377 size-full\" src=\"http:\/\/www.heldenhaushalt.de\/sari02\/wp-content\/uploads\/2015\/06\/kalender4.jpg\" alt=\"kalender4\" width=\"505\" height=\"268\" srcset=\"https:\/\/www.heldenhaushalt.de\/sari02\/wp-content\/uploads\/2015\/06\/kalender4.jpg 505w, https:\/\/www.heldenhaushalt.de\/sari02\/wp-content\/uploads\/2015\/06\/kalender4-300x159.jpg 300w\" sizes=\"auto, (max-width: 505px) 100vw, 505px\" \/><figcaption id=\"caption-attachment-26377\" class=\"wp-caption-text\">Mit einem Ei f&#228;ngt alles an &#8211; Und wir sind froh, dass es nur eines ist<\/figcaption><\/figure>\n<p>Neben all dem steht nach dem letzten Arzttermin, wo der Arzt bereits erste Geschlechtsspekulationen anstellte die gro&#223;e Frage nach <em>&#8220;Junge oder M&#228;dchen&#8221;<\/em> im Raum. Ich habe zum Beispiel eigentlich schon gef&#252;hlte tausend Schnittmuster vorbereitet und Stoffe auf meinem N&#228;htisch gestapelt, alle eigentlich relativ neutral gehalten, um in die Babysachen-Produktion gehen zu k&#246;nnen und dennoch wage ich es nicht, so lange ich nicht wei&#223;, was es wird. Der Reiz direkt auf ein Geschlecht etwas anzufertigen ist irgendwie zu gro&#223; <em>(kleine Kleidchen vielleicht??? *hihi* )<\/em>. Und nat&#252;rlich die wichtigste aller Fragen: Wie soll es mal hei&#223;en. St&#228;ndig schaue ich mir Namen an. In Filmabsp&#228;nnen, in B&#252;chern, auf Listen&#8230;ich horche darauf, wie andere hei&#223;en und schreibe mir die Namen auf. Es fiel mir damals schon beim Minihelden so unglaublich schwer eine Entscheidung zu treffen, denn es ist ja am Ende eine Entscheidung f&#252;r&#8217;s Leben&#8230;eine gro&#223;e Verantwortung, wie ich finde&#8230;und so gr&#252;bel und gr&#252;bel und gr&#252;bel ich die ganze Zeit.<\/p>\n<p>Ihr merkt schon, der vierte Monat bestand vordergr&#252;ndig aus Gr&#252;beln. Gr&#252;beln ob alles ok ist, Gr&#252;beln, wann die ersten Anzeichen kommen, Gr&#252;beln &#252;ber Namen&#8230;ich sollte besser nicht nachschauen, wieviele graue Haare seitdem nachgewachsen sind *drop* . Und nichts desto trotz gibt es diese kleinen Momente, in denen ich einfach nur gl&#252;cklich bin. Ich bin vor allem gl&#252;cklich dar&#252;ber, dass der Miniheld sich so unglaublich auf sein Geschwisterchen freut. Nahezu t&#228;glich legt er seinen Kopf auf meinem Bauch, um mit dem Baby zu reden, <em>&#8220;liest&#8221;<\/em> ihm seine Lieblingsb&#252;cher vor, erz&#228;hlt ihm, wer er ist und sagt ihm st&#228;ndig, dass es toll ist, dass es bald raus kommt. Ich kann nur immer hoffen, dass sich diese gro&#223;e Liebe zum Heldenkind nicht wandeln wird&#8230;aktuell sind es einfach nur ganz unglaubliche Momente f&#252;r mich. Vielleicht habe ich deshalb Angst vor den fehlenden Zeichen, weil ich dem Minihelden nicht auf einmal sagen m&#246;chte, dass da etwas nicht stimmen k&#246;nnte, wo seine Liebe so intensiv ist, wer wei&#223;. Ein reines Gef&#252;hlschaos.<\/p>\n<figure id=\"attachment_26335\" aria-describedby=\"caption-attachment-26335\" style=\"width: 505px\" class=\"wp-caption alignnone\"><img loading=\"lazy\" decoding=\"async\" class=\"wp-image-26335 size-full\" src=\"http:\/\/www.heldenhaushalt.de\/sari02\/wp-content\/uploads\/2015\/06\/16ssw-coll.jpg\" alt=\"16ssw-coll\" width=\"505\" height=\"298\" srcset=\"https:\/\/www.heldenhaushalt.de\/sari02\/wp-content\/uploads\/2015\/06\/16ssw-coll.jpg 505w, https:\/\/www.heldenhaushalt.de\/sari02\/wp-content\/uploads\/2015\/06\/16ssw-coll-300x177.jpg 300w\" sizes=\"auto, (max-width: 505px) 100vw, 505px\" \/><figcaption id=\"caption-attachment-26335\" class=\"wp-caption-text\">16 Wochen entsprechen von der Gr&#246;&#223;e her angeblich irgendetwas zwischen einer Orange und einer Avocado &#8211; Ich mag ja Orangen lieber<\/figcaption><\/figure>\n<p>Ich bin gespannt, wie der 5. Monat f&#252;r mich laufen wird und freue mich erstmal auf den n&#228;chsten Baby-Watch-Termin Anfang Juli&#8230;<\/p>\n<p><img loading=\"lazy\" decoding=\"async\" class=\"alignnone size-full wp-image-24841\" src=\"http:\/\/www.heldenhaushalt.de\/sari02\/wp-content\/uploads\/2015\/01\/sari-unter.jpg\" alt=\"sari-unter\" width=\"130\" height=\"59\" \/><\/p>\n","protected":false},"excerpt":{"rendered":"<p>16 Wochen schwanger. Manchmal sitze ich da und versuche mich daran zu erinnern, wie es beim Minihelden damals war. Die &#220;belkeit verlief schon mal etwas anders. Sie war zwar nicht minder intensiv, aber irgendwie anders auf den Tag verteilt und wurde eher ab der Mittagsszeit st&#228;rker und zum Abend hin teilweise unertr&#228;glich, dass ich doch tats&#228;chlich dann und wann zur Toilette rannte und mein Gl&#252;ck versuchte. Beim Minihelden war mir den ganzen Tag lang konstant gleicherma&#223;en schlecht. Au&#223;erdem endete die &#220;belkeit damals auch erst mit der 16. Woche, beim Heldenkind jetzt lie&#223; es schon etwas fr&#252;her nach. Wie gn&#228;dig. Wobei es dann und wann noch so Tage gibt, an denen mir etwas mulmig ist. Daf&#252;r scheine ich beim Heldenkind intensiver mit Kopfschmerzen zu tun zu haben. Da stellt man sich die Frage, was ist nerviger&#8230; aber im Grunde kann ich nicht klagen. Ich f&#252;hle mich wieder relativ fit und nur alle paar Tage mal etwas eingeschr&#228;nkt. Vielmehr befindet man sich nun in der Phase, wo man auf die erleichternden Hinweise wartet, die einem deutlich zeigen, dass alles gut ist. Man sagt ja immer, dass die &#220;belkeit zum Beispiel eines w&#228;re, aber wenn diese dann nachl&#228;sst und man nur mit einem etwas runderem Bauch und sonst nichts als Zeichen f&#252;r Schwangerschaft zur&#252;ckbleibt, dann ist man &#8211; oder zumindest ich &#8211; st&#228;ndig am Gr&#252;beln und das war definitiv auch beim Minihelden damals schon so. Ab und an ist da ein kleines, sehr kurzes rollendes Gef&#252;hl im unteren Bauchbereich, das ich nicht selten einer kleinen Babyluftrolle zuordne, aber es ist nicht eindeutig genug, um mir die Unsicherheit zu nehmen. Ich w&#252;nsche mir Signale, kleine Hand- oder Fu&#223;zeichen, die mir sagen &#8220;Hey Mami, ich bin da und es geht mir gut!&#8221;. Dieser Zeit fiebere ich aktuell entgegen und jetzt, wo ich so ganz ohne da sitze, ist es nat&#252;rlich auch der n&#228;chste Arzttermin, auf den ich warte, um mehr zu erfahren.Gut, dass mir das Warten etwas von Marus Schwangerschaftskalender vers&#252;&#223;t wird, wo ich heute &#252;brigens endlich wieder ein kleines P&#228;ckchen &#246;ffnen durfte: Neben all dem steht nach dem letzten Arzttermin, wo der Arzt bereits erste Geschlechtsspekulationen anstellte die gro&#223;e Frage nach &#8220;Junge oder M&#228;dchen&#8221; im Raum. Ich habe zum Beispiel eigentlich schon gef&#252;hlte tausend Schnittmuster vorbereitet und Stoffe auf meinem N&#228;htisch gestapelt, alle eigentlich relativ neutral gehalten, um in die Babysachen-Produktion gehen zu k&#246;nnen und dennoch wage ich es nicht, so lange ich nicht wei&#223;, was es wird. Der Reiz direkt auf ein Geschlecht etwas anzufertigen ist irgendwie zu gro&#223; (kleine Kleidchen vielleicht??? *hihi* ). Und nat&#252;rlich die wichtigste aller Fragen: Wie soll es mal hei&#223;en. St&#228;ndig schaue ich mir Namen an. In Filmabsp&#228;nnen, in B&#252;chern, auf Listen&#8230;ich horche darauf, wie andere hei&#223;en und schreibe mir die Namen auf. Es fiel mir damals schon beim Minihelden so unglaublich schwer eine Entscheidung zu treffen, denn es ist ja am Ende eine Entscheidung f&#252;r&#8217;s Leben&#8230;eine gro&#223;e Verantwortung, wie ich finde&#8230;und so gr&#252;bel und gr&#252;bel und gr&#252;bel ich die ganze Zeit. Ihr merkt schon, der vierte Monat bestand vordergr&#252;ndig aus Gr&#252;beln. Gr&#252;beln ob alles ok ist, Gr&#252;beln, wann die ersten Anzeichen kommen, Gr&#252;beln &#252;ber Namen&#8230;ich sollte besser nicht nachschauen, wieviele graue Haare seitdem nachgewachsen sind *drop* . Und nichts desto trotz gibt es diese kleinen Momente, in denen ich einfach nur gl&#252;cklich bin. Ich bin vor allem gl&#252;cklich dar&#252;ber, dass der Miniheld sich so unglaublich auf sein Geschwisterchen freut. Nahezu t&#228;glich legt er seinen Kopf auf meinem Bauch, um mit dem Baby zu reden, &#8220;liest&#8221; ihm seine Lieblingsb&#252;cher vor, erz&#228;hlt ihm, wer er ist und sagt ihm st&#228;ndig, dass es toll ist, dass es bald raus kommt. Ich kann nur immer hoffen, dass sich diese gro&#223;e Liebe zum Heldenkind nicht wandeln wird&#8230;aktuell sind es einfach nur ganz unglaubliche Momente f&#252;r mich. Vielleicht habe ich deshalb Angst vor den fehlenden Zeichen, weil ich dem Minihelden nicht auf einmal sagen m&#246;chte, dass da etwas nicht stimmen k&#246;nnte, wo seine Liebe so intensiv ist, wer wei&#223;. Ein reines Gef&#252;hlschaos. Ich bin gespannt, wie der 5. Monat f&#252;r mich laufen wird und freue mich erstmal auf den n&#228;chsten Baby-Watch-Termin Anfang Juli&#8230;<\/p>\n","protected":false},"author":1,"featured_media":0,"comment_status":"open","ping_status":"open","sticky":false,"template":"","format":"standard","meta":{"ngg_post_thumbnail":0,"footnotes":""},"categories":[321],"tags":[],"class_list":["post-26220","post","type-post","status-publish","format-standard","hentry","category-minimum"],"yoast_head":"<!-- This site is optimized with the Yoast SEO plugin v27.5 - https:\/\/yoast.com\/product\/yoast-seo-wordpress\/ -->\n<title>16 + 0 oder auch: Willkommen im 5. Monat - Heldenhaushalt<\/title>\n<meta name=\"description\" content=\"Auch Helden erleben den t\u00e4glichen Wahnsinn, den ein Alltag mit sich bringt und Frau Mondgras sitzt mittendrin. Berlinerin, Mutter, Ehefrau, Kreativling und auf der st\u00e4ndigen Suche nach Gl\u00fcck... Hier wird gen\u00e4ht, gebacken, gebastelt und auch mal \u00fcber den Alltag gemault.\" \/>\n<meta name=\"robots\" content=\"index, follow, max-snippet:-1, max-image-preview:large, max-video-preview:-1\" \/>\n<link rel=\"canonical\" href=\"https:\/\/www.heldenhaushalt.de\/sari02\/index.php\/2015\/06\/27\/16-0-oder-auch-willkommen-im-5-monat\/\" \/>\n<meta property=\"og:locale\" content=\"de_DE\" \/>\n<meta property=\"og:type\" content=\"article\" \/>\n<meta property=\"og:title\" content=\"16 + 0 oder auch: Willkommen im 5. Monat - Heldenhaushalt\" \/>\n<meta property=\"og:description\" content=\"Auch Helden erleben den t\u00e4glichen Wahnsinn, den ein Alltag mit sich bringt und Frau Mondgras sitzt mittendrin. Berlinerin, Mutter, Ehefrau, Kreativling und auf der st\u00e4ndigen Suche nach Gl\u00fcck... Hier wird gen\u00e4ht, gebacken, gebastelt und auch mal \u00fcber den Alltag gemault.\" \/>\n<meta property=\"og:url\" content=\"https:\/\/www.heldenhaushalt.de\/sari02\/index.php\/2015\/06\/27\/16-0-oder-auch-willkommen-im-5-monat\/\" \/>\n<meta property=\"og:site_name\" content=\"Heldenhaushalt\" \/>\n<meta property=\"article:published_time\" content=\"2015-06-27T08:00:00+00:00\" \/>\n<meta property=\"article:modified_time\" content=\"2015-06-27T12:45:23+00:00\" \/>\n<meta property=\"og:image\" content=\"http:\/\/www.heldenhaushalt.de\/sari02\/wp-content\/uploads\/2015\/06\/4monatebelly.jpg\" \/>\n<meta name=\"author\" content=\"Sari\" \/>\n<meta name=\"twitter:card\" content=\"summary_large_image\" \/>\n<meta name=\"twitter:creator\" content=\"@Heldenhaushalt\" \/>\n<meta name=\"twitter:site\" content=\"@Heldenhaushalt\" \/>\n<meta name=\"twitter:label1\" content=\"Verfasst von\" \/>\n\t<meta name=\"twitter:data1\" content=\"Sari\" \/>\n\t<meta name=\"twitter:label2\" content=\"Gesch\u00e4tzte Lesezeit\" \/>\n\t<meta name=\"twitter:data2\" content=\"4\u00a0Minuten\" \/>\n<script type=\"application\/ld+json\" class=\"yoast-schema-graph\">{\"@context\":\"https:\\\/\\\/schema.org\",\"@graph\":[{\"@type\":\"Article\",\"@id\":\"https:\\\/\\\/www.heldenhaushalt.de\\\/sari02\\\/index.php\\\/2015\\\/06\\\/27\\\/16-0-oder-auch-willkommen-im-5-monat\\\/#article\",\"isPartOf\":{\"@id\":\"https:\\\/\\\/www.heldenhaushalt.de\\\/sari02\\\/index.php\\\/2015\\\/06\\\/27\\\/16-0-oder-auch-willkommen-im-5-monat\\\/\"},\"author\":{\"name\":\"Sari\",\"@id\":\"https:\\\/\\\/www.heldenhaushalt.de\\\/sari02\\\/#\\\/schema\\\/person\\\/a1cc69f42a01f412eb62c151353814f6\"},\"headline\":\"16 + 0 oder auch: Willkommen im 5. Monat\",\"datePublished\":\"2015-06-27T08:00:00+00:00\",\"dateModified\":\"2015-06-27T12:45:23+00:00\",\"mainEntityOfPage\":{\"@id\":\"https:\\\/\\\/www.heldenhaushalt.de\\\/sari02\\\/index.php\\\/2015\\\/06\\\/27\\\/16-0-oder-auch-willkommen-im-5-monat\\\/\"},\"wordCount\":815,\"commentCount\":4,\"publisher\":{\"@id\":\"https:\\\/\\\/www.heldenhaushalt.de\\\/sari02\\\/#\\\/schema\\\/person\\\/a1cc69f42a01f412eb62c151353814f6\"},\"image\":{\"@id\":\"https:\\\/\\\/www.heldenhaushalt.de\\\/sari02\\\/index.php\\\/2015\\\/06\\\/27\\\/16-0-oder-auch-willkommen-im-5-monat\\\/#primaryimage\"},\"thumbnailUrl\":\"http:\\\/\\\/www.heldenhaushalt.de\\\/sari02\\\/wp-content\\\/uploads\\\/2015\\\/06\\\/4monatebelly.jpg\",\"articleSection\":[\"Heldenkinder\"],\"inLanguage\":\"de\",\"potentialAction\":[{\"@type\":\"CommentAction\",\"name\":\"Comment\",\"target\":[\"https:\\\/\\\/www.heldenhaushalt.de\\\/sari02\\\/index.php\\\/2015\\\/06\\\/27\\\/16-0-oder-auch-willkommen-im-5-monat\\\/#respond\"]}]},{\"@type\":\"WebPage\",\"@id\":\"https:\\\/\\\/www.heldenhaushalt.de\\\/sari02\\\/index.php\\\/2015\\\/06\\\/27\\\/16-0-oder-auch-willkommen-im-5-monat\\\/\",\"url\":\"https:\\\/\\\/www.heldenhaushalt.de\\\/sari02\\\/index.php\\\/2015\\\/06\\\/27\\\/16-0-oder-auch-willkommen-im-5-monat\\\/\",\"name\":\"16 + 0 oder auch: Willkommen im 5. Monat - Heldenhaushalt\",\"isPartOf\":{\"@id\":\"https:\\\/\\\/www.heldenhaushalt.de\\\/sari02\\\/#website\"},\"primaryImageOfPage\":{\"@id\":\"https:\\\/\\\/www.heldenhaushalt.de\\\/sari02\\\/index.php\\\/2015\\\/06\\\/27\\\/16-0-oder-auch-willkommen-im-5-monat\\\/#primaryimage\"},\"image\":{\"@id\":\"https:\\\/\\\/www.heldenhaushalt.de\\\/sari02\\\/index.php\\\/2015\\\/06\\\/27\\\/16-0-oder-auch-willkommen-im-5-monat\\\/#primaryimage\"},\"thumbnailUrl\":\"http:\\\/\\\/www.heldenhaushalt.de\\\/sari02\\\/wp-content\\\/uploads\\\/2015\\\/06\\\/4monatebelly.jpg\",\"datePublished\":\"2015-06-27T08:00:00+00:00\",\"dateModified\":\"2015-06-27T12:45:23+00:00\",\"description\":\"Auch Helden erleben den t\u00e4glichen Wahnsinn, den ein Alltag mit sich bringt und Frau Mondgras sitzt mittendrin. Berlinerin, Mutter, Ehefrau, Kreativling und auf der st\u00e4ndigen Suche nach Gl\u00fcck... Hier wird gen\u00e4ht, gebacken, gebastelt und auch mal \u00fcber den Alltag gemault.\",\"breadcrumb\":{\"@id\":\"https:\\\/\\\/www.heldenhaushalt.de\\\/sari02\\\/index.php\\\/2015\\\/06\\\/27\\\/16-0-oder-auch-willkommen-im-5-monat\\\/#breadcrumb\"},\"inLanguage\":\"de\",\"potentialAction\":[{\"@type\":\"ReadAction\",\"target\":[\"https:\\\/\\\/www.heldenhaushalt.de\\\/sari02\\\/index.php\\\/2015\\\/06\\\/27\\\/16-0-oder-auch-willkommen-im-5-monat\\\/\"]}]},{\"@type\":\"ImageObject\",\"inLanguage\":\"de\",\"@id\":\"https:\\\/\\\/www.heldenhaushalt.de\\\/sari02\\\/index.php\\\/2015\\\/06\\\/27\\\/16-0-oder-auch-willkommen-im-5-monat\\\/#primaryimage\",\"url\":\"https:\\\/\\\/www.heldenhaushalt.de\\\/sari02\\\/wp-content\\\/uploads\\\/2015\\\/06\\\/4monatebelly.jpg\",\"contentUrl\":\"https:\\\/\\\/www.heldenhaushalt.de\\\/sari02\\\/wp-content\\\/uploads\\\/2015\\\/06\\\/4monatebelly.jpg\",\"width\":632,\"height\":628},{\"@type\":\"BreadcrumbList\",\"@id\":\"https:\\\/\\\/www.heldenhaushalt.de\\\/sari02\\\/index.php\\\/2015\\\/06\\\/27\\\/16-0-oder-auch-willkommen-im-5-monat\\\/#breadcrumb\",\"itemListElement\":[{\"@type\":\"ListItem\",\"position\":1,\"name\":\"Startseite\",\"item\":\"https:\\\/\\\/www.heldenhaushalt.de\\\/sari02\\\/\"},{\"@type\":\"ListItem\",\"position\":2,\"name\":\"16 + 0 oder auch: Willkommen im 5. Monat\"}]},{\"@type\":\"WebSite\",\"@id\":\"https:\\\/\\\/www.heldenhaushalt.de\\\/sari02\\\/#website\",\"url\":\"https:\\\/\\\/www.heldenhaushalt.de\\\/sari02\\\/\",\"name\":\"Heldenhaushalt\",\"description\":\"Wer es ordentlich haben will, der muss vorher anrufen\",\"publisher\":{\"@id\":\"https:\\\/\\\/www.heldenhaushalt.de\\\/sari02\\\/#\\\/schema\\\/person\\\/a1cc69f42a01f412eb62c151353814f6\"},\"potentialAction\":[{\"@type\":\"SearchAction\",\"target\":{\"@type\":\"EntryPoint\",\"urlTemplate\":\"https:\\\/\\\/www.heldenhaushalt.de\\\/sari02\\\/?s={search_term_string}\"},\"query-input\":{\"@type\":\"PropertyValueSpecification\",\"valueRequired\":true,\"valueName\":\"search_term_string\"}}],\"inLanguage\":\"de\"},{\"@type\":[\"Person\",\"Organization\"],\"@id\":\"https:\\\/\\\/www.heldenhaushalt.de\\\/sari02\\\/#\\\/schema\\\/person\\\/a1cc69f42a01f412eb62c151353814f6\",\"name\":\"Sari\",\"image\":{\"@type\":\"ImageObject\",\"inLanguage\":\"de\",\"@id\":\"https:\\\/\\\/www.heldenhaushalt.de\\\/sari02\\\/wp-content\\\/uploads\\\/2019\\\/02\\\/sari-april2018.png\",\"url\":\"https:\\\/\\\/www.heldenhaushalt.de\\\/sari02\\\/wp-content\\\/uploads\\\/2019\\\/02\\\/sari-april2018.png\",\"contentUrl\":\"https:\\\/\\\/www.heldenhaushalt.de\\\/sari02\\\/wp-content\\\/uploads\\\/2019\\\/02\\\/sari-april2018.png\",\"width\":500,\"height\":500,\"caption\":\"Sari\"},\"logo\":{\"@id\":\"https:\\\/\\\/www.heldenhaushalt.de\\\/sari02\\\/wp-content\\\/uploads\\\/2019\\\/02\\\/sari-april2018.png\"},\"description\":\"Frau Mondgras \u2013 Das bin ich, Sari. Gerne auch als Sari Mondgras bekannt und im Internet zu finden. 2-Fach-Mutter, Heldenehefrau, Kreativling, Harmonies\u00fcchtig und st\u00e4ndig auf der Suche nach Gl\u00fcck. Ich komme aus Berlin, bin hier aufgewachsen und lebe hier seit ich denken kann.\",\"sameAs\":[\"https:\\\/\\\/www.instagram.com\\\/heldenhaushalt\\\/\"],\"url\":\"https:\\\/\\\/www.heldenhaushalt.de\\\/sari02\\\/index.php\\\/author\\\/admin\\\/\"}]}<\/script>\n<!-- \/ Yoast SEO plugin. -->","yoast_head_json":{"title":"16 + 0 oder auch: Willkommen im 5. Monat - Heldenhaushalt","description":"Auch Helden erleben den t\u00e4glichen Wahnsinn, den ein Alltag mit sich bringt und Frau Mondgras sitzt mittendrin. Berlinerin, Mutter, Ehefrau, Kreativling und auf der st\u00e4ndigen Suche nach Gl\u00fcck... Hier wird gen\u00e4ht, gebacken, gebastelt und auch mal \u00fcber den Alltag gemault.","robots":{"index":"index","follow":"follow","max-snippet":"max-snippet:-1","max-image-preview":"max-image-preview:large","max-video-preview":"max-video-preview:-1"},"canonical":"https:\/\/www.heldenhaushalt.de\/sari02\/index.php\/2015\/06\/27\/16-0-oder-auch-willkommen-im-5-monat\/","og_locale":"de_DE","og_type":"article","og_title":"16 + 0 oder auch: Willkommen im 5. Monat - Heldenhaushalt","og_description":"Auch Helden erleben den t\u00e4glichen Wahnsinn, den ein Alltag mit sich bringt und Frau Mondgras sitzt mittendrin. Berlinerin, Mutter, Ehefrau, Kreativling und auf der st\u00e4ndigen Suche nach Gl\u00fcck... Hier wird gen\u00e4ht, gebacken, gebastelt und auch mal \u00fcber den Alltag gemault.","og_url":"https:\/\/www.heldenhaushalt.de\/sari02\/index.php\/2015\/06\/27\/16-0-oder-auch-willkommen-im-5-monat\/","og_site_name":"Heldenhaushalt","article_published_time":"2015-06-27T08:00:00+00:00","article_modified_time":"2015-06-27T12:45:23+00:00","og_image":[{"url":"http:\/\/www.heldenhaushalt.de\/sari02\/wp-content\/uploads\/2015\/06\/4monatebelly.jpg","type":"","width":"","height":""}],"author":"Sari","twitter_card":"summary_large_image","twitter_creator":"@Heldenhaushalt","twitter_site":"@Heldenhaushalt","twitter_misc":{"Verfasst von":"Sari","Gesch\u00e4tzte Lesezeit":"4\u00a0Minuten"},"schema":{"@context":"https:\/\/schema.org","@graph":[{"@type":"Article","@id":"https:\/\/www.heldenhaushalt.de\/sari02\/index.php\/2015\/06\/27\/16-0-oder-auch-willkommen-im-5-monat\/#article","isPartOf":{"@id":"https:\/\/www.heldenhaushalt.de\/sari02\/index.php\/2015\/06\/27\/16-0-oder-auch-willkommen-im-5-monat\/"},"author":{"name":"Sari","@id":"https:\/\/www.heldenhaushalt.de\/sari02\/#\/schema\/person\/a1cc69f42a01f412eb62c151353814f6"},"headline":"16 + 0 oder auch: Willkommen im 5. Monat","datePublished":"2015-06-27T08:00:00+00:00","dateModified":"2015-06-27T12:45:23+00:00","mainEntityOfPage":{"@id":"https:\/\/www.heldenhaushalt.de\/sari02\/index.php\/2015\/06\/27\/16-0-oder-auch-willkommen-im-5-monat\/"},"wordCount":815,"commentCount":4,"publisher":{"@id":"https:\/\/www.heldenhaushalt.de\/sari02\/#\/schema\/person\/a1cc69f42a01f412eb62c151353814f6"},"image":{"@id":"https:\/\/www.heldenhaushalt.de\/sari02\/index.php\/2015\/06\/27\/16-0-oder-auch-willkommen-im-5-monat\/#primaryimage"},"thumbnailUrl":"http:\/\/www.heldenhaushalt.de\/sari02\/wp-content\/uploads\/2015\/06\/4monatebelly.jpg","articleSection":["Heldenkinder"],"inLanguage":"de","potentialAction":[{"@type":"CommentAction","name":"Comment","target":["https:\/\/www.heldenhaushalt.de\/sari02\/index.php\/2015\/06\/27\/16-0-oder-auch-willkommen-im-5-monat\/#respond"]}]},{"@type":"WebPage","@id":"https:\/\/www.heldenhaushalt.de\/sari02\/index.php\/2015\/06\/27\/16-0-oder-auch-willkommen-im-5-monat\/","url":"https:\/\/www.heldenhaushalt.de\/sari02\/index.php\/2015\/06\/27\/16-0-oder-auch-willkommen-im-5-monat\/","name":"16 + 0 oder auch: Willkommen im 5. Monat - Heldenhaushalt","isPartOf":{"@id":"https:\/\/www.heldenhaushalt.de\/sari02\/#website"},"primaryImageOfPage":{"@id":"https:\/\/www.heldenhaushalt.de\/sari02\/index.php\/2015\/06\/27\/16-0-oder-auch-willkommen-im-5-monat\/#primaryimage"},"image":{"@id":"https:\/\/www.heldenhaushalt.de\/sari02\/index.php\/2015\/06\/27\/16-0-oder-auch-willkommen-im-5-monat\/#primaryimage"},"thumbnailUrl":"http:\/\/www.heldenhaushalt.de\/sari02\/wp-content\/uploads\/2015\/06\/4monatebelly.jpg","datePublished":"2015-06-27T08:00:00+00:00","dateModified":"2015-06-27T12:45:23+00:00","description":"Auch Helden erleben den t\u00e4glichen Wahnsinn, den ein Alltag mit sich bringt und Frau Mondgras sitzt mittendrin. Berlinerin, Mutter, Ehefrau, Kreativling und auf der st\u00e4ndigen Suche nach Gl\u00fcck... Hier wird gen\u00e4ht, gebacken, gebastelt und auch mal \u00fcber den Alltag gemault.","breadcrumb":{"@id":"https:\/\/www.heldenhaushalt.de\/sari02\/index.php\/2015\/06\/27\/16-0-oder-auch-willkommen-im-5-monat\/#breadcrumb"},"inLanguage":"de","potentialAction":[{"@type":"ReadAction","target":["https:\/\/www.heldenhaushalt.de\/sari02\/index.php\/2015\/06\/27\/16-0-oder-auch-willkommen-im-5-monat\/"]}]},{"@type":"ImageObject","inLanguage":"de","@id":"https:\/\/www.heldenhaushalt.de\/sari02\/index.php\/2015\/06\/27\/16-0-oder-auch-willkommen-im-5-monat\/#primaryimage","url":"https:\/\/www.heldenhaushalt.de\/sari02\/wp-content\/uploads\/2015\/06\/4monatebelly.jpg","contentUrl":"https:\/\/www.heldenhaushalt.de\/sari02\/wp-content\/uploads\/2015\/06\/4monatebelly.jpg","width":632,"height":628},{"@type":"BreadcrumbList","@id":"https:\/\/www.heldenhaushalt.de\/sari02\/index.php\/2015\/06\/27\/16-0-oder-auch-willkommen-im-5-monat\/#breadcrumb","itemListElement":[{"@type":"ListItem","position":1,"name":"Startseite","item":"https:\/\/www.heldenhaushalt.de\/sari02\/"},{"@type":"ListItem","position":2,"name":"16 + 0 oder auch: Willkommen im 5. Monat"}]},{"@type":"WebSite","@id":"https:\/\/www.heldenhaushalt.de\/sari02\/#website","url":"https:\/\/www.heldenhaushalt.de\/sari02\/","name":"Heldenhaushalt","description":"Wer es ordentlich haben will, der muss vorher anrufen","publisher":{"@id":"https:\/\/www.heldenhaushalt.de\/sari02\/#\/schema\/person\/a1cc69f42a01f412eb62c151353814f6"},"potentialAction":[{"@type":"SearchAction","target":{"@type":"EntryPoint","urlTemplate":"https:\/\/www.heldenhaushalt.de\/sari02\/?s={search_term_string}"},"query-input":{"@type":"PropertyValueSpecification","valueRequired":true,"valueName":"search_term_string"}}],"inLanguage":"de"},{"@type":["Person","Organization"],"@id":"https:\/\/www.heldenhaushalt.de\/sari02\/#\/schema\/person\/a1cc69f42a01f412eb62c151353814f6","name":"Sari","image":{"@type":"ImageObject","inLanguage":"de","@id":"https:\/\/www.heldenhaushalt.de\/sari02\/wp-content\/uploads\/2019\/02\/sari-april2018.png","url":"https:\/\/www.heldenhaushalt.de\/sari02\/wp-content\/uploads\/2019\/02\/sari-april2018.png","contentUrl":"https:\/\/www.heldenhaushalt.de\/sari02\/wp-content\/uploads\/2019\/02\/sari-april2018.png","width":500,"height":500,"caption":"Sari"},"logo":{"@id":"https:\/\/www.heldenhaushalt.de\/sari02\/wp-content\/uploads\/2019\/02\/sari-april2018.png"},"description":"Frau Mondgras \u2013 Das bin ich, Sari. Gerne auch als Sari Mondgras bekannt und im Internet zu finden. 2-Fach-Mutter, Heldenehefrau, Kreativling, Harmonies\u00fcchtig und st\u00e4ndig auf der Suche nach Gl\u00fcck. Ich komme aus Berlin, bin hier aufgewachsen und lebe hier seit ich denken kann.","sameAs":["https:\/\/www.instagram.com\/heldenhaushalt\/"],"url":"https:\/\/www.heldenhaushalt.de\/sari02\/index.php\/author\/admin\/"}]}},"views":4521,"_links":{"self":[{"href":"https:\/\/www.heldenhaushalt.de\/sari02\/index.php\/wp-json\/wp\/v2\/posts\/26220","targetHints":{"allow":["GET"]}}],"collection":[{"href":"https:\/\/www.heldenhaushalt.de\/sari02\/index.php\/wp-json\/wp\/v2\/posts"}],"about":[{"href":"https:\/\/www.heldenhaushalt.de\/sari02\/index.php\/wp-json\/wp\/v2\/types\/post"}],"author":[{"embeddable":true,"href":"https:\/\/www.heldenhaushalt.de\/sari02\/index.php\/wp-json\/wp\/v2\/users\/1"}],"replies":[{"embeddable":true,"href":"https:\/\/www.heldenhaushalt.de\/sari02\/index.php\/wp-json\/wp\/v2\/comments?post=26220"}],"version-history":[{"count":5,"href":"https:\/\/www.heldenhaushalt.de\/sari02\/index.php\/wp-json\/wp\/v2\/posts\/26220\/revisions"}],"predecessor-version":[{"id":26380,"href":"https:\/\/www.heldenhaushalt.de\/sari02\/index.php\/wp-json\/wp\/v2\/posts\/26220\/revisions\/26380"}],"wp:attachment":[{"href":"https:\/\/www.heldenhaushalt.de\/sari02\/index.php\/wp-json\/wp\/v2\/media?parent=26220"}],"wp:term":[{"taxonomy":"category","embeddable":true,"href":"https:\/\/www.heldenhaushalt.de\/sari02\/index.php\/wp-json\/wp\/v2\/categories?post=26220"},{"taxonomy":"post_tag","embeddable":true,"href":"https:\/\/www.heldenhaushalt.de\/sari02\/index.php\/wp-json\/wp\/v2\/tags?post=26220"}],"curies":[{"name":"wp","href":"https:\/\/api.w.org\/{rel}","templated":true}]}}