{"id":26742,"date":"2015-08-05T09:44:44","date_gmt":"2015-08-05T07:44:44","guid":{"rendered":"http:\/\/www.mondgras.de\/sari02\/?p=26742"},"modified":"2015-08-11T11:53:35","modified_gmt":"2015-08-11T09:53:35","slug":"mittwochs-mag-ich-mutige-kleine-ritter-auf-gelben-blitzen","status":"publish","type":"post","link":"https:\/\/www.heldenhaushalt.de\/sari02\/index.php\/2015\/08\/05\/mittwochs-mag-ich-mutige-kleine-ritter-auf-gelben-blitzen\/","title":{"rendered":"Mittwochs mag ich&#8230;mutige kleine Ritter auf gelben Blitzen!"},"content":{"rendered":"<p><a href=\"http:\/\/frollein-pfau.blogspot.de\/2013\/03\/mittwochs-mag-ich-mmi.html\" target=\"_blank\"><img decoding=\"async\" class=\" aligncenter\" src=\"http:\/\/www.heldenhaushalt.de\/sari02\/wp-content\/uploads\/2015\/07\/MMI_Frollein-Pfau.png\" alt=\"\" \/><\/a><\/p>\n<p>Das Thema Fahrrad fahren steht bei uns diesen Sommer hoch im Kurs, das habt Ihr sicher auch schon bemerkt. Angefangen mit den &#220;bungstagen und der immer gr&#246;&#223;er werdenden Begeisterung des Minihelden, seitdem er merkt, wieviel Spa&#223; das machen kann, bis hin zu den Dingen, die nun dazu geh&#246;ren, um dem Kind die Sache noch reizvoller zu gestalten&#8230;<\/p>\n<p>Ganz oben auf unserer Liste stand ein neuer Fahrradhelm. Jetzt, wo der Miniheld wie ein Rennfahrer die B&#252;rgersteige unsicher macht<em> (und zu unserem Leid dabei manchmal wie ein Wilder hin- und herwackelt)<\/em> stand fest, dass wir nochmal einen Fachmann aufsuchen und einen guten Helm besorgen w&#252;rden. Gar nicht so einfach und ich habe wirklich mehrere Tage schon mal recherchiert, was etwas f&#252;r uns sein k&#246;nnte. Wie bei allen anderen Dingen auch gibt es so unglaublich viele Marken und mindestens auch so viele verschiedene Meinungen dazu. Der blanke Horror und was man alles beachten muss. Letztendlich entschieden wir uns &#252;brigens f&#252;r einen Helm der Marke <a href=\"http:\/\/www.amazon.de\/gp\/product\/B00OBQZ9OQ\/ref=as_li_tl?ie=UTF8&amp;camp=2514&amp;creative=9386&amp;creativeASIN=B00OBQZ9OQ&amp;link_code=as3&amp;tag=mondgrasde-21&amp;linkId=7AWDBE2IEO5DF3UU\" target=\"_blank\">KED Meggy<\/a>, mit herausnehmbaren Polstern, einfachen Verschluss, den auch der Miniheld super &#246;ffnen kann und LED Lichtern hinten f&#252;r das bessere gesehen werden. Im Laden verliebte sich der Miniheld auch direkt in die Feuerwehrvariante, worum ich sehr froh bin, denn das leuchtende Rot wird nat&#252;rlich super gesehen. Und wir sind sehr zufrieden mit unserer Entscheidung, denn der Miniheld klagt &#252;ber keinerlei Druck oder Unannehmlichkeiten und liebt seinen neuen Helm.<\/p>\n<figure id=\"attachment_26772\" aria-describedby=\"caption-attachment-26772\" style=\"width: 505px\" class=\"wp-caption aligncenter\"><img loading=\"lazy\" decoding=\"async\" class=\"wp-image-26772 size-full\" src=\"http:\/\/www.heldenhaushalt.de\/sari02\/wp-content\/uploads\/2015\/08\/radtour01.jpg\" alt=\"radtour01\" width=\"505\" height=\"284\" srcset=\"https:\/\/www.heldenhaushalt.de\/sari02\/wp-content\/uploads\/2015\/08\/radtour01.jpg 505w, https:\/\/www.heldenhaushalt.de\/sari02\/wp-content\/uploads\/2015\/08\/radtour01-300x169.jpg 300w\" sizes=\"auto, (max-width: 505px) 100vw, 505px\" \/><figcaption id=\"caption-attachment-26772\" class=\"wp-caption-text\">Es ist erstaunlich, was f&#252;r eine gigantische Auswahl an Helmen es inzwischen gibt&#8230;<\/figcaption><\/figure>\n<p>F&#252;r das Fahrrad entdeckten wir dann im Outlet noch einen Fahrradkorb <em>(Fahrradtaschen gibt es leider erst f&#252;r die gr&#246;&#223;eren Fahrr&#228;der, die bei uns erst n&#228;chstes Jahr Thema werden)<\/em> und eine Lenkertasche&#8230; Ihr k&#246;nnt Euch denken, dass der Miniheld die Sachen sofort testen wollte. Am selben Tag drehten wir noch kurz vor einem gigantischen Regenfall ein paar Runden um das Haus und nur zwei Tage sp&#228;ter wurden wir zu Rittern und Prinzessinnen, die gegen Drachen auf ihren Pferden k&#228;mpften *lach* . Seid Ihr jetzt verwirrt? Nein, oder? Ihr konnt Euch sicher denken, dass ich von unserer ersten gr&#246;&#223;eren Fahrrad-Tour spreche. Wir gingen gemeinsam einkaufen, Br&#246;tchen, Obst, etwas Gem&#252;se usw&#8230;packten uns zu Hause zwei Brotboxen und beluden die Fahrr&#228;der. Der Miniheld seines und ich meines.<\/p>\n<figure id=\"attachment_26773\" aria-describedby=\"caption-attachment-26773\" style=\"width: 505px\" class=\"wp-caption aligncenter\"><img loading=\"lazy\" decoding=\"async\" class=\"wp-image-26773 size-full\" src=\"http:\/\/www.heldenhaushalt.de\/sari02\/wp-content\/uploads\/2015\/08\/radtour02.jpg\" alt=\"radtour02\" width=\"505\" height=\"250\" srcset=\"https:\/\/www.heldenhaushalt.de\/sari02\/wp-content\/uploads\/2015\/08\/radtour02.jpg 505w, https:\/\/www.heldenhaushalt.de\/sari02\/wp-content\/uploads\/2015\/08\/radtour02-300x149.jpg 300w\" sizes=\"auto, (max-width: 505px) 100vw, 505px\" \/><figcaption id=\"caption-attachment-26773\" class=\"wp-caption-text\">Die R&#246;sser&#8230;vom Minihelden Roter und Gelber Blitz getauft. K&#246;nnt Ihr den neuen Fahrradhelm entdecken und die gef&#252;llten &#8220;Satteltaschen&#8221;?<\/figcaption><\/figure>\n<p>Und dann ging es los, der Miniheld fuhr vorran und bekam von mir von hinten immer die Ansagen, wo wir als n&#228;chstes hinwollten, ob wir anhalten mussten usw&#8230; und schlie&#223;lich erreichten wir unser Ziel: Ein Badesee. Leider war das Wetter zum Baden nicht sch&#246;n genug, aber dennoch breiteten wir unsere Decke aus und genossen unser Mittagessen.<\/p>\n<figure id=\"attachment_26774\" aria-describedby=\"caption-attachment-26774\" style=\"width: 505px\" class=\"wp-caption aligncenter\"><img loading=\"lazy\" decoding=\"async\" class=\"wp-image-26774 size-full\" src=\"http:\/\/www.heldenhaushalt.de\/sari02\/wp-content\/uploads\/2015\/08\/radtour03.jpg\" alt=\"radtour03\" width=\"505\" height=\"508\" srcset=\"https:\/\/www.heldenhaushalt.de\/sari02\/wp-content\/uploads\/2015\/08\/radtour03.jpg 505w, https:\/\/www.heldenhaushalt.de\/sari02\/wp-content\/uploads\/2015\/08\/radtour03-150x150.jpg 150w, https:\/\/www.heldenhaushalt.de\/sari02\/wp-content\/uploads\/2015\/08\/radtour03-298x300.jpg 298w\" sizes=\"auto, (max-width: 505px) 100vw, 505px\" \/><figcaption id=\"caption-attachment-26774\" class=\"wp-caption-text\">Alles, was das Ritterherz begehrt und noch viel mehr. Wir sind auf jeden Fall gut satt geworden &#8230;<\/figcaption><\/figure>\n<p>Im Anschluss wurden noch &#228;ltere Br&#246;tchen an die am See angesiedelten Enten verteilt und dann fuhren wir weiter zu einem Spielplatz, der direkt um die Ecke war. Und hier verwandelten wir uns in wahre Ritter bzw. der Miniheld wurde zu Ritter Miniheld und ich war seine Prinzessin, die immer wieder besch&#252;tzt wurde. Nach einem kurzen Regenguss, bei dem wir uns unter einen der Spielt&#252;rme in Sicherheit brachten, brachen wir nach Hause auf und wurden hierbei von der Drachenmeute gejagd&#8230;wie aufregend *lach*. Im Zuge dessen bekamen die Fahrr&#228;der&#8230;&#228;hm&#8230;ich meine Pferde dann auch Namen: Gelber Blitz und Roter Blitz und am Ende kamen Ritter, Prinzessin und Pferde sicher zu Hause an&#8230;<\/p>\n<figure id=\"attachment_26775\" aria-describedby=\"caption-attachment-26775\" style=\"width: 505px\" class=\"wp-caption aligncenter\"><img loading=\"lazy\" decoding=\"async\" class=\"wp-image-26775 size-full\" src=\"http:\/\/www.heldenhaushalt.de\/sari02\/wp-content\/uploads\/2015\/08\/radtour04.jpg\" alt=\"radtour04\" width=\"505\" height=\"450\" srcset=\"https:\/\/www.heldenhaushalt.de\/sari02\/wp-content\/uploads\/2015\/08\/radtour04.jpg 505w, https:\/\/www.heldenhaushalt.de\/sari02\/wp-content\/uploads\/2015\/08\/radtour04-300x267.jpg 300w\" sizes=\"auto, (max-width: 505px) 100vw, 505px\" \/><figcaption id=\"caption-attachment-26775\" class=\"wp-caption-text\">Auch die Enten konnten es kaum erwarten und belagerten uns regelrecht<\/figcaption><\/figure>\n<p>Uff, was f&#252;r ein aufregender Tag und wir hatten so viel Spa&#223;. Ich muss euch sagen, ich genie&#223;e es sehr, dass ich mit dem Minihelden nun solche Touren wagen kann. Es macht Spa&#223; und wir sind flexibler als mit Bus, vor allem, wenn es darum geht die Spielpl&#228;tze in der n&#228;heren Umgebung aufzusuchen. Und wenn man mal nicht wei&#223;, was man machen kann, schwingt man sich einfach auf&#8217;s Fahrrad und dreht ein paar Runden um die H&#228;user&#8230;<\/p>\n<p>Herrlich&#8230;und bei Euch so?<\/p>\n<p><img loading=\"lazy\" decoding=\"async\" class=\" size-full wp-image-24841 alignright\" src=\"http:\/\/www.heldenhaushalt.de\/sari02\/wp-content\/uploads\/2015\/01\/sari-unter.jpg\" alt=\"sari-unter\" width=\"130\" height=\"59\" \/><\/p>\n","protected":false},"excerpt":{"rendered":"<p>Das Thema Fahrrad fahren steht bei uns diesen Sommer hoch im Kurs, das habt Ihr sicher auch schon bemerkt. Angefangen mit den &#220;bungstagen und der immer gr&#246;&#223;er werdenden Begeisterung des Minihelden, seitdem er merkt, wieviel Spa&#223; das machen kann, bis hin zu den Dingen, die nun dazu geh&#246;ren, um dem Kind die Sache noch reizvoller zu gestalten&#8230; Ganz oben auf unserer Liste stand ein neuer Fahrradhelm. Jetzt, wo der Miniheld wie ein Rennfahrer die B&#252;rgersteige unsicher macht (und zu unserem Leid dabei manchmal wie ein Wilder hin- und herwackelt) stand fest, dass wir nochmal einen Fachmann aufsuchen und einen guten Helm besorgen w&#252;rden. Gar nicht so einfach und ich habe wirklich mehrere Tage schon mal recherchiert, was etwas f&#252;r uns sein k&#246;nnte. Wie bei allen anderen Dingen auch gibt es so unglaublich viele Marken und mindestens auch so viele verschiedene Meinungen dazu. Der blanke Horror und was man alles beachten muss. Letztendlich entschieden wir uns &#252;brigens f&#252;r einen Helm der Marke KED Meggy, mit herausnehmbaren Polstern, einfachen Verschluss, den auch der Miniheld super &#246;ffnen kann und LED Lichtern hinten f&#252;r das bessere gesehen werden. Im Laden verliebte sich der Miniheld auch direkt in die Feuerwehrvariante, worum ich sehr froh bin, denn das leuchtende Rot wird nat&#252;rlich super gesehen. Und wir sind sehr zufrieden mit unserer Entscheidung, denn der Miniheld klagt &#252;ber keinerlei Druck oder Unannehmlichkeiten und liebt seinen neuen Helm. F&#252;r das Fahrrad entdeckten wir dann im Outlet noch einen Fahrradkorb (Fahrradtaschen gibt es leider erst f&#252;r die gr&#246;&#223;eren Fahrr&#228;der, die bei uns erst n&#228;chstes Jahr Thema werden) und eine Lenkertasche&#8230; Ihr k&#246;nnt Euch denken, dass der Miniheld die Sachen sofort testen wollte. Am selben Tag drehten wir noch kurz vor einem gigantischen Regenfall ein paar Runden um das Haus und nur zwei Tage sp&#228;ter wurden wir zu Rittern und Prinzessinnen, die gegen Drachen auf ihren Pferden k&#228;mpften *lach* . Seid Ihr jetzt verwirrt? Nein, oder? Ihr konnt Euch sicher denken, dass ich von unserer ersten gr&#246;&#223;eren Fahrrad-Tour spreche. Wir gingen gemeinsam einkaufen, Br&#246;tchen, Obst, etwas Gem&#252;se usw&#8230;packten uns zu Hause zwei Brotboxen und beluden die Fahrr&#228;der. Der Miniheld seines und ich meines. Und dann ging es los, der Miniheld fuhr vorran und bekam von mir von hinten immer die Ansagen, wo wir als n&#228;chstes hinwollten, ob wir anhalten mussten usw&#8230; und schlie&#223;lich erreichten wir unser Ziel: Ein Badesee. Leider war das Wetter zum Baden nicht sch&#246;n genug, aber dennoch breiteten wir unsere Decke aus und genossen unser Mittagessen. Im Anschluss wurden noch &#228;ltere Br&#246;tchen an die am See angesiedelten Enten verteilt und dann fuhren wir weiter zu einem Spielplatz, der direkt um die Ecke war. Und hier verwandelten wir uns in wahre Ritter bzw. der Miniheld wurde zu Ritter Miniheld und ich war seine Prinzessin, die immer wieder besch&#252;tzt wurde. Nach einem kurzen Regenguss, bei dem wir uns unter einen der Spielt&#252;rme in Sicherheit brachten, brachen wir nach Hause auf und wurden hierbei von der Drachenmeute gejagd&#8230;wie aufregend *lach*. Im Zuge dessen bekamen die Fahrr&#228;der&#8230;&#228;hm&#8230;ich meine Pferde dann auch Namen: Gelber Blitz und Roter Blitz und am Ende kamen Ritter, Prinzessin und Pferde sicher zu Hause an&#8230; Uff, was f&#252;r ein aufregender Tag und wir hatten so viel Spa&#223;. Ich muss euch sagen, ich genie&#223;e es sehr, dass ich mit dem Minihelden nun solche Touren wagen kann. Es macht Spa&#223; und wir sind flexibler als mit Bus, vor allem, wenn es darum geht die Spielpl&#228;tze in der n&#228;heren Umgebung aufzusuchen. Und wenn man mal nicht wei&#223;, was man machen kann, schwingt man sich einfach auf&#8217;s Fahrrad und dreht ein paar Runden um die H&#228;user&#8230; Herrlich&#8230;und bei Euch so?<\/p>\n","protected":false},"author":1,"featured_media":0,"comment_status":"open","ping_status":"open","sticky":false,"template":"","format":"standard","meta":{"ngg_post_thumbnail":0,"footnotes":""},"categories":[323,53,321],"tags":[202,367,366,368],"class_list":["post-26742","post","type-post","status-publish","format-standard","hentry","category-alltag","category-empfehlungen","category-minimum","tag-empfehlung","tag-fahrrad","tag-fahrradhelm","tag-welt-entdecken"],"yoast_head":"<!-- This site is optimized with the Yoast SEO plugin v27.5 - https:\/\/yoast.com\/product\/yoast-seo-wordpress\/ -->\n<title>Mittwochs mag ich...mutige kleine Ritter auf gelben Blitzen! - Heldenhaushalt<\/title>\n<meta name=\"description\" content=\"Auch Helden erleben den t\u00e4glichen Wahnsinn, den ein Alltag mit sich bringt und Frau Mondgras sitzt mittendrin. Berlinerin, Mutter, Ehefrau, Kreativling und auf der st\u00e4ndigen Suche nach Gl\u00fcck... Hier wird gen\u00e4ht, gebacken, gebastelt und auch mal \u00fcber den Alltag gemault.\" \/>\n<meta name=\"robots\" content=\"index, follow, max-snippet:-1, max-image-preview:large, max-video-preview:-1\" \/>\n<link rel=\"canonical\" href=\"https:\/\/www.heldenhaushalt.de\/sari02\/index.php\/2015\/08\/05\/mittwochs-mag-ich-mutige-kleine-ritter-auf-gelben-blitzen\/\" \/>\n<meta property=\"og:locale\" content=\"de_DE\" \/>\n<meta property=\"og:type\" content=\"article\" \/>\n<meta property=\"og:title\" content=\"Mittwochs mag ich...mutige kleine Ritter auf gelben Blitzen! - Heldenhaushalt\" \/>\n<meta property=\"og:description\" content=\"Auch Helden erleben den t\u00e4glichen Wahnsinn, den ein Alltag mit sich bringt und Frau Mondgras sitzt mittendrin. Berlinerin, Mutter, Ehefrau, Kreativling und auf der st\u00e4ndigen Suche nach Gl\u00fcck... Hier wird gen\u00e4ht, gebacken, gebastelt und auch mal \u00fcber den Alltag gemault.\" \/>\n<meta property=\"og:url\" content=\"https:\/\/www.heldenhaushalt.de\/sari02\/index.php\/2015\/08\/05\/mittwochs-mag-ich-mutige-kleine-ritter-auf-gelben-blitzen\/\" \/>\n<meta property=\"og:site_name\" content=\"Heldenhaushalt\" \/>\n<meta property=\"article:published_time\" content=\"2015-08-05T07:44:44+00:00\" \/>\n<meta property=\"article:modified_time\" content=\"2015-08-11T09:53:35+00:00\" \/>\n<meta property=\"og:image\" content=\"http:\/\/www.heldenhaushalt.de\/sari02\/wp-content\/uploads\/2015\/07\/MMI_Frollein-Pfau.png\" \/>\n<meta name=\"author\" content=\"Sari\" \/>\n<meta name=\"twitter:card\" content=\"summary_large_image\" \/>\n<meta name=\"twitter:creator\" content=\"@Heldenhaushalt\" \/>\n<meta name=\"twitter:site\" content=\"@Heldenhaushalt\" \/>\n<meta name=\"twitter:label1\" content=\"Verfasst von\" \/>\n\t<meta name=\"twitter:data1\" content=\"Sari\" \/>\n\t<meta name=\"twitter:label2\" content=\"Gesch\u00e4tzte Lesezeit\" \/>\n\t<meta name=\"twitter:data2\" content=\"4\u00a0Minuten\" \/>\n<script type=\"application\/ld+json\" class=\"yoast-schema-graph\">{\"@context\":\"https:\\\/\\\/schema.org\",\"@graph\":[{\"@type\":\"Article\",\"@id\":\"https:\\\/\\\/www.heldenhaushalt.de\\\/sari02\\\/index.php\\\/2015\\\/08\\\/05\\\/mittwochs-mag-ich-mutige-kleine-ritter-auf-gelben-blitzen\\\/#article\",\"isPartOf\":{\"@id\":\"https:\\\/\\\/www.heldenhaushalt.de\\\/sari02\\\/index.php\\\/2015\\\/08\\\/05\\\/mittwochs-mag-ich-mutige-kleine-ritter-auf-gelben-blitzen\\\/\"},\"author\":{\"name\":\"Sari\",\"@id\":\"https:\\\/\\\/www.heldenhaushalt.de\\\/sari02\\\/#\\\/schema\\\/person\\\/a1cc69f42a01f412eb62c151353814f6\"},\"headline\":\"Mittwochs mag ich&#8230;mutige kleine Ritter auf gelben Blitzen!\",\"datePublished\":\"2015-08-05T07:44:44+00:00\",\"dateModified\":\"2015-08-11T09:53:35+00:00\",\"mainEntityOfPage\":{\"@id\":\"https:\\\/\\\/www.heldenhaushalt.de\\\/sari02\\\/index.php\\\/2015\\\/08\\\/05\\\/mittwochs-mag-ich-mutige-kleine-ritter-auf-gelben-blitzen\\\/\"},\"wordCount\":737,\"commentCount\":6,\"publisher\":{\"@id\":\"https:\\\/\\\/www.heldenhaushalt.de\\\/sari02\\\/#\\\/schema\\\/person\\\/a1cc69f42a01f412eb62c151353814f6\"},\"image\":{\"@id\":\"https:\\\/\\\/www.heldenhaushalt.de\\\/sari02\\\/index.php\\\/2015\\\/08\\\/05\\\/mittwochs-mag-ich-mutige-kleine-ritter-auf-gelben-blitzen\\\/#primaryimage\"},\"thumbnailUrl\":\"http:\\\/\\\/www.heldenhaushalt.de\\\/sari02\\\/wp-content\\\/uploads\\\/2015\\\/07\\\/MMI_Frollein-Pfau.png\",\"keywords\":[\"Empfehlung\",\"fahrrad\",\"Fahrradhelm\",\"Welt entdecken\"],\"articleSection\":[\"Alltagschaos\",\"Empfehlungen\",\"Heldenkinder\"],\"inLanguage\":\"de\",\"potentialAction\":[{\"@type\":\"CommentAction\",\"name\":\"Comment\",\"target\":[\"https:\\\/\\\/www.heldenhaushalt.de\\\/sari02\\\/index.php\\\/2015\\\/08\\\/05\\\/mittwochs-mag-ich-mutige-kleine-ritter-auf-gelben-blitzen\\\/#respond\"]}]},{\"@type\":\"WebPage\",\"@id\":\"https:\\\/\\\/www.heldenhaushalt.de\\\/sari02\\\/index.php\\\/2015\\\/08\\\/05\\\/mittwochs-mag-ich-mutige-kleine-ritter-auf-gelben-blitzen\\\/\",\"url\":\"https:\\\/\\\/www.heldenhaushalt.de\\\/sari02\\\/index.php\\\/2015\\\/08\\\/05\\\/mittwochs-mag-ich-mutige-kleine-ritter-auf-gelben-blitzen\\\/\",\"name\":\"Mittwochs mag ich...mutige kleine Ritter auf gelben Blitzen! - Heldenhaushalt\",\"isPartOf\":{\"@id\":\"https:\\\/\\\/www.heldenhaushalt.de\\\/sari02\\\/#website\"},\"primaryImageOfPage\":{\"@id\":\"https:\\\/\\\/www.heldenhaushalt.de\\\/sari02\\\/index.php\\\/2015\\\/08\\\/05\\\/mittwochs-mag-ich-mutige-kleine-ritter-auf-gelben-blitzen\\\/#primaryimage\"},\"image\":{\"@id\":\"https:\\\/\\\/www.heldenhaushalt.de\\\/sari02\\\/index.php\\\/2015\\\/08\\\/05\\\/mittwochs-mag-ich-mutige-kleine-ritter-auf-gelben-blitzen\\\/#primaryimage\"},\"thumbnailUrl\":\"http:\\\/\\\/www.heldenhaushalt.de\\\/sari02\\\/wp-content\\\/uploads\\\/2015\\\/07\\\/MMI_Frollein-Pfau.png\",\"datePublished\":\"2015-08-05T07:44:44+00:00\",\"dateModified\":\"2015-08-11T09:53:35+00:00\",\"description\":\"Auch Helden erleben den t\u00e4glichen Wahnsinn, den ein Alltag mit sich bringt und Frau Mondgras sitzt mittendrin. Berlinerin, Mutter, Ehefrau, Kreativling und auf der st\u00e4ndigen Suche nach Gl\u00fcck... Hier wird gen\u00e4ht, gebacken, gebastelt und auch mal \u00fcber den Alltag gemault.\",\"breadcrumb\":{\"@id\":\"https:\\\/\\\/www.heldenhaushalt.de\\\/sari02\\\/index.php\\\/2015\\\/08\\\/05\\\/mittwochs-mag-ich-mutige-kleine-ritter-auf-gelben-blitzen\\\/#breadcrumb\"},\"inLanguage\":\"de\",\"potentialAction\":[{\"@type\":\"ReadAction\",\"target\":[\"https:\\\/\\\/www.heldenhaushalt.de\\\/sari02\\\/index.php\\\/2015\\\/08\\\/05\\\/mittwochs-mag-ich-mutige-kleine-ritter-auf-gelben-blitzen\\\/\"]}]},{\"@type\":\"ImageObject\",\"inLanguage\":\"de\",\"@id\":\"https:\\\/\\\/www.heldenhaushalt.de\\\/sari02\\\/index.php\\\/2015\\\/08\\\/05\\\/mittwochs-mag-ich-mutige-kleine-ritter-auf-gelben-blitzen\\\/#primaryimage\",\"url\":\"https:\\\/\\\/www.heldenhaushalt.de\\\/sari02\\\/wp-content\\\/uploads\\\/2015\\\/07\\\/MMI_Frollein-Pfau.png\",\"contentUrl\":\"https:\\\/\\\/www.heldenhaushalt.de\\\/sari02\\\/wp-content\\\/uploads\\\/2015\\\/07\\\/MMI_Frollein-Pfau.png\",\"width\":170,\"height\":71},{\"@type\":\"BreadcrumbList\",\"@id\":\"https:\\\/\\\/www.heldenhaushalt.de\\\/sari02\\\/index.php\\\/2015\\\/08\\\/05\\\/mittwochs-mag-ich-mutige-kleine-ritter-auf-gelben-blitzen\\\/#breadcrumb\",\"itemListElement\":[{\"@type\":\"ListItem\",\"position\":1,\"name\":\"Startseite\",\"item\":\"https:\\\/\\\/www.heldenhaushalt.de\\\/sari02\\\/\"},{\"@type\":\"ListItem\",\"position\":2,\"name\":\"Mittwochs mag ich&#8230;mutige kleine Ritter auf gelben Blitzen!\"}]},{\"@type\":\"WebSite\",\"@id\":\"https:\\\/\\\/www.heldenhaushalt.de\\\/sari02\\\/#website\",\"url\":\"https:\\\/\\\/www.heldenhaushalt.de\\\/sari02\\\/\",\"name\":\"Heldenhaushalt\",\"description\":\"Wer es ordentlich haben will, der muss vorher anrufen\",\"publisher\":{\"@id\":\"https:\\\/\\\/www.heldenhaushalt.de\\\/sari02\\\/#\\\/schema\\\/person\\\/a1cc69f42a01f412eb62c151353814f6\"},\"potentialAction\":[{\"@type\":\"SearchAction\",\"target\":{\"@type\":\"EntryPoint\",\"urlTemplate\":\"https:\\\/\\\/www.heldenhaushalt.de\\\/sari02\\\/?s={search_term_string}\"},\"query-input\":{\"@type\":\"PropertyValueSpecification\",\"valueRequired\":true,\"valueName\":\"search_term_string\"}}],\"inLanguage\":\"de\"},{\"@type\":[\"Person\",\"Organization\"],\"@id\":\"https:\\\/\\\/www.heldenhaushalt.de\\\/sari02\\\/#\\\/schema\\\/person\\\/a1cc69f42a01f412eb62c151353814f6\",\"name\":\"Sari\",\"image\":{\"@type\":\"ImageObject\",\"inLanguage\":\"de\",\"@id\":\"https:\\\/\\\/www.heldenhaushalt.de\\\/sari02\\\/wp-content\\\/uploads\\\/2019\\\/02\\\/sari-april2018.png\",\"url\":\"https:\\\/\\\/www.heldenhaushalt.de\\\/sari02\\\/wp-content\\\/uploads\\\/2019\\\/02\\\/sari-april2018.png\",\"contentUrl\":\"https:\\\/\\\/www.heldenhaushalt.de\\\/sari02\\\/wp-content\\\/uploads\\\/2019\\\/02\\\/sari-april2018.png\",\"width\":500,\"height\":500,\"caption\":\"Sari\"},\"logo\":{\"@id\":\"https:\\\/\\\/www.heldenhaushalt.de\\\/sari02\\\/wp-content\\\/uploads\\\/2019\\\/02\\\/sari-april2018.png\"},\"description\":\"Frau Mondgras \u2013 Das bin ich, Sari. Gerne auch als Sari Mondgras bekannt und im Internet zu finden. 2-Fach-Mutter, Heldenehefrau, Kreativling, Harmonies\u00fcchtig und st\u00e4ndig auf der Suche nach Gl\u00fcck. Ich komme aus Berlin, bin hier aufgewachsen und lebe hier seit ich denken kann.\",\"sameAs\":[\"https:\\\/\\\/www.instagram.com\\\/heldenhaushalt\\\/\"],\"url\":\"https:\\\/\\\/www.heldenhaushalt.de\\\/sari02\\\/index.php\\\/author\\\/admin\\\/\"}]}<\/script>\n<!-- \/ Yoast SEO plugin. -->","yoast_head_json":{"title":"Mittwochs mag ich...mutige kleine Ritter auf gelben Blitzen! - Heldenhaushalt","description":"Auch Helden erleben den t\u00e4glichen Wahnsinn, den ein Alltag mit sich bringt und Frau Mondgras sitzt mittendrin. Berlinerin, Mutter, Ehefrau, Kreativling und auf der st\u00e4ndigen Suche nach Gl\u00fcck... Hier wird gen\u00e4ht, gebacken, gebastelt und auch mal \u00fcber den Alltag gemault.","robots":{"index":"index","follow":"follow","max-snippet":"max-snippet:-1","max-image-preview":"max-image-preview:large","max-video-preview":"max-video-preview:-1"},"canonical":"https:\/\/www.heldenhaushalt.de\/sari02\/index.php\/2015\/08\/05\/mittwochs-mag-ich-mutige-kleine-ritter-auf-gelben-blitzen\/","og_locale":"de_DE","og_type":"article","og_title":"Mittwochs mag ich...mutige kleine Ritter auf gelben Blitzen! - Heldenhaushalt","og_description":"Auch Helden erleben den t\u00e4glichen Wahnsinn, den ein Alltag mit sich bringt und Frau Mondgras sitzt mittendrin. Berlinerin, Mutter, Ehefrau, Kreativling und auf der st\u00e4ndigen Suche nach Gl\u00fcck... Hier wird gen\u00e4ht, gebacken, gebastelt und auch mal \u00fcber den Alltag gemault.","og_url":"https:\/\/www.heldenhaushalt.de\/sari02\/index.php\/2015\/08\/05\/mittwochs-mag-ich-mutige-kleine-ritter-auf-gelben-blitzen\/","og_site_name":"Heldenhaushalt","article_published_time":"2015-08-05T07:44:44+00:00","article_modified_time":"2015-08-11T09:53:35+00:00","og_image":[{"url":"http:\/\/www.heldenhaushalt.de\/sari02\/wp-content\/uploads\/2015\/07\/MMI_Frollein-Pfau.png","type":"","width":"","height":""}],"author":"Sari","twitter_card":"summary_large_image","twitter_creator":"@Heldenhaushalt","twitter_site":"@Heldenhaushalt","twitter_misc":{"Verfasst von":"Sari","Gesch\u00e4tzte Lesezeit":"4\u00a0Minuten"},"schema":{"@context":"https:\/\/schema.org","@graph":[{"@type":"Article","@id":"https:\/\/www.heldenhaushalt.de\/sari02\/index.php\/2015\/08\/05\/mittwochs-mag-ich-mutige-kleine-ritter-auf-gelben-blitzen\/#article","isPartOf":{"@id":"https:\/\/www.heldenhaushalt.de\/sari02\/index.php\/2015\/08\/05\/mittwochs-mag-ich-mutige-kleine-ritter-auf-gelben-blitzen\/"},"author":{"name":"Sari","@id":"https:\/\/www.heldenhaushalt.de\/sari02\/#\/schema\/person\/a1cc69f42a01f412eb62c151353814f6"},"headline":"Mittwochs mag ich&#8230;mutige kleine Ritter auf gelben Blitzen!","datePublished":"2015-08-05T07:44:44+00:00","dateModified":"2015-08-11T09:53:35+00:00","mainEntityOfPage":{"@id":"https:\/\/www.heldenhaushalt.de\/sari02\/index.php\/2015\/08\/05\/mittwochs-mag-ich-mutige-kleine-ritter-auf-gelben-blitzen\/"},"wordCount":737,"commentCount":6,"publisher":{"@id":"https:\/\/www.heldenhaushalt.de\/sari02\/#\/schema\/person\/a1cc69f42a01f412eb62c151353814f6"},"image":{"@id":"https:\/\/www.heldenhaushalt.de\/sari02\/index.php\/2015\/08\/05\/mittwochs-mag-ich-mutige-kleine-ritter-auf-gelben-blitzen\/#primaryimage"},"thumbnailUrl":"http:\/\/www.heldenhaushalt.de\/sari02\/wp-content\/uploads\/2015\/07\/MMI_Frollein-Pfau.png","keywords":["Empfehlung","fahrrad","Fahrradhelm","Welt entdecken"],"articleSection":["Alltagschaos","Empfehlungen","Heldenkinder"],"inLanguage":"de","potentialAction":[{"@type":"CommentAction","name":"Comment","target":["https:\/\/www.heldenhaushalt.de\/sari02\/index.php\/2015\/08\/05\/mittwochs-mag-ich-mutige-kleine-ritter-auf-gelben-blitzen\/#respond"]}]},{"@type":"WebPage","@id":"https:\/\/www.heldenhaushalt.de\/sari02\/index.php\/2015\/08\/05\/mittwochs-mag-ich-mutige-kleine-ritter-auf-gelben-blitzen\/","url":"https:\/\/www.heldenhaushalt.de\/sari02\/index.php\/2015\/08\/05\/mittwochs-mag-ich-mutige-kleine-ritter-auf-gelben-blitzen\/","name":"Mittwochs mag ich...mutige kleine Ritter auf gelben Blitzen! - Heldenhaushalt","isPartOf":{"@id":"https:\/\/www.heldenhaushalt.de\/sari02\/#website"},"primaryImageOfPage":{"@id":"https:\/\/www.heldenhaushalt.de\/sari02\/index.php\/2015\/08\/05\/mittwochs-mag-ich-mutige-kleine-ritter-auf-gelben-blitzen\/#primaryimage"},"image":{"@id":"https:\/\/www.heldenhaushalt.de\/sari02\/index.php\/2015\/08\/05\/mittwochs-mag-ich-mutige-kleine-ritter-auf-gelben-blitzen\/#primaryimage"},"thumbnailUrl":"http:\/\/www.heldenhaushalt.de\/sari02\/wp-content\/uploads\/2015\/07\/MMI_Frollein-Pfau.png","datePublished":"2015-08-05T07:44:44+00:00","dateModified":"2015-08-11T09:53:35+00:00","description":"Auch Helden erleben den t\u00e4glichen Wahnsinn, den ein Alltag mit sich bringt und Frau Mondgras sitzt mittendrin. Berlinerin, Mutter, Ehefrau, Kreativling und auf der st\u00e4ndigen Suche nach Gl\u00fcck... Hier wird gen\u00e4ht, gebacken, gebastelt und auch mal \u00fcber den Alltag gemault.","breadcrumb":{"@id":"https:\/\/www.heldenhaushalt.de\/sari02\/index.php\/2015\/08\/05\/mittwochs-mag-ich-mutige-kleine-ritter-auf-gelben-blitzen\/#breadcrumb"},"inLanguage":"de","potentialAction":[{"@type":"ReadAction","target":["https:\/\/www.heldenhaushalt.de\/sari02\/index.php\/2015\/08\/05\/mittwochs-mag-ich-mutige-kleine-ritter-auf-gelben-blitzen\/"]}]},{"@type":"ImageObject","inLanguage":"de","@id":"https:\/\/www.heldenhaushalt.de\/sari02\/index.php\/2015\/08\/05\/mittwochs-mag-ich-mutige-kleine-ritter-auf-gelben-blitzen\/#primaryimage","url":"https:\/\/www.heldenhaushalt.de\/sari02\/wp-content\/uploads\/2015\/07\/MMI_Frollein-Pfau.png","contentUrl":"https:\/\/www.heldenhaushalt.de\/sari02\/wp-content\/uploads\/2015\/07\/MMI_Frollein-Pfau.png","width":170,"height":71},{"@type":"BreadcrumbList","@id":"https:\/\/www.heldenhaushalt.de\/sari02\/index.php\/2015\/08\/05\/mittwochs-mag-ich-mutige-kleine-ritter-auf-gelben-blitzen\/#breadcrumb","itemListElement":[{"@type":"ListItem","position":1,"name":"Startseite","item":"https:\/\/www.heldenhaushalt.de\/sari02\/"},{"@type":"ListItem","position":2,"name":"Mittwochs mag ich&#8230;mutige kleine Ritter auf gelben Blitzen!"}]},{"@type":"WebSite","@id":"https:\/\/www.heldenhaushalt.de\/sari02\/#website","url":"https:\/\/www.heldenhaushalt.de\/sari02\/","name":"Heldenhaushalt","description":"Wer es ordentlich haben will, der muss vorher anrufen","publisher":{"@id":"https:\/\/www.heldenhaushalt.de\/sari02\/#\/schema\/person\/a1cc69f42a01f412eb62c151353814f6"},"potentialAction":[{"@type":"SearchAction","target":{"@type":"EntryPoint","urlTemplate":"https:\/\/www.heldenhaushalt.de\/sari02\/?s={search_term_string}"},"query-input":{"@type":"PropertyValueSpecification","valueRequired":true,"valueName":"search_term_string"}}],"inLanguage":"de"},{"@type":["Person","Organization"],"@id":"https:\/\/www.heldenhaushalt.de\/sari02\/#\/schema\/person\/a1cc69f42a01f412eb62c151353814f6","name":"Sari","image":{"@type":"ImageObject","inLanguage":"de","@id":"https:\/\/www.heldenhaushalt.de\/sari02\/wp-content\/uploads\/2019\/02\/sari-april2018.png","url":"https:\/\/www.heldenhaushalt.de\/sari02\/wp-content\/uploads\/2019\/02\/sari-april2018.png","contentUrl":"https:\/\/www.heldenhaushalt.de\/sari02\/wp-content\/uploads\/2019\/02\/sari-april2018.png","width":500,"height":500,"caption":"Sari"},"logo":{"@id":"https:\/\/www.heldenhaushalt.de\/sari02\/wp-content\/uploads\/2019\/02\/sari-april2018.png"},"description":"Frau Mondgras \u2013 Das bin ich, Sari. Gerne auch als Sari Mondgras bekannt und im Internet zu finden. 2-Fach-Mutter, Heldenehefrau, Kreativling, Harmonies\u00fcchtig und st\u00e4ndig auf der Suche nach Gl\u00fcck. Ich komme aus Berlin, bin hier aufgewachsen und lebe hier seit ich denken kann.","sameAs":["https:\/\/www.instagram.com\/heldenhaushalt\/"],"url":"https:\/\/www.heldenhaushalt.de\/sari02\/index.php\/author\/admin\/"}]}},"views":5087,"_links":{"self":[{"href":"https:\/\/www.heldenhaushalt.de\/sari02\/index.php\/wp-json\/wp\/v2\/posts\/26742","targetHints":{"allow":["GET"]}}],"collection":[{"href":"https:\/\/www.heldenhaushalt.de\/sari02\/index.php\/wp-json\/wp\/v2\/posts"}],"about":[{"href":"https:\/\/www.heldenhaushalt.de\/sari02\/index.php\/wp-json\/wp\/v2\/types\/post"}],"author":[{"embeddable":true,"href":"https:\/\/www.heldenhaushalt.de\/sari02\/index.php\/wp-json\/wp\/v2\/users\/1"}],"replies":[{"embeddable":true,"href":"https:\/\/www.heldenhaushalt.de\/sari02\/index.php\/wp-json\/wp\/v2\/comments?post=26742"}],"version-history":[{"count":4,"href":"https:\/\/www.heldenhaushalt.de\/sari02\/index.php\/wp-json\/wp\/v2\/posts\/26742\/revisions"}],"predecessor-version":[{"id":26858,"href":"https:\/\/www.heldenhaushalt.de\/sari02\/index.php\/wp-json\/wp\/v2\/posts\/26742\/revisions\/26858"}],"wp:attachment":[{"href":"https:\/\/www.heldenhaushalt.de\/sari02\/index.php\/wp-json\/wp\/v2\/media?parent=26742"}],"wp:term":[{"taxonomy":"category","embeddable":true,"href":"https:\/\/www.heldenhaushalt.de\/sari02\/index.php\/wp-json\/wp\/v2\/categories?post=26742"},{"taxonomy":"post_tag","embeddable":true,"href":"https:\/\/www.heldenhaushalt.de\/sari02\/index.php\/wp-json\/wp\/v2\/tags?post=26742"}],"curies":[{"name":"wp","href":"https:\/\/api.w.org\/{rel}","templated":true}]}}