{"id":27058,"date":"2015-08-31T08:00:00","date_gmt":"2015-08-31T06:00:00","guid":{"rendered":"http:\/\/www.mondgras.de\/sari02\/?p=27058"},"modified":"2015-08-31T08:45:04","modified_gmt":"2015-08-31T06:45:04","slug":"herbstkind-sew-along-der-startschuss","status":"publish","type":"post","link":"https:\/\/www.heldenhaushalt.de\/sari02\/index.php\/2015\/08\/31\/herbstkind-sew-along-der-startschuss\/","title":{"rendered":"Herbstkind-Sew Along &#8211; Der Startschuss"},"content":{"rendered":"<p>Bevor ich loslege, vielleicht ein Blick zur&#252;ck, denn immerhin ist es nun das dritte Mal, dass ich beim Herbstkinder-Sew Along dabei bin und im Rahmen dieser Aktion habe ich wirklich einiges lernen k&#246;nnen. <a href=\"http:\/\/www.heldenhaushalt.de\/sari02\/index.php\/2013\/09\/27\/herbstkinder-sew-along-finale\/\" target=\"_blank\">Beim ersten Mal<\/a> zum Beispiel entdeckte ich, denn es gar nicht schwer ist eine gef&#252;tterte Jacke zu n&#228;hen. Innen und Aussen waren ja quasi zwei Jacken, die am Ende einfach nur zusammengef&#252;gt werden musste. Das Erfolgserlebnis war gigantisch. Ich lernte aber auch, dass Wellness-Fleece wirklich sehr, sehr warm h&#228;lt und so konnte die eigentlich als eine f&#252;r den Herbst geplante Jacke bis in den Winter hinein getragen werden&#8230;und das mit gro&#223;er Begeisterung.<\/p>\n<figure id=\"attachment_20642\" aria-describedby=\"caption-attachment-20642\" style=\"width: 505px\" class=\"wp-caption aligncenter\"><img loading=\"lazy\" decoding=\"async\" class=\"wp-image-20642 size-full\" src=\"http:\/\/www.heldenhaushalt.de\/sari02\/wp-content\/uploads\/2013\/09\/herbstkinder-sew-along-finale.jpg\" alt=\"herbstkinder-sew-along-finale\" width=\"505\" height=\"245\" srcset=\"https:\/\/www.heldenhaushalt.de\/sari02\/wp-content\/uploads\/2013\/09\/herbstkinder-sew-along-finale.jpg 505w, https:\/\/www.heldenhaushalt.de\/sari02\/wp-content\/uploads\/2013\/09\/herbstkinder-sew-along-finale-300x146.jpg 300w\" sizes=\"auto, (max-width: 505px) 100vw, 505px\" \/><figcaption id=\"caption-attachment-20642\" class=\"wp-caption-text\">Schnitt: MIa &#8211; Stoff: Von Dalink<\/figcaption><\/figure>\n<p><a href=\"http:\/\/www.heldenhaushalt.de\/sari02\/index.php\/2014\/09\/29\/herbstkinder-das-finale\/\" target=\"_blank\">Im zweiten Jahr<\/a> war ich dann schlauer und w&#228;hlte andere Stoffe f&#252;r innen und aussen, so dass die Jacke wirklich f&#252;r den Herbst geeignet war. In diesem Jahr entdeckte ich Steppstoff f&#252;r mich. So ein optisch toller Hingucker, der dann sogar den Helden so sehr begeisterte, dass ich im Anschluss noch eine Jacke f&#252;r ihn aus dem gleichen Material fertigte&#8230; und mit einem geflockten Aufb&#252;gler drauf wurde es zur geliebten &#8220;Fu&#223;balljacke&#8221; f&#252;r den Minihelden.<\/p>\n<figure id=\"attachment_24078\" aria-describedby=\"caption-attachment-24078\" style=\"width: 505px\" class=\"wp-caption aligncenter\"><img loading=\"lazy\" decoding=\"async\" class=\"wp-image-24078 size-full\" src=\"http:\/\/www.heldenhaushalt.de\/sari02\/wp-content\/uploads\/2014\/09\/herbstkinder2014-finale02.jpg\" alt=\"herbstkinder2014-finale02\" width=\"505\" height=\"368\" srcset=\"https:\/\/www.heldenhaushalt.de\/sari02\/wp-content\/uploads\/2014\/09\/herbstkinder2014-finale02.jpg 505w, https:\/\/www.heldenhaushalt.de\/sari02\/wp-content\/uploads\/2014\/09\/herbstkinder2014-finale02-300x218.jpg 300w\" sizes=\"auto, (max-width: 505px) 100vw, 505px\" \/><figcaption id=\"caption-attachment-24078\" class=\"wp-caption-text\">Schnitt: Yellow Sky &#8211; Stoff: Stoff&amp;Stil<\/figcaption><\/figure>\n<p>Dieses Jahr stehe ich nun also wieder vor der gro&#223;en Frage, welches Modell ich gerne n&#228;hen m&#246;chte. Letztes Jahr wurde es der Schnitt &#8220;<strong><a href=\"http:\/\/de.dawanda.com\/product\/45319502-Jacke-Yellow-Sky#product_description\" target=\"_blank\">Yellow Sky<\/a><\/strong>&#8220;, bei dem ich vor allem die etwas abgesetzte Kapuze sehr sch&#246;n fand, der abgerundete Rand unten am Reisverschluss mich aber eher st&#246;rte. Im ersten Jahr wurde des der Schnitt &#8220;<a href=\"http:\/\/fraeuleinrosa.blogspot.de\/2013\/07\/die-mia-ist-daaaa.html\" target=\"_blank\"><strong>Mia<\/strong><\/a>&#8221; und ich liebe diesen Schnitt nach wie vor, weil er mein Lieblingselement Raglan enth&#228;lt, gem&#252;tlich, aber auch sportlich sa&#223;. Eigentlich gibt es hier auch nichts, was mich an der Jacke gest&#246;rt hat.<\/p>\n<p>Aus diesem Grund steht dieser Schnitt in diesem Jahr auch wieder ganz oben auf meiner Liste der m&#246;glichen Auswahlm&#246;glichkeiten. Daneben lieb&#228;ugel ich noch mit der Jackenversion &#8220;<a href=\"http:\/\/de.dawanda.com\/product\/71254527-e-book-steppwestejacke-liivi-kids\" target=\"_blank\">Liivi<\/a>&#8220;, wo ich die Kapuzenvariante so schick finde und das Steppelement ein echter Hingucker ist. Hier h&#228;lt mich derzeit eher die Zeitfrage ab, ob ich das wirklich schaffen k&#246;nnte, wenn ich jetzt auch noch selber steppen m&#252;sste. Mal sehen. Vielleicht kennt ja einer von Euch den Schnitt und kann seine Erfahrungen mal mit mir teilen? Ansonsten reizt mich auch sehr<a href=\"http:\/\/de.dawanda.com\/product\/86702447-ebook-schlupfjacke-anorak---jacke-weste-pullunder\" target=\"_blank\"> der neue Anorak-Schnitt von For Mami&amp;Me<\/a>, der gerade erschienen ist, weil das wirklich mal was ganz anderes w&#228;re&#8230;hm&#8230;gar nicht so einfach.<\/p>\n<p>Was die Stoffauswahl angeht, wird es wohl dieses Mal innen wie aussen Sweat werden und der Miniheld hat sich Gelb als Hauptanteil gew&#252;nscht, somit muss ich da dieses Jahr nicht wirklich viel selber &#252;berlegen. Ich hatte mir zus&#228;tzlich ja auch noch gedacht, dass ich f&#252;r das Heldenkind ein oder zwei Sweatjacken n&#228;hen werden. Welche das dann ist, ist ganz banal, denn daf&#252;r werde ich wohl die<a href=\"http:\/\/de.dawanda.com\/product\/68790471-ebook-lieblingsjackerl-gr-74---152\" target=\"_blank\"> Lieblingsjacke von Fred von SOHO<\/a> nehmen. Der Schnitt ist einfach und schick und wird den Zweck absolut ausreichend erf&#252;llen, weil diese vor allem zum Drunterziehen unter Winterjacken gedacht ist und zum Dr&#252;berziehen &#252;ber d&#252;nne Bodys usw. Auch die Stoffe stehen hierf&#252;r schon fest, wobei einer erst noch ankommen muss. Aber die zeige ich Euch dann beim n&#228;chsten Mal&#8230;wobei, ich sehe gerade, die Jacke geht erst bei Gr&#246;&#223;e 74 los&#8230;also muss ich vielleicht doch nochmal in den Ottobre-Zeitungen st&#246;bern *drop*.<\/p>\n<p>Und bis dahin seid Ihr herzlich eingeladen bei Nemada st&#246;bern zu gehen, mit welchen Gedanken und &#220;berlegungen<a href=\"http:\/\/nemada.blogspot.de\/2015\/08\/herbstkind-sew-along-2015-2.html\" target=\"_blank\"> die anderen Teilnehmer <\/a>sich so rumqu&#228;len ;)&#8230;<\/p>\n<p><img loading=\"lazy\" decoding=\"async\" class=\" size-full wp-image-24841 alignright\" src=\"http:\/\/www.heldenhaushalt.de\/sari02\/wp-content\/uploads\/2015\/01\/sari-unter.jpg\" alt=\"sari-unter\" width=\"130\" height=\"59\" \/><\/p>\n","protected":false},"excerpt":{"rendered":"<p>Bevor ich loslege, vielleicht ein Blick zur&#252;ck, denn immerhin ist es nun das dritte Mal, dass ich beim Herbstkinder-Sew Along dabei bin und im Rahmen dieser Aktion habe ich wirklich einiges lernen k&#246;nnen. Beim ersten Mal zum Beispiel entdeckte ich, denn es gar nicht schwer ist eine gef&#252;tterte Jacke zu n&#228;hen. Innen und Aussen waren ja quasi zwei Jacken, die am Ende einfach nur zusammengef&#252;gt werden musste. Das Erfolgserlebnis war gigantisch. Ich lernte aber auch, dass Wellness-Fleece wirklich sehr, sehr warm h&#228;lt und so konnte die eigentlich als eine f&#252;r den Herbst geplante Jacke bis in den Winter hinein getragen werden&#8230;und das mit gro&#223;er Begeisterung. Im zweiten Jahr war ich dann schlauer und w&#228;hlte andere Stoffe f&#252;r innen und aussen, so dass die Jacke wirklich f&#252;r den Herbst geeignet war. In diesem Jahr entdeckte ich Steppstoff f&#252;r mich. So ein optisch toller Hingucker, der dann sogar den Helden so sehr begeisterte, dass ich im Anschluss noch eine Jacke f&#252;r ihn aus dem gleichen Material fertigte&#8230; und mit einem geflockten Aufb&#252;gler drauf wurde es zur geliebten &#8220;Fu&#223;balljacke&#8221; f&#252;r den Minihelden. Dieses Jahr stehe ich nun also wieder vor der gro&#223;en Frage, welches Modell ich gerne n&#228;hen m&#246;chte. Letztes Jahr wurde es der Schnitt &#8220;Yellow Sky&#8220;, bei dem ich vor allem die etwas abgesetzte Kapuze sehr sch&#246;n fand, der abgerundete Rand unten am Reisverschluss mich aber eher st&#246;rte. Im ersten Jahr wurde des der Schnitt &#8220;Mia&#8221; und ich liebe diesen Schnitt nach wie vor, weil er mein Lieblingselement Raglan enth&#228;lt, gem&#252;tlich, aber auch sportlich sa&#223;. Eigentlich gibt es hier auch nichts, was mich an der Jacke gest&#246;rt hat. Aus diesem Grund steht dieser Schnitt in diesem Jahr auch wieder ganz oben auf meiner Liste der m&#246;glichen Auswahlm&#246;glichkeiten. Daneben lieb&#228;ugel ich noch mit der Jackenversion &#8220;Liivi&#8220;, wo ich die Kapuzenvariante so schick finde und das Steppelement ein echter Hingucker ist. Hier h&#228;lt mich derzeit eher die Zeitfrage ab, ob ich das wirklich schaffen k&#246;nnte, wenn ich jetzt auch noch selber steppen m&#252;sste. Mal sehen. Vielleicht kennt ja einer von Euch den Schnitt und kann seine Erfahrungen mal mit mir teilen? Ansonsten reizt mich auch sehr der neue Anorak-Schnitt von For Mami&amp;Me, der gerade erschienen ist, weil das wirklich mal was ganz anderes w&#228;re&#8230;hm&#8230;gar nicht so einfach. Was die Stoffauswahl angeht, wird es wohl dieses Mal innen wie aussen Sweat werden und der Miniheld hat sich Gelb als Hauptanteil gew&#252;nscht, somit muss ich da dieses Jahr nicht wirklich viel selber &#252;berlegen. Ich hatte mir zus&#228;tzlich ja auch noch gedacht, dass ich f&#252;r das Heldenkind ein oder zwei Sweatjacken n&#228;hen werden. Welche das dann ist, ist ganz banal, denn daf&#252;r werde ich wohl die Lieblingsjacke von Fred von SOHO nehmen. Der Schnitt ist einfach und schick und wird den Zweck absolut ausreichend erf&#252;llen, weil diese vor allem zum Drunterziehen unter Winterjacken gedacht ist und zum Dr&#252;berziehen &#252;ber d&#252;nne Bodys usw. Auch die Stoffe stehen hierf&#252;r schon fest, wobei einer erst noch ankommen muss. Aber die zeige ich Euch dann beim n&#228;chsten Mal&#8230;wobei, ich sehe gerade, die Jacke geht erst bei Gr&#246;&#223;e 74 los&#8230;also muss ich vielleicht doch nochmal in den Ottobre-Zeitungen st&#246;bern *drop*. Und bis dahin seid Ihr herzlich eingeladen bei Nemada st&#246;bern zu gehen, mit welchen Gedanken und &#220;berlegungen die anderen Teilnehmer sich so rumqu&#228;len ;)&#8230;<\/p>\n","protected":false},"author":1,"featured_media":0,"comment_status":"open","ping_status":"open","sticky":false,"template":"","format":"standard","meta":{"ngg_post_thumbnail":0,"footnotes":""},"categories":[224,49],"tags":[372,418,417,401],"class_list":["post-27058","post","type-post","status-publish","format-standard","hentry","category-handarbeiten","category-blogspaehre","tag-heldenkinder","tag-herbst","tag-herbstkinder-sew-along","tag-naehen-ist-toll"],"yoast_head":"<!-- This site is optimized with the Yoast SEO plugin v27.5 - https:\/\/yoast.com\/product\/yoast-seo-wordpress\/ -->\n<title>Herbstkind-Sew Along - Der Startschuss - Heldenhaushalt<\/title>\n<meta name=\"description\" content=\"Auch Helden erleben den t\u00e4glichen Wahnsinn, den ein Alltag mit sich bringt und Frau Mondgras sitzt mittendrin. Berlinerin, Mutter, Ehefrau, Kreativling und auf der st\u00e4ndigen Suche nach Gl\u00fcck... Hier wird gen\u00e4ht, gebacken, gebastelt und auch mal \u00fcber den Alltag gemault.\" \/>\n<meta name=\"robots\" content=\"index, follow, max-snippet:-1, max-image-preview:large, max-video-preview:-1\" \/>\n<link rel=\"canonical\" href=\"https:\/\/www.heldenhaushalt.de\/sari02\/index.php\/2015\/08\/31\/herbstkind-sew-along-der-startschuss\/\" \/>\n<meta property=\"og:locale\" content=\"de_DE\" \/>\n<meta property=\"og:type\" content=\"article\" \/>\n<meta property=\"og:title\" content=\"Herbstkind-Sew Along - Der Startschuss - Heldenhaushalt\" \/>\n<meta property=\"og:description\" content=\"Auch Helden erleben den t\u00e4glichen Wahnsinn, den ein Alltag mit sich bringt und Frau Mondgras sitzt mittendrin. Berlinerin, Mutter, Ehefrau, Kreativling und auf der st\u00e4ndigen Suche nach Gl\u00fcck... Hier wird gen\u00e4ht, gebacken, gebastelt und auch mal \u00fcber den Alltag gemault.\" \/>\n<meta property=\"og:url\" content=\"https:\/\/www.heldenhaushalt.de\/sari02\/index.php\/2015\/08\/31\/herbstkind-sew-along-der-startschuss\/\" \/>\n<meta property=\"og:site_name\" content=\"Heldenhaushalt\" \/>\n<meta property=\"article:published_time\" content=\"2015-08-31T06:00:00+00:00\" \/>\n<meta property=\"article:modified_time\" content=\"2015-08-31T06:45:04+00:00\" \/>\n<meta property=\"og:image\" content=\"http:\/\/www.heldenhaushalt.de\/sari02\/wp-content\/uploads\/2013\/09\/herbstkinder-sew-along-finale.jpg\" \/>\n<meta name=\"author\" content=\"Sari\" \/>\n<meta name=\"twitter:card\" content=\"summary_large_image\" \/>\n<meta name=\"twitter:creator\" content=\"@Heldenhaushalt\" \/>\n<meta name=\"twitter:site\" content=\"@Heldenhaushalt\" \/>\n<meta name=\"twitter:label1\" content=\"Verfasst von\" \/>\n\t<meta name=\"twitter:data1\" content=\"Sari\" \/>\n\t<meta name=\"twitter:label2\" content=\"Gesch\u00e4tzte Lesezeit\" \/>\n\t<meta name=\"twitter:data2\" content=\"3\u00a0Minuten\" \/>\n<script type=\"application\/ld+json\" class=\"yoast-schema-graph\">{\"@context\":\"https:\\\/\\\/schema.org\",\"@graph\":[{\"@type\":\"Article\",\"@id\":\"https:\\\/\\\/www.heldenhaushalt.de\\\/sari02\\\/index.php\\\/2015\\\/08\\\/31\\\/herbstkind-sew-along-der-startschuss\\\/#article\",\"isPartOf\":{\"@id\":\"https:\\\/\\\/www.heldenhaushalt.de\\\/sari02\\\/index.php\\\/2015\\\/08\\\/31\\\/herbstkind-sew-along-der-startschuss\\\/\"},\"author\":{\"name\":\"Sari\",\"@id\":\"https:\\\/\\\/www.heldenhaushalt.de\\\/sari02\\\/#\\\/schema\\\/person\\\/a1cc69f42a01f412eb62c151353814f6\"},\"headline\":\"Herbstkind-Sew Along &#8211; Der Startschuss\",\"datePublished\":\"2015-08-31T06:00:00+00:00\",\"dateModified\":\"2015-08-31T06:45:04+00:00\",\"mainEntityOfPage\":{\"@id\":\"https:\\\/\\\/www.heldenhaushalt.de\\\/sari02\\\/index.php\\\/2015\\\/08\\\/31\\\/herbstkind-sew-along-der-startschuss\\\/\"},\"wordCount\":625,\"commentCount\":2,\"publisher\":{\"@id\":\"https:\\\/\\\/www.heldenhaushalt.de\\\/sari02\\\/#\\\/schema\\\/person\\\/a1cc69f42a01f412eb62c151353814f6\"},\"image\":{\"@id\":\"https:\\\/\\\/www.heldenhaushalt.de\\\/sari02\\\/index.php\\\/2015\\\/08\\\/31\\\/herbstkind-sew-along-der-startschuss\\\/#primaryimage\"},\"thumbnailUrl\":\"http:\\\/\\\/www.heldenhaushalt.de\\\/sari02\\\/wp-content\\\/uploads\\\/2013\\\/09\\\/herbstkinder-sew-along-finale.jpg\",\"keywords\":[\"heldenkinder\",\"Herbst\",\"Herbstkinder Sew Along\",\"N\u00e4hen ist toll\"],\"articleSection\":[\"Aus Wolle &amp; Stoff\",\"Blogsph\u00e4re\"],\"inLanguage\":\"de\",\"potentialAction\":[{\"@type\":\"CommentAction\",\"name\":\"Comment\",\"target\":[\"https:\\\/\\\/www.heldenhaushalt.de\\\/sari02\\\/index.php\\\/2015\\\/08\\\/31\\\/herbstkind-sew-along-der-startschuss\\\/#respond\"]}]},{\"@type\":\"WebPage\",\"@id\":\"https:\\\/\\\/www.heldenhaushalt.de\\\/sari02\\\/index.php\\\/2015\\\/08\\\/31\\\/herbstkind-sew-along-der-startschuss\\\/\",\"url\":\"https:\\\/\\\/www.heldenhaushalt.de\\\/sari02\\\/index.php\\\/2015\\\/08\\\/31\\\/herbstkind-sew-along-der-startschuss\\\/\",\"name\":\"Herbstkind-Sew Along - Der Startschuss - Heldenhaushalt\",\"isPartOf\":{\"@id\":\"https:\\\/\\\/www.heldenhaushalt.de\\\/sari02\\\/#website\"},\"primaryImageOfPage\":{\"@id\":\"https:\\\/\\\/www.heldenhaushalt.de\\\/sari02\\\/index.php\\\/2015\\\/08\\\/31\\\/herbstkind-sew-along-der-startschuss\\\/#primaryimage\"},\"image\":{\"@id\":\"https:\\\/\\\/www.heldenhaushalt.de\\\/sari02\\\/index.php\\\/2015\\\/08\\\/31\\\/herbstkind-sew-along-der-startschuss\\\/#primaryimage\"},\"thumbnailUrl\":\"http:\\\/\\\/www.heldenhaushalt.de\\\/sari02\\\/wp-content\\\/uploads\\\/2013\\\/09\\\/herbstkinder-sew-along-finale.jpg\",\"datePublished\":\"2015-08-31T06:00:00+00:00\",\"dateModified\":\"2015-08-31T06:45:04+00:00\",\"description\":\"Auch Helden erleben den t\u00e4glichen Wahnsinn, den ein Alltag mit sich bringt und Frau Mondgras sitzt mittendrin. Berlinerin, Mutter, Ehefrau, Kreativling und auf der st\u00e4ndigen Suche nach Gl\u00fcck... Hier wird gen\u00e4ht, gebacken, gebastelt und auch mal \u00fcber den Alltag gemault.\",\"breadcrumb\":{\"@id\":\"https:\\\/\\\/www.heldenhaushalt.de\\\/sari02\\\/index.php\\\/2015\\\/08\\\/31\\\/herbstkind-sew-along-der-startschuss\\\/#breadcrumb\"},\"inLanguage\":\"de\",\"potentialAction\":[{\"@type\":\"ReadAction\",\"target\":[\"https:\\\/\\\/www.heldenhaushalt.de\\\/sari02\\\/index.php\\\/2015\\\/08\\\/31\\\/herbstkind-sew-along-der-startschuss\\\/\"]}]},{\"@type\":\"ImageObject\",\"inLanguage\":\"de\",\"@id\":\"https:\\\/\\\/www.heldenhaushalt.de\\\/sari02\\\/index.php\\\/2015\\\/08\\\/31\\\/herbstkind-sew-along-der-startschuss\\\/#primaryimage\",\"url\":\"https:\\\/\\\/www.heldenhaushalt.de\\\/sari02\\\/wp-content\\\/uploads\\\/2013\\\/09\\\/herbstkinder-sew-along-finale.jpg\",\"contentUrl\":\"https:\\\/\\\/www.heldenhaushalt.de\\\/sari02\\\/wp-content\\\/uploads\\\/2013\\\/09\\\/herbstkinder-sew-along-finale.jpg\",\"width\":505,\"height\":245},{\"@type\":\"BreadcrumbList\",\"@id\":\"https:\\\/\\\/www.heldenhaushalt.de\\\/sari02\\\/index.php\\\/2015\\\/08\\\/31\\\/herbstkind-sew-along-der-startschuss\\\/#breadcrumb\",\"itemListElement\":[{\"@type\":\"ListItem\",\"position\":1,\"name\":\"Startseite\",\"item\":\"https:\\\/\\\/www.heldenhaushalt.de\\\/sari02\\\/\"},{\"@type\":\"ListItem\",\"position\":2,\"name\":\"Herbstkind-Sew Along &#8211; Der Startschuss\"}]},{\"@type\":\"WebSite\",\"@id\":\"https:\\\/\\\/www.heldenhaushalt.de\\\/sari02\\\/#website\",\"url\":\"https:\\\/\\\/www.heldenhaushalt.de\\\/sari02\\\/\",\"name\":\"Heldenhaushalt\",\"description\":\"Wer es ordentlich haben will, der muss vorher anrufen\",\"publisher\":{\"@id\":\"https:\\\/\\\/www.heldenhaushalt.de\\\/sari02\\\/#\\\/schema\\\/person\\\/a1cc69f42a01f412eb62c151353814f6\"},\"potentialAction\":[{\"@type\":\"SearchAction\",\"target\":{\"@type\":\"EntryPoint\",\"urlTemplate\":\"https:\\\/\\\/www.heldenhaushalt.de\\\/sari02\\\/?s={search_term_string}\"},\"query-input\":{\"@type\":\"PropertyValueSpecification\",\"valueRequired\":true,\"valueName\":\"search_term_string\"}}],\"inLanguage\":\"de\"},{\"@type\":[\"Person\",\"Organization\"],\"@id\":\"https:\\\/\\\/www.heldenhaushalt.de\\\/sari02\\\/#\\\/schema\\\/person\\\/a1cc69f42a01f412eb62c151353814f6\",\"name\":\"Sari\",\"image\":{\"@type\":\"ImageObject\",\"inLanguage\":\"de\",\"@id\":\"https:\\\/\\\/www.heldenhaushalt.de\\\/sari02\\\/wp-content\\\/uploads\\\/2019\\\/02\\\/sari-april2018.png\",\"url\":\"https:\\\/\\\/www.heldenhaushalt.de\\\/sari02\\\/wp-content\\\/uploads\\\/2019\\\/02\\\/sari-april2018.png\",\"contentUrl\":\"https:\\\/\\\/www.heldenhaushalt.de\\\/sari02\\\/wp-content\\\/uploads\\\/2019\\\/02\\\/sari-april2018.png\",\"width\":500,\"height\":500,\"caption\":\"Sari\"},\"logo\":{\"@id\":\"https:\\\/\\\/www.heldenhaushalt.de\\\/sari02\\\/wp-content\\\/uploads\\\/2019\\\/02\\\/sari-april2018.png\"},\"description\":\"Frau Mondgras \u2013 Das bin ich, Sari. Gerne auch als Sari Mondgras bekannt und im Internet zu finden. 2-Fach-Mutter, Heldenehefrau, Kreativling, Harmonies\u00fcchtig und st\u00e4ndig auf der Suche nach Gl\u00fcck. Ich komme aus Berlin, bin hier aufgewachsen und lebe hier seit ich denken kann.\",\"sameAs\":[\"https:\\\/\\\/www.instagram.com\\\/heldenhaushalt\\\/\"],\"url\":\"https:\\\/\\\/www.heldenhaushalt.de\\\/sari02\\\/index.php\\\/author\\\/admin\\\/\"}]}<\/script>\n<!-- \/ Yoast SEO plugin. -->","yoast_head_json":{"title":"Herbstkind-Sew Along - Der Startschuss - Heldenhaushalt","description":"Auch Helden erleben den t\u00e4glichen Wahnsinn, den ein Alltag mit sich bringt und Frau Mondgras sitzt mittendrin. Berlinerin, Mutter, Ehefrau, Kreativling und auf der st\u00e4ndigen Suche nach Gl\u00fcck... Hier wird gen\u00e4ht, gebacken, gebastelt und auch mal \u00fcber den Alltag gemault.","robots":{"index":"index","follow":"follow","max-snippet":"max-snippet:-1","max-image-preview":"max-image-preview:large","max-video-preview":"max-video-preview:-1"},"canonical":"https:\/\/www.heldenhaushalt.de\/sari02\/index.php\/2015\/08\/31\/herbstkind-sew-along-der-startschuss\/","og_locale":"de_DE","og_type":"article","og_title":"Herbstkind-Sew Along - Der Startschuss - Heldenhaushalt","og_description":"Auch Helden erleben den t\u00e4glichen Wahnsinn, den ein Alltag mit sich bringt und Frau Mondgras sitzt mittendrin. Berlinerin, Mutter, Ehefrau, Kreativling und auf der st\u00e4ndigen Suche nach Gl\u00fcck... Hier wird gen\u00e4ht, gebacken, gebastelt und auch mal \u00fcber den Alltag gemault.","og_url":"https:\/\/www.heldenhaushalt.de\/sari02\/index.php\/2015\/08\/31\/herbstkind-sew-along-der-startschuss\/","og_site_name":"Heldenhaushalt","article_published_time":"2015-08-31T06:00:00+00:00","article_modified_time":"2015-08-31T06:45:04+00:00","og_image":[{"url":"http:\/\/www.heldenhaushalt.de\/sari02\/wp-content\/uploads\/2013\/09\/herbstkinder-sew-along-finale.jpg","type":"","width":"","height":""}],"author":"Sari","twitter_card":"summary_large_image","twitter_creator":"@Heldenhaushalt","twitter_site":"@Heldenhaushalt","twitter_misc":{"Verfasst von":"Sari","Gesch\u00e4tzte Lesezeit":"3\u00a0Minuten"},"schema":{"@context":"https:\/\/schema.org","@graph":[{"@type":"Article","@id":"https:\/\/www.heldenhaushalt.de\/sari02\/index.php\/2015\/08\/31\/herbstkind-sew-along-der-startschuss\/#article","isPartOf":{"@id":"https:\/\/www.heldenhaushalt.de\/sari02\/index.php\/2015\/08\/31\/herbstkind-sew-along-der-startschuss\/"},"author":{"name":"Sari","@id":"https:\/\/www.heldenhaushalt.de\/sari02\/#\/schema\/person\/a1cc69f42a01f412eb62c151353814f6"},"headline":"Herbstkind-Sew Along &#8211; Der Startschuss","datePublished":"2015-08-31T06:00:00+00:00","dateModified":"2015-08-31T06:45:04+00:00","mainEntityOfPage":{"@id":"https:\/\/www.heldenhaushalt.de\/sari02\/index.php\/2015\/08\/31\/herbstkind-sew-along-der-startschuss\/"},"wordCount":625,"commentCount":2,"publisher":{"@id":"https:\/\/www.heldenhaushalt.de\/sari02\/#\/schema\/person\/a1cc69f42a01f412eb62c151353814f6"},"image":{"@id":"https:\/\/www.heldenhaushalt.de\/sari02\/index.php\/2015\/08\/31\/herbstkind-sew-along-der-startschuss\/#primaryimage"},"thumbnailUrl":"http:\/\/www.heldenhaushalt.de\/sari02\/wp-content\/uploads\/2013\/09\/herbstkinder-sew-along-finale.jpg","keywords":["heldenkinder","Herbst","Herbstkinder Sew Along","N\u00e4hen ist toll"],"articleSection":["Aus Wolle &amp; Stoff","Blogsph\u00e4re"],"inLanguage":"de","potentialAction":[{"@type":"CommentAction","name":"Comment","target":["https:\/\/www.heldenhaushalt.de\/sari02\/index.php\/2015\/08\/31\/herbstkind-sew-along-der-startschuss\/#respond"]}]},{"@type":"WebPage","@id":"https:\/\/www.heldenhaushalt.de\/sari02\/index.php\/2015\/08\/31\/herbstkind-sew-along-der-startschuss\/","url":"https:\/\/www.heldenhaushalt.de\/sari02\/index.php\/2015\/08\/31\/herbstkind-sew-along-der-startschuss\/","name":"Herbstkind-Sew Along - Der Startschuss - Heldenhaushalt","isPartOf":{"@id":"https:\/\/www.heldenhaushalt.de\/sari02\/#website"},"primaryImageOfPage":{"@id":"https:\/\/www.heldenhaushalt.de\/sari02\/index.php\/2015\/08\/31\/herbstkind-sew-along-der-startschuss\/#primaryimage"},"image":{"@id":"https:\/\/www.heldenhaushalt.de\/sari02\/index.php\/2015\/08\/31\/herbstkind-sew-along-der-startschuss\/#primaryimage"},"thumbnailUrl":"http:\/\/www.heldenhaushalt.de\/sari02\/wp-content\/uploads\/2013\/09\/herbstkinder-sew-along-finale.jpg","datePublished":"2015-08-31T06:00:00+00:00","dateModified":"2015-08-31T06:45:04+00:00","description":"Auch Helden erleben den t\u00e4glichen Wahnsinn, den ein Alltag mit sich bringt und Frau Mondgras sitzt mittendrin. Berlinerin, Mutter, Ehefrau, Kreativling und auf der st\u00e4ndigen Suche nach Gl\u00fcck... Hier wird gen\u00e4ht, gebacken, gebastelt und auch mal \u00fcber den Alltag gemault.","breadcrumb":{"@id":"https:\/\/www.heldenhaushalt.de\/sari02\/index.php\/2015\/08\/31\/herbstkind-sew-along-der-startschuss\/#breadcrumb"},"inLanguage":"de","potentialAction":[{"@type":"ReadAction","target":["https:\/\/www.heldenhaushalt.de\/sari02\/index.php\/2015\/08\/31\/herbstkind-sew-along-der-startschuss\/"]}]},{"@type":"ImageObject","inLanguage":"de","@id":"https:\/\/www.heldenhaushalt.de\/sari02\/index.php\/2015\/08\/31\/herbstkind-sew-along-der-startschuss\/#primaryimage","url":"https:\/\/www.heldenhaushalt.de\/sari02\/wp-content\/uploads\/2013\/09\/herbstkinder-sew-along-finale.jpg","contentUrl":"https:\/\/www.heldenhaushalt.de\/sari02\/wp-content\/uploads\/2013\/09\/herbstkinder-sew-along-finale.jpg","width":505,"height":245},{"@type":"BreadcrumbList","@id":"https:\/\/www.heldenhaushalt.de\/sari02\/index.php\/2015\/08\/31\/herbstkind-sew-along-der-startschuss\/#breadcrumb","itemListElement":[{"@type":"ListItem","position":1,"name":"Startseite","item":"https:\/\/www.heldenhaushalt.de\/sari02\/"},{"@type":"ListItem","position":2,"name":"Herbstkind-Sew Along &#8211; Der Startschuss"}]},{"@type":"WebSite","@id":"https:\/\/www.heldenhaushalt.de\/sari02\/#website","url":"https:\/\/www.heldenhaushalt.de\/sari02\/","name":"Heldenhaushalt","description":"Wer es ordentlich haben will, der muss vorher anrufen","publisher":{"@id":"https:\/\/www.heldenhaushalt.de\/sari02\/#\/schema\/person\/a1cc69f42a01f412eb62c151353814f6"},"potentialAction":[{"@type":"SearchAction","target":{"@type":"EntryPoint","urlTemplate":"https:\/\/www.heldenhaushalt.de\/sari02\/?s={search_term_string}"},"query-input":{"@type":"PropertyValueSpecification","valueRequired":true,"valueName":"search_term_string"}}],"inLanguage":"de"},{"@type":["Person","Organization"],"@id":"https:\/\/www.heldenhaushalt.de\/sari02\/#\/schema\/person\/a1cc69f42a01f412eb62c151353814f6","name":"Sari","image":{"@type":"ImageObject","inLanguage":"de","@id":"https:\/\/www.heldenhaushalt.de\/sari02\/wp-content\/uploads\/2019\/02\/sari-april2018.png","url":"https:\/\/www.heldenhaushalt.de\/sari02\/wp-content\/uploads\/2019\/02\/sari-april2018.png","contentUrl":"https:\/\/www.heldenhaushalt.de\/sari02\/wp-content\/uploads\/2019\/02\/sari-april2018.png","width":500,"height":500,"caption":"Sari"},"logo":{"@id":"https:\/\/www.heldenhaushalt.de\/sari02\/wp-content\/uploads\/2019\/02\/sari-april2018.png"},"description":"Frau Mondgras \u2013 Das bin ich, Sari. Gerne auch als Sari Mondgras bekannt und im Internet zu finden. 2-Fach-Mutter, Heldenehefrau, Kreativling, Harmonies\u00fcchtig und st\u00e4ndig auf der Suche nach Gl\u00fcck. Ich komme aus Berlin, bin hier aufgewachsen und lebe hier seit ich denken kann.","sameAs":["https:\/\/www.instagram.com\/heldenhaushalt\/"],"url":"https:\/\/www.heldenhaushalt.de\/sari02\/index.php\/author\/admin\/"}]}},"views":4413,"_links":{"self":[{"href":"https:\/\/www.heldenhaushalt.de\/sari02\/index.php\/wp-json\/wp\/v2\/posts\/27058","targetHints":{"allow":["GET"]}}],"collection":[{"href":"https:\/\/www.heldenhaushalt.de\/sari02\/index.php\/wp-json\/wp\/v2\/posts"}],"about":[{"href":"https:\/\/www.heldenhaushalt.de\/sari02\/index.php\/wp-json\/wp\/v2\/types\/post"}],"author":[{"embeddable":true,"href":"https:\/\/www.heldenhaushalt.de\/sari02\/index.php\/wp-json\/wp\/v2\/users\/1"}],"replies":[{"embeddable":true,"href":"https:\/\/www.heldenhaushalt.de\/sari02\/index.php\/wp-json\/wp\/v2\/comments?post=27058"}],"version-history":[{"count":4,"href":"https:\/\/www.heldenhaushalt.de\/sari02\/index.php\/wp-json\/wp\/v2\/posts\/27058\/revisions"}],"predecessor-version":[{"id":27129,"href":"https:\/\/www.heldenhaushalt.de\/sari02\/index.php\/wp-json\/wp\/v2\/posts\/27058\/revisions\/27129"}],"wp:attachment":[{"href":"https:\/\/www.heldenhaushalt.de\/sari02\/index.php\/wp-json\/wp\/v2\/media?parent=27058"}],"wp:term":[{"taxonomy":"category","embeddable":true,"href":"https:\/\/www.heldenhaushalt.de\/sari02\/index.php\/wp-json\/wp\/v2\/categories?post=27058"},{"taxonomy":"post_tag","embeddable":true,"href":"https:\/\/www.heldenhaushalt.de\/sari02\/index.php\/wp-json\/wp\/v2\/tags?post=27058"}],"curies":[{"name":"wp","href":"https:\/\/api.w.org\/{rel}","templated":true}]}}