{"id":28019,"date":"2015-12-09T10:00:00","date_gmt":"2015-12-09T09:00:00","guid":{"rendered":"http:\/\/www.mondgras.de\/sari02\/?p=28019"},"modified":"2015-12-09T10:35:43","modified_gmt":"2015-12-09T09:35:43","slug":"mittwochs-mag-ich-fuer-das-baby-etwas-haekeln","status":"publish","type":"post","link":"https:\/\/www.heldenhaushalt.de\/sari02\/index.php\/2015\/12\/09\/mittwochs-mag-ich-fuer-das-baby-etwas-haekeln\/","title":{"rendered":"Mittwochs mag ich&#8230;f&#252;r das Baby etwas h&#228;keln"},"content":{"rendered":"<p><a href=\"http:\/\/frollein-pfau.blogspot.de\/2013\/03\/mittwochs-mag-ich-mmi.html\" target=\"_blank\"><img loading=\"lazy\" decoding=\"async\" class=\" aligncenter\" src=\"https:\/\/www.heldenhaushalt.de\/sari02\/wp-content\/uploads\/2015\/07\/MMI_Frollein-Pfau.png?w=640\" alt=\"\" width=\"170\" height=\"71\" \/><\/a><\/p>\n<p>Ich bin tats&#228;chlich fertig geworden, ja wirklich&#8230; Ich wei&#223; noch&#8230;f&#252;r die Decke des Minihelden habe ich damals einige Zeit gebraucht. Aber es musste ja auch unbedingt eine aus bunten Grannies werden und das war alleine schon vom Faden vern&#228;hen her eine recht aufwendige und m&#252;hselige Arbeit, die irgendwann keinen Spa&#223; mehr machte. Interessanter Weise entstand ja in den 5 Tagen nach seinem errechneten Entbindungstermin, wo ich auf ihn wartete, eine weitere kleine Wagendecke, die ich immer w&#228;hrend der Wartezeiten oder im Bus auf dem Weg zu den Kontrolluntersuchungen im Krankenhaus h&#228;kelte. Gut, sie bestand im Grunde nur aus St&#228;bchen und einfarbiger Wolle, da gab es nicht viel Zusatzarbeit und hat dadurch irgendwie auch mehr Spa&#223; gemacht&#8230;<\/p>\n<p><img loading=\"lazy\" decoding=\"async\" class=\"alignnone size-full wp-image-28082\" src=\"http:\/\/www.heldenhaushalt.de\/sari02\/wp-content\/uploads\/2015\/12\/schmusdecke02.jpg\" alt=\"schmusdecke02\" width=\"650\" height=\"645\" srcset=\"https:\/\/www.heldenhaushalt.de\/sari02\/wp-content\/uploads\/2015\/12\/schmusdecke02.jpg 650w, https:\/\/www.heldenhaushalt.de\/sari02\/wp-content\/uploads\/2015\/12\/schmusdecke02-150x150.jpg 150w, https:\/\/www.heldenhaushalt.de\/sari02\/wp-content\/uploads\/2015\/12\/schmusdecke02-300x298.jpg 300w\" sizes=\"auto, (max-width: 650px) 100vw, 650px\" \/><\/p>\n<p>Daher habe ich mich jetzt bei <a href=\"http:\/\/www.heldenhaushalt.de\/sari02\/index.php\/2015\/10\/23\/das-scheinbar-unendliche-babydecken-projekt\/\" target=\"_blank\">der Decke f&#252;r das Heldenkind<\/a> immer wieder mal zwischendurch gefragt, was mich geritten hatte da jetzt auf einmal wieder mit vielen Farben anzufangen&#8230;herrjeh. Ich hatte zwei Ziele bei diesem Projekt: Am Ende eine eigene Decke f&#252;r das Heldenkind zu haben, so wie eben f&#252;r den Minihelden, und gleichzeitig halt effektiv weiter Wolle zu verbrauchen. Ist mir auch beides gelungen, denn mitten drin gingen mir langsam die verschiedenen Farben aus und die Decke hatte nicht mal wirklich die H&#228;lfte von dem erreicht, was ich mir vorgenommen hatte, so dass ich anfing ein bisschen zu schummeln und zu tricksen, damit ich zumindest auf eine Gr&#246;&#223;e komme, die f&#252;r KInderwagen, Stubenbett und Wipper ausreichend ist. Kuscheldeckenformat halt. Und ja, das hat ziemlich genau hingehauen *lach*.<\/p>\n<p><img loading=\"lazy\" decoding=\"async\" class=\"alignnone size-full wp-image-28083 alignright\" src=\"http:\/\/www.heldenhaushalt.de\/sari02\/wp-content\/uploads\/2015\/12\/schmusedecke01.jpg\" alt=\"schmusedecke01\" width=\"250\" height=\"345\" srcset=\"https:\/\/www.heldenhaushalt.de\/sari02\/wp-content\/uploads\/2015\/12\/schmusedecke01.jpg 250w, https:\/\/www.heldenhaushalt.de\/sari02\/wp-content\/uploads\/2015\/12\/schmusedecke01-217x300.jpg 217w\" sizes=\"auto, (max-width: 250px) 100vw, 250px\" \/>Sie passt genau ein Mal &#252;ber den Cosi *lach*, und dabei habe ich nicht mal zwischendurch rangehalten. Damit hat sie auch die perfekte Gr&#246;&#223;e f&#252;r Kinder- und Stubenwagen. Ziel erreicht und sogar noch bevor das Heldenkind zu uns gestossen ist. Die &#228;tzenden F&#228;den habe ich dann einfach verschwinden lassen, in dem ich der Decke noch eine Umrandung verpasst habe, in die ich die F&#228;den einfach mit einh&#228;keln konnte. Ich finde sie jetzt im Endergebnis etwas bunt und unruhig, aber das Muster mag ich dennoch sehr. Vielleicht wage ich irgendwann nochmal eine mit 2 Farben dann nur, damit es nicht so chaotisch wirlkt.<\/p>\n<p>Was mir dann irgendwann auch noch auffiel, dass ich nahezu die gleichen Farben gew&#228;hlt habe, wie damals f&#252;r die 1. Decke des Minihelden *smile*. Keine Ahnung warum, es geschah eher unbewusst. Und nachdem ich nun so sch&#246;n wieder in den H&#228;kelfluss reingefunden habe, gab es direkt noch eine eigene Rassel f&#252;r das Heldenkind. Denn auch der Miniheld bekam<a href=\"http:\/\/www.heldenhaushalt.de\/sari02\/index.php\/2011\/05\/07\/quak-ich-bin-ein-frosch\/\" target=\"_blank\"> damals eine<\/a> geh&#228;kelt&#8230; Wer wei&#223;, vielleicht ziehe ich zwei so sentimentale Jungs gro&#223;, dass sie sp&#228;ter eine Kiste aus dem Keller hochholen und die Sachen ihren eigenen Kindern weitervererben *lach*. Und wenn nicht, auch nicht schlimm, denn ich habe dennoch das Gef&#252;hl mit viel Liebe und Herz f&#252;r meine Kinder sinnvoll die Zeit genutzt zu haben&#8230;<\/p>\n<p><img loading=\"lazy\" decoding=\"async\" class=\"alignnone size-full wp-image-28107\" src=\"http:\/\/www.heldenhaushalt.de\/sari02\/wp-content\/uploads\/2015\/12\/schmusedecke03.jpg\" alt=\"schmusedecke03\" width=\"650\" height=\"375\" srcset=\"https:\/\/www.heldenhaushalt.de\/sari02\/wp-content\/uploads\/2015\/12\/schmusedecke03.jpg 650w, https:\/\/www.heldenhaushalt.de\/sari02\/wp-content\/uploads\/2015\/12\/schmusedecke03-300x173.jpg 300w, https:\/\/www.heldenhaushalt.de\/sari02\/wp-content\/uploads\/2015\/12\/schmusedecke03-600x346.jpg 600w\" sizes=\"auto, (max-width: 650px) 100vw, 650px\" \/><\/p>\n<p>Wer wei&#223;, ob ich in n&#228;chster Zeit noch &#246;fter mal wieder zum H&#228;keln kommen. Ich habe einfach vergessen, wie entspannend das sein kann&#8230;hachjaaaa&#8230;<\/p>\n<p><img loading=\"lazy\" decoding=\"async\" class=\" size-full wp-image-24841 alignright\" src=\"https:\/\/www.heldenhaushalt.de \/sari02\/wp-content\/uploads\/2015\/01\/sari-unter.jpg?resize=130%2C59\" alt=\"sari-unter\" width=\"130\" height=\"59\" \/><\/p>\n<p>Gelistet bei <a href=\"http:\/\/www.kiddikram.blogspot.de\/\" target=\"_blank\">Kiddikram<\/a><\/p>\n<p>.<\/p>\n","protected":false},"excerpt":{"rendered":"<p>Ich bin tats&#228;chlich fertig geworden, ja wirklich&#8230; Ich wei&#223; noch&#8230;f&#252;r die Decke des Minihelden habe ich damals einige Zeit gebraucht. Aber es musste ja auch unbedingt eine aus bunten Grannies werden und das war alleine schon vom Faden vern&#228;hen her eine recht aufwendige und m&#252;hselige Arbeit, die irgendwann keinen Spa&#223; mehr machte. Interessanter Weise entstand ja in den 5 Tagen nach seinem errechneten Entbindungstermin, wo ich auf ihn wartete, eine weitere kleine Wagendecke, die ich immer w&#228;hrend der Wartezeiten oder im Bus auf dem Weg zu den Kontrolluntersuchungen im Krankenhaus h&#228;kelte. Gut, sie bestand im Grunde nur aus St&#228;bchen und einfarbiger Wolle, da gab es nicht viel Zusatzarbeit und hat dadurch irgendwie auch mehr Spa&#223; gemacht&#8230; Daher habe ich mich jetzt bei der Decke f&#252;r das Heldenkind immer wieder mal zwischendurch gefragt, was mich geritten hatte da jetzt auf einmal wieder mit vielen Farben anzufangen&#8230;herrjeh. Ich hatte zwei Ziele bei diesem Projekt: Am Ende eine eigene Decke f&#252;r das Heldenkind zu haben, so wie eben f&#252;r den Minihelden, und gleichzeitig halt effektiv weiter Wolle zu verbrauchen. Ist mir auch beides gelungen, denn mitten drin gingen mir langsam die verschiedenen Farben aus und die Decke hatte nicht mal wirklich die H&#228;lfte von dem erreicht, was ich mir vorgenommen hatte, so dass ich anfing ein bisschen zu schummeln und zu tricksen, damit ich zumindest auf eine Gr&#246;&#223;e komme, die f&#252;r KInderwagen, Stubenbett und Wipper ausreichend ist. Kuscheldeckenformat halt. Und ja, das hat ziemlich genau hingehauen *lach*. Sie passt genau ein Mal &#252;ber den Cosi *lach*, und dabei habe ich nicht mal zwischendurch rangehalten. Damit hat sie auch die perfekte Gr&#246;&#223;e f&#252;r Kinder- und Stubenwagen. Ziel erreicht und sogar noch bevor das Heldenkind zu uns gestossen ist. Die &#228;tzenden F&#228;den habe ich dann einfach verschwinden lassen, in dem ich der Decke noch eine Umrandung verpasst habe, in die ich die F&#228;den einfach mit einh&#228;keln konnte. Ich finde sie jetzt im Endergebnis etwas bunt und unruhig, aber das Muster mag ich dennoch sehr. Vielleicht wage ich irgendwann nochmal eine mit 2 Farben dann nur, damit es nicht so chaotisch wirlkt. Was mir dann irgendwann auch noch auffiel, dass ich nahezu die gleichen Farben gew&#228;hlt habe, wie damals f&#252;r die 1. Decke des Minihelden *smile*. Keine Ahnung warum, es geschah eher unbewusst. Und nachdem ich nun so sch&#246;n wieder in den H&#228;kelfluss reingefunden habe, gab es direkt noch eine eigene Rassel f&#252;r das Heldenkind. Denn auch der Miniheld bekam damals eine geh&#228;kelt&#8230; Wer wei&#223;, vielleicht ziehe ich zwei so sentimentale Jungs gro&#223;, dass sie sp&#228;ter eine Kiste aus dem Keller hochholen und die Sachen ihren eigenen Kindern weitervererben *lach*. Und wenn nicht, auch nicht schlimm, denn ich habe dennoch das Gef&#252;hl mit viel Liebe und Herz f&#252;r meine Kinder sinnvoll die Zeit genutzt zu haben&#8230; Wer wei&#223;, ob ich in n&#228;chster Zeit noch &#246;fter mal wieder zum H&#228;keln kommen. Ich habe einfach vergessen, wie entspannend das sein kann&#8230;hachjaaaa&#8230; Gelistet bei Kiddikram .<\/p>\n","protected":false},"author":1,"featured_media":0,"comment_status":"open","ping_status":"open","sticky":false,"template":"","format":"standard","meta":{"ngg_post_thumbnail":0,"footnotes":""},"categories":[224,321],"tags":[470,530,233,531],"class_list":["post-28019","post","type-post","status-publish","format-standard","hentry","category-handarbeiten","category-minimum","tag-babydecke","tag-handarbeiten","tag-haekeln","tag-haekeln-ist-toll"],"yoast_head":"<!-- This site is optimized with the Yoast SEO plugin v27.5 - https:\/\/yoast.com\/product\/yoast-seo-wordpress\/ -->\n<title>Mittwochs mag ich...f\u00fcr das Baby etwas h\u00e4keln - Heldenhaushalt<\/title>\n<meta name=\"description\" content=\"Auch Helden erleben den t\u00e4glichen Wahnsinn, den ein Alltag mit sich bringt und Frau Mondgras sitzt mittendrin. Berlinerin, Mutter, Ehefrau, Kreativling und auf der st\u00e4ndigen Suche nach Gl\u00fcck... Hier wird gen\u00e4ht, gebacken, gebastelt und auch mal \u00fcber den Alltag gemault.\" \/>\n<meta name=\"robots\" content=\"index, follow, max-snippet:-1, max-image-preview:large, max-video-preview:-1\" \/>\n<link rel=\"canonical\" href=\"https:\/\/www.heldenhaushalt.de\/sari02\/index.php\/2015\/12\/09\/mittwochs-mag-ich-fuer-das-baby-etwas-haekeln\/\" \/>\n<meta property=\"og:locale\" content=\"de_DE\" \/>\n<meta property=\"og:type\" content=\"article\" \/>\n<meta property=\"og:title\" content=\"Mittwochs mag ich...f\u00fcr das Baby etwas h\u00e4keln - Heldenhaushalt\" \/>\n<meta property=\"og:description\" content=\"Auch Helden erleben den t\u00e4glichen Wahnsinn, den ein Alltag mit sich bringt und Frau Mondgras sitzt mittendrin. Berlinerin, Mutter, Ehefrau, Kreativling und auf der st\u00e4ndigen Suche nach Gl\u00fcck... Hier wird gen\u00e4ht, gebacken, gebastelt und auch mal \u00fcber den Alltag gemault.\" \/>\n<meta property=\"og:url\" content=\"https:\/\/www.heldenhaushalt.de\/sari02\/index.php\/2015\/12\/09\/mittwochs-mag-ich-fuer-das-baby-etwas-haekeln\/\" \/>\n<meta property=\"og:site_name\" content=\"Heldenhaushalt\" \/>\n<meta property=\"article:published_time\" content=\"2015-12-09T09:00:00+00:00\" \/>\n<meta property=\"article:modified_time\" content=\"2015-12-09T09:35:43+00:00\" \/>\n<meta property=\"og:image\" content=\"https:\/\/www.heldenhaushalt.de\/sari02\/wp-content\/uploads\/2015\/07\/MMI_Frollein-Pfau.png?w=640\" \/>\n<meta name=\"author\" content=\"Sari\" \/>\n<meta name=\"twitter:card\" content=\"summary_large_image\" \/>\n<meta name=\"twitter:creator\" content=\"@Heldenhaushalt\" \/>\n<meta name=\"twitter:site\" content=\"@Heldenhaushalt\" \/>\n<meta name=\"twitter:label1\" content=\"Verfasst von\" \/>\n\t<meta name=\"twitter:data1\" content=\"Sari\" \/>\n\t<meta name=\"twitter:label2\" content=\"Gesch\u00e4tzte Lesezeit\" \/>\n\t<meta name=\"twitter:data2\" content=\"3\u00a0Minuten\" \/>\n<script type=\"application\/ld+json\" class=\"yoast-schema-graph\">{\"@context\":\"https:\\\/\\\/schema.org\",\"@graph\":[{\"@type\":\"Article\",\"@id\":\"https:\\\/\\\/www.heldenhaushalt.de\\\/sari02\\\/index.php\\\/2015\\\/12\\\/09\\\/mittwochs-mag-ich-fuer-das-baby-etwas-haekeln\\\/#article\",\"isPartOf\":{\"@id\":\"https:\\\/\\\/www.heldenhaushalt.de\\\/sari02\\\/index.php\\\/2015\\\/12\\\/09\\\/mittwochs-mag-ich-fuer-das-baby-etwas-haekeln\\\/\"},\"author\":{\"name\":\"Sari\",\"@id\":\"https:\\\/\\\/www.heldenhaushalt.de\\\/sari02\\\/#\\\/schema\\\/person\\\/a1cc69f42a01f412eb62c151353814f6\"},\"headline\":\"Mittwochs mag ich&#8230;f&#252;r das Baby etwas h&#228;keln\",\"datePublished\":\"2015-12-09T09:00:00+00:00\",\"dateModified\":\"2015-12-09T09:35:43+00:00\",\"mainEntityOfPage\":{\"@id\":\"https:\\\/\\\/www.heldenhaushalt.de\\\/sari02\\\/index.php\\\/2015\\\/12\\\/09\\\/mittwochs-mag-ich-fuer-das-baby-etwas-haekeln\\\/\"},\"wordCount\":525,\"commentCount\":10,\"publisher\":{\"@id\":\"https:\\\/\\\/www.heldenhaushalt.de\\\/sari02\\\/#\\\/schema\\\/person\\\/a1cc69f42a01f412eb62c151353814f6\"},\"image\":{\"@id\":\"https:\\\/\\\/www.heldenhaushalt.de\\\/sari02\\\/index.php\\\/2015\\\/12\\\/09\\\/mittwochs-mag-ich-fuer-das-baby-etwas-haekeln\\\/#primaryimage\"},\"thumbnailUrl\":\"https:\\\/\\\/www.heldenhaushalt.de\\\/sari02\\\/wp-content\\\/uploads\\\/2015\\\/07\\\/MMI_Frollein-Pfau.png?w=640\",\"keywords\":[\"Babydecke\",\"Handarbeiten\",\"H\u00e4keln\",\"H\u00e4keln ist toll\"],\"articleSection\":[\"Aus Wolle &amp; Stoff\",\"Heldenkinder\"],\"inLanguage\":\"de\",\"potentialAction\":[{\"@type\":\"CommentAction\",\"name\":\"Comment\",\"target\":[\"https:\\\/\\\/www.heldenhaushalt.de\\\/sari02\\\/index.php\\\/2015\\\/12\\\/09\\\/mittwochs-mag-ich-fuer-das-baby-etwas-haekeln\\\/#respond\"]}]},{\"@type\":\"WebPage\",\"@id\":\"https:\\\/\\\/www.heldenhaushalt.de\\\/sari02\\\/index.php\\\/2015\\\/12\\\/09\\\/mittwochs-mag-ich-fuer-das-baby-etwas-haekeln\\\/\",\"url\":\"https:\\\/\\\/www.heldenhaushalt.de\\\/sari02\\\/index.php\\\/2015\\\/12\\\/09\\\/mittwochs-mag-ich-fuer-das-baby-etwas-haekeln\\\/\",\"name\":\"Mittwochs mag ich...f\u00fcr das Baby etwas h\u00e4keln - Heldenhaushalt\",\"isPartOf\":{\"@id\":\"https:\\\/\\\/www.heldenhaushalt.de\\\/sari02\\\/#website\"},\"primaryImageOfPage\":{\"@id\":\"https:\\\/\\\/www.heldenhaushalt.de\\\/sari02\\\/index.php\\\/2015\\\/12\\\/09\\\/mittwochs-mag-ich-fuer-das-baby-etwas-haekeln\\\/#primaryimage\"},\"image\":{\"@id\":\"https:\\\/\\\/www.heldenhaushalt.de\\\/sari02\\\/index.php\\\/2015\\\/12\\\/09\\\/mittwochs-mag-ich-fuer-das-baby-etwas-haekeln\\\/#primaryimage\"},\"thumbnailUrl\":\"https:\\\/\\\/www.heldenhaushalt.de\\\/sari02\\\/wp-content\\\/uploads\\\/2015\\\/07\\\/MMI_Frollein-Pfau.png?w=640\",\"datePublished\":\"2015-12-09T09:00:00+00:00\",\"dateModified\":\"2015-12-09T09:35:43+00:00\",\"description\":\"Auch Helden erleben den t\u00e4glichen Wahnsinn, den ein Alltag mit sich bringt und Frau Mondgras sitzt mittendrin. Berlinerin, Mutter, Ehefrau, Kreativling und auf der st\u00e4ndigen Suche nach Gl\u00fcck... Hier wird gen\u00e4ht, gebacken, gebastelt und auch mal \u00fcber den Alltag gemault.\",\"breadcrumb\":{\"@id\":\"https:\\\/\\\/www.heldenhaushalt.de\\\/sari02\\\/index.php\\\/2015\\\/12\\\/09\\\/mittwochs-mag-ich-fuer-das-baby-etwas-haekeln\\\/#breadcrumb\"},\"inLanguage\":\"de\",\"potentialAction\":[{\"@type\":\"ReadAction\",\"target\":[\"https:\\\/\\\/www.heldenhaushalt.de\\\/sari02\\\/index.php\\\/2015\\\/12\\\/09\\\/mittwochs-mag-ich-fuer-das-baby-etwas-haekeln\\\/\"]}]},{\"@type\":\"ImageObject\",\"inLanguage\":\"de\",\"@id\":\"https:\\\/\\\/www.heldenhaushalt.de\\\/sari02\\\/index.php\\\/2015\\\/12\\\/09\\\/mittwochs-mag-ich-fuer-das-baby-etwas-haekeln\\\/#primaryimage\",\"url\":\"https:\\\/\\\/www.heldenhaushalt.de\\\/sari02\\\/wp-content\\\/uploads\\\/2015\\\/07\\\/MMI_Frollein-Pfau.png\",\"contentUrl\":\"https:\\\/\\\/www.heldenhaushalt.de\\\/sari02\\\/wp-content\\\/uploads\\\/2015\\\/07\\\/MMI_Frollein-Pfau.png\",\"width\":170,\"height\":71},{\"@type\":\"BreadcrumbList\",\"@id\":\"https:\\\/\\\/www.heldenhaushalt.de\\\/sari02\\\/index.php\\\/2015\\\/12\\\/09\\\/mittwochs-mag-ich-fuer-das-baby-etwas-haekeln\\\/#breadcrumb\",\"itemListElement\":[{\"@type\":\"ListItem\",\"position\":1,\"name\":\"Startseite\",\"item\":\"https:\\\/\\\/www.heldenhaushalt.de\\\/sari02\\\/\"},{\"@type\":\"ListItem\",\"position\":2,\"name\":\"Mittwochs mag ich&#8230;f&#252;r das Baby etwas h&#228;keln\"}]},{\"@type\":\"WebSite\",\"@id\":\"https:\\\/\\\/www.heldenhaushalt.de\\\/sari02\\\/#website\",\"url\":\"https:\\\/\\\/www.heldenhaushalt.de\\\/sari02\\\/\",\"name\":\"Heldenhaushalt\",\"description\":\"Wer es ordentlich haben will, der muss vorher anrufen\",\"publisher\":{\"@id\":\"https:\\\/\\\/www.heldenhaushalt.de\\\/sari02\\\/#\\\/schema\\\/person\\\/a1cc69f42a01f412eb62c151353814f6\"},\"potentialAction\":[{\"@type\":\"SearchAction\",\"target\":{\"@type\":\"EntryPoint\",\"urlTemplate\":\"https:\\\/\\\/www.heldenhaushalt.de\\\/sari02\\\/?s={search_term_string}\"},\"query-input\":{\"@type\":\"PropertyValueSpecification\",\"valueRequired\":true,\"valueName\":\"search_term_string\"}}],\"inLanguage\":\"de\"},{\"@type\":[\"Person\",\"Organization\"],\"@id\":\"https:\\\/\\\/www.heldenhaushalt.de\\\/sari02\\\/#\\\/schema\\\/person\\\/a1cc69f42a01f412eb62c151353814f6\",\"name\":\"Sari\",\"image\":{\"@type\":\"ImageObject\",\"inLanguage\":\"de\",\"@id\":\"https:\\\/\\\/www.heldenhaushalt.de\\\/sari02\\\/wp-content\\\/uploads\\\/2019\\\/02\\\/sari-april2018.png\",\"url\":\"https:\\\/\\\/www.heldenhaushalt.de\\\/sari02\\\/wp-content\\\/uploads\\\/2019\\\/02\\\/sari-april2018.png\",\"contentUrl\":\"https:\\\/\\\/www.heldenhaushalt.de\\\/sari02\\\/wp-content\\\/uploads\\\/2019\\\/02\\\/sari-april2018.png\",\"width\":500,\"height\":500,\"caption\":\"Sari\"},\"logo\":{\"@id\":\"https:\\\/\\\/www.heldenhaushalt.de\\\/sari02\\\/wp-content\\\/uploads\\\/2019\\\/02\\\/sari-april2018.png\"},\"description\":\"Frau Mondgras \u2013 Das bin ich, Sari. Gerne auch als Sari Mondgras bekannt und im Internet zu finden. 2-Fach-Mutter, Heldenehefrau, Kreativling, Harmonies\u00fcchtig und st\u00e4ndig auf der Suche nach Gl\u00fcck. Ich komme aus Berlin, bin hier aufgewachsen und lebe hier seit ich denken kann.\",\"sameAs\":[\"https:\\\/\\\/www.instagram.com\\\/heldenhaushalt\\\/\"],\"url\":\"https:\\\/\\\/www.heldenhaushalt.de\\\/sari02\\\/index.php\\\/author\\\/admin\\\/\"}]}<\/script>\n<!-- \/ Yoast SEO plugin. -->","yoast_head_json":{"title":"Mittwochs mag ich...f\u00fcr das Baby etwas h\u00e4keln - Heldenhaushalt","description":"Auch Helden erleben den t\u00e4glichen Wahnsinn, den ein Alltag mit sich bringt und Frau Mondgras sitzt mittendrin. Berlinerin, Mutter, Ehefrau, Kreativling und auf der st\u00e4ndigen Suche nach Gl\u00fcck... Hier wird gen\u00e4ht, gebacken, gebastelt und auch mal \u00fcber den Alltag gemault.","robots":{"index":"index","follow":"follow","max-snippet":"max-snippet:-1","max-image-preview":"max-image-preview:large","max-video-preview":"max-video-preview:-1"},"canonical":"https:\/\/www.heldenhaushalt.de\/sari02\/index.php\/2015\/12\/09\/mittwochs-mag-ich-fuer-das-baby-etwas-haekeln\/","og_locale":"de_DE","og_type":"article","og_title":"Mittwochs mag ich...f\u00fcr das Baby etwas h\u00e4keln - Heldenhaushalt","og_description":"Auch Helden erleben den t\u00e4glichen Wahnsinn, den ein Alltag mit sich bringt und Frau Mondgras sitzt mittendrin. Berlinerin, Mutter, Ehefrau, Kreativling und auf der st\u00e4ndigen Suche nach Gl\u00fcck... Hier wird gen\u00e4ht, gebacken, gebastelt und auch mal \u00fcber den Alltag gemault.","og_url":"https:\/\/www.heldenhaushalt.de\/sari02\/index.php\/2015\/12\/09\/mittwochs-mag-ich-fuer-das-baby-etwas-haekeln\/","og_site_name":"Heldenhaushalt","article_published_time":"2015-12-09T09:00:00+00:00","article_modified_time":"2015-12-09T09:35:43+00:00","og_image":[{"url":"https:\/\/www.heldenhaushalt.de\/sari02\/wp-content\/uploads\/2015\/07\/MMI_Frollein-Pfau.png?w=640","type":"","width":"","height":""}],"author":"Sari","twitter_card":"summary_large_image","twitter_creator":"@Heldenhaushalt","twitter_site":"@Heldenhaushalt","twitter_misc":{"Verfasst von":"Sari","Gesch\u00e4tzte Lesezeit":"3\u00a0Minuten"},"schema":{"@context":"https:\/\/schema.org","@graph":[{"@type":"Article","@id":"https:\/\/www.heldenhaushalt.de\/sari02\/index.php\/2015\/12\/09\/mittwochs-mag-ich-fuer-das-baby-etwas-haekeln\/#article","isPartOf":{"@id":"https:\/\/www.heldenhaushalt.de\/sari02\/index.php\/2015\/12\/09\/mittwochs-mag-ich-fuer-das-baby-etwas-haekeln\/"},"author":{"name":"Sari","@id":"https:\/\/www.heldenhaushalt.de\/sari02\/#\/schema\/person\/a1cc69f42a01f412eb62c151353814f6"},"headline":"Mittwochs mag ich&#8230;f&#252;r das Baby etwas h&#228;keln","datePublished":"2015-12-09T09:00:00+00:00","dateModified":"2015-12-09T09:35:43+00:00","mainEntityOfPage":{"@id":"https:\/\/www.heldenhaushalt.de\/sari02\/index.php\/2015\/12\/09\/mittwochs-mag-ich-fuer-das-baby-etwas-haekeln\/"},"wordCount":525,"commentCount":10,"publisher":{"@id":"https:\/\/www.heldenhaushalt.de\/sari02\/#\/schema\/person\/a1cc69f42a01f412eb62c151353814f6"},"image":{"@id":"https:\/\/www.heldenhaushalt.de\/sari02\/index.php\/2015\/12\/09\/mittwochs-mag-ich-fuer-das-baby-etwas-haekeln\/#primaryimage"},"thumbnailUrl":"https:\/\/www.heldenhaushalt.de\/sari02\/wp-content\/uploads\/2015\/07\/MMI_Frollein-Pfau.png?w=640","keywords":["Babydecke","Handarbeiten","H\u00e4keln","H\u00e4keln ist toll"],"articleSection":["Aus Wolle &amp; Stoff","Heldenkinder"],"inLanguage":"de","potentialAction":[{"@type":"CommentAction","name":"Comment","target":["https:\/\/www.heldenhaushalt.de\/sari02\/index.php\/2015\/12\/09\/mittwochs-mag-ich-fuer-das-baby-etwas-haekeln\/#respond"]}]},{"@type":"WebPage","@id":"https:\/\/www.heldenhaushalt.de\/sari02\/index.php\/2015\/12\/09\/mittwochs-mag-ich-fuer-das-baby-etwas-haekeln\/","url":"https:\/\/www.heldenhaushalt.de\/sari02\/index.php\/2015\/12\/09\/mittwochs-mag-ich-fuer-das-baby-etwas-haekeln\/","name":"Mittwochs mag ich...f\u00fcr das Baby etwas h\u00e4keln - Heldenhaushalt","isPartOf":{"@id":"https:\/\/www.heldenhaushalt.de\/sari02\/#website"},"primaryImageOfPage":{"@id":"https:\/\/www.heldenhaushalt.de\/sari02\/index.php\/2015\/12\/09\/mittwochs-mag-ich-fuer-das-baby-etwas-haekeln\/#primaryimage"},"image":{"@id":"https:\/\/www.heldenhaushalt.de\/sari02\/index.php\/2015\/12\/09\/mittwochs-mag-ich-fuer-das-baby-etwas-haekeln\/#primaryimage"},"thumbnailUrl":"https:\/\/www.heldenhaushalt.de\/sari02\/wp-content\/uploads\/2015\/07\/MMI_Frollein-Pfau.png?w=640","datePublished":"2015-12-09T09:00:00+00:00","dateModified":"2015-12-09T09:35:43+00:00","description":"Auch Helden erleben den t\u00e4glichen Wahnsinn, den ein Alltag mit sich bringt und Frau Mondgras sitzt mittendrin. Berlinerin, Mutter, Ehefrau, Kreativling und auf der st\u00e4ndigen Suche nach Gl\u00fcck... Hier wird gen\u00e4ht, gebacken, gebastelt und auch mal \u00fcber den Alltag gemault.","breadcrumb":{"@id":"https:\/\/www.heldenhaushalt.de\/sari02\/index.php\/2015\/12\/09\/mittwochs-mag-ich-fuer-das-baby-etwas-haekeln\/#breadcrumb"},"inLanguage":"de","potentialAction":[{"@type":"ReadAction","target":["https:\/\/www.heldenhaushalt.de\/sari02\/index.php\/2015\/12\/09\/mittwochs-mag-ich-fuer-das-baby-etwas-haekeln\/"]}]},{"@type":"ImageObject","inLanguage":"de","@id":"https:\/\/www.heldenhaushalt.de\/sari02\/index.php\/2015\/12\/09\/mittwochs-mag-ich-fuer-das-baby-etwas-haekeln\/#primaryimage","url":"https:\/\/www.heldenhaushalt.de\/sari02\/wp-content\/uploads\/2015\/07\/MMI_Frollein-Pfau.png","contentUrl":"https:\/\/www.heldenhaushalt.de\/sari02\/wp-content\/uploads\/2015\/07\/MMI_Frollein-Pfau.png","width":170,"height":71},{"@type":"BreadcrumbList","@id":"https:\/\/www.heldenhaushalt.de\/sari02\/index.php\/2015\/12\/09\/mittwochs-mag-ich-fuer-das-baby-etwas-haekeln\/#breadcrumb","itemListElement":[{"@type":"ListItem","position":1,"name":"Startseite","item":"https:\/\/www.heldenhaushalt.de\/sari02\/"},{"@type":"ListItem","position":2,"name":"Mittwochs mag ich&#8230;f&#252;r das Baby etwas h&#228;keln"}]},{"@type":"WebSite","@id":"https:\/\/www.heldenhaushalt.de\/sari02\/#website","url":"https:\/\/www.heldenhaushalt.de\/sari02\/","name":"Heldenhaushalt","description":"Wer es ordentlich haben will, der muss vorher anrufen","publisher":{"@id":"https:\/\/www.heldenhaushalt.de\/sari02\/#\/schema\/person\/a1cc69f42a01f412eb62c151353814f6"},"potentialAction":[{"@type":"SearchAction","target":{"@type":"EntryPoint","urlTemplate":"https:\/\/www.heldenhaushalt.de\/sari02\/?s={search_term_string}"},"query-input":{"@type":"PropertyValueSpecification","valueRequired":true,"valueName":"search_term_string"}}],"inLanguage":"de"},{"@type":["Person","Organization"],"@id":"https:\/\/www.heldenhaushalt.de\/sari02\/#\/schema\/person\/a1cc69f42a01f412eb62c151353814f6","name":"Sari","image":{"@type":"ImageObject","inLanguage":"de","@id":"https:\/\/www.heldenhaushalt.de\/sari02\/wp-content\/uploads\/2019\/02\/sari-april2018.png","url":"https:\/\/www.heldenhaushalt.de\/sari02\/wp-content\/uploads\/2019\/02\/sari-april2018.png","contentUrl":"https:\/\/www.heldenhaushalt.de\/sari02\/wp-content\/uploads\/2019\/02\/sari-april2018.png","width":500,"height":500,"caption":"Sari"},"logo":{"@id":"https:\/\/www.heldenhaushalt.de\/sari02\/wp-content\/uploads\/2019\/02\/sari-april2018.png"},"description":"Frau Mondgras \u2013 Das bin ich, Sari. Gerne auch als Sari Mondgras bekannt und im Internet zu finden. 2-Fach-Mutter, Heldenehefrau, Kreativling, Harmonies\u00fcchtig und st\u00e4ndig auf der Suche nach Gl\u00fcck. Ich komme aus Berlin, bin hier aufgewachsen und lebe hier seit ich denken kann.","sameAs":["https:\/\/www.instagram.com\/heldenhaushalt\/"],"url":"https:\/\/www.heldenhaushalt.de\/sari02\/index.php\/author\/admin\/"}]}},"views":6829,"_links":{"self":[{"href":"https:\/\/www.heldenhaushalt.de\/sari02\/index.php\/wp-json\/wp\/v2\/posts\/28019","targetHints":{"allow":["GET"]}}],"collection":[{"href":"https:\/\/www.heldenhaushalt.de\/sari02\/index.php\/wp-json\/wp\/v2\/posts"}],"about":[{"href":"https:\/\/www.heldenhaushalt.de\/sari02\/index.php\/wp-json\/wp\/v2\/types\/post"}],"author":[{"embeddable":true,"href":"https:\/\/www.heldenhaushalt.de\/sari02\/index.php\/wp-json\/wp\/v2\/users\/1"}],"replies":[{"embeddable":true,"href":"https:\/\/www.heldenhaushalt.de\/sari02\/index.php\/wp-json\/wp\/v2\/comments?post=28019"}],"version-history":[{"count":3,"href":"https:\/\/www.heldenhaushalt.de\/sari02\/index.php\/wp-json\/wp\/v2\/posts\/28019\/revisions"}],"predecessor-version":[{"id":28108,"href":"https:\/\/www.heldenhaushalt.de\/sari02\/index.php\/wp-json\/wp\/v2\/posts\/28019\/revisions\/28108"}],"wp:attachment":[{"href":"https:\/\/www.heldenhaushalt.de\/sari02\/index.php\/wp-json\/wp\/v2\/media?parent=28019"}],"wp:term":[{"taxonomy":"category","embeddable":true,"href":"https:\/\/www.heldenhaushalt.de\/sari02\/index.php\/wp-json\/wp\/v2\/categories?post=28019"},{"taxonomy":"post_tag","embeddable":true,"href":"https:\/\/www.heldenhaushalt.de\/sari02\/index.php\/wp-json\/wp\/v2\/tags?post=28019"}],"curies":[{"name":"wp","href":"https:\/\/api.w.org\/{rel}","templated":true}]}}