{"id":28481,"date":"2016-02-04T09:36:53","date_gmt":"2016-02-04T08:36:53","guid":{"rendered":"http:\/\/www.mondgras.de\/sari02\/?p=28481"},"modified":"2016-02-04T09:36:53","modified_gmt":"2016-02-04T08:36:53","slug":"das-grosse-faschingsdrama","status":"publish","type":"post","link":"https:\/\/www.heldenhaushalt.de\/sari02\/index.php\/2016\/02\/04\/das-grosse-faschingsdrama\/","title":{"rendered":"Das gro&#223;e Faschingsdrama&#8230;"},"content":{"rendered":"<p>Ich bin kein Fan von Fasching. So gar nicht. Ich wei&#223; nicht, wie meine Begeisterung als Kind war, aber sp&#228;testens, als ich als Erzieherin t&#228;tig wurde, wurde der Faschingstag schnell f&#252;r mich zu einem Anlass, um Urlaub zu nehmen. Das klingt jetzt etwas egoistisch den Kindern gegen&#252;ber, aber Fasching bedeutete auf Arbeit immer Stress. Sich mit den anderen Kindergruppen zu organisieren, das ging selten gut und irgendwie hatte jeder immer andere Anspr&#252;che an den Tag und somit war auch irgendwie immer jemand unzufrieden.Was nicht hei&#223;t, dass ich Verkleiden nicht toll f&#228;nde&#8230;ich mag zum Beispiel witziger Weise Motto-Parties sehr gerne und auch der Miniheld hat eine Verkleidungskiste.<\/p>\n<p><img loading=\"lazy\" decoding=\"async\" class=\"alignnone wp-image-24318\" src=\"www.heldenhaushalt.de\/sari02\/wp-content\/uploads\/2014\/11\/14-44-2.jpg?resize=505%2C278\" sizes=\"auto, (max-width: 505px) 100vw, 505px\" srcset=\"http:\/\/i0.wp.com\/www.heldenhaushalt.de\/sari02\/wp-content\/uploads\/2014\/11\/14-44-2.jpg?resize=300%2C165 300w, http:\/\/i0.wp.com\/www.heldenhaushalt.de\/sari02\/wp-content\/uploads\/2014\/11\/14-44-2.jpg?w=505 505w\" alt=\"14-44-2\" width=\"650\" height=\"358\" \/><\/p>\n<p>Wir sind ja nun seit &#252;ber einem Jahr Kita-Kind und damit steht f&#252;r uns nun das 2. Faschingsfest an. Im letzten Jahr war der Miniheld als Feuerwehrmann unterwegs und ich hatte es ziemlich einfach mit diesem Kost&#252;m, da der Miniheld sich das praktischer Weise schon vorher irgendwann mal von seinem Ersparten gekauft hatte, um zu Hause Feuerwehrmann spielen zu k&#246;nnen. Aber man kann ja nicht jedes Jahr so viel Gl&#252;ck haben, nicht wahr?<\/p>\n<p><img loading=\"lazy\" decoding=\"async\" class=\"size-full wp-image-28482 alignright\" src=\"http:\/\/www.heldenhaushalt.de\/sari02\/wp-content\/uploads\/2016\/02\/schlawiner01-02-e1454574762412.jpg\" alt=\"schlawiner01-02\" width=\"250\" height=\"268\" \/>In diesem Jahr wurden schon verschiedene Kost&#252;mw&#252;nsche ge&#228;ussert. Zauberer, Fu&#223;ballprofi, Schiri, Torwart und auch Fussballtrainer. Im Grunde w&#228;re auch das ganz gut machbar, da der Miniheld inzwischen eine gute Sammlung an Fu&#223;balltrikots hat Dank Oma und Opa und auch durch das Torwarttrikot, das ich ihm letztes Jahr gen&#228;ht hatte (das aber bald langsam etwas zu kurz wird), aber ehrlich gesagt finde ich das ganz sch&#246;n langweilig, da er die Sachen eh schon immer alle so in der Kita anzieht und er somit eigentlich nicht wirklich verkleidet w&#228;re. Nun &#8230;die Alternative w&#228;re etwas, das ich irgendwie bis n&#228;chsten Dienstag gewuppt bekommen m&#252;sste: Der Miniheld m&#246;chte gerne ein Yoda Kost&#252;m.<\/p>\n<p>Ihr konntet ja schon <a href=\"http:\/\/www.heldenhaushalt.de\/sari02\/index.php\/2016\/02\/03\/mittwochs-mag-ich-mich-in-den-kinderzimmern-austoben\/\" target=\"_blank\">gestern bei seiner Zimmergestaltung<\/a> das gro&#223;e Yoda-Poster sehen, dass zum Ausdruck seiner Vorliebe f&#252;r diesen gr&#252;nen kleinen Kauz\u00a0 in seinem Zimmer h&#228;ngt. Und genau ist das Problem, das ich dieses Mal habe. Ich bin zwar bei Burda auf ein sch&#246;nes und scheinbar recht<a href=\"https:\/\/www.burdastyle.de\/burda-style\/fasching\/jedi-meister-yoda-maerchen-figuren_pid_32_8652.html\" target=\"_blank\"> einfaches Schnittmuster <\/a>gestossen, aaaaaber&#8230;meine Overlock steht gut verpackt auf dem Dachboden des neuen Nestes und die normale Maschine wartet auch auf ihren Transport. Ob sich die Zeit also findet, um dem Kost&#252;mwunsch des Minihelden zu entsprechen ist eher fraglich&#8230;vielleicht also doch Fu&#223;ballspieler oder Torwart. Es ist ja nicht so, dass es nicht den Vorlieben des Minihelden entsprechen w&#252;rde *lach*. Und aufgeschoben ist ja nicht aufgehoben, oder? Das Yoda Kost&#252;m kann es ja im Zweifelsfall auch so f&#252;r Rollenspiele geben&#8230;<\/p>\n<p>Ich bin ja eh immer daf&#252;r, dass jedes Kinderzimmer eine Verkleidungskiste haben sollte, egal ob Jungen- oder M&#228;dchenzimmer, denn es regt die Fantasie der Kinder an und l&#228;d zu Rollenspielen ein. Als Kind hatte ich auch einen gro&#223;en Korb voll mit alten Kleidern meiner Mutter und alten Faschingskost&#252;men, H&#252;ten, T&#252;chern und Co&#8230;.und Ihr?<\/p>\n<p><img loading=\"lazy\" decoding=\"async\" class=\"size-full wp-image-24841 alignright\" src=\"www.heldenhaushalt.de\/sari02\/wp-content\/uploads\/2015\/01\/sari-unter.jpg?resize=130%2C59\" alt=\"sari-unter\" width=\"130\" height=\"59\" \/><\/p>\n","protected":false},"excerpt":{"rendered":"<p>Ich bin kein Fan von Fasching. So gar nicht. Ich wei&#223; nicht, wie meine Begeisterung als Kind war, aber sp&#228;testens, als ich als Erzieherin t&#228;tig wurde, wurde der Faschingstag schnell f&#252;r mich zu einem Anlass, um Urlaub zu nehmen. Das klingt jetzt etwas egoistisch den Kindern gegen&#252;ber, aber Fasching bedeutete auf Arbeit immer Stress. Sich mit den anderen Kindergruppen zu organisieren, das ging selten gut und irgendwie hatte jeder immer andere Anspr&#252;che an den Tag und somit war auch irgendwie immer jemand unzufrieden.Was nicht hei&#223;t, dass ich Verkleiden nicht toll f&#228;nde&#8230;ich mag zum Beispiel witziger Weise Motto-Parties sehr gerne und auch der Miniheld hat eine Verkleidungskiste. Wir sind ja nun seit &#252;ber einem Jahr Kita-Kind und damit steht f&#252;r uns nun das 2. Faschingsfest an. Im letzten Jahr war der Miniheld als Feuerwehrmann unterwegs und ich hatte es ziemlich einfach mit diesem Kost&#252;m, da der Miniheld sich das praktischer Weise schon vorher irgendwann mal von seinem Ersparten gekauft hatte, um zu Hause Feuerwehrmann spielen zu k&#246;nnen. Aber man kann ja nicht jedes Jahr so viel Gl&#252;ck haben, nicht wahr? In diesem Jahr wurden schon verschiedene Kost&#252;mw&#252;nsche ge&#228;ussert. Zauberer, Fu&#223;ballprofi, Schiri, Torwart und auch Fussballtrainer. Im Grunde w&#228;re auch das ganz gut machbar, da der Miniheld inzwischen eine gute Sammlung an Fu&#223;balltrikots hat Dank Oma und Opa und auch durch das Torwarttrikot, das ich ihm letztes Jahr gen&#228;ht hatte (das aber bald langsam etwas zu kurz wird), aber ehrlich gesagt finde ich das ganz sch&#246;n langweilig, da er die Sachen eh schon immer alle so in der Kita anzieht und er somit eigentlich nicht wirklich verkleidet w&#228;re. Nun &#8230;die Alternative w&#228;re etwas, das ich irgendwie bis n&#228;chsten Dienstag gewuppt bekommen m&#252;sste: Der Miniheld m&#246;chte gerne ein Yoda Kost&#252;m. Ihr konntet ja schon gestern bei seiner Zimmergestaltung das gro&#223;e Yoda-Poster sehen, dass zum Ausdruck seiner Vorliebe f&#252;r diesen gr&#252;nen kleinen Kauz\u00a0 in seinem Zimmer h&#228;ngt. Und genau ist das Problem, das ich dieses Mal habe. Ich bin zwar bei Burda auf ein sch&#246;nes und scheinbar recht einfaches Schnittmuster gestossen, aaaaaber&#8230;meine Overlock steht gut verpackt auf dem Dachboden des neuen Nestes und die normale Maschine wartet auch auf ihren Transport. Ob sich die Zeit also findet, um dem Kost&#252;mwunsch des Minihelden zu entsprechen ist eher fraglich&#8230;vielleicht also doch Fu&#223;ballspieler oder Torwart. Es ist ja nicht so, dass es nicht den Vorlieben des Minihelden entsprechen w&#252;rde *lach*. Und aufgeschoben ist ja nicht aufgehoben, oder? Das Yoda Kost&#252;m kann es ja im Zweifelsfall auch so f&#252;r Rollenspiele geben&#8230; Ich bin ja eh immer daf&#252;r, dass jedes Kinderzimmer eine Verkleidungskiste haben sollte, egal ob Jungen- oder M&#228;dchenzimmer, denn es regt die Fantasie der Kinder an und l&#228;d zu Rollenspielen ein. Als Kind hatte ich auch einen gro&#223;en Korb voll mit alten Kleidern meiner Mutter und alten Faschingskost&#252;men, H&#252;ten, T&#252;chern und Co&#8230;.und Ihr?<\/p>\n","protected":false},"author":1,"featured_media":0,"comment_status":"open","ping_status":"open","sticky":false,"template":"","format":"standard","meta":{"ngg_post_thumbnail":0,"footnotes":""},"categories":[224,321],"tags":[571,573,572],"class_list":["post-28481","post","type-post","status-publish","format-standard","hentry","category-handarbeiten","category-minimum","tag-fasching","tag-heldenalltag","tag-kostuem"],"yoast_head":"<!-- This site is optimized with the Yoast SEO plugin v27.5 - https:\/\/yoast.com\/product\/yoast-seo-wordpress\/ -->\n<title>Das gro\u00dfe Faschingsdrama... - Heldenhaushalt<\/title>\n<meta name=\"description\" content=\"Auch Helden erleben den t\u00e4glichen Wahnsinn, den ein Alltag mit sich bringt und Frau Mondgras sitzt mittendrin. Berlinerin, Mutter, Ehefrau, Kreativling und auf der st\u00e4ndigen Suche nach Gl\u00fcck... Hier wird gen\u00e4ht, gebacken, gebastelt und auch mal \u00fcber den Alltag gemault.\" \/>\n<meta name=\"robots\" content=\"index, follow, max-snippet:-1, max-image-preview:large, max-video-preview:-1\" \/>\n<link rel=\"canonical\" href=\"https:\/\/www.heldenhaushalt.de\/sari02\/index.php\/2016\/02\/04\/das-grosse-faschingsdrama\/\" \/>\n<meta property=\"og:locale\" content=\"de_DE\" \/>\n<meta property=\"og:type\" content=\"article\" \/>\n<meta property=\"og:title\" content=\"Das gro\u00dfe Faschingsdrama... - Heldenhaushalt\" \/>\n<meta property=\"og:description\" content=\"Auch Helden erleben den t\u00e4glichen Wahnsinn, den ein Alltag mit sich bringt und Frau Mondgras sitzt mittendrin. Berlinerin, Mutter, Ehefrau, Kreativling und auf der st\u00e4ndigen Suche nach Gl\u00fcck... Hier wird gen\u00e4ht, gebacken, gebastelt und auch mal \u00fcber den Alltag gemault.\" \/>\n<meta property=\"og:url\" content=\"https:\/\/www.heldenhaushalt.de\/sari02\/index.php\/2016\/02\/04\/das-grosse-faschingsdrama\/\" \/>\n<meta property=\"og:site_name\" content=\"Heldenhaushalt\" \/>\n<meta property=\"article:published_time\" content=\"2016-02-04T08:36:53+00:00\" \/>\n<meta property=\"og:image\" content=\"http:\/\/www.heldenhaushalt.de\/sari02\/wp-content\/uploads\/2014\/11\/14-44-2.jpg?resize=505%2C278\" \/>\n<meta name=\"author\" content=\"Sari\" \/>\n<meta name=\"twitter:card\" content=\"summary_large_image\" \/>\n<meta name=\"twitter:creator\" content=\"@Heldenhaushalt\" \/>\n<meta name=\"twitter:site\" content=\"@Heldenhaushalt\" \/>\n<meta name=\"twitter:label1\" content=\"Verfasst von\" \/>\n\t<meta name=\"twitter:data1\" content=\"Sari\" \/>\n\t<meta name=\"twitter:label2\" content=\"Gesch\u00e4tzte Lesezeit\" \/>\n\t<meta name=\"twitter:data2\" content=\"3\u00a0Minuten\" \/>\n<script type=\"application\/ld+json\" class=\"yoast-schema-graph\">{\"@context\":\"https:\\\/\\\/schema.org\",\"@graph\":[{\"@type\":\"Article\",\"@id\":\"https:\\\/\\\/www.heldenhaushalt.de\\\/sari02\\\/index.php\\\/2016\\\/02\\\/04\\\/das-grosse-faschingsdrama\\\/#article\",\"isPartOf\":{\"@id\":\"https:\\\/\\\/www.heldenhaushalt.de\\\/sari02\\\/index.php\\\/2016\\\/02\\\/04\\\/das-grosse-faschingsdrama\\\/\"},\"author\":{\"name\":\"Sari\",\"@id\":\"https:\\\/\\\/www.heldenhaushalt.de\\\/sari02\\\/#\\\/schema\\\/person\\\/a1cc69f42a01f412eb62c151353814f6\"},\"headline\":\"Das gro&#223;e Faschingsdrama&#8230;\",\"datePublished\":\"2016-02-04T08:36:53+00:00\",\"mainEntityOfPage\":{\"@id\":\"https:\\\/\\\/www.heldenhaushalt.de\\\/sari02\\\/index.php\\\/2016\\\/02\\\/04\\\/das-grosse-faschingsdrama\\\/\"},\"wordCount\":516,\"commentCount\":4,\"publisher\":{\"@id\":\"https:\\\/\\\/www.heldenhaushalt.de\\\/sari02\\\/#\\\/schema\\\/person\\\/a1cc69f42a01f412eb62c151353814f6\"},\"image\":{\"@id\":\"https:\\\/\\\/www.heldenhaushalt.de\\\/sari02\\\/index.php\\\/2016\\\/02\\\/04\\\/das-grosse-faschingsdrama\\\/#primaryimage\"},\"thumbnailUrl\":\"http:\\\/\\\/www.heldenhaushalt.de\\\/sari02\\\/wp-content\\\/uploads\\\/2016\\\/02\\\/schlawiner01-02-e1454574762412.jpg\",\"keywords\":[\"Fasching\",\"Heldenalltag\",\"Kost\u00fcm\"],\"articleSection\":[\"Aus Wolle &amp; Stoff\",\"Heldenkinder\"],\"inLanguage\":\"de\",\"potentialAction\":[{\"@type\":\"CommentAction\",\"name\":\"Comment\",\"target\":[\"https:\\\/\\\/www.heldenhaushalt.de\\\/sari02\\\/index.php\\\/2016\\\/02\\\/04\\\/das-grosse-faschingsdrama\\\/#respond\"]}]},{\"@type\":\"WebPage\",\"@id\":\"https:\\\/\\\/www.heldenhaushalt.de\\\/sari02\\\/index.php\\\/2016\\\/02\\\/04\\\/das-grosse-faschingsdrama\\\/\",\"url\":\"https:\\\/\\\/www.heldenhaushalt.de\\\/sari02\\\/index.php\\\/2016\\\/02\\\/04\\\/das-grosse-faschingsdrama\\\/\",\"name\":\"Das gro\u00dfe Faschingsdrama... - Heldenhaushalt\",\"isPartOf\":{\"@id\":\"https:\\\/\\\/www.heldenhaushalt.de\\\/sari02\\\/#website\"},\"primaryImageOfPage\":{\"@id\":\"https:\\\/\\\/www.heldenhaushalt.de\\\/sari02\\\/index.php\\\/2016\\\/02\\\/04\\\/das-grosse-faschingsdrama\\\/#primaryimage\"},\"image\":{\"@id\":\"https:\\\/\\\/www.heldenhaushalt.de\\\/sari02\\\/index.php\\\/2016\\\/02\\\/04\\\/das-grosse-faschingsdrama\\\/#primaryimage\"},\"thumbnailUrl\":\"http:\\\/\\\/www.heldenhaushalt.de\\\/sari02\\\/wp-content\\\/uploads\\\/2016\\\/02\\\/schlawiner01-02-e1454574762412.jpg\",\"datePublished\":\"2016-02-04T08:36:53+00:00\",\"description\":\"Auch Helden erleben den t\u00e4glichen Wahnsinn, den ein Alltag mit sich bringt und Frau Mondgras sitzt mittendrin. Berlinerin, Mutter, Ehefrau, Kreativling und auf der st\u00e4ndigen Suche nach Gl\u00fcck... Hier wird gen\u00e4ht, gebacken, gebastelt und auch mal \u00fcber den Alltag gemault.\",\"breadcrumb\":{\"@id\":\"https:\\\/\\\/www.heldenhaushalt.de\\\/sari02\\\/index.php\\\/2016\\\/02\\\/04\\\/das-grosse-faschingsdrama\\\/#breadcrumb\"},\"inLanguage\":\"de\",\"potentialAction\":[{\"@type\":\"ReadAction\",\"target\":[\"https:\\\/\\\/www.heldenhaushalt.de\\\/sari02\\\/index.php\\\/2016\\\/02\\\/04\\\/das-grosse-faschingsdrama\\\/\"]}]},{\"@type\":\"ImageObject\",\"inLanguage\":\"de\",\"@id\":\"https:\\\/\\\/www.heldenhaushalt.de\\\/sari02\\\/index.php\\\/2016\\\/02\\\/04\\\/das-grosse-faschingsdrama\\\/#primaryimage\",\"url\":\"https:\\\/\\\/www.heldenhaushalt.de\\\/sari02\\\/wp-content\\\/uploads\\\/2016\\\/02\\\/schlawiner01-02-e1454574762412.jpg\",\"contentUrl\":\"https:\\\/\\\/www.heldenhaushalt.de\\\/sari02\\\/wp-content\\\/uploads\\\/2016\\\/02\\\/schlawiner01-02-e1454574762412.jpg\",\"width\":250,\"height\":268},{\"@type\":\"BreadcrumbList\",\"@id\":\"https:\\\/\\\/www.heldenhaushalt.de\\\/sari02\\\/index.php\\\/2016\\\/02\\\/04\\\/das-grosse-faschingsdrama\\\/#breadcrumb\",\"itemListElement\":[{\"@type\":\"ListItem\",\"position\":1,\"name\":\"Startseite\",\"item\":\"https:\\\/\\\/www.heldenhaushalt.de\\\/sari02\\\/\"},{\"@type\":\"ListItem\",\"position\":2,\"name\":\"Das gro&#223;e Faschingsdrama&#8230;\"}]},{\"@type\":\"WebSite\",\"@id\":\"https:\\\/\\\/www.heldenhaushalt.de\\\/sari02\\\/#website\",\"url\":\"https:\\\/\\\/www.heldenhaushalt.de\\\/sari02\\\/\",\"name\":\"Heldenhaushalt\",\"description\":\"Wer es ordentlich haben will, der muss vorher anrufen\",\"publisher\":{\"@id\":\"https:\\\/\\\/www.heldenhaushalt.de\\\/sari02\\\/#\\\/schema\\\/person\\\/a1cc69f42a01f412eb62c151353814f6\"},\"potentialAction\":[{\"@type\":\"SearchAction\",\"target\":{\"@type\":\"EntryPoint\",\"urlTemplate\":\"https:\\\/\\\/www.heldenhaushalt.de\\\/sari02\\\/?s={search_term_string}\"},\"query-input\":{\"@type\":\"PropertyValueSpecification\",\"valueRequired\":true,\"valueName\":\"search_term_string\"}}],\"inLanguage\":\"de\"},{\"@type\":[\"Person\",\"Organization\"],\"@id\":\"https:\\\/\\\/www.heldenhaushalt.de\\\/sari02\\\/#\\\/schema\\\/person\\\/a1cc69f42a01f412eb62c151353814f6\",\"name\":\"Sari\",\"image\":{\"@type\":\"ImageObject\",\"inLanguage\":\"de\",\"@id\":\"https:\\\/\\\/www.heldenhaushalt.de\\\/sari02\\\/wp-content\\\/uploads\\\/2019\\\/02\\\/sari-april2018.png\",\"url\":\"https:\\\/\\\/www.heldenhaushalt.de\\\/sari02\\\/wp-content\\\/uploads\\\/2019\\\/02\\\/sari-april2018.png\",\"contentUrl\":\"https:\\\/\\\/www.heldenhaushalt.de\\\/sari02\\\/wp-content\\\/uploads\\\/2019\\\/02\\\/sari-april2018.png\",\"width\":500,\"height\":500,\"caption\":\"Sari\"},\"logo\":{\"@id\":\"https:\\\/\\\/www.heldenhaushalt.de\\\/sari02\\\/wp-content\\\/uploads\\\/2019\\\/02\\\/sari-april2018.png\"},\"description\":\"Frau Mondgras \u2013 Das bin ich, Sari. Gerne auch als Sari Mondgras bekannt und im Internet zu finden. 2-Fach-Mutter, Heldenehefrau, Kreativling, Harmonies\u00fcchtig und st\u00e4ndig auf der Suche nach Gl\u00fcck. Ich komme aus Berlin, bin hier aufgewachsen und lebe hier seit ich denken kann.\",\"sameAs\":[\"https:\\\/\\\/www.instagram.com\\\/heldenhaushalt\\\/\"],\"url\":\"https:\\\/\\\/www.heldenhaushalt.de\\\/sari02\\\/index.php\\\/author\\\/admin\\\/\"}]}<\/script>\n<!-- \/ Yoast SEO plugin. -->","yoast_head_json":{"title":"Das gro\u00dfe Faschingsdrama... - Heldenhaushalt","description":"Auch Helden erleben den t\u00e4glichen Wahnsinn, den ein Alltag mit sich bringt und Frau Mondgras sitzt mittendrin. Berlinerin, Mutter, Ehefrau, Kreativling und auf der st\u00e4ndigen Suche nach Gl\u00fcck... Hier wird gen\u00e4ht, gebacken, gebastelt und auch mal \u00fcber den Alltag gemault.","robots":{"index":"index","follow":"follow","max-snippet":"max-snippet:-1","max-image-preview":"max-image-preview:large","max-video-preview":"max-video-preview:-1"},"canonical":"https:\/\/www.heldenhaushalt.de\/sari02\/index.php\/2016\/02\/04\/das-grosse-faschingsdrama\/","og_locale":"de_DE","og_type":"article","og_title":"Das gro\u00dfe Faschingsdrama... - Heldenhaushalt","og_description":"Auch Helden erleben den t\u00e4glichen Wahnsinn, den ein Alltag mit sich bringt und Frau Mondgras sitzt mittendrin. Berlinerin, Mutter, Ehefrau, Kreativling und auf der st\u00e4ndigen Suche nach Gl\u00fcck... Hier wird gen\u00e4ht, gebacken, gebastelt und auch mal \u00fcber den Alltag gemault.","og_url":"https:\/\/www.heldenhaushalt.de\/sari02\/index.php\/2016\/02\/04\/das-grosse-faschingsdrama\/","og_site_name":"Heldenhaushalt","article_published_time":"2016-02-04T08:36:53+00:00","og_image":[{"url":"www.heldenhaushalt.de\/sari02\/wp-content\/uploads\/2014\/11\/14-44-2.jpg?resize=505%2C278","type":"","width":"","height":""}],"author":"Sari","twitter_card":"summary_large_image","twitter_creator":"@Heldenhaushalt","twitter_site":"@Heldenhaushalt","twitter_misc":{"Verfasst von":"Sari","Gesch\u00e4tzte Lesezeit":"3\u00a0Minuten"},"schema":{"@context":"https:\/\/schema.org","@graph":[{"@type":"Article","@id":"https:\/\/www.heldenhaushalt.de\/sari02\/index.php\/2016\/02\/04\/das-grosse-faschingsdrama\/#article","isPartOf":{"@id":"https:\/\/www.heldenhaushalt.de\/sari02\/index.php\/2016\/02\/04\/das-grosse-faschingsdrama\/"},"author":{"name":"Sari","@id":"https:\/\/www.heldenhaushalt.de\/sari02\/#\/schema\/person\/a1cc69f42a01f412eb62c151353814f6"},"headline":"Das gro&#223;e Faschingsdrama&#8230;","datePublished":"2016-02-04T08:36:53+00:00","mainEntityOfPage":{"@id":"https:\/\/www.heldenhaushalt.de\/sari02\/index.php\/2016\/02\/04\/das-grosse-faschingsdrama\/"},"wordCount":516,"commentCount":4,"publisher":{"@id":"https:\/\/www.heldenhaushalt.de\/sari02\/#\/schema\/person\/a1cc69f42a01f412eb62c151353814f6"},"image":{"@id":"https:\/\/www.heldenhaushalt.de\/sari02\/index.php\/2016\/02\/04\/das-grosse-faschingsdrama\/#primaryimage"},"thumbnailUrl":"http:\/\/www.heldenhaushalt.de\/sari02\/wp-content\/uploads\/2016\/02\/schlawiner01-02-e1454574762412.jpg","keywords":["Fasching","Heldenalltag","Kost\u00fcm"],"articleSection":["Aus Wolle &amp; Stoff","Heldenkinder"],"inLanguage":"de","potentialAction":[{"@type":"CommentAction","name":"Comment","target":["https:\/\/www.heldenhaushalt.de\/sari02\/index.php\/2016\/02\/04\/das-grosse-faschingsdrama\/#respond"]}]},{"@type":"WebPage","@id":"https:\/\/www.heldenhaushalt.de\/sari02\/index.php\/2016\/02\/04\/das-grosse-faschingsdrama\/","url":"https:\/\/www.heldenhaushalt.de\/sari02\/index.php\/2016\/02\/04\/das-grosse-faschingsdrama\/","name":"Das gro\u00dfe Faschingsdrama... - Heldenhaushalt","isPartOf":{"@id":"https:\/\/www.heldenhaushalt.de\/sari02\/#website"},"primaryImageOfPage":{"@id":"https:\/\/www.heldenhaushalt.de\/sari02\/index.php\/2016\/02\/04\/das-grosse-faschingsdrama\/#primaryimage"},"image":{"@id":"https:\/\/www.heldenhaushalt.de\/sari02\/index.php\/2016\/02\/04\/das-grosse-faschingsdrama\/#primaryimage"},"thumbnailUrl":"http:\/\/www.heldenhaushalt.de\/sari02\/wp-content\/uploads\/2016\/02\/schlawiner01-02-e1454574762412.jpg","datePublished":"2016-02-04T08:36:53+00:00","description":"Auch Helden erleben den t\u00e4glichen Wahnsinn, den ein Alltag mit sich bringt und Frau Mondgras sitzt mittendrin. Berlinerin, Mutter, Ehefrau, Kreativling und auf der st\u00e4ndigen Suche nach Gl\u00fcck... Hier wird gen\u00e4ht, gebacken, gebastelt und auch mal \u00fcber den Alltag gemault.","breadcrumb":{"@id":"https:\/\/www.heldenhaushalt.de\/sari02\/index.php\/2016\/02\/04\/das-grosse-faschingsdrama\/#breadcrumb"},"inLanguage":"de","potentialAction":[{"@type":"ReadAction","target":["https:\/\/www.heldenhaushalt.de\/sari02\/index.php\/2016\/02\/04\/das-grosse-faschingsdrama\/"]}]},{"@type":"ImageObject","inLanguage":"de","@id":"https:\/\/www.heldenhaushalt.de\/sari02\/index.php\/2016\/02\/04\/das-grosse-faschingsdrama\/#primaryimage","url":"https:\/\/www.heldenhaushalt.de\/sari02\/wp-content\/uploads\/2016\/02\/schlawiner01-02-e1454574762412.jpg","contentUrl":"https:\/\/www.heldenhaushalt.de\/sari02\/wp-content\/uploads\/2016\/02\/schlawiner01-02-e1454574762412.jpg","width":250,"height":268},{"@type":"BreadcrumbList","@id":"https:\/\/www.heldenhaushalt.de\/sari02\/index.php\/2016\/02\/04\/das-grosse-faschingsdrama\/#breadcrumb","itemListElement":[{"@type":"ListItem","position":1,"name":"Startseite","item":"https:\/\/www.heldenhaushalt.de\/sari02\/"},{"@type":"ListItem","position":2,"name":"Das gro&#223;e Faschingsdrama&#8230;"}]},{"@type":"WebSite","@id":"https:\/\/www.heldenhaushalt.de\/sari02\/#website","url":"https:\/\/www.heldenhaushalt.de\/sari02\/","name":"Heldenhaushalt","description":"Wer es ordentlich haben will, der muss vorher anrufen","publisher":{"@id":"https:\/\/www.heldenhaushalt.de\/sari02\/#\/schema\/person\/a1cc69f42a01f412eb62c151353814f6"},"potentialAction":[{"@type":"SearchAction","target":{"@type":"EntryPoint","urlTemplate":"https:\/\/www.heldenhaushalt.de\/sari02\/?s={search_term_string}"},"query-input":{"@type":"PropertyValueSpecification","valueRequired":true,"valueName":"search_term_string"}}],"inLanguage":"de"},{"@type":["Person","Organization"],"@id":"https:\/\/www.heldenhaushalt.de\/sari02\/#\/schema\/person\/a1cc69f42a01f412eb62c151353814f6","name":"Sari","image":{"@type":"ImageObject","inLanguage":"de","@id":"https:\/\/www.heldenhaushalt.de\/sari02\/wp-content\/uploads\/2019\/02\/sari-april2018.png","url":"https:\/\/www.heldenhaushalt.de\/sari02\/wp-content\/uploads\/2019\/02\/sari-april2018.png","contentUrl":"https:\/\/www.heldenhaushalt.de\/sari02\/wp-content\/uploads\/2019\/02\/sari-april2018.png","width":500,"height":500,"caption":"Sari"},"logo":{"@id":"https:\/\/www.heldenhaushalt.de\/sari02\/wp-content\/uploads\/2019\/02\/sari-april2018.png"},"description":"Frau Mondgras \u2013 Das bin ich, Sari. Gerne auch als Sari Mondgras bekannt und im Internet zu finden. 2-Fach-Mutter, Heldenehefrau, Kreativling, Harmonies\u00fcchtig und st\u00e4ndig auf der Suche nach Gl\u00fcck. Ich komme aus Berlin, bin hier aufgewachsen und lebe hier seit ich denken kann.","sameAs":["https:\/\/www.instagram.com\/heldenhaushalt\/"],"url":"https:\/\/www.heldenhaushalt.de\/sari02\/index.php\/author\/admin\/"}]}},"views":5529,"_links":{"self":[{"href":"https:\/\/www.heldenhaushalt.de\/sari02\/index.php\/wp-json\/wp\/v2\/posts\/28481","targetHints":{"allow":["GET"]}}],"collection":[{"href":"https:\/\/www.heldenhaushalt.de\/sari02\/index.php\/wp-json\/wp\/v2\/posts"}],"about":[{"href":"https:\/\/www.heldenhaushalt.de\/sari02\/index.php\/wp-json\/wp\/v2\/types\/post"}],"author":[{"embeddable":true,"href":"https:\/\/www.heldenhaushalt.de\/sari02\/index.php\/wp-json\/wp\/v2\/users\/1"}],"replies":[{"embeddable":true,"href":"https:\/\/www.heldenhaushalt.de\/sari02\/index.php\/wp-json\/wp\/v2\/comments?post=28481"}],"version-history":[{"count":1,"href":"https:\/\/www.heldenhaushalt.de\/sari02\/index.php\/wp-json\/wp\/v2\/posts\/28481\/revisions"}],"predecessor-version":[{"id":28483,"href":"https:\/\/www.heldenhaushalt.de\/sari02\/index.php\/wp-json\/wp\/v2\/posts\/28481\/revisions\/28483"}],"wp:attachment":[{"href":"https:\/\/www.heldenhaushalt.de\/sari02\/index.php\/wp-json\/wp\/v2\/media?parent=28481"}],"wp:term":[{"taxonomy":"category","embeddable":true,"href":"https:\/\/www.heldenhaushalt.de\/sari02\/index.php\/wp-json\/wp\/v2\/categories?post=28481"},{"taxonomy":"post_tag","embeddable":true,"href":"https:\/\/www.heldenhaushalt.de\/sari02\/index.php\/wp-json\/wp\/v2\/tags?post=28481"}],"curies":[{"name":"wp","href":"https:\/\/api.w.org\/{rel}","templated":true}]}}