{"id":28511,"date":"2016-02-16T10:59:38","date_gmt":"2016-02-16T09:59:38","guid":{"rendered":"http:\/\/www.mondgras.de\/sari02\/?p=28511"},"modified":"2016-02-15T11:10:27","modified_gmt":"2016-02-15T10:10:27","slug":"12-von-12-im-februar-nun-ist-es-offiziell","status":"publish","type":"post","link":"https:\/\/www.heldenhaushalt.de\/sari02\/index.php\/2016\/02\/16\/12-von-12-im-februar-nun-ist-es-offiziell\/","title":{"rendered":"12 von 12 im Februar&#8230;nun ist es offiziell&#8230;"},"content":{"rendered":"<p><a href=\"http:\/\/draussennurkaennchen.blogspot.de\/p\/12-von-12.html\" target=\"_blank\"><img loading=\"lazy\" decoding=\"async\" class=\" aligncenter\" src=\"https:\/\/www.heldenhaushalt.de\/sari02\/wp-content\/uploads\/2015\/07\/Bildschirmfoto-2012-07-13-um-18.43.40.png?w=640\" alt=\"\" width=\"320\" height=\"112\" \/><\/a><\/p>\n<p>Es l&#228;sst sich prima zwischen das Chaos einschieben, das<strong> 12 von 12<\/strong> von<a href=\"http:\/\/draussennurkaennchen.blogspot.de\/p\/12-von-12.html\" target=\"_blank\"> Drau&#223;en nur K&#228;nnchen<\/a> und dennoch bin ich doch einige Tage zu sp&#228;t. Am 12.02. war es wieder soweit und die Blogsph&#228;re knipste fleissig seinen Tagesablauf. Auch ich hatte das versucht, mit einigen Hindernissen und daher leider viel zu wenigen Fotos, wie ich bef&#252;rchte. Es begann n&#228;mlich damit, dass ich schlicht und einfach erst nach einigen Stunden an das Projekt dachte *drop*&#8230;<\/p>\n<p><img loading=\"lazy\" decoding=\"async\" class=\"alignnone size-full wp-image-28512\" src=\"http:\/\/www.heldenhaushalt.de\/sari02\/wp-content\/uploads\/2016\/02\/01.jpg\" alt=\"01\" width=\"650\" height=\"319\" srcset=\"https:\/\/www.heldenhaushalt.de\/sari02\/wp-content\/uploads\/2016\/02\/01.jpg 650w, https:\/\/www.heldenhaushalt.de\/sari02\/wp-content\/uploads\/2016\/02\/01-300x147.jpg 300w\" sizes=\"auto, (max-width: 650px) 100vw, 650px\" \/><\/p>\n<p>Stellt Euch vor, ich habe den Kinderwagen doch tats&#228;chlich mal daf&#252;r benutzt, wof&#252;r er normaler Weise gedacht ist: Zum Transport des Kindes und nicht irgendwelcher Wohnungsgegenst&#228;nde ^^ Allerdings ging es erstmal ganz spontan zum Frauenarzt etwas nachpr&#252;fen lassen&#8230;war aber soweit alles ok.<\/p>\n<p><img loading=\"lazy\" decoding=\"async\" class=\"alignnone size-full wp-image-28513\" src=\"http:\/\/www.heldenhaushalt.de\/sari02\/wp-content\/uploads\/2016\/02\/02.jpg\" alt=\"02\" width=\"650\" height=\"322\" srcset=\"https:\/\/www.heldenhaushalt.de\/sari02\/wp-content\/uploads\/2016\/02\/02.jpg 650w, https:\/\/www.heldenhaushalt.de\/sari02\/wp-content\/uploads\/2016\/02\/02-300x149.jpg 300w, https:\/\/www.heldenhaushalt.de\/sari02\/wp-content\/uploads\/2016\/02\/02-600x297.jpg 600w\" sizes=\"auto, (max-width: 650px) 100vw, 650px\" \/><\/p>\n<p>Danach steht der Termin beim B&#252;rgeramt an. Heute wird es n&#228;mlich offiziell gemacht, dass wir umziehen. Da ich allerdings einen, wie eben erw&#228;hnt, Termin bekommen habe, war vorher noch kurz Zeit den Sale im Klamottenladen abzuchecken ^^ .<\/p>\n<p><img loading=\"lazy\" decoding=\"async\" class=\"alignnone size-full wp-image-28514\" src=\"http:\/\/www.heldenhaushalt.de\/sari02\/wp-content\/uploads\/2016\/02\/03.jpg\" alt=\"03\" width=\"650\" height=\"317\" srcset=\"https:\/\/www.heldenhaushalt.de\/sari02\/wp-content\/uploads\/2016\/02\/03.jpg 650w, https:\/\/www.heldenhaushalt.de\/sari02\/wp-content\/uploads\/2016\/02\/03-300x146.jpg 300w, https:\/\/www.heldenhaushalt.de\/sari02\/wp-content\/uploads\/2016\/02\/03-600x293.jpg 600w\" sizes=\"auto, (max-width: 650px) 100vw, 650px\" \/><\/p>\n<p>Naaaaat&#252;rlich kommt man trotz Termin nicht p&#252;nktlich dran. Warum auch. Aber selbst schuld sage ich dann, wenn ich mit einem brullenden Baby rein komme, als ich endlich aufgerufen werde. W&#228;ren wir p&#252;nktlich dran gewesen, w&#228;re alles tutti gewesen. Aber gut&#8230; Danach eine schnelle St&#228;rkung und ab zur Post Nachsendeauftrag stellen.<\/p>\n<p><img loading=\"lazy\" decoding=\"async\" class=\"alignnone size-full wp-image-28515\" src=\"http:\/\/www.heldenhaushalt.de\/sari02\/wp-content\/uploads\/2016\/02\/04.jpg\" alt=\"04\" width=\"650\" height=\"319\" srcset=\"https:\/\/www.heldenhaushalt.de\/sari02\/wp-content\/uploads\/2016\/02\/04.jpg 650w, https:\/\/www.heldenhaushalt.de\/sari02\/wp-content\/uploads\/2016\/02\/04-300x147.jpg 300w, https:\/\/www.heldenhaushalt.de\/sari02\/wp-content\/uploads\/2016\/02\/04-600x294.jpg 600w\" sizes=\"auto, (max-width: 650px) 100vw, 650px\" \/><\/p>\n<p>Dem Gro&#223;en hatte ich dann versprochen ihn direkt danach aus der Kita abzuholen und er hatte Gl&#252;ck, denn Mama hat was vom geliebten Yoda im Sale abgestaubt, was sofort stolz angezogen wurde. Danach hie&#223; es erstmal Stirn k&#252;hlen. Ja, bl&#246;d, wenn Mama die Beule entdeckt, die das Kind in der Kita nicht gezeigt und dementsprechend nicht gek&#252;hlt hat. Da kennt Mama gaaaaar nix&#8230;schon gar nicht, wenn es um den Kopf geht.<\/p>\n<p><img loading=\"lazy\" decoding=\"async\" class=\"alignnone size-full wp-image-28516\" src=\"http:\/\/www.heldenhaushalt.de\/sari02\/wp-content\/uploads\/2016\/02\/05.jpg\" alt=\"05\" width=\"650\" height=\"319\" srcset=\"https:\/\/www.heldenhaushalt.de\/sari02\/wp-content\/uploads\/2016\/02\/05.jpg 650w, https:\/\/www.heldenhaushalt.de\/sari02\/wp-content\/uploads\/2016\/02\/05-300x147.jpg 300w, https:\/\/www.heldenhaushalt.de\/sari02\/wp-content\/uploads\/2016\/02\/05-600x294.jpg 600w\" sizes=\"auto, (max-width: 650px) 100vw, 650px\" \/><\/p>\n<p>Und dann kam doch tats&#228;chlich das allererste offizielle Paket ins neue Nest geflattert und ja, ich bin ein Lemming, ich bin auf den Lightbox-Zug aufgesprungen, aber es sieht soooooo toll aus und meien Tante, die sp&#228;ter kam, fragte direkt nach dem Shop, weil sie das so genial fand, dass sie f&#252;r sich auch eine bestellen wollte.<\/p>\n<p><img loading=\"lazy\" decoding=\"async\" class=\"alignnone size-full wp-image-28517\" src=\"http:\/\/www.heldenhaushalt.de\/sari02\/wp-content\/uploads\/2016\/02\/06.jpg\" alt=\"06\" width=\"650\" height=\"397\" srcset=\"https:\/\/www.heldenhaushalt.de\/sari02\/wp-content\/uploads\/2016\/02\/06.jpg 650w, https:\/\/www.heldenhaushalt.de\/sari02\/wp-content\/uploads\/2016\/02\/06-300x183.jpg 300w, https:\/\/www.heldenhaushalt.de\/sari02\/wp-content\/uploads\/2016\/02\/06-600x366.jpg 600w\" sizes=\"auto, (max-width: 650px) 100vw, 650px\" \/><\/p>\n<p>Und da ist der fehlende Platz&#8230;nur ein 11. Foto, aber daf&#252;r eines voller Liebe, denn am Abend hie&#223; es bei den Heldenkinder einfach nur kuscheln. Ich liebe den Minihelden daf&#252;r, dass er seinen kleinen Bruder so verg&#246;ttert&#8230;.<\/p>\n<p><img loading=\"lazy\" decoding=\"async\" class=\" size-full wp-image-24841 alignright\" src=\"https:\/\/www.heldenhaushalt.de \/sari02\/wp-content\/uploads\/2015\/01\/sari-unter.jpg?resize=130%2C59\" alt=\"sari-unter\" width=\"130\" height=\"59\" \/><\/p>\n<p>Und wie war bei euch der letzte Freitag so? Kaum zu glauben, dass es <a href=\"http:\/\/www.heldenhaushalt.de\/sari02\/index.php\/2016\/01\/14\/12-von-12-im-januar-von-babies-und-neuen-schluesseln\/\" target=\"_blank\">beim letzten 12 von 12 <\/a>gerade anfing mit dem Umzug und wir nun langsam auf der Zielgeraden sind&#8230;<\/p>\n","protected":false},"excerpt":{"rendered":"<p>Es l&#228;sst sich prima zwischen das Chaos einschieben, das 12 von 12 von Drau&#223;en nur K&#228;nnchen und dennoch bin ich doch einige Tage zu sp&#228;t. Am 12.02. war es wieder soweit und die Blogsph&#228;re knipste fleissig seinen Tagesablauf. Auch ich hatte das versucht, mit einigen Hindernissen und daher leider viel zu wenigen Fotos, wie ich bef&#252;rchte. Es begann n&#228;mlich damit, dass ich schlicht und einfach erst nach einigen Stunden an das Projekt dachte *drop*&#8230; Stellt Euch vor, ich habe den Kinderwagen doch tats&#228;chlich mal daf&#252;r benutzt, wof&#252;r er normaler Weise gedacht ist: Zum Transport des Kindes und nicht irgendwelcher Wohnungsgegenst&#228;nde ^^ Allerdings ging es erstmal ganz spontan zum Frauenarzt etwas nachpr&#252;fen lassen&#8230;war aber soweit alles ok. Danach steht der Termin beim B&#252;rgeramt an. Heute wird es n&#228;mlich offiziell gemacht, dass wir umziehen. Da ich allerdings einen, wie eben erw&#228;hnt, Termin bekommen habe, war vorher noch kurz Zeit den Sale im Klamottenladen abzuchecken ^^ . Naaaaat&#252;rlich kommt man trotz Termin nicht p&#252;nktlich dran. Warum auch. Aber selbst schuld sage ich dann, wenn ich mit einem brullenden Baby rein komme, als ich endlich aufgerufen werde. W&#228;ren wir p&#252;nktlich dran gewesen, w&#228;re alles tutti gewesen. Aber gut&#8230; Danach eine schnelle St&#228;rkung und ab zur Post Nachsendeauftrag stellen. Dem Gro&#223;en hatte ich dann versprochen ihn direkt danach aus der Kita abzuholen und er hatte Gl&#252;ck, denn Mama hat was vom geliebten Yoda im Sale abgestaubt, was sofort stolz angezogen wurde. Danach hie&#223; es erstmal Stirn k&#252;hlen. Ja, bl&#246;d, wenn Mama die Beule entdeckt, die das Kind in der Kita nicht gezeigt und dementsprechend nicht gek&#252;hlt hat. Da kennt Mama gaaaaar nix&#8230;schon gar nicht, wenn es um den Kopf geht. Und dann kam doch tats&#228;chlich das allererste offizielle Paket ins neue Nest geflattert und ja, ich bin ein Lemming, ich bin auf den Lightbox-Zug aufgesprungen, aber es sieht soooooo toll aus und meien Tante, die sp&#228;ter kam, fragte direkt nach dem Shop, weil sie das so genial fand, dass sie f&#252;r sich auch eine bestellen wollte. Und da ist der fehlende Platz&#8230;nur ein 11. Foto, aber daf&#252;r eines voller Liebe, denn am Abend hie&#223; es bei den Heldenkinder einfach nur kuscheln. Ich liebe den Minihelden daf&#252;r, dass er seinen kleinen Bruder so verg&#246;ttert&#8230;. Und wie war bei euch der letzte Freitag so? Kaum zu glauben, dass es beim letzten 12 von 12 gerade anfing mit dem Umzug und wir nun langsam auf der Zielgeraden sind&#8230;<\/p>\n","protected":false},"author":1,"featured_media":0,"comment_status":"open","ping_status":"open","sticky":false,"template":"","format":"standard","meta":{"ngg_post_thumbnail":0,"footnotes":""},"categories":[323,49,106],"tags":[],"class_list":["post-28511","post","type-post","status-publish","format-standard","hentry","category-alltag","category-blogspaehre","category-fotografie"],"yoast_head":"<!-- This site is optimized with the Yoast SEO plugin v27.5 - https:\/\/yoast.com\/product\/yoast-seo-wordpress\/ -->\n<title>12 von 12 im Februar...nun ist es offiziell... - Heldenhaushalt<\/title>\n<meta name=\"description\" content=\"Auch Helden erleben den t\u00e4glichen Wahnsinn, den ein Alltag mit sich bringt und Frau Mondgras sitzt mittendrin. Berlinerin, Mutter, Ehefrau, Kreativling und auf der st\u00e4ndigen Suche nach Gl\u00fcck... Hier wird gen\u00e4ht, gebacken, gebastelt und auch mal \u00fcber den Alltag gemault.\" \/>\n<meta name=\"robots\" content=\"index, follow, max-snippet:-1, max-image-preview:large, max-video-preview:-1\" \/>\n<link rel=\"canonical\" href=\"https:\/\/www.heldenhaushalt.de\/sari02\/index.php\/2016\/02\/16\/12-von-12-im-februar-nun-ist-es-offiziell\/\" \/>\n<meta property=\"og:locale\" content=\"de_DE\" \/>\n<meta property=\"og:type\" content=\"article\" \/>\n<meta property=\"og:title\" content=\"12 von 12 im Februar...nun ist es offiziell... - Heldenhaushalt\" \/>\n<meta property=\"og:description\" content=\"Auch Helden erleben den t\u00e4glichen Wahnsinn, den ein Alltag mit sich bringt und Frau Mondgras sitzt mittendrin. Berlinerin, Mutter, Ehefrau, Kreativling und auf der st\u00e4ndigen Suche nach Gl\u00fcck... Hier wird gen\u00e4ht, gebacken, gebastelt und auch mal \u00fcber den Alltag gemault.\" \/>\n<meta property=\"og:url\" content=\"https:\/\/www.heldenhaushalt.de\/sari02\/index.php\/2016\/02\/16\/12-von-12-im-februar-nun-ist-es-offiziell\/\" \/>\n<meta property=\"og:site_name\" content=\"Heldenhaushalt\" \/>\n<meta property=\"article:published_time\" content=\"2016-02-16T09:59:38+00:00\" \/>\n<meta property=\"og:image\" content=\"https:\/\/www.heldenhaushalt.de\/sari02\/wp-content\/uploads\/2015\/07\/Bildschirmfoto-2012-07-13-um-18.43.40.png?w=640\" \/>\n<meta name=\"author\" content=\"Sari\" \/>\n<meta name=\"twitter:card\" content=\"summary_large_image\" \/>\n<meta name=\"twitter:creator\" content=\"@Heldenhaushalt\" \/>\n<meta name=\"twitter:site\" content=\"@Heldenhaushalt\" \/>\n<meta name=\"twitter:label1\" content=\"Verfasst von\" \/>\n\t<meta name=\"twitter:data1\" content=\"Sari\" \/>\n\t<meta name=\"twitter:label2\" content=\"Gesch\u00e4tzte Lesezeit\" \/>\n\t<meta name=\"twitter:data2\" content=\"2\u00a0Minuten\" \/>\n<script type=\"application\/ld+json\" class=\"yoast-schema-graph\">{\"@context\":\"https:\\\/\\\/schema.org\",\"@graph\":[{\"@type\":\"Article\",\"@id\":\"https:\\\/\\\/www.heldenhaushalt.de\\\/sari02\\\/index.php\\\/2016\\\/02\\\/16\\\/12-von-12-im-februar-nun-ist-es-offiziell\\\/#article\",\"isPartOf\":{\"@id\":\"https:\\\/\\\/www.heldenhaushalt.de\\\/sari02\\\/index.php\\\/2016\\\/02\\\/16\\\/12-von-12-im-februar-nun-ist-es-offiziell\\\/\"},\"author\":{\"name\":\"Sari\",\"@id\":\"https:\\\/\\\/www.heldenhaushalt.de\\\/sari02\\\/#\\\/schema\\\/person\\\/a1cc69f42a01f412eb62c151353814f6\"},\"headline\":\"12 von 12 im Februar&#8230;nun ist es offiziell&#8230;\",\"datePublished\":\"2016-02-16T09:59:38+00:00\",\"mainEntityOfPage\":{\"@id\":\"https:\\\/\\\/www.heldenhaushalt.de\\\/sari02\\\/index.php\\\/2016\\\/02\\\/16\\\/12-von-12-im-februar-nun-ist-es-offiziell\\\/\"},\"wordCount\":433,\"commentCount\":3,\"publisher\":{\"@id\":\"https:\\\/\\\/www.heldenhaushalt.de\\\/sari02\\\/#\\\/schema\\\/person\\\/a1cc69f42a01f412eb62c151353814f6\"},\"image\":{\"@id\":\"https:\\\/\\\/www.heldenhaushalt.de\\\/sari02\\\/index.php\\\/2016\\\/02\\\/16\\\/12-von-12-im-februar-nun-ist-es-offiziell\\\/#primaryimage\"},\"thumbnailUrl\":\"https:\\\/\\\/www.heldenhaushalt.de\\\/sari02\\\/wp-content\\\/uploads\\\/2015\\\/07\\\/Bildschirmfoto-2012-07-13-um-18.43.40.png?w=640\",\"articleSection\":[\"Alltagschaos\",\"Blogsph\u00e4re\",\"Fotografie\"],\"inLanguage\":\"de\",\"potentialAction\":[{\"@type\":\"CommentAction\",\"name\":\"Comment\",\"target\":[\"https:\\\/\\\/www.heldenhaushalt.de\\\/sari02\\\/index.php\\\/2016\\\/02\\\/16\\\/12-von-12-im-februar-nun-ist-es-offiziell\\\/#respond\"]}]},{\"@type\":\"WebPage\",\"@id\":\"https:\\\/\\\/www.heldenhaushalt.de\\\/sari02\\\/index.php\\\/2016\\\/02\\\/16\\\/12-von-12-im-februar-nun-ist-es-offiziell\\\/\",\"url\":\"https:\\\/\\\/www.heldenhaushalt.de\\\/sari02\\\/index.php\\\/2016\\\/02\\\/16\\\/12-von-12-im-februar-nun-ist-es-offiziell\\\/\",\"name\":\"12 von 12 im Februar...nun ist es offiziell... - Heldenhaushalt\",\"isPartOf\":{\"@id\":\"https:\\\/\\\/www.heldenhaushalt.de\\\/sari02\\\/#website\"},\"primaryImageOfPage\":{\"@id\":\"https:\\\/\\\/www.heldenhaushalt.de\\\/sari02\\\/index.php\\\/2016\\\/02\\\/16\\\/12-von-12-im-februar-nun-ist-es-offiziell\\\/#primaryimage\"},\"image\":{\"@id\":\"https:\\\/\\\/www.heldenhaushalt.de\\\/sari02\\\/index.php\\\/2016\\\/02\\\/16\\\/12-von-12-im-februar-nun-ist-es-offiziell\\\/#primaryimage\"},\"thumbnailUrl\":\"https:\\\/\\\/www.heldenhaushalt.de\\\/sari02\\\/wp-content\\\/uploads\\\/2015\\\/07\\\/Bildschirmfoto-2012-07-13-um-18.43.40.png?w=640\",\"datePublished\":\"2016-02-16T09:59:38+00:00\",\"description\":\"Auch Helden erleben den t\u00e4glichen Wahnsinn, den ein Alltag mit sich bringt und Frau Mondgras sitzt mittendrin. Berlinerin, Mutter, Ehefrau, Kreativling und auf der st\u00e4ndigen Suche nach Gl\u00fcck... Hier wird gen\u00e4ht, gebacken, gebastelt und auch mal \u00fcber den Alltag gemault.\",\"breadcrumb\":{\"@id\":\"https:\\\/\\\/www.heldenhaushalt.de\\\/sari02\\\/index.php\\\/2016\\\/02\\\/16\\\/12-von-12-im-februar-nun-ist-es-offiziell\\\/#breadcrumb\"},\"inLanguage\":\"de\",\"potentialAction\":[{\"@type\":\"ReadAction\",\"target\":[\"https:\\\/\\\/www.heldenhaushalt.de\\\/sari02\\\/index.php\\\/2016\\\/02\\\/16\\\/12-von-12-im-februar-nun-ist-es-offiziell\\\/\"]}]},{\"@type\":\"ImageObject\",\"inLanguage\":\"de\",\"@id\":\"https:\\\/\\\/www.heldenhaushalt.de\\\/sari02\\\/index.php\\\/2016\\\/02\\\/16\\\/12-von-12-im-februar-nun-ist-es-offiziell\\\/#primaryimage\",\"url\":\"https:\\\/\\\/www.heldenhaushalt.de\\\/sari02\\\/wp-content\\\/uploads\\\/2015\\\/07\\\/Bildschirmfoto-2012-07-13-um-18.43.40.png\",\"contentUrl\":\"https:\\\/\\\/www.heldenhaushalt.de\\\/sari02\\\/wp-content\\\/uploads\\\/2015\\\/07\\\/Bildschirmfoto-2012-07-13-um-18.43.40.png\",\"width\":320,\"height\":112},{\"@type\":\"BreadcrumbList\",\"@id\":\"https:\\\/\\\/www.heldenhaushalt.de\\\/sari02\\\/index.php\\\/2016\\\/02\\\/16\\\/12-von-12-im-februar-nun-ist-es-offiziell\\\/#breadcrumb\",\"itemListElement\":[{\"@type\":\"ListItem\",\"position\":1,\"name\":\"Startseite\",\"item\":\"https:\\\/\\\/www.heldenhaushalt.de\\\/sari02\\\/\"},{\"@type\":\"ListItem\",\"position\":2,\"name\":\"12 von 12 im Februar&#8230;nun ist es offiziell&#8230;\"}]},{\"@type\":\"WebSite\",\"@id\":\"https:\\\/\\\/www.heldenhaushalt.de\\\/sari02\\\/#website\",\"url\":\"https:\\\/\\\/www.heldenhaushalt.de\\\/sari02\\\/\",\"name\":\"Heldenhaushalt\",\"description\":\"Wer es ordentlich haben will, der muss vorher anrufen\",\"publisher\":{\"@id\":\"https:\\\/\\\/www.heldenhaushalt.de\\\/sari02\\\/#\\\/schema\\\/person\\\/a1cc69f42a01f412eb62c151353814f6\"},\"potentialAction\":[{\"@type\":\"SearchAction\",\"target\":{\"@type\":\"EntryPoint\",\"urlTemplate\":\"https:\\\/\\\/www.heldenhaushalt.de\\\/sari02\\\/?s={search_term_string}\"},\"query-input\":{\"@type\":\"PropertyValueSpecification\",\"valueRequired\":true,\"valueName\":\"search_term_string\"}}],\"inLanguage\":\"de\"},{\"@type\":[\"Person\",\"Organization\"],\"@id\":\"https:\\\/\\\/www.heldenhaushalt.de\\\/sari02\\\/#\\\/schema\\\/person\\\/a1cc69f42a01f412eb62c151353814f6\",\"name\":\"Sari\",\"image\":{\"@type\":\"ImageObject\",\"inLanguage\":\"de\",\"@id\":\"https:\\\/\\\/www.heldenhaushalt.de\\\/sari02\\\/wp-content\\\/uploads\\\/2019\\\/02\\\/sari-april2018.png\",\"url\":\"https:\\\/\\\/www.heldenhaushalt.de\\\/sari02\\\/wp-content\\\/uploads\\\/2019\\\/02\\\/sari-april2018.png\",\"contentUrl\":\"https:\\\/\\\/www.heldenhaushalt.de\\\/sari02\\\/wp-content\\\/uploads\\\/2019\\\/02\\\/sari-april2018.png\",\"width\":500,\"height\":500,\"caption\":\"Sari\"},\"logo\":{\"@id\":\"https:\\\/\\\/www.heldenhaushalt.de\\\/sari02\\\/wp-content\\\/uploads\\\/2019\\\/02\\\/sari-april2018.png\"},\"description\":\"Frau Mondgras \u2013 Das bin ich, Sari. Gerne auch als Sari Mondgras bekannt und im Internet zu finden. 2-Fach-Mutter, Heldenehefrau, Kreativling, Harmonies\u00fcchtig und st\u00e4ndig auf der Suche nach Gl\u00fcck. Ich komme aus Berlin, bin hier aufgewachsen und lebe hier seit ich denken kann.\",\"sameAs\":[\"https:\\\/\\\/www.instagram.com\\\/heldenhaushalt\\\/\"],\"url\":\"https:\\\/\\\/www.heldenhaushalt.de\\\/sari02\\\/index.php\\\/author\\\/admin\\\/\"}]}<\/script>\n<!-- \/ Yoast SEO plugin. -->","yoast_head_json":{"title":"12 von 12 im Februar...nun ist es offiziell... - Heldenhaushalt","description":"Auch Helden erleben den t\u00e4glichen Wahnsinn, den ein Alltag mit sich bringt und Frau Mondgras sitzt mittendrin. Berlinerin, Mutter, Ehefrau, Kreativling und auf der st\u00e4ndigen Suche nach Gl\u00fcck... Hier wird gen\u00e4ht, gebacken, gebastelt und auch mal \u00fcber den Alltag gemault.","robots":{"index":"index","follow":"follow","max-snippet":"max-snippet:-1","max-image-preview":"max-image-preview:large","max-video-preview":"max-video-preview:-1"},"canonical":"https:\/\/www.heldenhaushalt.de\/sari02\/index.php\/2016\/02\/16\/12-von-12-im-februar-nun-ist-es-offiziell\/","og_locale":"de_DE","og_type":"article","og_title":"12 von 12 im Februar...nun ist es offiziell... - Heldenhaushalt","og_description":"Auch Helden erleben den t\u00e4glichen Wahnsinn, den ein Alltag mit sich bringt und Frau Mondgras sitzt mittendrin. Berlinerin, Mutter, Ehefrau, Kreativling und auf der st\u00e4ndigen Suche nach Gl\u00fcck... Hier wird gen\u00e4ht, gebacken, gebastelt und auch mal \u00fcber den Alltag gemault.","og_url":"https:\/\/www.heldenhaushalt.de\/sari02\/index.php\/2016\/02\/16\/12-von-12-im-februar-nun-ist-es-offiziell\/","og_site_name":"Heldenhaushalt","article_published_time":"2016-02-16T09:59:38+00:00","og_image":[{"url":"https:\/\/www.heldenhaushalt.de\/sari02\/wp-content\/uploads\/2015\/07\/Bildschirmfoto-2012-07-13-um-18.43.40.png?w=640","type":"","width":"","height":""}],"author":"Sari","twitter_card":"summary_large_image","twitter_creator":"@Heldenhaushalt","twitter_site":"@Heldenhaushalt","twitter_misc":{"Verfasst von":"Sari","Gesch\u00e4tzte Lesezeit":"2\u00a0Minuten"},"schema":{"@context":"https:\/\/schema.org","@graph":[{"@type":"Article","@id":"https:\/\/www.heldenhaushalt.de\/sari02\/index.php\/2016\/02\/16\/12-von-12-im-februar-nun-ist-es-offiziell\/#article","isPartOf":{"@id":"https:\/\/www.heldenhaushalt.de\/sari02\/index.php\/2016\/02\/16\/12-von-12-im-februar-nun-ist-es-offiziell\/"},"author":{"name":"Sari","@id":"https:\/\/www.heldenhaushalt.de\/sari02\/#\/schema\/person\/a1cc69f42a01f412eb62c151353814f6"},"headline":"12 von 12 im Februar&#8230;nun ist es offiziell&#8230;","datePublished":"2016-02-16T09:59:38+00:00","mainEntityOfPage":{"@id":"https:\/\/www.heldenhaushalt.de\/sari02\/index.php\/2016\/02\/16\/12-von-12-im-februar-nun-ist-es-offiziell\/"},"wordCount":433,"commentCount":3,"publisher":{"@id":"https:\/\/www.heldenhaushalt.de\/sari02\/#\/schema\/person\/a1cc69f42a01f412eb62c151353814f6"},"image":{"@id":"https:\/\/www.heldenhaushalt.de\/sari02\/index.php\/2016\/02\/16\/12-von-12-im-februar-nun-ist-es-offiziell\/#primaryimage"},"thumbnailUrl":"https:\/\/www.heldenhaushalt.de\/sari02\/wp-content\/uploads\/2015\/07\/Bildschirmfoto-2012-07-13-um-18.43.40.png?w=640","articleSection":["Alltagschaos","Blogsph\u00e4re","Fotografie"],"inLanguage":"de","potentialAction":[{"@type":"CommentAction","name":"Comment","target":["https:\/\/www.heldenhaushalt.de\/sari02\/index.php\/2016\/02\/16\/12-von-12-im-februar-nun-ist-es-offiziell\/#respond"]}]},{"@type":"WebPage","@id":"https:\/\/www.heldenhaushalt.de\/sari02\/index.php\/2016\/02\/16\/12-von-12-im-februar-nun-ist-es-offiziell\/","url":"https:\/\/www.heldenhaushalt.de\/sari02\/index.php\/2016\/02\/16\/12-von-12-im-februar-nun-ist-es-offiziell\/","name":"12 von 12 im Februar...nun ist es offiziell... - Heldenhaushalt","isPartOf":{"@id":"https:\/\/www.heldenhaushalt.de\/sari02\/#website"},"primaryImageOfPage":{"@id":"https:\/\/www.heldenhaushalt.de\/sari02\/index.php\/2016\/02\/16\/12-von-12-im-februar-nun-ist-es-offiziell\/#primaryimage"},"image":{"@id":"https:\/\/www.heldenhaushalt.de\/sari02\/index.php\/2016\/02\/16\/12-von-12-im-februar-nun-ist-es-offiziell\/#primaryimage"},"thumbnailUrl":"https:\/\/www.heldenhaushalt.de\/sari02\/wp-content\/uploads\/2015\/07\/Bildschirmfoto-2012-07-13-um-18.43.40.png?w=640","datePublished":"2016-02-16T09:59:38+00:00","description":"Auch Helden erleben den t\u00e4glichen Wahnsinn, den ein Alltag mit sich bringt und Frau Mondgras sitzt mittendrin. Berlinerin, Mutter, Ehefrau, Kreativling und auf der st\u00e4ndigen Suche nach Gl\u00fcck... Hier wird gen\u00e4ht, gebacken, gebastelt und auch mal \u00fcber den Alltag gemault.","breadcrumb":{"@id":"https:\/\/www.heldenhaushalt.de\/sari02\/index.php\/2016\/02\/16\/12-von-12-im-februar-nun-ist-es-offiziell\/#breadcrumb"},"inLanguage":"de","potentialAction":[{"@type":"ReadAction","target":["https:\/\/www.heldenhaushalt.de\/sari02\/index.php\/2016\/02\/16\/12-von-12-im-februar-nun-ist-es-offiziell\/"]}]},{"@type":"ImageObject","inLanguage":"de","@id":"https:\/\/www.heldenhaushalt.de\/sari02\/index.php\/2016\/02\/16\/12-von-12-im-februar-nun-ist-es-offiziell\/#primaryimage","url":"https:\/\/www.heldenhaushalt.de\/sari02\/wp-content\/uploads\/2015\/07\/Bildschirmfoto-2012-07-13-um-18.43.40.png","contentUrl":"https:\/\/www.heldenhaushalt.de\/sari02\/wp-content\/uploads\/2015\/07\/Bildschirmfoto-2012-07-13-um-18.43.40.png","width":320,"height":112},{"@type":"BreadcrumbList","@id":"https:\/\/www.heldenhaushalt.de\/sari02\/index.php\/2016\/02\/16\/12-von-12-im-februar-nun-ist-es-offiziell\/#breadcrumb","itemListElement":[{"@type":"ListItem","position":1,"name":"Startseite","item":"https:\/\/www.heldenhaushalt.de\/sari02\/"},{"@type":"ListItem","position":2,"name":"12 von 12 im Februar&#8230;nun ist es offiziell&#8230;"}]},{"@type":"WebSite","@id":"https:\/\/www.heldenhaushalt.de\/sari02\/#website","url":"https:\/\/www.heldenhaushalt.de\/sari02\/","name":"Heldenhaushalt","description":"Wer es ordentlich haben will, der muss vorher anrufen","publisher":{"@id":"https:\/\/www.heldenhaushalt.de\/sari02\/#\/schema\/person\/a1cc69f42a01f412eb62c151353814f6"},"potentialAction":[{"@type":"SearchAction","target":{"@type":"EntryPoint","urlTemplate":"https:\/\/www.heldenhaushalt.de\/sari02\/?s={search_term_string}"},"query-input":{"@type":"PropertyValueSpecification","valueRequired":true,"valueName":"search_term_string"}}],"inLanguage":"de"},{"@type":["Person","Organization"],"@id":"https:\/\/www.heldenhaushalt.de\/sari02\/#\/schema\/person\/a1cc69f42a01f412eb62c151353814f6","name":"Sari","image":{"@type":"ImageObject","inLanguage":"de","@id":"https:\/\/www.heldenhaushalt.de\/sari02\/wp-content\/uploads\/2019\/02\/sari-april2018.png","url":"https:\/\/www.heldenhaushalt.de\/sari02\/wp-content\/uploads\/2019\/02\/sari-april2018.png","contentUrl":"https:\/\/www.heldenhaushalt.de\/sari02\/wp-content\/uploads\/2019\/02\/sari-april2018.png","width":500,"height":500,"caption":"Sari"},"logo":{"@id":"https:\/\/www.heldenhaushalt.de\/sari02\/wp-content\/uploads\/2019\/02\/sari-april2018.png"},"description":"Frau Mondgras \u2013 Das bin ich, Sari. Gerne auch als Sari Mondgras bekannt und im Internet zu finden. 2-Fach-Mutter, Heldenehefrau, Kreativling, Harmonies\u00fcchtig und st\u00e4ndig auf der Suche nach Gl\u00fcck. Ich komme aus Berlin, bin hier aufgewachsen und lebe hier seit ich denken kann.","sameAs":["https:\/\/www.instagram.com\/heldenhaushalt\/"],"url":"https:\/\/www.heldenhaushalt.de\/sari02\/index.php\/author\/admin\/"}]}},"views":4099,"_links":{"self":[{"href":"https:\/\/www.heldenhaushalt.de\/sari02\/index.php\/wp-json\/wp\/v2\/posts\/28511","targetHints":{"allow":["GET"]}}],"collection":[{"href":"https:\/\/www.heldenhaushalt.de\/sari02\/index.php\/wp-json\/wp\/v2\/posts"}],"about":[{"href":"https:\/\/www.heldenhaushalt.de\/sari02\/index.php\/wp-json\/wp\/v2\/types\/post"}],"author":[{"embeddable":true,"href":"https:\/\/www.heldenhaushalt.de\/sari02\/index.php\/wp-json\/wp\/v2\/users\/1"}],"replies":[{"embeddable":true,"href":"https:\/\/www.heldenhaushalt.de\/sari02\/index.php\/wp-json\/wp\/v2\/comments?post=28511"}],"version-history":[{"count":2,"href":"https:\/\/www.heldenhaushalt.de\/sari02\/index.php\/wp-json\/wp\/v2\/posts\/28511\/revisions"}],"predecessor-version":[{"id":28519,"href":"https:\/\/www.heldenhaushalt.de\/sari02\/index.php\/wp-json\/wp\/v2\/posts\/28511\/revisions\/28519"}],"wp:attachment":[{"href":"https:\/\/www.heldenhaushalt.de\/sari02\/index.php\/wp-json\/wp\/v2\/media?parent=28511"}],"wp:term":[{"taxonomy":"category","embeddable":true,"href":"https:\/\/www.heldenhaushalt.de\/sari02\/index.php\/wp-json\/wp\/v2\/categories?post=28511"},{"taxonomy":"post_tag","embeddable":true,"href":"https:\/\/www.heldenhaushalt.de\/sari02\/index.php\/wp-json\/wp\/v2\/tags?post=28511"}],"curies":[{"name":"wp","href":"https:\/\/api.w.org\/{rel}","templated":true}]}}