{"id":28549,"date":"2016-03-07T10:01:36","date_gmt":"2016-03-07T09:01:36","guid":{"rendered":"http:\/\/www.mondgras.de\/sari02\/?p=28549"},"modified":"2016-03-07T09:40:48","modified_gmt":"2016-03-07T08:40:48","slug":"vom-vermissen","status":"publish","type":"post","link":"https:\/\/www.heldenhaushalt.de\/sari02\/index.php\/2016\/03\/07\/vom-vermissen\/","title":{"rendered":"Vom Vermissen&#8230;"},"content":{"rendered":"<p><img loading=\"lazy\" decoding=\"async\" class=\"alignnone size-full wp-image-28586\" src=\"http:\/\/www.heldenhaushalt.de\/sari02\/wp-content\/uploads\/2016\/03\/vermissen01.jpg\" alt=\"vermissen01\" width=\"650\" height=\"317\" srcset=\"https:\/\/www.heldenhaushalt.de\/sari02\/wp-content\/uploads\/2016\/03\/vermissen01.jpg 650w, https:\/\/www.heldenhaushalt.de\/sari02\/wp-content\/uploads\/2016\/03\/vermissen01-300x146.jpg 300w\" sizes=\"auto, (max-width: 650px) 100vw, 650px\" \/><\/p>\n<p>Es gibt so Beitr&#228;ge, bei denen &#252;berlegt man wirklich sehr, sehr lange, ob man sie schreiben und dann am Ende auch wirklich ver&#246;ffentlichen m&#246;chte. Sie sind nachdenklich, pers&#246;nlich und gehen dem Schreiber, in dem Fall mir, sehr ans Herz. Man legt einen sehr gro&#223;en Teil von sich selber offen und das muss einem vor dem Klick auf den Ver&#246;ffentlichen-Button klar sein. Man zeigt sich dem Publikum quasi nackt.<\/p>\n<p>Ihr merkt also, ich habe viele Gedanken gew&#228;lzt, bevor ich diese Worte hier niedergeschrieben habe, aber manchmal, da ist das Bed&#252;rfnis so gro&#223;, sich die Last einfach mal vom Herzen zu schreiben&#8230;und wenn man es nur tut, um den Beitrag, die Gedanken, die Worte in den Entw&#252;rfen versauern zu lassen und sie irgendwann wieder zu l&#246;schen. Zumindest hat man sie mal niedergeschrieben und meist reicht das alleine schon aus, um den Kopf wieder frei zu bekommen.<\/p>\n<p><img loading=\"lazy\" decoding=\"async\" class=\"alignnone size-full wp-image-28587\" src=\"http:\/\/www.heldenhaushalt.de\/sari02\/wp-content\/uploads\/2016\/03\/vermissen02.jpg\" alt=\"vermissen02\" width=\"650\" height=\"290\" srcset=\"https:\/\/www.heldenhaushalt.de\/sari02\/wp-content\/uploads\/2016\/03\/vermissen02.jpg 650w, https:\/\/www.heldenhaushalt.de\/sari02\/wp-content\/uploads\/2016\/03\/vermissen02-300x134.jpg 300w, https:\/\/www.heldenhaushalt.de\/sari02\/wp-content\/uploads\/2016\/03\/vermissen02-600x268.jpg 600w\" sizes=\"auto, (max-width: 650px) 100vw, 650px\" \/><\/p>\n<p>Heute geht es um das Vermissen. Es gibt einen ganz besonderen Menschen, den ich schmerzlich in meinem Leben vermisse. Seit nun bald 9 Jahren ist er nicht mehr bei uns und seitdem die Kinder da sind, ist dieses Gef&#252;hl von Leere unglaublich gro&#223;, gr&#246;&#223;er, als es vorher eh schon war. Das liegt daran, dass ich sehr stolz auf meine S&#246;hne bin und mir gew&#252;nscht h&#228;tte, dass sie diesen Menschen kennen gelernt h&#228;tten. Er h&#228;tte ihnen gefallen und er h&#228;tte seine wahre Freude an diesen beiden kleinen Chaoten hier gehabt. Sie h&#228;tten voneinander mehr als nur profitiert. Meistens komme ich mit diesem Leeregef&#252;hl ganz gut zurecht und dann gibt es so kurze Momente, da &#252;berw&#228;ltigt es mich auf einmal und ich suche innerlich verzweifelt nach einer M&#246;glichkeit damit zurecht zu kommen. Es ist eine Art Hilflosigkeit, da es einfach nichts gibt, womit ich dieses Dilemma l&#246;sen k&#246;nnte. Der Mensch ist weg und daran l&#228;sst sich leider nichts mehr &#228;ndern.<\/p>\n<p>Nun ist der Miniheld zus&#228;tzlich in einem Alter, in dem er anf&#228;ngt diese Dinge zu hinterfragen. Ich habe ihm von Anfang an von diesem Menschen erz&#228;hlt, er sollte immer wissen, dass da noch jemand ist, der sehr stolz auf ihn w&#228;re und ihn sehr lieben w&#252;rde. Er wusste also immer darum, aber nun will er auch wissen warum dieser Mensch nicht mehr da ist, was passiert ist, wie er so war, wie es ihm ging und wie es zu Ende ging. Er wei&#223; es nicht besser, wei&#223; nicht, dass er mit diesen Fragen bei mir immer wieder Wunden aufreisst und ich wieder anfangen muss sie heilen zu lassen. Und das ist auch irgendwie gut so, denn ich finde es sch&#246;n, dass er Interesse an diesem Menschen hat, den er nie wirklich kennen lernen durfte. Ich zeige ihm Fotos, erz&#228;hle ihm Geschichten und manchmal sitzt der Miniheld dann neben mir, schaut zum Boden und sagt leise &#8220;Ich w&#252;nschte auch, dass ich ihn noch getroffen h&#228;tte&#8221;. Es zerreisst einem das Herz, aber irgendwie finde ich das auch wichtig und ich werde es beim Heldenkind sicher nicht anders machen. Immerhin lebt dieser geliebte Mensch auch in meinen Kindern weiter und in beiden l&#228;sst sich ein St&#252;ck von ihm wiederfinden und das macht mich gl&#252;cklich. Mehr als nur gl&#252;cklich.<\/p>\n<p><img loading=\"lazy\" decoding=\"async\" class=\"alignnone size-full wp-image-28588\" src=\"http:\/\/www.heldenhaushalt.de\/sari02\/wp-content\/uploads\/2016\/03\/vermissen03.jpg\" alt=\"vermissen03\" width=\"650\" height=\"329\" srcset=\"https:\/\/www.heldenhaushalt.de\/sari02\/wp-content\/uploads\/2016\/03\/vermissen03.jpg 650w, https:\/\/www.heldenhaushalt.de\/sari02\/wp-content\/uploads\/2016\/03\/vermissen03-300x152.jpg 300w, https:\/\/www.heldenhaushalt.de\/sari02\/wp-content\/uploads\/2016\/03\/vermissen03-600x304.jpg 600w\" sizes=\"auto, (max-width: 650px) 100vw, 650px\" \/><\/p>\n<p>Manchmal, wenn ich meine Kinder ansehe, dann sehe ich in ihnen ein bisschen von meinem Vater und ich vermisse ihn dann unglaublich und gleichzeitig bin ich aber auch sehr gl&#252;cklich&#8230;<\/p>\n<p><img loading=\"lazy\" decoding=\"async\" class=\"size-full wp-image-24841 alignright\" src=\"https:\/\/www.heldenhaushalt.de \/sari02\/wp-content\/uploads\/2015\/01\/sari-unter.jpg?resize=130%2C59\" alt=\"sari-unter\" width=\"130\" height=\"59\" \/><\/p>\n","protected":false},"excerpt":{"rendered":"<p>Es gibt so Beitr&#228;ge, bei denen &#252;berlegt man wirklich sehr, sehr lange, ob man sie schreiben und dann am Ende auch wirklich ver&#246;ffentlichen m&#246;chte. Sie sind nachdenklich, pers&#246;nlich und gehen dem Schreiber, in dem Fall mir, sehr ans Herz. Man legt einen sehr gro&#223;en Teil von sich selber offen und das muss einem vor dem Klick auf den Ver&#246;ffentlichen-Button klar sein. Man zeigt sich dem Publikum quasi nackt. Ihr merkt also, ich habe viele Gedanken gew&#228;lzt, bevor ich diese Worte hier niedergeschrieben habe, aber manchmal, da ist das Bed&#252;rfnis so gro&#223;, sich die Last einfach mal vom Herzen zu schreiben&#8230;und wenn man es nur tut, um den Beitrag, die Gedanken, die Worte in den Entw&#252;rfen versauern zu lassen und sie irgendwann wieder zu l&#246;schen. Zumindest hat man sie mal niedergeschrieben und meist reicht das alleine schon aus, um den Kopf wieder frei zu bekommen. Heute geht es um das Vermissen. Es gibt einen ganz besonderen Menschen, den ich schmerzlich in meinem Leben vermisse. Seit nun bald 9 Jahren ist er nicht mehr bei uns und seitdem die Kinder da sind, ist dieses Gef&#252;hl von Leere unglaublich gro&#223;, gr&#246;&#223;er, als es vorher eh schon war. Das liegt daran, dass ich sehr stolz auf meine S&#246;hne bin und mir gew&#252;nscht h&#228;tte, dass sie diesen Menschen kennen gelernt h&#228;tten. Er h&#228;tte ihnen gefallen und er h&#228;tte seine wahre Freude an diesen beiden kleinen Chaoten hier gehabt. Sie h&#228;tten voneinander mehr als nur profitiert. Meistens komme ich mit diesem Leeregef&#252;hl ganz gut zurecht und dann gibt es so kurze Momente, da &#252;berw&#228;ltigt es mich auf einmal und ich suche innerlich verzweifelt nach einer M&#246;glichkeit damit zurecht zu kommen. Es ist eine Art Hilflosigkeit, da es einfach nichts gibt, womit ich dieses Dilemma l&#246;sen k&#246;nnte. Der Mensch ist weg und daran l&#228;sst sich leider nichts mehr &#228;ndern. Nun ist der Miniheld zus&#228;tzlich in einem Alter, in dem er anf&#228;ngt diese Dinge zu hinterfragen. Ich habe ihm von Anfang an von diesem Menschen erz&#228;hlt, er sollte immer wissen, dass da noch jemand ist, der sehr stolz auf ihn w&#228;re und ihn sehr lieben w&#252;rde. Er wusste also immer darum, aber nun will er auch wissen warum dieser Mensch nicht mehr da ist, was passiert ist, wie er so war, wie es ihm ging und wie es zu Ende ging. Er wei&#223; es nicht besser, wei&#223; nicht, dass er mit diesen Fragen bei mir immer wieder Wunden aufreisst und ich wieder anfangen muss sie heilen zu lassen. Und das ist auch irgendwie gut so, denn ich finde es sch&#246;n, dass er Interesse an diesem Menschen hat, den er nie wirklich kennen lernen durfte. Ich zeige ihm Fotos, erz&#228;hle ihm Geschichten und manchmal sitzt der Miniheld dann neben mir, schaut zum Boden und sagt leise &#8220;Ich w&#252;nschte auch, dass ich ihn noch getroffen h&#228;tte&#8221;. Es zerreisst einem das Herz, aber irgendwie finde ich das auch wichtig und ich werde es beim Heldenkind sicher nicht anders machen. Immerhin lebt dieser geliebte Mensch auch in meinen Kindern weiter und in beiden l&#228;sst sich ein St&#252;ck von ihm wiederfinden und das macht mich gl&#252;cklich. Mehr als nur gl&#252;cklich. Manchmal, wenn ich meine Kinder ansehe, dann sehe ich in ihnen ein bisschen von meinem Vater und ich vermisse ihn dann unglaublich und gleichzeitig bin ich aber auch sehr gl&#252;cklich&#8230;<\/p>\n","protected":false},"author":1,"featured_media":0,"comment_status":"open","ping_status":"open","sticky":false,"template":"","format":"standard","meta":{"ngg_post_thumbnail":0,"footnotes":""},"categories":[50],"tags":[586,584,585],"class_list":["post-28549","post","type-post","status-publish","format-standard","hentry","category-gedanken","tag-stolz","tag-vermissen","tag-wehmut"],"yoast_head":"<!-- This site is optimized with the Yoast SEO plugin v27.5 - https:\/\/yoast.com\/product\/yoast-seo-wordpress\/ -->\n<title>Vom Vermissen... - Heldenhaushalt<\/title>\n<meta name=\"description\" content=\"Auch Helden erleben den t\u00e4glichen Wahnsinn, den ein Alltag mit sich bringt und Frau Mondgras sitzt mittendrin. Berlinerin, Mutter, Ehefrau, Kreativling und auf der st\u00e4ndigen Suche nach Gl\u00fcck... Hier wird gen\u00e4ht, gebacken, gebastelt und auch mal \u00fcber den Alltag gemault.\" \/>\n<meta name=\"robots\" content=\"index, follow, max-snippet:-1, max-image-preview:large, max-video-preview:-1\" \/>\n<link rel=\"canonical\" href=\"https:\/\/www.heldenhaushalt.de\/sari02\/index.php\/2016\/03\/07\/vom-vermissen\/\" \/>\n<meta property=\"og:locale\" content=\"de_DE\" \/>\n<meta property=\"og:type\" content=\"article\" \/>\n<meta property=\"og:title\" content=\"Vom Vermissen... - Heldenhaushalt\" \/>\n<meta property=\"og:description\" content=\"Auch Helden erleben den t\u00e4glichen Wahnsinn, den ein Alltag mit sich bringt und Frau Mondgras sitzt mittendrin. Berlinerin, Mutter, Ehefrau, Kreativling und auf der st\u00e4ndigen Suche nach Gl\u00fcck... Hier wird gen\u00e4ht, gebacken, gebastelt und auch mal \u00fcber den Alltag gemault.\" \/>\n<meta property=\"og:url\" content=\"https:\/\/www.heldenhaushalt.de\/sari02\/index.php\/2016\/03\/07\/vom-vermissen\/\" \/>\n<meta property=\"og:site_name\" content=\"Heldenhaushalt\" \/>\n<meta property=\"article:published_time\" content=\"2016-03-07T09:01:36+00:00\" \/>\n<meta property=\"og:image\" content=\"http:\/\/www.heldenhaushalt.de\/sari02\/wp-content\/uploads\/2016\/03\/vermissen01.jpg\" \/>\n<meta name=\"author\" content=\"Sari\" \/>\n<meta name=\"twitter:card\" content=\"summary_large_image\" \/>\n<meta name=\"twitter:creator\" content=\"@Heldenhaushalt\" \/>\n<meta name=\"twitter:site\" content=\"@Heldenhaushalt\" \/>\n<meta name=\"twitter:label1\" content=\"Verfasst von\" \/>\n\t<meta name=\"twitter:data1\" content=\"Sari\" \/>\n\t<meta name=\"twitter:label2\" content=\"Gesch\u00e4tzte Lesezeit\" \/>\n\t<meta name=\"twitter:data2\" content=\"3\u00a0Minuten\" \/>\n<script type=\"application\/ld+json\" class=\"yoast-schema-graph\">{\"@context\":\"https:\\\/\\\/schema.org\",\"@graph\":[{\"@type\":\"Article\",\"@id\":\"https:\\\/\\\/www.heldenhaushalt.de\\\/sari02\\\/index.php\\\/2016\\\/03\\\/07\\\/vom-vermissen\\\/#article\",\"isPartOf\":{\"@id\":\"https:\\\/\\\/www.heldenhaushalt.de\\\/sari02\\\/index.php\\\/2016\\\/03\\\/07\\\/vom-vermissen\\\/\"},\"author\":{\"name\":\"Sari\",\"@id\":\"https:\\\/\\\/www.heldenhaushalt.de\\\/sari02\\\/#\\\/schema\\\/person\\\/a1cc69f42a01f412eb62c151353814f6\"},\"headline\":\"Vom Vermissen&#8230;\",\"datePublished\":\"2016-03-07T09:01:36+00:00\",\"mainEntityOfPage\":{\"@id\":\"https:\\\/\\\/www.heldenhaushalt.de\\\/sari02\\\/index.php\\\/2016\\\/03\\\/07\\\/vom-vermissen\\\/\"},\"wordCount\":588,\"commentCount\":11,\"publisher\":{\"@id\":\"https:\\\/\\\/www.heldenhaushalt.de\\\/sari02\\\/#\\\/schema\\\/person\\\/a1cc69f42a01f412eb62c151353814f6\"},\"image\":{\"@id\":\"https:\\\/\\\/www.heldenhaushalt.de\\\/sari02\\\/index.php\\\/2016\\\/03\\\/07\\\/vom-vermissen\\\/#primaryimage\"},\"thumbnailUrl\":\"http:\\\/\\\/www.heldenhaushalt.de\\\/sari02\\\/wp-content\\\/uploads\\\/2016\\\/03\\\/vermissen01.jpg\",\"keywords\":[\"Stolz\",\"Vermissen\",\"Wehmut\"],\"articleSection\":[\"Gedankenwelt\"],\"inLanguage\":\"de\",\"potentialAction\":[{\"@type\":\"CommentAction\",\"name\":\"Comment\",\"target\":[\"https:\\\/\\\/www.heldenhaushalt.de\\\/sari02\\\/index.php\\\/2016\\\/03\\\/07\\\/vom-vermissen\\\/#respond\"]}]},{\"@type\":\"WebPage\",\"@id\":\"https:\\\/\\\/www.heldenhaushalt.de\\\/sari02\\\/index.php\\\/2016\\\/03\\\/07\\\/vom-vermissen\\\/\",\"url\":\"https:\\\/\\\/www.heldenhaushalt.de\\\/sari02\\\/index.php\\\/2016\\\/03\\\/07\\\/vom-vermissen\\\/\",\"name\":\"Vom Vermissen... - Heldenhaushalt\",\"isPartOf\":{\"@id\":\"https:\\\/\\\/www.heldenhaushalt.de\\\/sari02\\\/#website\"},\"primaryImageOfPage\":{\"@id\":\"https:\\\/\\\/www.heldenhaushalt.de\\\/sari02\\\/index.php\\\/2016\\\/03\\\/07\\\/vom-vermissen\\\/#primaryimage\"},\"image\":{\"@id\":\"https:\\\/\\\/www.heldenhaushalt.de\\\/sari02\\\/index.php\\\/2016\\\/03\\\/07\\\/vom-vermissen\\\/#primaryimage\"},\"thumbnailUrl\":\"http:\\\/\\\/www.heldenhaushalt.de\\\/sari02\\\/wp-content\\\/uploads\\\/2016\\\/03\\\/vermissen01.jpg\",\"datePublished\":\"2016-03-07T09:01:36+00:00\",\"description\":\"Auch Helden erleben den t\u00e4glichen Wahnsinn, den ein Alltag mit sich bringt und Frau Mondgras sitzt mittendrin. Berlinerin, Mutter, Ehefrau, Kreativling und auf der st\u00e4ndigen Suche nach Gl\u00fcck... Hier wird gen\u00e4ht, gebacken, gebastelt und auch mal \u00fcber den Alltag gemault.\",\"breadcrumb\":{\"@id\":\"https:\\\/\\\/www.heldenhaushalt.de\\\/sari02\\\/index.php\\\/2016\\\/03\\\/07\\\/vom-vermissen\\\/#breadcrumb\"},\"inLanguage\":\"de\",\"potentialAction\":[{\"@type\":\"ReadAction\",\"target\":[\"https:\\\/\\\/www.heldenhaushalt.de\\\/sari02\\\/index.php\\\/2016\\\/03\\\/07\\\/vom-vermissen\\\/\"]}]},{\"@type\":\"ImageObject\",\"inLanguage\":\"de\",\"@id\":\"https:\\\/\\\/www.heldenhaushalt.de\\\/sari02\\\/index.php\\\/2016\\\/03\\\/07\\\/vom-vermissen\\\/#primaryimage\",\"url\":\"http:\\\/\\\/www.heldenhaushalt.de\\\/sari02\\\/wp-content\\\/uploads\\\/2016\\\/03\\\/vermissen01.jpg\",\"contentUrl\":\"http:\\\/\\\/www.heldenhaushalt.de\\\/sari02\\\/wp-content\\\/uploads\\\/2016\\\/03\\\/vermissen01.jpg\"},{\"@type\":\"BreadcrumbList\",\"@id\":\"https:\\\/\\\/www.heldenhaushalt.de\\\/sari02\\\/index.php\\\/2016\\\/03\\\/07\\\/vom-vermissen\\\/#breadcrumb\",\"itemListElement\":[{\"@type\":\"ListItem\",\"position\":1,\"name\":\"Startseite\",\"item\":\"https:\\\/\\\/www.heldenhaushalt.de\\\/sari02\\\/\"},{\"@type\":\"ListItem\",\"position\":2,\"name\":\"Vom Vermissen&#8230;\"}]},{\"@type\":\"WebSite\",\"@id\":\"https:\\\/\\\/www.heldenhaushalt.de\\\/sari02\\\/#website\",\"url\":\"https:\\\/\\\/www.heldenhaushalt.de\\\/sari02\\\/\",\"name\":\"Heldenhaushalt\",\"description\":\"Wer es ordentlich haben will, der muss vorher anrufen\",\"publisher\":{\"@id\":\"https:\\\/\\\/www.heldenhaushalt.de\\\/sari02\\\/#\\\/schema\\\/person\\\/a1cc69f42a01f412eb62c151353814f6\"},\"potentialAction\":[{\"@type\":\"SearchAction\",\"target\":{\"@type\":\"EntryPoint\",\"urlTemplate\":\"https:\\\/\\\/www.heldenhaushalt.de\\\/sari02\\\/?s={search_term_string}\"},\"query-input\":{\"@type\":\"PropertyValueSpecification\",\"valueRequired\":true,\"valueName\":\"search_term_string\"}}],\"inLanguage\":\"de\"},{\"@type\":[\"Person\",\"Organization\"],\"@id\":\"https:\\\/\\\/www.heldenhaushalt.de\\\/sari02\\\/#\\\/schema\\\/person\\\/a1cc69f42a01f412eb62c151353814f6\",\"name\":\"Sari\",\"image\":{\"@type\":\"ImageObject\",\"inLanguage\":\"de\",\"@id\":\"https:\\\/\\\/www.heldenhaushalt.de\\\/sari02\\\/wp-content\\\/uploads\\\/2019\\\/02\\\/sari-april2018.png\",\"url\":\"https:\\\/\\\/www.heldenhaushalt.de\\\/sari02\\\/wp-content\\\/uploads\\\/2019\\\/02\\\/sari-april2018.png\",\"contentUrl\":\"https:\\\/\\\/www.heldenhaushalt.de\\\/sari02\\\/wp-content\\\/uploads\\\/2019\\\/02\\\/sari-april2018.png\",\"width\":500,\"height\":500,\"caption\":\"Sari\"},\"logo\":{\"@id\":\"https:\\\/\\\/www.heldenhaushalt.de\\\/sari02\\\/wp-content\\\/uploads\\\/2019\\\/02\\\/sari-april2018.png\"},\"description\":\"Frau Mondgras \u2013 Das bin ich, Sari. Gerne auch als Sari Mondgras bekannt und im Internet zu finden. 2-Fach-Mutter, Heldenehefrau, Kreativling, Harmonies\u00fcchtig und st\u00e4ndig auf der Suche nach Gl\u00fcck. Ich komme aus Berlin, bin hier aufgewachsen und lebe hier seit ich denken kann.\",\"sameAs\":[\"https:\\\/\\\/www.instagram.com\\\/heldenhaushalt\\\/\"],\"url\":\"https:\\\/\\\/www.heldenhaushalt.de\\\/sari02\\\/index.php\\\/author\\\/admin\\\/\"}]}<\/script>\n<!-- \/ Yoast SEO plugin. -->","yoast_head_json":{"title":"Vom Vermissen... - Heldenhaushalt","description":"Auch Helden erleben den t\u00e4glichen Wahnsinn, den ein Alltag mit sich bringt und Frau Mondgras sitzt mittendrin. Berlinerin, Mutter, Ehefrau, Kreativling und auf der st\u00e4ndigen Suche nach Gl\u00fcck... Hier wird gen\u00e4ht, gebacken, gebastelt und auch mal \u00fcber den Alltag gemault.","robots":{"index":"index","follow":"follow","max-snippet":"max-snippet:-1","max-image-preview":"max-image-preview:large","max-video-preview":"max-video-preview:-1"},"canonical":"https:\/\/www.heldenhaushalt.de\/sari02\/index.php\/2016\/03\/07\/vom-vermissen\/","og_locale":"de_DE","og_type":"article","og_title":"Vom Vermissen... - Heldenhaushalt","og_description":"Auch Helden erleben den t\u00e4glichen Wahnsinn, den ein Alltag mit sich bringt und Frau Mondgras sitzt mittendrin. Berlinerin, Mutter, Ehefrau, Kreativling und auf der st\u00e4ndigen Suche nach Gl\u00fcck... Hier wird gen\u00e4ht, gebacken, gebastelt und auch mal \u00fcber den Alltag gemault.","og_url":"https:\/\/www.heldenhaushalt.de\/sari02\/index.php\/2016\/03\/07\/vom-vermissen\/","og_site_name":"Heldenhaushalt","article_published_time":"2016-03-07T09:01:36+00:00","og_image":[{"url":"http:\/\/www.heldenhaushalt.de\/sari02\/wp-content\/uploads\/2016\/03\/vermissen01.jpg","type":"","width":"","height":""}],"author":"Sari","twitter_card":"summary_large_image","twitter_creator":"@Heldenhaushalt","twitter_site":"@Heldenhaushalt","twitter_misc":{"Verfasst von":"Sari","Gesch\u00e4tzte Lesezeit":"3\u00a0Minuten"},"schema":{"@context":"https:\/\/schema.org","@graph":[{"@type":"Article","@id":"https:\/\/www.heldenhaushalt.de\/sari02\/index.php\/2016\/03\/07\/vom-vermissen\/#article","isPartOf":{"@id":"https:\/\/www.heldenhaushalt.de\/sari02\/index.php\/2016\/03\/07\/vom-vermissen\/"},"author":{"name":"Sari","@id":"https:\/\/www.heldenhaushalt.de\/sari02\/#\/schema\/person\/a1cc69f42a01f412eb62c151353814f6"},"headline":"Vom Vermissen&#8230;","datePublished":"2016-03-07T09:01:36+00:00","mainEntityOfPage":{"@id":"https:\/\/www.heldenhaushalt.de\/sari02\/index.php\/2016\/03\/07\/vom-vermissen\/"},"wordCount":588,"commentCount":11,"publisher":{"@id":"https:\/\/www.heldenhaushalt.de\/sari02\/#\/schema\/person\/a1cc69f42a01f412eb62c151353814f6"},"image":{"@id":"https:\/\/www.heldenhaushalt.de\/sari02\/index.php\/2016\/03\/07\/vom-vermissen\/#primaryimage"},"thumbnailUrl":"http:\/\/www.heldenhaushalt.de\/sari02\/wp-content\/uploads\/2016\/03\/vermissen01.jpg","keywords":["Stolz","Vermissen","Wehmut"],"articleSection":["Gedankenwelt"],"inLanguage":"de","potentialAction":[{"@type":"CommentAction","name":"Comment","target":["https:\/\/www.heldenhaushalt.de\/sari02\/index.php\/2016\/03\/07\/vom-vermissen\/#respond"]}]},{"@type":"WebPage","@id":"https:\/\/www.heldenhaushalt.de\/sari02\/index.php\/2016\/03\/07\/vom-vermissen\/","url":"https:\/\/www.heldenhaushalt.de\/sari02\/index.php\/2016\/03\/07\/vom-vermissen\/","name":"Vom Vermissen... - Heldenhaushalt","isPartOf":{"@id":"https:\/\/www.heldenhaushalt.de\/sari02\/#website"},"primaryImageOfPage":{"@id":"https:\/\/www.heldenhaushalt.de\/sari02\/index.php\/2016\/03\/07\/vom-vermissen\/#primaryimage"},"image":{"@id":"https:\/\/www.heldenhaushalt.de\/sari02\/index.php\/2016\/03\/07\/vom-vermissen\/#primaryimage"},"thumbnailUrl":"http:\/\/www.heldenhaushalt.de\/sari02\/wp-content\/uploads\/2016\/03\/vermissen01.jpg","datePublished":"2016-03-07T09:01:36+00:00","description":"Auch Helden erleben den t\u00e4glichen Wahnsinn, den ein Alltag mit sich bringt und Frau Mondgras sitzt mittendrin. Berlinerin, Mutter, Ehefrau, Kreativling und auf der st\u00e4ndigen Suche nach Gl\u00fcck... Hier wird gen\u00e4ht, gebacken, gebastelt und auch mal \u00fcber den Alltag gemault.","breadcrumb":{"@id":"https:\/\/www.heldenhaushalt.de\/sari02\/index.php\/2016\/03\/07\/vom-vermissen\/#breadcrumb"},"inLanguage":"de","potentialAction":[{"@type":"ReadAction","target":["https:\/\/www.heldenhaushalt.de\/sari02\/index.php\/2016\/03\/07\/vom-vermissen\/"]}]},{"@type":"ImageObject","inLanguage":"de","@id":"https:\/\/www.heldenhaushalt.de\/sari02\/index.php\/2016\/03\/07\/vom-vermissen\/#primaryimage","url":"http:\/\/www.heldenhaushalt.de\/sari02\/wp-content\/uploads\/2016\/03\/vermissen01.jpg","contentUrl":"http:\/\/www.heldenhaushalt.de\/sari02\/wp-content\/uploads\/2016\/03\/vermissen01.jpg"},{"@type":"BreadcrumbList","@id":"https:\/\/www.heldenhaushalt.de\/sari02\/index.php\/2016\/03\/07\/vom-vermissen\/#breadcrumb","itemListElement":[{"@type":"ListItem","position":1,"name":"Startseite","item":"https:\/\/www.heldenhaushalt.de\/sari02\/"},{"@type":"ListItem","position":2,"name":"Vom Vermissen&#8230;"}]},{"@type":"WebSite","@id":"https:\/\/www.heldenhaushalt.de\/sari02\/#website","url":"https:\/\/www.heldenhaushalt.de\/sari02\/","name":"Heldenhaushalt","description":"Wer es ordentlich haben will, der muss vorher anrufen","publisher":{"@id":"https:\/\/www.heldenhaushalt.de\/sari02\/#\/schema\/person\/a1cc69f42a01f412eb62c151353814f6"},"potentialAction":[{"@type":"SearchAction","target":{"@type":"EntryPoint","urlTemplate":"https:\/\/www.heldenhaushalt.de\/sari02\/?s={search_term_string}"},"query-input":{"@type":"PropertyValueSpecification","valueRequired":true,"valueName":"search_term_string"}}],"inLanguage":"de"},{"@type":["Person","Organization"],"@id":"https:\/\/www.heldenhaushalt.de\/sari02\/#\/schema\/person\/a1cc69f42a01f412eb62c151353814f6","name":"Sari","image":{"@type":"ImageObject","inLanguage":"de","@id":"https:\/\/www.heldenhaushalt.de\/sari02\/wp-content\/uploads\/2019\/02\/sari-april2018.png","url":"https:\/\/www.heldenhaushalt.de\/sari02\/wp-content\/uploads\/2019\/02\/sari-april2018.png","contentUrl":"https:\/\/www.heldenhaushalt.de\/sari02\/wp-content\/uploads\/2019\/02\/sari-april2018.png","width":500,"height":500,"caption":"Sari"},"logo":{"@id":"https:\/\/www.heldenhaushalt.de\/sari02\/wp-content\/uploads\/2019\/02\/sari-april2018.png"},"description":"Frau Mondgras \u2013 Das bin ich, Sari. Gerne auch als Sari Mondgras bekannt und im Internet zu finden. 2-Fach-Mutter, Heldenehefrau, Kreativling, Harmonies\u00fcchtig und st\u00e4ndig auf der Suche nach Gl\u00fcck. Ich komme aus Berlin, bin hier aufgewachsen und lebe hier seit ich denken kann.","sameAs":["https:\/\/www.instagram.com\/heldenhaushalt\/"],"url":"https:\/\/www.heldenhaushalt.de\/sari02\/index.php\/author\/admin\/"}]}},"views":8951,"_links":{"self":[{"href":"https:\/\/www.heldenhaushalt.de\/sari02\/index.php\/wp-json\/wp\/v2\/posts\/28549","targetHints":{"allow":["GET"]}}],"collection":[{"href":"https:\/\/www.heldenhaushalt.de\/sari02\/index.php\/wp-json\/wp\/v2\/posts"}],"about":[{"href":"https:\/\/www.heldenhaushalt.de\/sari02\/index.php\/wp-json\/wp\/v2\/types\/post"}],"author":[{"embeddable":true,"href":"https:\/\/www.heldenhaushalt.de\/sari02\/index.php\/wp-json\/wp\/v2\/users\/1"}],"replies":[{"embeddable":true,"href":"https:\/\/www.heldenhaushalt.de\/sari02\/index.php\/wp-json\/wp\/v2\/comments?post=28549"}],"version-history":[{"count":4,"href":"https:\/\/www.heldenhaushalt.de\/sari02\/index.php\/wp-json\/wp\/v2\/posts\/28549\/revisions"}],"predecessor-version":[{"id":28591,"href":"https:\/\/www.heldenhaushalt.de\/sari02\/index.php\/wp-json\/wp\/v2\/posts\/28549\/revisions\/28591"}],"wp:attachment":[{"href":"https:\/\/www.heldenhaushalt.de\/sari02\/index.php\/wp-json\/wp\/v2\/media?parent=28549"}],"wp:term":[{"taxonomy":"category","embeddable":true,"href":"https:\/\/www.heldenhaushalt.de\/sari02\/index.php\/wp-json\/wp\/v2\/categories?post=28549"},{"taxonomy":"post_tag","embeddable":true,"href":"https:\/\/www.heldenhaushalt.de\/sari02\/index.php\/wp-json\/wp\/v2\/tags?post=28549"}],"curies":[{"name":"wp","href":"https:\/\/api.w.org\/{rel}","templated":true}]}}