{"id":28943,"date":"2016-05-11T10:00:00","date_gmt":"2016-05-11T08:00:00","guid":{"rendered":"http:\/\/www.mondgras.de\/sari02\/?p=28943"},"modified":"2016-05-09T09:58:05","modified_gmt":"2016-05-09T07:58:05","slug":"mittwochs-mag-ich-euch-von-den-plaenen-des-minihelden-erzaehlen","status":"publish","type":"post","link":"https:\/\/www.heldenhaushalt.de\/sari02\/index.php\/2016\/05\/11\/mittwochs-mag-ich-euch-von-den-plaenen-des-minihelden-erzaehlen\/","title":{"rendered":"Mittwochs mag ich&#8230;euch von den Pl&#228;nen des Minihelden erz&#228;hlen"},"content":{"rendered":"<p><a href=\"http:\/\/frollein-pfau.blogspot.de\/2013\/03\/mittwochs-mag-ich-mmi.html\" target=\"_blank\"><img loading=\"lazy\" decoding=\"async\" class=\" aligncenter\" src=\"https:\/\/www.heldenhaushalt.de\/sari02\/wp-content\/uploads\/2015\/07\/MMI_Frollein-Pfau.png?w=640\" alt=\"\" width=\"170\" height=\"71\" \/><\/a><\/p>\n<p>In 5 Tagen ist es soweit. In 5 Tagen feiert unser kleines Baby seinen 5. Geburtstag und ihr kennt das sicher: Dieses Event ist bei dem Kind seit MONATEN Gespr&#228;chsthema Nr. 1! Soweit ok, denn wir kennen das ja auch noch aus der eigenen Kindheit (und sind wir doch mal ehrlich: Auch als Erwachsene fiebern wir dem Geburtstag doch manchmal noch entgegen), aaaaaber seit geraumer Zeit ist das Thema f&#252;r den Minihelden so wichtig geworden, dass er angefangen hat Pl&#228;ne zu schmieden. Die Schuld daran kann man sich unter anderem bei mir suchen, denn wer den Blog schon eine Weile verfolgt, der m&#252;sste wissen, dass wir bzw. ich seit dem 2. Geburtstag des Minihelden das Event immer unter ein Motto stelle.<\/p>\n<p><img loading=\"lazy\" decoding=\"async\" class=\"alignnone size-full wp-image-29089\" src=\"http:\/\/www.heldenhaushalt.de\/sari02\/wp-content\/uploads\/2016\/05\/mottogeburtstage.jpg\" alt=\"mottogeburtstage\" width=\"650\" height=\"423\" srcset=\"https:\/\/www.heldenhaushalt.de\/sari02\/wp-content\/uploads\/2016\/05\/mottogeburtstage.jpg 650w, https:\/\/www.heldenhaushalt.de\/sari02\/wp-content\/uploads\/2016\/05\/mottogeburtstage-300x195.jpg 300w\" sizes=\"auto, (max-width: 650px) 100vw, 650px\" \/><\/p>\n<p>Inzwischen geistern so viele sch&#246;ne Anregungen f&#252;r Motto-Parties und Bilder von Sweet Tables im Internet herum, dass man eigentlich kaum noch daran vorbei kommt dem Kind so eine tolle Party bescheren zu wollen. So gab es zum 2. Geburtstag die &#8220;<a href=\"http:\/\/www.heldenhaushalt.de\/sari02\/index.php\/2013\/05\/17\/und-das-war-die-pooh-party\/\" target=\"_blank\">100 Morgen Wald&#8221;-Feier<\/a>, der 3. Geburtstag stand ganz im Zeichen <a href=\"http:\/\/www.heldenhaushalt.de\/sari02\/index.php\/2014\/05\/18\/diy-die-drachen-von-berk-geburtstagsfeier\/\" target=\"_blank\">von &#8220;Drachenz&#228;hmen&#8221;<\/a> und im letzten Jahr stand alles unter dem<a href=\"http:\/\/www.heldenhaushalt.de\/sari02\/index.php\/2015\/05\/18\/und-das-war-die-sport-party\/\" target=\"_blank\"> Motto &#8220;Sport&#8221;,<\/a> wo wir nahezu alle M&#246;glichkeiten an Sport im Garten ausgesch&#246;pft haben. Dieses Jahr m&#246;chte der Miniheld nun endlich seine langersehnte Fu&#223;ballparty feiern (die ich ihm letztes Jahr noch ausreden konnte, da er &#252;berwiegend Freunde einladen wollte, die mit Fu&#223;ball so rein gar nichts am Hut hatten) und ja, dieses Jahr soll er sie auch bekommen. Seit dem das fest steht, ist der Miniheld am Planen. Und von diesen Pl&#228;nen m&#246;chte ich Euch heute erz&#228;hlen, denn es ist schon irgendwie spannend, wie Kinder sich so eine Geburtstagsparty vorstellen:<\/p>\n<ul>\n<li>Wir werden ein Tunier veranstalten mit seinen Freunden.<\/li>\n<li>Vorher m&#252;ssen wir nat&#252;rlich nochmal ein richtiges Training machen<\/li>\n<li>Eine Trib&#252;ne sollte nat&#252;rlich auch gebaut werden f&#252;r die Zuschauer<\/li>\n<li>Jedes Kind, dass er einl&#228;d bekommt einen Pokal und die Sieger am Ende nochmal einen gro&#223;en Pokal. Und wenn ein Kind nicht kommen kann, bekommt es den Pokal zugeschickt (Gleiches gilt &#252;brigens auch f&#252;r die Geschenke, wer nicht kommen kann, kann dem Minihelden ja sein Geschenk zuschicken&#8230;)<\/li>\n<li>Der Miniheld wird entscheiden wer wo mitspielt, will mal Torwart und auch mal Schiedsrichter sein<\/li>\n<li>Er wird Quizmaster<\/li>\n<\/ul>\n<p>&#8230;mal ein Eindruck von dem, was sich der Miniheld so gedacht hat. Von diesen Pl&#228;nen erz&#228;hlt er in der Kita und im Freundeskreis seit Wochen und macht Versprechungen, von denen ich dann manchmal erst durch die Erzieherinnen erfahre, die im &#220;brigen auch eingeladen sind und Snack-Verk&#228;ufer sein sollen *lach*. Da wackeln einem manchmal schon echt die Ohren, wenn man von der einen oder anderen Idee des Minihelden h&#246;rt. Kennt Ihr das?<\/p>\n<p>Haben Eure Kinder auch so genaue Vorstellungen von dem, was sie gerne machen w&#252;rden? Am Sch&#246;nsten finde ich ja die Idee, dass wir extra eine Trib&#252;ne bauen *drop*. Aber was wir nun tats&#228;chlich alles geplant und von den Ideen des Minihelden umgesetzt haben, davon erz&#228;hle ich Euch dann n&#228;chste Woche, wenn alles &#252;berstanden und wir hoffentlich eine tolle Party in netter Runde hatten *lach*.<img loading=\"lazy\" decoding=\"async\" class=\" size-full wp-image-24841 alignright\" src=\"https:\/\/www.heldenhaushalt.de \/sari02\/wp-content\/uploads\/2015\/01\/sari-unter.jpg?resize=130%2C59\" alt=\"sari-unter\" width=\"130\" height=\"59\" \/><\/p>\n","protected":false},"excerpt":{"rendered":"<p>In 5 Tagen ist es soweit. In 5 Tagen feiert unser kleines Baby seinen 5. Geburtstag und ihr kennt das sicher: Dieses Event ist bei dem Kind seit MONATEN Gespr&#228;chsthema Nr. 1! Soweit ok, denn wir kennen das ja auch noch aus der eigenen Kindheit (und sind wir doch mal ehrlich: Auch als Erwachsene fiebern wir dem Geburtstag doch manchmal noch entgegen), aaaaaber seit geraumer Zeit ist das Thema f&#252;r den Minihelden so wichtig geworden, dass er angefangen hat Pl&#228;ne zu schmieden. Die Schuld daran kann man sich unter anderem bei mir suchen, denn wer den Blog schon eine Weile verfolgt, der m&#252;sste wissen, dass wir bzw. ich seit dem 2. Geburtstag des Minihelden das Event immer unter ein Motto stelle. Inzwischen geistern so viele sch&#246;ne Anregungen f&#252;r Motto-Parties und Bilder von Sweet Tables im Internet herum, dass man eigentlich kaum noch daran vorbei kommt dem Kind so eine tolle Party bescheren zu wollen. So gab es zum 2. Geburtstag die &#8220;100 Morgen Wald&#8221;-Feier, der 3. Geburtstag stand ganz im Zeichen von &#8220;Drachenz&#228;hmen&#8221; und im letzten Jahr stand alles unter dem Motto &#8220;Sport&#8221;, wo wir nahezu alle M&#246;glichkeiten an Sport im Garten ausgesch&#246;pft haben. Dieses Jahr m&#246;chte der Miniheld nun endlich seine langersehnte Fu&#223;ballparty feiern (die ich ihm letztes Jahr noch ausreden konnte, da er &#252;berwiegend Freunde einladen wollte, die mit Fu&#223;ball so rein gar nichts am Hut hatten) und ja, dieses Jahr soll er sie auch bekommen. Seit dem das fest steht, ist der Miniheld am Planen. Und von diesen Pl&#228;nen m&#246;chte ich Euch heute erz&#228;hlen, denn es ist schon irgendwie spannend, wie Kinder sich so eine Geburtstagsparty vorstellen: Wir werden ein Tunier veranstalten mit seinen Freunden. Vorher m&#252;ssen wir nat&#252;rlich nochmal ein richtiges Training machen Eine Trib&#252;ne sollte nat&#252;rlich auch gebaut werden f&#252;r die Zuschauer Jedes Kind, dass er einl&#228;d bekommt einen Pokal und die Sieger am Ende nochmal einen gro&#223;en Pokal. Und wenn ein Kind nicht kommen kann, bekommt es den Pokal zugeschickt (Gleiches gilt &#252;brigens auch f&#252;r die Geschenke, wer nicht kommen kann, kann dem Minihelden ja sein Geschenk zuschicken&#8230;) Der Miniheld wird entscheiden wer wo mitspielt, will mal Torwart und auch mal Schiedsrichter sein Er wird Quizmaster &#8230;mal ein Eindruck von dem, was sich der Miniheld so gedacht hat. Von diesen Pl&#228;nen erz&#228;hlt er in der Kita und im Freundeskreis seit Wochen und macht Versprechungen, von denen ich dann manchmal erst durch die Erzieherinnen erfahre, die im &#220;brigen auch eingeladen sind und Snack-Verk&#228;ufer sein sollen *lach*. Da wackeln einem manchmal schon echt die Ohren, wenn man von der einen oder anderen Idee des Minihelden h&#246;rt. Kennt Ihr das? Haben Eure Kinder auch so genaue Vorstellungen von dem, was sie gerne machen w&#252;rden? Am Sch&#246;nsten finde ich ja die Idee, dass wir extra eine Trib&#252;ne bauen *drop*. Aber was wir nun tats&#228;chlich alles geplant und von den Ideen des Minihelden umgesetzt haben, davon erz&#228;hle ich Euch dann n&#228;chste Woche, wenn alles &#252;berstanden und wir hoffentlich eine tolle Party in netter Runde hatten *lach*.<\/p>\n","protected":false},"author":1,"featured_media":0,"comment_status":"open","ping_status":"open","sticky":false,"template":"","format":"standard","meta":{"ngg_post_thumbnail":0,"footnotes":""},"categories":[46,321],"tags":[634,229,385],"class_list":["post-28943","post","type-post","status-publish","format-standard","hentry","category-feiertage","category-minimum","tag-kindergeburtstag","tag-minimum","tag-mittwochs-mag-ich"],"yoast_head":"<!-- This site is optimized with the Yoast SEO plugin v27.5 - https:\/\/yoast.com\/product\/yoast-seo-wordpress\/ -->\n<title>Mittwochs mag ich...euch von den Pl\u00e4nen des Minihelden erz\u00e4hlen - Heldenhaushalt<\/title>\n<meta name=\"description\" content=\"Auch Helden erleben den t\u00e4glichen Wahnsinn, den ein Alltag mit sich bringt und Frau Mondgras sitzt mittendrin. Berlinerin, Mutter, Ehefrau, Kreativling und auf der st\u00e4ndigen Suche nach Gl\u00fcck... Hier wird gen\u00e4ht, gebacken, gebastelt und auch mal \u00fcber den Alltag gemault.\" \/>\n<meta name=\"robots\" content=\"index, follow, max-snippet:-1, max-image-preview:large, max-video-preview:-1\" \/>\n<link rel=\"canonical\" href=\"https:\/\/www.heldenhaushalt.de\/sari02\/index.php\/2016\/05\/11\/mittwochs-mag-ich-euch-von-den-plaenen-des-minihelden-erzaehlen\/\" \/>\n<meta property=\"og:locale\" content=\"de_DE\" \/>\n<meta property=\"og:type\" content=\"article\" \/>\n<meta property=\"og:title\" content=\"Mittwochs mag ich...euch von den Pl\u00e4nen des Minihelden erz\u00e4hlen - Heldenhaushalt\" \/>\n<meta property=\"og:description\" content=\"Auch Helden erleben den t\u00e4glichen Wahnsinn, den ein Alltag mit sich bringt und Frau Mondgras sitzt mittendrin. Berlinerin, Mutter, Ehefrau, Kreativling und auf der st\u00e4ndigen Suche nach Gl\u00fcck... Hier wird gen\u00e4ht, gebacken, gebastelt und auch mal \u00fcber den Alltag gemault.\" \/>\n<meta property=\"og:url\" content=\"https:\/\/www.heldenhaushalt.de\/sari02\/index.php\/2016\/05\/11\/mittwochs-mag-ich-euch-von-den-plaenen-des-minihelden-erzaehlen\/\" \/>\n<meta property=\"og:site_name\" content=\"Heldenhaushalt\" \/>\n<meta property=\"article:published_time\" content=\"2016-05-11T08:00:00+00:00\" \/>\n<meta property=\"og:image\" content=\"https:\/\/www.heldenhaushalt.de\/sari02\/wp-content\/uploads\/2015\/07\/MMI_Frollein-Pfau.png?w=640\" \/>\n<meta name=\"author\" content=\"Sari\" \/>\n<meta name=\"twitter:card\" content=\"summary_large_image\" \/>\n<meta name=\"twitter:creator\" content=\"@Heldenhaushalt\" \/>\n<meta name=\"twitter:site\" content=\"@Heldenhaushalt\" \/>\n<meta name=\"twitter:label1\" content=\"Verfasst von\" \/>\n\t<meta name=\"twitter:data1\" content=\"Sari\" \/>\n\t<meta name=\"twitter:label2\" content=\"Gesch\u00e4tzte Lesezeit\" \/>\n\t<meta name=\"twitter:data2\" content=\"3\u00a0Minuten\" \/>\n<script type=\"application\/ld+json\" class=\"yoast-schema-graph\">{\"@context\":\"https:\\\/\\\/schema.org\",\"@graph\":[{\"@type\":\"Article\",\"@id\":\"https:\\\/\\\/www.heldenhaushalt.de\\\/sari02\\\/index.php\\\/2016\\\/05\\\/11\\\/mittwochs-mag-ich-euch-von-den-plaenen-des-minihelden-erzaehlen\\\/#article\",\"isPartOf\":{\"@id\":\"https:\\\/\\\/www.heldenhaushalt.de\\\/sari02\\\/index.php\\\/2016\\\/05\\\/11\\\/mittwochs-mag-ich-euch-von-den-plaenen-des-minihelden-erzaehlen\\\/\"},\"author\":{\"name\":\"Sari\",\"@id\":\"https:\\\/\\\/www.heldenhaushalt.de\\\/sari02\\\/#\\\/schema\\\/person\\\/a1cc69f42a01f412eb62c151353814f6\"},\"headline\":\"Mittwochs mag ich&#8230;euch von den Pl&#228;nen des Minihelden erz&#228;hlen\",\"datePublished\":\"2016-05-11T08:00:00+00:00\",\"mainEntityOfPage\":{\"@id\":\"https:\\\/\\\/www.heldenhaushalt.de\\\/sari02\\\/index.php\\\/2016\\\/05\\\/11\\\/mittwochs-mag-ich-euch-von-den-plaenen-des-minihelden-erzaehlen\\\/\"},\"wordCount\":535,\"commentCount\":4,\"publisher\":{\"@id\":\"https:\\\/\\\/www.heldenhaushalt.de\\\/sari02\\\/#\\\/schema\\\/person\\\/a1cc69f42a01f412eb62c151353814f6\"},\"image\":{\"@id\":\"https:\\\/\\\/www.heldenhaushalt.de\\\/sari02\\\/index.php\\\/2016\\\/05\\\/11\\\/mittwochs-mag-ich-euch-von-den-plaenen-des-minihelden-erzaehlen\\\/#primaryimage\"},\"thumbnailUrl\":\"https:\\\/\\\/www.heldenhaushalt.de\\\/sari02\\\/wp-content\\\/uploads\\\/2015\\\/07\\\/MMI_Frollein-Pfau.png?w=640\",\"keywords\":[\"Kindergeburtstag\",\"Miniheld\",\"Mittwochs mag ich\"],\"articleSection\":[\"Besondere Anl\u00e4sse\",\"Heldenkinder\"],\"inLanguage\":\"de\",\"potentialAction\":[{\"@type\":\"CommentAction\",\"name\":\"Comment\",\"target\":[\"https:\\\/\\\/www.heldenhaushalt.de\\\/sari02\\\/index.php\\\/2016\\\/05\\\/11\\\/mittwochs-mag-ich-euch-von-den-plaenen-des-minihelden-erzaehlen\\\/#respond\"]}]},{\"@type\":\"WebPage\",\"@id\":\"https:\\\/\\\/www.heldenhaushalt.de\\\/sari02\\\/index.php\\\/2016\\\/05\\\/11\\\/mittwochs-mag-ich-euch-von-den-plaenen-des-minihelden-erzaehlen\\\/\",\"url\":\"https:\\\/\\\/www.heldenhaushalt.de\\\/sari02\\\/index.php\\\/2016\\\/05\\\/11\\\/mittwochs-mag-ich-euch-von-den-plaenen-des-minihelden-erzaehlen\\\/\",\"name\":\"Mittwochs mag ich...euch von den Pl\u00e4nen des Minihelden erz\u00e4hlen - Heldenhaushalt\",\"isPartOf\":{\"@id\":\"https:\\\/\\\/www.heldenhaushalt.de\\\/sari02\\\/#website\"},\"primaryImageOfPage\":{\"@id\":\"https:\\\/\\\/www.heldenhaushalt.de\\\/sari02\\\/index.php\\\/2016\\\/05\\\/11\\\/mittwochs-mag-ich-euch-von-den-plaenen-des-minihelden-erzaehlen\\\/#primaryimage\"},\"image\":{\"@id\":\"https:\\\/\\\/www.heldenhaushalt.de\\\/sari02\\\/index.php\\\/2016\\\/05\\\/11\\\/mittwochs-mag-ich-euch-von-den-plaenen-des-minihelden-erzaehlen\\\/#primaryimage\"},\"thumbnailUrl\":\"https:\\\/\\\/www.heldenhaushalt.de\\\/sari02\\\/wp-content\\\/uploads\\\/2015\\\/07\\\/MMI_Frollein-Pfau.png?w=640\",\"datePublished\":\"2016-05-11T08:00:00+00:00\",\"description\":\"Auch Helden erleben den t\u00e4glichen Wahnsinn, den ein Alltag mit sich bringt und Frau Mondgras sitzt mittendrin. Berlinerin, Mutter, Ehefrau, Kreativling und auf der st\u00e4ndigen Suche nach Gl\u00fcck... Hier wird gen\u00e4ht, gebacken, gebastelt und auch mal \u00fcber den Alltag gemault.\",\"breadcrumb\":{\"@id\":\"https:\\\/\\\/www.heldenhaushalt.de\\\/sari02\\\/index.php\\\/2016\\\/05\\\/11\\\/mittwochs-mag-ich-euch-von-den-plaenen-des-minihelden-erzaehlen\\\/#breadcrumb\"},\"inLanguage\":\"de\",\"potentialAction\":[{\"@type\":\"ReadAction\",\"target\":[\"https:\\\/\\\/www.heldenhaushalt.de\\\/sari02\\\/index.php\\\/2016\\\/05\\\/11\\\/mittwochs-mag-ich-euch-von-den-plaenen-des-minihelden-erzaehlen\\\/\"]}]},{\"@type\":\"ImageObject\",\"inLanguage\":\"de\",\"@id\":\"https:\\\/\\\/www.heldenhaushalt.de\\\/sari02\\\/index.php\\\/2016\\\/05\\\/11\\\/mittwochs-mag-ich-euch-von-den-plaenen-des-minihelden-erzaehlen\\\/#primaryimage\",\"url\":\"https:\\\/\\\/www.heldenhaushalt.de\\\/sari02\\\/wp-content\\\/uploads\\\/2015\\\/07\\\/MMI_Frollein-Pfau.png\",\"contentUrl\":\"https:\\\/\\\/www.heldenhaushalt.de\\\/sari02\\\/wp-content\\\/uploads\\\/2015\\\/07\\\/MMI_Frollein-Pfau.png\",\"width\":170,\"height\":71},{\"@type\":\"BreadcrumbList\",\"@id\":\"https:\\\/\\\/www.heldenhaushalt.de\\\/sari02\\\/index.php\\\/2016\\\/05\\\/11\\\/mittwochs-mag-ich-euch-von-den-plaenen-des-minihelden-erzaehlen\\\/#breadcrumb\",\"itemListElement\":[{\"@type\":\"ListItem\",\"position\":1,\"name\":\"Startseite\",\"item\":\"https:\\\/\\\/www.heldenhaushalt.de\\\/sari02\\\/\"},{\"@type\":\"ListItem\",\"position\":2,\"name\":\"Mittwochs mag ich&#8230;euch von den Pl&#228;nen des Minihelden erz&#228;hlen\"}]},{\"@type\":\"WebSite\",\"@id\":\"https:\\\/\\\/www.heldenhaushalt.de\\\/sari02\\\/#website\",\"url\":\"https:\\\/\\\/www.heldenhaushalt.de\\\/sari02\\\/\",\"name\":\"Heldenhaushalt\",\"description\":\"Wer es ordentlich haben will, der muss vorher anrufen\",\"publisher\":{\"@id\":\"https:\\\/\\\/www.heldenhaushalt.de\\\/sari02\\\/#\\\/schema\\\/person\\\/a1cc69f42a01f412eb62c151353814f6\"},\"potentialAction\":[{\"@type\":\"SearchAction\",\"target\":{\"@type\":\"EntryPoint\",\"urlTemplate\":\"https:\\\/\\\/www.heldenhaushalt.de\\\/sari02\\\/?s={search_term_string}\"},\"query-input\":{\"@type\":\"PropertyValueSpecification\",\"valueRequired\":true,\"valueName\":\"search_term_string\"}}],\"inLanguage\":\"de\"},{\"@type\":[\"Person\",\"Organization\"],\"@id\":\"https:\\\/\\\/www.heldenhaushalt.de\\\/sari02\\\/#\\\/schema\\\/person\\\/a1cc69f42a01f412eb62c151353814f6\",\"name\":\"Sari\",\"image\":{\"@type\":\"ImageObject\",\"inLanguage\":\"de\",\"@id\":\"https:\\\/\\\/www.heldenhaushalt.de\\\/sari02\\\/wp-content\\\/uploads\\\/2019\\\/02\\\/sari-april2018.png\",\"url\":\"https:\\\/\\\/www.heldenhaushalt.de\\\/sari02\\\/wp-content\\\/uploads\\\/2019\\\/02\\\/sari-april2018.png\",\"contentUrl\":\"https:\\\/\\\/www.heldenhaushalt.de\\\/sari02\\\/wp-content\\\/uploads\\\/2019\\\/02\\\/sari-april2018.png\",\"width\":500,\"height\":500,\"caption\":\"Sari\"},\"logo\":{\"@id\":\"https:\\\/\\\/www.heldenhaushalt.de\\\/sari02\\\/wp-content\\\/uploads\\\/2019\\\/02\\\/sari-april2018.png\"},\"description\":\"Frau Mondgras \u2013 Das bin ich, Sari. Gerne auch als Sari Mondgras bekannt und im Internet zu finden. 2-Fach-Mutter, Heldenehefrau, Kreativling, Harmonies\u00fcchtig und st\u00e4ndig auf der Suche nach Gl\u00fcck. Ich komme aus Berlin, bin hier aufgewachsen und lebe hier seit ich denken kann.\",\"sameAs\":[\"https:\\\/\\\/www.instagram.com\\\/heldenhaushalt\\\/\"],\"url\":\"https:\\\/\\\/www.heldenhaushalt.de\\\/sari02\\\/index.php\\\/author\\\/admin\\\/\"}]}<\/script>\n<!-- \/ Yoast SEO plugin. -->","yoast_head_json":{"title":"Mittwochs mag ich...euch von den Pl\u00e4nen des Minihelden erz\u00e4hlen - Heldenhaushalt","description":"Auch Helden erleben den t\u00e4glichen Wahnsinn, den ein Alltag mit sich bringt und Frau Mondgras sitzt mittendrin. Berlinerin, Mutter, Ehefrau, Kreativling und auf der st\u00e4ndigen Suche nach Gl\u00fcck... Hier wird gen\u00e4ht, gebacken, gebastelt und auch mal \u00fcber den Alltag gemault.","robots":{"index":"index","follow":"follow","max-snippet":"max-snippet:-1","max-image-preview":"max-image-preview:large","max-video-preview":"max-video-preview:-1"},"canonical":"https:\/\/www.heldenhaushalt.de\/sari02\/index.php\/2016\/05\/11\/mittwochs-mag-ich-euch-von-den-plaenen-des-minihelden-erzaehlen\/","og_locale":"de_DE","og_type":"article","og_title":"Mittwochs mag ich...euch von den Pl\u00e4nen des Minihelden erz\u00e4hlen - Heldenhaushalt","og_description":"Auch Helden erleben den t\u00e4glichen Wahnsinn, den ein Alltag mit sich bringt und Frau Mondgras sitzt mittendrin. Berlinerin, Mutter, Ehefrau, Kreativling und auf der st\u00e4ndigen Suche nach Gl\u00fcck... Hier wird gen\u00e4ht, gebacken, gebastelt und auch mal \u00fcber den Alltag gemault.","og_url":"https:\/\/www.heldenhaushalt.de\/sari02\/index.php\/2016\/05\/11\/mittwochs-mag-ich-euch-von-den-plaenen-des-minihelden-erzaehlen\/","og_site_name":"Heldenhaushalt","article_published_time":"2016-05-11T08:00:00+00:00","og_image":[{"url":"https:\/\/www.heldenhaushalt.de\/sari02\/wp-content\/uploads\/2015\/07\/MMI_Frollein-Pfau.png?w=640","type":"","width":"","height":""}],"author":"Sari","twitter_card":"summary_large_image","twitter_creator":"@Heldenhaushalt","twitter_site":"@Heldenhaushalt","twitter_misc":{"Verfasst von":"Sari","Gesch\u00e4tzte Lesezeit":"3\u00a0Minuten"},"schema":{"@context":"https:\/\/schema.org","@graph":[{"@type":"Article","@id":"https:\/\/www.heldenhaushalt.de\/sari02\/index.php\/2016\/05\/11\/mittwochs-mag-ich-euch-von-den-plaenen-des-minihelden-erzaehlen\/#article","isPartOf":{"@id":"https:\/\/www.heldenhaushalt.de\/sari02\/index.php\/2016\/05\/11\/mittwochs-mag-ich-euch-von-den-plaenen-des-minihelden-erzaehlen\/"},"author":{"name":"Sari","@id":"https:\/\/www.heldenhaushalt.de\/sari02\/#\/schema\/person\/a1cc69f42a01f412eb62c151353814f6"},"headline":"Mittwochs mag ich&#8230;euch von den Pl&#228;nen des Minihelden erz&#228;hlen","datePublished":"2016-05-11T08:00:00+00:00","mainEntityOfPage":{"@id":"https:\/\/www.heldenhaushalt.de\/sari02\/index.php\/2016\/05\/11\/mittwochs-mag-ich-euch-von-den-plaenen-des-minihelden-erzaehlen\/"},"wordCount":535,"commentCount":4,"publisher":{"@id":"https:\/\/www.heldenhaushalt.de\/sari02\/#\/schema\/person\/a1cc69f42a01f412eb62c151353814f6"},"image":{"@id":"https:\/\/www.heldenhaushalt.de\/sari02\/index.php\/2016\/05\/11\/mittwochs-mag-ich-euch-von-den-plaenen-des-minihelden-erzaehlen\/#primaryimage"},"thumbnailUrl":"https:\/\/www.heldenhaushalt.de\/sari02\/wp-content\/uploads\/2015\/07\/MMI_Frollein-Pfau.png?w=640","keywords":["Kindergeburtstag","Miniheld","Mittwochs mag ich"],"articleSection":["Besondere Anl\u00e4sse","Heldenkinder"],"inLanguage":"de","potentialAction":[{"@type":"CommentAction","name":"Comment","target":["https:\/\/www.heldenhaushalt.de\/sari02\/index.php\/2016\/05\/11\/mittwochs-mag-ich-euch-von-den-plaenen-des-minihelden-erzaehlen\/#respond"]}]},{"@type":"WebPage","@id":"https:\/\/www.heldenhaushalt.de\/sari02\/index.php\/2016\/05\/11\/mittwochs-mag-ich-euch-von-den-plaenen-des-minihelden-erzaehlen\/","url":"https:\/\/www.heldenhaushalt.de\/sari02\/index.php\/2016\/05\/11\/mittwochs-mag-ich-euch-von-den-plaenen-des-minihelden-erzaehlen\/","name":"Mittwochs mag ich...euch von den Pl\u00e4nen des Minihelden erz\u00e4hlen - Heldenhaushalt","isPartOf":{"@id":"https:\/\/www.heldenhaushalt.de\/sari02\/#website"},"primaryImageOfPage":{"@id":"https:\/\/www.heldenhaushalt.de\/sari02\/index.php\/2016\/05\/11\/mittwochs-mag-ich-euch-von-den-plaenen-des-minihelden-erzaehlen\/#primaryimage"},"image":{"@id":"https:\/\/www.heldenhaushalt.de\/sari02\/index.php\/2016\/05\/11\/mittwochs-mag-ich-euch-von-den-plaenen-des-minihelden-erzaehlen\/#primaryimage"},"thumbnailUrl":"https:\/\/www.heldenhaushalt.de\/sari02\/wp-content\/uploads\/2015\/07\/MMI_Frollein-Pfau.png?w=640","datePublished":"2016-05-11T08:00:00+00:00","description":"Auch Helden erleben den t\u00e4glichen Wahnsinn, den ein Alltag mit sich bringt und Frau Mondgras sitzt mittendrin. Berlinerin, Mutter, Ehefrau, Kreativling und auf der st\u00e4ndigen Suche nach Gl\u00fcck... Hier wird gen\u00e4ht, gebacken, gebastelt und auch mal \u00fcber den Alltag gemault.","breadcrumb":{"@id":"https:\/\/www.heldenhaushalt.de\/sari02\/index.php\/2016\/05\/11\/mittwochs-mag-ich-euch-von-den-plaenen-des-minihelden-erzaehlen\/#breadcrumb"},"inLanguage":"de","potentialAction":[{"@type":"ReadAction","target":["https:\/\/www.heldenhaushalt.de\/sari02\/index.php\/2016\/05\/11\/mittwochs-mag-ich-euch-von-den-plaenen-des-minihelden-erzaehlen\/"]}]},{"@type":"ImageObject","inLanguage":"de","@id":"https:\/\/www.heldenhaushalt.de\/sari02\/index.php\/2016\/05\/11\/mittwochs-mag-ich-euch-von-den-plaenen-des-minihelden-erzaehlen\/#primaryimage","url":"https:\/\/www.heldenhaushalt.de\/sari02\/wp-content\/uploads\/2015\/07\/MMI_Frollein-Pfau.png","contentUrl":"https:\/\/www.heldenhaushalt.de\/sari02\/wp-content\/uploads\/2015\/07\/MMI_Frollein-Pfau.png","width":170,"height":71},{"@type":"BreadcrumbList","@id":"https:\/\/www.heldenhaushalt.de\/sari02\/index.php\/2016\/05\/11\/mittwochs-mag-ich-euch-von-den-plaenen-des-minihelden-erzaehlen\/#breadcrumb","itemListElement":[{"@type":"ListItem","position":1,"name":"Startseite","item":"https:\/\/www.heldenhaushalt.de\/sari02\/"},{"@type":"ListItem","position":2,"name":"Mittwochs mag ich&#8230;euch von den Pl&#228;nen des Minihelden erz&#228;hlen"}]},{"@type":"WebSite","@id":"https:\/\/www.heldenhaushalt.de\/sari02\/#website","url":"https:\/\/www.heldenhaushalt.de\/sari02\/","name":"Heldenhaushalt","description":"Wer es ordentlich haben will, der muss vorher anrufen","publisher":{"@id":"https:\/\/www.heldenhaushalt.de\/sari02\/#\/schema\/person\/a1cc69f42a01f412eb62c151353814f6"},"potentialAction":[{"@type":"SearchAction","target":{"@type":"EntryPoint","urlTemplate":"https:\/\/www.heldenhaushalt.de\/sari02\/?s={search_term_string}"},"query-input":{"@type":"PropertyValueSpecification","valueRequired":true,"valueName":"search_term_string"}}],"inLanguage":"de"},{"@type":["Person","Organization"],"@id":"https:\/\/www.heldenhaushalt.de\/sari02\/#\/schema\/person\/a1cc69f42a01f412eb62c151353814f6","name":"Sari","image":{"@type":"ImageObject","inLanguage":"de","@id":"https:\/\/www.heldenhaushalt.de\/sari02\/wp-content\/uploads\/2019\/02\/sari-april2018.png","url":"https:\/\/www.heldenhaushalt.de\/sari02\/wp-content\/uploads\/2019\/02\/sari-april2018.png","contentUrl":"https:\/\/www.heldenhaushalt.de\/sari02\/wp-content\/uploads\/2019\/02\/sari-april2018.png","width":500,"height":500,"caption":"Sari"},"logo":{"@id":"https:\/\/www.heldenhaushalt.de\/sari02\/wp-content\/uploads\/2019\/02\/sari-april2018.png"},"description":"Frau Mondgras \u2013 Das bin ich, Sari. Gerne auch als Sari Mondgras bekannt und im Internet zu finden. 2-Fach-Mutter, Heldenehefrau, Kreativling, Harmonies\u00fcchtig und st\u00e4ndig auf der Suche nach Gl\u00fcck. Ich komme aus Berlin, bin hier aufgewachsen und lebe hier seit ich denken kann.","sameAs":["https:\/\/www.instagram.com\/heldenhaushalt\/"],"url":"https:\/\/www.heldenhaushalt.de\/sari02\/index.php\/author\/admin\/"}]}},"views":4460,"_links":{"self":[{"href":"https:\/\/www.heldenhaushalt.de\/sari02\/index.php\/wp-json\/wp\/v2\/posts\/28943","targetHints":{"allow":["GET"]}}],"collection":[{"href":"https:\/\/www.heldenhaushalt.de\/sari02\/index.php\/wp-json\/wp\/v2\/posts"}],"about":[{"href":"https:\/\/www.heldenhaushalt.de\/sari02\/index.php\/wp-json\/wp\/v2\/types\/post"}],"author":[{"embeddable":true,"href":"https:\/\/www.heldenhaushalt.de\/sari02\/index.php\/wp-json\/wp\/v2\/users\/1"}],"replies":[{"embeddable":true,"href":"https:\/\/www.heldenhaushalt.de\/sari02\/index.php\/wp-json\/wp\/v2\/comments?post=28943"}],"version-history":[{"count":4,"href":"https:\/\/www.heldenhaushalt.de\/sari02\/index.php\/wp-json\/wp\/v2\/posts\/28943\/revisions"}],"predecessor-version":[{"id":29090,"href":"https:\/\/www.heldenhaushalt.de\/sari02\/index.php\/wp-json\/wp\/v2\/posts\/28943\/revisions\/29090"}],"wp:attachment":[{"href":"https:\/\/www.heldenhaushalt.de\/sari02\/index.php\/wp-json\/wp\/v2\/media?parent=28943"}],"wp:term":[{"taxonomy":"category","embeddable":true,"href":"https:\/\/www.heldenhaushalt.de\/sari02\/index.php\/wp-json\/wp\/v2\/categories?post=28943"},{"taxonomy":"post_tag","embeddable":true,"href":"https:\/\/www.heldenhaushalt.de\/sari02\/index.php\/wp-json\/wp\/v2\/tags?post=28943"}],"curies":[{"name":"wp","href":"https:\/\/api.w.org\/{rel}","templated":true}]}}