{"id":29860,"date":"2016-07-29T12:00:00","date_gmt":"2016-07-29T10:00:00","guid":{"rendered":"http:\/\/www.mondgras.de\/sari02\/?p=29860"},"modified":"2016-07-29T08:34:32","modified_gmt":"2016-07-29T06:34:32","slug":"der-erste-zahn-endlich-ist-er-da","status":"publish","type":"post","link":"https:\/\/www.heldenhaushalt.de\/sari02\/index.php\/2016\/07\/29\/der-erste-zahn-endlich-ist-er-da\/","title":{"rendered":"Der erste Zahn &#8211; Endlich ist er da!"},"content":{"rendered":"<p><img loading=\"lazy\" decoding=\"async\" class=\"alignnone size-full wp-image-29888\" src=\"http:\/\/www.heldenhaushalt.de\/sari02\/wp-content\/uploads\/2016\/07\/zahnen01.jpg\" alt=\"Z&#228;hnchen\" width=\"650\" height=\"366\" srcset=\"https:\/\/www.heldenhaushalt.de\/sari02\/wp-content\/uploads\/2016\/07\/zahnen01.jpg 650w, https:\/\/www.heldenhaushalt.de\/sari02\/wp-content\/uploads\/2016\/07\/zahnen01-300x169.jpg 300w\" sizes=\"auto, (max-width: 650px) 100vw, 650px\" \/><\/p>\n<p>Daaaa ist er nun endlich. Was f&#252;r eine Tortour. Bereits vor Monaten entdeckte ich die ersten wei&#223;en Striche im Zahnfleisch des Heldenkindes und da ich selber einen Zahnarzttermin hatte, dachte ich, lasse ich doch einfach mal beim Heldenkind mit reinschauen&#8230;<\/p>\n<h2>Wenn die ersten Z&#228;hnchen kommen<\/h2>\n<p>Ich kann mich noch gut daran erinnern, wann damals beim Gro&#223;en die ersten Z&#228;hnchen kamen. Er war 9 Monate alt und zog die Unterlippe immer wieder ein. Der Anblick war so unglaublich s&#252;&#223;, ich h&#228;tte ihn wirklich gerne mit Euch geteilt. Und dann war das Z&#228;hnchen pl&#246;tzlich da. Ohne Leiden vorher, ohne viel Speichelfluss. Einfach da.<\/p>\n<p>Umso gr&#246;&#223;er war meine &#220;berraschung, als ich bereits mit fast vier Monaten beim Kleinen die ersten Stellen im Kiefer entdeckte. Es waren noch keine Z&#228;hnchen, aber das Zahnfleisch war sehr rot und geschwollen und der arme Kleine rieb st&#228;ndig mit seinen Fingern im Mund herum.<\/p>\n<p>Sogar die Zahn&#228;rztin best&#228;tigte mir einen Zahn bei der Untersuchung, der wohl innerhalb der n&#228;chsten vier Wochen durchsto&#223;en w&#252;rde. Wir waren ganz gespannt und aufgeregt und ich war nat&#252;rlich auch froh, dass das Heldenkind nicht lange leiden sollte. Das erste Z&#228;hnchen. Bereits so fr&#252;h&#8230;wie aufregend.<\/p>\n<h2>Das lange Warten auf das Z&#228;hnchen<\/h2>\n<p>Nach einem Monat war aber leider noch nichts von einem Zahn zu sehen. Stattdessen schwollen nun auch die oberen Stellen im Kiefer an und das Heldenkind litt manchmal sehr. Das sah man dann daran, wie intensiv er im Mund herumrieb und auch an der Menge des Speicheflusses. Manchmal weinte er viel, verlor dabei aber nicht seine gute Laune.<\/p>\n<p>Auch nach 2 Monaten war der b&#246;se Zahn noch immer nicht zu sehen und das Mitleid wuchs. Inzwischen wurde der Bei&#223;ring zum besten Freund des Heldenkindes und eigentlich auch nahezu alles andere, auf dem er mit dem Kiefer ein bisschen rumdr&#252;cken konnte. Und seien es einfach nur unsere Finger. Erstaunlich, was f&#252;r eine Kraft bereits in so einem Baby-Kiefer steckt.<\/p>\n<p><img loading=\"lazy\" decoding=\"async\" class=\"alignnone size-full wp-image-29890\" src=\"http:\/\/www.heldenhaushalt.de\/sari02\/wp-content\/uploads\/2016\/07\/zahnen03.jpg\" alt=\"Z&#228;hnchen\" width=\"650\" height=\"300\" srcset=\"https:\/\/www.heldenhaushalt.de\/sari02\/wp-content\/uploads\/2016\/07\/zahnen03.jpg 650w, https:\/\/www.heldenhaushalt.de\/sari02\/wp-content\/uploads\/2016\/07\/zahnen03-300x138.jpg 300w, https:\/\/www.heldenhaushalt.de\/sari02\/wp-content\/uploads\/2016\/07\/zahnen03-600x277.jpg 600w\" sizes=\"auto, (max-width: 650px) 100vw, 650px\" \/><\/p>\n<p>Ich war ja doch etwas ratlos, da ich das vom Minihelden so gar nicht kannte. Bei dem kamen die Z&#228;nchen n&#228;mlich einfach so. Manchmal hatte er ein bisschen schlechte Laune nebenher, aber selbst die Backenz&#228;hne kamen relativ Beschwerde frei durch. Kein Fieber, keine Erk&#228;ltungen, keine M&#252;dihkeit, kein Sabbern&#8230;nix, was man sonst so von anderen geh&#246;rt hatte.<\/p>\n<h2>Und dann endlich die Erl&#246;sung!<\/h2>\n<p>Am Samstag war es dann endlich soweit. Das Heldenkind kaute mal wieder leidenschaftlich auf meinem Zeigefinger rum, w&#228;hrend ich es durch die Gegend trug und alles f&#252;r unseren Grillbesuch vorbereitete, bis&#8230; ja bis ich da tats&#228;chlich etwas Sp&#252;rte. Da war sie, die kleine Spitze! Definitiv war da dieses Mal etwas zu sp&#252;ren und man merkte es auch an der Laune des Heldenkindes. Erleichterung macht sich nun breit.<\/p>\n<p>Das ist inzwischen ein paar Tage her und seitdem hat sich sogar noch mehr getan. Der zweite Zahn ist ebenfalls durchgebrochen und hat sich zu seinem Freund gesellt. Damit hat das Heldenkind nun zwei kleine Z&#228;hnchen im Mund. Gerade rechtzeitig vor dem n&#228;chsten Zahnarztbesuch. Und man kann sehen, mit wie viel Freude der Kleine Mann nun dieses neue Werkzeug nutzt&#8230;<\/p>\n<p><img loading=\"lazy\" decoding=\"async\" class=\"alignnone size-full wp-image-29889\" src=\"http:\/\/www.heldenhaushalt.de\/sari02\/wp-content\/uploads\/2016\/07\/zahnen02.jpg\" alt=\"Z&#228;hnchen\" width=\"650\" height=\"299\" srcset=\"https:\/\/www.heldenhaushalt.de\/sari02\/wp-content\/uploads\/2016\/07\/zahnen02.jpg 650w, https:\/\/www.heldenhaushalt.de\/sari02\/wp-content\/uploads\/2016\/07\/zahnen02-300x138.jpg 300w, https:\/\/www.heldenhaushalt.de\/sari02\/wp-content\/uploads\/2016\/07\/zahnen02-600x276.jpg 600w\" sizes=\"auto, (max-width: 650px) 100vw, 650px\" \/><\/p>\n<p>Bleibt nur noch zu hoffen, dass die restlichen Z&#228;hne es dem Kleinen nicht auch noch so schwer machen. Aber vor allem bin ich auf den Anblick gespannt, den uns das kleine Heldenkind bieten wird, wenn die Z&#228;hne da unten erstmal richtig zu sehen sind *lach*.<\/p>\n<p>Wie war das bei Euren Kindern? Ich bin ja schon sehr &#252;berrascht, wie unterschiedlich das bei den Kindern laufen kann, vor allem, wenn es die eignen sind&#8230;<\/p>\n<p><img loading=\"lazy\" decoding=\"async\" class=\" size-full wp-image-24841 alignright\" src=\"https:\/\/www.heldenhaushalt.de \/sari02\/wp-content\/uploads\/2015\/01\/sari-unter.jpg?resize=130%2C59\" alt=\"sari-unter\" width=\"130\" height=\"59\" \/><\/p>\n","protected":false},"excerpt":{"rendered":"<p>Daaaa ist er nun endlich. Was f&#252;r eine Tortour. Bereits vor Monaten entdeckte ich die ersten wei&#223;en Striche im Zahnfleisch des Heldenkindes und da ich selber einen Zahnarzttermin hatte, dachte ich, lasse ich doch einfach mal beim Heldenkind mit reinschauen&#8230; Wenn die ersten Z&#228;hnchen kommen Ich kann mich noch gut daran erinnern, wann damals beim Gro&#223;en die ersten Z&#228;hnchen kamen. Er war 9 Monate alt und zog die Unterlippe immer wieder ein. Der Anblick war so unglaublich s&#252;&#223;, ich h&#228;tte ihn wirklich gerne mit Euch geteilt. Und dann war das Z&#228;hnchen pl&#246;tzlich da. Ohne Leiden vorher, ohne viel Speichelfluss. Einfach da. Umso gr&#246;&#223;er war meine &#220;berraschung, als ich bereits mit fast vier Monaten beim Kleinen die ersten Stellen im Kiefer entdeckte. Es waren noch keine Z&#228;hnchen, aber das Zahnfleisch war sehr rot und geschwollen und der arme Kleine rieb st&#228;ndig mit seinen Fingern im Mund herum. Sogar die Zahn&#228;rztin best&#228;tigte mir einen Zahn bei der Untersuchung, der wohl innerhalb der n&#228;chsten vier Wochen durchsto&#223;en w&#252;rde. Wir waren ganz gespannt und aufgeregt und ich war nat&#252;rlich auch froh, dass das Heldenkind nicht lange leiden sollte. Das erste Z&#228;hnchen. Bereits so fr&#252;h&#8230;wie aufregend. Das lange Warten auf das Z&#228;hnchen Nach einem Monat war aber leider noch nichts von einem Zahn zu sehen. Stattdessen schwollen nun auch die oberen Stellen im Kiefer an und das Heldenkind litt manchmal sehr. Das sah man dann daran, wie intensiv er im Mund herumrieb und auch an der Menge des Speicheflusses. Manchmal weinte er viel, verlor dabei aber nicht seine gute Laune. Auch nach 2 Monaten war der b&#246;se Zahn noch immer nicht zu sehen und das Mitleid wuchs. Inzwischen wurde der Bei&#223;ring zum besten Freund des Heldenkindes und eigentlich auch nahezu alles andere, auf dem er mit dem Kiefer ein bisschen rumdr&#252;cken konnte. Und seien es einfach nur unsere Finger. Erstaunlich, was f&#252;r eine Kraft bereits in so einem Baby-Kiefer steckt. Ich war ja doch etwas ratlos, da ich das vom Minihelden so gar nicht kannte. Bei dem kamen die Z&#228;nchen n&#228;mlich einfach so. Manchmal hatte er ein bisschen schlechte Laune nebenher, aber selbst die Backenz&#228;hne kamen relativ Beschwerde frei durch. Kein Fieber, keine Erk&#228;ltungen, keine M&#252;dihkeit, kein Sabbern&#8230;nix, was man sonst so von anderen geh&#246;rt hatte. Und dann endlich die Erl&#246;sung! Am Samstag war es dann endlich soweit. Das Heldenkind kaute mal wieder leidenschaftlich auf meinem Zeigefinger rum, w&#228;hrend ich es durch die Gegend trug und alles f&#252;r unseren Grillbesuch vorbereitete, bis&#8230; ja bis ich da tats&#228;chlich etwas Sp&#252;rte. Da war sie, die kleine Spitze! Definitiv war da dieses Mal etwas zu sp&#252;ren und man merkte es auch an der Laune des Heldenkindes. Erleichterung macht sich nun breit. Das ist inzwischen ein paar Tage her und seitdem hat sich sogar noch mehr getan. Der zweite Zahn ist ebenfalls durchgebrochen und hat sich zu seinem Freund gesellt. Damit hat das Heldenkind nun zwei kleine Z&#228;hnchen im Mund. Gerade rechtzeitig vor dem n&#228;chsten Zahnarztbesuch. Und man kann sehen, mit wie viel Freude der Kleine Mann nun dieses neue Werkzeug nutzt&#8230; Bleibt nur noch zu hoffen, dass die restlichen Z&#228;hne es dem Kleinen nicht auch noch so schwer machen. Aber vor allem bin ich auf den Anblick gespannt, den uns das kleine Heldenkind bieten wird, wenn die Z&#228;hne da unten erstmal richtig zu sehen sind *lach*. Wie war das bei Euren Kindern? Ich bin ja schon sehr &#252;berrascht, wie unterschiedlich das bei den Kindern laufen kann, vor allem, wenn es die eignen sind&#8230;<\/p>\n","protected":false},"author":1,"featured_media":0,"comment_status":"open","ping_status":"open","sticky":false,"template":"","format":"standard","meta":{"ngg_post_thumbnail":0,"footnotes":""},"categories":[321],"tags":[730,372,729,731],"class_list":["post-29860","post","type-post","status-publish","format-standard","hentry","category-minimum","tag-erster-zahn","tag-heldenkinder","tag-zahnen","tag-zaehnchen"],"yoast_head":"<!-- This site is optimized with the Yoast SEO plugin v27.5 - https:\/\/yoast.com\/product\/yoast-seo-wordpress\/ -->\n<title>Der erste Zahn - Endlich ist er da! - Heldenhaushalt<\/title>\n<meta name=\"description\" content=\"Ich kann mich noch gut daran erinnern, wann damals beim Gro\u00dfen die ersten Z\u00e4hnchen kamen und wie er es erlebte.\" \/>\n<meta name=\"robots\" content=\"index, follow, max-snippet:-1, max-image-preview:large, max-video-preview:-1\" \/>\n<link rel=\"canonical\" href=\"https:\/\/www.heldenhaushalt.de\/sari02\/index.php\/2016\/07\/29\/der-erste-zahn-endlich-ist-er-da\/\" \/>\n<meta property=\"og:locale\" content=\"de_DE\" \/>\n<meta property=\"og:type\" content=\"article\" \/>\n<meta property=\"og:title\" content=\"Der erste Zahn - Endlich ist er da! - Heldenhaushalt\" \/>\n<meta property=\"og:description\" content=\"Ich kann mich noch gut daran erinnern, wann damals beim Gro\u00dfen die ersten Z\u00e4hnchen kamen und wie er es erlebte.\" \/>\n<meta property=\"og:url\" content=\"https:\/\/www.heldenhaushalt.de\/sari02\/index.php\/2016\/07\/29\/der-erste-zahn-endlich-ist-er-da\/\" \/>\n<meta property=\"og:site_name\" content=\"Heldenhaushalt\" \/>\n<meta property=\"article:published_time\" content=\"2016-07-29T10:00:00+00:00\" \/>\n<meta property=\"og:image\" content=\"http:\/\/www.heldenhaushalt.de\/sari02\/wp-content\/uploads\/2016\/07\/zahnen01.jpg\" \/>\n<meta name=\"author\" content=\"Sari\" \/>\n<meta name=\"twitter:card\" content=\"summary_large_image\" \/>\n<meta name=\"twitter:creator\" content=\"@Heldenhaushalt\" \/>\n<meta name=\"twitter:site\" content=\"@Heldenhaushalt\" \/>\n<meta name=\"twitter:label1\" content=\"Verfasst von\" \/>\n\t<meta name=\"twitter:data1\" content=\"Sari\" \/>\n\t<meta name=\"twitter:label2\" content=\"Gesch\u00e4tzte Lesezeit\" \/>\n\t<meta name=\"twitter:data2\" content=\"3\u00a0Minuten\" \/>\n<script type=\"application\/ld+json\" class=\"yoast-schema-graph\">{\"@context\":\"https:\\\/\\\/schema.org\",\"@graph\":[{\"@type\":\"Article\",\"@id\":\"https:\\\/\\\/www.heldenhaushalt.de\\\/sari02\\\/index.php\\\/2016\\\/07\\\/29\\\/der-erste-zahn-endlich-ist-er-da\\\/#article\",\"isPartOf\":{\"@id\":\"https:\\\/\\\/www.heldenhaushalt.de\\\/sari02\\\/index.php\\\/2016\\\/07\\\/29\\\/der-erste-zahn-endlich-ist-er-da\\\/\"},\"author\":{\"name\":\"Sari\",\"@id\":\"https:\\\/\\\/www.heldenhaushalt.de\\\/sari02\\\/#\\\/schema\\\/person\\\/a1cc69f42a01f412eb62c151353814f6\"},\"headline\":\"Der erste Zahn &#8211; Endlich ist er da!\",\"datePublished\":\"2016-07-29T10:00:00+00:00\",\"mainEntityOfPage\":{\"@id\":\"https:\\\/\\\/www.heldenhaushalt.de\\\/sari02\\\/index.php\\\/2016\\\/07\\\/29\\\/der-erste-zahn-endlich-ist-er-da\\\/\"},\"wordCount\":623,\"commentCount\":0,\"publisher\":{\"@id\":\"https:\\\/\\\/www.heldenhaushalt.de\\\/sari02\\\/#\\\/schema\\\/person\\\/a1cc69f42a01f412eb62c151353814f6\"},\"image\":{\"@id\":\"https:\\\/\\\/www.heldenhaushalt.de\\\/sari02\\\/index.php\\\/2016\\\/07\\\/29\\\/der-erste-zahn-endlich-ist-er-da\\\/#primaryimage\"},\"thumbnailUrl\":\"http:\\\/\\\/www.heldenhaushalt.de\\\/sari02\\\/wp-content\\\/uploads\\\/2016\\\/07\\\/zahnen01.jpg\",\"keywords\":[\"Erster Zahn\",\"heldenkinder\",\"Zahnen\",\"Z\u00e4hnchen\"],\"articleSection\":[\"Heldenkinder\"],\"inLanguage\":\"de\",\"potentialAction\":[{\"@type\":\"CommentAction\",\"name\":\"Comment\",\"target\":[\"https:\\\/\\\/www.heldenhaushalt.de\\\/sari02\\\/index.php\\\/2016\\\/07\\\/29\\\/der-erste-zahn-endlich-ist-er-da\\\/#respond\"]}]},{\"@type\":\"WebPage\",\"@id\":\"https:\\\/\\\/www.heldenhaushalt.de\\\/sari02\\\/index.php\\\/2016\\\/07\\\/29\\\/der-erste-zahn-endlich-ist-er-da\\\/\",\"url\":\"https:\\\/\\\/www.heldenhaushalt.de\\\/sari02\\\/index.php\\\/2016\\\/07\\\/29\\\/der-erste-zahn-endlich-ist-er-da\\\/\",\"name\":\"Der erste Zahn - Endlich ist er da! - Heldenhaushalt\",\"isPartOf\":{\"@id\":\"https:\\\/\\\/www.heldenhaushalt.de\\\/sari02\\\/#website\"},\"primaryImageOfPage\":{\"@id\":\"https:\\\/\\\/www.heldenhaushalt.de\\\/sari02\\\/index.php\\\/2016\\\/07\\\/29\\\/der-erste-zahn-endlich-ist-er-da\\\/#primaryimage\"},\"image\":{\"@id\":\"https:\\\/\\\/www.heldenhaushalt.de\\\/sari02\\\/index.php\\\/2016\\\/07\\\/29\\\/der-erste-zahn-endlich-ist-er-da\\\/#primaryimage\"},\"thumbnailUrl\":\"http:\\\/\\\/www.heldenhaushalt.de\\\/sari02\\\/wp-content\\\/uploads\\\/2016\\\/07\\\/zahnen01.jpg\",\"datePublished\":\"2016-07-29T10:00:00+00:00\",\"description\":\"Ich kann mich noch gut daran erinnern, wann damals beim Gro\u00dfen die ersten Z\u00e4hnchen kamen und wie er es erlebte.\",\"breadcrumb\":{\"@id\":\"https:\\\/\\\/www.heldenhaushalt.de\\\/sari02\\\/index.php\\\/2016\\\/07\\\/29\\\/der-erste-zahn-endlich-ist-er-da\\\/#breadcrumb\"},\"inLanguage\":\"de\",\"potentialAction\":[{\"@type\":\"ReadAction\",\"target\":[\"https:\\\/\\\/www.heldenhaushalt.de\\\/sari02\\\/index.php\\\/2016\\\/07\\\/29\\\/der-erste-zahn-endlich-ist-er-da\\\/\"]}]},{\"@type\":\"ImageObject\",\"inLanguage\":\"de\",\"@id\":\"https:\\\/\\\/www.heldenhaushalt.de\\\/sari02\\\/index.php\\\/2016\\\/07\\\/29\\\/der-erste-zahn-endlich-ist-er-da\\\/#primaryimage\",\"url\":\"https:\\\/\\\/www.heldenhaushalt.de\\\/sari02\\\/wp-content\\\/uploads\\\/2016\\\/07\\\/zahnen01.jpg\",\"contentUrl\":\"https:\\\/\\\/www.heldenhaushalt.de\\\/sari02\\\/wp-content\\\/uploads\\\/2016\\\/07\\\/zahnen01.jpg\",\"width\":650,\"height\":366},{\"@type\":\"BreadcrumbList\",\"@id\":\"https:\\\/\\\/www.heldenhaushalt.de\\\/sari02\\\/index.php\\\/2016\\\/07\\\/29\\\/der-erste-zahn-endlich-ist-er-da\\\/#breadcrumb\",\"itemListElement\":[{\"@type\":\"ListItem\",\"position\":1,\"name\":\"Startseite\",\"item\":\"https:\\\/\\\/www.heldenhaushalt.de\\\/sari02\\\/\"},{\"@type\":\"ListItem\",\"position\":2,\"name\":\"Der erste Zahn &#8211; Endlich ist er da!\"}]},{\"@type\":\"WebSite\",\"@id\":\"https:\\\/\\\/www.heldenhaushalt.de\\\/sari02\\\/#website\",\"url\":\"https:\\\/\\\/www.heldenhaushalt.de\\\/sari02\\\/\",\"name\":\"Heldenhaushalt\",\"description\":\"Wer es ordentlich haben will, der muss vorher anrufen\",\"publisher\":{\"@id\":\"https:\\\/\\\/www.heldenhaushalt.de\\\/sari02\\\/#\\\/schema\\\/person\\\/a1cc69f42a01f412eb62c151353814f6\"},\"potentialAction\":[{\"@type\":\"SearchAction\",\"target\":{\"@type\":\"EntryPoint\",\"urlTemplate\":\"https:\\\/\\\/www.heldenhaushalt.de\\\/sari02\\\/?s={search_term_string}\"},\"query-input\":{\"@type\":\"PropertyValueSpecification\",\"valueRequired\":true,\"valueName\":\"search_term_string\"}}],\"inLanguage\":\"de\"},{\"@type\":[\"Person\",\"Organization\"],\"@id\":\"https:\\\/\\\/www.heldenhaushalt.de\\\/sari02\\\/#\\\/schema\\\/person\\\/a1cc69f42a01f412eb62c151353814f6\",\"name\":\"Sari\",\"image\":{\"@type\":\"ImageObject\",\"inLanguage\":\"de\",\"@id\":\"https:\\\/\\\/www.heldenhaushalt.de\\\/sari02\\\/wp-content\\\/uploads\\\/2019\\\/02\\\/sari-april2018.png\",\"url\":\"https:\\\/\\\/www.heldenhaushalt.de\\\/sari02\\\/wp-content\\\/uploads\\\/2019\\\/02\\\/sari-april2018.png\",\"contentUrl\":\"https:\\\/\\\/www.heldenhaushalt.de\\\/sari02\\\/wp-content\\\/uploads\\\/2019\\\/02\\\/sari-april2018.png\",\"width\":500,\"height\":500,\"caption\":\"Sari\"},\"logo\":{\"@id\":\"https:\\\/\\\/www.heldenhaushalt.de\\\/sari02\\\/wp-content\\\/uploads\\\/2019\\\/02\\\/sari-april2018.png\"},\"description\":\"Frau Mondgras \u2013 Das bin ich, Sari. Gerne auch als Sari Mondgras bekannt und im Internet zu finden. 2-Fach-Mutter, Heldenehefrau, Kreativling, Harmonies\u00fcchtig und st\u00e4ndig auf der Suche nach Gl\u00fcck. Ich komme aus Berlin, bin hier aufgewachsen und lebe hier seit ich denken kann.\",\"sameAs\":[\"https:\\\/\\\/www.instagram.com\\\/heldenhaushalt\\\/\"],\"url\":\"https:\\\/\\\/www.heldenhaushalt.de\\\/sari02\\\/index.php\\\/author\\\/admin\\\/\"}]}<\/script>\n<!-- \/ Yoast SEO plugin. -->","yoast_head_json":{"title":"Der erste Zahn - Endlich ist er da! - Heldenhaushalt","description":"Ich kann mich noch gut daran erinnern, wann damals beim Gro\u00dfen die ersten Z\u00e4hnchen kamen und wie er es erlebte.","robots":{"index":"index","follow":"follow","max-snippet":"max-snippet:-1","max-image-preview":"max-image-preview:large","max-video-preview":"max-video-preview:-1"},"canonical":"https:\/\/www.heldenhaushalt.de\/sari02\/index.php\/2016\/07\/29\/der-erste-zahn-endlich-ist-er-da\/","og_locale":"de_DE","og_type":"article","og_title":"Der erste Zahn - Endlich ist er da! - Heldenhaushalt","og_description":"Ich kann mich noch gut daran erinnern, wann damals beim Gro\u00dfen die ersten Z\u00e4hnchen kamen und wie er es erlebte.","og_url":"https:\/\/www.heldenhaushalt.de\/sari02\/index.php\/2016\/07\/29\/der-erste-zahn-endlich-ist-er-da\/","og_site_name":"Heldenhaushalt","article_published_time":"2016-07-29T10:00:00+00:00","og_image":[{"url":"http:\/\/www.heldenhaushalt.de\/sari02\/wp-content\/uploads\/2016\/07\/zahnen01.jpg","type":"","width":"","height":""}],"author":"Sari","twitter_card":"summary_large_image","twitter_creator":"@Heldenhaushalt","twitter_site":"@Heldenhaushalt","twitter_misc":{"Verfasst von":"Sari","Gesch\u00e4tzte Lesezeit":"3\u00a0Minuten"},"schema":{"@context":"https:\/\/schema.org","@graph":[{"@type":"Article","@id":"https:\/\/www.heldenhaushalt.de\/sari02\/index.php\/2016\/07\/29\/der-erste-zahn-endlich-ist-er-da\/#article","isPartOf":{"@id":"https:\/\/www.heldenhaushalt.de\/sari02\/index.php\/2016\/07\/29\/der-erste-zahn-endlich-ist-er-da\/"},"author":{"name":"Sari","@id":"https:\/\/www.heldenhaushalt.de\/sari02\/#\/schema\/person\/a1cc69f42a01f412eb62c151353814f6"},"headline":"Der erste Zahn &#8211; Endlich ist er da!","datePublished":"2016-07-29T10:00:00+00:00","mainEntityOfPage":{"@id":"https:\/\/www.heldenhaushalt.de\/sari02\/index.php\/2016\/07\/29\/der-erste-zahn-endlich-ist-er-da\/"},"wordCount":623,"commentCount":0,"publisher":{"@id":"https:\/\/www.heldenhaushalt.de\/sari02\/#\/schema\/person\/a1cc69f42a01f412eb62c151353814f6"},"image":{"@id":"https:\/\/www.heldenhaushalt.de\/sari02\/index.php\/2016\/07\/29\/der-erste-zahn-endlich-ist-er-da\/#primaryimage"},"thumbnailUrl":"http:\/\/www.heldenhaushalt.de\/sari02\/wp-content\/uploads\/2016\/07\/zahnen01.jpg","keywords":["Erster Zahn","heldenkinder","Zahnen","Z\u00e4hnchen"],"articleSection":["Heldenkinder"],"inLanguage":"de","potentialAction":[{"@type":"CommentAction","name":"Comment","target":["https:\/\/www.heldenhaushalt.de\/sari02\/index.php\/2016\/07\/29\/der-erste-zahn-endlich-ist-er-da\/#respond"]}]},{"@type":"WebPage","@id":"https:\/\/www.heldenhaushalt.de\/sari02\/index.php\/2016\/07\/29\/der-erste-zahn-endlich-ist-er-da\/","url":"https:\/\/www.heldenhaushalt.de\/sari02\/index.php\/2016\/07\/29\/der-erste-zahn-endlich-ist-er-da\/","name":"Der erste Zahn - Endlich ist er da! - Heldenhaushalt","isPartOf":{"@id":"https:\/\/www.heldenhaushalt.de\/sari02\/#website"},"primaryImageOfPage":{"@id":"https:\/\/www.heldenhaushalt.de\/sari02\/index.php\/2016\/07\/29\/der-erste-zahn-endlich-ist-er-da\/#primaryimage"},"image":{"@id":"https:\/\/www.heldenhaushalt.de\/sari02\/index.php\/2016\/07\/29\/der-erste-zahn-endlich-ist-er-da\/#primaryimage"},"thumbnailUrl":"http:\/\/www.heldenhaushalt.de\/sari02\/wp-content\/uploads\/2016\/07\/zahnen01.jpg","datePublished":"2016-07-29T10:00:00+00:00","description":"Ich kann mich noch gut daran erinnern, wann damals beim Gro\u00dfen die ersten Z\u00e4hnchen kamen und wie er es erlebte.","breadcrumb":{"@id":"https:\/\/www.heldenhaushalt.de\/sari02\/index.php\/2016\/07\/29\/der-erste-zahn-endlich-ist-er-da\/#breadcrumb"},"inLanguage":"de","potentialAction":[{"@type":"ReadAction","target":["https:\/\/www.heldenhaushalt.de\/sari02\/index.php\/2016\/07\/29\/der-erste-zahn-endlich-ist-er-da\/"]}]},{"@type":"ImageObject","inLanguage":"de","@id":"https:\/\/www.heldenhaushalt.de\/sari02\/index.php\/2016\/07\/29\/der-erste-zahn-endlich-ist-er-da\/#primaryimage","url":"https:\/\/www.heldenhaushalt.de\/sari02\/wp-content\/uploads\/2016\/07\/zahnen01.jpg","contentUrl":"https:\/\/www.heldenhaushalt.de\/sari02\/wp-content\/uploads\/2016\/07\/zahnen01.jpg","width":650,"height":366},{"@type":"BreadcrumbList","@id":"https:\/\/www.heldenhaushalt.de\/sari02\/index.php\/2016\/07\/29\/der-erste-zahn-endlich-ist-er-da\/#breadcrumb","itemListElement":[{"@type":"ListItem","position":1,"name":"Startseite","item":"https:\/\/www.heldenhaushalt.de\/sari02\/"},{"@type":"ListItem","position":2,"name":"Der erste Zahn &#8211; Endlich ist er da!"}]},{"@type":"WebSite","@id":"https:\/\/www.heldenhaushalt.de\/sari02\/#website","url":"https:\/\/www.heldenhaushalt.de\/sari02\/","name":"Heldenhaushalt","description":"Wer es ordentlich haben will, der muss vorher anrufen","publisher":{"@id":"https:\/\/www.heldenhaushalt.de\/sari02\/#\/schema\/person\/a1cc69f42a01f412eb62c151353814f6"},"potentialAction":[{"@type":"SearchAction","target":{"@type":"EntryPoint","urlTemplate":"https:\/\/www.heldenhaushalt.de\/sari02\/?s={search_term_string}"},"query-input":{"@type":"PropertyValueSpecification","valueRequired":true,"valueName":"search_term_string"}}],"inLanguage":"de"},{"@type":["Person","Organization"],"@id":"https:\/\/www.heldenhaushalt.de\/sari02\/#\/schema\/person\/a1cc69f42a01f412eb62c151353814f6","name":"Sari","image":{"@type":"ImageObject","inLanguage":"de","@id":"https:\/\/www.heldenhaushalt.de\/sari02\/wp-content\/uploads\/2019\/02\/sari-april2018.png","url":"https:\/\/www.heldenhaushalt.de\/sari02\/wp-content\/uploads\/2019\/02\/sari-april2018.png","contentUrl":"https:\/\/www.heldenhaushalt.de\/sari02\/wp-content\/uploads\/2019\/02\/sari-april2018.png","width":500,"height":500,"caption":"Sari"},"logo":{"@id":"https:\/\/www.heldenhaushalt.de\/sari02\/wp-content\/uploads\/2019\/02\/sari-april2018.png"},"description":"Frau Mondgras \u2013 Das bin ich, Sari. Gerne auch als Sari Mondgras bekannt und im Internet zu finden. 2-Fach-Mutter, Heldenehefrau, Kreativling, Harmonies\u00fcchtig und st\u00e4ndig auf der Suche nach Gl\u00fcck. Ich komme aus Berlin, bin hier aufgewachsen und lebe hier seit ich denken kann.","sameAs":["https:\/\/www.instagram.com\/heldenhaushalt\/"],"url":"https:\/\/www.heldenhaushalt.de\/sari02\/index.php\/author\/admin\/"}]}},"views":4462,"_links":{"self":[{"href":"https:\/\/www.heldenhaushalt.de\/sari02\/index.php\/wp-json\/wp\/v2\/posts\/29860","targetHints":{"allow":["GET"]}}],"collection":[{"href":"https:\/\/www.heldenhaushalt.de\/sari02\/index.php\/wp-json\/wp\/v2\/posts"}],"about":[{"href":"https:\/\/www.heldenhaushalt.de\/sari02\/index.php\/wp-json\/wp\/v2\/types\/post"}],"author":[{"embeddable":true,"href":"https:\/\/www.heldenhaushalt.de\/sari02\/index.php\/wp-json\/wp\/v2\/users\/1"}],"replies":[{"embeddable":true,"href":"https:\/\/www.heldenhaushalt.de\/sari02\/index.php\/wp-json\/wp\/v2\/comments?post=29860"}],"version-history":[{"count":2,"href":"https:\/\/www.heldenhaushalt.de\/sari02\/index.php\/wp-json\/wp\/v2\/posts\/29860\/revisions"}],"predecessor-version":[{"id":29891,"href":"https:\/\/www.heldenhaushalt.de\/sari02\/index.php\/wp-json\/wp\/v2\/posts\/29860\/revisions\/29891"}],"wp:attachment":[{"href":"https:\/\/www.heldenhaushalt.de\/sari02\/index.php\/wp-json\/wp\/v2\/media?parent=29860"}],"wp:term":[{"taxonomy":"category","embeddable":true,"href":"https:\/\/www.heldenhaushalt.de\/sari02\/index.php\/wp-json\/wp\/v2\/categories?post=29860"},{"taxonomy":"post_tag","embeddable":true,"href":"https:\/\/www.heldenhaushalt.de\/sari02\/index.php\/wp-json\/wp\/v2\/tags?post=29860"}],"curies":[{"name":"wp","href":"https:\/\/api.w.org\/{rel}","templated":true}]}}