{"id":29895,"date":"2016-08-02T09:13:25","date_gmt":"2016-08-02T07:13:25","guid":{"rendered":"http:\/\/www.mondgras.de\/sari02\/?p=29895"},"modified":"2016-08-02T08:48:06","modified_gmt":"2016-08-02T06:48:06","slug":"fernweh-2","status":"publish","type":"post","link":"https:\/\/www.heldenhaushalt.de\/sari02\/index.php\/2016\/08\/02\/fernweh-2\/","title":{"rendered":"Fernweh?!"},"content":{"rendered":"<p>Eine Freundin verreist bald Damit m&#246;chte ich diesen Artikel beginnen. Warum ich Euch das erz&#228;hle? Weil ich ein bisschen Fernweh verspuhre. Sie f&#228;hrt n&#228;mlich zum Ort unserer Kindheit. Zu dem Ort, wo ich als Kind jeden Sommer viel Zeit verbracht und sch&#246;ne Kindheitserinnerungen gesammelt habe. Da werde ich glatt ein bisschen wehm&#252;tig und ja&#8230;auch ein wenig neidisch.<\/p>\n<h2>Jedes Kind hat ein zweites zu Hause, oder?<\/h2>\n<p><img loading=\"lazy\" decoding=\"async\" class=\"alignnone size-full wp-image-29934\" src=\"http:\/\/www.heldenhaushalt.de\/sari02\/wp-content\/uploads\/2016\/08\/fernweh01-01.jpg\" alt=\"Fernweh\" width=\"650\" height=\"366\" srcset=\"https:\/\/www.heldenhaushalt.de\/sari02\/wp-content\/uploads\/2016\/08\/fernweh01-01.jpg 650w, https:\/\/www.heldenhaushalt.de\/sari02\/wp-content\/uploads\/2016\/08\/fernweh01-01-300x169.jpg 300w\" sizes=\"auto, (max-width: 650px) 100vw, 650px\" \/><\/p>\n<p>Ich glaube wir haben im Falle des Minihelden D&#228;nemark zu seiner zweiten Heimat erw&#228;hlt. Es ist nun mal perfekt mit Kind. Strand, viel freie Fl&#228;che, das Meer, kurze Anreise und dennoch&#8230;woanders sein. Der Miniheld liebt D&#228;nemark und freut sich jedes Jahr darauf. Sobald wir wieder zu Hause angekommen sind fragt er uns, wann wir wieder hinfahren k&#246;nnen.<\/p>\n<p>Es scheint, als ob bereits ein Kind den Begriff &#8220;Fernweh&#8221; indirekt wahrnehmen kann. Vermutlich wird auch f&#252;r den kleinen vordergr&#252;ndig D&#228;nemark erstmal zu dem Ort werden, wo wir f&#252;r einige Zeit als Familie hinfahren und fern ab der vielen Verpflichtungen sind, die uns Eltern sonst so in Anspruch nehmen. Wo wir die Zeit finden, um von morgens bis abends tolle Dinge zu unternehmen und selber wieder mehr das Kind herauslassen k&#246;nnen.<\/p>\n<h2>Fernweh in Richtung eigener Kindheit<\/h2>\n<p>Nun besucht also eine Freundin meine KIndheitsheimat. Der Ort wo jeden Abend im Sommer in den verschiedenen Orten gro&#223;e Events statt fanden. Jeder Abend wirkte wie eine gro&#223;e Feier mit gro&#223;en Open-Air Veranstaltungen und Feuerwerk &#252;berall.<\/p>\n<p>Wir gingen t&#228;glich spazieren in den kleinen Orten und kauften uns sch&#246;ne Dinge. Es gab jeden Tag ein Eis und die Kugeln waren riesig. Die Landschaften haben ihren eigenen Chamre und das gro&#223;e Highlight war immer das Toysland, in dem wir Spielzeug fanden, dass es in Deutschland nicht gab.<\/p>\n<p>Mittagessen bestand aus gro&#223;en Obststellern, die wir schnell im Badeanzug verputzten, weil wir z&#252;gig zur&#252;ck zum Pool oder zum See wollten und abends wurde immer im Lieblingsreaturant gegessen. 2-3 Wochen lang Pizza. Ein Traum. Und die Besitzer kannten uns schon so gut, dass sie uns jedes Jahr mit offenen Armen empfingen.<\/p>\n<p>Der Vergn&#252;gungspark, der sich in der N&#228;ge befand mit kleinen Elfend&#246;rfern, tanzenden Tassen und mehr. Ein Muss jedes Jahr. Auch wenn wir immer &#228;lter und &#228;lter wurden und all die Attraktionen bereits kannten.<\/p>\n<p>Hachja&#8230;<\/p>\n<h2>Fernweh kann schmerzen, aber es ist auch ein sch&#246;nes Gef&#252;hl<\/h2>\n<p><img loading=\"lazy\" decoding=\"async\" class=\"alignnone size-full wp-image-29935\" src=\"http:\/\/www.heldenhaushalt.de\/sari02\/wp-content\/uploads\/2016\/08\/fernweh01-02.jpg\" alt=\"Fernweh\" width=\"650\" height=\"366\" srcset=\"https:\/\/www.heldenhaushalt.de\/sari02\/wp-content\/uploads\/2016\/08\/fernweh01-02.jpg 650w, https:\/\/www.heldenhaushalt.de\/sari02\/wp-content\/uploads\/2016\/08\/fernweh01-02-300x169.jpg 300w, https:\/\/www.heldenhaushalt.de\/sari02\/wp-content\/uploads\/2016\/08\/fernweh01-02-600x338.jpg 600w\" sizes=\"auto, (max-width: 650px) 100vw, 650px\" \/><\/p>\n<p>Wenn ich hier jetzt so sitze und mich erinnere, dann zwickt es ein wenig im Herzen, weil es mich so sehr dahin zur&#252;ck zieht. An die Promenade, zu dem Eisstand, in die Pizzeria, zu den gem&#252;tlichen Abenden im Bungalow mit der Familie.<\/p>\n<p>Und gleichzeitig wird einem wohlig warm, weil es alle samt so wundervolle Erinnerungen sind, die man nicht missen m&#246;chte. Sie geh&#246;ren dazu und haben den Menschen hier mit geformt.<\/p>\n<p>Ich freue mich auf die Geschichten und Bilder, die meine Freundin aus dieser Kindheit mitbringen wird und einen gem&#252;tlichen Abend, der uns nochmal zur&#252;ck wirft in eine Zeit, wo wir 10 oder 15 Jahre j&#252;nger waren.<\/p>\n<p>Und ich freue mich auf die Zeit wo auch meine Kinder mit einem L&#228;cheln an ihre Kindheit und ihre zweite Heimat zur&#252;ck denken und hoffe, dass es uns gelungen ist ihnen genauso sch&#246;ne Erinnerungen mit auf ihren Lebensweg zu geben.<\/p>\n<p><img loading=\"lazy\" decoding=\"async\" class=\" size-full wp-image-24841 alignright\" src=\"https:\/\/www.heldenhaushalt.de \/sari02\/wp-content\/uploads\/2015\/01\/sari-unter.jpg?resize=130%2C59\" alt=\"sari-unter\" width=\"130\" height=\"59\" \/><\/p>\n","protected":false},"excerpt":{"rendered":"<p>Eine Freundin verreist bald Damit m&#246;chte ich diesen Artikel beginnen. Warum ich Euch das erz&#228;hle? Weil ich ein bisschen Fernweh verspuhre. Sie f&#228;hrt n&#228;mlich zum Ort unserer Kindheit. Zu dem Ort, wo ich als Kind jeden Sommer viel Zeit verbracht und sch&#246;ne Kindheitserinnerungen gesammelt habe. Da werde ich glatt ein bisschen wehm&#252;tig und ja&#8230;auch ein wenig neidisch. Jedes Kind hat ein zweites zu Hause, oder? Ich glaube wir haben im Falle des Minihelden D&#228;nemark zu seiner zweiten Heimat erw&#228;hlt. Es ist nun mal perfekt mit Kind. Strand, viel freie Fl&#228;che, das Meer, kurze Anreise und dennoch&#8230;woanders sein. Der Miniheld liebt D&#228;nemark und freut sich jedes Jahr darauf. Sobald wir wieder zu Hause angekommen sind fragt er uns, wann wir wieder hinfahren k&#246;nnen. Es scheint, als ob bereits ein Kind den Begriff &#8220;Fernweh&#8221; indirekt wahrnehmen kann. Vermutlich wird auch f&#252;r den kleinen vordergr&#252;ndig D&#228;nemark erstmal zu dem Ort werden, wo wir f&#252;r einige Zeit als Familie hinfahren und fern ab der vielen Verpflichtungen sind, die uns Eltern sonst so in Anspruch nehmen. Wo wir die Zeit finden, um von morgens bis abends tolle Dinge zu unternehmen und selber wieder mehr das Kind herauslassen k&#246;nnen. Fernweh in Richtung eigener Kindheit Nun besucht also eine Freundin meine KIndheitsheimat. Der Ort wo jeden Abend im Sommer in den verschiedenen Orten gro&#223;e Events statt fanden. Jeder Abend wirkte wie eine gro&#223;e Feier mit gro&#223;en Open-Air Veranstaltungen und Feuerwerk &#252;berall. Wir gingen t&#228;glich spazieren in den kleinen Orten und kauften uns sch&#246;ne Dinge. Es gab jeden Tag ein Eis und die Kugeln waren riesig. Die Landschaften haben ihren eigenen Chamre und das gro&#223;e Highlight war immer das Toysland, in dem wir Spielzeug fanden, dass es in Deutschland nicht gab. Mittagessen bestand aus gro&#223;en Obststellern, die wir schnell im Badeanzug verputzten, weil wir z&#252;gig zur&#252;ck zum Pool oder zum See wollten und abends wurde immer im Lieblingsreaturant gegessen. 2-3 Wochen lang Pizza. Ein Traum. Und die Besitzer kannten uns schon so gut, dass sie uns jedes Jahr mit offenen Armen empfingen. Der Vergn&#252;gungspark, der sich in der N&#228;ge befand mit kleinen Elfend&#246;rfern, tanzenden Tassen und mehr. Ein Muss jedes Jahr. Auch wenn wir immer &#228;lter und &#228;lter wurden und all die Attraktionen bereits kannten. Hachja&#8230; Fernweh kann schmerzen, aber es ist auch ein sch&#246;nes Gef&#252;hl Wenn ich hier jetzt so sitze und mich erinnere, dann zwickt es ein wenig im Herzen, weil es mich so sehr dahin zur&#252;ck zieht. An die Promenade, zu dem Eisstand, in die Pizzeria, zu den gem&#252;tlichen Abenden im Bungalow mit der Familie. Und gleichzeitig wird einem wohlig warm, weil es alle samt so wundervolle Erinnerungen sind, die man nicht missen m&#246;chte. Sie geh&#246;ren dazu und haben den Menschen hier mit geformt. Ich freue mich auf die Geschichten und Bilder, die meine Freundin aus dieser Kindheit mitbringen wird und einen gem&#252;tlichen Abend, der uns nochmal zur&#252;ck wirft in eine Zeit, wo wir 10 oder 15 Jahre j&#252;nger waren. Und ich freue mich auf die Zeit wo auch meine Kinder mit einem L&#228;cheln an ihre Kindheit und ihre zweite Heimat zur&#252;ck denken und hoffe, dass es uns gelungen ist ihnen genauso sch&#246;ne Erinnerungen mit auf ihren Lebensweg zu geben.<\/p>\n","protected":false},"author":1,"featured_media":0,"comment_status":"open","ping_status":"open","sticky":false,"template":"","format":"standard","meta":{"ngg_post_thumbnail":0,"footnotes":""},"categories":[50],"tags":[734,577,51],"class_list":["post-29895","post","type-post","status-publish","format-standard","hentry","category-gedanken","tag-fernweh","tag-kindheit","tag-erinnerungen"],"yoast_head":"<!-- This site is optimized with the Yoast SEO plugin v27.5 - https:\/\/yoast.com\/product\/yoast-seo-wordpress\/ -->\n<title>Fernweh?! - Heldenhaushalt<\/title>\n<meta name=\"description\" content=\"Es scheint, als ob bereits ein Kind den Begriff &quot;Fernweh&quot; indirekt wahrnehmen kann. Vermutlich wird auch D\u00e4nemark erstmal zu dem Ort werden\" \/>\n<meta name=\"robots\" content=\"index, follow, max-snippet:-1, max-image-preview:large, max-video-preview:-1\" \/>\n<link rel=\"canonical\" href=\"https:\/\/www.heldenhaushalt.de\/sari02\/index.php\/2016\/08\/02\/fernweh-2\/\" \/>\n<meta property=\"og:locale\" content=\"de_DE\" \/>\n<meta property=\"og:type\" content=\"article\" \/>\n<meta property=\"og:title\" content=\"Fernweh?! - Heldenhaushalt\" \/>\n<meta property=\"og:description\" content=\"Es scheint, als ob bereits ein Kind den Begriff &quot;Fernweh&quot; indirekt wahrnehmen kann. Vermutlich wird auch D\u00e4nemark erstmal zu dem Ort werden\" \/>\n<meta property=\"og:url\" content=\"https:\/\/www.heldenhaushalt.de\/sari02\/index.php\/2016\/08\/02\/fernweh-2\/\" \/>\n<meta property=\"og:site_name\" content=\"Heldenhaushalt\" \/>\n<meta property=\"article:published_time\" content=\"2016-08-02T07:13:25+00:00\" \/>\n<meta property=\"og:image\" content=\"http:\/\/www.heldenhaushalt.de\/sari02\/wp-content\/uploads\/2016\/08\/fernweh01-01.jpg\" \/>\n<meta name=\"author\" content=\"Sari\" \/>\n<meta name=\"twitter:card\" content=\"summary_large_image\" \/>\n<meta name=\"twitter:creator\" content=\"@Heldenhaushalt\" \/>\n<meta name=\"twitter:site\" content=\"@Heldenhaushalt\" \/>\n<meta name=\"twitter:label1\" content=\"Verfasst von\" \/>\n\t<meta name=\"twitter:data1\" content=\"Sari\" \/>\n\t<meta name=\"twitter:label2\" content=\"Gesch\u00e4tzte Lesezeit\" \/>\n\t<meta name=\"twitter:data2\" content=\"3\u00a0Minuten\" \/>\n<script type=\"application\/ld+json\" class=\"yoast-schema-graph\">{\"@context\":\"https:\\\/\\\/schema.org\",\"@graph\":[{\"@type\":\"Article\",\"@id\":\"https:\\\/\\\/www.heldenhaushalt.de\\\/sari02\\\/index.php\\\/2016\\\/08\\\/02\\\/fernweh-2\\\/#article\",\"isPartOf\":{\"@id\":\"https:\\\/\\\/www.heldenhaushalt.de\\\/sari02\\\/index.php\\\/2016\\\/08\\\/02\\\/fernweh-2\\\/\"},\"author\":{\"name\":\"Sari\",\"@id\":\"https:\\\/\\\/www.heldenhaushalt.de\\\/sari02\\\/#\\\/schema\\\/person\\\/a1cc69f42a01f412eb62c151353814f6\"},\"headline\":\"Fernweh?!\",\"datePublished\":\"2016-08-02T07:13:25+00:00\",\"mainEntityOfPage\":{\"@id\":\"https:\\\/\\\/www.heldenhaushalt.de\\\/sari02\\\/index.php\\\/2016\\\/08\\\/02\\\/fernweh-2\\\/\"},\"wordCount\":566,\"commentCount\":0,\"publisher\":{\"@id\":\"https:\\\/\\\/www.heldenhaushalt.de\\\/sari02\\\/#\\\/schema\\\/person\\\/a1cc69f42a01f412eb62c151353814f6\"},\"image\":{\"@id\":\"https:\\\/\\\/www.heldenhaushalt.de\\\/sari02\\\/index.php\\\/2016\\\/08\\\/02\\\/fernweh-2\\\/#primaryimage\"},\"thumbnailUrl\":\"http:\\\/\\\/www.heldenhaushalt.de\\\/sari02\\\/wp-content\\\/uploads\\\/2016\\\/08\\\/fernweh01-01.jpg\",\"keywords\":[\"Fernweh\",\"Kindheit\",\"Zur\u00fcckgedacht\"],\"articleSection\":[\"Gedankenwelt\"],\"inLanguage\":\"de\",\"potentialAction\":[{\"@type\":\"CommentAction\",\"name\":\"Comment\",\"target\":[\"https:\\\/\\\/www.heldenhaushalt.de\\\/sari02\\\/index.php\\\/2016\\\/08\\\/02\\\/fernweh-2\\\/#respond\"]}]},{\"@type\":\"WebPage\",\"@id\":\"https:\\\/\\\/www.heldenhaushalt.de\\\/sari02\\\/index.php\\\/2016\\\/08\\\/02\\\/fernweh-2\\\/\",\"url\":\"https:\\\/\\\/www.heldenhaushalt.de\\\/sari02\\\/index.php\\\/2016\\\/08\\\/02\\\/fernweh-2\\\/\",\"name\":\"Fernweh?! - Heldenhaushalt\",\"isPartOf\":{\"@id\":\"https:\\\/\\\/www.heldenhaushalt.de\\\/sari02\\\/#website\"},\"primaryImageOfPage\":{\"@id\":\"https:\\\/\\\/www.heldenhaushalt.de\\\/sari02\\\/index.php\\\/2016\\\/08\\\/02\\\/fernweh-2\\\/#primaryimage\"},\"image\":{\"@id\":\"https:\\\/\\\/www.heldenhaushalt.de\\\/sari02\\\/index.php\\\/2016\\\/08\\\/02\\\/fernweh-2\\\/#primaryimage\"},\"thumbnailUrl\":\"http:\\\/\\\/www.heldenhaushalt.de\\\/sari02\\\/wp-content\\\/uploads\\\/2016\\\/08\\\/fernweh01-01.jpg\",\"datePublished\":\"2016-08-02T07:13:25+00:00\",\"description\":\"Es scheint, als ob bereits ein Kind den Begriff \\\"Fernweh\\\" indirekt wahrnehmen kann. Vermutlich wird auch D\u00e4nemark erstmal zu dem Ort werden\",\"breadcrumb\":{\"@id\":\"https:\\\/\\\/www.heldenhaushalt.de\\\/sari02\\\/index.php\\\/2016\\\/08\\\/02\\\/fernweh-2\\\/#breadcrumb\"},\"inLanguage\":\"de\",\"potentialAction\":[{\"@type\":\"ReadAction\",\"target\":[\"https:\\\/\\\/www.heldenhaushalt.de\\\/sari02\\\/index.php\\\/2016\\\/08\\\/02\\\/fernweh-2\\\/\"]}]},{\"@type\":\"ImageObject\",\"inLanguage\":\"de\",\"@id\":\"https:\\\/\\\/www.heldenhaushalt.de\\\/sari02\\\/index.php\\\/2016\\\/08\\\/02\\\/fernweh-2\\\/#primaryimage\",\"url\":\"https:\\\/\\\/www.heldenhaushalt.de\\\/sari02\\\/wp-content\\\/uploads\\\/2016\\\/08\\\/fernweh01-01.jpg\",\"contentUrl\":\"https:\\\/\\\/www.heldenhaushalt.de\\\/sari02\\\/wp-content\\\/uploads\\\/2016\\\/08\\\/fernweh01-01.jpg\",\"width\":650,\"height\":366},{\"@type\":\"BreadcrumbList\",\"@id\":\"https:\\\/\\\/www.heldenhaushalt.de\\\/sari02\\\/index.php\\\/2016\\\/08\\\/02\\\/fernweh-2\\\/#breadcrumb\",\"itemListElement\":[{\"@type\":\"ListItem\",\"position\":1,\"name\":\"Startseite\",\"item\":\"https:\\\/\\\/www.heldenhaushalt.de\\\/sari02\\\/\"},{\"@type\":\"ListItem\",\"position\":2,\"name\":\"Fernweh?!\"}]},{\"@type\":\"WebSite\",\"@id\":\"https:\\\/\\\/www.heldenhaushalt.de\\\/sari02\\\/#website\",\"url\":\"https:\\\/\\\/www.heldenhaushalt.de\\\/sari02\\\/\",\"name\":\"Heldenhaushalt\",\"description\":\"Wer es ordentlich haben will, der muss vorher anrufen\",\"publisher\":{\"@id\":\"https:\\\/\\\/www.heldenhaushalt.de\\\/sari02\\\/#\\\/schema\\\/person\\\/a1cc69f42a01f412eb62c151353814f6\"},\"potentialAction\":[{\"@type\":\"SearchAction\",\"target\":{\"@type\":\"EntryPoint\",\"urlTemplate\":\"https:\\\/\\\/www.heldenhaushalt.de\\\/sari02\\\/?s={search_term_string}\"},\"query-input\":{\"@type\":\"PropertyValueSpecification\",\"valueRequired\":true,\"valueName\":\"search_term_string\"}}],\"inLanguage\":\"de\"},{\"@type\":[\"Person\",\"Organization\"],\"@id\":\"https:\\\/\\\/www.heldenhaushalt.de\\\/sari02\\\/#\\\/schema\\\/person\\\/a1cc69f42a01f412eb62c151353814f6\",\"name\":\"Sari\",\"image\":{\"@type\":\"ImageObject\",\"inLanguage\":\"de\",\"@id\":\"https:\\\/\\\/www.heldenhaushalt.de\\\/sari02\\\/wp-content\\\/uploads\\\/2019\\\/02\\\/sari-april2018.png\",\"url\":\"https:\\\/\\\/www.heldenhaushalt.de\\\/sari02\\\/wp-content\\\/uploads\\\/2019\\\/02\\\/sari-april2018.png\",\"contentUrl\":\"https:\\\/\\\/www.heldenhaushalt.de\\\/sari02\\\/wp-content\\\/uploads\\\/2019\\\/02\\\/sari-april2018.png\",\"width\":500,\"height\":500,\"caption\":\"Sari\"},\"logo\":{\"@id\":\"https:\\\/\\\/www.heldenhaushalt.de\\\/sari02\\\/wp-content\\\/uploads\\\/2019\\\/02\\\/sari-april2018.png\"},\"description\":\"Frau Mondgras \u2013 Das bin ich, Sari. Gerne auch als Sari Mondgras bekannt und im Internet zu finden. 2-Fach-Mutter, Heldenehefrau, Kreativling, Harmonies\u00fcchtig und st\u00e4ndig auf der Suche nach Gl\u00fcck. Ich komme aus Berlin, bin hier aufgewachsen und lebe hier seit ich denken kann.\",\"sameAs\":[\"https:\\\/\\\/www.instagram.com\\\/heldenhaushalt\\\/\"],\"url\":\"https:\\\/\\\/www.heldenhaushalt.de\\\/sari02\\\/index.php\\\/author\\\/admin\\\/\"}]}<\/script>\n<!-- \/ Yoast SEO plugin. -->","yoast_head_json":{"title":"Fernweh?! - Heldenhaushalt","description":"Es scheint, als ob bereits ein Kind den Begriff \"Fernweh\" indirekt wahrnehmen kann. Vermutlich wird auch D\u00e4nemark erstmal zu dem Ort werden","robots":{"index":"index","follow":"follow","max-snippet":"max-snippet:-1","max-image-preview":"max-image-preview:large","max-video-preview":"max-video-preview:-1"},"canonical":"https:\/\/www.heldenhaushalt.de\/sari02\/index.php\/2016\/08\/02\/fernweh-2\/","og_locale":"de_DE","og_type":"article","og_title":"Fernweh?! - Heldenhaushalt","og_description":"Es scheint, als ob bereits ein Kind den Begriff \"Fernweh\" indirekt wahrnehmen kann. Vermutlich wird auch D\u00e4nemark erstmal zu dem Ort werden","og_url":"https:\/\/www.heldenhaushalt.de\/sari02\/index.php\/2016\/08\/02\/fernweh-2\/","og_site_name":"Heldenhaushalt","article_published_time":"2016-08-02T07:13:25+00:00","og_image":[{"url":"http:\/\/www.heldenhaushalt.de\/sari02\/wp-content\/uploads\/2016\/08\/fernweh01-01.jpg","type":"","width":"","height":""}],"author":"Sari","twitter_card":"summary_large_image","twitter_creator":"@Heldenhaushalt","twitter_site":"@Heldenhaushalt","twitter_misc":{"Verfasst von":"Sari","Gesch\u00e4tzte Lesezeit":"3\u00a0Minuten"},"schema":{"@context":"https:\/\/schema.org","@graph":[{"@type":"Article","@id":"https:\/\/www.heldenhaushalt.de\/sari02\/index.php\/2016\/08\/02\/fernweh-2\/#article","isPartOf":{"@id":"https:\/\/www.heldenhaushalt.de\/sari02\/index.php\/2016\/08\/02\/fernweh-2\/"},"author":{"name":"Sari","@id":"https:\/\/www.heldenhaushalt.de\/sari02\/#\/schema\/person\/a1cc69f42a01f412eb62c151353814f6"},"headline":"Fernweh?!","datePublished":"2016-08-02T07:13:25+00:00","mainEntityOfPage":{"@id":"https:\/\/www.heldenhaushalt.de\/sari02\/index.php\/2016\/08\/02\/fernweh-2\/"},"wordCount":566,"commentCount":0,"publisher":{"@id":"https:\/\/www.heldenhaushalt.de\/sari02\/#\/schema\/person\/a1cc69f42a01f412eb62c151353814f6"},"image":{"@id":"https:\/\/www.heldenhaushalt.de\/sari02\/index.php\/2016\/08\/02\/fernweh-2\/#primaryimage"},"thumbnailUrl":"http:\/\/www.heldenhaushalt.de\/sari02\/wp-content\/uploads\/2016\/08\/fernweh01-01.jpg","keywords":["Fernweh","Kindheit","Zur\u00fcckgedacht"],"articleSection":["Gedankenwelt"],"inLanguage":"de","potentialAction":[{"@type":"CommentAction","name":"Comment","target":["https:\/\/www.heldenhaushalt.de\/sari02\/index.php\/2016\/08\/02\/fernweh-2\/#respond"]}]},{"@type":"WebPage","@id":"https:\/\/www.heldenhaushalt.de\/sari02\/index.php\/2016\/08\/02\/fernweh-2\/","url":"https:\/\/www.heldenhaushalt.de\/sari02\/index.php\/2016\/08\/02\/fernweh-2\/","name":"Fernweh?! - Heldenhaushalt","isPartOf":{"@id":"https:\/\/www.heldenhaushalt.de\/sari02\/#website"},"primaryImageOfPage":{"@id":"https:\/\/www.heldenhaushalt.de\/sari02\/index.php\/2016\/08\/02\/fernweh-2\/#primaryimage"},"image":{"@id":"https:\/\/www.heldenhaushalt.de\/sari02\/index.php\/2016\/08\/02\/fernweh-2\/#primaryimage"},"thumbnailUrl":"http:\/\/www.heldenhaushalt.de\/sari02\/wp-content\/uploads\/2016\/08\/fernweh01-01.jpg","datePublished":"2016-08-02T07:13:25+00:00","description":"Es scheint, als ob bereits ein Kind den Begriff \"Fernweh\" indirekt wahrnehmen kann. Vermutlich wird auch D\u00e4nemark erstmal zu dem Ort werden","breadcrumb":{"@id":"https:\/\/www.heldenhaushalt.de\/sari02\/index.php\/2016\/08\/02\/fernweh-2\/#breadcrumb"},"inLanguage":"de","potentialAction":[{"@type":"ReadAction","target":["https:\/\/www.heldenhaushalt.de\/sari02\/index.php\/2016\/08\/02\/fernweh-2\/"]}]},{"@type":"ImageObject","inLanguage":"de","@id":"https:\/\/www.heldenhaushalt.de\/sari02\/index.php\/2016\/08\/02\/fernweh-2\/#primaryimage","url":"https:\/\/www.heldenhaushalt.de\/sari02\/wp-content\/uploads\/2016\/08\/fernweh01-01.jpg","contentUrl":"https:\/\/www.heldenhaushalt.de\/sari02\/wp-content\/uploads\/2016\/08\/fernweh01-01.jpg","width":650,"height":366},{"@type":"BreadcrumbList","@id":"https:\/\/www.heldenhaushalt.de\/sari02\/index.php\/2016\/08\/02\/fernweh-2\/#breadcrumb","itemListElement":[{"@type":"ListItem","position":1,"name":"Startseite","item":"https:\/\/www.heldenhaushalt.de\/sari02\/"},{"@type":"ListItem","position":2,"name":"Fernweh?!"}]},{"@type":"WebSite","@id":"https:\/\/www.heldenhaushalt.de\/sari02\/#website","url":"https:\/\/www.heldenhaushalt.de\/sari02\/","name":"Heldenhaushalt","description":"Wer es ordentlich haben will, der muss vorher anrufen","publisher":{"@id":"https:\/\/www.heldenhaushalt.de\/sari02\/#\/schema\/person\/a1cc69f42a01f412eb62c151353814f6"},"potentialAction":[{"@type":"SearchAction","target":{"@type":"EntryPoint","urlTemplate":"https:\/\/www.heldenhaushalt.de\/sari02\/?s={search_term_string}"},"query-input":{"@type":"PropertyValueSpecification","valueRequired":true,"valueName":"search_term_string"}}],"inLanguage":"de"},{"@type":["Person","Organization"],"@id":"https:\/\/www.heldenhaushalt.de\/sari02\/#\/schema\/person\/a1cc69f42a01f412eb62c151353814f6","name":"Sari","image":{"@type":"ImageObject","inLanguage":"de","@id":"https:\/\/www.heldenhaushalt.de\/sari02\/wp-content\/uploads\/2019\/02\/sari-april2018.png","url":"https:\/\/www.heldenhaushalt.de\/sari02\/wp-content\/uploads\/2019\/02\/sari-april2018.png","contentUrl":"https:\/\/www.heldenhaushalt.de\/sari02\/wp-content\/uploads\/2019\/02\/sari-april2018.png","width":500,"height":500,"caption":"Sari"},"logo":{"@id":"https:\/\/www.heldenhaushalt.de\/sari02\/wp-content\/uploads\/2019\/02\/sari-april2018.png"},"description":"Frau Mondgras \u2013 Das bin ich, Sari. Gerne auch als Sari Mondgras bekannt und im Internet zu finden. 2-Fach-Mutter, Heldenehefrau, Kreativling, Harmonies\u00fcchtig und st\u00e4ndig auf der Suche nach Gl\u00fcck. Ich komme aus Berlin, bin hier aufgewachsen und lebe hier seit ich denken kann.","sameAs":["https:\/\/www.instagram.com\/heldenhaushalt\/"],"url":"https:\/\/www.heldenhaushalt.de\/sari02\/index.php\/author\/admin\/"}]}},"views":3381,"_links":{"self":[{"href":"https:\/\/www.heldenhaushalt.de\/sari02\/index.php\/wp-json\/wp\/v2\/posts\/29895","targetHints":{"allow":["GET"]}}],"collection":[{"href":"https:\/\/www.heldenhaushalt.de\/sari02\/index.php\/wp-json\/wp\/v2\/posts"}],"about":[{"href":"https:\/\/www.heldenhaushalt.de\/sari02\/index.php\/wp-json\/wp\/v2\/types\/post"}],"author":[{"embeddable":true,"href":"https:\/\/www.heldenhaushalt.de\/sari02\/index.php\/wp-json\/wp\/v2\/users\/1"}],"replies":[{"embeddable":true,"href":"https:\/\/www.heldenhaushalt.de\/sari02\/index.php\/wp-json\/wp\/v2\/comments?post=29895"}],"version-history":[{"count":4,"href":"https:\/\/www.heldenhaushalt.de\/sari02\/index.php\/wp-json\/wp\/v2\/posts\/29895\/revisions"}],"predecessor-version":[{"id":29936,"href":"https:\/\/www.heldenhaushalt.de\/sari02\/index.php\/wp-json\/wp\/v2\/posts\/29895\/revisions\/29936"}],"wp:attachment":[{"href":"https:\/\/www.heldenhaushalt.de\/sari02\/index.php\/wp-json\/wp\/v2\/media?parent=29895"}],"wp:term":[{"taxonomy":"category","embeddable":true,"href":"https:\/\/www.heldenhaushalt.de\/sari02\/index.php\/wp-json\/wp\/v2\/categories?post=29895"},{"taxonomy":"post_tag","embeddable":true,"href":"https:\/\/www.heldenhaushalt.de\/sari02\/index.php\/wp-json\/wp\/v2\/tags?post=29895"}],"curies":[{"name":"wp","href":"https:\/\/api.w.org\/{rel}","templated":true}]}}