{"id":30138,"date":"2016-08-30T09:30:00","date_gmt":"2016-08-30T07:30:00","guid":{"rendered":"http:\/\/www.mondgras.de\/sari02\/?p=30138"},"modified":"2016-08-30T12:44:42","modified_gmt":"2016-08-30T10:44:42","slug":"herbstkind-sew-along-1","status":"publish","type":"post","link":"https:\/\/www.heldenhaushalt.de\/sari02\/index.php\/2016\/08\/30\/herbstkind-sew-along-1\/","title":{"rendered":"Herbstkind &#8211; Sew Along: Es geht los&#8230;erste Gedanken zu meinem Projekt"},"content":{"rendered":"<p>Hachja&#8230;ich bin ja schon ein kleines bisschen aufgeregt. Immerhin ist es nun bereits das 4. Mal, dass ich <a href=\"http:\/\/nemada.blogspot.de\/2016\/08\/herbstkind-sew-along-2016-1-klappe-die.html\" target=\"_blank\">beim Sew Along von NemadA<\/a> dabei bin und ich wei&#223; noch, wie spannend ich das damals fand. Mal davon abgesehen, dass ich damals nie im Leben gedacht h&#228;tte, dass ich jemals eine Jacke f&#252;r mein Kind n&#228;hen k&#246;nnte. Aber ich sollte eines besseren belehrt werden.<\/p>\n<h2>Was ist eigentlich ein Sew Along<\/h2>\n<p><img loading=\"lazy\" decoding=\"async\" class=\"alignright wp-image-30136\" src=\"https:\/\/www.heldenhaushalt.de\/sari02\/wp-content\/uploads\/2016\/08\/HerbstkindSewAlong2016.jpg?resize=224%2C185\" sizes=\"auto, (max-width: 224px) 100vw, 224px\" srcset=\"https:\/\/www.heldenhaushalt.de\/sari02\/wp-content\/uploads\/2016\/08\/HerbstkindSewAlong2016.jpg?w=400 400w, https:\/\/www.heldenhaushalt.de\/sari02\/wp-content\/uploads\/2016\/08\/HerbstkindSewAlong2016.jpg?resize=300%2C248 300w\" alt=\"Sew Along\" width=\"224\" height=\"185\" \/>Ich wei&#223;, nicht jeder, der diesem Blog folgt, kann mit diesem Begriff etwas anfangen. Was ist also ein Sew Along. Im Grunde ist es ganz einfach: &#220;ber einen l&#228;ngeren Zeitraum hinweg wird zu einem bestimmten Thema etwas gen&#228;ht. Hierbei kann es darum gehen, dass alle das gleiche Schnittmuster umsetzen oder eben zu einem bestimmten Thema n&#228;hen. Ich habe im Rahmen eines Sew Alongs auch schon mal <a href=\"http:\/\/www.heldenhaushalt.de\/sari02\/index.php\/2014\/08\/13\/summer-freebook-sewalong-freestyle-03-oder-auch-finale\/\">Sommer-Freebooks <\/a>umgesetzt oder <a href=\"http:\/\/www.heldenhaushalt.de\/sari02\/index.php\/2014\/06\/26\/sewalong-japanisch-schneidern-das-finale\/\">japanische Kleidung <\/a>gen&#228;ht. War beides eine ziemlich spannende Erfahrung. Und nun bin ich schon das 4. Mal beim Herbstkind Sew Along dabei und freue mich sehr darauf.<\/p>\n<p>Der Vorteil an einem Sew Along ist &#252;brigens, dass man in gro&#223;er Gruppe n&#228;ht. So indirekt halt. Es gibt mehrere feste Termine, an denen man von seinen Fortschritten berichtet (so wie heute). Hierbei besucht man sich gegenseitig, kann Tipps geben oder Inspirationen liefern oder sich selber ein bisschen inspirieren lassen, wenn man noch nicht so recht wei&#223;, was man m&#246;chte. Die Erfahrung hat bisher gezeigt, dass einem schon enorm weitergeholfen werden kann in so einer gro&#223;en Gruppe. Mal davon abgesehen motiviert es sehr bei der Stange zu bleiben.<\/p>\n<h2>Erste Gedanken zu meinem Sew Along dieses Jahr: Die Stoffauswahl<\/h2>\n<p>Beim Herbstkind Sew Along geht es ja darum, dass man f&#252;r sein Kind eine Jacke n&#228;hen soll. Klingt erstmal nach einem ziemlich wuchtigen Projekt und viel Arbeit. Ist es aber eigentlich gar nicht. Das Aufw&#228;ndigste ist vielleicht der Rei&#223;verschluss, wenn man sich denn f&#252;r so ein Modell entscheidet.<\/p>\n<p>In der Regel &#252;berlege ich zu Anfang immer, welche Jacke ich eigentlich n&#228;hen m&#246;chte. Dann wei&#223; man besser was und wieviel Stoff man so braucht. Da ich mich aber dieses Jahr dazu entschlossen habe, nur f&#252;r den Kleinen eine zu n&#228;hen, da dem Gro&#223;en<a href=\"http:\/\/www.heldenhaushalt.de\/sari02\/index.php\/2015\/09\/28\/herbstkind-sew-along-finale-freebook\/\"> die vom letzten Jahr <\/a>noch passt, bin ich da noch etwas flexibler mit den Stoffmengen. So viel braucht das Heldenkind ja noch nicht *lach*. Mal davon abgesehen stand eh ein Stoffladenbesuch an, so dass ich den Stoff direkt mitgenommen habe.<\/p>\n<p>Ich wusste n&#228;mlich direkt schon, dass ich dieses Jahr mit Softshell n&#228;hen m&#246;chte. Das ist wind- und wetterbest&#228;ndiger, als die Sweatstoffe, die ich in den letzten Jahren immer genommen habe. Dadurch konnten die Kinder ihre Jacken immer nur anziehen, wenn es drau&#223;en nicht nass war und das ist im Herbst leider doch eher selten der Fall.<\/p>\n<p>Zwei Stoffe hielt ich dem Heldenkind vor die Nase und es griff direkt nach diesem hier. Ist der nicht s&#252;&#223;?<\/p>\n<p><img loading=\"lazy\" decoding=\"async\" class=\"alignnone size-full wp-image-30207\" src=\"http:\/\/www.heldenhaushalt.de\/sari02\/wp-content\/uploads\/2016\/08\/herbstkind-stoff01.jpg\" alt=\"Sew Along\" width=\"650\" height=\"366\" srcset=\"https:\/\/www.heldenhaushalt.de\/sari02\/wp-content\/uploads\/2016\/08\/herbstkind-stoff01.jpg 650w, https:\/\/www.heldenhaushalt.de\/sari02\/wp-content\/uploads\/2016\/08\/herbstkind-stoff01-300x169.jpg 300w, https:\/\/www.heldenhaushalt.de\/sari02\/wp-content\/uploads\/2016\/08\/herbstkind-stoff01-600x338.jpg 600w\" sizes=\"auto, (max-width: 650px) 100vw, 650px\" \/><\/p>\n<p>F&#252;r Innen m&#246;chte ich vermutlich den blauen Fleece nehmen, wobei ich mir da noch nicht sicher bin, ob das n&#246;tig ist. DerSoftshell hat n&#228;mlich bereits eine d&#252;nne Fleeceschicht auf der einen Seite, so dass ich nicht wei&#223;, ob das am Ende eventuell zu viel werden k&#246;nnte. Was meint Ihr? Habt Ihr da Erfahrungen?<\/p>\n<p><img loading=\"lazy\" decoding=\"async\" class=\"alignnone size-full wp-image-30208\" src=\"http:\/\/www.heldenhaushalt.de\/sari02\/wp-content\/uploads\/2016\/08\/herbstkind-stoff02.jpg\" alt=\"Sew Along\" width=\"650\" height=\"366\" srcset=\"https:\/\/www.heldenhaushalt.de\/sari02\/wp-content\/uploads\/2016\/08\/herbstkind-stoff02.jpg 650w, https:\/\/www.heldenhaushalt.de\/sari02\/wp-content\/uploads\/2016\/08\/herbstkind-stoff02-300x169.jpg 300w, https:\/\/www.heldenhaushalt.de\/sari02\/wp-content\/uploads\/2016\/08\/herbstkind-stoff02-600x338.jpg 600w\" sizes=\"auto, (max-width: 650px) 100vw, 650px\" \/><\/p>\n<p>Als n&#228;chstes muss ich mir nun dar&#252;ber klar werden, welchen Schnitt ich n&#228;hen m&#246;chte. Mal sehen, was da mein Fundus hergibt. Vielleicht finde ich ja auch etwas Inspiration<a href=\"http:\/\/nemada.blogspot.de\/2016\/08\/herbstkind-sew-along-2016-2_30.html\" target=\"_blank\"> bei den anderen heute<\/a>.<\/p>\n<p>Mehr zum Sew Along erfahrt Ihr &#252;brigens<a href=\"http:\/\/nemada.blogspot.de\/2016\/08\/herbstkind-sew-along-2016-1-klappe-die.html\" target=\"_blank\"> hier<\/a>.<\/p>\n<p><img loading=\"lazy\" decoding=\"async\" class=\" size-full wp-image-24841 alignright\" src=\"https:\/\/www.heldenhaushalt.de \/sari02\/wp-content\/uploads\/2015\/01\/sari-unter.jpg?resize=130%2C59\" alt=\"sari-unter\" width=\"130\" height=\"59\" \/><\/p>\n","protected":false},"excerpt":{"rendered":"<p>Hachja&#8230;ich bin ja schon ein kleines bisschen aufgeregt. Immerhin ist es nun bereits das 4. Mal, dass ich beim Sew Along von NemadA dabei bin und ich wei&#223; noch, wie spannend ich das damals fand. Mal davon abgesehen, dass ich damals nie im Leben gedacht h&#228;tte, dass ich jemals eine Jacke f&#252;r mein Kind n&#228;hen k&#246;nnte. Aber ich sollte eines besseren belehrt werden. Was ist eigentlich ein Sew Along Ich wei&#223;, nicht jeder, der diesem Blog folgt, kann mit diesem Begriff etwas anfangen. Was ist also ein Sew Along. Im Grunde ist es ganz einfach: &#220;ber einen l&#228;ngeren Zeitraum hinweg wird zu einem bestimmten Thema etwas gen&#228;ht. Hierbei kann es darum gehen, dass alle das gleiche Schnittmuster umsetzen oder eben zu einem bestimmten Thema n&#228;hen. Ich habe im Rahmen eines Sew Alongs auch schon mal Sommer-Freebooks umgesetzt oder japanische Kleidung gen&#228;ht. War beides eine ziemlich spannende Erfahrung. Und nun bin ich schon das 4. Mal beim Herbstkind Sew Along dabei und freue mich sehr darauf. Der Vorteil an einem Sew Along ist &#252;brigens, dass man in gro&#223;er Gruppe n&#228;ht. So indirekt halt. Es gibt mehrere feste Termine, an denen man von seinen Fortschritten berichtet (so wie heute). Hierbei besucht man sich gegenseitig, kann Tipps geben oder Inspirationen liefern oder sich selber ein bisschen inspirieren lassen, wenn man noch nicht so recht wei&#223;, was man m&#246;chte. Die Erfahrung hat bisher gezeigt, dass einem schon enorm weitergeholfen werden kann in so einer gro&#223;en Gruppe. Mal davon abgesehen motiviert es sehr bei der Stange zu bleiben. Erste Gedanken zu meinem Sew Along dieses Jahr: Die Stoffauswahl Beim Herbstkind Sew Along geht es ja darum, dass man f&#252;r sein Kind eine Jacke n&#228;hen soll. Klingt erstmal nach einem ziemlich wuchtigen Projekt und viel Arbeit. Ist es aber eigentlich gar nicht. Das Aufw&#228;ndigste ist vielleicht der Rei&#223;verschluss, wenn man sich denn f&#252;r so ein Modell entscheidet. In der Regel &#252;berlege ich zu Anfang immer, welche Jacke ich eigentlich n&#228;hen m&#246;chte. Dann wei&#223; man besser was und wieviel Stoff man so braucht. Da ich mich aber dieses Jahr dazu entschlossen habe, nur f&#252;r den Kleinen eine zu n&#228;hen, da dem Gro&#223;en die vom letzten Jahr noch passt, bin ich da noch etwas flexibler mit den Stoffmengen. So viel braucht das Heldenkind ja noch nicht *lach*. Mal davon abgesehen stand eh ein Stoffladenbesuch an, so dass ich den Stoff direkt mitgenommen habe. Ich wusste n&#228;mlich direkt schon, dass ich dieses Jahr mit Softshell n&#228;hen m&#246;chte. Das ist wind- und wetterbest&#228;ndiger, als die Sweatstoffe, die ich in den letzten Jahren immer genommen habe. Dadurch konnten die Kinder ihre Jacken immer nur anziehen, wenn es drau&#223;en nicht nass war und das ist im Herbst leider doch eher selten der Fall. Zwei Stoffe hielt ich dem Heldenkind vor die Nase und es griff direkt nach diesem hier. Ist der nicht s&#252;&#223;? F&#252;r Innen m&#246;chte ich vermutlich den blauen Fleece nehmen, wobei ich mir da noch nicht sicher bin, ob das n&#246;tig ist. DerSoftshell hat n&#228;mlich bereits eine d&#252;nne Fleeceschicht auf der einen Seite, so dass ich nicht wei&#223;, ob das am Ende eventuell zu viel werden k&#246;nnte. Was meint Ihr? Habt Ihr da Erfahrungen? Als n&#228;chstes muss ich mir nun dar&#252;ber klar werden, welchen Schnitt ich n&#228;hen m&#246;chte. Mal sehen, was da mein Fundus hergibt. Vielleicht finde ich ja auch etwas Inspiration bei den anderen heute. Mehr zum Sew Along erfahrt Ihr &#252;brigens hier.<\/p>\n","protected":false},"author":1,"featured_media":0,"comment_status":"open","ping_status":"open","sticky":false,"template":"","format":"standard","meta":{"ngg_post_thumbnail":0,"footnotes":""},"categories":[224,49],"tags":[776,401,402],"class_list":["post-30138","post","type-post","status-publish","format-standard","hentry","category-handarbeiten","category-blogspaehre","tag-herbstkind","tag-naehen-ist-toll","tag-sew-along"],"yoast_head":"<!-- This site is optimized with the Yoast SEO plugin v27.5 - https:\/\/yoast.com\/product\/yoast-seo-wordpress\/ -->\n<title>Herbstkind Sew Along - Meine ersten Gedanken dazu<\/title>\n<meta name=\"description\" content=\"Was ist eigentlich ein Sew Along - Ich wei\u00df, nicht jeder, der diesem Blog folgt, kann mit diesem Begriff etwas anfangen.\" \/>\n<meta name=\"robots\" content=\"index, follow, max-snippet:-1, max-image-preview:large, max-video-preview:-1\" \/>\n<link rel=\"canonical\" href=\"https:\/\/www.heldenhaushalt.de\/sari02\/index.php\/2016\/08\/30\/herbstkind-sew-along-1\/\" \/>\n<meta property=\"og:locale\" content=\"de_DE\" \/>\n<meta property=\"og:type\" content=\"article\" \/>\n<meta property=\"og:title\" content=\"Herbstkind Sew Along - Meine ersten Gedanken dazu\" \/>\n<meta property=\"og:description\" content=\"Was ist eigentlich ein Sew Along - Ich wei\u00df, nicht jeder, der diesem Blog folgt, kann mit diesem Begriff etwas anfangen.\" \/>\n<meta property=\"og:url\" content=\"https:\/\/www.heldenhaushalt.de\/sari02\/index.php\/2016\/08\/30\/herbstkind-sew-along-1\/\" \/>\n<meta property=\"og:site_name\" content=\"Heldenhaushalt\" \/>\n<meta property=\"article:published_time\" content=\"2016-08-30T07:30:00+00:00\" \/>\n<meta property=\"article:modified_time\" content=\"2016-08-30T10:44:42+00:00\" \/>\n<meta property=\"og:image\" content=\"https:\/\/www.heldenhaushalt.de\/sari02\/wp-content\/uploads\/2016\/08\/HerbstkindSewAlong2016.jpg?resize=224%2C185\" \/>\n<meta name=\"author\" content=\"Sari\" \/>\n<meta name=\"twitter:card\" content=\"summary_large_image\" \/>\n<meta name=\"twitter:creator\" content=\"@Heldenhaushalt\" \/>\n<meta name=\"twitter:site\" content=\"@Heldenhaushalt\" \/>\n<meta name=\"twitter:label1\" content=\"Verfasst von\" \/>\n\t<meta name=\"twitter:data1\" content=\"Sari\" \/>\n\t<meta name=\"twitter:label2\" content=\"Gesch\u00e4tzte Lesezeit\" \/>\n\t<meta name=\"twitter:data2\" content=\"3\u00a0Minuten\" \/>\n<script type=\"application\/ld+json\" class=\"yoast-schema-graph\">{\"@context\":\"https:\\\/\\\/schema.org\",\"@graph\":[{\"@type\":\"Article\",\"@id\":\"https:\\\/\\\/www.heldenhaushalt.de\\\/sari02\\\/index.php\\\/2016\\\/08\\\/30\\\/herbstkind-sew-along-1\\\/#article\",\"isPartOf\":{\"@id\":\"https:\\\/\\\/www.heldenhaushalt.de\\\/sari02\\\/index.php\\\/2016\\\/08\\\/30\\\/herbstkind-sew-along-1\\\/\"},\"author\":{\"name\":\"Sari\",\"@id\":\"https:\\\/\\\/www.heldenhaushalt.de\\\/sari02\\\/#\\\/schema\\\/person\\\/a1cc69f42a01f412eb62c151353814f6\"},\"headline\":\"Herbstkind &#8211; Sew Along: Es geht los&#8230;erste Gedanken zu meinem Projekt\",\"datePublished\":\"2016-08-30T07:30:00+00:00\",\"dateModified\":\"2016-08-30T10:44:42+00:00\",\"mainEntityOfPage\":{\"@id\":\"https:\\\/\\\/www.heldenhaushalt.de\\\/sari02\\\/index.php\\\/2016\\\/08\\\/30\\\/herbstkind-sew-along-1\\\/\"},\"wordCount\":612,\"commentCount\":6,\"publisher\":{\"@id\":\"https:\\\/\\\/www.heldenhaushalt.de\\\/sari02\\\/#\\\/schema\\\/person\\\/a1cc69f42a01f412eb62c151353814f6\"},\"image\":{\"@id\":\"https:\\\/\\\/www.heldenhaushalt.de\\\/sari02\\\/index.php\\\/2016\\\/08\\\/30\\\/herbstkind-sew-along-1\\\/#primaryimage\"},\"thumbnailUrl\":\"https:\\\/\\\/www.heldenhaushalt.de\\\/sari02\\\/wp-content\\\/uploads\\\/2016\\\/08\\\/HerbstkindSewAlong2016.jpg?resize=224%2C185\",\"keywords\":[\"Herbstkind\",\"N\u00e4hen ist toll\",\"Sew Along\"],\"articleSection\":[\"Aus Wolle &amp; Stoff\",\"Blogsph\u00e4re\"],\"inLanguage\":\"de\",\"potentialAction\":[{\"@type\":\"CommentAction\",\"name\":\"Comment\",\"target\":[\"https:\\\/\\\/www.heldenhaushalt.de\\\/sari02\\\/index.php\\\/2016\\\/08\\\/30\\\/herbstkind-sew-along-1\\\/#respond\"]}]},{\"@type\":\"WebPage\",\"@id\":\"https:\\\/\\\/www.heldenhaushalt.de\\\/sari02\\\/index.php\\\/2016\\\/08\\\/30\\\/herbstkind-sew-along-1\\\/\",\"url\":\"https:\\\/\\\/www.heldenhaushalt.de\\\/sari02\\\/index.php\\\/2016\\\/08\\\/30\\\/herbstkind-sew-along-1\\\/\",\"name\":\"Herbstkind Sew Along - Meine ersten Gedanken dazu\",\"isPartOf\":{\"@id\":\"https:\\\/\\\/www.heldenhaushalt.de\\\/sari02\\\/#website\"},\"primaryImageOfPage\":{\"@id\":\"https:\\\/\\\/www.heldenhaushalt.de\\\/sari02\\\/index.php\\\/2016\\\/08\\\/30\\\/herbstkind-sew-along-1\\\/#primaryimage\"},\"image\":{\"@id\":\"https:\\\/\\\/www.heldenhaushalt.de\\\/sari02\\\/index.php\\\/2016\\\/08\\\/30\\\/herbstkind-sew-along-1\\\/#primaryimage\"},\"thumbnailUrl\":\"https:\\\/\\\/www.heldenhaushalt.de\\\/sari02\\\/wp-content\\\/uploads\\\/2016\\\/08\\\/HerbstkindSewAlong2016.jpg?resize=224%2C185\",\"datePublished\":\"2016-08-30T07:30:00+00:00\",\"dateModified\":\"2016-08-30T10:44:42+00:00\",\"description\":\"Was ist eigentlich ein Sew Along - Ich wei\u00df, nicht jeder, der diesem Blog folgt, kann mit diesem Begriff etwas anfangen.\",\"breadcrumb\":{\"@id\":\"https:\\\/\\\/www.heldenhaushalt.de\\\/sari02\\\/index.php\\\/2016\\\/08\\\/30\\\/herbstkind-sew-along-1\\\/#breadcrumb\"},\"inLanguage\":\"de\",\"potentialAction\":[{\"@type\":\"ReadAction\",\"target\":[\"https:\\\/\\\/www.heldenhaushalt.de\\\/sari02\\\/index.php\\\/2016\\\/08\\\/30\\\/herbstkind-sew-along-1\\\/\"]}]},{\"@type\":\"ImageObject\",\"inLanguage\":\"de\",\"@id\":\"https:\\\/\\\/www.heldenhaushalt.de\\\/sari02\\\/index.php\\\/2016\\\/08\\\/30\\\/herbstkind-sew-along-1\\\/#primaryimage\",\"url\":\"https:\\\/\\\/www.heldenhaushalt.de\\\/sari02\\\/wp-content\\\/uploads\\\/2016\\\/08\\\/HerbstkindSewAlong2016.jpg\",\"contentUrl\":\"https:\\\/\\\/www.heldenhaushalt.de\\\/sari02\\\/wp-content\\\/uploads\\\/2016\\\/08\\\/HerbstkindSewAlong2016.jpg\",\"width\":400,\"height\":330},{\"@type\":\"BreadcrumbList\",\"@id\":\"https:\\\/\\\/www.heldenhaushalt.de\\\/sari02\\\/index.php\\\/2016\\\/08\\\/30\\\/herbstkind-sew-along-1\\\/#breadcrumb\",\"itemListElement\":[{\"@type\":\"ListItem\",\"position\":1,\"name\":\"Startseite\",\"item\":\"https:\\\/\\\/www.heldenhaushalt.de\\\/sari02\\\/\"},{\"@type\":\"ListItem\",\"position\":2,\"name\":\"Herbstkind &#8211; Sew Along: Es geht los&#8230;erste Gedanken zu meinem Projekt\"}]},{\"@type\":\"WebSite\",\"@id\":\"https:\\\/\\\/www.heldenhaushalt.de\\\/sari02\\\/#website\",\"url\":\"https:\\\/\\\/www.heldenhaushalt.de\\\/sari02\\\/\",\"name\":\"Heldenhaushalt\",\"description\":\"Wer es ordentlich haben will, der muss vorher anrufen\",\"publisher\":{\"@id\":\"https:\\\/\\\/www.heldenhaushalt.de\\\/sari02\\\/#\\\/schema\\\/person\\\/a1cc69f42a01f412eb62c151353814f6\"},\"potentialAction\":[{\"@type\":\"SearchAction\",\"target\":{\"@type\":\"EntryPoint\",\"urlTemplate\":\"https:\\\/\\\/www.heldenhaushalt.de\\\/sari02\\\/?s={search_term_string}\"},\"query-input\":{\"@type\":\"PropertyValueSpecification\",\"valueRequired\":true,\"valueName\":\"search_term_string\"}}],\"inLanguage\":\"de\"},{\"@type\":[\"Person\",\"Organization\"],\"@id\":\"https:\\\/\\\/www.heldenhaushalt.de\\\/sari02\\\/#\\\/schema\\\/person\\\/a1cc69f42a01f412eb62c151353814f6\",\"name\":\"Sari\",\"image\":{\"@type\":\"ImageObject\",\"inLanguage\":\"de\",\"@id\":\"https:\\\/\\\/www.heldenhaushalt.de\\\/sari02\\\/wp-content\\\/uploads\\\/2019\\\/02\\\/sari-april2018.png\",\"url\":\"https:\\\/\\\/www.heldenhaushalt.de\\\/sari02\\\/wp-content\\\/uploads\\\/2019\\\/02\\\/sari-april2018.png\",\"contentUrl\":\"https:\\\/\\\/www.heldenhaushalt.de\\\/sari02\\\/wp-content\\\/uploads\\\/2019\\\/02\\\/sari-april2018.png\",\"width\":500,\"height\":500,\"caption\":\"Sari\"},\"logo\":{\"@id\":\"https:\\\/\\\/www.heldenhaushalt.de\\\/sari02\\\/wp-content\\\/uploads\\\/2019\\\/02\\\/sari-april2018.png\"},\"description\":\"Frau Mondgras \u2013 Das bin ich, Sari. Gerne auch als Sari Mondgras bekannt und im Internet zu finden. 2-Fach-Mutter, Heldenehefrau, Kreativling, Harmonies\u00fcchtig und st\u00e4ndig auf der Suche nach Gl\u00fcck. Ich komme aus Berlin, bin hier aufgewachsen und lebe hier seit ich denken kann.\",\"sameAs\":[\"https:\\\/\\\/www.instagram.com\\\/heldenhaushalt\\\/\"],\"url\":\"https:\\\/\\\/www.heldenhaushalt.de\\\/sari02\\\/index.php\\\/author\\\/admin\\\/\"}]}<\/script>\n<!-- \/ Yoast SEO plugin. -->","yoast_head_json":{"title":"Herbstkind Sew Along - Meine ersten Gedanken dazu","description":"Was ist eigentlich ein Sew Along - Ich wei\u00df, nicht jeder, der diesem Blog folgt, kann mit diesem Begriff etwas anfangen.","robots":{"index":"index","follow":"follow","max-snippet":"max-snippet:-1","max-image-preview":"max-image-preview:large","max-video-preview":"max-video-preview:-1"},"canonical":"https:\/\/www.heldenhaushalt.de\/sari02\/index.php\/2016\/08\/30\/herbstkind-sew-along-1\/","og_locale":"de_DE","og_type":"article","og_title":"Herbstkind Sew Along - Meine ersten Gedanken dazu","og_description":"Was ist eigentlich ein Sew Along - Ich wei\u00df, nicht jeder, der diesem Blog folgt, kann mit diesem Begriff etwas anfangen.","og_url":"https:\/\/www.heldenhaushalt.de\/sari02\/index.php\/2016\/08\/30\/herbstkind-sew-along-1\/","og_site_name":"Heldenhaushalt","article_published_time":"2016-08-30T07:30:00+00:00","article_modified_time":"2016-08-30T10:44:42+00:00","og_image":[{"url":"https:\/\/www.heldenhaushalt.de\/sari02\/wp-content\/uploads\/2016\/08\/HerbstkindSewAlong2016.jpg?resize=224%2C185","type":"","width":"","height":""}],"author":"Sari","twitter_card":"summary_large_image","twitter_creator":"@Heldenhaushalt","twitter_site":"@Heldenhaushalt","twitter_misc":{"Verfasst von":"Sari","Gesch\u00e4tzte Lesezeit":"3\u00a0Minuten"},"schema":{"@context":"https:\/\/schema.org","@graph":[{"@type":"Article","@id":"https:\/\/www.heldenhaushalt.de\/sari02\/index.php\/2016\/08\/30\/herbstkind-sew-along-1\/#article","isPartOf":{"@id":"https:\/\/www.heldenhaushalt.de\/sari02\/index.php\/2016\/08\/30\/herbstkind-sew-along-1\/"},"author":{"name":"Sari","@id":"https:\/\/www.heldenhaushalt.de\/sari02\/#\/schema\/person\/a1cc69f42a01f412eb62c151353814f6"},"headline":"Herbstkind &#8211; Sew Along: Es geht los&#8230;erste Gedanken zu meinem Projekt","datePublished":"2016-08-30T07:30:00+00:00","dateModified":"2016-08-30T10:44:42+00:00","mainEntityOfPage":{"@id":"https:\/\/www.heldenhaushalt.de\/sari02\/index.php\/2016\/08\/30\/herbstkind-sew-along-1\/"},"wordCount":612,"commentCount":6,"publisher":{"@id":"https:\/\/www.heldenhaushalt.de\/sari02\/#\/schema\/person\/a1cc69f42a01f412eb62c151353814f6"},"image":{"@id":"https:\/\/www.heldenhaushalt.de\/sari02\/index.php\/2016\/08\/30\/herbstkind-sew-along-1\/#primaryimage"},"thumbnailUrl":"https:\/\/www.heldenhaushalt.de\/sari02\/wp-content\/uploads\/2016\/08\/HerbstkindSewAlong2016.jpg?resize=224%2C185","keywords":["Herbstkind","N\u00e4hen ist toll","Sew Along"],"articleSection":["Aus Wolle &amp; Stoff","Blogsph\u00e4re"],"inLanguage":"de","potentialAction":[{"@type":"CommentAction","name":"Comment","target":["https:\/\/www.heldenhaushalt.de\/sari02\/index.php\/2016\/08\/30\/herbstkind-sew-along-1\/#respond"]}]},{"@type":"WebPage","@id":"https:\/\/www.heldenhaushalt.de\/sari02\/index.php\/2016\/08\/30\/herbstkind-sew-along-1\/","url":"https:\/\/www.heldenhaushalt.de\/sari02\/index.php\/2016\/08\/30\/herbstkind-sew-along-1\/","name":"Herbstkind Sew Along - Meine ersten Gedanken dazu","isPartOf":{"@id":"https:\/\/www.heldenhaushalt.de\/sari02\/#website"},"primaryImageOfPage":{"@id":"https:\/\/www.heldenhaushalt.de\/sari02\/index.php\/2016\/08\/30\/herbstkind-sew-along-1\/#primaryimage"},"image":{"@id":"https:\/\/www.heldenhaushalt.de\/sari02\/index.php\/2016\/08\/30\/herbstkind-sew-along-1\/#primaryimage"},"thumbnailUrl":"https:\/\/www.heldenhaushalt.de\/sari02\/wp-content\/uploads\/2016\/08\/HerbstkindSewAlong2016.jpg?resize=224%2C185","datePublished":"2016-08-30T07:30:00+00:00","dateModified":"2016-08-30T10:44:42+00:00","description":"Was ist eigentlich ein Sew Along - Ich wei\u00df, nicht jeder, der diesem Blog folgt, kann mit diesem Begriff etwas anfangen.","breadcrumb":{"@id":"https:\/\/www.heldenhaushalt.de\/sari02\/index.php\/2016\/08\/30\/herbstkind-sew-along-1\/#breadcrumb"},"inLanguage":"de","potentialAction":[{"@type":"ReadAction","target":["https:\/\/www.heldenhaushalt.de\/sari02\/index.php\/2016\/08\/30\/herbstkind-sew-along-1\/"]}]},{"@type":"ImageObject","inLanguage":"de","@id":"https:\/\/www.heldenhaushalt.de\/sari02\/index.php\/2016\/08\/30\/herbstkind-sew-along-1\/#primaryimage","url":"https:\/\/www.heldenhaushalt.de\/sari02\/wp-content\/uploads\/2016\/08\/HerbstkindSewAlong2016.jpg","contentUrl":"https:\/\/www.heldenhaushalt.de\/sari02\/wp-content\/uploads\/2016\/08\/HerbstkindSewAlong2016.jpg","width":400,"height":330},{"@type":"BreadcrumbList","@id":"https:\/\/www.heldenhaushalt.de\/sari02\/index.php\/2016\/08\/30\/herbstkind-sew-along-1\/#breadcrumb","itemListElement":[{"@type":"ListItem","position":1,"name":"Startseite","item":"https:\/\/www.heldenhaushalt.de\/sari02\/"},{"@type":"ListItem","position":2,"name":"Herbstkind &#8211; Sew Along: Es geht los&#8230;erste Gedanken zu meinem Projekt"}]},{"@type":"WebSite","@id":"https:\/\/www.heldenhaushalt.de\/sari02\/#website","url":"https:\/\/www.heldenhaushalt.de\/sari02\/","name":"Heldenhaushalt","description":"Wer es ordentlich haben will, der muss vorher anrufen","publisher":{"@id":"https:\/\/www.heldenhaushalt.de\/sari02\/#\/schema\/person\/a1cc69f42a01f412eb62c151353814f6"},"potentialAction":[{"@type":"SearchAction","target":{"@type":"EntryPoint","urlTemplate":"https:\/\/www.heldenhaushalt.de\/sari02\/?s={search_term_string}"},"query-input":{"@type":"PropertyValueSpecification","valueRequired":true,"valueName":"search_term_string"}}],"inLanguage":"de"},{"@type":["Person","Organization"],"@id":"https:\/\/www.heldenhaushalt.de\/sari02\/#\/schema\/person\/a1cc69f42a01f412eb62c151353814f6","name":"Sari","image":{"@type":"ImageObject","inLanguage":"de","@id":"https:\/\/www.heldenhaushalt.de\/sari02\/wp-content\/uploads\/2019\/02\/sari-april2018.png","url":"https:\/\/www.heldenhaushalt.de\/sari02\/wp-content\/uploads\/2019\/02\/sari-april2018.png","contentUrl":"https:\/\/www.heldenhaushalt.de\/sari02\/wp-content\/uploads\/2019\/02\/sari-april2018.png","width":500,"height":500,"caption":"Sari"},"logo":{"@id":"https:\/\/www.heldenhaushalt.de\/sari02\/wp-content\/uploads\/2019\/02\/sari-april2018.png"},"description":"Frau Mondgras \u2013 Das bin ich, Sari. Gerne auch als Sari Mondgras bekannt und im Internet zu finden. 2-Fach-Mutter, Heldenehefrau, Kreativling, Harmonies\u00fcchtig und st\u00e4ndig auf der Suche nach Gl\u00fcck. Ich komme aus Berlin, bin hier aufgewachsen und lebe hier seit ich denken kann.","sameAs":["https:\/\/www.instagram.com\/heldenhaushalt\/"],"url":"https:\/\/www.heldenhaushalt.de\/sari02\/index.php\/author\/admin\/"}]}},"views":5240,"_links":{"self":[{"href":"https:\/\/www.heldenhaushalt.de\/sari02\/index.php\/wp-json\/wp\/v2\/posts\/30138","targetHints":{"allow":["GET"]}}],"collection":[{"href":"https:\/\/www.heldenhaushalt.de\/sari02\/index.php\/wp-json\/wp\/v2\/posts"}],"about":[{"href":"https:\/\/www.heldenhaushalt.de\/sari02\/index.php\/wp-json\/wp\/v2\/types\/post"}],"author":[{"embeddable":true,"href":"https:\/\/www.heldenhaushalt.de\/sari02\/index.php\/wp-json\/wp\/v2\/users\/1"}],"replies":[{"embeddable":true,"href":"https:\/\/www.heldenhaushalt.de\/sari02\/index.php\/wp-json\/wp\/v2\/comments?post=30138"}],"version-history":[{"count":5,"href":"https:\/\/www.heldenhaushalt.de\/sari02\/index.php\/wp-json\/wp\/v2\/posts\/30138\/revisions"}],"predecessor-version":[{"id":30218,"href":"https:\/\/www.heldenhaushalt.de\/sari02\/index.php\/wp-json\/wp\/v2\/posts\/30138\/revisions\/30218"}],"wp:attachment":[{"href":"https:\/\/www.heldenhaushalt.de\/sari02\/index.php\/wp-json\/wp\/v2\/media?parent=30138"}],"wp:term":[{"taxonomy":"category","embeddable":true,"href":"https:\/\/www.heldenhaushalt.de\/sari02\/index.php\/wp-json\/wp\/v2\/categories?post=30138"},{"taxonomy":"post_tag","embeddable":true,"href":"https:\/\/www.heldenhaushalt.de\/sari02\/index.php\/wp-json\/wp\/v2\/tags?post=30138"}],"curies":[{"name":"wp","href":"https:\/\/api.w.org\/{rel}","templated":true}]}}