{"id":30582,"date":"2016-10-07T12:54:32","date_gmt":"2016-10-07T10:54:32","guid":{"rendered":"http:\/\/www.heldenhaushalt.de\/sari02\/?p=30582"},"modified":"2016-10-11T11:51:56","modified_gmt":"2016-10-11T09:51:56","slug":"freitags5-5-tage-5-fotos-im-oktober-01","status":"publish","type":"post","link":"https:\/\/www.heldenhaushalt.de\/sari02\/index.php\/2016\/10\/07\/freitags5-5-tage-5-fotos-im-oktober-01\/","title":{"rendered":"#Freitags5 \u2013 5 Tage 5 Fotos im Oktober #01"},"content":{"rendered":"<p>Ich bin ja soooooooooooooooooooooo m&#252;&#252;&#252;&#252;de. Kennt Ihr das? Es war eine herrlich volle Woche, aber auch eine lange mit viel Action und verh&#228;ltnism&#228;&#223;ig wenig Schlaf. Die perfekte Kombi mit Familie und Kindern, k&#246;nnte man meinen. Es waren in jedem Fall ein paar tolle Tage mit ein paar sch&#246;nen Erlebnissen.<\/p>\n<p style=\"text-align: center;\">***<\/p>\n<h2>Meine #Freitags5 #Freitagslieblinge in der KW41<\/h2>\n<p><img loading=\"lazy\" decoding=\"async\" class=\"alignnone size-full wp-image-30585\" src=\"http:\/\/www.heldenhaushalt.de\/sari02\/wp-content\/uploads\/2016\/10\/frkw41-01.jpg\" alt=\"#Freitags5\" width=\"800\" height=\"800\" srcset=\"https:\/\/www.heldenhaushalt.de\/sari02\/wp-content\/uploads\/2016\/10\/frkw41-01.jpg 800w, https:\/\/www.heldenhaushalt.de\/sari02\/wp-content\/uploads\/2016\/10\/frkw41-01-150x150.jpg 150w, https:\/\/www.heldenhaushalt.de\/sari02\/wp-content\/uploads\/2016\/10\/frkw41-01-300x300.jpg 300w, https:\/\/www.heldenhaushalt.de\/sari02\/wp-content\/uploads\/2016\/10\/frkw41-01-768x768.jpg 768w, https:\/\/www.heldenhaushalt.de\/sari02\/wp-content\/uploads\/2016\/10\/frkw41-01-600x600.jpg 600w, https:\/\/www.heldenhaushalt.de\/sari02\/wp-content\/uploads\/2016\/10\/frkw41-01-660x660.jpg 660w, https:\/\/www.heldenhaushalt.de\/sari02\/wp-content\/uploads\/2016\/10\/frkw41-01-373x373.jpg 373w\" sizes=\"auto, (max-width: 800px) 100vw, 800px\" \/><\/p>\n<p><strong>Meine Lieblingslekt&#252;re der Woche \u2013 <\/strong>Das Buch, das ich zuletzt gelesen habe, habe ich weiter gegeben. Es war einfach nicht meines. Aufgaben und Listen, die man regelm&#228;&#223;ig abarbeiten soll. Ich hatte auf etwas anderen Inhalt gehofft. Stattdessen lese ich mich jetzt mal in das obige Buch rein. So als Frau vom Fach seit Jahren raus aus der Sache. Da bin ich auf die Geschichten sehr gespannt. Kennt Ihr das Buch?<strong><br \/>\n<\/strong><\/p>\n<p style=\"text-align: center;\">***<\/p>\n<p><img loading=\"lazy\" decoding=\"async\" class=\"alignnone size-full wp-image-30586\" src=\"http:\/\/www.heldenhaushalt.de\/sari02\/wp-content\/uploads\/2016\/10\/frkw41-02.jpg\" alt=\"#Freitags5\" width=\"800\" height=\"800\" srcset=\"https:\/\/www.heldenhaushalt.de\/sari02\/wp-content\/uploads\/2016\/10\/frkw41-02.jpg 800w, https:\/\/www.heldenhaushalt.de\/sari02\/wp-content\/uploads\/2016\/10\/frkw41-02-150x150.jpg 150w, https:\/\/www.heldenhaushalt.de\/sari02\/wp-content\/uploads\/2016\/10\/frkw41-02-300x300.jpg 300w, https:\/\/www.heldenhaushalt.de\/sari02\/wp-content\/uploads\/2016\/10\/frkw41-02-768x768.jpg 768w, https:\/\/www.heldenhaushalt.de\/sari02\/wp-content\/uploads\/2016\/10\/frkw41-02-600x600.jpg 600w, https:\/\/www.heldenhaushalt.de\/sari02\/wp-content\/uploads\/2016\/10\/frkw41-02-660x660.jpg 660w, https:\/\/www.heldenhaushalt.de\/sari02\/wp-content\/uploads\/2016\/10\/frkw41-02-373x373.jpg 373w\" sizes=\"auto, (max-width: 800px) 100vw, 800px\" \/><\/p>\n<p><strong>Mein Lieblingsessen der Woche \u2013\u00a0 <\/strong>K&#252;rbissuppe! Yeahi! Daran merkt man, dass Herbst ist. Und es ist jetzt schon die zweite diese Woche. Soooo lecker. Tats&#228;chlich hat es letztes Mal dem Helden so gut geschmeckt, dass er sich gew&#252;nscht hat, dass wir ganz bald wieder welche Kochen. Und Tadaaaa!<strong><br \/>\n<\/strong><\/p>\n<p style=\"text-align: center;\">***<\/p>\n<p><img loading=\"lazy\" decoding=\"async\" class=\"alignnone size-full wp-image-30589\" src=\"http:\/\/www.heldenhaushalt.de\/sari02\/wp-content\/uploads\/2016\/10\/frkw41-05.jpg\" alt=\"#Freitags5\" width=\"1881\" height=\"1881\" srcset=\"https:\/\/www.heldenhaushalt.de\/sari02\/wp-content\/uploads\/2016\/10\/frkw41-05.jpg 1881w, https:\/\/www.heldenhaushalt.de\/sari02\/wp-content\/uploads\/2016\/10\/frkw41-05-150x150.jpg 150w, https:\/\/www.heldenhaushalt.de\/sari02\/wp-content\/uploads\/2016\/10\/frkw41-05-300x300.jpg 300w, https:\/\/www.heldenhaushalt.de\/sari02\/wp-content\/uploads\/2016\/10\/frkw41-05-768x768.jpg 768w, https:\/\/www.heldenhaushalt.de\/sari02\/wp-content\/uploads\/2016\/10\/frkw41-05-1024x1024.jpg 1024w, https:\/\/www.heldenhaushalt.de\/sari02\/wp-content\/uploads\/2016\/10\/frkw41-05-600x600.jpg 600w, https:\/\/www.heldenhaushalt.de\/sari02\/wp-content\/uploads\/2016\/10\/frkw41-05-1000x1000.jpg 1000w, https:\/\/www.heldenhaushalt.de\/sari02\/wp-content\/uploads\/2016\/10\/frkw41-05-660x660.jpg 660w, https:\/\/www.heldenhaushalt.de\/sari02\/wp-content\/uploads\/2016\/10\/frkw41-05-373x373.jpg 373w\" sizes=\"auto, (max-width: 1881px) 100vw, 1881px\" \/><\/p>\n<p><strong>Meinen Lieblingsmoment mit meinen Kindern<\/strong> \u2013 Im Herbst sammeln wir ja bekanntlich Kastanien. Davon gibt es hier bei uns im &#8220;Dorf&#8221; reichlich. Also sind wir einen Nachmittag mal losgezogen und haben die Beutel ordentlich mit der Herbstbeute gef&#252;llt. Eine Frau hat doch dann tats&#228;chlich all die Kastanien, die direkt vor ihrem Garten immer herunter fallen zu einem gigantischen Kastanien-Berg aufgeh&#228;uft, den die Kinder dann mit gro&#223;er Freude bestiegen und durchw&#252;hlten nach den sch&#246;nsten Kastanien, die sie finden konnten.<\/p>\n<p style=\"text-align: center;\">***<\/p>\n<p><img loading=\"lazy\" decoding=\"async\" class=\"alignnone size-full wp-image-30587\" src=\"http:\/\/www.heldenhaushalt.de\/sari02\/wp-content\/uploads\/2016\/10\/frkw41-03.jpg\" alt=\"#Freitags5\" width=\"800\" height=\"800\" srcset=\"https:\/\/www.heldenhaushalt.de\/sari02\/wp-content\/uploads\/2016\/10\/frkw41-03.jpg 800w, https:\/\/www.heldenhaushalt.de\/sari02\/wp-content\/uploads\/2016\/10\/frkw41-03-150x150.jpg 150w, https:\/\/www.heldenhaushalt.de\/sari02\/wp-content\/uploads\/2016\/10\/frkw41-03-300x300.jpg 300w, https:\/\/www.heldenhaushalt.de\/sari02\/wp-content\/uploads\/2016\/10\/frkw41-03-768x768.jpg 768w, https:\/\/www.heldenhaushalt.de\/sari02\/wp-content\/uploads\/2016\/10\/frkw41-03-600x600.jpg 600w, https:\/\/www.heldenhaushalt.de\/sari02\/wp-content\/uploads\/2016\/10\/frkw41-03-660x660.jpg 660w, https:\/\/www.heldenhaushalt.de\/sari02\/wp-content\/uploads\/2016\/10\/frkw41-03-373x373.jpg 373w\" sizes=\"auto, (max-width: 800px) 100vw, 800px\" \/><\/p>\n<p><strong>Meinen Lieblings-Mama-Moment nur f&#252;r mich<\/strong> \u2013 Ich finde es so sch&#246;n, wie sehr der Miniheld in den letzten Monaten zu sich gefunden hat. Er wirkt immer ausgeglichener und &#246;ffnet sich mehr und mehr anderen Kindern. Haben wir Besuch, so entwickelt sich das zu einem regelrechten Selbstl&#228;ufer und wir h&#246;ren die herrliche Lache durch das ganze Haus. Man wird auch als Mutter innerlich ruhiger, wenn man merkt, dass es dem Kind wieder viel besser geht.<\/p>\n<p style=\"text-align: center;\">***<\/p>\n<p><img loading=\"lazy\" decoding=\"async\" class=\"alignnone size-full wp-image-30588\" src=\"http:\/\/www.heldenhaushalt.de\/sari02\/wp-content\/uploads\/2016\/10\/frkw41-04.jpg\" alt=\"#Freitags5\" width=\"800\" height=\"800\" srcset=\"https:\/\/www.heldenhaushalt.de\/sari02\/wp-content\/uploads\/2016\/10\/frkw41-04.jpg 800w, https:\/\/www.heldenhaushalt.de\/sari02\/wp-content\/uploads\/2016\/10\/frkw41-04-150x150.jpg 150w, https:\/\/www.heldenhaushalt.de\/sari02\/wp-content\/uploads\/2016\/10\/frkw41-04-300x300.jpg 300w, https:\/\/www.heldenhaushalt.de\/sari02\/wp-content\/uploads\/2016\/10\/frkw41-04-768x768.jpg 768w, https:\/\/www.heldenhaushalt.de\/sari02\/wp-content\/uploads\/2016\/10\/frkw41-04-600x600.jpg 600w, https:\/\/www.heldenhaushalt.de\/sari02\/wp-content\/uploads\/2016\/10\/frkw41-04-660x660.jpg 660w, https:\/\/www.heldenhaushalt.de\/sari02\/wp-content\/uploads\/2016\/10\/frkw41-04-373x373.jpg 373w\" sizes=\"auto, (max-width: 800px) 100vw, 800px\" \/><\/p>\n<p><strong>Meine Lieblings-Inspiration der Woche \u2013 <\/strong>Viele Gespr&#228;che mit lieben Menschen. Sei es auf Ausfl&#252;gen. Beim Mittagessen. Abends vor dem Fernseher. Es ist immer so spannend sich mit anderen auszutauschen, Ansichten zu vergleichen und Erfahrungen zu machen, ohne dabei das Gef&#252;hl zu bekommen bewertet zu werden. Das ist so wichtig. <strong><br \/>\n<\/strong><\/p>\n<p style=\"text-align: center;\">***<\/p>\n<p>Mehr sch&#246;ne bebilderte R&#252;ckblicke auf die #Freitags5 findet Ihr wie immer<a href=\"http:\/\/berlinmittemom.com\/tag\/freitagslieblinge\/\" target=\"_blank\"> bei Berlin Mitte Mom<\/a>. Es regnet und regnet und regnet. Dennoch erwartet uns dieses Mal ein spannendes und aufregendes Wochenende. Ich bin schon ehrlich gespannt und hoffe inst&#228;ndig, dass die Erk&#228;ltung des Minihelden nicht gerade wieder einen Aufschwung erlebt.<\/p>\n<p><img loading=\"lazy\" decoding=\"async\" class=\" size-full wp-image-24841 alignright\" src=\"https:\/\/www.heldenhaushalt.de \/sari02\/wp-content\/uploads\/2015\/01\/sari-unter.jpg?resize=130%2C59\" alt=\"sari-unter\" width=\"130\" height=\"59\" \/><\/p>\n","protected":false},"excerpt":{"rendered":"<p>Ich bin ja soooooooooooooooooooooo m&#252;&#252;&#252;&#252;de. Kennt Ihr das? Es war eine herrlich volle Woche, aber auch eine lange mit viel Action und verh&#228;ltnism&#228;&#223;ig wenig Schlaf. Die perfekte Kombi mit Familie und Kindern, k&#246;nnte man meinen. Es waren in jedem Fall ein paar tolle Tage mit ein paar sch&#246;nen Erlebnissen. *** Meine #Freitags5 #Freitagslieblinge in der KW41 Meine Lieblingslekt&#252;re der Woche \u2013 Das Buch, das ich zuletzt gelesen habe, habe ich weiter gegeben. Es war einfach nicht meines. Aufgaben und Listen, die man regelm&#228;&#223;ig abarbeiten soll. Ich hatte auf etwas anderen Inhalt gehofft. Stattdessen lese ich mich jetzt mal in das obige Buch rein. So als Frau vom Fach seit Jahren raus aus der Sache. Da bin ich auf die Geschichten sehr gespannt. Kennt Ihr das Buch? *** Mein Lieblingsessen der Woche \u2013\u00a0 K&#252;rbissuppe! Yeahi! Daran merkt man, dass Herbst ist. Und es ist jetzt schon die zweite diese Woche. Soooo lecker. Tats&#228;chlich hat es letztes Mal dem Helden so gut geschmeckt, dass er sich gew&#252;nscht hat, dass wir ganz bald wieder welche Kochen. Und Tadaaaa! *** Meinen Lieblingsmoment mit meinen Kindern \u2013 Im Herbst sammeln wir ja bekanntlich Kastanien. Davon gibt es hier bei uns im &#8220;Dorf&#8221; reichlich. Also sind wir einen Nachmittag mal losgezogen und haben die Beutel ordentlich mit der Herbstbeute gef&#252;llt. Eine Frau hat doch dann tats&#228;chlich all die Kastanien, die direkt vor ihrem Garten immer herunter fallen zu einem gigantischen Kastanien-Berg aufgeh&#228;uft, den die Kinder dann mit gro&#223;er Freude bestiegen und durchw&#252;hlten nach den sch&#246;nsten Kastanien, die sie finden konnten. *** Meinen Lieblings-Mama-Moment nur f&#252;r mich \u2013 Ich finde es so sch&#246;n, wie sehr der Miniheld in den letzten Monaten zu sich gefunden hat. Er wirkt immer ausgeglichener und &#246;ffnet sich mehr und mehr anderen Kindern. Haben wir Besuch, so entwickelt sich das zu einem regelrechten Selbstl&#228;ufer und wir h&#246;ren die herrliche Lache durch das ganze Haus. Man wird auch als Mutter innerlich ruhiger, wenn man merkt, dass es dem Kind wieder viel besser geht. *** Meine Lieblings-Inspiration der Woche \u2013 Viele Gespr&#228;che mit lieben Menschen. Sei es auf Ausfl&#252;gen. Beim Mittagessen. Abends vor dem Fernseher. Es ist immer so spannend sich mit anderen auszutauschen, Ansichten zu vergleichen und Erfahrungen zu machen, ohne dabei das Gef&#252;hl zu bekommen bewertet zu werden. Das ist so wichtig. *** Mehr sch&#246;ne bebilderte R&#252;ckblicke auf die #Freitags5 findet Ihr wie immer bei Berlin Mitte Mom. Es regnet und regnet und regnet. Dennoch erwartet uns dieses Mal ein spannendes und aufregendes Wochenende. Ich bin schon ehrlich gespannt und hoffe inst&#228;ndig, dass die Erk&#228;ltung des Minihelden nicht gerade wieder einen Aufschwung erlebt.<\/p>\n","protected":false},"author":1,"featured_media":30589,"comment_status":"open","ping_status":"open","sticky":false,"template":"","format":"standard","meta":{"ngg_post_thumbnail":0,"footnotes":""},"categories":[323,49],"tags":[780,781,450],"class_list":["post-30582","post","type-post","status-publish","format-standard","has-post-thumbnail","hentry","category-alltag","category-blogspaehre","tag-freitags5","tag-freitagslieblinge","tag-wochenrueckblick"],"yoast_head":"<!-- This site is optimized with the Yoast SEO plugin v27.5 - https:\/\/yoast.com\/product\/yoast-seo-wordpress\/ -->\n<title>#Freitags5 \u2013 5 Tage 5 Fotos im Oktober #01 - Heldenhaushalt<\/title>\n<meta name=\"description\" content=\"Ich bin ja soooooooooooooooooooooo m\u00fc\u00fc\u00fc\u00fcde. Kennt Ihr das? - Meine #Freitags5 #Freitagslieblinge in der KW41\" \/>\n<meta name=\"robots\" content=\"index, follow, max-snippet:-1, max-image-preview:large, max-video-preview:-1\" \/>\n<link rel=\"canonical\" href=\"https:\/\/www.heldenhaushalt.de\/sari02\/index.php\/2016\/10\/07\/freitags5-5-tage-5-fotos-im-oktober-01\/\" \/>\n<meta property=\"og:locale\" content=\"de_DE\" \/>\n<meta property=\"og:type\" content=\"article\" \/>\n<meta property=\"og:title\" content=\"#Freitags5 \u2013 5 Tage 5 Fotos im Oktober #01 - Heldenhaushalt\" \/>\n<meta property=\"og:description\" content=\"Ich bin ja soooooooooooooooooooooo m\u00fc\u00fc\u00fc\u00fcde. Kennt Ihr das? - Meine #Freitags5 #Freitagslieblinge in der KW41\" \/>\n<meta property=\"og:url\" content=\"https:\/\/www.heldenhaushalt.de\/sari02\/index.php\/2016\/10\/07\/freitags5-5-tage-5-fotos-im-oktober-01\/\" \/>\n<meta property=\"og:site_name\" content=\"Heldenhaushalt\" \/>\n<meta property=\"article:published_time\" content=\"2016-10-07T10:54:32+00:00\" \/>\n<meta property=\"article:modified_time\" content=\"2016-10-11T09:51:56+00:00\" \/>\n<meta property=\"og:image\" content=\"https:\/\/www.heldenhaushalt.de\/sari02\/wp-content\/uploads\/2016\/10\/frkw41-05.jpg\" \/>\n\t<meta property=\"og:image:width\" content=\"1881\" \/>\n\t<meta property=\"og:image:height\" content=\"1881\" \/>\n\t<meta property=\"og:image:type\" content=\"image\/jpeg\" \/>\n<meta name=\"author\" content=\"Sari\" \/>\n<meta name=\"twitter:card\" content=\"summary_large_image\" \/>\n<meta name=\"twitter:creator\" content=\"@Heldenhaushalt\" \/>\n<meta name=\"twitter:site\" content=\"@Heldenhaushalt\" \/>\n<meta name=\"twitter:label1\" content=\"Verfasst von\" \/>\n\t<meta name=\"twitter:data1\" content=\"Sari\" \/>\n\t<meta name=\"twitter:label2\" content=\"Gesch\u00e4tzte Lesezeit\" \/>\n\t<meta name=\"twitter:data2\" content=\"2\u00a0Minuten\" \/>\n<script type=\"application\/ld+json\" class=\"yoast-schema-graph\">{\"@context\":\"https:\\\/\\\/schema.org\",\"@graph\":[{\"@type\":\"Article\",\"@id\":\"https:\\\/\\\/www.heldenhaushalt.de\\\/sari02\\\/index.php\\\/2016\\\/10\\\/07\\\/freitags5-5-tage-5-fotos-im-oktober-01\\\/#article\",\"isPartOf\":{\"@id\":\"https:\\\/\\\/www.heldenhaushalt.de\\\/sari02\\\/index.php\\\/2016\\\/10\\\/07\\\/freitags5-5-tage-5-fotos-im-oktober-01\\\/\"},\"author\":{\"name\":\"Sari\",\"@id\":\"https:\\\/\\\/www.heldenhaushalt.de\\\/sari02\\\/#\\\/schema\\\/person\\\/a1cc69f42a01f412eb62c151353814f6\"},\"headline\":\"#Freitags5 \u2013 5 Tage 5 Fotos im Oktober #01\",\"datePublished\":\"2016-10-07T10:54:32+00:00\",\"dateModified\":\"2016-10-11T09:51:56+00:00\",\"mainEntityOfPage\":{\"@id\":\"https:\\\/\\\/www.heldenhaushalt.de\\\/sari02\\\/index.php\\\/2016\\\/10\\\/07\\\/freitags5-5-tage-5-fotos-im-oktober-01\\\/\"},\"wordCount\":451,\"commentCount\":4,\"publisher\":{\"@id\":\"https:\\\/\\\/www.heldenhaushalt.de\\\/sari02\\\/#\\\/schema\\\/person\\\/a1cc69f42a01f412eb62c151353814f6\"},\"image\":{\"@id\":\"https:\\\/\\\/www.heldenhaushalt.de\\\/sari02\\\/index.php\\\/2016\\\/10\\\/07\\\/freitags5-5-tage-5-fotos-im-oktober-01\\\/#primaryimage\"},\"thumbnailUrl\":\"https:\\\/\\\/www.heldenhaushalt.de\\\/sari02\\\/wp-content\\\/uploads\\\/2016\\\/10\\\/frkw41-05.jpg\",\"keywords\":[\"#Freitags5\",\"#Freitagslieblinge\",\"Wochenr\u00fcckblick\"],\"articleSection\":[\"Alltagschaos\",\"Blogsph\u00e4re\"],\"inLanguage\":\"de\",\"potentialAction\":[{\"@type\":\"CommentAction\",\"name\":\"Comment\",\"target\":[\"https:\\\/\\\/www.heldenhaushalt.de\\\/sari02\\\/index.php\\\/2016\\\/10\\\/07\\\/freitags5-5-tage-5-fotos-im-oktober-01\\\/#respond\"]}]},{\"@type\":\"WebPage\",\"@id\":\"https:\\\/\\\/www.heldenhaushalt.de\\\/sari02\\\/index.php\\\/2016\\\/10\\\/07\\\/freitags5-5-tage-5-fotos-im-oktober-01\\\/\",\"url\":\"https:\\\/\\\/www.heldenhaushalt.de\\\/sari02\\\/index.php\\\/2016\\\/10\\\/07\\\/freitags5-5-tage-5-fotos-im-oktober-01\\\/\",\"name\":\"#Freitags5 \u2013 5 Tage 5 Fotos im Oktober #01 - Heldenhaushalt\",\"isPartOf\":{\"@id\":\"https:\\\/\\\/www.heldenhaushalt.de\\\/sari02\\\/#website\"},\"primaryImageOfPage\":{\"@id\":\"https:\\\/\\\/www.heldenhaushalt.de\\\/sari02\\\/index.php\\\/2016\\\/10\\\/07\\\/freitags5-5-tage-5-fotos-im-oktober-01\\\/#primaryimage\"},\"image\":{\"@id\":\"https:\\\/\\\/www.heldenhaushalt.de\\\/sari02\\\/index.php\\\/2016\\\/10\\\/07\\\/freitags5-5-tage-5-fotos-im-oktober-01\\\/#primaryimage\"},\"thumbnailUrl\":\"https:\\\/\\\/www.heldenhaushalt.de\\\/sari02\\\/wp-content\\\/uploads\\\/2016\\\/10\\\/frkw41-05.jpg\",\"datePublished\":\"2016-10-07T10:54:32+00:00\",\"dateModified\":\"2016-10-11T09:51:56+00:00\",\"description\":\"Ich bin ja soooooooooooooooooooooo m\u00fc\u00fc\u00fc\u00fcde. Kennt Ihr das? - Meine #Freitags5 #Freitagslieblinge in der KW41\",\"breadcrumb\":{\"@id\":\"https:\\\/\\\/www.heldenhaushalt.de\\\/sari02\\\/index.php\\\/2016\\\/10\\\/07\\\/freitags5-5-tage-5-fotos-im-oktober-01\\\/#breadcrumb\"},\"inLanguage\":\"de\",\"potentialAction\":[{\"@type\":\"ReadAction\",\"target\":[\"https:\\\/\\\/www.heldenhaushalt.de\\\/sari02\\\/index.php\\\/2016\\\/10\\\/07\\\/freitags5-5-tage-5-fotos-im-oktober-01\\\/\"]}]},{\"@type\":\"ImageObject\",\"inLanguage\":\"de\",\"@id\":\"https:\\\/\\\/www.heldenhaushalt.de\\\/sari02\\\/index.php\\\/2016\\\/10\\\/07\\\/freitags5-5-tage-5-fotos-im-oktober-01\\\/#primaryimage\",\"url\":\"https:\\\/\\\/www.heldenhaushalt.de\\\/sari02\\\/wp-content\\\/uploads\\\/2016\\\/10\\\/frkw41-05.jpg\",\"contentUrl\":\"https:\\\/\\\/www.heldenhaushalt.de\\\/sari02\\\/wp-content\\\/uploads\\\/2016\\\/10\\\/frkw41-05.jpg\",\"width\":1881,\"height\":1881},{\"@type\":\"BreadcrumbList\",\"@id\":\"https:\\\/\\\/www.heldenhaushalt.de\\\/sari02\\\/index.php\\\/2016\\\/10\\\/07\\\/freitags5-5-tage-5-fotos-im-oktober-01\\\/#breadcrumb\",\"itemListElement\":[{\"@type\":\"ListItem\",\"position\":1,\"name\":\"Startseite\",\"item\":\"https:\\\/\\\/www.heldenhaushalt.de\\\/sari02\\\/\"},{\"@type\":\"ListItem\",\"position\":2,\"name\":\"#Freitags5 \u2013 5 Tage 5 Fotos im Oktober #01\"}]},{\"@type\":\"WebSite\",\"@id\":\"https:\\\/\\\/www.heldenhaushalt.de\\\/sari02\\\/#website\",\"url\":\"https:\\\/\\\/www.heldenhaushalt.de\\\/sari02\\\/\",\"name\":\"Heldenhaushalt\",\"description\":\"Wer es ordentlich haben will, der muss vorher anrufen\",\"publisher\":{\"@id\":\"https:\\\/\\\/www.heldenhaushalt.de\\\/sari02\\\/#\\\/schema\\\/person\\\/a1cc69f42a01f412eb62c151353814f6\"},\"potentialAction\":[{\"@type\":\"SearchAction\",\"target\":{\"@type\":\"EntryPoint\",\"urlTemplate\":\"https:\\\/\\\/www.heldenhaushalt.de\\\/sari02\\\/?s={search_term_string}\"},\"query-input\":{\"@type\":\"PropertyValueSpecification\",\"valueRequired\":true,\"valueName\":\"search_term_string\"}}],\"inLanguage\":\"de\"},{\"@type\":[\"Person\",\"Organization\"],\"@id\":\"https:\\\/\\\/www.heldenhaushalt.de\\\/sari02\\\/#\\\/schema\\\/person\\\/a1cc69f42a01f412eb62c151353814f6\",\"name\":\"Sari\",\"image\":{\"@type\":\"ImageObject\",\"inLanguage\":\"de\",\"@id\":\"https:\\\/\\\/www.heldenhaushalt.de\\\/sari02\\\/wp-content\\\/uploads\\\/2019\\\/02\\\/sari-april2018.png\",\"url\":\"https:\\\/\\\/www.heldenhaushalt.de\\\/sari02\\\/wp-content\\\/uploads\\\/2019\\\/02\\\/sari-april2018.png\",\"contentUrl\":\"https:\\\/\\\/www.heldenhaushalt.de\\\/sari02\\\/wp-content\\\/uploads\\\/2019\\\/02\\\/sari-april2018.png\",\"width\":500,\"height\":500,\"caption\":\"Sari\"},\"logo\":{\"@id\":\"https:\\\/\\\/www.heldenhaushalt.de\\\/sari02\\\/wp-content\\\/uploads\\\/2019\\\/02\\\/sari-april2018.png\"},\"description\":\"Frau Mondgras \u2013 Das bin ich, Sari. Gerne auch als Sari Mondgras bekannt und im Internet zu finden. 2-Fach-Mutter, Heldenehefrau, Kreativling, Harmonies\u00fcchtig und st\u00e4ndig auf der Suche nach Gl\u00fcck. Ich komme aus Berlin, bin hier aufgewachsen und lebe hier seit ich denken kann.\",\"sameAs\":[\"https:\\\/\\\/www.instagram.com\\\/heldenhaushalt\\\/\"],\"url\":\"https:\\\/\\\/www.heldenhaushalt.de\\\/sari02\\\/index.php\\\/author\\\/admin\\\/\"}]}<\/script>\n<!-- \/ Yoast SEO plugin. -->","yoast_head_json":{"title":"#Freitags5 \u2013 5 Tage 5 Fotos im Oktober #01 - Heldenhaushalt","description":"Ich bin ja soooooooooooooooooooooo m\u00fc\u00fc\u00fc\u00fcde. Kennt Ihr das? - Meine #Freitags5 #Freitagslieblinge in der KW41","robots":{"index":"index","follow":"follow","max-snippet":"max-snippet:-1","max-image-preview":"max-image-preview:large","max-video-preview":"max-video-preview:-1"},"canonical":"https:\/\/www.heldenhaushalt.de\/sari02\/index.php\/2016\/10\/07\/freitags5-5-tage-5-fotos-im-oktober-01\/","og_locale":"de_DE","og_type":"article","og_title":"#Freitags5 \u2013 5 Tage 5 Fotos im Oktober #01 - Heldenhaushalt","og_description":"Ich bin ja soooooooooooooooooooooo m\u00fc\u00fc\u00fc\u00fcde. Kennt Ihr das? - Meine #Freitags5 #Freitagslieblinge in der KW41","og_url":"https:\/\/www.heldenhaushalt.de\/sari02\/index.php\/2016\/10\/07\/freitags5-5-tage-5-fotos-im-oktober-01\/","og_site_name":"Heldenhaushalt","article_published_time":"2016-10-07T10:54:32+00:00","article_modified_time":"2016-10-11T09:51:56+00:00","og_image":[{"width":1881,"height":1881,"url":"https:\/\/www.heldenhaushalt.de\/sari02\/wp-content\/uploads\/2016\/10\/frkw41-05.jpg","type":"image\/jpeg"}],"author":"Sari","twitter_card":"summary_large_image","twitter_creator":"@Heldenhaushalt","twitter_site":"@Heldenhaushalt","twitter_misc":{"Verfasst von":"Sari","Gesch\u00e4tzte Lesezeit":"2\u00a0Minuten"},"schema":{"@context":"https:\/\/schema.org","@graph":[{"@type":"Article","@id":"https:\/\/www.heldenhaushalt.de\/sari02\/index.php\/2016\/10\/07\/freitags5-5-tage-5-fotos-im-oktober-01\/#article","isPartOf":{"@id":"https:\/\/www.heldenhaushalt.de\/sari02\/index.php\/2016\/10\/07\/freitags5-5-tage-5-fotos-im-oktober-01\/"},"author":{"name":"Sari","@id":"https:\/\/www.heldenhaushalt.de\/sari02\/#\/schema\/person\/a1cc69f42a01f412eb62c151353814f6"},"headline":"#Freitags5 \u2013 5 Tage 5 Fotos im Oktober #01","datePublished":"2016-10-07T10:54:32+00:00","dateModified":"2016-10-11T09:51:56+00:00","mainEntityOfPage":{"@id":"https:\/\/www.heldenhaushalt.de\/sari02\/index.php\/2016\/10\/07\/freitags5-5-tage-5-fotos-im-oktober-01\/"},"wordCount":451,"commentCount":4,"publisher":{"@id":"https:\/\/www.heldenhaushalt.de\/sari02\/#\/schema\/person\/a1cc69f42a01f412eb62c151353814f6"},"image":{"@id":"https:\/\/www.heldenhaushalt.de\/sari02\/index.php\/2016\/10\/07\/freitags5-5-tage-5-fotos-im-oktober-01\/#primaryimage"},"thumbnailUrl":"https:\/\/www.heldenhaushalt.de\/sari02\/wp-content\/uploads\/2016\/10\/frkw41-05.jpg","keywords":["#Freitags5","#Freitagslieblinge","Wochenr\u00fcckblick"],"articleSection":["Alltagschaos","Blogsph\u00e4re"],"inLanguage":"de","potentialAction":[{"@type":"CommentAction","name":"Comment","target":["https:\/\/www.heldenhaushalt.de\/sari02\/index.php\/2016\/10\/07\/freitags5-5-tage-5-fotos-im-oktober-01\/#respond"]}]},{"@type":"WebPage","@id":"https:\/\/www.heldenhaushalt.de\/sari02\/index.php\/2016\/10\/07\/freitags5-5-tage-5-fotos-im-oktober-01\/","url":"https:\/\/www.heldenhaushalt.de\/sari02\/index.php\/2016\/10\/07\/freitags5-5-tage-5-fotos-im-oktober-01\/","name":"#Freitags5 \u2013 5 Tage 5 Fotos im Oktober #01 - Heldenhaushalt","isPartOf":{"@id":"https:\/\/www.heldenhaushalt.de\/sari02\/#website"},"primaryImageOfPage":{"@id":"https:\/\/www.heldenhaushalt.de\/sari02\/index.php\/2016\/10\/07\/freitags5-5-tage-5-fotos-im-oktober-01\/#primaryimage"},"image":{"@id":"https:\/\/www.heldenhaushalt.de\/sari02\/index.php\/2016\/10\/07\/freitags5-5-tage-5-fotos-im-oktober-01\/#primaryimage"},"thumbnailUrl":"https:\/\/www.heldenhaushalt.de\/sari02\/wp-content\/uploads\/2016\/10\/frkw41-05.jpg","datePublished":"2016-10-07T10:54:32+00:00","dateModified":"2016-10-11T09:51:56+00:00","description":"Ich bin ja soooooooooooooooooooooo m\u00fc\u00fc\u00fc\u00fcde. Kennt Ihr das? - Meine #Freitags5 #Freitagslieblinge in der KW41","breadcrumb":{"@id":"https:\/\/www.heldenhaushalt.de\/sari02\/index.php\/2016\/10\/07\/freitags5-5-tage-5-fotos-im-oktober-01\/#breadcrumb"},"inLanguage":"de","potentialAction":[{"@type":"ReadAction","target":["https:\/\/www.heldenhaushalt.de\/sari02\/index.php\/2016\/10\/07\/freitags5-5-tage-5-fotos-im-oktober-01\/"]}]},{"@type":"ImageObject","inLanguage":"de","@id":"https:\/\/www.heldenhaushalt.de\/sari02\/index.php\/2016\/10\/07\/freitags5-5-tage-5-fotos-im-oktober-01\/#primaryimage","url":"https:\/\/www.heldenhaushalt.de\/sari02\/wp-content\/uploads\/2016\/10\/frkw41-05.jpg","contentUrl":"https:\/\/www.heldenhaushalt.de\/sari02\/wp-content\/uploads\/2016\/10\/frkw41-05.jpg","width":1881,"height":1881},{"@type":"BreadcrumbList","@id":"https:\/\/www.heldenhaushalt.de\/sari02\/index.php\/2016\/10\/07\/freitags5-5-tage-5-fotos-im-oktober-01\/#breadcrumb","itemListElement":[{"@type":"ListItem","position":1,"name":"Startseite","item":"https:\/\/www.heldenhaushalt.de\/sari02\/"},{"@type":"ListItem","position":2,"name":"#Freitags5 \u2013 5 Tage 5 Fotos im Oktober #01"}]},{"@type":"WebSite","@id":"https:\/\/www.heldenhaushalt.de\/sari02\/#website","url":"https:\/\/www.heldenhaushalt.de\/sari02\/","name":"Heldenhaushalt","description":"Wer es ordentlich haben will, der muss vorher anrufen","publisher":{"@id":"https:\/\/www.heldenhaushalt.de\/sari02\/#\/schema\/person\/a1cc69f42a01f412eb62c151353814f6"},"potentialAction":[{"@type":"SearchAction","target":{"@type":"EntryPoint","urlTemplate":"https:\/\/www.heldenhaushalt.de\/sari02\/?s={search_term_string}"},"query-input":{"@type":"PropertyValueSpecification","valueRequired":true,"valueName":"search_term_string"}}],"inLanguage":"de"},{"@type":["Person","Organization"],"@id":"https:\/\/www.heldenhaushalt.de\/sari02\/#\/schema\/person\/a1cc69f42a01f412eb62c151353814f6","name":"Sari","image":{"@type":"ImageObject","inLanguage":"de","@id":"https:\/\/www.heldenhaushalt.de\/sari02\/wp-content\/uploads\/2019\/02\/sari-april2018.png","url":"https:\/\/www.heldenhaushalt.de\/sari02\/wp-content\/uploads\/2019\/02\/sari-april2018.png","contentUrl":"https:\/\/www.heldenhaushalt.de\/sari02\/wp-content\/uploads\/2019\/02\/sari-april2018.png","width":500,"height":500,"caption":"Sari"},"logo":{"@id":"https:\/\/www.heldenhaushalt.de\/sari02\/wp-content\/uploads\/2019\/02\/sari-april2018.png"},"description":"Frau Mondgras \u2013 Das bin ich, Sari. Gerne auch als Sari Mondgras bekannt und im Internet zu finden. 2-Fach-Mutter, Heldenehefrau, Kreativling, Harmonies\u00fcchtig und st\u00e4ndig auf der Suche nach Gl\u00fcck. Ich komme aus Berlin, bin hier aufgewachsen und lebe hier seit ich denken kann.","sameAs":["https:\/\/www.instagram.com\/heldenhaushalt\/"],"url":"https:\/\/www.heldenhaushalt.de\/sari02\/index.php\/author\/admin\/"}]}},"views":4019,"_links":{"self":[{"href":"https:\/\/www.heldenhaushalt.de\/sari02\/index.php\/wp-json\/wp\/v2\/posts\/30582","targetHints":{"allow":["GET"]}}],"collection":[{"href":"https:\/\/www.heldenhaushalt.de\/sari02\/index.php\/wp-json\/wp\/v2\/posts"}],"about":[{"href":"https:\/\/www.heldenhaushalt.de\/sari02\/index.php\/wp-json\/wp\/v2\/types\/post"}],"author":[{"embeddable":true,"href":"https:\/\/www.heldenhaushalt.de\/sari02\/index.php\/wp-json\/wp\/v2\/users\/1"}],"replies":[{"embeddable":true,"href":"https:\/\/www.heldenhaushalt.de\/sari02\/index.php\/wp-json\/wp\/v2\/comments?post=30582"}],"version-history":[{"count":3,"href":"https:\/\/www.heldenhaushalt.de\/sari02\/index.php\/wp-json\/wp\/v2\/posts\/30582\/revisions"}],"predecessor-version":[{"id":30590,"href":"https:\/\/www.heldenhaushalt.de\/sari02\/index.php\/wp-json\/wp\/v2\/posts\/30582\/revisions\/30590"}],"wp:featuredmedia":[{"embeddable":true,"href":"https:\/\/www.heldenhaushalt.de\/sari02\/index.php\/wp-json\/wp\/v2\/media\/30589"}],"wp:attachment":[{"href":"https:\/\/www.heldenhaushalt.de\/sari02\/index.php\/wp-json\/wp\/v2\/media?parent=30582"}],"wp:term":[{"taxonomy":"category","embeddable":true,"href":"https:\/\/www.heldenhaushalt.de\/sari02\/index.php\/wp-json\/wp\/v2\/categories?post=30582"},{"taxonomy":"post_tag","embeddable":true,"href":"https:\/\/www.heldenhaushalt.de\/sari02\/index.php\/wp-json\/wp\/v2\/tags?post=30582"}],"curies":[{"name":"wp","href":"https:\/\/api.w.org\/{rel}","templated":true}]}}