{"id":30617,"date":"2016-10-14T10:00:00","date_gmt":"2016-10-14T08:00:00","guid":{"rendered":"http:\/\/www.heldenhaushalt.de\/sari02\/?p=30617"},"modified":"2016-10-14T12:36:11","modified_gmt":"2016-10-14T10:36:11","slug":"freitags5-5-tage-5-fotos-im-oktober-02","status":"publish","type":"post","link":"https:\/\/www.heldenhaushalt.de\/sari02\/index.php\/2016\/10\/14\/freitags5-5-tage-5-fotos-im-oktober-02\/","title":{"rendered":"#Freitags5 \u2013 5 Tage 5 Fotos im Oktober #02"},"content":{"rendered":"<p>Insgesamt war die Woche hier wohl eher weniger los. So ist das halt, wenn der Herbst sich von seiner eher schlechten Seite zeigt und alle Aktivit&#228;ten einen Schritt zur&#252;ck gehen, man mehr im Haus ist und das dunkle Wetter die Motivation etwas d&#228;mpft. Wir waren zwar diese Woche wieder fleissig beim Training, aber vorrangig sind wir alles ein wenig ruhiger angegangen&#8230;<\/p>\n<p style=\"text-align: center;\">***<\/p>\n<h2>Meine #Freitags5 #Freitagslieblinge in der KW42<\/h2>\n<p><img loading=\"lazy\" decoding=\"async\" class=\"size-full wp-image-30701 aligncenter\" src=\"http:\/\/www.heldenhaushalt.de\/sari02\/wp-content\/uploads\/2016\/10\/frkw42-03.jpg\" alt=\"#Freitags5\" width=\"800\" height=\"689\" srcset=\"https:\/\/www.heldenhaushalt.de\/sari02\/wp-content\/uploads\/2016\/10\/frkw42-03.jpg 800w, https:\/\/www.heldenhaushalt.de\/sari02\/wp-content\/uploads\/2016\/10\/frkw42-03-300x258.jpg 300w, https:\/\/www.heldenhaushalt.de\/sari02\/wp-content\/uploads\/2016\/10\/frkw42-03-768x661.jpg 768w, https:\/\/www.heldenhaushalt.de\/sari02\/wp-content\/uploads\/2016\/10\/frkw42-03-600x517.jpg 600w\" sizes=\"auto, (max-width: 800px) 100vw, 800px\" \/><\/p>\n<p><strong>Meine Lieblingslekt&#252;re der Woche \u2013 <\/strong>Ich hatte sehr viel Freude an dem Artikel von Johnny zum Thema &#8220;<a href=\"http:\/\/www.johnnyspapablog.de\/vaeter-sollten-mehr-vorlesen\/\" target=\"_blank\">V&#228;ter sollten ihren Kindern mehr vorlesen, oder?<\/a>&#8220;. Mir ist das Thema deshalb so wichtig, weil ich es als Kind sehr geliebt habe, wenn mein Vater mir vorlas. Es ist einfach etwas vollkommen anderes, als wenn es M&#252;tter tun. Ich finde eigentlich sogar, dass vor allem V&#228;ter vorlesen sollten. Sie haben einfach die richtige Stimme dazu ;). Aber das nur mal so am Rande.<strong><br \/>\n<\/strong><\/p>\n<p style=\"text-align: center;\">***<\/p>\n<p><img loading=\"lazy\" decoding=\"async\" class=\"size-full wp-image-30699 aligncenter\" src=\"http:\/\/www.heldenhaushalt.de\/sari02\/wp-content\/uploads\/2016\/10\/frkw42-01.jpg\" alt=\"#Freitags5\" width=\"800\" height=\"633\" srcset=\"https:\/\/www.heldenhaushalt.de\/sari02\/wp-content\/uploads\/2016\/10\/frkw42-01.jpg 800w, https:\/\/www.heldenhaushalt.de\/sari02\/wp-content\/uploads\/2016\/10\/frkw42-01-300x237.jpg 300w, https:\/\/www.heldenhaushalt.de\/sari02\/wp-content\/uploads\/2016\/10\/frkw42-01-768x608.jpg 768w, https:\/\/www.heldenhaushalt.de\/sari02\/wp-content\/uploads\/2016\/10\/frkw42-01-600x475.jpg 600w\" sizes=\"auto, (max-width: 800px) 100vw, 800px\" \/><\/p>\n<p><strong>Mein Lieblingsessen der Woche \u2013\u00a0 <\/strong>Jedes Mal, also wirklich JEDES Mal, wenn die <a href=\"http:\/\/www.princessattitude.de\" target=\"_blank\">Frankfurter<\/a> bei uns zu Besuch sind, kaufen wir extra wegen ihnen ein Glas Schoko-Aufstrich. Das versuche ich ja sonst so gut es geht zu vermeiden. Und jedes Mal. Also wirklich JEDES Mal, wenn sie wieder weg sind, bleibt da so ein halbes Glas &#252;brig. Mindestens. Der Miniheld freut sich immer sehr dar&#252;ber. Aber dadurch, dass er ja immer in der Kita fr&#252;hst&#252;ckt landet es auf wessen Brot?&#8230;.Genau *drop*.<strong><br \/>\n<\/strong><\/p>\n<p style=\"text-align: center;\">***<\/p>\n<p><img loading=\"lazy\" decoding=\"async\" class=\"size-full wp-image-30702 aligncenter\" src=\"http:\/\/www.heldenhaushalt.de\/sari02\/wp-content\/uploads\/2016\/10\/frkw42-04.jpg\" alt=\"#Freitags5\" width=\"800\" height=\"757\" srcset=\"https:\/\/www.heldenhaushalt.de\/sari02\/wp-content\/uploads\/2016\/10\/frkw42-04.jpg 800w, https:\/\/www.heldenhaushalt.de\/sari02\/wp-content\/uploads\/2016\/10\/frkw42-04-300x284.jpg 300w, https:\/\/www.heldenhaushalt.de\/sari02\/wp-content\/uploads\/2016\/10\/frkw42-04-768x727.jpg 768w, https:\/\/www.heldenhaushalt.de\/sari02\/wp-content\/uploads\/2016\/10\/frkw42-04-600x568.jpg 600w\" sizes=\"auto, (max-width: 800px) 100vw, 800px\" \/><\/p>\n<p><strong>Meinen Lieblingsmoment mit meinen Kindern<\/strong> \u2013 Ganz besonders viel Freude hatte ich am Donnerstag, als ich den Minihelden mit dem Heldenkind ganz besonders fr&#252;h aus der Kita abholte. Gemeinsam trafen wir uns dann mit dem Helden, der das Heldenkind &#252;bernahm. Der Miniheld und ich hatten dann den ganzen Nachmittag f&#252;r uns alleine. Das kommt so schon echt selten genug vor. Aber er war dann auch noch mit einem kleinen Highlight verpackt: Einem Kinobesuch. Der Miniheld hatte so viel Spa&#223; an dem Tag, hat viel gelacht und auf dem Heimweg wurde dann in der S-Bahn sogar ziemlich ungesund Abendbrot gegessen. Muss auch mal sein, nicht wahr?<\/p>\n<p style=\"text-align: center;\">***<\/p>\n<p><img loading=\"lazy\" decoding=\"async\" class=\"size-full wp-image-30703 aligncenter\" src=\"http:\/\/www.heldenhaushalt.de\/sari02\/wp-content\/uploads\/2016\/10\/frkw42-05.jpg\" alt=\"#Freitags5\" width=\"800\" height=\"576\" srcset=\"https:\/\/www.heldenhaushalt.de\/sari02\/wp-content\/uploads\/2016\/10\/frkw42-05.jpg 800w, https:\/\/www.heldenhaushalt.de\/sari02\/wp-content\/uploads\/2016\/10\/frkw42-05-300x216.jpg 300w, https:\/\/www.heldenhaushalt.de\/sari02\/wp-content\/uploads\/2016\/10\/frkw42-05-768x553.jpg 768w, https:\/\/www.heldenhaushalt.de\/sari02\/wp-content\/uploads\/2016\/10\/frkw42-05-600x432.jpg 600w\" sizes=\"auto, (max-width: 800px) 100vw, 800px\" \/><\/p>\n<p><strong>Meinen Lieblings-Mama-Moment nur f&#252;r mich<\/strong> \u2013 Ich hatte wenig Mama-Momente diese Woche. Irgendwie. der Blick war verkl&#228;rt, ich trug sogar seit Ewigkeiten mal wieder meine Brille. Und zwar nicht nur zum Lesen, sondern damit ich &#252;berhaupt etwas erkennen und den Kopfschmerz eind&#228;mmen konnte. Die Trage blieb diese Woche nahezu unber&#252;hrt, denn ich hatte starke R&#252;ckenschmerzen und Anzeichen einer Erk&#228;ltung. Jeden Morgen kam der Miniheld zu mir ans Bett, das Heldenkind kletterte schon auf mir herum: &#8220;Mama, m&#252;ssen wir aufstehen?&#8221;. Ein Blick auf die Uhr und jeden Morgen das selbe: &#8220;Oh weia, wir m&#252;ssen uns schnell fertig machen und los, sonst verpasst du dein Fr&#252;hst&#252;ck.&#8221; Und so lagen wir nur kurze Augenblicke zu dritt im Bett, genossen das kurze Beisammen sein um dann los zu hetzen&#8230;<\/p>\n<p style=\"text-align: center;\">***<\/p>\n<p><img loading=\"lazy\" decoding=\"async\" class=\"size-full wp-image-30700 aligncenter\" src=\"http:\/\/www.heldenhaushalt.de\/sari02\/wp-content\/uploads\/2016\/10\/frkw42-02.jpg\" alt=\"#Freitags5\" width=\"800\" height=\"741\" srcset=\"https:\/\/www.heldenhaushalt.de\/sari02\/wp-content\/uploads\/2016\/10\/frkw42-02.jpg 800w, https:\/\/www.heldenhaushalt.de\/sari02\/wp-content\/uploads\/2016\/10\/frkw42-02-300x278.jpg 300w, https:\/\/www.heldenhaushalt.de\/sari02\/wp-content\/uploads\/2016\/10\/frkw42-02-768x711.jpg 768w, https:\/\/www.heldenhaushalt.de\/sari02\/wp-content\/uploads\/2016\/10\/frkw42-02-600x556.jpg 600w\" sizes=\"auto, (max-width: 800px) 100vw, 800px\" \/><\/p>\n<p><strong>Meine Lieblings-Inspiration der Woche \u2013 <\/strong>Kennt Ihr Pitti-Platsch und Schnatterinchen? Ich habe im Internet ein unglaublich s&#252;&#223;es Pitti Platsch aus Kastanien entdeckt. Vielleicht schaffen wir es ja auch endlich mal unsere gef&#252;hlten 1000 Kastanien zu verbasteln. Ein Pitti Platsch vielleicht nicht, aber geplat ist eine ganz lange Kette f&#252;r den Schuppen und eine Schlange. Vielleicht zeigen wir Euch ja n&#228;chste Woche mal, wie man die macht. Auch sehenswert diese Woche: <a href=\"http:\/\/www.puppenzimmer.com\/2016\/10\/diy-klemmbrett-mit-stoff-uberzogen.html\" target=\"_blank\">DIY KLemmbrett mit Stoff &#252;berzogen <\/a>&#8211; <a href=\"https:\/\/www.mamahoch2.de\/2016\/10\/schnelle-bastelideen-fuer-die-laterne-ich-geh-mit-meiner-laterne.html\" target=\"_blank\">3 schnelle Bastelideen f&#252;r Laternen <\/a>&#8211;\u00a0 <a href=\"http:\/\/geborgen-wachsen.de\/2016\/10\/04\/herbstbuecher-fuer-kinder\/\" target=\"_blank\">Herbstb&#252;cher f&#252;r Kinder<\/a> &#8211; <a href=\"http:\/\/www.vanni-vanilla.de\/2016\/10\/07\/kuechenwunder-stracciatella-sauerkirschkuchen\/\" target=\"_blank\">Straciatella Sauerkirschkuchen <\/a>&#8211; <a href=\"http:\/\/butterflyfish.de\/diy-mr-moon-lampe-selbstgemacht\/?utm_source=bloglovin.com&amp;utm_medium=feed&amp;utm_campaign=Feed%3A+butterflyfishblog+%28Butterflyfish%29\" target=\"_blank\">DIY Mr Moon Lampe in 10 Minuten<\/a><strong><br \/>\n<\/strong><\/p>\n<p style=\"text-align: center;\">***<\/p>\n<p>Das Wochenende soll wohl weiterhin nass bleiben, also mal sehen, was uns so erwartet. Ich hoffe ja seit Tagen auf ein leckeres Gulasch mit Sp&#228;tzle. Schon ewig nicht mehr gehabt. Au&#223;erdem steht am Sonntag wieder ein Turnier an. Hoffen wir mal, dass wir alle fit daf&#252;r sind&#8230; Mehr tolle Freitagsbilder findet Ihr wie immer bei <a href=\"http:\/\/berlinmittemom.com\/tag\/freitagslieblinge\/\" target=\"_blank\">BerlinMitteMom<\/a>!<\/p>\n<p><img loading=\"lazy\" decoding=\"async\" class=\" size-full wp-image-24841 alignright\" src=\"https:\/\/www.heldenhaushalt.de \/sari02\/wp-content\/uploads\/2015\/01\/sari-unter.jpg?resize=130%2C59\" alt=\"sari-unter\" width=\"130\" height=\"59\" \/><\/p>\n","protected":false},"excerpt":{"rendered":"<p>Insgesamt war die Woche hier wohl eher weniger los. So ist das halt, wenn der Herbst sich von seiner eher schlechten Seite zeigt und alle Aktivit&#228;ten einen Schritt zur&#252;ck gehen, man mehr im Haus ist und das dunkle Wetter die Motivation etwas d&#228;mpft. Wir waren zwar diese Woche wieder fleissig beim Training, aber vorrangig sind wir alles ein wenig ruhiger angegangen&#8230; *** Meine #Freitags5 #Freitagslieblinge in der KW42 Meine Lieblingslekt&#252;re der Woche \u2013 Ich hatte sehr viel Freude an dem Artikel von Johnny zum Thema &#8220;V&#228;ter sollten ihren Kindern mehr vorlesen, oder?&#8220;. Mir ist das Thema deshalb so wichtig, weil ich es als Kind sehr geliebt habe, wenn mein Vater mir vorlas. Es ist einfach etwas vollkommen anderes, als wenn es M&#252;tter tun. Ich finde eigentlich sogar, dass vor allem V&#228;ter vorlesen sollten. Sie haben einfach die richtige Stimme dazu ;). Aber das nur mal so am Rande. *** Mein Lieblingsessen der Woche \u2013\u00a0 Jedes Mal, also wirklich JEDES Mal, wenn die Frankfurter bei uns zu Besuch sind, kaufen wir extra wegen ihnen ein Glas Schoko-Aufstrich. Das versuche ich ja sonst so gut es geht zu vermeiden. Und jedes Mal. Also wirklich JEDES Mal, wenn sie wieder weg sind, bleibt da so ein halbes Glas &#252;brig. Mindestens. Der Miniheld freut sich immer sehr dar&#252;ber. Aber dadurch, dass er ja immer in der Kita fr&#252;hst&#252;ckt landet es auf wessen Brot?&#8230;.Genau *drop*. *** Meinen Lieblingsmoment mit meinen Kindern \u2013 Ganz besonders viel Freude hatte ich am Donnerstag, als ich den Minihelden mit dem Heldenkind ganz besonders fr&#252;h aus der Kita abholte. Gemeinsam trafen wir uns dann mit dem Helden, der das Heldenkind &#252;bernahm. Der Miniheld und ich hatten dann den ganzen Nachmittag f&#252;r uns alleine. Das kommt so schon echt selten genug vor. Aber er war dann auch noch mit einem kleinen Highlight verpackt: Einem Kinobesuch. Der Miniheld hatte so viel Spa&#223; an dem Tag, hat viel gelacht und auf dem Heimweg wurde dann in der S-Bahn sogar ziemlich ungesund Abendbrot gegessen. Muss auch mal sein, nicht wahr? *** Meinen Lieblings-Mama-Moment nur f&#252;r mich \u2013 Ich hatte wenig Mama-Momente diese Woche. Irgendwie. der Blick war verkl&#228;rt, ich trug sogar seit Ewigkeiten mal wieder meine Brille. Und zwar nicht nur zum Lesen, sondern damit ich &#252;berhaupt etwas erkennen und den Kopfschmerz eind&#228;mmen konnte. Die Trage blieb diese Woche nahezu unber&#252;hrt, denn ich hatte starke R&#252;ckenschmerzen und Anzeichen einer Erk&#228;ltung. Jeden Morgen kam der Miniheld zu mir ans Bett, das Heldenkind kletterte schon auf mir herum: &#8220;Mama, m&#252;ssen wir aufstehen?&#8221;. Ein Blick auf die Uhr und jeden Morgen das selbe: &#8220;Oh weia, wir m&#252;ssen uns schnell fertig machen und los, sonst verpasst du dein Fr&#252;hst&#252;ck.&#8221; Und so lagen wir nur kurze Augenblicke zu dritt im Bett, genossen das kurze Beisammen sein um dann los zu hetzen&#8230; *** Meine Lieblings-Inspiration der Woche \u2013 Kennt Ihr Pitti-Platsch und Schnatterinchen? Ich habe im Internet ein unglaublich s&#252;&#223;es Pitti Platsch aus Kastanien entdeckt. Vielleicht schaffen wir es ja auch endlich mal unsere gef&#252;hlten 1000 Kastanien zu verbasteln. Ein Pitti Platsch vielleicht nicht, aber geplat ist eine ganz lange Kette f&#252;r den Schuppen und eine Schlange. Vielleicht zeigen wir Euch ja n&#228;chste Woche mal, wie man die macht. Auch sehenswert diese Woche: DIY KLemmbrett mit Stoff &#252;berzogen &#8211; 3 schnelle Bastelideen f&#252;r Laternen &#8211;\u00a0 Herbstb&#252;cher f&#252;r Kinder &#8211; Straciatella Sauerkirschkuchen &#8211; DIY Mr Moon Lampe in 10 Minuten *** Das Wochenende soll wohl weiterhin nass bleiben, also mal sehen, was uns so erwartet. Ich hoffe ja seit Tagen auf ein leckeres Gulasch mit Sp&#228;tzle. Schon ewig nicht mehr gehabt. Au&#223;erdem steht am Sonntag wieder ein Turnier an. Hoffen wir mal, dass wir alle fit daf&#252;r sind&#8230; Mehr tolle Freitagsbilder findet Ihr wie immer bei BerlinMitteMom!<\/p>\n","protected":false},"author":1,"featured_media":30702,"comment_status":"open","ping_status":"open","sticky":false,"template":"","format":"standard","meta":{"ngg_post_thumbnail":0,"footnotes":""},"categories":[323,49],"tags":[780,781,45,199],"class_list":["post-30617","post","type-post","status-publish","format-standard","has-post-thumbnail","hentry","category-alltag","category-blogspaehre","tag-freitags5","tag-freitagslieblinge","tag-alltag","tag-rueckblick"],"yoast_head":"<!-- This site is optimized with the Yoast SEO plugin v27.4 - https:\/\/yoast.com\/product\/yoast-seo-wordpress\/ -->\n<title>#Freitags5 \u2013 5 Tage 5 Fotos im Oktober #02 - Heldenhaushalt<\/title>\n<meta name=\"description\" content=\"Meine #Freitags5 #Freitagslieblinge in der KW42 - Insgesamt war die Woche hier wohl eher weniger los, aussser Krankenlager und Regen.\" \/>\n<meta name=\"robots\" content=\"index, follow, max-snippet:-1, max-image-preview:large, max-video-preview:-1\" \/>\n<link rel=\"canonical\" href=\"https:\/\/www.heldenhaushalt.de\/sari02\/index.php\/2016\/10\/14\/freitags5-5-tage-5-fotos-im-oktober-02\/\" \/>\n<meta property=\"og:locale\" content=\"de_DE\" \/>\n<meta property=\"og:type\" content=\"article\" \/>\n<meta property=\"og:title\" content=\"#Freitags5 \u2013 5 Tage 5 Fotos im Oktober #02 - Heldenhaushalt\" \/>\n<meta property=\"og:description\" content=\"Meine #Freitags5 #Freitagslieblinge in der KW42 - Insgesamt war die Woche hier wohl eher weniger los, aussser Krankenlager und Regen.\" \/>\n<meta property=\"og:url\" content=\"https:\/\/www.heldenhaushalt.de\/sari02\/index.php\/2016\/10\/14\/freitags5-5-tage-5-fotos-im-oktober-02\/\" \/>\n<meta property=\"og:site_name\" content=\"Heldenhaushalt\" \/>\n<meta property=\"article:published_time\" content=\"2016-10-14T08:00:00+00:00\" \/>\n<meta property=\"article:modified_time\" content=\"2016-10-14T10:36:11+00:00\" \/>\n<meta property=\"og:image\" content=\"https:\/\/www.heldenhaushalt.de\/sari02\/wp-content\/uploads\/2016\/10\/frkw42-04.jpg\" \/>\n\t<meta property=\"og:image:width\" content=\"800\" \/>\n\t<meta property=\"og:image:height\" content=\"757\" \/>\n\t<meta property=\"og:image:type\" content=\"image\/jpeg\" \/>\n<meta name=\"author\" content=\"Sari\" \/>\n<meta name=\"twitter:card\" content=\"summary_large_image\" \/>\n<meta name=\"twitter:creator\" content=\"@Heldenhaushalt\" \/>\n<meta name=\"twitter:site\" content=\"@Heldenhaushalt\" \/>\n<meta name=\"twitter:label1\" content=\"Verfasst von\" \/>\n\t<meta name=\"twitter:data1\" content=\"Sari\" \/>\n\t<meta name=\"twitter:label2\" content=\"Gesch\u00e4tzte Lesezeit\" \/>\n\t<meta name=\"twitter:data2\" content=\"3\u00a0Minuten\" \/>\n<script type=\"application\/ld+json\" class=\"yoast-schema-graph\">{\"@context\":\"https:\\\/\\\/schema.org\",\"@graph\":[{\"@type\":\"Article\",\"@id\":\"https:\\\/\\\/www.heldenhaushalt.de\\\/sari02\\\/index.php\\\/2016\\\/10\\\/14\\\/freitags5-5-tage-5-fotos-im-oktober-02\\\/#article\",\"isPartOf\":{\"@id\":\"https:\\\/\\\/www.heldenhaushalt.de\\\/sari02\\\/index.php\\\/2016\\\/10\\\/14\\\/freitags5-5-tage-5-fotos-im-oktober-02\\\/\"},\"author\":{\"name\":\"Sari\",\"@id\":\"https:\\\/\\\/www.heldenhaushalt.de\\\/sari02\\\/#\\\/schema\\\/person\\\/a1cc69f42a01f412eb62c151353814f6\"},\"headline\":\"#Freitags5 \u2013 5 Tage 5 Fotos im Oktober #02\",\"datePublished\":\"2016-10-14T08:00:00+00:00\",\"dateModified\":\"2016-10-14T10:36:11+00:00\",\"mainEntityOfPage\":{\"@id\":\"https:\\\/\\\/www.heldenhaushalt.de\\\/sari02\\\/index.php\\\/2016\\\/10\\\/14\\\/freitags5-5-tage-5-fotos-im-oktober-02\\\/\"},\"wordCount\":639,\"commentCount\":0,\"publisher\":{\"@id\":\"https:\\\/\\\/www.heldenhaushalt.de\\\/sari02\\\/#\\\/schema\\\/person\\\/a1cc69f42a01f412eb62c151353814f6\"},\"image\":{\"@id\":\"https:\\\/\\\/www.heldenhaushalt.de\\\/sari02\\\/index.php\\\/2016\\\/10\\\/14\\\/freitags5-5-tage-5-fotos-im-oktober-02\\\/#primaryimage\"},\"thumbnailUrl\":\"https:\\\/\\\/www.heldenhaushalt.de\\\/sari02\\\/wp-content\\\/uploads\\\/2016\\\/10\\\/frkw42-04.jpg\",\"keywords\":[\"#Freitags5\",\"#Freitagslieblinge\",\"Allt\u00e4glich\",\"R\u00fcckblick\"],\"articleSection\":[\"Alltagschaos\",\"Blogsph\u00e4re\"],\"inLanguage\":\"de\",\"potentialAction\":[{\"@type\":\"CommentAction\",\"name\":\"Comment\",\"target\":[\"https:\\\/\\\/www.heldenhaushalt.de\\\/sari02\\\/index.php\\\/2016\\\/10\\\/14\\\/freitags5-5-tage-5-fotos-im-oktober-02\\\/#respond\"]}]},{\"@type\":\"WebPage\",\"@id\":\"https:\\\/\\\/www.heldenhaushalt.de\\\/sari02\\\/index.php\\\/2016\\\/10\\\/14\\\/freitags5-5-tage-5-fotos-im-oktober-02\\\/\",\"url\":\"https:\\\/\\\/www.heldenhaushalt.de\\\/sari02\\\/index.php\\\/2016\\\/10\\\/14\\\/freitags5-5-tage-5-fotos-im-oktober-02\\\/\",\"name\":\"#Freitags5 \u2013 5 Tage 5 Fotos im Oktober #02 - Heldenhaushalt\",\"isPartOf\":{\"@id\":\"https:\\\/\\\/www.heldenhaushalt.de\\\/sari02\\\/#website\"},\"primaryImageOfPage\":{\"@id\":\"https:\\\/\\\/www.heldenhaushalt.de\\\/sari02\\\/index.php\\\/2016\\\/10\\\/14\\\/freitags5-5-tage-5-fotos-im-oktober-02\\\/#primaryimage\"},\"image\":{\"@id\":\"https:\\\/\\\/www.heldenhaushalt.de\\\/sari02\\\/index.php\\\/2016\\\/10\\\/14\\\/freitags5-5-tage-5-fotos-im-oktober-02\\\/#primaryimage\"},\"thumbnailUrl\":\"https:\\\/\\\/www.heldenhaushalt.de\\\/sari02\\\/wp-content\\\/uploads\\\/2016\\\/10\\\/frkw42-04.jpg\",\"datePublished\":\"2016-10-14T08:00:00+00:00\",\"dateModified\":\"2016-10-14T10:36:11+00:00\",\"description\":\"Meine #Freitags5 #Freitagslieblinge in der KW42 - Insgesamt war die Woche hier wohl eher weniger los, aussser Krankenlager und Regen.\",\"breadcrumb\":{\"@id\":\"https:\\\/\\\/www.heldenhaushalt.de\\\/sari02\\\/index.php\\\/2016\\\/10\\\/14\\\/freitags5-5-tage-5-fotos-im-oktober-02\\\/#breadcrumb\"},\"inLanguage\":\"de\",\"potentialAction\":[{\"@type\":\"ReadAction\",\"target\":[\"https:\\\/\\\/www.heldenhaushalt.de\\\/sari02\\\/index.php\\\/2016\\\/10\\\/14\\\/freitags5-5-tage-5-fotos-im-oktober-02\\\/\"]}]},{\"@type\":\"ImageObject\",\"inLanguage\":\"de\",\"@id\":\"https:\\\/\\\/www.heldenhaushalt.de\\\/sari02\\\/index.php\\\/2016\\\/10\\\/14\\\/freitags5-5-tage-5-fotos-im-oktober-02\\\/#primaryimage\",\"url\":\"https:\\\/\\\/www.heldenhaushalt.de\\\/sari02\\\/wp-content\\\/uploads\\\/2016\\\/10\\\/frkw42-04.jpg\",\"contentUrl\":\"https:\\\/\\\/www.heldenhaushalt.de\\\/sari02\\\/wp-content\\\/uploads\\\/2016\\\/10\\\/frkw42-04.jpg\",\"width\":800,\"height\":757},{\"@type\":\"BreadcrumbList\",\"@id\":\"https:\\\/\\\/www.heldenhaushalt.de\\\/sari02\\\/index.php\\\/2016\\\/10\\\/14\\\/freitags5-5-tage-5-fotos-im-oktober-02\\\/#breadcrumb\",\"itemListElement\":[{\"@type\":\"ListItem\",\"position\":1,\"name\":\"Startseite\",\"item\":\"https:\\\/\\\/www.heldenhaushalt.de\\\/sari02\\\/\"},{\"@type\":\"ListItem\",\"position\":2,\"name\":\"#Freitags5 \u2013 5 Tage 5 Fotos im Oktober #02\"}]},{\"@type\":\"WebSite\",\"@id\":\"https:\\\/\\\/www.heldenhaushalt.de\\\/sari02\\\/#website\",\"url\":\"https:\\\/\\\/www.heldenhaushalt.de\\\/sari02\\\/\",\"name\":\"Heldenhaushalt\",\"description\":\"Wer es ordentlich haben will, der muss vorher anrufen\",\"publisher\":{\"@id\":\"https:\\\/\\\/www.heldenhaushalt.de\\\/sari02\\\/#\\\/schema\\\/person\\\/a1cc69f42a01f412eb62c151353814f6\"},\"potentialAction\":[{\"@type\":\"SearchAction\",\"target\":{\"@type\":\"EntryPoint\",\"urlTemplate\":\"https:\\\/\\\/www.heldenhaushalt.de\\\/sari02\\\/?s={search_term_string}\"},\"query-input\":{\"@type\":\"PropertyValueSpecification\",\"valueRequired\":true,\"valueName\":\"search_term_string\"}}],\"inLanguage\":\"de\"},{\"@type\":[\"Person\",\"Organization\"],\"@id\":\"https:\\\/\\\/www.heldenhaushalt.de\\\/sari02\\\/#\\\/schema\\\/person\\\/a1cc69f42a01f412eb62c151353814f6\",\"name\":\"Sari\",\"image\":{\"@type\":\"ImageObject\",\"inLanguage\":\"de\",\"@id\":\"https:\\\/\\\/www.heldenhaushalt.de\\\/sari02\\\/wp-content\\\/uploads\\\/2019\\\/02\\\/sari-april2018.png\",\"url\":\"https:\\\/\\\/www.heldenhaushalt.de\\\/sari02\\\/wp-content\\\/uploads\\\/2019\\\/02\\\/sari-april2018.png\",\"contentUrl\":\"https:\\\/\\\/www.heldenhaushalt.de\\\/sari02\\\/wp-content\\\/uploads\\\/2019\\\/02\\\/sari-april2018.png\",\"width\":500,\"height\":500,\"caption\":\"Sari\"},\"logo\":{\"@id\":\"https:\\\/\\\/www.heldenhaushalt.de\\\/sari02\\\/wp-content\\\/uploads\\\/2019\\\/02\\\/sari-april2018.png\"},\"description\":\"Frau Mondgras \u2013 Das bin ich, Sari. Gerne auch als Sari Mondgras bekannt und im Internet zu finden. 2-Fach-Mutter, Heldenehefrau, Kreativling, Harmonies\u00fcchtig und st\u00e4ndig auf der Suche nach Gl\u00fcck. Ich komme aus Berlin, bin hier aufgewachsen und lebe hier seit ich denken kann.\",\"sameAs\":[\"https:\\\/\\\/www.instagram.com\\\/heldenhaushalt\\\/\"],\"url\":\"https:\\\/\\\/www.heldenhaushalt.de\\\/sari02\\\/index.php\\\/author\\\/admin\\\/\"}]}<\/script>\n<!-- \/ Yoast SEO plugin. -->","yoast_head_json":{"title":"#Freitags5 \u2013 5 Tage 5 Fotos im Oktober #02 - Heldenhaushalt","description":"Meine #Freitags5 #Freitagslieblinge in der KW42 - Insgesamt war die Woche hier wohl eher weniger los, aussser Krankenlager und Regen.","robots":{"index":"index","follow":"follow","max-snippet":"max-snippet:-1","max-image-preview":"max-image-preview:large","max-video-preview":"max-video-preview:-1"},"canonical":"https:\/\/www.heldenhaushalt.de\/sari02\/index.php\/2016\/10\/14\/freitags5-5-tage-5-fotos-im-oktober-02\/","og_locale":"de_DE","og_type":"article","og_title":"#Freitags5 \u2013 5 Tage 5 Fotos im Oktober #02 - Heldenhaushalt","og_description":"Meine #Freitags5 #Freitagslieblinge in der KW42 - Insgesamt war die Woche hier wohl eher weniger los, aussser Krankenlager und Regen.","og_url":"https:\/\/www.heldenhaushalt.de\/sari02\/index.php\/2016\/10\/14\/freitags5-5-tage-5-fotos-im-oktober-02\/","og_site_name":"Heldenhaushalt","article_published_time":"2016-10-14T08:00:00+00:00","article_modified_time":"2016-10-14T10:36:11+00:00","og_image":[{"width":800,"height":757,"url":"https:\/\/www.heldenhaushalt.de\/sari02\/wp-content\/uploads\/2016\/10\/frkw42-04.jpg","type":"image\/jpeg"}],"author":"Sari","twitter_card":"summary_large_image","twitter_creator":"@Heldenhaushalt","twitter_site":"@Heldenhaushalt","twitter_misc":{"Verfasst von":"Sari","Gesch\u00e4tzte Lesezeit":"3\u00a0Minuten"},"schema":{"@context":"https:\/\/schema.org","@graph":[{"@type":"Article","@id":"https:\/\/www.heldenhaushalt.de\/sari02\/index.php\/2016\/10\/14\/freitags5-5-tage-5-fotos-im-oktober-02\/#article","isPartOf":{"@id":"https:\/\/www.heldenhaushalt.de\/sari02\/index.php\/2016\/10\/14\/freitags5-5-tage-5-fotos-im-oktober-02\/"},"author":{"name":"Sari","@id":"https:\/\/www.heldenhaushalt.de\/sari02\/#\/schema\/person\/a1cc69f42a01f412eb62c151353814f6"},"headline":"#Freitags5 \u2013 5 Tage 5 Fotos im Oktober #02","datePublished":"2016-10-14T08:00:00+00:00","dateModified":"2016-10-14T10:36:11+00:00","mainEntityOfPage":{"@id":"https:\/\/www.heldenhaushalt.de\/sari02\/index.php\/2016\/10\/14\/freitags5-5-tage-5-fotos-im-oktober-02\/"},"wordCount":639,"commentCount":0,"publisher":{"@id":"https:\/\/www.heldenhaushalt.de\/sari02\/#\/schema\/person\/a1cc69f42a01f412eb62c151353814f6"},"image":{"@id":"https:\/\/www.heldenhaushalt.de\/sari02\/index.php\/2016\/10\/14\/freitags5-5-tage-5-fotos-im-oktober-02\/#primaryimage"},"thumbnailUrl":"https:\/\/www.heldenhaushalt.de\/sari02\/wp-content\/uploads\/2016\/10\/frkw42-04.jpg","keywords":["#Freitags5","#Freitagslieblinge","Allt\u00e4glich","R\u00fcckblick"],"articleSection":["Alltagschaos","Blogsph\u00e4re"],"inLanguage":"de","potentialAction":[{"@type":"CommentAction","name":"Comment","target":["https:\/\/www.heldenhaushalt.de\/sari02\/index.php\/2016\/10\/14\/freitags5-5-tage-5-fotos-im-oktober-02\/#respond"]}]},{"@type":"WebPage","@id":"https:\/\/www.heldenhaushalt.de\/sari02\/index.php\/2016\/10\/14\/freitags5-5-tage-5-fotos-im-oktober-02\/","url":"https:\/\/www.heldenhaushalt.de\/sari02\/index.php\/2016\/10\/14\/freitags5-5-tage-5-fotos-im-oktober-02\/","name":"#Freitags5 \u2013 5 Tage 5 Fotos im Oktober #02 - Heldenhaushalt","isPartOf":{"@id":"https:\/\/www.heldenhaushalt.de\/sari02\/#website"},"primaryImageOfPage":{"@id":"https:\/\/www.heldenhaushalt.de\/sari02\/index.php\/2016\/10\/14\/freitags5-5-tage-5-fotos-im-oktober-02\/#primaryimage"},"image":{"@id":"https:\/\/www.heldenhaushalt.de\/sari02\/index.php\/2016\/10\/14\/freitags5-5-tage-5-fotos-im-oktober-02\/#primaryimage"},"thumbnailUrl":"https:\/\/www.heldenhaushalt.de\/sari02\/wp-content\/uploads\/2016\/10\/frkw42-04.jpg","datePublished":"2016-10-14T08:00:00+00:00","dateModified":"2016-10-14T10:36:11+00:00","description":"Meine #Freitags5 #Freitagslieblinge in der KW42 - Insgesamt war die Woche hier wohl eher weniger los, aussser Krankenlager und Regen.","breadcrumb":{"@id":"https:\/\/www.heldenhaushalt.de\/sari02\/index.php\/2016\/10\/14\/freitags5-5-tage-5-fotos-im-oktober-02\/#breadcrumb"},"inLanguage":"de","potentialAction":[{"@type":"ReadAction","target":["https:\/\/www.heldenhaushalt.de\/sari02\/index.php\/2016\/10\/14\/freitags5-5-tage-5-fotos-im-oktober-02\/"]}]},{"@type":"ImageObject","inLanguage":"de","@id":"https:\/\/www.heldenhaushalt.de\/sari02\/index.php\/2016\/10\/14\/freitags5-5-tage-5-fotos-im-oktober-02\/#primaryimage","url":"https:\/\/www.heldenhaushalt.de\/sari02\/wp-content\/uploads\/2016\/10\/frkw42-04.jpg","contentUrl":"https:\/\/www.heldenhaushalt.de\/sari02\/wp-content\/uploads\/2016\/10\/frkw42-04.jpg","width":800,"height":757},{"@type":"BreadcrumbList","@id":"https:\/\/www.heldenhaushalt.de\/sari02\/index.php\/2016\/10\/14\/freitags5-5-tage-5-fotos-im-oktober-02\/#breadcrumb","itemListElement":[{"@type":"ListItem","position":1,"name":"Startseite","item":"https:\/\/www.heldenhaushalt.de\/sari02\/"},{"@type":"ListItem","position":2,"name":"#Freitags5 \u2013 5 Tage 5 Fotos im Oktober #02"}]},{"@type":"WebSite","@id":"https:\/\/www.heldenhaushalt.de\/sari02\/#website","url":"https:\/\/www.heldenhaushalt.de\/sari02\/","name":"Heldenhaushalt","description":"Wer es ordentlich haben will, der muss vorher anrufen","publisher":{"@id":"https:\/\/www.heldenhaushalt.de\/sari02\/#\/schema\/person\/a1cc69f42a01f412eb62c151353814f6"},"potentialAction":[{"@type":"SearchAction","target":{"@type":"EntryPoint","urlTemplate":"https:\/\/www.heldenhaushalt.de\/sari02\/?s={search_term_string}"},"query-input":{"@type":"PropertyValueSpecification","valueRequired":true,"valueName":"search_term_string"}}],"inLanguage":"de"},{"@type":["Person","Organization"],"@id":"https:\/\/www.heldenhaushalt.de\/sari02\/#\/schema\/person\/a1cc69f42a01f412eb62c151353814f6","name":"Sari","image":{"@type":"ImageObject","inLanguage":"de","@id":"https:\/\/www.heldenhaushalt.de\/sari02\/wp-content\/uploads\/2019\/02\/sari-april2018.png","url":"https:\/\/www.heldenhaushalt.de\/sari02\/wp-content\/uploads\/2019\/02\/sari-april2018.png","contentUrl":"https:\/\/www.heldenhaushalt.de\/sari02\/wp-content\/uploads\/2019\/02\/sari-april2018.png","width":500,"height":500,"caption":"Sari"},"logo":{"@id":"https:\/\/www.heldenhaushalt.de\/sari02\/wp-content\/uploads\/2019\/02\/sari-april2018.png"},"description":"Frau Mondgras \u2013 Das bin ich, Sari. Gerne auch als Sari Mondgras bekannt und im Internet zu finden. 2-Fach-Mutter, Heldenehefrau, Kreativling, Harmonies\u00fcchtig und st\u00e4ndig auf der Suche nach Gl\u00fcck. Ich komme aus Berlin, bin hier aufgewachsen und lebe hier seit ich denken kann.","sameAs":["https:\/\/www.instagram.com\/heldenhaushalt\/"],"url":"https:\/\/www.heldenhaushalt.de\/sari02\/index.php\/author\/admin\/"}]}},"views":3673,"_links":{"self":[{"href":"https:\/\/www.heldenhaushalt.de\/sari02\/index.php\/wp-json\/wp\/v2\/posts\/30617","targetHints":{"allow":["GET"]}}],"collection":[{"href":"https:\/\/www.heldenhaushalt.de\/sari02\/index.php\/wp-json\/wp\/v2\/posts"}],"about":[{"href":"https:\/\/www.heldenhaushalt.de\/sari02\/index.php\/wp-json\/wp\/v2\/types\/post"}],"author":[{"embeddable":true,"href":"https:\/\/www.heldenhaushalt.de\/sari02\/index.php\/wp-json\/wp\/v2\/users\/1"}],"replies":[{"embeddable":true,"href":"https:\/\/www.heldenhaushalt.de\/sari02\/index.php\/wp-json\/wp\/v2\/comments?post=30617"}],"version-history":[{"count":5,"href":"https:\/\/www.heldenhaushalt.de\/sari02\/index.php\/wp-json\/wp\/v2\/posts\/30617\/revisions"}],"predecessor-version":[{"id":30705,"href":"https:\/\/www.heldenhaushalt.de\/sari02\/index.php\/wp-json\/wp\/v2\/posts\/30617\/revisions\/30705"}],"wp:featuredmedia":[{"embeddable":true,"href":"https:\/\/www.heldenhaushalt.de\/sari02\/index.php\/wp-json\/wp\/v2\/media\/30702"}],"wp:attachment":[{"href":"https:\/\/www.heldenhaushalt.de\/sari02\/index.php\/wp-json\/wp\/v2\/media?parent=30617"}],"wp:term":[{"taxonomy":"category","embeddable":true,"href":"https:\/\/www.heldenhaushalt.de\/sari02\/index.php\/wp-json\/wp\/v2\/categories?post=30617"},{"taxonomy":"post_tag","embeddable":true,"href":"https:\/\/www.heldenhaushalt.de\/sari02\/index.php\/wp-json\/wp\/v2\/tags?post=30617"}],"curies":[{"name":"wp","href":"https:\/\/api.w.org\/{rel}","templated":true}]}}