{"id":30618,"date":"2016-10-21T10:00:00","date_gmt":"2016-10-21T08:00:00","guid":{"rendered":"http:\/\/www.heldenhaushalt.de\/sari02\/?p=30618"},"modified":"2016-10-20T12:28:42","modified_gmt":"2016-10-20T10:28:42","slug":"freitags5-5-tage-5-fotos-im-oktober-03","status":"publish","type":"post","link":"https:\/\/www.heldenhaushalt.de\/sari02\/index.php\/2016\/10\/21\/freitags5-5-tage-5-fotos-im-oktober-03\/","title":{"rendered":"#Freitags5 \u2013 5 Tage 5 Fotos im Oktober #03"},"content":{"rendered":"<p>Ich w&#252;rde diese Woche wohl vor allem eines nennen: &#220;berschaubar. Was das hei&#223;t? F&#252;r mich selber war eher weniger los, f&#252;r den Minihelden hingegen deutlich mehr. Mit mir wurde oft geschimpft. Ich solle mich ausruhen, weniger reden. Immerhin hatte ich nahezu keine Stimme, aber eine Familie, die irgendwie immer viel zu erz&#228;hlen hatte *lach*. Wie soll man da nicht mitreden? Nun gut, zum Ende der Woche hin hatten wir alle wieder Stimme und kein Fieber und insgesamt hatte sich die Lage deutlich gebessert. Was sonst noch so erw&#228;hnenswert war, nun in unseren #Freitagslieblingen&#8230;<\/p>\n<p style=\"text-align: center;\">***<\/p>\n<h2>Meine #Freitags5 #Freitagslieblinge in der KW43<\/h2>\n<p><img loading=\"lazy\" decoding=\"async\" class=\"aligncenter size-full wp-image-30764\" src=\"http:\/\/www.heldenhaushalt.de\/sari02\/wp-content\/uploads\/2016\/10\/frkw43-01.jpg\" alt=\"#Freitags5\" width=\"800\" height=\"800\" srcset=\"https:\/\/www.heldenhaushalt.de\/sari02\/wp-content\/uploads\/2016\/10\/frkw43-01.jpg 800w, https:\/\/www.heldenhaushalt.de\/sari02\/wp-content\/uploads\/2016\/10\/frkw43-01-150x150.jpg 150w, https:\/\/www.heldenhaushalt.de\/sari02\/wp-content\/uploads\/2016\/10\/frkw43-01-300x300.jpg 300w, https:\/\/www.heldenhaushalt.de\/sari02\/wp-content\/uploads\/2016\/10\/frkw43-01-768x768.jpg 768w, https:\/\/www.heldenhaushalt.de\/sari02\/wp-content\/uploads\/2016\/10\/frkw43-01-600x600.jpg 600w, https:\/\/www.heldenhaushalt.de\/sari02\/wp-content\/uploads\/2016\/10\/frkw43-01-660x660.jpg 660w, https:\/\/www.heldenhaushalt.de\/sari02\/wp-content\/uploads\/2016\/10\/frkw43-01-373x373.jpg 373w\" sizes=\"auto, (max-width: 800px) 100vw, 800px\" \/><\/p>\n<p><strong>Meine Lieblingslekt&#252;re der Woche \u2013<\/strong> Pl&#246;tzlich sprach die gesamte Blogsph&#228;re davon: <a href=\"http:\/\/www.gewuenschtestes-wunschkind.de\/2016\/10\/der-entspannte-weg-durch-trotzphasen-das-gewuenschteste-wunschkind-aller-zeiten-rezension.html\" target=\"_blank\">Das neue Buch von &#8220;Das gew&#252;nschteste Wunschkind&#8221;<\/a> ist nun auf den Markt und trudelte bei dem einen oder anderen Blogger ein. Auch ich durfte mich &#252;ber ein Rezensionsexemplar am Mittwoch in der Post freuen und habe direkt meine andere Lekt&#252;re auf Eis gelegt und in die ersten Seiten reingelesen. Das Heldenkind ist definitiv trotziger, als unser Miniheld es in dem Alter war und dennoch w&#252;rde ich nicht unbedingt von komplizierten Kindern sprechen. Und doch&#8230;die ersten paar Seiten lasen sich so wunderbar f&#252;r mich. Ich freue mich schon darauf weiter zu lesen&#8230;<strong><br \/>\n<\/strong><\/p>\n<p style=\"text-align: center;\">***<\/p>\n<p><img loading=\"lazy\" decoding=\"async\" class=\"aligncenter wp-image-30765\" src=\"http:\/\/www.heldenhaushalt.de\/sari02\/wp-content\/uploads\/2016\/10\/frkw43-02.jpg\" alt=\"#Freitags5\" width=\"800\" height=\"800\" srcset=\"https:\/\/www.heldenhaushalt.de\/sari02\/wp-content\/uploads\/2016\/10\/frkw43-02.jpg 2032w, https:\/\/www.heldenhaushalt.de\/sari02\/wp-content\/uploads\/2016\/10\/frkw43-02-150x150.jpg 150w, https:\/\/www.heldenhaushalt.de\/sari02\/wp-content\/uploads\/2016\/10\/frkw43-02-300x300.jpg 300w, https:\/\/www.heldenhaushalt.de\/sari02\/wp-content\/uploads\/2016\/10\/frkw43-02-768x768.jpg 768w, https:\/\/www.heldenhaushalt.de\/sari02\/wp-content\/uploads\/2016\/10\/frkw43-02-1024x1024.jpg 1024w, https:\/\/www.heldenhaushalt.de\/sari02\/wp-content\/uploads\/2016\/10\/frkw43-02-600x600.jpg 600w, https:\/\/www.heldenhaushalt.de\/sari02\/wp-content\/uploads\/2016\/10\/frkw43-02-1000x1000.jpg 1000w, https:\/\/www.heldenhaushalt.de\/sari02\/wp-content\/uploads\/2016\/10\/frkw43-02-660x660.jpg 660w, https:\/\/www.heldenhaushalt.de\/sari02\/wp-content\/uploads\/2016\/10\/frkw43-02-373x373.jpg 373w\" sizes=\"auto, (max-width: 800px) 100vw, 800px\" \/><\/p>\n<p><strong>Mein Lieblingsessen der Woche \u2013\u00a0<\/strong> Nachdem ich nun also mit dem Vernichten von Kakao und Nutella Tage lang besch&#228;ftigt war, war es an der Zeit f&#252;r Abwechslung. Aus verschiedenen Gr&#252;nden gingen wir erst am Donnerstag auf Wocheneinkauf und das war f&#252;r mich die perfekte Gelegenheit, um mal wieder Omelette zu machen. Ab und an esse ich das ganz gerne. Besonders, wenn man f&#252;r eine Person &#8220;kocht&#8221; ist das super schnell zubereitet und von der Portionsgr&#246;&#223;e her perfekt. Und ja, es ist der Omlette-Maker&#8230;das erkennt man an der Form, oder? Eine der besten Investitionen, die ich je get&#228;tigt habe.<strong><br \/>\n<\/strong><\/p>\n<p style=\"text-align: center;\">***<\/p>\n<p><img loading=\"lazy\" decoding=\"async\" class=\"aligncenter size-full wp-image-30768\" src=\"http:\/\/www.heldenhaushalt.de\/sari02\/wp-content\/uploads\/2016\/10\/frkw43-05.jpg\" alt=\"#Freitags5\" width=\"800\" height=\"800\" srcset=\"https:\/\/www.heldenhaushalt.de\/sari02\/wp-content\/uploads\/2016\/10\/frkw43-05.jpg 800w, https:\/\/www.heldenhaushalt.de\/sari02\/wp-content\/uploads\/2016\/10\/frkw43-05-150x150.jpg 150w, https:\/\/www.heldenhaushalt.de\/sari02\/wp-content\/uploads\/2016\/10\/frkw43-05-300x300.jpg 300w, https:\/\/www.heldenhaushalt.de\/sari02\/wp-content\/uploads\/2016\/10\/frkw43-05-768x768.jpg 768w, https:\/\/www.heldenhaushalt.de\/sari02\/wp-content\/uploads\/2016\/10\/frkw43-05-600x600.jpg 600w, https:\/\/www.heldenhaushalt.de\/sari02\/wp-content\/uploads\/2016\/10\/frkw43-05-660x660.jpg 660w, https:\/\/www.heldenhaushalt.de\/sari02\/wp-content\/uploads\/2016\/10\/frkw43-05-373x373.jpg 373w\" sizes=\"auto, (max-width: 800px) 100vw, 800px\" \/><\/p>\n<p><strong>Meinen Lieblingsmoment mit meinen Kindern<\/strong> \u2013 Die letzten Tage mit dem Heldenkind waren eher schwierig. Sei es nun diese fiese fette Erk&#228;ltung, die ihn Tage lang so hohes Fieber beschert hatte oder dass er gerade mitten in einem Schub zu stecken scheint. Aber der Alltag ist aktuell ein deutlich anderer. Da ist es gar nicht so einfach Momente zu finden, in denen man beiden Kindern gleicherma&#223;en gerecht werden kann. Aaaaber&#8230;einen Tag, ganz pl&#246;tzlich und unerwartet, schlief das Heldenkind mittags auf einmal ganz friedlich, so dass ich mir den Minihelden schnappte mit den Worten &#8220;Komm, wollen wir basteln? Nur wir zwei??&#8221; Der Miniheld war mehr als nur begeistert und so waren wir fast 2 Stunden nur mit Pappe, Papier, Schere, Klebe, Kastanien und Co. besch&#228;ftigt und ein bisschen produktiv. Das kommt aktuell leider viel zu kurz&#8230;<\/p>\n<p style=\"text-align: center;\">***<\/p>\n<p><img loading=\"lazy\" decoding=\"async\" class=\"aligncenter size-full wp-image-30766\" src=\"http:\/\/www.heldenhaushalt.de\/sari02\/wp-content\/uploads\/2016\/10\/frkw43-03.jpg\" alt=\"#Freitags5\" width=\"800\" height=\"800\" srcset=\"https:\/\/www.heldenhaushalt.de\/sari02\/wp-content\/uploads\/2016\/10\/frkw43-03.jpg 800w, https:\/\/www.heldenhaushalt.de\/sari02\/wp-content\/uploads\/2016\/10\/frkw43-03-150x150.jpg 150w, https:\/\/www.heldenhaushalt.de\/sari02\/wp-content\/uploads\/2016\/10\/frkw43-03-300x300.jpg 300w, https:\/\/www.heldenhaushalt.de\/sari02\/wp-content\/uploads\/2016\/10\/frkw43-03-768x768.jpg 768w, https:\/\/www.heldenhaushalt.de\/sari02\/wp-content\/uploads\/2016\/10\/frkw43-03-600x600.jpg 600w, https:\/\/www.heldenhaushalt.de\/sari02\/wp-content\/uploads\/2016\/10\/frkw43-03-660x660.jpg 660w, https:\/\/www.heldenhaushalt.de\/sari02\/wp-content\/uploads\/2016\/10\/frkw43-03-373x373.jpg 373w\" sizes=\"auto, (max-width: 800px) 100vw, 800px\" \/><\/p>\n<p><strong>Meinen Lieblings-Mama-Moment nur f&#252;r mich<\/strong> \u2013 Vormittags, wenn der Miniheld in der Kita war und das Heldenkind ein kurzes Schl&#228;fchen hielt, nutze ich die Gelegenheit, um mal an einem neuen Heldenfamilie &#8211; Bild zu arbeiten. Das Heldenkind ist ja nun definitiv nicht mehr so tragebed&#252;rftig, wie auf dem Bild und nachdem ich ja nun das Design etwas umgestellt habe, kann es nicht schaden, es noch ein wenig mit Zeichnungen aufzupeppen, oder? Dennoch brauche ich dieses Mal insgesamt ziemlich lange f&#252;r die Umsetzung, wie ich finde&#8230;aber ich bin auch noch etwas am Rotieren, wie es am besten aussehen k&#246;nnte nachher&#8230;mal sehen&#8230;<\/p>\n<p style=\"text-align: center;\">***<\/p>\n<p><img loading=\"lazy\" decoding=\"async\" class=\"aligncenter size-full wp-image-30767\" src=\"http:\/\/www.heldenhaushalt.de\/sari02\/wp-content\/uploads\/2016\/10\/frkw43-04.jpg\" alt=\"#Freitags5\" width=\"800\" height=\"800\" srcset=\"https:\/\/www.heldenhaushalt.de\/sari02\/wp-content\/uploads\/2016\/10\/frkw43-04.jpg 800w, https:\/\/www.heldenhaushalt.de\/sari02\/wp-content\/uploads\/2016\/10\/frkw43-04-150x150.jpg 150w, https:\/\/www.heldenhaushalt.de\/sari02\/wp-content\/uploads\/2016\/10\/frkw43-04-300x300.jpg 300w, https:\/\/www.heldenhaushalt.de\/sari02\/wp-content\/uploads\/2016\/10\/frkw43-04-768x768.jpg 768w, https:\/\/www.heldenhaushalt.de\/sari02\/wp-content\/uploads\/2016\/10\/frkw43-04-600x600.jpg 600w, https:\/\/www.heldenhaushalt.de\/sari02\/wp-content\/uploads\/2016\/10\/frkw43-04-660x660.jpg 660w, https:\/\/www.heldenhaushalt.de\/sari02\/wp-content\/uploads\/2016\/10\/frkw43-04-373x373.jpg 373w\" sizes=\"auto, (max-width: 800px) 100vw, 800px\" \/><\/p>\n<p><strong>Meine Lieblings-Inspiration der Woche \u2013 <\/strong>Jeden Morgen auf dem Weg zur Kita kommen wir an diesem freundlichen Gesellen vorbei. Sieht der nicht toll aus? Da bekomme ich direkt Lust auch noch den einen oder anderen kleinen K&#252;rbis zu kaufen und zu bemalen. Ob ich den Helden &#252;berreden kann mit uns zum Erdbeerhof zu fahren? Auch sehenswert diese Woche waren folgende Beitr&#228;ge: <a href=\"http:\/\/www.alovelyjourney.de\/2016\/10\/familienplaner-2017-ausdrucken-kaufen.html\" target=\"_blank\">Familienplaner zum Kaufen und Ausdrucken<\/a> &#8211; <a href=\"http:\/\/www.tollabea.de\/mit-herbstblaettern-basteln-gesichter\/\" target=\"_blank\">Blatt Gesichter <\/a>&#8211;\u00a0<a href=\"http:\/\/www.puppenzimmer.com\/2016\/10\/zimtschnecken-smoothie.html\" target=\"_blank\"> Zimtschnecken Smoothie<\/a> &#8211; <a href=\"http:\/\/cuchikind.blogspot.de\/2016\/10\/kastanien-halloween-diy.html\" target=\"_blank\">Kastanien Halloween DIY<\/a> &#8211; <a href=\"http:\/\/feiersun.de\/rezepte\/waffelbacken-deluxe\/\" target=\"_blank\">Waffelbacken Deluxe<\/a><strong><br \/>\n<\/strong><\/p>\n<p style=\"text-align: center;\">***<\/p>\n<p>Ich hoffe dieses Wochenende auf ein bisschen Abwechslung. Es f&#228;ngt ja schon toll mit DVD Abend heute an, geht weiter mit lieben Besuch morgen und einem kleinen Herbstessen und wer wei&#223;, womit es enden wird. Ich hoffe auf sch&#246;ne Erlebnisse&#8230; Mehr tolle Freitagsbilder findet Ihr wie immer bei <a href=\"http:\/\/berlinmittemom.com\/tag\/freitagslieblinge\/\" target=\"_blank\">BerlinMitteMom<\/a>!<\/p>\n<p><img loading=\"lazy\" decoding=\"async\" class=\" size-full wp-image-24841 alignright\" src=\"https:\/\/www.heldenhaushalt.de \/sari02\/wp-content\/uploads\/2015\/01\/sari-unter.jpg?resize=130%2C59\" alt=\"sari-unter\" width=\"130\" height=\"59\" \/><\/p>\n","protected":false},"excerpt":{"rendered":"<p>Ich w&#252;rde diese Woche wohl vor allem eines nennen: &#220;berschaubar. Was das hei&#223;t? F&#252;r mich selber war eher weniger los, f&#252;r den Minihelden hingegen deutlich mehr. Mit mir wurde oft geschimpft. Ich solle mich ausruhen, weniger reden. Immerhin hatte ich nahezu keine Stimme, aber eine Familie, die irgendwie immer viel zu erz&#228;hlen hatte *lach*. Wie soll man da nicht mitreden? Nun gut, zum Ende der Woche hin hatten wir alle wieder Stimme und kein Fieber und insgesamt hatte sich die Lage deutlich gebessert. Was sonst noch so erw&#228;hnenswert war, nun in unseren #Freitagslieblingen&#8230; *** Meine #Freitags5 #Freitagslieblinge in der KW43 Meine Lieblingslekt&#252;re der Woche \u2013 Pl&#246;tzlich sprach die gesamte Blogsph&#228;re davon: Das neue Buch von &#8220;Das gew&#252;nschteste Wunschkind&#8221; ist nun auf den Markt und trudelte bei dem einen oder anderen Blogger ein. Auch ich durfte mich &#252;ber ein Rezensionsexemplar am Mittwoch in der Post freuen und habe direkt meine andere Lekt&#252;re auf Eis gelegt und in die ersten Seiten reingelesen. Das Heldenkind ist definitiv trotziger, als unser Miniheld es in dem Alter war und dennoch w&#252;rde ich nicht unbedingt von komplizierten Kindern sprechen. Und doch&#8230;die ersten paar Seiten lasen sich so wunderbar f&#252;r mich. Ich freue mich schon darauf weiter zu lesen&#8230; *** Mein Lieblingsessen der Woche \u2013\u00a0 Nachdem ich nun also mit dem Vernichten von Kakao und Nutella Tage lang besch&#228;ftigt war, war es an der Zeit f&#252;r Abwechslung. Aus verschiedenen Gr&#252;nden gingen wir erst am Donnerstag auf Wocheneinkauf und das war f&#252;r mich die perfekte Gelegenheit, um mal wieder Omelette zu machen. Ab und an esse ich das ganz gerne. Besonders, wenn man f&#252;r eine Person &#8220;kocht&#8221; ist das super schnell zubereitet und von der Portionsgr&#246;&#223;e her perfekt. Und ja, es ist der Omlette-Maker&#8230;das erkennt man an der Form, oder? Eine der besten Investitionen, die ich je get&#228;tigt habe. *** Meinen Lieblingsmoment mit meinen Kindern \u2013 Die letzten Tage mit dem Heldenkind waren eher schwierig. Sei es nun diese fiese fette Erk&#228;ltung, die ihn Tage lang so hohes Fieber beschert hatte oder dass er gerade mitten in einem Schub zu stecken scheint. Aber der Alltag ist aktuell ein deutlich anderer. Da ist es gar nicht so einfach Momente zu finden, in denen man beiden Kindern gleicherma&#223;en gerecht werden kann. Aaaaber&#8230;einen Tag, ganz pl&#246;tzlich und unerwartet, schlief das Heldenkind mittags auf einmal ganz friedlich, so dass ich mir den Minihelden schnappte mit den Worten &#8220;Komm, wollen wir basteln? Nur wir zwei??&#8221; Der Miniheld war mehr als nur begeistert und so waren wir fast 2 Stunden nur mit Pappe, Papier, Schere, Klebe, Kastanien und Co. besch&#228;ftigt und ein bisschen produktiv. Das kommt aktuell leider viel zu kurz&#8230; *** Meinen Lieblings-Mama-Moment nur f&#252;r mich \u2013 Vormittags, wenn der Miniheld in der Kita war und das Heldenkind ein kurzes Schl&#228;fchen hielt, nutze ich die Gelegenheit, um mal an einem neuen Heldenfamilie &#8211; Bild zu arbeiten. Das Heldenkind ist ja nun definitiv nicht mehr so tragebed&#252;rftig, wie auf dem Bild und nachdem ich ja nun das Design etwas umgestellt habe, kann es nicht schaden, es noch ein wenig mit Zeichnungen aufzupeppen, oder? Dennoch brauche ich dieses Mal insgesamt ziemlich lange f&#252;r die Umsetzung, wie ich finde&#8230;aber ich bin auch noch etwas am Rotieren, wie es am besten aussehen k&#246;nnte nachher&#8230;mal sehen&#8230; *** Meine Lieblings-Inspiration der Woche \u2013 Jeden Morgen auf dem Weg zur Kita kommen wir an diesem freundlichen Gesellen vorbei. Sieht der nicht toll aus? Da bekomme ich direkt Lust auch noch den einen oder anderen kleinen K&#252;rbis zu kaufen und zu bemalen. Ob ich den Helden &#252;berreden kann mit uns zum Erdbeerhof zu fahren? Auch sehenswert diese Woche waren folgende Beitr&#228;ge: Familienplaner zum Kaufen und Ausdrucken &#8211; Blatt Gesichter &#8211;\u00a0 Zimtschnecken Smoothie &#8211; Kastanien Halloween DIY &#8211; Waffelbacken Deluxe *** Ich hoffe dieses Wochenende auf ein bisschen Abwechslung. Es f&#228;ngt ja schon toll mit DVD Abend heute an, geht weiter mit lieben Besuch morgen und einem kleinen Herbstessen und wer wei&#223;, womit es enden wird. Ich hoffe auf sch&#246;ne Erlebnisse&#8230; Mehr tolle Freitagsbilder findet Ihr wie immer bei BerlinMitteMom!<\/p>\n","protected":false},"author":1,"featured_media":30767,"comment_status":"open","ping_status":"open","sticky":false,"template":"","format":"standard","meta":{"ngg_post_thumbnail":0,"footnotes":""},"categories":[323,49],"tags":[780,781,871,873,199,872,250],"class_list":["post-30618","post","type-post","status-publish","format-standard","has-post-thumbnail","hentry","category-alltag","category-blogspaehre","tag-freitags5","tag-freitagslieblinge","tag-berlin-mitte-mom","tag-das-gewuenschteste-wunschkind","tag-rueckblick","tag-woche","tag-zeichnen"],"yoast_head":"<!-- This site is optimized with the Yoast SEO plugin v27.5 - https:\/\/yoast.com\/product\/yoast-seo-wordpress\/ -->\n<title>#Freitags5 \u2013 5 Tage 5 Fotos im Oktober #03 - Heldenhaushalt<\/title>\n<meta name=\"description\" content=\"Ich w\u00fcrde diese Woche wohl vor allem eines nennen: \u00dcberschaubar. Was das hei\u00dft? Schaut Euch unsere #Freitags5 an...\" \/>\n<meta name=\"robots\" content=\"index, follow, max-snippet:-1, max-image-preview:large, max-video-preview:-1\" \/>\n<link rel=\"canonical\" href=\"https:\/\/www.heldenhaushalt.de\/sari02\/index.php\/2016\/10\/21\/freitags5-5-tage-5-fotos-im-oktober-03\/\" \/>\n<meta property=\"og:locale\" content=\"de_DE\" \/>\n<meta property=\"og:type\" content=\"article\" \/>\n<meta property=\"og:title\" content=\"#Freitags5 \u2013 5 Tage 5 Fotos im Oktober #03 - Heldenhaushalt\" \/>\n<meta property=\"og:description\" content=\"Ich w\u00fcrde diese Woche wohl vor allem eines nennen: \u00dcberschaubar. Was das hei\u00dft? Schaut Euch unsere #Freitags5 an...\" \/>\n<meta property=\"og:url\" content=\"https:\/\/www.heldenhaushalt.de\/sari02\/index.php\/2016\/10\/21\/freitags5-5-tage-5-fotos-im-oktober-03\/\" \/>\n<meta property=\"og:site_name\" content=\"Heldenhaushalt\" \/>\n<meta property=\"article:published_time\" content=\"2016-10-21T08:00:00+00:00\" \/>\n<meta property=\"og:image\" content=\"https:\/\/www.heldenhaushalt.de\/sari02\/wp-content\/uploads\/2016\/10\/frkw43-04.jpg\" \/>\n\t<meta property=\"og:image:width\" content=\"800\" \/>\n\t<meta property=\"og:image:height\" content=\"800\" \/>\n\t<meta property=\"og:image:type\" content=\"image\/jpeg\" \/>\n<meta name=\"author\" content=\"Sari\" \/>\n<meta name=\"twitter:card\" content=\"summary_large_image\" \/>\n<meta name=\"twitter:creator\" content=\"@Heldenhaushalt\" \/>\n<meta name=\"twitter:site\" content=\"@Heldenhaushalt\" \/>\n<meta name=\"twitter:label1\" content=\"Verfasst von\" \/>\n\t<meta name=\"twitter:data1\" content=\"Sari\" \/>\n\t<meta name=\"twitter:label2\" content=\"Gesch\u00e4tzte Lesezeit\" \/>\n\t<meta name=\"twitter:data2\" content=\"3\u00a0Minuten\" \/>\n<script type=\"application\/ld+json\" class=\"yoast-schema-graph\">{\"@context\":\"https:\\\/\\\/schema.org\",\"@graph\":[{\"@type\":\"Article\",\"@id\":\"https:\\\/\\\/www.heldenhaushalt.de\\\/sari02\\\/index.php\\\/2016\\\/10\\\/21\\\/freitags5-5-tage-5-fotos-im-oktober-03\\\/#article\",\"isPartOf\":{\"@id\":\"https:\\\/\\\/www.heldenhaushalt.de\\\/sari02\\\/index.php\\\/2016\\\/10\\\/21\\\/freitags5-5-tage-5-fotos-im-oktober-03\\\/\"},\"author\":{\"name\":\"Sari\",\"@id\":\"https:\\\/\\\/www.heldenhaushalt.de\\\/sari02\\\/#\\\/schema\\\/person\\\/a1cc69f42a01f412eb62c151353814f6\"},\"headline\":\"#Freitags5 \u2013 5 Tage 5 Fotos im Oktober #03\",\"datePublished\":\"2016-10-21T08:00:00+00:00\",\"mainEntityOfPage\":{\"@id\":\"https:\\\/\\\/www.heldenhaushalt.de\\\/sari02\\\/index.php\\\/2016\\\/10\\\/21\\\/freitags5-5-tage-5-fotos-im-oktober-03\\\/\"},\"wordCount\":699,\"commentCount\":0,\"publisher\":{\"@id\":\"https:\\\/\\\/www.heldenhaushalt.de\\\/sari02\\\/#\\\/schema\\\/person\\\/a1cc69f42a01f412eb62c151353814f6\"},\"image\":{\"@id\":\"https:\\\/\\\/www.heldenhaushalt.de\\\/sari02\\\/index.php\\\/2016\\\/10\\\/21\\\/freitags5-5-tage-5-fotos-im-oktober-03\\\/#primaryimage\"},\"thumbnailUrl\":\"https:\\\/\\\/www.heldenhaushalt.de\\\/sari02\\\/wp-content\\\/uploads\\\/2016\\\/10\\\/frkw43-04.jpg\",\"keywords\":[\"#Freitags5\",\"#Freitagslieblinge\",\"Berlin Mitte Mom\",\"Das gew\u00fcnschteste Wunschkind\",\"R\u00fcckblick\",\"Woche\",\"Zeichnen\"],\"articleSection\":[\"Alltagschaos\",\"Blogsph\u00e4re\"],\"inLanguage\":\"de\",\"potentialAction\":[{\"@type\":\"CommentAction\",\"name\":\"Comment\",\"target\":[\"https:\\\/\\\/www.heldenhaushalt.de\\\/sari02\\\/index.php\\\/2016\\\/10\\\/21\\\/freitags5-5-tage-5-fotos-im-oktober-03\\\/#respond\"]}]},{\"@type\":\"WebPage\",\"@id\":\"https:\\\/\\\/www.heldenhaushalt.de\\\/sari02\\\/index.php\\\/2016\\\/10\\\/21\\\/freitags5-5-tage-5-fotos-im-oktober-03\\\/\",\"url\":\"https:\\\/\\\/www.heldenhaushalt.de\\\/sari02\\\/index.php\\\/2016\\\/10\\\/21\\\/freitags5-5-tage-5-fotos-im-oktober-03\\\/\",\"name\":\"#Freitags5 \u2013 5 Tage 5 Fotos im Oktober #03 - Heldenhaushalt\",\"isPartOf\":{\"@id\":\"https:\\\/\\\/www.heldenhaushalt.de\\\/sari02\\\/#website\"},\"primaryImageOfPage\":{\"@id\":\"https:\\\/\\\/www.heldenhaushalt.de\\\/sari02\\\/index.php\\\/2016\\\/10\\\/21\\\/freitags5-5-tage-5-fotos-im-oktober-03\\\/#primaryimage\"},\"image\":{\"@id\":\"https:\\\/\\\/www.heldenhaushalt.de\\\/sari02\\\/index.php\\\/2016\\\/10\\\/21\\\/freitags5-5-tage-5-fotos-im-oktober-03\\\/#primaryimage\"},\"thumbnailUrl\":\"https:\\\/\\\/www.heldenhaushalt.de\\\/sari02\\\/wp-content\\\/uploads\\\/2016\\\/10\\\/frkw43-04.jpg\",\"datePublished\":\"2016-10-21T08:00:00+00:00\",\"description\":\"Ich w\u00fcrde diese Woche wohl vor allem eines nennen: \u00dcberschaubar. Was das hei\u00dft? Schaut Euch unsere #Freitags5 an...\",\"breadcrumb\":{\"@id\":\"https:\\\/\\\/www.heldenhaushalt.de\\\/sari02\\\/index.php\\\/2016\\\/10\\\/21\\\/freitags5-5-tage-5-fotos-im-oktober-03\\\/#breadcrumb\"},\"inLanguage\":\"de\",\"potentialAction\":[{\"@type\":\"ReadAction\",\"target\":[\"https:\\\/\\\/www.heldenhaushalt.de\\\/sari02\\\/index.php\\\/2016\\\/10\\\/21\\\/freitags5-5-tage-5-fotos-im-oktober-03\\\/\"]}]},{\"@type\":\"ImageObject\",\"inLanguage\":\"de\",\"@id\":\"https:\\\/\\\/www.heldenhaushalt.de\\\/sari02\\\/index.php\\\/2016\\\/10\\\/21\\\/freitags5-5-tage-5-fotos-im-oktober-03\\\/#primaryimage\",\"url\":\"https:\\\/\\\/www.heldenhaushalt.de\\\/sari02\\\/wp-content\\\/uploads\\\/2016\\\/10\\\/frkw43-04.jpg\",\"contentUrl\":\"https:\\\/\\\/www.heldenhaushalt.de\\\/sari02\\\/wp-content\\\/uploads\\\/2016\\\/10\\\/frkw43-04.jpg\",\"width\":800,\"height\":800},{\"@type\":\"BreadcrumbList\",\"@id\":\"https:\\\/\\\/www.heldenhaushalt.de\\\/sari02\\\/index.php\\\/2016\\\/10\\\/21\\\/freitags5-5-tage-5-fotos-im-oktober-03\\\/#breadcrumb\",\"itemListElement\":[{\"@type\":\"ListItem\",\"position\":1,\"name\":\"Startseite\",\"item\":\"https:\\\/\\\/www.heldenhaushalt.de\\\/sari02\\\/\"},{\"@type\":\"ListItem\",\"position\":2,\"name\":\"#Freitags5 \u2013 5 Tage 5 Fotos im Oktober #03\"}]},{\"@type\":\"WebSite\",\"@id\":\"https:\\\/\\\/www.heldenhaushalt.de\\\/sari02\\\/#website\",\"url\":\"https:\\\/\\\/www.heldenhaushalt.de\\\/sari02\\\/\",\"name\":\"Heldenhaushalt\",\"description\":\"Wer es ordentlich haben will, der muss vorher anrufen\",\"publisher\":{\"@id\":\"https:\\\/\\\/www.heldenhaushalt.de\\\/sari02\\\/#\\\/schema\\\/person\\\/a1cc69f42a01f412eb62c151353814f6\"},\"potentialAction\":[{\"@type\":\"SearchAction\",\"target\":{\"@type\":\"EntryPoint\",\"urlTemplate\":\"https:\\\/\\\/www.heldenhaushalt.de\\\/sari02\\\/?s={search_term_string}\"},\"query-input\":{\"@type\":\"PropertyValueSpecification\",\"valueRequired\":true,\"valueName\":\"search_term_string\"}}],\"inLanguage\":\"de\"},{\"@type\":[\"Person\",\"Organization\"],\"@id\":\"https:\\\/\\\/www.heldenhaushalt.de\\\/sari02\\\/#\\\/schema\\\/person\\\/a1cc69f42a01f412eb62c151353814f6\",\"name\":\"Sari\",\"image\":{\"@type\":\"ImageObject\",\"inLanguage\":\"de\",\"@id\":\"https:\\\/\\\/www.heldenhaushalt.de\\\/sari02\\\/wp-content\\\/uploads\\\/2019\\\/02\\\/sari-april2018.png\",\"url\":\"https:\\\/\\\/www.heldenhaushalt.de\\\/sari02\\\/wp-content\\\/uploads\\\/2019\\\/02\\\/sari-april2018.png\",\"contentUrl\":\"https:\\\/\\\/www.heldenhaushalt.de\\\/sari02\\\/wp-content\\\/uploads\\\/2019\\\/02\\\/sari-april2018.png\",\"width\":500,\"height\":500,\"caption\":\"Sari\"},\"logo\":{\"@id\":\"https:\\\/\\\/www.heldenhaushalt.de\\\/sari02\\\/wp-content\\\/uploads\\\/2019\\\/02\\\/sari-april2018.png\"},\"description\":\"Frau Mondgras \u2013 Das bin ich, Sari. Gerne auch als Sari Mondgras bekannt und im Internet zu finden. 2-Fach-Mutter, Heldenehefrau, Kreativling, Harmonies\u00fcchtig und st\u00e4ndig auf der Suche nach Gl\u00fcck. Ich komme aus Berlin, bin hier aufgewachsen und lebe hier seit ich denken kann.\",\"sameAs\":[\"https:\\\/\\\/www.instagram.com\\\/heldenhaushalt\\\/\"],\"url\":\"https:\\\/\\\/www.heldenhaushalt.de\\\/sari02\\\/index.php\\\/author\\\/admin\\\/\"}]}<\/script>\n<!-- \/ Yoast SEO plugin. -->","yoast_head_json":{"title":"#Freitags5 \u2013 5 Tage 5 Fotos im Oktober #03 - Heldenhaushalt","description":"Ich w\u00fcrde diese Woche wohl vor allem eines nennen: \u00dcberschaubar. Was das hei\u00dft? Schaut Euch unsere #Freitags5 an...","robots":{"index":"index","follow":"follow","max-snippet":"max-snippet:-1","max-image-preview":"max-image-preview:large","max-video-preview":"max-video-preview:-1"},"canonical":"https:\/\/www.heldenhaushalt.de\/sari02\/index.php\/2016\/10\/21\/freitags5-5-tage-5-fotos-im-oktober-03\/","og_locale":"de_DE","og_type":"article","og_title":"#Freitags5 \u2013 5 Tage 5 Fotos im Oktober #03 - Heldenhaushalt","og_description":"Ich w\u00fcrde diese Woche wohl vor allem eines nennen: \u00dcberschaubar. Was das hei\u00dft? Schaut Euch unsere #Freitags5 an...","og_url":"https:\/\/www.heldenhaushalt.de\/sari02\/index.php\/2016\/10\/21\/freitags5-5-tage-5-fotos-im-oktober-03\/","og_site_name":"Heldenhaushalt","article_published_time":"2016-10-21T08:00:00+00:00","og_image":[{"width":800,"height":800,"url":"https:\/\/www.heldenhaushalt.de\/sari02\/wp-content\/uploads\/2016\/10\/frkw43-04.jpg","type":"image\/jpeg"}],"author":"Sari","twitter_card":"summary_large_image","twitter_creator":"@Heldenhaushalt","twitter_site":"@Heldenhaushalt","twitter_misc":{"Verfasst von":"Sari","Gesch\u00e4tzte Lesezeit":"3\u00a0Minuten"},"schema":{"@context":"https:\/\/schema.org","@graph":[{"@type":"Article","@id":"https:\/\/www.heldenhaushalt.de\/sari02\/index.php\/2016\/10\/21\/freitags5-5-tage-5-fotos-im-oktober-03\/#article","isPartOf":{"@id":"https:\/\/www.heldenhaushalt.de\/sari02\/index.php\/2016\/10\/21\/freitags5-5-tage-5-fotos-im-oktober-03\/"},"author":{"name":"Sari","@id":"https:\/\/www.heldenhaushalt.de\/sari02\/#\/schema\/person\/a1cc69f42a01f412eb62c151353814f6"},"headline":"#Freitags5 \u2013 5 Tage 5 Fotos im Oktober #03","datePublished":"2016-10-21T08:00:00+00:00","mainEntityOfPage":{"@id":"https:\/\/www.heldenhaushalt.de\/sari02\/index.php\/2016\/10\/21\/freitags5-5-tage-5-fotos-im-oktober-03\/"},"wordCount":699,"commentCount":0,"publisher":{"@id":"https:\/\/www.heldenhaushalt.de\/sari02\/#\/schema\/person\/a1cc69f42a01f412eb62c151353814f6"},"image":{"@id":"https:\/\/www.heldenhaushalt.de\/sari02\/index.php\/2016\/10\/21\/freitags5-5-tage-5-fotos-im-oktober-03\/#primaryimage"},"thumbnailUrl":"https:\/\/www.heldenhaushalt.de\/sari02\/wp-content\/uploads\/2016\/10\/frkw43-04.jpg","keywords":["#Freitags5","#Freitagslieblinge","Berlin Mitte Mom","Das gew\u00fcnschteste Wunschkind","R\u00fcckblick","Woche","Zeichnen"],"articleSection":["Alltagschaos","Blogsph\u00e4re"],"inLanguage":"de","potentialAction":[{"@type":"CommentAction","name":"Comment","target":["https:\/\/www.heldenhaushalt.de\/sari02\/index.php\/2016\/10\/21\/freitags5-5-tage-5-fotos-im-oktober-03\/#respond"]}]},{"@type":"WebPage","@id":"https:\/\/www.heldenhaushalt.de\/sari02\/index.php\/2016\/10\/21\/freitags5-5-tage-5-fotos-im-oktober-03\/","url":"https:\/\/www.heldenhaushalt.de\/sari02\/index.php\/2016\/10\/21\/freitags5-5-tage-5-fotos-im-oktober-03\/","name":"#Freitags5 \u2013 5 Tage 5 Fotos im Oktober #03 - Heldenhaushalt","isPartOf":{"@id":"https:\/\/www.heldenhaushalt.de\/sari02\/#website"},"primaryImageOfPage":{"@id":"https:\/\/www.heldenhaushalt.de\/sari02\/index.php\/2016\/10\/21\/freitags5-5-tage-5-fotos-im-oktober-03\/#primaryimage"},"image":{"@id":"https:\/\/www.heldenhaushalt.de\/sari02\/index.php\/2016\/10\/21\/freitags5-5-tage-5-fotos-im-oktober-03\/#primaryimage"},"thumbnailUrl":"https:\/\/www.heldenhaushalt.de\/sari02\/wp-content\/uploads\/2016\/10\/frkw43-04.jpg","datePublished":"2016-10-21T08:00:00+00:00","description":"Ich w\u00fcrde diese Woche wohl vor allem eines nennen: \u00dcberschaubar. Was das hei\u00dft? Schaut Euch unsere #Freitags5 an...","breadcrumb":{"@id":"https:\/\/www.heldenhaushalt.de\/sari02\/index.php\/2016\/10\/21\/freitags5-5-tage-5-fotos-im-oktober-03\/#breadcrumb"},"inLanguage":"de","potentialAction":[{"@type":"ReadAction","target":["https:\/\/www.heldenhaushalt.de\/sari02\/index.php\/2016\/10\/21\/freitags5-5-tage-5-fotos-im-oktober-03\/"]}]},{"@type":"ImageObject","inLanguage":"de","@id":"https:\/\/www.heldenhaushalt.de\/sari02\/index.php\/2016\/10\/21\/freitags5-5-tage-5-fotos-im-oktober-03\/#primaryimage","url":"https:\/\/www.heldenhaushalt.de\/sari02\/wp-content\/uploads\/2016\/10\/frkw43-04.jpg","contentUrl":"https:\/\/www.heldenhaushalt.de\/sari02\/wp-content\/uploads\/2016\/10\/frkw43-04.jpg","width":800,"height":800},{"@type":"BreadcrumbList","@id":"https:\/\/www.heldenhaushalt.de\/sari02\/index.php\/2016\/10\/21\/freitags5-5-tage-5-fotos-im-oktober-03\/#breadcrumb","itemListElement":[{"@type":"ListItem","position":1,"name":"Startseite","item":"https:\/\/www.heldenhaushalt.de\/sari02\/"},{"@type":"ListItem","position":2,"name":"#Freitags5 \u2013 5 Tage 5 Fotos im Oktober #03"}]},{"@type":"WebSite","@id":"https:\/\/www.heldenhaushalt.de\/sari02\/#website","url":"https:\/\/www.heldenhaushalt.de\/sari02\/","name":"Heldenhaushalt","description":"Wer es ordentlich haben will, der muss vorher anrufen","publisher":{"@id":"https:\/\/www.heldenhaushalt.de\/sari02\/#\/schema\/person\/a1cc69f42a01f412eb62c151353814f6"},"potentialAction":[{"@type":"SearchAction","target":{"@type":"EntryPoint","urlTemplate":"https:\/\/www.heldenhaushalt.de\/sari02\/?s={search_term_string}"},"query-input":{"@type":"PropertyValueSpecification","valueRequired":true,"valueName":"search_term_string"}}],"inLanguage":"de"},{"@type":["Person","Organization"],"@id":"https:\/\/www.heldenhaushalt.de\/sari02\/#\/schema\/person\/a1cc69f42a01f412eb62c151353814f6","name":"Sari","image":{"@type":"ImageObject","inLanguage":"de","@id":"https:\/\/www.heldenhaushalt.de\/sari02\/wp-content\/uploads\/2019\/02\/sari-april2018.png","url":"https:\/\/www.heldenhaushalt.de\/sari02\/wp-content\/uploads\/2019\/02\/sari-april2018.png","contentUrl":"https:\/\/www.heldenhaushalt.de\/sari02\/wp-content\/uploads\/2019\/02\/sari-april2018.png","width":500,"height":500,"caption":"Sari"},"logo":{"@id":"https:\/\/www.heldenhaushalt.de\/sari02\/wp-content\/uploads\/2019\/02\/sari-april2018.png"},"description":"Frau Mondgras \u2013 Das bin ich, Sari. Gerne auch als Sari Mondgras bekannt und im Internet zu finden. 2-Fach-Mutter, Heldenehefrau, Kreativling, Harmonies\u00fcchtig und st\u00e4ndig auf der Suche nach Gl\u00fcck. Ich komme aus Berlin, bin hier aufgewachsen und lebe hier seit ich denken kann.","sameAs":["https:\/\/www.instagram.com\/heldenhaushalt\/"],"url":"https:\/\/www.heldenhaushalt.de\/sari02\/index.php\/author\/admin\/"}]}},"views":3507,"_links":{"self":[{"href":"https:\/\/www.heldenhaushalt.de\/sari02\/index.php\/wp-json\/wp\/v2\/posts\/30618","targetHints":{"allow":["GET"]}}],"collection":[{"href":"https:\/\/www.heldenhaushalt.de\/sari02\/index.php\/wp-json\/wp\/v2\/posts"}],"about":[{"href":"https:\/\/www.heldenhaushalt.de\/sari02\/index.php\/wp-json\/wp\/v2\/types\/post"}],"author":[{"embeddable":true,"href":"https:\/\/www.heldenhaushalt.de\/sari02\/index.php\/wp-json\/wp\/v2\/users\/1"}],"replies":[{"embeddable":true,"href":"https:\/\/www.heldenhaushalt.de\/sari02\/index.php\/wp-json\/wp\/v2\/comments?post=30618"}],"version-history":[{"count":3,"href":"https:\/\/www.heldenhaushalt.de\/sari02\/index.php\/wp-json\/wp\/v2\/posts\/30618\/revisions"}],"predecessor-version":[{"id":30769,"href":"https:\/\/www.heldenhaushalt.de\/sari02\/index.php\/wp-json\/wp\/v2\/posts\/30618\/revisions\/30769"}],"wp:featuredmedia":[{"embeddable":true,"href":"https:\/\/www.heldenhaushalt.de\/sari02\/index.php\/wp-json\/wp\/v2\/media\/30767"}],"wp:attachment":[{"href":"https:\/\/www.heldenhaushalt.de\/sari02\/index.php\/wp-json\/wp\/v2\/media?parent=30618"}],"wp:term":[{"taxonomy":"category","embeddable":true,"href":"https:\/\/www.heldenhaushalt.de\/sari02\/index.php\/wp-json\/wp\/v2\/categories?post=30618"},{"taxonomy":"post_tag","embeddable":true,"href":"https:\/\/www.heldenhaushalt.de\/sari02\/index.php\/wp-json\/wp\/v2\/tags?post=30618"}],"curies":[{"name":"wp","href":"https:\/\/api.w.org\/{rel}","templated":true}]}}