{"id":30752,"date":"2016-10-22T10:00:31","date_gmt":"2016-10-22T08:00:31","guid":{"rendered":"http:\/\/www.heldenhaushalt.de\/sari02\/?p=30752"},"modified":"2016-10-22T08:30:56","modified_gmt":"2016-10-22T06:30:56","slug":"jeses-jahr-wieder-der-adventskalender","status":"publish","type":"post","link":"https:\/\/www.heldenhaushalt.de\/sari02\/index.php\/2016\/10\/22\/jeses-jahr-wieder-der-adventskalender\/","title":{"rendered":"Jedes Jahr wieder: Der Adventskalender"},"content":{"rendered":"<p>Jaaa, ich wei&#223;, es ist noch recht fr&#252;h in diesem Jahr, aber langsam ist es an der Zeit &#252;ber Adventskalender nachzudenken, oder? Ich liebe diese Tradition ja sehr. Immerhin erleichtert sie Jung und Alt das Warten auf Weihnachten und wer mich kennt, der wei&#223;: Sari liebt die Weihnachtszeit.<\/p>\n<p>Es mag seltsam erscheinen Ende Oktober &#252;ber die Weihnachtszeit zu sprechen, aber sind wir doch mal ehrlich &#8211; In den L&#228;den kann man ja auch schon Dominosteine kaufen. Und mich dagegen zu wehren, damit habe ich bereits vor Jahren aufgeh&#246;rt. Daf&#252;r liebe ich Dominosteine einfach viel zu sehr.<\/p>\n<h2>Warten auf den Weihnachtsmann: Wie uns der Adventskalender das Warten erleichtert.<\/h2>\n<p>Gott, diese Anspannung jedes Jahr so kurz vor Jahresende. Als Kind hat mich das wahnsinnig gemacht. Warum dauerte das nur so lange. Im Grunde habe ich das ganze Jahr auf nichts anderes gewartet als dass endlich wieder Weihnachten ist und dann haben sich diese letzten Tage kurz vor dem Ziel immer wie Kaugummi ewig in die L&#228;nge gezogen. Und dennoch&#8230;jeden Morgen bin ich aufgeregt aufgestanden und habe in meinen Kalender geschaut.<\/p>\n<p>Dank meiner Familie durfte ich in den Genuss vieler verschiedener Varianten kommen. Gekaufte Kalender, gebastelte und auch die aufw&#228;ndig selbst bef&#252;llten. Manchmal war der Kalender selber ja schon bald wie Weihnachten.<\/p>\n<p>Und damit komme ich jetzt an einen ziemlich wichtigen Punkt: Ich m&#246;chte mir dar&#252;ber klar werden, was es f&#252;r meine Kinder f&#252;r einen Kalender geben soll.<\/p>\n<h2>Gekaufte oder selbstgemachte Kalender?<\/h2>\n<p>Ich pers&#246;nlich fand ja die selbstgemachten Adventskalender meiner Mutter immer am Sch&#246;nsten. Lag aber sicher auch daran, dass sie immer reich bef&#252;llt waren. Strumpfhosen, Nagellack, kleine Aufkleber, Stifte und all sowas und dazwischen &#8211; nat&#252;rlich &#8211; immer etwas Schokolade. Das war toll!! Und ich bin meinen Eltern sehr dankbar daf&#252;r.<\/p>\n<p>Allerdings finde ich das auch etwas schwierig. Ich habe es in den letzten Jahren in der Sph&#228;re hier beobachtet. Die Beitr&#228;ge, in denen Tipps gegeben werden, womit man die Kalender der Kinder bef&#252;llen k&#246;nnte und habe mich oft gefragt, was man nach diesem Geschenke. &#8211; Marathon seinen Kindern dann eigentlich noch zu Weihnachten schenkt?<\/p>\n<p>Ich gebe zu,ich habe f&#252;r das Heldenkind dieses Jahr einen Kalender bestellt. <a href=\"https:\/\/www.amazon.de\/gp\/product\/B01EKBD0DI\/ref=as_li_tl?ie=UTF8&amp;camp=1638&amp;creative=6742&amp;creativeASIN=B01EKBD0DI&amp;linkCode=as2&amp;tag=mondgrasde-21\" target=\"_blank\">Einen von Playmobil f&#252;r Kleinkinder*<\/a> <em>(Affiliate)<\/em>. Vor allem deshalb, weil er total gerne mit den alten Sachen vom Minihelden spielt und sich das einfach erg&#228;nzt. An dieser Stelle habe ich wohl eher praktisch gedacht. Aber so 100%ig gl&#252;cklich ist die L&#246;sung nicht.<\/p>\n<p>Als ich letztes Jahr mit dem Minihelden &#252;ber das Thema Adventskalender sprach, da fragte ich ihn: &#8220;Was m&#246;chtest du f&#252;r einen Kalender. So einen mit Figuren oder einen mit Schokolade oder wollen wir selber einen basteln?&#8221;. K&#246;nnt Ihr Euch vorstellen, wie &#252;berrascht ich war, <a href=\"http:\/\/www.heldenhaushalt.de\/sari02\/index.php\/2015\/12\/01\/wir-basteln-einen-adventskalender-unsere-ergebnisse-und-inspirationen\/\">als er tats&#228;chlich gemeinsam mit mir selber einen basteln wollte<\/a>. Und ich sollte ihn mit Schokolade bef&#252;llen. Ich schaute mich verwirrt um, ob jemand mein Kind ausgetauscht h&#228;tte und h&#228;tte in dem Moment wohl nicht stolzer sein k&#246;nnen.<\/p>\n<h2>Womit wir einen Kalender bef&#252;llen.<\/h2>\n<p>Nat&#252;rlich konnte ich es nicht lassen und bin ein wenig &#252;ber die t&#228;gliche Dosis Schokolade hinaus gegangen, habe ihn mal hier ein T&#252;tchen Aufkleber mit rangeh&#228;ngt oder dort ein Klebetattoo mit reingepackt. Die &#220;berraschung war nat&#252;rlich gleich doppelt so gro&#223;, da der Miniheld ja &#8220;nur&#8221; mit Schokolade gerechnet hatte. Dennoch achtete ich darauf, dass nicht in jedem und wenn dann wirklich nur Kleinigkeiten im Kalender waren. Ich finde es sowieso schon schwierig zu schenken ohne es zu &#252;bertreiben. Vor allem, weil die Famile ja auch gerne m&#246;chte und Kinderzimmer eigentlich eh schon viel zu voll sind. Da muss man es sich nicht durch solche vorzeitigen Schenkaktionen noch schwerer machen, nicht wahr?<\/p>\n<figure id=\"attachment_28059\" aria-describedby=\"caption-attachment-28059\" style=\"width: 800px\" class=\"wp-caption aligncenter\"><img loading=\"lazy\" decoding=\"async\" class=\"wp-image-28059\" src=\"http:\/\/www.heldenhaushalt.de\/sari02\/wp-content\/uploads\/2015\/12\/kalender2015-03.jpg\" alt=\"Adventskalender\" width=\"800\" height=\"485\" srcset=\"https:\/\/www.heldenhaushalt.de\/sari02\/wp-content\/uploads\/2015\/12\/kalender2015-03.jpg 650w, https:\/\/www.heldenhaushalt.de\/sari02\/wp-content\/uploads\/2015\/12\/kalender2015-03-300x182.jpg 300w, https:\/\/www.heldenhaushalt.de\/sari02\/wp-content\/uploads\/2015\/12\/kalender2015-03-600x364.jpg 600w\" sizes=\"auto, (max-width: 800px) 100vw, 800px\" \/><figcaption id=\"caption-attachment-28059\" class=\"wp-caption-text\">Selbst gebastelter Adventskalender 2015<\/figcaption><\/figure>\n<p>Dieses Jahr stellte ich dem Minihelden die gleiche Frage, weil ich ihm sagte, dass es f&#252;r seinen Bruder den Figurenkalender gab. Ich wollte ihm die M&#246;glichkeit geben, dass er die Chance hatte Gleiches f&#252;r sich zu w&#228;hlen. Aber er w&#228;hlt wieder den Gebastelten. Bitte wieder aus Klorollen und vielleicht dieses Mal mit Schneem&#228;nnern oder Pokemons. Und wisst Ihr was? Ich freue mich schon darauf den Adventskalender mit ihm zu basteln und ihn dann heimlich am Abend zu bef&#252;llen. Mit ein bisschen Schokolade und einer kleinen &#220;berraschung hier und da&#8230;<\/p>\n<p>Womit bef&#252;llt Ihr die Kalender der Kinder. Seid Ihr eher f&#252;r gekauft? Oder nur Schokolade? Letztendlich muss es ja jeder f&#252;r sich entscheiden, aber ich freue mich sehr dar&#252;ber, dass mein Kind da so gen&#252;gsam ist und hoffe, dass es sich das noch lange erhalten wird&#8230;<\/p>\n<p><img loading=\"lazy\" decoding=\"async\" class=\"size-full wp-image-24841 alignright\" src=\"https:\/\/www.heldenhaushalt.de \/sari02\/wp-content\/uploads\/2015\/01\/sari-unter.jpg?resize=130%2C59\" alt=\"sari-unter\" width=\"130\" height=\"59\" \/><\/p>\n","protected":false},"excerpt":{"rendered":"<p>Jaaa, ich wei&#223;, es ist noch recht fr&#252;h in diesem Jahr, aber langsam ist es an der Zeit &#252;ber Adventskalender nachzudenken, oder? Ich liebe diese Tradition ja sehr. Immerhin erleichtert sie Jung und Alt das Warten auf Weihnachten und wer mich kennt, der wei&#223;: Sari liebt die Weihnachtszeit. Es mag seltsam erscheinen Ende Oktober &#252;ber die Weihnachtszeit zu sprechen, aber sind wir doch mal ehrlich &#8211; In den L&#228;den kann man ja auch schon Dominosteine kaufen. Und mich dagegen zu wehren, damit habe ich bereits vor Jahren aufgeh&#246;rt. Daf&#252;r liebe ich Dominosteine einfach viel zu sehr. Warten auf den Weihnachtsmann: Wie uns der Adventskalender das Warten erleichtert. Gott, diese Anspannung jedes Jahr so kurz vor Jahresende. Als Kind hat mich das wahnsinnig gemacht. Warum dauerte das nur so lange. Im Grunde habe ich das ganze Jahr auf nichts anderes gewartet als dass endlich wieder Weihnachten ist und dann haben sich diese letzten Tage kurz vor dem Ziel immer wie Kaugummi ewig in die L&#228;nge gezogen. Und dennoch&#8230;jeden Morgen bin ich aufgeregt aufgestanden und habe in meinen Kalender geschaut. Dank meiner Familie durfte ich in den Genuss vieler verschiedener Varianten kommen. Gekaufte Kalender, gebastelte und auch die aufw&#228;ndig selbst bef&#252;llten. Manchmal war der Kalender selber ja schon bald wie Weihnachten. Und damit komme ich jetzt an einen ziemlich wichtigen Punkt: Ich m&#246;chte mir dar&#252;ber klar werden, was es f&#252;r meine Kinder f&#252;r einen Kalender geben soll. Gekaufte oder selbstgemachte Kalender? Ich pers&#246;nlich fand ja die selbstgemachten Adventskalender meiner Mutter immer am Sch&#246;nsten. Lag aber sicher auch daran, dass sie immer reich bef&#252;llt waren. Strumpfhosen, Nagellack, kleine Aufkleber, Stifte und all sowas und dazwischen &#8211; nat&#252;rlich &#8211; immer etwas Schokolade. Das war toll!! Und ich bin meinen Eltern sehr dankbar daf&#252;r. Allerdings finde ich das auch etwas schwierig. Ich habe es in den letzten Jahren in der Sph&#228;re hier beobachtet. Die Beitr&#228;ge, in denen Tipps gegeben werden, womit man die Kalender der Kinder bef&#252;llen k&#246;nnte und habe mich oft gefragt, was man nach diesem Geschenke. &#8211; Marathon seinen Kindern dann eigentlich noch zu Weihnachten schenkt? Ich gebe zu,ich habe f&#252;r das Heldenkind dieses Jahr einen Kalender bestellt. Einen von Playmobil f&#252;r Kleinkinder* (Affiliate). Vor allem deshalb, weil er total gerne mit den alten Sachen vom Minihelden spielt und sich das einfach erg&#228;nzt. An dieser Stelle habe ich wohl eher praktisch gedacht. Aber so 100%ig gl&#252;cklich ist die L&#246;sung nicht. Als ich letztes Jahr mit dem Minihelden &#252;ber das Thema Adventskalender sprach, da fragte ich ihn: &#8220;Was m&#246;chtest du f&#252;r einen Kalender. So einen mit Figuren oder einen mit Schokolade oder wollen wir selber einen basteln?&#8221;. K&#246;nnt Ihr Euch vorstellen, wie &#252;berrascht ich war, als er tats&#228;chlich gemeinsam mit mir selber einen basteln wollte. Und ich sollte ihn mit Schokolade bef&#252;llen. Ich schaute mich verwirrt um, ob jemand mein Kind ausgetauscht h&#228;tte und h&#228;tte in dem Moment wohl nicht stolzer sein k&#246;nnen. Womit wir einen Kalender bef&#252;llen. Nat&#252;rlich konnte ich es nicht lassen und bin ein wenig &#252;ber die t&#228;gliche Dosis Schokolade hinaus gegangen, habe ihn mal hier ein T&#252;tchen Aufkleber mit rangeh&#228;ngt oder dort ein Klebetattoo mit reingepackt. Die &#220;berraschung war nat&#252;rlich gleich doppelt so gro&#223;, da der Miniheld ja &#8220;nur&#8221; mit Schokolade gerechnet hatte. Dennoch achtete ich darauf, dass nicht in jedem und wenn dann wirklich nur Kleinigkeiten im Kalender waren. Ich finde es sowieso schon schwierig zu schenken ohne es zu &#252;bertreiben. Vor allem, weil die Famile ja auch gerne m&#246;chte und Kinderzimmer eigentlich eh schon viel zu voll sind. Da muss man es sich nicht durch solche vorzeitigen Schenkaktionen noch schwerer machen, nicht wahr? Dieses Jahr stellte ich dem Minihelden die gleiche Frage, weil ich ihm sagte, dass es f&#252;r seinen Bruder den Figurenkalender gab. Ich wollte ihm die M&#246;glichkeit geben, dass er die Chance hatte Gleiches f&#252;r sich zu w&#228;hlen. Aber er w&#228;hlt wieder den Gebastelten. Bitte wieder aus Klorollen und vielleicht dieses Mal mit Schneem&#228;nnern oder Pokemons. Und wisst Ihr was? Ich freue mich schon darauf den Adventskalender mit ihm zu basteln und ihn dann heimlich am Abend zu bef&#252;llen. Mit ein bisschen Schokolade und einer kleinen &#220;berraschung hier und da&#8230; Womit bef&#252;llt Ihr die Kalender der Kinder. Seid Ihr eher f&#252;r gekauft? Oder nur Schokolade? Letztendlich muss es ja jeder f&#252;r sich entscheiden, aber ich freue mich sehr dar&#252;ber, dass mein Kind da so gen&#252;gsam ist und hoffe, dass es sich das noch lange erhalten wird&#8230;<\/p>\n","protected":false},"author":1,"featured_media":30778,"comment_status":"open","ping_status":"open","sticky":false,"template":"","format":"standard","meta":{"ngg_post_thumbnail":0,"footnotes":""},"categories":[46,321],"tags":[],"class_list":["post-30752","post","type-post","status-publish","format-standard","has-post-thumbnail","hentry","category-feiertage","category-minimum"],"yoast_head":"<!-- This site is optimized with the Yoast SEO plugin v27.5 - https:\/\/yoast.com\/product\/yoast-seo-wordpress\/ -->\n<title>Jedes Jahr wieder: Der Adventskalender - Heldenhaushalt<\/title>\n<meta name=\"description\" content=\"Jaaa, ich wei\u00df, es ist noch recht fr\u00fch in diesem Jahr, aber langsam ist es an der Zeit \u00fcber Adventskalender nachzudenken, oder?\" \/>\n<meta name=\"robots\" content=\"index, follow, max-snippet:-1, max-image-preview:large, max-video-preview:-1\" \/>\n<link rel=\"canonical\" href=\"https:\/\/www.heldenhaushalt.de\/sari02\/index.php\/2016\/10\/22\/jeses-jahr-wieder-der-adventskalender\/\" \/>\n<meta property=\"og:locale\" content=\"de_DE\" \/>\n<meta property=\"og:type\" content=\"article\" \/>\n<meta property=\"og:title\" content=\"Jedes Jahr wieder: Der Adventskalender - Heldenhaushalt\" \/>\n<meta property=\"og:description\" content=\"Jaaa, ich wei\u00df, es ist noch recht fr\u00fch in diesem Jahr, aber langsam ist es an der Zeit \u00fcber Adventskalender nachzudenken, oder?\" \/>\n<meta property=\"og:url\" content=\"https:\/\/www.heldenhaushalt.de\/sari02\/index.php\/2016\/10\/22\/jeses-jahr-wieder-der-adventskalender\/\" \/>\n<meta property=\"og:site_name\" content=\"Heldenhaushalt\" \/>\n<meta property=\"article:published_time\" content=\"2016-10-22T08:00:31+00:00\" \/>\n<meta property=\"og:image\" content=\"https:\/\/www.heldenhaushalt.de\/sari02\/wp-content\/uploads\/2016\/10\/kalender2015-02.jpg\" \/>\n\t<meta property=\"og:image:width\" content=\"316\" \/>\n\t<meta property=\"og:image:height\" content=\"298\" \/>\n\t<meta property=\"og:image:type\" content=\"image\/jpeg\" \/>\n<meta name=\"author\" content=\"Sari\" \/>\n<meta name=\"twitter:card\" content=\"summary_large_image\" \/>\n<meta name=\"twitter:creator\" content=\"@Heldenhaushalt\" \/>\n<meta name=\"twitter:site\" content=\"@Heldenhaushalt\" \/>\n<meta name=\"twitter:label1\" content=\"Verfasst von\" \/>\n\t<meta name=\"twitter:data1\" content=\"Sari\" \/>\n\t<meta name=\"twitter:label2\" content=\"Gesch\u00e4tzte Lesezeit\" \/>\n\t<meta name=\"twitter:data2\" content=\"4\u00a0Minuten\" \/>\n<script type=\"application\/ld+json\" class=\"yoast-schema-graph\">{\"@context\":\"https:\\\/\\\/schema.org\",\"@graph\":[{\"@type\":\"Article\",\"@id\":\"https:\\\/\\\/www.heldenhaushalt.de\\\/sari02\\\/index.php\\\/2016\\\/10\\\/22\\\/jeses-jahr-wieder-der-adventskalender\\\/#article\",\"isPartOf\":{\"@id\":\"https:\\\/\\\/www.heldenhaushalt.de\\\/sari02\\\/index.php\\\/2016\\\/10\\\/22\\\/jeses-jahr-wieder-der-adventskalender\\\/\"},\"author\":{\"name\":\"Sari\",\"@id\":\"https:\\\/\\\/www.heldenhaushalt.de\\\/sari02\\\/#\\\/schema\\\/person\\\/a1cc69f42a01f412eb62c151353814f6\"},\"headline\":\"Jedes Jahr wieder: Der Adventskalender\",\"datePublished\":\"2016-10-22T08:00:31+00:00\",\"mainEntityOfPage\":{\"@id\":\"https:\\\/\\\/www.heldenhaushalt.de\\\/sari02\\\/index.php\\\/2016\\\/10\\\/22\\\/jeses-jahr-wieder-der-adventskalender\\\/\"},\"wordCount\":799,\"commentCount\":6,\"publisher\":{\"@id\":\"https:\\\/\\\/www.heldenhaushalt.de\\\/sari02\\\/#\\\/schema\\\/person\\\/a1cc69f42a01f412eb62c151353814f6\"},\"image\":{\"@id\":\"https:\\\/\\\/www.heldenhaushalt.de\\\/sari02\\\/index.php\\\/2016\\\/10\\\/22\\\/jeses-jahr-wieder-der-adventskalender\\\/#primaryimage\"},\"thumbnailUrl\":\"https:\\\/\\\/www.heldenhaushalt.de\\\/sari02\\\/wp-content\\\/uploads\\\/2016\\\/10\\\/kalender2015-02.jpg\",\"articleSection\":[\"Besondere Anl\u00e4sse\",\"Heldenkinder\"],\"inLanguage\":\"de\",\"potentialAction\":[{\"@type\":\"CommentAction\",\"name\":\"Comment\",\"target\":[\"https:\\\/\\\/www.heldenhaushalt.de\\\/sari02\\\/index.php\\\/2016\\\/10\\\/22\\\/jeses-jahr-wieder-der-adventskalender\\\/#respond\"]}]},{\"@type\":\"WebPage\",\"@id\":\"https:\\\/\\\/www.heldenhaushalt.de\\\/sari02\\\/index.php\\\/2016\\\/10\\\/22\\\/jeses-jahr-wieder-der-adventskalender\\\/\",\"url\":\"https:\\\/\\\/www.heldenhaushalt.de\\\/sari02\\\/index.php\\\/2016\\\/10\\\/22\\\/jeses-jahr-wieder-der-adventskalender\\\/\",\"name\":\"Jedes Jahr wieder: Der Adventskalender - Heldenhaushalt\",\"isPartOf\":{\"@id\":\"https:\\\/\\\/www.heldenhaushalt.de\\\/sari02\\\/#website\"},\"primaryImageOfPage\":{\"@id\":\"https:\\\/\\\/www.heldenhaushalt.de\\\/sari02\\\/index.php\\\/2016\\\/10\\\/22\\\/jeses-jahr-wieder-der-adventskalender\\\/#primaryimage\"},\"image\":{\"@id\":\"https:\\\/\\\/www.heldenhaushalt.de\\\/sari02\\\/index.php\\\/2016\\\/10\\\/22\\\/jeses-jahr-wieder-der-adventskalender\\\/#primaryimage\"},\"thumbnailUrl\":\"https:\\\/\\\/www.heldenhaushalt.de\\\/sari02\\\/wp-content\\\/uploads\\\/2016\\\/10\\\/kalender2015-02.jpg\",\"datePublished\":\"2016-10-22T08:00:31+00:00\",\"description\":\"Jaaa, ich wei\u00df, es ist noch recht fr\u00fch in diesem Jahr, aber langsam ist es an der Zeit \u00fcber Adventskalender nachzudenken, oder?\",\"breadcrumb\":{\"@id\":\"https:\\\/\\\/www.heldenhaushalt.de\\\/sari02\\\/index.php\\\/2016\\\/10\\\/22\\\/jeses-jahr-wieder-der-adventskalender\\\/#breadcrumb\"},\"inLanguage\":\"de\",\"potentialAction\":[{\"@type\":\"ReadAction\",\"target\":[\"https:\\\/\\\/www.heldenhaushalt.de\\\/sari02\\\/index.php\\\/2016\\\/10\\\/22\\\/jeses-jahr-wieder-der-adventskalender\\\/\"]}]},{\"@type\":\"ImageObject\",\"inLanguage\":\"de\",\"@id\":\"https:\\\/\\\/www.heldenhaushalt.de\\\/sari02\\\/index.php\\\/2016\\\/10\\\/22\\\/jeses-jahr-wieder-der-adventskalender\\\/#primaryimage\",\"url\":\"https:\\\/\\\/www.heldenhaushalt.de\\\/sari02\\\/wp-content\\\/uploads\\\/2016\\\/10\\\/kalender2015-02.jpg\",\"contentUrl\":\"https:\\\/\\\/www.heldenhaushalt.de\\\/sari02\\\/wp-content\\\/uploads\\\/2016\\\/10\\\/kalender2015-02.jpg\",\"width\":316,\"height\":298},{\"@type\":\"BreadcrumbList\",\"@id\":\"https:\\\/\\\/www.heldenhaushalt.de\\\/sari02\\\/index.php\\\/2016\\\/10\\\/22\\\/jeses-jahr-wieder-der-adventskalender\\\/#breadcrumb\",\"itemListElement\":[{\"@type\":\"ListItem\",\"position\":1,\"name\":\"Startseite\",\"item\":\"https:\\\/\\\/www.heldenhaushalt.de\\\/sari02\\\/\"},{\"@type\":\"ListItem\",\"position\":2,\"name\":\"Jedes Jahr wieder: Der Adventskalender\"}]},{\"@type\":\"WebSite\",\"@id\":\"https:\\\/\\\/www.heldenhaushalt.de\\\/sari02\\\/#website\",\"url\":\"https:\\\/\\\/www.heldenhaushalt.de\\\/sari02\\\/\",\"name\":\"Heldenhaushalt\",\"description\":\"Wer es ordentlich haben will, der muss vorher anrufen\",\"publisher\":{\"@id\":\"https:\\\/\\\/www.heldenhaushalt.de\\\/sari02\\\/#\\\/schema\\\/person\\\/a1cc69f42a01f412eb62c151353814f6\"},\"potentialAction\":[{\"@type\":\"SearchAction\",\"target\":{\"@type\":\"EntryPoint\",\"urlTemplate\":\"https:\\\/\\\/www.heldenhaushalt.de\\\/sari02\\\/?s={search_term_string}\"},\"query-input\":{\"@type\":\"PropertyValueSpecification\",\"valueRequired\":true,\"valueName\":\"search_term_string\"}}],\"inLanguage\":\"de\"},{\"@type\":[\"Person\",\"Organization\"],\"@id\":\"https:\\\/\\\/www.heldenhaushalt.de\\\/sari02\\\/#\\\/schema\\\/person\\\/a1cc69f42a01f412eb62c151353814f6\",\"name\":\"Sari\",\"image\":{\"@type\":\"ImageObject\",\"inLanguage\":\"de\",\"@id\":\"https:\\\/\\\/www.heldenhaushalt.de\\\/sari02\\\/wp-content\\\/uploads\\\/2019\\\/02\\\/sari-april2018.png\",\"url\":\"https:\\\/\\\/www.heldenhaushalt.de\\\/sari02\\\/wp-content\\\/uploads\\\/2019\\\/02\\\/sari-april2018.png\",\"contentUrl\":\"https:\\\/\\\/www.heldenhaushalt.de\\\/sari02\\\/wp-content\\\/uploads\\\/2019\\\/02\\\/sari-april2018.png\",\"width\":500,\"height\":500,\"caption\":\"Sari\"},\"logo\":{\"@id\":\"https:\\\/\\\/www.heldenhaushalt.de\\\/sari02\\\/wp-content\\\/uploads\\\/2019\\\/02\\\/sari-april2018.png\"},\"description\":\"Frau Mondgras \u2013 Das bin ich, Sari. Gerne auch als Sari Mondgras bekannt und im Internet zu finden. 2-Fach-Mutter, Heldenehefrau, Kreativling, Harmonies\u00fcchtig und st\u00e4ndig auf der Suche nach Gl\u00fcck. Ich komme aus Berlin, bin hier aufgewachsen und lebe hier seit ich denken kann.\",\"sameAs\":[\"https:\\\/\\\/www.instagram.com\\\/heldenhaushalt\\\/\"],\"url\":\"https:\\\/\\\/www.heldenhaushalt.de\\\/sari02\\\/index.php\\\/author\\\/admin\\\/\"}]}<\/script>\n<!-- \/ Yoast SEO plugin. -->","yoast_head_json":{"title":"Jedes Jahr wieder: Der Adventskalender - Heldenhaushalt","description":"Jaaa, ich wei\u00df, es ist noch recht fr\u00fch in diesem Jahr, aber langsam ist es an der Zeit \u00fcber Adventskalender nachzudenken, oder?","robots":{"index":"index","follow":"follow","max-snippet":"max-snippet:-1","max-image-preview":"max-image-preview:large","max-video-preview":"max-video-preview:-1"},"canonical":"https:\/\/www.heldenhaushalt.de\/sari02\/index.php\/2016\/10\/22\/jeses-jahr-wieder-der-adventskalender\/","og_locale":"de_DE","og_type":"article","og_title":"Jedes Jahr wieder: Der Adventskalender - Heldenhaushalt","og_description":"Jaaa, ich wei\u00df, es ist noch recht fr\u00fch in diesem Jahr, aber langsam ist es an der Zeit \u00fcber Adventskalender nachzudenken, oder?","og_url":"https:\/\/www.heldenhaushalt.de\/sari02\/index.php\/2016\/10\/22\/jeses-jahr-wieder-der-adventskalender\/","og_site_name":"Heldenhaushalt","article_published_time":"2016-10-22T08:00:31+00:00","og_image":[{"width":316,"height":298,"url":"https:\/\/www.heldenhaushalt.de\/sari02\/wp-content\/uploads\/2016\/10\/kalender2015-02.jpg","type":"image\/jpeg"}],"author":"Sari","twitter_card":"summary_large_image","twitter_creator":"@Heldenhaushalt","twitter_site":"@Heldenhaushalt","twitter_misc":{"Verfasst von":"Sari","Gesch\u00e4tzte Lesezeit":"4\u00a0Minuten"},"schema":{"@context":"https:\/\/schema.org","@graph":[{"@type":"Article","@id":"https:\/\/www.heldenhaushalt.de\/sari02\/index.php\/2016\/10\/22\/jeses-jahr-wieder-der-adventskalender\/#article","isPartOf":{"@id":"https:\/\/www.heldenhaushalt.de\/sari02\/index.php\/2016\/10\/22\/jeses-jahr-wieder-der-adventskalender\/"},"author":{"name":"Sari","@id":"https:\/\/www.heldenhaushalt.de\/sari02\/#\/schema\/person\/a1cc69f42a01f412eb62c151353814f6"},"headline":"Jedes Jahr wieder: Der Adventskalender","datePublished":"2016-10-22T08:00:31+00:00","mainEntityOfPage":{"@id":"https:\/\/www.heldenhaushalt.de\/sari02\/index.php\/2016\/10\/22\/jeses-jahr-wieder-der-adventskalender\/"},"wordCount":799,"commentCount":6,"publisher":{"@id":"https:\/\/www.heldenhaushalt.de\/sari02\/#\/schema\/person\/a1cc69f42a01f412eb62c151353814f6"},"image":{"@id":"https:\/\/www.heldenhaushalt.de\/sari02\/index.php\/2016\/10\/22\/jeses-jahr-wieder-der-adventskalender\/#primaryimage"},"thumbnailUrl":"https:\/\/www.heldenhaushalt.de\/sari02\/wp-content\/uploads\/2016\/10\/kalender2015-02.jpg","articleSection":["Besondere Anl\u00e4sse","Heldenkinder"],"inLanguage":"de","potentialAction":[{"@type":"CommentAction","name":"Comment","target":["https:\/\/www.heldenhaushalt.de\/sari02\/index.php\/2016\/10\/22\/jeses-jahr-wieder-der-adventskalender\/#respond"]}]},{"@type":"WebPage","@id":"https:\/\/www.heldenhaushalt.de\/sari02\/index.php\/2016\/10\/22\/jeses-jahr-wieder-der-adventskalender\/","url":"https:\/\/www.heldenhaushalt.de\/sari02\/index.php\/2016\/10\/22\/jeses-jahr-wieder-der-adventskalender\/","name":"Jedes Jahr wieder: Der Adventskalender - Heldenhaushalt","isPartOf":{"@id":"https:\/\/www.heldenhaushalt.de\/sari02\/#website"},"primaryImageOfPage":{"@id":"https:\/\/www.heldenhaushalt.de\/sari02\/index.php\/2016\/10\/22\/jeses-jahr-wieder-der-adventskalender\/#primaryimage"},"image":{"@id":"https:\/\/www.heldenhaushalt.de\/sari02\/index.php\/2016\/10\/22\/jeses-jahr-wieder-der-adventskalender\/#primaryimage"},"thumbnailUrl":"https:\/\/www.heldenhaushalt.de\/sari02\/wp-content\/uploads\/2016\/10\/kalender2015-02.jpg","datePublished":"2016-10-22T08:00:31+00:00","description":"Jaaa, ich wei\u00df, es ist noch recht fr\u00fch in diesem Jahr, aber langsam ist es an der Zeit \u00fcber Adventskalender nachzudenken, oder?","breadcrumb":{"@id":"https:\/\/www.heldenhaushalt.de\/sari02\/index.php\/2016\/10\/22\/jeses-jahr-wieder-der-adventskalender\/#breadcrumb"},"inLanguage":"de","potentialAction":[{"@type":"ReadAction","target":["https:\/\/www.heldenhaushalt.de\/sari02\/index.php\/2016\/10\/22\/jeses-jahr-wieder-der-adventskalender\/"]}]},{"@type":"ImageObject","inLanguage":"de","@id":"https:\/\/www.heldenhaushalt.de\/sari02\/index.php\/2016\/10\/22\/jeses-jahr-wieder-der-adventskalender\/#primaryimage","url":"https:\/\/www.heldenhaushalt.de\/sari02\/wp-content\/uploads\/2016\/10\/kalender2015-02.jpg","contentUrl":"https:\/\/www.heldenhaushalt.de\/sari02\/wp-content\/uploads\/2016\/10\/kalender2015-02.jpg","width":316,"height":298},{"@type":"BreadcrumbList","@id":"https:\/\/www.heldenhaushalt.de\/sari02\/index.php\/2016\/10\/22\/jeses-jahr-wieder-der-adventskalender\/#breadcrumb","itemListElement":[{"@type":"ListItem","position":1,"name":"Startseite","item":"https:\/\/www.heldenhaushalt.de\/sari02\/"},{"@type":"ListItem","position":2,"name":"Jedes Jahr wieder: Der Adventskalender"}]},{"@type":"WebSite","@id":"https:\/\/www.heldenhaushalt.de\/sari02\/#website","url":"https:\/\/www.heldenhaushalt.de\/sari02\/","name":"Heldenhaushalt","description":"Wer es ordentlich haben will, der muss vorher anrufen","publisher":{"@id":"https:\/\/www.heldenhaushalt.de\/sari02\/#\/schema\/person\/a1cc69f42a01f412eb62c151353814f6"},"potentialAction":[{"@type":"SearchAction","target":{"@type":"EntryPoint","urlTemplate":"https:\/\/www.heldenhaushalt.de\/sari02\/?s={search_term_string}"},"query-input":{"@type":"PropertyValueSpecification","valueRequired":true,"valueName":"search_term_string"}}],"inLanguage":"de"},{"@type":["Person","Organization"],"@id":"https:\/\/www.heldenhaushalt.de\/sari02\/#\/schema\/person\/a1cc69f42a01f412eb62c151353814f6","name":"Sari","image":{"@type":"ImageObject","inLanguage":"de","@id":"https:\/\/www.heldenhaushalt.de\/sari02\/wp-content\/uploads\/2019\/02\/sari-april2018.png","url":"https:\/\/www.heldenhaushalt.de\/sari02\/wp-content\/uploads\/2019\/02\/sari-april2018.png","contentUrl":"https:\/\/www.heldenhaushalt.de\/sari02\/wp-content\/uploads\/2019\/02\/sari-april2018.png","width":500,"height":500,"caption":"Sari"},"logo":{"@id":"https:\/\/www.heldenhaushalt.de\/sari02\/wp-content\/uploads\/2019\/02\/sari-april2018.png"},"description":"Frau Mondgras \u2013 Das bin ich, Sari. Gerne auch als Sari Mondgras bekannt und im Internet zu finden. 2-Fach-Mutter, Heldenehefrau, Kreativling, Harmonies\u00fcchtig und st\u00e4ndig auf der Suche nach Gl\u00fcck. Ich komme aus Berlin, bin hier aufgewachsen und lebe hier seit ich denken kann.","sameAs":["https:\/\/www.instagram.com\/heldenhaushalt\/"],"url":"https:\/\/www.heldenhaushalt.de\/sari02\/index.php\/author\/admin\/"}]}},"views":4630,"_links":{"self":[{"href":"https:\/\/www.heldenhaushalt.de\/sari02\/index.php\/wp-json\/wp\/v2\/posts\/30752","targetHints":{"allow":["GET"]}}],"collection":[{"href":"https:\/\/www.heldenhaushalt.de\/sari02\/index.php\/wp-json\/wp\/v2\/posts"}],"about":[{"href":"https:\/\/www.heldenhaushalt.de\/sari02\/index.php\/wp-json\/wp\/v2\/types\/post"}],"author":[{"embeddable":true,"href":"https:\/\/www.heldenhaushalt.de\/sari02\/index.php\/wp-json\/wp\/v2\/users\/1"}],"replies":[{"embeddable":true,"href":"https:\/\/www.heldenhaushalt.de\/sari02\/index.php\/wp-json\/wp\/v2\/comments?post=30752"}],"version-history":[{"count":2,"href":"https:\/\/www.heldenhaushalt.de\/sari02\/index.php\/wp-json\/wp\/v2\/posts\/30752\/revisions"}],"predecessor-version":[{"id":30754,"href":"https:\/\/www.heldenhaushalt.de\/sari02\/index.php\/wp-json\/wp\/v2\/posts\/30752\/revisions\/30754"}],"wp:featuredmedia":[{"embeddable":true,"href":"https:\/\/www.heldenhaushalt.de\/sari02\/index.php\/wp-json\/wp\/v2\/media\/30778"}],"wp:attachment":[{"href":"https:\/\/www.heldenhaushalt.de\/sari02\/index.php\/wp-json\/wp\/v2\/media?parent=30752"}],"wp:term":[{"taxonomy":"category","embeddable":true,"href":"https:\/\/www.heldenhaushalt.de\/sari02\/index.php\/wp-json\/wp\/v2\/categories?post=30752"},{"taxonomy":"post_tag","embeddable":true,"href":"https:\/\/www.heldenhaushalt.de\/sari02\/index.php\/wp-json\/wp\/v2\/tags?post=30752"}],"curies":[{"name":"wp","href":"https:\/\/api.w.org\/{rel}","templated":true}]}}