{"id":30770,"date":"2016-10-26T11:00:40","date_gmt":"2016-10-26T09:00:40","guid":{"rendered":"http:\/\/www.heldenhaushalt.de\/sari02\/?p=30770"},"modified":"2016-10-26T11:18:34","modified_gmt":"2016-10-26T09:18:34","slug":"nicht-ohne-meine-kinder","status":"publish","type":"post","link":"https:\/\/www.heldenhaushalt.de\/sari02\/index.php\/2016\/10\/26\/nicht-ohne-meine-kinder\/","title":{"rendered":"[Mmi] Warum ich nicht ohne meine Kinder sein m&#246;chte!"},"content":{"rendered":"<p>&nbsp;<\/p>\n<p><img loading=\"lazy\" decoding=\"async\" class=\"aligncenter size-full wp-image-30827\" src=\"http:\/\/www.heldenhaushalt.de\/sari02\/wp-content\/uploads\/2016\/10\/regenkinder.jpg\" alt=\"Kinder\" width=\"800\" height=\"336\" srcset=\"https:\/\/www.heldenhaushalt.de\/sari02\/wp-content\/uploads\/2016\/10\/regenkinder.jpg 800w, https:\/\/www.heldenhaushalt.de\/sari02\/wp-content\/uploads\/2016\/10\/regenkinder-300x126.jpg 300w, https:\/\/www.heldenhaushalt.de\/sari02\/wp-content\/uploads\/2016\/10\/regenkinder-768x323.jpg 768w, https:\/\/www.heldenhaushalt.de\/sari02\/wp-content\/uploads\/2016\/10\/regenkinder-600x252.jpg 600w\" sizes=\"auto, (max-width: 800px) 100vw, 800px\" \/><\/p>\n<p>&#8220;Du brauchst nur etwas zu sagen&#8221;, wird mir oft angeboten, &#8220;dann komme ich und nehme Dir die Kinder f&#252;r ein paar Stunden ab&#8221;. Ein total liebes Angebot. Definitiv und viele nehmen so etwas auch wirklich gerne an. Aber soll ich Euch mal ein Geheimnis verraten? Ich m&#246;chte &#252;berhaupt nicht ohne meine Kinder sein.<\/p>\n<h2>Kinderfrei? Nicht mit mir!<\/h2>\n<p>Viele Eltern nutzen das wirklich gerne. Diese M&#246;glichkeit von Babysitter, Omas und Opas und Freundschaften, wo man die Kinder mal abgeben kann, damit man etwas Zeit f&#252;r sich hat. Es ist toll, dass es diese M&#246;glichkeiten gibt und nicht jeder hat sie so ohne Weiteres zur Hand.<\/p>\n<p>Ziemlich schnell habe ich jedoch gemerkt, dass ich mich total gerne mit meinen Kindern umgebe und bevor ich sie irgendwo abgebe, damit ich Zeit f&#252;r mich habe, verbringe ich diese Zeit lieber mit ihnen. Mag sein, dass ich sie dadurch irgendwie auch an mich binde, aber ich sehe deutlich, dass sie es genie&#223;en.<\/p>\n<p>Auch wenn ich an manchen Tagen die Quittung daf&#252;r kriege, weil der Gro&#223;e zum Beispiel eben lieber auch mit mir spielt, als mit anderen Kindern. Fatal *seufz*&#8230;<\/p>\n<h2>Meine Kinder sind meine besten Freunde<\/h2>\n<p>Ich sprach mal mit einer anderen Mutter. Was ich so den ganzen Tag mit den Kindern machen w&#252;rde, fragte sie mich. &#8220;Oooch&#8221;, anwortete ich, &#8220;ich male und bastel total gerne mit ihnen. Manchmal singen wir auch und h&#246;ren dabei Musik. Wir gehen spazieren und sammeln Dinge aus der Natur oder machen sch&#246;ne Ausfl&#252;ge&#8221;. Da merke man die Erzieherin in mir, meinte sie nur dazu. Und f&#252;r sie w&#228;re das ja so gar nix. Sie bastelt nicht gerne, malt nicht gerne. Backen auch nur, wenn sie muss usw. Wie verschieden man sein kann, oder?<\/p>\n<p>Ich hab das alles schon immer, auch als Kind, total gerne gemacht. Als ich dann selber Mutter wurde, konnte ich diesen Zeitpunkt, wo meine Kinder alt genug f&#252;r sowas waren, kaum abwarten. Ich freute mich auf das gemeinsame Malen, das gemeinsame Basteln, das Singen und Suchen, Lachen und Tanzen. Ich hatte &#252;ber die Jahre hinweg Ideen und Materialien gesammelt, die ich dann alle nutzen wollte. Unbegreiflich, wie man so etwas nicht gerne machen kann. Also mir zumindest. Aber da hat eben jeder seine eigenen St&#228;rken und Vorlieben. Und ich glaube nicht, dass das etwas mit meiner Erzieher &#8211; Ausbildung zu tun hat.<\/p>\n<h2>Gemeinsam mit den Kindern die Welt entdecken&#8230;und auch loslassen k&#246;nnen<\/h2>\n<p>&#8220;Soll ich sie Dir mal abnehmen&#8221;, wieder diese Frage. Als ob man mich entlasten w&#252;rde. Tut man aber gar nicht. Es belastet mich eher. Ich vermisse meine Kinder dann und freue mich, wenn sie endlich wieder bei mir sind. <strong>Wer wei&#223;, wie lange sie noch Zeit mit mir verbringen wollen.<\/strong> Und ich kann so vieles noch von ihnen lernen, bevor der Alltag sie einholt und ihnen die Zeit zum kindlichen Entdecken nimmt.<\/p>\n<p>Ich genie&#223;e die Zeit, die ich mit meinen Kindern habe. Irgendwann wird dieser Tag kommen, an dem sie mir sagen, dass sie erst abends nach Hause kommen, den ganzen Tag bei einem Freund sind, vielleicht dort &#252;bernachten. Alleine verreisen und mir irgendwann mitteilen, dass sie nun ausziehen wollen (auch wenn der Miniheld aktuell noch das Gegenteil behauptet: &#8220;Mama, ich werde f&#252;r immer bei Euch bleiben!&#8221;). Diese Tage werden kommen und dann wird es so sein, wie es halt sein soll: Sie f&#252;hren ihr eigenes Leben und wir stellen nur noch einen Anteil davon dar. Wir gro&#223; dieser sein wird, das zeigt die Zeit. Immerhin ist es nicht mehr so selten, dass Kinder auch auswandern, in andere St&#228;dte ziehen um zu studieren usw&#8230;. da ist jede Minute kostbar!<\/p>\n<p>Und deshalb werdet Ihr mich (aktuell noch) eher selten ohne meine Kinder irgendwo antreffen und ich glaube, das ist auch gut so. Oder was meint Ihr?<\/p>\n<p><a href=\"http:\/\/frollein-pfau.blogspot.de\/2013\/03\/mittwochs-mag-ich-mmi.html\" target=\"_blank\"><img loading=\"lazy\" decoding=\"async\" class=\" aligncenter\" src=\"https:\/\/www.heldenhaushalt.de\/sari02\/wp-content\/uploads\/2015\/07\/MMI_Frollein-Pfau.png?w=640\" alt=\"\" width=\"170\" height=\"71\" \/><\/a><\/p>\n<p><img loading=\"lazy\" decoding=\"async\" class=\" size-full wp-image-24841 alignright\" src=\"https:\/\/www.heldenhaushalt.de \/sari02\/wp-content\/uploads\/2015\/01\/sari-unter.jpg?resize=130%2C59\" alt=\"sari-unter\" width=\"130\" height=\"59\" \/><\/p>\n","protected":false},"excerpt":{"rendered":"<p>&nbsp; &#8220;Du brauchst nur etwas zu sagen&#8221;, wird mir oft angeboten, &#8220;dann komme ich und nehme Dir die Kinder f&#252;r ein paar Stunden ab&#8221;. Ein total liebes Angebot. Definitiv und viele nehmen so etwas auch wirklich gerne an. Aber soll ich Euch mal ein Geheimnis verraten? Ich m&#246;chte &#252;berhaupt nicht ohne meine Kinder sein. Kinderfrei? Nicht mit mir! Viele Eltern nutzen das wirklich gerne. Diese M&#246;glichkeit von Babysitter, Omas und Opas und Freundschaften, wo man die Kinder mal abgeben kann, damit man etwas Zeit f&#252;r sich hat. Es ist toll, dass es diese M&#246;glichkeiten gibt und nicht jeder hat sie so ohne Weiteres zur Hand. Ziemlich schnell habe ich jedoch gemerkt, dass ich mich total gerne mit meinen Kindern umgebe und bevor ich sie irgendwo abgebe, damit ich Zeit f&#252;r mich habe, verbringe ich diese Zeit lieber mit ihnen. Mag sein, dass ich sie dadurch irgendwie auch an mich binde, aber ich sehe deutlich, dass sie es genie&#223;en. Auch wenn ich an manchen Tagen die Quittung daf&#252;r kriege, weil der Gro&#223;e zum Beispiel eben lieber auch mit mir spielt, als mit anderen Kindern. Fatal *seufz*&#8230; Meine Kinder sind meine besten Freunde Ich sprach mal mit einer anderen Mutter. Was ich so den ganzen Tag mit den Kindern machen w&#252;rde, fragte sie mich. &#8220;Oooch&#8221;, anwortete ich, &#8220;ich male und bastel total gerne mit ihnen. Manchmal singen wir auch und h&#246;ren dabei Musik. Wir gehen spazieren und sammeln Dinge aus der Natur oder machen sch&#246;ne Ausfl&#252;ge&#8221;. Da merke man die Erzieherin in mir, meinte sie nur dazu. Und f&#252;r sie w&#228;re das ja so gar nix. Sie bastelt nicht gerne, malt nicht gerne. Backen auch nur, wenn sie muss usw. Wie verschieden man sein kann, oder? Ich hab das alles schon immer, auch als Kind, total gerne gemacht. Als ich dann selber Mutter wurde, konnte ich diesen Zeitpunkt, wo meine Kinder alt genug f&#252;r sowas waren, kaum abwarten. Ich freute mich auf das gemeinsame Malen, das gemeinsame Basteln, das Singen und Suchen, Lachen und Tanzen. Ich hatte &#252;ber die Jahre hinweg Ideen und Materialien gesammelt, die ich dann alle nutzen wollte. Unbegreiflich, wie man so etwas nicht gerne machen kann. Also mir zumindest. Aber da hat eben jeder seine eigenen St&#228;rken und Vorlieben. Und ich glaube nicht, dass das etwas mit meiner Erzieher &#8211; Ausbildung zu tun hat. Gemeinsam mit den Kindern die Welt entdecken&#8230;und auch loslassen k&#246;nnen &#8220;Soll ich sie Dir mal abnehmen&#8221;, wieder diese Frage. Als ob man mich entlasten w&#252;rde. Tut man aber gar nicht. Es belastet mich eher. Ich vermisse meine Kinder dann und freue mich, wenn sie endlich wieder bei mir sind. Wer wei&#223;, wie lange sie noch Zeit mit mir verbringen wollen. Und ich kann so vieles noch von ihnen lernen, bevor der Alltag sie einholt und ihnen die Zeit zum kindlichen Entdecken nimmt. Ich genie&#223;e die Zeit, die ich mit meinen Kindern habe. Irgendwann wird dieser Tag kommen, an dem sie mir sagen, dass sie erst abends nach Hause kommen, den ganzen Tag bei einem Freund sind, vielleicht dort &#252;bernachten. Alleine verreisen und mir irgendwann mitteilen, dass sie nun ausziehen wollen (auch wenn der Miniheld aktuell noch das Gegenteil behauptet: &#8220;Mama, ich werde f&#252;r immer bei Euch bleiben!&#8221;). Diese Tage werden kommen und dann wird es so sein, wie es halt sein soll: Sie f&#252;hren ihr eigenes Leben und wir stellen nur noch einen Anteil davon dar. Wir gro&#223; dieser sein wird, das zeigt die Zeit. Immerhin ist es nicht mehr so selten, dass Kinder auch auswandern, in andere St&#228;dte ziehen um zu studieren usw&#8230;. da ist jede Minute kostbar! Und deshalb werdet Ihr mich (aktuell noch) eher selten ohne meine Kinder irgendwo antreffen und ich glaube, das ist auch gut so. Oder was meint Ihr?<\/p>\n","protected":false},"author":1,"featured_media":30827,"comment_status":"open","ping_status":"open","sticky":false,"template":"","format":"standard","meta":{"ngg_post_thumbnail":0,"footnotes":""},"categories":[50,321],"tags":[45,875,69,874,876],"class_list":["post-30770","post","type-post","status-publish","format-standard","has-post-thumbnail","hentry","category-gedanken","category-minimum","tag-alltag","tag-entlastung","tag-familie","tag-meine-kinder","tag-zeit"],"yoast_head":"<!-- This site is optimized with the Yoast SEO plugin v27.5 - https:\/\/yoast.com\/product\/yoast-seo-wordpress\/ -->\n<title>[Mmi] Warum ich nicht ohne meine Kinder sein m\u00f6chte! - Heldenhaushalt<\/title>\n<meta name=\"description\" content=\"Ich sprach mal mit einer anderen Mutter. Was ich so den ganzen Tag mit den Kindern machen w\u00fcrde, fragte sie mich. Meine Kinder!\" \/>\n<meta name=\"robots\" content=\"index, follow, max-snippet:-1, max-image-preview:large, max-video-preview:-1\" \/>\n<link rel=\"canonical\" href=\"https:\/\/www.heldenhaushalt.de\/sari02\/index.php\/2016\/10\/26\/nicht-ohne-meine-kinder\/\" \/>\n<meta property=\"og:locale\" content=\"de_DE\" \/>\n<meta property=\"og:type\" content=\"article\" \/>\n<meta property=\"og:title\" content=\"[Mmi] Warum ich nicht ohne meine Kinder sein m\u00f6chte! - Heldenhaushalt\" \/>\n<meta property=\"og:description\" content=\"Ich sprach mal mit einer anderen Mutter. Was ich so den ganzen Tag mit den Kindern machen w\u00fcrde, fragte sie mich. Meine Kinder!\" \/>\n<meta property=\"og:url\" content=\"https:\/\/www.heldenhaushalt.de\/sari02\/index.php\/2016\/10\/26\/nicht-ohne-meine-kinder\/\" \/>\n<meta property=\"og:site_name\" content=\"Heldenhaushalt\" \/>\n<meta property=\"article:published_time\" content=\"2016-10-26T09:00:40+00:00\" \/>\n<meta property=\"article:modified_time\" content=\"2016-10-26T09:18:34+00:00\" \/>\n<meta property=\"og:image\" content=\"https:\/\/www.heldenhaushalt.de\/sari02\/wp-content\/uploads\/2016\/10\/regenkinder.jpg\" \/>\n\t<meta property=\"og:image:width\" content=\"800\" \/>\n\t<meta property=\"og:image:height\" content=\"336\" \/>\n\t<meta property=\"og:image:type\" content=\"image\/jpeg\" \/>\n<meta name=\"author\" content=\"Sari\" \/>\n<meta name=\"twitter:card\" content=\"summary_large_image\" \/>\n<meta name=\"twitter:creator\" content=\"@Heldenhaushalt\" \/>\n<meta name=\"twitter:site\" content=\"@Heldenhaushalt\" \/>\n<meta name=\"twitter:label1\" content=\"Verfasst von\" \/>\n\t<meta name=\"twitter:data1\" content=\"Sari\" \/>\n\t<meta name=\"twitter:label2\" content=\"Gesch\u00e4tzte Lesezeit\" \/>\n\t<meta name=\"twitter:data2\" content=\"3\u00a0Minuten\" \/>\n<script type=\"application\/ld+json\" class=\"yoast-schema-graph\">{\"@context\":\"https:\\\/\\\/schema.org\",\"@graph\":[{\"@type\":\"Article\",\"@id\":\"https:\\\/\\\/www.heldenhaushalt.de\\\/sari02\\\/index.php\\\/2016\\\/10\\\/26\\\/nicht-ohne-meine-kinder\\\/#article\",\"isPartOf\":{\"@id\":\"https:\\\/\\\/www.heldenhaushalt.de\\\/sari02\\\/index.php\\\/2016\\\/10\\\/26\\\/nicht-ohne-meine-kinder\\\/\"},\"author\":{\"name\":\"Sari\",\"@id\":\"https:\\\/\\\/www.heldenhaushalt.de\\\/sari02\\\/#\\\/schema\\\/person\\\/a1cc69f42a01f412eb62c151353814f6\"},\"headline\":\"[Mmi] Warum ich nicht ohne meine Kinder sein m&#246;chte!\",\"datePublished\":\"2016-10-26T09:00:40+00:00\",\"dateModified\":\"2016-10-26T09:18:34+00:00\",\"mainEntityOfPage\":{\"@id\":\"https:\\\/\\\/www.heldenhaushalt.de\\\/sari02\\\/index.php\\\/2016\\\/10\\\/26\\\/nicht-ohne-meine-kinder\\\/\"},\"wordCount\":655,\"commentCount\":19,\"publisher\":{\"@id\":\"https:\\\/\\\/www.heldenhaushalt.de\\\/sari02\\\/#\\\/schema\\\/person\\\/a1cc69f42a01f412eb62c151353814f6\"},\"image\":{\"@id\":\"https:\\\/\\\/www.heldenhaushalt.de\\\/sari02\\\/index.php\\\/2016\\\/10\\\/26\\\/nicht-ohne-meine-kinder\\\/#primaryimage\"},\"thumbnailUrl\":\"https:\\\/\\\/www.heldenhaushalt.de\\\/sari02\\\/wp-content\\\/uploads\\\/2016\\\/10\\\/regenkinder.jpg\",\"keywords\":[\"Allt\u00e4glich\",\"Entlastung\",\"Familie\",\"Meine Kinder\",\"Zeit\"],\"articleSection\":[\"Gedankenwelt\",\"Heldenkinder\"],\"inLanguage\":\"de\",\"potentialAction\":[{\"@type\":\"CommentAction\",\"name\":\"Comment\",\"target\":[\"https:\\\/\\\/www.heldenhaushalt.de\\\/sari02\\\/index.php\\\/2016\\\/10\\\/26\\\/nicht-ohne-meine-kinder\\\/#respond\"]}]},{\"@type\":\"WebPage\",\"@id\":\"https:\\\/\\\/www.heldenhaushalt.de\\\/sari02\\\/index.php\\\/2016\\\/10\\\/26\\\/nicht-ohne-meine-kinder\\\/\",\"url\":\"https:\\\/\\\/www.heldenhaushalt.de\\\/sari02\\\/index.php\\\/2016\\\/10\\\/26\\\/nicht-ohne-meine-kinder\\\/\",\"name\":\"[Mmi] Warum ich nicht ohne meine Kinder sein m\u00f6chte! - Heldenhaushalt\",\"isPartOf\":{\"@id\":\"https:\\\/\\\/www.heldenhaushalt.de\\\/sari02\\\/#website\"},\"primaryImageOfPage\":{\"@id\":\"https:\\\/\\\/www.heldenhaushalt.de\\\/sari02\\\/index.php\\\/2016\\\/10\\\/26\\\/nicht-ohne-meine-kinder\\\/#primaryimage\"},\"image\":{\"@id\":\"https:\\\/\\\/www.heldenhaushalt.de\\\/sari02\\\/index.php\\\/2016\\\/10\\\/26\\\/nicht-ohne-meine-kinder\\\/#primaryimage\"},\"thumbnailUrl\":\"https:\\\/\\\/www.heldenhaushalt.de\\\/sari02\\\/wp-content\\\/uploads\\\/2016\\\/10\\\/regenkinder.jpg\",\"datePublished\":\"2016-10-26T09:00:40+00:00\",\"dateModified\":\"2016-10-26T09:18:34+00:00\",\"description\":\"Ich sprach mal mit einer anderen Mutter. Was ich so den ganzen Tag mit den Kindern machen w\u00fcrde, fragte sie mich. Meine Kinder!\",\"breadcrumb\":{\"@id\":\"https:\\\/\\\/www.heldenhaushalt.de\\\/sari02\\\/index.php\\\/2016\\\/10\\\/26\\\/nicht-ohne-meine-kinder\\\/#breadcrumb\"},\"inLanguage\":\"de\",\"potentialAction\":[{\"@type\":\"ReadAction\",\"target\":[\"https:\\\/\\\/www.heldenhaushalt.de\\\/sari02\\\/index.php\\\/2016\\\/10\\\/26\\\/nicht-ohne-meine-kinder\\\/\"]}]},{\"@type\":\"ImageObject\",\"inLanguage\":\"de\",\"@id\":\"https:\\\/\\\/www.heldenhaushalt.de\\\/sari02\\\/index.php\\\/2016\\\/10\\\/26\\\/nicht-ohne-meine-kinder\\\/#primaryimage\",\"url\":\"https:\\\/\\\/www.heldenhaushalt.de\\\/sari02\\\/wp-content\\\/uploads\\\/2016\\\/10\\\/regenkinder.jpg\",\"contentUrl\":\"https:\\\/\\\/www.heldenhaushalt.de\\\/sari02\\\/wp-content\\\/uploads\\\/2016\\\/10\\\/regenkinder.jpg\",\"width\":800,\"height\":336},{\"@type\":\"BreadcrumbList\",\"@id\":\"https:\\\/\\\/www.heldenhaushalt.de\\\/sari02\\\/index.php\\\/2016\\\/10\\\/26\\\/nicht-ohne-meine-kinder\\\/#breadcrumb\",\"itemListElement\":[{\"@type\":\"ListItem\",\"position\":1,\"name\":\"Startseite\",\"item\":\"https:\\\/\\\/www.heldenhaushalt.de\\\/sari02\\\/\"},{\"@type\":\"ListItem\",\"position\":2,\"name\":\"[Mmi] Warum ich nicht ohne meine Kinder sein m&#246;chte!\"}]},{\"@type\":\"WebSite\",\"@id\":\"https:\\\/\\\/www.heldenhaushalt.de\\\/sari02\\\/#website\",\"url\":\"https:\\\/\\\/www.heldenhaushalt.de\\\/sari02\\\/\",\"name\":\"Heldenhaushalt\",\"description\":\"Wer es ordentlich haben will, der muss vorher anrufen\",\"publisher\":{\"@id\":\"https:\\\/\\\/www.heldenhaushalt.de\\\/sari02\\\/#\\\/schema\\\/person\\\/a1cc69f42a01f412eb62c151353814f6\"},\"potentialAction\":[{\"@type\":\"SearchAction\",\"target\":{\"@type\":\"EntryPoint\",\"urlTemplate\":\"https:\\\/\\\/www.heldenhaushalt.de\\\/sari02\\\/?s={search_term_string}\"},\"query-input\":{\"@type\":\"PropertyValueSpecification\",\"valueRequired\":true,\"valueName\":\"search_term_string\"}}],\"inLanguage\":\"de\"},{\"@type\":[\"Person\",\"Organization\"],\"@id\":\"https:\\\/\\\/www.heldenhaushalt.de\\\/sari02\\\/#\\\/schema\\\/person\\\/a1cc69f42a01f412eb62c151353814f6\",\"name\":\"Sari\",\"image\":{\"@type\":\"ImageObject\",\"inLanguage\":\"de\",\"@id\":\"https:\\\/\\\/www.heldenhaushalt.de\\\/sari02\\\/wp-content\\\/uploads\\\/2019\\\/02\\\/sari-april2018.png\",\"url\":\"https:\\\/\\\/www.heldenhaushalt.de\\\/sari02\\\/wp-content\\\/uploads\\\/2019\\\/02\\\/sari-april2018.png\",\"contentUrl\":\"https:\\\/\\\/www.heldenhaushalt.de\\\/sari02\\\/wp-content\\\/uploads\\\/2019\\\/02\\\/sari-april2018.png\",\"width\":500,\"height\":500,\"caption\":\"Sari\"},\"logo\":{\"@id\":\"https:\\\/\\\/www.heldenhaushalt.de\\\/sari02\\\/wp-content\\\/uploads\\\/2019\\\/02\\\/sari-april2018.png\"},\"description\":\"Frau Mondgras \u2013 Das bin ich, Sari. Gerne auch als Sari Mondgras bekannt und im Internet zu finden. 2-Fach-Mutter, Heldenehefrau, Kreativling, Harmonies\u00fcchtig und st\u00e4ndig auf der Suche nach Gl\u00fcck. Ich komme aus Berlin, bin hier aufgewachsen und lebe hier seit ich denken kann.\",\"sameAs\":[\"https:\\\/\\\/www.instagram.com\\\/heldenhaushalt\\\/\"],\"url\":\"https:\\\/\\\/www.heldenhaushalt.de\\\/sari02\\\/index.php\\\/author\\\/admin\\\/\"}]}<\/script>\n<!-- \/ Yoast SEO plugin. -->","yoast_head_json":{"title":"[Mmi] Warum ich nicht ohne meine Kinder sein m\u00f6chte! - Heldenhaushalt","description":"Ich sprach mal mit einer anderen Mutter. Was ich so den ganzen Tag mit den Kindern machen w\u00fcrde, fragte sie mich. Meine Kinder!","robots":{"index":"index","follow":"follow","max-snippet":"max-snippet:-1","max-image-preview":"max-image-preview:large","max-video-preview":"max-video-preview:-1"},"canonical":"https:\/\/www.heldenhaushalt.de\/sari02\/index.php\/2016\/10\/26\/nicht-ohne-meine-kinder\/","og_locale":"de_DE","og_type":"article","og_title":"[Mmi] Warum ich nicht ohne meine Kinder sein m\u00f6chte! - Heldenhaushalt","og_description":"Ich sprach mal mit einer anderen Mutter. Was ich so den ganzen Tag mit den Kindern machen w\u00fcrde, fragte sie mich. Meine Kinder!","og_url":"https:\/\/www.heldenhaushalt.de\/sari02\/index.php\/2016\/10\/26\/nicht-ohne-meine-kinder\/","og_site_name":"Heldenhaushalt","article_published_time":"2016-10-26T09:00:40+00:00","article_modified_time":"2016-10-26T09:18:34+00:00","og_image":[{"width":800,"height":336,"url":"https:\/\/www.heldenhaushalt.de\/sari02\/wp-content\/uploads\/2016\/10\/regenkinder.jpg","type":"image\/jpeg"}],"author":"Sari","twitter_card":"summary_large_image","twitter_creator":"@Heldenhaushalt","twitter_site":"@Heldenhaushalt","twitter_misc":{"Verfasst von":"Sari","Gesch\u00e4tzte Lesezeit":"3\u00a0Minuten"},"schema":{"@context":"https:\/\/schema.org","@graph":[{"@type":"Article","@id":"https:\/\/www.heldenhaushalt.de\/sari02\/index.php\/2016\/10\/26\/nicht-ohne-meine-kinder\/#article","isPartOf":{"@id":"https:\/\/www.heldenhaushalt.de\/sari02\/index.php\/2016\/10\/26\/nicht-ohne-meine-kinder\/"},"author":{"name":"Sari","@id":"https:\/\/www.heldenhaushalt.de\/sari02\/#\/schema\/person\/a1cc69f42a01f412eb62c151353814f6"},"headline":"[Mmi] Warum ich nicht ohne meine Kinder sein m&#246;chte!","datePublished":"2016-10-26T09:00:40+00:00","dateModified":"2016-10-26T09:18:34+00:00","mainEntityOfPage":{"@id":"https:\/\/www.heldenhaushalt.de\/sari02\/index.php\/2016\/10\/26\/nicht-ohne-meine-kinder\/"},"wordCount":655,"commentCount":19,"publisher":{"@id":"https:\/\/www.heldenhaushalt.de\/sari02\/#\/schema\/person\/a1cc69f42a01f412eb62c151353814f6"},"image":{"@id":"https:\/\/www.heldenhaushalt.de\/sari02\/index.php\/2016\/10\/26\/nicht-ohne-meine-kinder\/#primaryimage"},"thumbnailUrl":"https:\/\/www.heldenhaushalt.de\/sari02\/wp-content\/uploads\/2016\/10\/regenkinder.jpg","keywords":["Allt\u00e4glich","Entlastung","Familie","Meine Kinder","Zeit"],"articleSection":["Gedankenwelt","Heldenkinder"],"inLanguage":"de","potentialAction":[{"@type":"CommentAction","name":"Comment","target":["https:\/\/www.heldenhaushalt.de\/sari02\/index.php\/2016\/10\/26\/nicht-ohne-meine-kinder\/#respond"]}]},{"@type":"WebPage","@id":"https:\/\/www.heldenhaushalt.de\/sari02\/index.php\/2016\/10\/26\/nicht-ohne-meine-kinder\/","url":"https:\/\/www.heldenhaushalt.de\/sari02\/index.php\/2016\/10\/26\/nicht-ohne-meine-kinder\/","name":"[Mmi] Warum ich nicht ohne meine Kinder sein m\u00f6chte! - Heldenhaushalt","isPartOf":{"@id":"https:\/\/www.heldenhaushalt.de\/sari02\/#website"},"primaryImageOfPage":{"@id":"https:\/\/www.heldenhaushalt.de\/sari02\/index.php\/2016\/10\/26\/nicht-ohne-meine-kinder\/#primaryimage"},"image":{"@id":"https:\/\/www.heldenhaushalt.de\/sari02\/index.php\/2016\/10\/26\/nicht-ohne-meine-kinder\/#primaryimage"},"thumbnailUrl":"https:\/\/www.heldenhaushalt.de\/sari02\/wp-content\/uploads\/2016\/10\/regenkinder.jpg","datePublished":"2016-10-26T09:00:40+00:00","dateModified":"2016-10-26T09:18:34+00:00","description":"Ich sprach mal mit einer anderen Mutter. Was ich so den ganzen Tag mit den Kindern machen w\u00fcrde, fragte sie mich. Meine Kinder!","breadcrumb":{"@id":"https:\/\/www.heldenhaushalt.de\/sari02\/index.php\/2016\/10\/26\/nicht-ohne-meine-kinder\/#breadcrumb"},"inLanguage":"de","potentialAction":[{"@type":"ReadAction","target":["https:\/\/www.heldenhaushalt.de\/sari02\/index.php\/2016\/10\/26\/nicht-ohne-meine-kinder\/"]}]},{"@type":"ImageObject","inLanguage":"de","@id":"https:\/\/www.heldenhaushalt.de\/sari02\/index.php\/2016\/10\/26\/nicht-ohne-meine-kinder\/#primaryimage","url":"https:\/\/www.heldenhaushalt.de\/sari02\/wp-content\/uploads\/2016\/10\/regenkinder.jpg","contentUrl":"https:\/\/www.heldenhaushalt.de\/sari02\/wp-content\/uploads\/2016\/10\/regenkinder.jpg","width":800,"height":336},{"@type":"BreadcrumbList","@id":"https:\/\/www.heldenhaushalt.de\/sari02\/index.php\/2016\/10\/26\/nicht-ohne-meine-kinder\/#breadcrumb","itemListElement":[{"@type":"ListItem","position":1,"name":"Startseite","item":"https:\/\/www.heldenhaushalt.de\/sari02\/"},{"@type":"ListItem","position":2,"name":"[Mmi] Warum ich nicht ohne meine Kinder sein m&#246;chte!"}]},{"@type":"WebSite","@id":"https:\/\/www.heldenhaushalt.de\/sari02\/#website","url":"https:\/\/www.heldenhaushalt.de\/sari02\/","name":"Heldenhaushalt","description":"Wer es ordentlich haben will, der muss vorher anrufen","publisher":{"@id":"https:\/\/www.heldenhaushalt.de\/sari02\/#\/schema\/person\/a1cc69f42a01f412eb62c151353814f6"},"potentialAction":[{"@type":"SearchAction","target":{"@type":"EntryPoint","urlTemplate":"https:\/\/www.heldenhaushalt.de\/sari02\/?s={search_term_string}"},"query-input":{"@type":"PropertyValueSpecification","valueRequired":true,"valueName":"search_term_string"}}],"inLanguage":"de"},{"@type":["Person","Organization"],"@id":"https:\/\/www.heldenhaushalt.de\/sari02\/#\/schema\/person\/a1cc69f42a01f412eb62c151353814f6","name":"Sari","image":{"@type":"ImageObject","inLanguage":"de","@id":"https:\/\/www.heldenhaushalt.de\/sari02\/wp-content\/uploads\/2019\/02\/sari-april2018.png","url":"https:\/\/www.heldenhaushalt.de\/sari02\/wp-content\/uploads\/2019\/02\/sari-april2018.png","contentUrl":"https:\/\/www.heldenhaushalt.de\/sari02\/wp-content\/uploads\/2019\/02\/sari-april2018.png","width":500,"height":500,"caption":"Sari"},"logo":{"@id":"https:\/\/www.heldenhaushalt.de\/sari02\/wp-content\/uploads\/2019\/02\/sari-april2018.png"},"description":"Frau Mondgras \u2013 Das bin ich, Sari. Gerne auch als Sari Mondgras bekannt und im Internet zu finden. 2-Fach-Mutter, Heldenehefrau, Kreativling, Harmonies\u00fcchtig und st\u00e4ndig auf der Suche nach Gl\u00fcck. Ich komme aus Berlin, bin hier aufgewachsen und lebe hier seit ich denken kann.","sameAs":["https:\/\/www.instagram.com\/heldenhaushalt\/"],"url":"https:\/\/www.heldenhaushalt.de\/sari02\/index.php\/author\/admin\/"}]}},"views":7852,"_links":{"self":[{"href":"https:\/\/www.heldenhaushalt.de\/sari02\/index.php\/wp-json\/wp\/v2\/posts\/30770","targetHints":{"allow":["GET"]}}],"collection":[{"href":"https:\/\/www.heldenhaushalt.de\/sari02\/index.php\/wp-json\/wp\/v2\/posts"}],"about":[{"href":"https:\/\/www.heldenhaushalt.de\/sari02\/index.php\/wp-json\/wp\/v2\/types\/post"}],"author":[{"embeddable":true,"href":"https:\/\/www.heldenhaushalt.de\/sari02\/index.php\/wp-json\/wp\/v2\/users\/1"}],"replies":[{"embeddable":true,"href":"https:\/\/www.heldenhaushalt.de\/sari02\/index.php\/wp-json\/wp\/v2\/comments?post=30770"}],"version-history":[{"count":9,"href":"https:\/\/www.heldenhaushalt.de\/sari02\/index.php\/wp-json\/wp\/v2\/posts\/30770\/revisions"}],"predecessor-version":[{"id":30834,"href":"https:\/\/www.heldenhaushalt.de\/sari02\/index.php\/wp-json\/wp\/v2\/posts\/30770\/revisions\/30834"}],"wp:featuredmedia":[{"embeddable":true,"href":"https:\/\/www.heldenhaushalt.de\/sari02\/index.php\/wp-json\/wp\/v2\/media\/30827"}],"wp:attachment":[{"href":"https:\/\/www.heldenhaushalt.de\/sari02\/index.php\/wp-json\/wp\/v2\/media?parent=30770"}],"wp:term":[{"taxonomy":"category","embeddable":true,"href":"https:\/\/www.heldenhaushalt.de\/sari02\/index.php\/wp-json\/wp\/v2\/categories?post=30770"},{"taxonomy":"post_tag","embeddable":true,"href":"https:\/\/www.heldenhaushalt.de\/sari02\/index.php\/wp-json\/wp\/v2\/tags?post=30770"}],"curies":[{"name":"wp","href":"https:\/\/api.w.org\/{rel}","templated":true}]}}