{"id":31341,"date":"2016-12-09T10:00:30","date_gmt":"2016-12-09T09:00:30","guid":{"rendered":"http:\/\/www.heldenhaushalt.de\/sari02\/?p=31341"},"modified":"2016-12-09T10:55:51","modified_gmt":"2016-12-09T09:55:51","slug":"freitags5-5-tage-5-fotos-im-dezember-02","status":"publish","type":"post","link":"https:\/\/www.heldenhaushalt.de\/sari02\/index.php\/2016\/12\/09\/freitags5-5-tage-5-fotos-im-dezember-02\/","title":{"rendered":"#Freitags5 \u2013 5 Tage 5 Fotos im Dezember #02"},"content":{"rendered":"<p>Mir war ja die Woche &#252;ber ein wenig zum Heulen zu Mute&#8230;dachte ich am Montag noch, dass nun langsam aber sicher der Alltag einkehren w&#252;rde, nahm das Krankenlager ein vollkommen neues Level an. Erst ging es mit dem schrecklich hustenden Heldenkind zum Kinderarzt (ich denke &#252;ber eine Terminflatrate f&#252;r den Winter nach, ernsthaft) und auch der Held f&#252;hlte sich nicht gut. Ich selber muss mich am Sonntag beim Turnier verhoben haben und kann kaum laufen und p&#252;nktlich zum Nikolaus hatte dann auch uns endlich der Magen-Darm beim Minihelden erreicht. Ich h&#228;tte schreien k&#246;nnen&#8230; Aaaaaabeeeer&#8230;. zum Ende der Woche wurde es dann doch alles endlich besser. Der Husten beim Kleinen, mein Becken und die Spuckeritis hielt beim Minihelden auch nur einen Tag an, so dass ich endlich auf ein sch&#246;nes Adventswochenende hoffe&#8230; Hallo Freitag! Hallo Wochenende!<\/p>\n<p style=\"text-align: center;\">***<\/p>\n<h2>Meine #Freitags5 #Freitagslieblinge in der KW50<\/h2>\n<p><img loading=\"lazy\" decoding=\"async\" class=\"aligncenter size-full wp-image-31362\" src=\"http:\/\/www.heldenhaushalt.de\/sari02\/wp-content\/uploads\/2016\/12\/frkw50-04.jpg\" alt=\"\" width=\"800\" height=\"563\" srcset=\"https:\/\/www.heldenhaushalt.de\/sari02\/wp-content\/uploads\/2016\/12\/frkw50-04.jpg 800w, https:\/\/www.heldenhaushalt.de\/sari02\/wp-content\/uploads\/2016\/12\/frkw50-04-300x211.jpg 300w, https:\/\/www.heldenhaushalt.de\/sari02\/wp-content\/uploads\/2016\/12\/frkw50-04-768x540.jpg 768w, https:\/\/www.heldenhaushalt.de\/sari02\/wp-content\/uploads\/2016\/12\/frkw50-04-600x422.jpg 600w\" sizes=\"auto, (max-width: 800px) 100vw, 800px\" \/><\/p>\n<p><strong>Meine Lieblingslekt&#252;re der Woche \u2013<\/strong> Weihnachtsb&#252;cher. Wenn das Weihnachtsfeeling sich einfach nicht einstellen will wegen verschiedener Faktoren, dann muss man einfach das beste daraus machen. Und so las ich mit den Kindern Weihnachtsb&#252;cher. Ein paar stellte ich Euch ja am Dienstag zu Nikolaus bereits vor und nachdem ich ziemlich gefrustet war, g&#246;nnte ich mir dann doch das mit den skandinavischen Weihnachtsgeschichten. Und sie sind so wunder -, wundersch&#246;n!<strong><br \/>\n<\/strong><\/p>\n<p style=\"text-align: center;\">***<\/p>\n<p><img loading=\"lazy\" decoding=\"async\" class=\"aligncenter size-full wp-image-31352\" src=\"http:\/\/www.heldenhaushalt.de\/sari02\/wp-content\/uploads\/2016\/12\/frkw50-02.jpg\" alt=\"\" width=\"800\" height=\"820\" srcset=\"https:\/\/www.heldenhaushalt.de\/sari02\/wp-content\/uploads\/2016\/12\/frkw50-02.jpg 800w, https:\/\/www.heldenhaushalt.de\/sari02\/wp-content\/uploads\/2016\/12\/frkw50-02-293x300.jpg 293w, https:\/\/www.heldenhaushalt.de\/sari02\/wp-content\/uploads\/2016\/12\/frkw50-02-768x787.jpg 768w, https:\/\/www.heldenhaushalt.de\/sari02\/wp-content\/uploads\/2016\/12\/frkw50-02-600x615.jpg 600w\" sizes=\"auto, (max-width: 800px) 100vw, 800px\" \/><\/p>\n<p><strong>Mein Lieblingsessen der Woche \u2013&nbsp;<\/strong> Ich bef&#252;rchte, dass ich viel zu oft aus Frust nach Dominosteinen und Schokost&#252;ckchen gegriffen habe. Das ist schrecklich. Ehrlich. Sooooo lecker, aber auch schrecklich. Wie soll das nur weitergehen? Aaaaber&#8230;im neuen Jahr. Ganz wirklich. Ganz ehrlich! Aber nachdem uns ja nun auch von allen Seiten (besonders unseren gro&#223;artigen Nachbarn) st&#228;ndig Leckereien vorbei gebracht werden&#8230;was bleibt einem da &#252;brig, frage ich Euch?<strong><br \/>\n<\/strong><\/p>\n<p style=\"text-align: center;\">***<\/p>\n<p><img loading=\"lazy\" decoding=\"async\" class=\"aligncenter size-full wp-image-31351\" src=\"http:\/\/www.heldenhaushalt.de\/sari02\/wp-content\/uploads\/2016\/12\/frkw50-01.jpg\" alt=\"\" width=\"800\" height=\"450\" srcset=\"https:\/\/www.heldenhaushalt.de\/sari02\/wp-content\/uploads\/2016\/12\/frkw50-01.jpg 800w, https:\/\/www.heldenhaushalt.de\/sari02\/wp-content\/uploads\/2016\/12\/frkw50-01-300x169.jpg 300w, https:\/\/www.heldenhaushalt.de\/sari02\/wp-content\/uploads\/2016\/12\/frkw50-01-768x432.jpg 768w, https:\/\/www.heldenhaushalt.de\/sari02\/wp-content\/uploads\/2016\/12\/frkw50-01-600x338.jpg 600w\" sizes=\"auto, (max-width: 800px) 100vw, 800px\" \/><\/p>\n<p><strong>Meinen Lieblingsmoment mit meinen Kindern<\/strong> \u2013 Ganz klar der Dienstag Morgen. Wie bei so vielen anderen von Euch sicher auch. Das strahlen der Kinderaugen. Die Aufregung. Die Freude beim Leeren der geputzten Schuhe und das Gl&#252;ck, das so sichtbar war, wie selten in den letzten Tagen &#252;ber das, was sich im Schuh befand. Ich war m&#252;de, ko, zerzottelt und das Becken tat weh wie H&#246;lle, aber es war einer der sch&#246;nsten Momente der Woche f&#252;r mich mit den Kindern dort unten im Flur zu sitzen&#8230;hachja&#8230;<\/p>\n<p style=\"text-align: center;\">***<\/p>\n<figure id=\"attachment_27950\" aria-describedby=\"caption-attachment-27950\" style=\"width: 800px\" class=\"wp-caption aligncenter\"><img loading=\"lazy\" decoding=\"async\" class=\"wp-image-27950\" src=\"http:\/\/www.heldenhaushalt.de\/sari02\/wp-content\/uploads\/2015\/11\/sandy05.jpg\" alt=\"sandy05\" width=\"800\" height=\"575\" srcset=\"https:\/\/www.heldenhaushalt.de\/sari02\/wp-content\/uploads\/2015\/11\/sandy05.jpg 650w, https:\/\/www.heldenhaushalt.de\/sari02\/wp-content\/uploads\/2015\/11\/sandy05-300x216.jpg 300w, https:\/\/www.heldenhaushalt.de\/sari02\/wp-content\/uploads\/2015\/11\/sandy05-600x431.jpg 600w\" sizes=\"auto, (max-width: 800px) 100vw, 800px\" \/><figcaption id=\"caption-attachment-27950\" class=\"wp-caption-text\">Illustration Sarah Kroschel von 2015<\/figcaption><\/figure>\n<p><strong>Meinen Lieblings-Mama-Moment nur f&#252;r mich<\/strong> \u2013 &#8220;Halt, warte&#8221;, sagte ich zum Mann, als der #Netflix nach einem netten Abendfilm absuchte, &#8220;den will ich sehen. Da habe ich jetzt so richtig Lust drauf!!&#8221;. Also schauten wir &#8220;Die W&#228;chter des Lichts&#8221;. Eigentlich ist es ja kein richtiger Weihnachtsfilm, aber er transportiert die Botschaft von Staunen und Freude so gut, dass er einfach perfekt in diese Zeit passt, findet Ihr nicht?<\/p>\n<p style=\"text-align: center;\">***<\/p>\n<p><img loading=\"lazy\" decoding=\"async\" class=\"aligncenter size-full wp-image-31354\" src=\"http:\/\/www.heldenhaushalt.de\/sari02\/wp-content\/uploads\/2016\/12\/frkw50-03.jpg\" alt=\"\" width=\"800\" height=\"573\" srcset=\"https:\/\/www.heldenhaushalt.de\/sari02\/wp-content\/uploads\/2016\/12\/frkw50-03.jpg 800w, https:\/\/www.heldenhaushalt.de\/sari02\/wp-content\/uploads\/2016\/12\/frkw50-03-300x215.jpg 300w, https:\/\/www.heldenhaushalt.de\/sari02\/wp-content\/uploads\/2016\/12\/frkw50-03-768x550.jpg 768w, https:\/\/www.heldenhaushalt.de\/sari02\/wp-content\/uploads\/2016\/12\/frkw50-03-600x430.jpg 600w\" sizes=\"auto, (max-width: 800px) 100vw, 800px\" \/><\/p>\n<p><strong>Meine Lieblings-Inspiration der Woche \u2013 <\/strong>Letztes Jahr habe ich sie zum ersten Mal gesehen &#8211; Papiersterne aus Brott&#252;ten. Vom Adventsbasar hatten wir noch einige &#252;brig und so habe ich das Internet jetzt nochmal danach durchforscht und viele <a href=\"http:\/\/funkelfaden.de\/index.php\/diy-sterne-aus-papiertueten-basteln\/\" target=\"_blank\">sch&#246;ne Erkl&#228;rungen<\/a> gefunden. Und so bastelten der Miniheld und ich unsere ersten Brott&#252;ten &#8211; Sterne. Das Ergebnis kann sich echt sehen lassen, oder? Auch tolle Ideen gab es diese Woche hier: <a href=\"https:\/\/www.mamahoch2.de\/2016\/12\/10-ideen-fuer-weihnachtsgeschenke-die-du-mit-deinen-kindern-basteln-kannst.html\" target=\"_blank\">10 Weihnachtsgeschenke, die man mit Kindern basteln kann <\/a>&#8211; <a href=\"https:\/\/www.mamahoch2.de\/2016\/12\/baumschmuck-aus-jersey-selber-machen.html\" target=\"_blank\">Weihnachtliche Anh&#228;nger aus Jersey<\/a> &#8211; <a href=\"http:\/\/titatoni.blogspot.de\/2016\/12\/Gratis-eBook-Weihnachten.html\" target=\"_blank\">Sprakling Christmas DIY Ideen als EBOOK <\/a>&#8211; <a href=\"https:\/\/www.mamahoch2.de\/2016\/12\/diy-eine-feentuer-selber-basteln.html\" target=\"_blank\">Eine Feent&#252;r selber basteln<\/a><strong><br \/>\n<\/strong><\/p>\n<p style=\"text-align: center;\">***<\/p>\n<p>Und nun auf in ein hoffentlich richtig sch&#246;n weihnachtliches Wochenende ohne Spuckt&#252;ten, W&#228;rmekissen und Nasentropfen. Dr&#252;ckt uns die Daumen!!! Mehr bildhafte R&#252;ckblicke findet Ihr<a href=\"http:\/\/berlinmittemom.com\/tag\/5-freitagslieblinge\/\" target=\"_blank\"> bei BerlinMitteMom<\/a>.<\/p>\n<p><img loading=\"lazy\" decoding=\"async\" class=\" size-full wp-image-24841 alignright\" src=\"https:\/\/www.heldenhaushalt.de \/sari02\/wp-content\/uploads\/2015\/01\/sari-unter.jpg?resize=130%2C59\" alt=\"sari-unter\" width=\"130\" height=\"59\"><\/p>\n<div class=\"sharedaddy sd-sharing-enabled\">&nbsp;<\/div>\n","protected":false},"excerpt":{"rendered":"<p>Mir war ja die Woche &#252;ber ein wenig zum Heulen zu Mute&#8230;dachte ich am Montag noch, dass nun langsam aber sicher der Alltag einkehren w&#252;rde, nahm das Krankenlager ein vollkommen neues Level an. Erst ging es mit dem schrecklich hustenden Heldenkind zum Kinderarzt (ich denke &#252;ber eine Terminflatrate f&#252;r den Winter nach, ernsthaft) und auch der Held f&#252;hlte sich nicht gut. Ich selber muss mich am Sonntag beim Turnier verhoben haben und kann kaum laufen und p&#252;nktlich zum Nikolaus hatte dann auch uns endlich der Magen-Darm beim Minihelden erreicht. Ich h&#228;tte schreien k&#246;nnen&#8230; Aaaaaabeeeer&#8230;. zum Ende der Woche wurde es dann doch alles endlich besser. Der Husten beim Kleinen, mein Becken und die Spuckeritis hielt beim Minihelden auch nur einen Tag an, so dass ich endlich auf ein sch&#246;nes Adventswochenende hoffe&#8230; Hallo Freitag! Hallo Wochenende! *** Meine #Freitags5 #Freitagslieblinge in der KW50 Meine Lieblingslekt&#252;re der Woche \u2013 Weihnachtsb&#252;cher. Wenn das Weihnachtsfeeling sich einfach nicht einstellen will wegen verschiedener Faktoren, dann muss man einfach das beste daraus machen. Und so las ich mit den Kindern Weihnachtsb&#252;cher. Ein paar stellte ich Euch ja am Dienstag zu Nikolaus bereits vor und nachdem ich ziemlich gefrustet war, g&#246;nnte ich mir dann doch das mit den skandinavischen Weihnachtsgeschichten. Und sie sind so wunder -, wundersch&#246;n! *** Mein Lieblingsessen der Woche \u2013&nbsp; Ich bef&#252;rchte, dass ich viel zu oft aus Frust nach Dominosteinen und Schokost&#252;ckchen gegriffen habe. Das ist schrecklich. Ehrlich. Sooooo lecker, aber auch schrecklich. Wie soll das nur weitergehen? Aaaaber&#8230;im neuen Jahr. Ganz wirklich. Ganz ehrlich! Aber nachdem uns ja nun auch von allen Seiten (besonders unseren gro&#223;artigen Nachbarn) st&#228;ndig Leckereien vorbei gebracht werden&#8230;was bleibt einem da &#252;brig, frage ich Euch? *** Meinen Lieblingsmoment mit meinen Kindern \u2013 Ganz klar der Dienstag Morgen. Wie bei so vielen anderen von Euch sicher auch. Das strahlen der Kinderaugen. Die Aufregung. Die Freude beim Leeren der geputzten Schuhe und das Gl&#252;ck, das so sichtbar war, wie selten in den letzten Tagen &#252;ber das, was sich im Schuh befand. Ich war m&#252;de, ko, zerzottelt und das Becken tat weh wie H&#246;lle, aber es war einer der sch&#246;nsten Momente der Woche f&#252;r mich mit den Kindern dort unten im Flur zu sitzen&#8230;hachja&#8230; *** Meinen Lieblings-Mama-Moment nur f&#252;r mich \u2013 &#8220;Halt, warte&#8221;, sagte ich zum Mann, als der #Netflix nach einem netten Abendfilm absuchte, &#8220;den will ich sehen. Da habe ich jetzt so richtig Lust drauf!!&#8221;. Also schauten wir &#8220;Die W&#228;chter des Lichts&#8221;. Eigentlich ist es ja kein richtiger Weihnachtsfilm, aber er transportiert die Botschaft von Staunen und Freude so gut, dass er einfach perfekt in diese Zeit passt, findet Ihr nicht? *** Meine Lieblings-Inspiration der Woche \u2013 Letztes Jahr habe ich sie zum ersten Mal gesehen &#8211; Papiersterne aus Brott&#252;ten. Vom Adventsbasar hatten wir noch einige &#252;brig und so habe ich das Internet jetzt nochmal danach durchforscht und viele sch&#246;ne Erkl&#228;rungen gefunden. Und so bastelten der Miniheld und ich unsere ersten Brott&#252;ten &#8211; Sterne. Das Ergebnis kann sich echt sehen lassen, oder? Auch tolle Ideen gab es diese Woche hier: 10 Weihnachtsgeschenke, die man mit Kindern basteln kann &#8211; Weihnachtliche Anh&#228;nger aus Jersey &#8211; Sprakling Christmas DIY Ideen als EBOOK &#8211; Eine Feent&#252;r selber basteln *** Und nun auf in ein hoffentlich richtig sch&#246;n weihnachtliches Wochenende ohne Spuckt&#252;ten, W&#228;rmekissen und Nasentropfen. Dr&#252;ckt uns die Daumen!!! Mehr bildhafte R&#252;ckblicke findet Ihr bei BerlinMitteMom. &nbsp;<\/p>\n","protected":false},"author":1,"featured_media":31354,"comment_status":"open","ping_status":"open","sticky":false,"template":"","format":"standard","meta":{"ngg_post_thumbnail":0,"footnotes":""},"categories":[323,49],"tags":[780,781,962,462,976,199,62,872],"class_list":["post-31341","post","type-post","status-publish","format-standard","has-post-thumbnail","hentry","category-alltag","category-blogspaehre","tag-freitags5","tag-freitagslieblinge","tag-advent","tag-basteln","tag-freitag","tag-rueckblick","tag-weihnachten","tag-woche"],"yoast_head":"<!-- This site is optimized with the Yoast SEO plugin v27.4 - https:\/\/yoast.com\/product\/yoast-seo-wordpress\/ -->\n<title>#Freitags5 \u2013 5 Tage 5 Fotos im Dezember #02 - Heldenhaushalt<\/title>\n<meta name=\"description\" content=\"Mir war ja die Woche \u00fcber ein wenig zum Heulen zu Mute...hier unsere #Freitags5 #Freitagslieblinge f\u00fcr Euch\" \/>\n<meta name=\"robots\" content=\"index, follow, max-snippet:-1, max-image-preview:large, max-video-preview:-1\" \/>\n<link rel=\"canonical\" href=\"https:\/\/www.heldenhaushalt.de\/sari02\/index.php\/2016\/12\/09\/freitags5-5-tage-5-fotos-im-dezember-02\/\" \/>\n<meta property=\"og:locale\" content=\"de_DE\" \/>\n<meta property=\"og:type\" content=\"article\" \/>\n<meta property=\"og:title\" content=\"#Freitags5 \u2013 5 Tage 5 Fotos im Dezember #02 - Heldenhaushalt\" \/>\n<meta property=\"og:description\" content=\"Mir war ja die Woche \u00fcber ein wenig zum Heulen zu Mute...hier unsere #Freitags5 #Freitagslieblinge f\u00fcr Euch\" \/>\n<meta property=\"og:url\" content=\"https:\/\/www.heldenhaushalt.de\/sari02\/index.php\/2016\/12\/09\/freitags5-5-tage-5-fotos-im-dezember-02\/\" \/>\n<meta property=\"og:site_name\" content=\"Heldenhaushalt\" \/>\n<meta property=\"article:published_time\" content=\"2016-12-09T09:00:30+00:00\" \/>\n<meta property=\"article:modified_time\" content=\"2016-12-09T09:55:51+00:00\" \/>\n<meta property=\"og:image\" content=\"https:\/\/www.heldenhaushalt.de\/sari02\/wp-content\/uploads\/2016\/12\/frkw50-03.jpg\" \/>\n\t<meta property=\"og:image:width\" content=\"800\" \/>\n\t<meta property=\"og:image:height\" content=\"573\" \/>\n\t<meta property=\"og:image:type\" content=\"image\/jpeg\" \/>\n<meta name=\"author\" content=\"Sari\" \/>\n<meta name=\"twitter:card\" content=\"summary_large_image\" \/>\n<meta name=\"twitter:creator\" content=\"@Heldenhaushalt\" \/>\n<meta name=\"twitter:site\" content=\"@Heldenhaushalt\" \/>\n<meta name=\"twitter:label1\" content=\"Verfasst von\" \/>\n\t<meta name=\"twitter:data1\" content=\"Sari\" \/>\n\t<meta name=\"twitter:label2\" content=\"Gesch\u00e4tzte Lesezeit\" \/>\n\t<meta name=\"twitter:data2\" content=\"3\u00a0Minuten\" \/>\n<script type=\"application\/ld+json\" class=\"yoast-schema-graph\">{\"@context\":\"https:\\\/\\\/schema.org\",\"@graph\":[{\"@type\":\"Article\",\"@id\":\"https:\\\/\\\/www.heldenhaushalt.de\\\/sari02\\\/index.php\\\/2016\\\/12\\\/09\\\/freitags5-5-tage-5-fotos-im-dezember-02\\\/#article\",\"isPartOf\":{\"@id\":\"https:\\\/\\\/www.heldenhaushalt.de\\\/sari02\\\/index.php\\\/2016\\\/12\\\/09\\\/freitags5-5-tage-5-fotos-im-dezember-02\\\/\"},\"author\":{\"name\":\"Sari\",\"@id\":\"https:\\\/\\\/www.heldenhaushalt.de\\\/sari02\\\/#\\\/schema\\\/person\\\/a1cc69f42a01f412eb62c151353814f6\"},\"headline\":\"#Freitags5 \u2013 5 Tage 5 Fotos im Dezember #02\",\"datePublished\":\"2016-12-09T09:00:30+00:00\",\"dateModified\":\"2016-12-09T09:55:51+00:00\",\"mainEntityOfPage\":{\"@id\":\"https:\\\/\\\/www.heldenhaushalt.de\\\/sari02\\\/index.php\\\/2016\\\/12\\\/09\\\/freitags5-5-tage-5-fotos-im-dezember-02\\\/\"},\"wordCount\":597,\"commentCount\":2,\"publisher\":{\"@id\":\"https:\\\/\\\/www.heldenhaushalt.de\\\/sari02\\\/#\\\/schema\\\/person\\\/a1cc69f42a01f412eb62c151353814f6\"},\"image\":{\"@id\":\"https:\\\/\\\/www.heldenhaushalt.de\\\/sari02\\\/index.php\\\/2016\\\/12\\\/09\\\/freitags5-5-tage-5-fotos-im-dezember-02\\\/#primaryimage\"},\"thumbnailUrl\":\"https:\\\/\\\/www.heldenhaushalt.de\\\/sari02\\\/wp-content\\\/uploads\\\/2016\\\/12\\\/frkw50-03.jpg\",\"keywords\":[\"#Freitags5\",\"#Freitagslieblinge\",\"Advent\",\"Basteln\",\"Freitag\",\"R\u00fcckblick\",\"Weihnachten\",\"Woche\"],\"articleSection\":[\"Alltagschaos\",\"Blogsph\u00e4re\"],\"inLanguage\":\"de\",\"potentialAction\":[{\"@type\":\"CommentAction\",\"name\":\"Comment\",\"target\":[\"https:\\\/\\\/www.heldenhaushalt.de\\\/sari02\\\/index.php\\\/2016\\\/12\\\/09\\\/freitags5-5-tage-5-fotos-im-dezember-02\\\/#respond\"]}]},{\"@type\":\"WebPage\",\"@id\":\"https:\\\/\\\/www.heldenhaushalt.de\\\/sari02\\\/index.php\\\/2016\\\/12\\\/09\\\/freitags5-5-tage-5-fotos-im-dezember-02\\\/\",\"url\":\"https:\\\/\\\/www.heldenhaushalt.de\\\/sari02\\\/index.php\\\/2016\\\/12\\\/09\\\/freitags5-5-tage-5-fotos-im-dezember-02\\\/\",\"name\":\"#Freitags5 \u2013 5 Tage 5 Fotos im Dezember #02 - Heldenhaushalt\",\"isPartOf\":{\"@id\":\"https:\\\/\\\/www.heldenhaushalt.de\\\/sari02\\\/#website\"},\"primaryImageOfPage\":{\"@id\":\"https:\\\/\\\/www.heldenhaushalt.de\\\/sari02\\\/index.php\\\/2016\\\/12\\\/09\\\/freitags5-5-tage-5-fotos-im-dezember-02\\\/#primaryimage\"},\"image\":{\"@id\":\"https:\\\/\\\/www.heldenhaushalt.de\\\/sari02\\\/index.php\\\/2016\\\/12\\\/09\\\/freitags5-5-tage-5-fotos-im-dezember-02\\\/#primaryimage\"},\"thumbnailUrl\":\"https:\\\/\\\/www.heldenhaushalt.de\\\/sari02\\\/wp-content\\\/uploads\\\/2016\\\/12\\\/frkw50-03.jpg\",\"datePublished\":\"2016-12-09T09:00:30+00:00\",\"dateModified\":\"2016-12-09T09:55:51+00:00\",\"description\":\"Mir war ja die Woche \u00fcber ein wenig zum Heulen zu Mute...hier unsere #Freitags5 #Freitagslieblinge f\u00fcr Euch\",\"breadcrumb\":{\"@id\":\"https:\\\/\\\/www.heldenhaushalt.de\\\/sari02\\\/index.php\\\/2016\\\/12\\\/09\\\/freitags5-5-tage-5-fotos-im-dezember-02\\\/#breadcrumb\"},\"inLanguage\":\"de\",\"potentialAction\":[{\"@type\":\"ReadAction\",\"target\":[\"https:\\\/\\\/www.heldenhaushalt.de\\\/sari02\\\/index.php\\\/2016\\\/12\\\/09\\\/freitags5-5-tage-5-fotos-im-dezember-02\\\/\"]}]},{\"@type\":\"ImageObject\",\"inLanguage\":\"de\",\"@id\":\"https:\\\/\\\/www.heldenhaushalt.de\\\/sari02\\\/index.php\\\/2016\\\/12\\\/09\\\/freitags5-5-tage-5-fotos-im-dezember-02\\\/#primaryimage\",\"url\":\"https:\\\/\\\/www.heldenhaushalt.de\\\/sari02\\\/wp-content\\\/uploads\\\/2016\\\/12\\\/frkw50-03.jpg\",\"contentUrl\":\"https:\\\/\\\/www.heldenhaushalt.de\\\/sari02\\\/wp-content\\\/uploads\\\/2016\\\/12\\\/frkw50-03.jpg\",\"width\":800,\"height\":573},{\"@type\":\"BreadcrumbList\",\"@id\":\"https:\\\/\\\/www.heldenhaushalt.de\\\/sari02\\\/index.php\\\/2016\\\/12\\\/09\\\/freitags5-5-tage-5-fotos-im-dezember-02\\\/#breadcrumb\",\"itemListElement\":[{\"@type\":\"ListItem\",\"position\":1,\"name\":\"Startseite\",\"item\":\"https:\\\/\\\/www.heldenhaushalt.de\\\/sari02\\\/\"},{\"@type\":\"ListItem\",\"position\":2,\"name\":\"#Freitags5 \u2013 5 Tage 5 Fotos im Dezember #02\"}]},{\"@type\":\"WebSite\",\"@id\":\"https:\\\/\\\/www.heldenhaushalt.de\\\/sari02\\\/#website\",\"url\":\"https:\\\/\\\/www.heldenhaushalt.de\\\/sari02\\\/\",\"name\":\"Heldenhaushalt\",\"description\":\"Wer es ordentlich haben will, der muss vorher anrufen\",\"publisher\":{\"@id\":\"https:\\\/\\\/www.heldenhaushalt.de\\\/sari02\\\/#\\\/schema\\\/person\\\/a1cc69f42a01f412eb62c151353814f6\"},\"potentialAction\":[{\"@type\":\"SearchAction\",\"target\":{\"@type\":\"EntryPoint\",\"urlTemplate\":\"https:\\\/\\\/www.heldenhaushalt.de\\\/sari02\\\/?s={search_term_string}\"},\"query-input\":{\"@type\":\"PropertyValueSpecification\",\"valueRequired\":true,\"valueName\":\"search_term_string\"}}],\"inLanguage\":\"de\"},{\"@type\":[\"Person\",\"Organization\"],\"@id\":\"https:\\\/\\\/www.heldenhaushalt.de\\\/sari02\\\/#\\\/schema\\\/person\\\/a1cc69f42a01f412eb62c151353814f6\",\"name\":\"Sari\",\"image\":{\"@type\":\"ImageObject\",\"inLanguage\":\"de\",\"@id\":\"https:\\\/\\\/www.heldenhaushalt.de\\\/sari02\\\/wp-content\\\/uploads\\\/2019\\\/02\\\/sari-april2018.png\",\"url\":\"https:\\\/\\\/www.heldenhaushalt.de\\\/sari02\\\/wp-content\\\/uploads\\\/2019\\\/02\\\/sari-april2018.png\",\"contentUrl\":\"https:\\\/\\\/www.heldenhaushalt.de\\\/sari02\\\/wp-content\\\/uploads\\\/2019\\\/02\\\/sari-april2018.png\",\"width\":500,\"height\":500,\"caption\":\"Sari\"},\"logo\":{\"@id\":\"https:\\\/\\\/www.heldenhaushalt.de\\\/sari02\\\/wp-content\\\/uploads\\\/2019\\\/02\\\/sari-april2018.png\"},\"description\":\"Frau Mondgras \u2013 Das bin ich, Sari. Gerne auch als Sari Mondgras bekannt und im Internet zu finden. 2-Fach-Mutter, Heldenehefrau, Kreativling, Harmonies\u00fcchtig und st\u00e4ndig auf der Suche nach Gl\u00fcck. Ich komme aus Berlin, bin hier aufgewachsen und lebe hier seit ich denken kann.\",\"sameAs\":[\"https:\\\/\\\/www.instagram.com\\\/heldenhaushalt\\\/\"],\"url\":\"https:\\\/\\\/www.heldenhaushalt.de\\\/sari02\\\/index.php\\\/author\\\/admin\\\/\"}]}<\/script>\n<!-- \/ Yoast SEO plugin. -->","yoast_head_json":{"title":"#Freitags5 \u2013 5 Tage 5 Fotos im Dezember #02 - Heldenhaushalt","description":"Mir war ja die Woche \u00fcber ein wenig zum Heulen zu Mute...hier unsere #Freitags5 #Freitagslieblinge f\u00fcr Euch","robots":{"index":"index","follow":"follow","max-snippet":"max-snippet:-1","max-image-preview":"max-image-preview:large","max-video-preview":"max-video-preview:-1"},"canonical":"https:\/\/www.heldenhaushalt.de\/sari02\/index.php\/2016\/12\/09\/freitags5-5-tage-5-fotos-im-dezember-02\/","og_locale":"de_DE","og_type":"article","og_title":"#Freitags5 \u2013 5 Tage 5 Fotos im Dezember #02 - Heldenhaushalt","og_description":"Mir war ja die Woche \u00fcber ein wenig zum Heulen zu Mute...hier unsere #Freitags5 #Freitagslieblinge f\u00fcr Euch","og_url":"https:\/\/www.heldenhaushalt.de\/sari02\/index.php\/2016\/12\/09\/freitags5-5-tage-5-fotos-im-dezember-02\/","og_site_name":"Heldenhaushalt","article_published_time":"2016-12-09T09:00:30+00:00","article_modified_time":"2016-12-09T09:55:51+00:00","og_image":[{"width":800,"height":573,"url":"https:\/\/www.heldenhaushalt.de\/sari02\/wp-content\/uploads\/2016\/12\/frkw50-03.jpg","type":"image\/jpeg"}],"author":"Sari","twitter_card":"summary_large_image","twitter_creator":"@Heldenhaushalt","twitter_site":"@Heldenhaushalt","twitter_misc":{"Verfasst von":"Sari","Gesch\u00e4tzte Lesezeit":"3\u00a0Minuten"},"schema":{"@context":"https:\/\/schema.org","@graph":[{"@type":"Article","@id":"https:\/\/www.heldenhaushalt.de\/sari02\/index.php\/2016\/12\/09\/freitags5-5-tage-5-fotos-im-dezember-02\/#article","isPartOf":{"@id":"https:\/\/www.heldenhaushalt.de\/sari02\/index.php\/2016\/12\/09\/freitags5-5-tage-5-fotos-im-dezember-02\/"},"author":{"name":"Sari","@id":"https:\/\/www.heldenhaushalt.de\/sari02\/#\/schema\/person\/a1cc69f42a01f412eb62c151353814f6"},"headline":"#Freitags5 \u2013 5 Tage 5 Fotos im Dezember #02","datePublished":"2016-12-09T09:00:30+00:00","dateModified":"2016-12-09T09:55:51+00:00","mainEntityOfPage":{"@id":"https:\/\/www.heldenhaushalt.de\/sari02\/index.php\/2016\/12\/09\/freitags5-5-tage-5-fotos-im-dezember-02\/"},"wordCount":597,"commentCount":2,"publisher":{"@id":"https:\/\/www.heldenhaushalt.de\/sari02\/#\/schema\/person\/a1cc69f42a01f412eb62c151353814f6"},"image":{"@id":"https:\/\/www.heldenhaushalt.de\/sari02\/index.php\/2016\/12\/09\/freitags5-5-tage-5-fotos-im-dezember-02\/#primaryimage"},"thumbnailUrl":"https:\/\/www.heldenhaushalt.de\/sari02\/wp-content\/uploads\/2016\/12\/frkw50-03.jpg","keywords":["#Freitags5","#Freitagslieblinge","Advent","Basteln","Freitag","R\u00fcckblick","Weihnachten","Woche"],"articleSection":["Alltagschaos","Blogsph\u00e4re"],"inLanguage":"de","potentialAction":[{"@type":"CommentAction","name":"Comment","target":["https:\/\/www.heldenhaushalt.de\/sari02\/index.php\/2016\/12\/09\/freitags5-5-tage-5-fotos-im-dezember-02\/#respond"]}]},{"@type":"WebPage","@id":"https:\/\/www.heldenhaushalt.de\/sari02\/index.php\/2016\/12\/09\/freitags5-5-tage-5-fotos-im-dezember-02\/","url":"https:\/\/www.heldenhaushalt.de\/sari02\/index.php\/2016\/12\/09\/freitags5-5-tage-5-fotos-im-dezember-02\/","name":"#Freitags5 \u2013 5 Tage 5 Fotos im Dezember #02 - Heldenhaushalt","isPartOf":{"@id":"https:\/\/www.heldenhaushalt.de\/sari02\/#website"},"primaryImageOfPage":{"@id":"https:\/\/www.heldenhaushalt.de\/sari02\/index.php\/2016\/12\/09\/freitags5-5-tage-5-fotos-im-dezember-02\/#primaryimage"},"image":{"@id":"https:\/\/www.heldenhaushalt.de\/sari02\/index.php\/2016\/12\/09\/freitags5-5-tage-5-fotos-im-dezember-02\/#primaryimage"},"thumbnailUrl":"https:\/\/www.heldenhaushalt.de\/sari02\/wp-content\/uploads\/2016\/12\/frkw50-03.jpg","datePublished":"2016-12-09T09:00:30+00:00","dateModified":"2016-12-09T09:55:51+00:00","description":"Mir war ja die Woche \u00fcber ein wenig zum Heulen zu Mute...hier unsere #Freitags5 #Freitagslieblinge f\u00fcr Euch","breadcrumb":{"@id":"https:\/\/www.heldenhaushalt.de\/sari02\/index.php\/2016\/12\/09\/freitags5-5-tage-5-fotos-im-dezember-02\/#breadcrumb"},"inLanguage":"de","potentialAction":[{"@type":"ReadAction","target":["https:\/\/www.heldenhaushalt.de\/sari02\/index.php\/2016\/12\/09\/freitags5-5-tage-5-fotos-im-dezember-02\/"]}]},{"@type":"ImageObject","inLanguage":"de","@id":"https:\/\/www.heldenhaushalt.de\/sari02\/index.php\/2016\/12\/09\/freitags5-5-tage-5-fotos-im-dezember-02\/#primaryimage","url":"https:\/\/www.heldenhaushalt.de\/sari02\/wp-content\/uploads\/2016\/12\/frkw50-03.jpg","contentUrl":"https:\/\/www.heldenhaushalt.de\/sari02\/wp-content\/uploads\/2016\/12\/frkw50-03.jpg","width":800,"height":573},{"@type":"BreadcrumbList","@id":"https:\/\/www.heldenhaushalt.de\/sari02\/index.php\/2016\/12\/09\/freitags5-5-tage-5-fotos-im-dezember-02\/#breadcrumb","itemListElement":[{"@type":"ListItem","position":1,"name":"Startseite","item":"https:\/\/www.heldenhaushalt.de\/sari02\/"},{"@type":"ListItem","position":2,"name":"#Freitags5 \u2013 5 Tage 5 Fotos im Dezember #02"}]},{"@type":"WebSite","@id":"https:\/\/www.heldenhaushalt.de\/sari02\/#website","url":"https:\/\/www.heldenhaushalt.de\/sari02\/","name":"Heldenhaushalt","description":"Wer es ordentlich haben will, der muss vorher anrufen","publisher":{"@id":"https:\/\/www.heldenhaushalt.de\/sari02\/#\/schema\/person\/a1cc69f42a01f412eb62c151353814f6"},"potentialAction":[{"@type":"SearchAction","target":{"@type":"EntryPoint","urlTemplate":"https:\/\/www.heldenhaushalt.de\/sari02\/?s={search_term_string}"},"query-input":{"@type":"PropertyValueSpecification","valueRequired":true,"valueName":"search_term_string"}}],"inLanguage":"de"},{"@type":["Person","Organization"],"@id":"https:\/\/www.heldenhaushalt.de\/sari02\/#\/schema\/person\/a1cc69f42a01f412eb62c151353814f6","name":"Sari","image":{"@type":"ImageObject","inLanguage":"de","@id":"https:\/\/www.heldenhaushalt.de\/sari02\/wp-content\/uploads\/2019\/02\/sari-april2018.png","url":"https:\/\/www.heldenhaushalt.de\/sari02\/wp-content\/uploads\/2019\/02\/sari-april2018.png","contentUrl":"https:\/\/www.heldenhaushalt.de\/sari02\/wp-content\/uploads\/2019\/02\/sari-april2018.png","width":500,"height":500,"caption":"Sari"},"logo":{"@id":"https:\/\/www.heldenhaushalt.de\/sari02\/wp-content\/uploads\/2019\/02\/sari-april2018.png"},"description":"Frau Mondgras \u2013 Das bin ich, Sari. Gerne auch als Sari Mondgras bekannt und im Internet zu finden. 2-Fach-Mutter, Heldenehefrau, Kreativling, Harmonies\u00fcchtig und st\u00e4ndig auf der Suche nach Gl\u00fcck. Ich komme aus Berlin, bin hier aufgewachsen und lebe hier seit ich denken kann.","sameAs":["https:\/\/www.instagram.com\/heldenhaushalt\/"],"url":"https:\/\/www.heldenhaushalt.de\/sari02\/index.php\/author\/admin\/"}]}},"views":4266,"_links":{"self":[{"href":"https:\/\/www.heldenhaushalt.de\/sari02\/index.php\/wp-json\/wp\/v2\/posts\/31341","targetHints":{"allow":["GET"]}}],"collection":[{"href":"https:\/\/www.heldenhaushalt.de\/sari02\/index.php\/wp-json\/wp\/v2\/posts"}],"about":[{"href":"https:\/\/www.heldenhaushalt.de\/sari02\/index.php\/wp-json\/wp\/v2\/types\/post"}],"author":[{"embeddable":true,"href":"https:\/\/www.heldenhaushalt.de\/sari02\/index.php\/wp-json\/wp\/v2\/users\/1"}],"replies":[{"embeddable":true,"href":"https:\/\/www.heldenhaushalt.de\/sari02\/index.php\/wp-json\/wp\/v2\/comments?post=31341"}],"version-history":[{"count":6,"href":"https:\/\/www.heldenhaushalt.de\/sari02\/index.php\/wp-json\/wp\/v2\/posts\/31341\/revisions"}],"predecessor-version":[{"id":31365,"href":"https:\/\/www.heldenhaushalt.de\/sari02\/index.php\/wp-json\/wp\/v2\/posts\/31341\/revisions\/31365"}],"wp:featuredmedia":[{"embeddable":true,"href":"https:\/\/www.heldenhaushalt.de\/sari02\/index.php\/wp-json\/wp\/v2\/media\/31354"}],"wp:attachment":[{"href":"https:\/\/www.heldenhaushalt.de\/sari02\/index.php\/wp-json\/wp\/v2\/media?parent=31341"}],"wp:term":[{"taxonomy":"category","embeddable":true,"href":"https:\/\/www.heldenhaushalt.de\/sari02\/index.php\/wp-json\/wp\/v2\/categories?post=31341"},{"taxonomy":"post_tag","embeddable":true,"href":"https:\/\/www.heldenhaushalt.de\/sari02\/index.php\/wp-json\/wp\/v2\/tags?post=31341"}],"curies":[{"name":"wp","href":"https:\/\/api.w.org\/{rel}","templated":true}]}}