{"id":31356,"date":"2016-12-14T10:00:00","date_gmt":"2016-12-14T09:00:00","guid":{"rendered":"http:\/\/www.heldenhaushalt.de\/sari02\/?p=31356"},"modified":"2016-12-14T09:58:54","modified_gmt":"2016-12-14T08:58:54","slug":"mmi-weihnachtsbaum","status":"publish","type":"post","link":"https:\/\/www.heldenhaushalt.de\/sari02\/index.php\/2016\/12\/14\/mmi-weihnachtsbaum\/","title":{"rendered":"[Mmi] Warum jedes Jahr unser Weihnachtsbaum schon so fr&#252;h steht&#8230;"},"content":{"rendered":"<p><a href=\"http:\/\/frollein-pfau.blogspot.de\/2013\/03\/mittwochs-mag-ich-mmi.html\" target=\"_blank\"><img loading=\"lazy\" decoding=\"async\" class=\" aligncenter\" src=\"https:\/\/www.heldenhaushalt.de\/sari02\/wp-content\/uploads\/2015\/07\/MMI_Frollein-Pfau.png?w=640\" alt=\"\" width=\"170\" height=\"71\"><\/a><\/p>\n<p>Fr&#252;her, als ich selber noch Kind war, da war an Weihnachten der Moment ganz besonders f&#252;r uns Kinder, als wir im Flur standen und auf ein ganz bestimmtes Signal warteten. Wir lauschten heimlich an der T&#252;r, versuchten durch das Schl&#252;sselloch einen ersten Blick zu erhaschen und konnten es vor Spannung kaum noch aushalten. Unter dem T&#252;rschlitz&nbsp; lie&#223; ein leichter Lichtschein schon erahnen, dass es bald losgehen w&#252;rde und dann kam endlich der erl&#246;sende Ton: Ein leises Klingeln aus dem Wohnzimmer. Das Zeichen, dass die Engel da waren und die Bescherung beginnen konnte.<\/p>\n<p>Wir &#246;ffneten die T&#252;r&nbsp; und traten bed&#228;chtig ein. Zum ersten Mal sahen wir in diesem Jahr den Baum: Unseren Weihnachtsbaum. Bis zu diesem Zeitpunkt wussten wir nicht, wie er dieses Mal aussehen w&#252;rde und nat&#252;rlich fielen unsere Blicke dann darunter zu den Geschenken&#8230; so war das damals bei mir.<\/p>\n<h2>Unser Weihnachtsbaum und warum alles anders ist&#8230;<\/h2>\n<p>Als ich sp&#228;ter aus &#8211; und mit dem Helden zusammen zog und wir unseren ersten gemeinsamen Weihnachtsbaum kauften, da warteten wir noch &#8211; so wie ich es von fr&#252;her kannte &#8211; bis kurz vor Weihnachten, stellten ihn dann auf und schm&#252;ckten ihn gemeinsam mit unseren Freunden im Rahmen einer vorweihnachtlichen Sing &#8211; Star &#8211; Party.<\/p>\n<p>Im Jahr darauf stellten wir ihn dann schon zu Beginn der Weihnachtszeit auf und das hat sich dann irgendwie gehalten. Mit Beginn der Adventszeit hole ich den Baumschmuck heraus und der Held stellt den Baum f&#252;r uns auf. Seit einigen Jahren haben wir einen unechten, wirklich sch&#246;nen Baum und obwohl er nicht den Duft hat, den viele daran so lieben, m&#246;chte ich ihn nicht missen. Wir schafften ihn damals an, weil wir vermeiden wollten, dass der Miniheld die meist schon fr&#252;h herabfallenden Tannennadeln finden und essen w&#252;rde.<\/p>\n<p><img loading=\"lazy\" decoding=\"async\" class=\"aligncenter size-full wp-image-31403\" src=\"http:\/\/www.heldenhaushalt.de\/sari02\/wp-content\/uploads\/2016\/12\/baum2016-01.jpg\" alt=\"Weihnachtsbaum\" width=\"800\" height=\"800\" srcset=\"https:\/\/www.heldenhaushalt.de\/sari02\/wp-content\/uploads\/2016\/12\/baum2016-01.jpg 800w, https:\/\/www.heldenhaushalt.de\/sari02\/wp-content\/uploads\/2016\/12\/baum2016-01-150x150.jpg 150w, https:\/\/www.heldenhaushalt.de\/sari02\/wp-content\/uploads\/2016\/12\/baum2016-01-300x300.jpg 300w, https:\/\/www.heldenhaushalt.de\/sari02\/wp-content\/uploads\/2016\/12\/baum2016-01-768x768.jpg 768w, https:\/\/www.heldenhaushalt.de\/sari02\/wp-content\/uploads\/2016\/12\/baum2016-01-600x600.jpg 600w, https:\/\/www.heldenhaushalt.de\/sari02\/wp-content\/uploads\/2016\/12\/baum2016-01-660x660.jpg 660w, https:\/\/www.heldenhaushalt.de\/sari02\/wp-content\/uploads\/2016\/12\/baum2016-01-373x373.jpg 373w\" sizes=\"auto, (max-width: 800px) 100vw, 800px\" \/><\/p>\n<p>Ich bin sehr gl&#252;cklich &#252;ber diesen Fund und jeder, der unseren Baum sieht, findet ihn auch sch&#246;n, so dass ich mich in dieser Entscheidung best&#228;tigt f&#252;hle.<\/p>\n<h2>Eigene Traditionen schaffen.<\/h2>\n<p>Nachdem wir einmal damit angefangen hatten den Weihnachtsbaum bereit so fr&#252;h aufzustellen, hat sich das bei uns irgendwie zu einer Familien &#8211; Tradition entwickelt. W&#228;hrend ich als Kind bis zur letzten Sekunde nie wusste, wie unser Baum aussehen w&#252;rde, beziehe ich meine Kinder von der ersten Sekunde an mit ein.<\/p>\n<p><img loading=\"lazy\" decoding=\"async\" class=\"aligncenter size-full wp-image-31404\" src=\"http:\/\/www.heldenhaushalt.de\/sari02\/wp-content\/uploads\/2016\/12\/baum2016-02.jpg\" alt=\"Weihnachtsbaum\" width=\"800\" height=\"533\" srcset=\"https:\/\/www.heldenhaushalt.de\/sari02\/wp-content\/uploads\/2016\/12\/baum2016-02.jpg 800w, https:\/\/www.heldenhaushalt.de\/sari02\/wp-content\/uploads\/2016\/12\/baum2016-02-300x200.jpg 300w, https:\/\/www.heldenhaushalt.de\/sari02\/wp-content\/uploads\/2016\/12\/baum2016-02-768x512.jpg 768w, https:\/\/www.heldenhaushalt.de\/sari02\/wp-content\/uploads\/2016\/12\/baum2016-02-600x400.jpg 600w, https:\/\/www.heldenhaushalt.de\/sari02\/wp-content\/uploads\/2016\/12\/baum2016-02-660x440.jpg 660w, https:\/\/www.heldenhaushalt.de\/sari02\/wp-content\/uploads\/2016\/12\/baum2016-02-373x248.jpg 373w\" sizes=\"auto, (max-width: 800px) 100vw, 800px\" \/><\/p>\n<p>Gemeinsam mit dem Minihelden entscheide ich, welche Farbe die Dekoration in diesem Jahr bekommen soll und dann teilen wir die Bereiche auf. Er darf alles selber schm&#252;cken, wo er auch selber ran kommt und alles andere &#252;bernehme ich. So baut er jedes Jahr einen ganz pers&#246;nlichen Bezug zu unserem Weihnachtsbaum auf und ich habe das Gef&#252;hl, dass er ihn dadurch vollkommen anders wahrnimmt und genie&#223;t.<\/p>\n<p><img loading=\"lazy\" decoding=\"async\" class=\"aligncenter size-full wp-image-31405\" src=\"http:\/\/www.heldenhaushalt.de\/sari02\/wp-content\/uploads\/2016\/12\/baum2016-03.jpg\" alt=\"Weihnachtsbaum\" width=\"800\" height=\"533\" srcset=\"https:\/\/www.heldenhaushalt.de\/sari02\/wp-content\/uploads\/2016\/12\/baum2016-03.jpg 800w, https:\/\/www.heldenhaushalt.de\/sari02\/wp-content\/uploads\/2016\/12\/baum2016-03-300x200.jpg 300w, https:\/\/www.heldenhaushalt.de\/sari02\/wp-content\/uploads\/2016\/12\/baum2016-03-768x512.jpg 768w, https:\/\/www.heldenhaushalt.de\/sari02\/wp-content\/uploads\/2016\/12\/baum2016-03-600x400.jpg 600w, https:\/\/www.heldenhaushalt.de\/sari02\/wp-content\/uploads\/2016\/12\/baum2016-03-660x440.jpg 660w, https:\/\/www.heldenhaushalt.de\/sari02\/wp-content\/uploads\/2016\/12\/baum2016-03-373x248.jpg 373w\" sizes=\"auto, (max-width: 800px) 100vw, 800px\" \/><\/p>\n<p>Doch warum stellen wir ihn nun schon so fr&#252;h auf? Wenn ich dar&#252;ber nachdenke, dass man den Baum f&#252;r viel Geld kauft und dann eigentlich nur f&#252;r eine Woche aufstellt, tut es mir irgendwie etwas leid darum. Aus meiner Sicht spricht &#252;berhaupt nichts dagegen, dass man ihn die gesamte Weihnachtszeit hin&#252;ber bewundern und genie&#223;en und somit wirklich intensiv w&#252;rdigen kann. Ich habe auch festgestellt, dass es mir dann nach Silvester deutlich leichter f&#228;llt, alles wieder weg &#8211; und einzupacken. Fr&#252;her war ich da eher wehm&#252;tig und hatte das Gef&#252;hl, dass das alles viel zu kurz angedauert hat.<\/p>\n<p><img loading=\"lazy\" decoding=\"async\" class=\"aligncenter size-full wp-image-31406\" src=\"http:\/\/www.heldenhaushalt.de\/sari02\/wp-content\/uploads\/2016\/12\/baum2016-04.jpg\" alt=\"Weihnachtsbaum\" width=\"800\" height=\"533\" srcset=\"https:\/\/www.heldenhaushalt.de\/sari02\/wp-content\/uploads\/2016\/12\/baum2016-04.jpg 800w, https:\/\/www.heldenhaushalt.de\/sari02\/wp-content\/uploads\/2016\/12\/baum2016-04-300x200.jpg 300w, https:\/\/www.heldenhaushalt.de\/sari02\/wp-content\/uploads\/2016\/12\/baum2016-04-768x512.jpg 768w, https:\/\/www.heldenhaushalt.de\/sari02\/wp-content\/uploads\/2016\/12\/baum2016-04-600x400.jpg 600w, https:\/\/www.heldenhaushalt.de\/sari02\/wp-content\/uploads\/2016\/12\/baum2016-04-660x440.jpg 660w, https:\/\/www.heldenhaushalt.de\/sari02\/wp-content\/uploads\/2016\/12\/baum2016-04-373x248.jpg 373w\" sizes=\"auto, (max-width: 800px) 100vw, 800px\" \/><\/p>\n<p>So sitzen wir nun jeden Abend auf dem Sofa, bewundern unsern Baum, nutzen sein Licht als indirektes und gem&#252;tliches Licht und r&#228;tseln jedes Mal, was dort wohl vom Weihnachtsmann drunter gelegt werden k&#246;nnte.<\/p>\n<p>Nun wisst Ihr es :) &#8230; und? Wie macht Ihr das mit dem Weihnachtsbaum?<\/p>\n<p><img loading=\"lazy\" decoding=\"async\" class=\" size-full wp-image-24841 alignright\" src=\"https:\/\/www.heldenhaushalt.de \/sari02\/wp-content\/uploads\/2015\/01\/sari-unter.jpg?resize=130%2C59\" alt=\"sari-unter\" width=\"130\" height=\"59\"><\/p>\n","protected":false},"excerpt":{"rendered":"<p>Fr&#252;her, als ich selber noch Kind war, da war an Weihnachten der Moment ganz besonders f&#252;r uns Kinder, als wir im Flur standen und auf ein ganz bestimmtes Signal warteten. Wir lauschten heimlich an der T&#252;r, versuchten durch das Schl&#252;sselloch einen ersten Blick zu erhaschen und konnten es vor Spannung kaum noch aushalten. Unter dem T&#252;rschlitz&nbsp; lie&#223; ein leichter Lichtschein schon erahnen, dass es bald losgehen w&#252;rde und dann kam endlich der erl&#246;sende Ton: Ein leises Klingeln aus dem Wohnzimmer. Das Zeichen, dass die Engel da waren und die Bescherung beginnen konnte. Wir &#246;ffneten die T&#252;r&nbsp; und traten bed&#228;chtig ein. Zum ersten Mal sahen wir in diesem Jahr den Baum: Unseren Weihnachtsbaum. Bis zu diesem Zeitpunkt wussten wir nicht, wie er dieses Mal aussehen w&#252;rde und nat&#252;rlich fielen unsere Blicke dann darunter zu den Geschenken&#8230; so war das damals bei mir. Unser Weihnachtsbaum und warum alles anders ist&#8230; Als ich sp&#228;ter aus &#8211; und mit dem Helden zusammen zog und wir unseren ersten gemeinsamen Weihnachtsbaum kauften, da warteten wir noch &#8211; so wie ich es von fr&#252;her kannte &#8211; bis kurz vor Weihnachten, stellten ihn dann auf und schm&#252;ckten ihn gemeinsam mit unseren Freunden im Rahmen einer vorweihnachtlichen Sing &#8211; Star &#8211; Party. Im Jahr darauf stellten wir ihn dann schon zu Beginn der Weihnachtszeit auf und das hat sich dann irgendwie gehalten. Mit Beginn der Adventszeit hole ich den Baumschmuck heraus und der Held stellt den Baum f&#252;r uns auf. Seit einigen Jahren haben wir einen unechten, wirklich sch&#246;nen Baum und obwohl er nicht den Duft hat, den viele daran so lieben, m&#246;chte ich ihn nicht missen. Wir schafften ihn damals an, weil wir vermeiden wollten, dass der Miniheld die meist schon fr&#252;h herabfallenden Tannennadeln finden und essen w&#252;rde. Ich bin sehr gl&#252;cklich &#252;ber diesen Fund und jeder, der unseren Baum sieht, findet ihn auch sch&#246;n, so dass ich mich in dieser Entscheidung best&#228;tigt f&#252;hle. Eigene Traditionen schaffen. Nachdem wir einmal damit angefangen hatten den Weihnachtsbaum bereit so fr&#252;h aufzustellen, hat sich das bei uns irgendwie zu einer Familien &#8211; Tradition entwickelt. W&#228;hrend ich als Kind bis zur letzten Sekunde nie wusste, wie unser Baum aussehen w&#252;rde, beziehe ich meine Kinder von der ersten Sekunde an mit ein. Gemeinsam mit dem Minihelden entscheide ich, welche Farbe die Dekoration in diesem Jahr bekommen soll und dann teilen wir die Bereiche auf. Er darf alles selber schm&#252;cken, wo er auch selber ran kommt und alles andere &#252;bernehme ich. So baut er jedes Jahr einen ganz pers&#246;nlichen Bezug zu unserem Weihnachtsbaum auf und ich habe das Gef&#252;hl, dass er ihn dadurch vollkommen anders wahrnimmt und genie&#223;t. Doch warum stellen wir ihn nun schon so fr&#252;h auf? Wenn ich dar&#252;ber nachdenke, dass man den Baum f&#252;r viel Geld kauft und dann eigentlich nur f&#252;r eine Woche aufstellt, tut es mir irgendwie etwas leid darum. Aus meiner Sicht spricht &#252;berhaupt nichts dagegen, dass man ihn die gesamte Weihnachtszeit hin&#252;ber bewundern und genie&#223;en und somit wirklich intensiv w&#252;rdigen kann. Ich habe auch festgestellt, dass es mir dann nach Silvester deutlich leichter f&#228;llt, alles wieder weg &#8211; und einzupacken. Fr&#252;her war ich da eher wehm&#252;tig und hatte das Gef&#252;hl, dass das alles viel zu kurz angedauert hat. So sitzen wir nun jeden Abend auf dem Sofa, bewundern unsern Baum, nutzen sein Licht als indirektes und gem&#252;tliches Licht und r&#228;tseln jedes Mal, was dort wohl vom Weihnachtsmann drunter gelegt werden k&#246;nnte. Nun wisst Ihr es :) &#8230; und? Wie macht Ihr das mit dem Weihnachtsbaum?<\/p>\n","protected":false},"author":1,"featured_media":31404,"comment_status":"open","ping_status":"open","sticky":false,"template":"","format":"standard","meta":{"ngg_post_thumbnail":0,"footnotes":""},"categories":[46,49],"tags":[984,385,677,62,124],"class_list":["post-31356","post","type-post","status-publish","format-standard","has-post-thumbnail","hentry","category-feiertage","category-blogspaehre","tag-adventszeit","tag-mittwochs-mag-ich","tag-mmi","tag-weihnachten","tag-weihnachtsbaum"],"yoast_head":"<!-- This site is optimized with the Yoast SEO plugin v27.5 - https:\/\/yoast.com\/product\/yoast-seo-wordpress\/ -->\n<title>[Mmi] Warum jedes Jahr unser Weihnachtsbaum schon so fr\u00fch steht<\/title>\n<meta name=\"description\" content=\"Nachdem wir einmal damit angefangen hatten den Weihnachtsbaum so fr\u00fch aufzustellen, hat sich das zu einer Familien - Tradition entwickelt.\" \/>\n<meta name=\"robots\" content=\"index, follow, max-snippet:-1, max-image-preview:large, max-video-preview:-1\" \/>\n<link rel=\"canonical\" href=\"https:\/\/www.heldenhaushalt.de\/sari02\/index.php\/2016\/12\/14\/mmi-weihnachtsbaum\/\" \/>\n<meta property=\"og:locale\" content=\"de_DE\" \/>\n<meta property=\"og:type\" content=\"article\" \/>\n<meta property=\"og:title\" content=\"[Mmi] Warum jedes Jahr unser Weihnachtsbaum schon so fr\u00fch steht\" \/>\n<meta property=\"og:description\" content=\"Nachdem wir einmal damit angefangen hatten den Weihnachtsbaum so fr\u00fch aufzustellen, hat sich das zu einer Familien - Tradition entwickelt.\" \/>\n<meta property=\"og:url\" content=\"https:\/\/www.heldenhaushalt.de\/sari02\/index.php\/2016\/12\/14\/mmi-weihnachtsbaum\/\" \/>\n<meta property=\"og:site_name\" content=\"Heldenhaushalt\" \/>\n<meta property=\"article:published_time\" content=\"2016-12-14T09:00:00+00:00\" \/>\n<meta property=\"og:image\" content=\"https:\/\/www.heldenhaushalt.de\/sari02\/wp-content\/uploads\/2016\/12\/baum2016-02.jpg\" \/>\n\t<meta property=\"og:image:width\" content=\"800\" \/>\n\t<meta property=\"og:image:height\" content=\"533\" \/>\n\t<meta property=\"og:image:type\" content=\"image\/jpeg\" \/>\n<meta name=\"author\" content=\"Sari\" \/>\n<meta name=\"twitter:card\" content=\"summary_large_image\" \/>\n<meta name=\"twitter:creator\" content=\"@Heldenhaushalt\" \/>\n<meta name=\"twitter:site\" content=\"@Heldenhaushalt\" \/>\n<meta name=\"twitter:label1\" content=\"Verfasst von\" \/>\n\t<meta name=\"twitter:data1\" content=\"Sari\" \/>\n\t<meta name=\"twitter:label2\" content=\"Gesch\u00e4tzte Lesezeit\" \/>\n\t<meta name=\"twitter:data2\" content=\"3\u00a0Minuten\" \/>\n<script type=\"application\/ld+json\" class=\"yoast-schema-graph\">{\"@context\":\"https:\\\/\\\/schema.org\",\"@graph\":[{\"@type\":\"Article\",\"@id\":\"https:\\\/\\\/www.heldenhaushalt.de\\\/sari02\\\/index.php\\\/2016\\\/12\\\/14\\\/mmi-weihnachtsbaum\\\/#article\",\"isPartOf\":{\"@id\":\"https:\\\/\\\/www.heldenhaushalt.de\\\/sari02\\\/index.php\\\/2016\\\/12\\\/14\\\/mmi-weihnachtsbaum\\\/\"},\"author\":{\"name\":\"Sari\",\"@id\":\"https:\\\/\\\/www.heldenhaushalt.de\\\/sari02\\\/#\\\/schema\\\/person\\\/a1cc69f42a01f412eb62c151353814f6\"},\"headline\":\"[Mmi] Warum jedes Jahr unser Weihnachtsbaum schon so fr&#252;h steht&#8230;\",\"datePublished\":\"2016-12-14T09:00:00+00:00\",\"mainEntityOfPage\":{\"@id\":\"https:\\\/\\\/www.heldenhaushalt.de\\\/sari02\\\/index.php\\\/2016\\\/12\\\/14\\\/mmi-weihnachtsbaum\\\/\"},\"wordCount\":633,\"commentCount\":10,\"publisher\":{\"@id\":\"https:\\\/\\\/www.heldenhaushalt.de\\\/sari02\\\/#\\\/schema\\\/person\\\/a1cc69f42a01f412eb62c151353814f6\"},\"image\":{\"@id\":\"https:\\\/\\\/www.heldenhaushalt.de\\\/sari02\\\/index.php\\\/2016\\\/12\\\/14\\\/mmi-weihnachtsbaum\\\/#primaryimage\"},\"thumbnailUrl\":\"https:\\\/\\\/www.heldenhaushalt.de\\\/sari02\\\/wp-content\\\/uploads\\\/2016\\\/12\\\/baum2016-02.jpg\",\"keywords\":[\"Adventszeit\",\"Mittwochs mag ich\",\"Mmi\",\"Weihnachten\",\"Weihnachtsbaum\"],\"articleSection\":[\"Besondere Anl\u00e4sse\",\"Blogsph\u00e4re\"],\"inLanguage\":\"de\",\"potentialAction\":[{\"@type\":\"CommentAction\",\"name\":\"Comment\",\"target\":[\"https:\\\/\\\/www.heldenhaushalt.de\\\/sari02\\\/index.php\\\/2016\\\/12\\\/14\\\/mmi-weihnachtsbaum\\\/#respond\"]}]},{\"@type\":\"WebPage\",\"@id\":\"https:\\\/\\\/www.heldenhaushalt.de\\\/sari02\\\/index.php\\\/2016\\\/12\\\/14\\\/mmi-weihnachtsbaum\\\/\",\"url\":\"https:\\\/\\\/www.heldenhaushalt.de\\\/sari02\\\/index.php\\\/2016\\\/12\\\/14\\\/mmi-weihnachtsbaum\\\/\",\"name\":\"[Mmi] Warum jedes Jahr unser Weihnachtsbaum schon so fr\u00fch steht\",\"isPartOf\":{\"@id\":\"https:\\\/\\\/www.heldenhaushalt.de\\\/sari02\\\/#website\"},\"primaryImageOfPage\":{\"@id\":\"https:\\\/\\\/www.heldenhaushalt.de\\\/sari02\\\/index.php\\\/2016\\\/12\\\/14\\\/mmi-weihnachtsbaum\\\/#primaryimage\"},\"image\":{\"@id\":\"https:\\\/\\\/www.heldenhaushalt.de\\\/sari02\\\/index.php\\\/2016\\\/12\\\/14\\\/mmi-weihnachtsbaum\\\/#primaryimage\"},\"thumbnailUrl\":\"https:\\\/\\\/www.heldenhaushalt.de\\\/sari02\\\/wp-content\\\/uploads\\\/2016\\\/12\\\/baum2016-02.jpg\",\"datePublished\":\"2016-12-14T09:00:00+00:00\",\"description\":\"Nachdem wir einmal damit angefangen hatten den Weihnachtsbaum so fr\u00fch aufzustellen, hat sich das zu einer Familien - Tradition entwickelt.\",\"breadcrumb\":{\"@id\":\"https:\\\/\\\/www.heldenhaushalt.de\\\/sari02\\\/index.php\\\/2016\\\/12\\\/14\\\/mmi-weihnachtsbaum\\\/#breadcrumb\"},\"inLanguage\":\"de\",\"potentialAction\":[{\"@type\":\"ReadAction\",\"target\":[\"https:\\\/\\\/www.heldenhaushalt.de\\\/sari02\\\/index.php\\\/2016\\\/12\\\/14\\\/mmi-weihnachtsbaum\\\/\"]}]},{\"@type\":\"ImageObject\",\"inLanguage\":\"de\",\"@id\":\"https:\\\/\\\/www.heldenhaushalt.de\\\/sari02\\\/index.php\\\/2016\\\/12\\\/14\\\/mmi-weihnachtsbaum\\\/#primaryimage\",\"url\":\"https:\\\/\\\/www.heldenhaushalt.de\\\/sari02\\\/wp-content\\\/uploads\\\/2016\\\/12\\\/baum2016-02.jpg\",\"contentUrl\":\"https:\\\/\\\/www.heldenhaushalt.de\\\/sari02\\\/wp-content\\\/uploads\\\/2016\\\/12\\\/baum2016-02.jpg\",\"width\":800,\"height\":533,\"caption\":\"Weihnachtsbaum\"},{\"@type\":\"BreadcrumbList\",\"@id\":\"https:\\\/\\\/www.heldenhaushalt.de\\\/sari02\\\/index.php\\\/2016\\\/12\\\/14\\\/mmi-weihnachtsbaum\\\/#breadcrumb\",\"itemListElement\":[{\"@type\":\"ListItem\",\"position\":1,\"name\":\"Startseite\",\"item\":\"https:\\\/\\\/www.heldenhaushalt.de\\\/sari02\\\/\"},{\"@type\":\"ListItem\",\"position\":2,\"name\":\"[Mmi] Warum jedes Jahr unser Weihnachtsbaum schon so fr&#252;h steht&#8230;\"}]},{\"@type\":\"WebSite\",\"@id\":\"https:\\\/\\\/www.heldenhaushalt.de\\\/sari02\\\/#website\",\"url\":\"https:\\\/\\\/www.heldenhaushalt.de\\\/sari02\\\/\",\"name\":\"Heldenhaushalt\",\"description\":\"Wer es ordentlich haben will, der muss vorher anrufen\",\"publisher\":{\"@id\":\"https:\\\/\\\/www.heldenhaushalt.de\\\/sari02\\\/#\\\/schema\\\/person\\\/a1cc69f42a01f412eb62c151353814f6\"},\"potentialAction\":[{\"@type\":\"SearchAction\",\"target\":{\"@type\":\"EntryPoint\",\"urlTemplate\":\"https:\\\/\\\/www.heldenhaushalt.de\\\/sari02\\\/?s={search_term_string}\"},\"query-input\":{\"@type\":\"PropertyValueSpecification\",\"valueRequired\":true,\"valueName\":\"search_term_string\"}}],\"inLanguage\":\"de\"},{\"@type\":[\"Person\",\"Organization\"],\"@id\":\"https:\\\/\\\/www.heldenhaushalt.de\\\/sari02\\\/#\\\/schema\\\/person\\\/a1cc69f42a01f412eb62c151353814f6\",\"name\":\"Sari\",\"image\":{\"@type\":\"ImageObject\",\"inLanguage\":\"de\",\"@id\":\"https:\\\/\\\/www.heldenhaushalt.de\\\/sari02\\\/wp-content\\\/uploads\\\/2019\\\/02\\\/sari-april2018.png\",\"url\":\"https:\\\/\\\/www.heldenhaushalt.de\\\/sari02\\\/wp-content\\\/uploads\\\/2019\\\/02\\\/sari-april2018.png\",\"contentUrl\":\"https:\\\/\\\/www.heldenhaushalt.de\\\/sari02\\\/wp-content\\\/uploads\\\/2019\\\/02\\\/sari-april2018.png\",\"width\":500,\"height\":500,\"caption\":\"Sari\"},\"logo\":{\"@id\":\"https:\\\/\\\/www.heldenhaushalt.de\\\/sari02\\\/wp-content\\\/uploads\\\/2019\\\/02\\\/sari-april2018.png\"},\"description\":\"Frau Mondgras \u2013 Das bin ich, Sari. Gerne auch als Sari Mondgras bekannt und im Internet zu finden. 2-Fach-Mutter, Heldenehefrau, Kreativling, Harmonies\u00fcchtig und st\u00e4ndig auf der Suche nach Gl\u00fcck. Ich komme aus Berlin, bin hier aufgewachsen und lebe hier seit ich denken kann.\",\"sameAs\":[\"https:\\\/\\\/www.instagram.com\\\/heldenhaushalt\\\/\"],\"url\":\"https:\\\/\\\/www.heldenhaushalt.de\\\/sari02\\\/index.php\\\/author\\\/admin\\\/\"}]}<\/script>\n<!-- \/ Yoast SEO plugin. -->","yoast_head_json":{"title":"[Mmi] Warum jedes Jahr unser Weihnachtsbaum schon so fr\u00fch steht","description":"Nachdem wir einmal damit angefangen hatten den Weihnachtsbaum so fr\u00fch aufzustellen, hat sich das zu einer Familien - Tradition entwickelt.","robots":{"index":"index","follow":"follow","max-snippet":"max-snippet:-1","max-image-preview":"max-image-preview:large","max-video-preview":"max-video-preview:-1"},"canonical":"https:\/\/www.heldenhaushalt.de\/sari02\/index.php\/2016\/12\/14\/mmi-weihnachtsbaum\/","og_locale":"de_DE","og_type":"article","og_title":"[Mmi] Warum jedes Jahr unser Weihnachtsbaum schon so fr\u00fch steht","og_description":"Nachdem wir einmal damit angefangen hatten den Weihnachtsbaum so fr\u00fch aufzustellen, hat sich das zu einer Familien - Tradition entwickelt.","og_url":"https:\/\/www.heldenhaushalt.de\/sari02\/index.php\/2016\/12\/14\/mmi-weihnachtsbaum\/","og_site_name":"Heldenhaushalt","article_published_time":"2016-12-14T09:00:00+00:00","og_image":[{"width":800,"height":533,"url":"https:\/\/www.heldenhaushalt.de\/sari02\/wp-content\/uploads\/2016\/12\/baum2016-02.jpg","type":"image\/jpeg"}],"author":"Sari","twitter_card":"summary_large_image","twitter_creator":"@Heldenhaushalt","twitter_site":"@Heldenhaushalt","twitter_misc":{"Verfasst von":"Sari","Gesch\u00e4tzte Lesezeit":"3\u00a0Minuten"},"schema":{"@context":"https:\/\/schema.org","@graph":[{"@type":"Article","@id":"https:\/\/www.heldenhaushalt.de\/sari02\/index.php\/2016\/12\/14\/mmi-weihnachtsbaum\/#article","isPartOf":{"@id":"https:\/\/www.heldenhaushalt.de\/sari02\/index.php\/2016\/12\/14\/mmi-weihnachtsbaum\/"},"author":{"name":"Sari","@id":"https:\/\/www.heldenhaushalt.de\/sari02\/#\/schema\/person\/a1cc69f42a01f412eb62c151353814f6"},"headline":"[Mmi] Warum jedes Jahr unser Weihnachtsbaum schon so fr&#252;h steht&#8230;","datePublished":"2016-12-14T09:00:00+00:00","mainEntityOfPage":{"@id":"https:\/\/www.heldenhaushalt.de\/sari02\/index.php\/2016\/12\/14\/mmi-weihnachtsbaum\/"},"wordCount":633,"commentCount":10,"publisher":{"@id":"https:\/\/www.heldenhaushalt.de\/sari02\/#\/schema\/person\/a1cc69f42a01f412eb62c151353814f6"},"image":{"@id":"https:\/\/www.heldenhaushalt.de\/sari02\/index.php\/2016\/12\/14\/mmi-weihnachtsbaum\/#primaryimage"},"thumbnailUrl":"https:\/\/www.heldenhaushalt.de\/sari02\/wp-content\/uploads\/2016\/12\/baum2016-02.jpg","keywords":["Adventszeit","Mittwochs mag ich","Mmi","Weihnachten","Weihnachtsbaum"],"articleSection":["Besondere Anl\u00e4sse","Blogsph\u00e4re"],"inLanguage":"de","potentialAction":[{"@type":"CommentAction","name":"Comment","target":["https:\/\/www.heldenhaushalt.de\/sari02\/index.php\/2016\/12\/14\/mmi-weihnachtsbaum\/#respond"]}]},{"@type":"WebPage","@id":"https:\/\/www.heldenhaushalt.de\/sari02\/index.php\/2016\/12\/14\/mmi-weihnachtsbaum\/","url":"https:\/\/www.heldenhaushalt.de\/sari02\/index.php\/2016\/12\/14\/mmi-weihnachtsbaum\/","name":"[Mmi] Warum jedes Jahr unser Weihnachtsbaum schon so fr\u00fch steht","isPartOf":{"@id":"https:\/\/www.heldenhaushalt.de\/sari02\/#website"},"primaryImageOfPage":{"@id":"https:\/\/www.heldenhaushalt.de\/sari02\/index.php\/2016\/12\/14\/mmi-weihnachtsbaum\/#primaryimage"},"image":{"@id":"https:\/\/www.heldenhaushalt.de\/sari02\/index.php\/2016\/12\/14\/mmi-weihnachtsbaum\/#primaryimage"},"thumbnailUrl":"https:\/\/www.heldenhaushalt.de\/sari02\/wp-content\/uploads\/2016\/12\/baum2016-02.jpg","datePublished":"2016-12-14T09:00:00+00:00","description":"Nachdem wir einmal damit angefangen hatten den Weihnachtsbaum so fr\u00fch aufzustellen, hat sich das zu einer Familien - Tradition entwickelt.","breadcrumb":{"@id":"https:\/\/www.heldenhaushalt.de\/sari02\/index.php\/2016\/12\/14\/mmi-weihnachtsbaum\/#breadcrumb"},"inLanguage":"de","potentialAction":[{"@type":"ReadAction","target":["https:\/\/www.heldenhaushalt.de\/sari02\/index.php\/2016\/12\/14\/mmi-weihnachtsbaum\/"]}]},{"@type":"ImageObject","inLanguage":"de","@id":"https:\/\/www.heldenhaushalt.de\/sari02\/index.php\/2016\/12\/14\/mmi-weihnachtsbaum\/#primaryimage","url":"https:\/\/www.heldenhaushalt.de\/sari02\/wp-content\/uploads\/2016\/12\/baum2016-02.jpg","contentUrl":"https:\/\/www.heldenhaushalt.de\/sari02\/wp-content\/uploads\/2016\/12\/baum2016-02.jpg","width":800,"height":533,"caption":"Weihnachtsbaum"},{"@type":"BreadcrumbList","@id":"https:\/\/www.heldenhaushalt.de\/sari02\/index.php\/2016\/12\/14\/mmi-weihnachtsbaum\/#breadcrumb","itemListElement":[{"@type":"ListItem","position":1,"name":"Startseite","item":"https:\/\/www.heldenhaushalt.de\/sari02\/"},{"@type":"ListItem","position":2,"name":"[Mmi] Warum jedes Jahr unser Weihnachtsbaum schon so fr&#252;h steht&#8230;"}]},{"@type":"WebSite","@id":"https:\/\/www.heldenhaushalt.de\/sari02\/#website","url":"https:\/\/www.heldenhaushalt.de\/sari02\/","name":"Heldenhaushalt","description":"Wer es ordentlich haben will, der muss vorher anrufen","publisher":{"@id":"https:\/\/www.heldenhaushalt.de\/sari02\/#\/schema\/person\/a1cc69f42a01f412eb62c151353814f6"},"potentialAction":[{"@type":"SearchAction","target":{"@type":"EntryPoint","urlTemplate":"https:\/\/www.heldenhaushalt.de\/sari02\/?s={search_term_string}"},"query-input":{"@type":"PropertyValueSpecification","valueRequired":true,"valueName":"search_term_string"}}],"inLanguage":"de"},{"@type":["Person","Organization"],"@id":"https:\/\/www.heldenhaushalt.de\/sari02\/#\/schema\/person\/a1cc69f42a01f412eb62c151353814f6","name":"Sari","image":{"@type":"ImageObject","inLanguage":"de","@id":"https:\/\/www.heldenhaushalt.de\/sari02\/wp-content\/uploads\/2019\/02\/sari-april2018.png","url":"https:\/\/www.heldenhaushalt.de\/sari02\/wp-content\/uploads\/2019\/02\/sari-april2018.png","contentUrl":"https:\/\/www.heldenhaushalt.de\/sari02\/wp-content\/uploads\/2019\/02\/sari-april2018.png","width":500,"height":500,"caption":"Sari"},"logo":{"@id":"https:\/\/www.heldenhaushalt.de\/sari02\/wp-content\/uploads\/2019\/02\/sari-april2018.png"},"description":"Frau Mondgras \u2013 Das bin ich, Sari. Gerne auch als Sari Mondgras bekannt und im Internet zu finden. 2-Fach-Mutter, Heldenehefrau, Kreativling, Harmonies\u00fcchtig und st\u00e4ndig auf der Suche nach Gl\u00fcck. Ich komme aus Berlin, bin hier aufgewachsen und lebe hier seit ich denken kann.","sameAs":["https:\/\/www.instagram.com\/heldenhaushalt\/"],"url":"https:\/\/www.heldenhaushalt.de\/sari02\/index.php\/author\/admin\/"}]}},"views":7347,"_links":{"self":[{"href":"https:\/\/www.heldenhaushalt.de\/sari02\/index.php\/wp-json\/wp\/v2\/posts\/31356","targetHints":{"allow":["GET"]}}],"collection":[{"href":"https:\/\/www.heldenhaushalt.de\/sari02\/index.php\/wp-json\/wp\/v2\/posts"}],"about":[{"href":"https:\/\/www.heldenhaushalt.de\/sari02\/index.php\/wp-json\/wp\/v2\/types\/post"}],"author":[{"embeddable":true,"href":"https:\/\/www.heldenhaushalt.de\/sari02\/index.php\/wp-json\/wp\/v2\/users\/1"}],"replies":[{"embeddable":true,"href":"https:\/\/www.heldenhaushalt.de\/sari02\/index.php\/wp-json\/wp\/v2\/comments?post=31356"}],"version-history":[{"count":3,"href":"https:\/\/www.heldenhaushalt.de\/sari02\/index.php\/wp-json\/wp\/v2\/posts\/31356\/revisions"}],"predecessor-version":[{"id":31407,"href":"https:\/\/www.heldenhaushalt.de\/sari02\/index.php\/wp-json\/wp\/v2\/posts\/31356\/revisions\/31407"}],"wp:featuredmedia":[{"embeddable":true,"href":"https:\/\/www.heldenhaushalt.de\/sari02\/index.php\/wp-json\/wp\/v2\/media\/31404"}],"wp:attachment":[{"href":"https:\/\/www.heldenhaushalt.de\/sari02\/index.php\/wp-json\/wp\/v2\/media?parent=31356"}],"wp:term":[{"taxonomy":"category","embeddable":true,"href":"https:\/\/www.heldenhaushalt.de\/sari02\/index.php\/wp-json\/wp\/v2\/categories?post=31356"},{"taxonomy":"post_tag","embeddable":true,"href":"https:\/\/www.heldenhaushalt.de\/sari02\/index.php\/wp-json\/wp\/v2\/tags?post=31356"}],"curies":[{"name":"wp","href":"https:\/\/api.w.org\/{rel}","templated":true}]}}