{"id":31519,"date":"2016-12-30T10:00:00","date_gmt":"2016-12-30T09:00:00","guid":{"rendered":"http:\/\/www.heldenhaushalt.de\/sari02\/?p=31519"},"modified":"2016-12-30T11:28:49","modified_gmt":"2016-12-30T10:28:49","slug":"freitags5-5-tage-5-fotos-im-dezember-05","status":"publish","type":"post","link":"https:\/\/www.heldenhaushalt.de\/sari02\/index.php\/2016\/12\/30\/freitags5-5-tage-5-fotos-im-dezember-05\/","title":{"rendered":"#Freitags5 \u2013 5 Tage 5 Fotos im Dezember #05"},"content":{"rendered":"<p>Zwischen den Jahren, hat man mir neulich erkl&#228;rt, nennt man diese Zeit, in der wir uns gerade befinden. Der Jahresh&#246;hepunkt f&#252;r Kinder liegt nun hinter uns. Weihnachten. Puuuuh, etwas Anspannung l&#228;sst nach. Aber noch nicht v&#246;llig, denn im Heldenhaushalt freut sich ein Junge auf Silvester. Fast genauso doll wie Weihnachten. Und dabei ist dieses Jahr nicht mal eine Feier geplant. Erstaunlich! Etwas deprimierend war der Umstand, dass es fast die gesamte Woche wie aus K&#252;beln regnete und teilweise sogar st&#252;rmte, so dass die M&#246;glichkeiten mit Kindern eher bescheiden waren&#8230;<\/p>\n<p style=\"text-align: center;\">***<\/p>\n<h2>Meine #Freitags5 #Freitagslieblinge<\/h2>\n<p><img loading=\"lazy\" decoding=\"async\" class=\"aligncenter size-full wp-image-31547\" src=\"http:\/\/www.heldenhaushalt.de\/sari02\/wp-content\/uploads\/2016\/12\/frkw53-05.jpg\" alt=\"#Freitags5\" width=\"2032\" height=\"2032\" srcset=\"https:\/\/www.heldenhaushalt.de\/sari02\/wp-content\/uploads\/2016\/12\/frkw53-05.jpg 2032w, https:\/\/www.heldenhaushalt.de\/sari02\/wp-content\/uploads\/2016\/12\/frkw53-05-150x150.jpg 150w, https:\/\/www.heldenhaushalt.de\/sari02\/wp-content\/uploads\/2016\/12\/frkw53-05-300x300.jpg 300w, https:\/\/www.heldenhaushalt.de\/sari02\/wp-content\/uploads\/2016\/12\/frkw53-05-768x768.jpg 768w, https:\/\/www.heldenhaushalt.de\/sari02\/wp-content\/uploads\/2016\/12\/frkw53-05-1024x1024.jpg 1024w, https:\/\/www.heldenhaushalt.de\/sari02\/wp-content\/uploads\/2016\/12\/frkw53-05-600x600.jpg 600w, https:\/\/www.heldenhaushalt.de\/sari02\/wp-content\/uploads\/2016\/12\/frkw53-05-1000x1000.jpg 1000w, https:\/\/www.heldenhaushalt.de\/sari02\/wp-content\/uploads\/2016\/12\/frkw53-05-660x660.jpg 660w, https:\/\/www.heldenhaushalt.de\/sari02\/wp-content\/uploads\/2016\/12\/frkw53-05-373x373.jpg 373w\" sizes=\"auto, (max-width: 2032px) 100vw, 2032px\" \/><\/p>\n<p><strong>Meine Lieblingslekt&#252;re der Woche \u2013<\/strong> Zum Lesen bin ich diese Woche echt mal so gar nicht gekommen. Weder hier noch im Internet noch sonst irgendwo&#8230;wenn ich mir mal ein St&#252;ndchen freie Zeit geg&#246;nnt habe, habe ich &#8211; zu meiner Schande &#8211; seit Ewigkeiten mal wieder gezockt. Und zwar Final Fantasy 15. Hachjaaaaaaa&#8230;<strong><br \/>\n<\/strong><\/p>\n<p style=\"text-align: center;\">***<\/p>\n<p><img loading=\"lazy\" decoding=\"async\" class=\"aligncenter size-full wp-image-31545\" src=\"http:\/\/www.heldenhaushalt.de\/sari02\/wp-content\/uploads\/2016\/12\/frkw53-03.jpg\" alt=\"#Freitags5\" width=\"800\" height=\"800\" srcset=\"https:\/\/www.heldenhaushalt.de\/sari02\/wp-content\/uploads\/2016\/12\/frkw53-03.jpg 800w, https:\/\/www.heldenhaushalt.de\/sari02\/wp-content\/uploads\/2016\/12\/frkw53-03-150x150.jpg 150w, https:\/\/www.heldenhaushalt.de\/sari02\/wp-content\/uploads\/2016\/12\/frkw53-03-300x300.jpg 300w, https:\/\/www.heldenhaushalt.de\/sari02\/wp-content\/uploads\/2016\/12\/frkw53-03-768x768.jpg 768w, https:\/\/www.heldenhaushalt.de\/sari02\/wp-content\/uploads\/2016\/12\/frkw53-03-600x600.jpg 600w, https:\/\/www.heldenhaushalt.de\/sari02\/wp-content\/uploads\/2016\/12\/frkw53-03-660x660.jpg 660w, https:\/\/www.heldenhaushalt.de\/sari02\/wp-content\/uploads\/2016\/12\/frkw53-03-373x373.jpg 373w\" sizes=\"auto, (max-width: 800px) 100vw, 800px\" \/><\/p>\n<p><strong>Mein Lieblingsessen der Woche \u2013&nbsp;<\/strong> Oh es gab so viele Leckereien diese Woche. Am Montag leckere Ente mit Rotkohl und Kl&#246;&#223;en, mit Vorsuppe, Nachtisch und allem, was zu so einem Weihnachtsessen dazu geh&#246;rt. Sehr lecker war aber auch das Wildgulasch, das der Held am Mittwoch gezaubert hat und zu dem ich dann Rosmarin Kartoffeln gemacht habe. Seit Ewigkeiten gab es diese Woche dann auch noch Langosch. Das haben wir zum ersten Mal vor Jahren auf dem Weihnachtsmarkt gegessen und seitdem immer wieder mal selber daran versucht. Kennt Ihr das? <a href=\"http:\/\/www.heldenhaushalt.de\/sari02\/index.php\/2012\/01\/09\/oishii-langoslangosch\/\">Hier findet Ihr unser Rezept dazu<\/a>&#8230;<strong><br \/>\n<\/strong><\/p>\n<p style=\"text-align: center;\">***<\/p>\n<p><img loading=\"lazy\" decoding=\"async\" class=\"aligncenter size-full wp-image-31544\" src=\"http:\/\/www.heldenhaushalt.de\/sari02\/wp-content\/uploads\/2016\/12\/frkw53-02.jpg\" alt=\"#Freitags5\" width=\"800\" height=\"800\" srcset=\"https:\/\/www.heldenhaushalt.de\/sari02\/wp-content\/uploads\/2016\/12\/frkw53-02.jpg 800w, https:\/\/www.heldenhaushalt.de\/sari02\/wp-content\/uploads\/2016\/12\/frkw53-02-150x150.jpg 150w, https:\/\/www.heldenhaushalt.de\/sari02\/wp-content\/uploads\/2016\/12\/frkw53-02-300x300.jpg 300w, https:\/\/www.heldenhaushalt.de\/sari02\/wp-content\/uploads\/2016\/12\/frkw53-02-768x768.jpg 768w, https:\/\/www.heldenhaushalt.de\/sari02\/wp-content\/uploads\/2016\/12\/frkw53-02-600x600.jpg 600w, https:\/\/www.heldenhaushalt.de\/sari02\/wp-content\/uploads\/2016\/12\/frkw53-02-660x660.jpg 660w, https:\/\/www.heldenhaushalt.de\/sari02\/wp-content\/uploads\/2016\/12\/frkw53-02-373x373.jpg 373w\" sizes=\"auto, (max-width: 800px) 100vw, 800px\" \/><\/p>\n<p><strong>Meinen Lieblingsmoment mit meinen Kindern<\/strong> \u2013 Regen, Regen, Regen&#8230;das ist echt gemein, dass es ausgerechnet dann so viel regnet, wenn man Freizeit f&#252;r und mit den Kindern hat. Wir haben versucht das Beste darau&#223; zu machen. Waren bowlen. Bei Karls Erlebnishof im Spielspeicher und haben allgemein die Freizeit so gestaltet, dass wir alle etwas davon haben. Aber sch&#246;ner w&#228;re es wirklich gewesen, wenn man nach all den Weihnachtschleckereien einfach auch mehr Bewegung an der frischen Luft h&#228;tte haben k&#246;nnen.<\/p>\n<p style=\"text-align: center;\">***<\/p>\n<p><img loading=\"lazy\" decoding=\"async\" class=\"aligncenter size-full wp-image-31546\" src=\"http:\/\/www.heldenhaushalt.de\/sari02\/wp-content\/uploads\/2016\/12\/frkw53-04.jpg\" alt=\"#Freitags5\" width=\"800\" height=\"800\" srcset=\"https:\/\/www.heldenhaushalt.de\/sari02\/wp-content\/uploads\/2016\/12\/frkw53-04.jpg 800w, https:\/\/www.heldenhaushalt.de\/sari02\/wp-content\/uploads\/2016\/12\/frkw53-04-150x150.jpg 150w, https:\/\/www.heldenhaushalt.de\/sari02\/wp-content\/uploads\/2016\/12\/frkw53-04-300x300.jpg 300w, https:\/\/www.heldenhaushalt.de\/sari02\/wp-content\/uploads\/2016\/12\/frkw53-04-768x768.jpg 768w, https:\/\/www.heldenhaushalt.de\/sari02\/wp-content\/uploads\/2016\/12\/frkw53-04-600x600.jpg 600w, https:\/\/www.heldenhaushalt.de\/sari02\/wp-content\/uploads\/2016\/12\/frkw53-04-660x660.jpg 660w, https:\/\/www.heldenhaushalt.de\/sari02\/wp-content\/uploads\/2016\/12\/frkw53-04-373x373.jpg 373w\" sizes=\"auto, (max-width: 800px) 100vw, 800px\" \/><\/p>\n<figure id=\"attachment_27950\" class=\"wp-caption aligncenter\"><figcaption class=\"wp-caption-text\"><\/figcaption><\/figure>\n<p><strong>Meinen Lieblings-Mama-Moment nur f&#252;r mich<\/strong> \u2013 Dieser Moment, wenn die Kinder beide schlafen und du tats&#228;chlich einfach mal &#252;ber nichts nachdenken musst. Deine Konzentration lenkt sich auf einen wundersch&#246;nen Film. Und dieser Film hei&#223;t &#8220;BFG&#8221; nach einer Geschichte von Roald Dahl. Wenn auch am Ende leider etwas zu schnell erz&#228;hlt. Die Bilder haben mich seit langen einfach mal wieder verzaubert.<\/p>\n<p style=\"text-align: center;\">***<\/p>\n<p><img loading=\"lazy\" decoding=\"async\" class=\"aligncenter size-full wp-image-31543\" src=\"http:\/\/www.heldenhaushalt.de\/sari02\/wp-content\/uploads\/2016\/12\/frkw53-01.jpg\" alt=\"#Freitags5\" width=\"800\" height=\"800\" srcset=\"https:\/\/www.heldenhaushalt.de\/sari02\/wp-content\/uploads\/2016\/12\/frkw53-01.jpg 800w, https:\/\/www.heldenhaushalt.de\/sari02\/wp-content\/uploads\/2016\/12\/frkw53-01-150x150.jpg 150w, https:\/\/www.heldenhaushalt.de\/sari02\/wp-content\/uploads\/2016\/12\/frkw53-01-300x300.jpg 300w, https:\/\/www.heldenhaushalt.de\/sari02\/wp-content\/uploads\/2016\/12\/frkw53-01-768x768.jpg 768w, https:\/\/www.heldenhaushalt.de\/sari02\/wp-content\/uploads\/2016\/12\/frkw53-01-600x600.jpg 600w, https:\/\/www.heldenhaushalt.de\/sari02\/wp-content\/uploads\/2016\/12\/frkw53-01-660x660.jpg 660w, https:\/\/www.heldenhaushalt.de\/sari02\/wp-content\/uploads\/2016\/12\/frkw53-01-373x373.jpg 373w\" sizes=\"auto, (max-width: 800px) 100vw, 800px\" \/><\/p>\n<p><strong>Meine Lieblings-Inspiration der Woche \u2013<\/strong> Ist das Zitat von Terry Pratchett nicht spannend. Gerade jetzt zum Jahresende hin. Es ist die Zeit, in der wir &#252;ber Schicksal, Zukunft, Vergangenheit und dergleichen nachdenken. Sehr inspirierend. Sehenswert in der Blogsph&#228;re hingegen war Folgendes: <a href=\"http:\/\/shelikes.de\/2016\/12\/herrlich-schokoladige-baileys-creme.html\" target=\"_blank\">schokoladige Bailey&#8217;s Creme<\/a> &#8211; <a href=\"http:\/\/mein-feenstaub.blogspot.de\/2016\/12\/diy-schreibtisch-kalender-mit-instax.html\" target=\"_blank\">Schreibtischklender mit Instax Fotos selbstgemacht<\/a> &#8211; <a href=\"http:\/\/www.seemannsgarn-handmade.de\/2016\/12\/mein-nahjahr-2017-naehplaner-freebie.html\" target=\"_blank\">N&#228;hplaner Freebie<\/a> &#8211; <a href=\"http:\/\/www.mirella-design.de\/2016\/12\/freebie-freitag-kleiner-pinguin.html\" target=\"_blank\">Freebie Freitag kleiner Pinguin<\/a><strong><br \/>\n<\/strong><\/p>\n<p style=\"text-align: center;\">***<\/p>\n<p>Heute erwartet uns noch ein toller Nachmittag mit dem Lieblingsfreund des Minihelden und dann morgen ein eher ruhiges Silvester. Mehr bildhafte R&#252;ckblicke findet Ihr<a href=\"http:\/\/berlinmittemom.com\/tag\/5-freitagslieblinge\/\" target=\"_blank\"> bei BerlinMitteMom<\/a>.<\/p>\n<p><img loading=\"lazy\" decoding=\"async\" class=\" size-full wp-image-24841 alignright\" src=\"https:\/\/www.heldenhaushalt.de \/sari02\/wp-content\/uploads\/2015\/01\/sari-unter.jpg?resize=130%2C59\" alt=\"sari-unter\" width=\"130\" height=\"59\"><\/p>\n","protected":false},"excerpt":{"rendered":"<p>Zwischen den Jahren, hat man mir neulich erkl&#228;rt, nennt man diese Zeit, in der wir uns gerade befinden. Der Jahresh&#246;hepunkt f&#252;r Kinder liegt nun hinter uns. Weihnachten. Puuuuh, etwas Anspannung l&#228;sst nach. Aber noch nicht v&#246;llig, denn im Heldenhaushalt freut sich ein Junge auf Silvester. Fast genauso doll wie Weihnachten. Und dabei ist dieses Jahr nicht mal eine Feier geplant. Erstaunlich! Etwas deprimierend war der Umstand, dass es fast die gesamte Woche wie aus K&#252;beln regnete und teilweise sogar st&#252;rmte, so dass die M&#246;glichkeiten mit Kindern eher bescheiden waren&#8230; *** Meine #Freitags5 #Freitagslieblinge Meine Lieblingslekt&#252;re der Woche \u2013 Zum Lesen bin ich diese Woche echt mal so gar nicht gekommen. Weder hier noch im Internet noch sonst irgendwo&#8230;wenn ich mir mal ein St&#252;ndchen freie Zeit geg&#246;nnt habe, habe ich &#8211; zu meiner Schande &#8211; seit Ewigkeiten mal wieder gezockt. Und zwar Final Fantasy 15. Hachjaaaaaaa&#8230; *** Mein Lieblingsessen der Woche \u2013&nbsp; Oh es gab so viele Leckereien diese Woche. Am Montag leckere Ente mit Rotkohl und Kl&#246;&#223;en, mit Vorsuppe, Nachtisch und allem, was zu so einem Weihnachtsessen dazu geh&#246;rt. Sehr lecker war aber auch das Wildgulasch, das der Held am Mittwoch gezaubert hat und zu dem ich dann Rosmarin Kartoffeln gemacht habe. Seit Ewigkeiten gab es diese Woche dann auch noch Langosch. Das haben wir zum ersten Mal vor Jahren auf dem Weihnachtsmarkt gegessen und seitdem immer wieder mal selber daran versucht. Kennt Ihr das? Hier findet Ihr unser Rezept dazu&#8230; *** Meinen Lieblingsmoment mit meinen Kindern \u2013 Regen, Regen, Regen&#8230;das ist echt gemein, dass es ausgerechnet dann so viel regnet, wenn man Freizeit f&#252;r und mit den Kindern hat. Wir haben versucht das Beste darau&#223; zu machen. Waren bowlen. Bei Karls Erlebnishof im Spielspeicher und haben allgemein die Freizeit so gestaltet, dass wir alle etwas davon haben. Aber sch&#246;ner w&#228;re es wirklich gewesen, wenn man nach all den Weihnachtschleckereien einfach auch mehr Bewegung an der frischen Luft h&#228;tte haben k&#246;nnen. *** Meinen Lieblings-Mama-Moment nur f&#252;r mich \u2013 Dieser Moment, wenn die Kinder beide schlafen und du tats&#228;chlich einfach mal &#252;ber nichts nachdenken musst. Deine Konzentration lenkt sich auf einen wundersch&#246;nen Film. Und dieser Film hei&#223;t &#8220;BFG&#8221; nach einer Geschichte von Roald Dahl. Wenn auch am Ende leider etwas zu schnell erz&#228;hlt. Die Bilder haben mich seit langen einfach mal wieder verzaubert. *** Meine Lieblings-Inspiration der Woche \u2013 Ist das Zitat von Terry Pratchett nicht spannend. Gerade jetzt zum Jahresende hin. Es ist die Zeit, in der wir &#252;ber Schicksal, Zukunft, Vergangenheit und dergleichen nachdenken. Sehr inspirierend. Sehenswert in der Blogsph&#228;re hingegen war Folgendes: schokoladige Bailey&#8217;s Creme &#8211; Schreibtischklender mit Instax Fotos selbstgemacht &#8211; N&#228;hplaner Freebie &#8211; Freebie Freitag kleiner Pinguin *** Heute erwartet uns noch ein toller Nachmittag mit dem Lieblingsfreund des Minihelden und dann morgen ein eher ruhiges Silvester. Mehr bildhafte R&#252;ckblicke findet Ihr bei BerlinMitteMom.<\/p>\n","protected":false},"author":1,"featured_media":31543,"comment_status":"open","ping_status":"open","sticky":false,"template":"","format":"standard","meta":{"ngg_post_thumbnail":0,"footnotes":""},"categories":[323,49],"tags":[780,781,1005,199,158,62],"class_list":["post-31519","post","type-post","status-publish","format-standard","has-post-thumbnail","hentry","category-alltag","category-blogspaehre","tag-freitags5","tag-freitagslieblinge","tag-bowling","tag-rueckblick","tag-silvester","tag-weihnachten"],"yoast_head":"<!-- This site is optimized with the Yoast SEO plugin v27.5 - https:\/\/yoast.com\/product\/yoast-seo-wordpress\/ -->\n<title>#Freitags5 \u2013 5 Tage 5 Fotos im Dezember #05 - Heldenhaushalt<\/title>\n<meta name=\"description\" content=\"Zwischen den Jahren, hat man mir neulich erkl\u00e4rt, nennt man diese Zeit, in der wir uns gerade befinden. Meine #Freitags5 #Freitagslieblinge..\" \/>\n<meta name=\"robots\" content=\"index, follow, max-snippet:-1, max-image-preview:large, max-video-preview:-1\" \/>\n<link rel=\"canonical\" href=\"https:\/\/www.heldenhaushalt.de\/sari02\/index.php\/2016\/12\/30\/freitags5-5-tage-5-fotos-im-dezember-05\/\" \/>\n<meta property=\"og:locale\" content=\"de_DE\" \/>\n<meta property=\"og:type\" content=\"article\" \/>\n<meta property=\"og:title\" content=\"#Freitags5 \u2013 5 Tage 5 Fotos im Dezember #05 - Heldenhaushalt\" \/>\n<meta property=\"og:description\" content=\"Zwischen den Jahren, hat man mir neulich erkl\u00e4rt, nennt man diese Zeit, in der wir uns gerade befinden. Meine #Freitags5 #Freitagslieblinge..\" \/>\n<meta property=\"og:url\" content=\"https:\/\/www.heldenhaushalt.de\/sari02\/index.php\/2016\/12\/30\/freitags5-5-tage-5-fotos-im-dezember-05\/\" \/>\n<meta property=\"og:site_name\" content=\"Heldenhaushalt\" \/>\n<meta property=\"article:published_time\" content=\"2016-12-30T09:00:00+00:00\" \/>\n<meta property=\"article:modified_time\" content=\"2016-12-30T10:28:49+00:00\" \/>\n<meta property=\"og:image\" content=\"https:\/\/www.heldenhaushalt.de\/sari02\/wp-content\/uploads\/2016\/12\/frkw53-01.jpg\" \/>\n\t<meta property=\"og:image:width\" content=\"800\" \/>\n\t<meta property=\"og:image:height\" content=\"800\" \/>\n\t<meta property=\"og:image:type\" content=\"image\/jpeg\" \/>\n<meta name=\"author\" content=\"Sari\" \/>\n<meta name=\"twitter:card\" content=\"summary_large_image\" \/>\n<meta name=\"twitter:creator\" content=\"@Heldenhaushalt\" \/>\n<meta name=\"twitter:site\" content=\"@Heldenhaushalt\" \/>\n<meta name=\"twitter:label1\" content=\"Verfasst von\" \/>\n\t<meta name=\"twitter:data1\" content=\"Sari\" \/>\n\t<meta name=\"twitter:label2\" content=\"Gesch\u00e4tzte Lesezeit\" \/>\n\t<meta name=\"twitter:data2\" content=\"2\u00a0Minuten\" \/>\n<script type=\"application\/ld+json\" class=\"yoast-schema-graph\">{\"@context\":\"https:\\\/\\\/schema.org\",\"@graph\":[{\"@type\":\"Article\",\"@id\":\"https:\\\/\\\/www.heldenhaushalt.de\\\/sari02\\\/index.php\\\/2016\\\/12\\\/30\\\/freitags5-5-tage-5-fotos-im-dezember-05\\\/#article\",\"isPartOf\":{\"@id\":\"https:\\\/\\\/www.heldenhaushalt.de\\\/sari02\\\/index.php\\\/2016\\\/12\\\/30\\\/freitags5-5-tage-5-fotos-im-dezember-05\\\/\"},\"author\":{\"name\":\"Sari\",\"@id\":\"https:\\\/\\\/www.heldenhaushalt.de\\\/sari02\\\/#\\\/schema\\\/person\\\/a1cc69f42a01f412eb62c151353814f6\"},\"headline\":\"#Freitags5 \u2013 5 Tage 5 Fotos im Dezember #05\",\"datePublished\":\"2016-12-30T09:00:00+00:00\",\"dateModified\":\"2016-12-30T10:28:49+00:00\",\"mainEntityOfPage\":{\"@id\":\"https:\\\/\\\/www.heldenhaushalt.de\\\/sari02\\\/index.php\\\/2016\\\/12\\\/30\\\/freitags5-5-tage-5-fotos-im-dezember-05\\\/\"},\"wordCount\":490,\"commentCount\":2,\"publisher\":{\"@id\":\"https:\\\/\\\/www.heldenhaushalt.de\\\/sari02\\\/#\\\/schema\\\/person\\\/a1cc69f42a01f412eb62c151353814f6\"},\"image\":{\"@id\":\"https:\\\/\\\/www.heldenhaushalt.de\\\/sari02\\\/index.php\\\/2016\\\/12\\\/30\\\/freitags5-5-tage-5-fotos-im-dezember-05\\\/#primaryimage\"},\"thumbnailUrl\":\"https:\\\/\\\/www.heldenhaushalt.de\\\/sari02\\\/wp-content\\\/uploads\\\/2016\\\/12\\\/frkw53-01.jpg\",\"keywords\":[\"#Freitags5\",\"#Freitagslieblinge\",\"Bowling\",\"R\u00fcckblick\",\"Silvester\",\"Weihnachten\"],\"articleSection\":[\"Alltagschaos\",\"Blogsph\u00e4re\"],\"inLanguage\":\"de\",\"potentialAction\":[{\"@type\":\"CommentAction\",\"name\":\"Comment\",\"target\":[\"https:\\\/\\\/www.heldenhaushalt.de\\\/sari02\\\/index.php\\\/2016\\\/12\\\/30\\\/freitags5-5-tage-5-fotos-im-dezember-05\\\/#respond\"]}]},{\"@type\":\"WebPage\",\"@id\":\"https:\\\/\\\/www.heldenhaushalt.de\\\/sari02\\\/index.php\\\/2016\\\/12\\\/30\\\/freitags5-5-tage-5-fotos-im-dezember-05\\\/\",\"url\":\"https:\\\/\\\/www.heldenhaushalt.de\\\/sari02\\\/index.php\\\/2016\\\/12\\\/30\\\/freitags5-5-tage-5-fotos-im-dezember-05\\\/\",\"name\":\"#Freitags5 \u2013 5 Tage 5 Fotos im Dezember #05 - Heldenhaushalt\",\"isPartOf\":{\"@id\":\"https:\\\/\\\/www.heldenhaushalt.de\\\/sari02\\\/#website\"},\"primaryImageOfPage\":{\"@id\":\"https:\\\/\\\/www.heldenhaushalt.de\\\/sari02\\\/index.php\\\/2016\\\/12\\\/30\\\/freitags5-5-tage-5-fotos-im-dezember-05\\\/#primaryimage\"},\"image\":{\"@id\":\"https:\\\/\\\/www.heldenhaushalt.de\\\/sari02\\\/index.php\\\/2016\\\/12\\\/30\\\/freitags5-5-tage-5-fotos-im-dezember-05\\\/#primaryimage\"},\"thumbnailUrl\":\"https:\\\/\\\/www.heldenhaushalt.de\\\/sari02\\\/wp-content\\\/uploads\\\/2016\\\/12\\\/frkw53-01.jpg\",\"datePublished\":\"2016-12-30T09:00:00+00:00\",\"dateModified\":\"2016-12-30T10:28:49+00:00\",\"description\":\"Zwischen den Jahren, hat man mir neulich erkl\u00e4rt, nennt man diese Zeit, in der wir uns gerade befinden. Meine #Freitags5 #Freitagslieblinge..\",\"breadcrumb\":{\"@id\":\"https:\\\/\\\/www.heldenhaushalt.de\\\/sari02\\\/index.php\\\/2016\\\/12\\\/30\\\/freitags5-5-tage-5-fotos-im-dezember-05\\\/#breadcrumb\"},\"inLanguage\":\"de\",\"potentialAction\":[{\"@type\":\"ReadAction\",\"target\":[\"https:\\\/\\\/www.heldenhaushalt.de\\\/sari02\\\/index.php\\\/2016\\\/12\\\/30\\\/freitags5-5-tage-5-fotos-im-dezember-05\\\/\"]}]},{\"@type\":\"ImageObject\",\"inLanguage\":\"de\",\"@id\":\"https:\\\/\\\/www.heldenhaushalt.de\\\/sari02\\\/index.php\\\/2016\\\/12\\\/30\\\/freitags5-5-tage-5-fotos-im-dezember-05\\\/#primaryimage\",\"url\":\"https:\\\/\\\/www.heldenhaushalt.de\\\/sari02\\\/wp-content\\\/uploads\\\/2016\\\/12\\\/frkw53-01.jpg\",\"contentUrl\":\"https:\\\/\\\/www.heldenhaushalt.de\\\/sari02\\\/wp-content\\\/uploads\\\/2016\\\/12\\\/frkw53-01.jpg\",\"width\":800,\"height\":800,\"caption\":\"#Freitags5\"},{\"@type\":\"BreadcrumbList\",\"@id\":\"https:\\\/\\\/www.heldenhaushalt.de\\\/sari02\\\/index.php\\\/2016\\\/12\\\/30\\\/freitags5-5-tage-5-fotos-im-dezember-05\\\/#breadcrumb\",\"itemListElement\":[{\"@type\":\"ListItem\",\"position\":1,\"name\":\"Startseite\",\"item\":\"https:\\\/\\\/www.heldenhaushalt.de\\\/sari02\\\/\"},{\"@type\":\"ListItem\",\"position\":2,\"name\":\"#Freitags5 \u2013 5 Tage 5 Fotos im Dezember #05\"}]},{\"@type\":\"WebSite\",\"@id\":\"https:\\\/\\\/www.heldenhaushalt.de\\\/sari02\\\/#website\",\"url\":\"https:\\\/\\\/www.heldenhaushalt.de\\\/sari02\\\/\",\"name\":\"Heldenhaushalt\",\"description\":\"Wer es ordentlich haben will, der muss vorher anrufen\",\"publisher\":{\"@id\":\"https:\\\/\\\/www.heldenhaushalt.de\\\/sari02\\\/#\\\/schema\\\/person\\\/a1cc69f42a01f412eb62c151353814f6\"},\"potentialAction\":[{\"@type\":\"SearchAction\",\"target\":{\"@type\":\"EntryPoint\",\"urlTemplate\":\"https:\\\/\\\/www.heldenhaushalt.de\\\/sari02\\\/?s={search_term_string}\"},\"query-input\":{\"@type\":\"PropertyValueSpecification\",\"valueRequired\":true,\"valueName\":\"search_term_string\"}}],\"inLanguage\":\"de\"},{\"@type\":[\"Person\",\"Organization\"],\"@id\":\"https:\\\/\\\/www.heldenhaushalt.de\\\/sari02\\\/#\\\/schema\\\/person\\\/a1cc69f42a01f412eb62c151353814f6\",\"name\":\"Sari\",\"image\":{\"@type\":\"ImageObject\",\"inLanguage\":\"de\",\"@id\":\"https:\\\/\\\/www.heldenhaushalt.de\\\/sari02\\\/wp-content\\\/uploads\\\/2019\\\/02\\\/sari-april2018.png\",\"url\":\"https:\\\/\\\/www.heldenhaushalt.de\\\/sari02\\\/wp-content\\\/uploads\\\/2019\\\/02\\\/sari-april2018.png\",\"contentUrl\":\"https:\\\/\\\/www.heldenhaushalt.de\\\/sari02\\\/wp-content\\\/uploads\\\/2019\\\/02\\\/sari-april2018.png\",\"width\":500,\"height\":500,\"caption\":\"Sari\"},\"logo\":{\"@id\":\"https:\\\/\\\/www.heldenhaushalt.de\\\/sari02\\\/wp-content\\\/uploads\\\/2019\\\/02\\\/sari-april2018.png\"},\"description\":\"Frau Mondgras \u2013 Das bin ich, Sari. Gerne auch als Sari Mondgras bekannt und im Internet zu finden. 2-Fach-Mutter, Heldenehefrau, Kreativling, Harmonies\u00fcchtig und st\u00e4ndig auf der Suche nach Gl\u00fcck. Ich komme aus Berlin, bin hier aufgewachsen und lebe hier seit ich denken kann.\",\"sameAs\":[\"https:\\\/\\\/www.instagram.com\\\/heldenhaushalt\\\/\"],\"url\":\"https:\\\/\\\/www.heldenhaushalt.de\\\/sari02\\\/index.php\\\/author\\\/admin\\\/\"}]}<\/script>\n<!-- \/ Yoast SEO plugin. -->","yoast_head_json":{"title":"#Freitags5 \u2013 5 Tage 5 Fotos im Dezember #05 - Heldenhaushalt","description":"Zwischen den Jahren, hat man mir neulich erkl\u00e4rt, nennt man diese Zeit, in der wir uns gerade befinden. Meine #Freitags5 #Freitagslieblinge..","robots":{"index":"index","follow":"follow","max-snippet":"max-snippet:-1","max-image-preview":"max-image-preview:large","max-video-preview":"max-video-preview:-1"},"canonical":"https:\/\/www.heldenhaushalt.de\/sari02\/index.php\/2016\/12\/30\/freitags5-5-tage-5-fotos-im-dezember-05\/","og_locale":"de_DE","og_type":"article","og_title":"#Freitags5 \u2013 5 Tage 5 Fotos im Dezember #05 - Heldenhaushalt","og_description":"Zwischen den Jahren, hat man mir neulich erkl\u00e4rt, nennt man diese Zeit, in der wir uns gerade befinden. Meine #Freitags5 #Freitagslieblinge..","og_url":"https:\/\/www.heldenhaushalt.de\/sari02\/index.php\/2016\/12\/30\/freitags5-5-tage-5-fotos-im-dezember-05\/","og_site_name":"Heldenhaushalt","article_published_time":"2016-12-30T09:00:00+00:00","article_modified_time":"2016-12-30T10:28:49+00:00","og_image":[{"width":800,"height":800,"url":"https:\/\/www.heldenhaushalt.de\/sari02\/wp-content\/uploads\/2016\/12\/frkw53-01.jpg","type":"image\/jpeg"}],"author":"Sari","twitter_card":"summary_large_image","twitter_creator":"@Heldenhaushalt","twitter_site":"@Heldenhaushalt","twitter_misc":{"Verfasst von":"Sari","Gesch\u00e4tzte Lesezeit":"2\u00a0Minuten"},"schema":{"@context":"https:\/\/schema.org","@graph":[{"@type":"Article","@id":"https:\/\/www.heldenhaushalt.de\/sari02\/index.php\/2016\/12\/30\/freitags5-5-tage-5-fotos-im-dezember-05\/#article","isPartOf":{"@id":"https:\/\/www.heldenhaushalt.de\/sari02\/index.php\/2016\/12\/30\/freitags5-5-tage-5-fotos-im-dezember-05\/"},"author":{"name":"Sari","@id":"https:\/\/www.heldenhaushalt.de\/sari02\/#\/schema\/person\/a1cc69f42a01f412eb62c151353814f6"},"headline":"#Freitags5 \u2013 5 Tage 5 Fotos im Dezember #05","datePublished":"2016-12-30T09:00:00+00:00","dateModified":"2016-12-30T10:28:49+00:00","mainEntityOfPage":{"@id":"https:\/\/www.heldenhaushalt.de\/sari02\/index.php\/2016\/12\/30\/freitags5-5-tage-5-fotos-im-dezember-05\/"},"wordCount":490,"commentCount":2,"publisher":{"@id":"https:\/\/www.heldenhaushalt.de\/sari02\/#\/schema\/person\/a1cc69f42a01f412eb62c151353814f6"},"image":{"@id":"https:\/\/www.heldenhaushalt.de\/sari02\/index.php\/2016\/12\/30\/freitags5-5-tage-5-fotos-im-dezember-05\/#primaryimage"},"thumbnailUrl":"https:\/\/www.heldenhaushalt.de\/sari02\/wp-content\/uploads\/2016\/12\/frkw53-01.jpg","keywords":["#Freitags5","#Freitagslieblinge","Bowling","R\u00fcckblick","Silvester","Weihnachten"],"articleSection":["Alltagschaos","Blogsph\u00e4re"],"inLanguage":"de","potentialAction":[{"@type":"CommentAction","name":"Comment","target":["https:\/\/www.heldenhaushalt.de\/sari02\/index.php\/2016\/12\/30\/freitags5-5-tage-5-fotos-im-dezember-05\/#respond"]}]},{"@type":"WebPage","@id":"https:\/\/www.heldenhaushalt.de\/sari02\/index.php\/2016\/12\/30\/freitags5-5-tage-5-fotos-im-dezember-05\/","url":"https:\/\/www.heldenhaushalt.de\/sari02\/index.php\/2016\/12\/30\/freitags5-5-tage-5-fotos-im-dezember-05\/","name":"#Freitags5 \u2013 5 Tage 5 Fotos im Dezember #05 - Heldenhaushalt","isPartOf":{"@id":"https:\/\/www.heldenhaushalt.de\/sari02\/#website"},"primaryImageOfPage":{"@id":"https:\/\/www.heldenhaushalt.de\/sari02\/index.php\/2016\/12\/30\/freitags5-5-tage-5-fotos-im-dezember-05\/#primaryimage"},"image":{"@id":"https:\/\/www.heldenhaushalt.de\/sari02\/index.php\/2016\/12\/30\/freitags5-5-tage-5-fotos-im-dezember-05\/#primaryimage"},"thumbnailUrl":"https:\/\/www.heldenhaushalt.de\/sari02\/wp-content\/uploads\/2016\/12\/frkw53-01.jpg","datePublished":"2016-12-30T09:00:00+00:00","dateModified":"2016-12-30T10:28:49+00:00","description":"Zwischen den Jahren, hat man mir neulich erkl\u00e4rt, nennt man diese Zeit, in der wir uns gerade befinden. Meine #Freitags5 #Freitagslieblinge..","breadcrumb":{"@id":"https:\/\/www.heldenhaushalt.de\/sari02\/index.php\/2016\/12\/30\/freitags5-5-tage-5-fotos-im-dezember-05\/#breadcrumb"},"inLanguage":"de","potentialAction":[{"@type":"ReadAction","target":["https:\/\/www.heldenhaushalt.de\/sari02\/index.php\/2016\/12\/30\/freitags5-5-tage-5-fotos-im-dezember-05\/"]}]},{"@type":"ImageObject","inLanguage":"de","@id":"https:\/\/www.heldenhaushalt.de\/sari02\/index.php\/2016\/12\/30\/freitags5-5-tage-5-fotos-im-dezember-05\/#primaryimage","url":"https:\/\/www.heldenhaushalt.de\/sari02\/wp-content\/uploads\/2016\/12\/frkw53-01.jpg","contentUrl":"https:\/\/www.heldenhaushalt.de\/sari02\/wp-content\/uploads\/2016\/12\/frkw53-01.jpg","width":800,"height":800,"caption":"#Freitags5"},{"@type":"BreadcrumbList","@id":"https:\/\/www.heldenhaushalt.de\/sari02\/index.php\/2016\/12\/30\/freitags5-5-tage-5-fotos-im-dezember-05\/#breadcrumb","itemListElement":[{"@type":"ListItem","position":1,"name":"Startseite","item":"https:\/\/www.heldenhaushalt.de\/sari02\/"},{"@type":"ListItem","position":2,"name":"#Freitags5 \u2013 5 Tage 5 Fotos im Dezember #05"}]},{"@type":"WebSite","@id":"https:\/\/www.heldenhaushalt.de\/sari02\/#website","url":"https:\/\/www.heldenhaushalt.de\/sari02\/","name":"Heldenhaushalt","description":"Wer es ordentlich haben will, der muss vorher anrufen","publisher":{"@id":"https:\/\/www.heldenhaushalt.de\/sari02\/#\/schema\/person\/a1cc69f42a01f412eb62c151353814f6"},"potentialAction":[{"@type":"SearchAction","target":{"@type":"EntryPoint","urlTemplate":"https:\/\/www.heldenhaushalt.de\/sari02\/?s={search_term_string}"},"query-input":{"@type":"PropertyValueSpecification","valueRequired":true,"valueName":"search_term_string"}}],"inLanguage":"de"},{"@type":["Person","Organization"],"@id":"https:\/\/www.heldenhaushalt.de\/sari02\/#\/schema\/person\/a1cc69f42a01f412eb62c151353814f6","name":"Sari","image":{"@type":"ImageObject","inLanguage":"de","@id":"https:\/\/www.heldenhaushalt.de\/sari02\/wp-content\/uploads\/2019\/02\/sari-april2018.png","url":"https:\/\/www.heldenhaushalt.de\/sari02\/wp-content\/uploads\/2019\/02\/sari-april2018.png","contentUrl":"https:\/\/www.heldenhaushalt.de\/sari02\/wp-content\/uploads\/2019\/02\/sari-april2018.png","width":500,"height":500,"caption":"Sari"},"logo":{"@id":"https:\/\/www.heldenhaushalt.de\/sari02\/wp-content\/uploads\/2019\/02\/sari-april2018.png"},"description":"Frau Mondgras \u2013 Das bin ich, Sari. Gerne auch als Sari Mondgras bekannt und im Internet zu finden. 2-Fach-Mutter, Heldenehefrau, Kreativling, Harmonies\u00fcchtig und st\u00e4ndig auf der Suche nach Gl\u00fcck. Ich komme aus Berlin, bin hier aufgewachsen und lebe hier seit ich denken kann.","sameAs":["https:\/\/www.instagram.com\/heldenhaushalt\/"],"url":"https:\/\/www.heldenhaushalt.de\/sari02\/index.php\/author\/admin\/"}]}},"views":3822,"_links":{"self":[{"href":"https:\/\/www.heldenhaushalt.de\/sari02\/index.php\/wp-json\/wp\/v2\/posts\/31519","targetHints":{"allow":["GET"]}}],"collection":[{"href":"https:\/\/www.heldenhaushalt.de\/sari02\/index.php\/wp-json\/wp\/v2\/posts"}],"about":[{"href":"https:\/\/www.heldenhaushalt.de\/sari02\/index.php\/wp-json\/wp\/v2\/types\/post"}],"author":[{"embeddable":true,"href":"https:\/\/www.heldenhaushalt.de\/sari02\/index.php\/wp-json\/wp\/v2\/users\/1"}],"replies":[{"embeddable":true,"href":"https:\/\/www.heldenhaushalt.de\/sari02\/index.php\/wp-json\/wp\/v2\/comments?post=31519"}],"version-history":[{"count":5,"href":"https:\/\/www.heldenhaushalt.de\/sari02\/index.php\/wp-json\/wp\/v2\/posts\/31519\/revisions"}],"predecessor-version":[{"id":31548,"href":"https:\/\/www.heldenhaushalt.de\/sari02\/index.php\/wp-json\/wp\/v2\/posts\/31519\/revisions\/31548"}],"wp:featuredmedia":[{"embeddable":true,"href":"https:\/\/www.heldenhaushalt.de\/sari02\/index.php\/wp-json\/wp\/v2\/media\/31543"}],"wp:attachment":[{"href":"https:\/\/www.heldenhaushalt.de\/sari02\/index.php\/wp-json\/wp\/v2\/media?parent=31519"}],"wp:term":[{"taxonomy":"category","embeddable":true,"href":"https:\/\/www.heldenhaushalt.de\/sari02\/index.php\/wp-json\/wp\/v2\/categories?post=31519"},{"taxonomy":"post_tag","embeddable":true,"href":"https:\/\/www.heldenhaushalt.de\/sari02\/index.php\/wp-json\/wp\/v2\/tags?post=31519"}],"curies":[{"name":"wp","href":"https:\/\/api.w.org\/{rel}","templated":true}]}}