{"id":31685,"date":"2017-01-13T10:00:29","date_gmt":"2017-01-13T09:00:29","guid":{"rendered":"http:\/\/www.heldenhaushalt.de\/sari02\/?p=31685"},"modified":"2017-01-13T10:35:54","modified_gmt":"2017-01-13T09:35:54","slug":"freitags5-5-tage-5-fotos-im-januar-02","status":"publish","type":"post","link":"https:\/\/www.heldenhaushalt.de\/sari02\/index.php\/2017\/01\/13\/freitags5-5-tage-5-fotos-im-januar-02\/","title":{"rendered":"#Freitags5 \u2013 5 Tage 5 Fotos im Januar #02"},"content":{"rendered":"<p>Und schwupp kann die zweite Woche im Jahr sich ganz schnell wie eine Woche aus dem alten Jahr anf&#252;hlen, wenn pl&#246;tzlich der halbe Heldenhaushalt mal wieder kr&#228;nkelt. Und das, obwohl besonders die Kinder erstmal total viel Spa&#223; in all dem Schnee hatten, den es pl&#246;tzlich gab. Gleichzeitig hat das sprunghafte Wetter aber auch unsere Gartenmauer gesprengt und der Miniheld hat drei Tage vor seinem ersten Schwimmkurs erstmal einen Husten bekommen&#8230;sie kennen das Drama sicher.<\/p>\n<p style=\"text-align: center;\">***<\/p>\n<h2>Meine #Freitags5 #Freitagslieblinge<\/h2>\n<p>&nbsp;&nbsp;&nbsp; <img loading=\"lazy\" decoding=\"async\" class=\"aligncenter size-full wp-image-31694\" src=\"http:\/\/www.heldenhaushalt.de\/sari02\/wp-content\/uploads\/2017\/01\/02-05.jpg\" alt=\"\" width=\"800\" height=\"800\" srcset=\"https:\/\/www.heldenhaushalt.de\/sari02\/wp-content\/uploads\/2017\/01\/02-05.jpg 800w, https:\/\/www.heldenhaushalt.de\/sari02\/wp-content\/uploads\/2017\/01\/02-05-150x150.jpg 150w, https:\/\/www.heldenhaushalt.de\/sari02\/wp-content\/uploads\/2017\/01\/02-05-300x300.jpg 300w, https:\/\/www.heldenhaushalt.de\/sari02\/wp-content\/uploads\/2017\/01\/02-05-768x768.jpg 768w, https:\/\/www.heldenhaushalt.de\/sari02\/wp-content\/uploads\/2017\/01\/02-05-600x600.jpg 600w, https:\/\/www.heldenhaushalt.de\/sari02\/wp-content\/uploads\/2017\/01\/02-05-660x660.jpg 660w, https:\/\/www.heldenhaushalt.de\/sari02\/wp-content\/uploads\/2017\/01\/02-05-373x373.jpg 373w\" sizes=\"auto, (max-width: 800px) 100vw, 800px\" \/><\/p>\n<p><strong>Meine Lieblingslekt&#252;re der Woche \u2013<\/strong> Ich habe mir nun endlich mal das wundervolle Buch &#8220;<a href=\"https:\/\/www.amazon.de\/gp\/product\/3407864264\/ref=as_li_tl?ie=UTF8&amp;camp=1638&amp;creative=6742&amp;creativeASIN=3407864264&amp;linkCode=as2&amp;tag=mondgrasde-21\" target=\"_blank\" rel=\"nofollow\">Slow Family<\/a>&#8221; <small>(Affiliate)<\/small> vorgenommen und erhoffe mir dadurch etwas mehr Gelassenheit im Alltag. Ich halte mich ja eh nicht unbedingt f&#252;r eine Person, die alles in Stress ausarten l&#228;sst, aber ich stresse mich selber gerne mal bzw. bin dann innerlich etwas unuhig und ausgelaugt. Etwas Ruhe und Zeit in den Alltag zu bekommen, das w&#228;re schon eine sch&#246;ne Sache. Der Anfang klang schon mal ganz nett. Ich bin auf mehr gespannt&#8230;<strong><br \/>\n<\/strong><\/p>\n<p style=\"text-align: center;\">***<\/p>\n<p><img loading=\"lazy\" decoding=\"async\" class=\"aligncenter size-full wp-image-31691\" src=\"http:\/\/www.heldenhaushalt.de\/sari02\/wp-content\/uploads\/2017\/01\/02-02.jpg\" alt=\"\" width=\"800\" height=\"800\" srcset=\"https:\/\/www.heldenhaushalt.de\/sari02\/wp-content\/uploads\/2017\/01\/02-02.jpg 800w, https:\/\/www.heldenhaushalt.de\/sari02\/wp-content\/uploads\/2017\/01\/02-02-150x150.jpg 150w, https:\/\/www.heldenhaushalt.de\/sari02\/wp-content\/uploads\/2017\/01\/02-02-300x300.jpg 300w, https:\/\/www.heldenhaushalt.de\/sari02\/wp-content\/uploads\/2017\/01\/02-02-768x768.jpg 768w, https:\/\/www.heldenhaushalt.de\/sari02\/wp-content\/uploads\/2017\/01\/02-02-600x600.jpg 600w, https:\/\/www.heldenhaushalt.de\/sari02\/wp-content\/uploads\/2017\/01\/02-02-660x660.jpg 660w, https:\/\/www.heldenhaushalt.de\/sari02\/wp-content\/uploads\/2017\/01\/02-02-373x373.jpg 373w\" sizes=\"auto, (max-width: 800px) 100vw, 800px\" \/><\/p>\n<p><strong>Mein Lieblingsessen der Woche \u2013&nbsp;<\/strong> M&#252;sli. Ganz viel diese Woche. Und der Held hat vom Weihnachtsmann einen neuen Sandwichtoaster bekommen.W&#228;hrend die Herren der Sch&#246;pfung sich immer sch&#246;n Salami und Co zwischen die Toastscheiben gelegt haben, habe ich es mal mit einer anderen Version versucht. Morzarella und Tomaten. War seeeehr lecker.<strong><br \/>\n<\/strong><\/p>\n<p style=\"text-align: center;\">***<\/p>\n<p><img loading=\"lazy\" decoding=\"async\" class=\"aligncenter size-full wp-image-31695\" src=\"http:\/\/www.heldenhaushalt.de\/sari02\/wp-content\/uploads\/2017\/01\/02-01.jpg\" alt=\"#Freitags5\" width=\"800\" height=\"800\" srcset=\"https:\/\/www.heldenhaushalt.de\/sari02\/wp-content\/uploads\/2017\/01\/02-01.jpg 800w, https:\/\/www.heldenhaushalt.de\/sari02\/wp-content\/uploads\/2017\/01\/02-01-150x150.jpg 150w, https:\/\/www.heldenhaushalt.de\/sari02\/wp-content\/uploads\/2017\/01\/02-01-300x300.jpg 300w, https:\/\/www.heldenhaushalt.de\/sari02\/wp-content\/uploads\/2017\/01\/02-01-768x768.jpg 768w, https:\/\/www.heldenhaushalt.de\/sari02\/wp-content\/uploads\/2017\/01\/02-01-600x600.jpg 600w, https:\/\/www.heldenhaushalt.de\/sari02\/wp-content\/uploads\/2017\/01\/02-01-660x660.jpg 660w, https:\/\/www.heldenhaushalt.de\/sari02\/wp-content\/uploads\/2017\/01\/02-01-373x373.jpg 373w\" sizes=\"auto, (max-width: 800px) 100vw, 800px\" \/><\/p>\n<p><strong>Meinen Lieblingsmoment mit meinen Kindern<\/strong> \u2013 Mit und f&#252;r die Kinder war sicher der Schnee das Aufregenste diese Woche. Der Miniheld verbrachte viel Zeit im Garten und versuchte aus dem Schnee einen kleinen Schneemann zu zaubern, w&#228;hrend das Heldenkind fasziniert zuschaute. Das war wohl mein liebster Moment diese Woche. Genau dieser Anblick. Aber auch zu sehen, wie beide Kinder gleicherma&#223;en viel Spa&#223; daran hatten Schnee aufzuheben, zu schmeissen und zu sp&#252;ren, war einfach nur sch&#246;n.<\/p>\n<p style=\"text-align: center;\">***<\/p>\n<p><img loading=\"lazy\" decoding=\"async\" class=\"aligncenter size-full wp-image-31693\" src=\"http:\/\/www.heldenhaushalt.de\/sari02\/wp-content\/uploads\/2017\/01\/02-04.jpg\" alt=\"\" width=\"800\" height=\"800\" srcset=\"https:\/\/www.heldenhaushalt.de\/sari02\/wp-content\/uploads\/2017\/01\/02-04.jpg 800w, https:\/\/www.heldenhaushalt.de\/sari02\/wp-content\/uploads\/2017\/01\/02-04-150x150.jpg 150w, https:\/\/www.heldenhaushalt.de\/sari02\/wp-content\/uploads\/2017\/01\/02-04-300x300.jpg 300w, https:\/\/www.heldenhaushalt.de\/sari02\/wp-content\/uploads\/2017\/01\/02-04-768x768.jpg 768w, https:\/\/www.heldenhaushalt.de\/sari02\/wp-content\/uploads\/2017\/01\/02-04-600x600.jpg 600w, https:\/\/www.heldenhaushalt.de\/sari02\/wp-content\/uploads\/2017\/01\/02-04-660x660.jpg 660w, https:\/\/www.heldenhaushalt.de\/sari02\/wp-content\/uploads\/2017\/01\/02-04-373x373.jpg 373w\" sizes=\"auto, (max-width: 800px) 100vw, 800px\" \/><\/p>\n<figure id=\"attachment_27950\" class=\"wp-caption aligncenter\"><figcaption class=\"wp-caption-text\"><\/figcaption><\/figure>\n<p><strong>Meinen Lieblings-Mama-Moment nur f&#252;r mich<\/strong> \u2013 Ich muss gestehen, ich bin diese Woche vor allem eines: M&#252;de. Wenig Schlaf, das Gef&#252;hl sich ein bisschen im Kreis zu drehen und keinen Ausgang zu finden, das schlaucht ganz sch&#246;n. Dauerdunkel und so manche Situationen, auf die ich gut verzichten k&#246;nnte&#8230;aber nun ja. Das geh&#246;rt einfach dazu und noch kann man ja immer wieder vor sich her predigen, dass alles nur Phasen sind. Und das stimmt erfreulicher Weise in der Regel ja auch. Ich glaube meine pers&#246;nlichen Lieblingsmomente als Mama waren die, als ich auf dem Sofa lag um f&#252;r 5 Minuten die Augen zu schlie&#223;en und beide Kinder ankamen, um mir den Kopf zu streicheln. Der eine ein leieses &#8220;Eeeeei&#8221; s&#228;uselnd.<\/p>\n<p style=\"text-align: center;\">***<\/p>\n<p><img loading=\"lazy\" decoding=\"async\" class=\"aligncenter size-full wp-image-31692\" src=\"http:\/\/www.heldenhaushalt.de\/sari02\/wp-content\/uploads\/2017\/01\/02-03.jpg\" alt=\"\" width=\"800\" height=\"800\" srcset=\"https:\/\/www.heldenhaushalt.de\/sari02\/wp-content\/uploads\/2017\/01\/02-03.jpg 800w, https:\/\/www.heldenhaushalt.de\/sari02\/wp-content\/uploads\/2017\/01\/02-03-150x150.jpg 150w, https:\/\/www.heldenhaushalt.de\/sari02\/wp-content\/uploads\/2017\/01\/02-03-300x300.jpg 300w, https:\/\/www.heldenhaushalt.de\/sari02\/wp-content\/uploads\/2017\/01\/02-03-768x768.jpg 768w, https:\/\/www.heldenhaushalt.de\/sari02\/wp-content\/uploads\/2017\/01\/02-03-600x600.jpg 600w, https:\/\/www.heldenhaushalt.de\/sari02\/wp-content\/uploads\/2017\/01\/02-03-660x660.jpg 660w, https:\/\/www.heldenhaushalt.de\/sari02\/wp-content\/uploads\/2017\/01\/02-03-373x373.jpg 373w\" sizes=\"auto, (max-width: 800px) 100vw, 800px\" \/><\/p>\n<p><strong>Meine Lieblings-Inspiration der Woche \u2013 <\/strong>Weniger ist manchmal mehr und ich finde den <a href=\"http:\/\/www.lalemie.de\/2017\/01\/5-dinge-die-du-statt-schimpfen-tun.html\" target=\"_blank\">Beitrag von lalemi<\/a> sehr sch&#246;n, in dem sie uns Alternativen zum Schimpfen aufzeigt. Habt Ihr nicht auch diese Tage, an denen Ihr das Gef&#252;hl habt den ganzen Tag nur geschimpft zu haben? Weitere sch&#246;ne Inspirationen in der Blogsph&#228;re gab es hier: <a href=\"http:\/\/diekleinebotin.at\/2017\/01\/11\/eislaterne-winter-diy\/\" target=\"_blank\">Eislaternen<\/a> &#8211; <a href=\"https:\/\/www.mamahoch2.de\/2017\/01\/diy-bastel-dir-pom-poms-aus-servietten.html\" target=\"_blank\">DIY Anleitung PomPoms aus Servietten<\/a> &#8211; <a href=\"http:\/\/www.lalemie.de\/2017\/01\/kinderkekse-gesund-und-schnell-gemacht.html\" target=\"_blank\">Kinderkekse leicht und lecker<\/a> &#8211; <a href=\"http:\/\/gkkreativ.blogspot.de\/2017\/01\/basteln-mit-kindern-sockenpinguin.html\" target=\"_blank\">Sockenpinguin<\/a><strong><br \/>\n<\/strong><\/p>\n<p style=\"text-align: center;\">***<\/p>\n<p>Auf morgen freue ich mich dieses Mal besonders, denn wir erwarten lieben Besuch und haben sch&#246;ne Sachen vor. Mehr bildhafte R&#252;ckblicke findet Ihr<a href=\"http:\/\/berlinmittemom.com\/tag\/5-freitagslieblinge\/\" target=\"_blank\"> bei BerlinMitteMom<\/a>.<\/p>\n<p><img loading=\"lazy\" decoding=\"async\" class=\" size-full wp-image-24841 alignright\" src=\"https:\/\/www.heldenhaushalt.de \/sari02\/wp-content\/uploads\/2015\/01\/sari-unter.jpg?resize=130%2C59\" alt=\"sari-unter\" width=\"130\" height=\"59\"><\/p>\n","protected":false},"excerpt":{"rendered":"<p>Und schwupp kann die zweite Woche im Jahr sich ganz schnell wie eine Woche aus dem alten Jahr anf&#252;hlen, wenn pl&#246;tzlich der halbe Heldenhaushalt mal wieder kr&#228;nkelt. Und das, obwohl besonders die Kinder erstmal total viel Spa&#223; in all dem Schnee hatten, den es pl&#246;tzlich gab. Gleichzeitig hat das sprunghafte Wetter aber auch unsere Gartenmauer gesprengt und der Miniheld hat drei Tage vor seinem ersten Schwimmkurs erstmal einen Husten bekommen&#8230;sie kennen das Drama sicher. *** Meine #Freitags5 #Freitagslieblinge &nbsp;&nbsp;&nbsp; Meine Lieblingslekt&#252;re der Woche \u2013 Ich habe mir nun endlich mal das wundervolle Buch &#8220;Slow Family&#8221; (Affiliate) vorgenommen und erhoffe mir dadurch etwas mehr Gelassenheit im Alltag. Ich halte mich ja eh nicht unbedingt f&#252;r eine Person, die alles in Stress ausarten l&#228;sst, aber ich stresse mich selber gerne mal bzw. bin dann innerlich etwas unuhig und ausgelaugt. Etwas Ruhe und Zeit in den Alltag zu bekommen, das w&#228;re schon eine sch&#246;ne Sache. Der Anfang klang schon mal ganz nett. Ich bin auf mehr gespannt&#8230; *** Mein Lieblingsessen der Woche \u2013&nbsp; M&#252;sli. Ganz viel diese Woche. Und der Held hat vom Weihnachtsmann einen neuen Sandwichtoaster bekommen.W&#228;hrend die Herren der Sch&#246;pfung sich immer sch&#246;n Salami und Co zwischen die Toastscheiben gelegt haben, habe ich es mal mit einer anderen Version versucht. Morzarella und Tomaten. War seeeehr lecker. *** Meinen Lieblingsmoment mit meinen Kindern \u2013 Mit und f&#252;r die Kinder war sicher der Schnee das Aufregenste diese Woche. Der Miniheld verbrachte viel Zeit im Garten und versuchte aus dem Schnee einen kleinen Schneemann zu zaubern, w&#228;hrend das Heldenkind fasziniert zuschaute. Das war wohl mein liebster Moment diese Woche. Genau dieser Anblick. Aber auch zu sehen, wie beide Kinder gleicherma&#223;en viel Spa&#223; daran hatten Schnee aufzuheben, zu schmeissen und zu sp&#252;ren, war einfach nur sch&#246;n. *** Meinen Lieblings-Mama-Moment nur f&#252;r mich \u2013 Ich muss gestehen, ich bin diese Woche vor allem eines: M&#252;de. Wenig Schlaf, das Gef&#252;hl sich ein bisschen im Kreis zu drehen und keinen Ausgang zu finden, das schlaucht ganz sch&#246;n. Dauerdunkel und so manche Situationen, auf die ich gut verzichten k&#246;nnte&#8230;aber nun ja. Das geh&#246;rt einfach dazu und noch kann man ja immer wieder vor sich her predigen, dass alles nur Phasen sind. Und das stimmt erfreulicher Weise in der Regel ja auch. Ich glaube meine pers&#246;nlichen Lieblingsmomente als Mama waren die, als ich auf dem Sofa lag um f&#252;r 5 Minuten die Augen zu schlie&#223;en und beide Kinder ankamen, um mir den Kopf zu streicheln. Der eine ein leieses &#8220;Eeeeei&#8221; s&#228;uselnd. *** Meine Lieblings-Inspiration der Woche \u2013 Weniger ist manchmal mehr und ich finde den Beitrag von lalemi sehr sch&#246;n, in dem sie uns Alternativen zum Schimpfen aufzeigt. Habt Ihr nicht auch diese Tage, an denen Ihr das Gef&#252;hl habt den ganzen Tag nur geschimpft zu haben? Weitere sch&#246;ne Inspirationen in der Blogsph&#228;re gab es hier: Eislaternen &#8211; DIY Anleitung PomPoms aus Servietten &#8211; Kinderkekse leicht und lecker &#8211; Sockenpinguin *** Auf morgen freue ich mich dieses Mal besonders, denn wir erwarten lieben Besuch und haben sch&#246;ne Sachen vor. Mehr bildhafte R&#252;ckblicke findet Ihr bei BerlinMitteMom.<\/p>\n","protected":false},"author":1,"featured_media":31691,"comment_status":"open","ping_status":"open","sticky":false,"template":"","format":"standard","meta":{"ngg_post_thumbnail":0,"footnotes":""},"categories":[323,49],"tags":[780,781,45,181,578,69,81,1042,199,872],"class_list":["post-31685","post","type-post","status-publish","format-standard","has-post-thumbnail","hentry","category-alltag","category-blogspaehre","tag-freitags5","tag-freitagslieblinge","tag-alltag","tag-blogsphaere","tag-erlebnisse","tag-familie","tag-kinder","tag-mama","tag-rueckblick","tag-woche"],"yoast_head":"<!-- This site is optimized with the Yoast SEO plugin v27.5 - https:\/\/yoast.com\/product\/yoast-seo-wordpress\/ -->\n<title>#Freitags5 \u2013 5 Tage 5 Fotos im Januar #02 - Heldenhaushalt<\/title>\n<meta name=\"description\" content=\"Und schwupp kann die zweite Woche im Jahr sich ganz schnell wie eine Woche aus dem alten Jahr anf\u00fchlen - Unsere #Freitags5 f\u00fcr Euch.\" \/>\n<meta name=\"robots\" content=\"index, follow, max-snippet:-1, max-image-preview:large, max-video-preview:-1\" \/>\n<link rel=\"canonical\" href=\"https:\/\/www.heldenhaushalt.de\/sari02\/index.php\/2017\/01\/13\/freitags5-5-tage-5-fotos-im-januar-02\/\" \/>\n<meta property=\"og:locale\" content=\"de_DE\" \/>\n<meta property=\"og:type\" content=\"article\" \/>\n<meta property=\"og:title\" content=\"#Freitags5 \u2013 5 Tage 5 Fotos im Januar #02 - Heldenhaushalt\" \/>\n<meta property=\"og:description\" content=\"Und schwupp kann die zweite Woche im Jahr sich ganz schnell wie eine Woche aus dem alten Jahr anf\u00fchlen - Unsere #Freitags5 f\u00fcr Euch.\" \/>\n<meta property=\"og:url\" content=\"https:\/\/www.heldenhaushalt.de\/sari02\/index.php\/2017\/01\/13\/freitags5-5-tage-5-fotos-im-januar-02\/\" \/>\n<meta property=\"og:site_name\" content=\"Heldenhaushalt\" \/>\n<meta property=\"article:published_time\" content=\"2017-01-13T09:00:29+00:00\" \/>\n<meta property=\"article:modified_time\" content=\"2017-01-13T09:35:54+00:00\" \/>\n<meta property=\"og:image\" content=\"https:\/\/www.heldenhaushalt.de\/sari02\/wp-content\/uploads\/2017\/01\/02-02.jpg\" \/>\n\t<meta property=\"og:image:width\" content=\"800\" \/>\n\t<meta property=\"og:image:height\" content=\"800\" \/>\n\t<meta property=\"og:image:type\" content=\"image\/jpeg\" \/>\n<meta name=\"author\" content=\"Sari\" \/>\n<meta name=\"twitter:card\" content=\"summary_large_image\" \/>\n<meta name=\"twitter:creator\" content=\"@Heldenhaushalt\" \/>\n<meta name=\"twitter:site\" content=\"@Heldenhaushalt\" \/>\n<meta name=\"twitter:label1\" content=\"Verfasst von\" \/>\n\t<meta name=\"twitter:data1\" content=\"Sari\" \/>\n\t<meta name=\"twitter:label2\" content=\"Gesch\u00e4tzte Lesezeit\" \/>\n\t<meta name=\"twitter:data2\" content=\"3\u00a0Minuten\" \/>\n<script type=\"application\/ld+json\" class=\"yoast-schema-graph\">{\"@context\":\"https:\\\/\\\/schema.org\",\"@graph\":[{\"@type\":\"Article\",\"@id\":\"https:\\\/\\\/www.heldenhaushalt.de\\\/sari02\\\/index.php\\\/2017\\\/01\\\/13\\\/freitags5-5-tage-5-fotos-im-januar-02\\\/#article\",\"isPartOf\":{\"@id\":\"https:\\\/\\\/www.heldenhaushalt.de\\\/sari02\\\/index.php\\\/2017\\\/01\\\/13\\\/freitags5-5-tage-5-fotos-im-januar-02\\\/\"},\"author\":{\"name\":\"Sari\",\"@id\":\"https:\\\/\\\/www.heldenhaushalt.de\\\/sari02\\\/#\\\/schema\\\/person\\\/a1cc69f42a01f412eb62c151353814f6\"},\"headline\":\"#Freitags5 \u2013 5 Tage 5 Fotos im Januar #02\",\"datePublished\":\"2017-01-13T09:00:29+00:00\",\"dateModified\":\"2017-01-13T09:35:54+00:00\",\"mainEntityOfPage\":{\"@id\":\"https:\\\/\\\/www.heldenhaushalt.de\\\/sari02\\\/index.php\\\/2017\\\/01\\\/13\\\/freitags5-5-tage-5-fotos-im-januar-02\\\/\"},\"wordCount\":539,\"commentCount\":3,\"publisher\":{\"@id\":\"https:\\\/\\\/www.heldenhaushalt.de\\\/sari02\\\/#\\\/schema\\\/person\\\/a1cc69f42a01f412eb62c151353814f6\"},\"image\":{\"@id\":\"https:\\\/\\\/www.heldenhaushalt.de\\\/sari02\\\/index.php\\\/2017\\\/01\\\/13\\\/freitags5-5-tage-5-fotos-im-januar-02\\\/#primaryimage\"},\"thumbnailUrl\":\"https:\\\/\\\/www.heldenhaushalt.de\\\/sari02\\\/wp-content\\\/uploads\\\/2017\\\/01\\\/02-02.jpg\",\"keywords\":[\"#Freitags5\",\"#Freitagslieblinge\",\"Allt\u00e4glich\",\"Blogsph\u00e4re\",\"Erlebnisse\",\"Familie\",\"Kinder\",\"Mama\",\"R\u00fcckblick\",\"Woche\"],\"articleSection\":[\"Alltagschaos\",\"Blogsph\u00e4re\"],\"inLanguage\":\"de\",\"potentialAction\":[{\"@type\":\"CommentAction\",\"name\":\"Comment\",\"target\":[\"https:\\\/\\\/www.heldenhaushalt.de\\\/sari02\\\/index.php\\\/2017\\\/01\\\/13\\\/freitags5-5-tage-5-fotos-im-januar-02\\\/#respond\"]}]},{\"@type\":\"WebPage\",\"@id\":\"https:\\\/\\\/www.heldenhaushalt.de\\\/sari02\\\/index.php\\\/2017\\\/01\\\/13\\\/freitags5-5-tage-5-fotos-im-januar-02\\\/\",\"url\":\"https:\\\/\\\/www.heldenhaushalt.de\\\/sari02\\\/index.php\\\/2017\\\/01\\\/13\\\/freitags5-5-tage-5-fotos-im-januar-02\\\/\",\"name\":\"#Freitags5 \u2013 5 Tage 5 Fotos im Januar #02 - Heldenhaushalt\",\"isPartOf\":{\"@id\":\"https:\\\/\\\/www.heldenhaushalt.de\\\/sari02\\\/#website\"},\"primaryImageOfPage\":{\"@id\":\"https:\\\/\\\/www.heldenhaushalt.de\\\/sari02\\\/index.php\\\/2017\\\/01\\\/13\\\/freitags5-5-tage-5-fotos-im-januar-02\\\/#primaryimage\"},\"image\":{\"@id\":\"https:\\\/\\\/www.heldenhaushalt.de\\\/sari02\\\/index.php\\\/2017\\\/01\\\/13\\\/freitags5-5-tage-5-fotos-im-januar-02\\\/#primaryimage\"},\"thumbnailUrl\":\"https:\\\/\\\/www.heldenhaushalt.de\\\/sari02\\\/wp-content\\\/uploads\\\/2017\\\/01\\\/02-02.jpg\",\"datePublished\":\"2017-01-13T09:00:29+00:00\",\"dateModified\":\"2017-01-13T09:35:54+00:00\",\"description\":\"Und schwupp kann die zweite Woche im Jahr sich ganz schnell wie eine Woche aus dem alten Jahr anf\u00fchlen - Unsere #Freitags5 f\u00fcr Euch.\",\"breadcrumb\":{\"@id\":\"https:\\\/\\\/www.heldenhaushalt.de\\\/sari02\\\/index.php\\\/2017\\\/01\\\/13\\\/freitags5-5-tage-5-fotos-im-januar-02\\\/#breadcrumb\"},\"inLanguage\":\"de\",\"potentialAction\":[{\"@type\":\"ReadAction\",\"target\":[\"https:\\\/\\\/www.heldenhaushalt.de\\\/sari02\\\/index.php\\\/2017\\\/01\\\/13\\\/freitags5-5-tage-5-fotos-im-januar-02\\\/\"]}]},{\"@type\":\"ImageObject\",\"inLanguage\":\"de\",\"@id\":\"https:\\\/\\\/www.heldenhaushalt.de\\\/sari02\\\/index.php\\\/2017\\\/01\\\/13\\\/freitags5-5-tage-5-fotos-im-januar-02\\\/#primaryimage\",\"url\":\"https:\\\/\\\/www.heldenhaushalt.de\\\/sari02\\\/wp-content\\\/uploads\\\/2017\\\/01\\\/02-02.jpg\",\"contentUrl\":\"https:\\\/\\\/www.heldenhaushalt.de\\\/sari02\\\/wp-content\\\/uploads\\\/2017\\\/01\\\/02-02.jpg\",\"width\":800,\"height\":800},{\"@type\":\"BreadcrumbList\",\"@id\":\"https:\\\/\\\/www.heldenhaushalt.de\\\/sari02\\\/index.php\\\/2017\\\/01\\\/13\\\/freitags5-5-tage-5-fotos-im-januar-02\\\/#breadcrumb\",\"itemListElement\":[{\"@type\":\"ListItem\",\"position\":1,\"name\":\"Startseite\",\"item\":\"https:\\\/\\\/www.heldenhaushalt.de\\\/sari02\\\/\"},{\"@type\":\"ListItem\",\"position\":2,\"name\":\"#Freitags5 \u2013 5 Tage 5 Fotos im Januar #02\"}]},{\"@type\":\"WebSite\",\"@id\":\"https:\\\/\\\/www.heldenhaushalt.de\\\/sari02\\\/#website\",\"url\":\"https:\\\/\\\/www.heldenhaushalt.de\\\/sari02\\\/\",\"name\":\"Heldenhaushalt\",\"description\":\"Wer es ordentlich haben will, der muss vorher anrufen\",\"publisher\":{\"@id\":\"https:\\\/\\\/www.heldenhaushalt.de\\\/sari02\\\/#\\\/schema\\\/person\\\/a1cc69f42a01f412eb62c151353814f6\"},\"potentialAction\":[{\"@type\":\"SearchAction\",\"target\":{\"@type\":\"EntryPoint\",\"urlTemplate\":\"https:\\\/\\\/www.heldenhaushalt.de\\\/sari02\\\/?s={search_term_string}\"},\"query-input\":{\"@type\":\"PropertyValueSpecification\",\"valueRequired\":true,\"valueName\":\"search_term_string\"}}],\"inLanguage\":\"de\"},{\"@type\":[\"Person\",\"Organization\"],\"@id\":\"https:\\\/\\\/www.heldenhaushalt.de\\\/sari02\\\/#\\\/schema\\\/person\\\/a1cc69f42a01f412eb62c151353814f6\",\"name\":\"Sari\",\"image\":{\"@type\":\"ImageObject\",\"inLanguage\":\"de\",\"@id\":\"https:\\\/\\\/www.heldenhaushalt.de\\\/sari02\\\/wp-content\\\/uploads\\\/2019\\\/02\\\/sari-april2018.png\",\"url\":\"https:\\\/\\\/www.heldenhaushalt.de\\\/sari02\\\/wp-content\\\/uploads\\\/2019\\\/02\\\/sari-april2018.png\",\"contentUrl\":\"https:\\\/\\\/www.heldenhaushalt.de\\\/sari02\\\/wp-content\\\/uploads\\\/2019\\\/02\\\/sari-april2018.png\",\"width\":500,\"height\":500,\"caption\":\"Sari\"},\"logo\":{\"@id\":\"https:\\\/\\\/www.heldenhaushalt.de\\\/sari02\\\/wp-content\\\/uploads\\\/2019\\\/02\\\/sari-april2018.png\"},\"description\":\"Frau Mondgras \u2013 Das bin ich, Sari. Gerne auch als Sari Mondgras bekannt und im Internet zu finden. 2-Fach-Mutter, Heldenehefrau, Kreativling, Harmonies\u00fcchtig und st\u00e4ndig auf der Suche nach Gl\u00fcck. Ich komme aus Berlin, bin hier aufgewachsen und lebe hier seit ich denken kann.\",\"sameAs\":[\"https:\\\/\\\/www.instagram.com\\\/heldenhaushalt\\\/\"],\"url\":\"https:\\\/\\\/www.heldenhaushalt.de\\\/sari02\\\/index.php\\\/author\\\/admin\\\/\"}]}<\/script>\n<!-- \/ Yoast SEO plugin. -->","yoast_head_json":{"title":"#Freitags5 \u2013 5 Tage 5 Fotos im Januar #02 - Heldenhaushalt","description":"Und schwupp kann die zweite Woche im Jahr sich ganz schnell wie eine Woche aus dem alten Jahr anf\u00fchlen - Unsere #Freitags5 f\u00fcr Euch.","robots":{"index":"index","follow":"follow","max-snippet":"max-snippet:-1","max-image-preview":"max-image-preview:large","max-video-preview":"max-video-preview:-1"},"canonical":"https:\/\/www.heldenhaushalt.de\/sari02\/index.php\/2017\/01\/13\/freitags5-5-tage-5-fotos-im-januar-02\/","og_locale":"de_DE","og_type":"article","og_title":"#Freitags5 \u2013 5 Tage 5 Fotos im Januar #02 - Heldenhaushalt","og_description":"Und schwupp kann die zweite Woche im Jahr sich ganz schnell wie eine Woche aus dem alten Jahr anf\u00fchlen - Unsere #Freitags5 f\u00fcr Euch.","og_url":"https:\/\/www.heldenhaushalt.de\/sari02\/index.php\/2017\/01\/13\/freitags5-5-tage-5-fotos-im-januar-02\/","og_site_name":"Heldenhaushalt","article_published_time":"2017-01-13T09:00:29+00:00","article_modified_time":"2017-01-13T09:35:54+00:00","og_image":[{"width":800,"height":800,"url":"https:\/\/www.heldenhaushalt.de\/sari02\/wp-content\/uploads\/2017\/01\/02-02.jpg","type":"image\/jpeg"}],"author":"Sari","twitter_card":"summary_large_image","twitter_creator":"@Heldenhaushalt","twitter_site":"@Heldenhaushalt","twitter_misc":{"Verfasst von":"Sari","Gesch\u00e4tzte Lesezeit":"3\u00a0Minuten"},"schema":{"@context":"https:\/\/schema.org","@graph":[{"@type":"Article","@id":"https:\/\/www.heldenhaushalt.de\/sari02\/index.php\/2017\/01\/13\/freitags5-5-tage-5-fotos-im-januar-02\/#article","isPartOf":{"@id":"https:\/\/www.heldenhaushalt.de\/sari02\/index.php\/2017\/01\/13\/freitags5-5-tage-5-fotos-im-januar-02\/"},"author":{"name":"Sari","@id":"https:\/\/www.heldenhaushalt.de\/sari02\/#\/schema\/person\/a1cc69f42a01f412eb62c151353814f6"},"headline":"#Freitags5 \u2013 5 Tage 5 Fotos im Januar #02","datePublished":"2017-01-13T09:00:29+00:00","dateModified":"2017-01-13T09:35:54+00:00","mainEntityOfPage":{"@id":"https:\/\/www.heldenhaushalt.de\/sari02\/index.php\/2017\/01\/13\/freitags5-5-tage-5-fotos-im-januar-02\/"},"wordCount":539,"commentCount":3,"publisher":{"@id":"https:\/\/www.heldenhaushalt.de\/sari02\/#\/schema\/person\/a1cc69f42a01f412eb62c151353814f6"},"image":{"@id":"https:\/\/www.heldenhaushalt.de\/sari02\/index.php\/2017\/01\/13\/freitags5-5-tage-5-fotos-im-januar-02\/#primaryimage"},"thumbnailUrl":"https:\/\/www.heldenhaushalt.de\/sari02\/wp-content\/uploads\/2017\/01\/02-02.jpg","keywords":["#Freitags5","#Freitagslieblinge","Allt\u00e4glich","Blogsph\u00e4re","Erlebnisse","Familie","Kinder","Mama","R\u00fcckblick","Woche"],"articleSection":["Alltagschaos","Blogsph\u00e4re"],"inLanguage":"de","potentialAction":[{"@type":"CommentAction","name":"Comment","target":["https:\/\/www.heldenhaushalt.de\/sari02\/index.php\/2017\/01\/13\/freitags5-5-tage-5-fotos-im-januar-02\/#respond"]}]},{"@type":"WebPage","@id":"https:\/\/www.heldenhaushalt.de\/sari02\/index.php\/2017\/01\/13\/freitags5-5-tage-5-fotos-im-januar-02\/","url":"https:\/\/www.heldenhaushalt.de\/sari02\/index.php\/2017\/01\/13\/freitags5-5-tage-5-fotos-im-januar-02\/","name":"#Freitags5 \u2013 5 Tage 5 Fotos im Januar #02 - Heldenhaushalt","isPartOf":{"@id":"https:\/\/www.heldenhaushalt.de\/sari02\/#website"},"primaryImageOfPage":{"@id":"https:\/\/www.heldenhaushalt.de\/sari02\/index.php\/2017\/01\/13\/freitags5-5-tage-5-fotos-im-januar-02\/#primaryimage"},"image":{"@id":"https:\/\/www.heldenhaushalt.de\/sari02\/index.php\/2017\/01\/13\/freitags5-5-tage-5-fotos-im-januar-02\/#primaryimage"},"thumbnailUrl":"https:\/\/www.heldenhaushalt.de\/sari02\/wp-content\/uploads\/2017\/01\/02-02.jpg","datePublished":"2017-01-13T09:00:29+00:00","dateModified":"2017-01-13T09:35:54+00:00","description":"Und schwupp kann die zweite Woche im Jahr sich ganz schnell wie eine Woche aus dem alten Jahr anf\u00fchlen - Unsere #Freitags5 f\u00fcr Euch.","breadcrumb":{"@id":"https:\/\/www.heldenhaushalt.de\/sari02\/index.php\/2017\/01\/13\/freitags5-5-tage-5-fotos-im-januar-02\/#breadcrumb"},"inLanguage":"de","potentialAction":[{"@type":"ReadAction","target":["https:\/\/www.heldenhaushalt.de\/sari02\/index.php\/2017\/01\/13\/freitags5-5-tage-5-fotos-im-januar-02\/"]}]},{"@type":"ImageObject","inLanguage":"de","@id":"https:\/\/www.heldenhaushalt.de\/sari02\/index.php\/2017\/01\/13\/freitags5-5-tage-5-fotos-im-januar-02\/#primaryimage","url":"https:\/\/www.heldenhaushalt.de\/sari02\/wp-content\/uploads\/2017\/01\/02-02.jpg","contentUrl":"https:\/\/www.heldenhaushalt.de\/sari02\/wp-content\/uploads\/2017\/01\/02-02.jpg","width":800,"height":800},{"@type":"BreadcrumbList","@id":"https:\/\/www.heldenhaushalt.de\/sari02\/index.php\/2017\/01\/13\/freitags5-5-tage-5-fotos-im-januar-02\/#breadcrumb","itemListElement":[{"@type":"ListItem","position":1,"name":"Startseite","item":"https:\/\/www.heldenhaushalt.de\/sari02\/"},{"@type":"ListItem","position":2,"name":"#Freitags5 \u2013 5 Tage 5 Fotos im Januar #02"}]},{"@type":"WebSite","@id":"https:\/\/www.heldenhaushalt.de\/sari02\/#website","url":"https:\/\/www.heldenhaushalt.de\/sari02\/","name":"Heldenhaushalt","description":"Wer es ordentlich haben will, der muss vorher anrufen","publisher":{"@id":"https:\/\/www.heldenhaushalt.de\/sari02\/#\/schema\/person\/a1cc69f42a01f412eb62c151353814f6"},"potentialAction":[{"@type":"SearchAction","target":{"@type":"EntryPoint","urlTemplate":"https:\/\/www.heldenhaushalt.de\/sari02\/?s={search_term_string}"},"query-input":{"@type":"PropertyValueSpecification","valueRequired":true,"valueName":"search_term_string"}}],"inLanguage":"de"},{"@type":["Person","Organization"],"@id":"https:\/\/www.heldenhaushalt.de\/sari02\/#\/schema\/person\/a1cc69f42a01f412eb62c151353814f6","name":"Sari","image":{"@type":"ImageObject","inLanguage":"de","@id":"https:\/\/www.heldenhaushalt.de\/sari02\/wp-content\/uploads\/2019\/02\/sari-april2018.png","url":"https:\/\/www.heldenhaushalt.de\/sari02\/wp-content\/uploads\/2019\/02\/sari-april2018.png","contentUrl":"https:\/\/www.heldenhaushalt.de\/sari02\/wp-content\/uploads\/2019\/02\/sari-april2018.png","width":500,"height":500,"caption":"Sari"},"logo":{"@id":"https:\/\/www.heldenhaushalt.de\/sari02\/wp-content\/uploads\/2019\/02\/sari-april2018.png"},"description":"Frau Mondgras \u2013 Das bin ich, Sari. Gerne auch als Sari Mondgras bekannt und im Internet zu finden. 2-Fach-Mutter, Heldenehefrau, Kreativling, Harmonies\u00fcchtig und st\u00e4ndig auf der Suche nach Gl\u00fcck. Ich komme aus Berlin, bin hier aufgewachsen und lebe hier seit ich denken kann.","sameAs":["https:\/\/www.instagram.com\/heldenhaushalt\/"],"url":"https:\/\/www.heldenhaushalt.de\/sari02\/index.php\/author\/admin\/"}]}},"views":4309,"_links":{"self":[{"href":"https:\/\/www.heldenhaushalt.de\/sari02\/index.php\/wp-json\/wp\/v2\/posts\/31685","targetHints":{"allow":["GET"]}}],"collection":[{"href":"https:\/\/www.heldenhaushalt.de\/sari02\/index.php\/wp-json\/wp\/v2\/posts"}],"about":[{"href":"https:\/\/www.heldenhaushalt.de\/sari02\/index.php\/wp-json\/wp\/v2\/types\/post"}],"author":[{"embeddable":true,"href":"https:\/\/www.heldenhaushalt.de\/sari02\/index.php\/wp-json\/wp\/v2\/users\/1"}],"replies":[{"embeddable":true,"href":"https:\/\/www.heldenhaushalt.de\/sari02\/index.php\/wp-json\/wp\/v2\/comments?post=31685"}],"version-history":[{"count":4,"href":"https:\/\/www.heldenhaushalt.de\/sari02\/index.php\/wp-json\/wp\/v2\/posts\/31685\/revisions"}],"predecessor-version":[{"id":31697,"href":"https:\/\/www.heldenhaushalt.de\/sari02\/index.php\/wp-json\/wp\/v2\/posts\/31685\/revisions\/31697"}],"wp:featuredmedia":[{"embeddable":true,"href":"https:\/\/www.heldenhaushalt.de\/sari02\/index.php\/wp-json\/wp\/v2\/media\/31691"}],"wp:attachment":[{"href":"https:\/\/www.heldenhaushalt.de\/sari02\/index.php\/wp-json\/wp\/v2\/media?parent=31685"}],"wp:term":[{"taxonomy":"category","embeddable":true,"href":"https:\/\/www.heldenhaushalt.de\/sari02\/index.php\/wp-json\/wp\/v2\/categories?post=31685"},{"taxonomy":"post_tag","embeddable":true,"href":"https:\/\/www.heldenhaushalt.de\/sari02\/index.php\/wp-json\/wp\/v2\/tags?post=31685"}],"curies":[{"name":"wp","href":"https:\/\/api.w.org\/{rel}","templated":true}]}}