{"id":31758,"date":"2017-01-25T10:00:00","date_gmt":"2017-01-25T09:00:00","guid":{"rendered":"http:\/\/www.heldenhaushalt.de\/sari02\/?p=31758"},"modified":"2017-01-25T14:00:46","modified_gmt":"2017-01-25T13:00:46","slug":"mmi-japan-festival","status":"publish","type":"post","link":"https:\/\/www.heldenhaushalt.de\/sari02\/index.php\/2017\/01\/25\/mmi-japan-festival\/","title":{"rendered":"[Mmi] In Erinnerungen schwelgen auf dem Japan Festival"},"content":{"rendered":"<p><a href=\"http:\/\/frollein-pfau.blogspot.de\/2013\/03\/mittwochs-mag-ich-mmi.html\" target=\"_blank\"><img loading=\"lazy\" decoding=\"async\" class=\" aligncenter\" src=\"https:\/\/www.heldenhaushalt.de\/sari02\/wp-content\/uploads\/2015\/07\/MMI_Frollein-Pfau.png?w=640\" alt=\"\" width=\"170\" height=\"71\"><\/a><\/p>\n<p>Ich hatte es Montag <a href=\"http:\/\/www.heldenhaushalt.de\/sari02\/index.php\/2017\/01\/23\/unser-wib-am-21-22-01-2017\/\">im WIB<\/a> schon kurz angeschnitten: Wir waren am letzten Samstag auf dem<a href=\"http:\/\/www.japanfestival.de\/\" target=\"_blank\" rel=\"nofollow\"> Japan Festival<\/a> in der Urania und es war irgendwie seltsam f&#252;r mich. Warum ist in wenigen einfachen S&#228;tzen erkl&#228;rt: <a href=\"http:\/\/www.heldenhaushalt.de\/sari02\/index.php\/2011\/01\/15\/japan-festival-2011\/\">Wir waren schon einmal dort. Und zwar genau vor 6 Jahren<\/a>.<\/p>\n<h2>Damals war ich schwanger und voller Erwartungen<\/h2>\n<p>Ich bin schon lange ein gro&#223;er Fan der japanischen Kultur und m&#246;chte irgendwann unbedingt einmal nach Japan reisen. Es gibt so viele Facetten, die mich in der Hinsicht interessieren. Auch, wenn ich inzwischen dem einen oder anderen Aspekt ein bisschen entwachsen bin, h&#228;lt die Faszination nach wie vor an.<\/p>\n<p>Die letzten Jahre habe ich nicht weiter dar&#252;ber nachgedacht, aber in diesem Jahr wollte ich die Veranstaltung unbedingt mal wieder besuchen. Und da keimte sie hoch in mir, die Erkenntnis, dass es nun genau 6 Jahre her war, dass wir die Messe damals besuchten. Und damals war ich schwanger. Im 6. Monat mit dem Minihelden&#8230;ungef&#228;hr. So genau wei&#223; ich das gerade gar nicht. Aber ich kann mich noch genau daran erinnern, wie intensiv seine Bewegungen damals schon waren.<\/p>\n<p><a href=\"https:\/\/www.youtube.com\/watch?v=SUQZ9E1Woo0&amp;feature=youtu.be\" target=\"_blank\">Und nun war ich wieder da<\/a>. Und dieses Mal wieder mit dem Minihelden UND seinem kleinen Bruder. Schon krass, was sich seit damals alles bei uns getan hat.<\/p>\n<h2>Viel hat sich ver&#228;ndert, vieles ist aber noch gleich.<\/h2>\n<p>Ich habe ein wenig das Gef&#252;hl, dass die Messe seit damals gewachsen ist. In vielerlei Hinsicht. Damals war es noch schwer f&#252;r die Cosplay Szene zum Beispiel Orte zum Treffen zu finden. Dementsprechend gab es damals nur einige wenige Mutige, die tats&#228;chlich mit Kost&#252;m dort auftauchten. Dieses Mal war es eher umgekehrt und wir fielen eher auf, weil wir nicht verkleidet waren (bis auf der Miniheld, der hatte durch Zufall eine Polizei &#8211; Uniform an *lach*). Und dabei hatte ich noch &#252;berlegt, ob ich mein Alice &#8211; Kleid samt Per&#252;cke trage. Es gibt ja so selten Anl&#228;sse f&#252;r so etwas. Nachher siegte dann aber doch der praktische Gedanke, da das Heldenkind ja vermutlich viel Zeit in der Trage verbringen w&#252;rde.<\/p>\n<p><img loading=\"lazy\" decoding=\"async\" class=\"aligncenter size-full wp-image-31787\" src=\"http:\/\/www.heldenhaushalt.de\/sari02\/wp-content\/uploads\/2017\/01\/03-4.jpg\" sizes=\"auto, (max-width: 800px) 100vw, 800px\" srcset=\"http:\/\/www.heldenhaushalt.de\/sari02\/wp-content\/uploads\/2017\/01\/03-4.jpg 800w, http:\/\/www.heldenhaushalt.de\/sari02\/wp-content\/uploads\/2017\/01\/03-4-300x169.jpg 300w, http:\/\/www.heldenhaushalt.de\/sari02\/wp-content\/uploads\/2017\/01\/03-4-768x432.jpg 768w, http:\/\/www.heldenhaushalt.de\/sari02\/wp-content\/uploads\/2017\/01\/03-4-160x90.jpg 160w\" alt=\"WIB\" data-attachment-id=\"31787\" data-permalink=\"http:\/\/www.heldenhaushalt.de\/sari02\/index.php\/2017\/01\/23\/unser-wib-am-21-22-01-2017\/03-50\/\" data-orig-file=\"http:\/\/www.heldenhaushalt.de\/sari02\/wp-content\/uploads\/2017\/01\/03-4.jpg\" data-orig-size=\"800,450\" data-comments-opened=\"1\" data-image-meta=\"{&quot;aperture&quot;:&quot;2&quot;,&quot;credit&quot;:&quot;&quot;,&quot;camera&quot;:&quot;SM-A500FU&quot;,&quot;caption&quot;:&quot;&quot;,&quot;created_timestamp&quot;:&quot;1485007779&quot;,&quot;copyright&quot;:&quot;&quot;,&quot;focal_length&quot;:&quot;3.69&quot;,&quot;iso&quot;:&quot;320&quot;,&quot;shutter_speed&quot;:&quot;0.058823529411765&quot;,&quot;title&quot;:&quot;&quot;,&quot;orientation&quot;:&quot;1&quot;}\" data-image-title=\"03\" data-image-description=\"\" data-medium-file=\"http:\/\/www.heldenhaushalt.de\/sari02\/wp-content\/uploads\/2017\/01\/03-4-300x169.jpg\" data-large-file=\"http:\/\/www.heldenhaushalt.de\/sari02\/wp-content\/uploads\/2017\/01\/03-4.jpg\" width=\"800\" height=\"450\"><\/p>\n<p>Es waren viele St&#228;nde da, die ich noch von damals kannte. Ganz traditionell mit Teegeschirr, Ikebana Vorf&#252;hrung und Kimonos. Es wurden M&#246;bel und Kalligraphie gezeigt und in verschiedenen Vorf&#252;hrr&#228;umen gab es Vortr&#228;ge &#252;ber Japan und auch Vorf&#252;hrungen von Traditioneller Kampfkunst und Musik. Das ganze Spektrum also.<\/p>\n<p><img loading=\"lazy\" decoding=\"async\" class=\"aligncenter size-full wp-image-31803\" src=\"http:\/\/www.heldenhaushalt.de\/sari02\/wp-content\/uploads\/2017\/01\/jf02.jpg\" alt=\"Japan\" width=\"800\" height=\"422\" srcset=\"https:\/\/www.heldenhaushalt.de\/sari02\/wp-content\/uploads\/2017\/01\/jf02.jpg 800w, https:\/\/www.heldenhaushalt.de\/sari02\/wp-content\/uploads\/2017\/01\/jf02-300x158.jpg 300w, https:\/\/www.heldenhaushalt.de\/sari02\/wp-content\/uploads\/2017\/01\/jf02-768x405.jpg 768w, https:\/\/www.heldenhaushalt.de\/sari02\/wp-content\/uploads\/2017\/01\/jf02-600x317.jpg 600w\" sizes=\"auto, (max-width: 800px) 100vw, 800px\" \/><\/p>\n<p>Man konnte sich zudem &#252;ber Fortbildungen, Studieng&#228;ngen, Reisen und mehr informieren&#8230;<\/p>\n<h2>Und dennoch schien Japan an sich eher nebens&#228;chlich geworden zu sein.<\/h2>\n<p>Deutlich mehr vertreten als vor 6 Jahren waren dieses Mal allerdings die St&#228;nde f&#252;r Cosplay und Merchandise. Eine ganze Etage, auf der man damals in das Spiel &#8220;Go&#8221; reinschnuppern, oder zuschauen konnte, wie Siegel hergestellt werden, war gef&#252;llt mit Kuscheltieren, Figuren, Sammelobjekten, Kost&#252;men, Shirts und mehr.<\/p>\n<p><img loading=\"lazy\" decoding=\"async\" class=\"aligncenter size-full wp-image-31802\" src=\"http:\/\/www.heldenhaushalt.de\/sari02\/wp-content\/uploads\/2017\/01\/jf01.jpg\" alt=\"Japan\" width=\"800\" height=\"450\" srcset=\"https:\/\/www.heldenhaushalt.de\/sari02\/wp-content\/uploads\/2017\/01\/jf01.jpg 800w, https:\/\/www.heldenhaushalt.de\/sari02\/wp-content\/uploads\/2017\/01\/jf01-300x169.jpg 300w, https:\/\/www.heldenhaushalt.de\/sari02\/wp-content\/uploads\/2017\/01\/jf01-768x432.jpg 768w, https:\/\/www.heldenhaushalt.de\/sari02\/wp-content\/uploads\/2017\/01\/jf01-600x338.jpg 600w\" sizes=\"auto, (max-width: 800px) 100vw, 800px\" \/><\/p>\n<p>&#220;berall konnten wir kost&#252;mierte Menschen aus bekannten Mangas und Animes entdecken. Sie sa&#223;en auf Treppen, posierten vor Plakaten oder Spiegeln, lie&#223;en sich von Passanten oder sogar mit ihnen Fotografieren und jeder kannte irgendwie jeden. Total krass. Ich glaube, vor 6 Jahren h&#228;tte ich mich glatt direkt dazu gesellt. Heute ist es da bei mir etwas verhaltener *lach*. Ja, man wird halt doch &#228;lter (was nicht hei&#223;t, dass ich mir nicht dennoch 2 Katzenohren gekauft habe*drop*).<\/p>\n<p><img loading=\"lazy\" decoding=\"async\" class=\"aligncenter size-full wp-image-31805\" src=\"http:\/\/www.heldenhaushalt.de\/sari02\/wp-content\/uploads\/2017\/01\/jf04.jpg\" alt=\"Japan\" width=\"800\" height=\"447\" srcset=\"https:\/\/www.heldenhaushalt.de\/sari02\/wp-content\/uploads\/2017\/01\/jf04.jpg 800w, https:\/\/www.heldenhaushalt.de\/sari02\/wp-content\/uploads\/2017\/01\/jf04-300x168.jpg 300w, https:\/\/www.heldenhaushalt.de\/sari02\/wp-content\/uploads\/2017\/01\/jf04-768x429.jpg 768w, https:\/\/www.heldenhaushalt.de\/sari02\/wp-content\/uploads\/2017\/01\/jf04-600x335.jpg 600w\" sizes=\"auto, (max-width: 800px) 100vw, 800px\" \/><\/p>\n<p>Dennoch waren der Miniheld und ich ein bisschen im Kitsch &#8211; und Kuscheltier Paradies und mussten uns sehr zusammenreissen. Am Ende durften zwei Pokemon, ein Pokeball und ein Katzenkissen f&#252;r mich mit (das jetzt irgendwie andauernd vom Heldenkind durch die Gegend getragen wird).<\/p>\n<p><img loading=\"lazy\" decoding=\"async\" class=\"aligncenter size-full wp-image-31804\" src=\"http:\/\/www.heldenhaushalt.de\/sari02\/wp-content\/uploads\/2017\/01\/jf03.jpg\" alt=\"Japan\" width=\"800\" height=\"477\" srcset=\"https:\/\/www.heldenhaushalt.de\/sari02\/wp-content\/uploads\/2017\/01\/jf03.jpg 800w, https:\/\/www.heldenhaushalt.de\/sari02\/wp-content\/uploads\/2017\/01\/jf03-300x179.jpg 300w, https:\/\/www.heldenhaushalt.de\/sari02\/wp-content\/uploads\/2017\/01\/jf03-768x458.jpg 768w, https:\/\/www.heldenhaushalt.de\/sari02\/wp-content\/uploads\/2017\/01\/jf03-600x358.jpg 600w\" sizes=\"auto, (max-width: 800px) 100vw, 800px\" \/><\/p>\n<p>Zwischendurch g&#246;nnten wir uns dann auch noch ein paar japanische Leckereien, wobei wir das Sushi auslie&#223;en. Das trifft einfach nicht unsere Geschmack.<\/p>\n<p><img loading=\"lazy\" decoding=\"async\" class=\"aligncenter size-full wp-image-31806\" src=\"http:\/\/www.heldenhaushalt.de\/sari02\/wp-content\/uploads\/2017\/01\/jf05.jpg\" alt=\"Japan\" width=\"800\" height=\"450\" srcset=\"https:\/\/www.heldenhaushalt.de\/sari02\/wp-content\/uploads\/2017\/01\/jf05.jpg 800w, https:\/\/www.heldenhaushalt.de\/sari02\/wp-content\/uploads\/2017\/01\/jf05-300x169.jpg 300w, https:\/\/www.heldenhaushalt.de\/sari02\/wp-content\/uploads\/2017\/01\/jf05-768x432.jpg 768w, https:\/\/www.heldenhaushalt.de\/sari02\/wp-content\/uploads\/2017\/01\/jf05-600x338.jpg 600w\" sizes=\"auto, (max-width: 800px) 100vw, 800px\" \/><\/p>\n<h2>Unser Highlight: Tengu Daiko<\/h2>\n<p>F&#252;r den Minihelden waren jedoch vor allem die Vorf&#252;hrungen spannend. Mit gro&#223;er Begeisterung und extrem beeindruckt beobachtete er Judo &#8211; und Kendo K&#228;mpfer, die neue Tanz &#8211; Kampfsportart Tricking und etwas, das in mir sofort wieder meine Schwangerschaft von vor 6 Jahren ins Ged&#228;chtnis rief: Der Vorf&#252;hrung der Taiko &#8211; Trommelgruppe<a href=\"http:\/\/www.tengudaiko.de\/\" target=\"_blank\" rel=\"nofollow\"> Tengu Daiko<\/a>.<\/p>\n<p>Diese war n&#228;mlich damals auch schon da und ich war total begeistert davon, mit wie viel Lebensfreude und Energie sie rhythmisch auf die Trommeln einh&#228;mmerten. Seit dem habe ich total Lust darauf das selber mal zu versuchen. Damals gab es direkt auch vom Minihelden in meinem Bauch intensive Bewegungen. Eventuell ist mir dieses Erlebnis deshalb so lebhaft in Erinnerung geblieben.<\/p>\n<p><img loading=\"lazy\" decoding=\"async\" class=\"aligncenter size-full wp-image-31807\" src=\"http:\/\/www.heldenhaushalt.de\/sari02\/wp-content\/uploads\/2017\/01\/jf06.jpg\" alt=\"Japan\" width=\"800\" height=\"450\" srcset=\"https:\/\/www.heldenhaushalt.de\/sari02\/wp-content\/uploads\/2017\/01\/jf06.jpg 800w, https:\/\/www.heldenhaushalt.de\/sari02\/wp-content\/uploads\/2017\/01\/jf06-300x169.jpg 300w, https:\/\/www.heldenhaushalt.de\/sari02\/wp-content\/uploads\/2017\/01\/jf06-768x432.jpg 768w, https:\/\/www.heldenhaushalt.de\/sari02\/wp-content\/uploads\/2017\/01\/jf06-600x338.jpg 600w\" sizes=\"auto, (max-width: 800px) 100vw, 800px\" \/><\/p>\n<p>Aber auch dieses Mal kam der Miniheld aufgeregt danach zu mir gerannt und meinte nur, dass es das Beste w&#228;re, was er an diesem Tag erlebt h&#228;tte. Also kauften wir uns noch das Album und dann wurde das am Abend direkt zum Einschlafen geh&#246;rt. Das darf man eigentlich niemandem erz&#228;hlen: Laute Trommelmusik zum Einschlafen. Aber ganz ehrlich? Es hat mich total gl&#252;cklich gemacht, dass der Miniheld genauso begeistert davon war, wie ich.<\/p>\n<h2>Gute W&#252;nsche f&#252;r die Zukunft.<\/h2>\n<p>Zum Schluss musste dann noch <a href=\"http:\/\/www.heldenhaushalt.de\/sari02\/index.php\/2010\/06\/08\/mein-kleiner-gluecksbringer\/\">ein Daruma<\/a> mit. Kennt Ihr die kleinen Kerle? Auch damals kaufte ich mir einen. Er sollte mir ein gesundes Kind bescheren und diesen Job hat er wirklich gewissenhaft erf&#252;llt. Keine Frage also, dass auch dieses Mal ein Daruma mit nach Hause kam. Der Miniheld und ich haben einen sehr gro&#223;en Wunsch f&#252;r dieses Jahr und so werden wir ihm gemeinsam in den n&#228;chsten Tagen sein Auge malen und hoffen, dass er am Ende des Jahres dann auch sein zweites Auge von uns bekommen wird. Dr&#252;ckt uns die Daumen.<\/p>\n<p>Und? Seid ihr auch so begeistert von dieser Kultur? Habt Ihr schon einmal so eine Veranstaltung besucht? Erz&#228;hlt uns doch von Euren Erlebnissen&#8230;<\/p>\n<p><strong><img loading=\"lazy\" decoding=\"async\" class=\" size-full wp-image-24841 alignright\" src=\"https:\/\/www.heldenhaushalt.de \/sari02\/wp-content\/uploads\/2015\/01\/sari-unter.jpg?resize=130%2C59\" alt=\"sari-unter\" data-attachment-id=\"24841\" data-permalink=\"http:\/\/www.heldenhaushalt.de\/sari02\/index.php\/2015\/01\/03\/sich-neu-erfinden\/sari-unter\/\" data-orig-file=\"http:\/\/www.heldenhaushalt.de\/sari02\/wp-content\/uploads\/2015\/01\/sari-unter.jpg\" data-orig-size=\"130,59\" data-comments-opened=\"1\" data-image-meta=\"{&quot;aperture&quot;:&quot;0&quot;,&quot;credit&quot;:&quot;&quot;,&quot;camera&quot;:&quot;&quot;,&quot;caption&quot;:&quot;&quot;,&quot;created_timestamp&quot;:&quot;0&quot;,&quot;copyright&quot;:&quot;&quot;,&quot;focal_length&quot;:&quot;0&quot;,&quot;iso&quot;:&quot;0&quot;,&quot;shutter_speed&quot;:&quot;0&quot;,&quot;title&quot;:&quot;&quot;,&quot;orientation&quot;:&quot;0&quot;}\" data-image-title=\"sari-unter\" data-image-description=\"\" data-medium-file=\"http:\/\/www.heldenhaushalt.de\/sari02\/wp-content\/uploads\/2015\/01\/sari-unter.jpg\" data-large-file=\"http:\/\/www.heldenhaushalt.de\/sari02\/wp-content\/uploads\/2015\/01\/sari-unter.jpg\" width=\"130\" height=\"59\"><\/strong><\/p>\n","protected":false},"excerpt":{"rendered":"<p>Ich hatte es Montag im WIB schon kurz angeschnitten: Wir waren am letzten Samstag auf dem Japan Festival in der Urania und es war irgendwie seltsam f&#252;r mich. Warum ist in wenigen einfachen S&#228;tzen erkl&#228;rt: Wir waren schon einmal dort. Und zwar genau vor 6 Jahren. Damals war ich schwanger und voller Erwartungen Ich bin schon lange ein gro&#223;er Fan der japanischen Kultur und m&#246;chte irgendwann unbedingt einmal nach Japan reisen. Es gibt so viele Facetten, die mich in der Hinsicht interessieren. Auch, wenn ich inzwischen dem einen oder anderen Aspekt ein bisschen entwachsen bin, h&#228;lt die Faszination nach wie vor an. Die letzten Jahre habe ich nicht weiter dar&#252;ber nachgedacht, aber in diesem Jahr wollte ich die Veranstaltung unbedingt mal wieder besuchen. Und da keimte sie hoch in mir, die Erkenntnis, dass es nun genau 6 Jahre her war, dass wir die Messe damals besuchten. Und damals war ich schwanger. Im 6. Monat mit dem Minihelden&#8230;ungef&#228;hr. So genau wei&#223; ich das gerade gar nicht. Aber ich kann mich noch genau daran erinnern, wie intensiv seine Bewegungen damals schon waren. Und nun war ich wieder da. Und dieses Mal wieder mit dem Minihelden UND seinem kleinen Bruder. Schon krass, was sich seit damals alles bei uns getan hat. Viel hat sich ver&#228;ndert, vieles ist aber noch gleich. Ich habe ein wenig das Gef&#252;hl, dass die Messe seit damals gewachsen ist. In vielerlei Hinsicht. Damals war es noch schwer f&#252;r die Cosplay Szene zum Beispiel Orte zum Treffen zu finden. Dementsprechend gab es damals nur einige wenige Mutige, die tats&#228;chlich mit Kost&#252;m dort auftauchten. Dieses Mal war es eher umgekehrt und wir fielen eher auf, weil wir nicht verkleidet waren (bis auf der Miniheld, der hatte durch Zufall eine Polizei &#8211; Uniform an *lach*). Und dabei hatte ich noch &#252;berlegt, ob ich mein Alice &#8211; Kleid samt Per&#252;cke trage. Es gibt ja so selten Anl&#228;sse f&#252;r so etwas. Nachher siegte dann aber doch der praktische Gedanke, da das Heldenkind ja vermutlich viel Zeit in der Trage verbringen w&#252;rde. Es waren viele St&#228;nde da, die ich noch von damals kannte. Ganz traditionell mit Teegeschirr, Ikebana Vorf&#252;hrung und Kimonos. Es wurden M&#246;bel und Kalligraphie gezeigt und in verschiedenen Vorf&#252;hrr&#228;umen gab es Vortr&#228;ge &#252;ber Japan und auch Vorf&#252;hrungen von Traditioneller Kampfkunst und Musik. Das ganze Spektrum also. Man konnte sich zudem &#252;ber Fortbildungen, Studieng&#228;ngen, Reisen und mehr informieren&#8230; Und dennoch schien Japan an sich eher nebens&#228;chlich geworden zu sein. Deutlich mehr vertreten als vor 6 Jahren waren dieses Mal allerdings die St&#228;nde f&#252;r Cosplay und Merchandise. Eine ganze Etage, auf der man damals in das Spiel &#8220;Go&#8221; reinschnuppern, oder zuschauen konnte, wie Siegel hergestellt werden, war gef&#252;llt mit Kuscheltieren, Figuren, Sammelobjekten, Kost&#252;men, Shirts und mehr. &#220;berall konnten wir kost&#252;mierte Menschen aus bekannten Mangas und Animes entdecken. Sie sa&#223;en auf Treppen, posierten vor Plakaten oder Spiegeln, lie&#223;en sich von Passanten oder sogar mit ihnen Fotografieren und jeder kannte irgendwie jeden. Total krass. Ich glaube, vor 6 Jahren h&#228;tte ich mich glatt direkt dazu gesellt. Heute ist es da bei mir etwas verhaltener *lach*. Ja, man wird halt doch &#228;lter (was nicht hei&#223;t, dass ich mir nicht dennoch 2 Katzenohren gekauft habe*drop*). Dennoch waren der Miniheld und ich ein bisschen im Kitsch &#8211; und Kuscheltier Paradies und mussten uns sehr zusammenreissen. Am Ende durften zwei Pokemon, ein Pokeball und ein Katzenkissen f&#252;r mich mit (das jetzt irgendwie andauernd vom Heldenkind durch die Gegend getragen wird). Zwischendurch g&#246;nnten wir uns dann auch noch ein paar japanische Leckereien, wobei wir das Sushi auslie&#223;en. Das trifft einfach nicht unsere Geschmack. Unser Highlight: Tengu Daiko F&#252;r den Minihelden waren jedoch vor allem die Vorf&#252;hrungen spannend. Mit gro&#223;er Begeisterung und extrem beeindruckt beobachtete er Judo &#8211; und Kendo K&#228;mpfer, die neue Tanz &#8211; Kampfsportart Tricking und etwas, das in mir sofort wieder meine Schwangerschaft von vor 6 Jahren ins Ged&#228;chtnis rief: Der Vorf&#252;hrung der Taiko &#8211; Trommelgruppe Tengu Daiko. Diese war n&#228;mlich damals auch schon da und ich war total begeistert davon, mit wie viel Lebensfreude und Energie sie rhythmisch auf die Trommeln einh&#228;mmerten. Seit dem habe ich total Lust darauf das selber mal zu versuchen. Damals gab es direkt auch vom Minihelden in meinem Bauch intensive Bewegungen. Eventuell ist mir dieses Erlebnis deshalb so lebhaft in Erinnerung geblieben. Aber auch dieses Mal kam der Miniheld aufgeregt danach zu mir gerannt und meinte nur, dass es das Beste w&#228;re, was er an diesem Tag erlebt h&#228;tte. Also kauften wir uns noch das Album und dann wurde das am Abend direkt zum Einschlafen geh&#246;rt. Das darf man eigentlich niemandem erz&#228;hlen: Laute Trommelmusik zum Einschlafen. Aber ganz ehrlich? Es hat mich total gl&#252;cklich gemacht, dass der Miniheld genauso begeistert davon war, wie ich. Gute W&#252;nsche f&#252;r die Zukunft. Zum Schluss musste dann noch ein Daruma mit. Kennt Ihr die kleinen Kerle? Auch damals kaufte ich mir einen. Er sollte mir ein gesundes Kind bescheren und diesen Job hat er wirklich gewissenhaft erf&#252;llt. Keine Frage also, dass auch dieses Mal ein Daruma mit nach Hause kam. Der Miniheld und ich haben einen sehr gro&#223;en Wunsch f&#252;r dieses Jahr und so werden wir ihm gemeinsam in den n&#228;chsten Tagen sein Auge malen und hoffen, dass er am Ende des Jahres dann auch sein zweites Auge von uns bekommen wird. Dr&#252;ckt uns die Daumen. Und? Seid ihr auch so begeistert von dieser Kultur? Habt Ihr schon einmal so eine Veranstaltung besucht? Erz&#228;hlt uns doch von Euren Erlebnissen&#8230;<\/p>\n","protected":false},"author":1,"featured_media":31804,"comment_status":"open","ping_status":"open","sticky":false,"template":"","format":"standard","meta":{"ngg_post_thumbnail":0,"footnotes":""},"categories":[46,324],"tags":[1091,1087,1082,1088,1089,914,1090],"class_list":["post-31758","post","type-post","status-publish","format-standard","has-post-thumbnail","hentry","category-feiertage","category-reisen","tag-daruma","tag-japan","tag-japan-festival","tag-kultur","tag-merchandise","tag-messe","tag-tengu-daiko"],"yoast_head":"<!-- This site is optimized with the Yoast SEO plugin v27.5 - https:\/\/yoast.com\/product\/yoast-seo-wordpress\/ -->\n<title>[Mmi] In Erinnerungen schwelgen auf dem Japan Festival - Heldenhaushalt<\/title>\n<meta name=\"description\" content=\"Ich hatte es Montag im WIB schon kurz angeschnitten: Wir waren am letzten Samstag auf dem Japan Festival in der Urania.\" \/>\n<meta name=\"robots\" content=\"index, follow, max-snippet:-1, max-image-preview:large, max-video-preview:-1\" \/>\n<link rel=\"canonical\" href=\"https:\/\/www.heldenhaushalt.de\/sari02\/index.php\/2017\/01\/25\/mmi-japan-festival\/\" \/>\n<meta property=\"og:locale\" content=\"de_DE\" \/>\n<meta property=\"og:type\" content=\"article\" \/>\n<meta property=\"og:title\" content=\"[Mmi] In Erinnerungen schwelgen auf dem Japan Festival - Heldenhaushalt\" \/>\n<meta property=\"og:description\" content=\"Ich hatte es Montag im WIB schon kurz angeschnitten: Wir waren am letzten Samstag auf dem Japan Festival in der Urania.\" \/>\n<meta property=\"og:url\" content=\"https:\/\/www.heldenhaushalt.de\/sari02\/index.php\/2017\/01\/25\/mmi-japan-festival\/\" \/>\n<meta property=\"og:site_name\" content=\"Heldenhaushalt\" \/>\n<meta property=\"article:published_time\" content=\"2017-01-25T09:00:00+00:00\" \/>\n<meta property=\"article:modified_time\" content=\"2017-01-25T13:00:46+00:00\" \/>\n<meta property=\"og:image\" content=\"https:\/\/www.heldenhaushalt.de\/sari02\/wp-content\/uploads\/2017\/01\/jf03.jpg\" \/>\n\t<meta property=\"og:image:width\" content=\"800\" \/>\n\t<meta property=\"og:image:height\" content=\"477\" \/>\n\t<meta property=\"og:image:type\" content=\"image\/jpeg\" \/>\n<meta name=\"author\" content=\"Sari\" \/>\n<meta name=\"twitter:card\" content=\"summary_large_image\" \/>\n<meta name=\"twitter:creator\" content=\"@Heldenhaushalt\" \/>\n<meta name=\"twitter:site\" content=\"@Heldenhaushalt\" \/>\n<meta name=\"twitter:label1\" content=\"Verfasst von\" \/>\n\t<meta name=\"twitter:data1\" content=\"Sari\" \/>\n\t<meta name=\"twitter:label2\" content=\"Gesch\u00e4tzte Lesezeit\" \/>\n\t<meta name=\"twitter:data2\" content=\"5\u00a0Minuten\" \/>\n<script type=\"application\/ld+json\" class=\"yoast-schema-graph\">{\"@context\":\"https:\\\/\\\/schema.org\",\"@graph\":[{\"@type\":\"Article\",\"@id\":\"https:\\\/\\\/www.heldenhaushalt.de\\\/sari02\\\/index.php\\\/2017\\\/01\\\/25\\\/mmi-japan-festival\\\/#article\",\"isPartOf\":{\"@id\":\"https:\\\/\\\/www.heldenhaushalt.de\\\/sari02\\\/index.php\\\/2017\\\/01\\\/25\\\/mmi-japan-festival\\\/\"},\"author\":{\"name\":\"Sari\",\"@id\":\"https:\\\/\\\/www.heldenhaushalt.de\\\/sari02\\\/#\\\/schema\\\/person\\\/a1cc69f42a01f412eb62c151353814f6\"},\"headline\":\"[Mmi] In Erinnerungen schwelgen auf dem Japan Festival\",\"datePublished\":\"2017-01-25T09:00:00+00:00\",\"dateModified\":\"2017-01-25T13:00:46+00:00\",\"mainEntityOfPage\":{\"@id\":\"https:\\\/\\\/www.heldenhaushalt.de\\\/sari02\\\/index.php\\\/2017\\\/01\\\/25\\\/mmi-japan-festival\\\/\"},\"wordCount\":963,\"commentCount\":3,\"publisher\":{\"@id\":\"https:\\\/\\\/www.heldenhaushalt.de\\\/sari02\\\/#\\\/schema\\\/person\\\/a1cc69f42a01f412eb62c151353814f6\"},\"image\":{\"@id\":\"https:\\\/\\\/www.heldenhaushalt.de\\\/sari02\\\/index.php\\\/2017\\\/01\\\/25\\\/mmi-japan-festival\\\/#primaryimage\"},\"thumbnailUrl\":\"https:\\\/\\\/www.heldenhaushalt.de\\\/sari02\\\/wp-content\\\/uploads\\\/2017\\\/01\\\/jf03.jpg\",\"keywords\":[\"Daruma\",\"Japan\",\"Japan Festival\",\"Kultur\",\"Merchandise\",\"Messe\",\"Tengu Daiko\"],\"articleSection\":[\"Besondere Anl\u00e4sse\",\"Weltenbummler\"],\"inLanguage\":\"de\",\"potentialAction\":[{\"@type\":\"CommentAction\",\"name\":\"Comment\",\"target\":[\"https:\\\/\\\/www.heldenhaushalt.de\\\/sari02\\\/index.php\\\/2017\\\/01\\\/25\\\/mmi-japan-festival\\\/#respond\"]}]},{\"@type\":\"WebPage\",\"@id\":\"https:\\\/\\\/www.heldenhaushalt.de\\\/sari02\\\/index.php\\\/2017\\\/01\\\/25\\\/mmi-japan-festival\\\/\",\"url\":\"https:\\\/\\\/www.heldenhaushalt.de\\\/sari02\\\/index.php\\\/2017\\\/01\\\/25\\\/mmi-japan-festival\\\/\",\"name\":\"[Mmi] In Erinnerungen schwelgen auf dem Japan Festival - Heldenhaushalt\",\"isPartOf\":{\"@id\":\"https:\\\/\\\/www.heldenhaushalt.de\\\/sari02\\\/#website\"},\"primaryImageOfPage\":{\"@id\":\"https:\\\/\\\/www.heldenhaushalt.de\\\/sari02\\\/index.php\\\/2017\\\/01\\\/25\\\/mmi-japan-festival\\\/#primaryimage\"},\"image\":{\"@id\":\"https:\\\/\\\/www.heldenhaushalt.de\\\/sari02\\\/index.php\\\/2017\\\/01\\\/25\\\/mmi-japan-festival\\\/#primaryimage\"},\"thumbnailUrl\":\"https:\\\/\\\/www.heldenhaushalt.de\\\/sari02\\\/wp-content\\\/uploads\\\/2017\\\/01\\\/jf03.jpg\",\"datePublished\":\"2017-01-25T09:00:00+00:00\",\"dateModified\":\"2017-01-25T13:00:46+00:00\",\"description\":\"Ich hatte es Montag im WIB schon kurz angeschnitten: Wir waren am letzten Samstag auf dem Japan Festival in der Urania.\",\"breadcrumb\":{\"@id\":\"https:\\\/\\\/www.heldenhaushalt.de\\\/sari02\\\/index.php\\\/2017\\\/01\\\/25\\\/mmi-japan-festival\\\/#breadcrumb\"},\"inLanguage\":\"de\",\"potentialAction\":[{\"@type\":\"ReadAction\",\"target\":[\"https:\\\/\\\/www.heldenhaushalt.de\\\/sari02\\\/index.php\\\/2017\\\/01\\\/25\\\/mmi-japan-festival\\\/\"]}]},{\"@type\":\"ImageObject\",\"inLanguage\":\"de\",\"@id\":\"https:\\\/\\\/www.heldenhaushalt.de\\\/sari02\\\/index.php\\\/2017\\\/01\\\/25\\\/mmi-japan-festival\\\/#primaryimage\",\"url\":\"https:\\\/\\\/www.heldenhaushalt.de\\\/sari02\\\/wp-content\\\/uploads\\\/2017\\\/01\\\/jf03.jpg\",\"contentUrl\":\"https:\\\/\\\/www.heldenhaushalt.de\\\/sari02\\\/wp-content\\\/uploads\\\/2017\\\/01\\\/jf03.jpg\",\"width\":800,\"height\":477,\"caption\":\"Japan\"},{\"@type\":\"BreadcrumbList\",\"@id\":\"https:\\\/\\\/www.heldenhaushalt.de\\\/sari02\\\/index.php\\\/2017\\\/01\\\/25\\\/mmi-japan-festival\\\/#breadcrumb\",\"itemListElement\":[{\"@type\":\"ListItem\",\"position\":1,\"name\":\"Startseite\",\"item\":\"https:\\\/\\\/www.heldenhaushalt.de\\\/sari02\\\/\"},{\"@type\":\"ListItem\",\"position\":2,\"name\":\"[Mmi] In Erinnerungen schwelgen auf dem Japan Festival\"}]},{\"@type\":\"WebSite\",\"@id\":\"https:\\\/\\\/www.heldenhaushalt.de\\\/sari02\\\/#website\",\"url\":\"https:\\\/\\\/www.heldenhaushalt.de\\\/sari02\\\/\",\"name\":\"Heldenhaushalt\",\"description\":\"Wer es ordentlich haben will, der muss vorher anrufen\",\"publisher\":{\"@id\":\"https:\\\/\\\/www.heldenhaushalt.de\\\/sari02\\\/#\\\/schema\\\/person\\\/a1cc69f42a01f412eb62c151353814f6\"},\"potentialAction\":[{\"@type\":\"SearchAction\",\"target\":{\"@type\":\"EntryPoint\",\"urlTemplate\":\"https:\\\/\\\/www.heldenhaushalt.de\\\/sari02\\\/?s={search_term_string}\"},\"query-input\":{\"@type\":\"PropertyValueSpecification\",\"valueRequired\":true,\"valueName\":\"search_term_string\"}}],\"inLanguage\":\"de\"},{\"@type\":[\"Person\",\"Organization\"],\"@id\":\"https:\\\/\\\/www.heldenhaushalt.de\\\/sari02\\\/#\\\/schema\\\/person\\\/a1cc69f42a01f412eb62c151353814f6\",\"name\":\"Sari\",\"image\":{\"@type\":\"ImageObject\",\"inLanguage\":\"de\",\"@id\":\"https:\\\/\\\/www.heldenhaushalt.de\\\/sari02\\\/wp-content\\\/uploads\\\/2019\\\/02\\\/sari-april2018.png\",\"url\":\"https:\\\/\\\/www.heldenhaushalt.de\\\/sari02\\\/wp-content\\\/uploads\\\/2019\\\/02\\\/sari-april2018.png\",\"contentUrl\":\"https:\\\/\\\/www.heldenhaushalt.de\\\/sari02\\\/wp-content\\\/uploads\\\/2019\\\/02\\\/sari-april2018.png\",\"width\":500,\"height\":500,\"caption\":\"Sari\"},\"logo\":{\"@id\":\"https:\\\/\\\/www.heldenhaushalt.de\\\/sari02\\\/wp-content\\\/uploads\\\/2019\\\/02\\\/sari-april2018.png\"},\"description\":\"Frau Mondgras \u2013 Das bin ich, Sari. Gerne auch als Sari Mondgras bekannt und im Internet zu finden. 2-Fach-Mutter, Heldenehefrau, Kreativling, Harmonies\u00fcchtig und st\u00e4ndig auf der Suche nach Gl\u00fcck. Ich komme aus Berlin, bin hier aufgewachsen und lebe hier seit ich denken kann.\",\"sameAs\":[\"https:\\\/\\\/www.instagram.com\\\/heldenhaushalt\\\/\"],\"url\":\"https:\\\/\\\/www.heldenhaushalt.de\\\/sari02\\\/index.php\\\/author\\\/admin\\\/\"}]}<\/script>\n<!-- \/ Yoast SEO plugin. -->","yoast_head_json":{"title":"[Mmi] In Erinnerungen schwelgen auf dem Japan Festival - Heldenhaushalt","description":"Ich hatte es Montag im WIB schon kurz angeschnitten: Wir waren am letzten Samstag auf dem Japan Festival in der Urania.","robots":{"index":"index","follow":"follow","max-snippet":"max-snippet:-1","max-image-preview":"max-image-preview:large","max-video-preview":"max-video-preview:-1"},"canonical":"https:\/\/www.heldenhaushalt.de\/sari02\/index.php\/2017\/01\/25\/mmi-japan-festival\/","og_locale":"de_DE","og_type":"article","og_title":"[Mmi] In Erinnerungen schwelgen auf dem Japan Festival - Heldenhaushalt","og_description":"Ich hatte es Montag im WIB schon kurz angeschnitten: Wir waren am letzten Samstag auf dem Japan Festival in der Urania.","og_url":"https:\/\/www.heldenhaushalt.de\/sari02\/index.php\/2017\/01\/25\/mmi-japan-festival\/","og_site_name":"Heldenhaushalt","article_published_time":"2017-01-25T09:00:00+00:00","article_modified_time":"2017-01-25T13:00:46+00:00","og_image":[{"width":800,"height":477,"url":"https:\/\/www.heldenhaushalt.de\/sari02\/wp-content\/uploads\/2017\/01\/jf03.jpg","type":"image\/jpeg"}],"author":"Sari","twitter_card":"summary_large_image","twitter_creator":"@Heldenhaushalt","twitter_site":"@Heldenhaushalt","twitter_misc":{"Verfasst von":"Sari","Gesch\u00e4tzte Lesezeit":"5\u00a0Minuten"},"schema":{"@context":"https:\/\/schema.org","@graph":[{"@type":"Article","@id":"https:\/\/www.heldenhaushalt.de\/sari02\/index.php\/2017\/01\/25\/mmi-japan-festival\/#article","isPartOf":{"@id":"https:\/\/www.heldenhaushalt.de\/sari02\/index.php\/2017\/01\/25\/mmi-japan-festival\/"},"author":{"name":"Sari","@id":"https:\/\/www.heldenhaushalt.de\/sari02\/#\/schema\/person\/a1cc69f42a01f412eb62c151353814f6"},"headline":"[Mmi] In Erinnerungen schwelgen auf dem Japan Festival","datePublished":"2017-01-25T09:00:00+00:00","dateModified":"2017-01-25T13:00:46+00:00","mainEntityOfPage":{"@id":"https:\/\/www.heldenhaushalt.de\/sari02\/index.php\/2017\/01\/25\/mmi-japan-festival\/"},"wordCount":963,"commentCount":3,"publisher":{"@id":"https:\/\/www.heldenhaushalt.de\/sari02\/#\/schema\/person\/a1cc69f42a01f412eb62c151353814f6"},"image":{"@id":"https:\/\/www.heldenhaushalt.de\/sari02\/index.php\/2017\/01\/25\/mmi-japan-festival\/#primaryimage"},"thumbnailUrl":"https:\/\/www.heldenhaushalt.de\/sari02\/wp-content\/uploads\/2017\/01\/jf03.jpg","keywords":["Daruma","Japan","Japan Festival","Kultur","Merchandise","Messe","Tengu Daiko"],"articleSection":["Besondere Anl\u00e4sse","Weltenbummler"],"inLanguage":"de","potentialAction":[{"@type":"CommentAction","name":"Comment","target":["https:\/\/www.heldenhaushalt.de\/sari02\/index.php\/2017\/01\/25\/mmi-japan-festival\/#respond"]}]},{"@type":"WebPage","@id":"https:\/\/www.heldenhaushalt.de\/sari02\/index.php\/2017\/01\/25\/mmi-japan-festival\/","url":"https:\/\/www.heldenhaushalt.de\/sari02\/index.php\/2017\/01\/25\/mmi-japan-festival\/","name":"[Mmi] In Erinnerungen schwelgen auf dem Japan Festival - Heldenhaushalt","isPartOf":{"@id":"https:\/\/www.heldenhaushalt.de\/sari02\/#website"},"primaryImageOfPage":{"@id":"https:\/\/www.heldenhaushalt.de\/sari02\/index.php\/2017\/01\/25\/mmi-japan-festival\/#primaryimage"},"image":{"@id":"https:\/\/www.heldenhaushalt.de\/sari02\/index.php\/2017\/01\/25\/mmi-japan-festival\/#primaryimage"},"thumbnailUrl":"https:\/\/www.heldenhaushalt.de\/sari02\/wp-content\/uploads\/2017\/01\/jf03.jpg","datePublished":"2017-01-25T09:00:00+00:00","dateModified":"2017-01-25T13:00:46+00:00","description":"Ich hatte es Montag im WIB schon kurz angeschnitten: Wir waren am letzten Samstag auf dem Japan Festival in der Urania.","breadcrumb":{"@id":"https:\/\/www.heldenhaushalt.de\/sari02\/index.php\/2017\/01\/25\/mmi-japan-festival\/#breadcrumb"},"inLanguage":"de","potentialAction":[{"@type":"ReadAction","target":["https:\/\/www.heldenhaushalt.de\/sari02\/index.php\/2017\/01\/25\/mmi-japan-festival\/"]}]},{"@type":"ImageObject","inLanguage":"de","@id":"https:\/\/www.heldenhaushalt.de\/sari02\/index.php\/2017\/01\/25\/mmi-japan-festival\/#primaryimage","url":"https:\/\/www.heldenhaushalt.de\/sari02\/wp-content\/uploads\/2017\/01\/jf03.jpg","contentUrl":"https:\/\/www.heldenhaushalt.de\/sari02\/wp-content\/uploads\/2017\/01\/jf03.jpg","width":800,"height":477,"caption":"Japan"},{"@type":"BreadcrumbList","@id":"https:\/\/www.heldenhaushalt.de\/sari02\/index.php\/2017\/01\/25\/mmi-japan-festival\/#breadcrumb","itemListElement":[{"@type":"ListItem","position":1,"name":"Startseite","item":"https:\/\/www.heldenhaushalt.de\/sari02\/"},{"@type":"ListItem","position":2,"name":"[Mmi] In Erinnerungen schwelgen auf dem Japan Festival"}]},{"@type":"WebSite","@id":"https:\/\/www.heldenhaushalt.de\/sari02\/#website","url":"https:\/\/www.heldenhaushalt.de\/sari02\/","name":"Heldenhaushalt","description":"Wer es ordentlich haben will, der muss vorher anrufen","publisher":{"@id":"https:\/\/www.heldenhaushalt.de\/sari02\/#\/schema\/person\/a1cc69f42a01f412eb62c151353814f6"},"potentialAction":[{"@type":"SearchAction","target":{"@type":"EntryPoint","urlTemplate":"https:\/\/www.heldenhaushalt.de\/sari02\/?s={search_term_string}"},"query-input":{"@type":"PropertyValueSpecification","valueRequired":true,"valueName":"search_term_string"}}],"inLanguage":"de"},{"@type":["Person","Organization"],"@id":"https:\/\/www.heldenhaushalt.de\/sari02\/#\/schema\/person\/a1cc69f42a01f412eb62c151353814f6","name":"Sari","image":{"@type":"ImageObject","inLanguage":"de","@id":"https:\/\/www.heldenhaushalt.de\/sari02\/wp-content\/uploads\/2019\/02\/sari-april2018.png","url":"https:\/\/www.heldenhaushalt.de\/sari02\/wp-content\/uploads\/2019\/02\/sari-april2018.png","contentUrl":"https:\/\/www.heldenhaushalt.de\/sari02\/wp-content\/uploads\/2019\/02\/sari-april2018.png","width":500,"height":500,"caption":"Sari"},"logo":{"@id":"https:\/\/www.heldenhaushalt.de\/sari02\/wp-content\/uploads\/2019\/02\/sari-april2018.png"},"description":"Frau Mondgras \u2013 Das bin ich, Sari. Gerne auch als Sari Mondgras bekannt und im Internet zu finden. 2-Fach-Mutter, Heldenehefrau, Kreativling, Harmonies\u00fcchtig und st\u00e4ndig auf der Suche nach Gl\u00fcck. Ich komme aus Berlin, bin hier aufgewachsen und lebe hier seit ich denken kann.","sameAs":["https:\/\/www.instagram.com\/heldenhaushalt\/"],"url":"https:\/\/www.heldenhaushalt.de\/sari02\/index.php\/author\/admin\/"}]}},"views":3992,"_links":{"self":[{"href":"https:\/\/www.heldenhaushalt.de\/sari02\/index.php\/wp-json\/wp\/v2\/posts\/31758","targetHints":{"allow":["GET"]}}],"collection":[{"href":"https:\/\/www.heldenhaushalt.de\/sari02\/index.php\/wp-json\/wp\/v2\/posts"}],"about":[{"href":"https:\/\/www.heldenhaushalt.de\/sari02\/index.php\/wp-json\/wp\/v2\/types\/post"}],"author":[{"embeddable":true,"href":"https:\/\/www.heldenhaushalt.de\/sari02\/index.php\/wp-json\/wp\/v2\/users\/1"}],"replies":[{"embeddable":true,"href":"https:\/\/www.heldenhaushalt.de\/sari02\/index.php\/wp-json\/wp\/v2\/comments?post=31758"}],"version-history":[{"count":5,"href":"https:\/\/www.heldenhaushalt.de\/sari02\/index.php\/wp-json\/wp\/v2\/posts\/31758\/revisions"}],"predecessor-version":[{"id":31829,"href":"https:\/\/www.heldenhaushalt.de\/sari02\/index.php\/wp-json\/wp\/v2\/posts\/31758\/revisions\/31829"}],"wp:featuredmedia":[{"embeddable":true,"href":"https:\/\/www.heldenhaushalt.de\/sari02\/index.php\/wp-json\/wp\/v2\/media\/31804"}],"wp:attachment":[{"href":"https:\/\/www.heldenhaushalt.de\/sari02\/index.php\/wp-json\/wp\/v2\/media?parent=31758"}],"wp:term":[{"taxonomy":"category","embeddable":true,"href":"https:\/\/www.heldenhaushalt.de\/sari02\/index.php\/wp-json\/wp\/v2\/categories?post=31758"},{"taxonomy":"post_tag","embeddable":true,"href":"https:\/\/www.heldenhaushalt.de\/sari02\/index.php\/wp-json\/wp\/v2\/tags?post=31758"}],"curies":[{"name":"wp","href":"https:\/\/api.w.org\/{rel}","templated":true}]}}