{"id":32084,"date":"2017-03-01T10:00:00","date_gmt":"2017-03-01T09:00:00","guid":{"rendered":"http:\/\/www.heldenhaushalt.de\/sari02\/?p=32084"},"modified":"2017-02-28T12:55:22","modified_gmt":"2017-02-28T11:55:22","slug":"mmi-fasching-2017","status":"publish","type":"post","link":"https:\/\/www.heldenhaushalt.de\/sari02\/index.php\/2017\/03\/01\/mmi-fasching-2017\/","title":{"rendered":"[Mmi] Ein Polizist, eine kleine Maus und andere lustige Gestalten"},"content":{"rendered":"<p><a href=\"http:\/\/frollein-pfau.blogspot.de\/2013\/03\/mittwochs-mag-ich-mmi.html\" target=\"_blank\"><img loading=\"lazy\" decoding=\"async\" class=\" aligncenter\" src=\"https:\/\/www.heldenhaushalt.de\/sari02\/wp-content\/uploads\/2015\/07\/MMI_Frollein-Pfau.png?w=640\" alt=\"\" width=\"170\" height=\"71\"><\/a><\/p>\n<p>Auch wir haben Fasching gefeiert. Nat&#252;rlich! Sp&#228;testens wenn das eigene Kind eine Kita oder sp&#228;ter die Schule besucht, kommt man da nicht mehr drum herum, nicht wahr? Und es ist ja auch die beste Gelegenheit mal so richtig &#8220;professionell&#8221; in die Rolle zu schl&#252;pfen, die einen aktuell am meisten interessiert, nicht wahr?<\/p>\n<p>Ich selber war als Kind ja ein gro&#223;er Fan von Fasching und habe immer versucht mit meinen Kost&#252;men so aus der Rolle zu fallen, dass es nie vorkommen konnte, dass ich mal auf jemanden traf, der das gleiche an hatte wie ich. Einmal lieh mir mein Vater zum Beispiel seine Polizei &#8211; Uniform. Ein anderes Mal zog ich eine Latzhose an und wir bastelten Malerhut und nahmen einen Pinsel und schwupp war ich eine Malermeisterin. Am sch&#246;nsten war sicher das Kost&#252;m, das meine Mutter mir gen&#228;ht hatte. Ich trug ein rotes T&#252;t&#252; mit passendem Ballett &#8211; Anzug, eine Blumenkrone und einen Blumenzauberstab und alles hatte meine Mutter noch zus&#228;tzlich mit Rosen ben&#228;ht. Weia, ich war so verdammt stolz, ich wollte das Kost&#252;m nie wieder ausziehen.<\/p>\n<h2>Mein Sohn, der Faschings &#8211; Muffel?<\/h2>\n<p>Nicht doch! Auch er konnte es kaum erwarten, dass endlich Fasching in der Kita sein w&#252;rde. Schon Wochen vorher wusste er, als was er gehen wollte. Sehr zu meiner &#220;berraschung. Ich war n&#228;mlich schon darauf eingestellt, dass ich mir irgendwo Zeit abzwacken musste, um ihm sein Wunschkost&#252;m zu n&#228;hen. Ohne Witz: Durchsucht mal kurz vor Fasching das Internet nach einem Ohnezahn &#8211; Kost&#252;m. Es gibt ein ganz tolles, aber das will nat&#252;rlich jeder haben und selbst gebraucht kostet es ein Verm&#246;gen und ist eine Rarit&#228;t. Die Alternativen sind qualitativ eher mau und so dachte ich: Na da wirst du wohl wieder selber ran m&#252;ssen.<\/p>\n<p>Letztes Jahr &#8220;musste&#8221; der Miniheld ja leider sein Halloween Kost&#252;m nochmal nutzen, da wir durch den Umzug keine Zeit f&#252;r ein N&#228;hprojekt hatten (das ich dann aber als Entsch&#228;digung<a href=\"http:\/\/www.heldenhaushalt.de\/sari02\/index.php\/2016\/03\/17\/es-ist-ein-komischer-gruener-zwerg\/\"> sp&#228;ter dennoch nachholte<\/a>, wie Ihr Euch sicher erinnern k&#246;nnt). Dieses Jahr wollte ich rechtzeitig sein.<\/p>\n<h2>An Fasching m&#246;chte ich wie Opa R. sein&#8230;<\/h2>\n<p>Ihr m&#252;sst wissen, mein Vater war Polizist. Viele Jahre lang. Ich war als Kind immer sehr beeindruckt, wenn ich ihn in seiner Uniform sah. Ich glaube nur ein einziges Mal sah ich ihn mit richtigem Schutzhelm und Schuld, als er eine Demo begleitete. Sonst war er immer in Hemd, Krawatte, Jacke und Hut. Das sah schon toll aus und ich erz&#228;hlte immer gerne herum, dass mein Papa Polizist sei!<\/p>\n<p><img loading=\"lazy\" decoding=\"async\" class=\"aligncenter size-full wp-image-32088\" src=\"http:\/\/www.heldenhaushalt.de\/sari02\/wp-content\/uploads\/2017\/03\/fasching01.jpg\" alt=\"Fasching\" width=\"800\" height=\"400\" srcset=\"https:\/\/www.heldenhaushalt.de\/sari02\/wp-content\/uploads\/2017\/03\/fasching01.jpg 800w, https:\/\/www.heldenhaushalt.de\/sari02\/wp-content\/uploads\/2017\/03\/fasching01-300x150.jpg 300w, https:\/\/www.heldenhaushalt.de\/sari02\/wp-content\/uploads\/2017\/03\/fasching01-768x384.jpg 768w, https:\/\/www.heldenhaushalt.de\/sari02\/wp-content\/uploads\/2017\/03\/fasching01-600x300.jpg 600w\" sizes=\"auto, (max-width: 800px) 100vw, 800px\" \/><\/p>\n<p>Nat&#252;rlich wusste auch der Miniheld, dass der Opa, den er nie kennen lernen konnte, fr&#252;her Polizist war und das findet er sehr spannend. Durch Zufall entdeckten wir vor Wochen im Sale in der Kinderabteilung ein Polizei &#8211; Shrt zum Verkleiden. Die M&#252;tze fehlte, deshalb war es reduziert. Wir nahmen es mit. <a href=\"http:\/\/www.heldenhaushalt.de\/sari02\/index.php\/2017\/02\/19\/verkleidungskiste-rollenspiele\/\">F&#252;r die Verkleidungskiste<\/a>. Damals h&#228;tte ich niemals damit gerechnet, was das Shirt beim Minihelden ausl&#246;sen w&#252;rde. Es weckte in ihm den Wunsch an Fasching als Polizist zu gehen. Unbedingt.<\/p>\n<h2>Bunter Spa&#223;, viele Drachen, eine kleine Maus und ein stolzer Polizist!<\/h2>\n<p>Lange durchforstete ich also das Internet nach einer geeigneten M&#252;tze. Das ist gar nicht so einfach, denn die meisten sind entweder zu gro&#223; oder sehen aus, als ob sie eher f&#252;r einen Junggesellenabschied gedacht w&#228;ren (was sich irgendwie durch die Bewertungen auch best&#228;tigte). Schlie&#223;lich wurde ich aber f&#252;ndig, kurz bevor ich schon soweit war mich selber an einer zu versuchen und sie passte perfekt zum Shirt.<\/p>\n<p><img loading=\"lazy\" decoding=\"async\" class=\"aligncenter size-full wp-image-32090\" src=\"http:\/\/www.heldenhaushalt.de\/sari02\/wp-content\/uploads\/2017\/03\/fasching03.jpg\" alt=\"Fasching\" width=\"800\" height=\"366\" srcset=\"https:\/\/www.heldenhaushalt.de\/sari02\/wp-content\/uploads\/2017\/03\/fasching03.jpg 800w, https:\/\/www.heldenhaushalt.de\/sari02\/wp-content\/uploads\/2017\/03\/fasching03-300x137.jpg 300w, https:\/\/www.heldenhaushalt.de\/sari02\/wp-content\/uploads\/2017\/03\/fasching03-768x351.jpg 768w, https:\/\/www.heldenhaushalt.de\/sari02\/wp-content\/uploads\/2017\/03\/fasching03-600x275.jpg 600w\" sizes=\"auto, (max-width: 800px) 100vw, 800px\" \/><\/p>\n<p>Und so kam es, dass wir am Montag zu dritt stolz in den Bus stiegen. <a href=\"https:\/\/www.instagram.com\/p\/BRAeMDhhk2Z\/?taken-by=heldenhaushalt\" target=\"_blank\">Mama mit pinker Per&#252;cke <\/a>und Katzenohren, der Miniheld in seiner Uniform und der Kleine durfte das Mauskost&#252;m vom Minihelden auftragen. Was f&#252;r ein Gespann. Katz und Maus gefolgt von der Polizei.<\/p>\n<p><img loading=\"lazy\" decoding=\"async\" class=\"aligncenter size-full wp-image-32089\" src=\"http:\/\/www.heldenhaushalt.de\/sari02\/wp-content\/uploads\/2017\/03\/fasching02.jpg\" alt=\"Fasching\" width=\"800\" height=\"450\" srcset=\"https:\/\/www.heldenhaushalt.de\/sari02\/wp-content\/uploads\/2017\/03\/fasching02.jpg 800w, https:\/\/www.heldenhaushalt.de\/sari02\/wp-content\/uploads\/2017\/03\/fasching02-300x169.jpg 300w, https:\/\/www.heldenhaushalt.de\/sari02\/wp-content\/uploads\/2017\/03\/fasching02-768x432.jpg 768w, https:\/\/www.heldenhaushalt.de\/sari02\/wp-content\/uploads\/2017\/03\/fasching02-600x338.jpg 600w\" sizes=\"auto, (max-width: 800px) 100vw, 800px\" \/><\/p>\n<p>Wir verbrachten eine lustige Zeit in der Kita, f&#252;hrten unsere Kost&#252;me vor und hatten viel Spa&#223;. Erst sp&#228;ter fiel mir dann noch auf, dass es das erste Faschings &#8211; Fest f&#252;r das Heldenkind war. Krass, oder? Und ich staune immer wieder, wie wohl es sich in der Kita des Gro&#223;en f&#252;hlt. Mit so viel Selbstverst&#228;ndlichkeit spaziert der Kleine da durch, als ob es sein zu Hause w&#228;re *lach*&#8230;<\/p>\n<p>Und? Wie war Euer Fasching so? Habt Ihr Euch verkleidet und wenn ja, wollen wir nat&#252;rlich wissen als was!<\/p>\n<p><img loading=\"lazy\" decoding=\"async\" class=\" size-full wp-image-24841 alignright\" src=\"https:\/\/www.heldenhaushalt.de \/sari02\/wp-content\/uploads\/2015\/01\/sari-unter.jpg?resize=130%2C59\" alt=\"sari-unter\" data-attachment-id=\"24841\" data-permalink=\"http:\/\/www.heldenhaushalt.de\/sari02\/index.php\/2015\/01\/03\/sich-neu-erfinden\/sari-unter\/\" data-orig-file=\"http:\/\/www.heldenhaushalt.de\/sari02\/wp-content\/uploads\/2015\/01\/sari-unter.jpg\" data-orig-size=\"130,59\" data-comments-opened=\"1\" data-image-meta=\"{&quot;aperture&quot;:&quot;0&quot;,&quot;credit&quot;:&quot;&quot;,&quot;camera&quot;:&quot;&quot;,&quot;caption&quot;:&quot;&quot;,&quot;created_timestamp&quot;:&quot;0&quot;,&quot;copyright&quot;:&quot;&quot;,&quot;focal_length&quot;:&quot;0&quot;,&quot;iso&quot;:&quot;0&quot;,&quot;shutter_speed&quot;:&quot;0&quot;,&quot;title&quot;:&quot;&quot;,&quot;orientation&quot;:&quot;0&quot;}\" data-image-title=\"sari-unter\" data-image-description=\"\" data-medium-file=\"http:\/\/www.heldenhaushalt.de\/sari02\/wp-content\/uploads\/2015\/01\/sari-unter.jpg\" data-large-file=\"http:\/\/www.heldenhaushalt.de\/sari02\/wp-content\/uploads\/2015\/01\/sari-unter.jpg\" width=\"130\" height=\"59\"><\/p>\n","protected":false},"excerpt":{"rendered":"<p>Auch wir haben Fasching gefeiert. Nat&#252;rlich! Sp&#228;testens wenn das eigene Kind eine Kita oder sp&#228;ter die Schule besucht, kommt man da nicht mehr drum herum, nicht wahr? Und es ist ja auch die beste Gelegenheit mal so richtig &#8220;professionell&#8221; in die Rolle zu schl&#252;pfen, die einen aktuell am meisten interessiert, nicht wahr? Ich selber war als Kind ja ein gro&#223;er Fan von Fasching und habe immer versucht mit meinen Kost&#252;men so aus der Rolle zu fallen, dass es nie vorkommen konnte, dass ich mal auf jemanden traf, der das gleiche an hatte wie ich. Einmal lieh mir mein Vater zum Beispiel seine Polizei &#8211; Uniform. Ein anderes Mal zog ich eine Latzhose an und wir bastelten Malerhut und nahmen einen Pinsel und schwupp war ich eine Malermeisterin. Am sch&#246;nsten war sicher das Kost&#252;m, das meine Mutter mir gen&#228;ht hatte. Ich trug ein rotes T&#252;t&#252; mit passendem Ballett &#8211; Anzug, eine Blumenkrone und einen Blumenzauberstab und alles hatte meine Mutter noch zus&#228;tzlich mit Rosen ben&#228;ht. Weia, ich war so verdammt stolz, ich wollte das Kost&#252;m nie wieder ausziehen. Mein Sohn, der Faschings &#8211; Muffel? Nicht doch! Auch er konnte es kaum erwarten, dass endlich Fasching in der Kita sein w&#252;rde. Schon Wochen vorher wusste er, als was er gehen wollte. Sehr zu meiner &#220;berraschung. Ich war n&#228;mlich schon darauf eingestellt, dass ich mir irgendwo Zeit abzwacken musste, um ihm sein Wunschkost&#252;m zu n&#228;hen. Ohne Witz: Durchsucht mal kurz vor Fasching das Internet nach einem Ohnezahn &#8211; Kost&#252;m. Es gibt ein ganz tolles, aber das will nat&#252;rlich jeder haben und selbst gebraucht kostet es ein Verm&#246;gen und ist eine Rarit&#228;t. Die Alternativen sind qualitativ eher mau und so dachte ich: Na da wirst du wohl wieder selber ran m&#252;ssen. Letztes Jahr &#8220;musste&#8221; der Miniheld ja leider sein Halloween Kost&#252;m nochmal nutzen, da wir durch den Umzug keine Zeit f&#252;r ein N&#228;hprojekt hatten (das ich dann aber als Entsch&#228;digung sp&#228;ter dennoch nachholte, wie Ihr Euch sicher erinnern k&#246;nnt). Dieses Jahr wollte ich rechtzeitig sein. An Fasching m&#246;chte ich wie Opa R. sein&#8230; Ihr m&#252;sst wissen, mein Vater war Polizist. Viele Jahre lang. Ich war als Kind immer sehr beeindruckt, wenn ich ihn in seiner Uniform sah. Ich glaube nur ein einziges Mal sah ich ihn mit richtigem Schutzhelm und Schuld, als er eine Demo begleitete. Sonst war er immer in Hemd, Krawatte, Jacke und Hut. Das sah schon toll aus und ich erz&#228;hlte immer gerne herum, dass mein Papa Polizist sei! Nat&#252;rlich wusste auch der Miniheld, dass der Opa, den er nie kennen lernen konnte, fr&#252;her Polizist war und das findet er sehr spannend. Durch Zufall entdeckten wir vor Wochen im Sale in der Kinderabteilung ein Polizei &#8211; Shrt zum Verkleiden. Die M&#252;tze fehlte, deshalb war es reduziert. Wir nahmen es mit. F&#252;r die Verkleidungskiste. Damals h&#228;tte ich niemals damit gerechnet, was das Shirt beim Minihelden ausl&#246;sen w&#252;rde. Es weckte in ihm den Wunsch an Fasching als Polizist zu gehen. Unbedingt. Bunter Spa&#223;, viele Drachen, eine kleine Maus und ein stolzer Polizist! Lange durchforstete ich also das Internet nach einer geeigneten M&#252;tze. Das ist gar nicht so einfach, denn die meisten sind entweder zu gro&#223; oder sehen aus, als ob sie eher f&#252;r einen Junggesellenabschied gedacht w&#228;ren (was sich irgendwie durch die Bewertungen auch best&#228;tigte). Schlie&#223;lich wurde ich aber f&#252;ndig, kurz bevor ich schon soweit war mich selber an einer zu versuchen und sie passte perfekt zum Shirt. Und so kam es, dass wir am Montag zu dritt stolz in den Bus stiegen. Mama mit pinker Per&#252;cke und Katzenohren, der Miniheld in seiner Uniform und der Kleine durfte das Mauskost&#252;m vom Minihelden auftragen. Was f&#252;r ein Gespann. Katz und Maus gefolgt von der Polizei. Wir verbrachten eine lustige Zeit in der Kita, f&#252;hrten unsere Kost&#252;me vor und hatten viel Spa&#223;. Erst sp&#228;ter fiel mir dann noch auf, dass es das erste Faschings &#8211; Fest f&#252;r das Heldenkind war. Krass, oder? Und ich staune immer wieder, wie wohl es sich in der Kita des Gro&#223;en f&#252;hlt. Mit so viel Selbstverst&#228;ndlichkeit spaziert der Kleine da durch, als ob es sein zu Hause w&#228;re *lach*&#8230; Und? Wie war Euer Fasching so? Habt Ihr Euch verkleidet und wenn ja, wollen wir nat&#252;rlich wissen als was!<\/p>\n","protected":false},"author":1,"featured_media":32088,"comment_status":"open","ping_status":"open","sticky":false,"template":"","format":"standard","meta":{"ngg_post_thumbnail":0,"footnotes":""},"categories":[49,321],"tags":[571,983,81,572,166,1181,1148],"class_list":["post-32084","post","type-post","status-publish","format-standard","has-post-thumbnail","hentry","category-blogspaehre","category-minimum","tag-fasching","tag-feiern","tag-kinder","tag-kostuem","tag-party","tag-polizist","tag-verkleiden"],"yoast_head":"<!-- This site is optimized with the Yoast SEO plugin v27.5 - https:\/\/yoast.com\/product\/yoast-seo-wordpress\/ -->\n<title>[Mmi] Ein Polizist, eine kleine Maus und andere lustige Gestalten - Heldenhaushalt<\/title>\n<meta name=\"description\" content=\"Auch wir haben Fasching gefeiert. Nat\u00fcrlich! Sp\u00e4testens wenn das eigene Kind eine Kita oder sp\u00e4ter die Schule besucht, kommt ...\" \/>\n<meta name=\"robots\" content=\"index, follow, max-snippet:-1, max-image-preview:large, max-video-preview:-1\" \/>\n<link rel=\"canonical\" href=\"https:\/\/www.heldenhaushalt.de\/sari02\/index.php\/2017\/03\/01\/mmi-fasching-2017\/\" \/>\n<meta property=\"og:locale\" content=\"de_DE\" \/>\n<meta property=\"og:type\" content=\"article\" \/>\n<meta property=\"og:title\" content=\"[Mmi] Ein Polizist, eine kleine Maus und andere lustige Gestalten - Heldenhaushalt\" \/>\n<meta property=\"og:description\" content=\"Auch wir haben Fasching gefeiert. Nat\u00fcrlich! Sp\u00e4testens wenn das eigene Kind eine Kita oder sp\u00e4ter die Schule besucht, kommt ...\" \/>\n<meta property=\"og:url\" content=\"https:\/\/www.heldenhaushalt.de\/sari02\/index.php\/2017\/03\/01\/mmi-fasching-2017\/\" \/>\n<meta property=\"og:site_name\" content=\"Heldenhaushalt\" \/>\n<meta property=\"article:published_time\" content=\"2017-03-01T09:00:00+00:00\" \/>\n<meta property=\"og:image\" content=\"https:\/\/www.heldenhaushalt.de\/sari02\/wp-content\/uploads\/2017\/03\/fasching01.jpg\" \/>\n\t<meta property=\"og:image:width\" content=\"800\" \/>\n\t<meta property=\"og:image:height\" content=\"400\" \/>\n\t<meta property=\"og:image:type\" content=\"image\/jpeg\" \/>\n<meta name=\"author\" content=\"Sari\" \/>\n<meta name=\"twitter:card\" content=\"summary_large_image\" \/>\n<meta name=\"twitter:creator\" content=\"@Heldenhaushalt\" \/>\n<meta name=\"twitter:site\" content=\"@Heldenhaushalt\" \/>\n<meta name=\"twitter:label1\" content=\"Verfasst von\" \/>\n\t<meta name=\"twitter:data1\" content=\"Sari\" \/>\n\t<meta name=\"twitter:label2\" content=\"Gesch\u00e4tzte Lesezeit\" \/>\n\t<meta name=\"twitter:data2\" content=\"4\u00a0Minuten\" \/>\n<script type=\"application\/ld+json\" class=\"yoast-schema-graph\">{\"@context\":\"https:\\\/\\\/schema.org\",\"@graph\":[{\"@type\":\"Article\",\"@id\":\"https:\\\/\\\/www.heldenhaushalt.de\\\/sari02\\\/index.php\\\/2017\\\/03\\\/01\\\/mmi-fasching-2017\\\/#article\",\"isPartOf\":{\"@id\":\"https:\\\/\\\/www.heldenhaushalt.de\\\/sari02\\\/index.php\\\/2017\\\/03\\\/01\\\/mmi-fasching-2017\\\/\"},\"author\":{\"name\":\"Sari\",\"@id\":\"https:\\\/\\\/www.heldenhaushalt.de\\\/sari02\\\/#\\\/schema\\\/person\\\/a1cc69f42a01f412eb62c151353814f6\"},\"headline\":\"[Mmi] Ein Polizist, eine kleine Maus und andere lustige Gestalten\",\"datePublished\":\"2017-03-01T09:00:00+00:00\",\"mainEntityOfPage\":{\"@id\":\"https:\\\/\\\/www.heldenhaushalt.de\\\/sari02\\\/index.php\\\/2017\\\/03\\\/01\\\/mmi-fasching-2017\\\/\"},\"wordCount\":764,\"commentCount\":4,\"publisher\":{\"@id\":\"https:\\\/\\\/www.heldenhaushalt.de\\\/sari02\\\/#\\\/schema\\\/person\\\/a1cc69f42a01f412eb62c151353814f6\"},\"image\":{\"@id\":\"https:\\\/\\\/www.heldenhaushalt.de\\\/sari02\\\/index.php\\\/2017\\\/03\\\/01\\\/mmi-fasching-2017\\\/#primaryimage\"},\"thumbnailUrl\":\"https:\\\/\\\/www.heldenhaushalt.de\\\/sari02\\\/wp-content\\\/uploads\\\/2017\\\/03\\\/fasching01.jpg\",\"keywords\":[\"Fasching\",\"Feiern\",\"Kinder\",\"Kost\u00fcm\",\"Party\",\"Polizist\",\"Verkleiden\"],\"articleSection\":[\"Blogsph\u00e4re\",\"Heldenkinder\"],\"inLanguage\":\"de\",\"potentialAction\":[{\"@type\":\"CommentAction\",\"name\":\"Comment\",\"target\":[\"https:\\\/\\\/www.heldenhaushalt.de\\\/sari02\\\/index.php\\\/2017\\\/03\\\/01\\\/mmi-fasching-2017\\\/#respond\"]}]},{\"@type\":\"WebPage\",\"@id\":\"https:\\\/\\\/www.heldenhaushalt.de\\\/sari02\\\/index.php\\\/2017\\\/03\\\/01\\\/mmi-fasching-2017\\\/\",\"url\":\"https:\\\/\\\/www.heldenhaushalt.de\\\/sari02\\\/index.php\\\/2017\\\/03\\\/01\\\/mmi-fasching-2017\\\/\",\"name\":\"[Mmi] Ein Polizist, eine kleine Maus und andere lustige Gestalten - Heldenhaushalt\",\"isPartOf\":{\"@id\":\"https:\\\/\\\/www.heldenhaushalt.de\\\/sari02\\\/#website\"},\"primaryImageOfPage\":{\"@id\":\"https:\\\/\\\/www.heldenhaushalt.de\\\/sari02\\\/index.php\\\/2017\\\/03\\\/01\\\/mmi-fasching-2017\\\/#primaryimage\"},\"image\":{\"@id\":\"https:\\\/\\\/www.heldenhaushalt.de\\\/sari02\\\/index.php\\\/2017\\\/03\\\/01\\\/mmi-fasching-2017\\\/#primaryimage\"},\"thumbnailUrl\":\"https:\\\/\\\/www.heldenhaushalt.de\\\/sari02\\\/wp-content\\\/uploads\\\/2017\\\/03\\\/fasching01.jpg\",\"datePublished\":\"2017-03-01T09:00:00+00:00\",\"description\":\"Auch wir haben Fasching gefeiert. Nat\u00fcrlich! Sp\u00e4testens wenn das eigene Kind eine Kita oder sp\u00e4ter die Schule besucht, kommt ...\",\"breadcrumb\":{\"@id\":\"https:\\\/\\\/www.heldenhaushalt.de\\\/sari02\\\/index.php\\\/2017\\\/03\\\/01\\\/mmi-fasching-2017\\\/#breadcrumb\"},\"inLanguage\":\"de\",\"potentialAction\":[{\"@type\":\"ReadAction\",\"target\":[\"https:\\\/\\\/www.heldenhaushalt.de\\\/sari02\\\/index.php\\\/2017\\\/03\\\/01\\\/mmi-fasching-2017\\\/\"]}]},{\"@type\":\"ImageObject\",\"inLanguage\":\"de\",\"@id\":\"https:\\\/\\\/www.heldenhaushalt.de\\\/sari02\\\/index.php\\\/2017\\\/03\\\/01\\\/mmi-fasching-2017\\\/#primaryimage\",\"url\":\"https:\\\/\\\/www.heldenhaushalt.de\\\/sari02\\\/wp-content\\\/uploads\\\/2017\\\/03\\\/fasching01.jpg\",\"contentUrl\":\"https:\\\/\\\/www.heldenhaushalt.de\\\/sari02\\\/wp-content\\\/uploads\\\/2017\\\/03\\\/fasching01.jpg\",\"width\":800,\"height\":400,\"caption\":\"Fasching\"},{\"@type\":\"BreadcrumbList\",\"@id\":\"https:\\\/\\\/www.heldenhaushalt.de\\\/sari02\\\/index.php\\\/2017\\\/03\\\/01\\\/mmi-fasching-2017\\\/#breadcrumb\",\"itemListElement\":[{\"@type\":\"ListItem\",\"position\":1,\"name\":\"Startseite\",\"item\":\"https:\\\/\\\/www.heldenhaushalt.de\\\/sari02\\\/\"},{\"@type\":\"ListItem\",\"position\":2,\"name\":\"[Mmi] Ein Polizist, eine kleine Maus und andere lustige Gestalten\"}]},{\"@type\":\"WebSite\",\"@id\":\"https:\\\/\\\/www.heldenhaushalt.de\\\/sari02\\\/#website\",\"url\":\"https:\\\/\\\/www.heldenhaushalt.de\\\/sari02\\\/\",\"name\":\"Heldenhaushalt\",\"description\":\"Wer es ordentlich haben will, der muss vorher anrufen\",\"publisher\":{\"@id\":\"https:\\\/\\\/www.heldenhaushalt.de\\\/sari02\\\/#\\\/schema\\\/person\\\/a1cc69f42a01f412eb62c151353814f6\"},\"potentialAction\":[{\"@type\":\"SearchAction\",\"target\":{\"@type\":\"EntryPoint\",\"urlTemplate\":\"https:\\\/\\\/www.heldenhaushalt.de\\\/sari02\\\/?s={search_term_string}\"},\"query-input\":{\"@type\":\"PropertyValueSpecification\",\"valueRequired\":true,\"valueName\":\"search_term_string\"}}],\"inLanguage\":\"de\"},{\"@type\":[\"Person\",\"Organization\"],\"@id\":\"https:\\\/\\\/www.heldenhaushalt.de\\\/sari02\\\/#\\\/schema\\\/person\\\/a1cc69f42a01f412eb62c151353814f6\",\"name\":\"Sari\",\"image\":{\"@type\":\"ImageObject\",\"inLanguage\":\"de\",\"@id\":\"https:\\\/\\\/www.heldenhaushalt.de\\\/sari02\\\/wp-content\\\/uploads\\\/2019\\\/02\\\/sari-april2018.png\",\"url\":\"https:\\\/\\\/www.heldenhaushalt.de\\\/sari02\\\/wp-content\\\/uploads\\\/2019\\\/02\\\/sari-april2018.png\",\"contentUrl\":\"https:\\\/\\\/www.heldenhaushalt.de\\\/sari02\\\/wp-content\\\/uploads\\\/2019\\\/02\\\/sari-april2018.png\",\"width\":500,\"height\":500,\"caption\":\"Sari\"},\"logo\":{\"@id\":\"https:\\\/\\\/www.heldenhaushalt.de\\\/sari02\\\/wp-content\\\/uploads\\\/2019\\\/02\\\/sari-april2018.png\"},\"description\":\"Frau Mondgras \u2013 Das bin ich, Sari. Gerne auch als Sari Mondgras bekannt und im Internet zu finden. 2-Fach-Mutter, Heldenehefrau, Kreativling, Harmonies\u00fcchtig und st\u00e4ndig auf der Suche nach Gl\u00fcck. Ich komme aus Berlin, bin hier aufgewachsen und lebe hier seit ich denken kann.\",\"sameAs\":[\"https:\\\/\\\/www.instagram.com\\\/heldenhaushalt\\\/\"],\"url\":\"https:\\\/\\\/www.heldenhaushalt.de\\\/sari02\\\/index.php\\\/author\\\/admin\\\/\"}]}<\/script>\n<!-- \/ Yoast SEO plugin. -->","yoast_head_json":{"title":"[Mmi] Ein Polizist, eine kleine Maus und andere lustige Gestalten - Heldenhaushalt","description":"Auch wir haben Fasching gefeiert. Nat\u00fcrlich! Sp\u00e4testens wenn das eigene Kind eine Kita oder sp\u00e4ter die Schule besucht, kommt ...","robots":{"index":"index","follow":"follow","max-snippet":"max-snippet:-1","max-image-preview":"max-image-preview:large","max-video-preview":"max-video-preview:-1"},"canonical":"https:\/\/www.heldenhaushalt.de\/sari02\/index.php\/2017\/03\/01\/mmi-fasching-2017\/","og_locale":"de_DE","og_type":"article","og_title":"[Mmi] Ein Polizist, eine kleine Maus und andere lustige Gestalten - Heldenhaushalt","og_description":"Auch wir haben Fasching gefeiert. Nat\u00fcrlich! Sp\u00e4testens wenn das eigene Kind eine Kita oder sp\u00e4ter die Schule besucht, kommt ...","og_url":"https:\/\/www.heldenhaushalt.de\/sari02\/index.php\/2017\/03\/01\/mmi-fasching-2017\/","og_site_name":"Heldenhaushalt","article_published_time":"2017-03-01T09:00:00+00:00","og_image":[{"width":800,"height":400,"url":"https:\/\/www.heldenhaushalt.de\/sari02\/wp-content\/uploads\/2017\/03\/fasching01.jpg","type":"image\/jpeg"}],"author":"Sari","twitter_card":"summary_large_image","twitter_creator":"@Heldenhaushalt","twitter_site":"@Heldenhaushalt","twitter_misc":{"Verfasst von":"Sari","Gesch\u00e4tzte Lesezeit":"4\u00a0Minuten"},"schema":{"@context":"https:\/\/schema.org","@graph":[{"@type":"Article","@id":"https:\/\/www.heldenhaushalt.de\/sari02\/index.php\/2017\/03\/01\/mmi-fasching-2017\/#article","isPartOf":{"@id":"https:\/\/www.heldenhaushalt.de\/sari02\/index.php\/2017\/03\/01\/mmi-fasching-2017\/"},"author":{"name":"Sari","@id":"https:\/\/www.heldenhaushalt.de\/sari02\/#\/schema\/person\/a1cc69f42a01f412eb62c151353814f6"},"headline":"[Mmi] Ein Polizist, eine kleine Maus und andere lustige Gestalten","datePublished":"2017-03-01T09:00:00+00:00","mainEntityOfPage":{"@id":"https:\/\/www.heldenhaushalt.de\/sari02\/index.php\/2017\/03\/01\/mmi-fasching-2017\/"},"wordCount":764,"commentCount":4,"publisher":{"@id":"https:\/\/www.heldenhaushalt.de\/sari02\/#\/schema\/person\/a1cc69f42a01f412eb62c151353814f6"},"image":{"@id":"https:\/\/www.heldenhaushalt.de\/sari02\/index.php\/2017\/03\/01\/mmi-fasching-2017\/#primaryimage"},"thumbnailUrl":"https:\/\/www.heldenhaushalt.de\/sari02\/wp-content\/uploads\/2017\/03\/fasching01.jpg","keywords":["Fasching","Feiern","Kinder","Kost\u00fcm","Party","Polizist","Verkleiden"],"articleSection":["Blogsph\u00e4re","Heldenkinder"],"inLanguage":"de","potentialAction":[{"@type":"CommentAction","name":"Comment","target":["https:\/\/www.heldenhaushalt.de\/sari02\/index.php\/2017\/03\/01\/mmi-fasching-2017\/#respond"]}]},{"@type":"WebPage","@id":"https:\/\/www.heldenhaushalt.de\/sari02\/index.php\/2017\/03\/01\/mmi-fasching-2017\/","url":"https:\/\/www.heldenhaushalt.de\/sari02\/index.php\/2017\/03\/01\/mmi-fasching-2017\/","name":"[Mmi] Ein Polizist, eine kleine Maus und andere lustige Gestalten - Heldenhaushalt","isPartOf":{"@id":"https:\/\/www.heldenhaushalt.de\/sari02\/#website"},"primaryImageOfPage":{"@id":"https:\/\/www.heldenhaushalt.de\/sari02\/index.php\/2017\/03\/01\/mmi-fasching-2017\/#primaryimage"},"image":{"@id":"https:\/\/www.heldenhaushalt.de\/sari02\/index.php\/2017\/03\/01\/mmi-fasching-2017\/#primaryimage"},"thumbnailUrl":"https:\/\/www.heldenhaushalt.de\/sari02\/wp-content\/uploads\/2017\/03\/fasching01.jpg","datePublished":"2017-03-01T09:00:00+00:00","description":"Auch wir haben Fasching gefeiert. Nat\u00fcrlich! Sp\u00e4testens wenn das eigene Kind eine Kita oder sp\u00e4ter die Schule besucht, kommt ...","breadcrumb":{"@id":"https:\/\/www.heldenhaushalt.de\/sari02\/index.php\/2017\/03\/01\/mmi-fasching-2017\/#breadcrumb"},"inLanguage":"de","potentialAction":[{"@type":"ReadAction","target":["https:\/\/www.heldenhaushalt.de\/sari02\/index.php\/2017\/03\/01\/mmi-fasching-2017\/"]}]},{"@type":"ImageObject","inLanguage":"de","@id":"https:\/\/www.heldenhaushalt.de\/sari02\/index.php\/2017\/03\/01\/mmi-fasching-2017\/#primaryimage","url":"https:\/\/www.heldenhaushalt.de\/sari02\/wp-content\/uploads\/2017\/03\/fasching01.jpg","contentUrl":"https:\/\/www.heldenhaushalt.de\/sari02\/wp-content\/uploads\/2017\/03\/fasching01.jpg","width":800,"height":400,"caption":"Fasching"},{"@type":"BreadcrumbList","@id":"https:\/\/www.heldenhaushalt.de\/sari02\/index.php\/2017\/03\/01\/mmi-fasching-2017\/#breadcrumb","itemListElement":[{"@type":"ListItem","position":1,"name":"Startseite","item":"https:\/\/www.heldenhaushalt.de\/sari02\/"},{"@type":"ListItem","position":2,"name":"[Mmi] Ein Polizist, eine kleine Maus und andere lustige Gestalten"}]},{"@type":"WebSite","@id":"https:\/\/www.heldenhaushalt.de\/sari02\/#website","url":"https:\/\/www.heldenhaushalt.de\/sari02\/","name":"Heldenhaushalt","description":"Wer es ordentlich haben will, der muss vorher anrufen","publisher":{"@id":"https:\/\/www.heldenhaushalt.de\/sari02\/#\/schema\/person\/a1cc69f42a01f412eb62c151353814f6"},"potentialAction":[{"@type":"SearchAction","target":{"@type":"EntryPoint","urlTemplate":"https:\/\/www.heldenhaushalt.de\/sari02\/?s={search_term_string}"},"query-input":{"@type":"PropertyValueSpecification","valueRequired":true,"valueName":"search_term_string"}}],"inLanguage":"de"},{"@type":["Person","Organization"],"@id":"https:\/\/www.heldenhaushalt.de\/sari02\/#\/schema\/person\/a1cc69f42a01f412eb62c151353814f6","name":"Sari","image":{"@type":"ImageObject","inLanguage":"de","@id":"https:\/\/www.heldenhaushalt.de\/sari02\/wp-content\/uploads\/2019\/02\/sari-april2018.png","url":"https:\/\/www.heldenhaushalt.de\/sari02\/wp-content\/uploads\/2019\/02\/sari-april2018.png","contentUrl":"https:\/\/www.heldenhaushalt.de\/sari02\/wp-content\/uploads\/2019\/02\/sari-april2018.png","width":500,"height":500,"caption":"Sari"},"logo":{"@id":"https:\/\/www.heldenhaushalt.de\/sari02\/wp-content\/uploads\/2019\/02\/sari-april2018.png"},"description":"Frau Mondgras \u2013 Das bin ich, Sari. Gerne auch als Sari Mondgras bekannt und im Internet zu finden. 2-Fach-Mutter, Heldenehefrau, Kreativling, Harmonies\u00fcchtig und st\u00e4ndig auf der Suche nach Gl\u00fcck. Ich komme aus Berlin, bin hier aufgewachsen und lebe hier seit ich denken kann.","sameAs":["https:\/\/www.instagram.com\/heldenhaushalt\/"],"url":"https:\/\/www.heldenhaushalt.de\/sari02\/index.php\/author\/admin\/"}]}},"views":5240,"_links":{"self":[{"href":"https:\/\/www.heldenhaushalt.de\/sari02\/index.php\/wp-json\/wp\/v2\/posts\/32084","targetHints":{"allow":["GET"]}}],"collection":[{"href":"https:\/\/www.heldenhaushalt.de\/sari02\/index.php\/wp-json\/wp\/v2\/posts"}],"about":[{"href":"https:\/\/www.heldenhaushalt.de\/sari02\/index.php\/wp-json\/wp\/v2\/types\/post"}],"author":[{"embeddable":true,"href":"https:\/\/www.heldenhaushalt.de\/sari02\/index.php\/wp-json\/wp\/v2\/users\/1"}],"replies":[{"embeddable":true,"href":"https:\/\/www.heldenhaushalt.de\/sari02\/index.php\/wp-json\/wp\/v2\/comments?post=32084"}],"version-history":[{"count":2,"href":"https:\/\/www.heldenhaushalt.de\/sari02\/index.php\/wp-json\/wp\/v2\/posts\/32084\/revisions"}],"predecessor-version":[{"id":32091,"href":"https:\/\/www.heldenhaushalt.de\/sari02\/index.php\/wp-json\/wp\/v2\/posts\/32084\/revisions\/32091"}],"wp:featuredmedia":[{"embeddable":true,"href":"https:\/\/www.heldenhaushalt.de\/sari02\/index.php\/wp-json\/wp\/v2\/media\/32088"}],"wp:attachment":[{"href":"https:\/\/www.heldenhaushalt.de\/sari02\/index.php\/wp-json\/wp\/v2\/media?parent=32084"}],"wp:term":[{"taxonomy":"category","embeddable":true,"href":"https:\/\/www.heldenhaushalt.de\/sari02\/index.php\/wp-json\/wp\/v2\/categories?post=32084"},{"taxonomy":"post_tag","embeddable":true,"href":"https:\/\/www.heldenhaushalt.de\/sari02\/index.php\/wp-json\/wp\/v2\/tags?post=32084"}],"curies":[{"name":"wp","href":"https:\/\/api.w.org\/{rel}","templated":true}]}}