{"id":32181,"date":"2017-03-10T10:01:41","date_gmt":"2017-03-10T09:01:41","guid":{"rendered":"http:\/\/www.heldenhaushalt.de\/sari02\/?p=32181"},"modified":"2017-03-11T07:22:25","modified_gmt":"2017-03-11T06:22:25","slug":"freitags5-5-tage-5-fotos-im-maerz-02","status":"publish","type":"post","link":"https:\/\/www.heldenhaushalt.de\/sari02\/index.php\/2017\/03\/10\/freitags5-5-tage-5-fotos-im-maerz-02\/","title":{"rendered":"#Freitags5 \u2013 5 Tage 5 Fotos im M&#228;rz #02"},"content":{"rendered":"<p>Ich hatte es Montag schon angedeutet: Die Woche startete f&#252;r mich eher mau mit Fieber und starken Kopfschmerzen. Ich gebe dem Wetter &#252;brigens daf&#252;r die Schuld, so wechselhaft, wie es derzeit ist. Man m&#246;chte gar nicht dar&#252;ber nachdenken, wie es im April dann sein k&#246;nnte. Aber die Sonne hat sich dann und wann gezeigt und meist hat es vor allem nachts geregnet, so dass es ja dann doch einigerma&#223;en ging. Die Kopfschmerzen blieben die Woche &#252;ber, aber das Fieber war schnell besiegt. Nicht zuletzt dank der liebevollen Mithilfe meines gro&#223;en Jungen.<\/p>\n<p style=\"text-align: center;\">***<\/p>\n<h2>Meine #Freitags5 #Freitagslieblinge<\/h2>\n<p>&nbsp; <img loading=\"lazy\" decoding=\"async\" class=\"aligncenter size-full wp-image-32191\" src=\"http:\/\/www.heldenhaushalt.de\/sari02\/wp-content\/uploads\/2017\/03\/10-03.jpg\" alt=\"#Freitags5\" height=\"800\" width=\"800\" srcset=\"https:\/\/www.heldenhaushalt.de\/sari02\/wp-content\/uploads\/2017\/03\/10-03.jpg 800w, https:\/\/www.heldenhaushalt.de\/sari02\/wp-content\/uploads\/2017\/03\/10-03-150x150.jpg 150w, https:\/\/www.heldenhaushalt.de\/sari02\/wp-content\/uploads\/2017\/03\/10-03-300x300.jpg 300w, https:\/\/www.heldenhaushalt.de\/sari02\/wp-content\/uploads\/2017\/03\/10-03-768x768.jpg 768w, https:\/\/www.heldenhaushalt.de\/sari02\/wp-content\/uploads\/2017\/03\/10-03-600x600.jpg 600w, https:\/\/www.heldenhaushalt.de\/sari02\/wp-content\/uploads\/2017\/03\/10-03-660x660.jpg 660w, https:\/\/www.heldenhaushalt.de\/sari02\/wp-content\/uploads\/2017\/03\/10-03-373x373.jpg 373w\" sizes=\"auto, (max-width: 800px) 100vw, 800px\" \/>&nbsp;<\/p>\n<p><strong>Meine Lieblingslekt&#252;re der Woche \u2013<\/strong> Es gab diese Woche in der Blogsph&#228;re anl&#228;sslich des Weltfrauentages unter dem Hashtag #MeinTagohnemich viele spannende Texte und Gedanken dazu zu lesen. Zum Beispiel bei <a href=\"https:\/\/sockenbergen.wordpress.com\/2017\/03\/08\/ein-tag-ohne-mich-weltfrauentag-meine-sicht\/\" target=\"_blank\">Eva<\/a> und auch bei <a href=\"http:\/\/www.grossekoepfe.de\/2017\/03\/meintagohnemich-eine-welt-ohne-frauen.html\" target=\"_blank\">Alu<\/a> und <a href=\"https:\/\/geborgen-wachsen.de\/2017\/03\/08\/meintagohnemich\/\" target=\"_blank\">Susanne<\/a>. <strong><br \/>\n<\/strong><\/p>\n<p style=\"text-align: center;\">***<\/p>\n<p><img loading=\"lazy\" decoding=\"async\" class=\"aligncenter wp-image-32189\" src=\"http:\/\/www.heldenhaushalt.de\/sari02\/wp-content\/uploads\/2017\/03\/10-01.jpg\" alt=\"#Freitags5\" height=\"800\" width=\"800\" srcset=\"https:\/\/www.heldenhaushalt.de\/sari02\/wp-content\/uploads\/2017\/03\/10-01.jpg 1881w, https:\/\/www.heldenhaushalt.de\/sari02\/wp-content\/uploads\/2017\/03\/10-01-150x150.jpg 150w, https:\/\/www.heldenhaushalt.de\/sari02\/wp-content\/uploads\/2017\/03\/10-01-300x300.jpg 300w, https:\/\/www.heldenhaushalt.de\/sari02\/wp-content\/uploads\/2017\/03\/10-01-768x768.jpg 768w, https:\/\/www.heldenhaushalt.de\/sari02\/wp-content\/uploads\/2017\/03\/10-01-1024x1024.jpg 1024w, https:\/\/www.heldenhaushalt.de\/sari02\/wp-content\/uploads\/2017\/03\/10-01-600x600.jpg 600w, https:\/\/www.heldenhaushalt.de\/sari02\/wp-content\/uploads\/2017\/03\/10-01-1000x1000.jpg 1000w, https:\/\/www.heldenhaushalt.de\/sari02\/wp-content\/uploads\/2017\/03\/10-01-660x660.jpg 660w, https:\/\/www.heldenhaushalt.de\/sari02\/wp-content\/uploads\/2017\/03\/10-01-373x373.jpg 373w\" sizes=\"auto, (max-width: 800px) 100vw, 800px\" \/><\/p>\n<p><strong>Mein Lieblingsessen der Woche \u2013&nbsp;<\/strong> Am Montag musste es einfach und schnell gehen. Da ich durch das Fieber nicht in der Lage war den Gro&#223;en rechtzeitig zum B&#252;chereiausflug in die Kita zu bringen, blieb er einfach bei mir und umsorgte mich. Aber zaubert mal Mittagessen, wenn eigentlich gar keines eingeplant war. Und so gab es kurzer Hand nach einer gef&#252;hlten Ewigkeit f&#252;r den Minihelden <a href=\"http:\/\/www.heldenhaushalt.de\/sari02\/index.php\/2013\/04\/07\/sosu-58-kaiserschmarrn-ohne-milch\/\">Kaiserschmarrn ohne Milch<\/a>. Das Kind kam aus dem Schw&#228;rmen &#252;berhaupt nicht mehr heraus.<strong><br \/>\n<\/strong><\/p>\n<p style=\"text-align: center;\">***<\/p>\n<p><img loading=\"lazy\" decoding=\"async\" class=\"aligncenter size-full wp-image-32190\" src=\"http:\/\/www.heldenhaushalt.de\/sari02\/wp-content\/uploads\/2017\/03\/10-02.jpg\" alt=\"#Freitags5\" height=\"800\" width=\"800\" srcset=\"https:\/\/www.heldenhaushalt.de\/sari02\/wp-content\/uploads\/2017\/03\/10-02.jpg 800w, https:\/\/www.heldenhaushalt.de\/sari02\/wp-content\/uploads\/2017\/03\/10-02-150x150.jpg 150w, https:\/\/www.heldenhaushalt.de\/sari02\/wp-content\/uploads\/2017\/03\/10-02-300x300.jpg 300w, https:\/\/www.heldenhaushalt.de\/sari02\/wp-content\/uploads\/2017\/03\/10-02-768x768.jpg 768w, https:\/\/www.heldenhaushalt.de\/sari02\/wp-content\/uploads\/2017\/03\/10-02-600x600.jpg 600w, https:\/\/www.heldenhaushalt.de\/sari02\/wp-content\/uploads\/2017\/03\/10-02-660x660.jpg 660w, https:\/\/www.heldenhaushalt.de\/sari02\/wp-content\/uploads\/2017\/03\/10-02-373x373.jpg 373w\" sizes=\"auto, (max-width: 800px) 100vw, 800px\" \/><\/p>\n<p><strong>Meinen Lieblingsmoment mit meinen Kindern<\/strong> \u2013 Stellt Euch vor, Ihr liegt im Bett. Total m&#252;de. Der Kopf brummt. Und pl&#246;tzlich sp&#252;rt ihr ein dickes Schmatzen auf Eurer Wange. Ihr m&#252;sst erstmal zu Euch kommen und realisieren, was da gerade passiert ist. Inzwischen ist zu dem Schmatzen ein Kichern dazu gekommen und zwei Kindern fl&#252;stern miteinander. Das eine versteht man gut, das andere ahmt vor allem nach. Und dann wird Dir klar, dass es deine Kinder sind, die dich morgens wach k&#252;ssen. Immer abwechselnd. Und du musst innerlich laut lachen vor Freude. Ansonsten hat sich der Gro&#223;e wirklich mehr als nur liebevoll um seine angeschlagene Mama gek&#252;mmert. Mir immer wieder Trinken gebracht, mir den Kopf gestreichelt und mir gesagt, wie lieb er mich hat und wie doof es ist, dass es mir nicht gut geht. Selbst der Kleine wollte scheinbar Hilfe anbieten, in dem er mir zeigte, wie toll er doch schon ohne mich mit L&#246;ffel essen kann. &#220;ber die vielen Flecken und Klecksen sieht man dann einfach mal hinweg.<\/p>\n<p style=\"text-align: center;\">***<\/p>\n<p><img loading=\"lazy\" decoding=\"async\" class=\"aligncenter size-full wp-image-32192\" src=\"http:\/\/www.heldenhaushalt.de\/sari02\/wp-content\/uploads\/2017\/03\/10-05.jpg\" alt=\"#Freitags5\" height=\"1715\" width=\"1715\" srcset=\"https:\/\/www.heldenhaushalt.de\/sari02\/wp-content\/uploads\/2017\/03\/10-05.jpg 1715w, https:\/\/www.heldenhaushalt.de\/sari02\/wp-content\/uploads\/2017\/03\/10-05-150x150.jpg 150w, https:\/\/www.heldenhaushalt.de\/sari02\/wp-content\/uploads\/2017\/03\/10-05-300x300.jpg 300w, https:\/\/www.heldenhaushalt.de\/sari02\/wp-content\/uploads\/2017\/03\/10-05-768x768.jpg 768w, https:\/\/www.heldenhaushalt.de\/sari02\/wp-content\/uploads\/2017\/03\/10-05-1024x1024.jpg 1024w, https:\/\/www.heldenhaushalt.de\/sari02\/wp-content\/uploads\/2017\/03\/10-05-600x600.jpg 600w, https:\/\/www.heldenhaushalt.de\/sari02\/wp-content\/uploads\/2017\/03\/10-05-1000x1000.jpg 1000w, https:\/\/www.heldenhaushalt.de\/sari02\/wp-content\/uploads\/2017\/03\/10-05-660x660.jpg 660w, https:\/\/www.heldenhaushalt.de\/sari02\/wp-content\/uploads\/2017\/03\/10-05-373x373.jpg 373w\" sizes=\"auto, (max-width: 1715px) 100vw, 1715px\" \/><\/p>\n<p><strong>Meinen Lieblings-Mama-Moment nur f&#252;r mich<\/strong> \u2013 Sogar der Held nahm mir am Abend vieles ab, obwohl ich inzwischen wieder absolut Fieber frei und sogar relativ munter war. Er brachte beide Kinder ins Bett, bereitete alles f&#252;r die Nacht vor und ermahnte mich immer wieder einfach mal auf dem Sofa sitzen zu bleiben, so dass ich ganz banal meinen DS hervor holte und ein wenig Pokemons jagen konnte. Dabei fing ich ein Mimigma! Totaaaaaal s&#252;&#223; und ja, manchmal kann auch sowas zu einem Lieblingsmoment f&#252;r mich ganz alleine werden. Nun h&#228;tte ich gerne so ein Pokemon. Aber fix&#8230; Gegen Ende der Woche habe ich dann gebuddelt. Mal wieder im Garten vorne. Es hat mich so gewurmt, dass alles noch immer so chaotisch aussieht, dass ich zumindest die eine Seite eben gemacht habe. Bei der Gelegenheit habe ich dann doch schon mal ein bisschen Osterfeeling einziehen lassen.<\/p>\n<p style=\"text-align: center;\">***<\/p>\n<p><img loading=\"lazy\" decoding=\"async\" class=\"aligncenter size-full wp-image-32193\" src=\"http:\/\/www.heldenhaushalt.de\/sari02\/wp-content\/uploads\/2017\/03\/10-04.jpg\" alt=\"#Freitags5\" height=\"1667\" width=\"2188\" srcset=\"https:\/\/www.heldenhaushalt.de\/sari02\/wp-content\/uploads\/2017\/03\/10-04.jpg 2188w, https:\/\/www.heldenhaushalt.de\/sari02\/wp-content\/uploads\/2017\/03\/10-04-300x229.jpg 300w, https:\/\/www.heldenhaushalt.de\/sari02\/wp-content\/uploads\/2017\/03\/10-04-768x585.jpg 768w, https:\/\/www.heldenhaushalt.de\/sari02\/wp-content\/uploads\/2017\/03\/10-04-1024x780.jpg 1024w, https:\/\/www.heldenhaushalt.de\/sari02\/wp-content\/uploads\/2017\/03\/10-04-600x457.jpg 600w, https:\/\/www.heldenhaushalt.de\/sari02\/wp-content\/uploads\/2017\/03\/10-04-1000x762.jpg 1000w\" sizes=\"auto, (max-width: 2188px) 100vw, 2188px\" \/><\/p>\n<p><strong>Meine Lieblings-Inspiration der Woche \u2013 <\/strong>Ganz klar <a href=\"https:\/\/mamaskind.de\/lifestyle\/kinder-beschaeftigung\/pokemon-party-deko-spiele-kuchen\/\" target=\"_blank\">Sarahs Geburtstagsplanung f&#252;r ihren Gro&#223;en<\/a>. Der feierte n&#228;mlich eine Pokemon &#8211; Geburtstag und noch steht aus, ob es auch bei uns dieses Jahr das Motto wird oder gar was anderes. Aber es kann ja nie schaden Inspirationen zu sammeln. Ebenfalls sehenswert war diese Woche Folgendes: <a href=\"http:\/\/titatoni.blogspot.de\/2017\/03\/diy-ostereier-aus-holz-zu-ostern.html\" target=\"_blank\">DIY Ostereier aus Holz<\/a> &#8211; <a href=\"http:\/\/www.puppenzimmer.com\/2017\/03\/diy-bunte-krauterstecker-fur-das.html\" target=\"_blank\">Bunte Kr&#228;uterstecker f&#252;r das Gartenbeet <\/a>&#8211; <a href=\"http:\/\/feiersun.de\/rezepte\/broetchen-5-schritte-fuer-schnell-sonntagsbroetchen\/\" target=\"_blank\">5 Schritte f&#252;r schnelle Sonntagsbr&#246;tchen<\/a> &#8211; <a href=\"http:\/\/www.papieraugen.de\/2017\/03\/kalenderblatt-marz-2017-freebie.html\" target=\"_blank\">Kalenderblatt M&#228;rz 2017<\/a><strong><br \/>\n<\/strong><\/p>\n<p style=\"text-align: center;\">***<\/p>\n<p>Tats&#228;chlich steht noch nichts auf dem Plan f&#252;r dieses Wochenende, so dass wir wohl vor allem wieder im Garten werkeln werden. Sonne w&#228;re toll und vielleicht ein bisschen Grillen? Mehr bildhafte R&#252;ckblicke gibt es auch heute wieder bei <a href=\"http:\/\/berlinmittemom.com\/2017\/03\/10\/5-freitagslieblinge-am-10-maerz-2017\/\" target=\"_blank\">BerlinMitteMom<\/a>.<\/p>\n<p><img loading=\"lazy\" decoding=\"async\" class=\" size-full wp-image-24841 alignright\" src=\"https:\/\/www.heldenhaushalt.de \/sari02\/wp-content\/uploads\/2015\/01\/sari-unter.jpg?resize=130%2C59\" alt=\"sari-unter\" data-attachment-id=\"24841\" data-permalink=\"http:\/\/www.heldenhaushalt.de\/sari02\/index.php\/2015\/01\/03\/sich-neu-erfinden\/sari-unter\/\" data-orig-file=\"http:\/\/www.heldenhaushalt.de\/sari02\/wp-content\/uploads\/2015\/01\/sari-unter.jpg\" data-orig-size=\"130,59\" data-comments-opened=\"1\" data-image-meta=\"{&quot;aperture&quot;:&quot;0&quot;,&quot;credit&quot;:&quot;&quot;,&quot;camera&quot;:&quot;&quot;,&quot;caption&quot;:&quot;&quot;,&quot;created_timestamp&quot;:&quot;0&quot;,&quot;copyright&quot;:&quot;&quot;,&quot;focal_length&quot;:&quot;0&quot;,&quot;iso&quot;:&quot;0&quot;,&quot;shutter_speed&quot;:&quot;0&quot;,&quot;title&quot;:&quot;&quot;,&quot;orientation&quot;:&quot;0&quot;}\" data-image-title=\"sari-unter\" data-image-description=\"\" data-medium-file=\"http:\/\/www.heldenhaushalt.de\/sari02\/wp-content\/uploads\/2015\/01\/sari-unter.jpg\" data-large-file=\"http:\/\/www.heldenhaushalt.de\/sari02\/wp-content\/uploads\/2015\/01\/sari-unter.jpg\" height=\"59\" width=\"130\"><\/p>\n","protected":false},"excerpt":{"rendered":"<p>Ich hatte es Montag schon angedeutet: Die Woche startete f&#252;r mich eher mau mit Fieber und starken Kopfschmerzen. Ich gebe dem Wetter &#252;brigens daf&#252;r die Schuld, so wechselhaft, wie es derzeit ist. Man m&#246;chte gar nicht dar&#252;ber nachdenken, wie es im April dann sein k&#246;nnte. Aber die Sonne hat sich dann und wann gezeigt und meist hat es vor allem nachts geregnet, so dass es ja dann doch einigerma&#223;en ging. Die Kopfschmerzen blieben die Woche &#252;ber, aber das Fieber war schnell besiegt. Nicht zuletzt dank der liebevollen Mithilfe meines gro&#223;en Jungen. *** Meine #Freitags5 #Freitagslieblinge &nbsp; &nbsp; Meine Lieblingslekt&#252;re der Woche \u2013 Es gab diese Woche in der Blogsph&#228;re anl&#228;sslich des Weltfrauentages unter dem Hashtag #MeinTagohnemich viele spannende Texte und Gedanken dazu zu lesen. Zum Beispiel bei Eva und auch bei Alu und Susanne. *** Mein Lieblingsessen der Woche \u2013&nbsp; Am Montag musste es einfach und schnell gehen. Da ich durch das Fieber nicht in der Lage war den Gro&#223;en rechtzeitig zum B&#252;chereiausflug in die Kita zu bringen, blieb er einfach bei mir und umsorgte mich. Aber zaubert mal Mittagessen, wenn eigentlich gar keines eingeplant war. Und so gab es kurzer Hand nach einer gef&#252;hlten Ewigkeit f&#252;r den Minihelden Kaiserschmarrn ohne Milch. Das Kind kam aus dem Schw&#228;rmen &#252;berhaupt nicht mehr heraus. *** Meinen Lieblingsmoment mit meinen Kindern \u2013 Stellt Euch vor, Ihr liegt im Bett. Total m&#252;de. Der Kopf brummt. Und pl&#246;tzlich sp&#252;rt ihr ein dickes Schmatzen auf Eurer Wange. Ihr m&#252;sst erstmal zu Euch kommen und realisieren, was da gerade passiert ist. Inzwischen ist zu dem Schmatzen ein Kichern dazu gekommen und zwei Kindern fl&#252;stern miteinander. Das eine versteht man gut, das andere ahmt vor allem nach. Und dann wird Dir klar, dass es deine Kinder sind, die dich morgens wach k&#252;ssen. Immer abwechselnd. Und du musst innerlich laut lachen vor Freude. Ansonsten hat sich der Gro&#223;e wirklich mehr als nur liebevoll um seine angeschlagene Mama gek&#252;mmert. Mir immer wieder Trinken gebracht, mir den Kopf gestreichelt und mir gesagt, wie lieb er mich hat und wie doof es ist, dass es mir nicht gut geht. Selbst der Kleine wollte scheinbar Hilfe anbieten, in dem er mir zeigte, wie toll er doch schon ohne mich mit L&#246;ffel essen kann. &#220;ber die vielen Flecken und Klecksen sieht man dann einfach mal hinweg. *** Meinen Lieblings-Mama-Moment nur f&#252;r mich \u2013 Sogar der Held nahm mir am Abend vieles ab, obwohl ich inzwischen wieder absolut Fieber frei und sogar relativ munter war. Er brachte beide Kinder ins Bett, bereitete alles f&#252;r die Nacht vor und ermahnte mich immer wieder einfach mal auf dem Sofa sitzen zu bleiben, so dass ich ganz banal meinen DS hervor holte und ein wenig Pokemons jagen konnte. Dabei fing ich ein Mimigma! Totaaaaaal s&#252;&#223; und ja, manchmal kann auch sowas zu einem Lieblingsmoment f&#252;r mich ganz alleine werden. Nun h&#228;tte ich gerne so ein Pokemon. Aber fix&#8230; Gegen Ende der Woche habe ich dann gebuddelt. Mal wieder im Garten vorne. Es hat mich so gewurmt, dass alles noch immer so chaotisch aussieht, dass ich zumindest die eine Seite eben gemacht habe. Bei der Gelegenheit habe ich dann doch schon mal ein bisschen Osterfeeling einziehen lassen. *** Meine Lieblings-Inspiration der Woche \u2013 Ganz klar Sarahs Geburtstagsplanung f&#252;r ihren Gro&#223;en. Der feierte n&#228;mlich eine Pokemon &#8211; Geburtstag und noch steht aus, ob es auch bei uns dieses Jahr das Motto wird oder gar was anderes. Aber es kann ja nie schaden Inspirationen zu sammeln. Ebenfalls sehenswert war diese Woche Folgendes: DIY Ostereier aus Holz &#8211; Bunte Kr&#228;uterstecker f&#252;r das Gartenbeet &#8211; 5 Schritte f&#252;r schnelle Sonntagsbr&#246;tchen &#8211; Kalenderblatt M&#228;rz 2017 *** Tats&#228;chlich steht noch nichts auf dem Plan f&#252;r dieses Wochenende, so dass wir wohl vor allem wieder im Garten werkeln werden. Sonne w&#228;re toll und vielleicht ein bisschen Grillen? Mehr bildhafte R&#252;ckblicke gibt es auch heute wieder bei BerlinMitteMom.<\/p>\n","protected":false},"author":1,"featured_media":32190,"comment_status":"open","ping_status":"open","sticky":false,"template":"","format":"standard","meta":{"ngg_post_thumbnail":0,"footnotes":""},"categories":[323,49],"tags":[780,781,45,81,855,199,1098,872],"class_list":["post-32181","post","type-post","status-publish","format-standard","has-post-thumbnail","hentry","category-alltag","category-blogspaehre","tag-freitags5","tag-freitagslieblinge","tag-alltag","tag-kinder","tag-krank","tag-rueckblick","tag-tag","tag-woche"],"yoast_head":"<!-- This site is optimized with the Yoast SEO plugin v27.4 - https:\/\/yoast.com\/product\/yoast-seo-wordpress\/ -->\n<title>#Freitags5 \u2013 5 Tage 5 Fotos im M\u00e4rz #02 - Heldenhaushalt<\/title>\n<meta name=\"description\" content=\"Das Fieber war schnell besiegt. Nicht zuletzt dank der liebevollen Mithilfe meines gro\u00dfen Jungen. *** Meine #Freitags5 #Freitagslieblinge\" \/>\n<meta name=\"robots\" content=\"index, follow, max-snippet:-1, max-image-preview:large, max-video-preview:-1\" \/>\n<link rel=\"canonical\" href=\"https:\/\/www.heldenhaushalt.de\/sari02\/index.php\/2017\/03\/10\/freitags5-5-tage-5-fotos-im-maerz-02\/\" \/>\n<meta property=\"og:locale\" content=\"de_DE\" \/>\n<meta property=\"og:type\" content=\"article\" \/>\n<meta property=\"og:title\" content=\"#Freitags5 \u2013 5 Tage 5 Fotos im M\u00e4rz #02 - Heldenhaushalt\" \/>\n<meta property=\"og:description\" content=\"Das Fieber war schnell besiegt. Nicht zuletzt dank der liebevollen Mithilfe meines gro\u00dfen Jungen. *** Meine #Freitags5 #Freitagslieblinge\" \/>\n<meta property=\"og:url\" content=\"https:\/\/www.heldenhaushalt.de\/sari02\/index.php\/2017\/03\/10\/freitags5-5-tage-5-fotos-im-maerz-02\/\" \/>\n<meta property=\"og:site_name\" content=\"Heldenhaushalt\" \/>\n<meta property=\"article:published_time\" content=\"2017-03-10T09:01:41+00:00\" \/>\n<meta property=\"article:modified_time\" content=\"2017-03-11T06:22:25+00:00\" \/>\n<meta property=\"og:image\" content=\"https:\/\/www.heldenhaushalt.de\/sari02\/wp-content\/uploads\/2017\/03\/10-02.jpg\" \/>\n\t<meta property=\"og:image:width\" content=\"800\" \/>\n\t<meta property=\"og:image:height\" content=\"800\" \/>\n\t<meta property=\"og:image:type\" content=\"image\/jpeg\" \/>\n<meta name=\"author\" content=\"Sari\" \/>\n<meta name=\"twitter:card\" content=\"summary_large_image\" \/>\n<meta name=\"twitter:creator\" content=\"@Heldenhaushalt\" \/>\n<meta name=\"twitter:site\" content=\"@Heldenhaushalt\" \/>\n<meta name=\"twitter:label1\" content=\"Verfasst von\" \/>\n\t<meta name=\"twitter:data1\" content=\"Sari\" \/>\n\t<meta name=\"twitter:label2\" content=\"Gesch\u00e4tzte Lesezeit\" \/>\n\t<meta name=\"twitter:data2\" content=\"3\u00a0Minuten\" \/>\n<script type=\"application\/ld+json\" class=\"yoast-schema-graph\">{\"@context\":\"https:\\\/\\\/schema.org\",\"@graph\":[{\"@type\":\"Article\",\"@id\":\"https:\\\/\\\/www.heldenhaushalt.de\\\/sari02\\\/index.php\\\/2017\\\/03\\\/10\\\/freitags5-5-tage-5-fotos-im-maerz-02\\\/#article\",\"isPartOf\":{\"@id\":\"https:\\\/\\\/www.heldenhaushalt.de\\\/sari02\\\/index.php\\\/2017\\\/03\\\/10\\\/freitags5-5-tage-5-fotos-im-maerz-02\\\/\"},\"author\":{\"name\":\"Sari\",\"@id\":\"https:\\\/\\\/www.heldenhaushalt.de\\\/sari02\\\/#\\\/schema\\\/person\\\/a1cc69f42a01f412eb62c151353814f6\"},\"headline\":\"#Freitags5 \u2013 5 Tage 5 Fotos im M&#228;rz #02\",\"datePublished\":\"2017-03-10T09:01:41+00:00\",\"dateModified\":\"2017-03-11T06:22:25+00:00\",\"mainEntityOfPage\":{\"@id\":\"https:\\\/\\\/www.heldenhaushalt.de\\\/sari02\\\/index.php\\\/2017\\\/03\\\/10\\\/freitags5-5-tage-5-fotos-im-maerz-02\\\/\"},\"wordCount\":675,\"commentCount\":0,\"publisher\":{\"@id\":\"https:\\\/\\\/www.heldenhaushalt.de\\\/sari02\\\/#\\\/schema\\\/person\\\/a1cc69f42a01f412eb62c151353814f6\"},\"image\":{\"@id\":\"https:\\\/\\\/www.heldenhaushalt.de\\\/sari02\\\/index.php\\\/2017\\\/03\\\/10\\\/freitags5-5-tage-5-fotos-im-maerz-02\\\/#primaryimage\"},\"thumbnailUrl\":\"https:\\\/\\\/www.heldenhaushalt.de\\\/sari02\\\/wp-content\\\/uploads\\\/2017\\\/03\\\/10-02.jpg\",\"keywords\":[\"#Freitags5\",\"#Freitagslieblinge\",\"Allt\u00e4glich\",\"Kinder\",\"Krank\",\"R\u00fcckblick\",\"Tag\",\"Woche\"],\"articleSection\":[\"Alltagschaos\",\"Blogsph\u00e4re\"],\"inLanguage\":\"de\",\"potentialAction\":[{\"@type\":\"CommentAction\",\"name\":\"Comment\",\"target\":[\"https:\\\/\\\/www.heldenhaushalt.de\\\/sari02\\\/index.php\\\/2017\\\/03\\\/10\\\/freitags5-5-tage-5-fotos-im-maerz-02\\\/#respond\"]}]},{\"@type\":\"WebPage\",\"@id\":\"https:\\\/\\\/www.heldenhaushalt.de\\\/sari02\\\/index.php\\\/2017\\\/03\\\/10\\\/freitags5-5-tage-5-fotos-im-maerz-02\\\/\",\"url\":\"https:\\\/\\\/www.heldenhaushalt.de\\\/sari02\\\/index.php\\\/2017\\\/03\\\/10\\\/freitags5-5-tage-5-fotos-im-maerz-02\\\/\",\"name\":\"#Freitags5 \u2013 5 Tage 5 Fotos im M\u00e4rz #02 - Heldenhaushalt\",\"isPartOf\":{\"@id\":\"https:\\\/\\\/www.heldenhaushalt.de\\\/sari02\\\/#website\"},\"primaryImageOfPage\":{\"@id\":\"https:\\\/\\\/www.heldenhaushalt.de\\\/sari02\\\/index.php\\\/2017\\\/03\\\/10\\\/freitags5-5-tage-5-fotos-im-maerz-02\\\/#primaryimage\"},\"image\":{\"@id\":\"https:\\\/\\\/www.heldenhaushalt.de\\\/sari02\\\/index.php\\\/2017\\\/03\\\/10\\\/freitags5-5-tage-5-fotos-im-maerz-02\\\/#primaryimage\"},\"thumbnailUrl\":\"https:\\\/\\\/www.heldenhaushalt.de\\\/sari02\\\/wp-content\\\/uploads\\\/2017\\\/03\\\/10-02.jpg\",\"datePublished\":\"2017-03-10T09:01:41+00:00\",\"dateModified\":\"2017-03-11T06:22:25+00:00\",\"description\":\"Das Fieber war schnell besiegt. Nicht zuletzt dank der liebevollen Mithilfe meines gro\u00dfen Jungen. *** Meine #Freitags5 #Freitagslieblinge\",\"breadcrumb\":{\"@id\":\"https:\\\/\\\/www.heldenhaushalt.de\\\/sari02\\\/index.php\\\/2017\\\/03\\\/10\\\/freitags5-5-tage-5-fotos-im-maerz-02\\\/#breadcrumb\"},\"inLanguage\":\"de\",\"potentialAction\":[{\"@type\":\"ReadAction\",\"target\":[\"https:\\\/\\\/www.heldenhaushalt.de\\\/sari02\\\/index.php\\\/2017\\\/03\\\/10\\\/freitags5-5-tage-5-fotos-im-maerz-02\\\/\"]}]},{\"@type\":\"ImageObject\",\"inLanguage\":\"de\",\"@id\":\"https:\\\/\\\/www.heldenhaushalt.de\\\/sari02\\\/index.php\\\/2017\\\/03\\\/10\\\/freitags5-5-tage-5-fotos-im-maerz-02\\\/#primaryimage\",\"url\":\"https:\\\/\\\/www.heldenhaushalt.de\\\/sari02\\\/wp-content\\\/uploads\\\/2017\\\/03\\\/10-02.jpg\",\"contentUrl\":\"https:\\\/\\\/www.heldenhaushalt.de\\\/sari02\\\/wp-content\\\/uploads\\\/2017\\\/03\\\/10-02.jpg\",\"width\":800,\"height\":800,\"caption\":\"#Freitags5\"},{\"@type\":\"BreadcrumbList\",\"@id\":\"https:\\\/\\\/www.heldenhaushalt.de\\\/sari02\\\/index.php\\\/2017\\\/03\\\/10\\\/freitags5-5-tage-5-fotos-im-maerz-02\\\/#breadcrumb\",\"itemListElement\":[{\"@type\":\"ListItem\",\"position\":1,\"name\":\"Startseite\",\"item\":\"https:\\\/\\\/www.heldenhaushalt.de\\\/sari02\\\/\"},{\"@type\":\"ListItem\",\"position\":2,\"name\":\"#Freitags5 \u2013 5 Tage 5 Fotos im M&#228;rz #02\"}]},{\"@type\":\"WebSite\",\"@id\":\"https:\\\/\\\/www.heldenhaushalt.de\\\/sari02\\\/#website\",\"url\":\"https:\\\/\\\/www.heldenhaushalt.de\\\/sari02\\\/\",\"name\":\"Heldenhaushalt\",\"description\":\"Wer es ordentlich haben will, der muss vorher anrufen\",\"publisher\":{\"@id\":\"https:\\\/\\\/www.heldenhaushalt.de\\\/sari02\\\/#\\\/schema\\\/person\\\/a1cc69f42a01f412eb62c151353814f6\"},\"potentialAction\":[{\"@type\":\"SearchAction\",\"target\":{\"@type\":\"EntryPoint\",\"urlTemplate\":\"https:\\\/\\\/www.heldenhaushalt.de\\\/sari02\\\/?s={search_term_string}\"},\"query-input\":{\"@type\":\"PropertyValueSpecification\",\"valueRequired\":true,\"valueName\":\"search_term_string\"}}],\"inLanguage\":\"de\"},{\"@type\":[\"Person\",\"Organization\"],\"@id\":\"https:\\\/\\\/www.heldenhaushalt.de\\\/sari02\\\/#\\\/schema\\\/person\\\/a1cc69f42a01f412eb62c151353814f6\",\"name\":\"Sari\",\"image\":{\"@type\":\"ImageObject\",\"inLanguage\":\"de\",\"@id\":\"https:\\\/\\\/www.heldenhaushalt.de\\\/sari02\\\/wp-content\\\/uploads\\\/2019\\\/02\\\/sari-april2018.png\",\"url\":\"https:\\\/\\\/www.heldenhaushalt.de\\\/sari02\\\/wp-content\\\/uploads\\\/2019\\\/02\\\/sari-april2018.png\",\"contentUrl\":\"https:\\\/\\\/www.heldenhaushalt.de\\\/sari02\\\/wp-content\\\/uploads\\\/2019\\\/02\\\/sari-april2018.png\",\"width\":500,\"height\":500,\"caption\":\"Sari\"},\"logo\":{\"@id\":\"https:\\\/\\\/www.heldenhaushalt.de\\\/sari02\\\/wp-content\\\/uploads\\\/2019\\\/02\\\/sari-april2018.png\"},\"description\":\"Frau Mondgras \u2013 Das bin ich, Sari. Gerne auch als Sari Mondgras bekannt und im Internet zu finden. 2-Fach-Mutter, Heldenehefrau, Kreativling, Harmonies\u00fcchtig und st\u00e4ndig auf der Suche nach Gl\u00fcck. Ich komme aus Berlin, bin hier aufgewachsen und lebe hier seit ich denken kann.\",\"sameAs\":[\"https:\\\/\\\/www.instagram.com\\\/heldenhaushalt\\\/\"],\"url\":\"https:\\\/\\\/www.heldenhaushalt.de\\\/sari02\\\/index.php\\\/author\\\/admin\\\/\"}]}<\/script>\n<!-- \/ Yoast SEO plugin. -->","yoast_head_json":{"title":"#Freitags5 \u2013 5 Tage 5 Fotos im M\u00e4rz #02 - Heldenhaushalt","description":"Das Fieber war schnell besiegt. Nicht zuletzt dank der liebevollen Mithilfe meines gro\u00dfen Jungen. *** Meine #Freitags5 #Freitagslieblinge","robots":{"index":"index","follow":"follow","max-snippet":"max-snippet:-1","max-image-preview":"max-image-preview:large","max-video-preview":"max-video-preview:-1"},"canonical":"https:\/\/www.heldenhaushalt.de\/sari02\/index.php\/2017\/03\/10\/freitags5-5-tage-5-fotos-im-maerz-02\/","og_locale":"de_DE","og_type":"article","og_title":"#Freitags5 \u2013 5 Tage 5 Fotos im M\u00e4rz #02 - Heldenhaushalt","og_description":"Das Fieber war schnell besiegt. Nicht zuletzt dank der liebevollen Mithilfe meines gro\u00dfen Jungen. *** Meine #Freitags5 #Freitagslieblinge","og_url":"https:\/\/www.heldenhaushalt.de\/sari02\/index.php\/2017\/03\/10\/freitags5-5-tage-5-fotos-im-maerz-02\/","og_site_name":"Heldenhaushalt","article_published_time":"2017-03-10T09:01:41+00:00","article_modified_time":"2017-03-11T06:22:25+00:00","og_image":[{"width":800,"height":800,"url":"https:\/\/www.heldenhaushalt.de\/sari02\/wp-content\/uploads\/2017\/03\/10-02.jpg","type":"image\/jpeg"}],"author":"Sari","twitter_card":"summary_large_image","twitter_creator":"@Heldenhaushalt","twitter_site":"@Heldenhaushalt","twitter_misc":{"Verfasst von":"Sari","Gesch\u00e4tzte Lesezeit":"3\u00a0Minuten"},"schema":{"@context":"https:\/\/schema.org","@graph":[{"@type":"Article","@id":"https:\/\/www.heldenhaushalt.de\/sari02\/index.php\/2017\/03\/10\/freitags5-5-tage-5-fotos-im-maerz-02\/#article","isPartOf":{"@id":"https:\/\/www.heldenhaushalt.de\/sari02\/index.php\/2017\/03\/10\/freitags5-5-tage-5-fotos-im-maerz-02\/"},"author":{"name":"Sari","@id":"https:\/\/www.heldenhaushalt.de\/sari02\/#\/schema\/person\/a1cc69f42a01f412eb62c151353814f6"},"headline":"#Freitags5 \u2013 5 Tage 5 Fotos im M&#228;rz #02","datePublished":"2017-03-10T09:01:41+00:00","dateModified":"2017-03-11T06:22:25+00:00","mainEntityOfPage":{"@id":"https:\/\/www.heldenhaushalt.de\/sari02\/index.php\/2017\/03\/10\/freitags5-5-tage-5-fotos-im-maerz-02\/"},"wordCount":675,"commentCount":0,"publisher":{"@id":"https:\/\/www.heldenhaushalt.de\/sari02\/#\/schema\/person\/a1cc69f42a01f412eb62c151353814f6"},"image":{"@id":"https:\/\/www.heldenhaushalt.de\/sari02\/index.php\/2017\/03\/10\/freitags5-5-tage-5-fotos-im-maerz-02\/#primaryimage"},"thumbnailUrl":"https:\/\/www.heldenhaushalt.de\/sari02\/wp-content\/uploads\/2017\/03\/10-02.jpg","keywords":["#Freitags5","#Freitagslieblinge","Allt\u00e4glich","Kinder","Krank","R\u00fcckblick","Tag","Woche"],"articleSection":["Alltagschaos","Blogsph\u00e4re"],"inLanguage":"de","potentialAction":[{"@type":"CommentAction","name":"Comment","target":["https:\/\/www.heldenhaushalt.de\/sari02\/index.php\/2017\/03\/10\/freitags5-5-tage-5-fotos-im-maerz-02\/#respond"]}]},{"@type":"WebPage","@id":"https:\/\/www.heldenhaushalt.de\/sari02\/index.php\/2017\/03\/10\/freitags5-5-tage-5-fotos-im-maerz-02\/","url":"https:\/\/www.heldenhaushalt.de\/sari02\/index.php\/2017\/03\/10\/freitags5-5-tage-5-fotos-im-maerz-02\/","name":"#Freitags5 \u2013 5 Tage 5 Fotos im M\u00e4rz #02 - Heldenhaushalt","isPartOf":{"@id":"https:\/\/www.heldenhaushalt.de\/sari02\/#website"},"primaryImageOfPage":{"@id":"https:\/\/www.heldenhaushalt.de\/sari02\/index.php\/2017\/03\/10\/freitags5-5-tage-5-fotos-im-maerz-02\/#primaryimage"},"image":{"@id":"https:\/\/www.heldenhaushalt.de\/sari02\/index.php\/2017\/03\/10\/freitags5-5-tage-5-fotos-im-maerz-02\/#primaryimage"},"thumbnailUrl":"https:\/\/www.heldenhaushalt.de\/sari02\/wp-content\/uploads\/2017\/03\/10-02.jpg","datePublished":"2017-03-10T09:01:41+00:00","dateModified":"2017-03-11T06:22:25+00:00","description":"Das Fieber war schnell besiegt. Nicht zuletzt dank der liebevollen Mithilfe meines gro\u00dfen Jungen. *** Meine #Freitags5 #Freitagslieblinge","breadcrumb":{"@id":"https:\/\/www.heldenhaushalt.de\/sari02\/index.php\/2017\/03\/10\/freitags5-5-tage-5-fotos-im-maerz-02\/#breadcrumb"},"inLanguage":"de","potentialAction":[{"@type":"ReadAction","target":["https:\/\/www.heldenhaushalt.de\/sari02\/index.php\/2017\/03\/10\/freitags5-5-tage-5-fotos-im-maerz-02\/"]}]},{"@type":"ImageObject","inLanguage":"de","@id":"https:\/\/www.heldenhaushalt.de\/sari02\/index.php\/2017\/03\/10\/freitags5-5-tage-5-fotos-im-maerz-02\/#primaryimage","url":"https:\/\/www.heldenhaushalt.de\/sari02\/wp-content\/uploads\/2017\/03\/10-02.jpg","contentUrl":"https:\/\/www.heldenhaushalt.de\/sari02\/wp-content\/uploads\/2017\/03\/10-02.jpg","width":800,"height":800,"caption":"#Freitags5"},{"@type":"BreadcrumbList","@id":"https:\/\/www.heldenhaushalt.de\/sari02\/index.php\/2017\/03\/10\/freitags5-5-tage-5-fotos-im-maerz-02\/#breadcrumb","itemListElement":[{"@type":"ListItem","position":1,"name":"Startseite","item":"https:\/\/www.heldenhaushalt.de\/sari02\/"},{"@type":"ListItem","position":2,"name":"#Freitags5 \u2013 5 Tage 5 Fotos im M&#228;rz #02"}]},{"@type":"WebSite","@id":"https:\/\/www.heldenhaushalt.de\/sari02\/#website","url":"https:\/\/www.heldenhaushalt.de\/sari02\/","name":"Heldenhaushalt","description":"Wer es ordentlich haben will, der muss vorher anrufen","publisher":{"@id":"https:\/\/www.heldenhaushalt.de\/sari02\/#\/schema\/person\/a1cc69f42a01f412eb62c151353814f6"},"potentialAction":[{"@type":"SearchAction","target":{"@type":"EntryPoint","urlTemplate":"https:\/\/www.heldenhaushalt.de\/sari02\/?s={search_term_string}"},"query-input":{"@type":"PropertyValueSpecification","valueRequired":true,"valueName":"search_term_string"}}],"inLanguage":"de"},{"@type":["Person","Organization"],"@id":"https:\/\/www.heldenhaushalt.de\/sari02\/#\/schema\/person\/a1cc69f42a01f412eb62c151353814f6","name":"Sari","image":{"@type":"ImageObject","inLanguage":"de","@id":"https:\/\/www.heldenhaushalt.de\/sari02\/wp-content\/uploads\/2019\/02\/sari-april2018.png","url":"https:\/\/www.heldenhaushalt.de\/sari02\/wp-content\/uploads\/2019\/02\/sari-april2018.png","contentUrl":"https:\/\/www.heldenhaushalt.de\/sari02\/wp-content\/uploads\/2019\/02\/sari-april2018.png","width":500,"height":500,"caption":"Sari"},"logo":{"@id":"https:\/\/www.heldenhaushalt.de\/sari02\/wp-content\/uploads\/2019\/02\/sari-april2018.png"},"description":"Frau Mondgras \u2013 Das bin ich, Sari. Gerne auch als Sari Mondgras bekannt und im Internet zu finden. 2-Fach-Mutter, Heldenehefrau, Kreativling, Harmonies\u00fcchtig und st\u00e4ndig auf der Suche nach Gl\u00fcck. Ich komme aus Berlin, bin hier aufgewachsen und lebe hier seit ich denken kann.","sameAs":["https:\/\/www.instagram.com\/heldenhaushalt\/"],"url":"https:\/\/www.heldenhaushalt.de\/sari02\/index.php\/author\/admin\/"}]}},"views":4357,"_links":{"self":[{"href":"https:\/\/www.heldenhaushalt.de\/sari02\/index.php\/wp-json\/wp\/v2\/posts\/32181","targetHints":{"allow":["GET"]}}],"collection":[{"href":"https:\/\/www.heldenhaushalt.de\/sari02\/index.php\/wp-json\/wp\/v2\/posts"}],"about":[{"href":"https:\/\/www.heldenhaushalt.de\/sari02\/index.php\/wp-json\/wp\/v2\/types\/post"}],"author":[{"embeddable":true,"href":"https:\/\/www.heldenhaushalt.de\/sari02\/index.php\/wp-json\/wp\/v2\/users\/1"}],"replies":[{"embeddable":true,"href":"https:\/\/www.heldenhaushalt.de\/sari02\/index.php\/wp-json\/wp\/v2\/comments?post=32181"}],"version-history":[{"count":4,"href":"https:\/\/www.heldenhaushalt.de\/sari02\/index.php\/wp-json\/wp\/v2\/posts\/32181\/revisions"}],"predecessor-version":[{"id":32200,"href":"https:\/\/www.heldenhaushalt.de\/sari02\/index.php\/wp-json\/wp\/v2\/posts\/32181\/revisions\/32200"}],"wp:featuredmedia":[{"embeddable":true,"href":"https:\/\/www.heldenhaushalt.de\/sari02\/index.php\/wp-json\/wp\/v2\/media\/32190"}],"wp:attachment":[{"href":"https:\/\/www.heldenhaushalt.de\/sari02\/index.php\/wp-json\/wp\/v2\/media?parent=32181"}],"wp:term":[{"taxonomy":"category","embeddable":true,"href":"https:\/\/www.heldenhaushalt.de\/sari02\/index.php\/wp-json\/wp\/v2\/categories?post=32181"},{"taxonomy":"post_tag","embeddable":true,"href":"https:\/\/www.heldenhaushalt.de\/sari02\/index.php\/wp-json\/wp\/v2\/tags?post=32181"}],"curies":[{"name":"wp","href":"https:\/\/api.w.org\/{rel}","templated":true}]}}