{"id":32292,"date":"2017-03-24T11:00:58","date_gmt":"2017-03-24T10:00:58","guid":{"rendered":"http:\/\/www.heldenhaushalt.de\/sari02\/?p=32292"},"modified":"2017-03-24T11:18:52","modified_gmt":"2017-03-24T10:18:52","slug":"freitags5-5-tage-5-fotos-im-maerz-04","status":"publish","type":"post","link":"https:\/\/www.heldenhaushalt.de\/sari02\/index.php\/2017\/03\/24\/freitags5-5-tage-5-fotos-im-maerz-04\/","title":{"rendered":"#Freitags5 \u2013 5 Tage 5 Fotos im M&#228;rz #04"},"content":{"rendered":"<p>Hinter uns liegen ein paar relativ entspannte Tage. Mit den Kindern l&#228;uft es aktuell auch wieder deutlich ruhiger, auch wenn der Kleine zwar mittags gut, daf&#252;r abends aber eher nur so semi gut einschl&#228;ft. Es gab spontane Momente und geplante, die dann anders liefen als gedacht&#8230;<\/p>\n<p style=\"text-align: center;\">***<\/p>\n<h2>Meine #Freitags5 #Freitagslieblinge<\/h2>\n<p>&nbsp; <img loading=\"lazy\" decoding=\"async\" class=\"aligncenter size-full wp-image-32307\" src=\"http:\/\/www.heldenhaushalt.de\/sari02\/wp-content\/uploads\/2017\/03\/12-03.png\" alt=\"#Freitags5\" width=\"800\" height=\"800\" srcset=\"https:\/\/www.heldenhaushalt.de\/sari02\/wp-content\/uploads\/2017\/03\/12-03.png 800w, https:\/\/www.heldenhaushalt.de\/sari02\/wp-content\/uploads\/2017\/03\/12-03-150x150.png 150w, https:\/\/www.heldenhaushalt.de\/sari02\/wp-content\/uploads\/2017\/03\/12-03-300x300.png 300w, https:\/\/www.heldenhaushalt.de\/sari02\/wp-content\/uploads\/2017\/03\/12-03-768x768.png 768w, https:\/\/www.heldenhaushalt.de\/sari02\/wp-content\/uploads\/2017\/03\/12-03-600x600.png 600w, https:\/\/www.heldenhaushalt.de\/sari02\/wp-content\/uploads\/2017\/03\/12-03-660x660.png 660w, https:\/\/www.heldenhaushalt.de\/sari02\/wp-content\/uploads\/2017\/03\/12-03-373x373.png 373w\" sizes=\"auto, (max-width: 800px) 100vw, 800px\" \/>&nbsp;<\/p>\n<p><strong>Meine Lieblingslekt&#252;re der Woche \u2013<\/strong> Ich musste sehr lachen &#252;ber <a href=\"https:\/\/kindkuechechaos.com\/2017\/03\/19\/spielplatzmama-die\" target=\"_blank\">den Artikel bei Kind | K&#252;che | Chaos<\/a> diese Woche. Ich f&#252;hlte mich dabei ein wenig an meinen Artikel von letzter Woche erinnert, in dem ich Euch erz&#228;hlte, dass ich Probleme habe mich oft in solchen Gelegenheiten anderen gegen&#252;ber zu &#246;ffnen. Die Spielplatzmutter aber mal aus so einer witzigen Perspektive vorgestellt zu bekommen, macht das Ganze direkt charmanter. Direkt eine Leseempfehlung!<strong><br \/>\n<\/strong><\/p>\n<p style=\"text-align: center;\">***<\/p>\n<p><img loading=\"lazy\" decoding=\"async\" class=\"aligncenter size-full wp-image-32306\" src=\"http:\/\/www.heldenhaushalt.de\/sari02\/wp-content\/uploads\/2017\/03\/12-02.jpg\" alt=\"#Freitags5\" width=\"800\" height=\"800\" srcset=\"https:\/\/www.heldenhaushalt.de\/sari02\/wp-content\/uploads\/2017\/03\/12-02.jpg 800w, https:\/\/www.heldenhaushalt.de\/sari02\/wp-content\/uploads\/2017\/03\/12-02-150x150.jpg 150w, https:\/\/www.heldenhaushalt.de\/sari02\/wp-content\/uploads\/2017\/03\/12-02-300x300.jpg 300w, https:\/\/www.heldenhaushalt.de\/sari02\/wp-content\/uploads\/2017\/03\/12-02-768x768.jpg 768w, https:\/\/www.heldenhaushalt.de\/sari02\/wp-content\/uploads\/2017\/03\/12-02-600x600.jpg 600w, https:\/\/www.heldenhaushalt.de\/sari02\/wp-content\/uploads\/2017\/03\/12-02-660x660.jpg 660w, https:\/\/www.heldenhaushalt.de\/sari02\/wp-content\/uploads\/2017\/03\/12-02-373x373.jpg 373w\" sizes=\"auto, (max-width: 800px) 100vw, 800px\" \/><\/p>\n<p><strong>Mein Lieblingsessen der Woche \u2013&nbsp;<\/strong> Ich nehme es mir immer wieder vor. Mehr Obst. Inzwischen bekommt man ja auch viel besser Erdbeeren, da f&#228;llt das nicht so schwer. Dennoch&#8230;mehr, mehr davon. Daneben k&#246;nnte ich mir auch wieder ein Ofenbrot (soooo lecker) und Backfisch. Gibt es viel zu selten, finde ich.<strong><br \/>\n<\/strong><\/p>\n<p style=\"text-align: center;\">***<\/p>\n<p><img loading=\"lazy\" decoding=\"async\" class=\"aligncenter size-full wp-image-32305\" src=\"http:\/\/www.heldenhaushalt.de\/sari02\/wp-content\/uploads\/2017\/03\/12-01.jpg\" alt=\"#Freitags5\" width=\"800\" height=\"800\" srcset=\"https:\/\/www.heldenhaushalt.de\/sari02\/wp-content\/uploads\/2017\/03\/12-01.jpg 800w, https:\/\/www.heldenhaushalt.de\/sari02\/wp-content\/uploads\/2017\/03\/12-01-150x150.jpg 150w, https:\/\/www.heldenhaushalt.de\/sari02\/wp-content\/uploads\/2017\/03\/12-01-300x300.jpg 300w, https:\/\/www.heldenhaushalt.de\/sari02\/wp-content\/uploads\/2017\/03\/12-01-768x768.jpg 768w, https:\/\/www.heldenhaushalt.de\/sari02\/wp-content\/uploads\/2017\/03\/12-01-600x600.jpg 600w, https:\/\/www.heldenhaushalt.de\/sari02\/wp-content\/uploads\/2017\/03\/12-01-660x660.jpg 660w, https:\/\/www.heldenhaushalt.de\/sari02\/wp-content\/uploads\/2017\/03\/12-01-373x373.jpg 373w\" sizes=\"auto, (max-width: 800px) 100vw, 800px\" \/><\/p>\n<p><strong>Meinen Lieblingsmoment mit meinen Kindern<\/strong> \u2013 Es gab viele sch&#246;ne Momente diese Woche. Das Heldenkind malte sein erstes richtiges Bild. Der Gro&#223;e hatte spontan Besuch und fand es ganz toll. So toll, dass er direkt 3 Tage sp&#228;ter den Gegenbesuch antrat und das ganz ohne Probleme. Das hat uns schon ein bisschen stolz gemacht. Er hat zudem diese Woche Dank des Mannes von der N&#228;hfreundin, eine Liebe zu Papierfliegern entdeckt, so dass wir wohl n&#228;chste Woche endlich mal wieder in die B&#252;cherei gehen wollen. Auch der Ausflug zum Spielplatz war sch&#246;n und je &#246;fter sich die Sonne blicken l&#228;sst, desto ausgeglichener wirken die Kinder irgendwie.<\/p>\n<p style=\"text-align: center;\">***<\/p>\n<p><img loading=\"lazy\" decoding=\"async\" class=\"aligncenter size-full wp-image-32308\" src=\"http:\/\/www.heldenhaushalt.de\/sari02\/wp-content\/uploads\/2017\/03\/12-04.jpg\" alt=\"#Freitags5\" width=\"800\" height=\"800\" srcset=\"https:\/\/www.heldenhaushalt.de\/sari02\/wp-content\/uploads\/2017\/03\/12-04.jpg 800w, https:\/\/www.heldenhaushalt.de\/sari02\/wp-content\/uploads\/2017\/03\/12-04-150x150.jpg 150w, https:\/\/www.heldenhaushalt.de\/sari02\/wp-content\/uploads\/2017\/03\/12-04-300x300.jpg 300w, https:\/\/www.heldenhaushalt.de\/sari02\/wp-content\/uploads\/2017\/03\/12-04-768x768.jpg 768w, https:\/\/www.heldenhaushalt.de\/sari02\/wp-content\/uploads\/2017\/03\/12-04-600x600.jpg 600w, https:\/\/www.heldenhaushalt.de\/sari02\/wp-content\/uploads\/2017\/03\/12-04-660x660.jpg 660w, https:\/\/www.heldenhaushalt.de\/sari02\/wp-content\/uploads\/2017\/03\/12-04-373x373.jpg 373w\" sizes=\"auto, (max-width: 800px) 100vw, 800px\" \/><\/p>\n<p><strong>Meinen Lieblings-Mama-Moment nur f&#252;r mich<\/strong> \u2013 Ich k&#246;nnte mir tats&#228;chlich mal ein paar kleine Mama &#8211; Momente. An 4 Tagen lie&#223; ich W&#228;sche w&#228;hrend des Mittagsschlafes einfach mal W&#228;sche sein und bereitete satt dessen Schnittmuster vor, schnitt sie dann auch noch zu und n&#228;hte alles in einem N&#228;hmarathon zusammen. Die Ergebnisse zeige ich Euch mal demn&#228;chst. Ich hatte einen Anti &#8211; Bad &#8211; Hair &#8211; Day und f&#252;hlte mich mal richtig wohl in meiner Haut. Der Schock dann am n&#228;chsten Tag. Ich g&#246;nnte mir endlich mal wieder einen Friseur &#8211; Besuch und die Dame war so schockiert davon, wie ausged&#252;nnt mein Haar war und auch trocken und d&#252;nn in den Spitzen, dass sie einen ziemlich radikalen Schnitt vollzog. Meine liebevoll gez&#252;chteten Haare weg *sniff*. Und ich war so gl&#252;cklich, dass ich endlich Flechtfrisuren machen konnte. Nun ja. Geduld ist eine Tugend, nicht wahr. Ein bisschen Eisen, etwas Haarpflege und im Sommer sind sie dann vielleicht kr&#228;ftiger. Aber etwas traurig bin ich schon&#8230;<\/p>\n<p style=\"text-align: center;\">***<\/p>\n<p><img loading=\"lazy\" decoding=\"async\" class=\"aligncenter size-full wp-image-32309\" src=\"http:\/\/www.heldenhaushalt.de\/sari02\/wp-content\/uploads\/2017\/03\/12-05.jpg\" alt=\"#Freitags5\" width=\"800\" height=\"670\" srcset=\"https:\/\/www.heldenhaushalt.de\/sari02\/wp-content\/uploads\/2017\/03\/12-05.jpg 800w, https:\/\/www.heldenhaushalt.de\/sari02\/wp-content\/uploads\/2017\/03\/12-05-300x251.jpg 300w, https:\/\/www.heldenhaushalt.de\/sari02\/wp-content\/uploads\/2017\/03\/12-05-768x643.jpg 768w, https:\/\/www.heldenhaushalt.de\/sari02\/wp-content\/uploads\/2017\/03\/12-05-600x503.jpg 600w\" sizes=\"auto, (max-width: 800px) 100vw, 800px\" \/><\/p>\n<p><strong>Meine Lieblings-Inspiration der Woche \u2013 <\/strong>Diese Woche habe ich wieder ein bisschen mehr zu bieten. Pinterest scheint ja aktuell wieder in aller Munde zu sein, so dass aus allen Ecken und Winkeln sch&#246;ne Ideen und Anregungen kommen. Diese Woche habe ich dann auch wieder mehr sch&#246;ne Links f&#252;r Euch: <a href=\"http:\/\/diekleinebotin.at\/2017\/03\/23\/pompoese-diy-osterkarten-mit-pompomclip-freebie-zum-download\/\" target=\"_blank\">Osterkarten mit Pompom &#8211; Clip<\/a> &#8211; <a href=\"https:\/\/sockenbergen.wordpress.com\/2017\/03\/21\/diy-kniekissen-fuer-den-garten\/\" target=\"_blank\">DIY Kniekissen f&#252;r den Garten <\/a>&#8211; <a href=\"http:\/\/ichundduunddu.de\/mach-mal-raetsel-fuer-kinder-free-printable\/?utm_source=bloglovin.com&amp;utm_medium=feed&amp;utm_campaign=Feed%3A+ichundduunddu%2FsPTe+%28Ich+und+Du.+Und+Du.%29\" target=\"_blank\">Mach Mal R&#228;tsel f&#252;r Kinder<\/a> &#8211; <a href=\"http:\/\/raumdinge.blogspot.de\/2017\/03\/diy-schultute-fur-kleine-tierfreunde.html\" target=\"_blank\">Schult&#252;te f&#252;r kleine Tierfreunde<\/a> &#8211; <a href=\"https:\/\/diejungsmamas.wordpress.com\/2017\/03\/16\/diy-ein-heldenkissen-fuer-den-mini-held\/\" target=\"_blank\">Ein Heldenkissen f&#252;r den Mini &#8211; Held<\/a> &#8211; <a href=\"http:\/\/alovelyjourney.com\/2017\/03\/diy-easy-peasy-osterdekoration.html\" target=\"_blank\">8 x Easy Peasy Osterdekoration<\/a> &#8211; <a href=\"http:\/\/diekleinebotin.at\/2017\/03\/17\/schokobanane-5-minuten-snack\/\" target=\"_blank\">Schokobanane 5 Moniten Snack<\/a> &#8211; <a href=\"https:\/\/geborgen-wachsen.de\/2017\/03\/18\/ein-teig-zwei-osterideen\/\" target=\"_blank\">Ein Teig zwei Osterideen<\/a> <strong><br \/>\n<\/strong><\/p>\n<p style=\"text-align: center;\">***<\/p>\n<p>Morgen sind wir mal nur Zuschauer, wollen Grillen und wer wei&#223; was noch. Au&#223;erdem erwarten wir am Wochenende Kuchenbesuch. Mehr bildhafte R&#252;ckblicke gibt es auch heute wieder bei <a href=\"http:\/\/berlinmittemom.com\/\" target=\"_blank\">BerlinMitteMom<\/a>.<\/p>\n<p><img loading=\"lazy\" decoding=\"async\" class=\" size-full wp-image-24841 alignright\" src=\"https:\/\/www.heldenhaushalt.de \/sari02\/wp-content\/uploads\/2015\/01\/sari-unter.jpg?resize=130%2C59\" alt=\"sari-unter\" data-attachment-id=\"24841\" data-permalink=\"http:\/\/www.heldenhaushalt.de\/sari02\/index.php\/2015\/01\/03\/sich-neu-erfinden\/sari-unter\/\" data-orig-file=\"http:\/\/www.heldenhaushalt.de\/sari02\/wp-content\/uploads\/2015\/01\/sari-unter.jpg\" data-orig-size=\"130,59\" data-comments-opened=\"1\" data-image-meta=\"{&quot;aperture&quot;:&quot;0&quot;,&quot;credit&quot;:&quot;&quot;,&quot;camera&quot;:&quot;&quot;,&quot;caption&quot;:&quot;&quot;,&quot;created_timestamp&quot;:&quot;0&quot;,&quot;copyright&quot;:&quot;&quot;,&quot;focal_length&quot;:&quot;0&quot;,&quot;iso&quot;:&quot;0&quot;,&quot;shutter_speed&quot;:&quot;0&quot;,&quot;title&quot;:&quot;&quot;,&quot;orientation&quot;:&quot;0&quot;}\" data-image-title=\"sari-unter\" data-image-description=\"\" data-medium-file=\"http:\/\/www.heldenhaushalt.de\/sari02\/wp-content\/uploads\/2015\/01\/sari-unter.jpg\" data-large-file=\"http:\/\/www.heldenhaushalt.de\/sari02\/wp-content\/uploads\/2015\/01\/sari-unter.jpg\" width=\"130\" height=\"59\"><\/p>\n","protected":false},"excerpt":{"rendered":"<p>Hinter uns liegen ein paar relativ entspannte Tage. Mit den Kindern l&#228;uft es aktuell auch wieder deutlich ruhiger, auch wenn der Kleine zwar mittags gut, daf&#252;r abends aber eher nur so semi gut einschl&#228;ft. Es gab spontane Momente und geplante, die dann anders liefen als gedacht&#8230; *** Meine #Freitags5 #Freitagslieblinge &nbsp; &nbsp; Meine Lieblingslekt&#252;re der Woche \u2013 Ich musste sehr lachen &#252;ber den Artikel bei Kind | K&#252;che | Chaos diese Woche. Ich f&#252;hlte mich dabei ein wenig an meinen Artikel von letzter Woche erinnert, in dem ich Euch erz&#228;hlte, dass ich Probleme habe mich oft in solchen Gelegenheiten anderen gegen&#252;ber zu &#246;ffnen. Die Spielplatzmutter aber mal aus so einer witzigen Perspektive vorgestellt zu bekommen, macht das Ganze direkt charmanter. Direkt eine Leseempfehlung! *** Mein Lieblingsessen der Woche \u2013&nbsp; Ich nehme es mir immer wieder vor. Mehr Obst. Inzwischen bekommt man ja auch viel besser Erdbeeren, da f&#228;llt das nicht so schwer. Dennoch&#8230;mehr, mehr davon. Daneben k&#246;nnte ich mir auch wieder ein Ofenbrot (soooo lecker) und Backfisch. Gibt es viel zu selten, finde ich. *** Meinen Lieblingsmoment mit meinen Kindern \u2013 Es gab viele sch&#246;ne Momente diese Woche. Das Heldenkind malte sein erstes richtiges Bild. Der Gro&#223;e hatte spontan Besuch und fand es ganz toll. So toll, dass er direkt 3 Tage sp&#228;ter den Gegenbesuch antrat und das ganz ohne Probleme. Das hat uns schon ein bisschen stolz gemacht. Er hat zudem diese Woche Dank des Mannes von der N&#228;hfreundin, eine Liebe zu Papierfliegern entdeckt, so dass wir wohl n&#228;chste Woche endlich mal wieder in die B&#252;cherei gehen wollen. Auch der Ausflug zum Spielplatz war sch&#246;n und je &#246;fter sich die Sonne blicken l&#228;sst, desto ausgeglichener wirken die Kinder irgendwie. *** Meinen Lieblings-Mama-Moment nur f&#252;r mich \u2013 Ich k&#246;nnte mir tats&#228;chlich mal ein paar kleine Mama &#8211; Momente. An 4 Tagen lie&#223; ich W&#228;sche w&#228;hrend des Mittagsschlafes einfach mal W&#228;sche sein und bereitete satt dessen Schnittmuster vor, schnitt sie dann auch noch zu und n&#228;hte alles in einem N&#228;hmarathon zusammen. Die Ergebnisse zeige ich Euch mal demn&#228;chst. Ich hatte einen Anti &#8211; Bad &#8211; Hair &#8211; Day und f&#252;hlte mich mal richtig wohl in meiner Haut. Der Schock dann am n&#228;chsten Tag. Ich g&#246;nnte mir endlich mal wieder einen Friseur &#8211; Besuch und die Dame war so schockiert davon, wie ausged&#252;nnt mein Haar war und auch trocken und d&#252;nn in den Spitzen, dass sie einen ziemlich radikalen Schnitt vollzog. Meine liebevoll gez&#252;chteten Haare weg *sniff*. Und ich war so gl&#252;cklich, dass ich endlich Flechtfrisuren machen konnte. Nun ja. Geduld ist eine Tugend, nicht wahr. Ein bisschen Eisen, etwas Haarpflege und im Sommer sind sie dann vielleicht kr&#228;ftiger. Aber etwas traurig bin ich schon&#8230; *** Meine Lieblings-Inspiration der Woche \u2013 Diese Woche habe ich wieder ein bisschen mehr zu bieten. Pinterest scheint ja aktuell wieder in aller Munde zu sein, so dass aus allen Ecken und Winkeln sch&#246;ne Ideen und Anregungen kommen. Diese Woche habe ich dann auch wieder mehr sch&#246;ne Links f&#252;r Euch: Osterkarten mit Pompom &#8211; Clip &#8211; DIY Kniekissen f&#252;r den Garten &#8211; Mach Mal R&#228;tsel f&#252;r Kinder &#8211; Schult&#252;te f&#252;r kleine Tierfreunde &#8211; Ein Heldenkissen f&#252;r den Mini &#8211; Held &#8211; 8 x Easy Peasy Osterdekoration &#8211; Schokobanane 5 Moniten Snack &#8211; Ein Teig zwei Osterideen *** Morgen sind wir mal nur Zuschauer, wollen Grillen und wer wei&#223; was noch. Au&#223;erdem erwarten wir am Wochenende Kuchenbesuch. Mehr bildhafte R&#252;ckblicke gibt es auch heute wieder bei BerlinMitteMom.<\/p>\n","protected":false},"author":1,"featured_media":32306,"comment_status":"open","ping_status":"open","sticky":false,"template":"","format":"standard","meta":{"ngg_post_thumbnail":0,"footnotes":""},"categories":[323,49],"tags":[780,781,1132,68,886,199,1240,872],"class_list":["post-32292","post","type-post","status-publish","format-standard","has-post-thumbnail","hentry","category-alltag","category-blogspaehre","tag-freitags5","tag-freitagslieblinge","tag-bilder","tag-erinnerung","tag-momente","tag-rueckblick","tag-sketchnote","tag-woche"],"yoast_head":"<!-- This site is optimized with the Yoast SEO plugin v27.5 - https:\/\/yoast.com\/product\/yoast-seo-wordpress\/ -->\n<title>#Freitags5 \u2013 5 Tage 5 Fotos im M\u00e4rz #04 - Heldenhaushalt<\/title>\n<meta name=\"description\" content=\"Hinter uns liegen ein paar relativ entspannte Tage. Unsere #Freitags5 #Freitagslieblinge heute f\u00fcr Euch mit viel Farbe und in bunt...\" \/>\n<meta name=\"robots\" content=\"index, follow, max-snippet:-1, max-image-preview:large, max-video-preview:-1\" \/>\n<link rel=\"canonical\" href=\"https:\/\/www.heldenhaushalt.de\/sari02\/index.php\/2017\/03\/24\/freitags5-5-tage-5-fotos-im-maerz-04\/\" \/>\n<meta property=\"og:locale\" content=\"de_DE\" \/>\n<meta property=\"og:type\" content=\"article\" \/>\n<meta property=\"og:title\" content=\"#Freitags5 \u2013 5 Tage 5 Fotos im M\u00e4rz #04 - Heldenhaushalt\" \/>\n<meta property=\"og:description\" content=\"Hinter uns liegen ein paar relativ entspannte Tage. Unsere #Freitags5 #Freitagslieblinge heute f\u00fcr Euch mit viel Farbe und in bunt...\" \/>\n<meta property=\"og:url\" content=\"https:\/\/www.heldenhaushalt.de\/sari02\/index.php\/2017\/03\/24\/freitags5-5-tage-5-fotos-im-maerz-04\/\" \/>\n<meta property=\"og:site_name\" content=\"Heldenhaushalt\" \/>\n<meta property=\"article:published_time\" content=\"2017-03-24T10:00:58+00:00\" \/>\n<meta property=\"article:modified_time\" content=\"2017-03-24T10:18:52+00:00\" \/>\n<meta property=\"og:image\" content=\"https:\/\/www.heldenhaushalt.de\/sari02\/wp-content\/uploads\/2017\/03\/12-02.jpg\" \/>\n\t<meta property=\"og:image:width\" content=\"800\" \/>\n\t<meta property=\"og:image:height\" content=\"800\" \/>\n\t<meta property=\"og:image:type\" content=\"image\/jpeg\" \/>\n<meta name=\"author\" content=\"Sari\" \/>\n<meta name=\"twitter:card\" content=\"summary_large_image\" \/>\n<meta name=\"twitter:creator\" content=\"@Heldenhaushalt\" \/>\n<meta name=\"twitter:site\" content=\"@Heldenhaushalt\" \/>\n<meta name=\"twitter:label1\" content=\"Verfasst von\" \/>\n\t<meta name=\"twitter:data1\" content=\"Sari\" \/>\n\t<meta name=\"twitter:label2\" content=\"Gesch\u00e4tzte Lesezeit\" \/>\n\t<meta name=\"twitter:data2\" content=\"3\u00a0Minuten\" \/>\n<script type=\"application\/ld+json\" class=\"yoast-schema-graph\">{\"@context\":\"https:\\\/\\\/schema.org\",\"@graph\":[{\"@type\":\"Article\",\"@id\":\"https:\\\/\\\/www.heldenhaushalt.de\\\/sari02\\\/index.php\\\/2017\\\/03\\\/24\\\/freitags5-5-tage-5-fotos-im-maerz-04\\\/#article\",\"isPartOf\":{\"@id\":\"https:\\\/\\\/www.heldenhaushalt.de\\\/sari02\\\/index.php\\\/2017\\\/03\\\/24\\\/freitags5-5-tage-5-fotos-im-maerz-04\\\/\"},\"author\":{\"name\":\"Sari\",\"@id\":\"https:\\\/\\\/www.heldenhaushalt.de\\\/sari02\\\/#\\\/schema\\\/person\\\/a1cc69f42a01f412eb62c151353814f6\"},\"headline\":\"#Freitags5 \u2013 5 Tage 5 Fotos im M&#228;rz #04\",\"datePublished\":\"2017-03-24T10:00:58+00:00\",\"dateModified\":\"2017-03-24T10:18:52+00:00\",\"mainEntityOfPage\":{\"@id\":\"https:\\\/\\\/www.heldenhaushalt.de\\\/sari02\\\/index.php\\\/2017\\\/03\\\/24\\\/freitags5-5-tage-5-fotos-im-maerz-04\\\/\"},\"wordCount\":606,\"commentCount\":4,\"publisher\":{\"@id\":\"https:\\\/\\\/www.heldenhaushalt.de\\\/sari02\\\/#\\\/schema\\\/person\\\/a1cc69f42a01f412eb62c151353814f6\"},\"image\":{\"@id\":\"https:\\\/\\\/www.heldenhaushalt.de\\\/sari02\\\/index.php\\\/2017\\\/03\\\/24\\\/freitags5-5-tage-5-fotos-im-maerz-04\\\/#primaryimage\"},\"thumbnailUrl\":\"https:\\\/\\\/www.heldenhaushalt.de\\\/sari02\\\/wp-content\\\/uploads\\\/2017\\\/03\\\/12-02.jpg\",\"keywords\":[\"#Freitags5\",\"#Freitagslieblinge\",\"Bilder\",\"Erinnerung\",\"Momente\",\"R\u00fcckblick\",\"Sketchnote\",\"Woche\"],\"articleSection\":[\"Alltagschaos\",\"Blogsph\u00e4re\"],\"inLanguage\":\"de\",\"potentialAction\":[{\"@type\":\"CommentAction\",\"name\":\"Comment\",\"target\":[\"https:\\\/\\\/www.heldenhaushalt.de\\\/sari02\\\/index.php\\\/2017\\\/03\\\/24\\\/freitags5-5-tage-5-fotos-im-maerz-04\\\/#respond\"]}]},{\"@type\":\"WebPage\",\"@id\":\"https:\\\/\\\/www.heldenhaushalt.de\\\/sari02\\\/index.php\\\/2017\\\/03\\\/24\\\/freitags5-5-tage-5-fotos-im-maerz-04\\\/\",\"url\":\"https:\\\/\\\/www.heldenhaushalt.de\\\/sari02\\\/index.php\\\/2017\\\/03\\\/24\\\/freitags5-5-tage-5-fotos-im-maerz-04\\\/\",\"name\":\"#Freitags5 \u2013 5 Tage 5 Fotos im M\u00e4rz #04 - Heldenhaushalt\",\"isPartOf\":{\"@id\":\"https:\\\/\\\/www.heldenhaushalt.de\\\/sari02\\\/#website\"},\"primaryImageOfPage\":{\"@id\":\"https:\\\/\\\/www.heldenhaushalt.de\\\/sari02\\\/index.php\\\/2017\\\/03\\\/24\\\/freitags5-5-tage-5-fotos-im-maerz-04\\\/#primaryimage\"},\"image\":{\"@id\":\"https:\\\/\\\/www.heldenhaushalt.de\\\/sari02\\\/index.php\\\/2017\\\/03\\\/24\\\/freitags5-5-tage-5-fotos-im-maerz-04\\\/#primaryimage\"},\"thumbnailUrl\":\"https:\\\/\\\/www.heldenhaushalt.de\\\/sari02\\\/wp-content\\\/uploads\\\/2017\\\/03\\\/12-02.jpg\",\"datePublished\":\"2017-03-24T10:00:58+00:00\",\"dateModified\":\"2017-03-24T10:18:52+00:00\",\"description\":\"Hinter uns liegen ein paar relativ entspannte Tage. Unsere #Freitags5 #Freitagslieblinge heute f\u00fcr Euch mit viel Farbe und in bunt...\",\"breadcrumb\":{\"@id\":\"https:\\\/\\\/www.heldenhaushalt.de\\\/sari02\\\/index.php\\\/2017\\\/03\\\/24\\\/freitags5-5-tage-5-fotos-im-maerz-04\\\/#breadcrumb\"},\"inLanguage\":\"de\",\"potentialAction\":[{\"@type\":\"ReadAction\",\"target\":[\"https:\\\/\\\/www.heldenhaushalt.de\\\/sari02\\\/index.php\\\/2017\\\/03\\\/24\\\/freitags5-5-tage-5-fotos-im-maerz-04\\\/\"]}]},{\"@type\":\"ImageObject\",\"inLanguage\":\"de\",\"@id\":\"https:\\\/\\\/www.heldenhaushalt.de\\\/sari02\\\/index.php\\\/2017\\\/03\\\/24\\\/freitags5-5-tage-5-fotos-im-maerz-04\\\/#primaryimage\",\"url\":\"https:\\\/\\\/www.heldenhaushalt.de\\\/sari02\\\/wp-content\\\/uploads\\\/2017\\\/03\\\/12-02.jpg\",\"contentUrl\":\"https:\\\/\\\/www.heldenhaushalt.de\\\/sari02\\\/wp-content\\\/uploads\\\/2017\\\/03\\\/12-02.jpg\",\"width\":800,\"height\":800,\"caption\":\"#Freitags5\"},{\"@type\":\"BreadcrumbList\",\"@id\":\"https:\\\/\\\/www.heldenhaushalt.de\\\/sari02\\\/index.php\\\/2017\\\/03\\\/24\\\/freitags5-5-tage-5-fotos-im-maerz-04\\\/#breadcrumb\",\"itemListElement\":[{\"@type\":\"ListItem\",\"position\":1,\"name\":\"Startseite\",\"item\":\"https:\\\/\\\/www.heldenhaushalt.de\\\/sari02\\\/\"},{\"@type\":\"ListItem\",\"position\":2,\"name\":\"#Freitags5 \u2013 5 Tage 5 Fotos im M&#228;rz #04\"}]},{\"@type\":\"WebSite\",\"@id\":\"https:\\\/\\\/www.heldenhaushalt.de\\\/sari02\\\/#website\",\"url\":\"https:\\\/\\\/www.heldenhaushalt.de\\\/sari02\\\/\",\"name\":\"Heldenhaushalt\",\"description\":\"Wer es ordentlich haben will, der muss vorher anrufen\",\"publisher\":{\"@id\":\"https:\\\/\\\/www.heldenhaushalt.de\\\/sari02\\\/#\\\/schema\\\/person\\\/a1cc69f42a01f412eb62c151353814f6\"},\"potentialAction\":[{\"@type\":\"SearchAction\",\"target\":{\"@type\":\"EntryPoint\",\"urlTemplate\":\"https:\\\/\\\/www.heldenhaushalt.de\\\/sari02\\\/?s={search_term_string}\"},\"query-input\":{\"@type\":\"PropertyValueSpecification\",\"valueRequired\":true,\"valueName\":\"search_term_string\"}}],\"inLanguage\":\"de\"},{\"@type\":[\"Person\",\"Organization\"],\"@id\":\"https:\\\/\\\/www.heldenhaushalt.de\\\/sari02\\\/#\\\/schema\\\/person\\\/a1cc69f42a01f412eb62c151353814f6\",\"name\":\"Sari\",\"image\":{\"@type\":\"ImageObject\",\"inLanguage\":\"de\",\"@id\":\"https:\\\/\\\/www.heldenhaushalt.de\\\/sari02\\\/wp-content\\\/uploads\\\/2019\\\/02\\\/sari-april2018.png\",\"url\":\"https:\\\/\\\/www.heldenhaushalt.de\\\/sari02\\\/wp-content\\\/uploads\\\/2019\\\/02\\\/sari-april2018.png\",\"contentUrl\":\"https:\\\/\\\/www.heldenhaushalt.de\\\/sari02\\\/wp-content\\\/uploads\\\/2019\\\/02\\\/sari-april2018.png\",\"width\":500,\"height\":500,\"caption\":\"Sari\"},\"logo\":{\"@id\":\"https:\\\/\\\/www.heldenhaushalt.de\\\/sari02\\\/wp-content\\\/uploads\\\/2019\\\/02\\\/sari-april2018.png\"},\"description\":\"Frau Mondgras \u2013 Das bin ich, Sari. Gerne auch als Sari Mondgras bekannt und im Internet zu finden. 2-Fach-Mutter, Heldenehefrau, Kreativling, Harmonies\u00fcchtig und st\u00e4ndig auf der Suche nach Gl\u00fcck. Ich komme aus Berlin, bin hier aufgewachsen und lebe hier seit ich denken kann.\",\"sameAs\":[\"https:\\\/\\\/www.instagram.com\\\/heldenhaushalt\\\/\"],\"url\":\"https:\\\/\\\/www.heldenhaushalt.de\\\/sari02\\\/index.php\\\/author\\\/admin\\\/\"}]}<\/script>\n<!-- \/ Yoast SEO plugin. -->","yoast_head_json":{"title":"#Freitags5 \u2013 5 Tage 5 Fotos im M\u00e4rz #04 - Heldenhaushalt","description":"Hinter uns liegen ein paar relativ entspannte Tage. Unsere #Freitags5 #Freitagslieblinge heute f\u00fcr Euch mit viel Farbe und in bunt...","robots":{"index":"index","follow":"follow","max-snippet":"max-snippet:-1","max-image-preview":"max-image-preview:large","max-video-preview":"max-video-preview:-1"},"canonical":"https:\/\/www.heldenhaushalt.de\/sari02\/index.php\/2017\/03\/24\/freitags5-5-tage-5-fotos-im-maerz-04\/","og_locale":"de_DE","og_type":"article","og_title":"#Freitags5 \u2013 5 Tage 5 Fotos im M\u00e4rz #04 - Heldenhaushalt","og_description":"Hinter uns liegen ein paar relativ entspannte Tage. Unsere #Freitags5 #Freitagslieblinge heute f\u00fcr Euch mit viel Farbe und in bunt...","og_url":"https:\/\/www.heldenhaushalt.de\/sari02\/index.php\/2017\/03\/24\/freitags5-5-tage-5-fotos-im-maerz-04\/","og_site_name":"Heldenhaushalt","article_published_time":"2017-03-24T10:00:58+00:00","article_modified_time":"2017-03-24T10:18:52+00:00","og_image":[{"width":800,"height":800,"url":"https:\/\/www.heldenhaushalt.de\/sari02\/wp-content\/uploads\/2017\/03\/12-02.jpg","type":"image\/jpeg"}],"author":"Sari","twitter_card":"summary_large_image","twitter_creator":"@Heldenhaushalt","twitter_site":"@Heldenhaushalt","twitter_misc":{"Verfasst von":"Sari","Gesch\u00e4tzte Lesezeit":"3\u00a0Minuten"},"schema":{"@context":"https:\/\/schema.org","@graph":[{"@type":"Article","@id":"https:\/\/www.heldenhaushalt.de\/sari02\/index.php\/2017\/03\/24\/freitags5-5-tage-5-fotos-im-maerz-04\/#article","isPartOf":{"@id":"https:\/\/www.heldenhaushalt.de\/sari02\/index.php\/2017\/03\/24\/freitags5-5-tage-5-fotos-im-maerz-04\/"},"author":{"name":"Sari","@id":"https:\/\/www.heldenhaushalt.de\/sari02\/#\/schema\/person\/a1cc69f42a01f412eb62c151353814f6"},"headline":"#Freitags5 \u2013 5 Tage 5 Fotos im M&#228;rz #04","datePublished":"2017-03-24T10:00:58+00:00","dateModified":"2017-03-24T10:18:52+00:00","mainEntityOfPage":{"@id":"https:\/\/www.heldenhaushalt.de\/sari02\/index.php\/2017\/03\/24\/freitags5-5-tage-5-fotos-im-maerz-04\/"},"wordCount":606,"commentCount":4,"publisher":{"@id":"https:\/\/www.heldenhaushalt.de\/sari02\/#\/schema\/person\/a1cc69f42a01f412eb62c151353814f6"},"image":{"@id":"https:\/\/www.heldenhaushalt.de\/sari02\/index.php\/2017\/03\/24\/freitags5-5-tage-5-fotos-im-maerz-04\/#primaryimage"},"thumbnailUrl":"https:\/\/www.heldenhaushalt.de\/sari02\/wp-content\/uploads\/2017\/03\/12-02.jpg","keywords":["#Freitags5","#Freitagslieblinge","Bilder","Erinnerung","Momente","R\u00fcckblick","Sketchnote","Woche"],"articleSection":["Alltagschaos","Blogsph\u00e4re"],"inLanguage":"de","potentialAction":[{"@type":"CommentAction","name":"Comment","target":["https:\/\/www.heldenhaushalt.de\/sari02\/index.php\/2017\/03\/24\/freitags5-5-tage-5-fotos-im-maerz-04\/#respond"]}]},{"@type":"WebPage","@id":"https:\/\/www.heldenhaushalt.de\/sari02\/index.php\/2017\/03\/24\/freitags5-5-tage-5-fotos-im-maerz-04\/","url":"https:\/\/www.heldenhaushalt.de\/sari02\/index.php\/2017\/03\/24\/freitags5-5-tage-5-fotos-im-maerz-04\/","name":"#Freitags5 \u2013 5 Tage 5 Fotos im M\u00e4rz #04 - Heldenhaushalt","isPartOf":{"@id":"https:\/\/www.heldenhaushalt.de\/sari02\/#website"},"primaryImageOfPage":{"@id":"https:\/\/www.heldenhaushalt.de\/sari02\/index.php\/2017\/03\/24\/freitags5-5-tage-5-fotos-im-maerz-04\/#primaryimage"},"image":{"@id":"https:\/\/www.heldenhaushalt.de\/sari02\/index.php\/2017\/03\/24\/freitags5-5-tage-5-fotos-im-maerz-04\/#primaryimage"},"thumbnailUrl":"https:\/\/www.heldenhaushalt.de\/sari02\/wp-content\/uploads\/2017\/03\/12-02.jpg","datePublished":"2017-03-24T10:00:58+00:00","dateModified":"2017-03-24T10:18:52+00:00","description":"Hinter uns liegen ein paar relativ entspannte Tage. Unsere #Freitags5 #Freitagslieblinge heute f\u00fcr Euch mit viel Farbe und in bunt...","breadcrumb":{"@id":"https:\/\/www.heldenhaushalt.de\/sari02\/index.php\/2017\/03\/24\/freitags5-5-tage-5-fotos-im-maerz-04\/#breadcrumb"},"inLanguage":"de","potentialAction":[{"@type":"ReadAction","target":["https:\/\/www.heldenhaushalt.de\/sari02\/index.php\/2017\/03\/24\/freitags5-5-tage-5-fotos-im-maerz-04\/"]}]},{"@type":"ImageObject","inLanguage":"de","@id":"https:\/\/www.heldenhaushalt.de\/sari02\/index.php\/2017\/03\/24\/freitags5-5-tage-5-fotos-im-maerz-04\/#primaryimage","url":"https:\/\/www.heldenhaushalt.de\/sari02\/wp-content\/uploads\/2017\/03\/12-02.jpg","contentUrl":"https:\/\/www.heldenhaushalt.de\/sari02\/wp-content\/uploads\/2017\/03\/12-02.jpg","width":800,"height":800,"caption":"#Freitags5"},{"@type":"BreadcrumbList","@id":"https:\/\/www.heldenhaushalt.de\/sari02\/index.php\/2017\/03\/24\/freitags5-5-tage-5-fotos-im-maerz-04\/#breadcrumb","itemListElement":[{"@type":"ListItem","position":1,"name":"Startseite","item":"https:\/\/www.heldenhaushalt.de\/sari02\/"},{"@type":"ListItem","position":2,"name":"#Freitags5 \u2013 5 Tage 5 Fotos im M&#228;rz #04"}]},{"@type":"WebSite","@id":"https:\/\/www.heldenhaushalt.de\/sari02\/#website","url":"https:\/\/www.heldenhaushalt.de\/sari02\/","name":"Heldenhaushalt","description":"Wer es ordentlich haben will, der muss vorher anrufen","publisher":{"@id":"https:\/\/www.heldenhaushalt.de\/sari02\/#\/schema\/person\/a1cc69f42a01f412eb62c151353814f6"},"potentialAction":[{"@type":"SearchAction","target":{"@type":"EntryPoint","urlTemplate":"https:\/\/www.heldenhaushalt.de\/sari02\/?s={search_term_string}"},"query-input":{"@type":"PropertyValueSpecification","valueRequired":true,"valueName":"search_term_string"}}],"inLanguage":"de"},{"@type":["Person","Organization"],"@id":"https:\/\/www.heldenhaushalt.de\/sari02\/#\/schema\/person\/a1cc69f42a01f412eb62c151353814f6","name":"Sari","image":{"@type":"ImageObject","inLanguage":"de","@id":"https:\/\/www.heldenhaushalt.de\/sari02\/wp-content\/uploads\/2019\/02\/sari-april2018.png","url":"https:\/\/www.heldenhaushalt.de\/sari02\/wp-content\/uploads\/2019\/02\/sari-april2018.png","contentUrl":"https:\/\/www.heldenhaushalt.de\/sari02\/wp-content\/uploads\/2019\/02\/sari-april2018.png","width":500,"height":500,"caption":"Sari"},"logo":{"@id":"https:\/\/www.heldenhaushalt.de\/sari02\/wp-content\/uploads\/2019\/02\/sari-april2018.png"},"description":"Frau Mondgras \u2013 Das bin ich, Sari. Gerne auch als Sari Mondgras bekannt und im Internet zu finden. 2-Fach-Mutter, Heldenehefrau, Kreativling, Harmonies\u00fcchtig und st\u00e4ndig auf der Suche nach Gl\u00fcck. Ich komme aus Berlin, bin hier aufgewachsen und lebe hier seit ich denken kann.","sameAs":["https:\/\/www.instagram.com\/heldenhaushalt\/"],"url":"https:\/\/www.heldenhaushalt.de\/sari02\/index.php\/author\/admin\/"}]}},"views":4226,"_links":{"self":[{"href":"https:\/\/www.heldenhaushalt.de\/sari02\/index.php\/wp-json\/wp\/v2\/posts\/32292","targetHints":{"allow":["GET"]}}],"collection":[{"href":"https:\/\/www.heldenhaushalt.de\/sari02\/index.php\/wp-json\/wp\/v2\/posts"}],"about":[{"href":"https:\/\/www.heldenhaushalt.de\/sari02\/index.php\/wp-json\/wp\/v2\/types\/post"}],"author":[{"embeddable":true,"href":"https:\/\/www.heldenhaushalt.de\/sari02\/index.php\/wp-json\/wp\/v2\/users\/1"}],"replies":[{"embeddable":true,"href":"https:\/\/www.heldenhaushalt.de\/sari02\/index.php\/wp-json\/wp\/v2\/comments?post=32292"}],"version-history":[{"count":3,"href":"https:\/\/www.heldenhaushalt.de\/sari02\/index.php\/wp-json\/wp\/v2\/posts\/32292\/revisions"}],"predecessor-version":[{"id":32311,"href":"https:\/\/www.heldenhaushalt.de\/sari02\/index.php\/wp-json\/wp\/v2\/posts\/32292\/revisions\/32311"}],"wp:featuredmedia":[{"embeddable":true,"href":"https:\/\/www.heldenhaushalt.de\/sari02\/index.php\/wp-json\/wp\/v2\/media\/32306"}],"wp:attachment":[{"href":"https:\/\/www.heldenhaushalt.de\/sari02\/index.php\/wp-json\/wp\/v2\/media?parent=32292"}],"wp:term":[{"taxonomy":"category","embeddable":true,"href":"https:\/\/www.heldenhaushalt.de\/sari02\/index.php\/wp-json\/wp\/v2\/categories?post=32292"},{"taxonomy":"post_tag","embeddable":true,"href":"https:\/\/www.heldenhaushalt.de\/sari02\/index.php\/wp-json\/wp\/v2\/tags?post=32292"}],"curies":[{"name":"wp","href":"https:\/\/api.w.org\/{rel}","templated":true}]}}