{"id":32353,"date":"2017-04-04T10:00:00","date_gmt":"2017-04-04T08:00:00","guid":{"rendered":"http:\/\/www.heldenhaushalt.de\/sari02\/?p=32353"},"modified":"2017-04-04T09:44:57","modified_gmt":"2017-04-04T07:44:57","slug":"ein-monat-glueckstagebuch","status":"publish","type":"post","link":"https:\/\/www.heldenhaushalt.de\/sari02\/index.php\/2017\/04\/04\/ein-monat-glueckstagebuch\/","title":{"rendered":"Ein Monat Gl&#252;ckstagebuch &#8211; Ein erstes Fazit"},"content":{"rendered":"<p>Es ist noch gar nicht so lange her, da erz&#228;hlte ich Euch, <a href=\"http:\/\/www.heldenhaushalt.de\/sari02\/index.php\/2017\/03\/04\/mein-kind-fuehrt-glueckstagebuch\/\">dass der Miniheld seit einiger Zeit ein Gl&#252;ckstagebuch<\/a> f&#252;hrt. Nachdem sein erstes Heft nun tats&#228;chlich voll ist, dachte ich, w&#228;re es an der Zeit, mal ein kleines Fazit zu ziehen. Schon alleine deswegen, weil viele von Euch die Idee gar nicht mal so schlecht fanden. Da interessiert es Euch sicher auch, was sich seit dem Gl&#252;ckstagebuch bei uns getan hat.<\/p>\n<h2>Wie das Gl&#252;ckstagebuch ein fester Bestandteil des Abendrituals wurde!<\/h2>\n<p>Anf&#228;nglich haben wir mal mehr, mal weniger daran gedacht vor dem Einschlafen das Buch zu f&#252;hren. Auch fiel es dem Minihelden jeden Abend ziemlich schwer sich den Tag ins Ged&#228;chtnis zu rufen, um sich an die Dinge zu erinnern, die ihm Spa&#223; oder die ihn gl&#252;cklich gemacht haben. So war es teilweise eine regelrechtes &#8220;Aus der Nase ziehen&#8221;, wenn ich ihn durch viel Nachfragen St&#252;ck f&#252;r St&#252;ck an die Tagesereignisse heranf&#252;hrte.<\/p>\n<p>So befinden sich auf den ersten Seiten meist eher wenige Punkte, die wir notierten. Im Laufe der Zeit fiel es dem Minihelden aber immer leichter den Tag zu reflektieren und Punkte zu nennen, die ihm wichtig waren. So wichtig, dass sie definitiv in sein Tagebuch geh&#246;rten.<\/p>\n<p>&nbsp; <img loading=\"lazy\" decoding=\"async\" class=\"aligncenter wp-image-32395 size-full\" src=\"http:\/\/www.heldenhaushalt.de\/sari02\/wp-content\/uploads\/2017\/04\/tagebuch2-03.jpg\" alt=\"Gl&#252;ckstagebuch\" height=\"449\" width=\"800\" srcset=\"https:\/\/www.heldenhaushalt.de\/sari02\/wp-content\/uploads\/2017\/04\/tagebuch2-03.jpg 800w, https:\/\/www.heldenhaushalt.de\/sari02\/wp-content\/uploads\/2017\/04\/tagebuch2-03-300x168.jpg 300w, https:\/\/www.heldenhaushalt.de\/sari02\/wp-content\/uploads\/2017\/04\/tagebuch2-03-768x431.jpg 768w, https:\/\/www.heldenhaushalt.de\/sari02\/wp-content\/uploads\/2017\/04\/tagebuch2-03-600x337.jpg 600w\" sizes=\"auto, (max-width: 800px) 100vw, 800px\" \/><\/p>\n<p>Jeden Abend, den gesamten letzten Monat, sa&#223;en entweder der Papa oder ich an seinem Bett und lie&#223;en uns von ihm die Dinge aufz&#228;hlen, die wir f&#252;r ihn notieren sollten. Man merkt, dass ihm das irgendwann wirklich wichtig geworden ist.<\/p>\n<p>Neben seinem Bett liegen nun immer ein gelber Stift f&#252;r die Sterne, die den Tag bewerten sollen, und ein Bleistift f&#252;r die Notizen bereit.<\/p>\n<h2>Und pl&#246;tzlich war das Gl&#252;ckstagebuch voll!!!<\/h2>\n<p>&#8220;Mama, was mache ich nur, wenn wir keine freien Seiten mehr haben&#8221;, fragte mich der Miniheld eines abends und ich versicherte ihm, dass ich mir etwas einfallen lassen w&#252;rde. Sp&#228;testens da wurde mir klar, dass ihm dieses kleine Ritual sehr ans Herz gewachsen war.<\/p>\n<p>Nachdem das Heft dann tats&#228;chlich voll war, nahm ich mir eine halbe Stunde mehr Zeit f&#252;r das zu Bett bringen und ging mit ihm Seite f&#252;r Seite nochmal durch. Bevor wir das Gl&#252;ckstagebuch anfingen, gab es einige Punkte, die den Minihelden immer wieder mal stark verunsicherten, wenn nicht sogar Angst machten oder Unlust in ihm hervorriefen.<\/p>\n<p><img loading=\"lazy\" decoding=\"async\" class=\"aligncenter wp-image-32394 size-full\" src=\"http:\/\/www.heldenhaushalt.de\/sari02\/wp-content\/uploads\/2017\/04\/tagebuch2-02.jpg\" alt=\"Gl&#252;ckstagebuch\" height=\"487\" width=\"800\" srcset=\"https:\/\/www.heldenhaushalt.de\/sari02\/wp-content\/uploads\/2017\/04\/tagebuch2-02.jpg 800w, https:\/\/www.heldenhaushalt.de\/sari02\/wp-content\/uploads\/2017\/04\/tagebuch2-02-300x183.jpg 300w, https:\/\/www.heldenhaushalt.de\/sari02\/wp-content\/uploads\/2017\/04\/tagebuch2-02-768x468.jpg 768w, https:\/\/www.heldenhaushalt.de\/sari02\/wp-content\/uploads\/2017\/04\/tagebuch2-02-600x365.jpg 600w\" sizes=\"auto, (max-width: 800px) 100vw, 800px\" \/><\/p>\n<p>Besonders spannend war bei der gemeinsamen Auswertung, dass wir nun genau diese Punkte nahezu jeden Tag in seinem B&#252;chlein vorfanden. Nicht, weil sie ihm Angst gemacht hatten, sondern weil er dort sehr viel Spa&#223; hatte. Die Erkenntnis, dass alles eigentlich gar nicht schlimm und doof, sondern eher sogar das war, was ihn gl&#252;cklich machte, sorgte beim Minihelden erst einmal f&#252;r gro&#223;es Staunen. Damit hatte er nicht gerechnet und bei mir huschte doch glatt ein kleines wissendes Grinsen &#252;ber das Gesicht. Dachte ich es mir doch.<\/p>\n<p>Insgesamt gab es bei 1 1\/2 Monaten nur zwei Tage, die eine nicht ganz so gute Sterne Bewertung erhalten hatten und ansonsten fanden sich immer genug Dinge, die ihn gl&#252;cklich gemacht hatten, so dass es am Ende des Tages im Endeffekt immer ein positiver Tag f&#252;r ihn war. Und meist waren es nicht mal irgendwelche gro&#223;en Sachen, sondern eher die Kleinigkeiten im Alltag. Ich pers&#246;nlich finde ja ganz besonders diese Erkenntnis sehr wichtig. Nicht nur f&#252;r den Minihelden, sondern auch f&#252;r mich. Es ist oft nicht viel n&#246;tig, um einem Kind ein gutes Gef&#252;hl zu bescheren.<\/p>\n<h2>Noch lange kein Ende in Sicht! Unser neues Gl&#252;ckstagebuch!<\/h2>\n<p>Nachdem dieses kleine &#8220;Experiment&#8221; so gut gelaufen ist, habe ich nun ein altes Notizbuch von mir hervor gekramt. Irgendwie habe ich immer Notizb&#252;cher im Haus, die nicht wirklich genutzt werden. Wir &#252;bernehmen einfach das Prinzip aus dem alten Buch und schreiben dort nun jeden Tag rein, was alles sch&#246;n war und der Miniheld kann es dann mit Sternen bewerten.<\/p>\n<p><img loading=\"lazy\" decoding=\"async\" class=\"aligncenter wp-image-32393 size-full\" src=\"http:\/\/www.heldenhaushalt.de\/sari02\/wp-content\/uploads\/2017\/04\/tagebuch2-01.jpg\" alt=\"Gl&#252;ckstagebuch\" height=\"517\" width=\"800\" srcset=\"https:\/\/www.heldenhaushalt.de\/sari02\/wp-content\/uploads\/2017\/04\/tagebuch2-01.jpg 800w, https:\/\/www.heldenhaushalt.de\/sari02\/wp-content\/uploads\/2017\/04\/tagebuch2-01-300x194.jpg 300w, https:\/\/www.heldenhaushalt.de\/sari02\/wp-content\/uploads\/2017\/04\/tagebuch2-01-768x496.jpg 768w, https:\/\/www.heldenhaushalt.de\/sari02\/wp-content\/uploads\/2017\/04\/tagebuch2-01-600x388.jpg 600w\" sizes=\"auto, (max-width: 800px) 100vw, 800px\" \/><\/p>\n<p>Ich wei&#223; wirklich nicht, ob es an dem Gl&#252;ckstagebuch liegt oder einfach am Wetter, dem Alter oder an etwas ganz anderem, aber ich habe das Gef&#252;hl, dass sich im Minihelden stark etwas ver&#228;ndert hat. Besonders in letzter Zeit gibt es so viele positive Dinge, die uns an ihm aufgefallen sind. Dinge, die ihm vorher nicht unbedingt leicht fielen oder die uns stark besch&#228;ftigt haben. Er wirkt ausgeglichener, selbstbewusster und mutiger bestimmten Situationen gegen&#252;ber. Hat sich mehr getraut und auch mal Sachen gemacht, die er eher nicht so mag. Es ist eine tolle Entwicklung, die nicht nur uns, sondern auch anderen aufgefallen ist und ich freue mich sehr das zu beobachten.<\/p>\n<p>Nat&#252;rlich war unser Kind schon immer toll, aber wie jedes normale Kind, hat auch unseres H&#252;rden und Unsicherheiten, die es zu bew&#228;ltigen hat und diese fallen ihm aktuell deutlich leichter, als noch vor ein paar Wochen. Sei es nun durch dieses gemeinsame Reflektieren durch das Tagebuch oder durch vollkommen andere Einfl&#252;sse&#8230; mich macht das alles aktuell sehr gl&#252;cklich und ich bin gespannt, wie es weiterhin laufen wird.<\/p>\n<p><strong>In dem Sinne:<\/strong> Gl&#252;ckstageb&#252;cher sind f&#252;r jedes Alter was. Man muss nicht unbedingt so wie wir alles aufschreiben. Alleine schon dar&#252;ber zu reden, kann zu einem viel ruhigeren und entspannten Schlaf verhelfen und f&#252;r ein besseres Gesamtgef&#252;hl sorgen. Ich kann es wirklich nur empfehlen!<\/p>\n<p><img loading=\"lazy\" decoding=\"async\" class=\" size-full wp-image-24841 alignright\" src=\"https:\/\/www.heldenhaushalt.de \/sari02\/wp-content\/uploads\/2015\/01\/sari-unter.jpg?resize=130%2C59\" alt=\"sari-unter\" data-attachment-id=\"24841\" data-permalink=\"http:\/\/www.heldenhaushalt.de\/sari02\/index.php\/2015\/01\/03\/sich-neu-erfinden\/sari-unter\/\" data-orig-file=\"http:\/\/www.heldenhaushalt.de\/sari02\/wp-content\/uploads\/2015\/01\/sari-unter.jpg\" data-orig-size=\"130,59\" data-comments-opened=\"1\" data-image-meta=\"{&quot;aperture&quot;:&quot;0&quot;,&quot;credit&quot;:&quot;&quot;,&quot;camera&quot;:&quot;&quot;,&quot;caption&quot;:&quot;&quot;,&quot;created_timestamp&quot;:&quot;0&quot;,&quot;copyright&quot;:&quot;&quot;,&quot;focal_length&quot;:&quot;0&quot;,&quot;iso&quot;:&quot;0&quot;,&quot;shutter_speed&quot;:&quot;0&quot;,&quot;title&quot;:&quot;&quot;,&quot;orientation&quot;:&quot;0&quot;}\" data-image-title=\"sari-unter\" data-image-description=\"\" data-medium-file=\"http:\/\/www.heldenhaushalt.de\/sari02\/wp-content\/uploads\/2015\/01\/sari-unter.jpg\" data-large-file=\"http:\/\/www.heldenhaushalt.de\/sari02\/wp-content\/uploads\/2015\/01\/sari-unter.jpg\" height=\"59\" width=\"130\"><\/p>\n","protected":false},"excerpt":{"rendered":"<p>Es ist noch gar nicht so lange her, da erz&#228;hlte ich Euch, dass der Miniheld seit einiger Zeit ein Gl&#252;ckstagebuch f&#252;hrt. Nachdem sein erstes Heft nun tats&#228;chlich voll ist, dachte ich, w&#228;re es an der Zeit, mal ein kleines Fazit zu ziehen. Schon alleine deswegen, weil viele von Euch die Idee gar nicht mal so schlecht fanden. Da interessiert es Euch sicher auch, was sich seit dem Gl&#252;ckstagebuch bei uns getan hat. Wie das Gl&#252;ckstagebuch ein fester Bestandteil des Abendrituals wurde! Anf&#228;nglich haben wir mal mehr, mal weniger daran gedacht vor dem Einschlafen das Buch zu f&#252;hren. Auch fiel es dem Minihelden jeden Abend ziemlich schwer sich den Tag ins Ged&#228;chtnis zu rufen, um sich an die Dinge zu erinnern, die ihm Spa&#223; oder die ihn gl&#252;cklich gemacht haben. So war es teilweise eine regelrechtes &#8220;Aus der Nase ziehen&#8221;, wenn ich ihn durch viel Nachfragen St&#252;ck f&#252;r St&#252;ck an die Tagesereignisse heranf&#252;hrte. So befinden sich auf den ersten Seiten meist eher wenige Punkte, die wir notierten. Im Laufe der Zeit fiel es dem Minihelden aber immer leichter den Tag zu reflektieren und Punkte zu nennen, die ihm wichtig waren. So wichtig, dass sie definitiv in sein Tagebuch geh&#246;rten. &nbsp; Jeden Abend, den gesamten letzten Monat, sa&#223;en entweder der Papa oder ich an seinem Bett und lie&#223;en uns von ihm die Dinge aufz&#228;hlen, die wir f&#252;r ihn notieren sollten. Man merkt, dass ihm das irgendwann wirklich wichtig geworden ist. Neben seinem Bett liegen nun immer ein gelber Stift f&#252;r die Sterne, die den Tag bewerten sollen, und ein Bleistift f&#252;r die Notizen bereit. Und pl&#246;tzlich war das Gl&#252;ckstagebuch voll!!! &#8220;Mama, was mache ich nur, wenn wir keine freien Seiten mehr haben&#8221;, fragte mich der Miniheld eines abends und ich versicherte ihm, dass ich mir etwas einfallen lassen w&#252;rde. Sp&#228;testens da wurde mir klar, dass ihm dieses kleine Ritual sehr ans Herz gewachsen war. Nachdem das Heft dann tats&#228;chlich voll war, nahm ich mir eine halbe Stunde mehr Zeit f&#252;r das zu Bett bringen und ging mit ihm Seite f&#252;r Seite nochmal durch. Bevor wir das Gl&#252;ckstagebuch anfingen, gab es einige Punkte, die den Minihelden immer wieder mal stark verunsicherten, wenn nicht sogar Angst machten oder Unlust in ihm hervorriefen. Besonders spannend war bei der gemeinsamen Auswertung, dass wir nun genau diese Punkte nahezu jeden Tag in seinem B&#252;chlein vorfanden. Nicht, weil sie ihm Angst gemacht hatten, sondern weil er dort sehr viel Spa&#223; hatte. Die Erkenntnis, dass alles eigentlich gar nicht schlimm und doof, sondern eher sogar das war, was ihn gl&#252;cklich machte, sorgte beim Minihelden erst einmal f&#252;r gro&#223;es Staunen. Damit hatte er nicht gerechnet und bei mir huschte doch glatt ein kleines wissendes Grinsen &#252;ber das Gesicht. Dachte ich es mir doch. Insgesamt gab es bei 1 1\/2 Monaten nur zwei Tage, die eine nicht ganz so gute Sterne Bewertung erhalten hatten und ansonsten fanden sich immer genug Dinge, die ihn gl&#252;cklich gemacht hatten, so dass es am Ende des Tages im Endeffekt immer ein positiver Tag f&#252;r ihn war. Und meist waren es nicht mal irgendwelche gro&#223;en Sachen, sondern eher die Kleinigkeiten im Alltag. Ich pers&#246;nlich finde ja ganz besonders diese Erkenntnis sehr wichtig. Nicht nur f&#252;r den Minihelden, sondern auch f&#252;r mich. Es ist oft nicht viel n&#246;tig, um einem Kind ein gutes Gef&#252;hl zu bescheren. Noch lange kein Ende in Sicht! Unser neues Gl&#252;ckstagebuch! Nachdem dieses kleine &#8220;Experiment&#8221; so gut gelaufen ist, habe ich nun ein altes Notizbuch von mir hervor gekramt. Irgendwie habe ich immer Notizb&#252;cher im Haus, die nicht wirklich genutzt werden. Wir &#252;bernehmen einfach das Prinzip aus dem alten Buch und schreiben dort nun jeden Tag rein, was alles sch&#246;n war und der Miniheld kann es dann mit Sternen bewerten. Ich wei&#223; wirklich nicht, ob es an dem Gl&#252;ckstagebuch liegt oder einfach am Wetter, dem Alter oder an etwas ganz anderem, aber ich habe das Gef&#252;hl, dass sich im Minihelden stark etwas ver&#228;ndert hat. Besonders in letzter Zeit gibt es so viele positive Dinge, die uns an ihm aufgefallen sind. Dinge, die ihm vorher nicht unbedingt leicht fielen oder die uns stark besch&#228;ftigt haben. Er wirkt ausgeglichener, selbstbewusster und mutiger bestimmten Situationen gegen&#252;ber. Hat sich mehr getraut und auch mal Sachen gemacht, die er eher nicht so mag. Es ist eine tolle Entwicklung, die nicht nur uns, sondern auch anderen aufgefallen ist und ich freue mich sehr das zu beobachten. Nat&#252;rlich war unser Kind schon immer toll, aber wie jedes normale Kind, hat auch unseres H&#252;rden und Unsicherheiten, die es zu bew&#228;ltigen hat und diese fallen ihm aktuell deutlich leichter, als noch vor ein paar Wochen. Sei es nun durch dieses gemeinsame Reflektieren durch das Tagebuch oder durch vollkommen andere Einfl&#252;sse&#8230; mich macht das alles aktuell sehr gl&#252;cklich und ich bin gespannt, wie es weiterhin laufen wird. In dem Sinne: Gl&#252;ckstageb&#252;cher sind f&#252;r jedes Alter was. Man muss nicht unbedingt so wie wir alles aufschreiben. Alleine schon dar&#252;ber zu reden, kann zu einem viel ruhigeren und entspannten Schlaf verhelfen und f&#252;r ein besseres Gesamtgef&#252;hl sorgen. Ich kann es wirklich nur empfehlen!<\/p>\n","protected":false},"author":1,"featured_media":32393,"comment_status":"open","ping_status":"open","sticky":false,"template":"","format":"standard","meta":{"ngg_post_thumbnail":0,"footnotes":""},"categories":[321],"tags":[534,959,1194,81,1259],"class_list":["post-32353","post","type-post","status-publish","format-standard","has-post-thumbnail","hentry","category-minimum","tag-entwicklung","tag-gefuehle","tag-glueckstagebuch","tag-kinder","tag-reflektieren"],"yoast_head":"<!-- This site is optimized with the Yoast SEO plugin v27.5 - https:\/\/yoast.com\/product\/yoast-seo-wordpress\/ -->\n<title>Ein Monat Gl\u00fcckstagebuch - Ein erstes Fazit - Heldenhaushalt<\/title>\n<meta name=\"description\" content=\"Es ist noch gar nicht so lange her, da erz\u00e4hlte ich Euch, dass der Miniheld seit einiger Zeit ein Gl\u00fcckstagebuch f\u00fchrt.\" \/>\n<meta name=\"robots\" content=\"index, follow, max-snippet:-1, max-image-preview:large, max-video-preview:-1\" \/>\n<link rel=\"canonical\" href=\"https:\/\/www.heldenhaushalt.de\/sari02\/index.php\/2017\/04\/04\/ein-monat-glueckstagebuch\/\" \/>\n<meta property=\"og:locale\" content=\"de_DE\" \/>\n<meta property=\"og:type\" content=\"article\" \/>\n<meta property=\"og:title\" content=\"Ein Monat Gl\u00fcckstagebuch - Ein erstes Fazit - Heldenhaushalt\" \/>\n<meta property=\"og:description\" content=\"Es ist noch gar nicht so lange her, da erz\u00e4hlte ich Euch, dass der Miniheld seit einiger Zeit ein Gl\u00fcckstagebuch f\u00fchrt.\" \/>\n<meta property=\"og:url\" content=\"https:\/\/www.heldenhaushalt.de\/sari02\/index.php\/2017\/04\/04\/ein-monat-glueckstagebuch\/\" \/>\n<meta property=\"og:site_name\" content=\"Heldenhaushalt\" \/>\n<meta property=\"article:published_time\" content=\"2017-04-04T08:00:00+00:00\" \/>\n<meta property=\"og:image\" content=\"https:\/\/www.heldenhaushalt.de\/sari02\/wp-content\/uploads\/2017\/04\/tagebuch2-01.jpg\" \/>\n\t<meta property=\"og:image:width\" content=\"800\" \/>\n\t<meta property=\"og:image:height\" content=\"517\" \/>\n\t<meta property=\"og:image:type\" content=\"image\/jpeg\" \/>\n<meta name=\"author\" content=\"Sari\" \/>\n<meta name=\"twitter:card\" content=\"summary_large_image\" \/>\n<meta name=\"twitter:creator\" content=\"@Heldenhaushalt\" \/>\n<meta name=\"twitter:site\" content=\"@Heldenhaushalt\" \/>\n<meta name=\"twitter:label1\" content=\"Verfasst von\" \/>\n\t<meta name=\"twitter:data1\" content=\"Sari\" \/>\n\t<meta name=\"twitter:label2\" content=\"Gesch\u00e4tzte Lesezeit\" \/>\n\t<meta name=\"twitter:data2\" content=\"4\u00a0Minuten\" \/>\n<script type=\"application\/ld+json\" class=\"yoast-schema-graph\">{\"@context\":\"https:\\\/\\\/schema.org\",\"@graph\":[{\"@type\":\"Article\",\"@id\":\"https:\\\/\\\/www.heldenhaushalt.de\\\/sari02\\\/index.php\\\/2017\\\/04\\\/04\\\/ein-monat-glueckstagebuch\\\/#article\",\"isPartOf\":{\"@id\":\"https:\\\/\\\/www.heldenhaushalt.de\\\/sari02\\\/index.php\\\/2017\\\/04\\\/04\\\/ein-monat-glueckstagebuch\\\/\"},\"author\":{\"name\":\"Sari\",\"@id\":\"https:\\\/\\\/www.heldenhaushalt.de\\\/sari02\\\/#\\\/schema\\\/person\\\/a1cc69f42a01f412eb62c151353814f6\"},\"headline\":\"Ein Monat Gl&#252;ckstagebuch &#8211; Ein erstes Fazit\",\"datePublished\":\"2017-04-04T08:00:00+00:00\",\"mainEntityOfPage\":{\"@id\":\"https:\\\/\\\/www.heldenhaushalt.de\\\/sari02\\\/index.php\\\/2017\\\/04\\\/04\\\/ein-monat-glueckstagebuch\\\/\"},\"wordCount\":905,\"commentCount\":1,\"publisher\":{\"@id\":\"https:\\\/\\\/www.heldenhaushalt.de\\\/sari02\\\/#\\\/schema\\\/person\\\/a1cc69f42a01f412eb62c151353814f6\"},\"image\":{\"@id\":\"https:\\\/\\\/www.heldenhaushalt.de\\\/sari02\\\/index.php\\\/2017\\\/04\\\/04\\\/ein-monat-glueckstagebuch\\\/#primaryimage\"},\"thumbnailUrl\":\"https:\\\/\\\/www.heldenhaushalt.de\\\/sari02\\\/wp-content\\\/uploads\\\/2017\\\/04\\\/tagebuch2-01.jpg\",\"keywords\":[\"Entwicklung\",\"Gef\u00fchle\",\"Gl\u00fcckstagebuch\",\"Kinder\",\"Reflektieren\"],\"articleSection\":[\"Heldenkinder\"],\"inLanguage\":\"de\",\"potentialAction\":[{\"@type\":\"CommentAction\",\"name\":\"Comment\",\"target\":[\"https:\\\/\\\/www.heldenhaushalt.de\\\/sari02\\\/index.php\\\/2017\\\/04\\\/04\\\/ein-monat-glueckstagebuch\\\/#respond\"]}]},{\"@type\":\"WebPage\",\"@id\":\"https:\\\/\\\/www.heldenhaushalt.de\\\/sari02\\\/index.php\\\/2017\\\/04\\\/04\\\/ein-monat-glueckstagebuch\\\/\",\"url\":\"https:\\\/\\\/www.heldenhaushalt.de\\\/sari02\\\/index.php\\\/2017\\\/04\\\/04\\\/ein-monat-glueckstagebuch\\\/\",\"name\":\"Ein Monat Gl\u00fcckstagebuch - Ein erstes Fazit - Heldenhaushalt\",\"isPartOf\":{\"@id\":\"https:\\\/\\\/www.heldenhaushalt.de\\\/sari02\\\/#website\"},\"primaryImageOfPage\":{\"@id\":\"https:\\\/\\\/www.heldenhaushalt.de\\\/sari02\\\/index.php\\\/2017\\\/04\\\/04\\\/ein-monat-glueckstagebuch\\\/#primaryimage\"},\"image\":{\"@id\":\"https:\\\/\\\/www.heldenhaushalt.de\\\/sari02\\\/index.php\\\/2017\\\/04\\\/04\\\/ein-monat-glueckstagebuch\\\/#primaryimage\"},\"thumbnailUrl\":\"https:\\\/\\\/www.heldenhaushalt.de\\\/sari02\\\/wp-content\\\/uploads\\\/2017\\\/04\\\/tagebuch2-01.jpg\",\"datePublished\":\"2017-04-04T08:00:00+00:00\",\"description\":\"Es ist noch gar nicht so lange her, da erz\u00e4hlte ich Euch, dass der Miniheld seit einiger Zeit ein Gl\u00fcckstagebuch f\u00fchrt.\",\"breadcrumb\":{\"@id\":\"https:\\\/\\\/www.heldenhaushalt.de\\\/sari02\\\/index.php\\\/2017\\\/04\\\/04\\\/ein-monat-glueckstagebuch\\\/#breadcrumb\"},\"inLanguage\":\"de\",\"potentialAction\":[{\"@type\":\"ReadAction\",\"target\":[\"https:\\\/\\\/www.heldenhaushalt.de\\\/sari02\\\/index.php\\\/2017\\\/04\\\/04\\\/ein-monat-glueckstagebuch\\\/\"]}]},{\"@type\":\"ImageObject\",\"inLanguage\":\"de\",\"@id\":\"https:\\\/\\\/www.heldenhaushalt.de\\\/sari02\\\/index.php\\\/2017\\\/04\\\/04\\\/ein-monat-glueckstagebuch\\\/#primaryimage\",\"url\":\"https:\\\/\\\/www.heldenhaushalt.de\\\/sari02\\\/wp-content\\\/uploads\\\/2017\\\/04\\\/tagebuch2-01.jpg\",\"contentUrl\":\"https:\\\/\\\/www.heldenhaushalt.de\\\/sari02\\\/wp-content\\\/uploads\\\/2017\\\/04\\\/tagebuch2-01.jpg\",\"width\":800,\"height\":517,\"caption\":\"Tagebuch\"},{\"@type\":\"BreadcrumbList\",\"@id\":\"https:\\\/\\\/www.heldenhaushalt.de\\\/sari02\\\/index.php\\\/2017\\\/04\\\/04\\\/ein-monat-glueckstagebuch\\\/#breadcrumb\",\"itemListElement\":[{\"@type\":\"ListItem\",\"position\":1,\"name\":\"Startseite\",\"item\":\"https:\\\/\\\/www.heldenhaushalt.de\\\/sari02\\\/\"},{\"@type\":\"ListItem\",\"position\":2,\"name\":\"Ein Monat Gl&#252;ckstagebuch &#8211; Ein erstes Fazit\"}]},{\"@type\":\"WebSite\",\"@id\":\"https:\\\/\\\/www.heldenhaushalt.de\\\/sari02\\\/#website\",\"url\":\"https:\\\/\\\/www.heldenhaushalt.de\\\/sari02\\\/\",\"name\":\"Heldenhaushalt\",\"description\":\"Wer es ordentlich haben will, der muss vorher anrufen\",\"publisher\":{\"@id\":\"https:\\\/\\\/www.heldenhaushalt.de\\\/sari02\\\/#\\\/schema\\\/person\\\/a1cc69f42a01f412eb62c151353814f6\"},\"potentialAction\":[{\"@type\":\"SearchAction\",\"target\":{\"@type\":\"EntryPoint\",\"urlTemplate\":\"https:\\\/\\\/www.heldenhaushalt.de\\\/sari02\\\/?s={search_term_string}\"},\"query-input\":{\"@type\":\"PropertyValueSpecification\",\"valueRequired\":true,\"valueName\":\"search_term_string\"}}],\"inLanguage\":\"de\"},{\"@type\":[\"Person\",\"Organization\"],\"@id\":\"https:\\\/\\\/www.heldenhaushalt.de\\\/sari02\\\/#\\\/schema\\\/person\\\/a1cc69f42a01f412eb62c151353814f6\",\"name\":\"Sari\",\"image\":{\"@type\":\"ImageObject\",\"inLanguage\":\"de\",\"@id\":\"https:\\\/\\\/www.heldenhaushalt.de\\\/sari02\\\/wp-content\\\/uploads\\\/2019\\\/02\\\/sari-april2018.png\",\"url\":\"https:\\\/\\\/www.heldenhaushalt.de\\\/sari02\\\/wp-content\\\/uploads\\\/2019\\\/02\\\/sari-april2018.png\",\"contentUrl\":\"https:\\\/\\\/www.heldenhaushalt.de\\\/sari02\\\/wp-content\\\/uploads\\\/2019\\\/02\\\/sari-april2018.png\",\"width\":500,\"height\":500,\"caption\":\"Sari\"},\"logo\":{\"@id\":\"https:\\\/\\\/www.heldenhaushalt.de\\\/sari02\\\/wp-content\\\/uploads\\\/2019\\\/02\\\/sari-april2018.png\"},\"description\":\"Frau Mondgras \u2013 Das bin ich, Sari. Gerne auch als Sari Mondgras bekannt und im Internet zu finden. 2-Fach-Mutter, Heldenehefrau, Kreativling, Harmonies\u00fcchtig und st\u00e4ndig auf der Suche nach Gl\u00fcck. Ich komme aus Berlin, bin hier aufgewachsen und lebe hier seit ich denken kann.\",\"sameAs\":[\"https:\\\/\\\/www.instagram.com\\\/heldenhaushalt\\\/\"],\"url\":\"https:\\\/\\\/www.heldenhaushalt.de\\\/sari02\\\/index.php\\\/author\\\/admin\\\/\"}]}<\/script>\n<!-- \/ Yoast SEO plugin. -->","yoast_head_json":{"title":"Ein Monat Gl\u00fcckstagebuch - Ein erstes Fazit - Heldenhaushalt","description":"Es ist noch gar nicht so lange her, da erz\u00e4hlte ich Euch, dass der Miniheld seit einiger Zeit ein Gl\u00fcckstagebuch f\u00fchrt.","robots":{"index":"index","follow":"follow","max-snippet":"max-snippet:-1","max-image-preview":"max-image-preview:large","max-video-preview":"max-video-preview:-1"},"canonical":"https:\/\/www.heldenhaushalt.de\/sari02\/index.php\/2017\/04\/04\/ein-monat-glueckstagebuch\/","og_locale":"de_DE","og_type":"article","og_title":"Ein Monat Gl\u00fcckstagebuch - Ein erstes Fazit - Heldenhaushalt","og_description":"Es ist noch gar nicht so lange her, da erz\u00e4hlte ich Euch, dass der Miniheld seit einiger Zeit ein Gl\u00fcckstagebuch f\u00fchrt.","og_url":"https:\/\/www.heldenhaushalt.de\/sari02\/index.php\/2017\/04\/04\/ein-monat-glueckstagebuch\/","og_site_name":"Heldenhaushalt","article_published_time":"2017-04-04T08:00:00+00:00","og_image":[{"width":800,"height":517,"url":"https:\/\/www.heldenhaushalt.de\/sari02\/wp-content\/uploads\/2017\/04\/tagebuch2-01.jpg","type":"image\/jpeg"}],"author":"Sari","twitter_card":"summary_large_image","twitter_creator":"@Heldenhaushalt","twitter_site":"@Heldenhaushalt","twitter_misc":{"Verfasst von":"Sari","Gesch\u00e4tzte Lesezeit":"4\u00a0Minuten"},"schema":{"@context":"https:\/\/schema.org","@graph":[{"@type":"Article","@id":"https:\/\/www.heldenhaushalt.de\/sari02\/index.php\/2017\/04\/04\/ein-monat-glueckstagebuch\/#article","isPartOf":{"@id":"https:\/\/www.heldenhaushalt.de\/sari02\/index.php\/2017\/04\/04\/ein-monat-glueckstagebuch\/"},"author":{"name":"Sari","@id":"https:\/\/www.heldenhaushalt.de\/sari02\/#\/schema\/person\/a1cc69f42a01f412eb62c151353814f6"},"headline":"Ein Monat Gl&#252;ckstagebuch &#8211; Ein erstes Fazit","datePublished":"2017-04-04T08:00:00+00:00","mainEntityOfPage":{"@id":"https:\/\/www.heldenhaushalt.de\/sari02\/index.php\/2017\/04\/04\/ein-monat-glueckstagebuch\/"},"wordCount":905,"commentCount":1,"publisher":{"@id":"https:\/\/www.heldenhaushalt.de\/sari02\/#\/schema\/person\/a1cc69f42a01f412eb62c151353814f6"},"image":{"@id":"https:\/\/www.heldenhaushalt.de\/sari02\/index.php\/2017\/04\/04\/ein-monat-glueckstagebuch\/#primaryimage"},"thumbnailUrl":"https:\/\/www.heldenhaushalt.de\/sari02\/wp-content\/uploads\/2017\/04\/tagebuch2-01.jpg","keywords":["Entwicklung","Gef\u00fchle","Gl\u00fcckstagebuch","Kinder","Reflektieren"],"articleSection":["Heldenkinder"],"inLanguage":"de","potentialAction":[{"@type":"CommentAction","name":"Comment","target":["https:\/\/www.heldenhaushalt.de\/sari02\/index.php\/2017\/04\/04\/ein-monat-glueckstagebuch\/#respond"]}]},{"@type":"WebPage","@id":"https:\/\/www.heldenhaushalt.de\/sari02\/index.php\/2017\/04\/04\/ein-monat-glueckstagebuch\/","url":"https:\/\/www.heldenhaushalt.de\/sari02\/index.php\/2017\/04\/04\/ein-monat-glueckstagebuch\/","name":"Ein Monat Gl\u00fcckstagebuch - Ein erstes Fazit - Heldenhaushalt","isPartOf":{"@id":"https:\/\/www.heldenhaushalt.de\/sari02\/#website"},"primaryImageOfPage":{"@id":"https:\/\/www.heldenhaushalt.de\/sari02\/index.php\/2017\/04\/04\/ein-monat-glueckstagebuch\/#primaryimage"},"image":{"@id":"https:\/\/www.heldenhaushalt.de\/sari02\/index.php\/2017\/04\/04\/ein-monat-glueckstagebuch\/#primaryimage"},"thumbnailUrl":"https:\/\/www.heldenhaushalt.de\/sari02\/wp-content\/uploads\/2017\/04\/tagebuch2-01.jpg","datePublished":"2017-04-04T08:00:00+00:00","description":"Es ist noch gar nicht so lange her, da erz\u00e4hlte ich Euch, dass der Miniheld seit einiger Zeit ein Gl\u00fcckstagebuch f\u00fchrt.","breadcrumb":{"@id":"https:\/\/www.heldenhaushalt.de\/sari02\/index.php\/2017\/04\/04\/ein-monat-glueckstagebuch\/#breadcrumb"},"inLanguage":"de","potentialAction":[{"@type":"ReadAction","target":["https:\/\/www.heldenhaushalt.de\/sari02\/index.php\/2017\/04\/04\/ein-monat-glueckstagebuch\/"]}]},{"@type":"ImageObject","inLanguage":"de","@id":"https:\/\/www.heldenhaushalt.de\/sari02\/index.php\/2017\/04\/04\/ein-monat-glueckstagebuch\/#primaryimage","url":"https:\/\/www.heldenhaushalt.de\/sari02\/wp-content\/uploads\/2017\/04\/tagebuch2-01.jpg","contentUrl":"https:\/\/www.heldenhaushalt.de\/sari02\/wp-content\/uploads\/2017\/04\/tagebuch2-01.jpg","width":800,"height":517,"caption":"Tagebuch"},{"@type":"BreadcrumbList","@id":"https:\/\/www.heldenhaushalt.de\/sari02\/index.php\/2017\/04\/04\/ein-monat-glueckstagebuch\/#breadcrumb","itemListElement":[{"@type":"ListItem","position":1,"name":"Startseite","item":"https:\/\/www.heldenhaushalt.de\/sari02\/"},{"@type":"ListItem","position":2,"name":"Ein Monat Gl&#252;ckstagebuch &#8211; Ein erstes Fazit"}]},{"@type":"WebSite","@id":"https:\/\/www.heldenhaushalt.de\/sari02\/#website","url":"https:\/\/www.heldenhaushalt.de\/sari02\/","name":"Heldenhaushalt","description":"Wer es ordentlich haben will, der muss vorher anrufen","publisher":{"@id":"https:\/\/www.heldenhaushalt.de\/sari02\/#\/schema\/person\/a1cc69f42a01f412eb62c151353814f6"},"potentialAction":[{"@type":"SearchAction","target":{"@type":"EntryPoint","urlTemplate":"https:\/\/www.heldenhaushalt.de\/sari02\/?s={search_term_string}"},"query-input":{"@type":"PropertyValueSpecification","valueRequired":true,"valueName":"search_term_string"}}],"inLanguage":"de"},{"@type":["Person","Organization"],"@id":"https:\/\/www.heldenhaushalt.de\/sari02\/#\/schema\/person\/a1cc69f42a01f412eb62c151353814f6","name":"Sari","image":{"@type":"ImageObject","inLanguage":"de","@id":"https:\/\/www.heldenhaushalt.de\/sari02\/wp-content\/uploads\/2019\/02\/sari-april2018.png","url":"https:\/\/www.heldenhaushalt.de\/sari02\/wp-content\/uploads\/2019\/02\/sari-april2018.png","contentUrl":"https:\/\/www.heldenhaushalt.de\/sari02\/wp-content\/uploads\/2019\/02\/sari-april2018.png","width":500,"height":500,"caption":"Sari"},"logo":{"@id":"https:\/\/www.heldenhaushalt.de\/sari02\/wp-content\/uploads\/2019\/02\/sari-april2018.png"},"description":"Frau Mondgras \u2013 Das bin ich, Sari. Gerne auch als Sari Mondgras bekannt und im Internet zu finden. 2-Fach-Mutter, Heldenehefrau, Kreativling, Harmonies\u00fcchtig und st\u00e4ndig auf der Suche nach Gl\u00fcck. Ich komme aus Berlin, bin hier aufgewachsen und lebe hier seit ich denken kann.","sameAs":["https:\/\/www.instagram.com\/heldenhaushalt\/"],"url":"https:\/\/www.heldenhaushalt.de\/sari02\/index.php\/author\/admin\/"}]}},"views":4420,"_links":{"self":[{"href":"https:\/\/www.heldenhaushalt.de\/sari02\/index.php\/wp-json\/wp\/v2\/posts\/32353","targetHints":{"allow":["GET"]}}],"collection":[{"href":"https:\/\/www.heldenhaushalt.de\/sari02\/index.php\/wp-json\/wp\/v2\/posts"}],"about":[{"href":"https:\/\/www.heldenhaushalt.de\/sari02\/index.php\/wp-json\/wp\/v2\/types\/post"}],"author":[{"embeddable":true,"href":"https:\/\/www.heldenhaushalt.de\/sari02\/index.php\/wp-json\/wp\/v2\/users\/1"}],"replies":[{"embeddable":true,"href":"https:\/\/www.heldenhaushalt.de\/sari02\/index.php\/wp-json\/wp\/v2\/comments?post=32353"}],"version-history":[{"count":2,"href":"https:\/\/www.heldenhaushalt.de\/sari02\/index.php\/wp-json\/wp\/v2\/posts\/32353\/revisions"}],"predecessor-version":[{"id":32396,"href":"https:\/\/www.heldenhaushalt.de\/sari02\/index.php\/wp-json\/wp\/v2\/posts\/32353\/revisions\/32396"}],"wp:featuredmedia":[{"embeddable":true,"href":"https:\/\/www.heldenhaushalt.de\/sari02\/index.php\/wp-json\/wp\/v2\/media\/32393"}],"wp:attachment":[{"href":"https:\/\/www.heldenhaushalt.de\/sari02\/index.php\/wp-json\/wp\/v2\/media?parent=32353"}],"wp:term":[{"taxonomy":"category","embeddable":true,"href":"https:\/\/www.heldenhaushalt.de\/sari02\/index.php\/wp-json\/wp\/v2\/categories?post=32353"},{"taxonomy":"post_tag","embeddable":true,"href":"https:\/\/www.heldenhaushalt.de\/sari02\/index.php\/wp-json\/wp\/v2\/tags?post=32353"}],"curies":[{"name":"wp","href":"https:\/\/api.w.org\/{rel}","templated":true}]}}