{"id":32412,"date":"2017-04-07T11:51:24","date_gmt":"2017-04-07T09:51:24","guid":{"rendered":"http:\/\/www.heldenhaushalt.de\/sari02\/?p=32412"},"modified":"2017-04-07T11:56:33","modified_gmt":"2017-04-07T09:56:33","slug":"freitags5-5-tage-5-fotos-im-april-01","status":"publish","type":"post","link":"https:\/\/www.heldenhaushalt.de\/sari02\/index.php\/2017\/04\/07\/freitags5-5-tage-5-fotos-im-april-01\/","title":{"rendered":"#Freitags5 \u2013 5 Tage 5 Fotos im April #01"},"content":{"rendered":"<p>Die Woche startete f&#252;r uns fr&#252;h in Frankfurt. Um 5 Uhr klingelte der Wecke und eine Stunde sp&#228;ter fanden wir uns schon auf der Autobahn Richtung Berlin wieder. Ab nach Hause und zur&#252;ck in den Alltag, der uns direkt auch wieder im Griff hatte&#8230; Ihr kennt das sicher.<\/p>\n<p style=\"text-align: center;\">***<\/p>\n<h2>Meine #Freitags5 #Freitagslieblinge<\/h2>\n<p><img loading=\"lazy\" decoding=\"async\" class=\"aligncenter size-full wp-image-32427\" src=\"http:\/\/www.heldenhaushalt.de\/sari02\/wp-content\/uploads\/2017\/04\/14-02.jpg\" alt=\"#Freitags5\" height=\"800\" width=\"800\" srcset=\"https:\/\/www.heldenhaushalt.de\/sari02\/wp-content\/uploads\/2017\/04\/14-02.jpg 800w, https:\/\/www.heldenhaushalt.de\/sari02\/wp-content\/uploads\/2017\/04\/14-02-150x150.jpg 150w, https:\/\/www.heldenhaushalt.de\/sari02\/wp-content\/uploads\/2017\/04\/14-02-300x300.jpg 300w, https:\/\/www.heldenhaushalt.de\/sari02\/wp-content\/uploads\/2017\/04\/14-02-768x768.jpg 768w, https:\/\/www.heldenhaushalt.de\/sari02\/wp-content\/uploads\/2017\/04\/14-02-600x600.jpg 600w, https:\/\/www.heldenhaushalt.de\/sari02\/wp-content\/uploads\/2017\/04\/14-02-660x660.jpg 660w, https:\/\/www.heldenhaushalt.de\/sari02\/wp-content\/uploads\/2017\/04\/14-02-373x373.jpg 373w\" sizes=\"auto, (max-width: 800px) 100vw, 800px\" \/><\/p>\n<p><strong>Meine Lieblingslekt&#252;re der Woche \u2013<\/strong> Ich bl&#228;ttere mich gerade in den ruhigen Minuten durch die aktuelle MOM Zeitung. Zu mehr habe ich einfach keine Ruhe im Kopf. Mal hier einen Artikel lesen, dort etwas &#252;berfliegen. Das Wetter ist mehr grau als sch&#246;n und die Motivation ist derzeit etwas ged&#228;mpft. Aber das kommt schon wieder&#8230;<strong><br \/>\n<\/strong><\/p>\n<p style=\"text-align: center;\">***<\/p>\n<p><img loading=\"lazy\" decoding=\"async\" class=\"aligncenter size-full wp-image-32426\" src=\"http:\/\/www.heldenhaushalt.de\/sari02\/wp-content\/uploads\/2017\/04\/14-01.jpg\" alt=\"#Freitags5\" height=\"800\" width=\"800\" srcset=\"https:\/\/www.heldenhaushalt.de\/sari02\/wp-content\/uploads\/2017\/04\/14-01.jpg 800w, https:\/\/www.heldenhaushalt.de\/sari02\/wp-content\/uploads\/2017\/04\/14-01-150x150.jpg 150w, https:\/\/www.heldenhaushalt.de\/sari02\/wp-content\/uploads\/2017\/04\/14-01-300x300.jpg 300w, https:\/\/www.heldenhaushalt.de\/sari02\/wp-content\/uploads\/2017\/04\/14-01-768x768.jpg 768w, https:\/\/www.heldenhaushalt.de\/sari02\/wp-content\/uploads\/2017\/04\/14-01-600x600.jpg 600w, https:\/\/www.heldenhaushalt.de\/sari02\/wp-content\/uploads\/2017\/04\/14-01-660x660.jpg 660w, https:\/\/www.heldenhaushalt.de\/sari02\/wp-content\/uploads\/2017\/04\/14-01-373x373.jpg 373w\" sizes=\"auto, (max-width: 800px) 100vw, 800px\" \/><\/p>\n<p><strong>Mein Lieblingsessen der Woche \u2013&nbsp;<\/strong> Ich habe mir nochmal ein Ofenbrot geg&#246;nnt. Das letzte, was mich gereizt hat war das mit Tomaten. Nun habe ich alle Sorten probiert, die mich angel&#228;chelt haben und ich bin nach wie vor begeistert. Als n&#228;chstes werde ich mal versuchen so ein Ofenbrot alleine zu machen.<strong><br \/>\n<\/strong><\/p>\n<p style=\"text-align: center;\">***<\/p>\n<p><img loading=\"lazy\" decoding=\"async\" class=\"aligncenter size-full wp-image-32429\" src=\"http:\/\/www.heldenhaushalt.de\/sari02\/wp-content\/uploads\/2017\/04\/14-04.jpg\" alt=\"#Freitags5\" height=\"800\" width=\"800\" srcset=\"https:\/\/www.heldenhaushalt.de\/sari02\/wp-content\/uploads\/2017\/04\/14-04.jpg 800w, https:\/\/www.heldenhaushalt.de\/sari02\/wp-content\/uploads\/2017\/04\/14-04-150x150.jpg 150w, https:\/\/www.heldenhaushalt.de\/sari02\/wp-content\/uploads\/2017\/04\/14-04-300x300.jpg 300w, https:\/\/www.heldenhaushalt.de\/sari02\/wp-content\/uploads\/2017\/04\/14-04-768x768.jpg 768w, https:\/\/www.heldenhaushalt.de\/sari02\/wp-content\/uploads\/2017\/04\/14-04-600x600.jpg 600w, https:\/\/www.heldenhaushalt.de\/sari02\/wp-content\/uploads\/2017\/04\/14-04-660x660.jpg 660w, https:\/\/www.heldenhaushalt.de\/sari02\/wp-content\/uploads\/2017\/04\/14-04-373x373.jpg 373w\" sizes=\"auto, (max-width: 800px) 100vw, 800px\" \/><\/p>\n<p><strong>Meinen Lieblingsmoment mit meinen Kindern<\/strong> \u2013 Als wir bei Maru und ihrer Familie waren, brachte ich die Kinder einen Abend gemeinsam in ein Bett. Der Miniheld fand es toll, dass sein kleiner Bruder neben ihm lag und tats&#228;chlich auch ganz schnell einschlief. Er war sehr stolz darauf, dass es ihm gelungen war, seinen kleinen Bruder ins Bett zu bringen. Seitdem fragt er mich st&#228;ndig, ob dieser nun auch mal hier zu Hause bei ihm schlafen k&#246;nne. Bisher haben wir das Experiment noch nicht gewagt, aber zumindest haben die beiden Kinder die Abende nun gemeinsam im Bett des Gro&#223;en verbracht, wo wir noch ein wenig zusammen gekuschelt und gelesen haben.<\/p>\n<p style=\"text-align: center;\">***<\/p>\n<p><img loading=\"lazy\" decoding=\"async\" class=\"aligncenter size-full wp-image-32428\" src=\"http:\/\/www.heldenhaushalt.de\/sari02\/wp-content\/uploads\/2017\/04\/14-03.jpg\" alt=\"#Freitags5\" height=\"800\" width=\"800\" srcset=\"https:\/\/www.heldenhaushalt.de\/sari02\/wp-content\/uploads\/2017\/04\/14-03.jpg 800w, https:\/\/www.heldenhaushalt.de\/sari02\/wp-content\/uploads\/2017\/04\/14-03-150x150.jpg 150w, https:\/\/www.heldenhaushalt.de\/sari02\/wp-content\/uploads\/2017\/04\/14-03-300x300.jpg 300w, https:\/\/www.heldenhaushalt.de\/sari02\/wp-content\/uploads\/2017\/04\/14-03-768x768.jpg 768w, https:\/\/www.heldenhaushalt.de\/sari02\/wp-content\/uploads\/2017\/04\/14-03-600x600.jpg 600w, https:\/\/www.heldenhaushalt.de\/sari02\/wp-content\/uploads\/2017\/04\/14-03-660x660.jpg 660w, https:\/\/www.heldenhaushalt.de\/sari02\/wp-content\/uploads\/2017\/04\/14-03-373x373.jpg 373w\" sizes=\"auto, (max-width: 800px) 100vw, 800px\" \/><\/p>\n<p><strong>Meinen Lieblings-Mama-Moment nur f&#252;r mich<\/strong> \u2013 Ich bin diese Woche irgendwie etwas m&#252;de und ausgelaugt. Daher genie&#223;e ich diese ein bis zwei Stunden, wo das Heldenkind schl&#228;ft und der Gro&#223;e in der Kita ist, sehr. Ich komme ein wenig zur Ruhe, werkel etwas rum und habe danach etwas mehr Energie f&#252;r den Rest des Tages.<\/p>\n<p style=\"text-align: center;\">***<\/p>\n<p><img loading=\"lazy\" decoding=\"async\" class=\"aligncenter size-full wp-image-32430\" src=\"http:\/\/www.heldenhaushalt.de\/sari02\/wp-content\/uploads\/2017\/04\/14-05.jpg\" alt=\"#Freitags5\" height=\"722\" width=\"800\" srcset=\"https:\/\/www.heldenhaushalt.de\/sari02\/wp-content\/uploads\/2017\/04\/14-05.jpg 800w, https:\/\/www.heldenhaushalt.de\/sari02\/wp-content\/uploads\/2017\/04\/14-05-300x271.jpg 300w, https:\/\/www.heldenhaushalt.de\/sari02\/wp-content\/uploads\/2017\/04\/14-05-768x693.jpg 768w, https:\/\/www.heldenhaushalt.de\/sari02\/wp-content\/uploads\/2017\/04\/14-05-600x542.jpg 600w\" sizes=\"auto, (max-width: 800px) 100vw, 800px\" \/><\/p>\n<p><strong>Meine Lieblings-Inspiration der Woche \u2013 <\/strong>Wir wollen ein Tipi f&#252;r die Kinder bauen. Daf&#252;r habe ich ein bisschen recherchiert und bin auf<a href=\"http:\/\/www.ichliebedeko.de\/diy\/wohnen-mit-kindern-ein-diy-tipi-als-spielecke-im-wohnzimmer.html\" target=\"_blank\"> diese tolle Anleitung<\/a> gestossen, an der wir uns vermutlich orientieren wollen. Mal sehen, ob es uns gelingt. Ansonsten gab es nat&#252;rlich auch in der Blogsph&#228;re wieder einiges, was sehenswert war: Richtig helfen: <a href=\"http:\/\/familieberlin.de\/2017\/04\/erste-hilfe-kurs-an-baby-und-kind\/\" target=\"_blank\">Erste Hilfe Kurs f&#252;r Baby und Kind<\/a> &#8211; <a href=\"https:\/\/schwesternliebeundwir.de\/oster-diy-haeschenglas-zum-verschenken\/\" target=\"_blank\">DIY H&#228;schenglas zum Verschenken<\/a> &#8211; <a href=\"http:\/\/sodapop-design.de\/2017\/03\/wallpaper-april\/\" target=\"_blank\">Wallpaper April<\/a> &#8211; <a href=\"http:\/\/www.papieraugen.de\/2017\/03\/kalenderblatt-april-2017-freebie.html\" target=\"_blank\">Kalenderblatt April 2017<\/a> &#8211; <a href=\"http:\/\/familieundstadt.de\/diy-wimpel-aus-tafelfolie\/\" target=\"_blank\">Wimpel aus Tafelfolie<\/a> &#8211; <a href=\"http:\/\/diekleinebotin.at\/2017\/04\/01\/diy-milchschnitte-rezept\/\" target=\"_blank\">Homemade Milchschnitte<\/a><strong><br \/>\n<\/strong><\/p>\n<p style=\"text-align: center;\">***<\/p>\n<p>Dieses Wochenende freue ich mich ganz besonders auf den Stoffmarkt. Ich brauche dringend schwarzen Jersey! Mehr bildhafte R&#252;ckblicke gibt es auch heute wieder bei <a href=\"http:\/\/berlinmittemom.com\/\" target=\"_blank\">BerlinMitteMom<\/a>.<\/p>\n<p><img loading=\"lazy\" decoding=\"async\" class=\" size-full wp-image-24841 alignright\" src=\"https:\/\/www.heldenhaushalt.de \/sari02\/wp-content\/uploads\/2015\/01\/sari-unter.jpg?resize=130%2C59\" alt=\"sari-unter\" data-attachment-id=\"24841\" data-permalink=\"http:\/\/www.heldenhaushalt.de\/sari02\/index.php\/2015\/01\/03\/sich-neu-erfinden\/sari-unter\/\" data-orig-file=\"http:\/\/www.heldenhaushalt.de\/sari02\/wp-content\/uploads\/2015\/01\/sari-unter.jpg\" data-orig-size=\"130,59\" data-comments-opened=\"1\" data-image-meta=\"{&quot;aperture&quot;:&quot;0&quot;,&quot;credit&quot;:&quot;&quot;,&quot;camera&quot;:&quot;&quot;,&quot;caption&quot;:&quot;&quot;,&quot;created_timestamp&quot;:&quot;0&quot;,&quot;copyright&quot;:&quot;&quot;,&quot;focal_length&quot;:&quot;0&quot;,&quot;iso&quot;:&quot;0&quot;,&quot;shutter_speed&quot;:&quot;0&quot;,&quot;title&quot;:&quot;&quot;,&quot;orientation&quot;:&quot;0&quot;}\" data-image-title=\"sari-unter\" data-image-description=\"\" data-medium-file=\"http:\/\/www.heldenhaushalt.de\/sari02\/wp-content\/uploads\/2015\/01\/sari-unter.jpg\" data-large-file=\"http:\/\/www.heldenhaushalt.de\/sari02\/wp-content\/uploads\/2015\/01\/sari-unter.jpg\" height=\"59\" width=\"130\"><\/p>\n<div class=\"sharedaddy sd-sharing-enabled\">\n<div class=\"robots-nocontent sd-block sd-social sd-social-icon sd-sharing\">\n<h3 class=\"sd-title\">&nbsp;<\/h3>\n<\/div>\n<\/div>\n","protected":false},"excerpt":{"rendered":"<p>Die Woche startete f&#252;r uns fr&#252;h in Frankfurt. Um 5 Uhr klingelte der Wecke und eine Stunde sp&#228;ter fanden wir uns schon auf der Autobahn Richtung Berlin wieder. Ab nach Hause und zur&#252;ck in den Alltag, der uns direkt auch wieder im Griff hatte&#8230; Ihr kennt das sicher. *** Meine #Freitags5 #Freitagslieblinge Meine Lieblingslekt&#252;re der Woche \u2013 Ich bl&#228;ttere mich gerade in den ruhigen Minuten durch die aktuelle MOM Zeitung. Zu mehr habe ich einfach keine Ruhe im Kopf. Mal hier einen Artikel lesen, dort etwas &#252;berfliegen. Das Wetter ist mehr grau als sch&#246;n und die Motivation ist derzeit etwas ged&#228;mpft. Aber das kommt schon wieder&#8230; *** Mein Lieblingsessen der Woche \u2013&nbsp; Ich habe mir nochmal ein Ofenbrot geg&#246;nnt. Das letzte, was mich gereizt hat war das mit Tomaten. Nun habe ich alle Sorten probiert, die mich angel&#228;chelt haben und ich bin nach wie vor begeistert. Als n&#228;chstes werde ich mal versuchen so ein Ofenbrot alleine zu machen. *** Meinen Lieblingsmoment mit meinen Kindern \u2013 Als wir bei Maru und ihrer Familie waren, brachte ich die Kinder einen Abend gemeinsam in ein Bett. Der Miniheld fand es toll, dass sein kleiner Bruder neben ihm lag und tats&#228;chlich auch ganz schnell einschlief. Er war sehr stolz darauf, dass es ihm gelungen war, seinen kleinen Bruder ins Bett zu bringen. Seitdem fragt er mich st&#228;ndig, ob dieser nun auch mal hier zu Hause bei ihm schlafen k&#246;nne. Bisher haben wir das Experiment noch nicht gewagt, aber zumindest haben die beiden Kinder die Abende nun gemeinsam im Bett des Gro&#223;en verbracht, wo wir noch ein wenig zusammen gekuschelt und gelesen haben. *** Meinen Lieblings-Mama-Moment nur f&#252;r mich \u2013 Ich bin diese Woche irgendwie etwas m&#252;de und ausgelaugt. Daher genie&#223;e ich diese ein bis zwei Stunden, wo das Heldenkind schl&#228;ft und der Gro&#223;e in der Kita ist, sehr. Ich komme ein wenig zur Ruhe, werkel etwas rum und habe danach etwas mehr Energie f&#252;r den Rest des Tages. *** Meine Lieblings-Inspiration der Woche \u2013 Wir wollen ein Tipi f&#252;r die Kinder bauen. Daf&#252;r habe ich ein bisschen recherchiert und bin auf diese tolle Anleitung gestossen, an der wir uns vermutlich orientieren wollen. Mal sehen, ob es uns gelingt. Ansonsten gab es nat&#252;rlich auch in der Blogsph&#228;re wieder einiges, was sehenswert war: Richtig helfen: Erste Hilfe Kurs f&#252;r Baby und Kind &#8211; DIY H&#228;schenglas zum Verschenken &#8211; Wallpaper April &#8211; Kalenderblatt April 2017 &#8211; Wimpel aus Tafelfolie &#8211; Homemade Milchschnitte *** Dieses Wochenende freue ich mich ganz besonders auf den Stoffmarkt. Ich brauche dringend schwarzen Jersey! Mehr bildhafte R&#252;ckblicke gibt es auch heute wieder bei BerlinMitteMom. &nbsp;<\/p>\n","protected":false},"author":1,"featured_media":32428,"comment_status":"open","ping_status":"open","sticky":false,"template":"","format":"standard","meta":{"ngg_post_thumbnail":0,"footnotes":""},"categories":[323,49],"tags":[416,81,199,1270,599,600,1199],"class_list":["post-32412","post","type-post","status-publish","format-standard","has-post-thumbnail","hentry","category-alltag","category-blogspaehre","tag-inspiration","tag-kinder","tag-rueckblick","tag-tipi","tag-wib","tag-wochenende-in-bildern","tag-zusammenfassung"],"yoast_head":"<!-- This site is optimized with the Yoast SEO plugin v27.4 - https:\/\/yoast.com\/product\/yoast-seo-wordpress\/ -->\n<title>#Freitags5 \u2013 5 Tage 5 Fotos im April #01 - Heldenhaushalt<\/title>\n<meta name=\"description\" content=\"Ab nach Hause und zur\u00fcck in den Alltag, der uns direkt auch wieder im Griff hatte... Ihr kennt das sicher. Meine #Freitags5 #Freitagslieblinge\" \/>\n<meta name=\"robots\" content=\"index, follow, max-snippet:-1, max-image-preview:large, max-video-preview:-1\" \/>\n<link rel=\"canonical\" href=\"https:\/\/www.heldenhaushalt.de\/sari02\/index.php\/2017\/04\/07\/freitags5-5-tage-5-fotos-im-april-01\/\" \/>\n<meta property=\"og:locale\" content=\"de_DE\" \/>\n<meta property=\"og:type\" content=\"article\" \/>\n<meta property=\"og:title\" content=\"#Freitags5 \u2013 5 Tage 5 Fotos im April #01 - Heldenhaushalt\" \/>\n<meta property=\"og:description\" content=\"Ab nach Hause und zur\u00fcck in den Alltag, der uns direkt auch wieder im Griff hatte... Ihr kennt das sicher. Meine #Freitags5 #Freitagslieblinge\" \/>\n<meta property=\"og:url\" content=\"https:\/\/www.heldenhaushalt.de\/sari02\/index.php\/2017\/04\/07\/freitags5-5-tage-5-fotos-im-april-01\/\" \/>\n<meta property=\"og:site_name\" content=\"Heldenhaushalt\" \/>\n<meta property=\"article:published_time\" content=\"2017-04-07T09:51:24+00:00\" \/>\n<meta property=\"article:modified_time\" content=\"2017-04-07T09:56:33+00:00\" \/>\n<meta property=\"og:image\" content=\"https:\/\/www.heldenhaushalt.de\/sari02\/wp-content\/uploads\/2017\/04\/14-03.jpg\" \/>\n\t<meta property=\"og:image:width\" content=\"800\" \/>\n\t<meta property=\"og:image:height\" content=\"800\" \/>\n\t<meta property=\"og:image:type\" content=\"image\/jpeg\" \/>\n<meta name=\"author\" content=\"Sari\" \/>\n<meta name=\"twitter:card\" content=\"summary_large_image\" \/>\n<meta name=\"twitter:creator\" content=\"@Heldenhaushalt\" \/>\n<meta name=\"twitter:site\" content=\"@Heldenhaushalt\" \/>\n<meta name=\"twitter:label1\" content=\"Verfasst von\" \/>\n\t<meta name=\"twitter:data1\" content=\"Sari\" \/>\n\t<meta name=\"twitter:label2\" content=\"Gesch\u00e4tzte Lesezeit\" \/>\n\t<meta name=\"twitter:data2\" content=\"2\u00a0Minuten\" \/>\n<script type=\"application\/ld+json\" class=\"yoast-schema-graph\">{\"@context\":\"https:\\\/\\\/schema.org\",\"@graph\":[{\"@type\":\"Article\",\"@id\":\"https:\\\/\\\/www.heldenhaushalt.de\\\/sari02\\\/index.php\\\/2017\\\/04\\\/07\\\/freitags5-5-tage-5-fotos-im-april-01\\\/#article\",\"isPartOf\":{\"@id\":\"https:\\\/\\\/www.heldenhaushalt.de\\\/sari02\\\/index.php\\\/2017\\\/04\\\/07\\\/freitags5-5-tage-5-fotos-im-april-01\\\/\"},\"author\":{\"name\":\"Sari\",\"@id\":\"https:\\\/\\\/www.heldenhaushalt.de\\\/sari02\\\/#\\\/schema\\\/person\\\/a1cc69f42a01f412eb62c151353814f6\"},\"headline\":\"#Freitags5 \u2013 5 Tage 5 Fotos im April #01\",\"datePublished\":\"2017-04-07T09:51:24+00:00\",\"dateModified\":\"2017-04-07T09:56:33+00:00\",\"mainEntityOfPage\":{\"@id\":\"https:\\\/\\\/www.heldenhaushalt.de\\\/sari02\\\/index.php\\\/2017\\\/04\\\/07\\\/freitags5-5-tage-5-fotos-im-april-01\\\/\"},\"wordCount\":453,\"commentCount\":2,\"publisher\":{\"@id\":\"https:\\\/\\\/www.heldenhaushalt.de\\\/sari02\\\/#\\\/schema\\\/person\\\/a1cc69f42a01f412eb62c151353814f6\"},\"image\":{\"@id\":\"https:\\\/\\\/www.heldenhaushalt.de\\\/sari02\\\/index.php\\\/2017\\\/04\\\/07\\\/freitags5-5-tage-5-fotos-im-april-01\\\/#primaryimage\"},\"thumbnailUrl\":\"https:\\\/\\\/www.heldenhaushalt.de\\\/sari02\\\/wp-content\\\/uploads\\\/2017\\\/04\\\/14-03.jpg\",\"keywords\":[\"Inspiration\",\"Kinder\",\"R\u00fcckblick\",\"Tipi\",\"WIB\",\"Wochenende in Bildern\",\"Zusammenfassung\"],\"articleSection\":[\"Alltagschaos\",\"Blogsph\u00e4re\"],\"inLanguage\":\"de\",\"potentialAction\":[{\"@type\":\"CommentAction\",\"name\":\"Comment\",\"target\":[\"https:\\\/\\\/www.heldenhaushalt.de\\\/sari02\\\/index.php\\\/2017\\\/04\\\/07\\\/freitags5-5-tage-5-fotos-im-april-01\\\/#respond\"]}]},{\"@type\":\"WebPage\",\"@id\":\"https:\\\/\\\/www.heldenhaushalt.de\\\/sari02\\\/index.php\\\/2017\\\/04\\\/07\\\/freitags5-5-tage-5-fotos-im-april-01\\\/\",\"url\":\"https:\\\/\\\/www.heldenhaushalt.de\\\/sari02\\\/index.php\\\/2017\\\/04\\\/07\\\/freitags5-5-tage-5-fotos-im-april-01\\\/\",\"name\":\"#Freitags5 \u2013 5 Tage 5 Fotos im April #01 - Heldenhaushalt\",\"isPartOf\":{\"@id\":\"https:\\\/\\\/www.heldenhaushalt.de\\\/sari02\\\/#website\"},\"primaryImageOfPage\":{\"@id\":\"https:\\\/\\\/www.heldenhaushalt.de\\\/sari02\\\/index.php\\\/2017\\\/04\\\/07\\\/freitags5-5-tage-5-fotos-im-april-01\\\/#primaryimage\"},\"image\":{\"@id\":\"https:\\\/\\\/www.heldenhaushalt.de\\\/sari02\\\/index.php\\\/2017\\\/04\\\/07\\\/freitags5-5-tage-5-fotos-im-april-01\\\/#primaryimage\"},\"thumbnailUrl\":\"https:\\\/\\\/www.heldenhaushalt.de\\\/sari02\\\/wp-content\\\/uploads\\\/2017\\\/04\\\/14-03.jpg\",\"datePublished\":\"2017-04-07T09:51:24+00:00\",\"dateModified\":\"2017-04-07T09:56:33+00:00\",\"description\":\"Ab nach Hause und zur\u00fcck in den Alltag, der uns direkt auch wieder im Griff hatte... Ihr kennt das sicher. Meine #Freitags5 #Freitagslieblinge\",\"breadcrumb\":{\"@id\":\"https:\\\/\\\/www.heldenhaushalt.de\\\/sari02\\\/index.php\\\/2017\\\/04\\\/07\\\/freitags5-5-tage-5-fotos-im-april-01\\\/#breadcrumb\"},\"inLanguage\":\"de\",\"potentialAction\":[{\"@type\":\"ReadAction\",\"target\":[\"https:\\\/\\\/www.heldenhaushalt.de\\\/sari02\\\/index.php\\\/2017\\\/04\\\/07\\\/freitags5-5-tage-5-fotos-im-april-01\\\/\"]}]},{\"@type\":\"ImageObject\",\"inLanguage\":\"de\",\"@id\":\"https:\\\/\\\/www.heldenhaushalt.de\\\/sari02\\\/index.php\\\/2017\\\/04\\\/07\\\/freitags5-5-tage-5-fotos-im-april-01\\\/#primaryimage\",\"url\":\"https:\\\/\\\/www.heldenhaushalt.de\\\/sari02\\\/wp-content\\\/uploads\\\/2017\\\/04\\\/14-03.jpg\",\"contentUrl\":\"https:\\\/\\\/www.heldenhaushalt.de\\\/sari02\\\/wp-content\\\/uploads\\\/2017\\\/04\\\/14-03.jpg\",\"width\":800,\"height\":800,\"caption\":\"#Freitags5\"},{\"@type\":\"BreadcrumbList\",\"@id\":\"https:\\\/\\\/www.heldenhaushalt.de\\\/sari02\\\/index.php\\\/2017\\\/04\\\/07\\\/freitags5-5-tage-5-fotos-im-april-01\\\/#breadcrumb\",\"itemListElement\":[{\"@type\":\"ListItem\",\"position\":1,\"name\":\"Startseite\",\"item\":\"https:\\\/\\\/www.heldenhaushalt.de\\\/sari02\\\/\"},{\"@type\":\"ListItem\",\"position\":2,\"name\":\"#Freitags5 \u2013 5 Tage 5 Fotos im April #01\"}]},{\"@type\":\"WebSite\",\"@id\":\"https:\\\/\\\/www.heldenhaushalt.de\\\/sari02\\\/#website\",\"url\":\"https:\\\/\\\/www.heldenhaushalt.de\\\/sari02\\\/\",\"name\":\"Heldenhaushalt\",\"description\":\"Wer es ordentlich haben will, der muss vorher anrufen\",\"publisher\":{\"@id\":\"https:\\\/\\\/www.heldenhaushalt.de\\\/sari02\\\/#\\\/schema\\\/person\\\/a1cc69f42a01f412eb62c151353814f6\"},\"potentialAction\":[{\"@type\":\"SearchAction\",\"target\":{\"@type\":\"EntryPoint\",\"urlTemplate\":\"https:\\\/\\\/www.heldenhaushalt.de\\\/sari02\\\/?s={search_term_string}\"},\"query-input\":{\"@type\":\"PropertyValueSpecification\",\"valueRequired\":true,\"valueName\":\"search_term_string\"}}],\"inLanguage\":\"de\"},{\"@type\":[\"Person\",\"Organization\"],\"@id\":\"https:\\\/\\\/www.heldenhaushalt.de\\\/sari02\\\/#\\\/schema\\\/person\\\/a1cc69f42a01f412eb62c151353814f6\",\"name\":\"Sari\",\"image\":{\"@type\":\"ImageObject\",\"inLanguage\":\"de\",\"@id\":\"https:\\\/\\\/www.heldenhaushalt.de\\\/sari02\\\/wp-content\\\/uploads\\\/2019\\\/02\\\/sari-april2018.png\",\"url\":\"https:\\\/\\\/www.heldenhaushalt.de\\\/sari02\\\/wp-content\\\/uploads\\\/2019\\\/02\\\/sari-april2018.png\",\"contentUrl\":\"https:\\\/\\\/www.heldenhaushalt.de\\\/sari02\\\/wp-content\\\/uploads\\\/2019\\\/02\\\/sari-april2018.png\",\"width\":500,\"height\":500,\"caption\":\"Sari\"},\"logo\":{\"@id\":\"https:\\\/\\\/www.heldenhaushalt.de\\\/sari02\\\/wp-content\\\/uploads\\\/2019\\\/02\\\/sari-april2018.png\"},\"description\":\"Frau Mondgras \u2013 Das bin ich, Sari. Gerne auch als Sari Mondgras bekannt und im Internet zu finden. 2-Fach-Mutter, Heldenehefrau, Kreativling, Harmonies\u00fcchtig und st\u00e4ndig auf der Suche nach Gl\u00fcck. Ich komme aus Berlin, bin hier aufgewachsen und lebe hier seit ich denken kann.\",\"sameAs\":[\"https:\\\/\\\/www.instagram.com\\\/heldenhaushalt\\\/\"],\"url\":\"https:\\\/\\\/www.heldenhaushalt.de\\\/sari02\\\/index.php\\\/author\\\/admin\\\/\"}]}<\/script>\n<!-- \/ Yoast SEO plugin. -->","yoast_head_json":{"title":"#Freitags5 \u2013 5 Tage 5 Fotos im April #01 - Heldenhaushalt","description":"Ab nach Hause und zur\u00fcck in den Alltag, der uns direkt auch wieder im Griff hatte... Ihr kennt das sicher. Meine #Freitags5 #Freitagslieblinge","robots":{"index":"index","follow":"follow","max-snippet":"max-snippet:-1","max-image-preview":"max-image-preview:large","max-video-preview":"max-video-preview:-1"},"canonical":"https:\/\/www.heldenhaushalt.de\/sari02\/index.php\/2017\/04\/07\/freitags5-5-tage-5-fotos-im-april-01\/","og_locale":"de_DE","og_type":"article","og_title":"#Freitags5 \u2013 5 Tage 5 Fotos im April #01 - Heldenhaushalt","og_description":"Ab nach Hause und zur\u00fcck in den Alltag, der uns direkt auch wieder im Griff hatte... Ihr kennt das sicher. Meine #Freitags5 #Freitagslieblinge","og_url":"https:\/\/www.heldenhaushalt.de\/sari02\/index.php\/2017\/04\/07\/freitags5-5-tage-5-fotos-im-april-01\/","og_site_name":"Heldenhaushalt","article_published_time":"2017-04-07T09:51:24+00:00","article_modified_time":"2017-04-07T09:56:33+00:00","og_image":[{"width":800,"height":800,"url":"https:\/\/www.heldenhaushalt.de\/sari02\/wp-content\/uploads\/2017\/04\/14-03.jpg","type":"image\/jpeg"}],"author":"Sari","twitter_card":"summary_large_image","twitter_creator":"@Heldenhaushalt","twitter_site":"@Heldenhaushalt","twitter_misc":{"Verfasst von":"Sari","Gesch\u00e4tzte Lesezeit":"2\u00a0Minuten"},"schema":{"@context":"https:\/\/schema.org","@graph":[{"@type":"Article","@id":"https:\/\/www.heldenhaushalt.de\/sari02\/index.php\/2017\/04\/07\/freitags5-5-tage-5-fotos-im-april-01\/#article","isPartOf":{"@id":"https:\/\/www.heldenhaushalt.de\/sari02\/index.php\/2017\/04\/07\/freitags5-5-tage-5-fotos-im-april-01\/"},"author":{"name":"Sari","@id":"https:\/\/www.heldenhaushalt.de\/sari02\/#\/schema\/person\/a1cc69f42a01f412eb62c151353814f6"},"headline":"#Freitags5 \u2013 5 Tage 5 Fotos im April #01","datePublished":"2017-04-07T09:51:24+00:00","dateModified":"2017-04-07T09:56:33+00:00","mainEntityOfPage":{"@id":"https:\/\/www.heldenhaushalt.de\/sari02\/index.php\/2017\/04\/07\/freitags5-5-tage-5-fotos-im-april-01\/"},"wordCount":453,"commentCount":2,"publisher":{"@id":"https:\/\/www.heldenhaushalt.de\/sari02\/#\/schema\/person\/a1cc69f42a01f412eb62c151353814f6"},"image":{"@id":"https:\/\/www.heldenhaushalt.de\/sari02\/index.php\/2017\/04\/07\/freitags5-5-tage-5-fotos-im-april-01\/#primaryimage"},"thumbnailUrl":"https:\/\/www.heldenhaushalt.de\/sari02\/wp-content\/uploads\/2017\/04\/14-03.jpg","keywords":["Inspiration","Kinder","R\u00fcckblick","Tipi","WIB","Wochenende in Bildern","Zusammenfassung"],"articleSection":["Alltagschaos","Blogsph\u00e4re"],"inLanguage":"de","potentialAction":[{"@type":"CommentAction","name":"Comment","target":["https:\/\/www.heldenhaushalt.de\/sari02\/index.php\/2017\/04\/07\/freitags5-5-tage-5-fotos-im-april-01\/#respond"]}]},{"@type":"WebPage","@id":"https:\/\/www.heldenhaushalt.de\/sari02\/index.php\/2017\/04\/07\/freitags5-5-tage-5-fotos-im-april-01\/","url":"https:\/\/www.heldenhaushalt.de\/sari02\/index.php\/2017\/04\/07\/freitags5-5-tage-5-fotos-im-april-01\/","name":"#Freitags5 \u2013 5 Tage 5 Fotos im April #01 - Heldenhaushalt","isPartOf":{"@id":"https:\/\/www.heldenhaushalt.de\/sari02\/#website"},"primaryImageOfPage":{"@id":"https:\/\/www.heldenhaushalt.de\/sari02\/index.php\/2017\/04\/07\/freitags5-5-tage-5-fotos-im-april-01\/#primaryimage"},"image":{"@id":"https:\/\/www.heldenhaushalt.de\/sari02\/index.php\/2017\/04\/07\/freitags5-5-tage-5-fotos-im-april-01\/#primaryimage"},"thumbnailUrl":"https:\/\/www.heldenhaushalt.de\/sari02\/wp-content\/uploads\/2017\/04\/14-03.jpg","datePublished":"2017-04-07T09:51:24+00:00","dateModified":"2017-04-07T09:56:33+00:00","description":"Ab nach Hause und zur\u00fcck in den Alltag, der uns direkt auch wieder im Griff hatte... Ihr kennt das sicher. Meine #Freitags5 #Freitagslieblinge","breadcrumb":{"@id":"https:\/\/www.heldenhaushalt.de\/sari02\/index.php\/2017\/04\/07\/freitags5-5-tage-5-fotos-im-april-01\/#breadcrumb"},"inLanguage":"de","potentialAction":[{"@type":"ReadAction","target":["https:\/\/www.heldenhaushalt.de\/sari02\/index.php\/2017\/04\/07\/freitags5-5-tage-5-fotos-im-april-01\/"]}]},{"@type":"ImageObject","inLanguage":"de","@id":"https:\/\/www.heldenhaushalt.de\/sari02\/index.php\/2017\/04\/07\/freitags5-5-tage-5-fotos-im-april-01\/#primaryimage","url":"https:\/\/www.heldenhaushalt.de\/sari02\/wp-content\/uploads\/2017\/04\/14-03.jpg","contentUrl":"https:\/\/www.heldenhaushalt.de\/sari02\/wp-content\/uploads\/2017\/04\/14-03.jpg","width":800,"height":800,"caption":"#Freitags5"},{"@type":"BreadcrumbList","@id":"https:\/\/www.heldenhaushalt.de\/sari02\/index.php\/2017\/04\/07\/freitags5-5-tage-5-fotos-im-april-01\/#breadcrumb","itemListElement":[{"@type":"ListItem","position":1,"name":"Startseite","item":"https:\/\/www.heldenhaushalt.de\/sari02\/"},{"@type":"ListItem","position":2,"name":"#Freitags5 \u2013 5 Tage 5 Fotos im April #01"}]},{"@type":"WebSite","@id":"https:\/\/www.heldenhaushalt.de\/sari02\/#website","url":"https:\/\/www.heldenhaushalt.de\/sari02\/","name":"Heldenhaushalt","description":"Wer es ordentlich haben will, der muss vorher anrufen","publisher":{"@id":"https:\/\/www.heldenhaushalt.de\/sari02\/#\/schema\/person\/a1cc69f42a01f412eb62c151353814f6"},"potentialAction":[{"@type":"SearchAction","target":{"@type":"EntryPoint","urlTemplate":"https:\/\/www.heldenhaushalt.de\/sari02\/?s={search_term_string}"},"query-input":{"@type":"PropertyValueSpecification","valueRequired":true,"valueName":"search_term_string"}}],"inLanguage":"de"},{"@type":["Person","Organization"],"@id":"https:\/\/www.heldenhaushalt.de\/sari02\/#\/schema\/person\/a1cc69f42a01f412eb62c151353814f6","name":"Sari","image":{"@type":"ImageObject","inLanguage":"de","@id":"https:\/\/www.heldenhaushalt.de\/sari02\/wp-content\/uploads\/2019\/02\/sari-april2018.png","url":"https:\/\/www.heldenhaushalt.de\/sari02\/wp-content\/uploads\/2019\/02\/sari-april2018.png","contentUrl":"https:\/\/www.heldenhaushalt.de\/sari02\/wp-content\/uploads\/2019\/02\/sari-april2018.png","width":500,"height":500,"caption":"Sari"},"logo":{"@id":"https:\/\/www.heldenhaushalt.de\/sari02\/wp-content\/uploads\/2019\/02\/sari-april2018.png"},"description":"Frau Mondgras \u2013 Das bin ich, Sari. Gerne auch als Sari Mondgras bekannt und im Internet zu finden. 2-Fach-Mutter, Heldenehefrau, Kreativling, Harmonies\u00fcchtig und st\u00e4ndig auf der Suche nach Gl\u00fcck. Ich komme aus Berlin, bin hier aufgewachsen und lebe hier seit ich denken kann.","sameAs":["https:\/\/www.instagram.com\/heldenhaushalt\/"],"url":"https:\/\/www.heldenhaushalt.de\/sari02\/index.php\/author\/admin\/"}]}},"views":4581,"_links":{"self":[{"href":"https:\/\/www.heldenhaushalt.de\/sari02\/index.php\/wp-json\/wp\/v2\/posts\/32412","targetHints":{"allow":["GET"]}}],"collection":[{"href":"https:\/\/www.heldenhaushalt.de\/sari02\/index.php\/wp-json\/wp\/v2\/posts"}],"about":[{"href":"https:\/\/www.heldenhaushalt.de\/sari02\/index.php\/wp-json\/wp\/v2\/types\/post"}],"author":[{"embeddable":true,"href":"https:\/\/www.heldenhaushalt.de\/sari02\/index.php\/wp-json\/wp\/v2\/users\/1"}],"replies":[{"embeddable":true,"href":"https:\/\/www.heldenhaushalt.de\/sari02\/index.php\/wp-json\/wp\/v2\/comments?post=32412"}],"version-history":[{"count":2,"href":"https:\/\/www.heldenhaushalt.de\/sari02\/index.php\/wp-json\/wp\/v2\/posts\/32412\/revisions"}],"predecessor-version":[{"id":32431,"href":"https:\/\/www.heldenhaushalt.de\/sari02\/index.php\/wp-json\/wp\/v2\/posts\/32412\/revisions\/32431"}],"wp:featuredmedia":[{"embeddable":true,"href":"https:\/\/www.heldenhaushalt.de\/sari02\/index.php\/wp-json\/wp\/v2\/media\/32428"}],"wp:attachment":[{"href":"https:\/\/www.heldenhaushalt.de\/sari02\/index.php\/wp-json\/wp\/v2\/media?parent=32412"}],"wp:term":[{"taxonomy":"category","embeddable":true,"href":"https:\/\/www.heldenhaushalt.de\/sari02\/index.php\/wp-json\/wp\/v2\/categories?post=32412"},{"taxonomy":"post_tag","embeddable":true,"href":"https:\/\/www.heldenhaushalt.de\/sari02\/index.php\/wp-json\/wp\/v2\/tags?post=32412"}],"curies":[{"name":"wp","href":"https:\/\/api.w.org\/{rel}","templated":true}]}}