{"id":32544,"date":"2017-04-14T10:00:42","date_gmt":"2017-04-14T08:00:42","guid":{"rendered":"http:\/\/www.heldenhaushalt.de\/sari02\/?p=32544"},"modified":"2017-04-15T14:03:49","modified_gmt":"2017-04-15T12:03:49","slug":"freitags5-5-tage-5-fotos-im-april-02","status":"publish","type":"post","link":"https:\/\/www.heldenhaushalt.de\/sari02\/index.php\/2017\/04\/14\/freitags5-5-tage-5-fotos-im-april-02\/","title":{"rendered":"#Freitags5 \u2013 5 Tage 5 Fotos im April #02"},"content":{"rendered":"<p>Nach dem letzten, fast schon sommerlichen Wochenende war das Wetter diese Woche echt ern&#252;chternd. Das zeigte sich beim Minihelden und mir auch durch leichten Kopfdruck. Nat&#252;rlich waren wir auch etwas gefrustet, weil wir nach T-Shirt Wetter bereits einen Tag sp&#228;ter schon wieder die dicken Jacken hervor kramen mussten.<\/p>\n<p style=\"text-align: center;\">***<\/p>\n<h2>Meine #Freitags5 #Freitagslieblinge<\/h2>\n<p><img loading=\"lazy\" decoding=\"async\" class=\"aligncenter size-full wp-image-32549\" src=\"http:\/\/www.heldenhaushalt.de\/sari02\/wp-content\/uploads\/2017\/04\/15-04.jpg\" alt=\"#Freitags5\" height=\"800\" width=\"800\" srcset=\"https:\/\/www.heldenhaushalt.de\/sari02\/wp-content\/uploads\/2017\/04\/15-04.jpg 800w, https:\/\/www.heldenhaushalt.de\/sari02\/wp-content\/uploads\/2017\/04\/15-04-150x150.jpg 150w, https:\/\/www.heldenhaushalt.de\/sari02\/wp-content\/uploads\/2017\/04\/15-04-300x300.jpg 300w, https:\/\/www.heldenhaushalt.de\/sari02\/wp-content\/uploads\/2017\/04\/15-04-768x768.jpg 768w, https:\/\/www.heldenhaushalt.de\/sari02\/wp-content\/uploads\/2017\/04\/15-04-600x600.jpg 600w, https:\/\/www.heldenhaushalt.de\/sari02\/wp-content\/uploads\/2017\/04\/15-04-660x660.jpg 660w, https:\/\/www.heldenhaushalt.de\/sari02\/wp-content\/uploads\/2017\/04\/15-04-373x373.jpg 373w\" sizes=\"auto, (max-width: 800px) 100vw, 800px\" \/><\/p>\n<p><strong>Meine Lieblingslekt&#252;re der Woche \u2013<\/strong> Dieser Punkt jede Woche f&#252;hrt mir deutlich vor Augen, wie selten ich Zeit zum Lesen finde. Mein Blick fiel ab und an in die Zeitung &#8220;Wirbelwind&#8221;, die der letzten Sandspielzeug Bestellung bei lag. Manchmal findet man ja doch spannende Artikel darin. Kennt Ihr die? Lesenswert bzw. Sehenswert fand ich allerdings <a href=\"http:\/\/umdieheissewindel.blogspot.de\/2017\/04\/vier-grunde-weshalb-brei-zum-heulen-ist.html\" target=\"_blank\">den kleinen Comic hier<\/a>! <strong><br \/>\n<\/strong><\/p>\n<p style=\"text-align: center;\">***<\/p>\n<p><img loading=\"lazy\" decoding=\"async\" class=\"aligncenter size-full wp-image-32548\" src=\"http:\/\/www.heldenhaushalt.de\/sari02\/wp-content\/uploads\/2017\/04\/15-03.jpg\" alt=\"#Freitags5\" height=\"800\" width=\"800\" srcset=\"https:\/\/www.heldenhaushalt.de\/sari02\/wp-content\/uploads\/2017\/04\/15-03.jpg 800w, https:\/\/www.heldenhaushalt.de\/sari02\/wp-content\/uploads\/2017\/04\/15-03-150x150.jpg 150w, https:\/\/www.heldenhaushalt.de\/sari02\/wp-content\/uploads\/2017\/04\/15-03-300x300.jpg 300w, https:\/\/www.heldenhaushalt.de\/sari02\/wp-content\/uploads\/2017\/04\/15-03-768x768.jpg 768w, https:\/\/www.heldenhaushalt.de\/sari02\/wp-content\/uploads\/2017\/04\/15-03-600x600.jpg 600w, https:\/\/www.heldenhaushalt.de\/sari02\/wp-content\/uploads\/2017\/04\/15-03-660x660.jpg 660w, https:\/\/www.heldenhaushalt.de\/sari02\/wp-content\/uploads\/2017\/04\/15-03-373x373.jpg 373w\" sizes=\"auto, (max-width: 800px) 100vw, 800px\" \/><\/p>\n<p><strong>Mein Lieblingsessen der Woche \u2013&nbsp;<\/strong> Ich glaube ja, dass ich inzwischen s&#252;chtig bin. Beim Wocheneinkauf entdeckte ich tats&#228;chlich eine Sorte Ofenbrot, die ich noch nicht kannte. Mit gr&#252;nem Spargel. Yammi!<strong><br \/>\n<\/strong><\/p>\n<p style=\"text-align: center;\">***<\/p>\n<p><img loading=\"lazy\" decoding=\"async\" class=\"aligncenter size-full wp-image-32547\" src=\"http:\/\/www.heldenhaushalt.de\/sari02\/wp-content\/uploads\/2017\/04\/15-02.jpg\" alt=\"#Freitags5\" height=\"800\" width=\"800\" srcset=\"https:\/\/www.heldenhaushalt.de\/sari02\/wp-content\/uploads\/2017\/04\/15-02.jpg 800w, https:\/\/www.heldenhaushalt.de\/sari02\/wp-content\/uploads\/2017\/04\/15-02-150x150.jpg 150w, https:\/\/www.heldenhaushalt.de\/sari02\/wp-content\/uploads\/2017\/04\/15-02-300x300.jpg 300w, https:\/\/www.heldenhaushalt.de\/sari02\/wp-content\/uploads\/2017\/04\/15-02-768x768.jpg 768w, https:\/\/www.heldenhaushalt.de\/sari02\/wp-content\/uploads\/2017\/04\/15-02-600x600.jpg 600w, https:\/\/www.heldenhaushalt.de\/sari02\/wp-content\/uploads\/2017\/04\/15-02-660x660.jpg 660w, https:\/\/www.heldenhaushalt.de\/sari02\/wp-content\/uploads\/2017\/04\/15-02-373x373.jpg 373w\" sizes=\"auto, (max-width: 800px) 100vw, 800px\" \/><\/p>\n<p><strong>Meinen Lieblingsmoment mit meinen Kindern<\/strong> \u2013 Regent&#228;nze. Besonders sch&#246;n im Sommer. Wenn es warm ist und der Regen nicht so einen Sch&#252;ttelfrost verursacht, wie es aktuell noch der Fall ist. Ich habe es geliebt als Kind bei Sommerregen drau&#223;en zu sein. Aber ich kann auch verstehen, dass Kinder es lieben in voller Regenmontur bei so einem Mistwetter von Pf&#252;tze zu Pf&#252;tze zu springen. Ich liebe es aber auch, wenn die Kinder ganz spontan mit einer Bastelidee um die Ecke kommen und sie einfach und teilweise ganz alleine umsetzen!<\/p>\n<p style=\"text-align: center;\">***<\/p>\n<p><img loading=\"lazy\" decoding=\"async\" class=\"aligncenter size-full wp-image-32546\" src=\"http:\/\/www.heldenhaushalt.de\/sari02\/wp-content\/uploads\/2017\/04\/15-01.jpg\" alt=\"#Freitags5\" height=\"800\" width=\"800\" srcset=\"https:\/\/www.heldenhaushalt.de\/sari02\/wp-content\/uploads\/2017\/04\/15-01.jpg 800w, https:\/\/www.heldenhaushalt.de\/sari02\/wp-content\/uploads\/2017\/04\/15-01-150x150.jpg 150w, https:\/\/www.heldenhaushalt.de\/sari02\/wp-content\/uploads\/2017\/04\/15-01-300x300.jpg 300w, https:\/\/www.heldenhaushalt.de\/sari02\/wp-content\/uploads\/2017\/04\/15-01-768x768.jpg 768w, https:\/\/www.heldenhaushalt.de\/sari02\/wp-content\/uploads\/2017\/04\/15-01-600x600.jpg 600w, https:\/\/www.heldenhaushalt.de\/sari02\/wp-content\/uploads\/2017\/04\/15-01-660x660.jpg 660w, https:\/\/www.heldenhaushalt.de\/sari02\/wp-content\/uploads\/2017\/04\/15-01-373x373.jpg 373w\" sizes=\"auto, (max-width: 800px) 100vw, 800px\" \/><\/p>\n<p><strong>Meinen Lieblings-Mama-Moment nur f&#252;r mich<\/strong> \u2013 Ich habe mich diese Woche irgendwie gestresst gef&#252;hlt und der H&#246;hepunkt war dann wohl, als das bockende Heldenkind meine sch&#246;nen gelben Schriftzug &#8220;Smile&#8221; von der Wand holte und es in drei Teile zerbrach. Irgendwie war das wie ein Symbol f&#252;r die Woche. Mein Alltag wurde aber etwas entschleunigt, als der Gro&#223;e sich pl&#246;tzlich spontan direkt von der Kita aus verabredete und ich nicht extra los musste, um ihn abzuholen. Das verschaffte dem Held und mir Zeit, um das Tipi &#8211; Projekt weiter anzugehen und einen s&#252;&#223;en kleinen Apfelbaum f&#252;r den Vorgarten zu kaufen.<\/p>\n<p style=\"text-align: center;\">***<\/p>\n<p><img loading=\"lazy\" decoding=\"async\" class=\"aligncenter size-full wp-image-32550\" src=\"http:\/\/www.heldenhaushalt.de\/sari02\/wp-content\/uploads\/2017\/04\/15-05.jpg\" alt=\"#Freitags5\" height=\"2002\" width=\"2002\" srcset=\"https:\/\/www.heldenhaushalt.de\/sari02\/wp-content\/uploads\/2017\/04\/15-05.jpg 2002w, https:\/\/www.heldenhaushalt.de\/sari02\/wp-content\/uploads\/2017\/04\/15-05-150x150.jpg 150w, https:\/\/www.heldenhaushalt.de\/sari02\/wp-content\/uploads\/2017\/04\/15-05-300x300.jpg 300w, https:\/\/www.heldenhaushalt.de\/sari02\/wp-content\/uploads\/2017\/04\/15-05-768x768.jpg 768w, https:\/\/www.heldenhaushalt.de\/sari02\/wp-content\/uploads\/2017\/04\/15-05-1024x1024.jpg 1024w, https:\/\/www.heldenhaushalt.de\/sari02\/wp-content\/uploads\/2017\/04\/15-05-600x600.jpg 600w, https:\/\/www.heldenhaushalt.de\/sari02\/wp-content\/uploads\/2017\/04\/15-05-1000x1000.jpg 1000w, https:\/\/www.heldenhaushalt.de\/sari02\/wp-content\/uploads\/2017\/04\/15-05-660x660.jpg 660w, https:\/\/www.heldenhaushalt.de\/sari02\/wp-content\/uploads\/2017\/04\/15-05-373x373.jpg 373w\" sizes=\"auto, (max-width: 2002px) 100vw, 2002px\" \/><\/p>\n<p><strong>Meine Lieblings-Inspiration der Woche \u2013<\/strong> Ich habe nun Stoff und Holzst&#228;be. Nun muss ich es nur noch Wagen das Tipi &#8211; Projekt tats&#228;chlich anzugehen. Mit den Holzst&#228;ben kann man ja nicht viel falsch machen, aber vor dem Stoff anschneiden habe ich doch etwas Bammel. Also habe ich fleissig weiter Anleitungen studiert. Au&#223;erdem habe ich auch <a href=\"https:\/\/de.pinterest.com\/heldenhaushalt\/love-to-sew\/\" target=\"_blank\">nach Patchwork Decken geschaut<\/a>, weil das Tipi ja dann auch einen gem&#252;tlichen Boden braucht. Weitere sehenswerte Beitr&#228;ge findet ihr diese Woche hier: <a href=\"http:\/\/funkelfaden.de\/index.php\/last-minute-ideen-fuer-kunterbunte-ostereier\/\" target=\"_blank\">Last Minute Ideen f&#252;r kunterbunte Eier<\/a> &#8211; <a href=\"http:\/\/www.whatinaloves.com\/2017\/04\/blitzschnelle-last-minute-osternester.html\" target=\"_blank\">Blitzschnelle Last Minute Osternester&nbsp;<\/a> &#8211; <a href=\"http:\/\/www.kunecoco.de\/2017\/04\/rezept-ferkelbroetchen.html?utm_source=bloglovin.com&amp;utm_medium=feed&amp;utm_campaign=Feed%3A+Kunecoco+%28Kunecoco%29\" target=\"_blank\">Gef&#252;llte Ferkelbr&#246;tchen<\/a> &#8211; <a href=\"http:\/\/stoffundliebe.blogspot.de\/2017\/04\/big-dino-freebie.html\" target=\"_blank\">BIG Dino Plotterdateien <\/a>&#8211; <a href=\"https:\/\/wortspuren.com\/diy-reisetagebuch-aus-einem-alten-buch\/\" target=\"_blank\">Reisetagebuch aus einem alten Buch<\/a> &#8211; <a href=\"https:\/\/www.mamahoch2.de\/2017\/04\/unser-kindergeburstag-ideen-fuer-eine-diy-feuerwehrparty-inkl-freebie.html\" target=\"_blank\">DIY Feuerwehrparty + Freebie<\/a> &#8211; <a href=\"http:\/\/variationsphase.de\/vp\/2017\/04\/mandala-zu-ostern-zum-ausmalen\/\" target=\"_blank\">Mandala zu Ostern zum Ausmalen<\/a><strong><br \/>\n<\/strong><\/p>\n<p style=\"text-align: center;\">***<\/p>\n<p>Mit dem heutigen Tag starten wir ein famili&#228;res, verl&#228;ngertes Wochenende und sind gespannt, was es f&#252;r uns bereit h&#228;lt. Mehr bildhafte R&#252;ckblicke gibt es auch heute wieder bei <a href=\"http:\/\/berlinmittemom.com\/2017\/04\/14\/eine-woche-in-paris-5-freitagslieblinge-am-14-april-2017\/\" target=\"_blank\">BerlinMitteMom<\/a>.<\/p>\n<p><img loading=\"lazy\" decoding=\"async\" class=\" size-full wp-image-24841 alignright\" src=\"https:\/\/www.heldenhaushalt.de\/sari02\/wp-content\/uploads\/2015\/01\/sari-unter.jpg?resize=130%2C59\" alt=\"sari-unter\" data-attachment-id=\"24841\" data-permalink=\"http:\/\/www.heldenhaushalt.de\/sari02\/index.php\/2015\/01\/03\/sich-neu-erfinden\/sari-unter\/\" data-orig-file=\"http:\/\/www.heldenhaushalt.de\/sari02\/wp-content\/uploads\/2015\/01\/sari-unter.jpg\" data-orig-size=\"130,59\" data-comments-opened=\"1\" data-image-meta=\"{&quot;aperture&quot;:&quot;0&quot;,&quot;credit&quot;:&quot;&quot;,&quot;camera&quot;:&quot;&quot;,&quot;caption&quot;:&quot;&quot;,&quot;created_timestamp&quot;:&quot;0&quot;,&quot;copyright&quot;:&quot;&quot;,&quot;focal_length&quot;:&quot;0&quot;,&quot;iso&quot;:&quot;0&quot;,&quot;shutter_speed&quot;:&quot;0&quot;,&quot;title&quot;:&quot;&quot;,&quot;orientation&quot;:&quot;0&quot;}\" data-image-title=\"sari-unter\" data-image-description=\"\" data-medium-file=\"http:\/\/www.heldenhaushalt.de\/sari02\/wp-content\/uploads\/2015\/01\/sari-unter.jpg\" data-large-file=\"http:\/\/www.heldenhaushalt.de\/sari02\/wp-content\/uploads\/2015\/01\/sari-unter.jpg\" height=\"59\" width=\"130\"><\/p>\n","protected":false},"excerpt":{"rendered":"<p>Nach dem letzten, fast schon sommerlichen Wochenende war das Wetter diese Woche echt ern&#252;chternd. Das zeigte sich beim Minihelden und mir auch durch leichten Kopfdruck. Nat&#252;rlich waren wir auch etwas gefrustet, weil wir nach T-Shirt Wetter bereits einen Tag sp&#228;ter schon wieder die dicken Jacken hervor kramen mussten. *** Meine #Freitags5 #Freitagslieblinge Meine Lieblingslekt&#252;re der Woche \u2013 Dieser Punkt jede Woche f&#252;hrt mir deutlich vor Augen, wie selten ich Zeit zum Lesen finde. Mein Blick fiel ab und an in die Zeitung &#8220;Wirbelwind&#8221;, die der letzten Sandspielzeug Bestellung bei lag. Manchmal findet man ja doch spannende Artikel darin. Kennt Ihr die? Lesenswert bzw. Sehenswert fand ich allerdings den kleinen Comic hier! *** Mein Lieblingsessen der Woche \u2013&nbsp; Ich glaube ja, dass ich inzwischen s&#252;chtig bin. Beim Wocheneinkauf entdeckte ich tats&#228;chlich eine Sorte Ofenbrot, die ich noch nicht kannte. Mit gr&#252;nem Spargel. Yammi! *** Meinen Lieblingsmoment mit meinen Kindern \u2013 Regent&#228;nze. Besonders sch&#246;n im Sommer. Wenn es warm ist und der Regen nicht so einen Sch&#252;ttelfrost verursacht, wie es aktuell noch der Fall ist. Ich habe es geliebt als Kind bei Sommerregen drau&#223;en zu sein. Aber ich kann auch verstehen, dass Kinder es lieben in voller Regenmontur bei so einem Mistwetter von Pf&#252;tze zu Pf&#252;tze zu springen. Ich liebe es aber auch, wenn die Kinder ganz spontan mit einer Bastelidee um die Ecke kommen und sie einfach und teilweise ganz alleine umsetzen! *** Meinen Lieblings-Mama-Moment nur f&#252;r mich \u2013 Ich habe mich diese Woche irgendwie gestresst gef&#252;hlt und der H&#246;hepunkt war dann wohl, als das bockende Heldenkind meine sch&#246;nen gelben Schriftzug &#8220;Smile&#8221; von der Wand holte und es in drei Teile zerbrach. Irgendwie war das wie ein Symbol f&#252;r die Woche. Mein Alltag wurde aber etwas entschleunigt, als der Gro&#223;e sich pl&#246;tzlich spontan direkt von der Kita aus verabredete und ich nicht extra los musste, um ihn abzuholen. Das verschaffte dem Held und mir Zeit, um das Tipi &#8211; Projekt weiter anzugehen und einen s&#252;&#223;en kleinen Apfelbaum f&#252;r den Vorgarten zu kaufen. *** Meine Lieblings-Inspiration der Woche \u2013 Ich habe nun Stoff und Holzst&#228;be. Nun muss ich es nur noch Wagen das Tipi &#8211; Projekt tats&#228;chlich anzugehen. Mit den Holzst&#228;ben kann man ja nicht viel falsch machen, aber vor dem Stoff anschneiden habe ich doch etwas Bammel. Also habe ich fleissig weiter Anleitungen studiert. Au&#223;erdem habe ich auch nach Patchwork Decken geschaut, weil das Tipi ja dann auch einen gem&#252;tlichen Boden braucht. Weitere sehenswerte Beitr&#228;ge findet ihr diese Woche hier: Last Minute Ideen f&#252;r kunterbunte Eier &#8211; Blitzschnelle Last Minute Osternester&nbsp; &#8211; Gef&#252;llte Ferkelbr&#246;tchen &#8211; BIG Dino Plotterdateien &#8211; Reisetagebuch aus einem alten Buch &#8211; DIY Feuerwehrparty + Freebie &#8211; Mandala zu Ostern zum Ausmalen *** Mit dem heutigen Tag starten wir ein famili&#228;res, verl&#228;ngertes Wochenende und sind gespannt, was es f&#252;r uns bereit h&#228;lt. Mehr bildhafte R&#252;ckblicke gibt es auch heute wieder bei BerlinMitteMom.<\/p>\n","protected":false},"author":1,"featured_media":32549,"comment_status":"open","ping_status":"open","sticky":false,"template":"","format":"standard","meta":{"ngg_post_thumbnail":0,"footnotes":""},"categories":[323,49],"tags":[780,781,247,416,81,749,199,872],"class_list":["post-32544","post","type-post","status-publish","format-standard","has-post-thumbnail","hentry","category-alltag","category-blogspaehre","tag-freitags5","tag-freitagslieblinge","tag-essen","tag-inspiration","tag-kinder","tag-lieblingsmomente","tag-rueckblick","tag-woche"],"yoast_head":"<!-- This site is optimized with the Yoast SEO plugin v27.5 - https:\/\/yoast.com\/product\/yoast-seo-wordpress\/ -->\n<title>#Freitags5 \u2013 5 Tage 5 Fotos im April #02 - Heldenhaushalt<\/title>\n<meta name=\"description\" content=\"Nach dem letzten, fast schon sommerlichen Wochenende war das Wetter diese Woche echt ern\u00fcchternd. Hier unsere #Freitags5 #Freitagslieblinge\" \/>\n<meta name=\"robots\" content=\"index, follow, max-snippet:-1, max-image-preview:large, max-video-preview:-1\" \/>\n<link rel=\"canonical\" href=\"https:\/\/www.heldenhaushalt.de\/sari02\/index.php\/2017\/04\/14\/freitags5-5-tage-5-fotos-im-april-02\/\" \/>\n<meta property=\"og:locale\" content=\"de_DE\" \/>\n<meta property=\"og:type\" content=\"article\" \/>\n<meta property=\"og:title\" content=\"#Freitags5 \u2013 5 Tage 5 Fotos im April #02 - Heldenhaushalt\" \/>\n<meta property=\"og:description\" content=\"Nach dem letzten, fast schon sommerlichen Wochenende war das Wetter diese Woche echt ern\u00fcchternd. Hier unsere #Freitags5 #Freitagslieblinge\" \/>\n<meta property=\"og:url\" content=\"https:\/\/www.heldenhaushalt.de\/sari02\/index.php\/2017\/04\/14\/freitags5-5-tage-5-fotos-im-april-02\/\" \/>\n<meta property=\"og:site_name\" content=\"Heldenhaushalt\" \/>\n<meta property=\"article:published_time\" content=\"2017-04-14T08:00:42+00:00\" \/>\n<meta property=\"article:modified_time\" content=\"2017-04-15T12:03:49+00:00\" \/>\n<meta property=\"og:image\" content=\"https:\/\/www.heldenhaushalt.de\/sari02\/wp-content\/uploads\/2017\/04\/15-04.jpg\" \/>\n\t<meta property=\"og:image:width\" content=\"800\" \/>\n\t<meta property=\"og:image:height\" content=\"800\" \/>\n\t<meta property=\"og:image:type\" content=\"image\/jpeg\" \/>\n<meta name=\"author\" content=\"Sari\" \/>\n<meta name=\"twitter:card\" content=\"summary_large_image\" \/>\n<meta name=\"twitter:creator\" content=\"@Heldenhaushalt\" \/>\n<meta name=\"twitter:site\" content=\"@Heldenhaushalt\" \/>\n<meta name=\"twitter:label1\" content=\"Verfasst von\" \/>\n\t<meta name=\"twitter:data1\" content=\"Sari\" \/>\n\t<meta name=\"twitter:label2\" content=\"Gesch\u00e4tzte Lesezeit\" \/>\n\t<meta name=\"twitter:data2\" content=\"3\u00a0Minuten\" \/>\n<script type=\"application\/ld+json\" class=\"yoast-schema-graph\">{\"@context\":\"https:\\\/\\\/schema.org\",\"@graph\":[{\"@type\":\"Article\",\"@id\":\"https:\\\/\\\/www.heldenhaushalt.de\\\/sari02\\\/index.php\\\/2017\\\/04\\\/14\\\/freitags5-5-tage-5-fotos-im-april-02\\\/#article\",\"isPartOf\":{\"@id\":\"https:\\\/\\\/www.heldenhaushalt.de\\\/sari02\\\/index.php\\\/2017\\\/04\\\/14\\\/freitags5-5-tage-5-fotos-im-april-02\\\/\"},\"author\":{\"name\":\"Sari\",\"@id\":\"https:\\\/\\\/www.heldenhaushalt.de\\\/sari02\\\/#\\\/schema\\\/person\\\/a1cc69f42a01f412eb62c151353814f6\"},\"headline\":\"#Freitags5 \u2013 5 Tage 5 Fotos im April #02\",\"datePublished\":\"2017-04-14T08:00:42+00:00\",\"dateModified\":\"2017-04-15T12:03:49+00:00\",\"mainEntityOfPage\":{\"@id\":\"https:\\\/\\\/www.heldenhaushalt.de\\\/sari02\\\/index.php\\\/2017\\\/04\\\/14\\\/freitags5-5-tage-5-fotos-im-april-02\\\/\"},\"wordCount\":506,\"commentCount\":0,\"publisher\":{\"@id\":\"https:\\\/\\\/www.heldenhaushalt.de\\\/sari02\\\/#\\\/schema\\\/person\\\/a1cc69f42a01f412eb62c151353814f6\"},\"image\":{\"@id\":\"https:\\\/\\\/www.heldenhaushalt.de\\\/sari02\\\/index.php\\\/2017\\\/04\\\/14\\\/freitags5-5-tage-5-fotos-im-april-02\\\/#primaryimage\"},\"thumbnailUrl\":\"https:\\\/\\\/www.heldenhaushalt.de\\\/sari02\\\/wp-content\\\/uploads\\\/2017\\\/04\\\/15-04.jpg\",\"keywords\":[\"#Freitags5\",\"#Freitagslieblinge\",\"Essen\",\"Inspiration\",\"Kinder\",\"Lieblingsmomente\",\"R\u00fcckblick\",\"Woche\"],\"articleSection\":[\"Alltagschaos\",\"Blogsph\u00e4re\"],\"inLanguage\":\"de\",\"potentialAction\":[{\"@type\":\"CommentAction\",\"name\":\"Comment\",\"target\":[\"https:\\\/\\\/www.heldenhaushalt.de\\\/sari02\\\/index.php\\\/2017\\\/04\\\/14\\\/freitags5-5-tage-5-fotos-im-april-02\\\/#respond\"]}]},{\"@type\":\"WebPage\",\"@id\":\"https:\\\/\\\/www.heldenhaushalt.de\\\/sari02\\\/index.php\\\/2017\\\/04\\\/14\\\/freitags5-5-tage-5-fotos-im-april-02\\\/\",\"url\":\"https:\\\/\\\/www.heldenhaushalt.de\\\/sari02\\\/index.php\\\/2017\\\/04\\\/14\\\/freitags5-5-tage-5-fotos-im-april-02\\\/\",\"name\":\"#Freitags5 \u2013 5 Tage 5 Fotos im April #02 - Heldenhaushalt\",\"isPartOf\":{\"@id\":\"https:\\\/\\\/www.heldenhaushalt.de\\\/sari02\\\/#website\"},\"primaryImageOfPage\":{\"@id\":\"https:\\\/\\\/www.heldenhaushalt.de\\\/sari02\\\/index.php\\\/2017\\\/04\\\/14\\\/freitags5-5-tage-5-fotos-im-april-02\\\/#primaryimage\"},\"image\":{\"@id\":\"https:\\\/\\\/www.heldenhaushalt.de\\\/sari02\\\/index.php\\\/2017\\\/04\\\/14\\\/freitags5-5-tage-5-fotos-im-april-02\\\/#primaryimage\"},\"thumbnailUrl\":\"https:\\\/\\\/www.heldenhaushalt.de\\\/sari02\\\/wp-content\\\/uploads\\\/2017\\\/04\\\/15-04.jpg\",\"datePublished\":\"2017-04-14T08:00:42+00:00\",\"dateModified\":\"2017-04-15T12:03:49+00:00\",\"description\":\"Nach dem letzten, fast schon sommerlichen Wochenende war das Wetter diese Woche echt ern\u00fcchternd. Hier unsere #Freitags5 #Freitagslieblinge\",\"breadcrumb\":{\"@id\":\"https:\\\/\\\/www.heldenhaushalt.de\\\/sari02\\\/index.php\\\/2017\\\/04\\\/14\\\/freitags5-5-tage-5-fotos-im-april-02\\\/#breadcrumb\"},\"inLanguage\":\"de\",\"potentialAction\":[{\"@type\":\"ReadAction\",\"target\":[\"https:\\\/\\\/www.heldenhaushalt.de\\\/sari02\\\/index.php\\\/2017\\\/04\\\/14\\\/freitags5-5-tage-5-fotos-im-april-02\\\/\"]}]},{\"@type\":\"ImageObject\",\"inLanguage\":\"de\",\"@id\":\"https:\\\/\\\/www.heldenhaushalt.de\\\/sari02\\\/index.php\\\/2017\\\/04\\\/14\\\/freitags5-5-tage-5-fotos-im-april-02\\\/#primaryimage\",\"url\":\"https:\\\/\\\/www.heldenhaushalt.de\\\/sari02\\\/wp-content\\\/uploads\\\/2017\\\/04\\\/15-04.jpg\",\"contentUrl\":\"https:\\\/\\\/www.heldenhaushalt.de\\\/sari02\\\/wp-content\\\/uploads\\\/2017\\\/04\\\/15-04.jpg\",\"width\":800,\"height\":800,\"caption\":\"#Freitags5\"},{\"@type\":\"BreadcrumbList\",\"@id\":\"https:\\\/\\\/www.heldenhaushalt.de\\\/sari02\\\/index.php\\\/2017\\\/04\\\/14\\\/freitags5-5-tage-5-fotos-im-april-02\\\/#breadcrumb\",\"itemListElement\":[{\"@type\":\"ListItem\",\"position\":1,\"name\":\"Startseite\",\"item\":\"https:\\\/\\\/www.heldenhaushalt.de\\\/sari02\\\/\"},{\"@type\":\"ListItem\",\"position\":2,\"name\":\"#Freitags5 \u2013 5 Tage 5 Fotos im April #02\"}]},{\"@type\":\"WebSite\",\"@id\":\"https:\\\/\\\/www.heldenhaushalt.de\\\/sari02\\\/#website\",\"url\":\"https:\\\/\\\/www.heldenhaushalt.de\\\/sari02\\\/\",\"name\":\"Heldenhaushalt\",\"description\":\"Wer es ordentlich haben will, der muss vorher anrufen\",\"publisher\":{\"@id\":\"https:\\\/\\\/www.heldenhaushalt.de\\\/sari02\\\/#\\\/schema\\\/person\\\/a1cc69f42a01f412eb62c151353814f6\"},\"potentialAction\":[{\"@type\":\"SearchAction\",\"target\":{\"@type\":\"EntryPoint\",\"urlTemplate\":\"https:\\\/\\\/www.heldenhaushalt.de\\\/sari02\\\/?s={search_term_string}\"},\"query-input\":{\"@type\":\"PropertyValueSpecification\",\"valueRequired\":true,\"valueName\":\"search_term_string\"}}],\"inLanguage\":\"de\"},{\"@type\":[\"Person\",\"Organization\"],\"@id\":\"https:\\\/\\\/www.heldenhaushalt.de\\\/sari02\\\/#\\\/schema\\\/person\\\/a1cc69f42a01f412eb62c151353814f6\",\"name\":\"Sari\",\"image\":{\"@type\":\"ImageObject\",\"inLanguage\":\"de\",\"@id\":\"https:\\\/\\\/www.heldenhaushalt.de\\\/sari02\\\/wp-content\\\/uploads\\\/2019\\\/02\\\/sari-april2018.png\",\"url\":\"https:\\\/\\\/www.heldenhaushalt.de\\\/sari02\\\/wp-content\\\/uploads\\\/2019\\\/02\\\/sari-april2018.png\",\"contentUrl\":\"https:\\\/\\\/www.heldenhaushalt.de\\\/sari02\\\/wp-content\\\/uploads\\\/2019\\\/02\\\/sari-april2018.png\",\"width\":500,\"height\":500,\"caption\":\"Sari\"},\"logo\":{\"@id\":\"https:\\\/\\\/www.heldenhaushalt.de\\\/sari02\\\/wp-content\\\/uploads\\\/2019\\\/02\\\/sari-april2018.png\"},\"description\":\"Frau Mondgras \u2013 Das bin ich, Sari. Gerne auch als Sari Mondgras bekannt und im Internet zu finden. 2-Fach-Mutter, Heldenehefrau, Kreativling, Harmonies\u00fcchtig und st\u00e4ndig auf der Suche nach Gl\u00fcck. Ich komme aus Berlin, bin hier aufgewachsen und lebe hier seit ich denken kann.\",\"sameAs\":[\"https:\\\/\\\/www.instagram.com\\\/heldenhaushalt\\\/\"],\"url\":\"https:\\\/\\\/www.heldenhaushalt.de\\\/sari02\\\/index.php\\\/author\\\/admin\\\/\"}]}<\/script>\n<!-- \/ Yoast SEO plugin. -->","yoast_head_json":{"title":"#Freitags5 \u2013 5 Tage 5 Fotos im April #02 - Heldenhaushalt","description":"Nach dem letzten, fast schon sommerlichen Wochenende war das Wetter diese Woche echt ern\u00fcchternd. Hier unsere #Freitags5 #Freitagslieblinge","robots":{"index":"index","follow":"follow","max-snippet":"max-snippet:-1","max-image-preview":"max-image-preview:large","max-video-preview":"max-video-preview:-1"},"canonical":"https:\/\/www.heldenhaushalt.de\/sari02\/index.php\/2017\/04\/14\/freitags5-5-tage-5-fotos-im-april-02\/","og_locale":"de_DE","og_type":"article","og_title":"#Freitags5 \u2013 5 Tage 5 Fotos im April #02 - Heldenhaushalt","og_description":"Nach dem letzten, fast schon sommerlichen Wochenende war das Wetter diese Woche echt ern\u00fcchternd. Hier unsere #Freitags5 #Freitagslieblinge","og_url":"https:\/\/www.heldenhaushalt.de\/sari02\/index.php\/2017\/04\/14\/freitags5-5-tage-5-fotos-im-april-02\/","og_site_name":"Heldenhaushalt","article_published_time":"2017-04-14T08:00:42+00:00","article_modified_time":"2017-04-15T12:03:49+00:00","og_image":[{"width":800,"height":800,"url":"https:\/\/www.heldenhaushalt.de\/sari02\/wp-content\/uploads\/2017\/04\/15-04.jpg","type":"image\/jpeg"}],"author":"Sari","twitter_card":"summary_large_image","twitter_creator":"@Heldenhaushalt","twitter_site":"@Heldenhaushalt","twitter_misc":{"Verfasst von":"Sari","Gesch\u00e4tzte Lesezeit":"3\u00a0Minuten"},"schema":{"@context":"https:\/\/schema.org","@graph":[{"@type":"Article","@id":"https:\/\/www.heldenhaushalt.de\/sari02\/index.php\/2017\/04\/14\/freitags5-5-tage-5-fotos-im-april-02\/#article","isPartOf":{"@id":"https:\/\/www.heldenhaushalt.de\/sari02\/index.php\/2017\/04\/14\/freitags5-5-tage-5-fotos-im-april-02\/"},"author":{"name":"Sari","@id":"https:\/\/www.heldenhaushalt.de\/sari02\/#\/schema\/person\/a1cc69f42a01f412eb62c151353814f6"},"headline":"#Freitags5 \u2013 5 Tage 5 Fotos im April #02","datePublished":"2017-04-14T08:00:42+00:00","dateModified":"2017-04-15T12:03:49+00:00","mainEntityOfPage":{"@id":"https:\/\/www.heldenhaushalt.de\/sari02\/index.php\/2017\/04\/14\/freitags5-5-tage-5-fotos-im-april-02\/"},"wordCount":506,"commentCount":0,"publisher":{"@id":"https:\/\/www.heldenhaushalt.de\/sari02\/#\/schema\/person\/a1cc69f42a01f412eb62c151353814f6"},"image":{"@id":"https:\/\/www.heldenhaushalt.de\/sari02\/index.php\/2017\/04\/14\/freitags5-5-tage-5-fotos-im-april-02\/#primaryimage"},"thumbnailUrl":"https:\/\/www.heldenhaushalt.de\/sari02\/wp-content\/uploads\/2017\/04\/15-04.jpg","keywords":["#Freitags5","#Freitagslieblinge","Essen","Inspiration","Kinder","Lieblingsmomente","R\u00fcckblick","Woche"],"articleSection":["Alltagschaos","Blogsph\u00e4re"],"inLanguage":"de","potentialAction":[{"@type":"CommentAction","name":"Comment","target":["https:\/\/www.heldenhaushalt.de\/sari02\/index.php\/2017\/04\/14\/freitags5-5-tage-5-fotos-im-april-02\/#respond"]}]},{"@type":"WebPage","@id":"https:\/\/www.heldenhaushalt.de\/sari02\/index.php\/2017\/04\/14\/freitags5-5-tage-5-fotos-im-april-02\/","url":"https:\/\/www.heldenhaushalt.de\/sari02\/index.php\/2017\/04\/14\/freitags5-5-tage-5-fotos-im-april-02\/","name":"#Freitags5 \u2013 5 Tage 5 Fotos im April #02 - Heldenhaushalt","isPartOf":{"@id":"https:\/\/www.heldenhaushalt.de\/sari02\/#website"},"primaryImageOfPage":{"@id":"https:\/\/www.heldenhaushalt.de\/sari02\/index.php\/2017\/04\/14\/freitags5-5-tage-5-fotos-im-april-02\/#primaryimage"},"image":{"@id":"https:\/\/www.heldenhaushalt.de\/sari02\/index.php\/2017\/04\/14\/freitags5-5-tage-5-fotos-im-april-02\/#primaryimage"},"thumbnailUrl":"https:\/\/www.heldenhaushalt.de\/sari02\/wp-content\/uploads\/2017\/04\/15-04.jpg","datePublished":"2017-04-14T08:00:42+00:00","dateModified":"2017-04-15T12:03:49+00:00","description":"Nach dem letzten, fast schon sommerlichen Wochenende war das Wetter diese Woche echt ern\u00fcchternd. Hier unsere #Freitags5 #Freitagslieblinge","breadcrumb":{"@id":"https:\/\/www.heldenhaushalt.de\/sari02\/index.php\/2017\/04\/14\/freitags5-5-tage-5-fotos-im-april-02\/#breadcrumb"},"inLanguage":"de","potentialAction":[{"@type":"ReadAction","target":["https:\/\/www.heldenhaushalt.de\/sari02\/index.php\/2017\/04\/14\/freitags5-5-tage-5-fotos-im-april-02\/"]}]},{"@type":"ImageObject","inLanguage":"de","@id":"https:\/\/www.heldenhaushalt.de\/sari02\/index.php\/2017\/04\/14\/freitags5-5-tage-5-fotos-im-april-02\/#primaryimage","url":"https:\/\/www.heldenhaushalt.de\/sari02\/wp-content\/uploads\/2017\/04\/15-04.jpg","contentUrl":"https:\/\/www.heldenhaushalt.de\/sari02\/wp-content\/uploads\/2017\/04\/15-04.jpg","width":800,"height":800,"caption":"#Freitags5"},{"@type":"BreadcrumbList","@id":"https:\/\/www.heldenhaushalt.de\/sari02\/index.php\/2017\/04\/14\/freitags5-5-tage-5-fotos-im-april-02\/#breadcrumb","itemListElement":[{"@type":"ListItem","position":1,"name":"Startseite","item":"https:\/\/www.heldenhaushalt.de\/sari02\/"},{"@type":"ListItem","position":2,"name":"#Freitags5 \u2013 5 Tage 5 Fotos im April #02"}]},{"@type":"WebSite","@id":"https:\/\/www.heldenhaushalt.de\/sari02\/#website","url":"https:\/\/www.heldenhaushalt.de\/sari02\/","name":"Heldenhaushalt","description":"Wer es ordentlich haben will, der muss vorher anrufen","publisher":{"@id":"https:\/\/www.heldenhaushalt.de\/sari02\/#\/schema\/person\/a1cc69f42a01f412eb62c151353814f6"},"potentialAction":[{"@type":"SearchAction","target":{"@type":"EntryPoint","urlTemplate":"https:\/\/www.heldenhaushalt.de\/sari02\/?s={search_term_string}"},"query-input":{"@type":"PropertyValueSpecification","valueRequired":true,"valueName":"search_term_string"}}],"inLanguage":"de"},{"@type":["Person","Organization"],"@id":"https:\/\/www.heldenhaushalt.de\/sari02\/#\/schema\/person\/a1cc69f42a01f412eb62c151353814f6","name":"Sari","image":{"@type":"ImageObject","inLanguage":"de","@id":"https:\/\/www.heldenhaushalt.de\/sari02\/wp-content\/uploads\/2019\/02\/sari-april2018.png","url":"https:\/\/www.heldenhaushalt.de\/sari02\/wp-content\/uploads\/2019\/02\/sari-april2018.png","contentUrl":"https:\/\/www.heldenhaushalt.de\/sari02\/wp-content\/uploads\/2019\/02\/sari-april2018.png","width":500,"height":500,"caption":"Sari"},"logo":{"@id":"https:\/\/www.heldenhaushalt.de\/sari02\/wp-content\/uploads\/2019\/02\/sari-april2018.png"},"description":"Frau Mondgras \u2013 Das bin ich, Sari. Gerne auch als Sari Mondgras bekannt und im Internet zu finden. 2-Fach-Mutter, Heldenehefrau, Kreativling, Harmonies\u00fcchtig und st\u00e4ndig auf der Suche nach Gl\u00fcck. Ich komme aus Berlin, bin hier aufgewachsen und lebe hier seit ich denken kann.","sameAs":["https:\/\/www.instagram.com\/heldenhaushalt\/"],"url":"https:\/\/www.heldenhaushalt.de\/sari02\/index.php\/author\/admin\/"}]}},"views":4031,"_links":{"self":[{"href":"https:\/\/www.heldenhaushalt.de\/sari02\/index.php\/wp-json\/wp\/v2\/posts\/32544","targetHints":{"allow":["GET"]}}],"collection":[{"href":"https:\/\/www.heldenhaushalt.de\/sari02\/index.php\/wp-json\/wp\/v2\/posts"}],"about":[{"href":"https:\/\/www.heldenhaushalt.de\/sari02\/index.php\/wp-json\/wp\/v2\/types\/post"}],"author":[{"embeddable":true,"href":"https:\/\/www.heldenhaushalt.de\/sari02\/index.php\/wp-json\/wp\/v2\/users\/1"}],"replies":[{"embeddable":true,"href":"https:\/\/www.heldenhaushalt.de\/sari02\/index.php\/wp-json\/wp\/v2\/comments?post=32544"}],"version-history":[{"count":3,"href":"https:\/\/www.heldenhaushalt.de\/sari02\/index.php\/wp-json\/wp\/v2\/posts\/32544\/revisions"}],"predecessor-version":[{"id":32559,"href":"https:\/\/www.heldenhaushalt.de\/sari02\/index.php\/wp-json\/wp\/v2\/posts\/32544\/revisions\/32559"}],"wp:featuredmedia":[{"embeddable":true,"href":"https:\/\/www.heldenhaushalt.de\/sari02\/index.php\/wp-json\/wp\/v2\/media\/32549"}],"wp:attachment":[{"href":"https:\/\/www.heldenhaushalt.de\/sari02\/index.php\/wp-json\/wp\/v2\/media?parent=32544"}],"wp:term":[{"taxonomy":"category","embeddable":true,"href":"https:\/\/www.heldenhaushalt.de\/sari02\/index.php\/wp-json\/wp\/v2\/categories?post=32544"},{"taxonomy":"post_tag","embeddable":true,"href":"https:\/\/www.heldenhaushalt.de\/sari02\/index.php\/wp-json\/wp\/v2\/tags?post=32544"}],"curies":[{"name":"wp","href":"https:\/\/api.w.org\/{rel}","templated":true}]}}