{"id":32607,"date":"2017-04-21T08:46:55","date_gmt":"2017-04-21T06:46:55","guid":{"rendered":"http:\/\/www.heldenhaushalt.de\/sari02\/?p=32607"},"modified":"2017-04-22T07:28:01","modified_gmt":"2017-04-22T05:28:01","slug":"freitags5-5-tage-5-fotos-im-april-03","status":"publish","type":"post","link":"https:\/\/www.heldenhaushalt.de\/sari02\/index.php\/2017\/04\/21\/freitags5-5-tage-5-fotos-im-april-03\/","title":{"rendered":"#Freitags5 \u2013 5 Tage 5 Fotos im April #03"},"content":{"rendered":"<p>Hachjaaa&#8230;eine recht kurze, aber sehr kalte Woche liegt hinter uns. Kaum zu glauben, dass wir neulich schon 20 Grad hatten und &#196;rmellos im Garten sa&#223;en. Ich hoffe das verr&#252;ckte Wetter legt sich bald wieder und wir k&#246;nnen wieder mehr Sonne und W&#228;rme genie&#223;en.<\/p>\n<p style=\"text-align: center;\">***<\/p>\n<h2>Meine #Freitags5 #Freitagslieblinge<\/h2>\n<p><img loading=\"lazy\" decoding=\"async\" class=\"aligncenter size-full wp-image-32641\" src=\"http:\/\/www.heldenhaushalt.de\/sari02\/wp-content\/uploads\/2017\/04\/16-04.jpg\" alt=\"#Freitags5\" width=\"800\" height=\"800\" srcset=\"https:\/\/www.heldenhaushalt.de\/sari02\/wp-content\/uploads\/2017\/04\/16-04.jpg 800w, https:\/\/www.heldenhaushalt.de\/sari02\/wp-content\/uploads\/2017\/04\/16-04-150x150.jpg 150w, https:\/\/www.heldenhaushalt.de\/sari02\/wp-content\/uploads\/2017\/04\/16-04-300x300.jpg 300w, https:\/\/www.heldenhaushalt.de\/sari02\/wp-content\/uploads\/2017\/04\/16-04-768x768.jpg 768w, https:\/\/www.heldenhaushalt.de\/sari02\/wp-content\/uploads\/2017\/04\/16-04-600x600.jpg 600w, https:\/\/www.heldenhaushalt.de\/sari02\/wp-content\/uploads\/2017\/04\/16-04-660x660.jpg 660w, https:\/\/www.heldenhaushalt.de\/sari02\/wp-content\/uploads\/2017\/04\/16-04-373x373.jpg 373w\" sizes=\"auto, (max-width: 800px) 100vw, 800px\" \/><\/p>\n<p><strong>Meine Lieblingslekt&#252;re der Woche \u2013<\/strong> Naja, ob es tats&#228;chlich meine Lieblingslekt&#252;re war, ist schwer zu sagen, aber am h&#228;ufigsten gelesen habe ich die Anleitung f&#252;r das Tipi, <a href=\"http:\/\/www.heldenhaushalt.de\/sari02\/index.php\/2017\/04\/19\/mmi-tipi-selber-bauen\/\">an dem wir gerade arbeiten<\/a>. Bzw. es waren mehrere- Immer wieder zwischen den einzelnen hin und her gewechselt und die f&#252;r mich beste M&#246;glichkeit heraus gesucht. Da kann einem schon mal der Kopf schwirren&#8230;<strong><br \/>\n<\/strong><\/p>\n<p style=\"text-align: center;\">***<\/p>\n<p><img loading=\"lazy\" decoding=\"async\" class=\"aligncenter size-full wp-image-32639\" src=\"http:\/\/www.heldenhaushalt.de\/sari02\/wp-content\/uploads\/2017\/04\/16-02.jpg\" alt=\"#Freitags5\" width=\"800\" height=\"800\" srcset=\"https:\/\/www.heldenhaushalt.de\/sari02\/wp-content\/uploads\/2017\/04\/16-02.jpg 800w, https:\/\/www.heldenhaushalt.de\/sari02\/wp-content\/uploads\/2017\/04\/16-02-150x150.jpg 150w, https:\/\/www.heldenhaushalt.de\/sari02\/wp-content\/uploads\/2017\/04\/16-02-300x300.jpg 300w, https:\/\/www.heldenhaushalt.de\/sari02\/wp-content\/uploads\/2017\/04\/16-02-768x768.jpg 768w, https:\/\/www.heldenhaushalt.de\/sari02\/wp-content\/uploads\/2017\/04\/16-02-600x600.jpg 600w, https:\/\/www.heldenhaushalt.de\/sari02\/wp-content\/uploads\/2017\/04\/16-02-660x660.jpg 660w, https:\/\/www.heldenhaushalt.de\/sari02\/wp-content\/uploads\/2017\/04\/16-02-373x373.jpg 373w\" sizes=\"auto, (max-width: 800px) 100vw, 800px\" \/><\/p>\n<p><strong>Mein Lieblingsessen der Woche \u2013&nbsp;<\/strong> Am Ostermontag haben wir seit Ewigkeiten mal wieder ein englisches Fr&#252;hst&#252;ck f&#252;r uns gemacht. Bei unserem<a href=\"http:\/\/www.heldenhaushalt.de\/sari02\/index.php\/2008\/03\/31\/eine-woche-irland-tag-0102\/\"> Irland &#8211; Urlaub<\/a> damals haben wir das t&#228;glich gegessen und kamen so super &#252;ber den Tag. Hachja&#8230; Fernweh.<strong><br \/>\n<\/strong><\/p>\n<p style=\"text-align: center;\">***<\/p>\n<p><img loading=\"lazy\" decoding=\"async\" class=\"aligncenter size-full wp-image-32642\" src=\"http:\/\/www.heldenhaushalt.de\/sari02\/wp-content\/uploads\/2017\/04\/16-05.jpg\" alt=\"#Freitags5\" width=\"800\" height=\"800\" srcset=\"https:\/\/www.heldenhaushalt.de\/sari02\/wp-content\/uploads\/2017\/04\/16-05.jpg 800w, https:\/\/www.heldenhaushalt.de\/sari02\/wp-content\/uploads\/2017\/04\/16-05-150x150.jpg 150w, https:\/\/www.heldenhaushalt.de\/sari02\/wp-content\/uploads\/2017\/04\/16-05-300x300.jpg 300w, https:\/\/www.heldenhaushalt.de\/sari02\/wp-content\/uploads\/2017\/04\/16-05-768x768.jpg 768w, https:\/\/www.heldenhaushalt.de\/sari02\/wp-content\/uploads\/2017\/04\/16-05-600x600.jpg 600w, https:\/\/www.heldenhaushalt.de\/sari02\/wp-content\/uploads\/2017\/04\/16-05-660x660.jpg 660w, https:\/\/www.heldenhaushalt.de\/sari02\/wp-content\/uploads\/2017\/04\/16-05-373x373.jpg 373w\" sizes=\"auto, (max-width: 800px) 100vw, 800px\" \/><\/p>\n<p><strong>Meinen Lieblingsmoment mit meinen Kindern<\/strong> \u2013 Wir haben das Tipi einmal zur Probe aufgestellt. Erste Erleichterung: Es scheint soweit zu funktionieren. Die Kinder sind direkt beide reingekrabbelt und haben darin gekuschelt. Ein herrlicher Anblick und es zeigt einem, dass all die Arbeit nicht umsonst war. Am Dienstag gab es f&#252;r die Kinder beim Fu&#223;ball Training Pokale. Dadurch, dass sie nun insgesamt so viele gewonnen hatten, konnte jedes Kind einen behalten. Wer welchen bekommt wurde ausgelost und das Strahlen in den Augen des Gro&#223;en, als er seinen bekam, war unbezahlbar. Genauso haben sie &#252;brigens auch gestrahlt, als wir festgestellt haben, dass die gelben Tomaten, die der Miniheld ausges&#228;t hat tats&#228;chlich wachsen. Um ehrlich zu sein hatte ich damit n&#228;mlich nicht mehr gerechnet.<\/p>\n<p style=\"text-align: center;\">***<\/p>\n<p><img loading=\"lazy\" decoding=\"async\" class=\"aligncenter size-full wp-image-32640\" src=\"http:\/\/www.heldenhaushalt.de\/sari02\/wp-content\/uploads\/2017\/04\/16-03.jpg\" alt=\"#Freitags5\" width=\"800\" height=\"800\" srcset=\"https:\/\/www.heldenhaushalt.de\/sari02\/wp-content\/uploads\/2017\/04\/16-03.jpg 800w, https:\/\/www.heldenhaushalt.de\/sari02\/wp-content\/uploads\/2017\/04\/16-03-150x150.jpg 150w, https:\/\/www.heldenhaushalt.de\/sari02\/wp-content\/uploads\/2017\/04\/16-03-300x300.jpg 300w, https:\/\/www.heldenhaushalt.de\/sari02\/wp-content\/uploads\/2017\/04\/16-03-768x768.jpg 768w, https:\/\/www.heldenhaushalt.de\/sari02\/wp-content\/uploads\/2017\/04\/16-03-600x600.jpg 600w, https:\/\/www.heldenhaushalt.de\/sari02\/wp-content\/uploads\/2017\/04\/16-03-660x660.jpg 660w, https:\/\/www.heldenhaushalt.de\/sari02\/wp-content\/uploads\/2017\/04\/16-03-373x373.jpg 373w\" sizes=\"auto, (max-width: 800px) 100vw, 800px\" \/><\/p>\n<p><strong>Meinen Lieblings-Mama-Moment nur f&#252;r mich<\/strong> \u2013Es gibt im Moment wenig Momente f&#252;r mich, in denen ich durchatmen kann. St&#228;ndig h&#228;ngt mir mindestens ein Kind am Bein und ein Teil des Heldenhaushaltes schw&#228;chelt mal wieder Dank des unbest&#228;ndigen Wetters. Das zehrt an den Nerven, ich bin m&#252;de und mag endlich mehr W&#228;rme. Es waren also eher kleine kurze Momente immer wieder mal am Tag. Auf dem Fahrrad sitzen, die Nase in die Sonne recken, ein Windspiel im Garten aufstellen&#8230; solche kleinen Momente hatten diese Woche gro&#223;e Wichtigkeit f&#252;r mich.<\/p>\n<p style=\"text-align: center;\">***<\/p>\n<p><img loading=\"lazy\" decoding=\"async\" class=\"aligncenter size-full wp-image-32638\" src=\"http:\/\/www.heldenhaushalt.de\/sari02\/wp-content\/uploads\/2017\/04\/16-01.jpg\" alt=\"#Freitags5\" width=\"800\" height=\"625\" srcset=\"https:\/\/www.heldenhaushalt.de\/sari02\/wp-content\/uploads\/2017\/04\/16-01.jpg 800w, https:\/\/www.heldenhaushalt.de\/sari02\/wp-content\/uploads\/2017\/04\/16-01-300x234.jpg 300w, https:\/\/www.heldenhaushalt.de\/sari02\/wp-content\/uploads\/2017\/04\/16-01-768x600.jpg 768w, https:\/\/www.heldenhaushalt.de\/sari02\/wp-content\/uploads\/2017\/04\/16-01-600x469.jpg 600w\" sizes=\"auto, (max-width: 800px) 100vw, 800px\" \/><\/p>\n<p><strong>Meine Lieblings-Inspiration der Woche \u2013<\/strong> Der Gro&#223;e hat nun ganz spontan beschlossen, dass er doch n&#228;chsten Monat eine Pokemon Geburtstagsparty m&#246;chte. Ich habe also mal wieder Pinterest bedient und viel recherchiert. Unter anderem habe ich mir nochmal <a href=\"https:\/\/mamaskind.de\/lifestyle\/kinder-beschaeftigung\/pokemon-party-deko-spiele-kuchen\/\" target=\"_blank\" rel=\"noopener noreferrer\">den Beitrag von Sarah<\/a> angeschaut. Einige Ideen haben wir nun sammeln k&#246;nnen. Nun geht es an die Umsetzung. Weitere inspirierende Sachen in der Blogsph&#228;re diese Woche: <a href=\"http:\/\/funkelfaden.de\/index.php\/selbstgemachte-einhornschokolade\/\" target=\"_blank\" rel=\"noopener noreferrer\">Selbstgemachte Einhornschokolade<\/a> &#8211; <a href=\"http:\/\/berlinmittemom.com\/2017\/04\/18\/alle-lieben-nudeln-8-liebste-pasta-rezepte-fuer-kinder\/\" target=\"_blank\" rel=\"noopener noreferrer\">8 liebste Pasta Rezepte f&#252;r Kinder<\/a> &#8211; <a href=\"http:\/\/diekleinebotin.at\/2017\/04\/19\/maikranz-binden\/\" target=\"_blank\" rel=\"noopener noreferrer\">Mai Kranz binden<\/a> &#8211; <a href=\"http:\/\/mylittleuniverse.de\/schoko-kaese-guglhupf\/\" target=\"_blank\" rel=\"noopener noreferrer\">Schoko Cheesecake Gugelhupf<\/a> &#8211;<a href=\"http:\/\/mylittleuniverse.de\/last-minute-hefeosterhasen\/\" target=\"_blank\" rel=\"noopener noreferrer\"> Last Minute Hefeosterhasen<\/a> &#8211; <a href=\"http:\/\/www.tollabea.de\/ein-blumenkranz-fuer-den-fruehling-oder-fuer-muttertag\/\" target=\"_blank\" rel=\"noopener noreferrer\">Blumenkranz aus Eierkartons<\/a> &#8211; <a href=\"https:\/\/www.lybstes.de\/2017\/04\/14\/jolly-jumper-freebook-nr-2-puppenanzug-selber-n%C3%A4hen\/\" target=\"_blank\" rel=\"noopener noreferrer\">Puppenanzug selber n&#228;hen&nbsp;<\/a> <strong><br \/>\n<\/strong><\/p>\n<p style=\"text-align: center;\">***<\/p>\n<p>Ich hoffe auf etwas Ruhe, aber nicht zu viel davon am Wochenende. So ganz ohne Vorhaben f&#228;llt mir dann doch wieder die Decke auf den Kopf. Mehr bildhafte #Freitags5 R&#252;ckblicke gibt es auch heute wieder bei <a href=\"http:\/\/berlinmittemom.com\/2017\/04\/21\/koblenzer-lieblingsmomente-5-freitagslieblinge-am-21-april-2017\/\" target=\"_blank\" rel=\"noopener noreferrer\">BerlinMitteMom<\/a>.<\/p>\n<p><img loading=\"lazy\" decoding=\"async\" class=\" size-full wp-image-24841 alignright\" src=\"https:\/\/www.heldenhaushalt.de \/sari02\/wp-content\/uploads\/2015\/01\/sari-unter.jpg?resize=130%2C59\" alt=\"sari-unter\" data-attachment-id=\"24841\" data-permalink=\"http:\/\/www.heldenhaushalt.de\/sari02\/index.php\/2015\/01\/03\/sich-neu-erfinden\/sari-unter\/\" data-orig-file=\"http:\/\/www.heldenhaushalt.de\/sari02\/wp-content\/uploads\/2015\/01\/sari-unter.jpg\" data-orig-size=\"130,59\" data-comments-opened=\"1\" data-image-meta=\"{&quot;aperture&quot;:&quot;0&quot;,&quot;credit&quot;:&quot;&quot;,&quot;camera&quot;:&quot;&quot;,&quot;caption&quot;:&quot;&quot;,&quot;created_timestamp&quot;:&quot;0&quot;,&quot;copyright&quot;:&quot;&quot;,&quot;focal_length&quot;:&quot;0&quot;,&quot;iso&quot;:&quot;0&quot;,&quot;shutter_speed&quot;:&quot;0&quot;,&quot;title&quot;:&quot;&quot;,&quot;orientation&quot;:&quot;0&quot;}\" data-image-title=\"sari-unter\" data-image-description=\"\" data-medium-file=\"http:\/\/www.heldenhaushalt.de\/sari02\/wp-content\/uploads\/2015\/01\/sari-unter.jpg\" data-large-file=\"http:\/\/www.heldenhaushalt.de\/sari02\/wp-content\/uploads\/2015\/01\/sari-unter.jpg\" width=\"130\" height=\"59\"><\/p>\n<div class=\"sharedaddy sd-sharing-enabled\">\n<div class=\"robots-nocontent sd-block sd-social sd-social-icon sd-sharing\">\n<h3 class=\"sd-title\">&nbsp;<\/h3>\n<\/div>\n<\/div>\n","protected":false},"excerpt":{"rendered":"<p>Hachjaaa&#8230;eine recht kurze, aber sehr kalte Woche liegt hinter uns. Kaum zu glauben, dass wir neulich schon 20 Grad hatten und &#196;rmellos im Garten sa&#223;en. Ich hoffe das verr&#252;ckte Wetter legt sich bald wieder und wir k&#246;nnen wieder mehr Sonne und W&#228;rme genie&#223;en. *** Meine #Freitags5 #Freitagslieblinge Meine Lieblingslekt&#252;re der Woche \u2013 Naja, ob es tats&#228;chlich meine Lieblingslekt&#252;re war, ist schwer zu sagen, aber am h&#228;ufigsten gelesen habe ich die Anleitung f&#252;r das Tipi, an dem wir gerade arbeiten. Bzw. es waren mehrere- Immer wieder zwischen den einzelnen hin und her gewechselt und die f&#252;r mich beste M&#246;glichkeit heraus gesucht. Da kann einem schon mal der Kopf schwirren&#8230; *** Mein Lieblingsessen der Woche \u2013&nbsp; Am Ostermontag haben wir seit Ewigkeiten mal wieder ein englisches Fr&#252;hst&#252;ck f&#252;r uns gemacht. Bei unserem Irland &#8211; Urlaub damals haben wir das t&#228;glich gegessen und kamen so super &#252;ber den Tag. Hachja&#8230; Fernweh. *** Meinen Lieblingsmoment mit meinen Kindern \u2013 Wir haben das Tipi einmal zur Probe aufgestellt. Erste Erleichterung: Es scheint soweit zu funktionieren. Die Kinder sind direkt beide reingekrabbelt und haben darin gekuschelt. Ein herrlicher Anblick und es zeigt einem, dass all die Arbeit nicht umsonst war. Am Dienstag gab es f&#252;r die Kinder beim Fu&#223;ball Training Pokale. Dadurch, dass sie nun insgesamt so viele gewonnen hatten, konnte jedes Kind einen behalten. Wer welchen bekommt wurde ausgelost und das Strahlen in den Augen des Gro&#223;en, als er seinen bekam, war unbezahlbar. Genauso haben sie &#252;brigens auch gestrahlt, als wir festgestellt haben, dass die gelben Tomaten, die der Miniheld ausges&#228;t hat tats&#228;chlich wachsen. Um ehrlich zu sein hatte ich damit n&#228;mlich nicht mehr gerechnet. *** Meinen Lieblings-Mama-Moment nur f&#252;r mich \u2013Es gibt im Moment wenig Momente f&#252;r mich, in denen ich durchatmen kann. St&#228;ndig h&#228;ngt mir mindestens ein Kind am Bein und ein Teil des Heldenhaushaltes schw&#228;chelt mal wieder Dank des unbest&#228;ndigen Wetters. Das zehrt an den Nerven, ich bin m&#252;de und mag endlich mehr W&#228;rme. Es waren also eher kleine kurze Momente immer wieder mal am Tag. Auf dem Fahrrad sitzen, die Nase in die Sonne recken, ein Windspiel im Garten aufstellen&#8230; solche kleinen Momente hatten diese Woche gro&#223;e Wichtigkeit f&#252;r mich. *** Meine Lieblings-Inspiration der Woche \u2013 Der Gro&#223;e hat nun ganz spontan beschlossen, dass er doch n&#228;chsten Monat eine Pokemon Geburtstagsparty m&#246;chte. Ich habe also mal wieder Pinterest bedient und viel recherchiert. Unter anderem habe ich mir nochmal den Beitrag von Sarah angeschaut. Einige Ideen haben wir nun sammeln k&#246;nnen. Nun geht es an die Umsetzung. Weitere inspirierende Sachen in der Blogsph&#228;re diese Woche: Selbstgemachte Einhornschokolade &#8211; 8 liebste Pasta Rezepte f&#252;r Kinder &#8211; Mai Kranz binden &#8211; Schoko Cheesecake Gugelhupf &#8211; Last Minute Hefeosterhasen &#8211; Blumenkranz aus Eierkartons &#8211; Puppenanzug selber n&#228;hen&nbsp; *** Ich hoffe auf etwas Ruhe, aber nicht zu viel davon am Wochenende. So ganz ohne Vorhaben f&#228;llt mir dann doch wieder die Decke auf den Kopf. Mehr bildhafte #Freitags5 R&#252;ckblicke gibt es auch heute wieder bei BerlinMitteMom. &nbsp;<\/p>\n","protected":false},"author":1,"featured_media":32640,"comment_status":"open","ping_status":"open","sticky":false,"template":"","format":"standard","meta":{"ngg_post_thumbnail":0,"footnotes":""},"categories":[323,49],"tags":[780,781,45,930,1303,199,872,1199],"class_list":["post-32607","post","type-post","status-publish","format-standard","has-post-thumbnail","hentry","category-alltag","category-blogspaehre","tag-freitags5","tag-freitagslieblinge","tag-alltag","tag-fotos","tag-freitags","tag-rueckblick","tag-woche","tag-zusammenfassung"],"yoast_head":"<!-- This site is optimized with the Yoast SEO plugin v27.4 - https:\/\/yoast.com\/product\/yoast-seo-wordpress\/ -->\n<title>#Freitags5 \u2013 5 Tage 5 Fotos im April #03 - Heldenhaushalt<\/title>\n<meta name=\"description\" content=\"Ich hoffe das verr\u00fcckte Wetter legt sich bald wieder und wir k\u00f6nnen mehr Sonne und W\u00e4rme genie\u00dfen. Unsere #Freitags5 #Freitagslieblinge\" \/>\n<meta name=\"robots\" content=\"index, follow, max-snippet:-1, max-image-preview:large, max-video-preview:-1\" \/>\n<link rel=\"canonical\" href=\"https:\/\/www.heldenhaushalt.de\/sari02\/index.php\/2017\/04\/21\/freitags5-5-tage-5-fotos-im-april-03\/\" \/>\n<meta property=\"og:locale\" content=\"de_DE\" \/>\n<meta property=\"og:type\" content=\"article\" \/>\n<meta property=\"og:title\" content=\"#Freitags5 \u2013 5 Tage 5 Fotos im April #03 - Heldenhaushalt\" \/>\n<meta property=\"og:description\" content=\"Ich hoffe das verr\u00fcckte Wetter legt sich bald wieder und wir k\u00f6nnen mehr Sonne und W\u00e4rme genie\u00dfen. Unsere #Freitags5 #Freitagslieblinge\" \/>\n<meta property=\"og:url\" content=\"https:\/\/www.heldenhaushalt.de\/sari02\/index.php\/2017\/04\/21\/freitags5-5-tage-5-fotos-im-april-03\/\" \/>\n<meta property=\"og:site_name\" content=\"Heldenhaushalt\" \/>\n<meta property=\"article:published_time\" content=\"2017-04-21T06:46:55+00:00\" \/>\n<meta property=\"article:modified_time\" content=\"2017-04-22T05:28:01+00:00\" \/>\n<meta property=\"og:image\" content=\"https:\/\/www.heldenhaushalt.de\/sari02\/wp-content\/uploads\/2017\/04\/16-03.jpg\" \/>\n\t<meta property=\"og:image:width\" content=\"800\" \/>\n\t<meta property=\"og:image:height\" content=\"800\" \/>\n\t<meta property=\"og:image:type\" content=\"image\/jpeg\" \/>\n<meta name=\"author\" content=\"Sari\" \/>\n<meta name=\"twitter:card\" content=\"summary_large_image\" \/>\n<meta name=\"twitter:creator\" content=\"@Heldenhaushalt\" \/>\n<meta name=\"twitter:site\" content=\"@Heldenhaushalt\" \/>\n<meta name=\"twitter:label1\" content=\"Verfasst von\" \/>\n\t<meta name=\"twitter:data1\" content=\"Sari\" \/>\n\t<meta name=\"twitter:label2\" content=\"Gesch\u00e4tzte Lesezeit\" \/>\n\t<meta name=\"twitter:data2\" content=\"3\u00a0Minuten\" \/>\n<script type=\"application\/ld+json\" class=\"yoast-schema-graph\">{\"@context\":\"https:\\\/\\\/schema.org\",\"@graph\":[{\"@type\":\"Article\",\"@id\":\"https:\\\/\\\/www.heldenhaushalt.de\\\/sari02\\\/index.php\\\/2017\\\/04\\\/21\\\/freitags5-5-tage-5-fotos-im-april-03\\\/#article\",\"isPartOf\":{\"@id\":\"https:\\\/\\\/www.heldenhaushalt.de\\\/sari02\\\/index.php\\\/2017\\\/04\\\/21\\\/freitags5-5-tage-5-fotos-im-april-03\\\/\"},\"author\":{\"name\":\"Sari\",\"@id\":\"https:\\\/\\\/www.heldenhaushalt.de\\\/sari02\\\/#\\\/schema\\\/person\\\/a1cc69f42a01f412eb62c151353814f6\"},\"headline\":\"#Freitags5 \u2013 5 Tage 5 Fotos im April #03\",\"datePublished\":\"2017-04-21T06:46:55+00:00\",\"dateModified\":\"2017-04-22T05:28:01+00:00\",\"mainEntityOfPage\":{\"@id\":\"https:\\\/\\\/www.heldenhaushalt.de\\\/sari02\\\/index.php\\\/2017\\\/04\\\/21\\\/freitags5-5-tage-5-fotos-im-april-03\\\/\"},\"wordCount\":528,\"commentCount\":0,\"publisher\":{\"@id\":\"https:\\\/\\\/www.heldenhaushalt.de\\\/sari02\\\/#\\\/schema\\\/person\\\/a1cc69f42a01f412eb62c151353814f6\"},\"image\":{\"@id\":\"https:\\\/\\\/www.heldenhaushalt.de\\\/sari02\\\/index.php\\\/2017\\\/04\\\/21\\\/freitags5-5-tage-5-fotos-im-april-03\\\/#primaryimage\"},\"thumbnailUrl\":\"https:\\\/\\\/www.heldenhaushalt.de\\\/sari02\\\/wp-content\\\/uploads\\\/2017\\\/04\\\/16-03.jpg\",\"keywords\":[\"#Freitags5\",\"#Freitagslieblinge\",\"Allt\u00e4glich\",\"Fotos\",\"Freitags\",\"R\u00fcckblick\",\"Woche\",\"Zusammenfassung\"],\"articleSection\":[\"Alltagschaos\",\"Blogsph\u00e4re\"],\"inLanguage\":\"de\",\"potentialAction\":[{\"@type\":\"CommentAction\",\"name\":\"Comment\",\"target\":[\"https:\\\/\\\/www.heldenhaushalt.de\\\/sari02\\\/index.php\\\/2017\\\/04\\\/21\\\/freitags5-5-tage-5-fotos-im-april-03\\\/#respond\"]}]},{\"@type\":\"WebPage\",\"@id\":\"https:\\\/\\\/www.heldenhaushalt.de\\\/sari02\\\/index.php\\\/2017\\\/04\\\/21\\\/freitags5-5-tage-5-fotos-im-april-03\\\/\",\"url\":\"https:\\\/\\\/www.heldenhaushalt.de\\\/sari02\\\/index.php\\\/2017\\\/04\\\/21\\\/freitags5-5-tage-5-fotos-im-april-03\\\/\",\"name\":\"#Freitags5 \u2013 5 Tage 5 Fotos im April #03 - Heldenhaushalt\",\"isPartOf\":{\"@id\":\"https:\\\/\\\/www.heldenhaushalt.de\\\/sari02\\\/#website\"},\"primaryImageOfPage\":{\"@id\":\"https:\\\/\\\/www.heldenhaushalt.de\\\/sari02\\\/index.php\\\/2017\\\/04\\\/21\\\/freitags5-5-tage-5-fotos-im-april-03\\\/#primaryimage\"},\"image\":{\"@id\":\"https:\\\/\\\/www.heldenhaushalt.de\\\/sari02\\\/index.php\\\/2017\\\/04\\\/21\\\/freitags5-5-tage-5-fotos-im-april-03\\\/#primaryimage\"},\"thumbnailUrl\":\"https:\\\/\\\/www.heldenhaushalt.de\\\/sari02\\\/wp-content\\\/uploads\\\/2017\\\/04\\\/16-03.jpg\",\"datePublished\":\"2017-04-21T06:46:55+00:00\",\"dateModified\":\"2017-04-22T05:28:01+00:00\",\"description\":\"Ich hoffe das verr\u00fcckte Wetter legt sich bald wieder und wir k\u00f6nnen mehr Sonne und W\u00e4rme genie\u00dfen. Unsere #Freitags5 #Freitagslieblinge\",\"breadcrumb\":{\"@id\":\"https:\\\/\\\/www.heldenhaushalt.de\\\/sari02\\\/index.php\\\/2017\\\/04\\\/21\\\/freitags5-5-tage-5-fotos-im-april-03\\\/#breadcrumb\"},\"inLanguage\":\"de\",\"potentialAction\":[{\"@type\":\"ReadAction\",\"target\":[\"https:\\\/\\\/www.heldenhaushalt.de\\\/sari02\\\/index.php\\\/2017\\\/04\\\/21\\\/freitags5-5-tage-5-fotos-im-april-03\\\/\"]}]},{\"@type\":\"ImageObject\",\"inLanguage\":\"de\",\"@id\":\"https:\\\/\\\/www.heldenhaushalt.de\\\/sari02\\\/index.php\\\/2017\\\/04\\\/21\\\/freitags5-5-tage-5-fotos-im-april-03\\\/#primaryimage\",\"url\":\"https:\\\/\\\/www.heldenhaushalt.de\\\/sari02\\\/wp-content\\\/uploads\\\/2017\\\/04\\\/16-03.jpg\",\"contentUrl\":\"https:\\\/\\\/www.heldenhaushalt.de\\\/sari02\\\/wp-content\\\/uploads\\\/2017\\\/04\\\/16-03.jpg\",\"width\":800,\"height\":800,\"caption\":\"#Freitags5\"},{\"@type\":\"BreadcrumbList\",\"@id\":\"https:\\\/\\\/www.heldenhaushalt.de\\\/sari02\\\/index.php\\\/2017\\\/04\\\/21\\\/freitags5-5-tage-5-fotos-im-april-03\\\/#breadcrumb\",\"itemListElement\":[{\"@type\":\"ListItem\",\"position\":1,\"name\":\"Startseite\",\"item\":\"https:\\\/\\\/www.heldenhaushalt.de\\\/sari02\\\/\"},{\"@type\":\"ListItem\",\"position\":2,\"name\":\"#Freitags5 \u2013 5 Tage 5 Fotos im April #03\"}]},{\"@type\":\"WebSite\",\"@id\":\"https:\\\/\\\/www.heldenhaushalt.de\\\/sari02\\\/#website\",\"url\":\"https:\\\/\\\/www.heldenhaushalt.de\\\/sari02\\\/\",\"name\":\"Heldenhaushalt\",\"description\":\"Wer es ordentlich haben will, der muss vorher anrufen\",\"publisher\":{\"@id\":\"https:\\\/\\\/www.heldenhaushalt.de\\\/sari02\\\/#\\\/schema\\\/person\\\/a1cc69f42a01f412eb62c151353814f6\"},\"potentialAction\":[{\"@type\":\"SearchAction\",\"target\":{\"@type\":\"EntryPoint\",\"urlTemplate\":\"https:\\\/\\\/www.heldenhaushalt.de\\\/sari02\\\/?s={search_term_string}\"},\"query-input\":{\"@type\":\"PropertyValueSpecification\",\"valueRequired\":true,\"valueName\":\"search_term_string\"}}],\"inLanguage\":\"de\"},{\"@type\":[\"Person\",\"Organization\"],\"@id\":\"https:\\\/\\\/www.heldenhaushalt.de\\\/sari02\\\/#\\\/schema\\\/person\\\/a1cc69f42a01f412eb62c151353814f6\",\"name\":\"Sari\",\"image\":{\"@type\":\"ImageObject\",\"inLanguage\":\"de\",\"@id\":\"https:\\\/\\\/www.heldenhaushalt.de\\\/sari02\\\/wp-content\\\/uploads\\\/2019\\\/02\\\/sari-april2018.png\",\"url\":\"https:\\\/\\\/www.heldenhaushalt.de\\\/sari02\\\/wp-content\\\/uploads\\\/2019\\\/02\\\/sari-april2018.png\",\"contentUrl\":\"https:\\\/\\\/www.heldenhaushalt.de\\\/sari02\\\/wp-content\\\/uploads\\\/2019\\\/02\\\/sari-april2018.png\",\"width\":500,\"height\":500,\"caption\":\"Sari\"},\"logo\":{\"@id\":\"https:\\\/\\\/www.heldenhaushalt.de\\\/sari02\\\/wp-content\\\/uploads\\\/2019\\\/02\\\/sari-april2018.png\"},\"description\":\"Frau Mondgras \u2013 Das bin ich, Sari. Gerne auch als Sari Mondgras bekannt und im Internet zu finden. 2-Fach-Mutter, Heldenehefrau, Kreativling, Harmonies\u00fcchtig und st\u00e4ndig auf der Suche nach Gl\u00fcck. Ich komme aus Berlin, bin hier aufgewachsen und lebe hier seit ich denken kann.\",\"sameAs\":[\"https:\\\/\\\/www.instagram.com\\\/heldenhaushalt\\\/\"],\"url\":\"https:\\\/\\\/www.heldenhaushalt.de\\\/sari02\\\/index.php\\\/author\\\/admin\\\/\"}]}<\/script>\n<!-- \/ Yoast SEO plugin. -->","yoast_head_json":{"title":"#Freitags5 \u2013 5 Tage 5 Fotos im April #03 - Heldenhaushalt","description":"Ich hoffe das verr\u00fcckte Wetter legt sich bald wieder und wir k\u00f6nnen mehr Sonne und W\u00e4rme genie\u00dfen. Unsere #Freitags5 #Freitagslieblinge","robots":{"index":"index","follow":"follow","max-snippet":"max-snippet:-1","max-image-preview":"max-image-preview:large","max-video-preview":"max-video-preview:-1"},"canonical":"https:\/\/www.heldenhaushalt.de\/sari02\/index.php\/2017\/04\/21\/freitags5-5-tage-5-fotos-im-april-03\/","og_locale":"de_DE","og_type":"article","og_title":"#Freitags5 \u2013 5 Tage 5 Fotos im April #03 - Heldenhaushalt","og_description":"Ich hoffe das verr\u00fcckte Wetter legt sich bald wieder und wir k\u00f6nnen mehr Sonne und W\u00e4rme genie\u00dfen. Unsere #Freitags5 #Freitagslieblinge","og_url":"https:\/\/www.heldenhaushalt.de\/sari02\/index.php\/2017\/04\/21\/freitags5-5-tage-5-fotos-im-april-03\/","og_site_name":"Heldenhaushalt","article_published_time":"2017-04-21T06:46:55+00:00","article_modified_time":"2017-04-22T05:28:01+00:00","og_image":[{"width":800,"height":800,"url":"https:\/\/www.heldenhaushalt.de\/sari02\/wp-content\/uploads\/2017\/04\/16-03.jpg","type":"image\/jpeg"}],"author":"Sari","twitter_card":"summary_large_image","twitter_creator":"@Heldenhaushalt","twitter_site":"@Heldenhaushalt","twitter_misc":{"Verfasst von":"Sari","Gesch\u00e4tzte Lesezeit":"3\u00a0Minuten"},"schema":{"@context":"https:\/\/schema.org","@graph":[{"@type":"Article","@id":"https:\/\/www.heldenhaushalt.de\/sari02\/index.php\/2017\/04\/21\/freitags5-5-tage-5-fotos-im-april-03\/#article","isPartOf":{"@id":"https:\/\/www.heldenhaushalt.de\/sari02\/index.php\/2017\/04\/21\/freitags5-5-tage-5-fotos-im-april-03\/"},"author":{"name":"Sari","@id":"https:\/\/www.heldenhaushalt.de\/sari02\/#\/schema\/person\/a1cc69f42a01f412eb62c151353814f6"},"headline":"#Freitags5 \u2013 5 Tage 5 Fotos im April #03","datePublished":"2017-04-21T06:46:55+00:00","dateModified":"2017-04-22T05:28:01+00:00","mainEntityOfPage":{"@id":"https:\/\/www.heldenhaushalt.de\/sari02\/index.php\/2017\/04\/21\/freitags5-5-tage-5-fotos-im-april-03\/"},"wordCount":528,"commentCount":0,"publisher":{"@id":"https:\/\/www.heldenhaushalt.de\/sari02\/#\/schema\/person\/a1cc69f42a01f412eb62c151353814f6"},"image":{"@id":"https:\/\/www.heldenhaushalt.de\/sari02\/index.php\/2017\/04\/21\/freitags5-5-tage-5-fotos-im-april-03\/#primaryimage"},"thumbnailUrl":"https:\/\/www.heldenhaushalt.de\/sari02\/wp-content\/uploads\/2017\/04\/16-03.jpg","keywords":["#Freitags5","#Freitagslieblinge","Allt\u00e4glich","Fotos","Freitags","R\u00fcckblick","Woche","Zusammenfassung"],"articleSection":["Alltagschaos","Blogsph\u00e4re"],"inLanguage":"de","potentialAction":[{"@type":"CommentAction","name":"Comment","target":["https:\/\/www.heldenhaushalt.de\/sari02\/index.php\/2017\/04\/21\/freitags5-5-tage-5-fotos-im-april-03\/#respond"]}]},{"@type":"WebPage","@id":"https:\/\/www.heldenhaushalt.de\/sari02\/index.php\/2017\/04\/21\/freitags5-5-tage-5-fotos-im-april-03\/","url":"https:\/\/www.heldenhaushalt.de\/sari02\/index.php\/2017\/04\/21\/freitags5-5-tage-5-fotos-im-april-03\/","name":"#Freitags5 \u2013 5 Tage 5 Fotos im April #03 - Heldenhaushalt","isPartOf":{"@id":"https:\/\/www.heldenhaushalt.de\/sari02\/#website"},"primaryImageOfPage":{"@id":"https:\/\/www.heldenhaushalt.de\/sari02\/index.php\/2017\/04\/21\/freitags5-5-tage-5-fotos-im-april-03\/#primaryimage"},"image":{"@id":"https:\/\/www.heldenhaushalt.de\/sari02\/index.php\/2017\/04\/21\/freitags5-5-tage-5-fotos-im-april-03\/#primaryimage"},"thumbnailUrl":"https:\/\/www.heldenhaushalt.de\/sari02\/wp-content\/uploads\/2017\/04\/16-03.jpg","datePublished":"2017-04-21T06:46:55+00:00","dateModified":"2017-04-22T05:28:01+00:00","description":"Ich hoffe das verr\u00fcckte Wetter legt sich bald wieder und wir k\u00f6nnen mehr Sonne und W\u00e4rme genie\u00dfen. Unsere #Freitags5 #Freitagslieblinge","breadcrumb":{"@id":"https:\/\/www.heldenhaushalt.de\/sari02\/index.php\/2017\/04\/21\/freitags5-5-tage-5-fotos-im-april-03\/#breadcrumb"},"inLanguage":"de","potentialAction":[{"@type":"ReadAction","target":["https:\/\/www.heldenhaushalt.de\/sari02\/index.php\/2017\/04\/21\/freitags5-5-tage-5-fotos-im-april-03\/"]}]},{"@type":"ImageObject","inLanguage":"de","@id":"https:\/\/www.heldenhaushalt.de\/sari02\/index.php\/2017\/04\/21\/freitags5-5-tage-5-fotos-im-april-03\/#primaryimage","url":"https:\/\/www.heldenhaushalt.de\/sari02\/wp-content\/uploads\/2017\/04\/16-03.jpg","contentUrl":"https:\/\/www.heldenhaushalt.de\/sari02\/wp-content\/uploads\/2017\/04\/16-03.jpg","width":800,"height":800,"caption":"#Freitags5"},{"@type":"BreadcrumbList","@id":"https:\/\/www.heldenhaushalt.de\/sari02\/index.php\/2017\/04\/21\/freitags5-5-tage-5-fotos-im-april-03\/#breadcrumb","itemListElement":[{"@type":"ListItem","position":1,"name":"Startseite","item":"https:\/\/www.heldenhaushalt.de\/sari02\/"},{"@type":"ListItem","position":2,"name":"#Freitags5 \u2013 5 Tage 5 Fotos im April #03"}]},{"@type":"WebSite","@id":"https:\/\/www.heldenhaushalt.de\/sari02\/#website","url":"https:\/\/www.heldenhaushalt.de\/sari02\/","name":"Heldenhaushalt","description":"Wer es ordentlich haben will, der muss vorher anrufen","publisher":{"@id":"https:\/\/www.heldenhaushalt.de\/sari02\/#\/schema\/person\/a1cc69f42a01f412eb62c151353814f6"},"potentialAction":[{"@type":"SearchAction","target":{"@type":"EntryPoint","urlTemplate":"https:\/\/www.heldenhaushalt.de\/sari02\/?s={search_term_string}"},"query-input":{"@type":"PropertyValueSpecification","valueRequired":true,"valueName":"search_term_string"}}],"inLanguage":"de"},{"@type":["Person","Organization"],"@id":"https:\/\/www.heldenhaushalt.de\/sari02\/#\/schema\/person\/a1cc69f42a01f412eb62c151353814f6","name":"Sari","image":{"@type":"ImageObject","inLanguage":"de","@id":"https:\/\/www.heldenhaushalt.de\/sari02\/wp-content\/uploads\/2019\/02\/sari-april2018.png","url":"https:\/\/www.heldenhaushalt.de\/sari02\/wp-content\/uploads\/2019\/02\/sari-april2018.png","contentUrl":"https:\/\/www.heldenhaushalt.de\/sari02\/wp-content\/uploads\/2019\/02\/sari-april2018.png","width":500,"height":500,"caption":"Sari"},"logo":{"@id":"https:\/\/www.heldenhaushalt.de\/sari02\/wp-content\/uploads\/2019\/02\/sari-april2018.png"},"description":"Frau Mondgras \u2013 Das bin ich, Sari. Gerne auch als Sari Mondgras bekannt und im Internet zu finden. 2-Fach-Mutter, Heldenehefrau, Kreativling, Harmonies\u00fcchtig und st\u00e4ndig auf der Suche nach Gl\u00fcck. Ich komme aus Berlin, bin hier aufgewachsen und lebe hier seit ich denken kann.","sameAs":["https:\/\/www.instagram.com\/heldenhaushalt\/"],"url":"https:\/\/www.heldenhaushalt.de\/sari02\/index.php\/author\/admin\/"}]}},"views":3894,"_links":{"self":[{"href":"https:\/\/www.heldenhaushalt.de\/sari02\/index.php\/wp-json\/wp\/v2\/posts\/32607","targetHints":{"allow":["GET"]}}],"collection":[{"href":"https:\/\/www.heldenhaushalt.de\/sari02\/index.php\/wp-json\/wp\/v2\/posts"}],"about":[{"href":"https:\/\/www.heldenhaushalt.de\/sari02\/index.php\/wp-json\/wp\/v2\/types\/post"}],"author":[{"embeddable":true,"href":"https:\/\/www.heldenhaushalt.de\/sari02\/index.php\/wp-json\/wp\/v2\/users\/1"}],"replies":[{"embeddable":true,"href":"https:\/\/www.heldenhaushalt.de\/sari02\/index.php\/wp-json\/wp\/v2\/comments?post=32607"}],"version-history":[{"count":4,"href":"https:\/\/www.heldenhaushalt.de\/sari02\/index.php\/wp-json\/wp\/v2\/posts\/32607\/revisions"}],"predecessor-version":[{"id":32652,"href":"https:\/\/www.heldenhaushalt.de\/sari02\/index.php\/wp-json\/wp\/v2\/posts\/32607\/revisions\/32652"}],"wp:featuredmedia":[{"embeddable":true,"href":"https:\/\/www.heldenhaushalt.de\/sari02\/index.php\/wp-json\/wp\/v2\/media\/32640"}],"wp:attachment":[{"href":"https:\/\/www.heldenhaushalt.de\/sari02\/index.php\/wp-json\/wp\/v2\/media?parent=32607"}],"wp:term":[{"taxonomy":"category","embeddable":true,"href":"https:\/\/www.heldenhaushalt.de\/sari02\/index.php\/wp-json\/wp\/v2\/categories?post=32607"},{"taxonomy":"post_tag","embeddable":true,"href":"https:\/\/www.heldenhaushalt.de\/sari02\/index.php\/wp-json\/wp\/v2\/tags?post=32607"}],"curies":[{"name":"wp","href":"https:\/\/api.w.org\/{rel}","templated":true}]}}