{"id":32749,"date":"2017-05-04T09:30:00","date_gmt":"2017-05-04T07:30:00","guid":{"rendered":"http:\/\/www.heldenhaushalt.de\/sari02\/?p=32749"},"modified":"2017-05-04T09:36:28","modified_gmt":"2017-05-04T07:36:28","slug":"als-mein-kind-alter-sagte","status":"publish","type":"post","link":"https:\/\/www.heldenhaushalt.de\/sari02\/index.php\/2017\/05\/04\/als-mein-kind-alter-sagte\/","title":{"rendered":"Als mein Kind pl&#246;tzlich anfing &#8220;Alter&#8221; zu sagen!"},"content":{"rendered":"<p>BOOM, da war er. Dieser Moment, vor dem sich sicher alle Eltern f&#252;rchten: Dieser Moment, in dem das Kind Dinge tut, von denen man immer gehofft hat, dass sie das eigene Kind umschiffen werden.<\/p>\n<h2>Es war ein ganz normaler Tag&#8230;<\/h2>\n<p>Wir waren beim Fu&#223;ball. Der Miniheld hatte ein Bezirksliga -Spiel und die Gegner hatten es ganz sch&#246;n in sich. Dennoch gelang es dem Minihelden ein Tor zu schie&#223;en und rannte jubelnd &#252;ber das Feld. Als es dann an der Zeit war ausgewechselt zu werden, kam er vom Platz, klatschte ab und ich h&#246;rte es ganz deutlich. <strong>&#8220;ALTER!!!&#8221;<\/strong>, rief er seinem Mannschaftskameraden zu, &#8220;war das ein tolles Tor?!&#8221;. Die Jungs klatschten ab und machten es sich auf der Auswechselbank gem&#252;tlich.<\/p>\n<p>Ich ordnete in der Zwischenzeit die Jacken. Es war ein frischer Tag und einer musste darauf achten, dass die Jungs, die pausierten, nicht zu d&#252;nn angezogen war. Dieser eine war dann &#252;brigens ich. Nun ja&#8230; ich ging also der Dinge nach und dachte dabei so bei mir &#8220;Ach, das wird nur ein Ausrutscher gewesen sein&#8221; und lie&#223; den Tag an uns vorbei ziehen wie eh und je.<\/p>\n<h2>ALTER&#8230; da war es wieder!<\/h2>\n<p>Am n&#228;chsten Tag scho&#223; es wieder aus dem Mund des Minihelden und auch am Nachmittag nochmal. Aaaargh&#8230; es war tats&#228;chlich passiert.Das Kind war in der&#8230;ja, wie nennt man diese Sprache eigentlich?<\/p>\n<p>Ich habe ja auch so meine sprachlichen Macken, das gebe ich gerne zu. Eines meiner meist genutzten W&#246;rter ist &#8220;krass&#8221;. Ist das eigentlich noch modern, oder bin ich damit inzwischen schon peinlich geworden. Wei&#223; das jemand?<\/p>\n<p>Durch meine fast 10 Jahre j&#252;ngere Schwester hatte ich ja eine Zeit lang schon mit der Jugendsprache zu tun. Teenager. Irgendwie geht das immer fr&#252;her los. Was f&#252;r W&#246;rter es da gab, bei denen rollen sich mir regelrecht die Zehenn&#228;gel ein. Am Schlimmsten fand ich ja immer &#8220;ABOUCHA&#8221; (schreibt man das &#252;berhaupt so?) oder eben auch &#8220;Alter&#8221;. W&#246;rter, die aus meiner Sicht so gar nicht gehen. Fragt mich nicht wieso, aber ich habe immer gehofft, dass es uns in Ruhe lassen w&#252;rde.<\/p>\n<p><img loading=\"lazy\" decoding=\"async\" class=\"aligncenter size-full wp-image-32755\" src=\"http:\/\/www.heldenhaushalt.de\/sari02\/wp-content\/uploads\/2017\/05\/alter01.jpg\" alt=\"Alter\" width=\"800\" height=\"478\" srcset=\"https:\/\/www.heldenhaushalt.de\/sari02\/wp-content\/uploads\/2017\/05\/alter01.jpg 800w, https:\/\/www.heldenhaushalt.de\/sari02\/wp-content\/uploads\/2017\/05\/alter01-300x179.jpg 300w, https:\/\/www.heldenhaushalt.de\/sari02\/wp-content\/uploads\/2017\/05\/alter01-768x459.jpg 768w, https:\/\/www.heldenhaushalt.de\/sari02\/wp-content\/uploads\/2017\/05\/alter01-600x359.jpg 600w\" sizes=\"auto, (max-width: 800px) 100vw, 800px\" \/><\/p>\n<h2>Da zeigt sich mal wieder, dass nichts unausweichlich ist!<\/h2>\n<p>Meist kann ich nicht anders. Sobald bei einem Kind das W&#246;rtchen &#8220;Alter&#8221; meist mit staunendem Ton heraus kommt, rutscht es mir mit eher lachenden Tonfall ebenfalls heraus. Wie so ein Echo. Mit Schmunzeln im Gesicht und allem, was dazu geh&#246;rt, um zu zeigen, dass ich diesen Ausruf einfach nicht Ernst nehmen kann.<\/p>\n<p>Mir ist durchaus bewusst, dass Kinder sich da individuell durch den Einfluss ihrer Umwelt entwickeln und da sicher noch viele Dinge neben dem &#8220;Alter&#8221; auf uns zu kommen werden, die ich eigentlich immer vermeiden wollte. Etwas bang wird einem da aber schon, oder? Wenn ich es vollst&#228;ndig aus unserem Leben raus halten will, muss ich mein Kind einsperren und von der Aussenwelt abschirmen und damit tun wir ehrlich gesagt niemanden einen Gefallen. Weder uns noch dem Kind. Also m&#252;ssen wir da wohl durch und wie bei allen anderen Dingen im Leben einfach hoffen, dass es nur eine Phase ist und bald wieder vor&#252;ber gehen wird.<\/p>\n<p>Ihr kennt das sicher, oder? Was f&#252;r Macken kennt Ihr, bei denen Ihr innerlich rot seht? Erz&#228;hlt doch mal.<\/p>\n<p><img loading=\"lazy\" decoding=\"async\" class=\"alignright wp-image-24841 size-full\" src=\"http:\/\/www.heldenhaushalt.de\/sari02\/wp-content\/uploads\/2015\/01\/sari-unter.jpg\" alt=\"Besucherzahlen\" data-attachment-id=\"24841\" data-permalink=\"http:\/\/www.heldenhaushalt.de\/sari02\/index.php\/2015\/01\/03\/sich-neu-erfinden\/sari-unter\/\" data-orig-file=\"http:\/\/www.heldenhaushalt.de\/sari02\/wp-content\/uploads\/2015\/01\/sari-unter.jpg\" data-orig-size=\"130,59\" data-comments-opened=\"1\" data-image-meta=\"{&quot;aperture&quot;:&quot;0&quot;,&quot;credit&quot;:&quot;&quot;,&quot;camera&quot;:&quot;&quot;,&quot;caption&quot;:&quot;&quot;,&quot;created_timestamp&quot;:&quot;0&quot;,&quot;copyright&quot;:&quot;&quot;,&quot;focal_length&quot;:&quot;0&quot;,&quot;iso&quot;:&quot;0&quot;,&quot;shutter_speed&quot;:&quot;0&quot;,&quot;title&quot;:&quot;&quot;,&quot;orientation&quot;:&quot;0&quot;}\" data-image-title=\"sari-unter\" data-image-description=\"\" data-medium-file=\"http:\/\/www.heldenhaushalt.de\/sari02\/wp-content\/uploads\/2015\/01\/sari-unter.jpg\" data-large-file=\"http:\/\/www.heldenhaushalt.de\/sari02\/wp-content\/uploads\/2015\/01\/sari-unter.jpg\" width=\"130\" height=\"59\"><\/p>\n","protected":false},"excerpt":{"rendered":"<p>BOOM, da war er. Dieser Moment, vor dem sich sicher alle Eltern f&#252;rchten: Dieser Moment, in dem das Kind Dinge tut, von denen man immer gehofft hat, dass sie das eigene Kind umschiffen werden. Es war ein ganz normaler Tag&#8230; Wir waren beim Fu&#223;ball. Der Miniheld hatte ein Bezirksliga -Spiel und die Gegner hatten es ganz sch&#246;n in sich. Dennoch gelang es dem Minihelden ein Tor zu schie&#223;en und rannte jubelnd &#252;ber das Feld. Als es dann an der Zeit war ausgewechselt zu werden, kam er vom Platz, klatschte ab und ich h&#246;rte es ganz deutlich. &#8220;ALTER!!!&#8221;, rief er seinem Mannschaftskameraden zu, &#8220;war das ein tolles Tor?!&#8221;. Die Jungs klatschten ab und machten es sich auf der Auswechselbank gem&#252;tlich. Ich ordnete in der Zwischenzeit die Jacken. Es war ein frischer Tag und einer musste darauf achten, dass die Jungs, die pausierten, nicht zu d&#252;nn angezogen war. Dieser eine war dann &#252;brigens ich. Nun ja&#8230; ich ging also der Dinge nach und dachte dabei so bei mir &#8220;Ach, das wird nur ein Ausrutscher gewesen sein&#8221; und lie&#223; den Tag an uns vorbei ziehen wie eh und je. ALTER&#8230; da war es wieder! Am n&#228;chsten Tag scho&#223; es wieder aus dem Mund des Minihelden und auch am Nachmittag nochmal. Aaaargh&#8230; es war tats&#228;chlich passiert.Das Kind war in der&#8230;ja, wie nennt man diese Sprache eigentlich? Ich habe ja auch so meine sprachlichen Macken, das gebe ich gerne zu. Eines meiner meist genutzten W&#246;rter ist &#8220;krass&#8221;. Ist das eigentlich noch modern, oder bin ich damit inzwischen schon peinlich geworden. Wei&#223; das jemand? Durch meine fast 10 Jahre j&#252;ngere Schwester hatte ich ja eine Zeit lang schon mit der Jugendsprache zu tun. Teenager. Irgendwie geht das immer fr&#252;her los. Was f&#252;r W&#246;rter es da gab, bei denen rollen sich mir regelrecht die Zehenn&#228;gel ein. Am Schlimmsten fand ich ja immer &#8220;ABOUCHA&#8221; (schreibt man das &#252;berhaupt so?) oder eben auch &#8220;Alter&#8221;. W&#246;rter, die aus meiner Sicht so gar nicht gehen. Fragt mich nicht wieso, aber ich habe immer gehofft, dass es uns in Ruhe lassen w&#252;rde. Da zeigt sich mal wieder, dass nichts unausweichlich ist! Meist kann ich nicht anders. Sobald bei einem Kind das W&#246;rtchen &#8220;Alter&#8221; meist mit staunendem Ton heraus kommt, rutscht es mir mit eher lachenden Tonfall ebenfalls heraus. Wie so ein Echo. Mit Schmunzeln im Gesicht und allem, was dazu geh&#246;rt, um zu zeigen, dass ich diesen Ausruf einfach nicht Ernst nehmen kann. Mir ist durchaus bewusst, dass Kinder sich da individuell durch den Einfluss ihrer Umwelt entwickeln und da sicher noch viele Dinge neben dem &#8220;Alter&#8221; auf uns zu kommen werden, die ich eigentlich immer vermeiden wollte. Etwas bang wird einem da aber schon, oder? Wenn ich es vollst&#228;ndig aus unserem Leben raus halten will, muss ich mein Kind einsperren und von der Aussenwelt abschirmen und damit tun wir ehrlich gesagt niemanden einen Gefallen. Weder uns noch dem Kind. Also m&#252;ssen wir da wohl durch und wie bei allen anderen Dingen im Leben einfach hoffen, dass es nur eine Phase ist und bald wieder vor&#252;ber gehen wird. Ihr kennt das sicher, oder? Was f&#252;r Macken kennt Ihr, bei denen Ihr innerlich rot seht? Erz&#228;hlt doch mal.<\/p>\n","protected":false},"author":1,"featured_media":32755,"comment_status":"open","ping_status":"open","sticky":false,"template":"","format":"standard","meta":{"ngg_post_thumbnail":0,"footnotes":""},"categories":[323,321],"tags":[45,1219,534,81,911,1340,1341],"class_list":["post-32749","post","type-post","status-publish","format-standard","has-post-thumbnail","hentry","category-alltag","category-minimum","tag-alltag","tag-alter","tag-entwicklung","tag-kinder","tag-macken","tag-sprache","tag-woerter"],"yoast_head":"<!-- This site is optimized with the Yoast SEO plugin v27.5 - https:\/\/yoast.com\/product\/yoast-seo-wordpress\/ -->\n<title>Als mein Kind pl\u00f6tzlich anfing &quot;Alter&quot; zu sagen! - Heldenhaushalt<\/title>\n<meta name=\"description\" content=\"ALTER... da war es wieder! Am n\u00e4chsten Tag scho\u00df es wieder aus dem Mund des Minihelden und auch am Nachmittag nochmal. Aaaargh...\" \/>\n<meta name=\"robots\" content=\"index, follow, max-snippet:-1, max-image-preview:large, max-video-preview:-1\" \/>\n<link rel=\"canonical\" href=\"https:\/\/www.heldenhaushalt.de\/sari02\/index.php\/2017\/05\/04\/als-mein-kind-alter-sagte\/\" \/>\n<meta property=\"og:locale\" content=\"de_DE\" \/>\n<meta property=\"og:type\" content=\"article\" \/>\n<meta property=\"og:title\" content=\"Als mein Kind pl\u00f6tzlich anfing &quot;Alter&quot; zu sagen! - Heldenhaushalt\" \/>\n<meta property=\"og:description\" content=\"ALTER... da war es wieder! Am n\u00e4chsten Tag scho\u00df es wieder aus dem Mund des Minihelden und auch am Nachmittag nochmal. Aaaargh...\" \/>\n<meta property=\"og:url\" content=\"https:\/\/www.heldenhaushalt.de\/sari02\/index.php\/2017\/05\/04\/als-mein-kind-alter-sagte\/\" \/>\n<meta property=\"og:site_name\" content=\"Heldenhaushalt\" \/>\n<meta property=\"article:published_time\" content=\"2017-05-04T07:30:00+00:00\" \/>\n<meta property=\"article:modified_time\" content=\"2017-05-04T07:36:28+00:00\" \/>\n<meta property=\"og:image\" content=\"https:\/\/www.heldenhaushalt.de\/sari02\/wp-content\/uploads\/2017\/05\/alter01.jpg\" \/>\n\t<meta property=\"og:image:width\" content=\"800\" \/>\n\t<meta property=\"og:image:height\" content=\"478\" \/>\n\t<meta property=\"og:image:type\" content=\"image\/jpeg\" \/>\n<meta name=\"author\" content=\"Sari\" \/>\n<meta name=\"twitter:card\" content=\"summary_large_image\" \/>\n<meta name=\"twitter:creator\" content=\"@Heldenhaushalt\" \/>\n<meta name=\"twitter:site\" content=\"@Heldenhaushalt\" \/>\n<meta name=\"twitter:label1\" content=\"Verfasst von\" \/>\n\t<meta name=\"twitter:data1\" content=\"Sari\" \/>\n\t<meta name=\"twitter:label2\" content=\"Gesch\u00e4tzte Lesezeit\" \/>\n\t<meta name=\"twitter:data2\" content=\"3\u00a0Minuten\" \/>\n<script type=\"application\/ld+json\" class=\"yoast-schema-graph\">{\"@context\":\"https:\\\/\\\/schema.org\",\"@graph\":[{\"@type\":\"Article\",\"@id\":\"https:\\\/\\\/www.heldenhaushalt.de\\\/sari02\\\/index.php\\\/2017\\\/05\\\/04\\\/als-mein-kind-alter-sagte\\\/#article\",\"isPartOf\":{\"@id\":\"https:\\\/\\\/www.heldenhaushalt.de\\\/sari02\\\/index.php\\\/2017\\\/05\\\/04\\\/als-mein-kind-alter-sagte\\\/\"},\"author\":{\"name\":\"Sari\",\"@id\":\"https:\\\/\\\/www.heldenhaushalt.de\\\/sari02\\\/#\\\/schema\\\/person\\\/a1cc69f42a01f412eb62c151353814f6\"},\"headline\":\"Als mein Kind pl&#246;tzlich anfing &#8220;Alter&#8221; zu sagen!\",\"datePublished\":\"2017-05-04T07:30:00+00:00\",\"dateModified\":\"2017-05-04T07:36:28+00:00\",\"mainEntityOfPage\":{\"@id\":\"https:\\\/\\\/www.heldenhaushalt.de\\\/sari02\\\/index.php\\\/2017\\\/05\\\/04\\\/als-mein-kind-alter-sagte\\\/\"},\"wordCount\":559,\"commentCount\":10,\"publisher\":{\"@id\":\"https:\\\/\\\/www.heldenhaushalt.de\\\/sari02\\\/#\\\/schema\\\/person\\\/a1cc69f42a01f412eb62c151353814f6\"},\"image\":{\"@id\":\"https:\\\/\\\/www.heldenhaushalt.de\\\/sari02\\\/index.php\\\/2017\\\/05\\\/04\\\/als-mein-kind-alter-sagte\\\/#primaryimage\"},\"thumbnailUrl\":\"https:\\\/\\\/www.heldenhaushalt.de\\\/sari02\\\/wp-content\\\/uploads\\\/2017\\\/05\\\/alter01.jpg\",\"keywords\":[\"Allt\u00e4glich\",\"Alter\",\"Entwicklung\",\"Kinder\",\"Macken\",\"Sprache\",\"W\u00f6rter\"],\"articleSection\":[\"Alltagschaos\",\"Heldenkinder\"],\"inLanguage\":\"de\",\"potentialAction\":[{\"@type\":\"CommentAction\",\"name\":\"Comment\",\"target\":[\"https:\\\/\\\/www.heldenhaushalt.de\\\/sari02\\\/index.php\\\/2017\\\/05\\\/04\\\/als-mein-kind-alter-sagte\\\/#respond\"]}]},{\"@type\":\"WebPage\",\"@id\":\"https:\\\/\\\/www.heldenhaushalt.de\\\/sari02\\\/index.php\\\/2017\\\/05\\\/04\\\/als-mein-kind-alter-sagte\\\/\",\"url\":\"https:\\\/\\\/www.heldenhaushalt.de\\\/sari02\\\/index.php\\\/2017\\\/05\\\/04\\\/als-mein-kind-alter-sagte\\\/\",\"name\":\"Als mein Kind pl\u00f6tzlich anfing \\\"Alter\\\" zu sagen! - Heldenhaushalt\",\"isPartOf\":{\"@id\":\"https:\\\/\\\/www.heldenhaushalt.de\\\/sari02\\\/#website\"},\"primaryImageOfPage\":{\"@id\":\"https:\\\/\\\/www.heldenhaushalt.de\\\/sari02\\\/index.php\\\/2017\\\/05\\\/04\\\/als-mein-kind-alter-sagte\\\/#primaryimage\"},\"image\":{\"@id\":\"https:\\\/\\\/www.heldenhaushalt.de\\\/sari02\\\/index.php\\\/2017\\\/05\\\/04\\\/als-mein-kind-alter-sagte\\\/#primaryimage\"},\"thumbnailUrl\":\"https:\\\/\\\/www.heldenhaushalt.de\\\/sari02\\\/wp-content\\\/uploads\\\/2017\\\/05\\\/alter01.jpg\",\"datePublished\":\"2017-05-04T07:30:00+00:00\",\"dateModified\":\"2017-05-04T07:36:28+00:00\",\"description\":\"ALTER... da war es wieder! Am n\u00e4chsten Tag scho\u00df es wieder aus dem Mund des Minihelden und auch am Nachmittag nochmal. Aaaargh...\",\"breadcrumb\":{\"@id\":\"https:\\\/\\\/www.heldenhaushalt.de\\\/sari02\\\/index.php\\\/2017\\\/05\\\/04\\\/als-mein-kind-alter-sagte\\\/#breadcrumb\"},\"inLanguage\":\"de\",\"potentialAction\":[{\"@type\":\"ReadAction\",\"target\":[\"https:\\\/\\\/www.heldenhaushalt.de\\\/sari02\\\/index.php\\\/2017\\\/05\\\/04\\\/als-mein-kind-alter-sagte\\\/\"]}]},{\"@type\":\"ImageObject\",\"inLanguage\":\"de\",\"@id\":\"https:\\\/\\\/www.heldenhaushalt.de\\\/sari02\\\/index.php\\\/2017\\\/05\\\/04\\\/als-mein-kind-alter-sagte\\\/#primaryimage\",\"url\":\"https:\\\/\\\/www.heldenhaushalt.de\\\/sari02\\\/wp-content\\\/uploads\\\/2017\\\/05\\\/alter01.jpg\",\"contentUrl\":\"https:\\\/\\\/www.heldenhaushalt.de\\\/sari02\\\/wp-content\\\/uploads\\\/2017\\\/05\\\/alter01.jpg\",\"width\":800,\"height\":478,\"caption\":\"Alter\"},{\"@type\":\"BreadcrumbList\",\"@id\":\"https:\\\/\\\/www.heldenhaushalt.de\\\/sari02\\\/index.php\\\/2017\\\/05\\\/04\\\/als-mein-kind-alter-sagte\\\/#breadcrumb\",\"itemListElement\":[{\"@type\":\"ListItem\",\"position\":1,\"name\":\"Startseite\",\"item\":\"https:\\\/\\\/www.heldenhaushalt.de\\\/sari02\\\/\"},{\"@type\":\"ListItem\",\"position\":2,\"name\":\"Als mein Kind pl&#246;tzlich anfing &#8220;Alter&#8221; zu sagen!\"}]},{\"@type\":\"WebSite\",\"@id\":\"https:\\\/\\\/www.heldenhaushalt.de\\\/sari02\\\/#website\",\"url\":\"https:\\\/\\\/www.heldenhaushalt.de\\\/sari02\\\/\",\"name\":\"Heldenhaushalt\",\"description\":\"Wer es ordentlich haben will, der muss vorher anrufen\",\"publisher\":{\"@id\":\"https:\\\/\\\/www.heldenhaushalt.de\\\/sari02\\\/#\\\/schema\\\/person\\\/a1cc69f42a01f412eb62c151353814f6\"},\"potentialAction\":[{\"@type\":\"SearchAction\",\"target\":{\"@type\":\"EntryPoint\",\"urlTemplate\":\"https:\\\/\\\/www.heldenhaushalt.de\\\/sari02\\\/?s={search_term_string}\"},\"query-input\":{\"@type\":\"PropertyValueSpecification\",\"valueRequired\":true,\"valueName\":\"search_term_string\"}}],\"inLanguage\":\"de\"},{\"@type\":[\"Person\",\"Organization\"],\"@id\":\"https:\\\/\\\/www.heldenhaushalt.de\\\/sari02\\\/#\\\/schema\\\/person\\\/a1cc69f42a01f412eb62c151353814f6\",\"name\":\"Sari\",\"image\":{\"@type\":\"ImageObject\",\"inLanguage\":\"de\",\"@id\":\"https:\\\/\\\/www.heldenhaushalt.de\\\/sari02\\\/wp-content\\\/uploads\\\/2019\\\/02\\\/sari-april2018.png\",\"url\":\"https:\\\/\\\/www.heldenhaushalt.de\\\/sari02\\\/wp-content\\\/uploads\\\/2019\\\/02\\\/sari-april2018.png\",\"contentUrl\":\"https:\\\/\\\/www.heldenhaushalt.de\\\/sari02\\\/wp-content\\\/uploads\\\/2019\\\/02\\\/sari-april2018.png\",\"width\":500,\"height\":500,\"caption\":\"Sari\"},\"logo\":{\"@id\":\"https:\\\/\\\/www.heldenhaushalt.de\\\/sari02\\\/wp-content\\\/uploads\\\/2019\\\/02\\\/sari-april2018.png\"},\"description\":\"Frau Mondgras \u2013 Das bin ich, Sari. Gerne auch als Sari Mondgras bekannt und im Internet zu finden. 2-Fach-Mutter, Heldenehefrau, Kreativling, Harmonies\u00fcchtig und st\u00e4ndig auf der Suche nach Gl\u00fcck. Ich komme aus Berlin, bin hier aufgewachsen und lebe hier seit ich denken kann.\",\"sameAs\":[\"https:\\\/\\\/www.instagram.com\\\/heldenhaushalt\\\/\"],\"url\":\"https:\\\/\\\/www.heldenhaushalt.de\\\/sari02\\\/index.php\\\/author\\\/admin\\\/\"}]}<\/script>\n<!-- \/ Yoast SEO plugin. -->","yoast_head_json":{"title":"Als mein Kind pl\u00f6tzlich anfing \"Alter\" zu sagen! - Heldenhaushalt","description":"ALTER... da war es wieder! Am n\u00e4chsten Tag scho\u00df es wieder aus dem Mund des Minihelden und auch am Nachmittag nochmal. Aaaargh...","robots":{"index":"index","follow":"follow","max-snippet":"max-snippet:-1","max-image-preview":"max-image-preview:large","max-video-preview":"max-video-preview:-1"},"canonical":"https:\/\/www.heldenhaushalt.de\/sari02\/index.php\/2017\/05\/04\/als-mein-kind-alter-sagte\/","og_locale":"de_DE","og_type":"article","og_title":"Als mein Kind pl\u00f6tzlich anfing \"Alter\" zu sagen! - Heldenhaushalt","og_description":"ALTER... da war es wieder! Am n\u00e4chsten Tag scho\u00df es wieder aus dem Mund des Minihelden und auch am Nachmittag nochmal. Aaaargh...","og_url":"https:\/\/www.heldenhaushalt.de\/sari02\/index.php\/2017\/05\/04\/als-mein-kind-alter-sagte\/","og_site_name":"Heldenhaushalt","article_published_time":"2017-05-04T07:30:00+00:00","article_modified_time":"2017-05-04T07:36:28+00:00","og_image":[{"width":800,"height":478,"url":"https:\/\/www.heldenhaushalt.de\/sari02\/wp-content\/uploads\/2017\/05\/alter01.jpg","type":"image\/jpeg"}],"author":"Sari","twitter_card":"summary_large_image","twitter_creator":"@Heldenhaushalt","twitter_site":"@Heldenhaushalt","twitter_misc":{"Verfasst von":"Sari","Gesch\u00e4tzte Lesezeit":"3\u00a0Minuten"},"schema":{"@context":"https:\/\/schema.org","@graph":[{"@type":"Article","@id":"https:\/\/www.heldenhaushalt.de\/sari02\/index.php\/2017\/05\/04\/als-mein-kind-alter-sagte\/#article","isPartOf":{"@id":"https:\/\/www.heldenhaushalt.de\/sari02\/index.php\/2017\/05\/04\/als-mein-kind-alter-sagte\/"},"author":{"name":"Sari","@id":"https:\/\/www.heldenhaushalt.de\/sari02\/#\/schema\/person\/a1cc69f42a01f412eb62c151353814f6"},"headline":"Als mein Kind pl&#246;tzlich anfing &#8220;Alter&#8221; zu sagen!","datePublished":"2017-05-04T07:30:00+00:00","dateModified":"2017-05-04T07:36:28+00:00","mainEntityOfPage":{"@id":"https:\/\/www.heldenhaushalt.de\/sari02\/index.php\/2017\/05\/04\/als-mein-kind-alter-sagte\/"},"wordCount":559,"commentCount":10,"publisher":{"@id":"https:\/\/www.heldenhaushalt.de\/sari02\/#\/schema\/person\/a1cc69f42a01f412eb62c151353814f6"},"image":{"@id":"https:\/\/www.heldenhaushalt.de\/sari02\/index.php\/2017\/05\/04\/als-mein-kind-alter-sagte\/#primaryimage"},"thumbnailUrl":"https:\/\/www.heldenhaushalt.de\/sari02\/wp-content\/uploads\/2017\/05\/alter01.jpg","keywords":["Allt\u00e4glich","Alter","Entwicklung","Kinder","Macken","Sprache","W\u00f6rter"],"articleSection":["Alltagschaos","Heldenkinder"],"inLanguage":"de","potentialAction":[{"@type":"CommentAction","name":"Comment","target":["https:\/\/www.heldenhaushalt.de\/sari02\/index.php\/2017\/05\/04\/als-mein-kind-alter-sagte\/#respond"]}]},{"@type":"WebPage","@id":"https:\/\/www.heldenhaushalt.de\/sari02\/index.php\/2017\/05\/04\/als-mein-kind-alter-sagte\/","url":"https:\/\/www.heldenhaushalt.de\/sari02\/index.php\/2017\/05\/04\/als-mein-kind-alter-sagte\/","name":"Als mein Kind pl\u00f6tzlich anfing \"Alter\" zu sagen! - Heldenhaushalt","isPartOf":{"@id":"https:\/\/www.heldenhaushalt.de\/sari02\/#website"},"primaryImageOfPage":{"@id":"https:\/\/www.heldenhaushalt.de\/sari02\/index.php\/2017\/05\/04\/als-mein-kind-alter-sagte\/#primaryimage"},"image":{"@id":"https:\/\/www.heldenhaushalt.de\/sari02\/index.php\/2017\/05\/04\/als-mein-kind-alter-sagte\/#primaryimage"},"thumbnailUrl":"https:\/\/www.heldenhaushalt.de\/sari02\/wp-content\/uploads\/2017\/05\/alter01.jpg","datePublished":"2017-05-04T07:30:00+00:00","dateModified":"2017-05-04T07:36:28+00:00","description":"ALTER... da war es wieder! Am n\u00e4chsten Tag scho\u00df es wieder aus dem Mund des Minihelden und auch am Nachmittag nochmal. Aaaargh...","breadcrumb":{"@id":"https:\/\/www.heldenhaushalt.de\/sari02\/index.php\/2017\/05\/04\/als-mein-kind-alter-sagte\/#breadcrumb"},"inLanguage":"de","potentialAction":[{"@type":"ReadAction","target":["https:\/\/www.heldenhaushalt.de\/sari02\/index.php\/2017\/05\/04\/als-mein-kind-alter-sagte\/"]}]},{"@type":"ImageObject","inLanguage":"de","@id":"https:\/\/www.heldenhaushalt.de\/sari02\/index.php\/2017\/05\/04\/als-mein-kind-alter-sagte\/#primaryimage","url":"https:\/\/www.heldenhaushalt.de\/sari02\/wp-content\/uploads\/2017\/05\/alter01.jpg","contentUrl":"https:\/\/www.heldenhaushalt.de\/sari02\/wp-content\/uploads\/2017\/05\/alter01.jpg","width":800,"height":478,"caption":"Alter"},{"@type":"BreadcrumbList","@id":"https:\/\/www.heldenhaushalt.de\/sari02\/index.php\/2017\/05\/04\/als-mein-kind-alter-sagte\/#breadcrumb","itemListElement":[{"@type":"ListItem","position":1,"name":"Startseite","item":"https:\/\/www.heldenhaushalt.de\/sari02\/"},{"@type":"ListItem","position":2,"name":"Als mein Kind pl&#246;tzlich anfing &#8220;Alter&#8221; zu sagen!"}]},{"@type":"WebSite","@id":"https:\/\/www.heldenhaushalt.de\/sari02\/#website","url":"https:\/\/www.heldenhaushalt.de\/sari02\/","name":"Heldenhaushalt","description":"Wer es ordentlich haben will, der muss vorher anrufen","publisher":{"@id":"https:\/\/www.heldenhaushalt.de\/sari02\/#\/schema\/person\/a1cc69f42a01f412eb62c151353814f6"},"potentialAction":[{"@type":"SearchAction","target":{"@type":"EntryPoint","urlTemplate":"https:\/\/www.heldenhaushalt.de\/sari02\/?s={search_term_string}"},"query-input":{"@type":"PropertyValueSpecification","valueRequired":true,"valueName":"search_term_string"}}],"inLanguage":"de"},{"@type":["Person","Organization"],"@id":"https:\/\/www.heldenhaushalt.de\/sari02\/#\/schema\/person\/a1cc69f42a01f412eb62c151353814f6","name":"Sari","image":{"@type":"ImageObject","inLanguage":"de","@id":"https:\/\/www.heldenhaushalt.de\/sari02\/wp-content\/uploads\/2019\/02\/sari-april2018.png","url":"https:\/\/www.heldenhaushalt.de\/sari02\/wp-content\/uploads\/2019\/02\/sari-april2018.png","contentUrl":"https:\/\/www.heldenhaushalt.de\/sari02\/wp-content\/uploads\/2019\/02\/sari-april2018.png","width":500,"height":500,"caption":"Sari"},"logo":{"@id":"https:\/\/www.heldenhaushalt.de\/sari02\/wp-content\/uploads\/2019\/02\/sari-april2018.png"},"description":"Frau Mondgras \u2013 Das bin ich, Sari. Gerne auch als Sari Mondgras bekannt und im Internet zu finden. 2-Fach-Mutter, Heldenehefrau, Kreativling, Harmonies\u00fcchtig und st\u00e4ndig auf der Suche nach Gl\u00fcck. Ich komme aus Berlin, bin hier aufgewachsen und lebe hier seit ich denken kann.","sameAs":["https:\/\/www.instagram.com\/heldenhaushalt\/"],"url":"https:\/\/www.heldenhaushalt.de\/sari02\/index.php\/author\/admin\/"}]}},"views":6300,"_links":{"self":[{"href":"https:\/\/www.heldenhaushalt.de\/sari02\/index.php\/wp-json\/wp\/v2\/posts\/32749","targetHints":{"allow":["GET"]}}],"collection":[{"href":"https:\/\/www.heldenhaushalt.de\/sari02\/index.php\/wp-json\/wp\/v2\/posts"}],"about":[{"href":"https:\/\/www.heldenhaushalt.de\/sari02\/index.php\/wp-json\/wp\/v2\/types\/post"}],"author":[{"embeddable":true,"href":"https:\/\/www.heldenhaushalt.de\/sari02\/index.php\/wp-json\/wp\/v2\/users\/1"}],"replies":[{"embeddable":true,"href":"https:\/\/www.heldenhaushalt.de\/sari02\/index.php\/wp-json\/wp\/v2\/comments?post=32749"}],"version-history":[{"count":2,"href":"https:\/\/www.heldenhaushalt.de\/sari02\/index.php\/wp-json\/wp\/v2\/posts\/32749\/revisions"}],"predecessor-version":[{"id":32756,"href":"https:\/\/www.heldenhaushalt.de\/sari02\/index.php\/wp-json\/wp\/v2\/posts\/32749\/revisions\/32756"}],"wp:featuredmedia":[{"embeddable":true,"href":"https:\/\/www.heldenhaushalt.de\/sari02\/index.php\/wp-json\/wp\/v2\/media\/32755"}],"wp:attachment":[{"href":"https:\/\/www.heldenhaushalt.de\/sari02\/index.php\/wp-json\/wp\/v2\/media?parent=32749"}],"wp:term":[{"taxonomy":"category","embeddable":true,"href":"https:\/\/www.heldenhaushalt.de\/sari02\/index.php\/wp-json\/wp\/v2\/categories?post=32749"},{"taxonomy":"post_tag","embeddable":true,"href":"https:\/\/www.heldenhaushalt.de\/sari02\/index.php\/wp-json\/wp\/v2\/tags?post=32749"}],"curies":[{"name":"wp","href":"https:\/\/api.w.org\/{rel}","templated":true}]}}