{"id":32828,"date":"2017-05-16T10:00:00","date_gmt":"2017-05-16T08:00:00","guid":{"rendered":"http:\/\/www.heldenhaushalt.de\/sari02\/?p=32828"},"modified":"2017-05-16T11:07:31","modified_gmt":"2017-05-16T09:07:31","slug":"6-jahre-miniheld","status":"publish","type":"post","link":"https:\/\/www.heldenhaushalt.de\/sari02\/index.php\/2017\/05\/16\/6-jahre-miniheld\/","title":{"rendered":"Wir feiern 6 Jahre Miniheld! Ist das zu glauben?!"},"content":{"rendered":"<p>6 Jahre Miniheld. Mir wird ganz mulmig, wenn ich<a href=\"http:\/\/www.heldenhaushalt.de\/sari02\/index.php\/2011\/05\/19\/kleiner-held-ganz-gros\/\"> an diesen Tag vor 6 Jahren<\/a> denke. Ich wei&#223; es noch wie gestern. Eigentlich hatte der Frauenarzt damals den 06.05. als ET ausgerechnet, doch der Miniheld machte nicht mal im Ansatz Anstalten tats&#228;chlich auf die Welt kommen zu wollen. Und so wanderte ich alle zwei Tage ins Krankenhaus f&#252;r die &#220;bertragungssprechstunde. Am 10.05. hie&#223; es dann f&#252;r mich da bleiben. Es sollte eingeleitet werden.<\/p>\n<p>Ganze f&#252;nf Tage brachte ich auf der Vorwehenstation zu. Es wurde ein bis zwei Mal am Tag eingeleitet. Ich ging Stunden lang im Krankenhauspark spazieren. Wanderte Treppen auf und ab. Ich nahm ein beruhigendes Bad nach dem anderen doch so wirklich etwas tun wollte sich da bei mir nicht, bis auf extreme anhaltende und unregelm&#228;&#223;ige Wehen, die allerdings kaum bis gar nichts bewirkten. Ich lernte damals viele Hebammen und Krankenschwestern kennen. Tagschicht, Nachtschicht, Morgenschicht. Sie reichten sich immer wieder die H&#228;nde und jede war so anders. Bei der einen oder anderen freute ich mich, sie zu sehen. Bei anderen zog sich mir der Magen zusammen. Manche waren eine wahre Hilfe, andere bewirkten eher das Gegenteil. Es war keine einfache Zeit.<\/p>\n<p>Gut war, dass der Held im Grunde die ganze Zeit bei mir bleiben konnte. Er fuhr nur zum Duschen und Mittagessen nach Hause. Ansonsten war er st&#228;ndig bei mir.<\/p>\n<h2>Am 15.05. hatte endlich jemand Erbarmen mit mir. Es sollte endlich in den Krei&#223;saal gehen.<\/h2>\n<p>Es war eine &#228;lter Hebamme. Sie war etwas rabiat aber unglaublich nett und ehrlich. Sie hatte eine Ausstrahlung, die mir jegliche Angst und Sorge nahm. Sie kam morgens herein gepoltert, begr&#252;&#223;te mich herzlich, untersuchte und verk&#252;ndete, dass das, was wir da jetzt h&#228;tten ausreichen sollte. Es w&#252;rde gegen Nachmittag f&#252;r mich endlich in den Krei&#223;saal gehen.<\/p>\n<p>10 Stunden sp&#228;ter war er da. Mein Sohn. Mein Wunder. Der Miniheld. Nach einer kurzen Untersuchung durch eine Kinder&#228;rztin, da es einige Komplikationen gab, hielt ich ihn endlich in meinen Armen. Ich war ersch&#246;pft und m&#252;de, schlief immer wieder kurz weg. Dennoch war es so ein seltsamer und wundervoller Moment, den ich da erlebte. Noch heute ist es kaum greifbar, <a href=\"http:\/\/www.heldenhaushalt.de\/sari02\/index.php\/2011\/05\/23\/so-schnell-vergeht-eine-woche\/\">was wir da geschafft haben<\/a>.<\/p>\n<h2>Und nun wird mein Baby 6 Jahre alt.<\/h2>\n<p>Ist das zu glauben? Es ist nun wirklich bereits 6 Jahre her. So viel hat sich seit damals bei uns getan. Wir sind inzwischen zu viert, noch einmal umgezogen und leben den Alltag einer Familie.<\/p>\n<p><img loading=\"lazy\" decoding=\"async\" class=\"aligncenter size-full wp-image-32880\" src=\"http:\/\/www.heldenhaushalt.de\/sari02\/wp-content\/uploads\/2017\/05\/6jahre01.jpg\" alt=\"6 Jahre\" width=\"800\" height=\"533\" srcset=\"https:\/\/www.heldenhaushalt.de\/sari02\/wp-content\/uploads\/2017\/05\/6jahre01.jpg 800w, https:\/\/www.heldenhaushalt.de\/sari02\/wp-content\/uploads\/2017\/05\/6jahre01-300x200.jpg 300w, https:\/\/www.heldenhaushalt.de\/sari02\/wp-content\/uploads\/2017\/05\/6jahre01-768x512.jpg 768w, https:\/\/www.heldenhaushalt.de\/sari02\/wp-content\/uploads\/2017\/05\/6jahre01-600x400.jpg 600w, https:\/\/www.heldenhaushalt.de\/sari02\/wp-content\/uploads\/2017\/05\/6jahre01-660x440.jpg 660w, https:\/\/www.heldenhaushalt.de\/sari02\/wp-content\/uploads\/2017\/05\/6jahre01-373x248.jpg 373w\" sizes=\"auto, (max-width: 800px) 100vw, 800px\" \/><\/p>\n<p>Und wie sich mein Sohn entwickelt hat. Kaum zu fassen, was aus ihm geworden ist. Angehender Fu&#223;ballstar und Pok\u00e9mon Trainer. Ein guter Freund und wachsamer Mitmensch. Ein lachendes und gl&#252;ckliches Kind und ein wirklich toller gro&#223;er Bruder.<\/p>\n<p>Manchmal sitze ich einfach nur da, schaue ihn an und staune. Staune dar&#252;ber, wie gro&#223; er geworden ist. Wie erwachsen er manchmal schon aussieht und was f&#252;r altkluge Spr&#252;che er parat hat. Ich lache &#252;ber seinen Humor und schmunzle des &#214;fteren &#252;ber seinen Musikgeschmack. Ich liebe es, wie sehr er seine Kuscheltiere liebt und mit wie viel Ernsthaftigkeit und Phantasie er ganze Fu&#223;ball &#8211; Turniere in seinem Zimmer veranstaltet.<\/p>\n<p>Manchmal &#228;rgere ich mich &#252;ber seine Sturheit oder Ignoranz, bin aber auch stolz darauf, dass er im Grunde genau wei&#223;, was er will.<\/p>\n<p>Er ist Ehrgeizig. Manchmal ein bisschen zu sehr, so dass er sich das Leben oft selber nicht besonders einfach macht. Aber er ist auch verschmust und an manchen Tagen vor allem einfach noch eines: Mein Baby.<\/p>\n<p>Eltern wissen es: Ein Kind wird immer irgendwie auch das Baby sein, das man damals in seinen Armen hielt. Das erste Mal. Und wenn man in die Augen blickt, die einen damals m&#252;de und neugierig versuchten zu erkennen, dann sieht man manchmal noch das Baby von damals.<\/p>\n<p><img loading=\"lazy\" decoding=\"async\" class=\"aligncenter size-full wp-image-32881\" src=\"http:\/\/www.heldenhaushalt.de\/sari02\/wp-content\/uploads\/2017\/05\/6jahre02.jpg\" alt=\"6 Jahre\" width=\"800\" height=\"522\" srcset=\"https:\/\/www.heldenhaushalt.de\/sari02\/wp-content\/uploads\/2017\/05\/6jahre02.jpg 800w, https:\/\/www.heldenhaushalt.de\/sari02\/wp-content\/uploads\/2017\/05\/6jahre02-300x196.jpg 300w, https:\/\/www.heldenhaushalt.de\/sari02\/wp-content\/uploads\/2017\/05\/6jahre02-768x501.jpg 768w, https:\/\/www.heldenhaushalt.de\/sari02\/wp-content\/uploads\/2017\/05\/6jahre02-600x392.jpg 600w\" sizes=\"auto, (max-width: 800px) 100vw, 800px\" \/><\/p>\n<p>6 Jahre. Und heute feiern wir dieses besondere Ereignis. Ich glaube, ich werde heute so oft sentimental werden, dass mein gro&#223;er Junge die peinlichen Umarmungen seiner Mutter mehr als ihm lieb ist ertragen muss.<\/p>\n<p>Happy Birthday, mein Baby!<\/p>\n<p><img loading=\"lazy\" decoding=\"async\" class=\" size-full wp-image-24841 alignright\" src=\"https:\/\/www.heldenhaushalt.de\/sari02\/wp-content\/uploads\/2015\/01\/sari-unter.jpg?resize=130%2C59\" alt=\"sari-unter\" data-attachment-id=\"24841\" data-permalink=\"http:\/\/www.heldenhaushalt.de\/sari02\/index.php\/2015\/01\/03\/sich-neu-erfinden\/sari-unter\/\" data-orig-file=\"http:\/\/www.heldenhaushalt.de\/sari02\/wp-content\/uploads\/2015\/01\/sari-unter.jpg\" data-orig-size=\"130,59\" data-comments-opened=\"1\" data-image-meta=\"{&quot;aperture&quot;:&quot;0&quot;,&quot;credit&quot;:&quot;&quot;,&quot;camera&quot;:&quot;&quot;,&quot;caption&quot;:&quot;&quot;,&quot;created_timestamp&quot;:&quot;0&quot;,&quot;copyright&quot;:&quot;&quot;,&quot;focal_length&quot;:&quot;0&quot;,&quot;iso&quot;:&quot;0&quot;,&quot;shutter_speed&quot;:&quot;0&quot;,&quot;title&quot;:&quot;&quot;,&quot;orientation&quot;:&quot;0&quot;}\" data-image-title=\"sari-unter\" data-image-description=\"\" data-medium-file=\"http:\/\/www.heldenhaushalt.de\/sari02\/wp-content\/uploads\/2015\/01\/sari-unter.jpg\" data-large-file=\"http:\/\/www.heldenhaushalt.de\/sari02\/wp-content\/uploads\/2015\/01\/sari-unter.jpg\" width=\"130\" height=\"59\"><\/p>\n","protected":false},"excerpt":{"rendered":"<p>6 Jahre Miniheld. Mir wird ganz mulmig, wenn ich an diesen Tag vor 6 Jahren denke. Ich wei&#223; es noch wie gestern. Eigentlich hatte der Frauenarzt damals den 06.05. als ET ausgerechnet, doch der Miniheld machte nicht mal im Ansatz Anstalten tats&#228;chlich auf die Welt kommen zu wollen. Und so wanderte ich alle zwei Tage ins Krankenhaus f&#252;r die &#220;bertragungssprechstunde. Am 10.05. hie&#223; es dann f&#252;r mich da bleiben. Es sollte eingeleitet werden. Ganze f&#252;nf Tage brachte ich auf der Vorwehenstation zu. Es wurde ein bis zwei Mal am Tag eingeleitet. Ich ging Stunden lang im Krankenhauspark spazieren. Wanderte Treppen auf und ab. Ich nahm ein beruhigendes Bad nach dem anderen doch so wirklich etwas tun wollte sich da bei mir nicht, bis auf extreme anhaltende und unregelm&#228;&#223;ige Wehen, die allerdings kaum bis gar nichts bewirkten. Ich lernte damals viele Hebammen und Krankenschwestern kennen. Tagschicht, Nachtschicht, Morgenschicht. Sie reichten sich immer wieder die H&#228;nde und jede war so anders. Bei der einen oder anderen freute ich mich, sie zu sehen. Bei anderen zog sich mir der Magen zusammen. Manche waren eine wahre Hilfe, andere bewirkten eher das Gegenteil. Es war keine einfache Zeit. Gut war, dass der Held im Grunde die ganze Zeit bei mir bleiben konnte. Er fuhr nur zum Duschen und Mittagessen nach Hause. Ansonsten war er st&#228;ndig bei mir. Am 15.05. hatte endlich jemand Erbarmen mit mir. Es sollte endlich in den Krei&#223;saal gehen. Es war eine &#228;lter Hebamme. Sie war etwas rabiat aber unglaublich nett und ehrlich. Sie hatte eine Ausstrahlung, die mir jegliche Angst und Sorge nahm. Sie kam morgens herein gepoltert, begr&#252;&#223;te mich herzlich, untersuchte und verk&#252;ndete, dass das, was wir da jetzt h&#228;tten ausreichen sollte. Es w&#252;rde gegen Nachmittag f&#252;r mich endlich in den Krei&#223;saal gehen. 10 Stunden sp&#228;ter war er da. Mein Sohn. Mein Wunder. Der Miniheld. Nach einer kurzen Untersuchung durch eine Kinder&#228;rztin, da es einige Komplikationen gab, hielt ich ihn endlich in meinen Armen. Ich war ersch&#246;pft und m&#252;de, schlief immer wieder kurz weg. Dennoch war es so ein seltsamer und wundervoller Moment, den ich da erlebte. Noch heute ist es kaum greifbar, was wir da geschafft haben. Und nun wird mein Baby 6 Jahre alt. Ist das zu glauben? Es ist nun wirklich bereits 6 Jahre her. So viel hat sich seit damals bei uns getan. Wir sind inzwischen zu viert, noch einmal umgezogen und leben den Alltag einer Familie. Und wie sich mein Sohn entwickelt hat. Kaum zu fassen, was aus ihm geworden ist. Angehender Fu&#223;ballstar und Pok\u00e9mon Trainer. Ein guter Freund und wachsamer Mitmensch. Ein lachendes und gl&#252;ckliches Kind und ein wirklich toller gro&#223;er Bruder. Manchmal sitze ich einfach nur da, schaue ihn an und staune. Staune dar&#252;ber, wie gro&#223; er geworden ist. Wie erwachsen er manchmal schon aussieht und was f&#252;r altkluge Spr&#252;che er parat hat. Ich lache &#252;ber seinen Humor und schmunzle des &#214;fteren &#252;ber seinen Musikgeschmack. Ich liebe es, wie sehr er seine Kuscheltiere liebt und mit wie viel Ernsthaftigkeit und Phantasie er ganze Fu&#223;ball &#8211; Turniere in seinem Zimmer veranstaltet. Manchmal &#228;rgere ich mich &#252;ber seine Sturheit oder Ignoranz, bin aber auch stolz darauf, dass er im Grunde genau wei&#223;, was er will. Er ist Ehrgeizig. Manchmal ein bisschen zu sehr, so dass er sich das Leben oft selber nicht besonders einfach macht. Aber er ist auch verschmust und an manchen Tagen vor allem einfach noch eines: Mein Baby. Eltern wissen es: Ein Kind wird immer irgendwie auch das Baby sein, das man damals in seinen Armen hielt. Das erste Mal. Und wenn man in die Augen blickt, die einen damals m&#252;de und neugierig versuchten zu erkennen, dann sieht man manchmal noch das Baby von damals. 6 Jahre. Und heute feiern wir dieses besondere Ereignis. Ich glaube, ich werde heute so oft sentimental werden, dass mein gro&#223;er Junge die peinlichen Umarmungen seiner Mutter mehr als ihm lieb ist ertragen muss. Happy Birthday, mein Baby!<\/p>\n","protected":false},"author":1,"featured_media":32880,"comment_status":"open","ping_status":"open","sticky":false,"template":"","format":"standard","meta":{"ngg_post_thumbnail":0,"footnotes":""},"categories":[321],"tags":[1360,243,534,407,129,638,933,229,51],"class_list":["post-32828","post","type-post","status-publish","format-standard","has-post-thumbnail","hentry","category-minimum","tag-6-jahre","tag-baby","tag-entwicklung","tag-geburt","tag-geburtstag","tag-kind","tag-kleinkind","tag-minimum","tag-erinnerungen"],"yoast_head":"<!-- This site is optimized with the Yoast SEO plugin v27.5 - https:\/\/yoast.com\/product\/yoast-seo-wordpress\/ -->\n<title>Wir feiern 6 Jahre Miniheld! Ist das zu glauben? - Heldenhaushalt<\/title>\n<meta name=\"description\" content=\"6 Jahre Miniheld. Mir wird ganz mulmig, wenn ich an diesen Tag vor 6 Jahren denke. Ich wei\u00df es noch wie gestern.\" \/>\n<meta name=\"robots\" content=\"index, follow, max-snippet:-1, max-image-preview:large, max-video-preview:-1\" \/>\n<link rel=\"canonical\" href=\"https:\/\/www.heldenhaushalt.de\/sari02\/index.php\/2017\/05\/16\/6-jahre-miniheld\/\" \/>\n<meta property=\"og:locale\" content=\"de_DE\" \/>\n<meta property=\"og:type\" content=\"article\" \/>\n<meta property=\"og:title\" content=\"Wir feiern 6 Jahre Miniheld! Ist das zu glauben? - Heldenhaushalt\" \/>\n<meta property=\"og:description\" content=\"6 Jahre Miniheld. Mir wird ganz mulmig, wenn ich an diesen Tag vor 6 Jahren denke. Ich wei\u00df es noch wie gestern.\" \/>\n<meta property=\"og:url\" content=\"https:\/\/www.heldenhaushalt.de\/sari02\/index.php\/2017\/05\/16\/6-jahre-miniheld\/\" \/>\n<meta property=\"og:site_name\" content=\"Heldenhaushalt\" \/>\n<meta property=\"article:published_time\" content=\"2017-05-16T08:00:00+00:00\" \/>\n<meta property=\"article:modified_time\" content=\"2017-05-16T09:07:31+00:00\" \/>\n<meta property=\"og:image\" content=\"https:\/\/www.heldenhaushalt.de\/sari02\/wp-content\/uploads\/2017\/05\/6jahre01.jpg\" \/>\n\t<meta property=\"og:image:width\" content=\"800\" \/>\n\t<meta property=\"og:image:height\" content=\"533\" \/>\n\t<meta property=\"og:image:type\" content=\"image\/jpeg\" \/>\n<meta name=\"author\" content=\"Sari\" \/>\n<meta name=\"twitter:card\" content=\"summary_large_image\" \/>\n<meta name=\"twitter:creator\" content=\"@Heldenhaushalt\" \/>\n<meta name=\"twitter:site\" content=\"@Heldenhaushalt\" \/>\n<meta name=\"twitter:label1\" content=\"Verfasst von\" \/>\n\t<meta name=\"twitter:data1\" content=\"Sari\" \/>\n\t<meta name=\"twitter:label2\" content=\"Gesch\u00e4tzte Lesezeit\" \/>\n\t<meta name=\"twitter:data2\" content=\"3\u00a0Minuten\" \/>\n<script type=\"application\/ld+json\" class=\"yoast-schema-graph\">{\"@context\":\"https:\\\/\\\/schema.org\",\"@graph\":[{\"@type\":\"Article\",\"@id\":\"https:\\\/\\\/www.heldenhaushalt.de\\\/sari02\\\/index.php\\\/2017\\\/05\\\/16\\\/6-jahre-miniheld\\\/#article\",\"isPartOf\":{\"@id\":\"https:\\\/\\\/www.heldenhaushalt.de\\\/sari02\\\/index.php\\\/2017\\\/05\\\/16\\\/6-jahre-miniheld\\\/\"},\"author\":{\"name\":\"Sari\",\"@id\":\"https:\\\/\\\/www.heldenhaushalt.de\\\/sari02\\\/#\\\/schema\\\/person\\\/a1cc69f42a01f412eb62c151353814f6\"},\"headline\":\"Wir feiern 6 Jahre Miniheld! Ist das zu glauben?!\",\"datePublished\":\"2017-05-16T08:00:00+00:00\",\"dateModified\":\"2017-05-16T09:07:31+00:00\",\"mainEntityOfPage\":{\"@id\":\"https:\\\/\\\/www.heldenhaushalt.de\\\/sari02\\\/index.php\\\/2017\\\/05\\\/16\\\/6-jahre-miniheld\\\/\"},\"wordCount\":678,\"commentCount\":4,\"publisher\":{\"@id\":\"https:\\\/\\\/www.heldenhaushalt.de\\\/sari02\\\/#\\\/schema\\\/person\\\/a1cc69f42a01f412eb62c151353814f6\"},\"image\":{\"@id\":\"https:\\\/\\\/www.heldenhaushalt.de\\\/sari02\\\/index.php\\\/2017\\\/05\\\/16\\\/6-jahre-miniheld\\\/#primaryimage\"},\"thumbnailUrl\":\"https:\\\/\\\/www.heldenhaushalt.de\\\/sari02\\\/wp-content\\\/uploads\\\/2017\\\/05\\\/6jahre01.jpg\",\"keywords\":[\"6 Jahre\",\"Baby\",\"Entwicklung\",\"Geburt\",\"Geburtstag\",\"Kind\",\"Kleinkind\",\"Miniheld\",\"Zur\u00fcckgedacht\"],\"articleSection\":[\"Heldenkinder\"],\"inLanguage\":\"de\",\"potentialAction\":[{\"@type\":\"CommentAction\",\"name\":\"Comment\",\"target\":[\"https:\\\/\\\/www.heldenhaushalt.de\\\/sari02\\\/index.php\\\/2017\\\/05\\\/16\\\/6-jahre-miniheld\\\/#respond\"]}]},{\"@type\":\"WebPage\",\"@id\":\"https:\\\/\\\/www.heldenhaushalt.de\\\/sari02\\\/index.php\\\/2017\\\/05\\\/16\\\/6-jahre-miniheld\\\/\",\"url\":\"https:\\\/\\\/www.heldenhaushalt.de\\\/sari02\\\/index.php\\\/2017\\\/05\\\/16\\\/6-jahre-miniheld\\\/\",\"name\":\"Wir feiern 6 Jahre Miniheld! Ist das zu glauben? - Heldenhaushalt\",\"isPartOf\":{\"@id\":\"https:\\\/\\\/www.heldenhaushalt.de\\\/sari02\\\/#website\"},\"primaryImageOfPage\":{\"@id\":\"https:\\\/\\\/www.heldenhaushalt.de\\\/sari02\\\/index.php\\\/2017\\\/05\\\/16\\\/6-jahre-miniheld\\\/#primaryimage\"},\"image\":{\"@id\":\"https:\\\/\\\/www.heldenhaushalt.de\\\/sari02\\\/index.php\\\/2017\\\/05\\\/16\\\/6-jahre-miniheld\\\/#primaryimage\"},\"thumbnailUrl\":\"https:\\\/\\\/www.heldenhaushalt.de\\\/sari02\\\/wp-content\\\/uploads\\\/2017\\\/05\\\/6jahre01.jpg\",\"datePublished\":\"2017-05-16T08:00:00+00:00\",\"dateModified\":\"2017-05-16T09:07:31+00:00\",\"description\":\"6 Jahre Miniheld. Mir wird ganz mulmig, wenn ich an diesen Tag vor 6 Jahren denke. Ich wei\u00df es noch wie gestern.\",\"breadcrumb\":{\"@id\":\"https:\\\/\\\/www.heldenhaushalt.de\\\/sari02\\\/index.php\\\/2017\\\/05\\\/16\\\/6-jahre-miniheld\\\/#breadcrumb\"},\"inLanguage\":\"de\",\"potentialAction\":[{\"@type\":\"ReadAction\",\"target\":[\"https:\\\/\\\/www.heldenhaushalt.de\\\/sari02\\\/index.php\\\/2017\\\/05\\\/16\\\/6-jahre-miniheld\\\/\"]}]},{\"@type\":\"ImageObject\",\"inLanguage\":\"de\",\"@id\":\"https:\\\/\\\/www.heldenhaushalt.de\\\/sari02\\\/index.php\\\/2017\\\/05\\\/16\\\/6-jahre-miniheld\\\/#primaryimage\",\"url\":\"https:\\\/\\\/www.heldenhaushalt.de\\\/sari02\\\/wp-content\\\/uploads\\\/2017\\\/05\\\/6jahre01.jpg\",\"contentUrl\":\"https:\\\/\\\/www.heldenhaushalt.de\\\/sari02\\\/wp-content\\\/uploads\\\/2017\\\/05\\\/6jahre01.jpg\",\"width\":800,\"height\":533,\"caption\":\"6 Jahre\"},{\"@type\":\"BreadcrumbList\",\"@id\":\"https:\\\/\\\/www.heldenhaushalt.de\\\/sari02\\\/index.php\\\/2017\\\/05\\\/16\\\/6-jahre-miniheld\\\/#breadcrumb\",\"itemListElement\":[{\"@type\":\"ListItem\",\"position\":1,\"name\":\"Startseite\",\"item\":\"https:\\\/\\\/www.heldenhaushalt.de\\\/sari02\\\/\"},{\"@type\":\"ListItem\",\"position\":2,\"name\":\"Wir feiern 6 Jahre Miniheld! Ist das zu glauben?!\"}]},{\"@type\":\"WebSite\",\"@id\":\"https:\\\/\\\/www.heldenhaushalt.de\\\/sari02\\\/#website\",\"url\":\"https:\\\/\\\/www.heldenhaushalt.de\\\/sari02\\\/\",\"name\":\"Heldenhaushalt\",\"description\":\"Wer es ordentlich haben will, der muss vorher anrufen\",\"publisher\":{\"@id\":\"https:\\\/\\\/www.heldenhaushalt.de\\\/sari02\\\/#\\\/schema\\\/person\\\/a1cc69f42a01f412eb62c151353814f6\"},\"potentialAction\":[{\"@type\":\"SearchAction\",\"target\":{\"@type\":\"EntryPoint\",\"urlTemplate\":\"https:\\\/\\\/www.heldenhaushalt.de\\\/sari02\\\/?s={search_term_string}\"},\"query-input\":{\"@type\":\"PropertyValueSpecification\",\"valueRequired\":true,\"valueName\":\"search_term_string\"}}],\"inLanguage\":\"de\"},{\"@type\":[\"Person\",\"Organization\"],\"@id\":\"https:\\\/\\\/www.heldenhaushalt.de\\\/sari02\\\/#\\\/schema\\\/person\\\/a1cc69f42a01f412eb62c151353814f6\",\"name\":\"Sari\",\"image\":{\"@type\":\"ImageObject\",\"inLanguage\":\"de\",\"@id\":\"https:\\\/\\\/www.heldenhaushalt.de\\\/sari02\\\/wp-content\\\/uploads\\\/2019\\\/02\\\/sari-april2018.png\",\"url\":\"https:\\\/\\\/www.heldenhaushalt.de\\\/sari02\\\/wp-content\\\/uploads\\\/2019\\\/02\\\/sari-april2018.png\",\"contentUrl\":\"https:\\\/\\\/www.heldenhaushalt.de\\\/sari02\\\/wp-content\\\/uploads\\\/2019\\\/02\\\/sari-april2018.png\",\"width\":500,\"height\":500,\"caption\":\"Sari\"},\"logo\":{\"@id\":\"https:\\\/\\\/www.heldenhaushalt.de\\\/sari02\\\/wp-content\\\/uploads\\\/2019\\\/02\\\/sari-april2018.png\"},\"description\":\"Frau Mondgras \u2013 Das bin ich, Sari. Gerne auch als Sari Mondgras bekannt und im Internet zu finden. 2-Fach-Mutter, Heldenehefrau, Kreativling, Harmonies\u00fcchtig und st\u00e4ndig auf der Suche nach Gl\u00fcck. Ich komme aus Berlin, bin hier aufgewachsen und lebe hier seit ich denken kann.\",\"sameAs\":[\"https:\\\/\\\/www.instagram.com\\\/heldenhaushalt\\\/\"],\"url\":\"https:\\\/\\\/www.heldenhaushalt.de\\\/sari02\\\/index.php\\\/author\\\/admin\\\/\"}]}<\/script>\n<!-- \/ Yoast SEO plugin. -->","yoast_head_json":{"title":"Wir feiern 6 Jahre Miniheld! Ist das zu glauben? - Heldenhaushalt","description":"6 Jahre Miniheld. Mir wird ganz mulmig, wenn ich an diesen Tag vor 6 Jahren denke. Ich wei\u00df es noch wie gestern.","robots":{"index":"index","follow":"follow","max-snippet":"max-snippet:-1","max-image-preview":"max-image-preview:large","max-video-preview":"max-video-preview:-1"},"canonical":"https:\/\/www.heldenhaushalt.de\/sari02\/index.php\/2017\/05\/16\/6-jahre-miniheld\/","og_locale":"de_DE","og_type":"article","og_title":"Wir feiern 6 Jahre Miniheld! Ist das zu glauben? - Heldenhaushalt","og_description":"6 Jahre Miniheld. Mir wird ganz mulmig, wenn ich an diesen Tag vor 6 Jahren denke. Ich wei\u00df es noch wie gestern.","og_url":"https:\/\/www.heldenhaushalt.de\/sari02\/index.php\/2017\/05\/16\/6-jahre-miniheld\/","og_site_name":"Heldenhaushalt","article_published_time":"2017-05-16T08:00:00+00:00","article_modified_time":"2017-05-16T09:07:31+00:00","og_image":[{"width":800,"height":533,"url":"https:\/\/www.heldenhaushalt.de\/sari02\/wp-content\/uploads\/2017\/05\/6jahre01.jpg","type":"image\/jpeg"}],"author":"Sari","twitter_card":"summary_large_image","twitter_creator":"@Heldenhaushalt","twitter_site":"@Heldenhaushalt","twitter_misc":{"Verfasst von":"Sari","Gesch\u00e4tzte Lesezeit":"3\u00a0Minuten"},"schema":{"@context":"https:\/\/schema.org","@graph":[{"@type":"Article","@id":"https:\/\/www.heldenhaushalt.de\/sari02\/index.php\/2017\/05\/16\/6-jahre-miniheld\/#article","isPartOf":{"@id":"https:\/\/www.heldenhaushalt.de\/sari02\/index.php\/2017\/05\/16\/6-jahre-miniheld\/"},"author":{"name":"Sari","@id":"https:\/\/www.heldenhaushalt.de\/sari02\/#\/schema\/person\/a1cc69f42a01f412eb62c151353814f6"},"headline":"Wir feiern 6 Jahre Miniheld! Ist das zu glauben?!","datePublished":"2017-05-16T08:00:00+00:00","dateModified":"2017-05-16T09:07:31+00:00","mainEntityOfPage":{"@id":"https:\/\/www.heldenhaushalt.de\/sari02\/index.php\/2017\/05\/16\/6-jahre-miniheld\/"},"wordCount":678,"commentCount":4,"publisher":{"@id":"https:\/\/www.heldenhaushalt.de\/sari02\/#\/schema\/person\/a1cc69f42a01f412eb62c151353814f6"},"image":{"@id":"https:\/\/www.heldenhaushalt.de\/sari02\/index.php\/2017\/05\/16\/6-jahre-miniheld\/#primaryimage"},"thumbnailUrl":"https:\/\/www.heldenhaushalt.de\/sari02\/wp-content\/uploads\/2017\/05\/6jahre01.jpg","keywords":["6 Jahre","Baby","Entwicklung","Geburt","Geburtstag","Kind","Kleinkind","Miniheld","Zur\u00fcckgedacht"],"articleSection":["Heldenkinder"],"inLanguage":"de","potentialAction":[{"@type":"CommentAction","name":"Comment","target":["https:\/\/www.heldenhaushalt.de\/sari02\/index.php\/2017\/05\/16\/6-jahre-miniheld\/#respond"]}]},{"@type":"WebPage","@id":"https:\/\/www.heldenhaushalt.de\/sari02\/index.php\/2017\/05\/16\/6-jahre-miniheld\/","url":"https:\/\/www.heldenhaushalt.de\/sari02\/index.php\/2017\/05\/16\/6-jahre-miniheld\/","name":"Wir feiern 6 Jahre Miniheld! Ist das zu glauben? - Heldenhaushalt","isPartOf":{"@id":"https:\/\/www.heldenhaushalt.de\/sari02\/#website"},"primaryImageOfPage":{"@id":"https:\/\/www.heldenhaushalt.de\/sari02\/index.php\/2017\/05\/16\/6-jahre-miniheld\/#primaryimage"},"image":{"@id":"https:\/\/www.heldenhaushalt.de\/sari02\/index.php\/2017\/05\/16\/6-jahre-miniheld\/#primaryimage"},"thumbnailUrl":"https:\/\/www.heldenhaushalt.de\/sari02\/wp-content\/uploads\/2017\/05\/6jahre01.jpg","datePublished":"2017-05-16T08:00:00+00:00","dateModified":"2017-05-16T09:07:31+00:00","description":"6 Jahre Miniheld. Mir wird ganz mulmig, wenn ich an diesen Tag vor 6 Jahren denke. Ich wei\u00df es noch wie gestern.","breadcrumb":{"@id":"https:\/\/www.heldenhaushalt.de\/sari02\/index.php\/2017\/05\/16\/6-jahre-miniheld\/#breadcrumb"},"inLanguage":"de","potentialAction":[{"@type":"ReadAction","target":["https:\/\/www.heldenhaushalt.de\/sari02\/index.php\/2017\/05\/16\/6-jahre-miniheld\/"]}]},{"@type":"ImageObject","inLanguage":"de","@id":"https:\/\/www.heldenhaushalt.de\/sari02\/index.php\/2017\/05\/16\/6-jahre-miniheld\/#primaryimage","url":"https:\/\/www.heldenhaushalt.de\/sari02\/wp-content\/uploads\/2017\/05\/6jahre01.jpg","contentUrl":"https:\/\/www.heldenhaushalt.de\/sari02\/wp-content\/uploads\/2017\/05\/6jahre01.jpg","width":800,"height":533,"caption":"6 Jahre"},{"@type":"BreadcrumbList","@id":"https:\/\/www.heldenhaushalt.de\/sari02\/index.php\/2017\/05\/16\/6-jahre-miniheld\/#breadcrumb","itemListElement":[{"@type":"ListItem","position":1,"name":"Startseite","item":"https:\/\/www.heldenhaushalt.de\/sari02\/"},{"@type":"ListItem","position":2,"name":"Wir feiern 6 Jahre Miniheld! Ist das zu glauben?!"}]},{"@type":"WebSite","@id":"https:\/\/www.heldenhaushalt.de\/sari02\/#website","url":"https:\/\/www.heldenhaushalt.de\/sari02\/","name":"Heldenhaushalt","description":"Wer es ordentlich haben will, der muss vorher anrufen","publisher":{"@id":"https:\/\/www.heldenhaushalt.de\/sari02\/#\/schema\/person\/a1cc69f42a01f412eb62c151353814f6"},"potentialAction":[{"@type":"SearchAction","target":{"@type":"EntryPoint","urlTemplate":"https:\/\/www.heldenhaushalt.de\/sari02\/?s={search_term_string}"},"query-input":{"@type":"PropertyValueSpecification","valueRequired":true,"valueName":"search_term_string"}}],"inLanguage":"de"},{"@type":["Person","Organization"],"@id":"https:\/\/www.heldenhaushalt.de\/sari02\/#\/schema\/person\/a1cc69f42a01f412eb62c151353814f6","name":"Sari","image":{"@type":"ImageObject","inLanguage":"de","@id":"https:\/\/www.heldenhaushalt.de\/sari02\/wp-content\/uploads\/2019\/02\/sari-april2018.png","url":"https:\/\/www.heldenhaushalt.de\/sari02\/wp-content\/uploads\/2019\/02\/sari-april2018.png","contentUrl":"https:\/\/www.heldenhaushalt.de\/sari02\/wp-content\/uploads\/2019\/02\/sari-april2018.png","width":500,"height":500,"caption":"Sari"},"logo":{"@id":"https:\/\/www.heldenhaushalt.de\/sari02\/wp-content\/uploads\/2019\/02\/sari-april2018.png"},"description":"Frau Mondgras \u2013 Das bin ich, Sari. Gerne auch als Sari Mondgras bekannt und im Internet zu finden. 2-Fach-Mutter, Heldenehefrau, Kreativling, Harmonies\u00fcchtig und st\u00e4ndig auf der Suche nach Gl\u00fcck. Ich komme aus Berlin, bin hier aufgewachsen und lebe hier seit ich denken kann.","sameAs":["https:\/\/www.instagram.com\/heldenhaushalt\/"],"url":"https:\/\/www.heldenhaushalt.de\/sari02\/index.php\/author\/admin\/"}]}},"views":4513,"_links":{"self":[{"href":"https:\/\/www.heldenhaushalt.de\/sari02\/index.php\/wp-json\/wp\/v2\/posts\/32828","targetHints":{"allow":["GET"]}}],"collection":[{"href":"https:\/\/www.heldenhaushalt.de\/sari02\/index.php\/wp-json\/wp\/v2\/posts"}],"about":[{"href":"https:\/\/www.heldenhaushalt.de\/sari02\/index.php\/wp-json\/wp\/v2\/types\/post"}],"author":[{"embeddable":true,"href":"https:\/\/www.heldenhaushalt.de\/sari02\/index.php\/wp-json\/wp\/v2\/users\/1"}],"replies":[{"embeddable":true,"href":"https:\/\/www.heldenhaushalt.de\/sari02\/index.php\/wp-json\/wp\/v2\/comments?post=32828"}],"version-history":[{"count":5,"href":"https:\/\/www.heldenhaushalt.de\/sari02\/index.php\/wp-json\/wp\/v2\/posts\/32828\/revisions"}],"predecessor-version":[{"id":32883,"href":"https:\/\/www.heldenhaushalt.de\/sari02\/index.php\/wp-json\/wp\/v2\/posts\/32828\/revisions\/32883"}],"wp:featuredmedia":[{"embeddable":true,"href":"https:\/\/www.heldenhaushalt.de\/sari02\/index.php\/wp-json\/wp\/v2\/media\/32880"}],"wp:attachment":[{"href":"https:\/\/www.heldenhaushalt.de\/sari02\/index.php\/wp-json\/wp\/v2\/media?parent=32828"}],"wp:term":[{"taxonomy":"category","embeddable":true,"href":"https:\/\/www.heldenhaushalt.de\/sari02\/index.php\/wp-json\/wp\/v2\/categories?post=32828"},{"taxonomy":"post_tag","embeddable":true,"href":"https:\/\/www.heldenhaushalt.de\/sari02\/index.php\/wp-json\/wp\/v2\/tags?post=32828"}],"curies":[{"name":"wp","href":"https:\/\/api.w.org\/{rel}","templated":true}]}}