{"id":33031,"date":"2017-06-10T09:00:00","date_gmt":"2017-06-10T07:00:00","guid":{"rendered":"http:\/\/www.heldenhaushalt.de\/sari02\/?p=33031"},"modified":"2017-06-10T06:12:41","modified_gmt":"2017-06-10T04:12:41","slug":"sommer-kleidung-kinder-genaeht","status":"publish","type":"post","link":"https:\/\/www.heldenhaushalt.de\/sari02\/index.php\/2017\/06\/10\/sommer-kleidung-kinder-genaeht\/","title":{"rendered":"Wenn es pl&#246;tzlich warm wird, braucht das Kind dringend neue Kleidung #gen&#228;ht"},"content":{"rendered":"<p>Die Woche war ja doch &#252;berwiegend durch Regen und Wind, ja sogar Hagel bestimmt und teilweise f&#252;hlte man sich wie an der st&#252;rmischen Nordsee und nicht mitten in der Stadt. Das hat mich an manchen Tagen Kleidung technisch schon ganz sch&#246;n an meine Grenzen getrieben. Immerhin haben wir nun fast Mitte Juni und einige wirklich heisse Tage liegen bereits hinter uns.<\/p>\n<h2>Der Kleine hat aber einen ganz sch&#246;nen Schub gemacht!<\/h2>\n<p>Das sagte eine Mutter beim Fu&#223;ball neulich zu mir. Dadurch, dass der Held und ich uns ja nun immer aufteilen bei den sportlichen Aktivit&#228;ten und der eine mit dem einen Kind, wenn m&#246;glich, zu Hause bleibt, damit es sich nicht langweilt, haben die Eltern beim Fu&#223;ball das Heldenkind schon eine Weile nicht mehr gesehen. Und ja, ich finde auch, dass der kleine Kerl ganz schon in die H&#246;he geschossen ist. Er sieht so gro&#223; und wie ein richtiger Junge aus. Gruselig ist das.<\/p>\n<p>Ich wei&#223;, wir Eltern leiern das immer und immer wieder runter, aber unsere Babies werden einfach viel zu schnell gro&#223;. Wenn ich jetzt den Gro&#223;en anschaue, mit seiner neuen &#8220;megacoolen&#8221; Frisur und der Tatsache, dass ich doch tats&#228;chlich Haarwachs mit ihm kaufen gehen musste. Nein, ich will das alles nicht so richtig wahr haben.<\/p>\n<h2>Es l&#228;sst sich nicht &#228;ndern. Die Kinder wachsen&#8230; also muss mal wieder gen&#228;ht werden.<\/h2>\n<p>F&#252;r mich ist das immer dieser Zeitpunkt, bei dem ich einen Nachmittag umgeben von Stoffen da sitze und zuschneide wie eine Wilde, nur um dann an mehreren Nachmittagen irgendwie das alles zusammen zu n&#228;hen. Sonst hat der Kleine bald keine passende Kleidung mehr. F&#252;r den Gro&#223;en n&#228;he ich immer seltener und meist nur auf pers&#246;nlichen Wunsch. Er tr&#228;gt vor allem eine Mischung aus Fu&#223;ball &#8211; Trikots und Pok\u00e9mon Oberteilen. Damit kann ich einfach nicht dienen. Hosen&#8230; ja, die darf ich ihm dann und wann noch n&#228;hen. Und Kost&#252;me *lach*.<\/p>\n<p><img loading=\"lazy\" decoding=\"async\" class=\"aligncenter size-full wp-image-33116\" src=\"http:\/\/www.heldenhaushalt.de\/sari02\/wp-content\/uploads\/2017\/06\/juni2017.jpg\" alt=\"gen&#228;ht \" width=\"800\" height=\"533\" srcset=\"https:\/\/www.heldenhaushalt.de\/sari02\/wp-content\/uploads\/2017\/06\/juni2017.jpg 800w, https:\/\/www.heldenhaushalt.de\/sari02\/wp-content\/uploads\/2017\/06\/juni2017-300x200.jpg 300w, https:\/\/www.heldenhaushalt.de\/sari02\/wp-content\/uploads\/2017\/06\/juni2017-768x512.jpg 768w, https:\/\/www.heldenhaushalt.de\/sari02\/wp-content\/uploads\/2017\/06\/juni2017-600x400.jpg 600w, https:\/\/www.heldenhaushalt.de\/sari02\/wp-content\/uploads\/2017\/06\/juni2017-660x440.jpg 660w, https:\/\/www.heldenhaushalt.de\/sari02\/wp-content\/uploads\/2017\/06\/juni2017-373x248.jpg 373w\" sizes=\"auto, (max-width: 800px) 100vw, 800px\" \/>&nbsp;<\/p>\n<p>Also habe ich mal wieder &#252;berwiegend f&#252;r den Kleinen gen&#228;ht. Seine Sommer &#8211; Kollektion quasi. Oder sagen wir mal, ich habe damit angefangen. Ich finde n&#228;mlich echt selten Zeit daf&#252;r und hoffe, dass sich das bald wieder &#228;ndert.<\/p>\n<p>Genutzt habe ich dieses Mal den Babyshirt &#8211; Schnitt von <a href=\"http:\/\/www.klimperklein.com\/\" target=\"_blank\" rel=\"noopener\">Klimperklein<\/a> sowie die gem&#252;tliche Hose, die ich sowieso <a href=\"http:\/\/www.heldenhaushalt.de\/sari02\/index.php\/2016\/06\/03\/klimperklein-kinderkollektion\/\">immer gerne f&#252;r den Kleinen n&#228;he<\/a>. Und dann hat Lybstes noch ein echt s&#252;&#223;es <a href=\"https:\/\/www.lybstes.de\/2017\/06\/02\/freebook-kurze-pumphose-f%C3%BCr-den-sommer-n%C3%A4hen-gr-56-116\/\" target=\"_blank\" rel=\"noopener\">Freebook f&#252;r Pumphosen<\/a> heraus gebracht. Davon gab es f&#252;r die wirklich heissen Tage gleich zwei St&#252;ck. Total s&#252;&#223; und sau gem&#252;tlich, w&#252;rde ich mal behaupten.<\/p>\n<p><img loading=\"lazy\" decoding=\"async\" class=\"aligncenter size-full wp-image-33117\" src=\"http:\/\/www.heldenhaushalt.de\/sari02\/wp-content\/uploads\/2017\/06\/juni2017-1.jpg\" alt=\"gen&#228;ht \" width=\"800\" height=\"538\" srcset=\"https:\/\/www.heldenhaushalt.de\/sari02\/wp-content\/uploads\/2017\/06\/juni2017-1.jpg 800w, https:\/\/www.heldenhaushalt.de\/sari02\/wp-content\/uploads\/2017\/06\/juni2017-1-300x202.jpg 300w, https:\/\/www.heldenhaushalt.de\/sari02\/wp-content\/uploads\/2017\/06\/juni2017-1-768x516.jpg 768w, https:\/\/www.heldenhaushalt.de\/sari02\/wp-content\/uploads\/2017\/06\/juni2017-1-600x404.jpg 600w\" sizes=\"auto, (max-width: 800px) 100vw, 800px\" \/><\/p>\n<p>Und gerade richtig, denn morgen soll es ja wieder warm werden. Hachja&#8230;ich darf gar nicht dar&#252;ber nachdenken, wann ich zuletzt gen&#228;ht habe. Es kommt wirklich viel zu selten vor. Und? Was war Euer letztes Projekt?<\/p>\n<p><img loading=\"lazy\" decoding=\"async\" class=\"size-full wp-image-24841 alignright\" src=\"https:\/\/www.heldenhaushalt.de\/sari02\/wp-content\/uploads\/2015\/01\/sari-unter.jpg?resize=130%2C59\" alt=\"sari-unter\" data-attachment-id=\"24841\" data-permalink=\"http:\/\/www.heldenhaushalt.de\/sari02\/index.php\/2015\/01\/03\/sich-neu-erfinden\/sari-unter\/\" data-orig-file=\"http:\/\/www.heldenhaushalt.de\/sari02\/wp-content\/uploads\/2015\/01\/sari-unter.jpg\" data-orig-size=\"130,59\" data-comments-opened=\"1\" data-image-meta=\"{&quot;aperture&quot;:&quot;0&quot;,&quot;credit&quot;:&quot;&quot;,&quot;camera&quot;:&quot;&quot;,&quot;caption&quot;:&quot;&quot;,&quot;created_timestamp&quot;:&quot;0&quot;,&quot;copyright&quot;:&quot;&quot;,&quot;focal_length&quot;:&quot;0&quot;,&quot;iso&quot;:&quot;0&quot;,&quot;shutter_speed&quot;:&quot;0&quot;,&quot;title&quot;:&quot;&quot;,&quot;orientation&quot;:&quot;0&quot;}\" data-image-title=\"sari-unter\" data-image-description=\"\" data-medium-file=\"http:\/\/www.heldenhaushalt.de\/sari02\/wp-content\/uploads\/2015\/01\/sari-unter.jpg\" data-large-file=\"http:\/\/www.heldenhaushalt.de\/sari02\/wp-content\/uploads\/2015\/01\/sari-unter.jpg\" width=\"130\" height=\"59\"><\/p>\n","protected":false},"excerpt":{"rendered":"<p>Die Woche war ja doch &#252;berwiegend durch Regen und Wind, ja sogar Hagel bestimmt und teilweise f&#252;hlte man sich wie an der st&#252;rmischen Nordsee und nicht mitten in der Stadt. Das hat mich an manchen Tagen Kleidung technisch schon ganz sch&#246;n an meine Grenzen getrieben. Immerhin haben wir nun fast Mitte Juni und einige wirklich heisse Tage liegen bereits hinter uns. Der Kleine hat aber einen ganz sch&#246;nen Schub gemacht! Das sagte eine Mutter beim Fu&#223;ball neulich zu mir. Dadurch, dass der Held und ich uns ja nun immer aufteilen bei den sportlichen Aktivit&#228;ten und der eine mit dem einen Kind, wenn m&#246;glich, zu Hause bleibt, damit es sich nicht langweilt, haben die Eltern beim Fu&#223;ball das Heldenkind schon eine Weile nicht mehr gesehen. Und ja, ich finde auch, dass der kleine Kerl ganz schon in die H&#246;he geschossen ist. Er sieht so gro&#223; und wie ein richtiger Junge aus. Gruselig ist das. Ich wei&#223;, wir Eltern leiern das immer und immer wieder runter, aber unsere Babies werden einfach viel zu schnell gro&#223;. Wenn ich jetzt den Gro&#223;en anschaue, mit seiner neuen &#8220;megacoolen&#8221; Frisur und der Tatsache, dass ich doch tats&#228;chlich Haarwachs mit ihm kaufen gehen musste. Nein, ich will das alles nicht so richtig wahr haben. Es l&#228;sst sich nicht &#228;ndern. Die Kinder wachsen&#8230; also muss mal wieder gen&#228;ht werden. F&#252;r mich ist das immer dieser Zeitpunkt, bei dem ich einen Nachmittag umgeben von Stoffen da sitze und zuschneide wie eine Wilde, nur um dann an mehreren Nachmittagen irgendwie das alles zusammen zu n&#228;hen. Sonst hat der Kleine bald keine passende Kleidung mehr. F&#252;r den Gro&#223;en n&#228;he ich immer seltener und meist nur auf pers&#246;nlichen Wunsch. Er tr&#228;gt vor allem eine Mischung aus Fu&#223;ball &#8211; Trikots und Pok\u00e9mon Oberteilen. Damit kann ich einfach nicht dienen. Hosen&#8230; ja, die darf ich ihm dann und wann noch n&#228;hen. Und Kost&#252;me *lach*. &nbsp; Also habe ich mal wieder &#252;berwiegend f&#252;r den Kleinen gen&#228;ht. Seine Sommer &#8211; Kollektion quasi. Oder sagen wir mal, ich habe damit angefangen. Ich finde n&#228;mlich echt selten Zeit daf&#252;r und hoffe, dass sich das bald wieder &#228;ndert. Genutzt habe ich dieses Mal den Babyshirt &#8211; Schnitt von Klimperklein sowie die gem&#252;tliche Hose, die ich sowieso immer gerne f&#252;r den Kleinen n&#228;he. Und dann hat Lybstes noch ein echt s&#252;&#223;es Freebook f&#252;r Pumphosen heraus gebracht. Davon gab es f&#252;r die wirklich heissen Tage gleich zwei St&#252;ck. Total s&#252;&#223; und sau gem&#252;tlich, w&#252;rde ich mal behaupten. Und gerade richtig, denn morgen soll es ja wieder warm werden. Hachja&#8230;ich darf gar nicht dar&#252;ber nachdenken, wann ich zuletzt gen&#228;ht habe. Es kommt wirklich viel zu selten vor. Und? Was war Euer letztes Projekt?<\/p>\n","protected":false},"author":1,"featured_media":33117,"comment_status":"open","ping_status":"open","sticky":false,"template":"","format":"standard","meta":{"ngg_post_thumbnail":0,"footnotes":""},"categories":[224,321],"tags":[331,351,772,81,1003,1436,1437,401],"class_list":["post-33031","post","type-post","status-publish","format-standard","has-post-thumbnail","hentry","category-handarbeiten","category-minimum","tag-naehen","tag-genaeht","tag-handmade","tag-kinder","tag-kleidung","tag-klimperklein","tag-lybstes","tag-naehen-ist-toll"],"yoast_head":"<!-- This site is optimized with the Yoast SEO plugin v27.5 - https:\/\/yoast.com\/product\/yoast-seo-wordpress\/ -->\n<title>Wenn es pl\u00f6tzlich warm wird, braucht das Kind dringend neue Kleidung<\/title>\n<meta name=\"description\" content=\"Also habe ich mal wieder \u00fcberwiegend f\u00fcr den Kleinen gen\u00e4ht. Seine neue Sommer - Kollektion quasi. F\u00fcr die heissen Tage!\" \/>\n<meta name=\"robots\" content=\"index, follow, max-snippet:-1, max-image-preview:large, max-video-preview:-1\" \/>\n<link rel=\"canonical\" href=\"https:\/\/www.heldenhaushalt.de\/sari02\/index.php\/2017\/06\/10\/sommer-kleidung-kinder-genaeht\/\" \/>\n<meta property=\"og:locale\" content=\"de_DE\" \/>\n<meta property=\"og:type\" content=\"article\" \/>\n<meta property=\"og:title\" content=\"Wenn es pl\u00f6tzlich warm wird, braucht das Kind dringend neue Kleidung\" \/>\n<meta property=\"og:description\" content=\"Also habe ich mal wieder \u00fcberwiegend f\u00fcr den Kleinen gen\u00e4ht. Seine neue Sommer - Kollektion quasi. F\u00fcr die heissen Tage!\" \/>\n<meta property=\"og:url\" content=\"https:\/\/www.heldenhaushalt.de\/sari02\/index.php\/2017\/06\/10\/sommer-kleidung-kinder-genaeht\/\" \/>\n<meta property=\"og:site_name\" content=\"Heldenhaushalt\" \/>\n<meta property=\"article:published_time\" content=\"2017-06-10T07:00:00+00:00\" \/>\n<meta property=\"og:image\" content=\"https:\/\/www.heldenhaushalt.de\/sari02\/wp-content\/uploads\/2017\/06\/juni2017-1.jpg\" \/>\n\t<meta property=\"og:image:width\" content=\"800\" \/>\n\t<meta property=\"og:image:height\" content=\"538\" \/>\n\t<meta property=\"og:image:type\" content=\"image\/jpeg\" \/>\n<meta name=\"author\" content=\"Sari\" \/>\n<meta name=\"twitter:card\" content=\"summary_large_image\" \/>\n<meta name=\"twitter:creator\" content=\"@Heldenhaushalt\" \/>\n<meta name=\"twitter:site\" content=\"@Heldenhaushalt\" \/>\n<meta name=\"twitter:label1\" content=\"Verfasst von\" \/>\n\t<meta name=\"twitter:data1\" content=\"Sari\" \/>\n\t<meta name=\"twitter:label2\" content=\"Gesch\u00e4tzte Lesezeit\" \/>\n\t<meta name=\"twitter:data2\" content=\"2\u00a0Minuten\" \/>\n<script type=\"application\/ld+json\" class=\"yoast-schema-graph\">{\"@context\":\"https:\\\/\\\/schema.org\",\"@graph\":[{\"@type\":\"Article\",\"@id\":\"https:\\\/\\\/www.heldenhaushalt.de\\\/sari02\\\/index.php\\\/2017\\\/06\\\/10\\\/sommer-kleidung-kinder-genaeht\\\/#article\",\"isPartOf\":{\"@id\":\"https:\\\/\\\/www.heldenhaushalt.de\\\/sari02\\\/index.php\\\/2017\\\/06\\\/10\\\/sommer-kleidung-kinder-genaeht\\\/\"},\"author\":{\"name\":\"Sari\",\"@id\":\"https:\\\/\\\/www.heldenhaushalt.de\\\/sari02\\\/#\\\/schema\\\/person\\\/a1cc69f42a01f412eb62c151353814f6\"},\"headline\":\"Wenn es pl&#246;tzlich warm wird, braucht das Kind dringend neue Kleidung #gen&#228;ht\",\"datePublished\":\"2017-06-10T07:00:00+00:00\",\"mainEntityOfPage\":{\"@id\":\"https:\\\/\\\/www.heldenhaushalt.de\\\/sari02\\\/index.php\\\/2017\\\/06\\\/10\\\/sommer-kleidung-kinder-genaeht\\\/\"},\"wordCount\":495,\"commentCount\":5,\"publisher\":{\"@id\":\"https:\\\/\\\/www.heldenhaushalt.de\\\/sari02\\\/#\\\/schema\\\/person\\\/a1cc69f42a01f412eb62c151353814f6\"},\"image\":{\"@id\":\"https:\\\/\\\/www.heldenhaushalt.de\\\/sari02\\\/index.php\\\/2017\\\/06\\\/10\\\/sommer-kleidung-kinder-genaeht\\\/#primaryimage\"},\"thumbnailUrl\":\"https:\\\/\\\/www.heldenhaushalt.de\\\/sari02\\\/wp-content\\\/uploads\\\/2017\\\/06\\\/juni2017-1.jpg\",\"keywords\":[\"#n\u00e4hen\",\"gen\u00e4ht\",\"Handmade\",\"Kinder\",\"Kleidung\",\"Klimperklein\",\"Lybstes\",\"N\u00e4hen ist toll\"],\"articleSection\":[\"Aus Wolle &amp; Stoff\",\"Heldenkinder\"],\"inLanguage\":\"de\",\"potentialAction\":[{\"@type\":\"CommentAction\",\"name\":\"Comment\",\"target\":[\"https:\\\/\\\/www.heldenhaushalt.de\\\/sari02\\\/index.php\\\/2017\\\/06\\\/10\\\/sommer-kleidung-kinder-genaeht\\\/#respond\"]}]},{\"@type\":\"WebPage\",\"@id\":\"https:\\\/\\\/www.heldenhaushalt.de\\\/sari02\\\/index.php\\\/2017\\\/06\\\/10\\\/sommer-kleidung-kinder-genaeht\\\/\",\"url\":\"https:\\\/\\\/www.heldenhaushalt.de\\\/sari02\\\/index.php\\\/2017\\\/06\\\/10\\\/sommer-kleidung-kinder-genaeht\\\/\",\"name\":\"Wenn es pl\u00f6tzlich warm wird, braucht das Kind dringend neue Kleidung\",\"isPartOf\":{\"@id\":\"https:\\\/\\\/www.heldenhaushalt.de\\\/sari02\\\/#website\"},\"primaryImageOfPage\":{\"@id\":\"https:\\\/\\\/www.heldenhaushalt.de\\\/sari02\\\/index.php\\\/2017\\\/06\\\/10\\\/sommer-kleidung-kinder-genaeht\\\/#primaryimage\"},\"image\":{\"@id\":\"https:\\\/\\\/www.heldenhaushalt.de\\\/sari02\\\/index.php\\\/2017\\\/06\\\/10\\\/sommer-kleidung-kinder-genaeht\\\/#primaryimage\"},\"thumbnailUrl\":\"https:\\\/\\\/www.heldenhaushalt.de\\\/sari02\\\/wp-content\\\/uploads\\\/2017\\\/06\\\/juni2017-1.jpg\",\"datePublished\":\"2017-06-10T07:00:00+00:00\",\"description\":\"Also habe ich mal wieder \u00fcberwiegend f\u00fcr den Kleinen gen\u00e4ht. Seine neue Sommer - Kollektion quasi. F\u00fcr die heissen Tage!\",\"breadcrumb\":{\"@id\":\"https:\\\/\\\/www.heldenhaushalt.de\\\/sari02\\\/index.php\\\/2017\\\/06\\\/10\\\/sommer-kleidung-kinder-genaeht\\\/#breadcrumb\"},\"inLanguage\":\"de\",\"potentialAction\":[{\"@type\":\"ReadAction\",\"target\":[\"https:\\\/\\\/www.heldenhaushalt.de\\\/sari02\\\/index.php\\\/2017\\\/06\\\/10\\\/sommer-kleidung-kinder-genaeht\\\/\"]}]},{\"@type\":\"ImageObject\",\"inLanguage\":\"de\",\"@id\":\"https:\\\/\\\/www.heldenhaushalt.de\\\/sari02\\\/index.php\\\/2017\\\/06\\\/10\\\/sommer-kleidung-kinder-genaeht\\\/#primaryimage\",\"url\":\"https:\\\/\\\/www.heldenhaushalt.de\\\/sari02\\\/wp-content\\\/uploads\\\/2017\\\/06\\\/juni2017-1.jpg\",\"contentUrl\":\"https:\\\/\\\/www.heldenhaushalt.de\\\/sari02\\\/wp-content\\\/uploads\\\/2017\\\/06\\\/juni2017-1.jpg\",\"width\":800,\"height\":538,\"caption\":\"gen\u00e4ht\"},{\"@type\":\"BreadcrumbList\",\"@id\":\"https:\\\/\\\/www.heldenhaushalt.de\\\/sari02\\\/index.php\\\/2017\\\/06\\\/10\\\/sommer-kleidung-kinder-genaeht\\\/#breadcrumb\",\"itemListElement\":[{\"@type\":\"ListItem\",\"position\":1,\"name\":\"Startseite\",\"item\":\"https:\\\/\\\/www.heldenhaushalt.de\\\/sari02\\\/\"},{\"@type\":\"ListItem\",\"position\":2,\"name\":\"Wenn es pl&#246;tzlich warm wird, braucht das Kind dringend neue Kleidung #gen&#228;ht\"}]},{\"@type\":\"WebSite\",\"@id\":\"https:\\\/\\\/www.heldenhaushalt.de\\\/sari02\\\/#website\",\"url\":\"https:\\\/\\\/www.heldenhaushalt.de\\\/sari02\\\/\",\"name\":\"Heldenhaushalt\",\"description\":\"Wer es ordentlich haben will, der muss vorher anrufen\",\"publisher\":{\"@id\":\"https:\\\/\\\/www.heldenhaushalt.de\\\/sari02\\\/#\\\/schema\\\/person\\\/a1cc69f42a01f412eb62c151353814f6\"},\"potentialAction\":[{\"@type\":\"SearchAction\",\"target\":{\"@type\":\"EntryPoint\",\"urlTemplate\":\"https:\\\/\\\/www.heldenhaushalt.de\\\/sari02\\\/?s={search_term_string}\"},\"query-input\":{\"@type\":\"PropertyValueSpecification\",\"valueRequired\":true,\"valueName\":\"search_term_string\"}}],\"inLanguage\":\"de\"},{\"@type\":[\"Person\",\"Organization\"],\"@id\":\"https:\\\/\\\/www.heldenhaushalt.de\\\/sari02\\\/#\\\/schema\\\/person\\\/a1cc69f42a01f412eb62c151353814f6\",\"name\":\"Sari\",\"image\":{\"@type\":\"ImageObject\",\"inLanguage\":\"de\",\"@id\":\"https:\\\/\\\/www.heldenhaushalt.de\\\/sari02\\\/wp-content\\\/uploads\\\/2019\\\/02\\\/sari-april2018.png\",\"url\":\"https:\\\/\\\/www.heldenhaushalt.de\\\/sari02\\\/wp-content\\\/uploads\\\/2019\\\/02\\\/sari-april2018.png\",\"contentUrl\":\"https:\\\/\\\/www.heldenhaushalt.de\\\/sari02\\\/wp-content\\\/uploads\\\/2019\\\/02\\\/sari-april2018.png\",\"width\":500,\"height\":500,\"caption\":\"Sari\"},\"logo\":{\"@id\":\"https:\\\/\\\/www.heldenhaushalt.de\\\/sari02\\\/wp-content\\\/uploads\\\/2019\\\/02\\\/sari-april2018.png\"},\"description\":\"Frau Mondgras \u2013 Das bin ich, Sari. Gerne auch als Sari Mondgras bekannt und im Internet zu finden. 2-Fach-Mutter, Heldenehefrau, Kreativling, Harmonies\u00fcchtig und st\u00e4ndig auf der Suche nach Gl\u00fcck. Ich komme aus Berlin, bin hier aufgewachsen und lebe hier seit ich denken kann.\",\"sameAs\":[\"https:\\\/\\\/www.instagram.com\\\/heldenhaushalt\\\/\"],\"url\":\"https:\\\/\\\/www.heldenhaushalt.de\\\/sari02\\\/index.php\\\/author\\\/admin\\\/\"}]}<\/script>\n<!-- \/ Yoast SEO plugin. -->","yoast_head_json":{"title":"Wenn es pl\u00f6tzlich warm wird, braucht das Kind dringend neue Kleidung","description":"Also habe ich mal wieder \u00fcberwiegend f\u00fcr den Kleinen gen\u00e4ht. Seine neue Sommer - Kollektion quasi. F\u00fcr die heissen Tage!","robots":{"index":"index","follow":"follow","max-snippet":"max-snippet:-1","max-image-preview":"max-image-preview:large","max-video-preview":"max-video-preview:-1"},"canonical":"https:\/\/www.heldenhaushalt.de\/sari02\/index.php\/2017\/06\/10\/sommer-kleidung-kinder-genaeht\/","og_locale":"de_DE","og_type":"article","og_title":"Wenn es pl\u00f6tzlich warm wird, braucht das Kind dringend neue Kleidung","og_description":"Also habe ich mal wieder \u00fcberwiegend f\u00fcr den Kleinen gen\u00e4ht. Seine neue Sommer - Kollektion quasi. F\u00fcr die heissen Tage!","og_url":"https:\/\/www.heldenhaushalt.de\/sari02\/index.php\/2017\/06\/10\/sommer-kleidung-kinder-genaeht\/","og_site_name":"Heldenhaushalt","article_published_time":"2017-06-10T07:00:00+00:00","og_image":[{"width":800,"height":538,"url":"https:\/\/www.heldenhaushalt.de\/sari02\/wp-content\/uploads\/2017\/06\/juni2017-1.jpg","type":"image\/jpeg"}],"author":"Sari","twitter_card":"summary_large_image","twitter_creator":"@Heldenhaushalt","twitter_site":"@Heldenhaushalt","twitter_misc":{"Verfasst von":"Sari","Gesch\u00e4tzte Lesezeit":"2\u00a0Minuten"},"schema":{"@context":"https:\/\/schema.org","@graph":[{"@type":"Article","@id":"https:\/\/www.heldenhaushalt.de\/sari02\/index.php\/2017\/06\/10\/sommer-kleidung-kinder-genaeht\/#article","isPartOf":{"@id":"https:\/\/www.heldenhaushalt.de\/sari02\/index.php\/2017\/06\/10\/sommer-kleidung-kinder-genaeht\/"},"author":{"name":"Sari","@id":"https:\/\/www.heldenhaushalt.de\/sari02\/#\/schema\/person\/a1cc69f42a01f412eb62c151353814f6"},"headline":"Wenn es pl&#246;tzlich warm wird, braucht das Kind dringend neue Kleidung #gen&#228;ht","datePublished":"2017-06-10T07:00:00+00:00","mainEntityOfPage":{"@id":"https:\/\/www.heldenhaushalt.de\/sari02\/index.php\/2017\/06\/10\/sommer-kleidung-kinder-genaeht\/"},"wordCount":495,"commentCount":5,"publisher":{"@id":"https:\/\/www.heldenhaushalt.de\/sari02\/#\/schema\/person\/a1cc69f42a01f412eb62c151353814f6"},"image":{"@id":"https:\/\/www.heldenhaushalt.de\/sari02\/index.php\/2017\/06\/10\/sommer-kleidung-kinder-genaeht\/#primaryimage"},"thumbnailUrl":"https:\/\/www.heldenhaushalt.de\/sari02\/wp-content\/uploads\/2017\/06\/juni2017-1.jpg","keywords":["#n\u00e4hen","gen\u00e4ht","Handmade","Kinder","Kleidung","Klimperklein","Lybstes","N\u00e4hen ist toll"],"articleSection":["Aus Wolle &amp; Stoff","Heldenkinder"],"inLanguage":"de","potentialAction":[{"@type":"CommentAction","name":"Comment","target":["https:\/\/www.heldenhaushalt.de\/sari02\/index.php\/2017\/06\/10\/sommer-kleidung-kinder-genaeht\/#respond"]}]},{"@type":"WebPage","@id":"https:\/\/www.heldenhaushalt.de\/sari02\/index.php\/2017\/06\/10\/sommer-kleidung-kinder-genaeht\/","url":"https:\/\/www.heldenhaushalt.de\/sari02\/index.php\/2017\/06\/10\/sommer-kleidung-kinder-genaeht\/","name":"Wenn es pl\u00f6tzlich warm wird, braucht das Kind dringend neue Kleidung","isPartOf":{"@id":"https:\/\/www.heldenhaushalt.de\/sari02\/#website"},"primaryImageOfPage":{"@id":"https:\/\/www.heldenhaushalt.de\/sari02\/index.php\/2017\/06\/10\/sommer-kleidung-kinder-genaeht\/#primaryimage"},"image":{"@id":"https:\/\/www.heldenhaushalt.de\/sari02\/index.php\/2017\/06\/10\/sommer-kleidung-kinder-genaeht\/#primaryimage"},"thumbnailUrl":"https:\/\/www.heldenhaushalt.de\/sari02\/wp-content\/uploads\/2017\/06\/juni2017-1.jpg","datePublished":"2017-06-10T07:00:00+00:00","description":"Also habe ich mal wieder \u00fcberwiegend f\u00fcr den Kleinen gen\u00e4ht. Seine neue Sommer - Kollektion quasi. F\u00fcr die heissen Tage!","breadcrumb":{"@id":"https:\/\/www.heldenhaushalt.de\/sari02\/index.php\/2017\/06\/10\/sommer-kleidung-kinder-genaeht\/#breadcrumb"},"inLanguage":"de","potentialAction":[{"@type":"ReadAction","target":["https:\/\/www.heldenhaushalt.de\/sari02\/index.php\/2017\/06\/10\/sommer-kleidung-kinder-genaeht\/"]}]},{"@type":"ImageObject","inLanguage":"de","@id":"https:\/\/www.heldenhaushalt.de\/sari02\/index.php\/2017\/06\/10\/sommer-kleidung-kinder-genaeht\/#primaryimage","url":"https:\/\/www.heldenhaushalt.de\/sari02\/wp-content\/uploads\/2017\/06\/juni2017-1.jpg","contentUrl":"https:\/\/www.heldenhaushalt.de\/sari02\/wp-content\/uploads\/2017\/06\/juni2017-1.jpg","width":800,"height":538,"caption":"gen\u00e4ht"},{"@type":"BreadcrumbList","@id":"https:\/\/www.heldenhaushalt.de\/sari02\/index.php\/2017\/06\/10\/sommer-kleidung-kinder-genaeht\/#breadcrumb","itemListElement":[{"@type":"ListItem","position":1,"name":"Startseite","item":"https:\/\/www.heldenhaushalt.de\/sari02\/"},{"@type":"ListItem","position":2,"name":"Wenn es pl&#246;tzlich warm wird, braucht das Kind dringend neue Kleidung #gen&#228;ht"}]},{"@type":"WebSite","@id":"https:\/\/www.heldenhaushalt.de\/sari02\/#website","url":"https:\/\/www.heldenhaushalt.de\/sari02\/","name":"Heldenhaushalt","description":"Wer es ordentlich haben will, der muss vorher anrufen","publisher":{"@id":"https:\/\/www.heldenhaushalt.de\/sari02\/#\/schema\/person\/a1cc69f42a01f412eb62c151353814f6"},"potentialAction":[{"@type":"SearchAction","target":{"@type":"EntryPoint","urlTemplate":"https:\/\/www.heldenhaushalt.de\/sari02\/?s={search_term_string}"},"query-input":{"@type":"PropertyValueSpecification","valueRequired":true,"valueName":"search_term_string"}}],"inLanguage":"de"},{"@type":["Person","Organization"],"@id":"https:\/\/www.heldenhaushalt.de\/sari02\/#\/schema\/person\/a1cc69f42a01f412eb62c151353814f6","name":"Sari","image":{"@type":"ImageObject","inLanguage":"de","@id":"https:\/\/www.heldenhaushalt.de\/sari02\/wp-content\/uploads\/2019\/02\/sari-april2018.png","url":"https:\/\/www.heldenhaushalt.de\/sari02\/wp-content\/uploads\/2019\/02\/sari-april2018.png","contentUrl":"https:\/\/www.heldenhaushalt.de\/sari02\/wp-content\/uploads\/2019\/02\/sari-april2018.png","width":500,"height":500,"caption":"Sari"},"logo":{"@id":"https:\/\/www.heldenhaushalt.de\/sari02\/wp-content\/uploads\/2019\/02\/sari-april2018.png"},"description":"Frau Mondgras \u2013 Das bin ich, Sari. Gerne auch als Sari Mondgras bekannt und im Internet zu finden. 2-Fach-Mutter, Heldenehefrau, Kreativling, Harmonies\u00fcchtig und st\u00e4ndig auf der Suche nach Gl\u00fcck. Ich komme aus Berlin, bin hier aufgewachsen und lebe hier seit ich denken kann.","sameAs":["https:\/\/www.instagram.com\/heldenhaushalt\/"],"url":"https:\/\/www.heldenhaushalt.de\/sari02\/index.php\/author\/admin\/"}]}},"views":5443,"_links":{"self":[{"href":"https:\/\/www.heldenhaushalt.de\/sari02\/index.php\/wp-json\/wp\/v2\/posts\/33031","targetHints":{"allow":["GET"]}}],"collection":[{"href":"https:\/\/www.heldenhaushalt.de\/sari02\/index.php\/wp-json\/wp\/v2\/posts"}],"about":[{"href":"https:\/\/www.heldenhaushalt.de\/sari02\/index.php\/wp-json\/wp\/v2\/types\/post"}],"author":[{"embeddable":true,"href":"https:\/\/www.heldenhaushalt.de\/sari02\/index.php\/wp-json\/wp\/v2\/users\/1"}],"replies":[{"embeddable":true,"href":"https:\/\/www.heldenhaushalt.de\/sari02\/index.php\/wp-json\/wp\/v2\/comments?post=33031"}],"version-history":[{"count":2,"href":"https:\/\/www.heldenhaushalt.de\/sari02\/index.php\/wp-json\/wp\/v2\/posts\/33031\/revisions"}],"predecessor-version":[{"id":33118,"href":"https:\/\/www.heldenhaushalt.de\/sari02\/index.php\/wp-json\/wp\/v2\/posts\/33031\/revisions\/33118"}],"wp:featuredmedia":[{"embeddable":true,"href":"https:\/\/www.heldenhaushalt.de\/sari02\/index.php\/wp-json\/wp\/v2\/media\/33117"}],"wp:attachment":[{"href":"https:\/\/www.heldenhaushalt.de\/sari02\/index.php\/wp-json\/wp\/v2\/media?parent=33031"}],"wp:term":[{"taxonomy":"category","embeddable":true,"href":"https:\/\/www.heldenhaushalt.de\/sari02\/index.php\/wp-json\/wp\/v2\/categories?post=33031"},{"taxonomy":"post_tag","embeddable":true,"href":"https:\/\/www.heldenhaushalt.de\/sari02\/index.php\/wp-json\/wp\/v2\/tags?post=33031"}],"curies":[{"name":"wp","href":"https:\/\/api.w.org\/{rel}","templated":true}]}}