{"id":33105,"date":"2017-06-09T08:48:59","date_gmt":"2017-06-09T06:48:59","guid":{"rendered":"http:\/\/www.heldenhaushalt.de\/sari02\/?p=33105"},"modified":"2017-06-10T05:55:55","modified_gmt":"2017-06-10T03:55:55","slug":"freitags5-5-tage-5-fotos-im-juni-01-2","status":"publish","type":"post","link":"https:\/\/www.heldenhaushalt.de\/sari02\/index.php\/2017\/06\/09\/freitags5-5-tage-5-fotos-im-juni-01-2\/","title":{"rendered":"#Freitags5 \u2013 5 Tage 5 Fotos im Juni #02"},"content":{"rendered":"<p>Wisst Ihr was? Diese Woche w&#228;re fast an mir vorbeigegangen, dass am Montag ein Feiertag war. Ich fiel aus allen Wolken, als es auf einmal hie&#223;, dass ja am Montag alle zu Hause w&#228;ren. Huuups?! Daf&#252;r wurde dann spontan gegrillt und viel im Vorgarten gearbeitet.<\/p>\n<p style=\"text-align: center;\">***<\/p>\n<h2>Meine #Freitags5 #Freitagslieblinge<\/h2>\n<p><img loading=\"lazy\" decoding=\"async\" class=\"aligncenter size-full wp-image-33108\" src=\"http:\/\/www.heldenhaushalt.de\/sari02\/wp-content\/uploads\/2017\/06\/23-02.jpg\" alt=\"#Freitags5\" width=\"1261\" height=\"1261\" srcset=\"https:\/\/www.heldenhaushalt.de\/sari02\/wp-content\/uploads\/2017\/06\/23-02.jpg 1261w, https:\/\/www.heldenhaushalt.de\/sari02\/wp-content\/uploads\/2017\/06\/23-02-150x150.jpg 150w, https:\/\/www.heldenhaushalt.de\/sari02\/wp-content\/uploads\/2017\/06\/23-02-300x300.jpg 300w, https:\/\/www.heldenhaushalt.de\/sari02\/wp-content\/uploads\/2017\/06\/23-02-768x768.jpg 768w, https:\/\/www.heldenhaushalt.de\/sari02\/wp-content\/uploads\/2017\/06\/23-02-1024x1024.jpg 1024w, https:\/\/www.heldenhaushalt.de\/sari02\/wp-content\/uploads\/2017\/06\/23-02-600x600.jpg 600w, https:\/\/www.heldenhaushalt.de\/sari02\/wp-content\/uploads\/2017\/06\/23-02-1000x1000.jpg 1000w, https:\/\/www.heldenhaushalt.de\/sari02\/wp-content\/uploads\/2017\/06\/23-02-660x660.jpg 660w, https:\/\/www.heldenhaushalt.de\/sari02\/wp-content\/uploads\/2017\/06\/23-02-373x373.jpg 373w\" sizes=\"auto, (max-width: 1261px) 100vw, 1261px\" \/><\/p>\n<p><strong>Meine Lieblingslekt&#252;re der Woche \u2013<\/strong> Manchmal frage ich mich ja, wie andere es schaffen zu lesen. Ich finde dazu wirklich nahezu gar keine Zeit mehr. Ich lese maximal Farbkarten und Anleitungen im Moment. Aber das wird sicher auch wieder anders werden&#8230;<strong><br \/>\n<\/strong><\/p>\n<p style=\"text-align: center;\">***<\/p>\n<p><img loading=\"lazy\" decoding=\"async\" class=\"aligncenter size-full wp-image-33107\" src=\"http:\/\/www.heldenhaushalt.de\/sari02\/wp-content\/uploads\/2017\/06\/23-01.jpg\" alt=\"#Freitags5\" width=\"800\" height=\"800\" srcset=\"https:\/\/www.heldenhaushalt.de\/sari02\/wp-content\/uploads\/2017\/06\/23-01.jpg 800w, https:\/\/www.heldenhaushalt.de\/sari02\/wp-content\/uploads\/2017\/06\/23-01-150x150.jpg 150w, https:\/\/www.heldenhaushalt.de\/sari02\/wp-content\/uploads\/2017\/06\/23-01-300x300.jpg 300w, https:\/\/www.heldenhaushalt.de\/sari02\/wp-content\/uploads\/2017\/06\/23-01-768x768.jpg 768w, https:\/\/www.heldenhaushalt.de\/sari02\/wp-content\/uploads\/2017\/06\/23-01-600x600.jpg 600w, https:\/\/www.heldenhaushalt.de\/sari02\/wp-content\/uploads\/2017\/06\/23-01-660x660.jpg 660w, https:\/\/www.heldenhaushalt.de\/sari02\/wp-content\/uploads\/2017\/06\/23-01-373x373.jpg 373w\" sizes=\"auto, (max-width: 800px) 100vw, 800px\" \/><\/p>\n<p><strong>Mein Lieblingsessen der Woche \u2013 <\/strong>Ich habe seit Ewigkeiten mal wieder Bruschetta gemacht. So richtig mit Tomaten vorher abkochen und sch&#228;len. Zu Ciabatta Brot und zum Grillen dazu wirklich lecker. Werde ich diesen Sommer definitiv nun wieder &#246;fter machen.<strong><br \/>\n<\/strong><\/p>\n<p style=\"text-align: center;\">***<\/p>\n<p><img loading=\"lazy\" decoding=\"async\" class=\"aligncenter size-full wp-image-33110\" src=\"http:\/\/www.heldenhaushalt.de\/sari02\/wp-content\/uploads\/2017\/06\/23-04.jpg\" alt=\"#Freitags5\" width=\"800\" height=\"800\" srcset=\"https:\/\/www.heldenhaushalt.de\/sari02\/wp-content\/uploads\/2017\/06\/23-04.jpg 800w, https:\/\/www.heldenhaushalt.de\/sari02\/wp-content\/uploads\/2017\/06\/23-04-150x150.jpg 150w, https:\/\/www.heldenhaushalt.de\/sari02\/wp-content\/uploads\/2017\/06\/23-04-300x300.jpg 300w, https:\/\/www.heldenhaushalt.de\/sari02\/wp-content\/uploads\/2017\/06\/23-04-768x768.jpg 768w, https:\/\/www.heldenhaushalt.de\/sari02\/wp-content\/uploads\/2017\/06\/23-04-600x600.jpg 600w, https:\/\/www.heldenhaushalt.de\/sari02\/wp-content\/uploads\/2017\/06\/23-04-660x660.jpg 660w, https:\/\/www.heldenhaushalt.de\/sari02\/wp-content\/uploads\/2017\/06\/23-04-373x373.jpg 373w\" sizes=\"auto, (max-width: 800px) 100vw, 800px\" \/><\/p>\n<p><strong>Meinen Lieblingsmoment mit meinen Kindern<\/strong> \u2013 Der sch&#246;nste Tag der Woche war definitiv der unerwartet freie Montag, wo wir alle zusammen im Garten gearbeitet haben. Der Miniheld hat fleissig Unkraut gerupft und Blument&#246;pfe bepflanzt und es war wirklich niedlich, wie der Kleine versucht hat zu helfen (und dabei eigentlich eher mehr wieder kaputt machte).<\/p>\n<p style=\"text-align: center;\">***<\/p>\n<p><img loading=\"lazy\" decoding=\"async\" class=\"aligncenter size-full wp-image-33109\" src=\"http:\/\/www.heldenhaushalt.de\/sari02\/wp-content\/uploads\/2017\/06\/23-03.jpg\" alt=\"#Freitags5\" width=\"800\" height=\"800\" srcset=\"https:\/\/www.heldenhaushalt.de\/sari02\/wp-content\/uploads\/2017\/06\/23-03.jpg 800w, https:\/\/www.heldenhaushalt.de\/sari02\/wp-content\/uploads\/2017\/06\/23-03-150x150.jpg 150w, https:\/\/www.heldenhaushalt.de\/sari02\/wp-content\/uploads\/2017\/06\/23-03-300x300.jpg 300w, https:\/\/www.heldenhaushalt.de\/sari02\/wp-content\/uploads\/2017\/06\/23-03-768x768.jpg 768w, https:\/\/www.heldenhaushalt.de\/sari02\/wp-content\/uploads\/2017\/06\/23-03-600x600.jpg 600w, https:\/\/www.heldenhaushalt.de\/sari02\/wp-content\/uploads\/2017\/06\/23-03-660x660.jpg 660w, https:\/\/www.heldenhaushalt.de\/sari02\/wp-content\/uploads\/2017\/06\/23-03-373x373.jpg 373w\" sizes=\"auto, (max-width: 800px) 100vw, 800px\" \/><\/p>\n<p><strong>Meinen Lieblings-Mama-Moment nur f&#252;r mich<\/strong>&nbsp; \u2013&nbsp; Ich sa&#223; mit dem Heldenkind auf dem Sportplatz. Der Held und ich hatten einen Deal: Ich nehme den Kleinen mit zum Fu&#223;balltraining des Gro&#223;en und daf&#252;r baut er zu Hause den neuen Badezimmerschrank auf. Das Heldenkind ist sonst auf dem Sportplatz immer sehr unruhig, da es unbedingt beim Training mitmachen m&#246;chte. Dieses Mal spielte er jedoch mit dem gro&#223;en Bruder eines anderen Kindes und sa&#223; sp&#228;ter neben mir auf der Bank, in einem der Trikots vom gro&#223;en Bruder und zeigte mir immer wieder den Minihelden mit einem aufgeregten &#8220;DA!&#8221;.Das hatte etwas sehr sch&#246;nes f&#252;r mich.<\/p>\n<p style=\"text-align: center;\">***<\/p>\n<p><img loading=\"lazy\" decoding=\"async\" class=\"aligncenter size-full wp-image-33111\" src=\"http:\/\/www.heldenhaushalt.de\/sari02\/wp-content\/uploads\/2017\/06\/23-05.jpg\" alt=\"#Freitags5\" width=\"800\" height=\"681\" srcset=\"https:\/\/www.heldenhaushalt.de\/sari02\/wp-content\/uploads\/2017\/06\/23-05.jpg 800w, https:\/\/www.heldenhaushalt.de\/sari02\/wp-content\/uploads\/2017\/06\/23-05-300x255.jpg 300w, https:\/\/www.heldenhaushalt.de\/sari02\/wp-content\/uploads\/2017\/06\/23-05-768x654.jpg 768w, https:\/\/www.heldenhaushalt.de\/sari02\/wp-content\/uploads\/2017\/06\/23-05-600x511.jpg 600w\" sizes=\"auto, (max-width: 800px) 100vw, 800px\" \/><\/p>\n<p><strong>Meine Lieblings-Inspiration der Woche \u2013<\/strong> Diese Woche wurde gen&#228;ht. Ja, ich habe tats&#228;chlich ein bisschen etwas geschafft. Mal sehen, ob ich Euch die Tage etwas davon zeigen kann. In der Blogsph&#228;re sehr empfehlenswert diese Woche war aus meiner Sicht Folgendes: <a href=\"http:\/\/www.mirella-design.de\/2017\/06\/freebie-freitag-erdbeere.html\" target=\"_blank\" rel=\"noopener\">Freebie Freitag Erdbeere<\/a> &#8211; <a href=\"https:\/\/meinfeenstaub.com\/diy-kaktus-lampe\/\" target=\"_blank\" rel=\"noopener\">Kaktus Lampe mit LED<\/a> &#8211; <a href=\"http:\/\/gkkreativ.blogspot.de\/2017\/06\/seifenblasen-selber-machen.html\" target=\"_blank\" rel=\"noopener\">Seifenblasen selber machen <\/a>&#8211; <a href=\"http:\/\/fraeuleinan.blogspot.de\/2017\/06\/diy-sitzsack-nahen-freebook.html\" target=\"_blank\" rel=\"noopener\">Sitzsack n&#228;hen <\/a>&#8211; <a href=\"https:\/\/meinfeenstaub.com\/diy-kaktus-magneten-marmor-magnetwand\/\" target=\"_blank\" rel=\"noopener\">Kaktus Magneten aus Fimo<\/a> &#8211; <a href=\"https:\/\/www.mamahoch2.de\/2017\/06\/naehanleitung-freebook-ein-t-shirt-fuer-dein-baby-naehen.html\" target=\"_blank\" rel=\"noopener\">Babyshirt n&#228;hen<\/a> &#8211; <a href=\"http:\/\/diekleinebotin.at\/2017\/06\/07\/das-einfachste-eis-der-welt-rezept\/\" target=\"_blank\" rel=\"noopener\">Das einfachste Eis der Welt<\/a> <strong><br \/>\n<\/strong><\/p>\n<p style=\"text-align: center;\">***<\/p>\n<p>Unser Wochenende bietet ein bisschen Stadtfest, ein bisschen Geburtstag und ein Basar. Und au&#223;erdem hoffentlich wieder etwas freundlicheres Wetter. Mehr bildhafte #Freitags5 R&#252;ckblicke gibt es auch heute wieder bei <a href=\"http:\/\/berlinmittemom.com\/2017\/06\/09\/5-freitagslieblinge-am-09-juni\/\" target=\"_blank\" rel=\"noopener noreferrer\">BerlinMitteMom<\/a>.<\/p>\n<p><img loading=\"lazy\" decoding=\"async\" class=\" size-full wp-image-24841 alignright\" src=\"https:\/\/www.heldenhaushalt.de\/sari02\/wp-content\/uploads\/2015\/01\/sari-unter.jpg?resize=130%2C59\" alt=\"sari-unter\" data-attachment-id=\"24841\" data-permalink=\"http:\/\/www.heldenhaushalt.de\/sari02\/index.php\/2015\/01\/03\/sich-neu-erfinden\/sari-unter\/\" data-orig-file=\"http:\/\/www.heldenhaushalt.de\/sari02\/wp-content\/uploads\/2015\/01\/sari-unter.jpg\" data-orig-size=\"130,59\" data-comments-opened=\"1\" data-image-meta=\"{&quot;aperture&quot;:&quot;0&quot;,&quot;credit&quot;:&quot;&quot;,&quot;camera&quot;:&quot;&quot;,&quot;caption&quot;:&quot;&quot;,&quot;created_timestamp&quot;:&quot;0&quot;,&quot;copyright&quot;:&quot;&quot;,&quot;focal_length&quot;:&quot;0&quot;,&quot;iso&quot;:&quot;0&quot;,&quot;shutter_speed&quot;:&quot;0&quot;,&quot;title&quot;:&quot;&quot;,&quot;orientation&quot;:&quot;0&quot;}\" data-image-title=\"sari-unter\" data-image-description=\"\" data-medium-file=\"http:\/\/www.heldenhaushalt.de\/sari02\/wp-content\/uploads\/2015\/01\/sari-unter.jpg\" data-large-file=\"http:\/\/www.heldenhaushalt.de\/sari02\/wp-content\/uploads\/2015\/01\/sari-unter.jpg\" width=\"130\" height=\"59\"><\/p>\n","protected":false},"excerpt":{"rendered":"<p>Wisst Ihr was? Diese Woche w&#228;re fast an mir vorbeigegangen, dass am Montag ein Feiertag war. Ich fiel aus allen Wolken, als es auf einmal hie&#223;, dass ja am Montag alle zu Hause w&#228;ren. Huuups?! Daf&#252;r wurde dann spontan gegrillt und viel im Vorgarten gearbeitet. *** Meine #Freitags5 #Freitagslieblinge Meine Lieblingslekt&#252;re der Woche \u2013 Manchmal frage ich mich ja, wie andere es schaffen zu lesen. Ich finde dazu wirklich nahezu gar keine Zeit mehr. Ich lese maximal Farbkarten und Anleitungen im Moment. Aber das wird sicher auch wieder anders werden&#8230; *** Mein Lieblingsessen der Woche \u2013 Ich habe seit Ewigkeiten mal wieder Bruschetta gemacht. So richtig mit Tomaten vorher abkochen und sch&#228;len. Zu Ciabatta Brot und zum Grillen dazu wirklich lecker. Werde ich diesen Sommer definitiv nun wieder &#246;fter machen. *** Meinen Lieblingsmoment mit meinen Kindern \u2013 Der sch&#246;nste Tag der Woche war definitiv der unerwartet freie Montag, wo wir alle zusammen im Garten gearbeitet haben. Der Miniheld hat fleissig Unkraut gerupft und Blument&#246;pfe bepflanzt und es war wirklich niedlich, wie der Kleine versucht hat zu helfen (und dabei eigentlich eher mehr wieder kaputt machte). *** Meinen Lieblings-Mama-Moment nur f&#252;r mich&nbsp; \u2013&nbsp; Ich sa&#223; mit dem Heldenkind auf dem Sportplatz. Der Held und ich hatten einen Deal: Ich nehme den Kleinen mit zum Fu&#223;balltraining des Gro&#223;en und daf&#252;r baut er zu Hause den neuen Badezimmerschrank auf. Das Heldenkind ist sonst auf dem Sportplatz immer sehr unruhig, da es unbedingt beim Training mitmachen m&#246;chte. Dieses Mal spielte er jedoch mit dem gro&#223;en Bruder eines anderen Kindes und sa&#223; sp&#228;ter neben mir auf der Bank, in einem der Trikots vom gro&#223;en Bruder und zeigte mir immer wieder den Minihelden mit einem aufgeregten &#8220;DA!&#8221;.Das hatte etwas sehr sch&#246;nes f&#252;r mich. *** Meine Lieblings-Inspiration der Woche \u2013 Diese Woche wurde gen&#228;ht. Ja, ich habe tats&#228;chlich ein bisschen etwas geschafft. Mal sehen, ob ich Euch die Tage etwas davon zeigen kann. In der Blogsph&#228;re sehr empfehlenswert diese Woche war aus meiner Sicht Folgendes: Freebie Freitag Erdbeere &#8211; Kaktus Lampe mit LED &#8211; Seifenblasen selber machen &#8211; Sitzsack n&#228;hen &#8211; Kaktus Magneten aus Fimo &#8211; Babyshirt n&#228;hen &#8211; Das einfachste Eis der Welt *** Unser Wochenende bietet ein bisschen Stadtfest, ein bisschen Geburtstag und ein Basar. Und au&#223;erdem hoffentlich wieder etwas freundlicheres Wetter. Mehr bildhafte #Freitags5 R&#252;ckblicke gibt es auch heute wieder bei BerlinMitteMom.<\/p>\n","protected":false},"author":1,"featured_media":33111,"comment_status":"open","ping_status":"open","sticky":false,"template":"","format":"standard","meta":{"ngg_post_thumbnail":0,"footnotes":""},"categories":[323,49],"tags":[780,781,45,69,171,1152,81,872],"class_list":["post-33105","post","type-post","status-publish","format-standard","has-post-thumbnail","hentry","category-alltag","category-blogspaehre","tag-freitags5","tag-freitagslieblinge","tag-alltag","tag-familie","tag-fussball","tag-garten","tag-kinder","tag-woche"],"yoast_head":"<!-- This site is optimized with the Yoast SEO plugin v27.5 - https:\/\/yoast.com\/product\/yoast-seo-wordpress\/ -->\n<title>#Freitags5 \u2013 5 Tage 5 Fotos im Juni #02 - Heldenhaushalt<\/title>\n<meta name=\"description\" content=\"Meine #Freitags5 #Freitagslieblinge - Wisst Ihr was? Diese Woche w\u00e4re fast an mir vorbei gegangen, dass am Montag ein Feiertag war.\" \/>\n<meta name=\"robots\" content=\"index, follow, max-snippet:-1, max-image-preview:large, max-video-preview:-1\" \/>\n<link rel=\"canonical\" href=\"https:\/\/www.heldenhaushalt.de\/sari02\/index.php\/2017\/06\/09\/freitags5-5-tage-5-fotos-im-juni-01-2\/\" \/>\n<meta property=\"og:locale\" content=\"de_DE\" \/>\n<meta property=\"og:type\" content=\"article\" \/>\n<meta property=\"og:title\" content=\"#Freitags5 \u2013 5 Tage 5 Fotos im Juni #02 - Heldenhaushalt\" \/>\n<meta property=\"og:description\" content=\"Meine #Freitags5 #Freitagslieblinge - Wisst Ihr was? Diese Woche w\u00e4re fast an mir vorbei gegangen, dass am Montag ein Feiertag war.\" \/>\n<meta property=\"og:url\" content=\"https:\/\/www.heldenhaushalt.de\/sari02\/index.php\/2017\/06\/09\/freitags5-5-tage-5-fotos-im-juni-01-2\/\" \/>\n<meta property=\"og:site_name\" content=\"Heldenhaushalt\" \/>\n<meta property=\"article:published_time\" content=\"2017-06-09T06:48:59+00:00\" \/>\n<meta property=\"article:modified_time\" content=\"2017-06-10T03:55:55+00:00\" \/>\n<meta property=\"og:image\" content=\"https:\/\/www.heldenhaushalt.de\/sari02\/wp-content\/uploads\/2017\/06\/23-05.jpg\" \/>\n\t<meta property=\"og:image:width\" content=\"800\" \/>\n\t<meta property=\"og:image:height\" content=\"681\" \/>\n\t<meta property=\"og:image:type\" content=\"image\/jpeg\" \/>\n<meta name=\"author\" content=\"Sari\" \/>\n<meta name=\"twitter:card\" content=\"summary_large_image\" \/>\n<meta name=\"twitter:creator\" content=\"@Heldenhaushalt\" \/>\n<meta name=\"twitter:site\" content=\"@Heldenhaushalt\" \/>\n<meta name=\"twitter:label1\" content=\"Verfasst von\" \/>\n\t<meta name=\"twitter:data1\" content=\"Sari\" \/>\n\t<meta name=\"twitter:label2\" content=\"Gesch\u00e4tzte Lesezeit\" \/>\n\t<meta name=\"twitter:data2\" content=\"2\u00a0Minuten\" \/>\n<script type=\"application\/ld+json\" class=\"yoast-schema-graph\">{\"@context\":\"https:\\\/\\\/schema.org\",\"@graph\":[{\"@type\":\"Article\",\"@id\":\"https:\\\/\\\/www.heldenhaushalt.de\\\/sari02\\\/index.php\\\/2017\\\/06\\\/09\\\/freitags5-5-tage-5-fotos-im-juni-01-2\\\/#article\",\"isPartOf\":{\"@id\":\"https:\\\/\\\/www.heldenhaushalt.de\\\/sari02\\\/index.php\\\/2017\\\/06\\\/09\\\/freitags5-5-tage-5-fotos-im-juni-01-2\\\/\"},\"author\":{\"name\":\"Sari\",\"@id\":\"https:\\\/\\\/www.heldenhaushalt.de\\\/sari02\\\/#\\\/schema\\\/person\\\/a1cc69f42a01f412eb62c151353814f6\"},\"headline\":\"#Freitags5 \u2013 5 Tage 5 Fotos im Juni #02\",\"datePublished\":\"2017-06-09T06:48:59+00:00\",\"dateModified\":\"2017-06-10T03:55:55+00:00\",\"mainEntityOfPage\":{\"@id\":\"https:\\\/\\\/www.heldenhaushalt.de\\\/sari02\\\/index.php\\\/2017\\\/06\\\/09\\\/freitags5-5-tage-5-fotos-im-juni-01-2\\\/\"},\"wordCount\":409,\"commentCount\":0,\"publisher\":{\"@id\":\"https:\\\/\\\/www.heldenhaushalt.de\\\/sari02\\\/#\\\/schema\\\/person\\\/a1cc69f42a01f412eb62c151353814f6\"},\"image\":{\"@id\":\"https:\\\/\\\/www.heldenhaushalt.de\\\/sari02\\\/index.php\\\/2017\\\/06\\\/09\\\/freitags5-5-tage-5-fotos-im-juni-01-2\\\/#primaryimage\"},\"thumbnailUrl\":\"https:\\\/\\\/www.heldenhaushalt.de\\\/sari02\\\/wp-content\\\/uploads\\\/2017\\\/06\\\/23-05.jpg\",\"keywords\":[\"#Freitags5\",\"#Freitagslieblinge\",\"Allt\u00e4glich\",\"Familie\",\"Fu\u00dfball\",\"Garten\",\"Kinder\",\"Woche\"],\"articleSection\":[\"Alltagschaos\",\"Blogsph\u00e4re\"],\"inLanguage\":\"de\",\"potentialAction\":[{\"@type\":\"CommentAction\",\"name\":\"Comment\",\"target\":[\"https:\\\/\\\/www.heldenhaushalt.de\\\/sari02\\\/index.php\\\/2017\\\/06\\\/09\\\/freitags5-5-tage-5-fotos-im-juni-01-2\\\/#respond\"]}]},{\"@type\":\"WebPage\",\"@id\":\"https:\\\/\\\/www.heldenhaushalt.de\\\/sari02\\\/index.php\\\/2017\\\/06\\\/09\\\/freitags5-5-tage-5-fotos-im-juni-01-2\\\/\",\"url\":\"https:\\\/\\\/www.heldenhaushalt.de\\\/sari02\\\/index.php\\\/2017\\\/06\\\/09\\\/freitags5-5-tage-5-fotos-im-juni-01-2\\\/\",\"name\":\"#Freitags5 \u2013 5 Tage 5 Fotos im Juni #02 - Heldenhaushalt\",\"isPartOf\":{\"@id\":\"https:\\\/\\\/www.heldenhaushalt.de\\\/sari02\\\/#website\"},\"primaryImageOfPage\":{\"@id\":\"https:\\\/\\\/www.heldenhaushalt.de\\\/sari02\\\/index.php\\\/2017\\\/06\\\/09\\\/freitags5-5-tage-5-fotos-im-juni-01-2\\\/#primaryimage\"},\"image\":{\"@id\":\"https:\\\/\\\/www.heldenhaushalt.de\\\/sari02\\\/index.php\\\/2017\\\/06\\\/09\\\/freitags5-5-tage-5-fotos-im-juni-01-2\\\/#primaryimage\"},\"thumbnailUrl\":\"https:\\\/\\\/www.heldenhaushalt.de\\\/sari02\\\/wp-content\\\/uploads\\\/2017\\\/06\\\/23-05.jpg\",\"datePublished\":\"2017-06-09T06:48:59+00:00\",\"dateModified\":\"2017-06-10T03:55:55+00:00\",\"description\":\"Meine #Freitags5 #Freitagslieblinge - Wisst Ihr was? Diese Woche w\u00e4re fast an mir vorbei gegangen, dass am Montag ein Feiertag war.\",\"breadcrumb\":{\"@id\":\"https:\\\/\\\/www.heldenhaushalt.de\\\/sari02\\\/index.php\\\/2017\\\/06\\\/09\\\/freitags5-5-tage-5-fotos-im-juni-01-2\\\/#breadcrumb\"},\"inLanguage\":\"de\",\"potentialAction\":[{\"@type\":\"ReadAction\",\"target\":[\"https:\\\/\\\/www.heldenhaushalt.de\\\/sari02\\\/index.php\\\/2017\\\/06\\\/09\\\/freitags5-5-tage-5-fotos-im-juni-01-2\\\/\"]}]},{\"@type\":\"ImageObject\",\"inLanguage\":\"de\",\"@id\":\"https:\\\/\\\/www.heldenhaushalt.de\\\/sari02\\\/index.php\\\/2017\\\/06\\\/09\\\/freitags5-5-tage-5-fotos-im-juni-01-2\\\/#primaryimage\",\"url\":\"https:\\\/\\\/www.heldenhaushalt.de\\\/sari02\\\/wp-content\\\/uploads\\\/2017\\\/06\\\/23-05.jpg\",\"contentUrl\":\"https:\\\/\\\/www.heldenhaushalt.de\\\/sari02\\\/wp-content\\\/uploads\\\/2017\\\/06\\\/23-05.jpg\",\"width\":800,\"height\":681,\"caption\":\"#Freitags5\"},{\"@type\":\"BreadcrumbList\",\"@id\":\"https:\\\/\\\/www.heldenhaushalt.de\\\/sari02\\\/index.php\\\/2017\\\/06\\\/09\\\/freitags5-5-tage-5-fotos-im-juni-01-2\\\/#breadcrumb\",\"itemListElement\":[{\"@type\":\"ListItem\",\"position\":1,\"name\":\"Startseite\",\"item\":\"https:\\\/\\\/www.heldenhaushalt.de\\\/sari02\\\/\"},{\"@type\":\"ListItem\",\"position\":2,\"name\":\"#Freitags5 \u2013 5 Tage 5 Fotos im Juni #02\"}]},{\"@type\":\"WebSite\",\"@id\":\"https:\\\/\\\/www.heldenhaushalt.de\\\/sari02\\\/#website\",\"url\":\"https:\\\/\\\/www.heldenhaushalt.de\\\/sari02\\\/\",\"name\":\"Heldenhaushalt\",\"description\":\"Wer es ordentlich haben will, der muss vorher anrufen\",\"publisher\":{\"@id\":\"https:\\\/\\\/www.heldenhaushalt.de\\\/sari02\\\/#\\\/schema\\\/person\\\/a1cc69f42a01f412eb62c151353814f6\"},\"potentialAction\":[{\"@type\":\"SearchAction\",\"target\":{\"@type\":\"EntryPoint\",\"urlTemplate\":\"https:\\\/\\\/www.heldenhaushalt.de\\\/sari02\\\/?s={search_term_string}\"},\"query-input\":{\"@type\":\"PropertyValueSpecification\",\"valueRequired\":true,\"valueName\":\"search_term_string\"}}],\"inLanguage\":\"de\"},{\"@type\":[\"Person\",\"Organization\"],\"@id\":\"https:\\\/\\\/www.heldenhaushalt.de\\\/sari02\\\/#\\\/schema\\\/person\\\/a1cc69f42a01f412eb62c151353814f6\",\"name\":\"Sari\",\"image\":{\"@type\":\"ImageObject\",\"inLanguage\":\"de\",\"@id\":\"https:\\\/\\\/www.heldenhaushalt.de\\\/sari02\\\/wp-content\\\/uploads\\\/2019\\\/02\\\/sari-april2018.png\",\"url\":\"https:\\\/\\\/www.heldenhaushalt.de\\\/sari02\\\/wp-content\\\/uploads\\\/2019\\\/02\\\/sari-april2018.png\",\"contentUrl\":\"https:\\\/\\\/www.heldenhaushalt.de\\\/sari02\\\/wp-content\\\/uploads\\\/2019\\\/02\\\/sari-april2018.png\",\"width\":500,\"height\":500,\"caption\":\"Sari\"},\"logo\":{\"@id\":\"https:\\\/\\\/www.heldenhaushalt.de\\\/sari02\\\/wp-content\\\/uploads\\\/2019\\\/02\\\/sari-april2018.png\"},\"description\":\"Frau Mondgras \u2013 Das bin ich, Sari. Gerne auch als Sari Mondgras bekannt und im Internet zu finden. 2-Fach-Mutter, Heldenehefrau, Kreativling, Harmonies\u00fcchtig und st\u00e4ndig auf der Suche nach Gl\u00fcck. Ich komme aus Berlin, bin hier aufgewachsen und lebe hier seit ich denken kann.\",\"sameAs\":[\"https:\\\/\\\/www.instagram.com\\\/heldenhaushalt\\\/\"],\"url\":\"https:\\\/\\\/www.heldenhaushalt.de\\\/sari02\\\/index.php\\\/author\\\/admin\\\/\"}]}<\/script>\n<!-- \/ Yoast SEO plugin. -->","yoast_head_json":{"title":"#Freitags5 \u2013 5 Tage 5 Fotos im Juni #02 - Heldenhaushalt","description":"Meine #Freitags5 #Freitagslieblinge - Wisst Ihr was? Diese Woche w\u00e4re fast an mir vorbei gegangen, dass am Montag ein Feiertag war.","robots":{"index":"index","follow":"follow","max-snippet":"max-snippet:-1","max-image-preview":"max-image-preview:large","max-video-preview":"max-video-preview:-1"},"canonical":"https:\/\/www.heldenhaushalt.de\/sari02\/index.php\/2017\/06\/09\/freitags5-5-tage-5-fotos-im-juni-01-2\/","og_locale":"de_DE","og_type":"article","og_title":"#Freitags5 \u2013 5 Tage 5 Fotos im Juni #02 - Heldenhaushalt","og_description":"Meine #Freitags5 #Freitagslieblinge - Wisst Ihr was? Diese Woche w\u00e4re fast an mir vorbei gegangen, dass am Montag ein Feiertag war.","og_url":"https:\/\/www.heldenhaushalt.de\/sari02\/index.php\/2017\/06\/09\/freitags5-5-tage-5-fotos-im-juni-01-2\/","og_site_name":"Heldenhaushalt","article_published_time":"2017-06-09T06:48:59+00:00","article_modified_time":"2017-06-10T03:55:55+00:00","og_image":[{"width":800,"height":681,"url":"https:\/\/www.heldenhaushalt.de\/sari02\/wp-content\/uploads\/2017\/06\/23-05.jpg","type":"image\/jpeg"}],"author":"Sari","twitter_card":"summary_large_image","twitter_creator":"@Heldenhaushalt","twitter_site":"@Heldenhaushalt","twitter_misc":{"Verfasst von":"Sari","Gesch\u00e4tzte Lesezeit":"2\u00a0Minuten"},"schema":{"@context":"https:\/\/schema.org","@graph":[{"@type":"Article","@id":"https:\/\/www.heldenhaushalt.de\/sari02\/index.php\/2017\/06\/09\/freitags5-5-tage-5-fotos-im-juni-01-2\/#article","isPartOf":{"@id":"https:\/\/www.heldenhaushalt.de\/sari02\/index.php\/2017\/06\/09\/freitags5-5-tage-5-fotos-im-juni-01-2\/"},"author":{"name":"Sari","@id":"https:\/\/www.heldenhaushalt.de\/sari02\/#\/schema\/person\/a1cc69f42a01f412eb62c151353814f6"},"headline":"#Freitags5 \u2013 5 Tage 5 Fotos im Juni #02","datePublished":"2017-06-09T06:48:59+00:00","dateModified":"2017-06-10T03:55:55+00:00","mainEntityOfPage":{"@id":"https:\/\/www.heldenhaushalt.de\/sari02\/index.php\/2017\/06\/09\/freitags5-5-tage-5-fotos-im-juni-01-2\/"},"wordCount":409,"commentCount":0,"publisher":{"@id":"https:\/\/www.heldenhaushalt.de\/sari02\/#\/schema\/person\/a1cc69f42a01f412eb62c151353814f6"},"image":{"@id":"https:\/\/www.heldenhaushalt.de\/sari02\/index.php\/2017\/06\/09\/freitags5-5-tage-5-fotos-im-juni-01-2\/#primaryimage"},"thumbnailUrl":"https:\/\/www.heldenhaushalt.de\/sari02\/wp-content\/uploads\/2017\/06\/23-05.jpg","keywords":["#Freitags5","#Freitagslieblinge","Allt\u00e4glich","Familie","Fu\u00dfball","Garten","Kinder","Woche"],"articleSection":["Alltagschaos","Blogsph\u00e4re"],"inLanguage":"de","potentialAction":[{"@type":"CommentAction","name":"Comment","target":["https:\/\/www.heldenhaushalt.de\/sari02\/index.php\/2017\/06\/09\/freitags5-5-tage-5-fotos-im-juni-01-2\/#respond"]}]},{"@type":"WebPage","@id":"https:\/\/www.heldenhaushalt.de\/sari02\/index.php\/2017\/06\/09\/freitags5-5-tage-5-fotos-im-juni-01-2\/","url":"https:\/\/www.heldenhaushalt.de\/sari02\/index.php\/2017\/06\/09\/freitags5-5-tage-5-fotos-im-juni-01-2\/","name":"#Freitags5 \u2013 5 Tage 5 Fotos im Juni #02 - Heldenhaushalt","isPartOf":{"@id":"https:\/\/www.heldenhaushalt.de\/sari02\/#website"},"primaryImageOfPage":{"@id":"https:\/\/www.heldenhaushalt.de\/sari02\/index.php\/2017\/06\/09\/freitags5-5-tage-5-fotos-im-juni-01-2\/#primaryimage"},"image":{"@id":"https:\/\/www.heldenhaushalt.de\/sari02\/index.php\/2017\/06\/09\/freitags5-5-tage-5-fotos-im-juni-01-2\/#primaryimage"},"thumbnailUrl":"https:\/\/www.heldenhaushalt.de\/sari02\/wp-content\/uploads\/2017\/06\/23-05.jpg","datePublished":"2017-06-09T06:48:59+00:00","dateModified":"2017-06-10T03:55:55+00:00","description":"Meine #Freitags5 #Freitagslieblinge - Wisst Ihr was? Diese Woche w\u00e4re fast an mir vorbei gegangen, dass am Montag ein Feiertag war.","breadcrumb":{"@id":"https:\/\/www.heldenhaushalt.de\/sari02\/index.php\/2017\/06\/09\/freitags5-5-tage-5-fotos-im-juni-01-2\/#breadcrumb"},"inLanguage":"de","potentialAction":[{"@type":"ReadAction","target":["https:\/\/www.heldenhaushalt.de\/sari02\/index.php\/2017\/06\/09\/freitags5-5-tage-5-fotos-im-juni-01-2\/"]}]},{"@type":"ImageObject","inLanguage":"de","@id":"https:\/\/www.heldenhaushalt.de\/sari02\/index.php\/2017\/06\/09\/freitags5-5-tage-5-fotos-im-juni-01-2\/#primaryimage","url":"https:\/\/www.heldenhaushalt.de\/sari02\/wp-content\/uploads\/2017\/06\/23-05.jpg","contentUrl":"https:\/\/www.heldenhaushalt.de\/sari02\/wp-content\/uploads\/2017\/06\/23-05.jpg","width":800,"height":681,"caption":"#Freitags5"},{"@type":"BreadcrumbList","@id":"https:\/\/www.heldenhaushalt.de\/sari02\/index.php\/2017\/06\/09\/freitags5-5-tage-5-fotos-im-juni-01-2\/#breadcrumb","itemListElement":[{"@type":"ListItem","position":1,"name":"Startseite","item":"https:\/\/www.heldenhaushalt.de\/sari02\/"},{"@type":"ListItem","position":2,"name":"#Freitags5 \u2013 5 Tage 5 Fotos im Juni #02"}]},{"@type":"WebSite","@id":"https:\/\/www.heldenhaushalt.de\/sari02\/#website","url":"https:\/\/www.heldenhaushalt.de\/sari02\/","name":"Heldenhaushalt","description":"Wer es ordentlich haben will, der muss vorher anrufen","publisher":{"@id":"https:\/\/www.heldenhaushalt.de\/sari02\/#\/schema\/person\/a1cc69f42a01f412eb62c151353814f6"},"potentialAction":[{"@type":"SearchAction","target":{"@type":"EntryPoint","urlTemplate":"https:\/\/www.heldenhaushalt.de\/sari02\/?s={search_term_string}"},"query-input":{"@type":"PropertyValueSpecification","valueRequired":true,"valueName":"search_term_string"}}],"inLanguage":"de"},{"@type":["Person","Organization"],"@id":"https:\/\/www.heldenhaushalt.de\/sari02\/#\/schema\/person\/a1cc69f42a01f412eb62c151353814f6","name":"Sari","image":{"@type":"ImageObject","inLanguage":"de","@id":"https:\/\/www.heldenhaushalt.de\/sari02\/wp-content\/uploads\/2019\/02\/sari-april2018.png","url":"https:\/\/www.heldenhaushalt.de\/sari02\/wp-content\/uploads\/2019\/02\/sari-april2018.png","contentUrl":"https:\/\/www.heldenhaushalt.de\/sari02\/wp-content\/uploads\/2019\/02\/sari-april2018.png","width":500,"height":500,"caption":"Sari"},"logo":{"@id":"https:\/\/www.heldenhaushalt.de\/sari02\/wp-content\/uploads\/2019\/02\/sari-april2018.png"},"description":"Frau Mondgras \u2013 Das bin ich, Sari. Gerne auch als Sari Mondgras bekannt und im Internet zu finden. 2-Fach-Mutter, Heldenehefrau, Kreativling, Harmonies\u00fcchtig und st\u00e4ndig auf der Suche nach Gl\u00fcck. Ich komme aus Berlin, bin hier aufgewachsen und lebe hier seit ich denken kann.","sameAs":["https:\/\/www.instagram.com\/heldenhaushalt\/"],"url":"https:\/\/www.heldenhaushalt.de\/sari02\/index.php\/author\/admin\/"}]}},"views":4937,"_links":{"self":[{"href":"https:\/\/www.heldenhaushalt.de\/sari02\/index.php\/wp-json\/wp\/v2\/posts\/33105","targetHints":{"allow":["GET"]}}],"collection":[{"href":"https:\/\/www.heldenhaushalt.de\/sari02\/index.php\/wp-json\/wp\/v2\/posts"}],"about":[{"href":"https:\/\/www.heldenhaushalt.de\/sari02\/index.php\/wp-json\/wp\/v2\/types\/post"}],"author":[{"embeddable":true,"href":"https:\/\/www.heldenhaushalt.de\/sari02\/index.php\/wp-json\/wp\/v2\/users\/1"}],"replies":[{"embeddable":true,"href":"https:\/\/www.heldenhaushalt.de\/sari02\/index.php\/wp-json\/wp\/v2\/comments?post=33105"}],"version-history":[{"count":3,"href":"https:\/\/www.heldenhaushalt.de\/sari02\/index.php\/wp-json\/wp\/v2\/posts\/33105\/revisions"}],"predecessor-version":[{"id":33115,"href":"https:\/\/www.heldenhaushalt.de\/sari02\/index.php\/wp-json\/wp\/v2\/posts\/33105\/revisions\/33115"}],"wp:featuredmedia":[{"embeddable":true,"href":"https:\/\/www.heldenhaushalt.de\/sari02\/index.php\/wp-json\/wp\/v2\/media\/33111"}],"wp:attachment":[{"href":"https:\/\/www.heldenhaushalt.de\/sari02\/index.php\/wp-json\/wp\/v2\/media?parent=33105"}],"wp:term":[{"taxonomy":"category","embeddable":true,"href":"https:\/\/www.heldenhaushalt.de\/sari02\/index.php\/wp-json\/wp\/v2\/categories?post=33105"},{"taxonomy":"post_tag","embeddable":true,"href":"https:\/\/www.heldenhaushalt.de\/sari02\/index.php\/wp-json\/wp\/v2\/tags?post=33105"}],"curies":[{"name":"wp","href":"https:\/\/api.w.org\/{rel}","templated":true}]}}