{"id":33284,"date":"2017-06-30T09:30:20","date_gmt":"2017-06-30T07:30:20","guid":{"rendered":"http:\/\/www.heldenhaushalt.de\/sari02\/?p=33284"},"modified":"2017-06-30T18:17:08","modified_gmt":"2017-06-30T16:17:08","slug":"freitags5-5-tage-5-fotos-im-juni-05","status":"publish","type":"post","link":"https:\/\/www.heldenhaushalt.de\/sari02\/index.php\/2017\/06\/30\/freitags5-5-tage-5-fotos-im-juni-05\/","title":{"rendered":"#Freitags5 \u2013 5 Tage 5 Fotos im Juni #05"},"content":{"rendered":"<p>Drau&#223;en geht die Welt gerade unter und ich gr&#252;bel &#252;ber unseren #Freitags5. Was hat mich diese Woche am Meisten bewegt? Eigentlich die Tatsache, dass ich selber aktuell so wenig Bewegung bekomme und mich dadurch immer aufgequollener f&#252;hle. Kennt Ihr das? Zeit wieder etwas zu tun, also komm&#8217; bitte schnell wieder raus, liebe Sonne! Gestern Abend haben wir tats&#228;chlich mit den Nachbarn Eimer weise Wasser wegsch&#246;pfen m&#252;ssen&#8230;ist das zu glauben?<\/p>\n<p style=\"text-align: center;\">***<\/p>\n<h2>Meine #Freitags5 #Freitagslieblinge<\/h2>\n<p><img loading=\"lazy\" decoding=\"async\" class=\"aligncenter size-full wp-image-33293\" src=\"http:\/\/www.heldenhaushalt.de\/sari02\/wp-content\/uploads\/2017\/06\/26-04.jpg\" alt=\"#Freitags5\" width=\"800\" height=\"800\" srcset=\"https:\/\/www.heldenhaushalt.de\/sari02\/wp-content\/uploads\/2017\/06\/26-04.jpg 800w, https:\/\/www.heldenhaushalt.de\/sari02\/wp-content\/uploads\/2017\/06\/26-04-150x150.jpg 150w, https:\/\/www.heldenhaushalt.de\/sari02\/wp-content\/uploads\/2017\/06\/26-04-300x300.jpg 300w, https:\/\/www.heldenhaushalt.de\/sari02\/wp-content\/uploads\/2017\/06\/26-04-768x768.jpg 768w, https:\/\/www.heldenhaushalt.de\/sari02\/wp-content\/uploads\/2017\/06\/26-04-600x600.jpg 600w, https:\/\/www.heldenhaushalt.de\/sari02\/wp-content\/uploads\/2017\/06\/26-04-660x660.jpg 660w, https:\/\/www.heldenhaushalt.de\/sari02\/wp-content\/uploads\/2017\/06\/26-04-373x373.jpg 373w\" sizes=\"auto, (max-width: 800px) 100vw, 800px\" \/><\/p>\n<p><strong>Meine Lieblingslekt&#252;re der Woche \u2013<\/strong> Als ich Dienstag auf dem Sportplatz sa&#223; und dem Gro&#223;en bei seinem Spiel zusah, da habe ich mir auch endlich mal ein wenig die Zeit genommen in das Buch &#8220;Das Karma, meine Familie und ich&#8221; aus dem Beltz Verlag. Das wartet schon so lange darauf, dass ich es endlich mal beginne und ich bin auch total neugierig. Ich hoffe, ich finde nun &#246;fters Zeit daf&#252;r&#8230;<strong><br \/>\n<\/strong><\/p>\n<p style=\"text-align: center;\">***<\/p>\n<p><img loading=\"lazy\" decoding=\"async\" class=\"aligncenter size-full wp-image-33289\" src=\"http:\/\/www.heldenhaushalt.de\/sari02\/wp-content\/uploads\/2017\/06\/26-01.jpg\" alt=\"#Freitags5\" width=\"800\" height=\"800\" srcset=\"https:\/\/www.heldenhaushalt.de\/sari02\/wp-content\/uploads\/2017\/06\/26-01.jpg 800w, https:\/\/www.heldenhaushalt.de\/sari02\/wp-content\/uploads\/2017\/06\/26-01-150x150.jpg 150w, https:\/\/www.heldenhaushalt.de\/sari02\/wp-content\/uploads\/2017\/06\/26-01-300x300.jpg 300w, https:\/\/www.heldenhaushalt.de\/sari02\/wp-content\/uploads\/2017\/06\/26-01-768x768.jpg 768w, https:\/\/www.heldenhaushalt.de\/sari02\/wp-content\/uploads\/2017\/06\/26-01-600x600.jpg 600w, https:\/\/www.heldenhaushalt.de\/sari02\/wp-content\/uploads\/2017\/06\/26-01-660x660.jpg 660w, https:\/\/www.heldenhaushalt.de\/sari02\/wp-content\/uploads\/2017\/06\/26-01-373x373.jpg 373w\" sizes=\"auto, (max-width: 800px) 100vw, 800px\" \/><\/p>\n<p><strong>Mein Lieblingsessen der Woche \u2013 <\/strong>Es gab diese Woche Mais. Keiner in der Heldenfamilie isst Maiskolben. Ausser ich. Und da der Held am Montag sich einen speziellen Fisch braten wollte, den ich wiederrum nicht so mag, habe ich die Gelegenheit direkt mal genutzt. Gepaart mit <a href=\"http:\/\/www.heldenhaushalt.de\/sari02\/index.php\/2017\/06\/27\/kraeuterbutter-ganz-schnell\/\">unserer leckeren Kr&#228;uterbutter <\/a>perfekt!<strong><br \/>\n<\/strong><\/p>\n<p style=\"text-align: center;\">***<\/p>\n<p><img loading=\"lazy\" decoding=\"async\" class=\"aligncenter size-full wp-image-33290\" src=\"http:\/\/www.heldenhaushalt.de\/sari02\/wp-content\/uploads\/2017\/06\/26-02.jpg\" alt=\"#Freitags5\" width=\"800\" height=\"800\" srcset=\"https:\/\/www.heldenhaushalt.de\/sari02\/wp-content\/uploads\/2017\/06\/26-02.jpg 800w, https:\/\/www.heldenhaushalt.de\/sari02\/wp-content\/uploads\/2017\/06\/26-02-150x150.jpg 150w, https:\/\/www.heldenhaushalt.de\/sari02\/wp-content\/uploads\/2017\/06\/26-02-300x300.jpg 300w, https:\/\/www.heldenhaushalt.de\/sari02\/wp-content\/uploads\/2017\/06\/26-02-768x768.jpg 768w, https:\/\/www.heldenhaushalt.de\/sari02\/wp-content\/uploads\/2017\/06\/26-02-600x600.jpg 600w, https:\/\/www.heldenhaushalt.de\/sari02\/wp-content\/uploads\/2017\/06\/26-02-660x660.jpg 660w, https:\/\/www.heldenhaushalt.de\/sari02\/wp-content\/uploads\/2017\/06\/26-02-373x373.jpg 373w\" sizes=\"auto, (max-width: 800px) 100vw, 800px\" \/><\/p>\n<p><strong>Mein Lieblingsmoment mit meinen Kindern<\/strong> \u2013 Das Heldenkind hat tats&#228;chlich drei Tage lang den Mittagsschlaf ausgelassen und war fit wie ein Turnschuh. Erst dann sackte es einen Nachmittag vollkommen m&#252;de von einer Sekunde zur anderen ein und schlummerte f&#252;r 30 Minuten tief und fest. Daf&#252;r schlief es die drei N&#228;chte durch und auch recht lange (7.30 Uhr). Ob es nun langsam vorbei ist mit dem Mittagsschlaf. Irgendwie bin ich noch nicht bereit daf&#252;r. Beim Gro&#223;en kam ich 2 1\/2 Jahre in den Genuss dieser 2 Stunden Ich &#8211; Zeit jeden Tag&#8230;. Aber er wirkt neben seinem gro&#223;en Bruder inzwischen auch gar nicht mehr so klein. Es ist extrem, wie die beiden sich in den letzten Wochen ver&#228;ndert haben.<\/p>\n<p style=\"text-align: center;\">***<\/p>\n<p><img loading=\"lazy\" decoding=\"async\" class=\"aligncenter size-full wp-image-33291\" src=\"http:\/\/www.heldenhaushalt.de\/sari02\/wp-content\/uploads\/2017\/06\/26-03.jpg\" alt=\"#Freitags5\" width=\"800\" height=\"800\" srcset=\"https:\/\/www.heldenhaushalt.de\/sari02\/wp-content\/uploads\/2017\/06\/26-03.jpg 800w, https:\/\/www.heldenhaushalt.de\/sari02\/wp-content\/uploads\/2017\/06\/26-03-150x150.jpg 150w, https:\/\/www.heldenhaushalt.de\/sari02\/wp-content\/uploads\/2017\/06\/26-03-300x300.jpg 300w, https:\/\/www.heldenhaushalt.de\/sari02\/wp-content\/uploads\/2017\/06\/26-03-768x768.jpg 768w, https:\/\/www.heldenhaushalt.de\/sari02\/wp-content\/uploads\/2017\/06\/26-03-600x600.jpg 600w, https:\/\/www.heldenhaushalt.de\/sari02\/wp-content\/uploads\/2017\/06\/26-03-660x660.jpg 660w, https:\/\/www.heldenhaushalt.de\/sari02\/wp-content\/uploads\/2017\/06\/26-03-373x373.jpg 373w\" sizes=\"auto, (max-width: 800px) 100vw, 800px\" \/><\/p>\n<p><strong>Mein Lieblings-Mama-Moment nur f&#252;r mich<\/strong>&nbsp; \u2013 Sommershopping. Klingt bl&#246;d, tut dem Ego aber durchaus gut. Ich habe, wie bereits oben erw&#228;hnt, das Gef&#252;hl auseinander zu quellen. Da hilft es nat&#252;rlich ungemein, dass die alte Kleidergr&#246;&#223;e dennoch passt! Nun gilt es endlich auch Zeit f&#252;r gezielte Bewegung zu finden. Am Mittwoch habe ich dann tats&#228;chlich ein Mittagsschl&#228;fchen gemacht *drop*. Das ist mir schon ewig nicht mehr passiert. Gefreut habe ich mich schon die ganze Woche auf den Film Okja,&nbsp; der mich in vielerlei Hinsicht besch&#228;ftigt hat.<\/p>\n<p style=\"text-align: center;\">***<\/p>\n<p><img loading=\"lazy\" decoding=\"async\" class=\"aligncenter size-full wp-image-33294\" src=\"http:\/\/www.heldenhaushalt.de\/sari02\/wp-content\/uploads\/2017\/06\/26-05.jpg\" alt=\"#Freitags5\" width=\"800\" height=\"550\" srcset=\"https:\/\/www.heldenhaushalt.de\/sari02\/wp-content\/uploads\/2017\/06\/26-05.jpg 800w, https:\/\/www.heldenhaushalt.de\/sari02\/wp-content\/uploads\/2017\/06\/26-05-300x206.jpg 300w, https:\/\/www.heldenhaushalt.de\/sari02\/wp-content\/uploads\/2017\/06\/26-05-768x528.jpg 768w, https:\/\/www.heldenhaushalt.de\/sari02\/wp-content\/uploads\/2017\/06\/26-05-600x413.jpg 600w\" sizes=\"auto, (max-width: 800px) 100vw, 800px\" \/><\/p>\n<p><strong>Meine Lieblings-Inspiration der Woche \u2013<\/strong> Nach wie vor bin ich im Garten fleissig. Ich versuche dem Chaos immer noch Herr zu werden und alles optisch in einen sch&#246;nen Zustand zu bringen. Sogar Rasen habe ich wieder gem&#228;ht. Langsam werde ich echt zum Profi&nbsp; In der Blogsph&#228;re spannend fand ich diese Woche folgendes: <a href=\"http:\/\/familieundstadt.de\/druckvorlage-buchstaben-lernen-mit-kindern\/\" target=\"_blank\" rel=\"noopener\">Durckvorlage Buchstaben<\/a> &#8211; <a href=\"http:\/\/ichundduunddu.de\/abc-poster-printable-auch-personalisierbar-freebie\/?utm_source=bloglovin.com&amp;utm_medium=feed&amp;utm_campaign=Feed%3A+ichundduunddu%2FsPTe+%28Ich+und+Du.+Und+Du.%29\" target=\"_blank\" rel=\"noopener\">ABC Poster<\/a> <strong><br \/>\n<\/strong><\/p>\n<p style=\"text-align: center;\">***<\/p>\n<p>Leider soll das Wochenende ja auch nicht unbedingt sonniger werden, aber immerhin haben wir uns ein paar sch&#246;ne Sachen &#252;berlegt. So ganz ohne Fu&#223;ball. Ehrlich! Mehr bildhafte #Freitags5 R&#252;ckblicke gibt es auch heute wieder bei <a href=\"http:\/\/berlinmittemom.com\/2017\/06\/30\/dankbarkeit-wertschaetzung-ehefueralle-5-freitagslieblinge-am-30-juni-2017\/\" target=\"_blank\" rel=\"noopener noreferrer\">BerlinMitteMom<\/a>.<\/p>\n<p><img loading=\"lazy\" decoding=\"async\" class=\" size-full wp-image-24841 alignright\" src=\"https:\/\/www.heldenhaushalt.de\/sari02\/wp-content\/uploads\/2015\/01\/sari-unter.jpg?resize=130%2C59\" alt=\"sari-unter\" data-attachment-id=\"24841\" data-permalink=\"http:\/\/www.heldenhaushalt.de\/sari02\/index.php\/2015\/01\/03\/sich-neu-erfinden\/sari-unter\/\" data-orig-file=\"http:\/\/www.heldenhaushalt.de\/sari02\/wp-content\/uploads\/2015\/01\/sari-unter.jpg\" data-orig-size=\"130,59\" data-comments-opened=\"1\" data-image-meta=\"{&quot;aperture&quot;:&quot;0&quot;,&quot;credit&quot;:&quot;&quot;,&quot;camera&quot;:&quot;&quot;,&quot;caption&quot;:&quot;&quot;,&quot;created_timestamp&quot;:&quot;0&quot;,&quot;copyright&quot;:&quot;&quot;,&quot;focal_length&quot;:&quot;0&quot;,&quot;iso&quot;:&quot;0&quot;,&quot;shutter_speed&quot;:&quot;0&quot;,&quot;title&quot;:&quot;&quot;,&quot;orientation&quot;:&quot;0&quot;}\" data-image-title=\"sari-unter\" data-image-description=\"\" data-medium-file=\"http:\/\/www.heldenhaushalt.de\/sari02\/wp-content\/uploads\/2015\/01\/sari-unter.jpg\" data-large-file=\"http:\/\/www.heldenhaushalt.de\/sari02\/wp-content\/uploads\/2015\/01\/sari-unter.jpg\" width=\"130\" height=\"59\"><\/p>\n","protected":false},"excerpt":{"rendered":"<p>Drau&#223;en geht die Welt gerade unter und ich gr&#252;bel &#252;ber unseren #Freitags5. Was hat mich diese Woche am Meisten bewegt? Eigentlich die Tatsache, dass ich selber aktuell so wenig Bewegung bekomme und mich dadurch immer aufgequollener f&#252;hle. Kennt Ihr das? Zeit wieder etwas zu tun, also komm&#8217; bitte schnell wieder raus, liebe Sonne! Gestern Abend haben wir tats&#228;chlich mit den Nachbarn Eimer weise Wasser wegsch&#246;pfen m&#252;ssen&#8230;ist das zu glauben? *** Meine #Freitags5 #Freitagslieblinge Meine Lieblingslekt&#252;re der Woche \u2013 Als ich Dienstag auf dem Sportplatz sa&#223; und dem Gro&#223;en bei seinem Spiel zusah, da habe ich mir auch endlich mal ein wenig die Zeit genommen in das Buch &#8220;Das Karma, meine Familie und ich&#8221; aus dem Beltz Verlag. Das wartet schon so lange darauf, dass ich es endlich mal beginne und ich bin auch total neugierig. Ich hoffe, ich finde nun &#246;fters Zeit daf&#252;r&#8230; *** Mein Lieblingsessen der Woche \u2013 Es gab diese Woche Mais. Keiner in der Heldenfamilie isst Maiskolben. Ausser ich. Und da der Held am Montag sich einen speziellen Fisch braten wollte, den ich wiederrum nicht so mag, habe ich die Gelegenheit direkt mal genutzt. Gepaart mit unserer leckeren Kr&#228;uterbutter perfekt! *** Mein Lieblingsmoment mit meinen Kindern \u2013 Das Heldenkind hat tats&#228;chlich drei Tage lang den Mittagsschlaf ausgelassen und war fit wie ein Turnschuh. Erst dann sackte es einen Nachmittag vollkommen m&#252;de von einer Sekunde zur anderen ein und schlummerte f&#252;r 30 Minuten tief und fest. Daf&#252;r schlief es die drei N&#228;chte durch und auch recht lange (7.30 Uhr). Ob es nun langsam vorbei ist mit dem Mittagsschlaf. Irgendwie bin ich noch nicht bereit daf&#252;r. Beim Gro&#223;en kam ich 2 1\/2 Jahre in den Genuss dieser 2 Stunden Ich &#8211; Zeit jeden Tag&#8230;. Aber er wirkt neben seinem gro&#223;en Bruder inzwischen auch gar nicht mehr so klein. Es ist extrem, wie die beiden sich in den letzten Wochen ver&#228;ndert haben. *** Mein Lieblings-Mama-Moment nur f&#252;r mich&nbsp; \u2013 Sommershopping. Klingt bl&#246;d, tut dem Ego aber durchaus gut. Ich habe, wie bereits oben erw&#228;hnt, das Gef&#252;hl auseinander zu quellen. Da hilft es nat&#252;rlich ungemein, dass die alte Kleidergr&#246;&#223;e dennoch passt! Nun gilt es endlich auch Zeit f&#252;r gezielte Bewegung zu finden. Am Mittwoch habe ich dann tats&#228;chlich ein Mittagsschl&#228;fchen gemacht *drop*. Das ist mir schon ewig nicht mehr passiert. Gefreut habe ich mich schon die ganze Woche auf den Film Okja,&nbsp; der mich in vielerlei Hinsicht besch&#228;ftigt hat. *** Meine Lieblings-Inspiration der Woche \u2013 Nach wie vor bin ich im Garten fleissig. Ich versuche dem Chaos immer noch Herr zu werden und alles optisch in einen sch&#246;nen Zustand zu bringen. Sogar Rasen habe ich wieder gem&#228;ht. Langsam werde ich echt zum Profi&nbsp; In der Blogsph&#228;re spannend fand ich diese Woche folgendes: Durckvorlage Buchstaben &#8211; ABC Poster *** Leider soll das Wochenende ja auch nicht unbedingt sonniger werden, aber immerhin haben wir uns ein paar sch&#246;ne Sachen &#252;berlegt. So ganz ohne Fu&#223;ball. Ehrlich! Mehr bildhafte #Freitags5 R&#252;ckblicke gibt es auch heute wieder bei BerlinMitteMom.<\/p>\n","protected":false},"author":1,"featured_media":33290,"comment_status":"open","ping_status":"open","sticky":false,"template":"","format":"standard","meta":{"ngg_post_thumbnail":0,"footnotes":""},"categories":[323,49],"tags":[780,781,69,1152,129,1443,1145,1316,872],"class_list":["post-33284","post","type-post","status-publish","format-standard","has-post-thumbnail","hentry","category-alltag","category-blogspaehre","tag-freitags5","tag-freitagslieblinge","tag-familie","tag-garten","tag-geburtstag","tag-pool","tag-sonne","tag-wetter","tag-woche"],"yoast_head":"<!-- This site is optimized with the Yoast SEO plugin v27.5 - https:\/\/yoast.com\/product\/yoast-seo-wordpress\/ -->\n<title>#Freitags5 \u2013 5 Tage 5 Fotos im Juni #05 - Heldenhaushalt<\/title>\n<meta name=\"description\" content=\"Drau\u00dfen geht die Welt gerade unter und ich gr\u00fcbel \u00fcber unseren #Freitags5. Was hat mich diese Woche am Meisten bewegt?\" \/>\n<meta name=\"robots\" content=\"index, follow, max-snippet:-1, max-image-preview:large, max-video-preview:-1\" \/>\n<link rel=\"canonical\" href=\"https:\/\/www.heldenhaushalt.de\/sari02\/index.php\/2017\/06\/30\/freitags5-5-tage-5-fotos-im-juni-05\/\" \/>\n<meta property=\"og:locale\" content=\"de_DE\" \/>\n<meta property=\"og:type\" content=\"article\" \/>\n<meta property=\"og:title\" content=\"#Freitags5 \u2013 5 Tage 5 Fotos im Juni #05 - Heldenhaushalt\" \/>\n<meta property=\"og:description\" content=\"Drau\u00dfen geht die Welt gerade unter und ich gr\u00fcbel \u00fcber unseren #Freitags5. Was hat mich diese Woche am Meisten bewegt?\" \/>\n<meta property=\"og:url\" content=\"https:\/\/www.heldenhaushalt.de\/sari02\/index.php\/2017\/06\/30\/freitags5-5-tage-5-fotos-im-juni-05\/\" \/>\n<meta property=\"og:site_name\" content=\"Heldenhaushalt\" \/>\n<meta property=\"article:published_time\" content=\"2017-06-30T07:30:20+00:00\" \/>\n<meta property=\"article:modified_time\" content=\"2017-06-30T16:17:08+00:00\" \/>\n<meta property=\"og:image\" content=\"https:\/\/www.heldenhaushalt.de\/sari02\/wp-content\/uploads\/2017\/06\/26-02.jpg\" \/>\n\t<meta property=\"og:image:width\" content=\"800\" \/>\n\t<meta property=\"og:image:height\" content=\"800\" \/>\n\t<meta property=\"og:image:type\" content=\"image\/jpeg\" \/>\n<meta name=\"author\" content=\"Sari\" \/>\n<meta name=\"twitter:card\" content=\"summary_large_image\" \/>\n<meta name=\"twitter:creator\" content=\"@Heldenhaushalt\" \/>\n<meta name=\"twitter:site\" content=\"@Heldenhaushalt\" \/>\n<meta name=\"twitter:label1\" content=\"Verfasst von\" \/>\n\t<meta name=\"twitter:data1\" content=\"Sari\" \/>\n\t<meta name=\"twitter:label2\" content=\"Gesch\u00e4tzte Lesezeit\" \/>\n\t<meta name=\"twitter:data2\" content=\"3\u00a0Minuten\" \/>\n<script type=\"application\/ld+json\" class=\"yoast-schema-graph\">{\"@context\":\"https:\\\/\\\/schema.org\",\"@graph\":[{\"@type\":\"Article\",\"@id\":\"https:\\\/\\\/www.heldenhaushalt.de\\\/sari02\\\/index.php\\\/2017\\\/06\\\/30\\\/freitags5-5-tage-5-fotos-im-juni-05\\\/#article\",\"isPartOf\":{\"@id\":\"https:\\\/\\\/www.heldenhaushalt.de\\\/sari02\\\/index.php\\\/2017\\\/06\\\/30\\\/freitags5-5-tage-5-fotos-im-juni-05\\\/\"},\"author\":{\"name\":\"Sari\",\"@id\":\"https:\\\/\\\/www.heldenhaushalt.de\\\/sari02\\\/#\\\/schema\\\/person\\\/a1cc69f42a01f412eb62c151353814f6\"},\"headline\":\"#Freitags5 \u2013 5 Tage 5 Fotos im Juni #05\",\"datePublished\":\"2017-06-30T07:30:20+00:00\",\"dateModified\":\"2017-06-30T16:17:08+00:00\",\"mainEntityOfPage\":{\"@id\":\"https:\\\/\\\/www.heldenhaushalt.de\\\/sari02\\\/index.php\\\/2017\\\/06\\\/30\\\/freitags5-5-tage-5-fotos-im-juni-05\\\/\"},\"wordCount\":521,\"commentCount\":2,\"publisher\":{\"@id\":\"https:\\\/\\\/www.heldenhaushalt.de\\\/sari02\\\/#\\\/schema\\\/person\\\/a1cc69f42a01f412eb62c151353814f6\"},\"image\":{\"@id\":\"https:\\\/\\\/www.heldenhaushalt.de\\\/sari02\\\/index.php\\\/2017\\\/06\\\/30\\\/freitags5-5-tage-5-fotos-im-juni-05\\\/#primaryimage\"},\"thumbnailUrl\":\"https:\\\/\\\/www.heldenhaushalt.de\\\/sari02\\\/wp-content\\\/uploads\\\/2017\\\/06\\\/26-02.jpg\",\"keywords\":[\"#Freitags5\",\"#Freitagslieblinge\",\"Familie\",\"Garten\",\"Geburtstag\",\"Pool\",\"Sonne\",\"Wetter\",\"Woche\"],\"articleSection\":[\"Alltagschaos\",\"Blogsph\u00e4re\"],\"inLanguage\":\"de\",\"potentialAction\":[{\"@type\":\"CommentAction\",\"name\":\"Comment\",\"target\":[\"https:\\\/\\\/www.heldenhaushalt.de\\\/sari02\\\/index.php\\\/2017\\\/06\\\/30\\\/freitags5-5-tage-5-fotos-im-juni-05\\\/#respond\"]}]},{\"@type\":\"WebPage\",\"@id\":\"https:\\\/\\\/www.heldenhaushalt.de\\\/sari02\\\/index.php\\\/2017\\\/06\\\/30\\\/freitags5-5-tage-5-fotos-im-juni-05\\\/\",\"url\":\"https:\\\/\\\/www.heldenhaushalt.de\\\/sari02\\\/index.php\\\/2017\\\/06\\\/30\\\/freitags5-5-tage-5-fotos-im-juni-05\\\/\",\"name\":\"#Freitags5 \u2013 5 Tage 5 Fotos im Juni #05 - Heldenhaushalt\",\"isPartOf\":{\"@id\":\"https:\\\/\\\/www.heldenhaushalt.de\\\/sari02\\\/#website\"},\"primaryImageOfPage\":{\"@id\":\"https:\\\/\\\/www.heldenhaushalt.de\\\/sari02\\\/index.php\\\/2017\\\/06\\\/30\\\/freitags5-5-tage-5-fotos-im-juni-05\\\/#primaryimage\"},\"image\":{\"@id\":\"https:\\\/\\\/www.heldenhaushalt.de\\\/sari02\\\/index.php\\\/2017\\\/06\\\/30\\\/freitags5-5-tage-5-fotos-im-juni-05\\\/#primaryimage\"},\"thumbnailUrl\":\"https:\\\/\\\/www.heldenhaushalt.de\\\/sari02\\\/wp-content\\\/uploads\\\/2017\\\/06\\\/26-02.jpg\",\"datePublished\":\"2017-06-30T07:30:20+00:00\",\"dateModified\":\"2017-06-30T16:17:08+00:00\",\"description\":\"Drau\u00dfen geht die Welt gerade unter und ich gr\u00fcbel \u00fcber unseren #Freitags5. Was hat mich diese Woche am Meisten bewegt?\",\"breadcrumb\":{\"@id\":\"https:\\\/\\\/www.heldenhaushalt.de\\\/sari02\\\/index.php\\\/2017\\\/06\\\/30\\\/freitags5-5-tage-5-fotos-im-juni-05\\\/#breadcrumb\"},\"inLanguage\":\"de\",\"potentialAction\":[{\"@type\":\"ReadAction\",\"target\":[\"https:\\\/\\\/www.heldenhaushalt.de\\\/sari02\\\/index.php\\\/2017\\\/06\\\/30\\\/freitags5-5-tage-5-fotos-im-juni-05\\\/\"]}]},{\"@type\":\"ImageObject\",\"inLanguage\":\"de\",\"@id\":\"https:\\\/\\\/www.heldenhaushalt.de\\\/sari02\\\/index.php\\\/2017\\\/06\\\/30\\\/freitags5-5-tage-5-fotos-im-juni-05\\\/#primaryimage\",\"url\":\"https:\\\/\\\/www.heldenhaushalt.de\\\/sari02\\\/wp-content\\\/uploads\\\/2017\\\/06\\\/26-02.jpg\",\"contentUrl\":\"https:\\\/\\\/www.heldenhaushalt.de\\\/sari02\\\/wp-content\\\/uploads\\\/2017\\\/06\\\/26-02.jpg\",\"width\":800,\"height\":800,\"caption\":\"#Freitags5\"},{\"@type\":\"BreadcrumbList\",\"@id\":\"https:\\\/\\\/www.heldenhaushalt.de\\\/sari02\\\/index.php\\\/2017\\\/06\\\/30\\\/freitags5-5-tage-5-fotos-im-juni-05\\\/#breadcrumb\",\"itemListElement\":[{\"@type\":\"ListItem\",\"position\":1,\"name\":\"Startseite\",\"item\":\"https:\\\/\\\/www.heldenhaushalt.de\\\/sari02\\\/\"},{\"@type\":\"ListItem\",\"position\":2,\"name\":\"#Freitags5 \u2013 5 Tage 5 Fotos im Juni #05\"}]},{\"@type\":\"WebSite\",\"@id\":\"https:\\\/\\\/www.heldenhaushalt.de\\\/sari02\\\/#website\",\"url\":\"https:\\\/\\\/www.heldenhaushalt.de\\\/sari02\\\/\",\"name\":\"Heldenhaushalt\",\"description\":\"Wer es ordentlich haben will, der muss vorher anrufen\",\"publisher\":{\"@id\":\"https:\\\/\\\/www.heldenhaushalt.de\\\/sari02\\\/#\\\/schema\\\/person\\\/a1cc69f42a01f412eb62c151353814f6\"},\"potentialAction\":[{\"@type\":\"SearchAction\",\"target\":{\"@type\":\"EntryPoint\",\"urlTemplate\":\"https:\\\/\\\/www.heldenhaushalt.de\\\/sari02\\\/?s={search_term_string}\"},\"query-input\":{\"@type\":\"PropertyValueSpecification\",\"valueRequired\":true,\"valueName\":\"search_term_string\"}}],\"inLanguage\":\"de\"},{\"@type\":[\"Person\",\"Organization\"],\"@id\":\"https:\\\/\\\/www.heldenhaushalt.de\\\/sari02\\\/#\\\/schema\\\/person\\\/a1cc69f42a01f412eb62c151353814f6\",\"name\":\"Sari\",\"image\":{\"@type\":\"ImageObject\",\"inLanguage\":\"de\",\"@id\":\"https:\\\/\\\/www.heldenhaushalt.de\\\/sari02\\\/wp-content\\\/uploads\\\/2019\\\/02\\\/sari-april2018.png\",\"url\":\"https:\\\/\\\/www.heldenhaushalt.de\\\/sari02\\\/wp-content\\\/uploads\\\/2019\\\/02\\\/sari-april2018.png\",\"contentUrl\":\"https:\\\/\\\/www.heldenhaushalt.de\\\/sari02\\\/wp-content\\\/uploads\\\/2019\\\/02\\\/sari-april2018.png\",\"width\":500,\"height\":500,\"caption\":\"Sari\"},\"logo\":{\"@id\":\"https:\\\/\\\/www.heldenhaushalt.de\\\/sari02\\\/wp-content\\\/uploads\\\/2019\\\/02\\\/sari-april2018.png\"},\"description\":\"Frau Mondgras \u2013 Das bin ich, Sari. Gerne auch als Sari Mondgras bekannt und im Internet zu finden. 2-Fach-Mutter, Heldenehefrau, Kreativling, Harmonies\u00fcchtig und st\u00e4ndig auf der Suche nach Gl\u00fcck. Ich komme aus Berlin, bin hier aufgewachsen und lebe hier seit ich denken kann.\",\"sameAs\":[\"https:\\\/\\\/www.instagram.com\\\/heldenhaushalt\\\/\"],\"url\":\"https:\\\/\\\/www.heldenhaushalt.de\\\/sari02\\\/index.php\\\/author\\\/admin\\\/\"}]}<\/script>\n<!-- \/ Yoast SEO plugin. -->","yoast_head_json":{"title":"#Freitags5 \u2013 5 Tage 5 Fotos im Juni #05 - Heldenhaushalt","description":"Drau\u00dfen geht die Welt gerade unter und ich gr\u00fcbel \u00fcber unseren #Freitags5. Was hat mich diese Woche am Meisten bewegt?","robots":{"index":"index","follow":"follow","max-snippet":"max-snippet:-1","max-image-preview":"max-image-preview:large","max-video-preview":"max-video-preview:-1"},"canonical":"https:\/\/www.heldenhaushalt.de\/sari02\/index.php\/2017\/06\/30\/freitags5-5-tage-5-fotos-im-juni-05\/","og_locale":"de_DE","og_type":"article","og_title":"#Freitags5 \u2013 5 Tage 5 Fotos im Juni #05 - Heldenhaushalt","og_description":"Drau\u00dfen geht die Welt gerade unter und ich gr\u00fcbel \u00fcber unseren #Freitags5. Was hat mich diese Woche am Meisten bewegt?","og_url":"https:\/\/www.heldenhaushalt.de\/sari02\/index.php\/2017\/06\/30\/freitags5-5-tage-5-fotos-im-juni-05\/","og_site_name":"Heldenhaushalt","article_published_time":"2017-06-30T07:30:20+00:00","article_modified_time":"2017-06-30T16:17:08+00:00","og_image":[{"width":800,"height":800,"url":"https:\/\/www.heldenhaushalt.de\/sari02\/wp-content\/uploads\/2017\/06\/26-02.jpg","type":"image\/jpeg"}],"author":"Sari","twitter_card":"summary_large_image","twitter_creator":"@Heldenhaushalt","twitter_site":"@Heldenhaushalt","twitter_misc":{"Verfasst von":"Sari","Gesch\u00e4tzte Lesezeit":"3\u00a0Minuten"},"schema":{"@context":"https:\/\/schema.org","@graph":[{"@type":"Article","@id":"https:\/\/www.heldenhaushalt.de\/sari02\/index.php\/2017\/06\/30\/freitags5-5-tage-5-fotos-im-juni-05\/#article","isPartOf":{"@id":"https:\/\/www.heldenhaushalt.de\/sari02\/index.php\/2017\/06\/30\/freitags5-5-tage-5-fotos-im-juni-05\/"},"author":{"name":"Sari","@id":"https:\/\/www.heldenhaushalt.de\/sari02\/#\/schema\/person\/a1cc69f42a01f412eb62c151353814f6"},"headline":"#Freitags5 \u2013 5 Tage 5 Fotos im Juni #05","datePublished":"2017-06-30T07:30:20+00:00","dateModified":"2017-06-30T16:17:08+00:00","mainEntityOfPage":{"@id":"https:\/\/www.heldenhaushalt.de\/sari02\/index.php\/2017\/06\/30\/freitags5-5-tage-5-fotos-im-juni-05\/"},"wordCount":521,"commentCount":2,"publisher":{"@id":"https:\/\/www.heldenhaushalt.de\/sari02\/#\/schema\/person\/a1cc69f42a01f412eb62c151353814f6"},"image":{"@id":"https:\/\/www.heldenhaushalt.de\/sari02\/index.php\/2017\/06\/30\/freitags5-5-tage-5-fotos-im-juni-05\/#primaryimage"},"thumbnailUrl":"https:\/\/www.heldenhaushalt.de\/sari02\/wp-content\/uploads\/2017\/06\/26-02.jpg","keywords":["#Freitags5","#Freitagslieblinge","Familie","Garten","Geburtstag","Pool","Sonne","Wetter","Woche"],"articleSection":["Alltagschaos","Blogsph\u00e4re"],"inLanguage":"de","potentialAction":[{"@type":"CommentAction","name":"Comment","target":["https:\/\/www.heldenhaushalt.de\/sari02\/index.php\/2017\/06\/30\/freitags5-5-tage-5-fotos-im-juni-05\/#respond"]}]},{"@type":"WebPage","@id":"https:\/\/www.heldenhaushalt.de\/sari02\/index.php\/2017\/06\/30\/freitags5-5-tage-5-fotos-im-juni-05\/","url":"https:\/\/www.heldenhaushalt.de\/sari02\/index.php\/2017\/06\/30\/freitags5-5-tage-5-fotos-im-juni-05\/","name":"#Freitags5 \u2013 5 Tage 5 Fotos im Juni #05 - Heldenhaushalt","isPartOf":{"@id":"https:\/\/www.heldenhaushalt.de\/sari02\/#website"},"primaryImageOfPage":{"@id":"https:\/\/www.heldenhaushalt.de\/sari02\/index.php\/2017\/06\/30\/freitags5-5-tage-5-fotos-im-juni-05\/#primaryimage"},"image":{"@id":"https:\/\/www.heldenhaushalt.de\/sari02\/index.php\/2017\/06\/30\/freitags5-5-tage-5-fotos-im-juni-05\/#primaryimage"},"thumbnailUrl":"https:\/\/www.heldenhaushalt.de\/sari02\/wp-content\/uploads\/2017\/06\/26-02.jpg","datePublished":"2017-06-30T07:30:20+00:00","dateModified":"2017-06-30T16:17:08+00:00","description":"Drau\u00dfen geht die Welt gerade unter und ich gr\u00fcbel \u00fcber unseren #Freitags5. Was hat mich diese Woche am Meisten bewegt?","breadcrumb":{"@id":"https:\/\/www.heldenhaushalt.de\/sari02\/index.php\/2017\/06\/30\/freitags5-5-tage-5-fotos-im-juni-05\/#breadcrumb"},"inLanguage":"de","potentialAction":[{"@type":"ReadAction","target":["https:\/\/www.heldenhaushalt.de\/sari02\/index.php\/2017\/06\/30\/freitags5-5-tage-5-fotos-im-juni-05\/"]}]},{"@type":"ImageObject","inLanguage":"de","@id":"https:\/\/www.heldenhaushalt.de\/sari02\/index.php\/2017\/06\/30\/freitags5-5-tage-5-fotos-im-juni-05\/#primaryimage","url":"https:\/\/www.heldenhaushalt.de\/sari02\/wp-content\/uploads\/2017\/06\/26-02.jpg","contentUrl":"https:\/\/www.heldenhaushalt.de\/sari02\/wp-content\/uploads\/2017\/06\/26-02.jpg","width":800,"height":800,"caption":"#Freitags5"},{"@type":"BreadcrumbList","@id":"https:\/\/www.heldenhaushalt.de\/sari02\/index.php\/2017\/06\/30\/freitags5-5-tage-5-fotos-im-juni-05\/#breadcrumb","itemListElement":[{"@type":"ListItem","position":1,"name":"Startseite","item":"https:\/\/www.heldenhaushalt.de\/sari02\/"},{"@type":"ListItem","position":2,"name":"#Freitags5 \u2013 5 Tage 5 Fotos im Juni #05"}]},{"@type":"WebSite","@id":"https:\/\/www.heldenhaushalt.de\/sari02\/#website","url":"https:\/\/www.heldenhaushalt.de\/sari02\/","name":"Heldenhaushalt","description":"Wer es ordentlich haben will, der muss vorher anrufen","publisher":{"@id":"https:\/\/www.heldenhaushalt.de\/sari02\/#\/schema\/person\/a1cc69f42a01f412eb62c151353814f6"},"potentialAction":[{"@type":"SearchAction","target":{"@type":"EntryPoint","urlTemplate":"https:\/\/www.heldenhaushalt.de\/sari02\/?s={search_term_string}"},"query-input":{"@type":"PropertyValueSpecification","valueRequired":true,"valueName":"search_term_string"}}],"inLanguage":"de"},{"@type":["Person","Organization"],"@id":"https:\/\/www.heldenhaushalt.de\/sari02\/#\/schema\/person\/a1cc69f42a01f412eb62c151353814f6","name":"Sari","image":{"@type":"ImageObject","inLanguage":"de","@id":"https:\/\/www.heldenhaushalt.de\/sari02\/wp-content\/uploads\/2019\/02\/sari-april2018.png","url":"https:\/\/www.heldenhaushalt.de\/sari02\/wp-content\/uploads\/2019\/02\/sari-april2018.png","contentUrl":"https:\/\/www.heldenhaushalt.de\/sari02\/wp-content\/uploads\/2019\/02\/sari-april2018.png","width":500,"height":500,"caption":"Sari"},"logo":{"@id":"https:\/\/www.heldenhaushalt.de\/sari02\/wp-content\/uploads\/2019\/02\/sari-april2018.png"},"description":"Frau Mondgras \u2013 Das bin ich, Sari. Gerne auch als Sari Mondgras bekannt und im Internet zu finden. 2-Fach-Mutter, Heldenehefrau, Kreativling, Harmonies\u00fcchtig und st\u00e4ndig auf der Suche nach Gl\u00fcck. Ich komme aus Berlin, bin hier aufgewachsen und lebe hier seit ich denken kann.","sameAs":["https:\/\/www.instagram.com\/heldenhaushalt\/"],"url":"https:\/\/www.heldenhaushalt.de\/sari02\/index.php\/author\/admin\/"}]}},"views":3951,"_links":{"self":[{"href":"https:\/\/www.heldenhaushalt.de\/sari02\/index.php\/wp-json\/wp\/v2\/posts\/33284","targetHints":{"allow":["GET"]}}],"collection":[{"href":"https:\/\/www.heldenhaushalt.de\/sari02\/index.php\/wp-json\/wp\/v2\/posts"}],"about":[{"href":"https:\/\/www.heldenhaushalt.de\/sari02\/index.php\/wp-json\/wp\/v2\/types\/post"}],"author":[{"embeddable":true,"href":"https:\/\/www.heldenhaushalt.de\/sari02\/index.php\/wp-json\/wp\/v2\/users\/1"}],"replies":[{"embeddable":true,"href":"https:\/\/www.heldenhaushalt.de\/sari02\/index.php\/wp-json\/wp\/v2\/comments?post=33284"}],"version-history":[{"count":6,"href":"https:\/\/www.heldenhaushalt.de\/sari02\/index.php\/wp-json\/wp\/v2\/posts\/33284\/revisions"}],"predecessor-version":[{"id":33297,"href":"https:\/\/www.heldenhaushalt.de\/sari02\/index.php\/wp-json\/wp\/v2\/posts\/33284\/revisions\/33297"}],"wp:featuredmedia":[{"embeddable":true,"href":"https:\/\/www.heldenhaushalt.de\/sari02\/index.php\/wp-json\/wp\/v2\/media\/33290"}],"wp:attachment":[{"href":"https:\/\/www.heldenhaushalt.de\/sari02\/index.php\/wp-json\/wp\/v2\/media?parent=33284"}],"wp:term":[{"taxonomy":"category","embeddable":true,"href":"https:\/\/www.heldenhaushalt.de\/sari02\/index.php\/wp-json\/wp\/v2\/categories?post=33284"},{"taxonomy":"post_tag","embeddable":true,"href":"https:\/\/www.heldenhaushalt.de\/sari02\/index.php\/wp-json\/wp\/v2\/tags?post=33284"}],"curies":[{"name":"wp","href":"https:\/\/api.w.org\/{rel}","templated":true}]}}