{"id":33394,"date":"2017-07-22T12:23:52","date_gmt":"2017-07-22T10:23:52","guid":{"rendered":"http:\/\/www.heldenhaushalt.de\/sari02\/?p=33394"},"modified":"2017-07-22T13:10:01","modified_gmt":"2017-07-22T11:10:01","slug":"die-betreuungsfrage-blogparade","status":"publish","type":"post","link":"https:\/\/www.heldenhaushalt.de\/sari02\/index.php\/2017\/07\/22\/die-betreuungsfrage-blogparade\/","title":{"rendered":"Die Betreuungsfrage &#8211; Meine Gedanken zur #Blogparade"},"content":{"rendered":"<p><a href=\"http:\/\/zwergenkinderstuebchen.blogspot.de\/2017\/06\/kinderbetreuung-einladung-zur-blogparade.html\" target=\"_blank\" rel=\"noopener\">Sabrina hat erz&#228;hlt und nachgefragt<\/a>. Wie ist das bei uns mit der Kinderbetreuung. Sie selbst hatte sich nach einigem hin und her f&#252;r Tageseltern entschieden und diese Entscheidung bis heute nicht bereut.<\/p>\n<h2>F&#252;r mich war ziemlich schnell klar, wo ich den Gro&#223;en gerne sehen w&#252;rde!<\/h2>\n<p>Die Erfahrungen, die ich aus der eigenen Ausbildung und den damit verbundenen Praktika mit nach Hause genommen hatte, sorgten f&#252;r eine recht lange Liste an Dingen, die mir f&#252;r mein Kind wichtig waren.Viel frische Luft zum Beispiel. Kleine &#252;berschaubare Gruppen mit einem guten Betreuungsschl&#252;ssel, Raum zum Entfalten, Kontakt zur Natur und ausreichend Zeit, um auf die einzelnen Bed&#252;rfnisse der Kinder eingehen zu k&#246;nnen. Das ist in einer Zeit wie heute wirklich viel verlangt, aber es ist m&#246;glich.<\/p>\n<p>Nun hatten wir das gro&#223;e Gl&#252;ck, dass sich gleich drei recht gut erreichbare Kita in direkter Umgebung befanden, die ich auch immer gut zu Fu&#223; erreichen w&#252;rde. Nach und nach besuchten wir diese Einrichtungen und ziemlich schnell verliebte ich mich sofort in eine. Bei unserem Besichtigungstermin damals dort fand ich sogar heraus, dass es dort eine Krabbelgruppe gab, die ich ja dann fast drei Jahre mit dem Minihelden regelm&#228;&#223;ig besuchte.<\/p>\n<p>Eine Einrichtung zum Beispiel verlie&#223; ich ziemlich schnell wieder, da sie laut und un&#252;bersichtlich war. Ich suchte das Gespr&#228;ch mit den Erziehern gar nicht erst, die man &#252;brigens auch erstmal nirgends sah. Beim Verlassen der Kita entdeckte ich sie dann alle mit einem Kaffee in einem Raum sitzend. Das kann nat&#252;rlich vollkommen aus dem Kontext gerissen gewesen sein. Wer wei&#223;, warum sie dort waren, ob nicht doch irgendwo eine Erzieherin auf den Rest der Kinder aufpasste oder oder oder&#8230; aber f&#252;r uns spiegelte es genau das wieder, was unser erstes Gef&#252;hl beim Betreten des Hauses entsprach. No way&#8230;<\/p>\n<h2>Und dann kam alles doch anders als gedacht.<\/h2>\n<p>Es war eigentlich nie geplant, dass der Miniheld eher eine andere Einrichtung besuchen w&#252;rde. Aber wenn ich mit ihm spazieren oder auf dem Spielplatz war, trafen wir immer auf eine kleine Kindergruppe. Meist waren 2-3 Erwachsene dabei. Zwei davon scheinbar die Erzieher und eine&#8230;nun ja, heute wei&#223; ich, dass es immer wechselende Praktikanten waren. Im Schnitt also 15 Kinder auf drei Menschen,die f&#252;r sie da waren. Was f&#252;r ein Luxus.<\/p>\n<p>Auch sah ich sie oft drau&#223;en spazieren. Bei Regen. Die Kinder waren von oben bis unten in Regensachen eingepackt und h&#252;pften von Pf&#252;tze zu Pf&#252;tze. Man h&#246;rte das Lachen die ganze Stra&#223;e entlang.<\/p>\n<p>Ich erz&#228;hlte dem Mann davon und einige Tage sp&#228;ter fanden wir uns in der kleinen, aber liebevoll eingerichteten Einrichtung wieder zum Gespr&#228;ch. Die Pl&#228;tze seien begehrt. Wir wollten eigentlich erst einen f&#252;r das darauf kommende Jahr, aber wir sollten immer wieder mal vorbei kommen, nachfragen und uns in Erinnerung bringen. Und das tat ich. Inzwischen besuchte auch die Tochter einer Freundin die Einrichtung und hatte eigentlich nur Gutes zu berichten.<\/p>\n<h2>Kinderbetreuung ist f&#252;r das Kind wie eine zweite Familie<\/h2>\n<p>Das sehe ich so. Das Kind verbringt im Schnitt die H&#228;lfte des Tages in der Kita. Die andere H&#228;lfte zu Hause. Somit haben die Erzieher und das Umfeld in der Kita einen gigantisch gro&#223;en Einfluss auf mein Kind und wie es sich entwickelt. Daher bin ich sehr froh darum, dass ich etwas gefunden habe, das die meisten meiner oben erw&#228;hnten Bedingungen erf&#252;llt. &#220;berschaubar, kleine Gruppen, guter Stellenschl&#252;ssel, viel frische Luft und Bewegung und auf die Interessen meines Kindes wird immer versucht geb&#252;hrend einzugehen.<\/p>\n<p>Sicher gibt es auch hier Tage, wo nicht alles rund l&#228;uft, aber ich habe meine Entscheidung gegen die gro&#223;e Einrichtung und f&#252;r die kleine Kita nie bereut. Eltern und Erzieher stehen im st&#228;ndigen Kontakt und alles f&#252;hlt sich ein bisschen wie Familie an. Man kennt sich, man sieht sich regelm&#228;&#223;ig und die Kinder haben viel Spa&#223; zusammen.<\/p>\n<p>Diese Erfahrung hat mir damals gezeigt, dass es sich lohnt die F&#252;hler in alle Richtungen auszustrecken. Und nun bricht die letzte Woche in der Kita f&#252;r den gro&#223;en an. Da wird man schon irgendwie emotional. Aber ganz weg sind wir ja dann doch noch nicht. Nun dauert es nicht mehr lange und der Kleine bricht in dieses Abenteuer auf. Ich bin schon sehr gespannt, ob es ihm dort genauso gut gefallen wird, wie es beim Minihelden der Fall war. Ich bin recht optimistisch, da er schon jetzt immer direkt spielen geht, wenn wir den Gro&#223;en abholen und das Umfeld und die Erzieher in der Kita f&#252;r ihn &#252;berhaupt nicht fremd sind.<\/p>\n<p>Wie ist das bei Euch? Warum habt ihr Euch wof&#252;r entschieden?<\/p>\n<p><img loading=\"lazy\" decoding=\"async\" class=\" size-full wp-image-24841 alignright\" src=\"https:\/\/www.heldenhaushalt.de\/sari02\/wp-content\/uploads\/2015\/01\/sari-unter.jpg?resize=130%2C59\" alt=\"sari-unter\" data-attachment-id=\"24841\" data-permalink=\"http:\/\/www.heldenhaushalt.de\/sari02\/index.php\/2015\/01\/03\/sich-neu-erfinden\/sari-unter\/\" data-orig-file=\"http:\/\/www.heldenhaushalt.de\/sari02\/wp-content\/uploads\/2015\/01\/sari-unter.jpg\" data-orig-size=\"130,59\" data-comments-opened=\"1\" data-image-meta=\"{&quot;aperture&quot;:&quot;0&quot;,&quot;credit&quot;:&quot;&quot;,&quot;camera&quot;:&quot;&quot;,&quot;caption&quot;:&quot;&quot;,&quot;created_timestamp&quot;:&quot;0&quot;,&quot;copyright&quot;:&quot;&quot;,&quot;focal_length&quot;:&quot;0&quot;,&quot;iso&quot;:&quot;0&quot;,&quot;shutter_speed&quot;:&quot;0&quot;,&quot;title&quot;:&quot;&quot;,&quot;orientation&quot;:&quot;0&quot;}\" data-image-title=\"sari-unter\" data-image-description=\"\" data-medium-file=\"http:\/\/www.heldenhaushalt.de\/sari02\/wp-content\/uploads\/2015\/01\/sari-unter.jpg\" data-large-file=\"http:\/\/www.heldenhaushalt.de\/sari02\/wp-content\/uploads\/2015\/01\/sari-unter.jpg\" width=\"130\" height=\"59\"><\/p>\n","protected":false},"excerpt":{"rendered":"<p>Sabrina hat erz&#228;hlt und nachgefragt. Wie ist das bei uns mit der Kinderbetreuung. Sie selbst hatte sich nach einigem hin und her f&#252;r Tageseltern entschieden und diese Entscheidung bis heute nicht bereut. F&#252;r mich war ziemlich schnell klar, wo ich den Gro&#223;en gerne sehen w&#252;rde! Die Erfahrungen, die ich aus der eigenen Ausbildung und den damit verbundenen Praktika mit nach Hause genommen hatte, sorgten f&#252;r eine recht lange Liste an Dingen, die mir f&#252;r mein Kind wichtig waren.Viel frische Luft zum Beispiel. Kleine &#252;berschaubare Gruppen mit einem guten Betreuungsschl&#252;ssel, Raum zum Entfalten, Kontakt zur Natur und ausreichend Zeit, um auf die einzelnen Bed&#252;rfnisse der Kinder eingehen zu k&#246;nnen. Das ist in einer Zeit wie heute wirklich viel verlangt, aber es ist m&#246;glich. Nun hatten wir das gro&#223;e Gl&#252;ck, dass sich gleich drei recht gut erreichbare Kita in direkter Umgebung befanden, die ich auch immer gut zu Fu&#223; erreichen w&#252;rde. Nach und nach besuchten wir diese Einrichtungen und ziemlich schnell verliebte ich mich sofort in eine. Bei unserem Besichtigungstermin damals dort fand ich sogar heraus, dass es dort eine Krabbelgruppe gab, die ich ja dann fast drei Jahre mit dem Minihelden regelm&#228;&#223;ig besuchte. Eine Einrichtung zum Beispiel verlie&#223; ich ziemlich schnell wieder, da sie laut und un&#252;bersichtlich war. Ich suchte das Gespr&#228;ch mit den Erziehern gar nicht erst, die man &#252;brigens auch erstmal nirgends sah. Beim Verlassen der Kita entdeckte ich sie dann alle mit einem Kaffee in einem Raum sitzend. Das kann nat&#252;rlich vollkommen aus dem Kontext gerissen gewesen sein. Wer wei&#223;, warum sie dort waren, ob nicht doch irgendwo eine Erzieherin auf den Rest der Kinder aufpasste oder oder oder&#8230; aber f&#252;r uns spiegelte es genau das wieder, was unser erstes Gef&#252;hl beim Betreten des Hauses entsprach. No way&#8230; Und dann kam alles doch anders als gedacht. Es war eigentlich nie geplant, dass der Miniheld eher eine andere Einrichtung besuchen w&#252;rde. Aber wenn ich mit ihm spazieren oder auf dem Spielplatz war, trafen wir immer auf eine kleine Kindergruppe. Meist waren 2-3 Erwachsene dabei. Zwei davon scheinbar die Erzieher und eine&#8230;nun ja, heute wei&#223; ich, dass es immer wechselende Praktikanten waren. Im Schnitt also 15 Kinder auf drei Menschen,die f&#252;r sie da waren. Was f&#252;r ein Luxus. Auch sah ich sie oft drau&#223;en spazieren. Bei Regen. Die Kinder waren von oben bis unten in Regensachen eingepackt und h&#252;pften von Pf&#252;tze zu Pf&#252;tze. Man h&#246;rte das Lachen die ganze Stra&#223;e entlang. Ich erz&#228;hlte dem Mann davon und einige Tage sp&#228;ter fanden wir uns in der kleinen, aber liebevoll eingerichteten Einrichtung wieder zum Gespr&#228;ch. Die Pl&#228;tze seien begehrt. Wir wollten eigentlich erst einen f&#252;r das darauf kommende Jahr, aber wir sollten immer wieder mal vorbei kommen, nachfragen und uns in Erinnerung bringen. Und das tat ich. Inzwischen besuchte auch die Tochter einer Freundin die Einrichtung und hatte eigentlich nur Gutes zu berichten. Kinderbetreuung ist f&#252;r das Kind wie eine zweite Familie Das sehe ich so. Das Kind verbringt im Schnitt die H&#228;lfte des Tages in der Kita. Die andere H&#228;lfte zu Hause. Somit haben die Erzieher und das Umfeld in der Kita einen gigantisch gro&#223;en Einfluss auf mein Kind und wie es sich entwickelt. Daher bin ich sehr froh darum, dass ich etwas gefunden habe, das die meisten meiner oben erw&#228;hnten Bedingungen erf&#252;llt. &#220;berschaubar, kleine Gruppen, guter Stellenschl&#252;ssel, viel frische Luft und Bewegung und auf die Interessen meines Kindes wird immer versucht geb&#252;hrend einzugehen. Sicher gibt es auch hier Tage, wo nicht alles rund l&#228;uft, aber ich habe meine Entscheidung gegen die gro&#223;e Einrichtung und f&#252;r die kleine Kita nie bereut. Eltern und Erzieher stehen im st&#228;ndigen Kontakt und alles f&#252;hlt sich ein bisschen wie Familie an. Man kennt sich, man sieht sich regelm&#228;&#223;ig und die Kinder haben viel Spa&#223; zusammen. Diese Erfahrung hat mir damals gezeigt, dass es sich lohnt die F&#252;hler in alle Richtungen auszustrecken. Und nun bricht die letzte Woche in der Kita f&#252;r den gro&#223;en an. Da wird man schon irgendwie emotional. Aber ganz weg sind wir ja dann doch noch nicht. Nun dauert es nicht mehr lange und der Kleine bricht in dieses Abenteuer auf. Ich bin schon sehr gespannt, ob es ihm dort genauso gut gefallen wird, wie es beim Minihelden der Fall war. Ich bin recht optimistisch, da er schon jetzt immer direkt spielen geht, wenn wir den Gro&#223;en abholen und das Umfeld und die Erzieher in der Kita f&#252;r ihn &#252;berhaupt nicht fremd sind. Wie ist das bei Euch? Warum habt ihr Euch wof&#252;r entschieden?<\/p>\n","protected":false},"author":1,"featured_media":33460,"comment_status":"open","ping_status":"open","sticky":false,"template":"","format":"standard","meta":{"ngg_post_thumbnail":0,"footnotes":""},"categories":[49,321],"tags":[1501,249,81,1502,1084,1503],"class_list":["post-33394","post","type-post","status-publish","format-standard","has-post-thumbnail","hentry","category-blogspaehre","category-minimum","tag-betreuung","tag-blogparade","tag-kinder","tag-kinderbetreuung","tag-kindergarten","tag-kita"],"yoast_head":"<!-- This site is optimized with the Yoast SEO plugin v27.5 - https:\/\/yoast.com\/product\/yoast-seo-wordpress\/ -->\n<title>Die Betreuungsfrage - Meine Gedanken zur #Blogparade - Heldenhaushalt<\/title>\n<meta name=\"description\" content=\"Sabrina hat auf ihrem Blog erz\u00e4hlt und nachgefragt. Wie ist das bei uns mit der Kinderbetreuung unserer Helden.\" \/>\n<meta name=\"robots\" content=\"index, follow, max-snippet:-1, max-image-preview:large, max-video-preview:-1\" \/>\n<link rel=\"canonical\" href=\"https:\/\/www.heldenhaushalt.de\/sari02\/index.php\/2017\/07\/22\/die-betreuungsfrage-blogparade\/\" \/>\n<meta property=\"og:locale\" content=\"de_DE\" \/>\n<meta property=\"og:type\" content=\"article\" \/>\n<meta property=\"og:title\" content=\"Die Betreuungsfrage - Meine Gedanken zur #Blogparade - Heldenhaushalt\" \/>\n<meta property=\"og:description\" content=\"Sabrina hat auf ihrem Blog erz\u00e4hlt und nachgefragt. Wie ist das bei uns mit der Kinderbetreuung unserer Helden.\" \/>\n<meta property=\"og:url\" content=\"https:\/\/www.heldenhaushalt.de\/sari02\/index.php\/2017\/07\/22\/die-betreuungsfrage-blogparade\/\" \/>\n<meta property=\"og:site_name\" content=\"Heldenhaushalt\" \/>\n<meta property=\"article:published_time\" content=\"2017-07-22T10:23:52+00:00\" \/>\n<meta property=\"article:modified_time\" content=\"2017-07-22T11:10:01+00:00\" \/>\n<meta property=\"og:image\" content=\"https:\/\/www.heldenhaushalt.de\/sari02\/wp-content\/uploads\/2017\/07\/kitawehmut01.jpg\" \/>\n\t<meta property=\"og:image:width\" content=\"800\" \/>\n\t<meta property=\"og:image:height\" content=\"539\" \/>\n\t<meta property=\"og:image:type\" content=\"image\/jpeg\" \/>\n<meta name=\"author\" content=\"Sari\" \/>\n<meta name=\"twitter:card\" content=\"summary_large_image\" \/>\n<meta name=\"twitter:creator\" content=\"@Heldenhaushalt\" \/>\n<meta name=\"twitter:site\" content=\"@Heldenhaushalt\" \/>\n<meta name=\"twitter:label1\" content=\"Verfasst von\" \/>\n\t<meta name=\"twitter:data1\" content=\"Sari\" \/>\n\t<meta name=\"twitter:label2\" content=\"Gesch\u00e4tzte Lesezeit\" \/>\n\t<meta name=\"twitter:data2\" content=\"4\u00a0Minuten\" \/>\n<script type=\"application\/ld+json\" class=\"yoast-schema-graph\">{\"@context\":\"https:\\\/\\\/schema.org\",\"@graph\":[{\"@type\":\"Article\",\"@id\":\"https:\\\/\\\/www.heldenhaushalt.de\\\/sari02\\\/index.php\\\/2017\\\/07\\\/22\\\/die-betreuungsfrage-blogparade\\\/#article\",\"isPartOf\":{\"@id\":\"https:\\\/\\\/www.heldenhaushalt.de\\\/sari02\\\/index.php\\\/2017\\\/07\\\/22\\\/die-betreuungsfrage-blogparade\\\/\"},\"author\":{\"name\":\"Sari\",\"@id\":\"https:\\\/\\\/www.heldenhaushalt.de\\\/sari02\\\/#\\\/schema\\\/person\\\/a1cc69f42a01f412eb62c151353814f6\"},\"headline\":\"Die Betreuungsfrage &#8211; Meine Gedanken zur #Blogparade\",\"datePublished\":\"2017-07-22T10:23:52+00:00\",\"dateModified\":\"2017-07-22T11:10:01+00:00\",\"mainEntityOfPage\":{\"@id\":\"https:\\\/\\\/www.heldenhaushalt.de\\\/sari02\\\/index.php\\\/2017\\\/07\\\/22\\\/die-betreuungsfrage-blogparade\\\/\"},\"wordCount\":805,\"commentCount\":5,\"publisher\":{\"@id\":\"https:\\\/\\\/www.heldenhaushalt.de\\\/sari02\\\/#\\\/schema\\\/person\\\/a1cc69f42a01f412eb62c151353814f6\"},\"image\":{\"@id\":\"https:\\\/\\\/www.heldenhaushalt.de\\\/sari02\\\/index.php\\\/2017\\\/07\\\/22\\\/die-betreuungsfrage-blogparade\\\/#primaryimage\"},\"thumbnailUrl\":\"https:\\\/\\\/www.heldenhaushalt.de\\\/sari02\\\/wp-content\\\/uploads\\\/2017\\\/07\\\/kitawehmut01.jpg\",\"keywords\":[\"Betreuung\",\"Blogparade\",\"Kinder\",\"Kinderbetreuung\",\"Kindergarten\",\"Kita\"],\"articleSection\":[\"Blogsph\u00e4re\",\"Heldenkinder\"],\"inLanguage\":\"de\",\"potentialAction\":[{\"@type\":\"CommentAction\",\"name\":\"Comment\",\"target\":[\"https:\\\/\\\/www.heldenhaushalt.de\\\/sari02\\\/index.php\\\/2017\\\/07\\\/22\\\/die-betreuungsfrage-blogparade\\\/#respond\"]}]},{\"@type\":\"WebPage\",\"@id\":\"https:\\\/\\\/www.heldenhaushalt.de\\\/sari02\\\/index.php\\\/2017\\\/07\\\/22\\\/die-betreuungsfrage-blogparade\\\/\",\"url\":\"https:\\\/\\\/www.heldenhaushalt.de\\\/sari02\\\/index.php\\\/2017\\\/07\\\/22\\\/die-betreuungsfrage-blogparade\\\/\",\"name\":\"Die Betreuungsfrage - Meine Gedanken zur #Blogparade - Heldenhaushalt\",\"isPartOf\":{\"@id\":\"https:\\\/\\\/www.heldenhaushalt.de\\\/sari02\\\/#website\"},\"primaryImageOfPage\":{\"@id\":\"https:\\\/\\\/www.heldenhaushalt.de\\\/sari02\\\/index.php\\\/2017\\\/07\\\/22\\\/die-betreuungsfrage-blogparade\\\/#primaryimage\"},\"image\":{\"@id\":\"https:\\\/\\\/www.heldenhaushalt.de\\\/sari02\\\/index.php\\\/2017\\\/07\\\/22\\\/die-betreuungsfrage-blogparade\\\/#primaryimage\"},\"thumbnailUrl\":\"https:\\\/\\\/www.heldenhaushalt.de\\\/sari02\\\/wp-content\\\/uploads\\\/2017\\\/07\\\/kitawehmut01.jpg\",\"datePublished\":\"2017-07-22T10:23:52+00:00\",\"dateModified\":\"2017-07-22T11:10:01+00:00\",\"description\":\"Sabrina hat auf ihrem Blog erz\u00e4hlt und nachgefragt. Wie ist das bei uns mit der Kinderbetreuung unserer Helden.\",\"breadcrumb\":{\"@id\":\"https:\\\/\\\/www.heldenhaushalt.de\\\/sari02\\\/index.php\\\/2017\\\/07\\\/22\\\/die-betreuungsfrage-blogparade\\\/#breadcrumb\"},\"inLanguage\":\"de\",\"potentialAction\":[{\"@type\":\"ReadAction\",\"target\":[\"https:\\\/\\\/www.heldenhaushalt.de\\\/sari02\\\/index.php\\\/2017\\\/07\\\/22\\\/die-betreuungsfrage-blogparade\\\/\"]}]},{\"@type\":\"ImageObject\",\"inLanguage\":\"de\",\"@id\":\"https:\\\/\\\/www.heldenhaushalt.de\\\/sari02\\\/index.php\\\/2017\\\/07\\\/22\\\/die-betreuungsfrage-blogparade\\\/#primaryimage\",\"url\":\"https:\\\/\\\/www.heldenhaushalt.de\\\/sari02\\\/wp-content\\\/uploads\\\/2017\\\/07\\\/kitawehmut01.jpg\",\"contentUrl\":\"https:\\\/\\\/www.heldenhaushalt.de\\\/sari02\\\/wp-content\\\/uploads\\\/2017\\\/07\\\/kitawehmut01.jpg\",\"width\":800,\"height\":539,\"caption\":\"Kinderbetreuung\"},{\"@type\":\"BreadcrumbList\",\"@id\":\"https:\\\/\\\/www.heldenhaushalt.de\\\/sari02\\\/index.php\\\/2017\\\/07\\\/22\\\/die-betreuungsfrage-blogparade\\\/#breadcrumb\",\"itemListElement\":[{\"@type\":\"ListItem\",\"position\":1,\"name\":\"Startseite\",\"item\":\"https:\\\/\\\/www.heldenhaushalt.de\\\/sari02\\\/\"},{\"@type\":\"ListItem\",\"position\":2,\"name\":\"Die Betreuungsfrage &#8211; Meine Gedanken zur #Blogparade\"}]},{\"@type\":\"WebSite\",\"@id\":\"https:\\\/\\\/www.heldenhaushalt.de\\\/sari02\\\/#website\",\"url\":\"https:\\\/\\\/www.heldenhaushalt.de\\\/sari02\\\/\",\"name\":\"Heldenhaushalt\",\"description\":\"Wer es ordentlich haben will, der muss vorher anrufen\",\"publisher\":{\"@id\":\"https:\\\/\\\/www.heldenhaushalt.de\\\/sari02\\\/#\\\/schema\\\/person\\\/a1cc69f42a01f412eb62c151353814f6\"},\"potentialAction\":[{\"@type\":\"SearchAction\",\"target\":{\"@type\":\"EntryPoint\",\"urlTemplate\":\"https:\\\/\\\/www.heldenhaushalt.de\\\/sari02\\\/?s={search_term_string}\"},\"query-input\":{\"@type\":\"PropertyValueSpecification\",\"valueRequired\":true,\"valueName\":\"search_term_string\"}}],\"inLanguage\":\"de\"},{\"@type\":[\"Person\",\"Organization\"],\"@id\":\"https:\\\/\\\/www.heldenhaushalt.de\\\/sari02\\\/#\\\/schema\\\/person\\\/a1cc69f42a01f412eb62c151353814f6\",\"name\":\"Sari\",\"image\":{\"@type\":\"ImageObject\",\"inLanguage\":\"de\",\"@id\":\"https:\\\/\\\/www.heldenhaushalt.de\\\/sari02\\\/wp-content\\\/uploads\\\/2019\\\/02\\\/sari-april2018.png\",\"url\":\"https:\\\/\\\/www.heldenhaushalt.de\\\/sari02\\\/wp-content\\\/uploads\\\/2019\\\/02\\\/sari-april2018.png\",\"contentUrl\":\"https:\\\/\\\/www.heldenhaushalt.de\\\/sari02\\\/wp-content\\\/uploads\\\/2019\\\/02\\\/sari-april2018.png\",\"width\":500,\"height\":500,\"caption\":\"Sari\"},\"logo\":{\"@id\":\"https:\\\/\\\/www.heldenhaushalt.de\\\/sari02\\\/wp-content\\\/uploads\\\/2019\\\/02\\\/sari-april2018.png\"},\"description\":\"Frau Mondgras \u2013 Das bin ich, Sari. Gerne auch als Sari Mondgras bekannt und im Internet zu finden. 2-Fach-Mutter, Heldenehefrau, Kreativling, Harmonies\u00fcchtig und st\u00e4ndig auf der Suche nach Gl\u00fcck. Ich komme aus Berlin, bin hier aufgewachsen und lebe hier seit ich denken kann.\",\"sameAs\":[\"https:\\\/\\\/www.instagram.com\\\/heldenhaushalt\\\/\"],\"url\":\"https:\\\/\\\/www.heldenhaushalt.de\\\/sari02\\\/index.php\\\/author\\\/admin\\\/\"}]}<\/script>\n<!-- \/ Yoast SEO plugin. -->","yoast_head_json":{"title":"Die Betreuungsfrage - Meine Gedanken zur #Blogparade - Heldenhaushalt","description":"Sabrina hat auf ihrem Blog erz\u00e4hlt und nachgefragt. Wie ist das bei uns mit der Kinderbetreuung unserer Helden.","robots":{"index":"index","follow":"follow","max-snippet":"max-snippet:-1","max-image-preview":"max-image-preview:large","max-video-preview":"max-video-preview:-1"},"canonical":"https:\/\/www.heldenhaushalt.de\/sari02\/index.php\/2017\/07\/22\/die-betreuungsfrage-blogparade\/","og_locale":"de_DE","og_type":"article","og_title":"Die Betreuungsfrage - Meine Gedanken zur #Blogparade - Heldenhaushalt","og_description":"Sabrina hat auf ihrem Blog erz\u00e4hlt und nachgefragt. Wie ist das bei uns mit der Kinderbetreuung unserer Helden.","og_url":"https:\/\/www.heldenhaushalt.de\/sari02\/index.php\/2017\/07\/22\/die-betreuungsfrage-blogparade\/","og_site_name":"Heldenhaushalt","article_published_time":"2017-07-22T10:23:52+00:00","article_modified_time":"2017-07-22T11:10:01+00:00","og_image":[{"width":800,"height":539,"url":"https:\/\/www.heldenhaushalt.de\/sari02\/wp-content\/uploads\/2017\/07\/kitawehmut01.jpg","type":"image\/jpeg"}],"author":"Sari","twitter_card":"summary_large_image","twitter_creator":"@Heldenhaushalt","twitter_site":"@Heldenhaushalt","twitter_misc":{"Verfasst von":"Sari","Gesch\u00e4tzte Lesezeit":"4\u00a0Minuten"},"schema":{"@context":"https:\/\/schema.org","@graph":[{"@type":"Article","@id":"https:\/\/www.heldenhaushalt.de\/sari02\/index.php\/2017\/07\/22\/die-betreuungsfrage-blogparade\/#article","isPartOf":{"@id":"https:\/\/www.heldenhaushalt.de\/sari02\/index.php\/2017\/07\/22\/die-betreuungsfrage-blogparade\/"},"author":{"name":"Sari","@id":"https:\/\/www.heldenhaushalt.de\/sari02\/#\/schema\/person\/a1cc69f42a01f412eb62c151353814f6"},"headline":"Die Betreuungsfrage &#8211; Meine Gedanken zur #Blogparade","datePublished":"2017-07-22T10:23:52+00:00","dateModified":"2017-07-22T11:10:01+00:00","mainEntityOfPage":{"@id":"https:\/\/www.heldenhaushalt.de\/sari02\/index.php\/2017\/07\/22\/die-betreuungsfrage-blogparade\/"},"wordCount":805,"commentCount":5,"publisher":{"@id":"https:\/\/www.heldenhaushalt.de\/sari02\/#\/schema\/person\/a1cc69f42a01f412eb62c151353814f6"},"image":{"@id":"https:\/\/www.heldenhaushalt.de\/sari02\/index.php\/2017\/07\/22\/die-betreuungsfrage-blogparade\/#primaryimage"},"thumbnailUrl":"https:\/\/www.heldenhaushalt.de\/sari02\/wp-content\/uploads\/2017\/07\/kitawehmut01.jpg","keywords":["Betreuung","Blogparade","Kinder","Kinderbetreuung","Kindergarten","Kita"],"articleSection":["Blogsph\u00e4re","Heldenkinder"],"inLanguage":"de","potentialAction":[{"@type":"CommentAction","name":"Comment","target":["https:\/\/www.heldenhaushalt.de\/sari02\/index.php\/2017\/07\/22\/die-betreuungsfrage-blogparade\/#respond"]}]},{"@type":"WebPage","@id":"https:\/\/www.heldenhaushalt.de\/sari02\/index.php\/2017\/07\/22\/die-betreuungsfrage-blogparade\/","url":"https:\/\/www.heldenhaushalt.de\/sari02\/index.php\/2017\/07\/22\/die-betreuungsfrage-blogparade\/","name":"Die Betreuungsfrage - Meine Gedanken zur #Blogparade - Heldenhaushalt","isPartOf":{"@id":"https:\/\/www.heldenhaushalt.de\/sari02\/#website"},"primaryImageOfPage":{"@id":"https:\/\/www.heldenhaushalt.de\/sari02\/index.php\/2017\/07\/22\/die-betreuungsfrage-blogparade\/#primaryimage"},"image":{"@id":"https:\/\/www.heldenhaushalt.de\/sari02\/index.php\/2017\/07\/22\/die-betreuungsfrage-blogparade\/#primaryimage"},"thumbnailUrl":"https:\/\/www.heldenhaushalt.de\/sari02\/wp-content\/uploads\/2017\/07\/kitawehmut01.jpg","datePublished":"2017-07-22T10:23:52+00:00","dateModified":"2017-07-22T11:10:01+00:00","description":"Sabrina hat auf ihrem Blog erz\u00e4hlt und nachgefragt. Wie ist das bei uns mit der Kinderbetreuung unserer Helden.","breadcrumb":{"@id":"https:\/\/www.heldenhaushalt.de\/sari02\/index.php\/2017\/07\/22\/die-betreuungsfrage-blogparade\/#breadcrumb"},"inLanguage":"de","potentialAction":[{"@type":"ReadAction","target":["https:\/\/www.heldenhaushalt.de\/sari02\/index.php\/2017\/07\/22\/die-betreuungsfrage-blogparade\/"]}]},{"@type":"ImageObject","inLanguage":"de","@id":"https:\/\/www.heldenhaushalt.de\/sari02\/index.php\/2017\/07\/22\/die-betreuungsfrage-blogparade\/#primaryimage","url":"https:\/\/www.heldenhaushalt.de\/sari02\/wp-content\/uploads\/2017\/07\/kitawehmut01.jpg","contentUrl":"https:\/\/www.heldenhaushalt.de\/sari02\/wp-content\/uploads\/2017\/07\/kitawehmut01.jpg","width":800,"height":539,"caption":"Kinderbetreuung"},{"@type":"BreadcrumbList","@id":"https:\/\/www.heldenhaushalt.de\/sari02\/index.php\/2017\/07\/22\/die-betreuungsfrage-blogparade\/#breadcrumb","itemListElement":[{"@type":"ListItem","position":1,"name":"Startseite","item":"https:\/\/www.heldenhaushalt.de\/sari02\/"},{"@type":"ListItem","position":2,"name":"Die Betreuungsfrage &#8211; Meine Gedanken zur #Blogparade"}]},{"@type":"WebSite","@id":"https:\/\/www.heldenhaushalt.de\/sari02\/#website","url":"https:\/\/www.heldenhaushalt.de\/sari02\/","name":"Heldenhaushalt","description":"Wer es ordentlich haben will, der muss vorher anrufen","publisher":{"@id":"https:\/\/www.heldenhaushalt.de\/sari02\/#\/schema\/person\/a1cc69f42a01f412eb62c151353814f6"},"potentialAction":[{"@type":"SearchAction","target":{"@type":"EntryPoint","urlTemplate":"https:\/\/www.heldenhaushalt.de\/sari02\/?s={search_term_string}"},"query-input":{"@type":"PropertyValueSpecification","valueRequired":true,"valueName":"search_term_string"}}],"inLanguage":"de"},{"@type":["Person","Organization"],"@id":"https:\/\/www.heldenhaushalt.de\/sari02\/#\/schema\/person\/a1cc69f42a01f412eb62c151353814f6","name":"Sari","image":{"@type":"ImageObject","inLanguage":"de","@id":"https:\/\/www.heldenhaushalt.de\/sari02\/wp-content\/uploads\/2019\/02\/sari-april2018.png","url":"https:\/\/www.heldenhaushalt.de\/sari02\/wp-content\/uploads\/2019\/02\/sari-april2018.png","contentUrl":"https:\/\/www.heldenhaushalt.de\/sari02\/wp-content\/uploads\/2019\/02\/sari-april2018.png","width":500,"height":500,"caption":"Sari"},"logo":{"@id":"https:\/\/www.heldenhaushalt.de\/sari02\/wp-content\/uploads\/2019\/02\/sari-april2018.png"},"description":"Frau Mondgras \u2013 Das bin ich, Sari. Gerne auch als Sari Mondgras bekannt und im Internet zu finden. 2-Fach-Mutter, Heldenehefrau, Kreativling, Harmonies\u00fcchtig und st\u00e4ndig auf der Suche nach Gl\u00fcck. Ich komme aus Berlin, bin hier aufgewachsen und lebe hier seit ich denken kann.","sameAs":["https:\/\/www.instagram.com\/heldenhaushalt\/"],"url":"https:\/\/www.heldenhaushalt.de\/sari02\/index.php\/author\/admin\/"}]}},"views":5794,"_links":{"self":[{"href":"https:\/\/www.heldenhaushalt.de\/sari02\/index.php\/wp-json\/wp\/v2\/posts\/33394","targetHints":{"allow":["GET"]}}],"collection":[{"href":"https:\/\/www.heldenhaushalt.de\/sari02\/index.php\/wp-json\/wp\/v2\/posts"}],"about":[{"href":"https:\/\/www.heldenhaushalt.de\/sari02\/index.php\/wp-json\/wp\/v2\/types\/post"}],"author":[{"embeddable":true,"href":"https:\/\/www.heldenhaushalt.de\/sari02\/index.php\/wp-json\/wp\/v2\/users\/1"}],"replies":[{"embeddable":true,"href":"https:\/\/www.heldenhaushalt.de\/sari02\/index.php\/wp-json\/wp\/v2\/comments?post=33394"}],"version-history":[{"count":2,"href":"https:\/\/www.heldenhaushalt.de\/sari02\/index.php\/wp-json\/wp\/v2\/posts\/33394\/revisions"}],"predecessor-version":[{"id":33474,"href":"https:\/\/www.heldenhaushalt.de\/sari02\/index.php\/wp-json\/wp\/v2\/posts\/33394\/revisions\/33474"}],"wp:featuredmedia":[{"embeddable":true,"href":"https:\/\/www.heldenhaushalt.de\/sari02\/index.php\/wp-json\/wp\/v2\/media\/33460"}],"wp:attachment":[{"href":"https:\/\/www.heldenhaushalt.de\/sari02\/index.php\/wp-json\/wp\/v2\/media?parent=33394"}],"wp:term":[{"taxonomy":"category","embeddable":true,"href":"https:\/\/www.heldenhaushalt.de\/sari02\/index.php\/wp-json\/wp\/v2\/categories?post=33394"},{"taxonomy":"post_tag","embeddable":true,"href":"https:\/\/www.heldenhaushalt.de\/sari02\/index.php\/wp-json\/wp\/v2\/tags?post=33394"}],"curies":[{"name":"wp","href":"https:\/\/api.w.org\/{rel}","templated":true}]}}