{"id":33573,"date":"2017-08-04T09:00:59","date_gmt":"2017-08-04T07:00:59","guid":{"rendered":"http:\/\/www.heldenhaushalt.de\/sari02\/?p=33573"},"modified":"2017-08-05T04:59:26","modified_gmt":"2017-08-05T02:59:26","slug":"freitags5-5-tage-5-fotos-im-august-01","status":"publish","type":"post","link":"https:\/\/www.heldenhaushalt.de\/sari02\/index.php\/2017\/08\/04\/freitags5-5-tage-5-fotos-im-august-01\/","title":{"rendered":"#Freitags5 \u2013 5 Tage 5 Fotos im August #01"},"content":{"rendered":"<p>Unsere #Freitags5 in dieser Woche bringen den lang ersehnten Hauch von Sommer mit sich. Einige der Tage waren wirklich sch&#246;n und wurden von uns entsprechend auch so effektiv wie m&#246;glich genutzt. Zum Ende der Woche hin wurde es dann zwar wieder tr&#252;ber, aber zumindest nicht kalt.<\/p>\n<p style=\"text-align: center;\">***<\/p>\n<h2>Meine #Freitags5 #Freitagslieblinge<\/h2>\n<p><img loading=\"lazy\" decoding=\"async\" class=\"aligncenter size-full wp-image-33574\" src=\"http:\/\/www.heldenhaushalt.de\/sari02\/wp-content\/uploads\/2017\/08\/31-01.jpg\" alt=\"#Freitags5\" width=\"800\" height=\"800\" srcset=\"https:\/\/www.heldenhaushalt.de\/sari02\/wp-content\/uploads\/2017\/08\/31-01.jpg 800w, https:\/\/www.heldenhaushalt.de\/sari02\/wp-content\/uploads\/2017\/08\/31-01-150x150.jpg 150w, https:\/\/www.heldenhaushalt.de\/sari02\/wp-content\/uploads\/2017\/08\/31-01-300x300.jpg 300w, https:\/\/www.heldenhaushalt.de\/sari02\/wp-content\/uploads\/2017\/08\/31-01-768x768.jpg 768w, https:\/\/www.heldenhaushalt.de\/sari02\/wp-content\/uploads\/2017\/08\/31-01-600x600.jpg 600w, https:\/\/www.heldenhaushalt.de\/sari02\/wp-content\/uploads\/2017\/08\/31-01-660x660.jpg 660w, https:\/\/www.heldenhaushalt.de\/sari02\/wp-content\/uploads\/2017\/08\/31-01-373x373.jpg 373w\" sizes=\"auto, (max-width: 800px) 100vw, 800px\" \/><\/p>\n<p><strong>Meine Lieblingslekt&#252;re der Woche \u2013<\/strong>&nbsp;Nach einer Odyssee von &#196;mtern, unbeantworteten Fragen und Menschen, die selber nicht so recht wussten, was denn nun stimmt, haben wir diese Woche den Familienpass f&#252;r uns besorgt. Da es doch ein paar Dinge gibt, die ich mit den Jungs gerne machen w&#252;rde, kann es nicht schaden hier und da ein paar Taler zu sparen.<strong><br \/>\n<\/strong><\/p>\n<p style=\"text-align: center;\">***<\/p>\n<p><img loading=\"lazy\" decoding=\"async\" class=\"aligncenter size-full wp-image-33575\" src=\"http:\/\/www.heldenhaushalt.de\/sari02\/wp-content\/uploads\/2017\/08\/31-02.jpg\" alt=\"#Freitags5\" width=\"800\" height=\"800\" srcset=\"https:\/\/www.heldenhaushalt.de\/sari02\/wp-content\/uploads\/2017\/08\/31-02.jpg 800w, https:\/\/www.heldenhaushalt.de\/sari02\/wp-content\/uploads\/2017\/08\/31-02-150x150.jpg 150w, https:\/\/www.heldenhaushalt.de\/sari02\/wp-content\/uploads\/2017\/08\/31-02-300x300.jpg 300w, https:\/\/www.heldenhaushalt.de\/sari02\/wp-content\/uploads\/2017\/08\/31-02-768x768.jpg 768w, https:\/\/www.heldenhaushalt.de\/sari02\/wp-content\/uploads\/2017\/08\/31-02-600x600.jpg 600w, https:\/\/www.heldenhaushalt.de\/sari02\/wp-content\/uploads\/2017\/08\/31-02-660x660.jpg 660w, https:\/\/www.heldenhaushalt.de\/sari02\/wp-content\/uploads\/2017\/08\/31-02-373x373.jpg 373w\" sizes=\"auto, (max-width: 800px) 100vw, 800px\" \/><\/p>\n<p><strong>Mein Lieblingsessen der Woche \u2013<\/strong>&nbsp;Wenn beide Kinder zu Hause und das Wetter sch&#246;n ist, dann mache ich auch gerne einfach mal Eierkuchen. Die kann man irgendwie immer essen und alles passt gut dazu. Selten gelingt mir einer so gut. Unser absolutes Lieblingsrezept daf&#252;r sind &#252;brigens die <a href=\"http:\/\/www.heldenhaushalt.de\/sari02\/index.php\/2016\/04\/30\/heldenkueche-easy-peasy-pancakes\/\">Easy Peasy Pancakes.<\/a> Die gehen schnell und gelingen immer.<strong><br \/>\n<\/strong><\/p>\n<p style=\"text-align: center;\">***<\/p>\n<p><img loading=\"lazy\" decoding=\"async\" class=\"aligncenter size-full wp-image-33576\" src=\"http:\/\/www.heldenhaushalt.de\/sari02\/wp-content\/uploads\/2017\/08\/31-03.jpg\" alt=\"#Freitags5\" width=\"800\" height=\"800\" srcset=\"https:\/\/www.heldenhaushalt.de\/sari02\/wp-content\/uploads\/2017\/08\/31-03.jpg 800w, https:\/\/www.heldenhaushalt.de\/sari02\/wp-content\/uploads\/2017\/08\/31-03-150x150.jpg 150w, https:\/\/www.heldenhaushalt.de\/sari02\/wp-content\/uploads\/2017\/08\/31-03-300x300.jpg 300w, https:\/\/www.heldenhaushalt.de\/sari02\/wp-content\/uploads\/2017\/08\/31-03-768x768.jpg 768w, https:\/\/www.heldenhaushalt.de\/sari02\/wp-content\/uploads\/2017\/08\/31-03-600x600.jpg 600w, https:\/\/www.heldenhaushalt.de\/sari02\/wp-content\/uploads\/2017\/08\/31-03-660x660.jpg 660w, https:\/\/www.heldenhaushalt.de\/sari02\/wp-content\/uploads\/2017\/08\/31-03-373x373.jpg 373w\" sizes=\"auto, (max-width: 800px) 100vw, 800px\" \/><\/p>\n<p><strong>Mein Lieblingsmoment mit meinen Kindern<\/strong>&nbsp;\u2013 Wir &#252;ben derzeit immer noch mit dem Kleinen nach M&#246;glichkeit ohne Wagen unterwegs zu sein und so langsam aber sicher klappt es immer besser. Vor allem an den Stra&#223;en nimmt er jetzt sogar seinen gro&#223;en Bruder gerne an die Hand und l&#228;sst sich sicher (*nell, nell, nell* = schnell, schnell, schnell) r&#252;ber bringen. Ich hoffe, es dauert nicht mehr lange und wir k&#246;nnen uns entg&#252;ltig vom Kinderwagen trennen. Aber es war auch sch&#246;n mit den Kindern einfach mal wieder die Umgebung zu erkunden, Enten zu f&#252;ttern und durch die Natur zu wandern. Daf&#252;r hatten wir einfach viel zu wenig Zeit in den letzten Wochen.<\/p>\n<p style=\"text-align: center;\">***<\/p>\n<p><img loading=\"lazy\" decoding=\"async\" class=\"aligncenter size-full wp-image-33577\" src=\"http:\/\/www.heldenhaushalt.de\/sari02\/wp-content\/uploads\/2017\/08\/31-04.jpg\" alt=\"#Freitags5\" width=\"800\" height=\"800\" srcset=\"https:\/\/www.heldenhaushalt.de\/sari02\/wp-content\/uploads\/2017\/08\/31-04.jpg 800w, https:\/\/www.heldenhaushalt.de\/sari02\/wp-content\/uploads\/2017\/08\/31-04-150x150.jpg 150w, https:\/\/www.heldenhaushalt.de\/sari02\/wp-content\/uploads\/2017\/08\/31-04-300x300.jpg 300w, https:\/\/www.heldenhaushalt.de\/sari02\/wp-content\/uploads\/2017\/08\/31-04-768x768.jpg 768w, https:\/\/www.heldenhaushalt.de\/sari02\/wp-content\/uploads\/2017\/08\/31-04-600x600.jpg 600w, https:\/\/www.heldenhaushalt.de\/sari02\/wp-content\/uploads\/2017\/08\/31-04-660x660.jpg 660w, https:\/\/www.heldenhaushalt.de\/sari02\/wp-content\/uploads\/2017\/08\/31-04-373x373.jpg 373w\" sizes=\"auto, (max-width: 800px) 100vw, 800px\" \/><\/p>\n<p><strong>Mein Lieblings-Mama-Moment nur f&#252;r mich<\/strong>&nbsp; \u2013 Finde den Ausgang. Den Notausgang. F&#252;r mich war die Woche abwechslungsreich. In so mancher Hinsicht. Man vergisst, wie entspannend es ist morgens einfach mal liegen zu bleiben. Sofern die Kinder einen lassen. Kein Wecker im Nacken, kein Stress am Morgen und vor allem kein hin und her&#8230; Der Gro&#223;e hat sich sogar mal verabredet und war teilweise auch mal einen ganzen Tag nicht zu Hause, so dass der Kleine mehr Aufmerksamkeit genossen hat und weniger aufm&#252;pfig dadurch war. Andererseits f&#228;llt einem aber auch nach kurzer Zeit die Decke auf den Kopf, wenn man es eigentlich anders gewohnt ist.<\/p>\n<p style=\"text-align: center;\">***<\/p>\n<p><img loading=\"lazy\" decoding=\"async\" class=\"aligncenter size-full wp-image-33580\" src=\"http:\/\/www.heldenhaushalt.de\/sari02\/wp-content\/uploads\/2017\/08\/31-05.jpg\" alt=\"#Freitags5\" width=\"800\" height=\"557\" srcset=\"https:\/\/www.heldenhaushalt.de\/sari02\/wp-content\/uploads\/2017\/08\/31-05.jpg 800w, https:\/\/www.heldenhaushalt.de\/sari02\/wp-content\/uploads\/2017\/08\/31-05-300x209.jpg 300w, https:\/\/www.heldenhaushalt.de\/sari02\/wp-content\/uploads\/2017\/08\/31-05-768x535.jpg 768w, https:\/\/www.heldenhaushalt.de\/sari02\/wp-content\/uploads\/2017\/08\/31-05-600x418.jpg 600w\" sizes=\"auto, (max-width: 800px) 100vw, 800px\" \/><\/p>\n<p><strong>Meine Lieblings-Inspiration der Woche \u2013<\/strong>&nbsp;Das Problem f&#252;r mich liegt immer noch in der Schult&#252;ten &#8211; Frage. Ich wei&#223; einfach nicht was ich machen soll. Es f&#228;ngt ja schon beim Rohling an. Welchen k&#246;nnt Ihr empfehlen? Meine Empfehlungen in der Blogsph&#228;re diese Woche: <a href=\"http:\/\/familieundstadt.de\/unsere-lieblings-strassenmalkreide-spiele\/\" target=\"_blank\" rel=\"noopener\">&nbsp;Stra&#223;enmalkreide<\/a> &#8211; <a href=\"http:\/\/funkelfaden.de\/index.php\/upcycling-kraeuterbeet-aus-palette-bauen\/\" target=\"_blank\" rel=\"noopener\">Kr&#228;uterbeet aus Palette<\/a> &#8211; <a href=\"http:\/\/www.kunecoco.de\/2017\/08\/freebie-to-do-list.html?utm_source=bloglovin.com&amp;utm_medium=feed&amp;utm_campaign=Feed%3A+Kunecoco+%28Kunecoco%29\" target=\"_blank\" rel=\"noopener\">To-Do-List <\/a>&#8211; <a href=\"http:\/\/www.papieraugen.de\/2017\/08\/kalenderblatt-august-2017-freebie.html\" target=\"_blank\" rel=\"noopener\">Kalenderblatt August <\/a>&#8211; <a href=\"http:\/\/leelahloves.de\/2017\/08\/diy-outdoor-wimpel-aus-wachstuch\/\" target=\"_blank\" rel=\"noopener\">Wimpel aus Wachstuch<\/a> &#8211; <a href=\"http:\/\/familieundstadt.de\/wasserfarben-pustebilder-mit-druckvorlage\/\" target=\"_blank\" rel=\"noopener\">Pustebilder mit Druckvorlage<\/a> &#8211; <a href=\"http:\/\/sodapop-design.de\/2017\/07\/free-wallpaper-august-4\/\" target=\"_blank\" rel=\"noopener\">Wallpaper August <\/a>&#8211; <a href=\"https:\/\/cuchikind.blogspot.de\/2017\/08\/nahen-mit-kindern-kuschelwolke.html\" target=\"_blank\" rel=\"noopener\">Kuschelwolke n&#228;hen <\/a>&#8211; <a href=\"http:\/\/www.kunecoco.de\/2017\/07\/diy-schweine-notizbuch.html?utm_source=bloglovin.com&amp;utm_medium=feed&amp;utm_campaign=Feed%3A+Kunecoco+%28Kunecoco%29\" target=\"_blank\" rel=\"noopener\">Schweine Notizbuch<\/a><strong><br \/>\n<\/strong><\/p>\n<p style=\"text-align: center;\">***<\/p>\n<p>Am Wochenende wollen wir gerne den Rewe Family Day besuchen. Mal sehen, ob das Wetter mitspielt und was die Tage sonst noch so f&#252;r uns bereit halten werden. Mehr bildhafte #Freitags5 R&#252;ckblicke gibt es auch heute wieder bei&nbsp;<a href=\"http:\/\/berlinmittemom.com\/2017\/08\/04\/abschied-vom-darss-5-freitagslieblinge-am-04-august-2017\/\" target=\"_blank\" rel=\"noopener noreferrer\">BerlinMitteMom<\/a>.<\/p>\n<p><img loading=\"lazy\" decoding=\"async\" class=\" size-full wp-image-24841 alignright\" src=\"https:\/\/www.heldenhaushalt.de\/sari02\/wp-content\/uploads\/2015\/01\/sari-unter.jpg?zoom=1.5&amp;resize=130%2C59\" srcset=\"https:\/\/www.heldenhaushalt.de\/sari02\/wp-content\/uploads\/2015\/01\/sari-unter.jpg?zoom=1.5&amp;resize=130%2C59\" alt=\"sari-unter\" width=\"130\" height=\"59\" data-attachment-id=\"24841\" data-permalink=\"http:\/\/www.heldenhaushalt.de\/sari02\/index.php\/2015\/01\/03\/sich-neu-erfinden\/sari-unter\/\" data-orig-file=\"http:\/\/www.heldenhaushalt.de\/sari02\/wp-content\/uploads\/2015\/01\/sari-unter.jpg\" data-orig-size=\"130,59\" data-comments-opened=\"1\" data-image-meta=\"{&quot;aperture&quot;:&quot;0&quot;,&quot;credit&quot;:&quot;&quot;,&quot;camera&quot;:&quot;&quot;,&quot;caption&quot;:&quot;&quot;,&quot;created_timestamp&quot;:&quot;0&quot;,&quot;copyright&quot;:&quot;&quot;,&quot;focal_length&quot;:&quot;0&quot;,&quot;iso&quot;:&quot;0&quot;,&quot;shutter_speed&quot;:&quot;0&quot;,&quot;title&quot;:&quot;&quot;,&quot;orientation&quot;:&quot;0&quot;}\" data-image-title=\"sari-unter\" data-image-description=\"\" data-medium-file=\"http:\/\/www.heldenhaushalt.de\/sari02\/wp-content\/uploads\/2015\/01\/sari-unter.jpg\" data-large-file=\"http:\/\/www.heldenhaushalt.de\/sari02\/wp-content\/uploads\/2015\/01\/sari-unter.jpg\" data-pin-nopin=\"true\"><\/p>\n","protected":false},"excerpt":{"rendered":"<p>Unsere #Freitags5 in dieser Woche bringen den lang ersehnten Hauch von Sommer mit sich. Einige der Tage waren wirklich sch&#246;n und wurden von uns entsprechend auch so effektiv wie m&#246;glich genutzt. Zum Ende der Woche hin wurde es dann zwar wieder tr&#252;ber, aber zumindest nicht kalt. *** Meine #Freitags5 #Freitagslieblinge Meine Lieblingslekt&#252;re der Woche \u2013&nbsp;Nach einer Odyssee von &#196;mtern, unbeantworteten Fragen und Menschen, die selber nicht so recht wussten, was denn nun stimmt, haben wir diese Woche den Familienpass f&#252;r uns besorgt. Da es doch ein paar Dinge gibt, die ich mit den Jungs gerne machen w&#252;rde, kann es nicht schaden hier und da ein paar Taler zu sparen. *** Mein Lieblingsessen der Woche \u2013&nbsp;Wenn beide Kinder zu Hause und das Wetter sch&#246;n ist, dann mache ich auch gerne einfach mal Eierkuchen. Die kann man irgendwie immer essen und alles passt gut dazu. Selten gelingt mir einer so gut. Unser absolutes Lieblingsrezept daf&#252;r sind &#252;brigens die Easy Peasy Pancakes. Die gehen schnell und gelingen immer. *** Mein Lieblingsmoment mit meinen Kindern&nbsp;\u2013 Wir &#252;ben derzeit immer noch mit dem Kleinen nach M&#246;glichkeit ohne Wagen unterwegs zu sein und so langsam aber sicher klappt es immer besser. Vor allem an den Stra&#223;en nimmt er jetzt sogar seinen gro&#223;en Bruder gerne an die Hand und l&#228;sst sich sicher (*nell, nell, nell* = schnell, schnell, schnell) r&#252;ber bringen. Ich hoffe, es dauert nicht mehr lange und wir k&#246;nnen uns entg&#252;ltig vom Kinderwagen trennen. Aber es war auch sch&#246;n mit den Kindern einfach mal wieder die Umgebung zu erkunden, Enten zu f&#252;ttern und durch die Natur zu wandern. Daf&#252;r hatten wir einfach viel zu wenig Zeit in den letzten Wochen. *** Mein Lieblings-Mama-Moment nur f&#252;r mich&nbsp; \u2013 Finde den Ausgang. Den Notausgang. F&#252;r mich war die Woche abwechslungsreich. In so mancher Hinsicht. Man vergisst, wie entspannend es ist morgens einfach mal liegen zu bleiben. Sofern die Kinder einen lassen. Kein Wecker im Nacken, kein Stress am Morgen und vor allem kein hin und her&#8230; Der Gro&#223;e hat sich sogar mal verabredet und war teilweise auch mal einen ganzen Tag nicht zu Hause, so dass der Kleine mehr Aufmerksamkeit genossen hat und weniger aufm&#252;pfig dadurch war. Andererseits f&#228;llt einem aber auch nach kurzer Zeit die Decke auf den Kopf, wenn man es eigentlich anders gewohnt ist. *** Meine Lieblings-Inspiration der Woche \u2013&nbsp;Das Problem f&#252;r mich liegt immer noch in der Schult&#252;ten &#8211; Frage. Ich wei&#223; einfach nicht was ich machen soll. Es f&#228;ngt ja schon beim Rohling an. Welchen k&#246;nnt Ihr empfehlen? Meine Empfehlungen in der Blogsph&#228;re diese Woche: &nbsp;Stra&#223;enmalkreide &#8211; Kr&#228;uterbeet aus Palette &#8211; To-Do-List &#8211; Kalenderblatt August &#8211; Wimpel aus Wachstuch &#8211; Pustebilder mit Druckvorlage &#8211; Wallpaper August &#8211; Kuschelwolke n&#228;hen &#8211; Schweine Notizbuch *** Am Wochenende wollen wir gerne den Rewe Family Day besuchen. Mal sehen, ob das Wetter mitspielt und was die Tage sonst noch so f&#252;r uns bereit halten werden. Mehr bildhafte #Freitags5 R&#252;ckblicke gibt es auch heute wieder bei&nbsp;BerlinMitteMom.<\/p>\n","protected":false},"author":1,"featured_media":33575,"comment_status":"open","ping_status":"open","sticky":false,"template":"","format":"standard","meta":{"ngg_post_thumbnail":0,"footnotes":""},"categories":[323,49],"tags":[780,781,45,871,69,199,872],"class_list":["post-33573","post","type-post","status-publish","format-standard","has-post-thumbnail","hentry","category-alltag","category-blogspaehre","tag-freitags5","tag-freitagslieblinge","tag-alltag","tag-berlin-mitte-mom","tag-familie","tag-rueckblick","tag-woche"],"yoast_head":"<!-- This site is optimized with the Yoast SEO plugin v27.4 - https:\/\/yoast.com\/product\/yoast-seo-wordpress\/ -->\n<title>#Freitags5 \u2013 5 Tage 5 Fotos im August #01 - Heldenhaushalt<\/title>\n<meta name=\"description\" content=\"Unsere #Freitags5 in dieser Woche bringen den lang ersehnten Hauch von Sommer mit sich und wurden intensiv genutzt.\" \/>\n<meta name=\"robots\" content=\"index, follow, max-snippet:-1, max-image-preview:large, max-video-preview:-1\" \/>\n<link rel=\"canonical\" href=\"https:\/\/www.heldenhaushalt.de\/sari02\/index.php\/2017\/08\/04\/freitags5-5-tage-5-fotos-im-august-01\/\" \/>\n<meta property=\"og:locale\" content=\"de_DE\" \/>\n<meta property=\"og:type\" content=\"article\" \/>\n<meta property=\"og:title\" content=\"#Freitags5 \u2013 5 Tage 5 Fotos im August #01 - Heldenhaushalt\" \/>\n<meta property=\"og:description\" content=\"Unsere #Freitags5 in dieser Woche bringen den lang ersehnten Hauch von Sommer mit sich und wurden intensiv genutzt.\" \/>\n<meta property=\"og:url\" content=\"https:\/\/www.heldenhaushalt.de\/sari02\/index.php\/2017\/08\/04\/freitags5-5-tage-5-fotos-im-august-01\/\" \/>\n<meta property=\"og:site_name\" content=\"Heldenhaushalt\" \/>\n<meta property=\"article:published_time\" content=\"2017-08-04T07:00:59+00:00\" \/>\n<meta property=\"article:modified_time\" content=\"2017-08-05T02:59:26+00:00\" \/>\n<meta property=\"og:image\" content=\"https:\/\/www.heldenhaushalt.de\/sari02\/wp-content\/uploads\/2017\/08\/31-02.jpg\" \/>\n\t<meta property=\"og:image:width\" content=\"800\" \/>\n\t<meta property=\"og:image:height\" content=\"800\" \/>\n\t<meta property=\"og:image:type\" content=\"image\/jpeg\" \/>\n<meta name=\"author\" content=\"Sari\" \/>\n<meta name=\"twitter:card\" content=\"summary_large_image\" \/>\n<meta name=\"twitter:creator\" content=\"@Heldenhaushalt\" \/>\n<meta name=\"twitter:site\" content=\"@Heldenhaushalt\" \/>\n<meta name=\"twitter:label1\" content=\"Verfasst von\" \/>\n\t<meta name=\"twitter:data1\" content=\"Sari\" \/>\n\t<meta name=\"twitter:label2\" content=\"Gesch\u00e4tzte Lesezeit\" \/>\n\t<meta name=\"twitter:data2\" content=\"3\u00a0Minuten\" \/>\n<script type=\"application\/ld+json\" class=\"yoast-schema-graph\">{\"@context\":\"https:\\\/\\\/schema.org\",\"@graph\":[{\"@type\":\"Article\",\"@id\":\"https:\\\/\\\/www.heldenhaushalt.de\\\/sari02\\\/index.php\\\/2017\\\/08\\\/04\\\/freitags5-5-tage-5-fotos-im-august-01\\\/#article\",\"isPartOf\":{\"@id\":\"https:\\\/\\\/www.heldenhaushalt.de\\\/sari02\\\/index.php\\\/2017\\\/08\\\/04\\\/freitags5-5-tage-5-fotos-im-august-01\\\/\"},\"author\":{\"name\":\"Sari\",\"@id\":\"https:\\\/\\\/www.heldenhaushalt.de\\\/sari02\\\/#\\\/schema\\\/person\\\/a1cc69f42a01f412eb62c151353814f6\"},\"headline\":\"#Freitags5 \u2013 5 Tage 5 Fotos im August #01\",\"datePublished\":\"2017-08-04T07:00:59+00:00\",\"dateModified\":\"2017-08-05T02:59:26+00:00\",\"mainEntityOfPage\":{\"@id\":\"https:\\\/\\\/www.heldenhaushalt.de\\\/sari02\\\/index.php\\\/2017\\\/08\\\/04\\\/freitags5-5-tage-5-fotos-im-august-01\\\/\"},\"wordCount\":527,\"commentCount\":2,\"publisher\":{\"@id\":\"https:\\\/\\\/www.heldenhaushalt.de\\\/sari02\\\/#\\\/schema\\\/person\\\/a1cc69f42a01f412eb62c151353814f6\"},\"image\":{\"@id\":\"https:\\\/\\\/www.heldenhaushalt.de\\\/sari02\\\/index.php\\\/2017\\\/08\\\/04\\\/freitags5-5-tage-5-fotos-im-august-01\\\/#primaryimage\"},\"thumbnailUrl\":\"https:\\\/\\\/www.heldenhaushalt.de\\\/sari02\\\/wp-content\\\/uploads\\\/2017\\\/08\\\/31-02.jpg\",\"keywords\":[\"#Freitags5\",\"#Freitagslieblinge\",\"Allt\u00e4glich\",\"Berlin Mitte Mom\",\"Familie\",\"R\u00fcckblick\",\"Woche\"],\"articleSection\":[\"Alltagschaos\",\"Blogsph\u00e4re\"],\"inLanguage\":\"de\",\"potentialAction\":[{\"@type\":\"CommentAction\",\"name\":\"Comment\",\"target\":[\"https:\\\/\\\/www.heldenhaushalt.de\\\/sari02\\\/index.php\\\/2017\\\/08\\\/04\\\/freitags5-5-tage-5-fotos-im-august-01\\\/#respond\"]}]},{\"@type\":\"WebPage\",\"@id\":\"https:\\\/\\\/www.heldenhaushalt.de\\\/sari02\\\/index.php\\\/2017\\\/08\\\/04\\\/freitags5-5-tage-5-fotos-im-august-01\\\/\",\"url\":\"https:\\\/\\\/www.heldenhaushalt.de\\\/sari02\\\/index.php\\\/2017\\\/08\\\/04\\\/freitags5-5-tage-5-fotos-im-august-01\\\/\",\"name\":\"#Freitags5 \u2013 5 Tage 5 Fotos im August #01 - Heldenhaushalt\",\"isPartOf\":{\"@id\":\"https:\\\/\\\/www.heldenhaushalt.de\\\/sari02\\\/#website\"},\"primaryImageOfPage\":{\"@id\":\"https:\\\/\\\/www.heldenhaushalt.de\\\/sari02\\\/index.php\\\/2017\\\/08\\\/04\\\/freitags5-5-tage-5-fotos-im-august-01\\\/#primaryimage\"},\"image\":{\"@id\":\"https:\\\/\\\/www.heldenhaushalt.de\\\/sari02\\\/index.php\\\/2017\\\/08\\\/04\\\/freitags5-5-tage-5-fotos-im-august-01\\\/#primaryimage\"},\"thumbnailUrl\":\"https:\\\/\\\/www.heldenhaushalt.de\\\/sari02\\\/wp-content\\\/uploads\\\/2017\\\/08\\\/31-02.jpg\",\"datePublished\":\"2017-08-04T07:00:59+00:00\",\"dateModified\":\"2017-08-05T02:59:26+00:00\",\"description\":\"Unsere #Freitags5 in dieser Woche bringen den lang ersehnten Hauch von Sommer mit sich und wurden intensiv genutzt.\",\"breadcrumb\":{\"@id\":\"https:\\\/\\\/www.heldenhaushalt.de\\\/sari02\\\/index.php\\\/2017\\\/08\\\/04\\\/freitags5-5-tage-5-fotos-im-august-01\\\/#breadcrumb\"},\"inLanguage\":\"de\",\"potentialAction\":[{\"@type\":\"ReadAction\",\"target\":[\"https:\\\/\\\/www.heldenhaushalt.de\\\/sari02\\\/index.php\\\/2017\\\/08\\\/04\\\/freitags5-5-tage-5-fotos-im-august-01\\\/\"]}]},{\"@type\":\"ImageObject\",\"inLanguage\":\"de\",\"@id\":\"https:\\\/\\\/www.heldenhaushalt.de\\\/sari02\\\/index.php\\\/2017\\\/08\\\/04\\\/freitags5-5-tage-5-fotos-im-august-01\\\/#primaryimage\",\"url\":\"https:\\\/\\\/www.heldenhaushalt.de\\\/sari02\\\/wp-content\\\/uploads\\\/2017\\\/08\\\/31-02.jpg\",\"contentUrl\":\"https:\\\/\\\/www.heldenhaushalt.de\\\/sari02\\\/wp-content\\\/uploads\\\/2017\\\/08\\\/31-02.jpg\",\"width\":800,\"height\":800,\"caption\":\"#Freitags5\"},{\"@type\":\"BreadcrumbList\",\"@id\":\"https:\\\/\\\/www.heldenhaushalt.de\\\/sari02\\\/index.php\\\/2017\\\/08\\\/04\\\/freitags5-5-tage-5-fotos-im-august-01\\\/#breadcrumb\",\"itemListElement\":[{\"@type\":\"ListItem\",\"position\":1,\"name\":\"Startseite\",\"item\":\"https:\\\/\\\/www.heldenhaushalt.de\\\/sari02\\\/\"},{\"@type\":\"ListItem\",\"position\":2,\"name\":\"#Freitags5 \u2013 5 Tage 5 Fotos im August #01\"}]},{\"@type\":\"WebSite\",\"@id\":\"https:\\\/\\\/www.heldenhaushalt.de\\\/sari02\\\/#website\",\"url\":\"https:\\\/\\\/www.heldenhaushalt.de\\\/sari02\\\/\",\"name\":\"Heldenhaushalt\",\"description\":\"Wer es ordentlich haben will, der muss vorher anrufen\",\"publisher\":{\"@id\":\"https:\\\/\\\/www.heldenhaushalt.de\\\/sari02\\\/#\\\/schema\\\/person\\\/a1cc69f42a01f412eb62c151353814f6\"},\"potentialAction\":[{\"@type\":\"SearchAction\",\"target\":{\"@type\":\"EntryPoint\",\"urlTemplate\":\"https:\\\/\\\/www.heldenhaushalt.de\\\/sari02\\\/?s={search_term_string}\"},\"query-input\":{\"@type\":\"PropertyValueSpecification\",\"valueRequired\":true,\"valueName\":\"search_term_string\"}}],\"inLanguage\":\"de\"},{\"@type\":[\"Person\",\"Organization\"],\"@id\":\"https:\\\/\\\/www.heldenhaushalt.de\\\/sari02\\\/#\\\/schema\\\/person\\\/a1cc69f42a01f412eb62c151353814f6\",\"name\":\"Sari\",\"image\":{\"@type\":\"ImageObject\",\"inLanguage\":\"de\",\"@id\":\"https:\\\/\\\/www.heldenhaushalt.de\\\/sari02\\\/wp-content\\\/uploads\\\/2019\\\/02\\\/sari-april2018.png\",\"url\":\"https:\\\/\\\/www.heldenhaushalt.de\\\/sari02\\\/wp-content\\\/uploads\\\/2019\\\/02\\\/sari-april2018.png\",\"contentUrl\":\"https:\\\/\\\/www.heldenhaushalt.de\\\/sari02\\\/wp-content\\\/uploads\\\/2019\\\/02\\\/sari-april2018.png\",\"width\":500,\"height\":500,\"caption\":\"Sari\"},\"logo\":{\"@id\":\"https:\\\/\\\/www.heldenhaushalt.de\\\/sari02\\\/wp-content\\\/uploads\\\/2019\\\/02\\\/sari-april2018.png\"},\"description\":\"Frau Mondgras \u2013 Das bin ich, Sari. Gerne auch als Sari Mondgras bekannt und im Internet zu finden. 2-Fach-Mutter, Heldenehefrau, Kreativling, Harmonies\u00fcchtig und st\u00e4ndig auf der Suche nach Gl\u00fcck. Ich komme aus Berlin, bin hier aufgewachsen und lebe hier seit ich denken kann.\",\"sameAs\":[\"https:\\\/\\\/www.instagram.com\\\/heldenhaushalt\\\/\"],\"url\":\"https:\\\/\\\/www.heldenhaushalt.de\\\/sari02\\\/index.php\\\/author\\\/admin\\\/\"}]}<\/script>\n<!-- \/ Yoast SEO plugin. -->","yoast_head_json":{"title":"#Freitags5 \u2013 5 Tage 5 Fotos im August #01 - Heldenhaushalt","description":"Unsere #Freitags5 in dieser Woche bringen den lang ersehnten Hauch von Sommer mit sich und wurden intensiv genutzt.","robots":{"index":"index","follow":"follow","max-snippet":"max-snippet:-1","max-image-preview":"max-image-preview:large","max-video-preview":"max-video-preview:-1"},"canonical":"https:\/\/www.heldenhaushalt.de\/sari02\/index.php\/2017\/08\/04\/freitags5-5-tage-5-fotos-im-august-01\/","og_locale":"de_DE","og_type":"article","og_title":"#Freitags5 \u2013 5 Tage 5 Fotos im August #01 - Heldenhaushalt","og_description":"Unsere #Freitags5 in dieser Woche bringen den lang ersehnten Hauch von Sommer mit sich und wurden intensiv genutzt.","og_url":"https:\/\/www.heldenhaushalt.de\/sari02\/index.php\/2017\/08\/04\/freitags5-5-tage-5-fotos-im-august-01\/","og_site_name":"Heldenhaushalt","article_published_time":"2017-08-04T07:00:59+00:00","article_modified_time":"2017-08-05T02:59:26+00:00","og_image":[{"width":800,"height":800,"url":"https:\/\/www.heldenhaushalt.de\/sari02\/wp-content\/uploads\/2017\/08\/31-02.jpg","type":"image\/jpeg"}],"author":"Sari","twitter_card":"summary_large_image","twitter_creator":"@Heldenhaushalt","twitter_site":"@Heldenhaushalt","twitter_misc":{"Verfasst von":"Sari","Gesch\u00e4tzte Lesezeit":"3\u00a0Minuten"},"schema":{"@context":"https:\/\/schema.org","@graph":[{"@type":"Article","@id":"https:\/\/www.heldenhaushalt.de\/sari02\/index.php\/2017\/08\/04\/freitags5-5-tage-5-fotos-im-august-01\/#article","isPartOf":{"@id":"https:\/\/www.heldenhaushalt.de\/sari02\/index.php\/2017\/08\/04\/freitags5-5-tage-5-fotos-im-august-01\/"},"author":{"name":"Sari","@id":"https:\/\/www.heldenhaushalt.de\/sari02\/#\/schema\/person\/a1cc69f42a01f412eb62c151353814f6"},"headline":"#Freitags5 \u2013 5 Tage 5 Fotos im August #01","datePublished":"2017-08-04T07:00:59+00:00","dateModified":"2017-08-05T02:59:26+00:00","mainEntityOfPage":{"@id":"https:\/\/www.heldenhaushalt.de\/sari02\/index.php\/2017\/08\/04\/freitags5-5-tage-5-fotos-im-august-01\/"},"wordCount":527,"commentCount":2,"publisher":{"@id":"https:\/\/www.heldenhaushalt.de\/sari02\/#\/schema\/person\/a1cc69f42a01f412eb62c151353814f6"},"image":{"@id":"https:\/\/www.heldenhaushalt.de\/sari02\/index.php\/2017\/08\/04\/freitags5-5-tage-5-fotos-im-august-01\/#primaryimage"},"thumbnailUrl":"https:\/\/www.heldenhaushalt.de\/sari02\/wp-content\/uploads\/2017\/08\/31-02.jpg","keywords":["#Freitags5","#Freitagslieblinge","Allt\u00e4glich","Berlin Mitte Mom","Familie","R\u00fcckblick","Woche"],"articleSection":["Alltagschaos","Blogsph\u00e4re"],"inLanguage":"de","potentialAction":[{"@type":"CommentAction","name":"Comment","target":["https:\/\/www.heldenhaushalt.de\/sari02\/index.php\/2017\/08\/04\/freitags5-5-tage-5-fotos-im-august-01\/#respond"]}]},{"@type":"WebPage","@id":"https:\/\/www.heldenhaushalt.de\/sari02\/index.php\/2017\/08\/04\/freitags5-5-tage-5-fotos-im-august-01\/","url":"https:\/\/www.heldenhaushalt.de\/sari02\/index.php\/2017\/08\/04\/freitags5-5-tage-5-fotos-im-august-01\/","name":"#Freitags5 \u2013 5 Tage 5 Fotos im August #01 - Heldenhaushalt","isPartOf":{"@id":"https:\/\/www.heldenhaushalt.de\/sari02\/#website"},"primaryImageOfPage":{"@id":"https:\/\/www.heldenhaushalt.de\/sari02\/index.php\/2017\/08\/04\/freitags5-5-tage-5-fotos-im-august-01\/#primaryimage"},"image":{"@id":"https:\/\/www.heldenhaushalt.de\/sari02\/index.php\/2017\/08\/04\/freitags5-5-tage-5-fotos-im-august-01\/#primaryimage"},"thumbnailUrl":"https:\/\/www.heldenhaushalt.de\/sari02\/wp-content\/uploads\/2017\/08\/31-02.jpg","datePublished":"2017-08-04T07:00:59+00:00","dateModified":"2017-08-05T02:59:26+00:00","description":"Unsere #Freitags5 in dieser Woche bringen den lang ersehnten Hauch von Sommer mit sich und wurden intensiv genutzt.","breadcrumb":{"@id":"https:\/\/www.heldenhaushalt.de\/sari02\/index.php\/2017\/08\/04\/freitags5-5-tage-5-fotos-im-august-01\/#breadcrumb"},"inLanguage":"de","potentialAction":[{"@type":"ReadAction","target":["https:\/\/www.heldenhaushalt.de\/sari02\/index.php\/2017\/08\/04\/freitags5-5-tage-5-fotos-im-august-01\/"]}]},{"@type":"ImageObject","inLanguage":"de","@id":"https:\/\/www.heldenhaushalt.de\/sari02\/index.php\/2017\/08\/04\/freitags5-5-tage-5-fotos-im-august-01\/#primaryimage","url":"https:\/\/www.heldenhaushalt.de\/sari02\/wp-content\/uploads\/2017\/08\/31-02.jpg","contentUrl":"https:\/\/www.heldenhaushalt.de\/sari02\/wp-content\/uploads\/2017\/08\/31-02.jpg","width":800,"height":800,"caption":"#Freitags5"},{"@type":"BreadcrumbList","@id":"https:\/\/www.heldenhaushalt.de\/sari02\/index.php\/2017\/08\/04\/freitags5-5-tage-5-fotos-im-august-01\/#breadcrumb","itemListElement":[{"@type":"ListItem","position":1,"name":"Startseite","item":"https:\/\/www.heldenhaushalt.de\/sari02\/"},{"@type":"ListItem","position":2,"name":"#Freitags5 \u2013 5 Tage 5 Fotos im August #01"}]},{"@type":"WebSite","@id":"https:\/\/www.heldenhaushalt.de\/sari02\/#website","url":"https:\/\/www.heldenhaushalt.de\/sari02\/","name":"Heldenhaushalt","description":"Wer es ordentlich haben will, der muss vorher anrufen","publisher":{"@id":"https:\/\/www.heldenhaushalt.de\/sari02\/#\/schema\/person\/a1cc69f42a01f412eb62c151353814f6"},"potentialAction":[{"@type":"SearchAction","target":{"@type":"EntryPoint","urlTemplate":"https:\/\/www.heldenhaushalt.de\/sari02\/?s={search_term_string}"},"query-input":{"@type":"PropertyValueSpecification","valueRequired":true,"valueName":"search_term_string"}}],"inLanguage":"de"},{"@type":["Person","Organization"],"@id":"https:\/\/www.heldenhaushalt.de\/sari02\/#\/schema\/person\/a1cc69f42a01f412eb62c151353814f6","name":"Sari","image":{"@type":"ImageObject","inLanguage":"de","@id":"https:\/\/www.heldenhaushalt.de\/sari02\/wp-content\/uploads\/2019\/02\/sari-april2018.png","url":"https:\/\/www.heldenhaushalt.de\/sari02\/wp-content\/uploads\/2019\/02\/sari-april2018.png","contentUrl":"https:\/\/www.heldenhaushalt.de\/sari02\/wp-content\/uploads\/2019\/02\/sari-april2018.png","width":500,"height":500,"caption":"Sari"},"logo":{"@id":"https:\/\/www.heldenhaushalt.de\/sari02\/wp-content\/uploads\/2019\/02\/sari-april2018.png"},"description":"Frau Mondgras \u2013 Das bin ich, Sari. Gerne auch als Sari Mondgras bekannt und im Internet zu finden. 2-Fach-Mutter, Heldenehefrau, Kreativling, Harmonies\u00fcchtig und st\u00e4ndig auf der Suche nach Gl\u00fcck. Ich komme aus Berlin, bin hier aufgewachsen und lebe hier seit ich denken kann.","sameAs":["https:\/\/www.instagram.com\/heldenhaushalt\/"],"url":"https:\/\/www.heldenhaushalt.de\/sari02\/index.php\/author\/admin\/"}]}},"views":4244,"_links":{"self":[{"href":"https:\/\/www.heldenhaushalt.de\/sari02\/index.php\/wp-json\/wp\/v2\/posts\/33573","targetHints":{"allow":["GET"]}}],"collection":[{"href":"https:\/\/www.heldenhaushalt.de\/sari02\/index.php\/wp-json\/wp\/v2\/posts"}],"about":[{"href":"https:\/\/www.heldenhaushalt.de\/sari02\/index.php\/wp-json\/wp\/v2\/types\/post"}],"author":[{"embeddable":true,"href":"https:\/\/www.heldenhaushalt.de\/sari02\/index.php\/wp-json\/wp\/v2\/users\/1"}],"replies":[{"embeddable":true,"href":"https:\/\/www.heldenhaushalt.de\/sari02\/index.php\/wp-json\/wp\/v2\/comments?post=33573"}],"version-history":[{"count":4,"href":"https:\/\/www.heldenhaushalt.de\/sari02\/index.php\/wp-json\/wp\/v2\/posts\/33573\/revisions"}],"predecessor-version":[{"id":33582,"href":"https:\/\/www.heldenhaushalt.de\/sari02\/index.php\/wp-json\/wp\/v2\/posts\/33573\/revisions\/33582"}],"wp:featuredmedia":[{"embeddable":true,"href":"https:\/\/www.heldenhaushalt.de\/sari02\/index.php\/wp-json\/wp\/v2\/media\/33575"}],"wp:attachment":[{"href":"https:\/\/www.heldenhaushalt.de\/sari02\/index.php\/wp-json\/wp\/v2\/media?parent=33573"}],"wp:term":[{"taxonomy":"category","embeddable":true,"href":"https:\/\/www.heldenhaushalt.de\/sari02\/index.php\/wp-json\/wp\/v2\/categories?post=33573"},{"taxonomy":"post_tag","embeddable":true,"href":"https:\/\/www.heldenhaushalt.de\/sari02\/index.php\/wp-json\/wp\/v2\/tags?post=33573"}],"curies":[{"name":"wp","href":"https:\/\/api.w.org\/{rel}","templated":true}]}}